{"id":113880,"date":"2026-04-09T09:21:00","date_gmt":"2026-04-09T13:21:00","guid":{"rendered":"https:\/\/webdelmaestrocmf.com\/portal\/?p=113880"},"modified":"2026-04-09T10:16:08","modified_gmt":"2026-04-09T14:16:08","slug":"profesora-es-criticada-por-decir-que-sus-alumnos-no-saben-nada-y-que-el-sistema-los-hace-pasar-de-curso-sin-aprender","status":"publish","type":"post","link":"https:\/\/webdelmaestrocmf.com\/portal\/profesora-es-criticada-por-decir-que-sus-alumnos-no-saben-nada-y-que-el-sistema-los-hace-pasar-de-curso-sin-aprender\/","title":{"rendered":"Profesora es criticada por decir que \u201csus alumnos no saben nada\u201d y que el sistema los hace pasar de curso sin aprender"},"content":{"rendered":"\n<p>La publicaci\u00f3n de una docente en TikTok, conocida como <strong>@laurimathteacher<\/strong>, ha provocado un debate nacional en torno al nivel acad\u00e9mico de los estudiantes y las exigencias del sistema educativo. Su video \u2014grabado tras corregir ex\u00e1menes de Primero de Bachillerato de Ciencias\u2014 ha acumulado decenas de miles de reacciones, generando opiniones divididas entre familias, estudiantes y otros profesores.<\/p>\n\n\n\n<p>En su mensaje, la profesora reconoce sentirse \u201cdecepcionada, triste y enfadada\u201d tras comprobar que varios alumnos obtuvieron <strong>ceros<\/strong> en un examen final, pese a llevar tres meses trabajando la materia. Asegura que \u201cno saben nada\u201d y plantea una serie de preguntas que detonaron la controversia: <strong>\u201c\u00bfEl problema lo tienen ellos, lo tengo yo o lo tiene el sistema educativo?\u201d<\/strong><\/p>\n\n\n\n<figure class=\"wp-block-embed is-type-video is-provider-tiktok wp-block-embed-tiktok\"><div class=\"wp-block-embed__wrapper\">\n<blockquote class=\"tiktok-embed\" cite=\"https:\/\/www.tiktok.com\/@laurimathteacher\/video\/7444928134790614304\" data-video-id=\"7444928134790614304\" data-embed-from=\"oembed\" style=\"max-width:605px; min-width:325px;\"> <section> <a target=\"_blank\" title=\"@laurimathteacher\" href=\"https:\/\/www.tiktok.com\/@laurimathteacher?refer=embed\">@laurimathteacher<\/a> <p><\/p> <a target=\"_blank\" title=\"\u266c sonido original - \u2797LauriMathTeacher\u2797\" href=\"https:\/\/www.tiktok.com\/music\/sonido-original-7444928233079933729?refer=embed\">\u266c sonido original &#8211; \u2797LauriMathTeacher\u2797<\/a> <\/section> <\/blockquote> <script async src=\"https:\/\/www.tiktok.com\/embed.js\"><\/script>\n<\/div><\/figure>\n\n\n\n<p>La docente sostiene que uno de los factores m\u00e1s preocupantes es que los estudiantes <strong>avanzan de curso con m\u00faltiples suspensos<\/strong>, debido a normativas que permiten la promoci\u00f3n autom\u00e1tica sin alcanzar los conocimientos b\u00e1sicos. Seg\u00fan su reflexi\u00f3n, esta pr\u00e1ctica genera una \u201cbola de nieve\u201d que se arrastra hasta cursos superiores, como 4\u00ba de la ESO, donde muchos j\u00f3venes llegan con importantes vac\u00edos de aprendizaje.<\/p>\n\n\n\n<p>Adem\u00e1s, critica que exista presi\u00f3n institucional para <strong>bajar cada a\u00f1o el nivel de exigencia<\/strong>, con el objetivo de que las cifras de promoci\u00f3n se mantengan altas. Para ella, el resultado es claro: \u201chay un nivel que es vergonzoso\u201d.<\/p>\n\n\n\n<p>La profesora tambi\u00e9n admite el impacto emocional que le provoc\u00f3 la situaci\u00f3n:<br>afirma que nunca hab\u00eda visto un n\u00famero tan alto de suspensos y que esto la llev\u00f3 a cuestionarse su propio desempe\u00f1o. \u201cComo profesor te sientes un poco fracasado\u201d, coment\u00f3, al se\u00f1alar que antes pod\u00eda tener uno o dos suspensos, pero no casi la mitad de la clase con notas tan bajas.<\/p>\n\n\n\n<p>Las reacciones no tardaron en multiplicarse. Un usuario sugiri\u00f3 que, ante tantas malas notas, \u201cel problema no son los alumnos\u201d, mientras otro defendi\u00f3 a la docente afirmando que muchos estudiantes simplemente \u201cno prestan atenci\u00f3n ni muestran intenci\u00f3n de hacerlo\u201d. Otros se\u00f1alaron que sacar un cero \u201ces m\u00e1s dif\u00edcil que sacar un diez\u201d, interpret\u00e1ndolo como un s\u00edntoma del funcionamiento del sistema m\u00e1s que del esfuerzo individual del estudiante.<\/p>\n\n\n\n<p>El debate contin\u00faa abierto: \u00bfse trata de una cr\u00edtica necesaria que visibiliza una realidad educativa, o de un enfoque excesivamente duro hacia el alumnado?<br>El video y las reacciones muestran que las tensiones entre exigencia, aprendizaje real y promoci\u00f3n autom\u00e1tica siguen siendo un tema sensible en el mundo educativo.<\/p>\n\n\n\n<p class=\"has-text-align-right\"><strong>Redacci\u00f3n | Web del Maestro CMF<\/strong><\/p>\n\n\n\t\t<div class=\"pk-inline-posts\">\n\t\t\t\n\t\t\t<div class=\"pk-inline-posts-container pk-inline-posts-template-list\"\n\t\t\t\tdata-columns=\"1\">\n\t\t\t\t\t\t<article id=\"post-118433\" class=\"post-118433 post type-post status-publish format-standard has-post-thumbnail category-noticias-internacionales tag-aprendizaje tag-atencion-en-el-aula-2 tag-docentes tag-educacion-3 tag-estrategias-didacticas-2 tag-innovacion-educativa-3 tag-motivacion-escolar-2 tag-neuroeducacion-2 tag-pedagogia-3 tag-tecnologia-educativa-3 cs-entry cs-video-wrap\">\n\t\t\t<div class=\"pk-post-outer\">\n\n\t\t\t\t\t\t\t\t<div class=\"pk-post-inner\">\n\t\t\t\t\t<div class=\"entry-thumbnail\">\n\t\t\t\t\t\t<div class=\"pk-overlay pk-overlay-ratio pk-ratio-landscape\">\n\t\t\t\t\t\t\t<div class=\"pk-overlay-background\">\n\t\t\t\t\t\t\t\t<a href=\"https:\/\/webdelmaestrocmf.com\/portal\/9-de-cada-10-maestros-confirman-que-los-alumnos-ya-no-prestan-atencion-en-clase\/\" class=\"pk-overlay-link\">\n\t\t\t\t\t\t\t\t\t<img loading=\"lazy\" decoding=\"async\" width=\"300\" height=\"225\" src=\"https:\/\/webdelmaestrocmf.com\/portal\/wp-content\/uploads\/2026\/04\/1AA-Banner-1-portada-imagen-10-1-copia-1-10-300x225.webp\" class=\"attachment-pk-thumbnail size-pk-thumbnail wp-post-image\" alt=\"\" \/>\t\t\t\t\t\t\t\t<\/a>\n\t\t\t\t\t\t\t<\/div>\n\t\t\t\t\t\t<\/div>\n\t\t\t\t\t<\/div>\n\t\t\t\t<\/div>\n\t\t\t\t\n\t\t\t\t<div class=\"pk-post-inner\">\n\t\t\t\t\t<header>\n\t\t\t\t\t\t<h3 class=\"pk-title\"><a href=\"https:\/\/webdelmaestrocmf.com\/portal\/9-de-cada-10-maestros-confirman-que-los-alumnos-ya-no-prestan-atencion-en-clase\/\" rel=\"bookmark\">9 de cada 10 maestros confirman que los alumnos ya no prestan atenci\u00f3n en clase<\/a><\/h3>\t\t\t\t\t<\/header><!-- .entry-header -->\n\t\t\t\t<\/div><!-- .post-inner -->\n\n\t\t\t<\/div><!-- .post-outer -->\n\t\t<\/article>\n\t\t\t<article id=\"post-118385\" class=\"post-118385 post type-post status-publish format-standard has-post-thumbnail category-noticias-internacionales tag-accidente-escolar tag-comunidad-escolar tag-cuidado-infantil tag-derechos-del-nino tag-educacion-segura tag-gestion-educativa-3 tag-prevencion-riesgos tag-responsabilidad-educativa tag-seguridad-escolar tag-supervision-docente cs-entry cs-video-wrap\">\n\t\t\t<div class=\"pk-post-outer\">\n\n\t\t\t\t\t\t\t\t<div class=\"pk-post-inner\">\n\t\t\t\t\t<div class=\"entry-thumbnail\">\n\t\t\t\t\t\t<div class=\"pk-overlay pk-overlay-ratio pk-ratio-landscape\">\n\t\t\t\t\t\t\t<div class=\"pk-overlay-background\">\n\t\t\t\t\t\t\t\t<a href=\"https:\/\/webdelmaestrocmf.com\/portal\/nina-fallece-tras-presunto-tropiezo-en-escuela-pero-su-padre-desmiente-la-version-me-encontre-a-mi-hija-toda-ensangrentada\/\" class=\"pk-overlay-link\">\n\t\t\t\t\t\t\t\t\t<img loading=\"lazy\" decoding=\"async\" width=\"300\" height=\"225\" src=\"https:\/\/webdelmaestrocmf.com\/portal\/wp-content\/uploads\/2026\/04\/1AA-Banner-1-portada-imagen-10-1-copia-4-3-300x225.webp\" class=\"attachment-pk-thumbnail size-pk-thumbnail wp-post-image\" alt=\"\" \/>\t\t\t\t\t\t\t\t<\/a>\n\t\t\t\t\t\t\t<\/div>\n\t\t\t\t\t\t<\/div>\n\t\t\t\t\t<\/div>\n\t\t\t\t<\/div>\n\t\t\t\t\n\t\t\t\t<div class=\"pk-post-inner\">\n\t\t\t\t\t<header>\n\t\t\t\t\t\t<h3 class=\"pk-title\"><a href=\"https:\/\/webdelmaestrocmf.com\/portal\/nina-fallece-tras-presunto-tropiezo-en-escuela-pero-su-padre-desmiente-la-version-me-encontre-a-mi-hija-toda-ensangrentada\/\" rel=\"bookmark\">Ni\u00f1a fallece tras presunto tropiezo en escuela, pero su padre desmiente la versi\u00f3n: \u201cMe encontr\u00e9 a mi hija toda ensangrentada\u201d<\/a><\/h3>\t\t\t\t\t<\/header><!-- .entry-header -->\n\t\t\t\t<\/div><!-- .post-inner -->\n\n\t\t\t<\/div><!-- .post-outer -->\n\t\t<\/article>\n\t\t\t<article id=\"post-118342\" class=\"post-118342 post type-post status-publish format-standard has-post-thumbnail category-noticias-internacionales tag-alfabetizacion tag-aprendizaje tag-comprension-lectora tag-docentes tag-educacion tag-escuela tag-innovacion-educativa tag-lectura tag-pedagogia tag-tecnologia-educativa cs-entry cs-video-wrap\">\n\t\t\t<div class=\"pk-post-outer\">\n\n\t\t\t\t\t\t\t\t<div class=\"pk-post-inner\">\n\t\t\t\t\t<div class=\"entry-thumbnail\">\n\t\t\t\t\t\t<div class=\"pk-overlay pk-overlay-ratio pk-ratio-landscape\">\n\t\t\t\t\t\t\t<div class=\"pk-overlay-background\">\n\t\t\t\t\t\t\t\t<a href=\"https:\/\/webdelmaestrocmf.com\/portal\/apagon-digital-en-la-escuela-suecia-frena-la-inversion-en-pantallas-y-vuelve-a-los-libros\/\" class=\"pk-overlay-link\">\n\t\t\t\t\t\t\t\t\t<img loading=\"lazy\" decoding=\"async\" width=\"300\" height=\"225\" src=\"https:\/\/webdelmaestrocmf.com\/portal\/wp-content\/uploads\/2026\/04\/1AA-Banner-1-portada-imagen-10-1-copia-8-2-300x225.webp\" class=\"attachment-pk-thumbnail size-pk-thumbnail wp-post-image\" alt=\"\" \/>\t\t\t\t\t\t\t\t<\/a>\n\t\t\t\t\t\t\t<\/div>\n\t\t\t\t\t\t<\/div>\n\t\t\t\t\t<\/div>\n\t\t\t\t<\/div>\n\t\t\t\t\n\t\t\t\t<div class=\"pk-post-inner\">\n\t\t\t\t\t<header>\n\t\t\t\t\t\t<h3 class=\"pk-title\"><a href=\"https:\/\/webdelmaestrocmf.com\/portal\/apagon-digital-en-la-escuela-suecia-frena-la-inversion-en-pantallas-y-vuelve-a-los-libros\/\" rel=\"bookmark\">\u00bfApag\u00f3n digital en la escuela? Suecia frena la inversi\u00f3n en pantallas y vuelve a los libros<\/a><\/h3>\t\t\t\t\t<\/header><!-- .entry-header -->\n\t\t\t\t<\/div><!-- .post-inner -->\n\n\t\t\t<\/div><!-- .post-outer -->\n\t\t<\/article>\n\t\t\t\t<\/div>\n\t\t<\/div>\n\t\t\n","protected":false},"excerpt":{"rendered":"Una profesora denuncia el bajo nivel acad\u00e9mico, cuestiona la promoci\u00f3n autom\u00e1tica y provoca un fuerte debate nacional tras revelar m\u00faltiples ceros en sus ex\u00e1menes.","protected":false},"author":1,"featured_media":117493,"comment_status":"open","ping_status":"closed","sticky":false,"template":"","format":"standard","meta":{"csco_display_header_overlay":false,"csco_singular_sidebar":"","csco_page_header_type":"","csco_page_load_nextpost":"","csco_post_video_location":[],"csco_post_video_location_hash":"","csco_post_video_url":"","csco_post_video_bg_start_time":0,"csco_post_video_bg_end_time":0,"csco_post_video_bg_volume":false,"_jetpack_memberships_contains_paid_content":false,"footnotes":""},"categories":[23790],"tags":[24649,3031,22678,24764,24760,24768,24767,24757,58,18612,24758,24763,24761,24766,24762,24765,377,24759],"class_list":{"0":"post-113880","1":"post","2":"type-post","3":"status-publish","4":"format-standard","5":"has-post-thumbnail","7":"category-noticias-internacionales","8":"tag-aprendizaje-real","9":"tag-bachillerato","10":"tag-bajo-rendimiento-academico","11":"tag-controversia-docente","12":"tag-critica-al-sistema","13":"tag-criticada","14":"tag-criticia","15":"tag-debate-nacional","16":"tag-docentes","17":"tag-educacion-secundaria","18":"tag-evaluacion-escolar","19":"tag-examenes-escolares","20":"tag-nivel-academico","21":"tag-profesora-cirticada","22":"tag-promocion-automatica","23":"tag-rendimiento-de-los-estudiantes","24":"tag-sistema-educativo","25":"tag-tiktok-educativo","26":"cs-entry","27":"cs-video-wrap"},"yoast_head":"<!-- This site is optimized with the Yoast SEO plugin v27.5 - https:\/\/yoast.com\/product\/yoast-seo-wordpress\/ -->\n<title>Profesora es criticada por decir que \u201csus alumnos no saben nada\u201d y que el sistema los hace pasar de curso sin aprender - 2026<\/title>\n<meta name=\"description\" content=\"Una profesora ha provocado un debate nacional en torno al nivel acad\u00e9mico de los estudiantes y las exigencias del sistema educativo.\" \/>\n<meta name=\"robots\" content=\"index, follow, max-snippet:-1, max-image-preview:large, max-video-preview:-1\" \/>\n<link rel=\"canonical\" href=\"https:\/\/webdelmaestrocmf.com\/portal\/profesora-es-criticada-por-decir-que-sus-alumnos-no-saben-nada-y-que-el-sistema-los-hace-pasar-de-curso-sin-aprender\/\" \/>\n<meta property=\"og:locale\" content=\"es_ES\" \/>\n<meta property=\"og:type\" content=\"article\" \/>\n<meta property=\"og:title\" content=\"Profesora es criticada por decir que \u201csus alumnos no saben nada\u201d y que el sistema los hace pasar de curso sin aprender - 2026\" \/>\n<meta property=\"og:description\" content=\"Una profesora ha provocado un debate nacional en torno al nivel acad\u00e9mico de los estudiantes y las exigencias del sistema educativo.\" \/>\n<meta property=\"og:url\" content=\"https:\/\/webdelmaestrocmf.com\/portal\/profesora-es-criticada-por-decir-que-sus-alumnos-no-saben-nada-y-que-el-sistema-los-hace-pasar-de-curso-sin-aprender\/\" \/>\n<meta property=\"og:site_name\" content=\"Web del Maestro CMF\" \/>\n<meta property=\"article:publisher\" content=\"https:\/\/www.facebook.com\/WebdelMaestroCMF\/\" \/>\n<meta property=\"article:author\" content=\"https:\/\/www.facebook.com\/WebdelMaestroCMF\/\" \/>\n<meta property=\"article:published_time\" content=\"2026-04-09T13:21:00+00:00\" \/>\n<meta property=\"article:modified_time\" content=\"2026-04-09T14:16:08+00:00\" \/>\n<meta property=\"og:image\" content=\"https:\/\/webdelmaestrocmf.com\/portal\/wp-content\/uploads\/2025\/12\/1AA-Banner-1-portada-imagen-10-1-copia-2.webp\" \/>\n\t<meta property=\"og:image:width\" content=\"1200\" \/>\n\t<meta property=\"og:image:height\" content=\"675\" \/>\n\t<meta property=\"og:image:type\" content=\"image\/webp\" \/>\n<meta name=\"author\" content=\"Web del Maestro CMF\" \/>\n<meta name=\"twitter:card\" content=\"summary_large_image\" \/>\n<meta name=\"twitter:creator\" content=\"@cmf_w\" \/>\n<meta name=\"twitter:site\" content=\"@cmf_w\" \/>\n<script type=\"application\/ld+json\" class=\"yoast-schema-graph\">{\"@context\":\"https:\\\/\\\/schema.org\",\"@graph\":[{\"@type\":\"ScholarlyArticle\",\"@id\":\"https:\\\/\\\/webdelmaestrocmf.com\\\/portal\\\/profesora-es-criticada-por-decir-que-sus-alumnos-no-saben-nada-y-que-el-sistema-los-hace-pasar-de-curso-sin-aprender\\\/#article\",\"isPartOf\":{\"@id\":\"https:\\\/\\\/webdelmaestrocmf.com\\\/portal\\\/profesora-es-criticada-por-decir-que-sus-alumnos-no-saben-nada-y-que-el-sistema-los-hace-pasar-de-curso-sin-aprender\\\/\"},\"author\":{\"name\":\"Web del Maestro CMF\",\"@id\":\"https:\\\/\\\/webdelmaestrocmf.com\\\/portal\\\/#\\\/schema\\\/person\\\/1072a2ed7bd960df8ef99a551fa35dc5\"},\"headline\":\"Profesora es criticada por decir que \u201csus alumnos no saben nada\u201d y que el sistema los hace pasar de curso sin aprender\",\"datePublished\":\"2026-04-09T13:21:00+00:00\",\"dateModified\":\"2026-04-09T14:16:08+00:00\",\"mainEntityOfPage\":{\"@id\":\"https:\\\/\\\/webdelmaestrocmf.com\\\/portal\\\/profesora-es-criticada-por-decir-que-sus-alumnos-no-saben-nada-y-que-el-sistema-los-hace-pasar-de-curso-sin-aprender\\\/\"},\"wordCount\":475,\"commentCount\":3,\"publisher\":{\"@id\":\"https:\\\/\\\/webdelmaestrocmf.com\\\/portal\\\/#organization\"},\"image\":{\"@id\":\"https:\\\/\\\/webdelmaestrocmf.com\\\/portal\\\/profesora-es-criticada-por-decir-que-sus-alumnos-no-saben-nada-y-que-el-sistema-los-hace-pasar-de-curso-sin-aprender\\\/#primaryimage\"},\"thumbnailUrl\":\"https:\\\/\\\/webdelmaestrocmf.com\\\/portal\\\/wp-content\\\/uploads\\\/2025\\\/12\\\/1AA-Banner-1-portada-imagen-10-1-copia-2.webp\",\"keywords\":[\"aprendizaje real\",\"BACHILLERATO\",\"bajo rendimiento acad\u00e9mico\",\"controversia docente\",\"cr\u00edtica al sistema\",\"criticada\",\"cr\u00edticia\",\"debate nacional\",\"DOCENTES\",\"Educaci\u00f3n Secundaria\",\"evaluaci\u00f3n escolar\",\"ex\u00e1menes escolares\",\"nivel acad\u00e9mico\",\"profesora cirticada\",\"promoci\u00f3n autom\u00e1tica\",\"rendimiento de los estudiantes\",\"sistema educativo\",\"TikTok educativo\"],\"articleSection\":[\"Noticias Internacionales\"],\"inLanguage\":\"es\",\"potentialAction\":[{\"@type\":\"CommentAction\",\"name\":\"Comment\",\"target\":[\"https:\\\/\\\/webdelmaestrocmf.com\\\/portal\\\/profesora-es-criticada-por-decir-que-sus-alumnos-no-saben-nada-y-que-el-sistema-los-hace-pasar-de-curso-sin-aprender\\\/#respond\"]}]},{\"@type\":\"WebPage\",\"@id\":\"https:\\\/\\\/webdelmaestrocmf.com\\\/portal\\\/profesora-es-criticada-por-decir-que-sus-alumnos-no-saben-nada-y-que-el-sistema-los-hace-pasar-de-curso-sin-aprender\\\/\",\"url\":\"https:\\\/\\\/webdelmaestrocmf.com\\\/portal\\\/profesora-es-criticada-por-decir-que-sus-alumnos-no-saben-nada-y-que-el-sistema-los-hace-pasar-de-curso-sin-aprender\\\/\",\"name\":\"Profesora es criticada por decir que \u201csus alumnos no saben nada\u201d y que el sistema los hace pasar de curso sin aprender - 2026\",\"isPartOf\":{\"@id\":\"https:\\\/\\\/webdelmaestrocmf.com\\\/portal\\\/#website\"},\"primaryImageOfPage\":{\"@id\":\"https:\\\/\\\/webdelmaestrocmf.com\\\/portal\\\/profesora-es-criticada-por-decir-que-sus-alumnos-no-saben-nada-y-que-el-sistema-los-hace-pasar-de-curso-sin-aprender\\\/#primaryimage\"},\"image\":{\"@id\":\"https:\\\/\\\/webdelmaestrocmf.com\\\/portal\\\/profesora-es-criticada-por-decir-que-sus-alumnos-no-saben-nada-y-que-el-sistema-los-hace-pasar-de-curso-sin-aprender\\\/#primaryimage\"},\"thumbnailUrl\":\"https:\\\/\\\/webdelmaestrocmf.com\\\/portal\\\/wp-content\\\/uploads\\\/2025\\\/12\\\/1AA-Banner-1-portada-imagen-10-1-copia-2.webp\",\"datePublished\":\"2026-04-09T13:21:00+00:00\",\"dateModified\":\"2026-04-09T14:16:08+00:00\",\"description\":\"Una profesora ha provocado un debate nacional en torno al nivel acad\u00e9mico de los estudiantes y las exigencias del sistema educativo.\",\"breadcrumb\":{\"@id\":\"https:\\\/\\\/webdelmaestrocmf.com\\\/portal\\\/profesora-es-criticada-por-decir-que-sus-alumnos-no-saben-nada-y-que-el-sistema-los-hace-pasar-de-curso-sin-aprender\\\/#breadcrumb\"},\"inLanguage\":\"es\",\"potentialAction\":[{\"@type\":\"ReadAction\",\"target\":[\"https:\\\/\\\/webdelmaestrocmf.com\\\/portal\\\/profesora-es-criticada-por-decir-que-sus-alumnos-no-saben-nada-y-que-el-sistema-los-hace-pasar-de-curso-sin-aprender\\\/\"]}]},{\"@type\":\"ImageObject\",\"inLanguage\":\"es\",\"@id\":\"https:\\\/\\\/webdelmaestrocmf.com\\\/portal\\\/profesora-es-criticada-por-decir-que-sus-alumnos-no-saben-nada-y-que-el-sistema-los-hace-pasar-de-curso-sin-aprender\\\/#primaryimage\",\"url\":\"https:\\\/\\\/webdelmaestrocmf.com\\\/portal\\\/wp-content\\\/uploads\\\/2025\\\/12\\\/1AA-Banner-1-portada-imagen-10-1-copia-2.webp\",\"contentUrl\":\"https:\\\/\\\/webdelmaestrocmf.com\\\/portal\\\/wp-content\\\/uploads\\\/2025\\\/12\\\/1AA-Banner-1-portada-imagen-10-1-copia-2.webp\",\"width\":1200,\"height\":675},{\"@type\":\"BreadcrumbList\",\"@id\":\"https:\\\/\\\/webdelmaestrocmf.com\\\/portal\\\/profesora-es-criticada-por-decir-que-sus-alumnos-no-saben-nada-y-que-el-sistema-los-hace-pasar-de-curso-sin-aprender\\\/#breadcrumb\",\"itemListElement\":[{\"@type\":\"ListItem\",\"position\":1,\"name\":\"Portada\",\"item\":\"https:\\\/\\\/webdelmaestrocmf.com\\\/portal\\\/\"},{\"@type\":\"ListItem\",\"position\":2,\"name\":\"Noticias Internacionales\",\"item\":\"https:\\\/\\\/webdelmaestrocmf.com\\\/portal\\\/category\\\/noticias-internacionales\\\/\"},{\"@type\":\"ListItem\",\"position\":3,\"name\":\"Profesora es criticada por decir que \u201csus alumnos no saben nada\u201d y que el sistema los hace pasar de curso sin aprender\"}]},{\"@type\":\"WebSite\",\"@id\":\"https:\\\/\\\/webdelmaestrocmf.com\\\/portal\\\/#website\",\"url\":\"https:\\\/\\\/webdelmaestrocmf.com\\\/portal\\\/\",\"name\":\"Web del Maestro CMF\",\"description\":\"Maestros al servicio de la educaci\u00f3n\",\"publisher\":{\"@id\":\"https:\\\/\\\/webdelmaestrocmf.com\\\/portal\\\/#organization\"},\"alternateName\":\"WMCMF\",\"potentialAction\":[{\"@type\":\"SearchAction\",\"target\":{\"@type\":\"EntryPoint\",\"urlTemplate\":\"https:\\\/\\\/webdelmaestrocmf.com\\\/portal\\\/?s={search_term_string}\"},\"query-input\":{\"@type\":\"PropertyValueSpecification\",\"valueRequired\":true,\"valueName\":\"search_term_string\"}}],\"inLanguage\":\"es\"},{\"@type\":\"Organization\",\"@id\":\"https:\\\/\\\/webdelmaestrocmf.com\\\/portal\\\/#organization\",\"name\":\"Web del Maestro CMF\",\"alternateName\":\"WMCMF\",\"url\":\"https:\\\/\\\/webdelmaestrocmf.com\\\/portal\\\/\",\"logo\":{\"@type\":\"ImageObject\",\"inLanguage\":\"es\",\"@id\":\"https:\\\/\\\/webdelmaestrocmf.com\\\/portal\\\/#\\\/schema\\\/logo\\\/image\\\/\",\"url\":\"https:\\\/\\\/webdelmaestrocmf.com\\\/portal\\\/wp-content\\\/uploads\\\/2023\\\/01\\\/logo-wmcmf-2.png\",\"contentUrl\":\"https:\\\/\\\/webdelmaestrocmf.com\\\/portal\\\/wp-content\\\/uploads\\\/2023\\\/01\\\/logo-wmcmf-2.png\",\"width\":200,\"height\":60,\"caption\":\"Web del Maestro CMF\"},\"image\":{\"@id\":\"https:\\\/\\\/webdelmaestrocmf.com\\\/portal\\\/#\\\/schema\\\/logo\\\/image\\\/\"},\"sameAs\":[\"https:\\\/\\\/www.facebook.com\\\/WebdelMaestroCMF\\\/\",\"https:\\\/\\\/x.com\\\/cmf_w\",\"https:\\\/\\\/www.pinterest.com\\\/WMCMF\\\/\",\"https:\\\/\\\/www.linkedin.com\\\/company\\\/web-del-maestro-cmf\\\/\",\"https:\\\/\\\/www.instagram.com\\\/wmcmf\\\/\",\"https:\\\/\\\/www.youtube.com\\\/channel\\\/UCDPSvjbdodE5sHnC3OxutHw\",\"https:\\\/\\\/mastodon.social\\\/@wmcmf\",\"https:\\\/\\\/www.tiktok.com\\\/@webdelmaestrocmf\"]},{\"@type\":\"Person\",\"@id\":\"https:\\\/\\\/webdelmaestrocmf.com\\\/portal\\\/#\\\/schema\\\/person\\\/1072a2ed7bd960df8ef99a551fa35dc5\",\"name\":\"Web del Maestro CMF\",\"image\":{\"@type\":\"ImageObject\",\"inLanguage\":\"es\",\"@id\":\"https:\\\/\\\/secure.gravatar.com\\\/avatar\\\/23291dd5b5ae1077dcff3dbb04c3e02bd28403fa75af6d8787d5e97c5bbbe30b?s=96&d=mm&r=g\",\"url\":\"https:\\\/\\\/secure.gravatar.com\\\/avatar\\\/23291dd5b5ae1077dcff3dbb04c3e02bd28403fa75af6d8787d5e97c5bbbe30b?s=96&d=mm&r=g\",\"contentUrl\":\"https:\\\/\\\/secure.gravatar.com\\\/avatar\\\/23291dd5b5ae1077dcff3dbb04c3e02bd28403fa75af6d8787d5e97c5bbbe30b?s=96&d=mm&r=g\",\"caption\":\"Web del Maestro CMF\"},\"description\":\"Esta Web se cre\u00f3 sin fines de lucro, con fines educativos, cient\u00edficos y acad\u00e9micos, para personas que tengan dificultades y\\\/o inconvenientes en visualizar el material original. El objetivo es entregar recursos, compartir experiencias y materiales que ayuden a los padres de familia, maestros y estudiantes en su actualizaci\u00f3n y formaci\u00f3n permanente, en bien de la Educaci\u00f3n.\",\"sameAs\":[\"http:\\\/\\\/webdelmaestrocmf.com\\\/portal\",\"https:\\\/\\\/www.facebook.com\\\/WebdelMaestroCMF\\\/\",\"https:\\\/\\\/www.instagram.com\\\/wmcmf\\\/\",\"https:\\\/\\\/cl.linkedin.com\\\/company\\\/web-del-maestro-cmf\",\"https:\\\/\\\/www.pinterest.com\\\/WMCMF\\\/publicaciones\\\/\",\"https:\\\/\\\/x.com\\\/cmf_w\",\"https:\\\/\\\/www.youtube.com\\\/@WMCMF\"]}]}<\/script>\n<!-- \/ Yoast SEO plugin. -->","yoast_head_json":{"title":"Profesora es criticada por decir que \u201csus alumnos no saben nada\u201d y que el sistema los hace pasar de curso sin aprender - 2026","description":"Una profesora ha provocado un debate nacional en torno al nivel acad\u00e9mico de los estudiantes y las exigencias del sistema educativo.","robots":{"index":"index","follow":"follow","max-snippet":"max-snippet:-1","max-image-preview":"max-image-preview:large","max-video-preview":"max-video-preview:-1"},"canonical":"https:\/\/webdelmaestrocmf.com\/portal\/profesora-es-criticada-por-decir-que-sus-alumnos-no-saben-nada-y-que-el-sistema-los-hace-pasar-de-curso-sin-aprender\/","og_locale":"es_ES","og_type":"article","og_title":"Profesora es criticada por decir que \u201csus alumnos no saben nada\u201d y que el sistema los hace pasar de curso sin aprender - 2026","og_description":"Una profesora ha provocado un debate nacional en torno al nivel acad\u00e9mico de los estudiantes y las exigencias del sistema educativo.","og_url":"https:\/\/webdelmaestrocmf.com\/portal\/profesora-es-criticada-por-decir-que-sus-alumnos-no-saben-nada-y-que-el-sistema-los-hace-pasar-de-curso-sin-aprender\/","og_site_name":"Web del Maestro CMF","article_publisher":"https:\/\/www.facebook.com\/WebdelMaestroCMF\/","article_author":"https:\/\/www.facebook.com\/WebdelMaestroCMF\/","article_published_time":"2026-04-09T13:21:00+00:00","article_modified_time":"2026-04-09T14:16:08+00:00","og_image":[{"width":1200,"height":675,"url":"https:\/\/webdelmaestrocmf.com\/portal\/wp-content\/uploads\/2025\/12\/1AA-Banner-1-portada-imagen-10-1-copia-2.webp","type":"image\/webp"}],"author":"Web del Maestro CMF","twitter_card":"summary_large_image","twitter_creator":"@cmf_w","twitter_site":"@cmf_w","schema":{"@context":"https:\/\/schema.org","@graph":[{"@type":"ScholarlyArticle","@id":"https:\/\/webdelmaestrocmf.com\/portal\/profesora-es-criticada-por-decir-que-sus-alumnos-no-saben-nada-y-que-el-sistema-los-hace-pasar-de-curso-sin-aprender\/#article","isPartOf":{"@id":"https:\/\/webdelmaestrocmf.com\/portal\/profesora-es-criticada-por-decir-que-sus-alumnos-no-saben-nada-y-que-el-sistema-los-hace-pasar-de-curso-sin-aprender\/"},"author":{"name":"Web del Maestro CMF","@id":"https:\/\/webdelmaestrocmf.com\/portal\/#\/schema\/person\/1072a2ed7bd960df8ef99a551fa35dc5"},"headline":"Profesora es criticada por decir que \u201csus alumnos no saben nada\u201d y que el sistema los hace pasar de curso sin aprender","datePublished":"2026-04-09T13:21:00+00:00","dateModified":"2026-04-09T14:16:08+00:00","mainEntityOfPage":{"@id":"https:\/\/webdelmaestrocmf.com\/portal\/profesora-es-criticada-por-decir-que-sus-alumnos-no-saben-nada-y-que-el-sistema-los-hace-pasar-de-curso-sin-aprender\/"},"wordCount":475,"commentCount":3,"publisher":{"@id":"https:\/\/webdelmaestrocmf.com\/portal\/#organization"},"image":{"@id":"https:\/\/webdelmaestrocmf.com\/portal\/profesora-es-criticada-por-decir-que-sus-alumnos-no-saben-nada-y-que-el-sistema-los-hace-pasar-de-curso-sin-aprender\/#primaryimage"},"thumbnailUrl":"https:\/\/webdelmaestrocmf.com\/portal\/wp-content\/uploads\/2025\/12\/1AA-Banner-1-portada-imagen-10-1-copia-2.webp","keywords":["aprendizaje real","BACHILLERATO","bajo rendimiento acad\u00e9mico","controversia docente","cr\u00edtica al sistema","criticada","cr\u00edticia","debate nacional","DOCENTES","Educaci\u00f3n Secundaria","evaluaci\u00f3n escolar","ex\u00e1menes escolares","nivel acad\u00e9mico","profesora cirticada","promoci\u00f3n autom\u00e1tica","rendimiento de los estudiantes","sistema educativo","TikTok educativo"],"articleSection":["Noticias Internacionales"],"inLanguage":"es","potentialAction":[{"@type":"CommentAction","name":"Comment","target":["https:\/\/webdelmaestrocmf.com\/portal\/profesora-es-criticada-por-decir-que-sus-alumnos-no-saben-nada-y-que-el-sistema-los-hace-pasar-de-curso-sin-aprender\/#respond"]}]},{"@type":"WebPage","@id":"https:\/\/webdelmaestrocmf.com\/portal\/profesora-es-criticada-por-decir-que-sus-alumnos-no-saben-nada-y-que-el-sistema-los-hace-pasar-de-curso-sin-aprender\/","url":"https:\/\/webdelmaestrocmf.com\/portal\/profesora-es-criticada-por-decir-que-sus-alumnos-no-saben-nada-y-que-el-sistema-los-hace-pasar-de-curso-sin-aprender\/","name":"Profesora es criticada por decir que \u201csus alumnos no saben nada\u201d y que el sistema los hace pasar de curso sin aprender - 2026","isPartOf":{"@id":"https:\/\/webdelmaestrocmf.com\/portal\/#website"},"primaryImageOfPage":{"@id":"https:\/\/webdelmaestrocmf.com\/portal\/profesora-es-criticada-por-decir-que-sus-alumnos-no-saben-nada-y-que-el-sistema-los-hace-pasar-de-curso-sin-aprender\/#primaryimage"},"image":{"@id":"https:\/\/webdelmaestrocmf.com\/portal\/profesora-es-criticada-por-decir-que-sus-alumnos-no-saben-nada-y-que-el-sistema-los-hace-pasar-de-curso-sin-aprender\/#primaryimage"},"thumbnailUrl":"https:\/\/webdelmaestrocmf.com\/portal\/wp-content\/uploads\/2025\/12\/1AA-Banner-1-portada-imagen-10-1-copia-2.webp","datePublished":"2026-04-09T13:21:00+00:00","dateModified":"2026-04-09T14:16:08+00:00","description":"Una profesora ha provocado un debate nacional en torno al nivel acad\u00e9mico de los estudiantes y las exigencias del sistema educativo.","breadcrumb":{"@id":"https:\/\/webdelmaestrocmf.com\/portal\/profesora-es-criticada-por-decir-que-sus-alumnos-no-saben-nada-y-que-el-sistema-los-hace-pasar-de-curso-sin-aprender\/#breadcrumb"},"inLanguage":"es","potentialAction":[{"@type":"ReadAction","target":["https:\/\/webdelmaestrocmf.com\/portal\/profesora-es-criticada-por-decir-que-sus-alumnos-no-saben-nada-y-que-el-sistema-los-hace-pasar-de-curso-sin-aprender\/"]}]},{"@type":"ImageObject","inLanguage":"es","@id":"https:\/\/webdelmaestrocmf.com\/portal\/profesora-es-criticada-por-decir-que-sus-alumnos-no-saben-nada-y-que-el-sistema-los-hace-pasar-de-curso-sin-aprender\/#primaryimage","url":"https:\/\/webdelmaestrocmf.com\/portal\/wp-content\/uploads\/2025\/12\/1AA-Banner-1-portada-imagen-10-1-copia-2.webp","contentUrl":"https:\/\/webdelmaestrocmf.com\/portal\/wp-content\/uploads\/2025\/12\/1AA-Banner-1-portada-imagen-10-1-copia-2.webp","width":1200,"height":675},{"@type":"BreadcrumbList","@id":"https:\/\/webdelmaestrocmf.com\/portal\/profesora-es-criticada-por-decir-que-sus-alumnos-no-saben-nada-y-que-el-sistema-los-hace-pasar-de-curso-sin-aprender\/#breadcrumb","itemListElement":[{"@type":"ListItem","position":1,"name":"Portada","item":"https:\/\/webdelmaestrocmf.com\/portal\/"},{"@type":"ListItem","position":2,"name":"Noticias Internacionales","item":"https:\/\/webdelmaestrocmf.com\/portal\/category\/noticias-internacionales\/"},{"@type":"ListItem","position":3,"name":"Profesora es criticada por decir que \u201csus alumnos no saben nada\u201d y que el sistema los hace pasar de curso sin aprender"}]},{"@type":"WebSite","@id":"https:\/\/webdelmaestrocmf.com\/portal\/#website","url":"https:\/\/webdelmaestrocmf.com\/portal\/","name":"Web del Maestro CMF","description":"Maestros al servicio de la educaci\u00f3n","publisher":{"@id":"https:\/\/webdelmaestrocmf.com\/portal\/#organization"},"alternateName":"WMCMF","potentialAction":[{"@type":"SearchAction","target":{"@type":"EntryPoint","urlTemplate":"https:\/\/webdelmaestrocmf.com\/portal\/?s={search_term_string}"},"query-input":{"@type":"PropertyValueSpecification","valueRequired":true,"valueName":"search_term_string"}}],"inLanguage":"es"},{"@type":"Organization","@id":"https:\/\/webdelmaestrocmf.com\/portal\/#organization","name":"Web del Maestro CMF","alternateName":"WMCMF","url":"https:\/\/webdelmaestrocmf.com\/portal\/","logo":{"@type":"ImageObject","inLanguage":"es","@id":"https:\/\/webdelmaestrocmf.com\/portal\/#\/schema\/logo\/image\/","url":"https:\/\/webdelmaestrocmf.com\/portal\/wp-content\/uploads\/2023\/01\/logo-wmcmf-2.png","contentUrl":"https:\/\/webdelmaestrocmf.com\/portal\/wp-content\/uploads\/2023\/01\/logo-wmcmf-2.png","width":200,"height":60,"caption":"Web del Maestro CMF"},"image":{"@id":"https:\/\/webdelmaestrocmf.com\/portal\/#\/schema\/logo\/image\/"},"sameAs":["https:\/\/www.facebook.com\/WebdelMaestroCMF\/","https:\/\/x.com\/cmf_w","https:\/\/www.pinterest.com\/WMCMF\/","https:\/\/www.linkedin.com\/company\/web-del-maestro-cmf\/","https:\/\/www.instagram.com\/wmcmf\/","https:\/\/www.youtube.com\/channel\/UCDPSvjbdodE5sHnC3OxutHw","https:\/\/mastodon.social\/@wmcmf","https:\/\/www.tiktok.com\/@webdelmaestrocmf"]},{"@type":"Person","@id":"https:\/\/webdelmaestrocmf.com\/portal\/#\/schema\/person\/1072a2ed7bd960df8ef99a551fa35dc5","name":"Web del Maestro CMF","image":{"@type":"ImageObject","inLanguage":"es","@id":"https:\/\/secure.gravatar.com\/avatar\/23291dd5b5ae1077dcff3dbb04c3e02bd28403fa75af6d8787d5e97c5bbbe30b?s=96&d=mm&r=g","url":"https:\/\/secure.gravatar.com\/avatar\/23291dd5b5ae1077dcff3dbb04c3e02bd28403fa75af6d8787d5e97c5bbbe30b?s=96&d=mm&r=g","contentUrl":"https:\/\/secure.gravatar.com\/avatar\/23291dd5b5ae1077dcff3dbb04c3e02bd28403fa75af6d8787d5e97c5bbbe30b?s=96&d=mm&r=g","caption":"Web del Maestro CMF"},"description":"Esta Web se cre\u00f3 sin fines de lucro, con fines educativos, cient\u00edficos y acad\u00e9micos, para personas que tengan dificultades y\/o inconvenientes en visualizar el material original. El objetivo es entregar recursos, compartir experiencias y materiales que ayuden a los padres de familia, maestros y estudiantes en su actualizaci\u00f3n y formaci\u00f3n permanente, en bien de la Educaci\u00f3n.","sameAs":["http:\/\/webdelmaestrocmf.com\/portal","https:\/\/www.facebook.com\/WebdelMaestroCMF\/","https:\/\/www.instagram.com\/wmcmf\/","https:\/\/cl.linkedin.com\/company\/web-del-maestro-cmf","https:\/\/www.pinterest.com\/WMCMF\/publicaciones\/","https:\/\/x.com\/cmf_w","https:\/\/www.youtube.com\/@WMCMF"]}]}},"jetpack_featured_media_url":"https:\/\/webdelmaestrocmf.com\/portal\/wp-content\/uploads\/2025\/12\/1AA-Banner-1-portada-imagen-10-1-copia-2.webp","jetpack_sharing_enabled":true,"jetpack-related-posts":[{"id":113885,"url":"https:\/\/webdelmaestrocmf.com\/portal\/la-denuncia-de-una-profesora-en-tiktok-reabre-un-debate-urgente-el-respeto-perdido-en-las-aulas\/","url_meta":{"origin":113880,"position":0},"title":"Profesora denuncia la falta de respeto en las aulas: \u201cNo hay manera de hablar, no escuchan\u201d","author":"Web del Maestro CMF","date":"8 diciembre, 2025","format":false,"excerpt":"Una profesora expone en TikTok el desgaste docente y la falta de respeto en las aulas, desatando un debate urgente sobre la convivencia escolar.","rel":"","context":"En \u00abNoticias Internacionales\u00bb","block_context":{"text":"Noticias Internacionales","link":"https:\/\/webdelmaestrocmf.com\/portal\/category\/noticias-internacionales\/"},"img":{"alt_text":"","src":"https:\/\/i0.wp.com\/webdelmaestrocmf.com\/portal\/wp-content\/uploads\/2025\/12\/1A-Banner-1-portada-imagen-10-1-copia-9.webp?resize=350%2C200&ssl=1","width":350,"height":200,"srcset":"https:\/\/i0.wp.com\/webdelmaestrocmf.com\/portal\/wp-content\/uploads\/2025\/12\/1A-Banner-1-portada-imagen-10-1-copia-9.webp?resize=350%2C200&ssl=1 1x, https:\/\/i0.wp.com\/webdelmaestrocmf.com\/portal\/wp-content\/uploads\/2025\/12\/1A-Banner-1-portada-imagen-10-1-copia-9.webp?resize=525%2C300&ssl=1 1.5x, https:\/\/i0.wp.com\/webdelmaestrocmf.com\/portal\/wp-content\/uploads\/2025\/12\/1A-Banner-1-portada-imagen-10-1-copia-9.webp?resize=700%2C400&ssl=1 2x"},"classes":[]},{"id":111054,"url":"https:\/\/webdelmaestrocmf.com\/portal\/profesora-rechaza-suplica-de-estudiante-de-rodillas-viral-escena-genera-debate-sobre-la-responsabilidad-academica\/","url_meta":{"origin":113880,"position":1},"title":"Profesora rechaza s\u00faplica de estudiante de rodillas: viral escena genera debate sobre la responsabilidad acad\u00e9mica","author":"Web del Maestro CMF","date":"9 julio, 2025","format":false,"excerpt":"Una d\u00e9cima puede parecer poca cosa, pero ceder ante la presi\u00f3n emocional pone en riesgo la credibilidad del sistema educativo. La firmeza de la profesora no fue falta de empat\u00eda, sino un acto de coherencia que defendi\u00f3 el valor del esfuerzo y la justicia para todos los estudiantes","rel":"","context":"En \u00abNoticias Internacionales\u00bb","block_context":{"text":"Noticias Internacionales","link":"https:\/\/webdelmaestrocmf.com\/portal\/category\/noticias-internacionales\/"},"img":{"alt_text":"","src":"https:\/\/i0.wp.com\/webdelmaestrocmf.com\/portal\/wp-content\/uploads\/2025\/07\/1A-Banner-1-portada-imagen-10-1-copia-62.jpg?resize=350%2C200&ssl=1","width":350,"height":200,"srcset":"https:\/\/i0.wp.com\/webdelmaestrocmf.com\/portal\/wp-content\/uploads\/2025\/07\/1A-Banner-1-portada-imagen-10-1-copia-62.jpg?resize=350%2C200&ssl=1 1x, https:\/\/i0.wp.com\/webdelmaestrocmf.com\/portal\/wp-content\/uploads\/2025\/07\/1A-Banner-1-portada-imagen-10-1-copia-62.jpg?resize=525%2C300&ssl=1 1.5x, https:\/\/i0.wp.com\/webdelmaestrocmf.com\/portal\/wp-content\/uploads\/2025\/07\/1A-Banner-1-portada-imagen-10-1-copia-62.jpg?resize=700%2C400&ssl=1 2x"},"classes":[]},{"id":113949,"url":"https:\/\/webdelmaestrocmf.com\/portal\/laura-gomez-cada-vez-que-hay-un-examen-tenemos-que-preparar-hasta-diez-versiones-distintas\/","url_meta":{"origin":113880,"position":2},"title":"Laura G\u00f3mez: Cada vez que hay un examen, tenemos que preparar hasta diez versiones distintas","author":"Web del Maestro CMF","date":"11 diciembre, 2025","format":false,"excerpt":"La realidad docente revela una carga invisible: m\u00faltiples ex\u00e1menes, burocracia creciente y falta de recursos que hacen insostenible la inclusi\u00f3n educativa actual.","rel":"","context":"En \u00abEntrevistas\u00bb","block_context":{"text":"Entrevistas","link":"https:\/\/webdelmaestrocmf.com\/portal\/category\/noticias\/entrevistas\/"},"img":{"alt_text":"","src":"https:\/\/i0.wp.com\/webdelmaestrocmf.com\/portal\/wp-content\/uploads\/2025\/12\/1A-Banner-1-portada-imagen-10-1-copia-3-1.webp?resize=350%2C200&ssl=1","width":350,"height":200,"srcset":"https:\/\/i0.wp.com\/webdelmaestrocmf.com\/portal\/wp-content\/uploads\/2025\/12\/1A-Banner-1-portada-imagen-10-1-copia-3-1.webp?resize=350%2C200&ssl=1 1x, https:\/\/i0.wp.com\/webdelmaestrocmf.com\/portal\/wp-content\/uploads\/2025\/12\/1A-Banner-1-portada-imagen-10-1-copia-3-1.webp?resize=525%2C300&ssl=1 1.5x, https:\/\/i0.wp.com\/webdelmaestrocmf.com\/portal\/wp-content\/uploads\/2025\/12\/1A-Banner-1-portada-imagen-10-1-copia-3-1.webp?resize=700%2C400&ssl=1 2x"},"classes":[]},{"id":113447,"url":"https:\/\/webdelmaestrocmf.com\/portal\/sistema-educativo-en-japon-una-combinacion-de-valores-y-exigencia-academica\/","url_meta":{"origin":113880,"position":3},"title":"Sistema educativo en Jap\u00f3n: una combinaci\u00f3n de valores y exigencia acad\u00e9mica","author":"Web del Maestro CMF","date":"5 abril, 2026","format":false,"excerpt":"En Jap\u00f3n, la educaci\u00f3n no se limita a las calificaciones. Desde los primeros a\u00f1os, los estudiantes aprenden valores como la disciplina, el respeto y la responsabilidad a trav\u00e9s de acciones concretas, como limpiar sus aulas y trabajar en equipo. Estas pr\u00e1cticas conviven con una s\u00f3lida exigencia acad\u00e9mica.","rel":"","context":"En \u00abRecursos\u00bb","block_context":{"text":"Recursos","link":"https:\/\/webdelmaestrocmf.com\/portal\/category\/pedagogia\/"},"img":{"alt_text":"","src":"https:\/\/i0.wp.com\/webdelmaestrocmf.com\/portal\/wp-content\/uploads\/2025\/11\/Portada-descarga-18.jpg?resize=350%2C200&ssl=1","width":350,"height":200,"srcset":"https:\/\/i0.wp.com\/webdelmaestrocmf.com\/portal\/wp-content\/uploads\/2025\/11\/Portada-descarga-18.jpg?resize=350%2C200&ssl=1 1x, https:\/\/i0.wp.com\/webdelmaestrocmf.com\/portal\/wp-content\/uploads\/2025\/11\/Portada-descarga-18.jpg?resize=525%2C300&ssl=1 1.5x, https:\/\/i0.wp.com\/webdelmaestrocmf.com\/portal\/wp-content\/uploads\/2025\/11\/Portada-descarga-18.jpg?resize=700%2C400&ssl=1 2x"},"classes":[]},{"id":112118,"url":"https:\/\/webdelmaestrocmf.com\/portal\/inger-enkvist-lo-que-los-politicos-no-quieren-reconocer-sobre-la-educacion\/","url_meta":{"origin":113880,"position":4},"title":"Inger Enkvist: lo que los pol\u00edticos no quieren reconocer sobre la educaci\u00f3n","author":"Web del Maestro CMF","date":"13 septiembre, 2025","format":false,"excerpt":"Inger Enkvist advierte: la educaci\u00f3n fracasa por falta de apoyo docente, disciplina en el aula y colaboraci\u00f3n entre familia y escuela.","rel":"","context":"En \u00abCharlas\u00bb","block_context":{"text":"Charlas","link":"https:\/\/webdelmaestrocmf.com\/portal\/category\/charlas\/"},"img":{"alt_text":"","src":"https:\/\/i0.wp.com\/webdelmaestrocmf.com\/portal\/wp-content\/uploads\/2025\/09\/1A-Banner-1-portada-imagen-10-1-copia-2025-09-13T134920.272.webp?resize=350%2C200&ssl=1","width":350,"height":200,"srcset":"https:\/\/i0.wp.com\/webdelmaestrocmf.com\/portal\/wp-content\/uploads\/2025\/09\/1A-Banner-1-portada-imagen-10-1-copia-2025-09-13T134920.272.webp?resize=350%2C200&ssl=1 1x, https:\/\/i0.wp.com\/webdelmaestrocmf.com\/portal\/wp-content\/uploads\/2025\/09\/1A-Banner-1-portada-imagen-10-1-copia-2025-09-13T134920.272.webp?resize=525%2C300&ssl=1 1.5x, https:\/\/i0.wp.com\/webdelmaestrocmf.com\/portal\/wp-content\/uploads\/2025\/09\/1A-Banner-1-portada-imagen-10-1-copia-2025-09-13T134920.272.webp?resize=700%2C400&ssl=1 2x"},"classes":[]},{"id":113975,"url":"https:\/\/webdelmaestrocmf.com\/portal\/deben-los-profesores-ser-tiktokers-de-sus-alumnos-una-investigacion-revela-46-casos-de-docentes-que-exponen-a-estudiantes-en-tiktok-incluido-uno-que-baila-de-manera-inapropia\/","url_meta":{"origin":113880,"position":5},"title":"\u00bfDeben los profesores ser \u2018tiktokers\u2019 de sus alumnos? Una investigaci\u00f3n revela 46 casos de docentes que exponen a estudiantes en TikTok, incluido uno que baila de manera inapropiada con sus alumnas","author":"Web del Maestro CMF","date":"11 diciembre, 2025","format":false,"excerpt":"Docentes buscan viralidad exponiendo a alumnos en redes, generando riesgos \u00e9ticos y legales que urgen revisar la responsabilidad digital en educaci\u00f3n.","rel":"","context":"En \u00abNoticias Internacionales\u00bb","block_context":{"text":"Noticias Internacionales","link":"https:\/\/webdelmaestrocmf.com\/portal\/category\/noticias-internacionales\/"},"img":{"alt_text":"","src":"https:\/\/i0.wp.com\/webdelmaestrocmf.com\/portal\/wp-content\/uploads\/2025\/12\/1A-Banner-1-portada-imagen-10-1-copia-12.webp?resize=350%2C200&ssl=1","width":350,"height":200,"srcset":"https:\/\/i0.wp.com\/webdelmaestrocmf.com\/portal\/wp-content\/uploads\/2025\/12\/1A-Banner-1-portada-imagen-10-1-copia-12.webp?resize=350%2C200&ssl=1 1x, https:\/\/i0.wp.com\/webdelmaestrocmf.com\/portal\/wp-content\/uploads\/2025\/12\/1A-Banner-1-portada-imagen-10-1-copia-12.webp?resize=525%2C300&ssl=1 1.5x, https:\/\/i0.wp.com\/webdelmaestrocmf.com\/portal\/wp-content\/uploads\/2025\/12\/1A-Banner-1-portada-imagen-10-1-copia-12.webp?resize=700%2C400&ssl=1 2x"},"classes":[]}],"_links":{"self":[{"href":"https:\/\/webdelmaestrocmf.com\/portal\/wp-json\/wp\/v2\/posts\/113880","targetHints":{"allow":["GET"]}}],"collection":[{"href":"https:\/\/webdelmaestrocmf.com\/portal\/wp-json\/wp\/v2\/posts"}],"about":[{"href":"https:\/\/webdelmaestrocmf.com\/portal\/wp-json\/wp\/v2\/types\/post"}],"author":[{"embeddable":true,"href":"https:\/\/webdelmaestrocmf.com\/portal\/wp-json\/wp\/v2\/users\/1"}],"replies":[{"embeddable":true,"href":"https:\/\/webdelmaestrocmf.com\/portal\/wp-json\/wp\/v2\/comments?post=113880"}],"version-history":[{"count":2,"href":"https:\/\/webdelmaestrocmf.com\/portal\/wp-json\/wp\/v2\/posts\/113880\/revisions"}],"predecessor-version":[{"id":113883,"href":"https:\/\/webdelmaestrocmf.com\/portal\/wp-json\/wp\/v2\/posts\/113880\/revisions\/113883"}],"wp:featuredmedia":[{"embeddable":true,"href":"https:\/\/webdelmaestrocmf.com\/portal\/wp-json\/wp\/v2\/media\/117493"}],"wp:attachment":[{"href":"https:\/\/webdelmaestrocmf.com\/portal\/wp-json\/wp\/v2\/media?parent=113880"}],"wp:term":[{"taxonomy":"category","embeddable":true,"href":"https:\/\/webdelmaestrocmf.com\/portal\/wp-json\/wp\/v2\/categories?post=113880"},{"taxonomy":"post_tag","embeddable":true,"href":"https:\/\/webdelmaestrocmf.com\/portal\/wp-json\/wp\/v2\/tags?post=113880"}],"curies":[{"name":"wp","href":"https:\/\/api.w.org\/{rel}","templated":true}]}}