{"id":113734,"date":"2025-11-29T21:31:02","date_gmt":"2025-11-30T00:31:02","guid":{"rendered":"https:\/\/webdelmaestrocmf.com\/portal\/?p=113734"},"modified":"2025-11-29T21:46:04","modified_gmt":"2025-11-30T00:46:04","slug":"agenda-2026-en-pdf-una-herramienta-gratuita-para-organizar-tu-ano-con-profesionalismo","status":"publish","type":"post","link":"https:\/\/webdelmaestrocmf.com\/portal\/agenda-2026-en-pdf-una-herramienta-gratuita-para-organizar-tu-ano-con-profesionalismo\/","title":{"rendered":"Agenda 2026 en PDF: una herramienta gratuita para organizar tu a\u00f1o con profesionalismo"},"content":{"rendered":"\n<p class=\"wp-block-paragraph\">La planificaci\u00f3n anual contin\u00faa siendo una de las herramientas m\u00e1s valoradas para estudiantes, docentes, profesionales y emprendedores. En un contexto donde la personalizaci\u00f3n y la eficiencia son claves, contar con una agenda adaptada a las propias necesidades es fundamental. Por ello, la colecci\u00f3n de plantillas gratuitas de agendas 2026 en PDF, desarrollada por Lozano Impresores, se presenta como una opci\u00f3n pr\u00e1ctica, accesible y de alta calidad para quienes buscan dise\u00f1ar su propio sistema de organizaci\u00f3n.<\/p>\n\n\n\n<p class=\"wp-block-paragraph\">Estas plantillas permiten descargar agendas personalizadas en formatos A5, A4 y 17 x 24 cm, tanto en estructura diaria (d\u00eda por p\u00e1gina) como en semana vista. Todas han sido elaboradas por dise\u00f1adores especializados en procesos de impresi\u00f3n y encuadernaci\u00f3n, lo que asegura una experiencia profesional en cada etapa, desde la descarga hasta la impresi\u00f3n final.<\/p>\n\n\n\n<figure class=\"wp-block-image size-large\"><img loading=\"lazy\" decoding=\"async\" width=\"819\" height=\"1024\" src=\"https:\/\/webdelmaestrocmf.com\/portal\/wp-content\/uploads\/2025\/11\/Copia-de-Copia-de-Mapas-mentales-para-profesores-819x1024.jpg\" alt=\"\" class=\"wp-image-113739\" srcset=\"https:\/\/webdelmaestrocmf.com\/portal\/wp-content\/uploads\/2025\/11\/Copia-de-Copia-de-Mapas-mentales-para-profesores-819x1024.jpg 819w, https:\/\/webdelmaestrocmf.com\/portal\/wp-content\/uploads\/2025\/11\/Copia-de-Copia-de-Mapas-mentales-para-profesores-240x300.jpg 240w, https:\/\/webdelmaestrocmf.com\/portal\/wp-content\/uploads\/2025\/11\/Copia-de-Copia-de-Mapas-mentales-para-profesores-768x960.jpg 768w, https:\/\/webdelmaestrocmf.com\/portal\/wp-content\/uploads\/2025\/11\/Copia-de-Copia-de-Mapas-mentales-para-profesores-332x415.jpg 332w, https:\/\/webdelmaestrocmf.com\/portal\/wp-content\/uploads\/2025\/11\/Copia-de-Copia-de-Mapas-mentales-para-profesores-664x830.jpg 664w, https:\/\/webdelmaestrocmf.com\/portal\/wp-content\/uploads\/2025\/11\/Copia-de-Copia-de-Mapas-mentales-para-profesores-688x860.jpg 688w, https:\/\/webdelmaestrocmf.com\/portal\/wp-content\/uploads\/2025\/11\/Copia-de-Copia-de-Mapas-mentales-para-profesores-1044x1305.jpg 1044w, https:\/\/webdelmaestrocmf.com\/portal\/wp-content\/uploads\/2025\/11\/Copia-de-Copia-de-Mapas-mentales-para-profesores.jpg 1080w\" sizes=\"auto, (max-width: 819px) 100vw, 819px\" \/><\/figure>\n\n\n\n<h2 class=\"wp-block-heading\">Una colecci\u00f3n completa y lista para personalizar<\/h2>\n\n\n\n<p class=\"wp-block-paragraph\">El pack de descarga incluye todo lo necesario para construir una agenda funcional, est\u00e9tica y ajustada a distintos estilos de trabajo. Al registrarse, los usuarios reciben:<\/p>\n\n\n\n<ul class=\"wp-block-list\">\n<li>Plantilla de agenda diaria, pensada para quienes requieren un nivel de detalle profundo en la planificaci\u00f3n.<\/li>\n\n\n\n<li>Plantilla de agenda semanal, ideal para visualizar de forma clara el panorama de toda la semana.<\/li>\n\n\n\n<li>Tres tama\u00f1os est\u00e1ndar: A5, A4 y un formato intermedio de 17 x 24 cm.<\/li>\n\n\n\n<li>Portadas editables en PDF y Word, dise\u00f1adas para personalizar el estilo visual de la agenda.<\/li>\n\n\n\n<li>Archivos imprimibles listos para uso dom\u00e9stico o para impresi\u00f3n profesional en offset o digital.<\/li>\n<\/ul>\n\n\n\n<p class=\"wp-block-paragraph\">Gracias a esta estructura vers\u00e1til, docentes, estudiantes, creadores y marcas pueden adaptar las plantillas a sus proyectos personales o profesionales sin necesidad de conocimientos avanzados en dise\u00f1o.<\/p>\n\n\n\n<h2 class=\"wp-block-heading\">\u00bfQui\u00e9nes se benefician de estas plantillas?<\/h2>\n\n\n\n<p class=\"wp-block-paragraph\">El material est\u00e1 pensado para una amplia variedad de usuarios:<\/p>\n\n\n\n<ul class=\"wp-block-list\">\n<li>Profesionales y emprendedores que requieren una planificaci\u00f3n rigurosa y adaptable.<\/li>\n\n\n\n<li>Estudiantes que necesitan organizar sus estudios con claridad y orden.<\/li>\n\n\n\n<li>Creativos y dise\u00f1adores que buscan plantillas editables para sus proyectos.<\/li>\n\n\n\n<li>Marcas y papeler\u00edas interesadas en desarrollar agendas personalizadas para sus clientes.<\/li>\n\n\n\n<li>Educadores que pueden convertir estas plantillas en herramientas de planificaci\u00f3n docente para el a\u00f1o escolar 2026.<\/li>\n<\/ul>\n\n\n\n<p class=\"wp-block-paragraph\">La calidad de la maquetaci\u00f3n permite que cada usuario construya una agenda funcional y visualmente armoniosa, manteniendo altos est\u00e1ndares de presentaci\u00f3n.<\/p>\n\n\n\n<h2 class=\"wp-block-heading\">Ventajas destacadas de las plantillas 2026<\/h2>\n\n\n\n<p class=\"wp-block-paragraph\">Las agendas destacan por su equilibrio entre est\u00e9tica, funcionalidad y facilidad de uso. Entre los beneficios m\u00e1s relevantes se encuentran:<\/p>\n\n\n\n<ul class=\"wp-block-list\">\n<li>Plantillas PDF de alta calidad, optimizadas para una impresi\u00f3n clara y precisa.<\/li>\n\n\n\n<li>Compatibilidad con impresi\u00f3n digital y offset.<\/li>\n\n\n\n<li>Dise\u00f1os pr\u00e1cticos y elegantes, pensados para mejorar la productividad.<\/li>\n\n\n\n<li>Facilidad de personalizaci\u00f3n para crear agendas \u00fanicas seg\u00fan cada necesidad.<\/li>\n\n\n\n<li>Acceso gratuito mediante registro.<\/li>\n<\/ul>\n\n\n\n<p class=\"wp-block-paragraph\">Estas ventajas posicionan a las plantillas como una soluci\u00f3n accesible y profesional para quienes buscan un recurso confiable sin costos adicionales.<\/p>\n\n\n\n<h2 class=\"wp-block-heading\">C\u00f3mo obtener y personalizar tu agenda 2026<\/h2>\n\n\n\n<p class=\"wp-block-paragraph\">El proceso de descarga es simple y seguro. Para acceder al pack, el usuario debe:<\/p>\n\n\n\n<ol class=\"wp-block-list\">\n<li>Completar el formulario de registro con su nombre y correo electr\u00f3nico.<\/li>\n\n\n\n<li>Recibir autom\u00e1ticamente el enlace de descarga del pack elegido.<\/li>\n\n\n\n<li>Seleccionar el dise\u00f1o, formato y tipo de agenda que mejor se adapte a su proyecto.<\/li>\n\n\n\n<li>Imprimir, personalizar y encuadernar la agenda seg\u00fan el estilo deseado.<\/li>\n<\/ol>\n\n\n\n<p class=\"wp-block-paragraph\">Este sistema permite que cualquier persona, desde un profesor que arma su planificaci\u00f3n anual hasta una marca que necesita un producto corporativo, pueda crear su propia agenda sin dificultades t\u00e9cnicas.<\/p>\n\n\n\n<h2 class=\"wp-block-heading\">Seguridad y privacidad garantizadas<\/h2>\n\n\n\n<p class=\"wp-block-paragraph\">La informaci\u00f3n del usuario se gestiona de forma responsable. El correo registrado se utiliza exclusivamente para enviar el pack de plantillas y recursos relacionados con agendas y papeler\u00eda personalizada. No se comparte con terceros ni se emplea para comunicaciones ajenas al prop\u00f3sito principal de la descarga.<\/p>\n\n\n\n<p class=\"has-text-align-right wp-block-paragraph\"><strong>Redacci\u00f3n | Web del Maestro CMF<\/strong><\/p>\n\n\n\n<p class=\"has-text-align-center wp-block-paragraph\">MATERIAL DE DESCARGA: <a href=\"https:\/\/drive.google.com\/drive\/folders\/1nAzFH1U0KBnzworo2Q2N-MoqpnJSUst3?usp=sharing\" target=\"_blank\" rel=\"noreferrer noopener\">DESCARGA LA AGENDA 2026<\/a> (RECOMENDAMOS DESCARGAR EL ARCHIVO ZIP COMPLETO, YA QUE INCLUYE TODOS LOS TAMA\u00d1OS DISPONIBLES)<\/p>\n\n\n\n<p class=\"wp-block-paragraph\">\t\t<div class=\"pk-inline-posts\">\n\t\t\t\n\t\t\t<div class=\"pk-inline-posts-container pk-inline-posts-template-list\"\n\t\t\t\tdata-columns=\"1\">\n\t\t\t\t\t\t<article id=\"post-115013\" class=\"post-115013 post type-post status-publish format-standard has-post-thumbnail category-agenda category-descarga category-pedagogia tag-agenda-2026 tag-agenda-gratuita tag-agenda-para-imprimir tag-herramientas-educativas tag-material-imprimible tag-organizacion-personal tag-planificacion-anual tag-planificador-anual tag-recursos-educativos cs-entry cs-video-wrap\">\n\t\t\t<div class=\"pk-post-outer\">\n\n\t\t\t\t\t\t\t\t<div class=\"pk-post-inner\">\n\t\t\t\t\t<div class=\"entry-thumbnail\">\n\t\t\t\t\t\t<div class=\"pk-overlay pk-overlay-ratio pk-ratio-landscape\">\n\t\t\t\t\t\t\t<div class=\"pk-overlay-background\">\n\t\t\t\t\t\t\t\t<a href=\"https:\/\/webdelmaestrocmf.com\/portal\/nueva-agenda-2026-para-descargar-e-imprimir-o-usar-en-digital-organiza-tu-ano-con-claridad-y-estilo\/\" class=\"pk-overlay-link\">\n\t\t\t\t\t\t\t\t\t<img loading=\"lazy\" decoding=\"async\" width=\"300\" height=\"225\" src=\"https:\/\/webdelmaestrocmf.com\/portal\/wp-content\/uploads\/2026\/01\/1A-Banner-1-portada-imagen-10-1-copia-22-300x225.webp\" class=\"attachment-pk-thumbnail size-pk-thumbnail wp-post-image\" alt=\"\" \/>\t\t\t\t\t\t\t\t<\/a>\n\t\t\t\t\t\t\t<\/div>\n\t\t\t\t\t\t<\/div>\n\t\t\t\t\t<\/div>\n\t\t\t\t<\/div>\n\t\t\t\t\n\t\t\t\t<div class=\"pk-post-inner\">\n\t\t\t\t\t<header>\n\t\t\t\t\t\t<h3 class=\"pk-title\"><a href=\"https:\/\/webdelmaestrocmf.com\/portal\/nueva-agenda-2026-para-descargar-e-imprimir-o-usar-en-digital-organiza-tu-ano-con-claridad-y-estilo\/\" rel=\"bookmark\">Nueva agenda 2026 para Descargar e Imprimir o  usar en digital: Organiza tu A\u00f1o con Claridad y Estilo<\/a><\/h3>\t\t\t\t\t<\/header><!-- .entry-header -->\n\t\t\t\t<\/div><!-- .post-inner -->\n\n\t\t\t<\/div><!-- .post-outer -->\n\t\t<\/article>\n\t\t\t<article id=\"post-114580\" class=\"post-114580 post type-post status-publish format-standard has-post-thumbnail category-agenda category-pedagogia tag-agenda-digital-docentes tag-agenda-educativa tag-gestion-del-tiempo-docente tag-herramientas-docentes tag-organizacion-pedagogica tag-planificacion-docente tag-planificacion-escolar tag-productividad-docente tag-recursos-educativos cs-entry cs-video-wrap\">\n\t\t\t<div class=\"pk-post-outer\">\n\n\t\t\t\t\t\t\t\t<div class=\"pk-post-inner\">\n\t\t\t\t\t<div class=\"entry-thumbnail\">\n\t\t\t\t\t\t<div class=\"pk-overlay pk-overlay-ratio pk-ratio-landscape\">\n\t\t\t\t\t\t\t<div class=\"pk-overlay-background\">\n\t\t\t\t\t\t\t\t<a href=\"https:\/\/webdelmaestrocmf.com\/portal\/descarga-la-agenda-digital-2026-para-docentes-funciona-en-cualquier-dispositivo-movil-y-facilita-la-planificacion-el-orden-y-el-enfoque-pedagogico\/\" class=\"pk-overlay-link\">\n\t\t\t\t\t\t\t\t\t<img loading=\"lazy\" decoding=\"async\" width=\"300\" height=\"225\" src=\"https:\/\/webdelmaestrocmf.com\/portal\/wp-content\/uploads\/2026\/01\/1A-Banner-1-portada-imagen-10-1-copia-6-300x225.webp\" class=\"attachment-pk-thumbnail size-pk-thumbnail wp-post-image\" alt=\"\" \/>\t\t\t\t\t\t\t\t<\/a>\n\t\t\t\t\t\t\t<\/div>\n\t\t\t\t\t\t<\/div>\n\t\t\t\t\t<\/div>\n\t\t\t\t<\/div>\n\t\t\t\t\n\t\t\t\t<div class=\"pk-post-inner\">\n\t\t\t\t\t<header>\n\t\t\t\t\t\t<h3 class=\"pk-title\"><a href=\"https:\/\/webdelmaestrocmf.com\/portal\/descarga-la-agenda-digital-2026-para-docentes-funciona-en-cualquier-dispositivo-movil-y-facilita-la-planificacion-el-orden-y-el-enfoque-pedagogico\/\" rel=\"bookmark\">Descarga la agenda digital 2026 para docentes: funciona en cualquier dispositivo m\u00f3vil y facilita la planificaci\u00f3n, el orden y el enfoque pedag\u00f3gico<\/a><\/h3>\t\t\t\t\t<\/header><!-- .entry-header -->\n\t\t\t\t<\/div><!-- .post-inner -->\n\n\t\t\t<\/div><!-- .post-outer -->\n\t\t<\/article>\n\t\t\t<article id=\"post-114078\" class=\"post-114078 post type-post status-publish format-standard has-post-thumbnail category-agenda category-pedagogia tag-agenda-2026 tag-agenda-diaria tag-agenda-docente tag-gestion-del-tiempo tag-organizacion-escolar tag-planificacion-docente tag-planificacion-educativa tag-recursos-docentes tag-vida-docente cs-entry cs-video-wrap\">\n\t\t\t<div class=\"pk-post-outer\">\n\n\t\t\t\t\t\t\t\t<div class=\"pk-post-inner\">\n\t\t\t\t\t<div class=\"entry-thumbnail\">\n\t\t\t\t\t\t<div class=\"pk-overlay pk-overlay-ratio pk-ratio-landscape\">\n\t\t\t\t\t\t\t<div class=\"pk-overlay-background\">\n\t\t\t\t\t\t\t\t<a href=\"https:\/\/webdelmaestrocmf.com\/portal\/agenda-diaria-2026-para-docentes-una-herramienta-clave-para-organizar-el-ano-escolar-con-claridad-y-equilibrio\/\" class=\"pk-overlay-link\">\n\t\t\t\t\t\t\t\t\t<img loading=\"lazy\" decoding=\"async\" width=\"300\" height=\"225\" src=\"https:\/\/webdelmaestrocmf.com\/portal\/wp-content\/uploads\/2025\/12\/1A-Banner-1-portada-imagen-10-1-copia-17-300x225.webp\" class=\"attachment-pk-thumbnail size-pk-thumbnail wp-post-image\" alt=\"\" \/>\t\t\t\t\t\t\t\t<\/a>\n\t\t\t\t\t\t\t<\/div>\n\t\t\t\t\t\t<\/div>\n\t\t\t\t\t<\/div>\n\t\t\t\t<\/div>\n\t\t\t\t\n\t\t\t\t<div class=\"pk-post-inner\">\n\t\t\t\t\t<header>\n\t\t\t\t\t\t<h3 class=\"pk-title\"><a href=\"https:\/\/webdelmaestrocmf.com\/portal\/agenda-diaria-2026-para-docentes-una-herramienta-clave-para-organizar-el-ano-escolar-con-claridad-y-equilibrio\/\" rel=\"bookmark\">Agenda diaria 2026 para docentes: una herramienta clave para organizar el a\u00f1o escolar con claridad y equilibrio<\/a><\/h3>\t\t\t\t\t<\/header><!-- .entry-header -->\n\t\t\t\t<\/div><!-- .post-inner -->\n\n\t\t\t<\/div><!-- .post-outer -->\n\t\t<\/article>\n\t\t\t\t<\/div>\n\t\t<\/div>\n\t\t<\/p>\n","protected":false},"excerpt":{"rendered":"Organiza tu a\u00f1o con precisi\u00f3n y estilo gracias a plantillas profesionales, editables y gratuitas, listas para imprimir y personalizar seg\u00fan tus necesidades.","protected":false},"author":1,"featured_media":113741,"comment_status":"open","ping_status":"closed","sticky":false,"template":"","format":"standard","meta":{"_jetpack_newsletter_access":"","_jetpack_dont_email_post_to_subs":false,"_jetpack_newsletter_tier_id":0,"_jetpack_memberships_contains_paywalled_content":false,"csco_display_header_overlay":false,"csco_singular_sidebar":"","csco_page_header_type":"","csco_page_load_nextpost":"","csco_post_video_location":[],"csco_post_video_location_hash":"","csco_post_video_url":"","csco_post_video_bg_start_time":0,"csco_post_video_bg_end_time":0,"csco_post_video_bg_volume":false,"_jetpack_feature_clip_id":0,"_jetpack_memberships_contains_paid_content":false,"footnotes":"","jetpack_post_was_ever_published":false},"categories":[18408,735],"tags":[24627,24636,24639,24637,24642,24634,24628,24638,24632,24641,19389,24640,24630,24635,24629,24631,24633,24644,24643],"class_list":["post-113734","post","type-post","status-publish","format-standard","has-post-thumbnail","category-agenda","category-pedagogia","tag-agenda-2026","tag-agenda-a4","tag-agenda-a5","tag-agenda-personalizada","tag-agenda-profesional","tag-agendas-imprimibles","tag-descargar-agenda-2026","tag-descargar-plantillas-gratis","tag-diseno-de-agendas","tag-lozano-impresores","tag-organizacion-personal","tag-papeleria-personalizada","tag-planificacion-anual","tag-plantilla-diaria","tag-plantilla-semanal","tag-plantillas-agenda-pdf","tag-portadas-editables","tag-productividad-2026","tag-recursos-imprimibles","cs-entry","cs-video-wrap"],"yoast_head":"<!-- This site is optimized with the Yoast SEO plugin v28.4 - https:\/\/yoast.com\/product\/yoast-seo-wordpress\/ -->\n<title>Agenda 2026 en PDF: una herramienta gratuita para organizar tu a\u00f1o con profesionalismo - 2026<\/title>\n<meta name=\"description\" content=\"En un contexto donde la personalizaci\u00f3n y la eficiencia son claves, contar con una agenda adaptada a las propias necesidades es fundamental.\" \/>\n<meta name=\"robots\" content=\"index, follow, max-snippet:-1, max-image-preview:large, max-video-preview:-1\" \/>\n<link rel=\"canonical\" href=\"https:\/\/webdelmaestrocmf.com\/portal\/agenda-2026-en-pdf-una-herramienta-gratuita-para-organizar-tu-ano-con-profesionalismo\/\" \/>\n<meta property=\"og:locale\" content=\"es_ES\" \/>\n<meta property=\"og:type\" content=\"article\" \/>\n<meta property=\"og:title\" content=\"Agenda 2026 en PDF: una herramienta gratuita para organizar tu a\u00f1o con profesionalismo - 2026\" \/>\n<meta property=\"og:description\" content=\"En un contexto donde la personalizaci\u00f3n y la eficiencia son claves, contar con una agenda adaptada a las propias necesidades es fundamental.\" \/>\n<meta property=\"og:url\" content=\"https:\/\/webdelmaestrocmf.com\/portal\/agenda-2026-en-pdf-una-herramienta-gratuita-para-organizar-tu-ano-con-profesionalismo\/\" \/>\n<meta property=\"og:site_name\" content=\"Web del Maestro CMF\" \/>\n<meta property=\"article:publisher\" content=\"https:\/\/www.facebook.com\/WebdelMaestroCMF\/\" \/>\n<meta property=\"article:author\" content=\"https:\/\/www.facebook.com\/WebdelMaestroCMF\/\" \/>\n<meta property=\"article:published_time\" content=\"2025-11-30T00:31:02+00:00\" \/>\n<meta property=\"article:modified_time\" content=\"2025-11-30T00:46:04+00:00\" \/>\n<meta property=\"og:image\" content=\"https:\/\/webdelmaestrocmf.com\/portal\/wp-content\/uploads\/2025\/11\/Portada-descarga-5-1.jpg\" \/>\n\t<meta property=\"og:image:width\" content=\"1000\" \/>\n\t<meta property=\"og:image:height\" content=\"667\" \/>\n\t<meta property=\"og:image:type\" content=\"image\/jpeg\" \/>\n<meta name=\"author\" content=\"Web del Maestro CMF\" \/>\n<meta name=\"twitter:card\" content=\"summary_large_image\" \/>\n<meta name=\"twitter:creator\" content=\"@cmf_w\" \/>\n<meta name=\"twitter:site\" content=\"@cmf_w\" \/>\n<script type=\"application\/ld+json\" class=\"yoast-schema-graph\">{\"@context\":\"https:\\\/\\\/schema.org\",\"@graph\":[{\"@type\":\"ScholarlyArticle\",\"@id\":\"https:\\\/\\\/webdelmaestrocmf.com\\\/portal\\\/agenda-2026-en-pdf-una-herramienta-gratuita-para-organizar-tu-ano-con-profesionalismo\\\/#article\",\"isPartOf\":{\"@id\":\"https:\\\/\\\/webdelmaestrocmf.com\\\/portal\\\/agenda-2026-en-pdf-una-herramienta-gratuita-para-organizar-tu-ano-con-profesionalismo\\\/\"},\"author\":{\"name\":\"Web del Maestro CMF\",\"@id\":\"https:\\\/\\\/webdelmaestrocmf.com\\\/portal\\\/#\\\/schema\\\/person\\\/1072a2ed7bd960df8ef99a551fa35dc5\"},\"headline\":\"Agenda 2026 en PDF: una herramienta gratuita para organizar tu a\u00f1o con profesionalismo\",\"datePublished\":\"2025-11-30T00:31:02+00:00\",\"dateModified\":\"2025-11-30T00:46:04+00:00\",\"mainEntityOfPage\":{\"@id\":\"https:\\\/\\\/webdelmaestrocmf.com\\\/portal\\\/agenda-2026-en-pdf-una-herramienta-gratuita-para-organizar-tu-ano-con-profesionalismo\\\/\"},\"wordCount\":681,\"commentCount\":0,\"publisher\":{\"@id\":\"https:\\\/\\\/webdelmaestrocmf.com\\\/portal\\\/#organization\"},\"image\":{\"@id\":\"https:\\\/\\\/webdelmaestrocmf.com\\\/portal\\\/agenda-2026-en-pdf-una-herramienta-gratuita-para-organizar-tu-ano-con-profesionalismo\\\/#primaryimage\"},\"thumbnailUrl\":\"https:\\\/\\\/webdelmaestrocmf.com\\\/portal\\\/wp-content\\\/uploads\\\/2025\\\/11\\\/Portada-descarga-5-1.jpg\",\"keywords\":[\"agenda 2026\",\"agenda a4\",\"agenda a5\",\"agenda personalizada\",\"agenda profesional\",\"agendas imprimibles\",\"descargar agenda 2026\",\"descargar plantillas gratis\",\"dise\u00f1o de agendas\",\"lozano impresores\",\"Organizaci\u00f3n personal\",\"papeler\u00eda personalizada\",\"planificaci\u00f3n anual\",\"plantilla diaria\",\"plantilla semanal\",\"plantillas agenda pdf\",\"portadas editables\",\"productividad 2026\",\"recursos imprimibles\"],\"articleSection\":[\"Agenda\",\"Recursos\"],\"inLanguage\":\"es\",\"potentialAction\":[{\"@type\":\"CommentAction\",\"name\":\"Comment\",\"target\":[\"https:\\\/\\\/webdelmaestrocmf.com\\\/portal\\\/agenda-2026-en-pdf-una-herramienta-gratuita-para-organizar-tu-ano-con-profesionalismo\\\/#respond\"]}]},{\"@type\":\"WebPage\",\"@id\":\"https:\\\/\\\/webdelmaestrocmf.com\\\/portal\\\/agenda-2026-en-pdf-una-herramienta-gratuita-para-organizar-tu-ano-con-profesionalismo\\\/\",\"url\":\"https:\\\/\\\/webdelmaestrocmf.com\\\/portal\\\/agenda-2026-en-pdf-una-herramienta-gratuita-para-organizar-tu-ano-con-profesionalismo\\\/\",\"name\":\"Agenda 2026 en PDF: una herramienta gratuita para organizar tu a\u00f1o con profesionalismo - 2026\",\"isPartOf\":{\"@id\":\"https:\\\/\\\/webdelmaestrocmf.com\\\/portal\\\/#website\"},\"primaryImageOfPage\":{\"@id\":\"https:\\\/\\\/webdelmaestrocmf.com\\\/portal\\\/agenda-2026-en-pdf-una-herramienta-gratuita-para-organizar-tu-ano-con-profesionalismo\\\/#primaryimage\"},\"image\":{\"@id\":\"https:\\\/\\\/webdelmaestrocmf.com\\\/portal\\\/agenda-2026-en-pdf-una-herramienta-gratuita-para-organizar-tu-ano-con-profesionalismo\\\/#primaryimage\"},\"thumbnailUrl\":\"https:\\\/\\\/webdelmaestrocmf.com\\\/portal\\\/wp-content\\\/uploads\\\/2025\\\/11\\\/Portada-descarga-5-1.jpg\",\"datePublished\":\"2025-11-30T00:31:02+00:00\",\"dateModified\":\"2025-11-30T00:46:04+00:00\",\"description\":\"En un contexto donde la personalizaci\u00f3n y la eficiencia son claves, contar con una agenda adaptada a las propias necesidades es fundamental.\",\"breadcrumb\":{\"@id\":\"https:\\\/\\\/webdelmaestrocmf.com\\\/portal\\\/agenda-2026-en-pdf-una-herramienta-gratuita-para-organizar-tu-ano-con-profesionalismo\\\/#breadcrumb\"},\"inLanguage\":\"es\",\"potentialAction\":[{\"@type\":\"ReadAction\",\"target\":[\"https:\\\/\\\/webdelmaestrocmf.com\\\/portal\\\/agenda-2026-en-pdf-una-herramienta-gratuita-para-organizar-tu-ano-con-profesionalismo\\\/\"]}]},{\"@type\":\"ImageObject\",\"inLanguage\":\"es\",\"@id\":\"https:\\\/\\\/webdelmaestrocmf.com\\\/portal\\\/agenda-2026-en-pdf-una-herramienta-gratuita-para-organizar-tu-ano-con-profesionalismo\\\/#primaryimage\",\"url\":\"https:\\\/\\\/webdelmaestrocmf.com\\\/portal\\\/wp-content\\\/uploads\\\/2025\\\/11\\\/Portada-descarga-5-1.jpg\",\"contentUrl\":\"https:\\\/\\\/webdelmaestrocmf.com\\\/portal\\\/wp-content\\\/uploads\\\/2025\\\/11\\\/Portada-descarga-5-1.jpg\",\"width\":1000,\"height\":667},{\"@type\":\"BreadcrumbList\",\"@id\":\"https:\\\/\\\/webdelmaestrocmf.com\\\/portal\\\/agenda-2026-en-pdf-una-herramienta-gratuita-para-organizar-tu-ano-con-profesionalismo\\\/#breadcrumb\",\"itemListElement\":[{\"@type\":\"ListItem\",\"position\":1,\"name\":\"Portada\",\"item\":\"https:\\\/\\\/webdelmaestrocmf.com\\\/portal\\\/\"},{\"@type\":\"ListItem\",\"position\":2,\"name\":\"Recursos\",\"item\":\"https:\\\/\\\/webdelmaestrocmf.com\\\/portal\\\/category\\\/pedagogia\\\/\"},{\"@type\":\"ListItem\",\"position\":3,\"name\":\"Agenda 2026 en PDF: una herramienta gratuita para organizar tu a\u00f1o con profesionalismo\"}]},{\"@type\":\"WebSite\",\"@id\":\"https:\\\/\\\/webdelmaestrocmf.com\\\/portal\\\/#website\",\"url\":\"https:\\\/\\\/webdelmaestrocmf.com\\\/portal\\\/\",\"name\":\"Web del Maestro CMF\",\"description\":\"Maestros al servicio de la educaci\u00f3n\",\"publisher\":{\"@id\":\"https:\\\/\\\/webdelmaestrocmf.com\\\/portal\\\/#organization\"},\"alternateName\":\"WMCMF\",\"potentialAction\":[{\"@type\":\"SearchAction\",\"target\":{\"@type\":\"EntryPoint\",\"urlTemplate\":\"https:\\\/\\\/webdelmaestrocmf.com\\\/portal\\\/?s={search_term_string}\"},\"query-input\":{\"@type\":\"PropertyValueSpecification\",\"valueRequired\":true,\"valueName\":\"search_term_string\"}}],\"inLanguage\":\"es\"},{\"@type\":\"Organization\",\"@id\":\"https:\\\/\\\/webdelmaestrocmf.com\\\/portal\\\/#organization\",\"name\":\"Web del Maestro CMF\",\"alternateName\":\"WMCMF\",\"url\":\"https:\\\/\\\/webdelmaestrocmf.com\\\/portal\\\/\",\"logo\":{\"@type\":\"ImageObject\",\"inLanguage\":\"es\",\"@id\":\"https:\\\/\\\/webdelmaestrocmf.com\\\/portal\\\/#\\\/schema\\\/logo\\\/image\\\/\",\"url\":\"https:\\\/\\\/webdelmaestrocmf.com\\\/portal\\\/wp-content\\\/uploads\\\/2023\\\/01\\\/logo-wmcmf-2.png\",\"contentUrl\":\"https:\\\/\\\/webdelmaestrocmf.com\\\/portal\\\/wp-content\\\/uploads\\\/2023\\\/01\\\/logo-wmcmf-2.png\",\"width\":200,\"height\":60,\"caption\":\"Web del Maestro CMF\"},\"image\":{\"@id\":\"https:\\\/\\\/webdelmaestrocmf.com\\\/portal\\\/#\\\/schema\\\/logo\\\/image\\\/\"},\"sameAs\":[\"https:\\\/\\\/www.facebook.com\\\/WebdelMaestroCMF\\\/\",\"https:\\\/\\\/x.com\\\/cmf_w\",\"https:\\\/\\\/www.pinterest.com\\\/WMCMF\\\/\",\"https:\\\/\\\/www.linkedin.com\\\/company\\\/web-del-maestro-cmf\\\/\",\"https:\\\/\\\/www.instagram.com\\\/wmcmf\\\/\",\"https:\\\/\\\/www.youtube.com\\\/channel\\\/UCDPSvjbdodE5sHnC3OxutHw\",\"https:\\\/\\\/mastodon.social\\\/@wmcmf\",\"https:\\\/\\\/www.tiktok.com\\\/@webdelmaestrocmf\"]},{\"@type\":\"Person\",\"@id\":\"https:\\\/\\\/webdelmaestrocmf.com\\\/portal\\\/#\\\/schema\\\/person\\\/1072a2ed7bd960df8ef99a551fa35dc5\",\"name\":\"Web del Maestro CMF\",\"image\":{\"@type\":\"ImageObject\",\"inLanguage\":\"es\",\"@id\":\"https:\\\/\\\/secure.gravatar.com\\\/avatar\\\/23291dd5b5ae1077dcff3dbb04c3e02bd28403fa75af6d8787d5e97c5bbbe30b?s=96&d=mm&r=g\",\"url\":\"https:\\\/\\\/secure.gravatar.com\\\/avatar\\\/23291dd5b5ae1077dcff3dbb04c3e02bd28403fa75af6d8787d5e97c5bbbe30b?s=96&d=mm&r=g\",\"contentUrl\":\"https:\\\/\\\/secure.gravatar.com\\\/avatar\\\/23291dd5b5ae1077dcff3dbb04c3e02bd28403fa75af6d8787d5e97c5bbbe30b?s=96&d=mm&r=g\",\"caption\":\"Web del Maestro CMF\"},\"description\":\"Esta Web se cre\u00f3 sin fines de lucro, con fines educativos, cient\u00edficos y acad\u00e9micos, para personas que tengan dificultades y\\\/o inconvenientes en visualizar el material original. El objetivo es entregar recursos, compartir experiencias y materiales que ayuden a los padres de familia, maestros y estudiantes en su actualizaci\u00f3n y formaci\u00f3n permanente, en bien de la Educaci\u00f3n.\",\"sameAs\":[\"http:\\\/\\\/webdelmaestrocmf.com\\\/portal\",\"https:\\\/\\\/www.facebook.com\\\/WebdelMaestroCMF\\\/\",\"https:\\\/\\\/www.instagram.com\\\/wmcmf\\\/\",\"https:\\\/\\\/cl.linkedin.com\\\/company\\\/web-del-maestro-cmf\",\"https:\\\/\\\/www.pinterest.com\\\/WMCMF\\\/publicaciones\\\/\",\"https:\\\/\\\/x.com\\\/cmf_w\",\"https:\\\/\\\/www.youtube.com\\\/@WMCMF\"]}]}<\/script>\n<!-- \/ Yoast SEO plugin. -->","yoast_head_json":{"title":"Agenda 2026 en PDF: una herramienta gratuita para organizar tu a\u00f1o con profesionalismo - 2026","description":"En un contexto donde la personalizaci\u00f3n y la eficiencia son claves, contar con una agenda adaptada a las propias necesidades es fundamental.","robots":{"index":"index","follow":"follow","max-snippet":"max-snippet:-1","max-image-preview":"max-image-preview:large","max-video-preview":"max-video-preview:-1"},"canonical":"https:\/\/webdelmaestrocmf.com\/portal\/agenda-2026-en-pdf-una-herramienta-gratuita-para-organizar-tu-ano-con-profesionalismo\/","og_locale":"es_ES","og_type":"article","og_title":"Agenda 2026 en PDF: una herramienta gratuita para organizar tu a\u00f1o con profesionalismo - 2026","og_description":"En un contexto donde la personalizaci\u00f3n y la eficiencia son claves, contar con una agenda adaptada a las propias necesidades es fundamental.","og_url":"https:\/\/webdelmaestrocmf.com\/portal\/agenda-2026-en-pdf-una-herramienta-gratuita-para-organizar-tu-ano-con-profesionalismo\/","og_site_name":"Web del Maestro CMF","article_publisher":"https:\/\/www.facebook.com\/WebdelMaestroCMF\/","article_author":"https:\/\/www.facebook.com\/WebdelMaestroCMF\/","article_published_time":"2025-11-30T00:31:02+00:00","article_modified_time":"2025-11-30T00:46:04+00:00","og_image":[{"width":1000,"height":667,"url":"https:\/\/webdelmaestrocmf.com\/portal\/wp-content\/uploads\/2025\/11\/Portada-descarga-5-1.jpg","type":"image\/jpeg"}],"author":"Web del Maestro CMF","twitter_card":"summary_large_image","twitter_creator":"@cmf_w","twitter_site":"@cmf_w","schema":{"@context":"https:\/\/schema.org","@graph":[{"@type":"ScholarlyArticle","@id":"https:\/\/webdelmaestrocmf.com\/portal\/agenda-2026-en-pdf-una-herramienta-gratuita-para-organizar-tu-ano-con-profesionalismo\/#article","isPartOf":{"@id":"https:\/\/webdelmaestrocmf.com\/portal\/agenda-2026-en-pdf-una-herramienta-gratuita-para-organizar-tu-ano-con-profesionalismo\/"},"author":{"name":"Web del Maestro CMF","@id":"https:\/\/webdelmaestrocmf.com\/portal\/#\/schema\/person\/1072a2ed7bd960df8ef99a551fa35dc5"},"headline":"Agenda 2026 en PDF: una herramienta gratuita para organizar tu a\u00f1o con profesionalismo","datePublished":"2025-11-30T00:31:02+00:00","dateModified":"2025-11-30T00:46:04+00:00","mainEntityOfPage":{"@id":"https:\/\/webdelmaestrocmf.com\/portal\/agenda-2026-en-pdf-una-herramienta-gratuita-para-organizar-tu-ano-con-profesionalismo\/"},"wordCount":681,"commentCount":0,"publisher":{"@id":"https:\/\/webdelmaestrocmf.com\/portal\/#organization"},"image":{"@id":"https:\/\/webdelmaestrocmf.com\/portal\/agenda-2026-en-pdf-una-herramienta-gratuita-para-organizar-tu-ano-con-profesionalismo\/#primaryimage"},"thumbnailUrl":"https:\/\/webdelmaestrocmf.com\/portal\/wp-content\/uploads\/2025\/11\/Portada-descarga-5-1.jpg","keywords":["agenda 2026","agenda a4","agenda a5","agenda personalizada","agenda profesional","agendas imprimibles","descargar agenda 2026","descargar plantillas gratis","dise\u00f1o de agendas","lozano impresores","Organizaci\u00f3n personal","papeler\u00eda personalizada","planificaci\u00f3n anual","plantilla diaria","plantilla semanal","plantillas agenda pdf","portadas editables","productividad 2026","recursos imprimibles"],"articleSection":["Agenda","Recursos"],"inLanguage":"es","potentialAction":[{"@type":"CommentAction","name":"Comment","target":["https:\/\/webdelmaestrocmf.com\/portal\/agenda-2026-en-pdf-una-herramienta-gratuita-para-organizar-tu-ano-con-profesionalismo\/#respond"]}]},{"@type":"WebPage","@id":"https:\/\/webdelmaestrocmf.com\/portal\/agenda-2026-en-pdf-una-herramienta-gratuita-para-organizar-tu-ano-con-profesionalismo\/","url":"https:\/\/webdelmaestrocmf.com\/portal\/agenda-2026-en-pdf-una-herramienta-gratuita-para-organizar-tu-ano-con-profesionalismo\/","name":"Agenda 2026 en PDF: una herramienta gratuita para organizar tu a\u00f1o con profesionalismo - 2026","isPartOf":{"@id":"https:\/\/webdelmaestrocmf.com\/portal\/#website"},"primaryImageOfPage":{"@id":"https:\/\/webdelmaestrocmf.com\/portal\/agenda-2026-en-pdf-una-herramienta-gratuita-para-organizar-tu-ano-con-profesionalismo\/#primaryimage"},"image":{"@id":"https:\/\/webdelmaestrocmf.com\/portal\/agenda-2026-en-pdf-una-herramienta-gratuita-para-organizar-tu-ano-con-profesionalismo\/#primaryimage"},"thumbnailUrl":"https:\/\/webdelmaestrocmf.com\/portal\/wp-content\/uploads\/2025\/11\/Portada-descarga-5-1.jpg","datePublished":"2025-11-30T00:31:02+00:00","dateModified":"2025-11-30T00:46:04+00:00","description":"En un contexto donde la personalizaci\u00f3n y la eficiencia son claves, contar con una agenda adaptada a las propias necesidades es fundamental.","breadcrumb":{"@id":"https:\/\/webdelmaestrocmf.com\/portal\/agenda-2026-en-pdf-una-herramienta-gratuita-para-organizar-tu-ano-con-profesionalismo\/#breadcrumb"},"inLanguage":"es","potentialAction":[{"@type":"ReadAction","target":["https:\/\/webdelmaestrocmf.com\/portal\/agenda-2026-en-pdf-una-herramienta-gratuita-para-organizar-tu-ano-con-profesionalismo\/"]}]},{"@type":"ImageObject","inLanguage":"es","@id":"https:\/\/webdelmaestrocmf.com\/portal\/agenda-2026-en-pdf-una-herramienta-gratuita-para-organizar-tu-ano-con-profesionalismo\/#primaryimage","url":"https:\/\/webdelmaestrocmf.com\/portal\/wp-content\/uploads\/2025\/11\/Portada-descarga-5-1.jpg","contentUrl":"https:\/\/webdelmaestrocmf.com\/portal\/wp-content\/uploads\/2025\/11\/Portada-descarga-5-1.jpg","width":1000,"height":667},{"@type":"BreadcrumbList","@id":"https:\/\/webdelmaestrocmf.com\/portal\/agenda-2026-en-pdf-una-herramienta-gratuita-para-organizar-tu-ano-con-profesionalismo\/#breadcrumb","itemListElement":[{"@type":"ListItem","position":1,"name":"Portada","item":"https:\/\/webdelmaestrocmf.com\/portal\/"},{"@type":"ListItem","position":2,"name":"Recursos","item":"https:\/\/webdelmaestrocmf.com\/portal\/category\/pedagogia\/"},{"@type":"ListItem","position":3,"name":"Agenda 2026 en PDF: una herramienta gratuita para organizar tu a\u00f1o con profesionalismo"}]},{"@type":"WebSite","@id":"https:\/\/webdelmaestrocmf.com\/portal\/#website","url":"https:\/\/webdelmaestrocmf.com\/portal\/","name":"Web del Maestro CMF","description":"Maestros al servicio de la educaci\u00f3n","publisher":{"@id":"https:\/\/webdelmaestrocmf.com\/portal\/#organization"},"alternateName":"WMCMF","potentialAction":[{"@type":"SearchAction","target":{"@type":"EntryPoint","urlTemplate":"https:\/\/webdelmaestrocmf.com\/portal\/?s={search_term_string}"},"query-input":{"@type":"PropertyValueSpecification","valueRequired":true,"valueName":"search_term_string"}}],"inLanguage":"es"},{"@type":"Organization","@id":"https:\/\/webdelmaestrocmf.com\/portal\/#organization","name":"Web del Maestro CMF","alternateName":"WMCMF","url":"https:\/\/webdelmaestrocmf.com\/portal\/","logo":{"@type":"ImageObject","inLanguage":"es","@id":"https:\/\/webdelmaestrocmf.com\/portal\/#\/schema\/logo\/image\/","url":"https:\/\/webdelmaestrocmf.com\/portal\/wp-content\/uploads\/2023\/01\/logo-wmcmf-2.png","contentUrl":"https:\/\/webdelmaestrocmf.com\/portal\/wp-content\/uploads\/2023\/01\/logo-wmcmf-2.png","width":200,"height":60,"caption":"Web del Maestro CMF"},"image":{"@id":"https:\/\/webdelmaestrocmf.com\/portal\/#\/schema\/logo\/image\/"},"sameAs":["https:\/\/www.facebook.com\/WebdelMaestroCMF\/","https:\/\/x.com\/cmf_w","https:\/\/www.pinterest.com\/WMCMF\/","https:\/\/www.linkedin.com\/company\/web-del-maestro-cmf\/","https:\/\/www.instagram.com\/wmcmf\/","https:\/\/www.youtube.com\/channel\/UCDPSvjbdodE5sHnC3OxutHw","https:\/\/mastodon.social\/@wmcmf","https:\/\/www.tiktok.com\/@webdelmaestrocmf"]},{"@type":"Person","@id":"https:\/\/webdelmaestrocmf.com\/portal\/#\/schema\/person\/1072a2ed7bd960df8ef99a551fa35dc5","name":"Web del Maestro CMF","image":{"@type":"ImageObject","inLanguage":"es","@id":"https:\/\/secure.gravatar.com\/avatar\/23291dd5b5ae1077dcff3dbb04c3e02bd28403fa75af6d8787d5e97c5bbbe30b?s=96&d=mm&r=g","url":"https:\/\/secure.gravatar.com\/avatar\/23291dd5b5ae1077dcff3dbb04c3e02bd28403fa75af6d8787d5e97c5bbbe30b?s=96&d=mm&r=g","contentUrl":"https:\/\/secure.gravatar.com\/avatar\/23291dd5b5ae1077dcff3dbb04c3e02bd28403fa75af6d8787d5e97c5bbbe30b?s=96&d=mm&r=g","caption":"Web del Maestro CMF"},"description":"Esta Web se cre\u00f3 sin fines de lucro, con fines educativos, cient\u00edficos y acad\u00e9micos, para personas que tengan dificultades y\/o inconvenientes en visualizar el material original. El objetivo es entregar recursos, compartir experiencias y materiales que ayuden a los padres de familia, maestros y estudiantes en su actualizaci\u00f3n y formaci\u00f3n permanente, en bien de la Educaci\u00f3n.","sameAs":["http:\/\/webdelmaestrocmf.com\/portal","https:\/\/www.facebook.com\/WebdelMaestroCMF\/","https:\/\/www.instagram.com\/wmcmf\/","https:\/\/cl.linkedin.com\/company\/web-del-maestro-cmf","https:\/\/www.pinterest.com\/WMCMF\/publicaciones\/","https:\/\/x.com\/cmf_w","https:\/\/www.youtube.com\/@WMCMF"]}]}},"jetpack_sharing_enabled":true,"jetpack-related-posts":[{"id":115013,"url":"https:\/\/webdelmaestrocmf.com\/portal\/nueva-agenda-2026-para-descargar-e-imprimir-o-usar-en-digital-organiza-tu-ano-con-claridad-y-estilo\/","url_meta":{"origin":113734,"position":0},"title":"Nueva agenda 2026 para Descargar e Imprimir o  usar en digital: Organiza tu A\u00f1o con Claridad y Estilo","author":"Web del Maestro CMF","date":"28 enero, 2026","format":false,"excerpt":"Agenda 2026 gratuita para descargar e imprimir que organiza metas, tiempos y tareas con dise\u00f1o claro, flexible y \u00fatil educativo.","rel":"","context":"En \u00abAgenda\u00bb","block_context":{"text":"Agenda","link":"https:\/\/webdelmaestrocmf.com\/portal\/category\/pedagogia\/agenda\/"},"img":{"alt_text":"","src":"https:\/\/i0.wp.com\/webdelmaestrocmf.com\/portal\/wp-content\/uploads\/2026\/01\/1A-Banner-1-portada-imagen-10-1-copia-22.webp?resize=350%2C200&ssl=1","width":350,"height":200,"srcset":"https:\/\/i0.wp.com\/webdelmaestrocmf.com\/portal\/wp-content\/uploads\/2026\/01\/1A-Banner-1-portada-imagen-10-1-copia-22.webp?resize=350%2C200&ssl=1 1x, https:\/\/i0.wp.com\/webdelmaestrocmf.com\/portal\/wp-content\/uploads\/2026\/01\/1A-Banner-1-portada-imagen-10-1-copia-22.webp?resize=525%2C300&ssl=1 1.5x, https:\/\/i0.wp.com\/webdelmaestrocmf.com\/portal\/wp-content\/uploads\/2026\/01\/1A-Banner-1-portada-imagen-10-1-copia-22.webp?resize=700%2C400&ssl=1 2x"},"classes":[]},{"id":84194,"url":"https:\/\/webdelmaestrocmf.com\/portal\/cuaderno-y-agenda-del-docente-completo-para-imprimir\/","url_meta":{"origin":113734,"position":1},"title":"Agenda \/ Cuaderno del Docente 2026: planificaci\u00f3n de clases y planificador diario, gratuito y listo para imprimir","author":"Web del Maestro CMF","date":"18 enero, 2026","format":false,"excerpt":"Cuaderno docente PDF con horarios, agenda, fichas de alumnos, planificaci\u00f3n semanal y recursos para organizar clases, comunicaci\u00f3n familiar y actividades.","rel":"","context":"En \u00abDescargas Manuales PDF\u00bb","block_context":{"text":"Descargas Manuales PDF","link":"https:\/\/webdelmaestrocmf.com\/portal\/category\/pedagogia\/descargas-manuales-pdf\/"},"img":{"alt_text":"","src":"https:\/\/i0.wp.com\/webdelmaestrocmf.com\/portal\/wp-content\/uploads\/2025\/11\/1A-Banner-1-portada-imagen-10-1-copia-1-8.webp?resize=350%2C200&ssl=1","width":350,"height":200,"srcset":"https:\/\/i0.wp.com\/webdelmaestrocmf.com\/portal\/wp-content\/uploads\/2025\/11\/1A-Banner-1-portada-imagen-10-1-copia-1-8.webp?resize=350%2C200&ssl=1 1x, https:\/\/i0.wp.com\/webdelmaestrocmf.com\/portal\/wp-content\/uploads\/2025\/11\/1A-Banner-1-portada-imagen-10-1-copia-1-8.webp?resize=525%2C300&ssl=1 1.5x, https:\/\/i0.wp.com\/webdelmaestrocmf.com\/portal\/wp-content\/uploads\/2025\/11\/1A-Banner-1-portada-imagen-10-1-copia-1-8.webp?resize=700%2C400&ssl=1 2x"},"classes":[]},{"id":59325,"url":"https:\/\/webdelmaestrocmf.com\/portal\/calendarios-y-agenda-2021-para-maestros-gratuitas-e-imprimibles-en-word-y-pdf\/","url_meta":{"origin":113734,"position":2},"title":"Calendarios y Agenda para maestros (Gratuitas e imprimibles en Word y PDF)","author":"Web del Maestro CMF","date":"14 febrero, 2021","format":false,"excerpt":"Calendario para imprimir gratis 2021. Al fin ha llegado el calendario mensual imprimible perfecto, bonito y s\u00faper funcional. Util\u00edzalo como parte de tu planificaci\u00f3n diaria o decora tu rinc\u00f3n favorito. Si todav\u00eda no has preparado tu\u00a0calendario 2021, aprovecha este post para elegir el que m\u00e1s vaya contigo. Tantos calendarios 2021\u2026","rel":"","context":"En \u00abDescargas Manuales PDF\u00bb","block_context":{"text":"Descargas Manuales PDF","link":"https:\/\/webdelmaestrocmf.com\/portal\/category\/pedagogia\/descargas-manuales-pdf\/"},"img":{"alt_text":"","src":"https:\/\/i0.wp.com\/webdelmaestrocmf.com\/portal\/wp-content\/uploads\/2021\/02\/1-copia-44.jpg?resize=350%2C200&ssl=1","width":350,"height":200,"srcset":"https:\/\/i0.wp.com\/webdelmaestrocmf.com\/portal\/wp-content\/uploads\/2021\/02\/1-copia-44.jpg?resize=350%2C200&ssl=1 1x, https:\/\/i0.wp.com\/webdelmaestrocmf.com\/portal\/wp-content\/uploads\/2021\/02\/1-copia-44.jpg?resize=525%2C300&ssl=1 1.5x, https:\/\/i0.wp.com\/webdelmaestrocmf.com\/portal\/wp-content\/uploads\/2021\/02\/1-copia-44.jpg?resize=700%2C400&ssl=1 2x, https:\/\/i0.wp.com\/webdelmaestrocmf.com\/portal\/wp-content\/uploads\/2021\/02\/1-copia-44.jpg?resize=1050%2C600&ssl=1 3x"},"classes":[]},{"id":115141,"url":"https:\/\/webdelmaestrocmf.com\/portal\/calendarios-y-lista-de-asistencia-de-febrero-2026-en-word-y-pdf-gratis-una-herramienta-practica-para-organizar-tu-mes\/","url_meta":{"origin":113734,"position":3},"title":"Calendarios y lista de asistencia de Febrero 2026 en Word y PDF Gratis: una herramienta pr\u00e1ctica para organizar tu mes","author":"Web del Maestro CMF","date":"5 febrero, 2026","format":false,"excerpt":"Plantillas gratuitas de calendarios febrero 2026 en Word y PDF permiten organizar actividades, fechas importantes y planificaci\u00f3n mensual clara eficiente.","rel":"","context":"En \u00abDescarga\u00bb","block_context":{"text":"Descarga","link":"https:\/\/webdelmaestrocmf.com\/portal\/category\/descarga\/"},"img":{"alt_text":"","src":"https:\/\/i0.wp.com\/webdelmaestrocmf.com\/portal\/wp-content\/uploads\/2026\/02\/1A-Banner-1-portada-imagen-10-1-copia-8.webp?resize=350%2C200&ssl=1","width":350,"height":200,"srcset":"https:\/\/i0.wp.com\/webdelmaestrocmf.com\/portal\/wp-content\/uploads\/2026\/02\/1A-Banner-1-portada-imagen-10-1-copia-8.webp?resize=350%2C200&ssl=1 1x, https:\/\/i0.wp.com\/webdelmaestrocmf.com\/portal\/wp-content\/uploads\/2026\/02\/1A-Banner-1-portada-imagen-10-1-copia-8.webp?resize=525%2C300&ssl=1 1.5x, https:\/\/i0.wp.com\/webdelmaestrocmf.com\/portal\/wp-content\/uploads\/2026\/02\/1A-Banner-1-portada-imagen-10-1-copia-8.webp?resize=700%2C400&ssl=1 2x"},"classes":[]},{"id":111405,"url":"https:\/\/webdelmaestrocmf.com\/portal\/agenda-escolar-docente-2025-2026-descarga-gratuita-lista-para-imprimir-y-llena-de-color\/","url_meta":{"origin":113734,"position":4},"title":"Agenda escolar docente 2025-2026: descarga gratuita, lista para imprimir y llena de color","author":"Web del Maestro CMF","date":"21 julio, 2025","format":false,"excerpt":"Agenda gratuita para docentes 2025-2026 con calendarios, listas, planificadores y m\u00e1s. Desc\u00e1rgala en missnorbiel.com y organ\u00edzate","rel":"","context":"En \u00abDescarga\u00bb","block_context":{"text":"Descarga","link":"https:\/\/webdelmaestrocmf.com\/portal\/category\/descarga\/"},"img":{"alt_text":"","src":"https:\/\/i0.wp.com\/webdelmaestrocmf.com\/portal\/wp-content\/uploads\/2025\/07\/1A-Banner-1-portada-imagen-10-1-copia-71.webp?resize=350%2C200&ssl=1","width":350,"height":200,"srcset":"https:\/\/i0.wp.com\/webdelmaestrocmf.com\/portal\/wp-content\/uploads\/2025\/07\/1A-Banner-1-portada-imagen-10-1-copia-71.webp?resize=350%2C200&ssl=1 1x, https:\/\/i0.wp.com\/webdelmaestrocmf.com\/portal\/wp-content\/uploads\/2025\/07\/1A-Banner-1-portada-imagen-10-1-copia-71.webp?resize=525%2C300&ssl=1 1.5x, https:\/\/i0.wp.com\/webdelmaestrocmf.com\/portal\/wp-content\/uploads\/2025\/07\/1A-Banner-1-portada-imagen-10-1-copia-71.webp?resize=700%2C400&ssl=1 2x"},"classes":[]},{"id":105403,"url":"https:\/\/webdelmaestrocmf.com\/portal\/agenda-escolar-pdf-imprimible-2024-2025\/","url_meta":{"origin":113734,"position":5},"title":"Agenda escolar PDF imprimible 2024 &#8211; 2025","author":"Web del Maestro CMF","date":"9 mayo, 2024","format":false,"excerpt":"Septiembre de 2024 se acerca r\u00e1pidamente, y \u00bfqu\u00e9 mejor manera de empezar el a\u00f1o escolar que con una agenda bien organizada? Estamos encantados de presentarte la agenda escolar 2024 - 2025 en formato PDF lista para imprimir en tama\u00f1o A5, dise\u00f1ada para ayudarte a planificar y conquistar el nuevo a\u00f1o.\u2026","rel":"","context":"En \u00abAgenda\u00bb","block_context":{"text":"Agenda","link":"https:\/\/webdelmaestrocmf.com\/portal\/category\/pedagogia\/agenda\/"},"img":{"alt_text":"","src":"https:\/\/i0.wp.com\/webdelmaestrocmf.com\/portal\/wp-content\/uploads\/2024\/05\/Banner-1-portada-imagen-10-1-94.jpg?resize=350%2C200&ssl=1","width":350,"height":200,"srcset":"https:\/\/i0.wp.com\/webdelmaestrocmf.com\/portal\/wp-content\/uploads\/2024\/05\/Banner-1-portada-imagen-10-1-94.jpg?resize=350%2C200&ssl=1 1x, https:\/\/i0.wp.com\/webdelmaestrocmf.com\/portal\/wp-content\/uploads\/2024\/05\/Banner-1-portada-imagen-10-1-94.jpg?resize=525%2C300&ssl=1 1.5x, https:\/\/i0.wp.com\/webdelmaestrocmf.com\/portal\/wp-content\/uploads\/2024\/05\/Banner-1-portada-imagen-10-1-94.jpg?resize=700%2C400&ssl=1 2x"},"classes":[]}],"jetpack_featured_media_url":"https:\/\/webdelmaestrocmf.com\/portal\/wp-content\/uploads\/2025\/11\/Portada-descarga-5-1.jpg","_links":{"self":[{"href":"https:\/\/webdelmaestrocmf.com\/portal\/wp-json\/wp\/v2\/posts\/113734","targetHints":{"allow":["GET"]}}],"collection":[{"href":"https:\/\/webdelmaestrocmf.com\/portal\/wp-json\/wp\/v2\/posts"}],"about":[{"href":"https:\/\/webdelmaestrocmf.com\/portal\/wp-json\/wp\/v2\/types\/post"}],"author":[{"embeddable":true,"href":"https:\/\/webdelmaestrocmf.com\/portal\/wp-json\/wp\/v2\/users\/1"}],"replies":[{"embeddable":true,"href":"https:\/\/webdelmaestrocmf.com\/portal\/wp-json\/wp\/v2\/comments?post=113734"}],"version-history":[{"count":3,"href":"https:\/\/webdelmaestrocmf.com\/portal\/wp-json\/wp\/v2\/posts\/113734\/revisions"}],"predecessor-version":[{"id":113742,"href":"https:\/\/webdelmaestrocmf.com\/portal\/wp-json\/wp\/v2\/posts\/113734\/revisions\/113742"}],"wp:featuredmedia":[{"embeddable":true,"href":"https:\/\/webdelmaestrocmf.com\/portal\/wp-json\/wp\/v2\/media\/113741"}],"wp:attachment":[{"href":"https:\/\/webdelmaestrocmf.com\/portal\/wp-json\/wp\/v2\/media?parent=113734"}],"wp:term":[{"taxonomy":"category","embeddable":true,"href":"https:\/\/webdelmaestrocmf.com\/portal\/wp-json\/wp\/v2\/categories?post=113734"},{"taxonomy":"post_tag","embeddable":true,"href":"https:\/\/webdelmaestrocmf.com\/portal\/wp-json\/wp\/v2\/tags?post=113734"}],"curies":[{"name":"wp","href":"https:\/\/api.w.org\/{rel}","templated":true}]}}