{"id":113730,"date":"2025-11-29T20:16:11","date_gmt":"2025-11-29T23:16:11","guid":{"rendered":"https:\/\/webdelmaestrocmf.com\/portal\/?p=113730"},"modified":"2025-11-29T20:33:35","modified_gmt":"2025-11-29T23:33:35","slug":"hablar-varios-idiomas-protege-al-cerebro-y-frena-el-envejecimiento-biologico-la-evidencia-mas-solida-hasta-hoy","status":"publish","type":"post","link":"https:\/\/webdelmaestrocmf.com\/portal\/hablar-varios-idiomas-protege-al-cerebro-y-frena-el-envejecimiento-biologico-la-evidencia-mas-solida-hasta-hoy\/","title":{"rendered":"Hablar varios idiomas protege al cerebro y frena el envejecimiento biol\u00f3gico: la evidencia m\u00e1s s\u00f3lida hasta hoy"},"content":{"rendered":"\n<p>Un estudio internacional publicado en <em>Nature Aging<\/em> ofrece la prueba m\u00e1s robusta hasta ahora de que <strong>hablar m\u00e1s de un idioma protege contra el envejecimiento acelerado<\/strong>, no solo del cerebro, sino del organismo en su conjunto. La investigaci\u00f3n analiz\u00f3 datos de <strong>86.149 personas mayores de 51 a\u00f1os<\/strong>, provenientes de <strong>27 pa\u00edses europeos<\/strong>, y concluy\u00f3 que el multiling\u00fcismo act\u00faa como un verdadero <strong>gimnasio cognitivo y biol\u00f3gico<\/strong>, capaz de fortalecer funciones ejecutivas, memoria, atenci\u00f3n, regulaci\u00f3n emocional y otros sistemas que suelen deteriorarse con la edad.<\/p>\n\n\n\n<p>Los investigadores crearon un modelo computacional basado en inteligencia artificial capaz de estimar la <strong>edad biol\u00f3gica<\/strong> de una persona a partir de 14 indicadores relacionados con su salud f\u00edsica, autonom\u00eda funcional, estado cognitivo y estilo de vida. Posteriormente compararon esos valores con la edad cronol\u00f3gica de los participantes para identificar si estaban envejeciendo m\u00e1s r\u00e1pido o m\u00e1s lentamente de lo esperado.<\/p>\n\n\n\n<figure class=\"wp-block-image is-resized\"><img decoding=\"async\" src=\"https:\/\/www.lavanguardia.com\/files\/content_image_mobile_filter\/uploads\/2025\/11\/10\/6911d34e8658b.jpeg\" alt=\"\" style=\"width:688px;height:auto\"\/><\/figure>\n\n\n\n<p>El resultado fue contundente: <strong>cuantos m\u00e1s idiomas habla una persona, menor es el riesgo de envejecimiento acelerado<\/strong>. Las personas monoling\u00fces presentan <strong>m\u00e1s del doble de riesgo<\/strong> de mostrar indicadores de envejecimiento prematuro en comparaci\u00f3n con quienes manejan dos o m\u00e1s lenguas. Ser biling\u00fce reduce un 23% ese riesgo; ser triling\u00fce, un 49%; y hablar cuatro o m\u00e1s idiomas ofrece una protecci\u00f3n todav\u00eda mayor.<\/p>\n\n\n\n<h2 class=\"wp-block-heading\"><strong>Por qu\u00e9 el multiling\u00fcismo es protector<\/strong><\/h2>\n\n\n\n<p>Los cient\u00edficos destacan que administrar varios idiomas requiere un esfuerzo cognitivo continuo: el cerebro debe <strong>seleccionar, inhibir y cambiar de lengua<\/strong> seg\u00fan el contexto. Este proceso activa redes cerebrales asociadas al <strong>control ejecutivo<\/strong>, la <strong>memoria de trabajo<\/strong> y la <strong>atenci\u00f3n<\/strong>, \u00e1reas especialmente vulnerables al deterioro asociado a la edad.<\/p>\n\n\n\n<p>Adem\u00e1s, hablar varios idiomas implica un entrenamiento diario, inevitable e involuntario a lo largo de la vida. A diferencia del ejercicio f\u00edsico o actividades cognitivas ocasionales, <strong>el lenguaje se utiliza de forma permanente<\/strong>, y esta estimulaci\u00f3n frecuente fortalece las redes neurales que sostienen la reserva cognitiva.<\/p>\n\n\n\n<p>Investigadores como <strong>Luc\u00eda Amoruso<\/strong> (Centro Vasco de Cognici\u00f3n, Cerebro y Lenguaje) y <strong>Hern\u00e1n Hern\u00e1ndez<\/strong> (Chile), coautores del estudio, subrayan que este trabajo supera las limitaciones de estudios anteriores, generalmente basados en muestras peque\u00f1as o poblaciones particulares. Aqu\u00ed, en cambio, se trabaj\u00f3 con muestras nacionales representativas, controlando variables socioecon\u00f3micas, migratorias, educativas, ambientales y culturales.<\/p>\n\n\n\n<p>Por su parte, el neurocient\u00edfico <strong>Agust\u00edn Ib\u00e1\u00f1ez<\/strong>, director del Instituto Latinoamericano de Salud Cerebral, destaca que los beneficios parecen extenderse m\u00e1s all\u00e1 del cerebro: el multiling\u00fcismo podr\u00eda favorecer la <strong>regulaci\u00f3n emocional<\/strong>, disminuir los niveles de estr\u00e9s, promover mayor interacci\u00f3n social y, en consecuencia, impactar positivamente en sistemas biol\u00f3gicos como la salud cardiovascular.<\/p>\n\n\n\n<figure class=\"wp-block-image\"><img decoding=\"async\" src=\"https:\/\/theobjective.com\/wp-content\/uploads\/2022\/12\/aula-catalan.jpeg\" alt=\"Espa\u00f1oles babelizados, por Pedro Insua\"\/><\/figure>\n\n\n\n<h2 class=\"wp-block-heading\"><strong>\u00bfImporta qu\u00e9 idiomas se hablen?<\/strong><\/h2>\n\n\n\n<p>Una l\u00ednea emergente de investigaci\u00f3n sugiere que la distancia entre lenguas tambi\u00e9n puede influir. Hablar idiomas muy distintos podr\u00eda exigir un mayor esfuerzo cognitivo, mientras que manejar lenguas cercanas podr\u00eda generar un entrenamiento m\u00e1s constante y flexible. Resultados preliminares en Espa\u00f1a indican que, contra lo que se pensaba, <strong>el biling\u00fcismo con lenguas m\u00e1s cercanas podr\u00eda ofrecer mayor protecci\u00f3n<\/strong>, aunque esta hip\u00f3tesis a\u00fan se est\u00e1 estudiando.<\/p>\n\n\n\n<h2 class=\"wp-block-heading\"><strong>Implicancias para la salud p\u00fablica<\/strong><\/h2>\n\n\n\n<p>Los autores proponen considerar el aprendizaje y uso de varios idiomas como una <strong>estrategia de salud p\u00fablica<\/strong>, al nivel de promover la actividad f\u00edsica o una buena alimentaci\u00f3n. No se trata solo de ense\u00f1ar idiomas en la infancia, sino de <strong>proveer oportunidades reales de uso a lo largo de toda la vida<\/strong>, desde la escuela hasta la vejez.<\/p>\n\n\n\n<figure class=\"wp-block-image\"><img decoding=\"async\" src=\"https:\/\/eapc-rld.blog.gencat.cat\/wp-content\/uploads\/2018\/04\/lavanguardia_g_18156812061-k0jf-u412499533952by-992x558lavanguardia-web.jpg\" alt=\"El supremacismo ling\u00fc\u00edstico, la Constituci\u00f3n espa\u00f1ola y el ...\"\/><\/figure>\n\n\n\n<p>El hallazgo tiene consecuencias directas para las pol\u00edticas educativas y sanitarias: fomentar el multiling\u00fcismo no es \u00fanicamente una herramienta cultural, sino una medida potencial para reducir el deterioro cognitivo, fortalecer la reserva cerebral y promover un envejecimiento m\u00e1s saludable en la poblaci\u00f3n.<\/p>\n\n\n\n<p class=\"has-text-align-right\"><strong>Redacci\u00f3n | Web del Maestro CMF<\/strong><\/p>\n\n\n\t\t<div class=\"pk-inline-posts\">\n\t\t\t\n\t\t\t<div class=\"pk-inline-posts-container pk-inline-posts-template-list\"\n\t\t\t\tdata-columns=\"1\">\n\t\t\t\t\t\t<article id=\"post-102041\" class=\"post-102041 post type-post status-publish format-standard has-post-thumbnail category-fichas category-ingles category-pedagogia tag-1o tag-6o tag-actividades tag-fichas tag-ingles tag-primaria cs-entry cs-video-wrap\">\n\t\t\t<div class=\"pk-post-outer\">\n\n\t\t\t\t\t\t\t\t<div class=\"pk-post-inner\">\n\t\t\t\t\t<div class=\"entry-thumbnail\">\n\t\t\t\t\t\t<div class=\"pk-overlay pk-overlay-ratio pk-ratio-landscape\">\n\t\t\t\t\t\t\t<div class=\"pk-overlay-background\">\n\t\t\t\t\t\t\t\t<a href=\"https:\/\/webdelmaestrocmf.com\/portal\/fichas-de-actividades-de-ingles-de-1o-al-6o-de-primaria\/\" class=\"pk-overlay-link\">\n\t\t\t\t\t\t\t\t\t<img loading=\"lazy\" decoding=\"async\" width=\"300\" height=\"225\" src=\"https:\/\/webdelmaestrocmf.com\/portal\/wp-content\/uploads\/2024\/01\/A12B3C4D-2-1-300x225.jpg\" class=\"attachment-pk-thumbnail size-pk-thumbnail wp-post-image\" alt=\"actividades de ingl\u00e9s\" \/>\t\t\t\t\t\t\t\t<\/a>\n\t\t\t\t\t\t\t<\/div>\n\t\t\t\t\t\t<\/div>\n\t\t\t\t\t<\/div>\n\t\t\t\t<\/div>\n\t\t\t\t\n\t\t\t\t<div class=\"pk-post-inner\">\n\t\t\t\t\t<header>\n\t\t\t\t\t\t<h3 class=\"pk-title\"><a href=\"https:\/\/webdelmaestrocmf.com\/portal\/fichas-de-actividades-de-ingles-de-1o-al-6o-de-primaria\/\" rel=\"bookmark\">Fichas de actividades de ingl\u00e9s de 1\u00ba al 6\u00ba de primaria<\/a><\/h3>\t\t\t\t\t<\/header><!-- .entry-header -->\n\t\t\t\t<\/div><!-- .post-inner -->\n\n\t\t\t<\/div><!-- .post-outer -->\n\t\t<\/article>\n\t\t\t<article id=\"post-96499\" class=\"post-96499 post type-post status-publish format-standard has-post-thumbnail category-cuadernillos category-ingles category-pedagogia tag-actividades tag-aprendizaje tag-bilinguismo tag-comprension tag-comunicacion tag-conversaciones tag-cuadernillo tag-cultura tag-desarrollo-cognitivo tag-dialogo tag-diversion tag-educacion tag-ejercicios tag-escritura tag-evaluacion tag-gramatica tag-habilidades-linguisticas tag-ingles tag-inmersion tag-integracion tag-interactivos tag-lectura tag-motivacion tag-ninos tag-personalizacion tag-progreso tag-pronunciacion tag-refuerzo-positivo tag-segundo-idioma tag-vocabulario cs-entry cs-video-wrap\">\n\t\t\t<div class=\"pk-post-outer\">\n\n\t\t\t\t\t\t\t\t<div class=\"pk-post-inner\">\n\t\t\t\t\t<div class=\"entry-thumbnail\">\n\t\t\t\t\t\t<div class=\"pk-overlay pk-overlay-ratio pk-ratio-landscape\">\n\t\t\t\t\t\t\t<div class=\"pk-overlay-background\">\n\t\t\t\t\t\t\t\t<a href=\"https:\/\/webdelmaestrocmf.com\/portal\/cuadernillo-de-ingles-para-ninos-de-6-anos-en-adelante\/\" class=\"pk-overlay-link\">\n\t\t\t\t\t\t\t\t\t<img loading=\"lazy\" decoding=\"async\" width=\"300\" height=\"225\" src=\"https:\/\/webdelmaestrocmf.com\/portal\/wp-content\/uploads\/2023\/10\/A12B3C4D-11-300x225.jpg\" class=\"attachment-pk-thumbnail size-pk-thumbnail wp-post-image\" alt=\"Cuadernillo de ingl\u00e9s\" \/>\t\t\t\t\t\t\t\t<\/a>\n\t\t\t\t\t\t\t<\/div>\n\t\t\t\t\t\t<\/div>\n\t\t\t\t\t<\/div>\n\t\t\t\t<\/div>\n\t\t\t\t\n\t\t\t\t<div class=\"pk-post-inner\">\n\t\t\t\t\t<header>\n\t\t\t\t\t\t<h3 class=\"pk-title\"><a href=\"https:\/\/webdelmaestrocmf.com\/portal\/cuadernillo-de-ingles-para-ninos-de-6-anos-en-adelante\/\" rel=\"bookmark\">Cuadernillo de ingl\u00e9s para ni\u00f1os de 6 a\u00f1os en adelante<\/a><\/h3>\t\t\t\t\t<\/header><!-- .entry-header -->\n\t\t\t\t<\/div><!-- .post-inner -->\n\n\t\t\t<\/div><!-- .post-outer -->\n\t\t<\/article>\n\t\t\t<article id=\"post-94891\" class=\"post-94891 post type-post status-publish format-standard has-post-thumbnail category-cuadernillos category-ingles category-pedagogia tag-actividades-ludicas tag-animales-en-ingles tag-aprender-divirtiendose tag-aprendizaje-de-idiomas tag-base-solida-en-ingles tag-casa-en-ingles tag-colores-en-ingles tag-comunicacion-en-ingles tag-cuadernillo-de-ingles tag-desarrollo-del-lenguaje tag-educacion-infantil tag-ejercicios-practicos tag-ensenanza-de-ingles tag-figuras-geometricas tag-habilidades-de-conversacion tag-ilustraciones-atractivas tag-ingles-como-segundo-idioma tag-juegos-educativos tag-material-didactico tag-material-gratuito tag-material-para-imprimir tag-ninos tag-numeros-en-ingles tag-portal-educativo tag-profesor-carlos-alfaro tag-recurso-educativo tag-ropa-en-ingles tag-temas-variados tag-vocabulario cs-entry cs-video-wrap\">\n\t\t\t<div class=\"pk-post-outer\">\n\n\t\t\t\t\t\t\t\t<div class=\"pk-post-inner\">\n\t\t\t\t\t<div class=\"entry-thumbnail\">\n\t\t\t\t\t\t<div class=\"pk-overlay pk-overlay-ratio pk-ratio-landscape\">\n\t\t\t\t\t\t\t<div class=\"pk-overlay-background\">\n\t\t\t\t\t\t\t\t<a href=\"https:\/\/webdelmaestrocmf.com\/portal\/cuadernillo-de-ingles-para-ninos-super-bueno-para-imprimir\/\" class=\"pk-overlay-link\">\n\t\t\t\t\t\t\t\t\t<img loading=\"lazy\" decoding=\"async\" width=\"300\" height=\"225\" src=\"https:\/\/webdelmaestrocmf.com\/portal\/wp-content\/uploads\/2023\/09\/A12B3C4D-1-4-300x225.webp\" class=\"attachment-pk-thumbnail size-pk-thumbnail wp-post-image\" alt=\"ingl\u00e9s\" \/>\t\t\t\t\t\t\t\t<\/a>\n\t\t\t\t\t\t\t<\/div>\n\t\t\t\t\t\t<\/div>\n\t\t\t\t\t<\/div>\n\t\t\t\t<\/div>\n\t\t\t\t\n\t\t\t\t<div class=\"pk-post-inner\">\n\t\t\t\t\t<header>\n\t\t\t\t\t\t<h3 class=\"pk-title\"><a href=\"https:\/\/webdelmaestrocmf.com\/portal\/cuadernillo-de-ingles-para-ninos-super-bueno-para-imprimir\/\" rel=\"bookmark\">Cuadernillo de ingl\u00e9s para ni\u00f1os de primaria<\/a><\/h3>\t\t\t\t\t<\/header><!-- .entry-header -->\n\t\t\t\t<\/div><!-- .post-inner -->\n\n\t\t\t<\/div><!-- .post-outer -->\n\t\t<\/article>\n\t\t\t\t<\/div>\n\t\t<\/div>\n\t\t\n","protected":false},"excerpt":{"rendered":"Hablar varios idiomas fortalece el cerebro, reduce el riesgo de envejecimiento acelerado y mejora funciones cognitivas esenciales como la memoria, la atenci\u00f3n y el control ejecutivo.","protected":false},"author":1,"featured_media":113733,"comment_status":"open","ping_status":"closed","sticky":false,"template":"","format":"standard","meta":{"csco_display_header_overlay":false,"csco_singular_sidebar":"","csco_page_header_type":"","csco_page_load_nextpost":"","csco_post_video_location":[],"csco_post_video_location_hash":"","csco_post_video_url":"","csco_post_video_bg_start_time":0,"csco_post_video_bg_end_time":0,"csco_post_video_bg_volume":false,"_jetpack_memberships_contains_paid_content":false,"footnotes":""},"categories":[13875,1177,735],"tags":[20538,24623,21944,24617,24624,24620,24622,24615,24621,17479,24556,24625,19627,360,24619,24618,24616,316,17037],"class_list":{"0":"post-113730","1":"post","2":"type-post","3":"status-publish","4":"format-standard","5":"has-post-thumbnail","7":"category-idiomas","8":"category-ingles","9":"category-pedagogia","10":"tag-aprendizaje-de-idiomas","11":"tag-bienestar-cognitivo","12":"tag-bilinguismo","13":"tag-deterioro-cognitivo","14":"tag-educacion-y-salud","15":"tag-envejecimiento-acelerado","16":"tag-envejecimiento-activo","17":"tag-envejecimiento-saludable","18":"tag-estudios-cientificos","19":"tag-funciones-ejecutivas","20":"tag-investigacion-cientifica","21":"tag-lenguaje-y-cerebro","22":"tag-multilinguismo","23":"tag-neurociencia","24":"tag-prevencion-del-envejecimiento","25":"tag-reserva-cognitiva","26":"tag-salud-cerebral","27":"tag-salud-mental","28":"tag-salud-publica","29":"cs-entry","30":"cs-video-wrap"},"yoast_head":"<!-- This site is optimized with the Yoast SEO plugin v27.5 - https:\/\/yoast.com\/product\/yoast-seo-wordpress\/ -->\n<title>Hablar varios idiomas protege al cerebro y frena el envejecimiento biol\u00f3gico: la evidencia m\u00e1s s\u00f3lida hasta hoy - 2026<\/title>\n<meta name=\"description\" content=\"...hablar m\u00e1s de un idioma protege contra el envejecimiento acelerado, no solo del cerebro, sino del organismo en su conjunto.\" \/>\n<meta name=\"robots\" content=\"index, follow, max-snippet:-1, max-image-preview:large, max-video-preview:-1\" \/>\n<link rel=\"canonical\" href=\"https:\/\/webdelmaestrocmf.com\/portal\/hablar-varios-idiomas-protege-al-cerebro-y-frena-el-envejecimiento-biologico-la-evidencia-mas-solida-hasta-hoy\/\" \/>\n<meta property=\"og:locale\" content=\"es_ES\" \/>\n<meta property=\"og:type\" content=\"article\" \/>\n<meta property=\"og:title\" content=\"Hablar varios idiomas protege al cerebro y frena el envejecimiento biol\u00f3gico: la evidencia m\u00e1s s\u00f3lida hasta hoy - 2026\" \/>\n<meta property=\"og:description\" content=\"...hablar m\u00e1s de un idioma protege contra el envejecimiento acelerado, no solo del cerebro, sino del organismo en su conjunto.\" \/>\n<meta property=\"og:url\" content=\"https:\/\/webdelmaestrocmf.com\/portal\/hablar-varios-idiomas-protege-al-cerebro-y-frena-el-envejecimiento-biologico-la-evidencia-mas-solida-hasta-hoy\/\" \/>\n<meta property=\"og:site_name\" content=\"Web del Maestro CMF\" \/>\n<meta property=\"article:publisher\" content=\"https:\/\/www.facebook.com\/WebdelMaestroCMF\/\" \/>\n<meta property=\"article:author\" content=\"https:\/\/www.facebook.com\/WebdelMaestroCMF\/\" \/>\n<meta property=\"article:published_time\" content=\"2025-11-29T23:16:11+00:00\" \/>\n<meta property=\"article:modified_time\" content=\"2025-11-29T23:33:35+00:00\" \/>\n<meta property=\"og:image\" content=\"https:\/\/webdelmaestrocmf.com\/portal\/wp-content\/uploads\/2025\/11\/1A-Banner-1-portada-imagen-10-1-copia-6.jpg\" \/>\n\t<meta property=\"og:image:width\" content=\"1000\" \/>\n\t<meta property=\"og:image:height\" content=\"667\" \/>\n\t<meta property=\"og:image:type\" content=\"image\/jpeg\" \/>\n<meta name=\"author\" content=\"Web del Maestro CMF\" \/>\n<meta name=\"twitter:card\" content=\"summary_large_image\" \/>\n<meta name=\"twitter:creator\" content=\"@cmf_w\" \/>\n<meta name=\"twitter:site\" content=\"@cmf_w\" \/>\n<script type=\"application\/ld+json\" class=\"yoast-schema-graph\">{\"@context\":\"https:\\\/\\\/schema.org\",\"@graph\":[{\"@type\":\"ScholarlyArticle\",\"@id\":\"https:\\\/\\\/webdelmaestrocmf.com\\\/portal\\\/hablar-varios-idiomas-protege-al-cerebro-y-frena-el-envejecimiento-biologico-la-evidencia-mas-solida-hasta-hoy\\\/#article\",\"isPartOf\":{\"@id\":\"https:\\\/\\\/webdelmaestrocmf.com\\\/portal\\\/hablar-varios-idiomas-protege-al-cerebro-y-frena-el-envejecimiento-biologico-la-evidencia-mas-solida-hasta-hoy\\\/\"},\"author\":{\"name\":\"Web del Maestro CMF\",\"@id\":\"https:\\\/\\\/webdelmaestrocmf.com\\\/portal\\\/#\\\/schema\\\/person\\\/1072a2ed7bd960df8ef99a551fa35dc5\"},\"headline\":\"Hablar varios idiomas protege al cerebro y frena el envejecimiento biol\u00f3gico: la evidencia m\u00e1s s\u00f3lida hasta hoy\",\"datePublished\":\"2025-11-29T23:16:11+00:00\",\"dateModified\":\"2025-11-29T23:33:35+00:00\",\"mainEntityOfPage\":{\"@id\":\"https:\\\/\\\/webdelmaestrocmf.com\\\/portal\\\/hablar-varios-idiomas-protege-al-cerebro-y-frena-el-envejecimiento-biologico-la-evidencia-mas-solida-hasta-hoy\\\/\"},\"wordCount\":683,\"commentCount\":0,\"publisher\":{\"@id\":\"https:\\\/\\\/webdelmaestrocmf.com\\\/portal\\\/#organization\"},\"image\":{\"@id\":\"https:\\\/\\\/webdelmaestrocmf.com\\\/portal\\\/hablar-varios-idiomas-protege-al-cerebro-y-frena-el-envejecimiento-biologico-la-evidencia-mas-solida-hasta-hoy\\\/#primaryimage\"},\"thumbnailUrl\":\"https:\\\/\\\/webdelmaestrocmf.com\\\/portal\\\/wp-content\\\/uploads\\\/2025\\\/11\\\/1A-Banner-1-portada-imagen-10-1-copia-6.jpg\",\"keywords\":[\"Aprendizaje de idiomas\",\"bienestar cognitivo\",\"Biling\u00fcismo\",\"deterioro cognitivo\",\"educaci\u00f3n y salud\",\"envejecimiento acelerado\",\"envejecimiento activo\",\"envejecimiento saludable\",\"estudios cient\u00edficos\",\"funciones ejecutivas\",\"investigaci\u00f3n cient\u00edfica\",\"lenguaje y cerebro\",\"Multiling\u00fcismo\",\"neurociencia\",\"prevenci\u00f3n del envejecimiento\",\"reserva cognitiva\",\"salud cerebral\",\"SALUD MENTAL\",\"salud p\u00fablica\"],\"articleSection\":[\"Idiomas\",\"Ingles\",\"Recursos\"],\"inLanguage\":\"es\",\"potentialAction\":[{\"@type\":\"CommentAction\",\"name\":\"Comment\",\"target\":[\"https:\\\/\\\/webdelmaestrocmf.com\\\/portal\\\/hablar-varios-idiomas-protege-al-cerebro-y-frena-el-envejecimiento-biologico-la-evidencia-mas-solida-hasta-hoy\\\/#respond\"]}]},{\"@type\":\"WebPage\",\"@id\":\"https:\\\/\\\/webdelmaestrocmf.com\\\/portal\\\/hablar-varios-idiomas-protege-al-cerebro-y-frena-el-envejecimiento-biologico-la-evidencia-mas-solida-hasta-hoy\\\/\",\"url\":\"https:\\\/\\\/webdelmaestrocmf.com\\\/portal\\\/hablar-varios-idiomas-protege-al-cerebro-y-frena-el-envejecimiento-biologico-la-evidencia-mas-solida-hasta-hoy\\\/\",\"name\":\"Hablar varios idiomas protege al cerebro y frena el envejecimiento biol\u00f3gico: la evidencia m\u00e1s s\u00f3lida hasta hoy - 2026\",\"isPartOf\":{\"@id\":\"https:\\\/\\\/webdelmaestrocmf.com\\\/portal\\\/#website\"},\"primaryImageOfPage\":{\"@id\":\"https:\\\/\\\/webdelmaestrocmf.com\\\/portal\\\/hablar-varios-idiomas-protege-al-cerebro-y-frena-el-envejecimiento-biologico-la-evidencia-mas-solida-hasta-hoy\\\/#primaryimage\"},\"image\":{\"@id\":\"https:\\\/\\\/webdelmaestrocmf.com\\\/portal\\\/hablar-varios-idiomas-protege-al-cerebro-y-frena-el-envejecimiento-biologico-la-evidencia-mas-solida-hasta-hoy\\\/#primaryimage\"},\"thumbnailUrl\":\"https:\\\/\\\/webdelmaestrocmf.com\\\/portal\\\/wp-content\\\/uploads\\\/2025\\\/11\\\/1A-Banner-1-portada-imagen-10-1-copia-6.jpg\",\"datePublished\":\"2025-11-29T23:16:11+00:00\",\"dateModified\":\"2025-11-29T23:33:35+00:00\",\"description\":\"...hablar m\u00e1s de un idioma protege contra el envejecimiento acelerado, no solo del cerebro, sino del organismo en su conjunto.\",\"breadcrumb\":{\"@id\":\"https:\\\/\\\/webdelmaestrocmf.com\\\/portal\\\/hablar-varios-idiomas-protege-al-cerebro-y-frena-el-envejecimiento-biologico-la-evidencia-mas-solida-hasta-hoy\\\/#breadcrumb\"},\"inLanguage\":\"es\",\"potentialAction\":[{\"@type\":\"ReadAction\",\"target\":[\"https:\\\/\\\/webdelmaestrocmf.com\\\/portal\\\/hablar-varios-idiomas-protege-al-cerebro-y-frena-el-envejecimiento-biologico-la-evidencia-mas-solida-hasta-hoy\\\/\"]}]},{\"@type\":\"ImageObject\",\"inLanguage\":\"es\",\"@id\":\"https:\\\/\\\/webdelmaestrocmf.com\\\/portal\\\/hablar-varios-idiomas-protege-al-cerebro-y-frena-el-envejecimiento-biologico-la-evidencia-mas-solida-hasta-hoy\\\/#primaryimage\",\"url\":\"https:\\\/\\\/webdelmaestrocmf.com\\\/portal\\\/wp-content\\\/uploads\\\/2025\\\/11\\\/1A-Banner-1-portada-imagen-10-1-copia-6.jpg\",\"contentUrl\":\"https:\\\/\\\/webdelmaestrocmf.com\\\/portal\\\/wp-content\\\/uploads\\\/2025\\\/11\\\/1A-Banner-1-portada-imagen-10-1-copia-6.jpg\",\"width\":1000,\"height\":667},{\"@type\":\"BreadcrumbList\",\"@id\":\"https:\\\/\\\/webdelmaestrocmf.com\\\/portal\\\/hablar-varios-idiomas-protege-al-cerebro-y-frena-el-envejecimiento-biologico-la-evidencia-mas-solida-hasta-hoy\\\/#breadcrumb\",\"itemListElement\":[{\"@type\":\"ListItem\",\"position\":1,\"name\":\"Portada\",\"item\":\"https:\\\/\\\/webdelmaestrocmf.com\\\/portal\\\/\"},{\"@type\":\"ListItem\",\"position\":2,\"name\":\"Recursos\",\"item\":\"https:\\\/\\\/webdelmaestrocmf.com\\\/portal\\\/category\\\/pedagogia\\\/\"},{\"@type\":\"ListItem\",\"position\":3,\"name\":\"Hablar varios idiomas protege al cerebro y frena el envejecimiento biol\u00f3gico: la evidencia m\u00e1s s\u00f3lida hasta hoy\"}]},{\"@type\":\"WebSite\",\"@id\":\"https:\\\/\\\/webdelmaestrocmf.com\\\/portal\\\/#website\",\"url\":\"https:\\\/\\\/webdelmaestrocmf.com\\\/portal\\\/\",\"name\":\"Web del Maestro CMF\",\"description\":\"Maestros al servicio de la educaci\u00f3n\",\"publisher\":{\"@id\":\"https:\\\/\\\/webdelmaestrocmf.com\\\/portal\\\/#organization\"},\"alternateName\":\"WMCMF\",\"potentialAction\":[{\"@type\":\"SearchAction\",\"target\":{\"@type\":\"EntryPoint\",\"urlTemplate\":\"https:\\\/\\\/webdelmaestrocmf.com\\\/portal\\\/?s={search_term_string}\"},\"query-input\":{\"@type\":\"PropertyValueSpecification\",\"valueRequired\":true,\"valueName\":\"search_term_string\"}}],\"inLanguage\":\"es\"},{\"@type\":\"Organization\",\"@id\":\"https:\\\/\\\/webdelmaestrocmf.com\\\/portal\\\/#organization\",\"name\":\"Web del Maestro CMF\",\"alternateName\":\"WMCMF\",\"url\":\"https:\\\/\\\/webdelmaestrocmf.com\\\/portal\\\/\",\"logo\":{\"@type\":\"ImageObject\",\"inLanguage\":\"es\",\"@id\":\"https:\\\/\\\/webdelmaestrocmf.com\\\/portal\\\/#\\\/schema\\\/logo\\\/image\\\/\",\"url\":\"https:\\\/\\\/webdelmaestrocmf.com\\\/portal\\\/wp-content\\\/uploads\\\/2023\\\/01\\\/logo-wmcmf-2.png\",\"contentUrl\":\"https:\\\/\\\/webdelmaestrocmf.com\\\/portal\\\/wp-content\\\/uploads\\\/2023\\\/01\\\/logo-wmcmf-2.png\",\"width\":200,\"height\":60,\"caption\":\"Web del Maestro CMF\"},\"image\":{\"@id\":\"https:\\\/\\\/webdelmaestrocmf.com\\\/portal\\\/#\\\/schema\\\/logo\\\/image\\\/\"},\"sameAs\":[\"https:\\\/\\\/www.facebook.com\\\/WebdelMaestroCMF\\\/\",\"https:\\\/\\\/x.com\\\/cmf_w\",\"https:\\\/\\\/www.pinterest.com\\\/WMCMF\\\/\",\"https:\\\/\\\/www.linkedin.com\\\/company\\\/web-del-maestro-cmf\\\/\",\"https:\\\/\\\/www.instagram.com\\\/wmcmf\\\/\",\"https:\\\/\\\/www.youtube.com\\\/channel\\\/UCDPSvjbdodE5sHnC3OxutHw\",\"https:\\\/\\\/mastodon.social\\\/@wmcmf\",\"https:\\\/\\\/www.tiktok.com\\\/@webdelmaestrocmf\"]},{\"@type\":\"Person\",\"@id\":\"https:\\\/\\\/webdelmaestrocmf.com\\\/portal\\\/#\\\/schema\\\/person\\\/1072a2ed7bd960df8ef99a551fa35dc5\",\"name\":\"Web del Maestro CMF\",\"image\":{\"@type\":\"ImageObject\",\"inLanguage\":\"es\",\"@id\":\"https:\\\/\\\/secure.gravatar.com\\\/avatar\\\/23291dd5b5ae1077dcff3dbb04c3e02bd28403fa75af6d8787d5e97c5bbbe30b?s=96&d=mm&r=g\",\"url\":\"https:\\\/\\\/secure.gravatar.com\\\/avatar\\\/23291dd5b5ae1077dcff3dbb04c3e02bd28403fa75af6d8787d5e97c5bbbe30b?s=96&d=mm&r=g\",\"contentUrl\":\"https:\\\/\\\/secure.gravatar.com\\\/avatar\\\/23291dd5b5ae1077dcff3dbb04c3e02bd28403fa75af6d8787d5e97c5bbbe30b?s=96&d=mm&r=g\",\"caption\":\"Web del Maestro CMF\"},\"description\":\"Esta Web se cre\u00f3 sin fines de lucro, con fines educativos, cient\u00edficos y acad\u00e9micos, para personas que tengan dificultades y\\\/o inconvenientes en visualizar el material original. El objetivo es entregar recursos, compartir experiencias y materiales que ayuden a los padres de familia, maestros y estudiantes en su actualizaci\u00f3n y formaci\u00f3n permanente, en bien de la Educaci\u00f3n.\",\"sameAs\":[\"http:\\\/\\\/webdelmaestrocmf.com\\\/portal\",\"https:\\\/\\\/www.facebook.com\\\/WebdelMaestroCMF\\\/\",\"https:\\\/\\\/www.instagram.com\\\/wmcmf\\\/\",\"https:\\\/\\\/cl.linkedin.com\\\/company\\\/web-del-maestro-cmf\",\"https:\\\/\\\/www.pinterest.com\\\/WMCMF\\\/publicaciones\\\/\",\"https:\\\/\\\/x.com\\\/cmf_w\",\"https:\\\/\\\/www.youtube.com\\\/@WMCMF\"]}]}<\/script>\n<!-- \/ Yoast SEO plugin. -->","yoast_head_json":{"title":"Hablar varios idiomas protege al cerebro y frena el envejecimiento biol\u00f3gico: la evidencia m\u00e1s s\u00f3lida hasta hoy - 2026","description":"...hablar m\u00e1s de un idioma protege contra el envejecimiento acelerado, no solo del cerebro, sino del organismo en su conjunto.","robots":{"index":"index","follow":"follow","max-snippet":"max-snippet:-1","max-image-preview":"max-image-preview:large","max-video-preview":"max-video-preview:-1"},"canonical":"https:\/\/webdelmaestrocmf.com\/portal\/hablar-varios-idiomas-protege-al-cerebro-y-frena-el-envejecimiento-biologico-la-evidencia-mas-solida-hasta-hoy\/","og_locale":"es_ES","og_type":"article","og_title":"Hablar varios idiomas protege al cerebro y frena el envejecimiento biol\u00f3gico: la evidencia m\u00e1s s\u00f3lida hasta hoy - 2026","og_description":"...hablar m\u00e1s de un idioma protege contra el envejecimiento acelerado, no solo del cerebro, sino del organismo en su conjunto.","og_url":"https:\/\/webdelmaestrocmf.com\/portal\/hablar-varios-idiomas-protege-al-cerebro-y-frena-el-envejecimiento-biologico-la-evidencia-mas-solida-hasta-hoy\/","og_site_name":"Web del Maestro CMF","article_publisher":"https:\/\/www.facebook.com\/WebdelMaestroCMF\/","article_author":"https:\/\/www.facebook.com\/WebdelMaestroCMF\/","article_published_time":"2025-11-29T23:16:11+00:00","article_modified_time":"2025-11-29T23:33:35+00:00","og_image":[{"width":1000,"height":667,"url":"https:\/\/webdelmaestrocmf.com\/portal\/wp-content\/uploads\/2025\/11\/1A-Banner-1-portada-imagen-10-1-copia-6.jpg","type":"image\/jpeg"}],"author":"Web del Maestro CMF","twitter_card":"summary_large_image","twitter_creator":"@cmf_w","twitter_site":"@cmf_w","schema":{"@context":"https:\/\/schema.org","@graph":[{"@type":"ScholarlyArticle","@id":"https:\/\/webdelmaestrocmf.com\/portal\/hablar-varios-idiomas-protege-al-cerebro-y-frena-el-envejecimiento-biologico-la-evidencia-mas-solida-hasta-hoy\/#article","isPartOf":{"@id":"https:\/\/webdelmaestrocmf.com\/portal\/hablar-varios-idiomas-protege-al-cerebro-y-frena-el-envejecimiento-biologico-la-evidencia-mas-solida-hasta-hoy\/"},"author":{"name":"Web del Maestro CMF","@id":"https:\/\/webdelmaestrocmf.com\/portal\/#\/schema\/person\/1072a2ed7bd960df8ef99a551fa35dc5"},"headline":"Hablar varios idiomas protege al cerebro y frena el envejecimiento biol\u00f3gico: la evidencia m\u00e1s s\u00f3lida hasta hoy","datePublished":"2025-11-29T23:16:11+00:00","dateModified":"2025-11-29T23:33:35+00:00","mainEntityOfPage":{"@id":"https:\/\/webdelmaestrocmf.com\/portal\/hablar-varios-idiomas-protege-al-cerebro-y-frena-el-envejecimiento-biologico-la-evidencia-mas-solida-hasta-hoy\/"},"wordCount":683,"commentCount":0,"publisher":{"@id":"https:\/\/webdelmaestrocmf.com\/portal\/#organization"},"image":{"@id":"https:\/\/webdelmaestrocmf.com\/portal\/hablar-varios-idiomas-protege-al-cerebro-y-frena-el-envejecimiento-biologico-la-evidencia-mas-solida-hasta-hoy\/#primaryimage"},"thumbnailUrl":"https:\/\/webdelmaestrocmf.com\/portal\/wp-content\/uploads\/2025\/11\/1A-Banner-1-portada-imagen-10-1-copia-6.jpg","keywords":["Aprendizaje de idiomas","bienestar cognitivo","Biling\u00fcismo","deterioro cognitivo","educaci\u00f3n y salud","envejecimiento acelerado","envejecimiento activo","envejecimiento saludable","estudios cient\u00edficos","funciones ejecutivas","investigaci\u00f3n cient\u00edfica","lenguaje y cerebro","Multiling\u00fcismo","neurociencia","prevenci\u00f3n del envejecimiento","reserva cognitiva","salud cerebral","SALUD MENTAL","salud p\u00fablica"],"articleSection":["Idiomas","Ingles","Recursos"],"inLanguage":"es","potentialAction":[{"@type":"CommentAction","name":"Comment","target":["https:\/\/webdelmaestrocmf.com\/portal\/hablar-varios-idiomas-protege-al-cerebro-y-frena-el-envejecimiento-biologico-la-evidencia-mas-solida-hasta-hoy\/#respond"]}]},{"@type":"WebPage","@id":"https:\/\/webdelmaestrocmf.com\/portal\/hablar-varios-idiomas-protege-al-cerebro-y-frena-el-envejecimiento-biologico-la-evidencia-mas-solida-hasta-hoy\/","url":"https:\/\/webdelmaestrocmf.com\/portal\/hablar-varios-idiomas-protege-al-cerebro-y-frena-el-envejecimiento-biologico-la-evidencia-mas-solida-hasta-hoy\/","name":"Hablar varios idiomas protege al cerebro y frena el envejecimiento biol\u00f3gico: la evidencia m\u00e1s s\u00f3lida hasta hoy - 2026","isPartOf":{"@id":"https:\/\/webdelmaestrocmf.com\/portal\/#website"},"primaryImageOfPage":{"@id":"https:\/\/webdelmaestrocmf.com\/portal\/hablar-varios-idiomas-protege-al-cerebro-y-frena-el-envejecimiento-biologico-la-evidencia-mas-solida-hasta-hoy\/#primaryimage"},"image":{"@id":"https:\/\/webdelmaestrocmf.com\/portal\/hablar-varios-idiomas-protege-al-cerebro-y-frena-el-envejecimiento-biologico-la-evidencia-mas-solida-hasta-hoy\/#primaryimage"},"thumbnailUrl":"https:\/\/webdelmaestrocmf.com\/portal\/wp-content\/uploads\/2025\/11\/1A-Banner-1-portada-imagen-10-1-copia-6.jpg","datePublished":"2025-11-29T23:16:11+00:00","dateModified":"2025-11-29T23:33:35+00:00","description":"...hablar m\u00e1s de un idioma protege contra el envejecimiento acelerado, no solo del cerebro, sino del organismo en su conjunto.","breadcrumb":{"@id":"https:\/\/webdelmaestrocmf.com\/portal\/hablar-varios-idiomas-protege-al-cerebro-y-frena-el-envejecimiento-biologico-la-evidencia-mas-solida-hasta-hoy\/#breadcrumb"},"inLanguage":"es","potentialAction":[{"@type":"ReadAction","target":["https:\/\/webdelmaestrocmf.com\/portal\/hablar-varios-idiomas-protege-al-cerebro-y-frena-el-envejecimiento-biologico-la-evidencia-mas-solida-hasta-hoy\/"]}]},{"@type":"ImageObject","inLanguage":"es","@id":"https:\/\/webdelmaestrocmf.com\/portal\/hablar-varios-idiomas-protege-al-cerebro-y-frena-el-envejecimiento-biologico-la-evidencia-mas-solida-hasta-hoy\/#primaryimage","url":"https:\/\/webdelmaestrocmf.com\/portal\/wp-content\/uploads\/2025\/11\/1A-Banner-1-portada-imagen-10-1-copia-6.jpg","contentUrl":"https:\/\/webdelmaestrocmf.com\/portal\/wp-content\/uploads\/2025\/11\/1A-Banner-1-portada-imagen-10-1-copia-6.jpg","width":1000,"height":667},{"@type":"BreadcrumbList","@id":"https:\/\/webdelmaestrocmf.com\/portal\/hablar-varios-idiomas-protege-al-cerebro-y-frena-el-envejecimiento-biologico-la-evidencia-mas-solida-hasta-hoy\/#breadcrumb","itemListElement":[{"@type":"ListItem","position":1,"name":"Portada","item":"https:\/\/webdelmaestrocmf.com\/portal\/"},{"@type":"ListItem","position":2,"name":"Recursos","item":"https:\/\/webdelmaestrocmf.com\/portal\/category\/pedagogia\/"},{"@type":"ListItem","position":3,"name":"Hablar varios idiomas protege al cerebro y frena el envejecimiento biol\u00f3gico: la evidencia m\u00e1s s\u00f3lida hasta hoy"}]},{"@type":"WebSite","@id":"https:\/\/webdelmaestrocmf.com\/portal\/#website","url":"https:\/\/webdelmaestrocmf.com\/portal\/","name":"Web del Maestro CMF","description":"Maestros al servicio de la educaci\u00f3n","publisher":{"@id":"https:\/\/webdelmaestrocmf.com\/portal\/#organization"},"alternateName":"WMCMF","potentialAction":[{"@type":"SearchAction","target":{"@type":"EntryPoint","urlTemplate":"https:\/\/webdelmaestrocmf.com\/portal\/?s={search_term_string}"},"query-input":{"@type":"PropertyValueSpecification","valueRequired":true,"valueName":"search_term_string"}}],"inLanguage":"es"},{"@type":"Organization","@id":"https:\/\/webdelmaestrocmf.com\/portal\/#organization","name":"Web del Maestro CMF","alternateName":"WMCMF","url":"https:\/\/webdelmaestrocmf.com\/portal\/","logo":{"@type":"ImageObject","inLanguage":"es","@id":"https:\/\/webdelmaestrocmf.com\/portal\/#\/schema\/logo\/image\/","url":"https:\/\/webdelmaestrocmf.com\/portal\/wp-content\/uploads\/2023\/01\/logo-wmcmf-2.png","contentUrl":"https:\/\/webdelmaestrocmf.com\/portal\/wp-content\/uploads\/2023\/01\/logo-wmcmf-2.png","width":200,"height":60,"caption":"Web del Maestro CMF"},"image":{"@id":"https:\/\/webdelmaestrocmf.com\/portal\/#\/schema\/logo\/image\/"},"sameAs":["https:\/\/www.facebook.com\/WebdelMaestroCMF\/","https:\/\/x.com\/cmf_w","https:\/\/www.pinterest.com\/WMCMF\/","https:\/\/www.linkedin.com\/company\/web-del-maestro-cmf\/","https:\/\/www.instagram.com\/wmcmf\/","https:\/\/www.youtube.com\/channel\/UCDPSvjbdodE5sHnC3OxutHw","https:\/\/mastodon.social\/@wmcmf","https:\/\/www.tiktok.com\/@webdelmaestrocmf"]},{"@type":"Person","@id":"https:\/\/webdelmaestrocmf.com\/portal\/#\/schema\/person\/1072a2ed7bd960df8ef99a551fa35dc5","name":"Web del Maestro CMF","image":{"@type":"ImageObject","inLanguage":"es","@id":"https:\/\/secure.gravatar.com\/avatar\/23291dd5b5ae1077dcff3dbb04c3e02bd28403fa75af6d8787d5e97c5bbbe30b?s=96&d=mm&r=g","url":"https:\/\/secure.gravatar.com\/avatar\/23291dd5b5ae1077dcff3dbb04c3e02bd28403fa75af6d8787d5e97c5bbbe30b?s=96&d=mm&r=g","contentUrl":"https:\/\/secure.gravatar.com\/avatar\/23291dd5b5ae1077dcff3dbb04c3e02bd28403fa75af6d8787d5e97c5bbbe30b?s=96&d=mm&r=g","caption":"Web del Maestro CMF"},"description":"Esta Web se cre\u00f3 sin fines de lucro, con fines educativos, cient\u00edficos y acad\u00e9micos, para personas que tengan dificultades y\/o inconvenientes en visualizar el material original. El objetivo es entregar recursos, compartir experiencias y materiales que ayuden a los padres de familia, maestros y estudiantes en su actualizaci\u00f3n y formaci\u00f3n permanente, en bien de la Educaci\u00f3n.","sameAs":["http:\/\/webdelmaestrocmf.com\/portal","https:\/\/www.facebook.com\/WebdelMaestroCMF\/","https:\/\/www.instagram.com\/wmcmf\/","https:\/\/cl.linkedin.com\/company\/web-del-maestro-cmf","https:\/\/www.pinterest.com\/WMCMF\/publicaciones\/","https:\/\/x.com\/cmf_w","https:\/\/www.youtube.com\/@WMCMF"]}]}},"jetpack_featured_media_url":"https:\/\/webdelmaestrocmf.com\/portal\/wp-content\/uploads\/2025\/11\/1A-Banner-1-portada-imagen-10-1-copia-6.jpg","jetpack_sharing_enabled":true,"jetpack-related-posts":[{"id":113688,"url":"https:\/\/webdelmaestrocmf.com\/portal\/un-nuevo-estudio-realizado-por-cientificos-de-la-universidad-de-cambridge-revela-que-la-adolescencia-dura-hasta-los-32-anos\/","url_meta":{"origin":113730,"position":0},"title":"Un nuevo estudio realizado por cient\u00edficos de la Universidad de Cambridge revela que la adolescencia dura hasta los 32 a\u00f1os","author":"Web del Maestro CMF","date":"27 noviembre, 2025","format":false,"excerpt":"La investigaci\u00f3n revela cinco fases cerebrales y muestra que la madurez neuronal llega reci\u00e9n a los 32, redefiniendo nuestra comprensi\u00f3n del desarrollo humano.","rel":"","context":"En \u00abNeurociencia\u00bb","block_context":{"text":"Neurociencia","link":"https:\/\/webdelmaestrocmf.com\/portal\/category\/pedagogia\/neurociencia\/"},"img":{"alt_text":"","src":"https:\/\/i0.wp.com\/webdelmaestrocmf.com\/portal\/wp-content\/uploads\/2025\/11\/1A-Banner-1-portada-imagen-10-1-copia-6-2.webp?resize=350%2C200&ssl=1","width":350,"height":200,"srcset":"https:\/\/i0.wp.com\/webdelmaestrocmf.com\/portal\/wp-content\/uploads\/2025\/11\/1A-Banner-1-portada-imagen-10-1-copia-6-2.webp?resize=350%2C200&ssl=1 1x, https:\/\/i0.wp.com\/webdelmaestrocmf.com\/portal\/wp-content\/uploads\/2025\/11\/1A-Banner-1-portada-imagen-10-1-copia-6-2.webp?resize=525%2C300&ssl=1 1.5x, https:\/\/i0.wp.com\/webdelmaestrocmf.com\/portal\/wp-content\/uploads\/2025\/11\/1A-Banner-1-portada-imagen-10-1-copia-6-2.webp?resize=700%2C400&ssl=1 2x"},"classes":[]},{"id":109302,"url":"https:\/\/webdelmaestrocmf.com\/portal\/docentes-bajo-amenaza-la-salud-del-magisterio-latinoamericano-en-crisis\/","url_meta":{"origin":113730,"position":1},"title":"Docentes bajo amenaza: la salud del magisterio latinoamericano en crisis","author":"Web del Maestro CMF","date":"9 junio, 2025","format":false,"excerpt":"En 2025, un informe regional encendi\u00f3 las alarmas: la salud del magisterio en Am\u00e9rica Latina est\u00e1 en crisis. Docentes de pa\u00edses como M\u00e9xico, Chile, Argentina, Colombia y Per\u00fa est\u00e1n enfrentando una creciente incidencia de enfermedades cr\u00f3nicas, un marcado envejecimiento laboral y graves fallas en los sistemas de salud que deber\u00edan\u2026","rel":"","context":"En \u00abNoticias Internacionales\u00bb","block_context":{"text":"Noticias Internacionales","link":"https:\/\/webdelmaestrocmf.com\/portal\/category\/noticias-internacionales\/"},"img":{"alt_text":"","src":"https:\/\/i0.wp.com\/webdelmaestrocmf.com\/portal\/wp-content\/uploads\/2025\/06\/1A-Banner-1-portada-imagen-10-1-28.jpg?resize=350%2C200&ssl=1","width":350,"height":200,"srcset":"https:\/\/i0.wp.com\/webdelmaestrocmf.com\/portal\/wp-content\/uploads\/2025\/06\/1A-Banner-1-portada-imagen-10-1-28.jpg?resize=350%2C200&ssl=1 1x, https:\/\/i0.wp.com\/webdelmaestrocmf.com\/portal\/wp-content\/uploads\/2025\/06\/1A-Banner-1-portada-imagen-10-1-28.jpg?resize=525%2C300&ssl=1 1.5x, https:\/\/i0.wp.com\/webdelmaestrocmf.com\/portal\/wp-content\/uploads\/2025\/06\/1A-Banner-1-portada-imagen-10-1-28.jpg?resize=700%2C400&ssl=1 2x"},"classes":[]},{"id":101347,"url":"https:\/\/webdelmaestrocmf.com\/portal\/stanislas-dehaene-ahora-sabemos-mucho-sobre-como-el-cerebro-aprende-a-leer\/","url_meta":{"origin":113730,"position":2},"title":"Stanislas Dehaene: Ahora sabemos mucho sobre c\u00f3mo el cerebro aprende a leer","author":"Web del Maestro CMF","date":"2 diciembre, 2023","format":false,"excerpt":"El neurocient\u00edfico franc\u00e9s Stanislas Dehaene (1965) ha realizado contribuciones significativas al campo de la neurociencia, espec\u00edficamente en el estudio de los procesos cerebrales relacionados con leer, la numeraci\u00f3n y el procesamiento matem\u00e1tico. Fue el ganador del Brain Prize, considerado el \u2018Nobel de neurociencia\u2019, elegido para la C\u00e1tedra de Psicolog\u00eda Experimental\u2026","rel":"","context":"En \u00abEntrevistas\u00bb","block_context":{"text":"Entrevistas","link":"https:\/\/webdelmaestrocmf.com\/portal\/category\/noticias\/entrevistas\/"},"img":{"alt_text":"Stanislas Dehaene - cerebro aprende a leer","src":"https:\/\/i0.wp.com\/webdelmaestrocmf.com\/portal\/wp-content\/uploads\/2023\/12\/A12B3C4D-1.jpg?resize=350%2C200&ssl=1","width":350,"height":200,"srcset":"https:\/\/i0.wp.com\/webdelmaestrocmf.com\/portal\/wp-content\/uploads\/2023\/12\/A12B3C4D-1.jpg?resize=350%2C200&ssl=1 1x, https:\/\/i0.wp.com\/webdelmaestrocmf.com\/portal\/wp-content\/uploads\/2023\/12\/A12B3C4D-1.jpg?resize=525%2C300&ssl=1 1.5x, https:\/\/i0.wp.com\/webdelmaestrocmf.com\/portal\/wp-content\/uploads\/2023\/12\/A12B3C4D-1.jpg?resize=700%2C400&ssl=1 2x"},"classes":[]},{"id":114620,"url":"https:\/\/webdelmaestrocmf.com\/portal\/como-aprende-el-cerebro-de-un-nino-practicas-basadas-en-evidencia-cientifica\/","url_meta":{"origin":113730,"position":3},"title":"C\u00f3mo aprende el cerebro de un ni\u00f1o: pr\u00e1cticas basadas en evidencia cient\u00edfica","author":"Web del Maestro CMF","date":"7 enero, 2026","format":false,"excerpt":"El cerebro infantil aprende con pr\u00e1ctica repetida; el juego potencia motivaci\u00f3n, atenci\u00f3n y significado, pero no existen cifras universales comprobadas.","rel":"","context":"En \u00abCiencia\u00bb","block_context":{"text":"Ciencia","link":"https:\/\/webdelmaestrocmf.com\/portal\/category\/pedagogia\/ciencia\/"},"img":{"alt_text":"","src":"https:\/\/i0.wp.com\/webdelmaestrocmf.com\/portal\/wp-content\/uploads\/2026\/01\/1A-Banner-1-portada-imagen-10-1-copia-3-2.webp?resize=350%2C200&ssl=1","width":350,"height":200,"srcset":"https:\/\/i0.wp.com\/webdelmaestrocmf.com\/portal\/wp-content\/uploads\/2026\/01\/1A-Banner-1-portada-imagen-10-1-copia-3-2.webp?resize=350%2C200&ssl=1 1x, https:\/\/i0.wp.com\/webdelmaestrocmf.com\/portal\/wp-content\/uploads\/2026\/01\/1A-Banner-1-portada-imagen-10-1-copia-3-2.webp?resize=525%2C300&ssl=1 1.5x, https:\/\/i0.wp.com\/webdelmaestrocmf.com\/portal\/wp-content\/uploads\/2026\/01\/1A-Banner-1-portada-imagen-10-1-copia-3-2.webp?resize=700%2C400&ssl=1 2x"},"classes":[]},{"id":36006,"url":"https:\/\/webdelmaestrocmf.com\/portal\/el-tdah-es-un-sindrome-muy-mal-diagnosticado-en-el-sentido-de-que-se-confunde-con-otros-sindromes\/","url_meta":{"origin":113730,"position":4},"title":"FRANCISCO MORA: EL TDAH ES UN S\u00cdNDROME MUY MAL DIAGNOSTICADO EN EL SENTIDO DE QUE SE CONFUNDE CON OTROS S\u00cdNDROMES","author":"Web del Maestro CMF","date":"30 marzo, 2019","format":false,"excerpt":"Autor y ensayista espa\u00f1ol,\u00a0Francisco Mora\u00a0se licenci\u00f3 y doctor\u00f3 en Medicina en la Universidad de Granada, y se doctor\u00f3 en Neurociencias en la Universidad de Oxford.\u00a0Mora\u00a0es catedr\u00e1tico de Fisiolog\u00eda en la Universidad Complutense de Madrid y profesor adscrito de Fisiolog\u00eda Molecular y Biof\u00edsica en la Universidad de Iowa, en Estados Unidos.\u2026","rel":"","context":"En \u00abEntrevistas\u00bb","block_context":{"text":"Entrevistas","link":"https:\/\/webdelmaestrocmf.com\/portal\/category\/noticias\/entrevistas\/"},"img":{"alt_text":"","src":"https:\/\/i0.wp.com\/webdelmaestrocmf.com\/portal\/wp-content\/uploads\/2019\/03\/2-25.jpg?resize=350%2C200&ssl=1","width":350,"height":200,"srcset":"https:\/\/i0.wp.com\/webdelmaestrocmf.com\/portal\/wp-content\/uploads\/2019\/03\/2-25.jpg?resize=350%2C200&ssl=1 1x, https:\/\/i0.wp.com\/webdelmaestrocmf.com\/portal\/wp-content\/uploads\/2019\/03\/2-25.jpg?resize=525%2C300&ssl=1 1.5x, https:\/\/i0.wp.com\/webdelmaestrocmf.com\/portal\/wp-content\/uploads\/2019\/03\/2-25.jpg?resize=700%2C400&ssl=1 2x, https:\/\/i0.wp.com\/webdelmaestrocmf.com\/portal\/wp-content\/uploads\/2019\/03\/2-25.jpg?resize=1050%2C600&ssl=1 3x"},"classes":[]},{"id":63673,"url":"https:\/\/webdelmaestrocmf.com\/portal\/alexander-ortiz-neuroeducacion-como-aprende-el-cerebro-humano-y-como-deberian-ensenar-los-docentes\/","url_meta":{"origin":113730,"position":5},"title":"[Alexander Ortiz] Neuroeducaci\u00f3n \u00bfC\u00f3mo aprende el cerebro humano y c\u00f3mo deber\u00edan ense\u00f1ar los docentes?","author":"Web del Maestro CMF","date":"2 junio, 2021","format":false,"excerpt":"El cerebro humano es la estructura f\u00edsica m\u00e1s compleja, hol\u00edstica, sist\u00e9mica y dial\u00e9ctica del universo. Uno de los m\u00e1s importantes, b\u00e1sicos y trascendentales interrogantes que el ser humano se ha planteado a lo largo de la historia de la especie es precisamente c\u00f3mo funciona el cerebro humano y c\u00f3mo se\u2026","rel":"","context":"En \u00abZ-Colaboradores\u00bb","block_context":{"text":"Z-Colaboradores","link":"https:\/\/webdelmaestrocmf.com\/portal\/category\/colaborador\/"},"img":{"alt_text":"","src":"https:\/\/i0.wp.com\/webdelmaestrocmf.com\/portal\/wp-content\/uploads\/2021\/06\/1.jpg-13.png?resize=350%2C200&ssl=1","width":350,"height":200,"srcset":"https:\/\/i0.wp.com\/webdelmaestrocmf.com\/portal\/wp-content\/uploads\/2021\/06\/1.jpg-13.png?resize=350%2C200&ssl=1 1x, https:\/\/i0.wp.com\/webdelmaestrocmf.com\/portal\/wp-content\/uploads\/2021\/06\/1.jpg-13.png?resize=525%2C300&ssl=1 1.5x, https:\/\/i0.wp.com\/webdelmaestrocmf.com\/portal\/wp-content\/uploads\/2021\/06\/1.jpg-13.png?resize=700%2C400&ssl=1 2x, https:\/\/i0.wp.com\/webdelmaestrocmf.com\/portal\/wp-content\/uploads\/2021\/06\/1.jpg-13.png?resize=1050%2C600&ssl=1 3x"},"classes":[]}],"_links":{"self":[{"href":"https:\/\/webdelmaestrocmf.com\/portal\/wp-json\/wp\/v2\/posts\/113730","targetHints":{"allow":["GET"]}}],"collection":[{"href":"https:\/\/webdelmaestrocmf.com\/portal\/wp-json\/wp\/v2\/posts"}],"about":[{"href":"https:\/\/webdelmaestrocmf.com\/portal\/wp-json\/wp\/v2\/types\/post"}],"author":[{"embeddable":true,"href":"https:\/\/webdelmaestrocmf.com\/portal\/wp-json\/wp\/v2\/users\/1"}],"replies":[{"embeddable":true,"href":"https:\/\/webdelmaestrocmf.com\/portal\/wp-json\/wp\/v2\/comments?post=113730"}],"version-history":[{"count":1,"href":"https:\/\/webdelmaestrocmf.com\/portal\/wp-json\/wp\/v2\/posts\/113730\/revisions"}],"predecessor-version":[{"id":113732,"href":"https:\/\/webdelmaestrocmf.com\/portal\/wp-json\/wp\/v2\/posts\/113730\/revisions\/113732"}],"wp:featuredmedia":[{"embeddable":true,"href":"https:\/\/webdelmaestrocmf.com\/portal\/wp-json\/wp\/v2\/media\/113733"}],"wp:attachment":[{"href":"https:\/\/webdelmaestrocmf.com\/portal\/wp-json\/wp\/v2\/media?parent=113730"}],"wp:term":[{"taxonomy":"category","embeddable":true,"href":"https:\/\/webdelmaestrocmf.com\/portal\/wp-json\/wp\/v2\/categories?post=113730"},{"taxonomy":"post_tag","embeddable":true,"href":"https:\/\/webdelmaestrocmf.com\/portal\/wp-json\/wp\/v2\/tags?post=113730"}],"curies":[{"name":"wp","href":"https:\/\/api.w.org\/{rel}","templated":true}]}}