{"id":113693,"date":"2025-11-27T14:16:59","date_gmt":"2025-11-27T17:16:59","guid":{"rendered":"https:\/\/webdelmaestrocmf.com\/portal\/?p=113693"},"modified":"2025-11-27T14:20:50","modified_gmt":"2025-11-27T17:20:50","slug":"joven-de-16-anos-murio-despues-de-que-el-aro-de-baloncesto-del-que-estaba-colgado-le-cayera-encima","status":"publish","type":"post","link":"https:\/\/webdelmaestrocmf.com\/portal\/joven-de-16-anos-murio-despues-de-que-el-aro-de-baloncesto-del-que-estaba-colgado-le-cayera-encima\/","title":{"rendered":"Joven de 16 a\u00f1os muri\u00f3 despu\u00e9s de que el aro de baloncesto del que estaba colgado le cayera encima"},"content":{"rendered":"\n<p>La comunidad deportiva de India se encuentra conmocionada tras la muerte de Hardik Rathi, un destacado jugador juvenil de b\u00e1squet, quien falleci\u00f3 de manera instant\u00e1nea luego de que un aro se desplomara sobre \u00e9l durante una pr\u00e1ctica en la ciudad de Rohtak, ubicada a unos 50 kil\u00f3metros de Nueva Delhi.<\/p>\n\n\n\n<p>El hecho ocurri\u00f3 en un complejo deportivo local y qued\u00f3 registrado en un video que r\u00e1pidamente se viraliz\u00f3 en redes sociales. En las im\u00e1genes se observa a Hardik acercarse al aro y colgarse de la estructura, la cual cedi\u00f3 de manera repentina y cay\u00f3 directamente sobre su pecho, provocando su muerte en el acto.<\/p>\n\n\n\n<figure class=\"wp-block-embed is-type-video is-provider-dailymotion wp-block-embed-dailymotion\"><div class=\"wp-block-embed__wrapper\">\n<iframe loading=\"lazy\" title=\"Joven de 16 a\u00f1os muri\u00f3 despu\u00e9s de que el aro de baloncesto del que estaba colgado le cayera encima\" frameborder=\"0\" width=\"1104\" height=\"1000\" src=\"https:\/\/geo.dailymotion.com\/player.html?video=x9ujxyq&#038;\" allowfullscreen allow=\"autoplay; fullscreen; picture-in-picture; web-share\"><\/iframe>\n<\/div><\/figure>\n\n\n\n<h2 class=\"wp-block-heading\"><strong>Una joven promesa del b\u00e1squet indio<\/strong><\/h2>\n\n\n\n<p>Seg\u00fan medios locales, Hardik Rathi era considerado una de las mayores promesas del b\u00e1squet juvenil en India. Hab\u00eda representado a su ciudad en diversos torneos nacionales, acumulando t\u00edtulos y reconocimiento entre entrenadores y jugadores. Su proyecci\u00f3n lo situaba como una figura con futuro en la \u00e9lite deportiva del pa\u00eds.<\/p>\n\n\n\n<h2 class=\"wp-block-heading\"><strong>Investigaci\u00f3n en curso por la falla estructural<\/strong><\/h2>\n\n\n\n<p>Tras la tragedia, las autoridades iniciaron una investigaci\u00f3n para determinar por qu\u00e9 la estructura met\u00e1lica colaps\u00f3. Inspectores del parque deportivo revelaron que el soporte del aro presentaba un avanzado estado de oxidaci\u00f3n y un deterioro significativo, lo que pudo haber sido determinante en el accidente.<\/p>\n\n\n\n<p>La familia del joven present\u00f3 una denuncia formal contra los responsables del mantenimiento del predio, lo que podr\u00eda derivar en imputaciones por negligencia. El caso abri\u00f3 un debate local sobre las condiciones de seguridad y supervisi\u00f3n en instalaciones deportivas p\u00fablicas y privadas.<\/p>\n\n\n\n<h2 class=\"wp-block-heading\"><strong>Medidas preventivas tras el incidente<\/strong><\/h2>\n\n\n\n<p>Como medida inmediata, el complejo deportivo suspendi\u00f3 todas sus actividades mientras avanzan los peritajes t\u00e9cnicos sobre la infraestructura restante, con el objetivo de prevenir nuevos incidentes. Las autoridades tambi\u00e9n revisan protocolos de mantenimiento para evaluar posibles fallas en la supervisi\u00f3n.<\/p>\n\n\n\n<h2 class=\"wp-block-heading\"><strong>Impacto en la comunidad deportiva<\/strong><\/h2>\n\n\n\n<p>La muerte de Hardik gener\u00f3 un profundo impacto en el \u00e1mbito del b\u00e1squet indio. Compa\u00f1eros, entrenadores y referentes deportivos lamentaron la p\u00e9rdida de un joven talento cuyo crecimiento deportivo promet\u00eda un futuro prometedor. La tragedia reabri\u00f3 discusiones sobre la seguridad en instalaciones deportivas y la necesidad de garantizar condiciones adecuadas para el desarrollo seguro de los atletas juveniles.<\/p>\n\n\n\n<p class=\"has-text-align-right\"><strong>Redacci\u00f3n | Web del Maestro CMF<\/strong><\/p>\n\n\n\t\t<div class=\"pk-inline-posts\">\n\t\t\t\n\t\t\t<div class=\"pk-inline-posts-container pk-inline-posts-template-list\"\n\t\t\t\tdata-columns=\"1\">\n\t\t\t\t\t\t<article id=\"post-118505\" class=\"post-118505 post type-post status-publish format-standard has-post-thumbnail category-noticias-internacionales tag-acoso-laboral-docente tag-clima-laboral-educativo tag-denuncia-laboral tag-derechos-laborales-docentes tag-ley-karin tag-maltrato-en-escuelas tag-salud-mental-docente tag-sistema-educativo-crisis tag-violencia-en-escuelas cs-entry cs-video-wrap\">\n\t\t\t<div class=\"pk-post-outer\">\n\n\t\t\t\t\t\t\t\t<div class=\"pk-post-inner\">\n\t\t\t\t\t<div class=\"entry-thumbnail\">\n\t\t\t\t\t\t<div class=\"pk-overlay pk-overlay-ratio pk-ratio-landscape\">\n\t\t\t\t\t\t\t<div class=\"pk-overlay-background\">\n\t\t\t\t\t\t\t\t<a href=\"https:\/\/webdelmaestrocmf.com\/portal\/maestra-consulta-que-hacer-tras-sufrir-acoso-laboral-por-parte-de-una-profesora-y-directora-teme-denunciar-y-quedar-vetada-de-por-vida-como-se-debe-de-proceder-en-estos-casos\/\" class=\"pk-overlay-link\">\n\t\t\t\t\t\t\t\t\t<img loading=\"lazy\" decoding=\"async\" width=\"300\" height=\"225\" src=\"https:\/\/webdelmaestrocmf.com\/portal\/wp-content\/uploads\/2026\/04\/1AA-Banner-1-portada-imagen-10-1-copia-4-4-300x225.webp\" class=\"attachment-pk-thumbnail size-pk-thumbnail wp-post-image\" alt=\"\" \/>\t\t\t\t\t\t\t\t<\/a>\n\t\t\t\t\t\t\t<\/div>\n\t\t\t\t\t\t<\/div>\n\t\t\t\t\t<\/div>\n\t\t\t\t<\/div>\n\t\t\t\t\n\t\t\t\t<div class=\"pk-post-inner\">\n\t\t\t\t\t<header>\n\t\t\t\t\t\t<h3 class=\"pk-title\"><a href=\"https:\/\/webdelmaestrocmf.com\/portal\/maestra-consulta-que-hacer-tras-sufrir-acoso-laboral-por-parte-de-una-profesora-y-directora-teme-denunciar-y-quedar-vetada-de-por-vida-como-se-debe-de-proceder-en-estos-casos\/\" rel=\"bookmark\">Maestra consulta qu\u00e9 hacer tras sufrir acoso laboral por parte de una profesora y directora, teme denunciar y quedar vetada de por vida \u00bfC\u00f3mo se debe de proceder en estos casos?<\/a><\/h3>\t\t\t\t\t<\/header><!-- .entry-header -->\n\t\t\t\t<\/div><!-- .post-inner -->\n\n\t\t\t<\/div><!-- .post-outer -->\n\t\t<\/article>\n\t\t\t<article id=\"post-118473\" class=\"post-118473 post type-post status-publish format-standard has-post-thumbnail category-noticias-internacionales tag-convivencia tag-docentes tag-educacion-3 tag-gestion-escolar-2 tag-protocolos tag-salud-mental tag-seguridad-escolar tag-simulacros tag-violencia-escolar cs-entry cs-video-wrap\">\n\t\t\t<div class=\"pk-post-outer\">\n\n\t\t\t\t\t\t\t\t<div class=\"pk-post-inner\">\n\t\t\t\t\t<div class=\"entry-thumbnail\">\n\t\t\t\t\t\t<div class=\"pk-overlay pk-overlay-ratio pk-ratio-landscape\">\n\t\t\t\t\t\t\t<div class=\"pk-overlay-background\">\n\t\t\t\t\t\t\t\t<a href=\"https:\/\/webdelmaestrocmf.com\/portal\/se-confirma-que-habra-simulacros-de-tiroteos-en-las-escuelas\/\" class=\"pk-overlay-link\">\n\t\t\t\t\t\t\t\t\t<img loading=\"lazy\" decoding=\"async\" width=\"300\" height=\"225\" src=\"https:\/\/webdelmaestrocmf.com\/portal\/wp-content\/uploads\/2026\/04\/1AA-Banner-1-portada-imagen-10-1-copia-1-11-300x225.webp\" class=\"attachment-pk-thumbnail size-pk-thumbnail wp-post-image\" alt=\"\" \/>\t\t\t\t\t\t\t\t<\/a>\n\t\t\t\t\t\t\t<\/div>\n\t\t\t\t\t\t<\/div>\n\t\t\t\t\t<\/div>\n\t\t\t\t<\/div>\n\t\t\t\t\n\t\t\t\t<div class=\"pk-post-inner\">\n\t\t\t\t\t<header>\n\t\t\t\t\t\t<h3 class=\"pk-title\"><a href=\"https:\/\/webdelmaestrocmf.com\/portal\/se-confirma-que-habra-simulacros-de-tiroteos-en-las-escuelas\/\" rel=\"bookmark\">Se confirma que habr\u00e1 simulacros de tiroteos en las escuelas<\/a><\/h3>\t\t\t\t\t<\/header><!-- .entry-header -->\n\t\t\t\t<\/div><!-- .post-inner -->\n\n\t\t\t<\/div><!-- .post-outer -->\n\t\t<\/article>\n\t\t\t<article id=\"post-118464\" class=\"post-118464 post type-post status-publish format-standard has-post-thumbnail category-noticias-internacionales tag-aula tag-convivencia-escolar tag-disciplina tag-docentes tag-educacion-3 tag-estudiantes tag-gestion-educativa-3 tag-normativa tag-pedagogia-3 tag-violencia-escolar cs-entry cs-video-wrap\">\n\t\t\t<div class=\"pk-post-outer\">\n\n\t\t\t\t\t\t\t\t<div class=\"pk-post-inner\">\n\t\t\t\t\t<div class=\"entry-thumbnail\">\n\t\t\t\t\t\t<div class=\"pk-overlay pk-overlay-ratio pk-ratio-landscape\">\n\t\t\t\t\t\t\t<div class=\"pk-overlay-background\">\n\t\t\t\t\t\t\t\t<a href=\"https:\/\/webdelmaestrocmf.com\/portal\/peru-pone-limites-estudiantes-violentos-podrian-salir-del-aula-presencial-y-pasar-a-otra-modalidad-educativa\/\" class=\"pk-overlay-link\">\n\t\t\t\t\t\t\t\t\t<img loading=\"lazy\" decoding=\"async\" width=\"300\" height=\"225\" src=\"https:\/\/webdelmaestrocmf.com\/portal\/wp-content\/uploads\/2026\/04\/1AA-Banner-1-portada-imagen-10-1-copia-38-300x225.webp\" class=\"attachment-pk-thumbnail size-pk-thumbnail wp-post-image\" alt=\"\" \/>\t\t\t\t\t\t\t\t<\/a>\n\t\t\t\t\t\t\t<\/div>\n\t\t\t\t\t\t<\/div>\n\t\t\t\t\t<\/div>\n\t\t\t\t<\/div>\n\t\t\t\t\n\t\t\t\t<div class=\"pk-post-inner\">\n\t\t\t\t\t<header>\n\t\t\t\t\t\t<h3 class=\"pk-title\"><a href=\"https:\/\/webdelmaestrocmf.com\/portal\/peru-pone-limites-estudiantes-violentos-podrian-salir-del-aula-presencial-y-pasar-a-otra-modalidad-educativa\/\" rel=\"bookmark\">Per\u00fa pone l\u00edmites: estudiantes violentos podr\u00edan salir del aula presencial y pasar a otra modalidad educativa<\/a><\/h3>\t\t\t\t\t<\/header><!-- .entry-header -->\n\t\t\t\t<\/div><!-- .post-inner -->\n\n\t\t\t<\/div><!-- .post-outer -->\n\t\t<\/article>\n\t\t\t\t<\/div>\n\t\t<\/div>\n\t\t\n","protected":false},"excerpt":{"rendered":"Hardik Rathi, joven promesa del b\u00e1squet indio, muri\u00f3 al colapsar un aro oxidado durante una pr\u00e1ctica, desatando investigaci\u00f3n por negligencia.","protected":false},"author":1,"featured_media":113696,"comment_status":"open","ping_status":"closed","sticky":false,"template":"","format":"standard","meta":{"csco_display_header_overlay":false,"csco_singular_sidebar":"","csco_page_header_type":"","csco_page_load_nextpost":"","csco_post_video_location":[],"csco_post_video_location_hash":"","csco_post_video_url":"","csco_post_video_bg_start_time":0,"csco_post_video_bg_end_time":0,"csco_post_video_bg_volume":false,"_jetpack_memberships_contains_paid_content":false,"footnotes":""},"categories":[23790],"tags":[24561,24563,24568,24562,24569,393,24572,24564,24567,24570,24566,24565,24571,18443],"class_list":{"0":"post-113693","1":"post","2":"type-post","3":"status-publish","4":"format-standard","5":"has-post-thumbnail","7":"category-noticias-internacionales","8":"tag-accidente-deportivo","9":"tag-basquetbolista-juvenil","10":"tag-colapso-de-aro","11":"tag-hardik-rathi","12":"tag-instalaciones-deportivas","13":"tag-investigacion","14":"tag-muerte-accidental","15":"tag-negligencia","16":"tag-nueva-delhi","17":"tag-promesa-del-deporte","18":"tag-rohtak","19":"tag-seguridad-deportiva","20":"tag-tragedia-en-india","21":"tag-video-viral","22":"cs-entry","23":"cs-video-wrap"},"yoast_head":"<!-- This site is optimized with the Yoast SEO plugin v27.5 - https:\/\/yoast.com\/product\/yoast-seo-wordpress\/ -->\n<title>Joven de 16 a\u00f1os muri\u00f3 despu\u00e9s de que el aro de baloncesto del que estaba colgado le cayera encima - 2026<\/title>\n<meta name=\"description\" content=\"La comunidad deportiva de India se encuentra conmocionada tras la muerte de Hardik Rathi, un destacado jugador juvenil de b\u00e1squet...\" \/>\n<meta name=\"robots\" content=\"index, follow, max-snippet:-1, max-image-preview:large, max-video-preview:-1\" \/>\n<link rel=\"canonical\" href=\"https:\/\/webdelmaestrocmf.com\/portal\/joven-de-16-anos-murio-despues-de-que-el-aro-de-baloncesto-del-que-estaba-colgado-le-cayera-encima\/\" \/>\n<meta property=\"og:locale\" content=\"es_ES\" \/>\n<meta property=\"og:type\" content=\"article\" \/>\n<meta property=\"og:title\" content=\"Joven de 16 a\u00f1os muri\u00f3 despu\u00e9s de que el aro de baloncesto del que estaba colgado le cayera encima - 2026\" \/>\n<meta property=\"og:description\" content=\"La comunidad deportiva de India se encuentra conmocionada tras la muerte de Hardik Rathi, un destacado jugador juvenil de b\u00e1squet...\" \/>\n<meta property=\"og:url\" content=\"https:\/\/webdelmaestrocmf.com\/portal\/joven-de-16-anos-murio-despues-de-que-el-aro-de-baloncesto-del-que-estaba-colgado-le-cayera-encima\/\" \/>\n<meta property=\"og:site_name\" content=\"Web del Maestro CMF\" \/>\n<meta property=\"article:publisher\" content=\"https:\/\/www.facebook.com\/WebdelMaestroCMF\/\" \/>\n<meta property=\"article:author\" content=\"https:\/\/www.facebook.com\/WebdelMaestroCMF\/\" \/>\n<meta property=\"article:published_time\" content=\"2025-11-27T17:16:59+00:00\" \/>\n<meta property=\"article:modified_time\" content=\"2025-11-27T17:20:50+00:00\" \/>\n<meta property=\"og:image\" content=\"https:\/\/webdelmaestrocmf.com\/portal\/wp-content\/uploads\/2025\/11\/1A-Banner-1-portada-imagen-10-1-copia-4-1.webp\" \/>\n\t<meta property=\"og:image:width\" content=\"1000\" \/>\n\t<meta property=\"og:image:height\" content=\"667\" \/>\n\t<meta property=\"og:image:type\" content=\"image\/webp\" \/>\n<meta name=\"author\" content=\"Web del Maestro CMF\" \/>\n<meta name=\"twitter:card\" content=\"summary_large_image\" \/>\n<meta name=\"twitter:creator\" content=\"@cmf_w\" \/>\n<meta name=\"twitter:site\" content=\"@cmf_w\" \/>\n<script type=\"application\/ld+json\" class=\"yoast-schema-graph\">{\"@context\":\"https:\\\/\\\/schema.org\",\"@graph\":[{\"@type\":\"ScholarlyArticle\",\"@id\":\"https:\\\/\\\/webdelmaestrocmf.com\\\/portal\\\/joven-de-16-anos-murio-despues-de-que-el-aro-de-baloncesto-del-que-estaba-colgado-le-cayera-encima\\\/#article\",\"isPartOf\":{\"@id\":\"https:\\\/\\\/webdelmaestrocmf.com\\\/portal\\\/joven-de-16-anos-murio-despues-de-que-el-aro-de-baloncesto-del-que-estaba-colgado-le-cayera-encima\\\/\"},\"author\":{\"name\":\"Web del Maestro CMF\",\"@id\":\"https:\\\/\\\/webdelmaestrocmf.com\\\/portal\\\/#\\\/schema\\\/person\\\/1072a2ed7bd960df8ef99a551fa35dc5\"},\"headline\":\"Joven de 16 a\u00f1os muri\u00f3 despu\u00e9s de que el aro de baloncesto del que estaba colgado le cayera encima\",\"datePublished\":\"2025-11-27T17:16:59+00:00\",\"dateModified\":\"2025-11-27T17:20:50+00:00\",\"mainEntityOfPage\":{\"@id\":\"https:\\\/\\\/webdelmaestrocmf.com\\\/portal\\\/joven-de-16-anos-murio-despues-de-que-el-aro-de-baloncesto-del-que-estaba-colgado-le-cayera-encima\\\/\"},\"wordCount\":421,\"commentCount\":0,\"publisher\":{\"@id\":\"https:\\\/\\\/webdelmaestrocmf.com\\\/portal\\\/#organization\"},\"image\":{\"@id\":\"https:\\\/\\\/webdelmaestrocmf.com\\\/portal\\\/joven-de-16-anos-murio-despues-de-que-el-aro-de-baloncesto-del-que-estaba-colgado-le-cayera-encima\\\/#primaryimage\"},\"thumbnailUrl\":\"https:\\\/\\\/webdelmaestrocmf.com\\\/portal\\\/wp-content\\\/uploads\\\/2025\\\/11\\\/1A-Banner-1-portada-imagen-10-1-copia-4-1.webp\",\"keywords\":[\"accidente deportivo\",\"basquetbolista juvenil\",\"colapso de aro\",\"hardik rathi\",\"instalaciones deportivas\",\"Investigaci\u00f3n\",\"muerte accidental\",\"negligencia\",\"nueva delhi\",\"promesa del deporte\",\"rohtak\",\"seguridad deportiva\",\"tragedia en india\",\"video viral\"],\"articleSection\":[\"Noticias Internacionales\"],\"inLanguage\":\"es\",\"potentialAction\":[{\"@type\":\"CommentAction\",\"name\":\"Comment\",\"target\":[\"https:\\\/\\\/webdelmaestrocmf.com\\\/portal\\\/joven-de-16-anos-murio-despues-de-que-el-aro-de-baloncesto-del-que-estaba-colgado-le-cayera-encima\\\/#respond\"]}]},{\"@type\":\"WebPage\",\"@id\":\"https:\\\/\\\/webdelmaestrocmf.com\\\/portal\\\/joven-de-16-anos-murio-despues-de-que-el-aro-de-baloncesto-del-que-estaba-colgado-le-cayera-encima\\\/\",\"url\":\"https:\\\/\\\/webdelmaestrocmf.com\\\/portal\\\/joven-de-16-anos-murio-despues-de-que-el-aro-de-baloncesto-del-que-estaba-colgado-le-cayera-encima\\\/\",\"name\":\"Joven de 16 a\u00f1os muri\u00f3 despu\u00e9s de que el aro de baloncesto del que estaba colgado le cayera encima - 2026\",\"isPartOf\":{\"@id\":\"https:\\\/\\\/webdelmaestrocmf.com\\\/portal\\\/#website\"},\"primaryImageOfPage\":{\"@id\":\"https:\\\/\\\/webdelmaestrocmf.com\\\/portal\\\/joven-de-16-anos-murio-despues-de-que-el-aro-de-baloncesto-del-que-estaba-colgado-le-cayera-encima\\\/#primaryimage\"},\"image\":{\"@id\":\"https:\\\/\\\/webdelmaestrocmf.com\\\/portal\\\/joven-de-16-anos-murio-despues-de-que-el-aro-de-baloncesto-del-que-estaba-colgado-le-cayera-encima\\\/#primaryimage\"},\"thumbnailUrl\":\"https:\\\/\\\/webdelmaestrocmf.com\\\/portal\\\/wp-content\\\/uploads\\\/2025\\\/11\\\/1A-Banner-1-portada-imagen-10-1-copia-4-1.webp\",\"datePublished\":\"2025-11-27T17:16:59+00:00\",\"dateModified\":\"2025-11-27T17:20:50+00:00\",\"description\":\"La comunidad deportiva de India se encuentra conmocionada tras la muerte de Hardik Rathi, un destacado jugador juvenil de b\u00e1squet...\",\"breadcrumb\":{\"@id\":\"https:\\\/\\\/webdelmaestrocmf.com\\\/portal\\\/joven-de-16-anos-murio-despues-de-que-el-aro-de-baloncesto-del-que-estaba-colgado-le-cayera-encima\\\/#breadcrumb\"},\"inLanguage\":\"es\",\"potentialAction\":[{\"@type\":\"ReadAction\",\"target\":[\"https:\\\/\\\/webdelmaestrocmf.com\\\/portal\\\/joven-de-16-anos-murio-despues-de-que-el-aro-de-baloncesto-del-que-estaba-colgado-le-cayera-encima\\\/\"]}]},{\"@type\":\"ImageObject\",\"inLanguage\":\"es\",\"@id\":\"https:\\\/\\\/webdelmaestrocmf.com\\\/portal\\\/joven-de-16-anos-murio-despues-de-que-el-aro-de-baloncesto-del-que-estaba-colgado-le-cayera-encima\\\/#primaryimage\",\"url\":\"https:\\\/\\\/webdelmaestrocmf.com\\\/portal\\\/wp-content\\\/uploads\\\/2025\\\/11\\\/1A-Banner-1-portada-imagen-10-1-copia-4-1.webp\",\"contentUrl\":\"https:\\\/\\\/webdelmaestrocmf.com\\\/portal\\\/wp-content\\\/uploads\\\/2025\\\/11\\\/1A-Banner-1-portada-imagen-10-1-copia-4-1.webp\",\"width\":1000,\"height\":667},{\"@type\":\"BreadcrumbList\",\"@id\":\"https:\\\/\\\/webdelmaestrocmf.com\\\/portal\\\/joven-de-16-anos-murio-despues-de-que-el-aro-de-baloncesto-del-que-estaba-colgado-le-cayera-encima\\\/#breadcrumb\",\"itemListElement\":[{\"@type\":\"ListItem\",\"position\":1,\"name\":\"Portada\",\"item\":\"https:\\\/\\\/webdelmaestrocmf.com\\\/portal\\\/\"},{\"@type\":\"ListItem\",\"position\":2,\"name\":\"Noticias Internacionales\",\"item\":\"https:\\\/\\\/webdelmaestrocmf.com\\\/portal\\\/category\\\/noticias-internacionales\\\/\"},{\"@type\":\"ListItem\",\"position\":3,\"name\":\"Joven de 16 a\u00f1os muri\u00f3 despu\u00e9s de que el aro de baloncesto del que estaba colgado le cayera encima\"}]},{\"@type\":\"WebSite\",\"@id\":\"https:\\\/\\\/webdelmaestrocmf.com\\\/portal\\\/#website\",\"url\":\"https:\\\/\\\/webdelmaestrocmf.com\\\/portal\\\/\",\"name\":\"Web del Maestro CMF\",\"description\":\"Maestros al servicio de la educaci\u00f3n\",\"publisher\":{\"@id\":\"https:\\\/\\\/webdelmaestrocmf.com\\\/portal\\\/#organization\"},\"alternateName\":\"WMCMF\",\"potentialAction\":[{\"@type\":\"SearchAction\",\"target\":{\"@type\":\"EntryPoint\",\"urlTemplate\":\"https:\\\/\\\/webdelmaestrocmf.com\\\/portal\\\/?s={search_term_string}\"},\"query-input\":{\"@type\":\"PropertyValueSpecification\",\"valueRequired\":true,\"valueName\":\"search_term_string\"}}],\"inLanguage\":\"es\"},{\"@type\":\"Organization\",\"@id\":\"https:\\\/\\\/webdelmaestrocmf.com\\\/portal\\\/#organization\",\"name\":\"Web del Maestro CMF\",\"alternateName\":\"WMCMF\",\"url\":\"https:\\\/\\\/webdelmaestrocmf.com\\\/portal\\\/\",\"logo\":{\"@type\":\"ImageObject\",\"inLanguage\":\"es\",\"@id\":\"https:\\\/\\\/webdelmaestrocmf.com\\\/portal\\\/#\\\/schema\\\/logo\\\/image\\\/\",\"url\":\"https:\\\/\\\/webdelmaestrocmf.com\\\/portal\\\/wp-content\\\/uploads\\\/2023\\\/01\\\/logo-wmcmf-2.png\",\"contentUrl\":\"https:\\\/\\\/webdelmaestrocmf.com\\\/portal\\\/wp-content\\\/uploads\\\/2023\\\/01\\\/logo-wmcmf-2.png\",\"width\":200,\"height\":60,\"caption\":\"Web del Maestro CMF\"},\"image\":{\"@id\":\"https:\\\/\\\/webdelmaestrocmf.com\\\/portal\\\/#\\\/schema\\\/logo\\\/image\\\/\"},\"sameAs\":[\"https:\\\/\\\/www.facebook.com\\\/WebdelMaestroCMF\\\/\",\"https:\\\/\\\/x.com\\\/cmf_w\",\"https:\\\/\\\/www.pinterest.com\\\/WMCMF\\\/\",\"https:\\\/\\\/www.linkedin.com\\\/company\\\/web-del-maestro-cmf\\\/\",\"https:\\\/\\\/www.instagram.com\\\/wmcmf\\\/\",\"https:\\\/\\\/www.youtube.com\\\/channel\\\/UCDPSvjbdodE5sHnC3OxutHw\",\"https:\\\/\\\/mastodon.social\\\/@wmcmf\",\"https:\\\/\\\/www.tiktok.com\\\/@webdelmaestrocmf\"]},{\"@type\":\"Person\",\"@id\":\"https:\\\/\\\/webdelmaestrocmf.com\\\/portal\\\/#\\\/schema\\\/person\\\/1072a2ed7bd960df8ef99a551fa35dc5\",\"name\":\"Web del Maestro CMF\",\"image\":{\"@type\":\"ImageObject\",\"inLanguage\":\"es\",\"@id\":\"https:\\\/\\\/secure.gravatar.com\\\/avatar\\\/23291dd5b5ae1077dcff3dbb04c3e02bd28403fa75af6d8787d5e97c5bbbe30b?s=96&d=mm&r=g\",\"url\":\"https:\\\/\\\/secure.gravatar.com\\\/avatar\\\/23291dd5b5ae1077dcff3dbb04c3e02bd28403fa75af6d8787d5e97c5bbbe30b?s=96&d=mm&r=g\",\"contentUrl\":\"https:\\\/\\\/secure.gravatar.com\\\/avatar\\\/23291dd5b5ae1077dcff3dbb04c3e02bd28403fa75af6d8787d5e97c5bbbe30b?s=96&d=mm&r=g\",\"caption\":\"Web del Maestro CMF\"},\"description\":\"Esta Web se cre\u00f3 sin fines de lucro, con fines educativos, cient\u00edficos y acad\u00e9micos, para personas que tengan dificultades y\\\/o inconvenientes en visualizar el material original. El objetivo es entregar recursos, compartir experiencias y materiales que ayuden a los padres de familia, maestros y estudiantes en su actualizaci\u00f3n y formaci\u00f3n permanente, en bien de la Educaci\u00f3n.\",\"sameAs\":[\"http:\\\/\\\/webdelmaestrocmf.com\\\/portal\",\"https:\\\/\\\/www.facebook.com\\\/WebdelMaestroCMF\\\/\",\"https:\\\/\\\/www.instagram.com\\\/wmcmf\\\/\",\"https:\\\/\\\/cl.linkedin.com\\\/company\\\/web-del-maestro-cmf\",\"https:\\\/\\\/www.pinterest.com\\\/WMCMF\\\/publicaciones\\\/\",\"https:\\\/\\\/x.com\\\/cmf_w\",\"https:\\\/\\\/www.youtube.com\\\/@WMCMF\"]}]}<\/script>\n<!-- \/ Yoast SEO plugin. -->","yoast_head_json":{"title":"Joven de 16 a\u00f1os muri\u00f3 despu\u00e9s de que el aro de baloncesto del que estaba colgado le cayera encima - 2026","description":"La comunidad deportiva de India se encuentra conmocionada tras la muerte de Hardik Rathi, un destacado jugador juvenil de b\u00e1squet...","robots":{"index":"index","follow":"follow","max-snippet":"max-snippet:-1","max-image-preview":"max-image-preview:large","max-video-preview":"max-video-preview:-1"},"canonical":"https:\/\/webdelmaestrocmf.com\/portal\/joven-de-16-anos-murio-despues-de-que-el-aro-de-baloncesto-del-que-estaba-colgado-le-cayera-encima\/","og_locale":"es_ES","og_type":"article","og_title":"Joven de 16 a\u00f1os muri\u00f3 despu\u00e9s de que el aro de baloncesto del que estaba colgado le cayera encima - 2026","og_description":"La comunidad deportiva de India se encuentra conmocionada tras la muerte de Hardik Rathi, un destacado jugador juvenil de b\u00e1squet...","og_url":"https:\/\/webdelmaestrocmf.com\/portal\/joven-de-16-anos-murio-despues-de-que-el-aro-de-baloncesto-del-que-estaba-colgado-le-cayera-encima\/","og_site_name":"Web del Maestro CMF","article_publisher":"https:\/\/www.facebook.com\/WebdelMaestroCMF\/","article_author":"https:\/\/www.facebook.com\/WebdelMaestroCMF\/","article_published_time":"2025-11-27T17:16:59+00:00","article_modified_time":"2025-11-27T17:20:50+00:00","og_image":[{"width":1000,"height":667,"url":"https:\/\/webdelmaestrocmf.com\/portal\/wp-content\/uploads\/2025\/11\/1A-Banner-1-portada-imagen-10-1-copia-4-1.webp","type":"image\/webp"}],"author":"Web del Maestro CMF","twitter_card":"summary_large_image","twitter_creator":"@cmf_w","twitter_site":"@cmf_w","schema":{"@context":"https:\/\/schema.org","@graph":[{"@type":"ScholarlyArticle","@id":"https:\/\/webdelmaestrocmf.com\/portal\/joven-de-16-anos-murio-despues-de-que-el-aro-de-baloncesto-del-que-estaba-colgado-le-cayera-encima\/#article","isPartOf":{"@id":"https:\/\/webdelmaestrocmf.com\/portal\/joven-de-16-anos-murio-despues-de-que-el-aro-de-baloncesto-del-que-estaba-colgado-le-cayera-encima\/"},"author":{"name":"Web del Maestro CMF","@id":"https:\/\/webdelmaestrocmf.com\/portal\/#\/schema\/person\/1072a2ed7bd960df8ef99a551fa35dc5"},"headline":"Joven de 16 a\u00f1os muri\u00f3 despu\u00e9s de que el aro de baloncesto del que estaba colgado le cayera encima","datePublished":"2025-11-27T17:16:59+00:00","dateModified":"2025-11-27T17:20:50+00:00","mainEntityOfPage":{"@id":"https:\/\/webdelmaestrocmf.com\/portal\/joven-de-16-anos-murio-despues-de-que-el-aro-de-baloncesto-del-que-estaba-colgado-le-cayera-encima\/"},"wordCount":421,"commentCount":0,"publisher":{"@id":"https:\/\/webdelmaestrocmf.com\/portal\/#organization"},"image":{"@id":"https:\/\/webdelmaestrocmf.com\/portal\/joven-de-16-anos-murio-despues-de-que-el-aro-de-baloncesto-del-que-estaba-colgado-le-cayera-encima\/#primaryimage"},"thumbnailUrl":"https:\/\/webdelmaestrocmf.com\/portal\/wp-content\/uploads\/2025\/11\/1A-Banner-1-portada-imagen-10-1-copia-4-1.webp","keywords":["accidente deportivo","basquetbolista juvenil","colapso de aro","hardik rathi","instalaciones deportivas","Investigaci\u00f3n","muerte accidental","negligencia","nueva delhi","promesa del deporte","rohtak","seguridad deportiva","tragedia en india","video viral"],"articleSection":["Noticias Internacionales"],"inLanguage":"es","potentialAction":[{"@type":"CommentAction","name":"Comment","target":["https:\/\/webdelmaestrocmf.com\/portal\/joven-de-16-anos-murio-despues-de-que-el-aro-de-baloncesto-del-que-estaba-colgado-le-cayera-encima\/#respond"]}]},{"@type":"WebPage","@id":"https:\/\/webdelmaestrocmf.com\/portal\/joven-de-16-anos-murio-despues-de-que-el-aro-de-baloncesto-del-que-estaba-colgado-le-cayera-encima\/","url":"https:\/\/webdelmaestrocmf.com\/portal\/joven-de-16-anos-murio-despues-de-que-el-aro-de-baloncesto-del-que-estaba-colgado-le-cayera-encima\/","name":"Joven de 16 a\u00f1os muri\u00f3 despu\u00e9s de que el aro de baloncesto del que estaba colgado le cayera encima - 2026","isPartOf":{"@id":"https:\/\/webdelmaestrocmf.com\/portal\/#website"},"primaryImageOfPage":{"@id":"https:\/\/webdelmaestrocmf.com\/portal\/joven-de-16-anos-murio-despues-de-que-el-aro-de-baloncesto-del-que-estaba-colgado-le-cayera-encima\/#primaryimage"},"image":{"@id":"https:\/\/webdelmaestrocmf.com\/portal\/joven-de-16-anos-murio-despues-de-que-el-aro-de-baloncesto-del-que-estaba-colgado-le-cayera-encima\/#primaryimage"},"thumbnailUrl":"https:\/\/webdelmaestrocmf.com\/portal\/wp-content\/uploads\/2025\/11\/1A-Banner-1-portada-imagen-10-1-copia-4-1.webp","datePublished":"2025-11-27T17:16:59+00:00","dateModified":"2025-11-27T17:20:50+00:00","description":"La comunidad deportiva de India se encuentra conmocionada tras la muerte de Hardik Rathi, un destacado jugador juvenil de b\u00e1squet...","breadcrumb":{"@id":"https:\/\/webdelmaestrocmf.com\/portal\/joven-de-16-anos-murio-despues-de-que-el-aro-de-baloncesto-del-que-estaba-colgado-le-cayera-encima\/#breadcrumb"},"inLanguage":"es","potentialAction":[{"@type":"ReadAction","target":["https:\/\/webdelmaestrocmf.com\/portal\/joven-de-16-anos-murio-despues-de-que-el-aro-de-baloncesto-del-que-estaba-colgado-le-cayera-encima\/"]}]},{"@type":"ImageObject","inLanguage":"es","@id":"https:\/\/webdelmaestrocmf.com\/portal\/joven-de-16-anos-murio-despues-de-que-el-aro-de-baloncesto-del-que-estaba-colgado-le-cayera-encima\/#primaryimage","url":"https:\/\/webdelmaestrocmf.com\/portal\/wp-content\/uploads\/2025\/11\/1A-Banner-1-portada-imagen-10-1-copia-4-1.webp","contentUrl":"https:\/\/webdelmaestrocmf.com\/portal\/wp-content\/uploads\/2025\/11\/1A-Banner-1-portada-imagen-10-1-copia-4-1.webp","width":1000,"height":667},{"@type":"BreadcrumbList","@id":"https:\/\/webdelmaestrocmf.com\/portal\/joven-de-16-anos-murio-despues-de-que-el-aro-de-baloncesto-del-que-estaba-colgado-le-cayera-encima\/#breadcrumb","itemListElement":[{"@type":"ListItem","position":1,"name":"Portada","item":"https:\/\/webdelmaestrocmf.com\/portal\/"},{"@type":"ListItem","position":2,"name":"Noticias Internacionales","item":"https:\/\/webdelmaestrocmf.com\/portal\/category\/noticias-internacionales\/"},{"@type":"ListItem","position":3,"name":"Joven de 16 a\u00f1os muri\u00f3 despu\u00e9s de que el aro de baloncesto del que estaba colgado le cayera encima"}]},{"@type":"WebSite","@id":"https:\/\/webdelmaestrocmf.com\/portal\/#website","url":"https:\/\/webdelmaestrocmf.com\/portal\/","name":"Web del Maestro CMF","description":"Maestros al servicio de la educaci\u00f3n","publisher":{"@id":"https:\/\/webdelmaestrocmf.com\/portal\/#organization"},"alternateName":"WMCMF","potentialAction":[{"@type":"SearchAction","target":{"@type":"EntryPoint","urlTemplate":"https:\/\/webdelmaestrocmf.com\/portal\/?s={search_term_string}"},"query-input":{"@type":"PropertyValueSpecification","valueRequired":true,"valueName":"search_term_string"}}],"inLanguage":"es"},{"@type":"Organization","@id":"https:\/\/webdelmaestrocmf.com\/portal\/#organization","name":"Web del Maestro CMF","alternateName":"WMCMF","url":"https:\/\/webdelmaestrocmf.com\/portal\/","logo":{"@type":"ImageObject","inLanguage":"es","@id":"https:\/\/webdelmaestrocmf.com\/portal\/#\/schema\/logo\/image\/","url":"https:\/\/webdelmaestrocmf.com\/portal\/wp-content\/uploads\/2023\/01\/logo-wmcmf-2.png","contentUrl":"https:\/\/webdelmaestrocmf.com\/portal\/wp-content\/uploads\/2023\/01\/logo-wmcmf-2.png","width":200,"height":60,"caption":"Web del Maestro CMF"},"image":{"@id":"https:\/\/webdelmaestrocmf.com\/portal\/#\/schema\/logo\/image\/"},"sameAs":["https:\/\/www.facebook.com\/WebdelMaestroCMF\/","https:\/\/x.com\/cmf_w","https:\/\/www.pinterest.com\/WMCMF\/","https:\/\/www.linkedin.com\/company\/web-del-maestro-cmf\/","https:\/\/www.instagram.com\/wmcmf\/","https:\/\/www.youtube.com\/channel\/UCDPSvjbdodE5sHnC3OxutHw","https:\/\/mastodon.social\/@wmcmf","https:\/\/www.tiktok.com\/@webdelmaestrocmf"]},{"@type":"Person","@id":"https:\/\/webdelmaestrocmf.com\/portal\/#\/schema\/person\/1072a2ed7bd960df8ef99a551fa35dc5","name":"Web del Maestro CMF","image":{"@type":"ImageObject","inLanguage":"es","@id":"https:\/\/secure.gravatar.com\/avatar\/23291dd5b5ae1077dcff3dbb04c3e02bd28403fa75af6d8787d5e97c5bbbe30b?s=96&d=mm&r=g","url":"https:\/\/secure.gravatar.com\/avatar\/23291dd5b5ae1077dcff3dbb04c3e02bd28403fa75af6d8787d5e97c5bbbe30b?s=96&d=mm&r=g","contentUrl":"https:\/\/secure.gravatar.com\/avatar\/23291dd5b5ae1077dcff3dbb04c3e02bd28403fa75af6d8787d5e97c5bbbe30b?s=96&d=mm&r=g","caption":"Web del Maestro CMF"},"description":"Esta Web se cre\u00f3 sin fines de lucro, con fines educativos, cient\u00edficos y acad\u00e9micos, para personas que tengan dificultades y\/o inconvenientes en visualizar el material original. El objetivo es entregar recursos, compartir experiencias y materiales que ayuden a los padres de familia, maestros y estudiantes en su actualizaci\u00f3n y formaci\u00f3n permanente, en bien de la Educaci\u00f3n.","sameAs":["http:\/\/webdelmaestrocmf.com\/portal","https:\/\/www.facebook.com\/WebdelMaestroCMF\/","https:\/\/www.instagram.com\/wmcmf\/","https:\/\/cl.linkedin.com\/company\/web-del-maestro-cmf","https:\/\/www.pinterest.com\/WMCMF\/publicaciones\/","https:\/\/x.com\/cmf_w","https:\/\/www.youtube.com\/@WMCMF"]}]}},"jetpack_featured_media_url":"https:\/\/webdelmaestrocmf.com\/portal\/wp-content\/uploads\/2025\/11\/1A-Banner-1-portada-imagen-10-1-copia-4-1.webp","jetpack_sharing_enabled":true,"jetpack-related-posts":[{"id":29991,"url":"https:\/\/webdelmaestrocmf.com\/portal\/ya-empezo-a-incluirse-la-asignatura-de-la-felicidad-en-el-curriculo-2018-2019\/","url_meta":{"origin":113693,"position":0},"title":"[Nueva Delhi] Incluyen la \u00abasignatura de la felicidad\u00bb en el curr\u00edculo 2018 &#8211; 2019","author":"Web del Maestro CMF","date":"7 agosto, 2018","format":false,"excerpt":"Delhi forma el 'Territorio de la Capital Nacional' de la Rep\u00fablica de la India, sede de la mayor\u00eda de las instituciones administrativas del gobierno nacional y es considerada formalmente la capital. El sistema educativo en la India se divide en primaria, primaria superior, secundaria y secundaria superior. En general la\u2026","rel":"","context":"En \u00abYo opino - WMCMF\u00bb","block_context":{"text":"Yo opino - WMCMF","link":"https:\/\/webdelmaestrocmf.com\/portal\/category\/jamb\/"},"img":{"alt_text":"","src":"https:\/\/i0.wp.com\/webdelmaestrocmf.com\/portal\/wp-content\/uploads\/2018\/08\/1-28.jpg?resize=350%2C200&ssl=1","width":350,"height":200,"srcset":"https:\/\/i0.wp.com\/webdelmaestrocmf.com\/portal\/wp-content\/uploads\/2018\/08\/1-28.jpg?resize=350%2C200&ssl=1 1x, https:\/\/i0.wp.com\/webdelmaestrocmf.com\/portal\/wp-content\/uploads\/2018\/08\/1-28.jpg?resize=525%2C300&ssl=1 1.5x, https:\/\/i0.wp.com\/webdelmaestrocmf.com\/portal\/wp-content\/uploads\/2018\/08\/1-28.jpg?resize=700%2C400&ssl=1 2x, https:\/\/i0.wp.com\/webdelmaestrocmf.com\/portal\/wp-content\/uploads\/2018\/08\/1-28.jpg?resize=1050%2C600&ssl=1 3x"},"classes":[]},{"id":69071,"url":"https:\/\/webdelmaestrocmf.com\/portal\/coleccion-de-juegos-para-favorecer-las-relaciones-sociales-en-ninos\/","url_meta":{"origin":113693,"position":1},"title":"Colecci\u00f3n de juegos para favorecer las relaciones sociales en ni\u00f1os","author":"Web del Maestro CMF","date":"10 octubre, 2021","format":false,"excerpt":"Hacer que los ni\u00f1os desarrollen habilidades sociales los prepara para tener much\u00edsimas interacciones m\u00e1s saludables en todos los aspectos de su vida. Las habilidades sociales son una parte integral de desenvolverse en la sociedad. Demostrar buenos modales, comunicarse efectivamente con las personas, ser considerado con los sentimientos de las personas\u2026","rel":"","context":"En \u00abJuegos\u00bb","block_context":{"text":"Juegos","link":"https:\/\/webdelmaestrocmf.com\/portal\/category\/pedagogia\/juegos\/"},"img":{"alt_text":"","src":"https:\/\/i0.wp.com\/webdelmaestrocmf.com\/portal\/wp-content\/uploads\/2021\/10\/1-54.jpg?resize=350%2C200&ssl=1","width":350,"height":200,"srcset":"https:\/\/i0.wp.com\/webdelmaestrocmf.com\/portal\/wp-content\/uploads\/2021\/10\/1-54.jpg?resize=350%2C200&ssl=1 1x, https:\/\/i0.wp.com\/webdelmaestrocmf.com\/portal\/wp-content\/uploads\/2021\/10\/1-54.jpg?resize=525%2C300&ssl=1 1.5x, https:\/\/i0.wp.com\/webdelmaestrocmf.com\/portal\/wp-content\/uploads\/2021\/10\/1-54.jpg?resize=700%2C400&ssl=1 2x, https:\/\/i0.wp.com\/webdelmaestrocmf.com\/portal\/wp-content\/uploads\/2021\/10\/1-54.jpg?resize=1050%2C600&ssl=1 3x"},"classes":[]},{"id":112346,"url":"https:\/\/webdelmaestrocmf.com\/portal\/proyecto-educativo-deportivo-mente-y-cuerpo-sano\/","url_meta":{"origin":113693,"position":2},"title":"Proyecto Educativo Deportivo: Mente y Cuerpo Sano","author":"Web del Maestro CMF","date":"29 septiembre, 2025","format":false,"excerpt":"El proyecto \u201cMente y Cuerpo Sano\u201d promueve deporte escolar, valores, salud y convivencia, fortaleciendo integralmente a los estudiantes.","rel":"","context":"En \u00abProyecto educativo\u00bb","block_context":{"text":"Proyecto educativo","link":"https:\/\/webdelmaestrocmf.com\/portal\/category\/pedagogia\/proyecto-educativo\/"},"img":{"alt_text":"","src":"https:\/\/i0.wp.com\/webdelmaestrocmf.com\/portal\/wp-content\/uploads\/2025\/09\/1AA-Banner-1-portada-imagen-10-1-copia-1.webp?resize=350%2C200&ssl=1","width":350,"height":200,"srcset":"https:\/\/i0.wp.com\/webdelmaestrocmf.com\/portal\/wp-content\/uploads\/2025\/09\/1AA-Banner-1-portada-imagen-10-1-copia-1.webp?resize=350%2C200&ssl=1 1x, https:\/\/i0.wp.com\/webdelmaestrocmf.com\/portal\/wp-content\/uploads\/2025\/09\/1AA-Banner-1-portada-imagen-10-1-copia-1.webp?resize=525%2C300&ssl=1 1.5x, https:\/\/i0.wp.com\/webdelmaestrocmf.com\/portal\/wp-content\/uploads\/2025\/09\/1AA-Banner-1-portada-imagen-10-1-copia-1.webp?resize=700%2C400&ssl=1 2x, https:\/\/i0.wp.com\/webdelmaestrocmf.com\/portal\/wp-content\/uploads\/2025\/09\/1AA-Banner-1-portada-imagen-10-1-copia-1.webp?resize=1050%2C600&ssl=1 3x"},"classes":[]},{"id":107237,"url":"https:\/\/webdelmaestrocmf.com\/portal\/giacomo-rizzolatti-de-joven-las-neuronas-espejo-se-multiplican-al-practicar-algo-nuevo-como-deportes-o-musica-pero-con-la-edad-disminuyen\/","url_meta":{"origin":113693,"position":3},"title":"Giacomo Rizzolatti: De joven, las neuronas espejo se multiplican al practicar algo nuevo, como deportes o m\u00fasica, pero con la edad, disminuyen","author":"Web del Maestro CMF","date":"26 diciembre, 2024","format":false,"excerpt":"En las \u00faltimas d\u00e9cadas, el campo de la neurociencia ha revolucionado nuestra comprensi\u00f3n sobre c\u00f3mo aprendemos, y un descubrimiento clave son las neuronas espejo. Estas c\u00e9lulas, ubicadas en \u00e1reas como la corteza premotora y el l\u00f3bulo parietal inferior, se activan no solo cuando realizamos una acci\u00f3n, sino tambi\u00e9n cuando observamos\u2026","rel":"","context":"En \u00abEducaci\u00f3n\u00bb","block_context":{"text":"Educaci\u00f3n","link":"https:\/\/webdelmaestrocmf.com\/portal\/category\/noticias\/educacion-noticias\/"},"img":{"alt_text":"","src":"https:\/\/i0.wp.com\/webdelmaestrocmf.com\/portal\/wp-content\/uploads\/2024\/12\/Banner-1-portada-imagen-10-1-37.jpg?resize=350%2C200&ssl=1","width":350,"height":200,"srcset":"https:\/\/i0.wp.com\/webdelmaestrocmf.com\/portal\/wp-content\/uploads\/2024\/12\/Banner-1-portada-imagen-10-1-37.jpg?resize=350%2C200&ssl=1 1x, https:\/\/i0.wp.com\/webdelmaestrocmf.com\/portal\/wp-content\/uploads\/2024\/12\/Banner-1-portada-imagen-10-1-37.jpg?resize=525%2C300&ssl=1 1.5x, https:\/\/i0.wp.com\/webdelmaestrocmf.com\/portal\/wp-content\/uploads\/2024\/12\/Banner-1-portada-imagen-10-1-37.jpg?resize=700%2C400&ssl=1 2x"},"classes":[]},{"id":31558,"url":"https:\/\/webdelmaestrocmf.com\/portal\/mientras-los-examenes-no-cambien-los-profesores-tenemos-las-manos-atadas\/","url_meta":{"origin":113693,"position":4},"title":"Sugata Mitra: Mientras los ex\u00e1menes no cambien, los profesores tenemos las manos atadas","author":"Web del Maestro CMF","date":"7 septiembre, 2022","format":"video","excerpt":"El profesor Sugata Mitra (1952), naci\u00f3 en Calcuta, India y es uno de los grandes revolucionarios digitales de la educaci\u00f3n. Estudi\u00f3 en Indian Institute of Technology (Delhi), en el Educational Technology en la School of Education, Communication and Language Sciences de la Universidad de Newcastle, (Reino Unido). Despu\u00e9s de su\u2026","rel":"","context":"En \u00abCharlas\u00bb","block_context":{"text":"Charlas","link":"https:\/\/webdelmaestrocmf.com\/portal\/category\/charlas\/"},"img":{"alt_text":"","src":"https:\/\/i0.wp.com\/webdelmaestrocmf.com\/portal\/wp-content\/uploads\/2022\/09\/1A-Banner-1-portada-imagen-10-1-copia-6.webp?resize=350%2C200&ssl=1","width":350,"height":200,"srcset":"https:\/\/i0.wp.com\/webdelmaestrocmf.com\/portal\/wp-content\/uploads\/2022\/09\/1A-Banner-1-portada-imagen-10-1-copia-6.webp?resize=350%2C200&ssl=1 1x, https:\/\/i0.wp.com\/webdelmaestrocmf.com\/portal\/wp-content\/uploads\/2022\/09\/1A-Banner-1-portada-imagen-10-1-copia-6.webp?resize=525%2C300&ssl=1 1.5x, https:\/\/i0.wp.com\/webdelmaestrocmf.com\/portal\/wp-content\/uploads\/2022\/09\/1A-Banner-1-portada-imagen-10-1-copia-6.webp?resize=700%2C400&ssl=1 2x"},"classes":[]},{"id":115366,"url":"https:\/\/webdelmaestrocmf.com\/portal\/un-metaanalisis-cientifico-cuestiona-la-idea-de-que-las-atletas-trans-representen-una-amenaza-para-el-deporte-femenino\/","url_meta":{"origin":113693,"position":5},"title":"Un metaan\u00e1lisis cient\u00edfico cuestiona la idea de que las atletas trans representen una amenaza para el deporte femenino","author":"Web del Maestro CMF","date":"14 febrero, 2026","format":false,"excerpt":"Metaan\u00e1lisis concluye que no existen pruebas cient\u00edficas de ventaja f\u00edsica significativa de mujeres trans sobre mujeres cis en competici\u00f3n deportiva.","rel":"","context":"En \u00abNoticias Internacionales\u00bb","block_context":{"text":"Noticias Internacionales","link":"https:\/\/webdelmaestrocmf.com\/portal\/category\/noticias-internacionales\/"},"img":{"alt_text":"","src":"https:\/\/i0.wp.com\/webdelmaestrocmf.com\/portal\/wp-content\/uploads\/2026\/02\/1A-Banner-1-portada-imagen-10-1-copia-15.webp?resize=350%2C200&ssl=1","width":350,"height":200,"srcset":"https:\/\/i0.wp.com\/webdelmaestrocmf.com\/portal\/wp-content\/uploads\/2026\/02\/1A-Banner-1-portada-imagen-10-1-copia-15.webp?resize=350%2C200&ssl=1 1x, https:\/\/i0.wp.com\/webdelmaestrocmf.com\/portal\/wp-content\/uploads\/2026\/02\/1A-Banner-1-portada-imagen-10-1-copia-15.webp?resize=525%2C300&ssl=1 1.5x, https:\/\/i0.wp.com\/webdelmaestrocmf.com\/portal\/wp-content\/uploads\/2026\/02\/1A-Banner-1-portada-imagen-10-1-copia-15.webp?resize=700%2C400&ssl=1 2x"},"classes":[]}],"_links":{"self":[{"href":"https:\/\/webdelmaestrocmf.com\/portal\/wp-json\/wp\/v2\/posts\/113693","targetHints":{"allow":["GET"]}}],"collection":[{"href":"https:\/\/webdelmaestrocmf.com\/portal\/wp-json\/wp\/v2\/posts"}],"about":[{"href":"https:\/\/webdelmaestrocmf.com\/portal\/wp-json\/wp\/v2\/types\/post"}],"author":[{"embeddable":true,"href":"https:\/\/webdelmaestrocmf.com\/portal\/wp-json\/wp\/v2\/users\/1"}],"replies":[{"embeddable":true,"href":"https:\/\/webdelmaestrocmf.com\/portal\/wp-json\/wp\/v2\/comments?post=113693"}],"version-history":[{"count":1,"href":"https:\/\/webdelmaestrocmf.com\/portal\/wp-json\/wp\/v2\/posts\/113693\/revisions"}],"predecessor-version":[{"id":113695,"href":"https:\/\/webdelmaestrocmf.com\/portal\/wp-json\/wp\/v2\/posts\/113693\/revisions\/113695"}],"wp:featuredmedia":[{"embeddable":true,"href":"https:\/\/webdelmaestrocmf.com\/portal\/wp-json\/wp\/v2\/media\/113696"}],"wp:attachment":[{"href":"https:\/\/webdelmaestrocmf.com\/portal\/wp-json\/wp\/v2\/media?parent=113693"}],"wp:term":[{"taxonomy":"category","embeddable":true,"href":"https:\/\/webdelmaestrocmf.com\/portal\/wp-json\/wp\/v2\/categories?post=113693"},{"taxonomy":"post_tag","embeddable":true,"href":"https:\/\/webdelmaestrocmf.com\/portal\/wp-json\/wp\/v2\/tags?post=113693"}],"curies":[{"name":"wp","href":"https:\/\/api.w.org\/{rel}","templated":true}]}}