{"id":113688,"date":"2025-11-27T13:45:45","date_gmt":"2025-11-27T16:45:45","guid":{"rendered":"https:\/\/webdelmaestrocmf.com\/portal\/?p=113688"},"modified":"2025-11-27T13:59:07","modified_gmt":"2025-11-27T16:59:07","slug":"un-nuevo-estudio-realizado-por-cientificos-de-la-universidad-de-cambridge-revela-que-la-adolescencia-dura-hasta-los-32-anos","status":"publish","type":"post","link":"https:\/\/webdelmaestrocmf.com\/portal\/un-nuevo-estudio-realizado-por-cientificos-de-la-universidad-de-cambridge-revela-que-la-adolescencia-dura-hasta-los-32-anos\/","title":{"rendered":"Un nuevo estudio realizado por cient\u00edficos de la Universidad de Cambridge revela que la adolescencia dura hasta los 32 a\u00f1os"},"content":{"rendered":"\n<p>Un estudio reciente publicado en <em>Nature Communications<\/em> y realizado por cient\u00edficos de la Universidad de Cambridge plantea una idea sorprendente: <strong>la adolescencia cerebral se extiende hasta los 32 a\u00f1os<\/strong>. Esta conclusi\u00f3n forma parte de una investigaci\u00f3n con m\u00e1s de 4.000 participantes de entre 0 y 90 a\u00f1os, cuyos esc\u00e1neres mostraron c\u00f3mo cambian las conexiones neuronales a medida que avanzamos en la vida. Los investigadores identificaron <strong>cinco fases cerebrales con puntos de inflexi\u00f3n claros a los 9, 32, 66 y 83 a\u00f1os<\/strong>, proponiendo una nueva comprensi\u00f3n del desarrollo y envejecimiento del cerebro. Sus resultados no solo reconfiguran la visi\u00f3n tradicional sobre la adolescencia, sino que tambi\u00e9n ofrecen claves para comprender por qu\u00e9 ciertos trastornos mentales y enfermedades neurodegenerativas aparecen en etapas espec\u00edficas.<\/p>\n\n\n\n<h2 class=\"wp-block-heading\"><strong>Cinco etapas clave del cerebro humano<\/strong><\/h2>\n\n\n\n<h3 class=\"wp-block-heading\"><strong>1. Infancia (0\u20139 a\u00f1os): crecimiento r\u00e1pido y conexiones abundantes<\/strong><\/h3>\n\n\n\n<p>Durante los primeros a\u00f1os, el cerebro crece de manera acelerada. Aunque existe una enorme cantidad de sinapsis, esta abundancia lo hace <strong>menos eficiente<\/strong>, funcionando como un ni\u00f1o que explora sin rumbo fijo. En esta etapa se consolidan bases esenciales para el aprendizaje, la memoria y el lenguaje. La r\u00e1pida creaci\u00f3n y eliminaci\u00f3n de conexiones prepara al cerebro para su siguiente gran reconfiguraci\u00f3n.<\/p>\n\n\n\n<h3 class=\"wp-block-heading\"><strong>2. Adolescencia (9\u201332 a\u00f1os): eficiencia m\u00e1xima y vulnerabilidad<\/strong><\/h3>\n\n\n\n<p>A partir de los 9 a\u00f1os ocurre un giro abrupto: las conexiones neuronales se reorganizan y el cerebro entra en su fase m\u00e1s eficiente. Esta etapa, sorprendentemente larga, coincide con cambios profundos en la estructura y la funci\u00f3n cerebral. Seg\u00fan la investigadora Alexa Mousley, se trata del <strong>cambio m\u00e1s profundo<\/strong> entre las fases cerebrales. Durante esta etapa tambi\u00e9n se da <strong>el mayor riesgo de aparici\u00f3n de trastornos de salud mental<\/strong>, lo que coincide con el inicio de la pubertad y los desaf\u00edos emocionales y sociales de la juventud. La investigaci\u00f3n confirma algo que la neurociencia ya insinuaba: la madurez cerebral no llega a los 18 ni a los 21, sino reci\u00e9n a comienzos de los 30, cuando alcanzamos nuestro <strong>m\u00e1ximo rendimiento cognitivo<\/strong>.<\/p>\n\n\n\n<h3 class=\"wp-block-heading\"><strong>3. Edad adulta (32\u201366 a\u00f1os): estabilidad prolongada<\/strong><\/h3>\n\n\n\n<p>Tras la cumbre de eficiencia, el cerebro entra en un per\u00edodo de estabilidad que se prolonga durante tres d\u00e9cadas. Aqu\u00ed los cambios son m\u00e1s lentos y graduales. Aunque se produce una leve p\u00e9rdida de eficiencia, el cerebro mantiene un equilibrio entre experiencia acumulada y flexibilidad cognitiva. Esta meseta coincide con lo que muchos describen como estabilidad en personalidad, razonamiento y toma de decisiones.<\/p>\n\n\n\n<h3 class=\"wp-block-heading\"><strong>4. Envejecimiento temprano (66\u201383 a\u00f1os): reorganizaci\u00f3n interna<\/strong><\/h3>\n\n\n\n<p>A partir de los 66 a\u00f1os no se observa un declive repentino, pero s\u00ed una reorganizaci\u00f3n notable: las redes neuronales comienzan a separarse en grupos m\u00e1s especializados, trabajando de forma menos integrada. Es una etapa en la que suelen aparecer condiciones como <strong>hipertensi\u00f3n o demencia<\/strong>, que impactan directamente la salud cerebral. Sin embargo, en personas sanas el deterioro no es abrupto, sino progresivo.<\/p>\n\n\n\n<h3 class=\"wp-block-heading\"><strong>5. Envejecimiento tard\u00edo (83+ a\u00f1os): cambios m\u00e1s pronunciados<\/strong><\/h3>\n\n\n\n<p>El \u00faltimo tramo vital muestra patrones similares al envejecimiento temprano, pero con mayor intensidad. Debido a la dificultad para encontrar cerebros sanos en este rango, los datos son m\u00e1s escasos, aunque las tendencias observadas confirman una reducci\u00f3n progresiva de la integraci\u00f3n cerebral.<\/p>\n\n\n\n<h2 class=\"wp-block-heading\"><strong>Lo que este estudio cambia en nuestra comprensi\u00f3n del cerebro<\/strong><\/h2>\n\n\n\n<p>El hallazgo de estas cinco fases no habr\u00eda sido posible sin la base masiva de datos obtenida mediante resonancias magn\u00e9ticas. Para Alexa Mousley y su equipo, lo m\u00e1s revelador es la <strong>coincidencia entre los cambios neuronales y los hitos vitales humanos<\/strong>, como la pubertad, la formaci\u00f3n de la personalidad adulta o la aparici\u00f3n de enfermedades neurodegenerativas. Por su parte, el profesor Duncan Astle se\u00f1ala que la manera en que est\u00e1 configurado el cerebro puede predecir dificultades en memoria, atenci\u00f3n, lenguaje y comportamiento. Esto abre puertas a intervenciones m\u00e1s precisas y preventivas en salud mental.<\/p>\n\n\n\n<p>La profesora Tara Spires-Jones, experta en neurociencia del envejecimiento, destaca que los resultados encajan con lo que ya sabemos sobre la plasticidad cerebral, aunque recuerda que <strong>no todas las personas experimentan estas transiciones exactamente a la misma edad<\/strong>. Factores gen\u00e9ticos, ambientales, culturales y de salud influyen en la trayectoria personal de cada cerebro.<\/p>\n\n\n\n<h2 class=\"wp-block-heading\"><strong>Conclusi\u00f3n: un cerebro en constante cambio<\/strong><\/h2>\n\n\n\n<p>Este estudio desmonta la idea de que el cerebro alcanza su forma definitiva en la juventud. Por el contrario, reafirma que <strong>la mente humana es un \u00f3rgano din\u00e1mico<\/strong>, siempre reorganiz\u00e1ndose, fortaleci\u00e9ndose o debilit\u00e1ndose seg\u00fan experiencias, aprendizajes, emociones y condiciones de salud. Saber que la adolescencia cerebral se extiende hasta los 32 a\u00f1os no solo es un dato sorprendente: tiene profundas implicaciones para la educaci\u00f3n, la salud mental, la toma de decisiones y las expectativas sociales sobre madurez y responsabilidad. Comprender estas fases ayuda a valorar que el desarrollo del cerebro no es lineal ni uniforme, sino una serie de etapas complejas y fascinantes que nos acompa\u00f1an desde el nacimiento hasta la vejez m\u00e1s avanzada.<\/p>\n\n\n\n<p class=\"has-text-align-right\"><strong>Redacci\u00f3n | Web del Maestro CMF<\/strong><\/p>\n\n\n\t\t<div class=\"pk-inline-posts\">\n\t\t\t\n\t\t\t<div class=\"pk-inline-posts-container pk-inline-posts-template-list\"\n\t\t\t\tdata-columns=\"1\">\n\t\t\t\t\t\t<article id=\"post-74079\" class=\"post-74079 post type-post status-publish format-standard has-post-thumbnail category-neurociencia category-pedagogia tag-clave tag-educativo tag-modelo tag-neuroeducacion tag-nuevo cs-entry cs-video-wrap\">\n\t\t\t<div class=\"pk-post-outer\">\n\n\t\t\t\t\t\t\t\t<div class=\"pk-post-inner\">\n\t\t\t\t\t<div class=\"entry-thumbnail\">\n\t\t\t\t\t\t<div class=\"pk-overlay pk-overlay-ratio pk-ratio-landscape\">\n\t\t\t\t\t\t\t<div class=\"pk-overlay-background\">\n\t\t\t\t\t\t\t\t<a href=\"https:\/\/webdelmaestrocmf.com\/portal\/es-la-neuroeducacion-la-clave-de-un-nuevo-modelo-educativo\/\" class=\"pk-overlay-link\">\n\t\t\t\t\t\t\t\t\t<img loading=\"lazy\" decoding=\"async\" width=\"300\" height=\"225\" src=\"https:\/\/webdelmaestrocmf.com\/portal\/wp-content\/uploads\/2022\/02\/1AA-Banner-1-portada-imagen-10-1-copia-1-300x225.webp\" class=\"attachment-pk-thumbnail size-pk-thumbnail wp-post-image\" alt=\"\" \/>\t\t\t\t\t\t\t\t<\/a>\n\t\t\t\t\t\t\t<\/div>\n\t\t\t\t\t\t<\/div>\n\t\t\t\t\t<\/div>\n\t\t\t\t<\/div>\n\t\t\t\t\n\t\t\t\t<div class=\"pk-post-inner\">\n\t\t\t\t\t<header>\n\t\t\t\t\t\t<h3 class=\"pk-title\"><a href=\"https:\/\/webdelmaestrocmf.com\/portal\/es-la-neuroeducacion-la-clave-de-un-nuevo-modelo-educativo\/\" rel=\"bookmark\">\u00bfEs la neuroeducaci\u00f3n la clave de un nuevo modelo educativo?<\/a><\/h3>\t\t\t\t\t<\/header><!-- .entry-header -->\n\t\t\t\t<\/div><!-- .post-inner -->\n\n\t\t\t<\/div><!-- .post-outer -->\n\t\t<\/article>\n\t\t\t<article id=\"post-22146\" class=\"post-22146 post type-post status-publish format-standard has-post-thumbnail category-neurociencia category-pedagogia tag-descarga tag-manual tag-neuroeducacion tag-pdf tag-practica tag-teoria cs-entry cs-video-wrap\">\n\t\t\t<div class=\"pk-post-outer\">\n\n\t\t\t\t\t\t\t\t<div class=\"pk-post-inner\">\n\t\t\t\t\t<div class=\"entry-thumbnail\">\n\t\t\t\t\t\t<div class=\"pk-overlay pk-overlay-ratio pk-ratio-landscape\">\n\t\t\t\t\t\t\t<div class=\"pk-overlay-background\">\n\t\t\t\t\t\t\t\t<a href=\"https:\/\/webdelmaestrocmf.com\/portal\/neuroeducacion-en-el-aula-de-la-teoria-a-la-practica\/\" class=\"pk-overlay-link\">\n\t\t\t\t\t\t\t\t\t<img loading=\"lazy\" decoding=\"async\" width=\"300\" height=\"225\" src=\"https:\/\/webdelmaestrocmf.com\/portal\/wp-content\/uploads\/2026\/03\/1AA-Banner-1-portada-imagen-10-1-copia-8-4-300x225.webp\" class=\"attachment-pk-thumbnail size-pk-thumbnail wp-post-image\" alt=\"\" \/>\t\t\t\t\t\t\t\t<\/a>\n\t\t\t\t\t\t\t<\/div>\n\t\t\t\t\t\t<\/div>\n\t\t\t\t\t<\/div>\n\t\t\t\t<\/div>\n\t\t\t\t\n\t\t\t\t<div class=\"pk-post-inner\">\n\t\t\t\t\t<header>\n\t\t\t\t\t\t<h3 class=\"pk-title\"><a href=\"https:\/\/webdelmaestrocmf.com\/portal\/neuroeducacion-en-el-aula-de-la-teoria-a-la-practica\/\" rel=\"bookmark\">Neuroeducaci\u00f3n en el aula: de la teor\u00eda a la pr\u00e1ctica. Actividades para estimulaci\u00f3n cognitiva con fichas | Libro PDF gratis<\/a><\/h3>\t\t\t\t\t<\/header><!-- .entry-header -->\n\t\t\t\t<\/div><!-- .post-inner -->\n\n\t\t\t<\/div><!-- .post-outer -->\n\t\t<\/article>\n\t\t\t<article id=\"post-115241\" class=\"post-115241 post type-post status-publish format-standard has-post-thumbnail category-neurociencia category-pedagogia tag-aprendizaje tag-atencion-2 tag-aula tag-autorregulacion tag-didactica-2 tag-neurociencia tag-neuroeducacion tag-practica-docente tag-redes-cerebrales cs-entry cs-video-wrap\">\n\t\t\t<div class=\"pk-post-outer\">\n\n\t\t\t\t\t\t\t\t<div class=\"pk-post-inner\">\n\t\t\t\t\t<div class=\"entry-thumbnail\">\n\t\t\t\t\t\t<div class=\"pk-overlay pk-overlay-ratio pk-ratio-landscape\">\n\t\t\t\t\t\t\t<div class=\"pk-overlay-background\">\n\t\t\t\t\t\t\t\t<a href=\"https:\/\/webdelmaestrocmf.com\/portal\/que-estamos-pidiendo-realmente-cuando-pedimos-atencion-en-el-aula\/\" class=\"pk-overlay-link\">\n\t\t\t\t\t\t\t\t\t<img loading=\"lazy\" decoding=\"async\" width=\"300\" height=\"225\" src=\"https:\/\/webdelmaestrocmf.com\/portal\/wp-content\/uploads\/2026\/02\/1A-Banner-1-portada-imagen-10-1-copia-300x225.jpg\" class=\"attachment-pk-thumbnail size-pk-thumbnail wp-post-image\" alt=\"\" \/>\t\t\t\t\t\t\t\t<\/a>\n\t\t\t\t\t\t\t<\/div>\n\t\t\t\t\t\t<\/div>\n\t\t\t\t\t<\/div>\n\t\t\t\t<\/div>\n\t\t\t\t\n\t\t\t\t<div class=\"pk-post-inner\">\n\t\t\t\t\t<header>\n\t\t\t\t\t\t<h3 class=\"pk-title\"><a href=\"https:\/\/webdelmaestrocmf.com\/portal\/que-estamos-pidiendo-realmente-cuando-pedimos-atencion-en-el-aula\/\" rel=\"bookmark\">\u00bfQu\u00e9 estamos pidiendo realmente cuando pedimos atenci\u00f3n en el aula?<\/a><\/h3>\t\t\t\t\t<\/header><!-- .entry-header -->\n\t\t\t\t<\/div><!-- .post-inner -->\n\n\t\t\t<\/div><!-- .post-outer -->\n\t\t<\/article>\n\t\t\t\t<\/div>\n\t\t<\/div>\n\t\t\n","protected":false},"excerpt":{"rendered":"La investigaci\u00f3n revela cinco fases cerebrales y muestra que la madurez neuronal llega reci\u00e9n a los 32, redefiniendo nuestra comprensi\u00f3n del desarrollo humano.","protected":false},"author":1,"featured_media":113691,"comment_status":"open","ping_status":"closed","sticky":false,"template":"","format":"standard","meta":{"csco_display_header_overlay":false,"csco_singular_sidebar":"","csco_page_header_type":"","csco_page_load_nextpost":"","csco_post_video_location":[],"csco_post_video_location_hash":"","csco_post_video_url":"","csco_post_video_bg_start_time":0,"csco_post_video_bg_end_time":0,"csco_post_video_bg_volume":false,"_jetpack_memberships_contains_paid_content":false,"footnotes":""},"categories":[1249,735],"tags":[242,77,3927,24557,24555,834,16760,23808,24556,24559,360,316,24558],"class_list":{"0":"post-113688","1":"post","2":"type-post","3":"status-publish","4":"format-standard","5":"has-post-thumbnail","7":"category-neurociencia","8":"category-pedagogia","9":"tag-adolescencia","10":"tag-aprendizaje","11":"tag-bienestar","12":"tag-cambridge","13":"tag-cerebro-humano","14":"tag-ciencia","15":"tag-desarrollo-cognitivo","16":"tag-educacion-2","17":"tag-investigacion-cientifica","18":"tag-longevidad","19":"tag-neurociencia","20":"tag-salud-mental","21":"tag-vida-adulta","22":"cs-entry","23":"cs-video-wrap"},"yoast_head":"<!-- This site is optimized with the Yoast SEO plugin v27.5 - https:\/\/yoast.com\/product\/yoast-seo-wordpress\/ -->\n<title>Un nuevo estudio realizado por cient\u00edficos de la Universidad de Cambridge revela que la adolescencia dura hasta los 32 a\u00f1os - 2026<\/title>\n<meta name=\"description\" content=\"Un estudio reciente publicado por cient\u00edficos de la Universidad de Cambridge plantea una idea sorprendente: la adolescencia cerebral...\" \/>\n<meta name=\"robots\" content=\"index, follow, max-snippet:-1, max-image-preview:large, max-video-preview:-1\" \/>\n<link rel=\"canonical\" href=\"https:\/\/webdelmaestrocmf.com\/portal\/un-nuevo-estudio-realizado-por-cientificos-de-la-universidad-de-cambridge-revela-que-la-adolescencia-dura-hasta-los-32-anos\/\" \/>\n<meta property=\"og:locale\" content=\"es_ES\" \/>\n<meta property=\"og:type\" content=\"article\" \/>\n<meta property=\"og:title\" content=\"Un nuevo estudio realizado por cient\u00edficos de la Universidad de Cambridge revela que la adolescencia dura hasta los 32 a\u00f1os - 2026\" \/>\n<meta property=\"og:description\" content=\"Un estudio reciente publicado por cient\u00edficos de la Universidad de Cambridge plantea una idea sorprendente: la adolescencia cerebral...\" \/>\n<meta property=\"og:url\" content=\"https:\/\/webdelmaestrocmf.com\/portal\/un-nuevo-estudio-realizado-por-cientificos-de-la-universidad-de-cambridge-revela-que-la-adolescencia-dura-hasta-los-32-anos\/\" \/>\n<meta property=\"og:site_name\" content=\"Web del Maestro CMF\" \/>\n<meta property=\"article:publisher\" content=\"https:\/\/www.facebook.com\/WebdelMaestroCMF\/\" \/>\n<meta property=\"article:author\" content=\"https:\/\/www.facebook.com\/WebdelMaestroCMF\/\" \/>\n<meta property=\"article:published_time\" content=\"2025-11-27T16:45:45+00:00\" \/>\n<meta property=\"article:modified_time\" content=\"2025-11-27T16:59:07+00:00\" \/>\n<meta property=\"og:image\" content=\"https:\/\/webdelmaestrocmf.com\/portal\/wp-content\/uploads\/2025\/11\/1A-Banner-1-portada-imagen-10-1-copia-6-2.webp\" \/>\n\t<meta property=\"og:image:width\" content=\"1000\" \/>\n\t<meta property=\"og:image:height\" content=\"667\" \/>\n\t<meta property=\"og:image:type\" content=\"image\/webp\" \/>\n<meta name=\"author\" content=\"Web del Maestro CMF\" \/>\n<meta name=\"twitter:card\" content=\"summary_large_image\" \/>\n<meta name=\"twitter:creator\" content=\"@cmf_w\" \/>\n<meta name=\"twitter:site\" content=\"@cmf_w\" \/>\n<script type=\"application\/ld+json\" class=\"yoast-schema-graph\">{\"@context\":\"https:\\\/\\\/schema.org\",\"@graph\":[{\"@type\":\"ScholarlyArticle\",\"@id\":\"https:\\\/\\\/webdelmaestrocmf.com\\\/portal\\\/un-nuevo-estudio-realizado-por-cientificos-de-la-universidad-de-cambridge-revela-que-la-adolescencia-dura-hasta-los-32-anos\\\/#article\",\"isPartOf\":{\"@id\":\"https:\\\/\\\/webdelmaestrocmf.com\\\/portal\\\/un-nuevo-estudio-realizado-por-cientificos-de-la-universidad-de-cambridge-revela-que-la-adolescencia-dura-hasta-los-32-anos\\\/\"},\"author\":{\"name\":\"Web del Maestro CMF\",\"@id\":\"https:\\\/\\\/webdelmaestrocmf.com\\\/portal\\\/#\\\/schema\\\/person\\\/1072a2ed7bd960df8ef99a551fa35dc5\"},\"headline\":\"Un nuevo estudio realizado por cient\u00edficos de la Universidad de Cambridge revela que la adolescencia dura hasta los 32 a\u00f1os\",\"datePublished\":\"2025-11-27T16:45:45+00:00\",\"dateModified\":\"2025-11-27T16:59:07+00:00\",\"mainEntityOfPage\":{\"@id\":\"https:\\\/\\\/webdelmaestrocmf.com\\\/portal\\\/un-nuevo-estudio-realizado-por-cientificos-de-la-universidad-de-cambridge-revela-que-la-adolescencia-dura-hasta-los-32-anos\\\/\"},\"wordCount\":873,\"commentCount\":0,\"publisher\":{\"@id\":\"https:\\\/\\\/webdelmaestrocmf.com\\\/portal\\\/#organization\"},\"image\":{\"@id\":\"https:\\\/\\\/webdelmaestrocmf.com\\\/portal\\\/un-nuevo-estudio-realizado-por-cientificos-de-la-universidad-de-cambridge-revela-que-la-adolescencia-dura-hasta-los-32-anos\\\/#primaryimage\"},\"thumbnailUrl\":\"https:\\\/\\\/webdelmaestrocmf.com\\\/portal\\\/wp-content\\\/uploads\\\/2025\\\/11\\\/1A-Banner-1-portada-imagen-10-1-copia-6-2.webp\",\"keywords\":[\"adolescencia\",\"aprendizaje\",\"BIENESTAR\",\"Cambridge\",\"cerebro humano\",\"CIENCIA\",\"desarrollo cognitivo\",\"educaci\u00f3n\",\"investigaci\u00f3n cient\u00edfica\",\"longevidad\",\"neurociencia\",\"SALUD MENTAL\",\"vida adulta\"],\"articleSection\":[\"Neurociencia\",\"Recursos\"],\"inLanguage\":\"es\",\"potentialAction\":[{\"@type\":\"CommentAction\",\"name\":\"Comment\",\"target\":[\"https:\\\/\\\/webdelmaestrocmf.com\\\/portal\\\/un-nuevo-estudio-realizado-por-cientificos-de-la-universidad-de-cambridge-revela-que-la-adolescencia-dura-hasta-los-32-anos\\\/#respond\"]}]},{\"@type\":\"WebPage\",\"@id\":\"https:\\\/\\\/webdelmaestrocmf.com\\\/portal\\\/un-nuevo-estudio-realizado-por-cientificos-de-la-universidad-de-cambridge-revela-que-la-adolescencia-dura-hasta-los-32-anos\\\/\",\"url\":\"https:\\\/\\\/webdelmaestrocmf.com\\\/portal\\\/un-nuevo-estudio-realizado-por-cientificos-de-la-universidad-de-cambridge-revela-que-la-adolescencia-dura-hasta-los-32-anos\\\/\",\"name\":\"Un nuevo estudio realizado por cient\u00edficos de la Universidad de Cambridge revela que la adolescencia dura hasta los 32 a\u00f1os - 2026\",\"isPartOf\":{\"@id\":\"https:\\\/\\\/webdelmaestrocmf.com\\\/portal\\\/#website\"},\"primaryImageOfPage\":{\"@id\":\"https:\\\/\\\/webdelmaestrocmf.com\\\/portal\\\/un-nuevo-estudio-realizado-por-cientificos-de-la-universidad-de-cambridge-revela-que-la-adolescencia-dura-hasta-los-32-anos\\\/#primaryimage\"},\"image\":{\"@id\":\"https:\\\/\\\/webdelmaestrocmf.com\\\/portal\\\/un-nuevo-estudio-realizado-por-cientificos-de-la-universidad-de-cambridge-revela-que-la-adolescencia-dura-hasta-los-32-anos\\\/#primaryimage\"},\"thumbnailUrl\":\"https:\\\/\\\/webdelmaestrocmf.com\\\/portal\\\/wp-content\\\/uploads\\\/2025\\\/11\\\/1A-Banner-1-portada-imagen-10-1-copia-6-2.webp\",\"datePublished\":\"2025-11-27T16:45:45+00:00\",\"dateModified\":\"2025-11-27T16:59:07+00:00\",\"description\":\"Un estudio reciente publicado por cient\u00edficos de la Universidad de Cambridge plantea una idea sorprendente: la adolescencia cerebral...\",\"breadcrumb\":{\"@id\":\"https:\\\/\\\/webdelmaestrocmf.com\\\/portal\\\/un-nuevo-estudio-realizado-por-cientificos-de-la-universidad-de-cambridge-revela-que-la-adolescencia-dura-hasta-los-32-anos\\\/#breadcrumb\"},\"inLanguage\":\"es\",\"potentialAction\":[{\"@type\":\"ReadAction\",\"target\":[\"https:\\\/\\\/webdelmaestrocmf.com\\\/portal\\\/un-nuevo-estudio-realizado-por-cientificos-de-la-universidad-de-cambridge-revela-que-la-adolescencia-dura-hasta-los-32-anos\\\/\"]}]},{\"@type\":\"ImageObject\",\"inLanguage\":\"es\",\"@id\":\"https:\\\/\\\/webdelmaestrocmf.com\\\/portal\\\/un-nuevo-estudio-realizado-por-cientificos-de-la-universidad-de-cambridge-revela-que-la-adolescencia-dura-hasta-los-32-anos\\\/#primaryimage\",\"url\":\"https:\\\/\\\/webdelmaestrocmf.com\\\/portal\\\/wp-content\\\/uploads\\\/2025\\\/11\\\/1A-Banner-1-portada-imagen-10-1-copia-6-2.webp\",\"contentUrl\":\"https:\\\/\\\/webdelmaestrocmf.com\\\/portal\\\/wp-content\\\/uploads\\\/2025\\\/11\\\/1A-Banner-1-portada-imagen-10-1-copia-6-2.webp\",\"width\":1000,\"height\":667},{\"@type\":\"BreadcrumbList\",\"@id\":\"https:\\\/\\\/webdelmaestrocmf.com\\\/portal\\\/un-nuevo-estudio-realizado-por-cientificos-de-la-universidad-de-cambridge-revela-que-la-adolescencia-dura-hasta-los-32-anos\\\/#breadcrumb\",\"itemListElement\":[{\"@type\":\"ListItem\",\"position\":1,\"name\":\"Portada\",\"item\":\"https:\\\/\\\/webdelmaestrocmf.com\\\/portal\\\/\"},{\"@type\":\"ListItem\",\"position\":2,\"name\":\"Recursos\",\"item\":\"https:\\\/\\\/webdelmaestrocmf.com\\\/portal\\\/category\\\/pedagogia\\\/\"},{\"@type\":\"ListItem\",\"position\":3,\"name\":\"Un nuevo estudio realizado por cient\u00edficos de la Universidad de Cambridge revela que la adolescencia dura hasta los 32 a\u00f1os\"}]},{\"@type\":\"WebSite\",\"@id\":\"https:\\\/\\\/webdelmaestrocmf.com\\\/portal\\\/#website\",\"url\":\"https:\\\/\\\/webdelmaestrocmf.com\\\/portal\\\/\",\"name\":\"Web del Maestro CMF\",\"description\":\"Maestros al servicio de la educaci\u00f3n\",\"publisher\":{\"@id\":\"https:\\\/\\\/webdelmaestrocmf.com\\\/portal\\\/#organization\"},\"alternateName\":\"WMCMF\",\"potentialAction\":[{\"@type\":\"SearchAction\",\"target\":{\"@type\":\"EntryPoint\",\"urlTemplate\":\"https:\\\/\\\/webdelmaestrocmf.com\\\/portal\\\/?s={search_term_string}\"},\"query-input\":{\"@type\":\"PropertyValueSpecification\",\"valueRequired\":true,\"valueName\":\"search_term_string\"}}],\"inLanguage\":\"es\"},{\"@type\":\"Organization\",\"@id\":\"https:\\\/\\\/webdelmaestrocmf.com\\\/portal\\\/#organization\",\"name\":\"Web del Maestro CMF\",\"alternateName\":\"WMCMF\",\"url\":\"https:\\\/\\\/webdelmaestrocmf.com\\\/portal\\\/\",\"logo\":{\"@type\":\"ImageObject\",\"inLanguage\":\"es\",\"@id\":\"https:\\\/\\\/webdelmaestrocmf.com\\\/portal\\\/#\\\/schema\\\/logo\\\/image\\\/\",\"url\":\"https:\\\/\\\/webdelmaestrocmf.com\\\/portal\\\/wp-content\\\/uploads\\\/2023\\\/01\\\/logo-wmcmf-2.png\",\"contentUrl\":\"https:\\\/\\\/webdelmaestrocmf.com\\\/portal\\\/wp-content\\\/uploads\\\/2023\\\/01\\\/logo-wmcmf-2.png\",\"width\":200,\"height\":60,\"caption\":\"Web del Maestro CMF\"},\"image\":{\"@id\":\"https:\\\/\\\/webdelmaestrocmf.com\\\/portal\\\/#\\\/schema\\\/logo\\\/image\\\/\"},\"sameAs\":[\"https:\\\/\\\/www.facebook.com\\\/WebdelMaestroCMF\\\/\",\"https:\\\/\\\/x.com\\\/cmf_w\",\"https:\\\/\\\/www.pinterest.com\\\/WMCMF\\\/\",\"https:\\\/\\\/www.linkedin.com\\\/company\\\/web-del-maestro-cmf\\\/\",\"https:\\\/\\\/www.instagram.com\\\/wmcmf\\\/\",\"https:\\\/\\\/www.youtube.com\\\/channel\\\/UCDPSvjbdodE5sHnC3OxutHw\",\"https:\\\/\\\/mastodon.social\\\/@wmcmf\",\"https:\\\/\\\/www.tiktok.com\\\/@webdelmaestrocmf\"]},{\"@type\":\"Person\",\"@id\":\"https:\\\/\\\/webdelmaestrocmf.com\\\/portal\\\/#\\\/schema\\\/person\\\/1072a2ed7bd960df8ef99a551fa35dc5\",\"name\":\"Web del Maestro CMF\",\"image\":{\"@type\":\"ImageObject\",\"inLanguage\":\"es\",\"@id\":\"https:\\\/\\\/secure.gravatar.com\\\/avatar\\\/23291dd5b5ae1077dcff3dbb04c3e02bd28403fa75af6d8787d5e97c5bbbe30b?s=96&d=mm&r=g\",\"url\":\"https:\\\/\\\/secure.gravatar.com\\\/avatar\\\/23291dd5b5ae1077dcff3dbb04c3e02bd28403fa75af6d8787d5e97c5bbbe30b?s=96&d=mm&r=g\",\"contentUrl\":\"https:\\\/\\\/secure.gravatar.com\\\/avatar\\\/23291dd5b5ae1077dcff3dbb04c3e02bd28403fa75af6d8787d5e97c5bbbe30b?s=96&d=mm&r=g\",\"caption\":\"Web del Maestro CMF\"},\"description\":\"Esta Web se cre\u00f3 sin fines de lucro, con fines educativos, cient\u00edficos y acad\u00e9micos, para personas que tengan dificultades y\\\/o inconvenientes en visualizar el material original. El objetivo es entregar recursos, compartir experiencias y materiales que ayuden a los padres de familia, maestros y estudiantes en su actualizaci\u00f3n y formaci\u00f3n permanente, en bien de la Educaci\u00f3n.\",\"sameAs\":[\"http:\\\/\\\/webdelmaestrocmf.com\\\/portal\",\"https:\\\/\\\/www.facebook.com\\\/WebdelMaestroCMF\\\/\",\"https:\\\/\\\/www.instagram.com\\\/wmcmf\\\/\",\"https:\\\/\\\/cl.linkedin.com\\\/company\\\/web-del-maestro-cmf\",\"https:\\\/\\\/www.pinterest.com\\\/WMCMF\\\/publicaciones\\\/\",\"https:\\\/\\\/x.com\\\/cmf_w\",\"https:\\\/\\\/www.youtube.com\\\/@WMCMF\"]}]}<\/script>\n<!-- \/ Yoast SEO plugin. -->","yoast_head_json":{"title":"Un nuevo estudio realizado por cient\u00edficos de la Universidad de Cambridge revela que la adolescencia dura hasta los 32 a\u00f1os - 2026","description":"Un estudio reciente publicado por cient\u00edficos de la Universidad de Cambridge plantea una idea sorprendente: la adolescencia cerebral...","robots":{"index":"index","follow":"follow","max-snippet":"max-snippet:-1","max-image-preview":"max-image-preview:large","max-video-preview":"max-video-preview:-1"},"canonical":"https:\/\/webdelmaestrocmf.com\/portal\/un-nuevo-estudio-realizado-por-cientificos-de-la-universidad-de-cambridge-revela-que-la-adolescencia-dura-hasta-los-32-anos\/","og_locale":"es_ES","og_type":"article","og_title":"Un nuevo estudio realizado por cient\u00edficos de la Universidad de Cambridge revela que la adolescencia dura hasta los 32 a\u00f1os - 2026","og_description":"Un estudio reciente publicado por cient\u00edficos de la Universidad de Cambridge plantea una idea sorprendente: la adolescencia cerebral...","og_url":"https:\/\/webdelmaestrocmf.com\/portal\/un-nuevo-estudio-realizado-por-cientificos-de-la-universidad-de-cambridge-revela-que-la-adolescencia-dura-hasta-los-32-anos\/","og_site_name":"Web del Maestro CMF","article_publisher":"https:\/\/www.facebook.com\/WebdelMaestroCMF\/","article_author":"https:\/\/www.facebook.com\/WebdelMaestroCMF\/","article_published_time":"2025-11-27T16:45:45+00:00","article_modified_time":"2025-11-27T16:59:07+00:00","og_image":[{"width":1000,"height":667,"url":"https:\/\/webdelmaestrocmf.com\/portal\/wp-content\/uploads\/2025\/11\/1A-Banner-1-portada-imagen-10-1-copia-6-2.webp","type":"image\/webp"}],"author":"Web del Maestro CMF","twitter_card":"summary_large_image","twitter_creator":"@cmf_w","twitter_site":"@cmf_w","schema":{"@context":"https:\/\/schema.org","@graph":[{"@type":"ScholarlyArticle","@id":"https:\/\/webdelmaestrocmf.com\/portal\/un-nuevo-estudio-realizado-por-cientificos-de-la-universidad-de-cambridge-revela-que-la-adolescencia-dura-hasta-los-32-anos\/#article","isPartOf":{"@id":"https:\/\/webdelmaestrocmf.com\/portal\/un-nuevo-estudio-realizado-por-cientificos-de-la-universidad-de-cambridge-revela-que-la-adolescencia-dura-hasta-los-32-anos\/"},"author":{"name":"Web del Maestro CMF","@id":"https:\/\/webdelmaestrocmf.com\/portal\/#\/schema\/person\/1072a2ed7bd960df8ef99a551fa35dc5"},"headline":"Un nuevo estudio realizado por cient\u00edficos de la Universidad de Cambridge revela que la adolescencia dura hasta los 32 a\u00f1os","datePublished":"2025-11-27T16:45:45+00:00","dateModified":"2025-11-27T16:59:07+00:00","mainEntityOfPage":{"@id":"https:\/\/webdelmaestrocmf.com\/portal\/un-nuevo-estudio-realizado-por-cientificos-de-la-universidad-de-cambridge-revela-que-la-adolescencia-dura-hasta-los-32-anos\/"},"wordCount":873,"commentCount":0,"publisher":{"@id":"https:\/\/webdelmaestrocmf.com\/portal\/#organization"},"image":{"@id":"https:\/\/webdelmaestrocmf.com\/portal\/un-nuevo-estudio-realizado-por-cientificos-de-la-universidad-de-cambridge-revela-que-la-adolescencia-dura-hasta-los-32-anos\/#primaryimage"},"thumbnailUrl":"https:\/\/webdelmaestrocmf.com\/portal\/wp-content\/uploads\/2025\/11\/1A-Banner-1-portada-imagen-10-1-copia-6-2.webp","keywords":["adolescencia","aprendizaje","BIENESTAR","Cambridge","cerebro humano","CIENCIA","desarrollo cognitivo","educaci\u00f3n","investigaci\u00f3n cient\u00edfica","longevidad","neurociencia","SALUD MENTAL","vida adulta"],"articleSection":["Neurociencia","Recursos"],"inLanguage":"es","potentialAction":[{"@type":"CommentAction","name":"Comment","target":["https:\/\/webdelmaestrocmf.com\/portal\/un-nuevo-estudio-realizado-por-cientificos-de-la-universidad-de-cambridge-revela-que-la-adolescencia-dura-hasta-los-32-anos\/#respond"]}]},{"@type":"WebPage","@id":"https:\/\/webdelmaestrocmf.com\/portal\/un-nuevo-estudio-realizado-por-cientificos-de-la-universidad-de-cambridge-revela-que-la-adolescencia-dura-hasta-los-32-anos\/","url":"https:\/\/webdelmaestrocmf.com\/portal\/un-nuevo-estudio-realizado-por-cientificos-de-la-universidad-de-cambridge-revela-que-la-adolescencia-dura-hasta-los-32-anos\/","name":"Un nuevo estudio realizado por cient\u00edficos de la Universidad de Cambridge revela que la adolescencia dura hasta los 32 a\u00f1os - 2026","isPartOf":{"@id":"https:\/\/webdelmaestrocmf.com\/portal\/#website"},"primaryImageOfPage":{"@id":"https:\/\/webdelmaestrocmf.com\/portal\/un-nuevo-estudio-realizado-por-cientificos-de-la-universidad-de-cambridge-revela-que-la-adolescencia-dura-hasta-los-32-anos\/#primaryimage"},"image":{"@id":"https:\/\/webdelmaestrocmf.com\/portal\/un-nuevo-estudio-realizado-por-cientificos-de-la-universidad-de-cambridge-revela-que-la-adolescencia-dura-hasta-los-32-anos\/#primaryimage"},"thumbnailUrl":"https:\/\/webdelmaestrocmf.com\/portal\/wp-content\/uploads\/2025\/11\/1A-Banner-1-portada-imagen-10-1-copia-6-2.webp","datePublished":"2025-11-27T16:45:45+00:00","dateModified":"2025-11-27T16:59:07+00:00","description":"Un estudio reciente publicado por cient\u00edficos de la Universidad de Cambridge plantea una idea sorprendente: la adolescencia cerebral...","breadcrumb":{"@id":"https:\/\/webdelmaestrocmf.com\/portal\/un-nuevo-estudio-realizado-por-cientificos-de-la-universidad-de-cambridge-revela-que-la-adolescencia-dura-hasta-los-32-anos\/#breadcrumb"},"inLanguage":"es","potentialAction":[{"@type":"ReadAction","target":["https:\/\/webdelmaestrocmf.com\/portal\/un-nuevo-estudio-realizado-por-cientificos-de-la-universidad-de-cambridge-revela-que-la-adolescencia-dura-hasta-los-32-anos\/"]}]},{"@type":"ImageObject","inLanguage":"es","@id":"https:\/\/webdelmaestrocmf.com\/portal\/un-nuevo-estudio-realizado-por-cientificos-de-la-universidad-de-cambridge-revela-que-la-adolescencia-dura-hasta-los-32-anos\/#primaryimage","url":"https:\/\/webdelmaestrocmf.com\/portal\/wp-content\/uploads\/2025\/11\/1A-Banner-1-portada-imagen-10-1-copia-6-2.webp","contentUrl":"https:\/\/webdelmaestrocmf.com\/portal\/wp-content\/uploads\/2025\/11\/1A-Banner-1-portada-imagen-10-1-copia-6-2.webp","width":1000,"height":667},{"@type":"BreadcrumbList","@id":"https:\/\/webdelmaestrocmf.com\/portal\/un-nuevo-estudio-realizado-por-cientificos-de-la-universidad-de-cambridge-revela-que-la-adolescencia-dura-hasta-los-32-anos\/#breadcrumb","itemListElement":[{"@type":"ListItem","position":1,"name":"Portada","item":"https:\/\/webdelmaestrocmf.com\/portal\/"},{"@type":"ListItem","position":2,"name":"Recursos","item":"https:\/\/webdelmaestrocmf.com\/portal\/category\/pedagogia\/"},{"@type":"ListItem","position":3,"name":"Un nuevo estudio realizado por cient\u00edficos de la Universidad de Cambridge revela que la adolescencia dura hasta los 32 a\u00f1os"}]},{"@type":"WebSite","@id":"https:\/\/webdelmaestrocmf.com\/portal\/#website","url":"https:\/\/webdelmaestrocmf.com\/portal\/","name":"Web del Maestro CMF","description":"Maestros al servicio de la educaci\u00f3n","publisher":{"@id":"https:\/\/webdelmaestrocmf.com\/portal\/#organization"},"alternateName":"WMCMF","potentialAction":[{"@type":"SearchAction","target":{"@type":"EntryPoint","urlTemplate":"https:\/\/webdelmaestrocmf.com\/portal\/?s={search_term_string}"},"query-input":{"@type":"PropertyValueSpecification","valueRequired":true,"valueName":"search_term_string"}}],"inLanguage":"es"},{"@type":"Organization","@id":"https:\/\/webdelmaestrocmf.com\/portal\/#organization","name":"Web del Maestro CMF","alternateName":"WMCMF","url":"https:\/\/webdelmaestrocmf.com\/portal\/","logo":{"@type":"ImageObject","inLanguage":"es","@id":"https:\/\/webdelmaestrocmf.com\/portal\/#\/schema\/logo\/image\/","url":"https:\/\/webdelmaestrocmf.com\/portal\/wp-content\/uploads\/2023\/01\/logo-wmcmf-2.png","contentUrl":"https:\/\/webdelmaestrocmf.com\/portal\/wp-content\/uploads\/2023\/01\/logo-wmcmf-2.png","width":200,"height":60,"caption":"Web del Maestro CMF"},"image":{"@id":"https:\/\/webdelmaestrocmf.com\/portal\/#\/schema\/logo\/image\/"},"sameAs":["https:\/\/www.facebook.com\/WebdelMaestroCMF\/","https:\/\/x.com\/cmf_w","https:\/\/www.pinterest.com\/WMCMF\/","https:\/\/www.linkedin.com\/company\/web-del-maestro-cmf\/","https:\/\/www.instagram.com\/wmcmf\/","https:\/\/www.youtube.com\/channel\/UCDPSvjbdodE5sHnC3OxutHw","https:\/\/mastodon.social\/@wmcmf","https:\/\/www.tiktok.com\/@webdelmaestrocmf"]},{"@type":"Person","@id":"https:\/\/webdelmaestrocmf.com\/portal\/#\/schema\/person\/1072a2ed7bd960df8ef99a551fa35dc5","name":"Web del Maestro CMF","image":{"@type":"ImageObject","inLanguage":"es","@id":"https:\/\/secure.gravatar.com\/avatar\/23291dd5b5ae1077dcff3dbb04c3e02bd28403fa75af6d8787d5e97c5bbbe30b?s=96&d=mm&r=g","url":"https:\/\/secure.gravatar.com\/avatar\/23291dd5b5ae1077dcff3dbb04c3e02bd28403fa75af6d8787d5e97c5bbbe30b?s=96&d=mm&r=g","contentUrl":"https:\/\/secure.gravatar.com\/avatar\/23291dd5b5ae1077dcff3dbb04c3e02bd28403fa75af6d8787d5e97c5bbbe30b?s=96&d=mm&r=g","caption":"Web del Maestro CMF"},"description":"Esta Web se cre\u00f3 sin fines de lucro, con fines educativos, cient\u00edficos y acad\u00e9micos, para personas que tengan dificultades y\/o inconvenientes en visualizar el material original. El objetivo es entregar recursos, compartir experiencias y materiales que ayuden a los padres de familia, maestros y estudiantes en su actualizaci\u00f3n y formaci\u00f3n permanente, en bien de la Educaci\u00f3n.","sameAs":["http:\/\/webdelmaestrocmf.com\/portal","https:\/\/www.facebook.com\/WebdelMaestroCMF\/","https:\/\/www.instagram.com\/wmcmf\/","https:\/\/cl.linkedin.com\/company\/web-del-maestro-cmf","https:\/\/www.pinterest.com\/WMCMF\/publicaciones\/","https:\/\/x.com\/cmf_w","https:\/\/www.youtube.com\/@WMCMF"]}]}},"jetpack_featured_media_url":"https:\/\/webdelmaestrocmf.com\/portal\/wp-content\/uploads\/2025\/11\/1A-Banner-1-portada-imagen-10-1-copia-6-2.webp","jetpack_sharing_enabled":true,"jetpack-related-posts":[{"id":87607,"url":"https:\/\/webdelmaestrocmf.com\/portal\/conocer-bien-el-cerebro-nos-ensena-a-mejorar-el-aprendizaje-se-necesitan-clases-cerebralmente-amigables\/","url_meta":{"origin":113688,"position":0},"title":"Conocer bien el cerebro nos ense\u00f1a a mejorar el aprendizaje: Se necesitan clases cerebralmente amigables","author":"Web del Maestro CMF","date":"18 diciembre, 2024","format":false,"excerpt":"Como educadores, padres o incluso como alumnos, muchas veces nos hemos preguntado cu\u00e1les son los entresijos que llevan a que el aprendizaje en determinados momentos se presente con mayor o menor dificultad: por qu\u00e9 unos alumnos aprenden m\u00e1s que otros ante los mismos contenidos y metodolog\u00edas de ense\u00f1anza, por qu\u00e9\u2026","rel":"","context":"En \u00abNeurociencia\u00bb","block_context":{"text":"Neurociencia","link":"https:\/\/webdelmaestrocmf.com\/portal\/category\/pedagogia\/neurociencia\/"},"img":{"alt_text":"","src":"https:\/\/i0.wp.com\/webdelmaestrocmf.com\/portal\/wp-content\/uploads\/2023\/04\/Banner-1-portada-imagen-10-1-45.jpg?resize=350%2C200&ssl=1","width":350,"height":200,"srcset":"https:\/\/i0.wp.com\/webdelmaestrocmf.com\/portal\/wp-content\/uploads\/2023\/04\/Banner-1-portada-imagen-10-1-45.jpg?resize=350%2C200&ssl=1 1x, https:\/\/i0.wp.com\/webdelmaestrocmf.com\/portal\/wp-content\/uploads\/2023\/04\/Banner-1-portada-imagen-10-1-45.jpg?resize=525%2C300&ssl=1 1.5x, https:\/\/i0.wp.com\/webdelmaestrocmf.com\/portal\/wp-content\/uploads\/2023\/04\/Banner-1-portada-imagen-10-1-45.jpg?resize=700%2C400&ssl=1 2x"},"classes":[]},{"id":78871,"url":"https:\/\/webdelmaestrocmf.com\/portal\/berkshire-hathaway-dice-que-no-hay-que-esperar-hasta-la-adolescencia-para-ensenarles-como-administrar-del-dinero-a-los-ninos\/","url_meta":{"origin":113688,"position":1},"title":"Berkshire Hathaway: No hay que esperar hasta la adolescencia para ense\u00f1arles c\u00f3mo administrar del dinero a los ni\u00f1os","author":"Web del Maestro CMF","date":"26 julio, 2022","format":false,"excerpt":"Warren Buffett es ampliamente conocido como un exitoso inversionista que logr\u00f3 construir una de las fortunas m\u00e1s grandes del mundo. A menudo es consultado por temas de inversi\u00f3n y de finanzas personales y sus apuestas en la Bolsa de Nueva York desde Berkshire Hathaway son seguidas de cerca por los\u2026","rel":"","context":"En \u00abNoticias\u00bb","block_context":{"text":"Noticias","link":"https:\/\/webdelmaestrocmf.com\/portal\/category\/pedagogia\/noticias-pedagogia\/"},"img":{"alt_text":"","src":"https:\/\/i0.wp.com\/webdelmaestrocmf.com\/portal\/wp-content\/uploads\/2022\/07\/Sans-titre.jpg?resize=350%2C200&ssl=1","width":350,"height":200,"srcset":"https:\/\/i0.wp.com\/webdelmaestrocmf.com\/portal\/wp-content\/uploads\/2022\/07\/Sans-titre.jpg?resize=350%2C200&ssl=1 1x, https:\/\/i0.wp.com\/webdelmaestrocmf.com\/portal\/wp-content\/uploads\/2022\/07\/Sans-titre.jpg?resize=525%2C300&ssl=1 1.5x, https:\/\/i0.wp.com\/webdelmaestrocmf.com\/portal\/wp-content\/uploads\/2022\/07\/Sans-titre.jpg?resize=700%2C400&ssl=1 2x"},"classes":[]},{"id":32801,"url":"https:\/\/webdelmaestrocmf.com\/portal\/cientificos-dan-consejos-para-mejorar-la-memoria\/","url_meta":{"origin":113688,"position":2},"title":"Cient\u00edficos dan consejos para mejorar la memoria","author":"Web del Maestro CMF","date":"29 diciembre, 2025","format":false,"excerpt":"La memoria puede entrenarse: la ciencia demuestra que, con t\u00e9cnicas adecuadas, cualquier persona puede mejorar significativamente su capacidad de recordar.","rel":"","context":"En \u00abMemoria\u00bb","block_context":{"text":"Memoria","link":"https:\/\/webdelmaestrocmf.com\/portal\/category\/pedagogia\/memoria\/"},"img":{"alt_text":"","src":"https:\/\/i0.wp.com\/webdelmaestrocmf.com\/portal\/wp-content\/uploads\/2025\/12\/1A-Banner-1-portada-imagen-10-1-copia-3-6.webp?resize=350%2C200&ssl=1","width":350,"height":200,"srcset":"https:\/\/i0.wp.com\/webdelmaestrocmf.com\/portal\/wp-content\/uploads\/2025\/12\/1A-Banner-1-portada-imagen-10-1-copia-3-6.webp?resize=350%2C200&ssl=1 1x, https:\/\/i0.wp.com\/webdelmaestrocmf.com\/portal\/wp-content\/uploads\/2025\/12\/1A-Banner-1-portada-imagen-10-1-copia-3-6.webp?resize=525%2C300&ssl=1 1.5x, https:\/\/i0.wp.com\/webdelmaestrocmf.com\/portal\/wp-content\/uploads\/2025\/12\/1A-Banner-1-portada-imagen-10-1-copia-3-6.webp?resize=700%2C400&ssl=1 2x"},"classes":[]},{"id":114195,"url":"https:\/\/webdelmaestrocmf.com\/portal\/estudio-del-mit-con-electroencefalograma-analiza-el-impacto-de-chatgpt-en-el-cerebro-y-los-resultados-son-impactantes\/","url_meta":{"origin":113688,"position":3},"title":"Estudio del MIT con electroencefalograma analiza el impacto de ChatGPT en el cerebro y los resultados son impactantes:","author":"Web del Maestro CMF","date":"20 diciembre, 2025","format":false,"excerpt":"Estudios del MIT indican que la clave es usar la IA con intenci\u00f3n: pensar primero, crear ideas propias y luego emplearla solo para editar, mejorar o ampliar.","rel":"","context":"En \u00abNoticias Internacionales\u00bb","block_context":{"text":"Noticias Internacionales","link":"https:\/\/webdelmaestrocmf.com\/portal\/category\/noticias-internacionales\/"},"img":{"alt_text":"","src":"https:\/\/i0.wp.com\/webdelmaestrocmf.com\/portal\/wp-content\/uploads\/2025\/12\/1A-Banner-1-portada-imagen-10-1-copia-10-1.webp?resize=350%2C200&ssl=1","width":350,"height":200,"srcset":"https:\/\/i0.wp.com\/webdelmaestrocmf.com\/portal\/wp-content\/uploads\/2025\/12\/1A-Banner-1-portada-imagen-10-1-copia-10-1.webp?resize=350%2C200&ssl=1 1x, https:\/\/i0.wp.com\/webdelmaestrocmf.com\/portal\/wp-content\/uploads\/2025\/12\/1A-Banner-1-portada-imagen-10-1-copia-10-1.webp?resize=525%2C300&ssl=1 1.5x, https:\/\/i0.wp.com\/webdelmaestrocmf.com\/portal\/wp-content\/uploads\/2025\/12\/1A-Banner-1-portada-imagen-10-1-copia-10-1.webp?resize=700%2C400&ssl=1 2x"},"classes":[]},{"id":115342,"url":"https:\/\/webdelmaestrocmf.com\/portal\/un-estudio-cientifico-pionero-en-espana-confirma-el-impacto-de-las-redes-sociales-en-la-ansiedad-adolescente\/","url_meta":{"origin":113688,"position":4},"title":"Un estudio cient\u00edfico pionero en Espa\u00f1a confirma el impacto de las redes sociales en la ansiedad adolescente","author":"Web del Maestro CMF","date":"14 febrero, 2026","format":false,"excerpt":"El estudio revela que el 76,5% de las adolescentes sufre ansiedad por las redes sociales y el 98,5% de los adolescentes se siente \u201cperdido\u201d sin internet.","rel":"","context":"En \u00abNoticias Internacionales\u00bb","block_context":{"text":"Noticias Internacionales","link":"https:\/\/webdelmaestrocmf.com\/portal\/category\/noticias-internacionales\/"},"img":{"alt_text":"","src":"https:\/\/i0.wp.com\/webdelmaestrocmf.com\/portal\/wp-content\/uploads\/2026\/02\/1A-Banner-1-portada-imagen-10-1-copia-13.webp?resize=350%2C200&ssl=1","width":350,"height":200,"srcset":"https:\/\/i0.wp.com\/webdelmaestrocmf.com\/portal\/wp-content\/uploads\/2026\/02\/1A-Banner-1-portada-imagen-10-1-copia-13.webp?resize=350%2C200&ssl=1 1x, https:\/\/i0.wp.com\/webdelmaestrocmf.com\/portal\/wp-content\/uploads\/2026\/02\/1A-Banner-1-portada-imagen-10-1-copia-13.webp?resize=525%2C300&ssl=1 1.5x, https:\/\/i0.wp.com\/webdelmaestrocmf.com\/portal\/wp-content\/uploads\/2026\/02\/1A-Banner-1-portada-imagen-10-1-copia-13.webp?resize=700%2C400&ssl=1 2x"},"classes":[]},{"id":114350,"url":"https:\/\/webdelmaestrocmf.com\/portal\/casi-la-mitad-de-los-adolescentes-duermen-mal-y-menos-tiempo-de-lo-que-necesitan\/","url_meta":{"origin":113688,"position":5},"title":"Casi la mitad de los adolescentes duermen mal y menos tiempo de lo que necesitan","author":"Web del Maestro CMF","date":"28 diciembre, 2025","format":false,"excerpt":"Una bomba silenciosa que avanza cada noche, erosiona la salud f\u00edsica y mental, debilita la memoria, reduce el rendimiento escolar, altera el estado de \u00e1nimo y compromete seriamente el desarrollo emocional en una etapa clave de la vida.","rel":"","context":"En \u00abRecursos\u00bb","block_context":{"text":"Recursos","link":"https:\/\/webdelmaestrocmf.com\/portal\/category\/pedagogia\/"},"img":{"alt_text":"","src":"https:\/\/i0.wp.com\/webdelmaestrocmf.com\/portal\/wp-content\/uploads\/2025\/12\/1A-Banner-1-portada-imagen-10-1-copia-24.webp?resize=350%2C200&ssl=1","width":350,"height":200,"srcset":"https:\/\/i0.wp.com\/webdelmaestrocmf.com\/portal\/wp-content\/uploads\/2025\/12\/1A-Banner-1-portada-imagen-10-1-copia-24.webp?resize=350%2C200&ssl=1 1x, https:\/\/i0.wp.com\/webdelmaestrocmf.com\/portal\/wp-content\/uploads\/2025\/12\/1A-Banner-1-portada-imagen-10-1-copia-24.webp?resize=525%2C300&ssl=1 1.5x, https:\/\/i0.wp.com\/webdelmaestrocmf.com\/portal\/wp-content\/uploads\/2025\/12\/1A-Banner-1-portada-imagen-10-1-copia-24.webp?resize=700%2C400&ssl=1 2x"},"classes":[]}],"_links":{"self":[{"href":"https:\/\/webdelmaestrocmf.com\/portal\/wp-json\/wp\/v2\/posts\/113688","targetHints":{"allow":["GET"]}}],"collection":[{"href":"https:\/\/webdelmaestrocmf.com\/portal\/wp-json\/wp\/v2\/posts"}],"about":[{"href":"https:\/\/webdelmaestrocmf.com\/portal\/wp-json\/wp\/v2\/types\/post"}],"author":[{"embeddable":true,"href":"https:\/\/webdelmaestrocmf.com\/portal\/wp-json\/wp\/v2\/users\/1"}],"replies":[{"embeddable":true,"href":"https:\/\/webdelmaestrocmf.com\/portal\/wp-json\/wp\/v2\/comments?post=113688"}],"version-history":[{"count":1,"href":"https:\/\/webdelmaestrocmf.com\/portal\/wp-json\/wp\/v2\/posts\/113688\/revisions"}],"predecessor-version":[{"id":113690,"href":"https:\/\/webdelmaestrocmf.com\/portal\/wp-json\/wp\/v2\/posts\/113688\/revisions\/113690"}],"wp:featuredmedia":[{"embeddable":true,"href":"https:\/\/webdelmaestrocmf.com\/portal\/wp-json\/wp\/v2\/media\/113691"}],"wp:attachment":[{"href":"https:\/\/webdelmaestrocmf.com\/portal\/wp-json\/wp\/v2\/media?parent=113688"}],"wp:term":[{"taxonomy":"category","embeddable":true,"href":"https:\/\/webdelmaestrocmf.com\/portal\/wp-json\/wp\/v2\/categories?post=113688"},{"taxonomy":"post_tag","embeddable":true,"href":"https:\/\/webdelmaestrocmf.com\/portal\/wp-json\/wp\/v2\/tags?post=113688"}],"curies":[{"name":"wp","href":"https:\/\/api.w.org\/{rel}","templated":true}]}}