{"id":113603,"date":"2025-11-24T10:35:22","date_gmt":"2025-11-24T13:35:22","guid":{"rendered":"https:\/\/webdelmaestrocmf.com\/portal\/?p=113603"},"modified":"2025-11-24T10:52:28","modified_gmt":"2025-11-24T13:52:28","slug":"el-824-de-los-escolares-tiene-movil-propio-y-el-925-usa-al-menos-una-red-social","status":"publish","type":"post","link":"https:\/\/webdelmaestrocmf.com\/portal\/el-824-de-los-escolares-tiene-movil-propio-y-el-925-usa-al-menos-una-red-social\/","title":{"rendered":"El 82,4% de los escolares tiene m\u00f3vil propio y el 92,5% usa al menos una red social"},"content":{"rendered":"\n<p>El debate sobre la edad adecuada para que los ni\u00f1os accedan a su primer tel\u00e9fono m\u00f3vil y participen en redes sociales se ha intensificado en los \u00faltimos a\u00f1os. Sin embargo, m\u00e1s all\u00e1 de opiniones o titulares alarmistas, existen datos oficiales que permiten comprender con precisi\u00f3n la dimensi\u00f3n del fen\u00f3meno. En este art\u00edculo se presentan exclusivamente cifras verificadas, sin exageraciones ni conclusiones inventadas.<\/p>\n\n\n\n<h2 class=\"wp-block-heading\"><strong>1. La edad del primer m\u00f3vil: 10 a 11 a\u00f1os<\/strong><\/h2>\n\n\n\n<p>Seg\u00fan el informe <em>\u201cInfancia Digital 2024-2025\u201d<\/em> elaborado por el Gobierno de Espa\u00f1a y UNICEF Espa\u00f1a, la edad media de acceso al primer smartphone es de 10,8 a\u00f1os.<br>Esto significa que muchos ni\u00f1os reciben su primer dispositivo entre 5\u00ba y 6\u00ba de Primaria, antes de ingresar a la educaci\u00f3n secundaria.<\/p>\n\n\n\n<p>A los 10 a\u00f1os, alrededor del 60% ya tiene m\u00f3vil propio.<br>A los 12 a\u00f1os, las cifras var\u00edan seg\u00fan la fuente, pero suelen situarse entre el 76% y el 82%.<\/p>\n\n\n\n<p>Es decir, no se puede afirmar que todos los menores tengan m\u00f3vil, pero s\u00ed que el acceso es masivo y profundamente precoz.<\/p>\n\n\n\n<h2 class=\"wp-block-heading\"><strong>2. \u00bfCu\u00e1ntos menores tienen m\u00f3vil propio?<\/strong><\/h2>\n\n\n\n<p>Aqu\u00ed es donde aparecen matices importantes:<\/p>\n\n\n\n<p>Un informe oficial publicado por La Moncloa establece que el 82,4% de los escolares espa\u00f1oles dispone de un tel\u00e9fono m\u00f3vil propio.<br>Otras fuentes secundarias citan la cifra del 92,2%, pero esta no aparece claramente segmentada por edad dentro del informe original, por lo que debe tratarse con precauci\u00f3n.<\/p>\n\n\n\n<p>La cifra del 80% al 85% es la que s\u00ed est\u00e1 confirmada, auditada y documentada.<\/p>\n\n\n\n<h2 class=\"wp-block-heading\"><strong>3. Redes sociales: pr\u00e1cticamente todos est\u00e1n dentro<\/strong><\/h2>\n\n\n\n<p>Los datos oficiales muestran que el uso de redes sociales est\u00e1 a\u00fan m\u00e1s extendido que la tenencia de m\u00f3viles:<\/p>\n\n\n\n<p>El 92,5% del alumnado est\u00e1 registrado en al menos una red social.<br>El 75,8% est\u00e1 registrado en tres o m\u00e1s redes sociales.<\/p>\n\n\n\n<p>Estas cifras provienen del informe <em>Infancia Digital 2024-2025<\/em>, elaborado a partir de m\u00e1s de 50.000 encuestas a estudiantes, familias y docentes.<\/p>\n\n\n\n<p>Aunque algunas notas de prensa mencionan el 98,5%, esa cifra no aparece en el informe oficial, por lo que no puede confirmarse como dato verificable.<\/p>\n\n\n\n<h2 class=\"wp-block-heading\"><strong>4. El uso intensivo comienza antes de los 12 a\u00f1os<\/strong><\/h2>\n\n\n\n<p>Los estudios coinciden en que el tramo entre 9 y 14 a\u00f1os es cr\u00edtico:<\/p>\n\n\n\n<p>Los menores empiezan a usar redes sociales incluso antes de cumplir los 12 a\u00f1os, a pesar de que la mayor\u00eda de plataformas exigen tener 13 a\u00f1os.<br>El informe muestra que este periodo coincide con lo que los expertos llaman el \u201csegundo periodo sensible\u201d para el desarrollo cerebral: una etapa donde el cerebro infantil tiene una enorme plasticidad, pero tambi\u00e9n mayor vulnerabilidad emocional.<\/p>\n\n\n\n<p>La combinaci\u00f3n de maduraci\u00f3n incompleta, uso intensivo de pantallas y exposici\u00f3n temprana a redes aparece en los estudios como un factor de riesgo significativo para la salud digital infantil.<\/p>\n\n\n\n<h2 class=\"wp-block-heading\"><strong>5. Qu\u00e9 dicen los expertos<\/strong><\/h2>\n\n\n\n<p>Diversos especialistas citados en los informes concluyen que:<\/p>\n\n\n\n<p>El acceso temprano no es solo tecnol\u00f3gico, sino una decisi\u00f3n educativa y sanitaria.<br>El uso de redes sociales antes de los 12-13 a\u00f1os incrementa la exposici\u00f3n a riesgos: ciberacoso, comparaciones sociales, problemas de sue\u00f1o, dificultades de regulaci\u00f3n emocional y acceso a contenidos inapropiados.<br>La supervisi\u00f3n parental es insuficiente: la mayor\u00eda de los menores reconoce usar el m\u00f3vil sin supervisi\u00f3n real.<\/p>\n\n\n\n<h2 class=\"wp-block-heading\"><strong>6. Lo que s\u00ed podemos afirmar con total seguridad<\/strong><\/h2>\n\n\n\n<p>A partir de los datos verificados, se puede concluir:<\/p>\n\n\n\n<p>La mayor\u00eda de ni\u00f1os espa\u00f1oles tiene m\u00f3vil propio entre los 10 y 12 a\u00f1os.<br>M\u00e1s del 90% est\u00e1 presente en al menos una red social.<br>La cifra de \u201c92% y 98%\u201d aparece en prensa, pero no coincide exactamente con el informe oficial.<br>El acceso es masivo, precoz y mucho mayor que hace solo una d\u00e9cada.<br>Espa\u00f1a es uno de los pa\u00edses de Europa con mayor penetraci\u00f3n digital en la infancia.<\/p>\n\n\n\n<p>Todo lo anterior est\u00e1 basado exclusivamente en informaci\u00f3n confirmada, sin redondeos arbitrarios ni datos inventados.<\/p>\n\n\n\n<h1 class=\"wp-block-heading\"><strong>Fuentes verificadas<\/strong><\/h1>\n\n\n\n<p><strong>1. Informe \u201cInfancia Digital 2024-2025\u201d \u2013 Gobierno de Espa\u00f1a \/ La Moncloa<\/strong>: <a href=\"https:\/\/www.lamoncloa.gob.es\/presidente\/actividades\/Documents\/2025\/111125-Informe-InfanciaDigital-Alumnado.pdf?utm_source=chatgpt.com\" target=\"_blank\" rel=\"noreferrer noopener\">https:\/\/www.lamoncloa.gob.es <\/a><\/p>\n\n\n\n<p><strong>2. PantallasAmigas \u2013 Datos segmentados por edad<\/strong>: <a href=\"https:\/\/www.pantallasamigas.net\/informe-infancia-digital-2025-infancia-adolescencia-bienestar-digital-aproximacion-salud-convivencia-responsabilidad-social\/?utm_source=chatgpt.com\" target=\"_blank\" rel=\"noreferrer noopener\">https:\/\/www.pantallasamigas.net <\/a><\/p>\n\n\n\n<p><strong>3. Agencia SINC \u2013 Reportaje<\/strong>: <a href=\"https:\/\/www.agenciasinc.es\/Reportajes\/Uso-excesivo-de-pantallas-una-epidemia-de-salud-mental-en-los-mas-jovenes?utm_source=chatgpt.com\" target=\"_blank\" rel=\"noreferrer noopener\">https:\/\/www.agenciasinc.es <\/a><\/p>\n\n\n\n<p><strong>4. Ofcom (Reino Unido) \u2013 Children\u2019s Media Use and Attitudes Report 2025<\/strong>: <a href=\"https:\/\/www.ofcom.org.uk\/siteassets\/resources\/documents\/research-and-data\/media-literacy-research\/children\/childrens-media-literacy-report-2025\/childrens-media-literacy-report-2025.pdf\" target=\"_blank\" rel=\"noreferrer noopener\">https:\/\/www.ofcom.org.uk <\/a><\/p>\n\n\n\n<p class=\"has-text-align-right\"><strong>Redacci\u00f3n | Web del Maestro CMF<\/strong><\/p>\n\n\n\t\t<div class=\"pk-inline-posts\">\n\t\t\t\n\t\t\t<div class=\"pk-inline-posts-container pk-inline-posts-template-list\"\n\t\t\t\tdata-columns=\"1\">\n\t\t\t\t\t\t<article id=\"post-118505\" class=\"post-118505 post type-post status-publish format-standard has-post-thumbnail category-noticias-internacionales tag-acoso-laboral-docente tag-clima-laboral-educativo tag-denuncia-laboral tag-derechos-laborales-docentes tag-ley-karin tag-maltrato-en-escuelas tag-salud-mental-docente tag-sistema-educativo-crisis tag-violencia-en-escuelas cs-entry cs-video-wrap\">\n\t\t\t<div class=\"pk-post-outer\">\n\n\t\t\t\t\t\t\t\t<div class=\"pk-post-inner\">\n\t\t\t\t\t<div class=\"entry-thumbnail\">\n\t\t\t\t\t\t<div class=\"pk-overlay pk-overlay-ratio pk-ratio-landscape\">\n\t\t\t\t\t\t\t<div class=\"pk-overlay-background\">\n\t\t\t\t\t\t\t\t<a href=\"https:\/\/webdelmaestrocmf.com\/portal\/maestra-consulta-que-hacer-tras-sufrir-acoso-laboral-por-parte-de-una-profesora-y-directora-teme-denunciar-y-quedar-vetada-de-por-vida-como-se-debe-de-proceder-en-estos-casos\/\" class=\"pk-overlay-link\">\n\t\t\t\t\t\t\t\t\t<img loading=\"lazy\" decoding=\"async\" width=\"300\" height=\"225\" src=\"https:\/\/webdelmaestrocmf.com\/portal\/wp-content\/uploads\/2026\/04\/1AA-Banner-1-portada-imagen-10-1-copia-4-4-300x225.webp\" class=\"attachment-pk-thumbnail size-pk-thumbnail wp-post-image\" alt=\"\" \/>\t\t\t\t\t\t\t\t<\/a>\n\t\t\t\t\t\t\t<\/div>\n\t\t\t\t\t\t<\/div>\n\t\t\t\t\t<\/div>\n\t\t\t\t<\/div>\n\t\t\t\t\n\t\t\t\t<div class=\"pk-post-inner\">\n\t\t\t\t\t<header>\n\t\t\t\t\t\t<h3 class=\"pk-title\"><a href=\"https:\/\/webdelmaestrocmf.com\/portal\/maestra-consulta-que-hacer-tras-sufrir-acoso-laboral-por-parte-de-una-profesora-y-directora-teme-denunciar-y-quedar-vetada-de-por-vida-como-se-debe-de-proceder-en-estos-casos\/\" rel=\"bookmark\">Maestra consulta qu\u00e9 hacer tras sufrir acoso laboral por parte de una profesora y directora, teme denunciar y quedar vetada de por vida \u00bfC\u00f3mo se debe de proceder en estos casos?<\/a><\/h3>\t\t\t\t\t<\/header><!-- .entry-header -->\n\t\t\t\t<\/div><!-- .post-inner -->\n\n\t\t\t<\/div><!-- .post-outer -->\n\t\t<\/article>\n\t\t\t<article id=\"post-118473\" class=\"post-118473 post type-post status-publish format-standard has-post-thumbnail category-noticias-internacionales tag-convivencia tag-docentes tag-educacion-3 tag-gestion-escolar-2 tag-protocolos tag-salud-mental tag-seguridad-escolar tag-simulacros tag-violencia-escolar cs-entry cs-video-wrap\">\n\t\t\t<div class=\"pk-post-outer\">\n\n\t\t\t\t\t\t\t\t<div class=\"pk-post-inner\">\n\t\t\t\t\t<div class=\"entry-thumbnail\">\n\t\t\t\t\t\t<div class=\"pk-overlay pk-overlay-ratio pk-ratio-landscape\">\n\t\t\t\t\t\t\t<div class=\"pk-overlay-background\">\n\t\t\t\t\t\t\t\t<a href=\"https:\/\/webdelmaestrocmf.com\/portal\/se-confirma-que-habra-simulacros-de-tiroteos-en-las-escuelas\/\" class=\"pk-overlay-link\">\n\t\t\t\t\t\t\t\t\t<img loading=\"lazy\" decoding=\"async\" width=\"300\" height=\"225\" src=\"https:\/\/webdelmaestrocmf.com\/portal\/wp-content\/uploads\/2026\/04\/1AA-Banner-1-portada-imagen-10-1-copia-1-11-300x225.webp\" class=\"attachment-pk-thumbnail size-pk-thumbnail wp-post-image\" alt=\"\" \/>\t\t\t\t\t\t\t\t<\/a>\n\t\t\t\t\t\t\t<\/div>\n\t\t\t\t\t\t<\/div>\n\t\t\t\t\t<\/div>\n\t\t\t\t<\/div>\n\t\t\t\t\n\t\t\t\t<div class=\"pk-post-inner\">\n\t\t\t\t\t<header>\n\t\t\t\t\t\t<h3 class=\"pk-title\"><a href=\"https:\/\/webdelmaestrocmf.com\/portal\/se-confirma-que-habra-simulacros-de-tiroteos-en-las-escuelas\/\" rel=\"bookmark\">Se confirma que habr\u00e1 simulacros de tiroteos en las escuelas<\/a><\/h3>\t\t\t\t\t<\/header><!-- .entry-header -->\n\t\t\t\t<\/div><!-- .post-inner -->\n\n\t\t\t<\/div><!-- .post-outer -->\n\t\t<\/article>\n\t\t\t<article id=\"post-118464\" class=\"post-118464 post type-post status-publish format-standard has-post-thumbnail category-noticias-internacionales tag-aula tag-convivencia-escolar tag-disciplina tag-docentes tag-educacion-3 tag-estudiantes tag-gestion-educativa-3 tag-normativa tag-pedagogia-3 tag-violencia-escolar cs-entry cs-video-wrap\">\n\t\t\t<div class=\"pk-post-outer\">\n\n\t\t\t\t\t\t\t\t<div class=\"pk-post-inner\">\n\t\t\t\t\t<div class=\"entry-thumbnail\">\n\t\t\t\t\t\t<div class=\"pk-overlay pk-overlay-ratio pk-ratio-landscape\">\n\t\t\t\t\t\t\t<div class=\"pk-overlay-background\">\n\t\t\t\t\t\t\t\t<a href=\"https:\/\/webdelmaestrocmf.com\/portal\/peru-pone-limites-estudiantes-violentos-podrian-salir-del-aula-presencial-y-pasar-a-otra-modalidad-educativa\/\" class=\"pk-overlay-link\">\n\t\t\t\t\t\t\t\t\t<img loading=\"lazy\" decoding=\"async\" width=\"300\" height=\"225\" src=\"https:\/\/webdelmaestrocmf.com\/portal\/wp-content\/uploads\/2026\/04\/1AA-Banner-1-portada-imagen-10-1-copia-38-300x225.webp\" class=\"attachment-pk-thumbnail size-pk-thumbnail wp-post-image\" alt=\"\" \/>\t\t\t\t\t\t\t\t<\/a>\n\t\t\t\t\t\t\t<\/div>\n\t\t\t\t\t\t<\/div>\n\t\t\t\t\t<\/div>\n\t\t\t\t<\/div>\n\t\t\t\t\n\t\t\t\t<div class=\"pk-post-inner\">\n\t\t\t\t\t<header>\n\t\t\t\t\t\t<h3 class=\"pk-title\"><a href=\"https:\/\/webdelmaestrocmf.com\/portal\/peru-pone-limites-estudiantes-violentos-podrian-salir-del-aula-presencial-y-pasar-a-otra-modalidad-educativa\/\" rel=\"bookmark\">Per\u00fa pone l\u00edmites: estudiantes violentos podr\u00edan salir del aula presencial y pasar a otra modalidad educativa<\/a><\/h3>\t\t\t\t\t<\/header><!-- .entry-header -->\n\t\t\t\t<\/div><!-- .post-inner -->\n\n\t\t\t<\/div><!-- .post-outer -->\n\t\t<\/article>\n\t\t\t\t<\/div>\n\t\t<\/div>\n\t\t\n","protected":false},"excerpt":{"rendered":"Miles de ni\u00f1os navegan solos por redes desde Primaria. La infancia se est\u00e1 digitalizando antes de madurar, y los riesgos emocionales y cognitivos crecen m\u00e1s r\u00e1pido.","protected":false},"author":1,"featured_media":113605,"comment_status":"open","ping_status":"closed","sticky":false,"template":"","format":"standard","meta":{"csco_display_header_overlay":false,"csco_singular_sidebar":"","csco_page_header_type":"","csco_page_load_nextpost":"","csco_post_video_location":[],"csco_post_video_location_hash":"","csco_post_video_url":"","csco_post_video_bg_start_time":0,"csco_post_video_bg_end_time":0,"csco_post_video_bg_volume":false,"_jetpack_memberships_contains_paid_content":false,"footnotes":""},"categories":[23790],"tags":[21268,18598,24530,24526,24525,24529,24527,24528,24524,18605],"class_list":{"0":"post-113603","1":"post","2":"type-post","3":"status-publish","4":"format-standard","5":"has-post-thumbnail","7":"category-noticias-internacionales","8":"tag-bienestar-infantil","9":"tag-educacion-digital","10":"tag-habitos-digitales","11":"tag-infancia-conectada","12":"tag-redes-sociales-menores","13":"tag-riesgos-online","14":"tag-salud-digital","15":"tag-supervision-parental","16":"tag-tecnologia-en-ninos","17":"tag-uso-de-pantallas","18":"cs-entry","19":"cs-video-wrap"},"yoast_head":"<!-- This site is optimized with the Yoast SEO plugin v27.5 - https:\/\/yoast.com\/product\/yoast-seo-wordpress\/ -->\n<title>El 82,4% de los escolares tiene m\u00f3vil propio y el 92,5% usa al menos una red social - 2026<\/title>\n<meta name=\"description\" content=\"El debate sobre la edad adecuada para que los ni\u00f1os accedan a su primer tel\u00e9fono m\u00f3vil y participen en redes sociales se ha intensificado...\" \/>\n<meta name=\"robots\" content=\"index, follow, max-snippet:-1, max-image-preview:large, max-video-preview:-1\" \/>\n<link rel=\"canonical\" href=\"https:\/\/webdelmaestrocmf.com\/portal\/el-824-de-los-escolares-tiene-movil-propio-y-el-925-usa-al-menos-una-red-social\/\" \/>\n<meta property=\"og:locale\" content=\"es_ES\" \/>\n<meta property=\"og:type\" content=\"article\" \/>\n<meta property=\"og:title\" content=\"El 82,4% de los escolares tiene m\u00f3vil propio y el 92,5% usa al menos una red social - 2026\" \/>\n<meta property=\"og:description\" content=\"El debate sobre la edad adecuada para que los ni\u00f1os accedan a su primer tel\u00e9fono m\u00f3vil y participen en redes sociales se ha intensificado...\" \/>\n<meta property=\"og:url\" content=\"https:\/\/webdelmaestrocmf.com\/portal\/el-824-de-los-escolares-tiene-movil-propio-y-el-925-usa-al-menos-una-red-social\/\" \/>\n<meta property=\"og:site_name\" content=\"Web del Maestro CMF\" \/>\n<meta property=\"article:publisher\" content=\"https:\/\/www.facebook.com\/WebdelMaestroCMF\/\" \/>\n<meta property=\"article:author\" content=\"https:\/\/www.facebook.com\/WebdelMaestroCMF\/\" \/>\n<meta property=\"article:published_time\" content=\"2025-11-24T13:35:22+00:00\" \/>\n<meta property=\"article:modified_time\" content=\"2025-11-24T13:52:28+00:00\" \/>\n<meta property=\"og:image\" content=\"https:\/\/webdelmaestrocmf.com\/portal\/wp-content\/uploads\/2025\/11\/1A-Banner-1-portada-imagen-10-1-copia-19.webp\" \/>\n\t<meta property=\"og:image:width\" content=\"1000\" \/>\n\t<meta property=\"og:image:height\" content=\"667\" \/>\n\t<meta property=\"og:image:type\" content=\"image\/webp\" \/>\n<meta name=\"author\" content=\"Web del Maestro CMF\" \/>\n<meta name=\"twitter:card\" content=\"summary_large_image\" \/>\n<meta name=\"twitter:creator\" content=\"@cmf_w\" \/>\n<meta name=\"twitter:site\" content=\"@cmf_w\" \/>\n<script type=\"application\/ld+json\" class=\"yoast-schema-graph\">{\"@context\":\"https:\\\/\\\/schema.org\",\"@graph\":[{\"@type\":\"ScholarlyArticle\",\"@id\":\"https:\\\/\\\/webdelmaestrocmf.com\\\/portal\\\/el-824-de-los-escolares-tiene-movil-propio-y-el-925-usa-al-menos-una-red-social\\\/#article\",\"isPartOf\":{\"@id\":\"https:\\\/\\\/webdelmaestrocmf.com\\\/portal\\\/el-824-de-los-escolares-tiene-movil-propio-y-el-925-usa-al-menos-una-red-social\\\/\"},\"author\":{\"name\":\"Web del Maestro CMF\",\"@id\":\"https:\\\/\\\/webdelmaestrocmf.com\\\/portal\\\/#\\\/schema\\\/person\\\/1072a2ed7bd960df8ef99a551fa35dc5\"},\"headline\":\"El 82,4% de los escolares tiene m\u00f3vil propio y el 92,5% usa al menos una red social\",\"datePublished\":\"2025-11-24T13:35:22+00:00\",\"dateModified\":\"2025-11-24T13:52:28+00:00\",\"mainEntityOfPage\":{\"@id\":\"https:\\\/\\\/webdelmaestrocmf.com\\\/portal\\\/el-824-de-los-escolares-tiene-movil-propio-y-el-925-usa-al-menos-una-red-social\\\/\"},\"wordCount\":739,\"commentCount\":0,\"publisher\":{\"@id\":\"https:\\\/\\\/webdelmaestrocmf.com\\\/portal\\\/#organization\"},\"image\":{\"@id\":\"https:\\\/\\\/webdelmaestrocmf.com\\\/portal\\\/el-824-de-los-escolares-tiene-movil-propio-y-el-925-usa-al-menos-una-red-social\\\/#primaryimage\"},\"thumbnailUrl\":\"https:\\\/\\\/webdelmaestrocmf.com\\\/portal\\\/wp-content\\\/uploads\\\/2025\\\/11\\\/1A-Banner-1-portada-imagen-10-1-copia-19.webp\",\"keywords\":[\"Bienestar infantil\",\"Educaci\u00f3n Digital\",\"h\u00e1bitos digitales\",\"infancia conectada\",\"redes sociales menores\",\"riesgos online\",\"salud digital\",\"supervisi\u00f3n parental\",\"tecnolog\u00eda en ni\u00f1os\",\"Uso de Pantallas\"],\"articleSection\":[\"Noticias Internacionales\"],\"inLanguage\":\"es\",\"potentialAction\":[{\"@type\":\"CommentAction\",\"name\":\"Comment\",\"target\":[\"https:\\\/\\\/webdelmaestrocmf.com\\\/portal\\\/el-824-de-los-escolares-tiene-movil-propio-y-el-925-usa-al-menos-una-red-social\\\/#respond\"]}]},{\"@type\":\"WebPage\",\"@id\":\"https:\\\/\\\/webdelmaestrocmf.com\\\/portal\\\/el-824-de-los-escolares-tiene-movil-propio-y-el-925-usa-al-menos-una-red-social\\\/\",\"url\":\"https:\\\/\\\/webdelmaestrocmf.com\\\/portal\\\/el-824-de-los-escolares-tiene-movil-propio-y-el-925-usa-al-menos-una-red-social\\\/\",\"name\":\"El 82,4% de los escolares tiene m\u00f3vil propio y el 92,5% usa al menos una red social - 2026\",\"isPartOf\":{\"@id\":\"https:\\\/\\\/webdelmaestrocmf.com\\\/portal\\\/#website\"},\"primaryImageOfPage\":{\"@id\":\"https:\\\/\\\/webdelmaestrocmf.com\\\/portal\\\/el-824-de-los-escolares-tiene-movil-propio-y-el-925-usa-al-menos-una-red-social\\\/#primaryimage\"},\"image\":{\"@id\":\"https:\\\/\\\/webdelmaestrocmf.com\\\/portal\\\/el-824-de-los-escolares-tiene-movil-propio-y-el-925-usa-al-menos-una-red-social\\\/#primaryimage\"},\"thumbnailUrl\":\"https:\\\/\\\/webdelmaestrocmf.com\\\/portal\\\/wp-content\\\/uploads\\\/2025\\\/11\\\/1A-Banner-1-portada-imagen-10-1-copia-19.webp\",\"datePublished\":\"2025-11-24T13:35:22+00:00\",\"dateModified\":\"2025-11-24T13:52:28+00:00\",\"description\":\"El debate sobre la edad adecuada para que los ni\u00f1os accedan a su primer tel\u00e9fono m\u00f3vil y participen en redes sociales se ha intensificado...\",\"breadcrumb\":{\"@id\":\"https:\\\/\\\/webdelmaestrocmf.com\\\/portal\\\/el-824-de-los-escolares-tiene-movil-propio-y-el-925-usa-al-menos-una-red-social\\\/#breadcrumb\"},\"inLanguage\":\"es\",\"potentialAction\":[{\"@type\":\"ReadAction\",\"target\":[\"https:\\\/\\\/webdelmaestrocmf.com\\\/portal\\\/el-824-de-los-escolares-tiene-movil-propio-y-el-925-usa-al-menos-una-red-social\\\/\"]}]},{\"@type\":\"ImageObject\",\"inLanguage\":\"es\",\"@id\":\"https:\\\/\\\/webdelmaestrocmf.com\\\/portal\\\/el-824-de-los-escolares-tiene-movil-propio-y-el-925-usa-al-menos-una-red-social\\\/#primaryimage\",\"url\":\"https:\\\/\\\/webdelmaestrocmf.com\\\/portal\\\/wp-content\\\/uploads\\\/2025\\\/11\\\/1A-Banner-1-portada-imagen-10-1-copia-19.webp\",\"contentUrl\":\"https:\\\/\\\/webdelmaestrocmf.com\\\/portal\\\/wp-content\\\/uploads\\\/2025\\\/11\\\/1A-Banner-1-portada-imagen-10-1-copia-19.webp\",\"width\":1000,\"height\":667},{\"@type\":\"BreadcrumbList\",\"@id\":\"https:\\\/\\\/webdelmaestrocmf.com\\\/portal\\\/el-824-de-los-escolares-tiene-movil-propio-y-el-925-usa-al-menos-una-red-social\\\/#breadcrumb\",\"itemListElement\":[{\"@type\":\"ListItem\",\"position\":1,\"name\":\"Portada\",\"item\":\"https:\\\/\\\/webdelmaestrocmf.com\\\/portal\\\/\"},{\"@type\":\"ListItem\",\"position\":2,\"name\":\"Noticias Internacionales\",\"item\":\"https:\\\/\\\/webdelmaestrocmf.com\\\/portal\\\/category\\\/noticias-internacionales\\\/\"},{\"@type\":\"ListItem\",\"position\":3,\"name\":\"El 82,4% de los escolares tiene m\u00f3vil propio y el 92,5% usa al menos una red social\"}]},{\"@type\":\"WebSite\",\"@id\":\"https:\\\/\\\/webdelmaestrocmf.com\\\/portal\\\/#website\",\"url\":\"https:\\\/\\\/webdelmaestrocmf.com\\\/portal\\\/\",\"name\":\"Web del Maestro CMF\",\"description\":\"Maestros al servicio de la educaci\u00f3n\",\"publisher\":{\"@id\":\"https:\\\/\\\/webdelmaestrocmf.com\\\/portal\\\/#organization\"},\"alternateName\":\"WMCMF\",\"potentialAction\":[{\"@type\":\"SearchAction\",\"target\":{\"@type\":\"EntryPoint\",\"urlTemplate\":\"https:\\\/\\\/webdelmaestrocmf.com\\\/portal\\\/?s={search_term_string}\"},\"query-input\":{\"@type\":\"PropertyValueSpecification\",\"valueRequired\":true,\"valueName\":\"search_term_string\"}}],\"inLanguage\":\"es\"},{\"@type\":\"Organization\",\"@id\":\"https:\\\/\\\/webdelmaestrocmf.com\\\/portal\\\/#organization\",\"name\":\"Web del Maestro CMF\",\"alternateName\":\"WMCMF\",\"url\":\"https:\\\/\\\/webdelmaestrocmf.com\\\/portal\\\/\",\"logo\":{\"@type\":\"ImageObject\",\"inLanguage\":\"es\",\"@id\":\"https:\\\/\\\/webdelmaestrocmf.com\\\/portal\\\/#\\\/schema\\\/logo\\\/image\\\/\",\"url\":\"https:\\\/\\\/webdelmaestrocmf.com\\\/portal\\\/wp-content\\\/uploads\\\/2023\\\/01\\\/logo-wmcmf-2.png\",\"contentUrl\":\"https:\\\/\\\/webdelmaestrocmf.com\\\/portal\\\/wp-content\\\/uploads\\\/2023\\\/01\\\/logo-wmcmf-2.png\",\"width\":200,\"height\":60,\"caption\":\"Web del Maestro CMF\"},\"image\":{\"@id\":\"https:\\\/\\\/webdelmaestrocmf.com\\\/portal\\\/#\\\/schema\\\/logo\\\/image\\\/\"},\"sameAs\":[\"https:\\\/\\\/www.facebook.com\\\/WebdelMaestroCMF\\\/\",\"https:\\\/\\\/x.com\\\/cmf_w\",\"https:\\\/\\\/www.pinterest.com\\\/WMCMF\\\/\",\"https:\\\/\\\/www.linkedin.com\\\/company\\\/web-del-maestro-cmf\\\/\",\"https:\\\/\\\/www.instagram.com\\\/wmcmf\\\/\",\"https:\\\/\\\/www.youtube.com\\\/channel\\\/UCDPSvjbdodE5sHnC3OxutHw\",\"https:\\\/\\\/mastodon.social\\\/@wmcmf\",\"https:\\\/\\\/www.tiktok.com\\\/@webdelmaestrocmf\"]},{\"@type\":\"Person\",\"@id\":\"https:\\\/\\\/webdelmaestrocmf.com\\\/portal\\\/#\\\/schema\\\/person\\\/1072a2ed7bd960df8ef99a551fa35dc5\",\"name\":\"Web del Maestro CMF\",\"image\":{\"@type\":\"ImageObject\",\"inLanguage\":\"es\",\"@id\":\"https:\\\/\\\/secure.gravatar.com\\\/avatar\\\/23291dd5b5ae1077dcff3dbb04c3e02bd28403fa75af6d8787d5e97c5bbbe30b?s=96&d=mm&r=g\",\"url\":\"https:\\\/\\\/secure.gravatar.com\\\/avatar\\\/23291dd5b5ae1077dcff3dbb04c3e02bd28403fa75af6d8787d5e97c5bbbe30b?s=96&d=mm&r=g\",\"contentUrl\":\"https:\\\/\\\/secure.gravatar.com\\\/avatar\\\/23291dd5b5ae1077dcff3dbb04c3e02bd28403fa75af6d8787d5e97c5bbbe30b?s=96&d=mm&r=g\",\"caption\":\"Web del Maestro CMF\"},\"description\":\"Esta Web se cre\u00f3 sin fines de lucro, con fines educativos, cient\u00edficos y acad\u00e9micos, para personas que tengan dificultades y\\\/o inconvenientes en visualizar el material original. El objetivo es entregar recursos, compartir experiencias y materiales que ayuden a los padres de familia, maestros y estudiantes en su actualizaci\u00f3n y formaci\u00f3n permanente, en bien de la Educaci\u00f3n.\",\"sameAs\":[\"http:\\\/\\\/webdelmaestrocmf.com\\\/portal\",\"https:\\\/\\\/www.facebook.com\\\/WebdelMaestroCMF\\\/\",\"https:\\\/\\\/www.instagram.com\\\/wmcmf\\\/\",\"https:\\\/\\\/cl.linkedin.com\\\/company\\\/web-del-maestro-cmf\",\"https:\\\/\\\/www.pinterest.com\\\/WMCMF\\\/publicaciones\\\/\",\"https:\\\/\\\/x.com\\\/cmf_w\",\"https:\\\/\\\/www.youtube.com\\\/@WMCMF\"]}]}<\/script>\n<!-- \/ Yoast SEO plugin. -->","yoast_head_json":{"title":"El 82,4% de los escolares tiene m\u00f3vil propio y el 92,5% usa al menos una red social - 2026","description":"El debate sobre la edad adecuada para que los ni\u00f1os accedan a su primer tel\u00e9fono m\u00f3vil y participen en redes sociales se ha intensificado...","robots":{"index":"index","follow":"follow","max-snippet":"max-snippet:-1","max-image-preview":"max-image-preview:large","max-video-preview":"max-video-preview:-1"},"canonical":"https:\/\/webdelmaestrocmf.com\/portal\/el-824-de-los-escolares-tiene-movil-propio-y-el-925-usa-al-menos-una-red-social\/","og_locale":"es_ES","og_type":"article","og_title":"El 82,4% de los escolares tiene m\u00f3vil propio y el 92,5% usa al menos una red social - 2026","og_description":"El debate sobre la edad adecuada para que los ni\u00f1os accedan a su primer tel\u00e9fono m\u00f3vil y participen en redes sociales se ha intensificado...","og_url":"https:\/\/webdelmaestrocmf.com\/portal\/el-824-de-los-escolares-tiene-movil-propio-y-el-925-usa-al-menos-una-red-social\/","og_site_name":"Web del Maestro CMF","article_publisher":"https:\/\/www.facebook.com\/WebdelMaestroCMF\/","article_author":"https:\/\/www.facebook.com\/WebdelMaestroCMF\/","article_published_time":"2025-11-24T13:35:22+00:00","article_modified_time":"2025-11-24T13:52:28+00:00","og_image":[{"width":1000,"height":667,"url":"https:\/\/webdelmaestrocmf.com\/portal\/wp-content\/uploads\/2025\/11\/1A-Banner-1-portada-imagen-10-1-copia-19.webp","type":"image\/webp"}],"author":"Web del Maestro CMF","twitter_card":"summary_large_image","twitter_creator":"@cmf_w","twitter_site":"@cmf_w","schema":{"@context":"https:\/\/schema.org","@graph":[{"@type":"ScholarlyArticle","@id":"https:\/\/webdelmaestrocmf.com\/portal\/el-824-de-los-escolares-tiene-movil-propio-y-el-925-usa-al-menos-una-red-social\/#article","isPartOf":{"@id":"https:\/\/webdelmaestrocmf.com\/portal\/el-824-de-los-escolares-tiene-movil-propio-y-el-925-usa-al-menos-una-red-social\/"},"author":{"name":"Web del Maestro CMF","@id":"https:\/\/webdelmaestrocmf.com\/portal\/#\/schema\/person\/1072a2ed7bd960df8ef99a551fa35dc5"},"headline":"El 82,4% de los escolares tiene m\u00f3vil propio y el 92,5% usa al menos una red social","datePublished":"2025-11-24T13:35:22+00:00","dateModified":"2025-11-24T13:52:28+00:00","mainEntityOfPage":{"@id":"https:\/\/webdelmaestrocmf.com\/portal\/el-824-de-los-escolares-tiene-movil-propio-y-el-925-usa-al-menos-una-red-social\/"},"wordCount":739,"commentCount":0,"publisher":{"@id":"https:\/\/webdelmaestrocmf.com\/portal\/#organization"},"image":{"@id":"https:\/\/webdelmaestrocmf.com\/portal\/el-824-de-los-escolares-tiene-movil-propio-y-el-925-usa-al-menos-una-red-social\/#primaryimage"},"thumbnailUrl":"https:\/\/webdelmaestrocmf.com\/portal\/wp-content\/uploads\/2025\/11\/1A-Banner-1-portada-imagen-10-1-copia-19.webp","keywords":["Bienestar infantil","Educaci\u00f3n Digital","h\u00e1bitos digitales","infancia conectada","redes sociales menores","riesgos online","salud digital","supervisi\u00f3n parental","tecnolog\u00eda en ni\u00f1os","Uso de Pantallas"],"articleSection":["Noticias Internacionales"],"inLanguage":"es","potentialAction":[{"@type":"CommentAction","name":"Comment","target":["https:\/\/webdelmaestrocmf.com\/portal\/el-824-de-los-escolares-tiene-movil-propio-y-el-925-usa-al-menos-una-red-social\/#respond"]}]},{"@type":"WebPage","@id":"https:\/\/webdelmaestrocmf.com\/portal\/el-824-de-los-escolares-tiene-movil-propio-y-el-925-usa-al-menos-una-red-social\/","url":"https:\/\/webdelmaestrocmf.com\/portal\/el-824-de-los-escolares-tiene-movil-propio-y-el-925-usa-al-menos-una-red-social\/","name":"El 82,4% de los escolares tiene m\u00f3vil propio y el 92,5% usa al menos una red social - 2026","isPartOf":{"@id":"https:\/\/webdelmaestrocmf.com\/portal\/#website"},"primaryImageOfPage":{"@id":"https:\/\/webdelmaestrocmf.com\/portal\/el-824-de-los-escolares-tiene-movil-propio-y-el-925-usa-al-menos-una-red-social\/#primaryimage"},"image":{"@id":"https:\/\/webdelmaestrocmf.com\/portal\/el-824-de-los-escolares-tiene-movil-propio-y-el-925-usa-al-menos-una-red-social\/#primaryimage"},"thumbnailUrl":"https:\/\/webdelmaestrocmf.com\/portal\/wp-content\/uploads\/2025\/11\/1A-Banner-1-portada-imagen-10-1-copia-19.webp","datePublished":"2025-11-24T13:35:22+00:00","dateModified":"2025-11-24T13:52:28+00:00","description":"El debate sobre la edad adecuada para que los ni\u00f1os accedan a su primer tel\u00e9fono m\u00f3vil y participen en redes sociales se ha intensificado...","breadcrumb":{"@id":"https:\/\/webdelmaestrocmf.com\/portal\/el-824-de-los-escolares-tiene-movil-propio-y-el-925-usa-al-menos-una-red-social\/#breadcrumb"},"inLanguage":"es","potentialAction":[{"@type":"ReadAction","target":["https:\/\/webdelmaestrocmf.com\/portal\/el-824-de-los-escolares-tiene-movil-propio-y-el-925-usa-al-menos-una-red-social\/"]}]},{"@type":"ImageObject","inLanguage":"es","@id":"https:\/\/webdelmaestrocmf.com\/portal\/el-824-de-los-escolares-tiene-movil-propio-y-el-925-usa-al-menos-una-red-social\/#primaryimage","url":"https:\/\/webdelmaestrocmf.com\/portal\/wp-content\/uploads\/2025\/11\/1A-Banner-1-portada-imagen-10-1-copia-19.webp","contentUrl":"https:\/\/webdelmaestrocmf.com\/portal\/wp-content\/uploads\/2025\/11\/1A-Banner-1-portada-imagen-10-1-copia-19.webp","width":1000,"height":667},{"@type":"BreadcrumbList","@id":"https:\/\/webdelmaestrocmf.com\/portal\/el-824-de-los-escolares-tiene-movil-propio-y-el-925-usa-al-menos-una-red-social\/#breadcrumb","itemListElement":[{"@type":"ListItem","position":1,"name":"Portada","item":"https:\/\/webdelmaestrocmf.com\/portal\/"},{"@type":"ListItem","position":2,"name":"Noticias Internacionales","item":"https:\/\/webdelmaestrocmf.com\/portal\/category\/noticias-internacionales\/"},{"@type":"ListItem","position":3,"name":"El 82,4% de los escolares tiene m\u00f3vil propio y el 92,5% usa al menos una red social"}]},{"@type":"WebSite","@id":"https:\/\/webdelmaestrocmf.com\/portal\/#website","url":"https:\/\/webdelmaestrocmf.com\/portal\/","name":"Web del Maestro CMF","description":"Maestros al servicio de la educaci\u00f3n","publisher":{"@id":"https:\/\/webdelmaestrocmf.com\/portal\/#organization"},"alternateName":"WMCMF","potentialAction":[{"@type":"SearchAction","target":{"@type":"EntryPoint","urlTemplate":"https:\/\/webdelmaestrocmf.com\/portal\/?s={search_term_string}"},"query-input":{"@type":"PropertyValueSpecification","valueRequired":true,"valueName":"search_term_string"}}],"inLanguage":"es"},{"@type":"Organization","@id":"https:\/\/webdelmaestrocmf.com\/portal\/#organization","name":"Web del Maestro CMF","alternateName":"WMCMF","url":"https:\/\/webdelmaestrocmf.com\/portal\/","logo":{"@type":"ImageObject","inLanguage":"es","@id":"https:\/\/webdelmaestrocmf.com\/portal\/#\/schema\/logo\/image\/","url":"https:\/\/webdelmaestrocmf.com\/portal\/wp-content\/uploads\/2023\/01\/logo-wmcmf-2.png","contentUrl":"https:\/\/webdelmaestrocmf.com\/portal\/wp-content\/uploads\/2023\/01\/logo-wmcmf-2.png","width":200,"height":60,"caption":"Web del Maestro CMF"},"image":{"@id":"https:\/\/webdelmaestrocmf.com\/portal\/#\/schema\/logo\/image\/"},"sameAs":["https:\/\/www.facebook.com\/WebdelMaestroCMF\/","https:\/\/x.com\/cmf_w","https:\/\/www.pinterest.com\/WMCMF\/","https:\/\/www.linkedin.com\/company\/web-del-maestro-cmf\/","https:\/\/www.instagram.com\/wmcmf\/","https:\/\/www.youtube.com\/channel\/UCDPSvjbdodE5sHnC3OxutHw","https:\/\/mastodon.social\/@wmcmf","https:\/\/www.tiktok.com\/@webdelmaestrocmf"]},{"@type":"Person","@id":"https:\/\/webdelmaestrocmf.com\/portal\/#\/schema\/person\/1072a2ed7bd960df8ef99a551fa35dc5","name":"Web del Maestro CMF","image":{"@type":"ImageObject","inLanguage":"es","@id":"https:\/\/secure.gravatar.com\/avatar\/23291dd5b5ae1077dcff3dbb04c3e02bd28403fa75af6d8787d5e97c5bbbe30b?s=96&d=mm&r=g","url":"https:\/\/secure.gravatar.com\/avatar\/23291dd5b5ae1077dcff3dbb04c3e02bd28403fa75af6d8787d5e97c5bbbe30b?s=96&d=mm&r=g","contentUrl":"https:\/\/secure.gravatar.com\/avatar\/23291dd5b5ae1077dcff3dbb04c3e02bd28403fa75af6d8787d5e97c5bbbe30b?s=96&d=mm&r=g","caption":"Web del Maestro CMF"},"description":"Esta Web se cre\u00f3 sin fines de lucro, con fines educativos, cient\u00edficos y acad\u00e9micos, para personas que tengan dificultades y\/o inconvenientes en visualizar el material original. El objetivo es entregar recursos, compartir experiencias y materiales que ayuden a los padres de familia, maestros y estudiantes en su actualizaci\u00f3n y formaci\u00f3n permanente, en bien de la Educaci\u00f3n.","sameAs":["http:\/\/webdelmaestrocmf.com\/portal","https:\/\/www.facebook.com\/WebdelMaestroCMF\/","https:\/\/www.instagram.com\/wmcmf\/","https:\/\/cl.linkedin.com\/company\/web-del-maestro-cmf","https:\/\/www.pinterest.com\/WMCMF\/publicaciones\/","https:\/\/x.com\/cmf_w","https:\/\/www.youtube.com\/@WMCMF"]}]}},"jetpack_featured_media_url":"https:\/\/webdelmaestrocmf.com\/portal\/wp-content\/uploads\/2025\/11\/1A-Banner-1-portada-imagen-10-1-copia-19.webp","jetpack_sharing_enabled":true,"jetpack-related-posts":[{"id":113556,"url":"https:\/\/webdelmaestrocmf.com\/portal\/todavia-no-el-movimiento-de-familias-que-retrasa-el-primer-smartphone-para-proteger-la-infancia\/","url_meta":{"origin":113603,"position":0},"title":"\u201cTodav\u00eda no\u201d: el movimiento de familias que retrasa el primer smartphone para proteger la infancia","author":"Web del Maestro CMF","date":"21 noviembre, 2025","format":false,"excerpt":"Cada vez m\u00e1s familias en el mundo se organizan para decirle \u201ctodav\u00eda no\u201d al primer smartphone: \u201c14 para el celular, 16 para las redes\u201d esas son las propuesta que une a miles de familias en argentina y en el mundo.","rel":"","context":"En \u00abBienestar Familiar\u00bb","block_context":{"text":"Bienestar Familiar","link":"https:\/\/webdelmaestrocmf.com\/portal\/category\/pedagogia\/bienestar-familiar\/"},"img":{"alt_text":"","src":"https:\/\/i0.wp.com\/webdelmaestrocmf.com\/portal\/wp-content\/uploads\/2025\/11\/1A-Banner-1-portada-imagen-10-1-copia-15.webp?resize=350%2C200&ssl=1","width":350,"height":200,"srcset":"https:\/\/i0.wp.com\/webdelmaestrocmf.com\/portal\/wp-content\/uploads\/2025\/11\/1A-Banner-1-portada-imagen-10-1-copia-15.webp?resize=350%2C200&ssl=1 1x, https:\/\/i0.wp.com\/webdelmaestrocmf.com\/portal\/wp-content\/uploads\/2025\/11\/1A-Banner-1-portada-imagen-10-1-copia-15.webp?resize=525%2C300&ssl=1 1.5x, https:\/\/i0.wp.com\/webdelmaestrocmf.com\/portal\/wp-content\/uploads\/2025\/11\/1A-Banner-1-portada-imagen-10-1-copia-15.webp?resize=700%2C400&ssl=1 2x"},"classes":[]},{"id":115284,"url":"https:\/\/webdelmaestrocmf.com\/portal\/carlos-garcia-miranda-no-vale-con-prohibir-las-redes-hay-que-quitar-el-movil-a-los-ninos\/","url_meta":{"origin":113603,"position":1},"title":"Carlos Garc\u00eda Miranda: No vale con prohibir las redes, hay que quitar el m\u00f3vil a los ni\u00f1os","author":"Web del Maestro CMF","date":"11 febrero, 2026","format":false,"excerpt":"No basta prohibir redes sociales: sin educaci\u00f3n digital y responsabilidad familiar, los m\u00f3viles seguir\u00e1n afectando desarrollo y bienestar infantil.","rel":"","context":"En \u00abEntrevistas\u00bb","block_context":{"text":"Entrevistas","link":"https:\/\/webdelmaestrocmf.com\/portal\/category\/noticias\/entrevistas\/"},"img":{"alt_text":"","src":"https:\/\/i0.wp.com\/webdelmaestrocmf.com\/portal\/wp-content\/uploads\/2024\/03\/1A-Banner-1-portada-imagen-10-1-copia-8.webp?resize=350%2C200&ssl=1","width":350,"height":200,"srcset":"https:\/\/i0.wp.com\/webdelmaestrocmf.com\/portal\/wp-content\/uploads\/2024\/03\/1A-Banner-1-portada-imagen-10-1-copia-8.webp?resize=350%2C200&ssl=1 1x, https:\/\/i0.wp.com\/webdelmaestrocmf.com\/portal\/wp-content\/uploads\/2024\/03\/1A-Banner-1-portada-imagen-10-1-copia-8.webp?resize=525%2C300&ssl=1 1.5x, https:\/\/i0.wp.com\/webdelmaestrocmf.com\/portal\/wp-content\/uploads\/2024\/03\/1A-Banner-1-portada-imagen-10-1-copia-8.webp?resize=700%2C400&ssl=1 2x"},"classes":[]},{"id":111438,"url":"https:\/\/webdelmaestrocmf.com\/portal\/el-uso-del-telefono-inteligente-antes-de-los-13-anos-compromete-la-salud-mental-a-futuro\/","url_meta":{"origin":113603,"position":2},"title":"El uso del tel\u00e9fono inteligente antes de los 13 a\u00f1os compromete la salud mental a futuro","author":"Web del Maestro CMF","date":"10 abril, 2026","format":false,"excerpt":"El uso temprano del celular puede afectar el desarrollo infantil sin supervisi\u00f3n adecuada. La clave no es prohibir, sino acompa\u00f1ar con criterio, l\u00edmites claros y responsabilidad parental en la era digital.","rel":"","context":"En \u00abNi\u00f1os\u00bb","block_context":{"text":"Ni\u00f1os","link":"https:\/\/webdelmaestrocmf.com\/portal\/category\/pedagogia\/ninos\/"},"img":{"alt_text":"","src":"https:\/\/i0.wp.com\/webdelmaestrocmf.com\/portal\/wp-content\/uploads\/2025\/07\/1A-Banner-1-portada-imagen-10-1-copia-74.webp?resize=350%2C200&ssl=1","width":350,"height":200,"srcset":"https:\/\/i0.wp.com\/webdelmaestrocmf.com\/portal\/wp-content\/uploads\/2025\/07\/1A-Banner-1-portada-imagen-10-1-copia-74.webp?resize=350%2C200&ssl=1 1x, https:\/\/i0.wp.com\/webdelmaestrocmf.com\/portal\/wp-content\/uploads\/2025\/07\/1A-Banner-1-portada-imagen-10-1-copia-74.webp?resize=525%2C300&ssl=1 1.5x, https:\/\/i0.wp.com\/webdelmaestrocmf.com\/portal\/wp-content\/uploads\/2025\/07\/1A-Banner-1-portada-imagen-10-1-copia-74.webp?resize=700%2C400&ssl=1 2x"},"classes":[]},{"id":113621,"url":"https:\/\/webdelmaestrocmf.com\/portal\/joseph-knobel-freud-los-ninos-dejaron-de-jugar-para-consumir-y-los-adultos-de-cuidar-para-mirar-pantallas\/","url_meta":{"origin":113603,"position":3},"title":"Joseph Knobel Freud: Los ni\u00f1os dejaron de jugar para consumir. Y los adultos, de cuidar para mirar pantallas","author":"Web del Maestro CMF","date":"24 noviembre, 2025","format":false,"excerpt":"Los ni\u00f1os hoy crecen m\u00e1s solos, consumiendo pantallas sin gu\u00eda, mientras los adultos se ausentan emocionalmente y renuncian a ejercer su rol de cuidado.","rel":"","context":"En \u00abEntrevistas\u00bb","block_context":{"text":"Entrevistas","link":"https:\/\/webdelmaestrocmf.com\/portal\/category\/noticias\/entrevistas\/"},"img":{"alt_text":"","src":"https:\/\/i0.wp.com\/webdelmaestrocmf.com\/portal\/wp-content\/uploads\/2025\/11\/1A-Banner-1-portada-imagen-10-1-copia-1-6.webp?resize=350%2C200&ssl=1","width":350,"height":200,"srcset":"https:\/\/i0.wp.com\/webdelmaestrocmf.com\/portal\/wp-content\/uploads\/2025\/11\/1A-Banner-1-portada-imagen-10-1-copia-1-6.webp?resize=350%2C200&ssl=1 1x, https:\/\/i0.wp.com\/webdelmaestrocmf.com\/portal\/wp-content\/uploads\/2025\/11\/1A-Banner-1-portada-imagen-10-1-copia-1-6.webp?resize=525%2C300&ssl=1 1.5x, https:\/\/i0.wp.com\/webdelmaestrocmf.com\/portal\/wp-content\/uploads\/2025\/11\/1A-Banner-1-portada-imagen-10-1-copia-1-6.webp?resize=700%2C400&ssl=1 2x"},"classes":[]},{"id":113491,"url":"https:\/\/webdelmaestrocmf.com\/portal\/dinamarca-aprueba-una-ley-historica-que-limita-el-acceso-a-redes-sociales-para-menores-de-15-anos\/","url_meta":{"origin":113603,"position":4},"title":"Dinamarca aprueba una ley hist\u00f3rica que limita el acceso a redes sociales para menores de 15 a\u00f1os","author":"Web del Maestro CMF","date":"14 noviembre, 2025","format":false,"excerpt":"Dinamarca fija una edad m\u00ednima para redes sociales, priorizando la salud mental infantil y aplicando sanciones severas a plataformas que incumplan la ley.","rel":"","context":"En \u00abNoticias Internacionales\u00bb","block_context":{"text":"Noticias Internacionales","link":"https:\/\/webdelmaestrocmf.com\/portal\/category\/noticias-internacionales\/"},"img":{"alt_text":"","src":"https:\/\/i0.wp.com\/webdelmaestrocmf.com\/portal\/wp-content\/uploads\/2025\/11\/1A-Banner-1-portada-imagen-10-1-copia-13.webp?resize=350%2C200&ssl=1","width":350,"height":200,"srcset":"https:\/\/i0.wp.com\/webdelmaestrocmf.com\/portal\/wp-content\/uploads\/2025\/11\/1A-Banner-1-portada-imagen-10-1-copia-13.webp?resize=350%2C200&ssl=1 1x, https:\/\/i0.wp.com\/webdelmaestrocmf.com\/portal\/wp-content\/uploads\/2025\/11\/1A-Banner-1-portada-imagen-10-1-copia-13.webp?resize=525%2C300&ssl=1 1.5x, https:\/\/i0.wp.com\/webdelmaestrocmf.com\/portal\/wp-content\/uploads\/2025\/11\/1A-Banner-1-portada-imagen-10-1-copia-13.webp?resize=700%2C400&ssl=1 2x"},"classes":[]},{"id":107034,"url":"https:\/\/webdelmaestrocmf.com\/portal\/australia-el-primer-pais-en-aprobar-una-ley-que-prohibe-el-acceso-a-redes-sociales-a-adolescentes\/","url_meta":{"origin":113603,"position":5},"title":"Australia, el primer pa\u00eds en aprobar una ley que proh\u00edbe el acceso a redes sociales a adolescentes","author":"Web del Maestro CMF","date":"29 noviembre, 2024","format":false,"excerpt":"Australia se ha convertido en el primer pa\u00eds del mundo en implementar una legislaci\u00f3n que proh\u00edbe a los menores de 16 a\u00f1os acceder a las redes sociales sin restricciones. La ley, aprobada con amplio respaldo parlamentario, busca abordar los impactos negativos que estas plataformas tienen en la salud mental de\u2026","rel":"","context":"En \u00abNoticias Internacionales\u00bb","block_context":{"text":"Noticias Internacionales","link":"https:\/\/webdelmaestrocmf.com\/portal\/category\/noticias-internacionales\/"},"img":{"alt_text":"","src":"https:\/\/i0.wp.com\/webdelmaestrocmf.com\/portal\/wp-content\/uploads\/2024\/11\/Banner-1-portada-imagen-10-1-5.jpg?resize=350%2C200&ssl=1","width":350,"height":200,"srcset":"https:\/\/i0.wp.com\/webdelmaestrocmf.com\/portal\/wp-content\/uploads\/2024\/11\/Banner-1-portada-imagen-10-1-5.jpg?resize=350%2C200&ssl=1 1x, https:\/\/i0.wp.com\/webdelmaestrocmf.com\/portal\/wp-content\/uploads\/2024\/11\/Banner-1-portada-imagen-10-1-5.jpg?resize=525%2C300&ssl=1 1.5x, https:\/\/i0.wp.com\/webdelmaestrocmf.com\/portal\/wp-content\/uploads\/2024\/11\/Banner-1-portada-imagen-10-1-5.jpg?resize=700%2C400&ssl=1 2x"},"classes":[]}],"_links":{"self":[{"href":"https:\/\/webdelmaestrocmf.com\/portal\/wp-json\/wp\/v2\/posts\/113603","targetHints":{"allow":["GET"]}}],"collection":[{"href":"https:\/\/webdelmaestrocmf.com\/portal\/wp-json\/wp\/v2\/posts"}],"about":[{"href":"https:\/\/webdelmaestrocmf.com\/portal\/wp-json\/wp\/v2\/types\/post"}],"author":[{"embeddable":true,"href":"https:\/\/webdelmaestrocmf.com\/portal\/wp-json\/wp\/v2\/users\/1"}],"replies":[{"embeddable":true,"href":"https:\/\/webdelmaestrocmf.com\/portal\/wp-json\/wp\/v2\/comments?post=113603"}],"version-history":[{"count":1,"href":"https:\/\/webdelmaestrocmf.com\/portal\/wp-json\/wp\/v2\/posts\/113603\/revisions"}],"predecessor-version":[{"id":113607,"href":"https:\/\/webdelmaestrocmf.com\/portal\/wp-json\/wp\/v2\/posts\/113603\/revisions\/113607"}],"wp:featuredmedia":[{"embeddable":true,"href":"https:\/\/webdelmaestrocmf.com\/portal\/wp-json\/wp\/v2\/media\/113605"}],"wp:attachment":[{"href":"https:\/\/webdelmaestrocmf.com\/portal\/wp-json\/wp\/v2\/media?parent=113603"}],"wp:term":[{"taxonomy":"category","embeddable":true,"href":"https:\/\/webdelmaestrocmf.com\/portal\/wp-json\/wp\/v2\/categories?post=113603"},{"taxonomy":"post_tag","embeddable":true,"href":"https:\/\/webdelmaestrocmf.com\/portal\/wp-json\/wp\/v2\/tags?post=113603"}],"curies":[{"name":"wp","href":"https:\/\/api.w.org\/{rel}","templated":true}]}}