{"id":113550,"date":"2025-11-21T00:41:36","date_gmt":"2025-11-21T03:41:36","guid":{"rendered":"https:\/\/webdelmaestrocmf.com\/portal\/?p=113550"},"modified":"2025-11-21T15:19:21","modified_gmt":"2025-11-21T18:19:21","slug":"rolando-arellano-los-jovenes-de-hoy-son-tres-veces-mas-profesionales","status":"publish","type":"post","link":"https:\/\/webdelmaestrocmf.com\/portal\/rolando-arellano-los-jovenes-de-hoy-son-tres-veces-mas-profesionales\/","title":{"rendered":"Rolando Arellano: los j\u00f3venes de hoy son tres veces m\u00e1s profesionales"},"content":{"rendered":"\n<p>Rolando Arellano Cueva\u00a0<strong>es uno de los m\u00e1s reconocidos expertos en marketing para pa\u00edses en desarrollo<\/strong>. Doctor en Administraci\u00f3n de empresas de la Universidad de Grenoble, Francia, M\u00e1ster en Administraci\u00f3n de ESAN y psic\u00f3logo de la Pontificia Universidad Cat\u00f3lica del Per\u00fa.<\/p>\n\n\n\n<p>La entrevista realizada por <strong>M\u00e1vila Huertas<\/strong>, una de las periodistas m\u00e1s influyentes y rigurosas del pa\u00eds, puso sobre la mesa un tema tan sensible como urgente: la relaci\u00f3n entre generaciones, el reconocimiento al m\u00e9rito familiar y la necesidad de nuevos modelos de inspiraci\u00f3n para la juventud peruana. En di\u00e1logo con Huertas, el investigador y analista <strong>Rolando Arellano<\/strong> ofreci\u00f3 una lectura profunda sobre el rol de los j\u00f3venes actuales, la construcci\u00f3n del pa\u00eds y el peso que la memoria familiar tiene en la formaci\u00f3n profesional y emocional de las nuevas generaciones.<\/p>\n\n\n\n<h2 class=\"wp-block-heading\"><strong>La nueva generaci\u00f3n: tres veces m\u00e1s profesional, pero desconectada de su historia<\/strong><\/h2>\n\n\n\n<p>Arellano sostiene que los j\u00f3venes de hoy \u201cson tres veces m\u00e1s profesionales\u201d debido a las oportunidades que sus padres y abuelos nunca tuvieron. Sin embargo, advierte que esa profesionalizaci\u00f3n acelerada corre el riesgo de perder un componente esencial: la conciencia del esfuerzo previo.<\/p>\n\n\n\n<figure class=\"wp-block-embed is-type-video is-provider-youtube wp-block-embed-youtube wp-embed-aspect-16-9 wp-has-aspect-ratio\"><div class=\"wp-block-embed__wrapper\">\n<iframe loading=\"lazy\" title=\"Rolando Arellano: \u00bfViven mejor los j\u00f3venes peruanos que sus padres? #ADNRPP\" width=\"1200\" height=\"675\" src=\"https:\/\/www.youtube.com\/embed\/aSjDJZcG7x4?feature=oembed\" frameborder=\"0\" allow=\"accelerometer; autoplay; clipboard-write; encrypted-media; gyroscope; picture-in-picture; web-share\" referrerpolicy=\"strict-origin-when-cross-origin\" allowfullscreen><\/iframe>\n<\/div><\/figure>\n\n\n\n<p>En sus palabras, gran parte de lo que hoy se disfruta \u2014estabilidad relativa, acceso a educaci\u00f3n superior, movilidad social, posibilidades tecnol\u00f3gicas\u2014 es el resultado del trabajo de una generaci\u00f3n \u201cextremadamente trabajadora\u201d, padres y madres que <strong>en condiciones m\u00e1s duras que las actuales trabajaron 14 o 16 horas diarias<\/strong> para darle a sus hijos un punto de partida mejor.<\/p>\n\n\n\n<p>Por ello, Arellano plantea un mensaje directo:<br>Los j\u00f3venes deben preocuparse, protestar pac\u00edficamente cuando sea necesario, pero tambi\u00e9n <strong>reconocer el esfuerzo gigantesco de quienes los precedieron<\/strong>.<\/p>\n\n\n\n<p>Y a\u00f1ade un gesto simb\u00f3lico pero profundamente humano:<br>\u201cLes toca ir a abrazar a sus padres hoy, agradecerles y continuar hacia adelante el trabajo que ellos comenzaron\u201d.<\/p>\n\n\n\n<h2 class=\"wp-block-heading\"><strong>El pa\u00eds necesita nuevos h\u00e9roes civiles<\/strong><\/h2>\n\n\n\n<p>Huertas introduce otro tema central: la ausencia de figuras inspiradoras para las nuevas generaciones. Aunque los feriados c\u00edvicos resaltan la figura de militares y h\u00e9roes tradicionales, Arellano afirma que <strong>faltan referentes contempor\u00e1neos capaces de conectar con los j\u00f3venes<\/strong>.<\/p>\n\n\n\n<p>Entre los ejemplos que menciona destacan:<\/p>\n\n\n\n<ul class=\"wp-block-list\">\n<li><strong>Mario Vargas Llosa<\/strong>, un h\u00e9roe intelectual cuya obra puso al Per\u00fa en el mapa cultural del mundo.<\/li>\n\n\n\n<li><strong>Ruth Shady<\/strong>, arque\u00f3loga que descubri\u00f3 Caral, la civilizaci\u00f3n m\u00e1s antigua de Am\u00e9rica.<\/li>\n\n\n\n<li><strong>Antonia Moreno de C\u00e1ceres<\/strong>, figura femenina clave en la Guerra del Pac\u00edfico.<\/li>\n<\/ul>\n\n\n\n<p>El Per\u00fa, afirma Arellano, est\u00e1 lleno de h\u00e9roes civiles, cient\u00edficos, artistas, empresarios, pensadores y mujeres notables que no reciben la visibilidad que merecen. Reconocerlos es <strong>una responsabilidad cultural<\/strong>, no un simple ejercicio de nostalgia.<\/p>\n\n\n\n<h2 class=\"wp-block-heading\"><strong>Criminalidad: un problema grave que no debe convertirse en arma pol\u00edtica<\/strong><\/h2>\n\n\n\n<p>En un contexto donde la inseguridad domina la agenda p\u00fablica, Arellano advierte sobre un riesgo que puede distorsionar la percepci\u00f3n social: <strong>la manipulaci\u00f3n pol\u00edtica del miedo<\/strong>.<\/p>\n\n\n\n<p>A prop\u00f3sito de unas declaraciones de Donald Trump \u2014quien compar\u00f3 la criminalidad de Washington con la de Lima\u2014 Arellano recuerda que las cifras deben analizarse con criterios internacionales, como los homicidios por cada 100.000 habitantes. El peligro, se\u00f1ala, es que la gravedad del problema se utilice electoralmente para justificar decisiones improvisadas o para ocultar otras crisis igual de urgentes.<\/p>\n\n\n\n<p>El ejemplo m\u00e1s claro es la declaraci\u00f3n de <strong>estados de emergencia<\/strong>, que permiten:<\/p>\n\n\n\n<ul class=\"wp-block-list\">\n<li>compras p\u00fablicas sin licitaci\u00f3n<\/li>\n\n\n\n<li>reasignaci\u00f3n de presupuestos sin controles<\/li>\n\n\n\n<li>reducci\u00f3n de mecanismos de transparencia<\/li>\n<\/ul>\n\n\n\n<p>Aunque la poblaci\u00f3n exige respuestas firmes, Arellano se\u00f1ala que <strong>combatir la delincuencia no puede ser excusa para abrir la puerta a nuevas formas de corrupci\u00f3n<\/strong>. Se necesita inteligencia, estrategia y una visi\u00f3n de largo plazo, no solo reacciones r\u00e1pidas destinadas a tranquilizar a la opini\u00f3n p\u00fablica.<\/p>\n\n\n\n<h2 class=\"wp-block-heading\"><strong>Un mensaje final: mirar al futuro sin olvidar el pasado<\/strong><\/h2>\n\n\n\n<p>La entrevista cierra con un llamado a la responsabilidad colectiva. M\u00e1vila Huertas destaca la importancia de visibilizar las cifras reales de criminalidad y la urgencia de abordarlas con rigor. Arellano complementa con una reflexi\u00f3n sobre el pa\u00eds: s\u00ed, hay problemas graves, pero tambi\u00e9n hay avances, oportunidades y una juventud altamente preparada que puede construir un futuro mejor.<\/p>\n\n\n\n<p>Sin embargo, insiste: la profesionalizaci\u00f3n no basta. Se necesita <strong>memoria, gratitud y continuidad<\/strong>. Solo as\u00ed, dice, los j\u00f3venes podr\u00e1n honrar el sacrificio de quienes trabajaron sin descanso para que ellos pudieran vivir mejor.<\/p>\n\n\n\n<p class=\"has-text-align-right\"><strong>Redacci\u00f3n Web del Maestro CMF<\/strong><\/p>\n\n\n\t\t<div class=\"pk-inline-posts\">\n\t\t\t\n\t\t\t<div class=\"pk-inline-posts-container pk-inline-posts-template-list\"\n\t\t\t\tdata-columns=\"1\">\n\t\t\t\t\t\t<article id=\"post-118510\" class=\"post-118510 post type-post status-publish format-standard has-post-thumbnail category-entrevistas category-noticias tag-aprendizaje tag-aula tag-docentes tag-educacion-2 tag-estudiantes tag-filosofia-2 tag-formacion-2 tag-inteligencia tag-jose-antonio-marina tag-pedagogia-2 tag-pensamiento-critico-2 cs-entry cs-video-wrap\">\n\t\t\t<div class=\"pk-post-outer\">\n\n\t\t\t\t\t\t\t\t<div class=\"pk-post-inner\">\n\t\t\t\t\t<div class=\"entry-thumbnail\">\n\t\t\t\t\t\t<div class=\"pk-overlay pk-overlay-ratio pk-ratio-landscape\">\n\t\t\t\t\t\t\t<div class=\"pk-overlay-background\">\n\t\t\t\t\t\t\t\t<a href=\"https:\/\/webdelmaestrocmf.com\/portal\/jose-antonio-marina-si-no-teneis-pensamiento-critico-o-si-no-hay-pensamiento-critico-la-manipulacion-va-a-ser-muy-sencilla\/\" class=\"pk-overlay-link\">\n\t\t\t\t\t\t\t\t\t<img loading=\"lazy\" decoding=\"async\" width=\"300\" height=\"225\" src=\"https:\/\/webdelmaestrocmf.com\/portal\/wp-content\/uploads\/2026\/04\/1AA-Banner-1-portada-imagen-10-1-copia-5-6-300x225.webp\" class=\"attachment-pk-thumbnail size-pk-thumbnail wp-post-image\" alt=\"\" \/>\t\t\t\t\t\t\t\t<\/a>\n\t\t\t\t\t\t\t<\/div>\n\t\t\t\t\t\t<\/div>\n\t\t\t\t\t<\/div>\n\t\t\t\t<\/div>\n\t\t\t\t\n\t\t\t\t<div class=\"pk-post-inner\">\n\t\t\t\t\t<header>\n\t\t\t\t\t\t<h3 class=\"pk-title\"><a href=\"https:\/\/webdelmaestrocmf.com\/portal\/jose-antonio-marina-si-no-teneis-pensamiento-critico-o-si-no-hay-pensamiento-critico-la-manipulacion-va-a-ser-muy-sencilla\/\" rel=\"bookmark\">Jos\u00e9 Antonio Marina: Si no ten\u00e9is pensamiento cr\u00edtico, o si no hay pensamiento cr\u00edtico, la manipulaci\u00f3n va a ser muy sencilla<\/a><\/h3>\t\t\t\t\t<\/header><!-- .entry-header -->\n\t\t\t\t<\/div><!-- .post-inner -->\n\n\t\t\t<\/div><!-- .post-outer -->\n\t\t<\/article>\n\t\t\t<article id=\"post-113504\" class=\"post-113504 post type-post status-publish format-standard has-post-thumbnail category-entrevistas category-noticias tag-alumno tag-begona-ibarrola-2 tag-desmotivado tag-vago cs-entry cs-video-wrap\">\n\t\t\t<div class=\"pk-post-outer\">\n\n\t\t\t\t\t\t\t\t<div class=\"pk-post-inner\">\n\t\t\t\t\t<div class=\"entry-thumbnail\">\n\t\t\t\t\t\t<div class=\"pk-overlay pk-overlay-ratio pk-ratio-landscape\">\n\t\t\t\t\t\t\t<div class=\"pk-overlay-background\">\n\t\t\t\t\t\t\t\t<a href=\"https:\/\/webdelmaestrocmf.com\/portal\/begona-ibarrola-debemos-distinguir-entre-un-alumno-verdaderamente-vago-y-uno-que-esta-desmotivado-porque-anticipa-el-fracaso\/\" class=\"pk-overlay-link\">\n\t\t\t\t\t\t\t\t\t<img loading=\"lazy\" decoding=\"async\" width=\"300\" height=\"225\" src=\"https:\/\/webdelmaestrocmf.com\/portal\/wp-content\/uploads\/2025\/11\/1AA-Banner-1-portada-imagen-10-1-copia-3-300x225.webp\" class=\"attachment-pk-thumbnail size-pk-thumbnail wp-post-image\" alt=\"\" \/>\t\t\t\t\t\t\t\t<\/a>\n\t\t\t\t\t\t\t<\/div>\n\t\t\t\t\t\t<\/div>\n\t\t\t\t\t<\/div>\n\t\t\t\t<\/div>\n\t\t\t\t\n\t\t\t\t<div class=\"pk-post-inner\">\n\t\t\t\t\t<header>\n\t\t\t\t\t\t<h3 class=\"pk-title\"><a href=\"https:\/\/webdelmaestrocmf.com\/portal\/begona-ibarrola-debemos-distinguir-entre-un-alumno-verdaderamente-vago-y-uno-que-esta-desmotivado-porque-anticipa-el-fracaso\/\" rel=\"bookmark\">Bego\u00f1a Ibarrola: Debemos distinguir entre un alumno verdaderamente vago y uno que est\u00e1 desmotivado porque anticipa el fracaso<\/a><\/h3>\t\t\t\t\t<\/header><!-- .entry-header -->\n\t\t\t\t<\/div><!-- .post-inner -->\n\n\t\t\t<\/div><!-- .post-outer -->\n\t\t<\/article>\n\t\t\t<article id=\"post-118480\" class=\"post-118480 post type-post status-publish format-standard has-post-thumbnail category-entrevistas category-noticias tag-aprendizaje tag-autonomia-3 tag-desarrollo tag-docentes tag-educacion-2 tag-ensenanza-2 tag-escuela tag-infancia tag-juego tag-pedagogia-2 cs-entry cs-video-wrap\">\n\t\t\t<div class=\"pk-post-outer\">\n\n\t\t\t\t\t\t\t\t<div class=\"pk-post-inner\">\n\t\t\t\t\t<div class=\"entry-thumbnail\">\n\t\t\t\t\t\t<div class=\"pk-overlay pk-overlay-ratio pk-ratio-landscape\">\n\t\t\t\t\t\t\t<div class=\"pk-overlay-background\">\n\t\t\t\t\t\t\t\t<a href=\"https:\/\/webdelmaestrocmf.com\/portal\/francesco-tonucci-hoy-la-escuela-esta-asumiendo-un-error-fatal-que-es-hacer-mas-un-papel-de-ninera-que-de-estructura-educativa\/\" class=\"pk-overlay-link\">\n\t\t\t\t\t\t\t\t\t<img loading=\"lazy\" decoding=\"async\" width=\"300\" height=\"225\" src=\"https:\/\/webdelmaestrocmf.com\/portal\/wp-content\/uploads\/2026\/04\/1AA-Banner-1-portada-imagen-10-1-copia-2-9-300x225.webp\" class=\"attachment-pk-thumbnail size-pk-thumbnail wp-post-image\" alt=\"\" \/>\t\t\t\t\t\t\t\t<\/a>\n\t\t\t\t\t\t\t<\/div>\n\t\t\t\t\t\t<\/div>\n\t\t\t\t\t<\/div>\n\t\t\t\t<\/div>\n\t\t\t\t\n\t\t\t\t<div class=\"pk-post-inner\">\n\t\t\t\t\t<header>\n\t\t\t\t\t\t<h3 class=\"pk-title\"><a href=\"https:\/\/webdelmaestrocmf.com\/portal\/francesco-tonucci-hoy-la-escuela-esta-asumiendo-un-error-fatal-que-es-hacer-mas-un-papel-de-ninera-que-de-estructura-educativa\/\" rel=\"bookmark\">Francesco Tonucci: Hoy la escuela est\u00e1 asumiendo un error fatal que es hacer m\u00e1s un papel de ni\u00f1era que de estructura educativa<\/a><\/h3>\t\t\t\t\t<\/header><!-- .entry-header -->\n\t\t\t\t<\/div><!-- .post-inner -->\n\n\t\t\t<\/div><!-- .post-outer -->\n\t\t<\/article>\n\t\t\t\t<\/div>\n\t\t<\/div>\n\t\t\n","protected":false},"excerpt":{"rendered":"Los j\u00f3venes de hoy son tres veces m\u00e1s profesionales gracias al sacrificio silencioso de sus padres, cuyo esfuerzo abri\u00f3 oportunidades impensables antes.","protected":false},"author":1,"featured_media":113554,"comment_status":"open","ping_status":"closed","sticky":false,"template":"","format":"standard","meta":{"csco_display_header_overlay":false,"csco_singular_sidebar":"disabled","csco_page_header_type":"standard","csco_page_load_nextpost":"","csco_post_video_location":[],"csco_post_video_location_hash":"","csco_post_video_url":"","csco_post_video_bg_start_time":0,"csco_post_video_bg_end_time":0,"csco_post_video_bg_volume":false,"_jetpack_memberships_contains_paid_content":false,"footnotes":""},"categories":[48,47],"tags":[2464,23808,2109,24046,581,1483,14638,3638,184,24481,1576,92,1014],"class_list":{"0":"post-113550","1":"post","2":"type-post","3":"status-publish","4":"format-standard","5":"has-post-thumbnail","7":"category-entrevistas","8":"category-noticias","9":"tag-agradecimiento","10":"tag-educacion-2","11":"tag-esfuerzo","12":"tag-formacion-2","13":"tag-futuro","14":"tag-jovenes","15":"tag-meritocracia","16":"tag-oportunidades","17":"tag-padres","18":"tag-profesionalizacion","19":"tag-respeto","20":"tag-sociedad","21":"tag-valores","22":"cs-entry","23":"cs-video-wrap"},"yoast_head":"<!-- This site is optimized with the Yoast SEO plugin v27.5 - https:\/\/yoast.com\/product\/yoast-seo-wordpress\/ -->\n<title>Rolando Arellano: los j\u00f3venes de hoy son tres veces m\u00e1s profesionales - 2026<\/title>\n<meta name=\"description\" content=\"Rolando Arellano Cueva\u00a0es uno de los m\u00e1s reconocidos expertos en marketing para pa\u00edses en desarrollo. Doctor en Administraci\u00f3n...\" \/>\n<meta name=\"robots\" content=\"index, follow, max-snippet:-1, max-image-preview:large, max-video-preview:-1\" \/>\n<link rel=\"canonical\" href=\"https:\/\/webdelmaestrocmf.com\/portal\/rolando-arellano-los-jovenes-de-hoy-son-tres-veces-mas-profesionales\/\" \/>\n<meta property=\"og:locale\" content=\"es_ES\" \/>\n<meta property=\"og:type\" content=\"article\" \/>\n<meta property=\"og:title\" content=\"Rolando Arellano: los j\u00f3venes de hoy son tres veces m\u00e1s profesionales - 2026\" \/>\n<meta property=\"og:description\" content=\"Rolando Arellano Cueva\u00a0es uno de los m\u00e1s reconocidos expertos en marketing para pa\u00edses en desarrollo. Doctor en Administraci\u00f3n...\" \/>\n<meta property=\"og:url\" content=\"https:\/\/webdelmaestrocmf.com\/portal\/rolando-arellano-los-jovenes-de-hoy-son-tres-veces-mas-profesionales\/\" \/>\n<meta property=\"og:site_name\" content=\"Web del Maestro CMF\" \/>\n<meta property=\"article:publisher\" content=\"https:\/\/www.facebook.com\/WebdelMaestroCMF\/\" \/>\n<meta property=\"article:author\" content=\"https:\/\/www.facebook.com\/WebdelMaestroCMF\/\" \/>\n<meta property=\"article:published_time\" content=\"2025-11-21T03:41:36+00:00\" \/>\n<meta property=\"article:modified_time\" content=\"2025-11-21T18:19:21+00:00\" \/>\n<meta property=\"og:image\" content=\"https:\/\/webdelmaestrocmf.com\/portal\/wp-content\/uploads\/2025\/11\/rolagvfs.jpg\" \/>\n\t<meta property=\"og:image:width\" content=\"1000\" \/>\n\t<meta property=\"og:image:height\" content=\"667\" \/>\n\t<meta property=\"og:image:type\" content=\"image\/jpeg\" \/>\n<meta name=\"author\" content=\"Web del Maestro CMF\" \/>\n<meta name=\"twitter:card\" content=\"summary_large_image\" \/>\n<meta name=\"twitter:creator\" content=\"@cmf_w\" \/>\n<meta name=\"twitter:site\" content=\"@cmf_w\" \/>\n<script type=\"application\/ld+json\" class=\"yoast-schema-graph\">{\"@context\":\"https:\\\/\\\/schema.org\",\"@graph\":[{\"@type\":\"ScholarlyArticle\",\"@id\":\"https:\\\/\\\/webdelmaestrocmf.com\\\/portal\\\/rolando-arellano-los-jovenes-de-hoy-son-tres-veces-mas-profesionales\\\/#article\",\"isPartOf\":{\"@id\":\"https:\\\/\\\/webdelmaestrocmf.com\\\/portal\\\/rolando-arellano-los-jovenes-de-hoy-son-tres-veces-mas-profesionales\\\/\"},\"author\":{\"name\":\"Web del Maestro CMF\",\"@id\":\"https:\\\/\\\/webdelmaestrocmf.com\\\/portal\\\/#\\\/schema\\\/person\\\/1072a2ed7bd960df8ef99a551fa35dc5\"},\"headline\":\"Rolando Arellano: los j\u00f3venes de hoy son tres veces m\u00e1s profesionales\",\"datePublished\":\"2025-11-21T03:41:36+00:00\",\"dateModified\":\"2025-11-21T18:19:21+00:00\",\"mainEntityOfPage\":{\"@id\":\"https:\\\/\\\/webdelmaestrocmf.com\\\/portal\\\/rolando-arellano-los-jovenes-de-hoy-son-tres-veces-mas-profesionales\\\/\"},\"wordCount\":793,\"commentCount\":0,\"publisher\":{\"@id\":\"https:\\\/\\\/webdelmaestrocmf.com\\\/portal\\\/#organization\"},\"image\":{\"@id\":\"https:\\\/\\\/webdelmaestrocmf.com\\\/portal\\\/rolando-arellano-los-jovenes-de-hoy-son-tres-veces-mas-profesionales\\\/#primaryimage\"},\"thumbnailUrl\":\"https:\\\/\\\/webdelmaestrocmf.com\\\/portal\\\/wp-content\\\/uploads\\\/2025\\\/11\\\/rolagvfs.jpg\",\"keywords\":[\"AGRADECIMIENTO\",\"educaci\u00f3n\",\"ESFUERZO\",\"formaci\u00f3n\",\"futuro\",\"j\u00f3venes\",\"meritocracia\",\"OPORTUNIDADES\",\"padres\",\"profesionalizaci\u00f3n\",\"RESPETO\",\"sociedad\",\"valores\"],\"articleSection\":[\"Entrevistas\",\"Noticias\"],\"inLanguage\":\"es\",\"potentialAction\":[{\"@type\":\"CommentAction\",\"name\":\"Comment\",\"target\":[\"https:\\\/\\\/webdelmaestrocmf.com\\\/portal\\\/rolando-arellano-los-jovenes-de-hoy-son-tres-veces-mas-profesionales\\\/#respond\"]}]},{\"@type\":\"WebPage\",\"@id\":\"https:\\\/\\\/webdelmaestrocmf.com\\\/portal\\\/rolando-arellano-los-jovenes-de-hoy-son-tres-veces-mas-profesionales\\\/\",\"url\":\"https:\\\/\\\/webdelmaestrocmf.com\\\/portal\\\/rolando-arellano-los-jovenes-de-hoy-son-tres-veces-mas-profesionales\\\/\",\"name\":\"Rolando Arellano: los j\u00f3venes de hoy son tres veces m\u00e1s profesionales - 2026\",\"isPartOf\":{\"@id\":\"https:\\\/\\\/webdelmaestrocmf.com\\\/portal\\\/#website\"},\"primaryImageOfPage\":{\"@id\":\"https:\\\/\\\/webdelmaestrocmf.com\\\/portal\\\/rolando-arellano-los-jovenes-de-hoy-son-tres-veces-mas-profesionales\\\/#primaryimage\"},\"image\":{\"@id\":\"https:\\\/\\\/webdelmaestrocmf.com\\\/portal\\\/rolando-arellano-los-jovenes-de-hoy-son-tres-veces-mas-profesionales\\\/#primaryimage\"},\"thumbnailUrl\":\"https:\\\/\\\/webdelmaestrocmf.com\\\/portal\\\/wp-content\\\/uploads\\\/2025\\\/11\\\/rolagvfs.jpg\",\"datePublished\":\"2025-11-21T03:41:36+00:00\",\"dateModified\":\"2025-11-21T18:19:21+00:00\",\"description\":\"Rolando Arellano Cueva\u00a0es uno de los m\u00e1s reconocidos expertos en marketing para pa\u00edses en desarrollo. Doctor en Administraci\u00f3n...\",\"breadcrumb\":{\"@id\":\"https:\\\/\\\/webdelmaestrocmf.com\\\/portal\\\/rolando-arellano-los-jovenes-de-hoy-son-tres-veces-mas-profesionales\\\/#breadcrumb\"},\"inLanguage\":\"es\",\"potentialAction\":[{\"@type\":\"ReadAction\",\"target\":[\"https:\\\/\\\/webdelmaestrocmf.com\\\/portal\\\/rolando-arellano-los-jovenes-de-hoy-son-tres-veces-mas-profesionales\\\/\"]}]},{\"@type\":\"ImageObject\",\"inLanguage\":\"es\",\"@id\":\"https:\\\/\\\/webdelmaestrocmf.com\\\/portal\\\/rolando-arellano-los-jovenes-de-hoy-son-tres-veces-mas-profesionales\\\/#primaryimage\",\"url\":\"https:\\\/\\\/webdelmaestrocmf.com\\\/portal\\\/wp-content\\\/uploads\\\/2025\\\/11\\\/rolagvfs.jpg\",\"contentUrl\":\"https:\\\/\\\/webdelmaestrocmf.com\\\/portal\\\/wp-content\\\/uploads\\\/2025\\\/11\\\/rolagvfs.jpg\",\"width\":1000,\"height\":667},{\"@type\":\"BreadcrumbList\",\"@id\":\"https:\\\/\\\/webdelmaestrocmf.com\\\/portal\\\/rolando-arellano-los-jovenes-de-hoy-son-tres-veces-mas-profesionales\\\/#breadcrumb\",\"itemListElement\":[{\"@type\":\"ListItem\",\"position\":1,\"name\":\"Portada\",\"item\":\"https:\\\/\\\/webdelmaestrocmf.com\\\/portal\\\/\"},{\"@type\":\"ListItem\",\"position\":2,\"name\":\"Noticias\",\"item\":\"https:\\\/\\\/webdelmaestrocmf.com\\\/portal\\\/category\\\/noticias\\\/\"},{\"@type\":\"ListItem\",\"position\":3,\"name\":\"Rolando Arellano: los j\u00f3venes de hoy son tres veces m\u00e1s profesionales\"}]},{\"@type\":\"WebSite\",\"@id\":\"https:\\\/\\\/webdelmaestrocmf.com\\\/portal\\\/#website\",\"url\":\"https:\\\/\\\/webdelmaestrocmf.com\\\/portal\\\/\",\"name\":\"Web del Maestro CMF\",\"description\":\"Maestros al servicio de la educaci\u00f3n\",\"publisher\":{\"@id\":\"https:\\\/\\\/webdelmaestrocmf.com\\\/portal\\\/#organization\"},\"alternateName\":\"WMCMF\",\"potentialAction\":[{\"@type\":\"SearchAction\",\"target\":{\"@type\":\"EntryPoint\",\"urlTemplate\":\"https:\\\/\\\/webdelmaestrocmf.com\\\/portal\\\/?s={search_term_string}\"},\"query-input\":{\"@type\":\"PropertyValueSpecification\",\"valueRequired\":true,\"valueName\":\"search_term_string\"}}],\"inLanguage\":\"es\"},{\"@type\":\"Organization\",\"@id\":\"https:\\\/\\\/webdelmaestrocmf.com\\\/portal\\\/#organization\",\"name\":\"Web del Maestro CMF\",\"alternateName\":\"WMCMF\",\"url\":\"https:\\\/\\\/webdelmaestrocmf.com\\\/portal\\\/\",\"logo\":{\"@type\":\"ImageObject\",\"inLanguage\":\"es\",\"@id\":\"https:\\\/\\\/webdelmaestrocmf.com\\\/portal\\\/#\\\/schema\\\/logo\\\/image\\\/\",\"url\":\"https:\\\/\\\/webdelmaestrocmf.com\\\/portal\\\/wp-content\\\/uploads\\\/2023\\\/01\\\/logo-wmcmf-2.png\",\"contentUrl\":\"https:\\\/\\\/webdelmaestrocmf.com\\\/portal\\\/wp-content\\\/uploads\\\/2023\\\/01\\\/logo-wmcmf-2.png\",\"width\":200,\"height\":60,\"caption\":\"Web del Maestro CMF\"},\"image\":{\"@id\":\"https:\\\/\\\/webdelmaestrocmf.com\\\/portal\\\/#\\\/schema\\\/logo\\\/image\\\/\"},\"sameAs\":[\"https:\\\/\\\/www.facebook.com\\\/WebdelMaestroCMF\\\/\",\"https:\\\/\\\/x.com\\\/cmf_w\",\"https:\\\/\\\/www.pinterest.com\\\/WMCMF\\\/\",\"https:\\\/\\\/www.linkedin.com\\\/company\\\/web-del-maestro-cmf\\\/\",\"https:\\\/\\\/www.instagram.com\\\/wmcmf\\\/\",\"https:\\\/\\\/www.youtube.com\\\/channel\\\/UCDPSvjbdodE5sHnC3OxutHw\",\"https:\\\/\\\/mastodon.social\\\/@wmcmf\",\"https:\\\/\\\/www.tiktok.com\\\/@webdelmaestrocmf\"]},{\"@type\":\"Person\",\"@id\":\"https:\\\/\\\/webdelmaestrocmf.com\\\/portal\\\/#\\\/schema\\\/person\\\/1072a2ed7bd960df8ef99a551fa35dc5\",\"name\":\"Web del Maestro CMF\",\"image\":{\"@type\":\"ImageObject\",\"inLanguage\":\"es\",\"@id\":\"https:\\\/\\\/secure.gravatar.com\\\/avatar\\\/23291dd5b5ae1077dcff3dbb04c3e02bd28403fa75af6d8787d5e97c5bbbe30b?s=96&d=mm&r=g\",\"url\":\"https:\\\/\\\/secure.gravatar.com\\\/avatar\\\/23291dd5b5ae1077dcff3dbb04c3e02bd28403fa75af6d8787d5e97c5bbbe30b?s=96&d=mm&r=g\",\"contentUrl\":\"https:\\\/\\\/secure.gravatar.com\\\/avatar\\\/23291dd5b5ae1077dcff3dbb04c3e02bd28403fa75af6d8787d5e97c5bbbe30b?s=96&d=mm&r=g\",\"caption\":\"Web del Maestro CMF\"},\"description\":\"Esta Web se cre\u00f3 sin fines de lucro, con fines educativos, cient\u00edficos y acad\u00e9micos, para personas que tengan dificultades y\\\/o inconvenientes en visualizar el material original. El objetivo es entregar recursos, compartir experiencias y materiales que ayuden a los padres de familia, maestros y estudiantes en su actualizaci\u00f3n y formaci\u00f3n permanente, en bien de la Educaci\u00f3n.\",\"sameAs\":[\"http:\\\/\\\/webdelmaestrocmf.com\\\/portal\",\"https:\\\/\\\/www.facebook.com\\\/WebdelMaestroCMF\\\/\",\"https:\\\/\\\/www.instagram.com\\\/wmcmf\\\/\",\"https:\\\/\\\/cl.linkedin.com\\\/company\\\/web-del-maestro-cmf\",\"https:\\\/\\\/www.pinterest.com\\\/WMCMF\\\/publicaciones\\\/\",\"https:\\\/\\\/x.com\\\/cmf_w\",\"https:\\\/\\\/www.youtube.com\\\/@WMCMF\"]}]}<\/script>\n<!-- \/ Yoast SEO plugin. -->","yoast_head_json":{"title":"Rolando Arellano: los j\u00f3venes de hoy son tres veces m\u00e1s profesionales - 2026","description":"Rolando Arellano Cueva\u00a0es uno de los m\u00e1s reconocidos expertos en marketing para pa\u00edses en desarrollo. Doctor en Administraci\u00f3n...","robots":{"index":"index","follow":"follow","max-snippet":"max-snippet:-1","max-image-preview":"max-image-preview:large","max-video-preview":"max-video-preview:-1"},"canonical":"https:\/\/webdelmaestrocmf.com\/portal\/rolando-arellano-los-jovenes-de-hoy-son-tres-veces-mas-profesionales\/","og_locale":"es_ES","og_type":"article","og_title":"Rolando Arellano: los j\u00f3venes de hoy son tres veces m\u00e1s profesionales - 2026","og_description":"Rolando Arellano Cueva\u00a0es uno de los m\u00e1s reconocidos expertos en marketing para pa\u00edses en desarrollo. Doctor en Administraci\u00f3n...","og_url":"https:\/\/webdelmaestrocmf.com\/portal\/rolando-arellano-los-jovenes-de-hoy-son-tres-veces-mas-profesionales\/","og_site_name":"Web del Maestro CMF","article_publisher":"https:\/\/www.facebook.com\/WebdelMaestroCMF\/","article_author":"https:\/\/www.facebook.com\/WebdelMaestroCMF\/","article_published_time":"2025-11-21T03:41:36+00:00","article_modified_time":"2025-11-21T18:19:21+00:00","og_image":[{"width":1000,"height":667,"url":"https:\/\/webdelmaestrocmf.com\/portal\/wp-content\/uploads\/2025\/11\/rolagvfs.jpg","type":"image\/jpeg"}],"author":"Web del Maestro CMF","twitter_card":"summary_large_image","twitter_creator":"@cmf_w","twitter_site":"@cmf_w","schema":{"@context":"https:\/\/schema.org","@graph":[{"@type":"ScholarlyArticle","@id":"https:\/\/webdelmaestrocmf.com\/portal\/rolando-arellano-los-jovenes-de-hoy-son-tres-veces-mas-profesionales\/#article","isPartOf":{"@id":"https:\/\/webdelmaestrocmf.com\/portal\/rolando-arellano-los-jovenes-de-hoy-son-tres-veces-mas-profesionales\/"},"author":{"name":"Web del Maestro CMF","@id":"https:\/\/webdelmaestrocmf.com\/portal\/#\/schema\/person\/1072a2ed7bd960df8ef99a551fa35dc5"},"headline":"Rolando Arellano: los j\u00f3venes de hoy son tres veces m\u00e1s profesionales","datePublished":"2025-11-21T03:41:36+00:00","dateModified":"2025-11-21T18:19:21+00:00","mainEntityOfPage":{"@id":"https:\/\/webdelmaestrocmf.com\/portal\/rolando-arellano-los-jovenes-de-hoy-son-tres-veces-mas-profesionales\/"},"wordCount":793,"commentCount":0,"publisher":{"@id":"https:\/\/webdelmaestrocmf.com\/portal\/#organization"},"image":{"@id":"https:\/\/webdelmaestrocmf.com\/portal\/rolando-arellano-los-jovenes-de-hoy-son-tres-veces-mas-profesionales\/#primaryimage"},"thumbnailUrl":"https:\/\/webdelmaestrocmf.com\/portal\/wp-content\/uploads\/2025\/11\/rolagvfs.jpg","keywords":["AGRADECIMIENTO","educaci\u00f3n","ESFUERZO","formaci\u00f3n","futuro","j\u00f3venes","meritocracia","OPORTUNIDADES","padres","profesionalizaci\u00f3n","RESPETO","sociedad","valores"],"articleSection":["Entrevistas","Noticias"],"inLanguage":"es","potentialAction":[{"@type":"CommentAction","name":"Comment","target":["https:\/\/webdelmaestrocmf.com\/portal\/rolando-arellano-los-jovenes-de-hoy-son-tres-veces-mas-profesionales\/#respond"]}]},{"@type":"WebPage","@id":"https:\/\/webdelmaestrocmf.com\/portal\/rolando-arellano-los-jovenes-de-hoy-son-tres-veces-mas-profesionales\/","url":"https:\/\/webdelmaestrocmf.com\/portal\/rolando-arellano-los-jovenes-de-hoy-son-tres-veces-mas-profesionales\/","name":"Rolando Arellano: los j\u00f3venes de hoy son tres veces m\u00e1s profesionales - 2026","isPartOf":{"@id":"https:\/\/webdelmaestrocmf.com\/portal\/#website"},"primaryImageOfPage":{"@id":"https:\/\/webdelmaestrocmf.com\/portal\/rolando-arellano-los-jovenes-de-hoy-son-tres-veces-mas-profesionales\/#primaryimage"},"image":{"@id":"https:\/\/webdelmaestrocmf.com\/portal\/rolando-arellano-los-jovenes-de-hoy-son-tres-veces-mas-profesionales\/#primaryimage"},"thumbnailUrl":"https:\/\/webdelmaestrocmf.com\/portal\/wp-content\/uploads\/2025\/11\/rolagvfs.jpg","datePublished":"2025-11-21T03:41:36+00:00","dateModified":"2025-11-21T18:19:21+00:00","description":"Rolando Arellano Cueva\u00a0es uno de los m\u00e1s reconocidos expertos en marketing para pa\u00edses en desarrollo. Doctor en Administraci\u00f3n...","breadcrumb":{"@id":"https:\/\/webdelmaestrocmf.com\/portal\/rolando-arellano-los-jovenes-de-hoy-son-tres-veces-mas-profesionales\/#breadcrumb"},"inLanguage":"es","potentialAction":[{"@type":"ReadAction","target":["https:\/\/webdelmaestrocmf.com\/portal\/rolando-arellano-los-jovenes-de-hoy-son-tres-veces-mas-profesionales\/"]}]},{"@type":"ImageObject","inLanguage":"es","@id":"https:\/\/webdelmaestrocmf.com\/portal\/rolando-arellano-los-jovenes-de-hoy-son-tres-veces-mas-profesionales\/#primaryimage","url":"https:\/\/webdelmaestrocmf.com\/portal\/wp-content\/uploads\/2025\/11\/rolagvfs.jpg","contentUrl":"https:\/\/webdelmaestrocmf.com\/portal\/wp-content\/uploads\/2025\/11\/rolagvfs.jpg","width":1000,"height":667},{"@type":"BreadcrumbList","@id":"https:\/\/webdelmaestrocmf.com\/portal\/rolando-arellano-los-jovenes-de-hoy-son-tres-veces-mas-profesionales\/#breadcrumb","itemListElement":[{"@type":"ListItem","position":1,"name":"Portada","item":"https:\/\/webdelmaestrocmf.com\/portal\/"},{"@type":"ListItem","position":2,"name":"Noticias","item":"https:\/\/webdelmaestrocmf.com\/portal\/category\/noticias\/"},{"@type":"ListItem","position":3,"name":"Rolando Arellano: los j\u00f3venes de hoy son tres veces m\u00e1s profesionales"}]},{"@type":"WebSite","@id":"https:\/\/webdelmaestrocmf.com\/portal\/#website","url":"https:\/\/webdelmaestrocmf.com\/portal\/","name":"Web del Maestro CMF","description":"Maestros al servicio de la educaci\u00f3n","publisher":{"@id":"https:\/\/webdelmaestrocmf.com\/portal\/#organization"},"alternateName":"WMCMF","potentialAction":[{"@type":"SearchAction","target":{"@type":"EntryPoint","urlTemplate":"https:\/\/webdelmaestrocmf.com\/portal\/?s={search_term_string}"},"query-input":{"@type":"PropertyValueSpecification","valueRequired":true,"valueName":"search_term_string"}}],"inLanguage":"es"},{"@type":"Organization","@id":"https:\/\/webdelmaestrocmf.com\/portal\/#organization","name":"Web del Maestro CMF","alternateName":"WMCMF","url":"https:\/\/webdelmaestrocmf.com\/portal\/","logo":{"@type":"ImageObject","inLanguage":"es","@id":"https:\/\/webdelmaestrocmf.com\/portal\/#\/schema\/logo\/image\/","url":"https:\/\/webdelmaestrocmf.com\/portal\/wp-content\/uploads\/2023\/01\/logo-wmcmf-2.png","contentUrl":"https:\/\/webdelmaestrocmf.com\/portal\/wp-content\/uploads\/2023\/01\/logo-wmcmf-2.png","width":200,"height":60,"caption":"Web del Maestro CMF"},"image":{"@id":"https:\/\/webdelmaestrocmf.com\/portal\/#\/schema\/logo\/image\/"},"sameAs":["https:\/\/www.facebook.com\/WebdelMaestroCMF\/","https:\/\/x.com\/cmf_w","https:\/\/www.pinterest.com\/WMCMF\/","https:\/\/www.linkedin.com\/company\/web-del-maestro-cmf\/","https:\/\/www.instagram.com\/wmcmf\/","https:\/\/www.youtube.com\/channel\/UCDPSvjbdodE5sHnC3OxutHw","https:\/\/mastodon.social\/@wmcmf","https:\/\/www.tiktok.com\/@webdelmaestrocmf"]},{"@type":"Person","@id":"https:\/\/webdelmaestrocmf.com\/portal\/#\/schema\/person\/1072a2ed7bd960df8ef99a551fa35dc5","name":"Web del Maestro CMF","image":{"@type":"ImageObject","inLanguage":"es","@id":"https:\/\/secure.gravatar.com\/avatar\/23291dd5b5ae1077dcff3dbb04c3e02bd28403fa75af6d8787d5e97c5bbbe30b?s=96&d=mm&r=g","url":"https:\/\/secure.gravatar.com\/avatar\/23291dd5b5ae1077dcff3dbb04c3e02bd28403fa75af6d8787d5e97c5bbbe30b?s=96&d=mm&r=g","contentUrl":"https:\/\/secure.gravatar.com\/avatar\/23291dd5b5ae1077dcff3dbb04c3e02bd28403fa75af6d8787d5e97c5bbbe30b?s=96&d=mm&r=g","caption":"Web del Maestro CMF"},"description":"Esta Web se cre\u00f3 sin fines de lucro, con fines educativos, cient\u00edficos y acad\u00e9micos, para personas que tengan dificultades y\/o inconvenientes en visualizar el material original. El objetivo es entregar recursos, compartir experiencias y materiales que ayuden a los padres de familia, maestros y estudiantes en su actualizaci\u00f3n y formaci\u00f3n permanente, en bien de la Educaci\u00f3n.","sameAs":["http:\/\/webdelmaestrocmf.com\/portal","https:\/\/www.facebook.com\/WebdelMaestroCMF\/","https:\/\/www.instagram.com\/wmcmf\/","https:\/\/cl.linkedin.com\/company\/web-del-maestro-cmf","https:\/\/www.pinterest.com\/WMCMF\/publicaciones\/","https:\/\/x.com\/cmf_w","https:\/\/www.youtube.com\/@WMCMF"]}]}},"jetpack_featured_media_url":"https:\/\/webdelmaestrocmf.com\/portal\/wp-content\/uploads\/2025\/11\/rolagvfs.jpg","jetpack_sharing_enabled":true,"jetpack-related-posts":[{"id":65135,"url":"https:\/\/webdelmaestrocmf.com\/portal\/victor-vallejo-un-colegio-no-lo-debe-dirigir-una-persona-sino-un-equipo\/","url_meta":{"origin":113550,"position":0},"title":"Eric Mazur: Los j\u00f3venes quieren la respuesta para pasar el examen","author":"Web del Maestro CMF","date":"12 julio, 2021","format":false,"excerpt":"Eric Mazur naci\u00f3 en Holanda en 1954. Estudi\u00f3 f\u00edsica y astronom\u00eda en la Universidad de Leiden, donde se doctor\u00f3. Obtuvo su postdoctorado en la Universidad de Harvard, donde empez\u00f3 a ense\u00f1ar en 1984. Actualmente es Balkanski Professor de F\u00edsica y F\u00edsica Aplicada, tanto en la escuela John A. Paulson de\u2026","rel":"","context":"En \u00abEntrevistas\u00bb","block_context":{"text":"Entrevistas","link":"https:\/\/webdelmaestrocmf.com\/portal\/category\/noticias\/entrevistas\/"},"img":{"alt_text":"","src":"https:\/\/i0.wp.com\/webdelmaestrocmf.com\/portal\/wp-content\/uploads\/2021\/07\/2-2.jpg?resize=350%2C200&ssl=1","width":350,"height":200,"srcset":"https:\/\/i0.wp.com\/webdelmaestrocmf.com\/portal\/wp-content\/uploads\/2021\/07\/2-2.jpg?resize=350%2C200&ssl=1 1x, https:\/\/i0.wp.com\/webdelmaestrocmf.com\/portal\/wp-content\/uploads\/2021\/07\/2-2.jpg?resize=525%2C300&ssl=1 1.5x, https:\/\/i0.wp.com\/webdelmaestrocmf.com\/portal\/wp-content\/uploads\/2021\/07\/2-2.jpg?resize=700%2C400&ssl=1 2x, https:\/\/i0.wp.com\/webdelmaestrocmf.com\/portal\/wp-content\/uploads\/2021\/07\/2-2.jpg?resize=1050%2C600&ssl=1 3x"},"classes":[]},{"id":41868,"url":"https:\/\/webdelmaestrocmf.com\/portal\/los-politicos-no-deben-ganar-mas-de-lo-que-gana-un-profesor-y-deberian-usar-los-servicios-de-salud-y-el-sistema-educativo-del-estado\/","url_meta":{"origin":113550,"position":1},"title":"Si los docentes ganasen bien, \u00bflos pol\u00edticos postular\u00edan al magisterio?","author":"Web del Maestro CMF","date":"4 julio, 2025","format":false,"excerpt":"Es el m\u00e1s querido de los profesionales y el peor pagado","rel":"","context":"En \u00abEconom\u00eda\u00bb","block_context":{"text":"Econom\u00eda","link":"https:\/\/webdelmaestrocmf.com\/portal\/category\/pedagogia\/economia\/"},"img":{"alt_text":"","src":"https:\/\/i0.wp.com\/webdelmaestrocmf.com\/portal\/wp-content\/uploads\/2019\/11\/1A-Banner-1-portada-imagen-10-1-2.jpg?resize=350%2C200&ssl=1","width":350,"height":200,"srcset":"https:\/\/i0.wp.com\/webdelmaestrocmf.com\/portal\/wp-content\/uploads\/2019\/11\/1A-Banner-1-portada-imagen-10-1-2.jpg?resize=350%2C200&ssl=1 1x, https:\/\/i0.wp.com\/webdelmaestrocmf.com\/portal\/wp-content\/uploads\/2019\/11\/1A-Banner-1-portada-imagen-10-1-2.jpg?resize=525%2C300&ssl=1 1.5x, https:\/\/i0.wp.com\/webdelmaestrocmf.com\/portal\/wp-content\/uploads\/2019\/11\/1A-Banner-1-portada-imagen-10-1-2.jpg?resize=700%2C400&ssl=1 2x"},"classes":[]},{"id":113384,"url":"https:\/\/webdelmaestrocmf.com\/portal\/hanna-bjorg-vilhjalmsdottir-educar-en-igualdad-desde-la-infancia-por-que-hay-que-hablar-de-pornografia-a-los-11-anos\/","url_meta":{"origin":113550,"position":2},"title":"Hanna Bj\u00f6rg Vilhj\u00e1lmsd\u00f3ttir\u00a0: Educar en igualdad desde la infancia. \u00bfPor qu\u00e9 hay que hablar de pornograf\u00eda a los 11 a\u00f1os?","author":"Web del Maestro CMF","date":"10 noviembre, 2025","format":false,"excerpt":"La profesora islandesa Hanna Bj\u00f6rg Vilhj\u00e1lmsd\u00f3ttir defiende educar en igualdad desde la infancia y hablar del porno cuando los ni\u00f1os empiezan a verlo.","rel":"","context":"En \u00abEntrevistas\u00bb","block_context":{"text":"Entrevistas","link":"https:\/\/webdelmaestrocmf.com\/portal\/category\/noticias\/entrevistas\/"},"img":{"alt_text":"","src":"https:\/\/i0.wp.com\/webdelmaestrocmf.com\/portal\/wp-content\/uploads\/2025\/11\/1A-Banner-1-portada-imagen-10-1-copia-3-1.webp?resize=350%2C200&ssl=1","width":350,"height":200,"srcset":"https:\/\/i0.wp.com\/webdelmaestrocmf.com\/portal\/wp-content\/uploads\/2025\/11\/1A-Banner-1-portada-imagen-10-1-copia-3-1.webp?resize=350%2C200&ssl=1 1x, https:\/\/i0.wp.com\/webdelmaestrocmf.com\/portal\/wp-content\/uploads\/2025\/11\/1A-Banner-1-portada-imagen-10-1-copia-3-1.webp?resize=525%2C300&ssl=1 1.5x, https:\/\/i0.wp.com\/webdelmaestrocmf.com\/portal\/wp-content\/uploads\/2025\/11\/1A-Banner-1-portada-imagen-10-1-copia-3-1.webp?resize=700%2C400&ssl=1 2x"},"classes":[]},{"id":105103,"url":"https:\/\/webdelmaestrocmf.com\/portal\/planeacion-huerto-escolar\/","url_meta":{"origin":113550,"position":3},"title":"Planeaci\u00f3n: Huerto escolar","author":"Web del Maestro CMF","date":"24 abril, 2024","format":false,"excerpt":"Imagina un espacio verde dentro del patio escolar, donde los estudiantes no solo juegan, sino que tambi\u00e9n se convierten en peque\u00f1os agricultores. Un lugar donde se siembra conocimiento, se cosecha salud y se florece el respeto por el medio ambiente. \u00a1Ese es el huerto escolar! Al final del art\u00edculo puede\u2026","rel":"","context":"En \u00abHuertos\u00bb","block_context":{"text":"Huertos","link":"https:\/\/webdelmaestrocmf.com\/portal\/category\/pedagogia\/huertos\/"},"img":{"alt_text":"","src":"https:\/\/i0.wp.com\/webdelmaestrocmf.com\/portal\/wp-content\/uploads\/2024\/04\/Banner-1-portada-imagen-10-1-35.jpg?resize=350%2C200&ssl=1","width":350,"height":200,"srcset":"https:\/\/i0.wp.com\/webdelmaestrocmf.com\/portal\/wp-content\/uploads\/2024\/04\/Banner-1-portada-imagen-10-1-35.jpg?resize=350%2C200&ssl=1 1x, https:\/\/i0.wp.com\/webdelmaestrocmf.com\/portal\/wp-content\/uploads\/2024\/04\/Banner-1-portada-imagen-10-1-35.jpg?resize=525%2C300&ssl=1 1.5x, https:\/\/i0.wp.com\/webdelmaestrocmf.com\/portal\/wp-content\/uploads\/2024\/04\/Banner-1-portada-imagen-10-1-35.jpg?resize=700%2C400&ssl=1 2x"},"classes":[]},{"id":57088,"url":"https:\/\/webdelmaestrocmf.com\/portal\/jaime-saavedra-no-podemos-pretender-que-el-mismo-trabajo-academico-en-la-escuela-se-pueda-replicar-en-la-casa\/","url_meta":{"origin":113550,"position":4},"title":"Jaime Saavedra: No podemos pretender que el mismo trabajo acad\u00e9mico en la escuela se pueda replicar en la casa","author":"Web del Maestro CMF","date":"6 enero, 2021","format":false,"excerpt":"El economista peruano Jaime Saavedra Chanduv\u00ed (1964), tiene un PhD. en Econom\u00eda de la Universidad de Columbia y es bachiller en Econom\u00eda de la Pontificia Universidad Cat\u00f3lica del Per\u00fa. Se ha desempe\u00f1ado como docente en la Pontificia Universidad Cat\u00f3lica del Per\u00fa, la Universidad del Pac\u00edfico de Per\u00fa, y la Universidad\u2026","rel":"","context":"En \u00abEntrevistas\u00bb","block_context":{"text":"Entrevistas","link":"https:\/\/webdelmaestrocmf.com\/portal\/category\/noticias\/entrevistas\/"},"img":{"alt_text":"","src":"https:\/\/i0.wp.com\/webdelmaestrocmf.com\/portal\/wp-content\/uploads\/2021\/01\/2-copia.jpg?resize=350%2C200&ssl=1","width":350,"height":200,"srcset":"https:\/\/i0.wp.com\/webdelmaestrocmf.com\/portal\/wp-content\/uploads\/2021\/01\/2-copia.jpg?resize=350%2C200&ssl=1 1x, https:\/\/i0.wp.com\/webdelmaestrocmf.com\/portal\/wp-content\/uploads\/2021\/01\/2-copia.jpg?resize=525%2C300&ssl=1 1.5x, https:\/\/i0.wp.com\/webdelmaestrocmf.com\/portal\/wp-content\/uploads\/2021\/01\/2-copia.jpg?resize=700%2C400&ssl=1 2x, https:\/\/i0.wp.com\/webdelmaestrocmf.com\/portal\/wp-content\/uploads\/2021\/01\/2-copia.jpg?resize=1050%2C600&ssl=1 3x"},"classes":[]},{"id":52263,"url":"https:\/\/webdelmaestrocmf.com\/portal\/silvia-paredes-creo-que-no-se-puede-evaluar-todo-porque-no-se-puede-ensenar-todo-en-la-virtualidad\/","url_meta":{"origin":113550,"position":5},"title":"Silvia Paredes: Creo que no se puede evaluar todo porque no se puede ense\u00f1ar todo en la virtualidad","author":"Web del Maestro CMF","date":"28 septiembre, 2020","format":false,"excerpt":"La pandemia de enfermedad por coronavirus (COVID-19) ha provocado una crisis sin precedentes en todos los \u00e1mbitos, y son muchos los que reconocen ya la enorme p\u00e9rdida de vidas humanas, cambios muy profundos en la vida familiar, calamidades sanitarias que ponen al descubierto el poco valor de la vida humana\u2026","rel":"","context":"En \u00abEntrevistas\u00bb","block_context":{"text":"Entrevistas","link":"https:\/\/webdelmaestrocmf.com\/portal\/category\/noticias\/entrevistas\/"},"img":{"alt_text":"","src":"https:\/\/i0.wp.com\/webdelmaestrocmf.com\/portal\/wp-content\/uploads\/2020\/09\/2-copia-6.jpg?resize=350%2C200&ssl=1","width":350,"height":200,"srcset":"https:\/\/i0.wp.com\/webdelmaestrocmf.com\/portal\/wp-content\/uploads\/2020\/09\/2-copia-6.jpg?resize=350%2C200&ssl=1 1x, https:\/\/i0.wp.com\/webdelmaestrocmf.com\/portal\/wp-content\/uploads\/2020\/09\/2-copia-6.jpg?resize=525%2C300&ssl=1 1.5x, https:\/\/i0.wp.com\/webdelmaestrocmf.com\/portal\/wp-content\/uploads\/2020\/09\/2-copia-6.jpg?resize=700%2C400&ssl=1 2x, https:\/\/i0.wp.com\/webdelmaestrocmf.com\/portal\/wp-content\/uploads\/2020\/09\/2-copia-6.jpg?resize=1050%2C600&ssl=1 3x"},"classes":[]}],"_links":{"self":[{"href":"https:\/\/webdelmaestrocmf.com\/portal\/wp-json\/wp\/v2\/posts\/113550","targetHints":{"allow":["GET"]}}],"collection":[{"href":"https:\/\/webdelmaestrocmf.com\/portal\/wp-json\/wp\/v2\/posts"}],"about":[{"href":"https:\/\/webdelmaestrocmf.com\/portal\/wp-json\/wp\/v2\/types\/post"}],"author":[{"embeddable":true,"href":"https:\/\/webdelmaestrocmf.com\/portal\/wp-json\/wp\/v2\/users\/1"}],"replies":[{"embeddable":true,"href":"https:\/\/webdelmaestrocmf.com\/portal\/wp-json\/wp\/v2\/comments?post=113550"}],"version-history":[{"count":1,"href":"https:\/\/webdelmaestrocmf.com\/portal\/wp-json\/wp\/v2\/posts\/113550\/revisions"}],"predecessor-version":[{"id":113552,"href":"https:\/\/webdelmaestrocmf.com\/portal\/wp-json\/wp\/v2\/posts\/113550\/revisions\/113552"}],"wp:featuredmedia":[{"embeddable":true,"href":"https:\/\/webdelmaestrocmf.com\/portal\/wp-json\/wp\/v2\/media\/113554"}],"wp:attachment":[{"href":"https:\/\/webdelmaestrocmf.com\/portal\/wp-json\/wp\/v2\/media?parent=113550"}],"wp:term":[{"taxonomy":"category","embeddable":true,"href":"https:\/\/webdelmaestrocmf.com\/portal\/wp-json\/wp\/v2\/categories?post=113550"},{"taxonomy":"post_tag","embeddable":true,"href":"https:\/\/webdelmaestrocmf.com\/portal\/wp-json\/wp\/v2\/tags?post=113550"}],"curies":[{"name":"wp","href":"https:\/\/api.w.org\/{rel}","templated":true}]}}