{"id":113491,"date":"2025-11-14T16:13:31","date_gmt":"2025-11-14T19:13:31","guid":{"rendered":"https:\/\/webdelmaestrocmf.com\/portal\/?p=113491"},"modified":"2025-11-14T16:32:12","modified_gmt":"2025-11-14T19:32:12","slug":"dinamarca-aprueba-una-ley-historica-que-limita-el-acceso-a-redes-sociales-para-menores-de-15-anos","status":"publish","type":"post","link":"https:\/\/webdelmaestrocmf.com\/portal\/dinamarca-aprueba-una-ley-historica-que-limita-el-acceso-a-redes-sociales-para-menores-de-15-anos\/","title":{"rendered":"Dinamarca aprueba una ley hist\u00f3rica que limita el acceso a redes sociales para menores de 15 a\u00f1os"},"content":{"rendered":"\n<p>El Parlamento de Dinamarca dio un paso decisivo en materia de protecci\u00f3n infantil al aprobar una nueva ley que restringe el acceso de los menores de 15 a\u00f1os a redes sociales como TikTok, Instagram, Snapchat y YouTube. La norma establece que solo los adolescentes de 13 y 14 a\u00f1os podr\u00e1n usar estas plataformas si cuentan con autorizaci\u00f3n expl\u00edcita de sus padres. Con esta medida, el pa\u00eds n\u00f3rdico busca frenar el deterioro de la salud mental juvenil relacionado con el uso excesivo de entornos digitales.<\/p>\n\n\n\n<p>La iniciativa fue impulsada directamente por la primera ministra Mette Frederiksen tras su discurso de apertura del Congreso, donde pidi\u00f3 endurecer las reglas ante la creciente preocupaci\u00f3n por el bienestar emocional de ni\u00f1os y adolescentes. Su posici\u00f3n fue respaldada por la ministra de Digitalizaci\u00f3n, Caroline Stage Olsen, quien afirm\u00f3 con contundencia: <em>\u201cLas llamadas redes sociales prosperan robando el tiempo, la infancia y el bienestar de nuestros hijos, y vamos a poner fin a eso ahora\u201d<\/em>.<\/p>\n\n\n\n<h2 class=\"wp-block-heading\"><strong>Un proyecto con amplio apoyo pol\u00edtico<\/strong><\/h2>\n\n\n\n<p>La propuesta legislativa obtuvo un fuerte respaldo dentro del Parlamento dan\u00e9s, donde la mayor\u00eda de los partidos manifest\u00f3 su disposici\u00f3n a aprobarla formalmente en los pr\u00f3ximos d\u00edas. El medio \u00c1mbito confirm\u00f3 que existe un consenso transversal respecto a la urgencia de regular la presencia digital de los menores, especialmente considerando la alta penetraci\u00f3n de redes sociales en el pa\u00eds.<\/p>\n\n\n\n<p>Datos oficiales del gobierno revelan que <strong>el 94% de los menores de 13 a\u00f1os ya posee al menos un perfil en redes<\/strong>, a pesar de que la edad m\u00ednima de acceso en la mayor\u00eda de plataformas es de 13 a\u00f1os. Adem\u00e1s, aplicaciones como Snapchat, YouTube, Instagram y TikTok se encuentran entre las m\u00e1s utilizadas por ni\u00f1os y adolescentes daneses.<\/p>\n\n\n\n<p>Un informe presentado en febrero por la Autoridad Danesa de Competencia y Consumo agreg\u00f3 m\u00e1s se\u00f1ales de alerta: los j\u00f3venes del pa\u00eds dedican en promedio <strong>2 horas y 40 minutos diarios<\/strong> a las redes sociales. Esta cifra encendi\u00f3 las alarmas de instituciones p\u00fablicas y especialistas en salud mental, quienes advirtieron sobre el aumento de casos de ansiedad, trastornos del sue\u00f1o, dependencia digital y disminuci\u00f3n del bienestar psicol\u00f3gico.<\/p>\n\n\n\n<h2 class=\"wp-block-heading\"><strong>Medidas complementarias y sanciones severas<\/strong><\/h2>\n\n\n\n<p>La nueva legislaci\u00f3n no solo establece l\u00edmites de edad, sino que tambi\u00e9n incorpora un paquete de medidas complementarias que incluyen campa\u00f1as educativas, un fondo estatal de 24 millones de d\u00f3lares destinado a iniciativas de protecci\u00f3n digital infantil y la posibilidad de imponer multas de hasta el 6% de los ingresos globales a las plataformas que incumplan la norma. El objetivo es asegurar que empresas como Meta, Google, ByteDance y Snap respeten las nuevas disposiciones.<\/p>\n\n\n\n<h2 class=\"wp-block-heading\"><strong>Un movimiento global en expansi\u00f3n<\/strong><\/h2>\n\n\n\n<p>Con esta legislaci\u00f3n, Dinamarca se convierte en uno de los primeros pa\u00edses europeos en fijar una edad m\u00ednima legal para el uso de redes sociales, siguiendo la senda marcada por Australia, que ya proh\u00edbe el acceso a estas plataformas a menores de 16 a\u00f1os. Las pol\u00edticas danesas podr\u00edan influir en futuras decisiones de otros gobiernos, especialmente en un contexto donde la protecci\u00f3n de la salud mental juvenil se ha convertido en un tema prioritario a nivel mundial.<\/p>\n\n\n\n<p>La aprobaci\u00f3n de esta ley es un mensaje claro: los Estados comienzan a asumir un rol m\u00e1s activo frente al impacto de la tecnolog\u00eda en la infancia. Para algunos sectores, la medida representa un avance urgente y necesario; para otros, un debate abierto sobre libertad digital y supervisi\u00f3n gubernamental. Lo cierto es que Dinamarca ha encendido una luz que muchos pa\u00edses observan con atenci\u00f3n.<\/p>\n\n\n\n<p class=\"has-text-align-right\"><strong>Redacci\u00f3n | Web del Maestro CMF<\/strong><\/p>\n\n\n\t\t<div class=\"pk-inline-posts\">\n\t\t\t\n\t\t\t<div class=\"pk-inline-posts-container pk-inline-posts-template-list\"\n\t\t\t\tdata-columns=\"1\">\n\t\t\t\t\t\t<article id=\"post-118505\" class=\"post-118505 post type-post status-publish format-standard has-post-thumbnail category-noticias-internacionales tag-acoso-laboral-docente tag-clima-laboral-educativo tag-denuncia-laboral tag-derechos-laborales-docentes tag-ley-karin tag-maltrato-en-escuelas tag-salud-mental-docente tag-sistema-educativo-crisis tag-violencia-en-escuelas cs-entry cs-video-wrap\">\n\t\t\t<div class=\"pk-post-outer\">\n\n\t\t\t\t\t\t\t\t<div class=\"pk-post-inner\">\n\t\t\t\t\t<div class=\"entry-thumbnail\">\n\t\t\t\t\t\t<div class=\"pk-overlay pk-overlay-ratio pk-ratio-landscape\">\n\t\t\t\t\t\t\t<div class=\"pk-overlay-background\">\n\t\t\t\t\t\t\t\t<a href=\"https:\/\/webdelmaestrocmf.com\/portal\/maestra-consulta-que-hacer-tras-sufrir-acoso-laboral-por-parte-de-una-profesora-y-directora-teme-denunciar-y-quedar-vetada-de-por-vida-como-se-debe-de-proceder-en-estos-casos\/\" class=\"pk-overlay-link\">\n\t\t\t\t\t\t\t\t\t<img loading=\"lazy\" decoding=\"async\" width=\"300\" height=\"225\" src=\"https:\/\/webdelmaestrocmf.com\/portal\/wp-content\/uploads\/2026\/04\/1AA-Banner-1-portada-imagen-10-1-copia-4-4-300x225.webp\" class=\"attachment-pk-thumbnail size-pk-thumbnail wp-post-image\" alt=\"\" \/>\t\t\t\t\t\t\t\t<\/a>\n\t\t\t\t\t\t\t<\/div>\n\t\t\t\t\t\t<\/div>\n\t\t\t\t\t<\/div>\n\t\t\t\t<\/div>\n\t\t\t\t\n\t\t\t\t<div class=\"pk-post-inner\">\n\t\t\t\t\t<header>\n\t\t\t\t\t\t<h3 class=\"pk-title\"><a href=\"https:\/\/webdelmaestrocmf.com\/portal\/maestra-consulta-que-hacer-tras-sufrir-acoso-laboral-por-parte-de-una-profesora-y-directora-teme-denunciar-y-quedar-vetada-de-por-vida-como-se-debe-de-proceder-en-estos-casos\/\" rel=\"bookmark\">Maestra consulta qu\u00e9 hacer tras sufrir acoso laboral por parte de una profesora y directora, teme denunciar y quedar vetada de por vida \u00bfC\u00f3mo se debe de proceder en estos casos?<\/a><\/h3>\t\t\t\t\t<\/header><!-- .entry-header -->\n\t\t\t\t<\/div><!-- .post-inner -->\n\n\t\t\t<\/div><!-- .post-outer -->\n\t\t<\/article>\n\t\t\t<article id=\"post-118473\" class=\"post-118473 post type-post status-publish format-standard has-post-thumbnail category-noticias-internacionales tag-convivencia tag-docentes tag-educacion-3 tag-gestion-escolar-2 tag-protocolos tag-salud-mental tag-seguridad-escolar tag-simulacros tag-violencia-escolar cs-entry cs-video-wrap\">\n\t\t\t<div class=\"pk-post-outer\">\n\n\t\t\t\t\t\t\t\t<div class=\"pk-post-inner\">\n\t\t\t\t\t<div class=\"entry-thumbnail\">\n\t\t\t\t\t\t<div class=\"pk-overlay pk-overlay-ratio pk-ratio-landscape\">\n\t\t\t\t\t\t\t<div class=\"pk-overlay-background\">\n\t\t\t\t\t\t\t\t<a href=\"https:\/\/webdelmaestrocmf.com\/portal\/se-confirma-que-habra-simulacros-de-tiroteos-en-las-escuelas\/\" class=\"pk-overlay-link\">\n\t\t\t\t\t\t\t\t\t<img loading=\"lazy\" decoding=\"async\" width=\"300\" height=\"225\" src=\"https:\/\/webdelmaestrocmf.com\/portal\/wp-content\/uploads\/2026\/04\/1AA-Banner-1-portada-imagen-10-1-copia-1-11-300x225.webp\" class=\"attachment-pk-thumbnail size-pk-thumbnail wp-post-image\" alt=\"\" \/>\t\t\t\t\t\t\t\t<\/a>\n\t\t\t\t\t\t\t<\/div>\n\t\t\t\t\t\t<\/div>\n\t\t\t\t\t<\/div>\n\t\t\t\t<\/div>\n\t\t\t\t\n\t\t\t\t<div class=\"pk-post-inner\">\n\t\t\t\t\t<header>\n\t\t\t\t\t\t<h3 class=\"pk-title\"><a href=\"https:\/\/webdelmaestrocmf.com\/portal\/se-confirma-que-habra-simulacros-de-tiroteos-en-las-escuelas\/\" rel=\"bookmark\">Se confirma que habr\u00e1 simulacros de tiroteos en las escuelas<\/a><\/h3>\t\t\t\t\t<\/header><!-- .entry-header -->\n\t\t\t\t<\/div><!-- .post-inner -->\n\n\t\t\t<\/div><!-- .post-outer -->\n\t\t<\/article>\n\t\t\t<article id=\"post-118464\" class=\"post-118464 post type-post status-publish format-standard has-post-thumbnail category-noticias-internacionales tag-aula tag-convivencia-escolar tag-disciplina tag-docentes tag-educacion-3 tag-estudiantes tag-gestion-educativa-3 tag-normativa tag-pedagogia-3 tag-violencia-escolar cs-entry cs-video-wrap\">\n\t\t\t<div class=\"pk-post-outer\">\n\n\t\t\t\t\t\t\t\t<div class=\"pk-post-inner\">\n\t\t\t\t\t<div class=\"entry-thumbnail\">\n\t\t\t\t\t\t<div class=\"pk-overlay pk-overlay-ratio pk-ratio-landscape\">\n\t\t\t\t\t\t\t<div class=\"pk-overlay-background\">\n\t\t\t\t\t\t\t\t<a href=\"https:\/\/webdelmaestrocmf.com\/portal\/peru-pone-limites-estudiantes-violentos-podrian-salir-del-aula-presencial-y-pasar-a-otra-modalidad-educativa\/\" class=\"pk-overlay-link\">\n\t\t\t\t\t\t\t\t\t<img loading=\"lazy\" decoding=\"async\" width=\"300\" height=\"225\" src=\"https:\/\/webdelmaestrocmf.com\/portal\/wp-content\/uploads\/2026\/04\/1AA-Banner-1-portada-imagen-10-1-copia-38-300x225.webp\" class=\"attachment-pk-thumbnail size-pk-thumbnail wp-post-image\" alt=\"\" \/>\t\t\t\t\t\t\t\t<\/a>\n\t\t\t\t\t\t\t<\/div>\n\t\t\t\t\t\t<\/div>\n\t\t\t\t\t<\/div>\n\t\t\t\t<\/div>\n\t\t\t\t\n\t\t\t\t<div class=\"pk-post-inner\">\n\t\t\t\t\t<header>\n\t\t\t\t\t\t<h3 class=\"pk-title\"><a href=\"https:\/\/webdelmaestrocmf.com\/portal\/peru-pone-limites-estudiantes-violentos-podrian-salir-del-aula-presencial-y-pasar-a-otra-modalidad-educativa\/\" rel=\"bookmark\">Per\u00fa pone l\u00edmites: estudiantes violentos podr\u00edan salir del aula presencial y pasar a otra modalidad educativa<\/a><\/h3>\t\t\t\t\t<\/header><!-- .entry-header -->\n\t\t\t\t<\/div><!-- .post-inner -->\n\n\t\t\t<\/div><!-- .post-outer -->\n\t\t<\/article>\n\t\t\t\t<\/div>\n\t\t<\/div>\n\t\t\n","protected":false},"excerpt":{"rendered":"Dinamarca fija una edad m\u00ednima para redes sociales, priorizando la salud mental infantil y aplicando sanciones severas a plataformas que incumplan la ley.","protected":false},"author":1,"featured_media":113494,"comment_status":"open","ping_status":"closed","sticky":false,"template":"","format":"standard","meta":{"csco_display_header_overlay":false,"csco_singular_sidebar":"","csco_page_header_type":"","csco_page_load_nextpost":"","csco_post_video_location":[],"csco_post_video_location_hash":"","csco_post_video_url":"","csco_post_video_bg_start_time":0,"csco_post_video_bg_end_time":0,"csco_post_video_bg_volume":false,"_jetpack_memberships_contains_paid_content":false,"footnotes":""},"categories":[23790],"tags":[24436,2905,23787,24146,24048,3541,6003,903],"class_list":{"0":"post-113491","1":"post","2":"type-post","3":"status-publish","4":"format-standard","5":"has-post-thumbnail","7":"category-noticias-internacionales","8":"tag-15-anos","9":"tag-acceso","10":"tag-aprueba","11":"tag-dinamarca","12":"tag-historica","13":"tag-ley","14":"tag-menores","15":"tag-redes-sociales","16":"cs-entry","17":"cs-video-wrap"},"yoast_head":"<!-- This site is optimized with the Yoast SEO plugin v27.5 - https:\/\/yoast.com\/product\/yoast-seo-wordpress\/ -->\n<title>Dinamarca aprueba una ley hist\u00f3rica que limita el acceso a redes sociales para menores de 15 a\u00f1os - 2026<\/title>\n<meta name=\"description\" content=\"El Parlamento de Dinamarca dio un paso decisivo en materia de protecci\u00f3n infantil al aprobar una nueva ley que restringe el...\" \/>\n<meta name=\"robots\" content=\"index, follow, max-snippet:-1, max-image-preview:large, max-video-preview:-1\" \/>\n<link rel=\"canonical\" href=\"https:\/\/webdelmaestrocmf.com\/portal\/dinamarca-aprueba-una-ley-historica-que-limita-el-acceso-a-redes-sociales-para-menores-de-15-anos\/\" \/>\n<meta property=\"og:locale\" content=\"es_ES\" \/>\n<meta property=\"og:type\" content=\"article\" \/>\n<meta property=\"og:title\" content=\"Dinamarca aprueba una ley hist\u00f3rica que limita el acceso a redes sociales para menores de 15 a\u00f1os - 2026\" \/>\n<meta property=\"og:description\" content=\"El Parlamento de Dinamarca dio un paso decisivo en materia de protecci\u00f3n infantil al aprobar una nueva ley que restringe el...\" \/>\n<meta property=\"og:url\" content=\"https:\/\/webdelmaestrocmf.com\/portal\/dinamarca-aprueba-una-ley-historica-que-limita-el-acceso-a-redes-sociales-para-menores-de-15-anos\/\" \/>\n<meta property=\"og:site_name\" content=\"Web del Maestro CMF\" \/>\n<meta property=\"article:publisher\" content=\"https:\/\/www.facebook.com\/WebdelMaestroCMF\/\" \/>\n<meta property=\"article:author\" content=\"https:\/\/www.facebook.com\/WebdelMaestroCMF\/\" \/>\n<meta property=\"article:published_time\" content=\"2025-11-14T19:13:31+00:00\" \/>\n<meta property=\"article:modified_time\" content=\"2025-11-14T19:32:12+00:00\" \/>\n<meta property=\"og:image\" content=\"https:\/\/webdelmaestrocmf.com\/portal\/wp-content\/uploads\/2025\/11\/1A-Banner-1-portada-imagen-10-1-copia-13.webp\" \/>\n\t<meta property=\"og:image:width\" content=\"1000\" \/>\n\t<meta property=\"og:image:height\" content=\"667\" \/>\n\t<meta property=\"og:image:type\" content=\"image\/webp\" \/>\n<meta name=\"author\" content=\"Web del Maestro CMF\" \/>\n<meta name=\"twitter:card\" content=\"summary_large_image\" \/>\n<meta name=\"twitter:creator\" content=\"@cmf_w\" \/>\n<meta name=\"twitter:site\" content=\"@cmf_w\" \/>\n<script type=\"application\/ld+json\" class=\"yoast-schema-graph\">{\"@context\":\"https:\\\/\\\/schema.org\",\"@graph\":[{\"@type\":\"ScholarlyArticle\",\"@id\":\"https:\\\/\\\/webdelmaestrocmf.com\\\/portal\\\/dinamarca-aprueba-una-ley-historica-que-limita-el-acceso-a-redes-sociales-para-menores-de-15-anos\\\/#article\",\"isPartOf\":{\"@id\":\"https:\\\/\\\/webdelmaestrocmf.com\\\/portal\\\/dinamarca-aprueba-una-ley-historica-que-limita-el-acceso-a-redes-sociales-para-menores-de-15-anos\\\/\"},\"author\":{\"name\":\"Web del Maestro CMF\",\"@id\":\"https:\\\/\\\/webdelmaestrocmf.com\\\/portal\\\/#\\\/schema\\\/person\\\/1072a2ed7bd960df8ef99a551fa35dc5\"},\"headline\":\"Dinamarca aprueba una ley hist\u00f3rica que limita el acceso a redes sociales para menores de 15 a\u00f1os\",\"datePublished\":\"2025-11-14T19:13:31+00:00\",\"dateModified\":\"2025-11-14T19:32:12+00:00\",\"mainEntityOfPage\":{\"@id\":\"https:\\\/\\\/webdelmaestrocmf.com\\\/portal\\\/dinamarca-aprueba-una-ley-historica-que-limita-el-acceso-a-redes-sociales-para-menores-de-15-anos\\\/\"},\"wordCount\":647,\"commentCount\":0,\"publisher\":{\"@id\":\"https:\\\/\\\/webdelmaestrocmf.com\\\/portal\\\/#organization\"},\"image\":{\"@id\":\"https:\\\/\\\/webdelmaestrocmf.com\\\/portal\\\/dinamarca-aprueba-una-ley-historica-que-limita-el-acceso-a-redes-sociales-para-menores-de-15-anos\\\/#primaryimage\"},\"thumbnailUrl\":\"https:\\\/\\\/webdelmaestrocmf.com\\\/portal\\\/wp-content\\\/uploads\\\/2025\\\/11\\\/1A-Banner-1-portada-imagen-10-1-copia-13.webp\",\"keywords\":[\"15 a\u00f1os\",\"ACCESO\",\"aprueba\",\"Dinamarca\",\"hist\u00f3rica\",\"LEY\",\"menores\",\"redes sociales\"],\"articleSection\":[\"Noticias Internacionales\"],\"inLanguage\":\"es\",\"potentialAction\":[{\"@type\":\"CommentAction\",\"name\":\"Comment\",\"target\":[\"https:\\\/\\\/webdelmaestrocmf.com\\\/portal\\\/dinamarca-aprueba-una-ley-historica-que-limita-el-acceso-a-redes-sociales-para-menores-de-15-anos\\\/#respond\"]}]},{\"@type\":\"WebPage\",\"@id\":\"https:\\\/\\\/webdelmaestrocmf.com\\\/portal\\\/dinamarca-aprueba-una-ley-historica-que-limita-el-acceso-a-redes-sociales-para-menores-de-15-anos\\\/\",\"url\":\"https:\\\/\\\/webdelmaestrocmf.com\\\/portal\\\/dinamarca-aprueba-una-ley-historica-que-limita-el-acceso-a-redes-sociales-para-menores-de-15-anos\\\/\",\"name\":\"Dinamarca aprueba una ley hist\u00f3rica que limita el acceso a redes sociales para menores de 15 a\u00f1os - 2026\",\"isPartOf\":{\"@id\":\"https:\\\/\\\/webdelmaestrocmf.com\\\/portal\\\/#website\"},\"primaryImageOfPage\":{\"@id\":\"https:\\\/\\\/webdelmaestrocmf.com\\\/portal\\\/dinamarca-aprueba-una-ley-historica-que-limita-el-acceso-a-redes-sociales-para-menores-de-15-anos\\\/#primaryimage\"},\"image\":{\"@id\":\"https:\\\/\\\/webdelmaestrocmf.com\\\/portal\\\/dinamarca-aprueba-una-ley-historica-que-limita-el-acceso-a-redes-sociales-para-menores-de-15-anos\\\/#primaryimage\"},\"thumbnailUrl\":\"https:\\\/\\\/webdelmaestrocmf.com\\\/portal\\\/wp-content\\\/uploads\\\/2025\\\/11\\\/1A-Banner-1-portada-imagen-10-1-copia-13.webp\",\"datePublished\":\"2025-11-14T19:13:31+00:00\",\"dateModified\":\"2025-11-14T19:32:12+00:00\",\"description\":\"El Parlamento de Dinamarca dio un paso decisivo en materia de protecci\u00f3n infantil al aprobar una nueva ley que restringe el...\",\"breadcrumb\":{\"@id\":\"https:\\\/\\\/webdelmaestrocmf.com\\\/portal\\\/dinamarca-aprueba-una-ley-historica-que-limita-el-acceso-a-redes-sociales-para-menores-de-15-anos\\\/#breadcrumb\"},\"inLanguage\":\"es\",\"potentialAction\":[{\"@type\":\"ReadAction\",\"target\":[\"https:\\\/\\\/webdelmaestrocmf.com\\\/portal\\\/dinamarca-aprueba-una-ley-historica-que-limita-el-acceso-a-redes-sociales-para-menores-de-15-anos\\\/\"]}]},{\"@type\":\"ImageObject\",\"inLanguage\":\"es\",\"@id\":\"https:\\\/\\\/webdelmaestrocmf.com\\\/portal\\\/dinamarca-aprueba-una-ley-historica-que-limita-el-acceso-a-redes-sociales-para-menores-de-15-anos\\\/#primaryimage\",\"url\":\"https:\\\/\\\/webdelmaestrocmf.com\\\/portal\\\/wp-content\\\/uploads\\\/2025\\\/11\\\/1A-Banner-1-portada-imagen-10-1-copia-13.webp\",\"contentUrl\":\"https:\\\/\\\/webdelmaestrocmf.com\\\/portal\\\/wp-content\\\/uploads\\\/2025\\\/11\\\/1A-Banner-1-portada-imagen-10-1-copia-13.webp\",\"width\":1000,\"height\":667},{\"@type\":\"BreadcrumbList\",\"@id\":\"https:\\\/\\\/webdelmaestrocmf.com\\\/portal\\\/dinamarca-aprueba-una-ley-historica-que-limita-el-acceso-a-redes-sociales-para-menores-de-15-anos\\\/#breadcrumb\",\"itemListElement\":[{\"@type\":\"ListItem\",\"position\":1,\"name\":\"Portada\",\"item\":\"https:\\\/\\\/webdelmaestrocmf.com\\\/portal\\\/\"},{\"@type\":\"ListItem\",\"position\":2,\"name\":\"Noticias Internacionales\",\"item\":\"https:\\\/\\\/webdelmaestrocmf.com\\\/portal\\\/category\\\/noticias-internacionales\\\/\"},{\"@type\":\"ListItem\",\"position\":3,\"name\":\"Dinamarca aprueba una ley hist\u00f3rica que limita el acceso a redes sociales para menores de 15 a\u00f1os\"}]},{\"@type\":\"WebSite\",\"@id\":\"https:\\\/\\\/webdelmaestrocmf.com\\\/portal\\\/#website\",\"url\":\"https:\\\/\\\/webdelmaestrocmf.com\\\/portal\\\/\",\"name\":\"Web del Maestro CMF\",\"description\":\"Maestros al servicio de la educaci\u00f3n\",\"publisher\":{\"@id\":\"https:\\\/\\\/webdelmaestrocmf.com\\\/portal\\\/#organization\"},\"alternateName\":\"WMCMF\",\"potentialAction\":[{\"@type\":\"SearchAction\",\"target\":{\"@type\":\"EntryPoint\",\"urlTemplate\":\"https:\\\/\\\/webdelmaestrocmf.com\\\/portal\\\/?s={search_term_string}\"},\"query-input\":{\"@type\":\"PropertyValueSpecification\",\"valueRequired\":true,\"valueName\":\"search_term_string\"}}],\"inLanguage\":\"es\"},{\"@type\":\"Organization\",\"@id\":\"https:\\\/\\\/webdelmaestrocmf.com\\\/portal\\\/#organization\",\"name\":\"Web del Maestro CMF\",\"alternateName\":\"WMCMF\",\"url\":\"https:\\\/\\\/webdelmaestrocmf.com\\\/portal\\\/\",\"logo\":{\"@type\":\"ImageObject\",\"inLanguage\":\"es\",\"@id\":\"https:\\\/\\\/webdelmaestrocmf.com\\\/portal\\\/#\\\/schema\\\/logo\\\/image\\\/\",\"url\":\"https:\\\/\\\/webdelmaestrocmf.com\\\/portal\\\/wp-content\\\/uploads\\\/2023\\\/01\\\/logo-wmcmf-2.png\",\"contentUrl\":\"https:\\\/\\\/webdelmaestrocmf.com\\\/portal\\\/wp-content\\\/uploads\\\/2023\\\/01\\\/logo-wmcmf-2.png\",\"width\":200,\"height\":60,\"caption\":\"Web del Maestro CMF\"},\"image\":{\"@id\":\"https:\\\/\\\/webdelmaestrocmf.com\\\/portal\\\/#\\\/schema\\\/logo\\\/image\\\/\"},\"sameAs\":[\"https:\\\/\\\/www.facebook.com\\\/WebdelMaestroCMF\\\/\",\"https:\\\/\\\/x.com\\\/cmf_w\",\"https:\\\/\\\/www.pinterest.com\\\/WMCMF\\\/\",\"https:\\\/\\\/www.linkedin.com\\\/company\\\/web-del-maestro-cmf\\\/\",\"https:\\\/\\\/www.instagram.com\\\/wmcmf\\\/\",\"https:\\\/\\\/www.youtube.com\\\/channel\\\/UCDPSvjbdodE5sHnC3OxutHw\",\"https:\\\/\\\/mastodon.social\\\/@wmcmf\",\"https:\\\/\\\/www.tiktok.com\\\/@webdelmaestrocmf\"]},{\"@type\":\"Person\",\"@id\":\"https:\\\/\\\/webdelmaestrocmf.com\\\/portal\\\/#\\\/schema\\\/person\\\/1072a2ed7bd960df8ef99a551fa35dc5\",\"name\":\"Web del Maestro CMF\",\"image\":{\"@type\":\"ImageObject\",\"inLanguage\":\"es\",\"@id\":\"https:\\\/\\\/secure.gravatar.com\\\/avatar\\\/23291dd5b5ae1077dcff3dbb04c3e02bd28403fa75af6d8787d5e97c5bbbe30b?s=96&d=mm&r=g\",\"url\":\"https:\\\/\\\/secure.gravatar.com\\\/avatar\\\/23291dd5b5ae1077dcff3dbb04c3e02bd28403fa75af6d8787d5e97c5bbbe30b?s=96&d=mm&r=g\",\"contentUrl\":\"https:\\\/\\\/secure.gravatar.com\\\/avatar\\\/23291dd5b5ae1077dcff3dbb04c3e02bd28403fa75af6d8787d5e97c5bbbe30b?s=96&d=mm&r=g\",\"caption\":\"Web del Maestro CMF\"},\"description\":\"Esta Web se cre\u00f3 sin fines de lucro, con fines educativos, cient\u00edficos y acad\u00e9micos, para personas que tengan dificultades y\\\/o inconvenientes en visualizar el material original. El objetivo es entregar recursos, compartir experiencias y materiales que ayuden a los padres de familia, maestros y estudiantes en su actualizaci\u00f3n y formaci\u00f3n permanente, en bien de la Educaci\u00f3n.\",\"sameAs\":[\"http:\\\/\\\/webdelmaestrocmf.com\\\/portal\",\"https:\\\/\\\/www.facebook.com\\\/WebdelMaestroCMF\\\/\",\"https:\\\/\\\/www.instagram.com\\\/wmcmf\\\/\",\"https:\\\/\\\/cl.linkedin.com\\\/company\\\/web-del-maestro-cmf\",\"https:\\\/\\\/www.pinterest.com\\\/WMCMF\\\/publicaciones\\\/\",\"https:\\\/\\\/x.com\\\/cmf_w\",\"https:\\\/\\\/www.youtube.com\\\/@WMCMF\"]}]}<\/script>\n<!-- \/ Yoast SEO plugin. -->","yoast_head_json":{"title":"Dinamarca aprueba una ley hist\u00f3rica que limita el acceso a redes sociales para menores de 15 a\u00f1os - 2026","description":"El Parlamento de Dinamarca dio un paso decisivo en materia de protecci\u00f3n infantil al aprobar una nueva ley que restringe el...","robots":{"index":"index","follow":"follow","max-snippet":"max-snippet:-1","max-image-preview":"max-image-preview:large","max-video-preview":"max-video-preview:-1"},"canonical":"https:\/\/webdelmaestrocmf.com\/portal\/dinamarca-aprueba-una-ley-historica-que-limita-el-acceso-a-redes-sociales-para-menores-de-15-anos\/","og_locale":"es_ES","og_type":"article","og_title":"Dinamarca aprueba una ley hist\u00f3rica que limita el acceso a redes sociales para menores de 15 a\u00f1os - 2026","og_description":"El Parlamento de Dinamarca dio un paso decisivo en materia de protecci\u00f3n infantil al aprobar una nueva ley que restringe el...","og_url":"https:\/\/webdelmaestrocmf.com\/portal\/dinamarca-aprueba-una-ley-historica-que-limita-el-acceso-a-redes-sociales-para-menores-de-15-anos\/","og_site_name":"Web del Maestro CMF","article_publisher":"https:\/\/www.facebook.com\/WebdelMaestroCMF\/","article_author":"https:\/\/www.facebook.com\/WebdelMaestroCMF\/","article_published_time":"2025-11-14T19:13:31+00:00","article_modified_time":"2025-11-14T19:32:12+00:00","og_image":[{"width":1000,"height":667,"url":"https:\/\/webdelmaestrocmf.com\/portal\/wp-content\/uploads\/2025\/11\/1A-Banner-1-portada-imagen-10-1-copia-13.webp","type":"image\/webp"}],"author":"Web del Maestro CMF","twitter_card":"summary_large_image","twitter_creator":"@cmf_w","twitter_site":"@cmf_w","schema":{"@context":"https:\/\/schema.org","@graph":[{"@type":"ScholarlyArticle","@id":"https:\/\/webdelmaestrocmf.com\/portal\/dinamarca-aprueba-una-ley-historica-que-limita-el-acceso-a-redes-sociales-para-menores-de-15-anos\/#article","isPartOf":{"@id":"https:\/\/webdelmaestrocmf.com\/portal\/dinamarca-aprueba-una-ley-historica-que-limita-el-acceso-a-redes-sociales-para-menores-de-15-anos\/"},"author":{"name":"Web del Maestro CMF","@id":"https:\/\/webdelmaestrocmf.com\/portal\/#\/schema\/person\/1072a2ed7bd960df8ef99a551fa35dc5"},"headline":"Dinamarca aprueba una ley hist\u00f3rica que limita el acceso a redes sociales para menores de 15 a\u00f1os","datePublished":"2025-11-14T19:13:31+00:00","dateModified":"2025-11-14T19:32:12+00:00","mainEntityOfPage":{"@id":"https:\/\/webdelmaestrocmf.com\/portal\/dinamarca-aprueba-una-ley-historica-que-limita-el-acceso-a-redes-sociales-para-menores-de-15-anos\/"},"wordCount":647,"commentCount":0,"publisher":{"@id":"https:\/\/webdelmaestrocmf.com\/portal\/#organization"},"image":{"@id":"https:\/\/webdelmaestrocmf.com\/portal\/dinamarca-aprueba-una-ley-historica-que-limita-el-acceso-a-redes-sociales-para-menores-de-15-anos\/#primaryimage"},"thumbnailUrl":"https:\/\/webdelmaestrocmf.com\/portal\/wp-content\/uploads\/2025\/11\/1A-Banner-1-portada-imagen-10-1-copia-13.webp","keywords":["15 a\u00f1os","ACCESO","aprueba","Dinamarca","hist\u00f3rica","LEY","menores","redes sociales"],"articleSection":["Noticias Internacionales"],"inLanguage":"es","potentialAction":[{"@type":"CommentAction","name":"Comment","target":["https:\/\/webdelmaestrocmf.com\/portal\/dinamarca-aprueba-una-ley-historica-que-limita-el-acceso-a-redes-sociales-para-menores-de-15-anos\/#respond"]}]},{"@type":"WebPage","@id":"https:\/\/webdelmaestrocmf.com\/portal\/dinamarca-aprueba-una-ley-historica-que-limita-el-acceso-a-redes-sociales-para-menores-de-15-anos\/","url":"https:\/\/webdelmaestrocmf.com\/portal\/dinamarca-aprueba-una-ley-historica-que-limita-el-acceso-a-redes-sociales-para-menores-de-15-anos\/","name":"Dinamarca aprueba una ley hist\u00f3rica que limita el acceso a redes sociales para menores de 15 a\u00f1os - 2026","isPartOf":{"@id":"https:\/\/webdelmaestrocmf.com\/portal\/#website"},"primaryImageOfPage":{"@id":"https:\/\/webdelmaestrocmf.com\/portal\/dinamarca-aprueba-una-ley-historica-que-limita-el-acceso-a-redes-sociales-para-menores-de-15-anos\/#primaryimage"},"image":{"@id":"https:\/\/webdelmaestrocmf.com\/portal\/dinamarca-aprueba-una-ley-historica-que-limita-el-acceso-a-redes-sociales-para-menores-de-15-anos\/#primaryimage"},"thumbnailUrl":"https:\/\/webdelmaestrocmf.com\/portal\/wp-content\/uploads\/2025\/11\/1A-Banner-1-portada-imagen-10-1-copia-13.webp","datePublished":"2025-11-14T19:13:31+00:00","dateModified":"2025-11-14T19:32:12+00:00","description":"El Parlamento de Dinamarca dio un paso decisivo en materia de protecci\u00f3n infantil al aprobar una nueva ley que restringe el...","breadcrumb":{"@id":"https:\/\/webdelmaestrocmf.com\/portal\/dinamarca-aprueba-una-ley-historica-que-limita-el-acceso-a-redes-sociales-para-menores-de-15-anos\/#breadcrumb"},"inLanguage":"es","potentialAction":[{"@type":"ReadAction","target":["https:\/\/webdelmaestrocmf.com\/portal\/dinamarca-aprueba-una-ley-historica-que-limita-el-acceso-a-redes-sociales-para-menores-de-15-anos\/"]}]},{"@type":"ImageObject","inLanguage":"es","@id":"https:\/\/webdelmaestrocmf.com\/portal\/dinamarca-aprueba-una-ley-historica-que-limita-el-acceso-a-redes-sociales-para-menores-de-15-anos\/#primaryimage","url":"https:\/\/webdelmaestrocmf.com\/portal\/wp-content\/uploads\/2025\/11\/1A-Banner-1-portada-imagen-10-1-copia-13.webp","contentUrl":"https:\/\/webdelmaestrocmf.com\/portal\/wp-content\/uploads\/2025\/11\/1A-Banner-1-portada-imagen-10-1-copia-13.webp","width":1000,"height":667},{"@type":"BreadcrumbList","@id":"https:\/\/webdelmaestrocmf.com\/portal\/dinamarca-aprueba-una-ley-historica-que-limita-el-acceso-a-redes-sociales-para-menores-de-15-anos\/#breadcrumb","itemListElement":[{"@type":"ListItem","position":1,"name":"Portada","item":"https:\/\/webdelmaestrocmf.com\/portal\/"},{"@type":"ListItem","position":2,"name":"Noticias Internacionales","item":"https:\/\/webdelmaestrocmf.com\/portal\/category\/noticias-internacionales\/"},{"@type":"ListItem","position":3,"name":"Dinamarca aprueba una ley hist\u00f3rica que limita el acceso a redes sociales para menores de 15 a\u00f1os"}]},{"@type":"WebSite","@id":"https:\/\/webdelmaestrocmf.com\/portal\/#website","url":"https:\/\/webdelmaestrocmf.com\/portal\/","name":"Web del Maestro CMF","description":"Maestros al servicio de la educaci\u00f3n","publisher":{"@id":"https:\/\/webdelmaestrocmf.com\/portal\/#organization"},"alternateName":"WMCMF","potentialAction":[{"@type":"SearchAction","target":{"@type":"EntryPoint","urlTemplate":"https:\/\/webdelmaestrocmf.com\/portal\/?s={search_term_string}"},"query-input":{"@type":"PropertyValueSpecification","valueRequired":true,"valueName":"search_term_string"}}],"inLanguage":"es"},{"@type":"Organization","@id":"https:\/\/webdelmaestrocmf.com\/portal\/#organization","name":"Web del Maestro CMF","alternateName":"WMCMF","url":"https:\/\/webdelmaestrocmf.com\/portal\/","logo":{"@type":"ImageObject","inLanguage":"es","@id":"https:\/\/webdelmaestrocmf.com\/portal\/#\/schema\/logo\/image\/","url":"https:\/\/webdelmaestrocmf.com\/portal\/wp-content\/uploads\/2023\/01\/logo-wmcmf-2.png","contentUrl":"https:\/\/webdelmaestrocmf.com\/portal\/wp-content\/uploads\/2023\/01\/logo-wmcmf-2.png","width":200,"height":60,"caption":"Web del Maestro CMF"},"image":{"@id":"https:\/\/webdelmaestrocmf.com\/portal\/#\/schema\/logo\/image\/"},"sameAs":["https:\/\/www.facebook.com\/WebdelMaestroCMF\/","https:\/\/x.com\/cmf_w","https:\/\/www.pinterest.com\/WMCMF\/","https:\/\/www.linkedin.com\/company\/web-del-maestro-cmf\/","https:\/\/www.instagram.com\/wmcmf\/","https:\/\/www.youtube.com\/channel\/UCDPSvjbdodE5sHnC3OxutHw","https:\/\/mastodon.social\/@wmcmf","https:\/\/www.tiktok.com\/@webdelmaestrocmf"]},{"@type":"Person","@id":"https:\/\/webdelmaestrocmf.com\/portal\/#\/schema\/person\/1072a2ed7bd960df8ef99a551fa35dc5","name":"Web del Maestro CMF","image":{"@type":"ImageObject","inLanguage":"es","@id":"https:\/\/secure.gravatar.com\/avatar\/23291dd5b5ae1077dcff3dbb04c3e02bd28403fa75af6d8787d5e97c5bbbe30b?s=96&d=mm&r=g","url":"https:\/\/secure.gravatar.com\/avatar\/23291dd5b5ae1077dcff3dbb04c3e02bd28403fa75af6d8787d5e97c5bbbe30b?s=96&d=mm&r=g","contentUrl":"https:\/\/secure.gravatar.com\/avatar\/23291dd5b5ae1077dcff3dbb04c3e02bd28403fa75af6d8787d5e97c5bbbe30b?s=96&d=mm&r=g","caption":"Web del Maestro CMF"},"description":"Esta Web se cre\u00f3 sin fines de lucro, con fines educativos, cient\u00edficos y acad\u00e9micos, para personas que tengan dificultades y\/o inconvenientes en visualizar el material original. El objetivo es entregar recursos, compartir experiencias y materiales que ayuden a los padres de familia, maestros y estudiantes en su actualizaci\u00f3n y formaci\u00f3n permanente, en bien de la Educaci\u00f3n.","sameAs":["http:\/\/webdelmaestrocmf.com\/portal","https:\/\/www.facebook.com\/WebdelMaestroCMF\/","https:\/\/www.instagram.com\/wmcmf\/","https:\/\/cl.linkedin.com\/company\/web-del-maestro-cmf","https:\/\/www.pinterest.com\/WMCMF\/publicaciones\/","https:\/\/x.com\/cmf_w","https:\/\/www.youtube.com\/@WMCMF"]}]}},"jetpack_featured_media_url":"https:\/\/webdelmaestrocmf.com\/portal\/wp-content\/uploads\/2025\/11\/1A-Banner-1-portada-imagen-10-1-copia-13.webp","jetpack_sharing_enabled":true,"jetpack-related-posts":[{"id":113913,"url":"https:\/\/webdelmaestrocmf.com\/portal\/australia-inicia-hoy-la-prohibicion-de-redes-sociales-para-menores-de-16-anos-miles-de-cuentas-fueron-eliminadas\/","url_meta":{"origin":113491,"position":0},"title":"Australia inicia hoy la prohibici\u00f3n de redes sociales para menores de 16 a\u00f1os: miles de cuentas fueron eliminadas","author":"Web del Maestro CMF","date":"10 diciembre, 2025","format":false,"excerpt":"Australia inicia hoy la primera prohibici\u00f3n mundial de redes sociales para menores de 16 a\u00f1os, con miles de cuentas eliminadas en su implementaci\u00f3n inicial.","rel":"","context":"En \u00abNoticias Internacionales\u00bb","block_context":{"text":"Noticias Internacionales","link":"https:\/\/webdelmaestrocmf.com\/portal\/category\/noticias-internacionales\/"},"img":{"alt_text":"","src":"https:\/\/i0.wp.com\/webdelmaestrocmf.com\/portal\/wp-content\/uploads\/2025\/12\/1A-Banner-1-portada-imagen-10-1-copia-2.jpg?resize=350%2C200&ssl=1","width":350,"height":200,"srcset":"https:\/\/i0.wp.com\/webdelmaestrocmf.com\/portal\/wp-content\/uploads\/2025\/12\/1A-Banner-1-portada-imagen-10-1-copia-2.jpg?resize=350%2C200&ssl=1 1x, https:\/\/i0.wp.com\/webdelmaestrocmf.com\/portal\/wp-content\/uploads\/2025\/12\/1A-Banner-1-portada-imagen-10-1-copia-2.jpg?resize=525%2C300&ssl=1 1.5x, https:\/\/i0.wp.com\/webdelmaestrocmf.com\/portal\/wp-content\/uploads\/2025\/12\/1A-Banner-1-portada-imagen-10-1-copia-2.jpg?resize=700%2C400&ssl=1 2x"},"classes":[]},{"id":112195,"url":"https:\/\/webdelmaestrocmf.com\/portal\/ee-uu-aprueba-ley-para-juzgar-como-adultos-a-menores-de-14-y-15-anos-por-delitos-violentos-en-washington\/","url_meta":{"origin":113491,"position":1},"title":"EE.UU. aprueba ley para juzgar como adultos a menores de 14 y 15 a\u00f1os por delitos violentos en Washington","author":"Web del Maestro CMF","date":"17 septiembre, 2025","format":false,"excerpt":"Se trata de dos proyectos los que fueron aprobados por la c\u00e1mara, la cual est\u00e1 controlada por los republicanos","rel":"","context":"En \u00abNoticias Internacionales\u00bb","block_context":{"text":"Noticias Internacionales","link":"https:\/\/webdelmaestrocmf.com\/portal\/category\/noticias-internacionales\/"},"img":{"alt_text":"","src":"https:\/\/i0.wp.com\/webdelmaestrocmf.com\/portal\/wp-content\/uploads\/2025\/09\/1A-Banner-1-portada-imagen-10-1-copia-75.jpg?resize=350%2C200&ssl=1","width":350,"height":200,"srcset":"https:\/\/i0.wp.com\/webdelmaestrocmf.com\/portal\/wp-content\/uploads\/2025\/09\/1A-Banner-1-portada-imagen-10-1-copia-75.jpg?resize=350%2C200&ssl=1 1x, https:\/\/i0.wp.com\/webdelmaestrocmf.com\/portal\/wp-content\/uploads\/2025\/09\/1A-Banner-1-portada-imagen-10-1-copia-75.jpg?resize=525%2C300&ssl=1 1.5x, https:\/\/i0.wp.com\/webdelmaestrocmf.com\/portal\/wp-content\/uploads\/2025\/09\/1A-Banner-1-portada-imagen-10-1-copia-75.jpg?resize=700%2C400&ssl=1 2x"},"classes":[]},{"id":107034,"url":"https:\/\/webdelmaestrocmf.com\/portal\/australia-el-primer-pais-en-aprobar-una-ley-que-prohibe-el-acceso-a-redes-sociales-a-adolescentes\/","url_meta":{"origin":113491,"position":2},"title":"Australia, el primer pa\u00eds en aprobar una ley que proh\u00edbe el acceso a redes sociales a adolescentes","author":"Web del Maestro CMF","date":"29 noviembre, 2024","format":false,"excerpt":"Australia se ha convertido en el primer pa\u00eds del mundo en implementar una legislaci\u00f3n que proh\u00edbe a los menores de 16 a\u00f1os acceder a las redes sociales sin restricciones. La ley, aprobada con amplio respaldo parlamentario, busca abordar los impactos negativos que estas plataformas tienen en la salud mental de\u2026","rel":"","context":"En \u00abNoticias Internacionales\u00bb","block_context":{"text":"Noticias Internacionales","link":"https:\/\/webdelmaestrocmf.com\/portal\/category\/noticias-internacionales\/"},"img":{"alt_text":"","src":"https:\/\/i0.wp.com\/webdelmaestrocmf.com\/portal\/wp-content\/uploads\/2024\/11\/Banner-1-portada-imagen-10-1-5.jpg?resize=350%2C200&ssl=1","width":350,"height":200,"srcset":"https:\/\/i0.wp.com\/webdelmaestrocmf.com\/portal\/wp-content\/uploads\/2024\/11\/Banner-1-portada-imagen-10-1-5.jpg?resize=350%2C200&ssl=1 1x, https:\/\/i0.wp.com\/webdelmaestrocmf.com\/portal\/wp-content\/uploads\/2024\/11\/Banner-1-portada-imagen-10-1-5.jpg?resize=525%2C300&ssl=1 1.5x, https:\/\/i0.wp.com\/webdelmaestrocmf.com\/portal\/wp-content\/uploads\/2024\/11\/Banner-1-portada-imagen-10-1-5.jpg?resize=700%2C400&ssl=1 2x"},"classes":[]},{"id":115021,"url":"https:\/\/webdelmaestrocmf.com\/portal\/francia-prohibe-las-redes-sociales-a-menores-de-15-anos-y-refuerza-la-restriccion-del-uso-de-celulares-en-colegios\/","url_meta":{"origin":113491,"position":3},"title":"Francia proh\u00edbe las redes sociales a menores de 15 a\u00f1os y refuerza la restricci\u00f3n del uso de celulares en colegios","author":"Web del Maestro CMF","date":"28 enero, 2026","format":false,"excerpt":"Francia proh\u00edbe redes sociales a menores de 15 a\u00f1os y limita celulares escolares para proteger salud mental y aprendizaje infantil.","rel":"","context":"En \u00abNoticias Internacionales\u00bb","block_context":{"text":"Noticias Internacionales","link":"https:\/\/webdelmaestrocmf.com\/portal\/category\/noticias-internacionales\/"},"img":{"alt_text":"","src":"https:\/\/i0.wp.com\/webdelmaestrocmf.com\/portal\/wp-content\/uploads\/2026\/01\/1A-Banner-1-portada-imagen-10-1-copia-5-4.webp?resize=350%2C200&ssl=1","width":350,"height":200,"srcset":"https:\/\/i0.wp.com\/webdelmaestrocmf.com\/portal\/wp-content\/uploads\/2026\/01\/1A-Banner-1-portada-imagen-10-1-copia-5-4.webp?resize=350%2C200&ssl=1 1x, https:\/\/i0.wp.com\/webdelmaestrocmf.com\/portal\/wp-content\/uploads\/2026\/01\/1A-Banner-1-portada-imagen-10-1-copia-5-4.webp?resize=525%2C300&ssl=1 1.5x, https:\/\/i0.wp.com\/webdelmaestrocmf.com\/portal\/wp-content\/uploads\/2026\/01\/1A-Banner-1-portada-imagen-10-1-copia-5-4.webp?resize=700%2C400&ssl=1 2x"},"classes":[]},{"id":115342,"url":"https:\/\/webdelmaestrocmf.com\/portal\/un-estudio-cientifico-pionero-en-espana-confirma-el-impacto-de-las-redes-sociales-en-la-ansiedad-adolescente\/","url_meta":{"origin":113491,"position":4},"title":"Un estudio cient\u00edfico pionero en Espa\u00f1a confirma el impacto de las redes sociales en la ansiedad adolescente","author":"Web del Maestro CMF","date":"14 febrero, 2026","format":false,"excerpt":"El estudio revela que el 76,5% de las adolescentes sufre ansiedad por las redes sociales y el 98,5% de los adolescentes se siente \u201cperdido\u201d sin internet.","rel":"","context":"En \u00abNoticias Internacionales\u00bb","block_context":{"text":"Noticias Internacionales","link":"https:\/\/webdelmaestrocmf.com\/portal\/category\/noticias-internacionales\/"},"img":{"alt_text":"","src":"https:\/\/i0.wp.com\/webdelmaestrocmf.com\/portal\/wp-content\/uploads\/2026\/02\/1A-Banner-1-portada-imagen-10-1-copia-13.webp?resize=350%2C200&ssl=1","width":350,"height":200,"srcset":"https:\/\/i0.wp.com\/webdelmaestrocmf.com\/portal\/wp-content\/uploads\/2026\/02\/1A-Banner-1-portada-imagen-10-1-copia-13.webp?resize=350%2C200&ssl=1 1x, https:\/\/i0.wp.com\/webdelmaestrocmf.com\/portal\/wp-content\/uploads\/2026\/02\/1A-Banner-1-portada-imagen-10-1-copia-13.webp?resize=525%2C300&ssl=1 1.5x, https:\/\/i0.wp.com\/webdelmaestrocmf.com\/portal\/wp-content\/uploads\/2026\/02\/1A-Banner-1-portada-imagen-10-1-copia-13.webp?resize=700%2C400&ssl=1 2x"},"classes":[]},{"id":113711,"url":"https:\/\/webdelmaestrocmf.com\/portal\/meta-notifica-a-menores-de-16-anos-que-desactivara-sus-cuentas-ante-normativa\/","url_meta":{"origin":113491,"position":5},"title":"Meta notifica a menores de 16 a\u00f1os que desactivar\u00e1 sus cuentas ante normativa","author":"Web del Maestro CMF","date":"28 noviembre, 2025","format":false,"excerpt":"Meta, la empresa matriz de Facebook e Instagram, empez\u00f3 a notificar a los menores de 16 a\u00f1os que desactivar\u00e1 sus cuentas debido a la nueva normativa","rel":"","context":"En \u00abNoticias Internacionales\u00bb","block_context":{"text":"Noticias Internacionales","link":"https:\/\/webdelmaestrocmf.com\/portal\/category\/noticias-internacionales\/"},"img":{"alt_text":"","src":"https:\/\/i0.wp.com\/webdelmaestrocmf.com\/portal\/wp-content\/uploads\/2025\/11\/1A-Banner-1-portada-imagen-10-1-copia-7-2.webp?resize=350%2C200&ssl=1","width":350,"height":200,"srcset":"https:\/\/i0.wp.com\/webdelmaestrocmf.com\/portal\/wp-content\/uploads\/2025\/11\/1A-Banner-1-portada-imagen-10-1-copia-7-2.webp?resize=350%2C200&ssl=1 1x, https:\/\/i0.wp.com\/webdelmaestrocmf.com\/portal\/wp-content\/uploads\/2025\/11\/1A-Banner-1-portada-imagen-10-1-copia-7-2.webp?resize=525%2C300&ssl=1 1.5x, https:\/\/i0.wp.com\/webdelmaestrocmf.com\/portal\/wp-content\/uploads\/2025\/11\/1A-Banner-1-portada-imagen-10-1-copia-7-2.webp?resize=700%2C400&ssl=1 2x"},"classes":[]}],"_links":{"self":[{"href":"https:\/\/webdelmaestrocmf.com\/portal\/wp-json\/wp\/v2\/posts\/113491","targetHints":{"allow":["GET"]}}],"collection":[{"href":"https:\/\/webdelmaestrocmf.com\/portal\/wp-json\/wp\/v2\/posts"}],"about":[{"href":"https:\/\/webdelmaestrocmf.com\/portal\/wp-json\/wp\/v2\/types\/post"}],"author":[{"embeddable":true,"href":"https:\/\/webdelmaestrocmf.com\/portal\/wp-json\/wp\/v2\/users\/1"}],"replies":[{"embeddable":true,"href":"https:\/\/webdelmaestrocmf.com\/portal\/wp-json\/wp\/v2\/comments?post=113491"}],"version-history":[{"count":1,"href":"https:\/\/webdelmaestrocmf.com\/portal\/wp-json\/wp\/v2\/posts\/113491\/revisions"}],"predecessor-version":[{"id":113493,"href":"https:\/\/webdelmaestrocmf.com\/portal\/wp-json\/wp\/v2\/posts\/113491\/revisions\/113493"}],"wp:featuredmedia":[{"embeddable":true,"href":"https:\/\/webdelmaestrocmf.com\/portal\/wp-json\/wp\/v2\/media\/113494"}],"wp:attachment":[{"href":"https:\/\/webdelmaestrocmf.com\/portal\/wp-json\/wp\/v2\/media?parent=113491"}],"wp:term":[{"taxonomy":"category","embeddable":true,"href":"https:\/\/webdelmaestrocmf.com\/portal\/wp-json\/wp\/v2\/categories?post=113491"},{"taxonomy":"post_tag","embeddable":true,"href":"https:\/\/webdelmaestrocmf.com\/portal\/wp-json\/wp\/v2\/tags?post=113491"}],"curies":[{"name":"wp","href":"https:\/\/api.w.org\/{rel}","templated":true}]}}