{"id":113479,"date":"2025-11-13T20:29:12","date_gmt":"2025-11-13T23:29:12","guid":{"rendered":"https:\/\/webdelmaestrocmf.com\/portal\/?p=113479"},"modified":"2025-11-16T12:35:54","modified_gmt":"2025-11-16T15:35:54","slug":"este-es-el-unico-tipo-de-profesional-que-nunca-sera-reemplazado-por-la-ia-segun-jeff-bezos","status":"publish","type":"post","link":"https:\/\/webdelmaestrocmf.com\/portal\/este-es-el-unico-tipo-de-profesional-que-nunca-sera-reemplazado-por-la-ia-segun-jeff-bezos\/","title":{"rendered":"Este es el \u00fanico tipo de profesional que \u00abnunca\u00bb ser\u00e1 reemplazado por la IA, seg\u00fan Jeff Bezos"},"content":{"rendered":"\n<p>El avance de la inteligencia artificial ha transformado la vida cotidiana hasta volverse casi invisible. Desde los tel\u00e9fonos inteligentes y los relojes digitales hasta los filtros de c\u00e1mara, el reconocimiento facial y los algoritmos de redes sociales, la IA opera detr\u00e1s de casi todas las interacciones tecnol\u00f3gicas diarias. Su capacidad para procesar informaci\u00f3n, resolver problemas en segundos y ofrecer respuestas inmediatas ha generado preocupaci\u00f3n sobre el futuro laboral y la posible sustituci\u00f3n de millones de empleos.<\/p>\n\n\n\n<p>En medio de estas inquietudes, Jeff Bezos \u2014fundador de Amazon y una de las figuras m\u00e1s influyentes del sector tecnol\u00f3gico\u2014 entreg\u00f3 una afirmaci\u00f3n que llam\u00f3 la atenci\u00f3n del p\u00fablico durante su participaci\u00f3n en la Italian Tech Week, un evento que re\u00fane a empresas e innovadores del \u00e1mbito global. Frente a la pregunta sobre qu\u00e9 profesiones podr\u00edan sobrevivir a la ola de automatizaci\u00f3n, Bezos fue directo: <strong>existe un tipo de profesional que la inteligencia artificial nunca podr\u00e1 reemplazar.<\/strong><\/p>\n\n\n\n<figure class=\"wp-block-embed is-type-video is-provider-youtube wp-block-embed-youtube wp-embed-aspect-16-9 wp-has-aspect-ratio\"><div class=\"wp-block-embed__wrapper\">\n<iframe loading=\"lazy\" title=\"FULL EVENT: Jeff Bezos &amp; John Elkann Talk Tech Future, AI, and Space at Italian Tech Week | AQ1B\" width=\"1200\" height=\"675\" src=\"https:\/\/www.youtube.com\/embed\/EA_rzYj4Syg?feature=oembed\" frameborder=\"0\" allow=\"accelerometer; autoplay; clipboard-write; encrypted-media; gyroscope; picture-in-picture; web-share\" referrerpolicy=\"strict-origin-when-cross-origin\" allowfullscreen><\/iframe>\n<\/div><\/figure>\n\n\n\n<h2 class=\"wp-block-heading\"><strong>El profesional irremplazable: el inventor<\/strong><\/h2>\n\n\n\n<p>Seg\u00fan Bezos, el \u00fanico profesional que seguir\u00e1 siendo insustituible es <strong>el que tiene la capacidad de inventar<\/strong>. No se refiere a un oficio t\u00e9cnico espec\u00edfico, sino al perfil de quienes crean algo que antes no exist\u00eda: inventores, innovadores, visionarios capaces de generar ideas originales y transformar posibilidades en soluciones concretas.<\/p>\n\n\n\n<p>Para Bezos, la diferencia fundamental entre una m\u00e1quina y un ser humano radica en este impulso creativo. Mientras la IA puede analizar datos, optimizar procesos o sugerir alternativas, <strong>no puede originar la chispa de la invenci\u00f3n<\/strong>: ese salto mental que redefine paradigmas, plantea nuevos problemas y construye realidades que a\u00fan no est\u00e1n en el horizonte.<\/p>\n\n\n\n<p>\u201cPonme delante de una pizarra blanca y puedo generar cien ideas en media hora\u201d, afirm\u00f3, destacando que la invenci\u00f3n no es solo un acto creativo, sino la base del progreso tecnol\u00f3gico. Para \u00e9l, ese impulso humano \u2014que combina imaginaci\u00f3n, intuici\u00f3n, riesgo y visi\u00f3n\u2014 es algo que ninguna inteligencia artificial puede replicar.<\/p>\n\n\n\n<h2 class=\"wp-block-heading\"><strong>\u00bfQu\u00e9 dice la IA sobre la afirmaci\u00f3n de Bezos?<\/strong><\/h2>\n\n\n\n<p>Consultadas sobre el mismo tema, distintas inteligencias artificiales coincidieron con la postura del empresario. ChatGPT se\u00f1al\u00f3 que la \u201cchispa que lleva a una verdadera innovaci\u00f3n disruptiva sigue siendo humana\u201d, aunque advirti\u00f3 que la frontera entre crear e inventar podr\u00eda volverse m\u00e1s difusa con el tiempo.<\/p>\n\n\n\n<p>Gemini, de Google, sostuvo que la invenci\u00f3n real implica riesgos, planteamiento de nuevos problemas y definici\u00f3n de soluciones originales, capacidades que siguen siendo distintivamente humanas. Y Copilot, de Microsoft, enfatiz\u00f3 que \u201cla invenci\u00f3n no es solo generar algo nuevo; es darle sentido y apostar por lo improbable\u201d, algo para lo cual las m\u00e1quinas pueden apoyar, pero no reemplazar.<\/p>\n\n\n\n<h2 class=\"wp-block-heading\"><strong>Una conclusi\u00f3n clara<\/strong><\/h2>\n\n\n\n<p>El mensaje de Bezos no niega el potencial de la inteligencia artificial ni minimiza sus aportes. M\u00e1s bien, subraya una distinci\u00f3n clave: <strong>la IA puede potenciar la creatividad humana, pero no originarla<\/strong>. En un mundo donde las tecnolog\u00edas avanzan con rapidez, el valor profesional no estar\u00e1 solo en operar herramientas, sino en tener la capacidad de imaginar aquello que a\u00fan no existe.<\/p>\n\n\n\n<p>Y seg\u00fan Jeff Bezos, mientras exista esa facultad, <strong>los inventores seguir\u00e1n siendo indispensables<\/strong>.<\/p>\n\n\n\n<p class=\"has-text-align-right\"><strong>Redacci\u00f3n | Web del Maestro CMF<\/strong><\/p>\n\n\n\t\t<div class=\"pk-inline-posts\">\n\t\t\t\n\t\t\t<div class=\"pk-inline-posts-container pk-inline-posts-template-list\"\n\t\t\t\tdata-columns=\"1\">\n\t\t\t\t\t\t<article id=\"post-118505\" class=\"post-118505 post type-post status-publish format-standard has-post-thumbnail category-noticias-internacionales tag-acoso-laboral-docente tag-clima-laboral-educativo tag-denuncia-laboral tag-derechos-laborales-docentes tag-ley-karin tag-maltrato-en-escuelas tag-salud-mental-docente tag-sistema-educativo-crisis tag-violencia-en-escuelas cs-entry cs-video-wrap\">\n\t\t\t<div class=\"pk-post-outer\">\n\n\t\t\t\t\t\t\t\t<div class=\"pk-post-inner\">\n\t\t\t\t\t<div class=\"entry-thumbnail\">\n\t\t\t\t\t\t<div class=\"pk-overlay pk-overlay-ratio pk-ratio-landscape\">\n\t\t\t\t\t\t\t<div class=\"pk-overlay-background\">\n\t\t\t\t\t\t\t\t<a href=\"https:\/\/webdelmaestrocmf.com\/portal\/maestra-consulta-que-hacer-tras-sufrir-acoso-laboral-por-parte-de-una-profesora-y-directora-teme-denunciar-y-quedar-vetada-de-por-vida-como-se-debe-de-proceder-en-estos-casos\/\" class=\"pk-overlay-link\">\n\t\t\t\t\t\t\t\t\t<img loading=\"lazy\" decoding=\"async\" width=\"300\" height=\"225\" src=\"https:\/\/webdelmaestrocmf.com\/portal\/wp-content\/uploads\/2026\/04\/1AA-Banner-1-portada-imagen-10-1-copia-4-4-300x225.webp\" class=\"attachment-pk-thumbnail size-pk-thumbnail wp-post-image\" alt=\"\" \/>\t\t\t\t\t\t\t\t<\/a>\n\t\t\t\t\t\t\t<\/div>\n\t\t\t\t\t\t<\/div>\n\t\t\t\t\t<\/div>\n\t\t\t\t<\/div>\n\t\t\t\t\n\t\t\t\t<div class=\"pk-post-inner\">\n\t\t\t\t\t<header>\n\t\t\t\t\t\t<h3 class=\"pk-title\"><a href=\"https:\/\/webdelmaestrocmf.com\/portal\/maestra-consulta-que-hacer-tras-sufrir-acoso-laboral-por-parte-de-una-profesora-y-directora-teme-denunciar-y-quedar-vetada-de-por-vida-como-se-debe-de-proceder-en-estos-casos\/\" rel=\"bookmark\">Maestra consulta qu\u00e9 hacer tras sufrir acoso laboral por parte de una profesora y directora, teme denunciar y quedar vetada de por vida \u00bfC\u00f3mo se debe de proceder en estos casos?<\/a><\/h3>\t\t\t\t\t<\/header><!-- .entry-header -->\n\t\t\t\t<\/div><!-- .post-inner -->\n\n\t\t\t<\/div><!-- .post-outer -->\n\t\t<\/article>\n\t\t\t<article id=\"post-118473\" class=\"post-118473 post type-post status-publish format-standard has-post-thumbnail category-noticias-internacionales tag-convivencia tag-docentes tag-educacion-3 tag-gestion-escolar-2 tag-protocolos tag-salud-mental tag-seguridad-escolar tag-simulacros tag-violencia-escolar cs-entry cs-video-wrap\">\n\t\t\t<div class=\"pk-post-outer\">\n\n\t\t\t\t\t\t\t\t<div class=\"pk-post-inner\">\n\t\t\t\t\t<div class=\"entry-thumbnail\">\n\t\t\t\t\t\t<div class=\"pk-overlay pk-overlay-ratio pk-ratio-landscape\">\n\t\t\t\t\t\t\t<div class=\"pk-overlay-background\">\n\t\t\t\t\t\t\t\t<a href=\"https:\/\/webdelmaestrocmf.com\/portal\/se-confirma-que-habra-simulacros-de-tiroteos-en-las-escuelas\/\" class=\"pk-overlay-link\">\n\t\t\t\t\t\t\t\t\t<img loading=\"lazy\" decoding=\"async\" width=\"300\" height=\"225\" src=\"https:\/\/webdelmaestrocmf.com\/portal\/wp-content\/uploads\/2026\/04\/1AA-Banner-1-portada-imagen-10-1-copia-1-11-300x225.webp\" class=\"attachment-pk-thumbnail size-pk-thumbnail wp-post-image\" alt=\"\" \/>\t\t\t\t\t\t\t\t<\/a>\n\t\t\t\t\t\t\t<\/div>\n\t\t\t\t\t\t<\/div>\n\t\t\t\t\t<\/div>\n\t\t\t\t<\/div>\n\t\t\t\t\n\t\t\t\t<div class=\"pk-post-inner\">\n\t\t\t\t\t<header>\n\t\t\t\t\t\t<h3 class=\"pk-title\"><a href=\"https:\/\/webdelmaestrocmf.com\/portal\/se-confirma-que-habra-simulacros-de-tiroteos-en-las-escuelas\/\" rel=\"bookmark\">Se confirma que habr\u00e1 simulacros de tiroteos en las escuelas<\/a><\/h3>\t\t\t\t\t<\/header><!-- .entry-header -->\n\t\t\t\t<\/div><!-- .post-inner -->\n\n\t\t\t<\/div><!-- .post-outer -->\n\t\t<\/article>\n\t\t\t<article id=\"post-118464\" class=\"post-118464 post type-post status-publish format-standard has-post-thumbnail category-noticias-internacionales tag-aula tag-convivencia-escolar tag-disciplina tag-docentes tag-educacion-3 tag-estudiantes tag-gestion-educativa-3 tag-normativa tag-pedagogia-3 tag-violencia-escolar cs-entry cs-video-wrap\">\n\t\t\t<div class=\"pk-post-outer\">\n\n\t\t\t\t\t\t\t\t<div class=\"pk-post-inner\">\n\t\t\t\t\t<div class=\"entry-thumbnail\">\n\t\t\t\t\t\t<div class=\"pk-overlay pk-overlay-ratio pk-ratio-landscape\">\n\t\t\t\t\t\t\t<div class=\"pk-overlay-background\">\n\t\t\t\t\t\t\t\t<a href=\"https:\/\/webdelmaestrocmf.com\/portal\/peru-pone-limites-estudiantes-violentos-podrian-salir-del-aula-presencial-y-pasar-a-otra-modalidad-educativa\/\" class=\"pk-overlay-link\">\n\t\t\t\t\t\t\t\t\t<img loading=\"lazy\" decoding=\"async\" width=\"300\" height=\"225\" src=\"https:\/\/webdelmaestrocmf.com\/portal\/wp-content\/uploads\/2026\/04\/1AA-Banner-1-portada-imagen-10-1-copia-38-300x225.webp\" class=\"attachment-pk-thumbnail size-pk-thumbnail wp-post-image\" alt=\"\" \/>\t\t\t\t\t\t\t\t<\/a>\n\t\t\t\t\t\t\t<\/div>\n\t\t\t\t\t\t<\/div>\n\t\t\t\t\t<\/div>\n\t\t\t\t<\/div>\n\t\t\t\t\n\t\t\t\t<div class=\"pk-post-inner\">\n\t\t\t\t\t<header>\n\t\t\t\t\t\t<h3 class=\"pk-title\"><a href=\"https:\/\/webdelmaestrocmf.com\/portal\/peru-pone-limites-estudiantes-violentos-podrian-salir-del-aula-presencial-y-pasar-a-otra-modalidad-educativa\/\" rel=\"bookmark\">Per\u00fa pone l\u00edmites: estudiantes violentos podr\u00edan salir del aula presencial y pasar a otra modalidad educativa<\/a><\/h3>\t\t\t\t\t<\/header><!-- .entry-header -->\n\t\t\t\t<\/div><!-- .post-inner -->\n\n\t\t\t<\/div><!-- .post-outer -->\n\t\t<\/article>\n\t\t\t\t<\/div>\n\t\t<\/div>\n\t\t\n","protected":false},"excerpt":{"rendered":"Durante la Italian Tech Week, Bezos sorprendi\u00f3 al afirmar que existe un tipo de profesional cuya labor seguir\u00e1 siendo irremplazable, incluso ante el avance acelerado de la IA.","protected":false},"author":1,"featured_media":113482,"comment_status":"open","ping_status":"closed","sticky":false,"template":"","format":"standard","meta":{"csco_display_header_overlay":false,"csco_singular_sidebar":"","csco_page_header_type":"","csco_page_load_nextpost":"","csco_post_video_location":[],"csco_post_video_location_hash":"","csco_post_video_url":"","csco_post_video_bg_start_time":0,"csco_post_video_bg_end_time":0,"csco_post_video_bg_volume":false,"_jetpack_memberships_contains_paid_content":false,"footnotes":""},"categories":[23790],"tags":[24426,24428,24423,16035,23795,5779,24425,24424,763,24427],"class_list":{"0":"post-113479","1":"post","2":"type-post","3":"status-publish","4":"format-standard","5":"has-post-thumbnail","7":"category-noticias-internacionales","8":"tag-avances-tecnologicos","9":"tag-creatividad-humana","10":"tag-futuro-laboral","11":"tag-ia","12":"tag-innovacion-2","13":"tag-inteligencia-artificial","14":"tag-jeff-bezos","15":"tag-profesiones-del-futuro","16":"tag-tecnologia","17":"tag-trabajo-humano","18":"cs-entry","19":"cs-video-wrap"},"yoast_head":"<!-- This site is optimized with the Yoast SEO plugin v27.5 - https:\/\/yoast.com\/product\/yoast-seo-wordpress\/ -->\n<title>Este es el \u00fanico tipo de profesional que &quot;nunca&quot; ser\u00e1 reemplazado por la IA, seg\u00fan Jeff Bezos - 2026<\/title>\n<meta name=\"description\" content=\"En la Italian Tech Week, celebrada en Tur\u00edn, Jeff Bezos abord\u00f3 este debate y entreg\u00f3 una postura que contrasta con los pron\u00f3sticos m\u00e1s...\" \/>\n<meta name=\"robots\" content=\"index, follow, max-snippet:-1, max-image-preview:large, max-video-preview:-1\" \/>\n<link rel=\"canonical\" href=\"https:\/\/webdelmaestrocmf.com\/portal\/este-es-el-unico-tipo-de-profesional-que-nunca-sera-reemplazado-por-la-ia-segun-jeff-bezos\/\" \/>\n<meta property=\"og:locale\" content=\"es_ES\" \/>\n<meta property=\"og:type\" content=\"article\" \/>\n<meta property=\"og:title\" content=\"Este es el \u00fanico tipo de profesional que &quot;nunca&quot; ser\u00e1 reemplazado por la IA, seg\u00fan Jeff Bezos - 2026\" \/>\n<meta property=\"og:description\" content=\"En la Italian Tech Week, celebrada en Tur\u00edn, Jeff Bezos abord\u00f3 este debate y entreg\u00f3 una postura que contrasta con los pron\u00f3sticos m\u00e1s...\" \/>\n<meta property=\"og:url\" content=\"https:\/\/webdelmaestrocmf.com\/portal\/este-es-el-unico-tipo-de-profesional-que-nunca-sera-reemplazado-por-la-ia-segun-jeff-bezos\/\" \/>\n<meta property=\"og:site_name\" content=\"Web del Maestro CMF\" \/>\n<meta property=\"article:publisher\" content=\"https:\/\/www.facebook.com\/WebdelMaestroCMF\/\" \/>\n<meta property=\"article:author\" content=\"https:\/\/www.facebook.com\/WebdelMaestroCMF\/\" \/>\n<meta property=\"article:published_time\" content=\"2025-11-13T23:29:12+00:00\" \/>\n<meta property=\"article:modified_time\" content=\"2025-11-16T15:35:54+00:00\" \/>\n<meta property=\"og:image\" content=\"https:\/\/webdelmaestrocmf.com\/portal\/wp-content\/uploads\/2025\/11\/1A-Banner-1-portada-imagen-10-1-copia-5-2.webp\" \/>\n\t<meta property=\"og:image:width\" content=\"1000\" \/>\n\t<meta property=\"og:image:height\" content=\"667\" \/>\n\t<meta property=\"og:image:type\" content=\"image\/webp\" \/>\n<meta name=\"author\" content=\"Web del Maestro CMF\" \/>\n<meta name=\"twitter:card\" content=\"summary_large_image\" \/>\n<meta name=\"twitter:creator\" content=\"@cmf_w\" \/>\n<meta name=\"twitter:site\" content=\"@cmf_w\" \/>\n<script type=\"application\/ld+json\" class=\"yoast-schema-graph\">{\"@context\":\"https:\\\/\\\/schema.org\",\"@graph\":[{\"@type\":\"ScholarlyArticle\",\"@id\":\"https:\\\/\\\/webdelmaestrocmf.com\\\/portal\\\/este-es-el-unico-tipo-de-profesional-que-nunca-sera-reemplazado-por-la-ia-segun-jeff-bezos\\\/#article\",\"isPartOf\":{\"@id\":\"https:\\\/\\\/webdelmaestrocmf.com\\\/portal\\\/este-es-el-unico-tipo-de-profesional-que-nunca-sera-reemplazado-por-la-ia-segun-jeff-bezos\\\/\"},\"author\":{\"name\":\"Web del Maestro CMF\",\"@id\":\"https:\\\/\\\/webdelmaestrocmf.com\\\/portal\\\/#\\\/schema\\\/person\\\/1072a2ed7bd960df8ef99a551fa35dc5\"},\"headline\":\"Este es el \u00fanico tipo de profesional que \u00abnunca\u00bb ser\u00e1 reemplazado por la IA, seg\u00fan Jeff Bezos\",\"datePublished\":\"2025-11-13T23:29:12+00:00\",\"dateModified\":\"2025-11-16T15:35:54+00:00\",\"mainEntityOfPage\":{\"@id\":\"https:\\\/\\\/webdelmaestrocmf.com\\\/portal\\\/este-es-el-unico-tipo-de-profesional-que-nunca-sera-reemplazado-por-la-ia-segun-jeff-bezos\\\/\"},\"wordCount\":585,\"commentCount\":0,\"publisher\":{\"@id\":\"https:\\\/\\\/webdelmaestrocmf.com\\\/portal\\\/#organization\"},\"image\":{\"@id\":\"https:\\\/\\\/webdelmaestrocmf.com\\\/portal\\\/este-es-el-unico-tipo-de-profesional-que-nunca-sera-reemplazado-por-la-ia-segun-jeff-bezos\\\/#primaryimage\"},\"thumbnailUrl\":\"https:\\\/\\\/webdelmaestrocmf.com\\\/portal\\\/wp-content\\\/uploads\\\/2025\\\/11\\\/1A-Banner-1-portada-imagen-10-1-copia-5-2.webp\",\"keywords\":[\"Avances tecnol\u00f3gicos\",\"Creatividad humana\",\"Futuro laboral\",\"IA\",\"Innovaci\u00f3n\",\"INTELIGENCIA ARTIFICIAL\",\"Jeff Bezos\",\"Profesiones del futuro\",\"tecnolog\u00eda\",\"Trabajo humano\"],\"articleSection\":[\"Noticias Internacionales\"],\"inLanguage\":\"es\",\"potentialAction\":[{\"@type\":\"CommentAction\",\"name\":\"Comment\",\"target\":[\"https:\\\/\\\/webdelmaestrocmf.com\\\/portal\\\/este-es-el-unico-tipo-de-profesional-que-nunca-sera-reemplazado-por-la-ia-segun-jeff-bezos\\\/#respond\"]}]},{\"@type\":\"WebPage\",\"@id\":\"https:\\\/\\\/webdelmaestrocmf.com\\\/portal\\\/este-es-el-unico-tipo-de-profesional-que-nunca-sera-reemplazado-por-la-ia-segun-jeff-bezos\\\/\",\"url\":\"https:\\\/\\\/webdelmaestrocmf.com\\\/portal\\\/este-es-el-unico-tipo-de-profesional-que-nunca-sera-reemplazado-por-la-ia-segun-jeff-bezos\\\/\",\"name\":\"Este es el \u00fanico tipo de profesional que \\\"nunca\\\" ser\u00e1 reemplazado por la IA, seg\u00fan Jeff Bezos - 2026\",\"isPartOf\":{\"@id\":\"https:\\\/\\\/webdelmaestrocmf.com\\\/portal\\\/#website\"},\"primaryImageOfPage\":{\"@id\":\"https:\\\/\\\/webdelmaestrocmf.com\\\/portal\\\/este-es-el-unico-tipo-de-profesional-que-nunca-sera-reemplazado-por-la-ia-segun-jeff-bezos\\\/#primaryimage\"},\"image\":{\"@id\":\"https:\\\/\\\/webdelmaestrocmf.com\\\/portal\\\/este-es-el-unico-tipo-de-profesional-que-nunca-sera-reemplazado-por-la-ia-segun-jeff-bezos\\\/#primaryimage\"},\"thumbnailUrl\":\"https:\\\/\\\/webdelmaestrocmf.com\\\/portal\\\/wp-content\\\/uploads\\\/2025\\\/11\\\/1A-Banner-1-portada-imagen-10-1-copia-5-2.webp\",\"datePublished\":\"2025-11-13T23:29:12+00:00\",\"dateModified\":\"2025-11-16T15:35:54+00:00\",\"description\":\"En la Italian Tech Week, celebrada en Tur\u00edn, Jeff Bezos abord\u00f3 este debate y entreg\u00f3 una postura que contrasta con los pron\u00f3sticos m\u00e1s...\",\"breadcrumb\":{\"@id\":\"https:\\\/\\\/webdelmaestrocmf.com\\\/portal\\\/este-es-el-unico-tipo-de-profesional-que-nunca-sera-reemplazado-por-la-ia-segun-jeff-bezos\\\/#breadcrumb\"},\"inLanguage\":\"es\",\"potentialAction\":[{\"@type\":\"ReadAction\",\"target\":[\"https:\\\/\\\/webdelmaestrocmf.com\\\/portal\\\/este-es-el-unico-tipo-de-profesional-que-nunca-sera-reemplazado-por-la-ia-segun-jeff-bezos\\\/\"]}]},{\"@type\":\"ImageObject\",\"inLanguage\":\"es\",\"@id\":\"https:\\\/\\\/webdelmaestrocmf.com\\\/portal\\\/este-es-el-unico-tipo-de-profesional-que-nunca-sera-reemplazado-por-la-ia-segun-jeff-bezos\\\/#primaryimage\",\"url\":\"https:\\\/\\\/webdelmaestrocmf.com\\\/portal\\\/wp-content\\\/uploads\\\/2025\\\/11\\\/1A-Banner-1-portada-imagen-10-1-copia-5-2.webp\",\"contentUrl\":\"https:\\\/\\\/webdelmaestrocmf.com\\\/portal\\\/wp-content\\\/uploads\\\/2025\\\/11\\\/1A-Banner-1-portada-imagen-10-1-copia-5-2.webp\",\"width\":1000,\"height\":667},{\"@type\":\"BreadcrumbList\",\"@id\":\"https:\\\/\\\/webdelmaestrocmf.com\\\/portal\\\/este-es-el-unico-tipo-de-profesional-que-nunca-sera-reemplazado-por-la-ia-segun-jeff-bezos\\\/#breadcrumb\",\"itemListElement\":[{\"@type\":\"ListItem\",\"position\":1,\"name\":\"Portada\",\"item\":\"https:\\\/\\\/webdelmaestrocmf.com\\\/portal\\\/\"},{\"@type\":\"ListItem\",\"position\":2,\"name\":\"Noticias Internacionales\",\"item\":\"https:\\\/\\\/webdelmaestrocmf.com\\\/portal\\\/category\\\/noticias-internacionales\\\/\"},{\"@type\":\"ListItem\",\"position\":3,\"name\":\"Este es el \u00fanico tipo de profesional que \u00abnunca\u00bb ser\u00e1 reemplazado por la IA, seg\u00fan Jeff Bezos\"}]},{\"@type\":\"WebSite\",\"@id\":\"https:\\\/\\\/webdelmaestrocmf.com\\\/portal\\\/#website\",\"url\":\"https:\\\/\\\/webdelmaestrocmf.com\\\/portal\\\/\",\"name\":\"Web del Maestro CMF\",\"description\":\"Maestros al servicio de la educaci\u00f3n\",\"publisher\":{\"@id\":\"https:\\\/\\\/webdelmaestrocmf.com\\\/portal\\\/#organization\"},\"alternateName\":\"WMCMF\",\"potentialAction\":[{\"@type\":\"SearchAction\",\"target\":{\"@type\":\"EntryPoint\",\"urlTemplate\":\"https:\\\/\\\/webdelmaestrocmf.com\\\/portal\\\/?s={search_term_string}\"},\"query-input\":{\"@type\":\"PropertyValueSpecification\",\"valueRequired\":true,\"valueName\":\"search_term_string\"}}],\"inLanguage\":\"es\"},{\"@type\":\"Organization\",\"@id\":\"https:\\\/\\\/webdelmaestrocmf.com\\\/portal\\\/#organization\",\"name\":\"Web del Maestro CMF\",\"alternateName\":\"WMCMF\",\"url\":\"https:\\\/\\\/webdelmaestrocmf.com\\\/portal\\\/\",\"logo\":{\"@type\":\"ImageObject\",\"inLanguage\":\"es\",\"@id\":\"https:\\\/\\\/webdelmaestrocmf.com\\\/portal\\\/#\\\/schema\\\/logo\\\/image\\\/\",\"url\":\"https:\\\/\\\/webdelmaestrocmf.com\\\/portal\\\/wp-content\\\/uploads\\\/2023\\\/01\\\/logo-wmcmf-2.png\",\"contentUrl\":\"https:\\\/\\\/webdelmaestrocmf.com\\\/portal\\\/wp-content\\\/uploads\\\/2023\\\/01\\\/logo-wmcmf-2.png\",\"width\":200,\"height\":60,\"caption\":\"Web del Maestro CMF\"},\"image\":{\"@id\":\"https:\\\/\\\/webdelmaestrocmf.com\\\/portal\\\/#\\\/schema\\\/logo\\\/image\\\/\"},\"sameAs\":[\"https:\\\/\\\/www.facebook.com\\\/WebdelMaestroCMF\\\/\",\"https:\\\/\\\/x.com\\\/cmf_w\",\"https:\\\/\\\/www.pinterest.com\\\/WMCMF\\\/\",\"https:\\\/\\\/www.linkedin.com\\\/company\\\/web-del-maestro-cmf\\\/\",\"https:\\\/\\\/www.instagram.com\\\/wmcmf\\\/\",\"https:\\\/\\\/www.youtube.com\\\/channel\\\/UCDPSvjbdodE5sHnC3OxutHw\",\"https:\\\/\\\/mastodon.social\\\/@wmcmf\",\"https:\\\/\\\/www.tiktok.com\\\/@webdelmaestrocmf\"]},{\"@type\":\"Person\",\"@id\":\"https:\\\/\\\/webdelmaestrocmf.com\\\/portal\\\/#\\\/schema\\\/person\\\/1072a2ed7bd960df8ef99a551fa35dc5\",\"name\":\"Web del Maestro CMF\",\"image\":{\"@type\":\"ImageObject\",\"inLanguage\":\"es\",\"@id\":\"https:\\\/\\\/secure.gravatar.com\\\/avatar\\\/23291dd5b5ae1077dcff3dbb04c3e02bd28403fa75af6d8787d5e97c5bbbe30b?s=96&d=mm&r=g\",\"url\":\"https:\\\/\\\/secure.gravatar.com\\\/avatar\\\/23291dd5b5ae1077dcff3dbb04c3e02bd28403fa75af6d8787d5e97c5bbbe30b?s=96&d=mm&r=g\",\"contentUrl\":\"https:\\\/\\\/secure.gravatar.com\\\/avatar\\\/23291dd5b5ae1077dcff3dbb04c3e02bd28403fa75af6d8787d5e97c5bbbe30b?s=96&d=mm&r=g\",\"caption\":\"Web del Maestro CMF\"},\"description\":\"Esta Web se cre\u00f3 sin fines de lucro, con fines educativos, cient\u00edficos y acad\u00e9micos, para personas que tengan dificultades y\\\/o inconvenientes en visualizar el material original. El objetivo es entregar recursos, compartir experiencias y materiales que ayuden a los padres de familia, maestros y estudiantes en su actualizaci\u00f3n y formaci\u00f3n permanente, en bien de la Educaci\u00f3n.\",\"sameAs\":[\"http:\\\/\\\/webdelmaestrocmf.com\\\/portal\",\"https:\\\/\\\/www.facebook.com\\\/WebdelMaestroCMF\\\/\",\"https:\\\/\\\/www.instagram.com\\\/wmcmf\\\/\",\"https:\\\/\\\/cl.linkedin.com\\\/company\\\/web-del-maestro-cmf\",\"https:\\\/\\\/www.pinterest.com\\\/WMCMF\\\/publicaciones\\\/\",\"https:\\\/\\\/x.com\\\/cmf_w\",\"https:\\\/\\\/www.youtube.com\\\/@WMCMF\"]}]}<\/script>\n<!-- \/ Yoast SEO plugin. -->","yoast_head_json":{"title":"Este es el \u00fanico tipo de profesional que \"nunca\" ser\u00e1 reemplazado por la IA, seg\u00fan Jeff Bezos - 2026","description":"En la Italian Tech Week, celebrada en Tur\u00edn, Jeff Bezos abord\u00f3 este debate y entreg\u00f3 una postura que contrasta con los pron\u00f3sticos m\u00e1s...","robots":{"index":"index","follow":"follow","max-snippet":"max-snippet:-1","max-image-preview":"max-image-preview:large","max-video-preview":"max-video-preview:-1"},"canonical":"https:\/\/webdelmaestrocmf.com\/portal\/este-es-el-unico-tipo-de-profesional-que-nunca-sera-reemplazado-por-la-ia-segun-jeff-bezos\/","og_locale":"es_ES","og_type":"article","og_title":"Este es el \u00fanico tipo de profesional que \"nunca\" ser\u00e1 reemplazado por la IA, seg\u00fan Jeff Bezos - 2026","og_description":"En la Italian Tech Week, celebrada en Tur\u00edn, Jeff Bezos abord\u00f3 este debate y entreg\u00f3 una postura que contrasta con los pron\u00f3sticos m\u00e1s...","og_url":"https:\/\/webdelmaestrocmf.com\/portal\/este-es-el-unico-tipo-de-profesional-que-nunca-sera-reemplazado-por-la-ia-segun-jeff-bezos\/","og_site_name":"Web del Maestro CMF","article_publisher":"https:\/\/www.facebook.com\/WebdelMaestroCMF\/","article_author":"https:\/\/www.facebook.com\/WebdelMaestroCMF\/","article_published_time":"2025-11-13T23:29:12+00:00","article_modified_time":"2025-11-16T15:35:54+00:00","og_image":[{"width":1000,"height":667,"url":"https:\/\/webdelmaestrocmf.com\/portal\/wp-content\/uploads\/2025\/11\/1A-Banner-1-portada-imagen-10-1-copia-5-2.webp","type":"image\/webp"}],"author":"Web del Maestro CMF","twitter_card":"summary_large_image","twitter_creator":"@cmf_w","twitter_site":"@cmf_w","schema":{"@context":"https:\/\/schema.org","@graph":[{"@type":"ScholarlyArticle","@id":"https:\/\/webdelmaestrocmf.com\/portal\/este-es-el-unico-tipo-de-profesional-que-nunca-sera-reemplazado-por-la-ia-segun-jeff-bezos\/#article","isPartOf":{"@id":"https:\/\/webdelmaestrocmf.com\/portal\/este-es-el-unico-tipo-de-profesional-que-nunca-sera-reemplazado-por-la-ia-segun-jeff-bezos\/"},"author":{"name":"Web del Maestro CMF","@id":"https:\/\/webdelmaestrocmf.com\/portal\/#\/schema\/person\/1072a2ed7bd960df8ef99a551fa35dc5"},"headline":"Este es el \u00fanico tipo de profesional que \u00abnunca\u00bb ser\u00e1 reemplazado por la IA, seg\u00fan Jeff Bezos","datePublished":"2025-11-13T23:29:12+00:00","dateModified":"2025-11-16T15:35:54+00:00","mainEntityOfPage":{"@id":"https:\/\/webdelmaestrocmf.com\/portal\/este-es-el-unico-tipo-de-profesional-que-nunca-sera-reemplazado-por-la-ia-segun-jeff-bezos\/"},"wordCount":585,"commentCount":0,"publisher":{"@id":"https:\/\/webdelmaestrocmf.com\/portal\/#organization"},"image":{"@id":"https:\/\/webdelmaestrocmf.com\/portal\/este-es-el-unico-tipo-de-profesional-que-nunca-sera-reemplazado-por-la-ia-segun-jeff-bezos\/#primaryimage"},"thumbnailUrl":"https:\/\/webdelmaestrocmf.com\/portal\/wp-content\/uploads\/2025\/11\/1A-Banner-1-portada-imagen-10-1-copia-5-2.webp","keywords":["Avances tecnol\u00f3gicos","Creatividad humana","Futuro laboral","IA","Innovaci\u00f3n","INTELIGENCIA ARTIFICIAL","Jeff Bezos","Profesiones del futuro","tecnolog\u00eda","Trabajo humano"],"articleSection":["Noticias Internacionales"],"inLanguage":"es","potentialAction":[{"@type":"CommentAction","name":"Comment","target":["https:\/\/webdelmaestrocmf.com\/portal\/este-es-el-unico-tipo-de-profesional-que-nunca-sera-reemplazado-por-la-ia-segun-jeff-bezos\/#respond"]}]},{"@type":"WebPage","@id":"https:\/\/webdelmaestrocmf.com\/portal\/este-es-el-unico-tipo-de-profesional-que-nunca-sera-reemplazado-por-la-ia-segun-jeff-bezos\/","url":"https:\/\/webdelmaestrocmf.com\/portal\/este-es-el-unico-tipo-de-profesional-que-nunca-sera-reemplazado-por-la-ia-segun-jeff-bezos\/","name":"Este es el \u00fanico tipo de profesional que \"nunca\" ser\u00e1 reemplazado por la IA, seg\u00fan Jeff Bezos - 2026","isPartOf":{"@id":"https:\/\/webdelmaestrocmf.com\/portal\/#website"},"primaryImageOfPage":{"@id":"https:\/\/webdelmaestrocmf.com\/portal\/este-es-el-unico-tipo-de-profesional-que-nunca-sera-reemplazado-por-la-ia-segun-jeff-bezos\/#primaryimage"},"image":{"@id":"https:\/\/webdelmaestrocmf.com\/portal\/este-es-el-unico-tipo-de-profesional-que-nunca-sera-reemplazado-por-la-ia-segun-jeff-bezos\/#primaryimage"},"thumbnailUrl":"https:\/\/webdelmaestrocmf.com\/portal\/wp-content\/uploads\/2025\/11\/1A-Banner-1-portada-imagen-10-1-copia-5-2.webp","datePublished":"2025-11-13T23:29:12+00:00","dateModified":"2025-11-16T15:35:54+00:00","description":"En la Italian Tech Week, celebrada en Tur\u00edn, Jeff Bezos abord\u00f3 este debate y entreg\u00f3 una postura que contrasta con los pron\u00f3sticos m\u00e1s...","breadcrumb":{"@id":"https:\/\/webdelmaestrocmf.com\/portal\/este-es-el-unico-tipo-de-profesional-que-nunca-sera-reemplazado-por-la-ia-segun-jeff-bezos\/#breadcrumb"},"inLanguage":"es","potentialAction":[{"@type":"ReadAction","target":["https:\/\/webdelmaestrocmf.com\/portal\/este-es-el-unico-tipo-de-profesional-que-nunca-sera-reemplazado-por-la-ia-segun-jeff-bezos\/"]}]},{"@type":"ImageObject","inLanguage":"es","@id":"https:\/\/webdelmaestrocmf.com\/portal\/este-es-el-unico-tipo-de-profesional-que-nunca-sera-reemplazado-por-la-ia-segun-jeff-bezos\/#primaryimage","url":"https:\/\/webdelmaestrocmf.com\/portal\/wp-content\/uploads\/2025\/11\/1A-Banner-1-portada-imagen-10-1-copia-5-2.webp","contentUrl":"https:\/\/webdelmaestrocmf.com\/portal\/wp-content\/uploads\/2025\/11\/1A-Banner-1-portada-imagen-10-1-copia-5-2.webp","width":1000,"height":667},{"@type":"BreadcrumbList","@id":"https:\/\/webdelmaestrocmf.com\/portal\/este-es-el-unico-tipo-de-profesional-que-nunca-sera-reemplazado-por-la-ia-segun-jeff-bezos\/#breadcrumb","itemListElement":[{"@type":"ListItem","position":1,"name":"Portada","item":"https:\/\/webdelmaestrocmf.com\/portal\/"},{"@type":"ListItem","position":2,"name":"Noticias Internacionales","item":"https:\/\/webdelmaestrocmf.com\/portal\/category\/noticias-internacionales\/"},{"@type":"ListItem","position":3,"name":"Este es el \u00fanico tipo de profesional que \u00abnunca\u00bb ser\u00e1 reemplazado por la IA, seg\u00fan Jeff Bezos"}]},{"@type":"WebSite","@id":"https:\/\/webdelmaestrocmf.com\/portal\/#website","url":"https:\/\/webdelmaestrocmf.com\/portal\/","name":"Web del Maestro CMF","description":"Maestros al servicio de la educaci\u00f3n","publisher":{"@id":"https:\/\/webdelmaestrocmf.com\/portal\/#organization"},"alternateName":"WMCMF","potentialAction":[{"@type":"SearchAction","target":{"@type":"EntryPoint","urlTemplate":"https:\/\/webdelmaestrocmf.com\/portal\/?s={search_term_string}"},"query-input":{"@type":"PropertyValueSpecification","valueRequired":true,"valueName":"search_term_string"}}],"inLanguage":"es"},{"@type":"Organization","@id":"https:\/\/webdelmaestrocmf.com\/portal\/#organization","name":"Web del Maestro CMF","alternateName":"WMCMF","url":"https:\/\/webdelmaestrocmf.com\/portal\/","logo":{"@type":"ImageObject","inLanguage":"es","@id":"https:\/\/webdelmaestrocmf.com\/portal\/#\/schema\/logo\/image\/","url":"https:\/\/webdelmaestrocmf.com\/portal\/wp-content\/uploads\/2023\/01\/logo-wmcmf-2.png","contentUrl":"https:\/\/webdelmaestrocmf.com\/portal\/wp-content\/uploads\/2023\/01\/logo-wmcmf-2.png","width":200,"height":60,"caption":"Web del Maestro CMF"},"image":{"@id":"https:\/\/webdelmaestrocmf.com\/portal\/#\/schema\/logo\/image\/"},"sameAs":["https:\/\/www.facebook.com\/WebdelMaestroCMF\/","https:\/\/x.com\/cmf_w","https:\/\/www.pinterest.com\/WMCMF\/","https:\/\/www.linkedin.com\/company\/web-del-maestro-cmf\/","https:\/\/www.instagram.com\/wmcmf\/","https:\/\/www.youtube.com\/channel\/UCDPSvjbdodE5sHnC3OxutHw","https:\/\/mastodon.social\/@wmcmf","https:\/\/www.tiktok.com\/@webdelmaestrocmf"]},{"@type":"Person","@id":"https:\/\/webdelmaestrocmf.com\/portal\/#\/schema\/person\/1072a2ed7bd960df8ef99a551fa35dc5","name":"Web del Maestro CMF","image":{"@type":"ImageObject","inLanguage":"es","@id":"https:\/\/secure.gravatar.com\/avatar\/23291dd5b5ae1077dcff3dbb04c3e02bd28403fa75af6d8787d5e97c5bbbe30b?s=96&d=mm&r=g","url":"https:\/\/secure.gravatar.com\/avatar\/23291dd5b5ae1077dcff3dbb04c3e02bd28403fa75af6d8787d5e97c5bbbe30b?s=96&d=mm&r=g","contentUrl":"https:\/\/secure.gravatar.com\/avatar\/23291dd5b5ae1077dcff3dbb04c3e02bd28403fa75af6d8787d5e97c5bbbe30b?s=96&d=mm&r=g","caption":"Web del Maestro CMF"},"description":"Esta Web se cre\u00f3 sin fines de lucro, con fines educativos, cient\u00edficos y acad\u00e9micos, para personas que tengan dificultades y\/o inconvenientes en visualizar el material original. El objetivo es entregar recursos, compartir experiencias y materiales que ayuden a los padres de familia, maestros y estudiantes en su actualizaci\u00f3n y formaci\u00f3n permanente, en bien de la Educaci\u00f3n.","sameAs":["http:\/\/webdelmaestrocmf.com\/portal","https:\/\/www.facebook.com\/WebdelMaestroCMF\/","https:\/\/www.instagram.com\/wmcmf\/","https:\/\/cl.linkedin.com\/company\/web-del-maestro-cmf","https:\/\/www.pinterest.com\/WMCMF\/publicaciones\/","https:\/\/x.com\/cmf_w","https:\/\/www.youtube.com\/@WMCMF"]}]}},"jetpack_featured_media_url":"https:\/\/webdelmaestrocmf.com\/portal\/wp-content\/uploads\/2025\/11\/1A-Banner-1-portada-imagen-10-1-copia-5-2.webp","jetpack_sharing_enabled":true,"jetpack-related-posts":[{"id":89928,"url":"https:\/\/webdelmaestrocmf.com\/portal\/si-como-docente-no-cree-importante-entender-que-es-o-como-funciona-la-ia-considera-seriamente-la-opcion-de-no-impartir-clases\/","url_meta":{"origin":113479,"position":0},"title":"Si como docente no cree importante entender \u00abqu\u00e9 es\u00bb o \u00abc\u00f3mo funciona\u00bb la IA \u00bfHa considerado seriamente la opci\u00f3n de no impartir clases?","author":"Web del Maestro CMF","date":"8 junio, 2023","format":false,"excerpt":"La inteligencia artificial (IA) se est\u00e1 volviendo cada vez m\u00e1s relevante en diversas \u00e1reas de la sociedad, incluida la educaci\u00f3n. Comprender qu\u00e9 es y c\u00f3mo funciona la IA puede ser beneficioso para los docentes, puesto que les permite estar mejor preparados para ense\u00f1ar a los estudiantes sobre esta tecnolog\u00eda emergente.\u2026","rel":"","context":"En \u00abChatGPT\u00bb","block_context":{"text":"ChatGPT","link":"https:\/\/webdelmaestrocmf.com\/portal\/category\/tecnologia\/chatgpt\/"},"img":{"alt_text":"","src":"https:\/\/i0.wp.com\/webdelmaestrocmf.com\/portal\/wp-content\/uploads\/2023\/06\/A12B3C4D-2023-06-08T123022.991.jpg?resize=350%2C200&ssl=1","width":350,"height":200,"srcset":"https:\/\/i0.wp.com\/webdelmaestrocmf.com\/portal\/wp-content\/uploads\/2023\/06\/A12B3C4D-2023-06-08T123022.991.jpg?resize=350%2C200&ssl=1 1x, https:\/\/i0.wp.com\/webdelmaestrocmf.com\/portal\/wp-content\/uploads\/2023\/06\/A12B3C4D-2023-06-08T123022.991.jpg?resize=525%2C300&ssl=1 1.5x, https:\/\/i0.wp.com\/webdelmaestrocmf.com\/portal\/wp-content\/uploads\/2023\/06\/A12B3C4D-2023-06-08T123022.991.jpg?resize=700%2C400&ssl=1 2x"},"classes":[]},{"id":88325,"url":"https:\/\/webdelmaestrocmf.com\/portal\/margaret-boden-la-emocion-puede-resultar-lo-mas-ajeno-a-la-inteligencia-emocional\/","url_meta":{"origin":113479,"position":1},"title":"Margaret Boden: La emoci\u00f3n puede resultar lo m\u00e1s ajeno a la inteligencia emocional","author":"Web del Maestro CMF","date":"1 mayo, 2023","format":false,"excerpt":"La profesora de nacionalidad brit\u00e1nica Margaret Ann Boden (Londres 1936) -Maggie para los amigos- es una especialista sobre investigaci\u00f3n de ciencia cognitiva en el departamento de inform\u00e1tica en la Universidad de Sussex (Reino Unido), trabaja muy cercana a los campos de inteligencia artificial, psicolog\u00eda, filosof\u00eda, ciencia cognitiva e inform\u00e1tica, y\u2026","rel":"","context":"En \u00abEntrevistas\u00bb","block_context":{"text":"Entrevistas","link":"https:\/\/webdelmaestrocmf.com\/portal\/category\/noticias\/entrevistas\/"},"img":{"alt_text":"","src":"https:\/\/i0.wp.com\/webdelmaestrocmf.com\/portal\/wp-content\/uploads\/2023\/05\/A12B3C4D-23.jpg?resize=350%2C200&ssl=1","width":350,"height":200,"srcset":"https:\/\/i0.wp.com\/webdelmaestrocmf.com\/portal\/wp-content\/uploads\/2023\/05\/A12B3C4D-23.jpg?resize=350%2C200&ssl=1 1x, https:\/\/i0.wp.com\/webdelmaestrocmf.com\/portal\/wp-content\/uploads\/2023\/05\/A12B3C4D-23.jpg?resize=525%2C300&ssl=1 1.5x, https:\/\/i0.wp.com\/webdelmaestrocmf.com\/portal\/wp-content\/uploads\/2023\/05\/A12B3C4D-23.jpg?resize=700%2C400&ssl=1 2x"},"classes":[]},{"id":109225,"url":"https:\/\/webdelmaestrocmf.com\/portal\/bill-gates-advierte-en-diez-anos-la-inteligencia-artificial-hara-innecesarios-a-los-humanos\/","url_meta":{"origin":113479,"position":2},"title":"Bill Gates advierte: \u201cEn diez a\u00f1os, la inteligencia artificial har\u00e1 innecesarios a los humanos\u201d","author":"Web del Maestro CMF","date":"7 junio, 2025","format":false,"excerpt":"El medio Caracol Noticias, a trav\u00e9s de un reportaje de Danna Sof\u00eda Su\u00e1rez Galeano, recogi\u00f3 recientes declaraciones de Bill Gates en las que expone su visi\u00f3n \u2014y advertencia\u2014 sobre el futuro inmediato de la inteligencia artificial (IA). Gates, fundador de Microsoft y referente global en temas tecnol\u00f3gicos, habl\u00f3 en The\u2026","rel":"","context":"En \u00abEntrevistas\u00bb","block_context":{"text":"Entrevistas","link":"https:\/\/webdelmaestrocmf.com\/portal\/category\/noticias\/entrevistas\/"},"img":{"alt_text":"","src":"https:\/\/i0.wp.com\/webdelmaestrocmf.com\/portal\/wp-content\/uploads\/2025\/06\/1A-Banner-1-portada-imagen-10-1-18.jpg?resize=350%2C200&ssl=1","width":350,"height":200,"srcset":"https:\/\/i0.wp.com\/webdelmaestrocmf.com\/portal\/wp-content\/uploads\/2025\/06\/1A-Banner-1-portada-imagen-10-1-18.jpg?resize=350%2C200&ssl=1 1x, https:\/\/i0.wp.com\/webdelmaestrocmf.com\/portal\/wp-content\/uploads\/2025\/06\/1A-Banner-1-portada-imagen-10-1-18.jpg?resize=525%2C300&ssl=1 1.5x, https:\/\/i0.wp.com\/webdelmaestrocmf.com\/portal\/wp-content\/uploads\/2025\/06\/1A-Banner-1-portada-imagen-10-1-18.jpg?resize=700%2C400&ssl=1 2x"},"classes":[]},{"id":118260,"url":"https:\/\/webdelmaestrocmf.com\/portal\/la-ia-elimina-16-carreras-universitarias-en-china\/","url_meta":{"origin":113479,"position":3},"title":"La IA elimina 16 carreras universitarias en China","author":"Web del Maestro CMF","date":"24 abril, 2026","format":false,"excerpt":"La inteligencia artificial ya est\u00e1 transformando carreras y el mercado laboral. La educaci\u00f3n debe adaptarse con urgencia, priorizando habilidades cr\u00edticas, pensamiento aut\u00f3nomo y uso consciente de tecnolog\u00eda para no quedar rezagada.","rel":"","context":"En \u00abNoticias Internacionales\u00bb","block_context":{"text":"Noticias Internacionales","link":"https:\/\/webdelmaestrocmf.com\/portal\/category\/noticias-internacionales\/"},"img":{"alt_text":"","src":"https:\/\/i0.wp.com\/webdelmaestrocmf.com\/portal\/wp-content\/uploads\/2026\/04\/1AA-Banner-1-portada-imagen-10-1-copia-10-2.webp?resize=350%2C200&ssl=1","width":350,"height":200,"srcset":"https:\/\/i0.wp.com\/webdelmaestrocmf.com\/portal\/wp-content\/uploads\/2026\/04\/1AA-Banner-1-portada-imagen-10-1-copia-10-2.webp?resize=350%2C200&ssl=1 1x, https:\/\/i0.wp.com\/webdelmaestrocmf.com\/portal\/wp-content\/uploads\/2026\/04\/1AA-Banner-1-portada-imagen-10-1-copia-10-2.webp?resize=525%2C300&ssl=1 1.5x, https:\/\/i0.wp.com\/webdelmaestrocmf.com\/portal\/wp-content\/uploads\/2026\/04\/1AA-Banner-1-portada-imagen-10-1-copia-10-2.webp?resize=700%2C400&ssl=1 2x, https:\/\/i0.wp.com\/webdelmaestrocmf.com\/portal\/wp-content\/uploads\/2026\/04\/1AA-Banner-1-portada-imagen-10-1-copia-10-2.webp?resize=1050%2C600&ssl=1 3x"},"classes":[]},{"id":88649,"url":"https:\/\/webdelmaestrocmf.com\/portal\/recomendaciones-sobre-la-etica-de-la-inteligencia-artificial-propuesta-por-la-unesco\/","url_meta":{"origin":113479,"position":4},"title":"Recomendaciones sobre la \u00c9tica de la Inteligencia Artificial propuesta por la UNESCO","author":"Web del Maestro CMF","date":"7 mayo, 2023","format":false,"excerpt":"La educaci\u00f3n entendida como un proceso que facilita el perfeccionamiento de habilidades o capacidades propias del individuo, \u201cmediante el aprendizaje o la construcci\u00f3n de conocimientos, as\u00ed como tambi\u00e9n de las virtudes, creencias, h\u00e1bitos, u otras caracter\u00edsticas del ser\u201d, siempre ha estado atenta a las tecnolog\u00edas en desarrollo como la rob\u00f3tica,\u2026","rel":"","context":"En \u00abYo opino - WMCMF\u00bb","block_context":{"text":"Yo opino - WMCMF","link":"https:\/\/webdelmaestrocmf.com\/portal\/category\/jamb\/"},"img":{"alt_text":"","src":"https:\/\/i0.wp.com\/webdelmaestrocmf.com\/portal\/wp-content\/uploads\/2023\/05\/A12B3C4D-64.jpg?resize=350%2C200&ssl=1","width":350,"height":200,"srcset":"https:\/\/i0.wp.com\/webdelmaestrocmf.com\/portal\/wp-content\/uploads\/2023\/05\/A12B3C4D-64.jpg?resize=350%2C200&ssl=1 1x, https:\/\/i0.wp.com\/webdelmaestrocmf.com\/portal\/wp-content\/uploads\/2023\/05\/A12B3C4D-64.jpg?resize=525%2C300&ssl=1 1.5x, https:\/\/i0.wp.com\/webdelmaestrocmf.com\/portal\/wp-content\/uploads\/2023\/05\/A12B3C4D-64.jpg?resize=700%2C400&ssl=1 2x"},"classes":[]},{"id":107799,"url":"https:\/\/webdelmaestrocmf.com\/portal\/la-inteligencia-humana-vs-inteligencia-artificial-nadie-reemplazara-al-maestro\/","url_meta":{"origin":113479,"position":5},"title":"La inteligencia humana VS inteligencia artificial: nadie reemplazar\u00e1 al Maestro\u00a0","author":"Web del Maestro CMF","date":"1 febrero, 2025","format":false,"excerpt":"La inteligencia en la IA ha evolucionado con el tiempo, tomando ideas de varias disciplinas. Un punto clave fue en 1956, cuando John McCarthy organiz\u00f3 un congreso en Dartmouth y defini\u00f3 la IA como la capacidad de una m\u00e1quina para mostrar un comportamiento inteligente similar al humano. Desde entonces, la\u2026","rel":"","context":"En \u00abYo opino - WMCMF\u00bb","block_context":{"text":"Yo opino - WMCMF","link":"https:\/\/webdelmaestrocmf.com\/portal\/category\/jamb\/"},"img":{"alt_text":"","src":"https:\/\/i0.wp.com\/webdelmaestrocmf.com\/portal\/wp-content\/uploads\/2025\/02\/1A-Banner-1-portada-imagen-10-1-49.jpg?resize=350%2C200&ssl=1","width":350,"height":200,"srcset":"https:\/\/i0.wp.com\/webdelmaestrocmf.com\/portal\/wp-content\/uploads\/2025\/02\/1A-Banner-1-portada-imagen-10-1-49.jpg?resize=350%2C200&ssl=1 1x, https:\/\/i0.wp.com\/webdelmaestrocmf.com\/portal\/wp-content\/uploads\/2025\/02\/1A-Banner-1-portada-imagen-10-1-49.jpg?resize=525%2C300&ssl=1 1.5x, https:\/\/i0.wp.com\/webdelmaestrocmf.com\/portal\/wp-content\/uploads\/2025\/02\/1A-Banner-1-portada-imagen-10-1-49.jpg?resize=700%2C400&ssl=1 2x"},"classes":[]}],"_links":{"self":[{"href":"https:\/\/webdelmaestrocmf.com\/portal\/wp-json\/wp\/v2\/posts\/113479","targetHints":{"allow":["GET"]}}],"collection":[{"href":"https:\/\/webdelmaestrocmf.com\/portal\/wp-json\/wp\/v2\/posts"}],"about":[{"href":"https:\/\/webdelmaestrocmf.com\/portal\/wp-json\/wp\/v2\/types\/post"}],"author":[{"embeddable":true,"href":"https:\/\/webdelmaestrocmf.com\/portal\/wp-json\/wp\/v2\/users\/1"}],"replies":[{"embeddable":true,"href":"https:\/\/webdelmaestrocmf.com\/portal\/wp-json\/wp\/v2\/comments?post=113479"}],"version-history":[{"count":1,"href":"https:\/\/webdelmaestrocmf.com\/portal\/wp-json\/wp\/v2\/posts\/113479\/revisions"}],"predecessor-version":[{"id":113481,"href":"https:\/\/webdelmaestrocmf.com\/portal\/wp-json\/wp\/v2\/posts\/113479\/revisions\/113481"}],"wp:featuredmedia":[{"embeddable":true,"href":"https:\/\/webdelmaestrocmf.com\/portal\/wp-json\/wp\/v2\/media\/113482"}],"wp:attachment":[{"href":"https:\/\/webdelmaestrocmf.com\/portal\/wp-json\/wp\/v2\/media?parent=113479"}],"wp:term":[{"taxonomy":"category","embeddable":true,"href":"https:\/\/webdelmaestrocmf.com\/portal\/wp-json\/wp\/v2\/categories?post=113479"},{"taxonomy":"post_tag","embeddable":true,"href":"https:\/\/webdelmaestrocmf.com\/portal\/wp-json\/wp\/v2\/tags?post=113479"}],"curies":[{"name":"wp","href":"https:\/\/api.w.org\/{rel}","templated":true}]}}