{"id":113468,"date":"2025-11-12T22:55:31","date_gmt":"2025-11-13T01:55:31","guid":{"rendered":"https:\/\/webdelmaestrocmf.com\/portal\/?p=113468"},"modified":"2025-11-12T23:43:41","modified_gmt":"2025-11-13T02:43:41","slug":"crisis-de-bienestar-docente-en-cataluna-el-84-del-profesorado-declara-sentirse-exhausto","status":"publish","type":"post","link":"https:\/\/webdelmaestrocmf.com\/portal\/crisis-de-bienestar-docente-en-cataluna-el-84-del-profesorado-declara-sentirse-exhausto\/","title":{"rendered":"Crisis de bienestar docente en Catalu\u00f1a: el 84% del profesorado declara sentirse exhausto"},"content":{"rendered":"\n<p>La situaci\u00f3n del profesorado catal\u00e1n atraviesa uno de sus momentos m\u00e1s cr\u00edticos. Seg\u00fan un informe publicado por el sindicato USTEC-STEs, basado en las respuestas de <strong>10.400 docentes de la escuela p\u00fablica<\/strong> (aproximadamente un 12% del total), <strong>el 84% afirma sentirse exhausto<\/strong> con su trabajo. Los resultados, catalogados como \u201cdemoledores\u201d por los autores, describen un malestar generalizado que poco tiene que ver con la retribuci\u00f3n econ\u00f3mica y s\u00ed con las condiciones estructurales del sistema educativo.<\/p>\n\n\n\n<h2 class=\"wp-block-heading\"><strong>Los cuatro factores de estr\u00e9s que m\u00e1s impactan al profesorado<\/strong><\/h2>\n\n\n\n<p>El estudio identifica <strong>cuatro elementos clave<\/strong> que explican el desgaste:<br><strong>ratios elevadas, burocracia creciente, curr\u00edculums poco adecuados y falta de recursos para atender la diversidad<\/strong>.<\/p>\n\n\n\n<h3 class=\"wp-block-heading\">1. <strong>Burocracia en aumento<\/strong><\/h3>\n\n\n\n<p>Dos tercios del profesorado denuncian que la carga administrativa se ha convertido en un obst\u00e1culo que les quita tiempo pedag\u00f3gico.<br>El <strong>84%<\/strong> considera la burocracia un \u201cproblema grave\u201d y afirma que sigue aumentando a\u00f1o tras a\u00f1o sin aportar valor educativo.<\/p>\n\n\n\n<h3 class=\"wp-block-heading\">2. <strong>Ratios a\u00fan elevadas<\/strong><\/h3>\n\n\n\n<p>Aunque el Gobierno ha anunciado una futura reducci\u00f3n de alumnos por aula \u201422 en primaria y 25 en ESO\u2014, hoy los docentes siguen gestionando grupos numerosos, situaci\u00f3n que intensifica la sensaci\u00f3n de saturaci\u00f3n en el aula.<br>Los docentes valoran positivamente el anuncio, pero la medida a\u00fan est\u00e1 en proceso legislativo.<\/p>\n\n\n\n<h3 class=\"wp-block-heading\">3. <strong>Curr\u00edculums desconectados de la realidad<\/strong><\/h3>\n\n\n\n<p>El <strong>73%<\/strong> de los profesores considera que los curr\u00edculums introducidos por los decretos de 2022 son \u201cpoco adecuados o desconectados de las necesidades reales\u201d.<br>La cr\u00edtica se suma a las protestas de profesorado de \u00e1reas como filosof\u00eda, lengua y ciencias por la reducci\u00f3n de horas en bachillerato.<\/p>\n\n\n\n<h3 class=\"wp-block-heading\">4. <strong>Falta de recursos para la escuela inclusiva<\/strong><\/h3>\n\n\n\n<p>Es la queja m\u00e1s contundente: <strong>el 88% expresa total insatisfacci\u00f3n<\/strong> con los recursos disponibles para atender la diversidad y las necesidades educativas especiales.<br>Esta carencia compromete la implementaci\u00f3n real de un modelo inclusivo y genera frustraci\u00f3n en el profesorado.<\/p>\n\n\n\n<h2 class=\"wp-block-heading\"><strong>Tiempo insuficiente y horarios cuestionados<\/strong><\/h2>\n\n\n\n<p>La falta de tiempo para preparar clases aparece como una preocupaci\u00f3n recurrente.<br>A ello se suma el descontento por el calendario escolar:<br>el <strong>70%<\/strong> rechaza el inicio del curso antes del 11 de septiembre, y el <strong>88%<\/strong> prefiere mantener la <strong>jornada compactada<\/strong>.<\/p>\n\n\n\n<h2 class=\"wp-block-heading\"><strong>Un desgaste que amenaza la continuidad de la profesi\u00f3n<\/strong><\/h2>\n\n\n\n<p>Este informe se publica un a\u00f1o despu\u00e9s de que otro estudio del sindicato revelara que <strong>el 36% de los docentes estaba dispuesto a abandonar la profesi\u00f3n<\/strong>.<br>La percepci\u00f3n sobre la proyecci\u00f3n social tampoco ayuda:<br><strong>el 87% cree que el prestigio de la docencia ha disminuido<\/strong>, y <strong>casi el 90%<\/strong> siente que la administraci\u00f3n no cuenta con ellos en la toma de decisiones.<\/p>\n\n\n\n<h2 class=\"wp-block-heading\"><strong>Salario: insatisfacci\u00f3n moderada, pero presente<\/strong><\/h2>\n\n\n\n<p>Aunque el sueldo no lidera las quejas, un <strong>58%<\/strong> del profesorado manifiesta disconformidad con su retribuci\u00f3n y con la p\u00e9rdida de poder adquisitivo acumulada en la \u00faltima d\u00e9cada.<\/p>\n\n\n\n<h2 class=\"wp-block-heading\"><strong>Un clima de movilizaci\u00f3n creciente<\/strong><\/h2>\n\n\n\n<p>La encuesta se publica d\u00edas antes de la <strong>manifestaci\u00f3n del 15 de octubre<\/strong>, convocada por todos los sindicatos, y coincide con un clima de protesta sostenida.<br>Tambi\u00e9n se suman las reivindicaciones de los directores de escuelas e institutos de Barcelona y la preocupaci\u00f3n de docentes de distintas materias ante los recortes horarios.<\/p>\n\n\n\n<h2 class=\"wp-block-heading\"><strong>Conclusiones del informe: una llamada urgente a la acci\u00f3n<\/strong><\/h2>\n\n\n\n<p>Los autores del estudio concluyen que existe un <strong>desgaste generalizado<\/strong> que afecta al bienestar docente y, en consecuencia, a la calidad educativa.<br>Recomiendan acciones urgentes en los siguientes \u00e1mbitos:<\/p>\n\n\n\n<ul class=\"wp-block-list\">\n<li>Reducci\u00f3n real de burocracia y carga de trabajo.<\/li>\n\n\n\n<li>Refuerzo de recursos para la escuela inclusiva.<\/li>\n\n\n\n<li>Revisi\u00f3n de curr\u00edculums y dotaci\u00f3n horaria.<\/li>\n\n\n\n<li>Mejora del prestigio y la imagen p\u00fablica del profesorado.<\/li>\n\n\n\n<li>Mayor participaci\u00f3n docente en la toma de decisiones educativas.<\/li>\n\n\n\n<li>Revisi\u00f3n del calendario y los horarios escolares.<\/li>\n<\/ul>\n\n\n\n<p>El informe advierte que, sin medidas estructurales y sostenidas, el sistema educativo corre el riesgo de profundizar su crisis y perder a una parte significativa de sus profesionales.<\/p>\n\n\n\n<p class=\"has-text-align-right\"><strong>Redacci\u00f3n | Web del Maestro CMF<\/strong><\/p>\n\n\n\t\t<div class=\"pk-inline-posts\">\n\t\t\t\n\t\t\t<div class=\"pk-inline-posts-container pk-inline-posts-template-list\"\n\t\t\t\tdata-columns=\"1\">\n\t\t\t\t\t\t<article id=\"post-118505\" class=\"post-118505 post type-post status-publish format-standard has-post-thumbnail category-noticias-internacionales tag-acoso-laboral-docente tag-clima-laboral-educativo tag-denuncia-laboral tag-derechos-laborales-docentes tag-ley-karin tag-maltrato-en-escuelas tag-salud-mental-docente tag-sistema-educativo-crisis tag-violencia-en-escuelas cs-entry cs-video-wrap\">\n\t\t\t<div class=\"pk-post-outer\">\n\n\t\t\t\t\t\t\t\t<div class=\"pk-post-inner\">\n\t\t\t\t\t<div class=\"entry-thumbnail\">\n\t\t\t\t\t\t<div class=\"pk-overlay pk-overlay-ratio pk-ratio-landscape\">\n\t\t\t\t\t\t\t<div class=\"pk-overlay-background\">\n\t\t\t\t\t\t\t\t<a href=\"https:\/\/webdelmaestrocmf.com\/portal\/maestra-consulta-que-hacer-tras-sufrir-acoso-laboral-por-parte-de-una-profesora-y-directora-teme-denunciar-y-quedar-vetada-de-por-vida-como-se-debe-de-proceder-en-estos-casos\/\" class=\"pk-overlay-link\">\n\t\t\t\t\t\t\t\t\t<img loading=\"lazy\" decoding=\"async\" width=\"300\" height=\"225\" src=\"https:\/\/webdelmaestrocmf.com\/portal\/wp-content\/uploads\/2026\/04\/1AA-Banner-1-portada-imagen-10-1-copia-4-4-300x225.webp\" class=\"attachment-pk-thumbnail size-pk-thumbnail wp-post-image\" alt=\"\" \/>\t\t\t\t\t\t\t\t<\/a>\n\t\t\t\t\t\t\t<\/div>\n\t\t\t\t\t\t<\/div>\n\t\t\t\t\t<\/div>\n\t\t\t\t<\/div>\n\t\t\t\t\n\t\t\t\t<div class=\"pk-post-inner\">\n\t\t\t\t\t<header>\n\t\t\t\t\t\t<h3 class=\"pk-title\"><a href=\"https:\/\/webdelmaestrocmf.com\/portal\/maestra-consulta-que-hacer-tras-sufrir-acoso-laboral-por-parte-de-una-profesora-y-directora-teme-denunciar-y-quedar-vetada-de-por-vida-como-se-debe-de-proceder-en-estos-casos\/\" rel=\"bookmark\">Maestra consulta qu\u00e9 hacer tras sufrir acoso laboral por parte de una profesora y directora, teme denunciar y quedar vetada de por vida \u00bfC\u00f3mo se debe de proceder en estos casos?<\/a><\/h3>\t\t\t\t\t<\/header><!-- .entry-header -->\n\t\t\t\t<\/div><!-- .post-inner -->\n\n\t\t\t<\/div><!-- .post-outer -->\n\t\t<\/article>\n\t\t\t<article id=\"post-118473\" class=\"post-118473 post type-post status-publish format-standard has-post-thumbnail category-noticias-internacionales tag-convivencia tag-docentes tag-educacion-3 tag-gestion-escolar-2 tag-protocolos tag-salud-mental tag-seguridad-escolar tag-simulacros tag-violencia-escolar cs-entry cs-video-wrap\">\n\t\t\t<div class=\"pk-post-outer\">\n\n\t\t\t\t\t\t\t\t<div class=\"pk-post-inner\">\n\t\t\t\t\t<div class=\"entry-thumbnail\">\n\t\t\t\t\t\t<div class=\"pk-overlay pk-overlay-ratio pk-ratio-landscape\">\n\t\t\t\t\t\t\t<div class=\"pk-overlay-background\">\n\t\t\t\t\t\t\t\t<a href=\"https:\/\/webdelmaestrocmf.com\/portal\/se-confirma-que-habra-simulacros-de-tiroteos-en-las-escuelas\/\" class=\"pk-overlay-link\">\n\t\t\t\t\t\t\t\t\t<img loading=\"lazy\" decoding=\"async\" width=\"300\" height=\"225\" src=\"https:\/\/webdelmaestrocmf.com\/portal\/wp-content\/uploads\/2026\/04\/1AA-Banner-1-portada-imagen-10-1-copia-1-11-300x225.webp\" class=\"attachment-pk-thumbnail size-pk-thumbnail wp-post-image\" alt=\"\" \/>\t\t\t\t\t\t\t\t<\/a>\n\t\t\t\t\t\t\t<\/div>\n\t\t\t\t\t\t<\/div>\n\t\t\t\t\t<\/div>\n\t\t\t\t<\/div>\n\t\t\t\t\n\t\t\t\t<div class=\"pk-post-inner\">\n\t\t\t\t\t<header>\n\t\t\t\t\t\t<h3 class=\"pk-title\"><a href=\"https:\/\/webdelmaestrocmf.com\/portal\/se-confirma-que-habra-simulacros-de-tiroteos-en-las-escuelas\/\" rel=\"bookmark\">Se confirma que habr\u00e1 simulacros de tiroteos en las escuelas<\/a><\/h3>\t\t\t\t\t<\/header><!-- .entry-header -->\n\t\t\t\t<\/div><!-- .post-inner -->\n\n\t\t\t<\/div><!-- .post-outer -->\n\t\t<\/article>\n\t\t\t<article id=\"post-118464\" class=\"post-118464 post type-post status-publish format-standard has-post-thumbnail category-noticias-internacionales tag-aula tag-convivencia-escolar tag-disciplina tag-docentes tag-educacion-3 tag-estudiantes tag-gestion-educativa-3 tag-normativa tag-pedagogia-3 tag-violencia-escolar cs-entry cs-video-wrap\">\n\t\t\t<div class=\"pk-post-outer\">\n\n\t\t\t\t\t\t\t\t<div class=\"pk-post-inner\">\n\t\t\t\t\t<div class=\"entry-thumbnail\">\n\t\t\t\t\t\t<div class=\"pk-overlay pk-overlay-ratio pk-ratio-landscape\">\n\t\t\t\t\t\t\t<div class=\"pk-overlay-background\">\n\t\t\t\t\t\t\t\t<a href=\"https:\/\/webdelmaestrocmf.com\/portal\/peru-pone-limites-estudiantes-violentos-podrian-salir-del-aula-presencial-y-pasar-a-otra-modalidad-educativa\/\" class=\"pk-overlay-link\">\n\t\t\t\t\t\t\t\t\t<img loading=\"lazy\" decoding=\"async\" width=\"300\" height=\"225\" src=\"https:\/\/webdelmaestrocmf.com\/portal\/wp-content\/uploads\/2026\/04\/1AA-Banner-1-portada-imagen-10-1-copia-38-300x225.webp\" class=\"attachment-pk-thumbnail size-pk-thumbnail wp-post-image\" alt=\"\" \/>\t\t\t\t\t\t\t\t<\/a>\n\t\t\t\t\t\t\t<\/div>\n\t\t\t\t\t\t<\/div>\n\t\t\t\t\t<\/div>\n\t\t\t\t<\/div>\n\t\t\t\t\n\t\t\t\t<div class=\"pk-post-inner\">\n\t\t\t\t\t<header>\n\t\t\t\t\t\t<h3 class=\"pk-title\"><a href=\"https:\/\/webdelmaestrocmf.com\/portal\/peru-pone-limites-estudiantes-violentos-podrian-salir-del-aula-presencial-y-pasar-a-otra-modalidad-educativa\/\" rel=\"bookmark\">Per\u00fa pone l\u00edmites: estudiantes violentos podr\u00edan salir del aula presencial y pasar a otra modalidad educativa<\/a><\/h3>\t\t\t\t\t<\/header><!-- .entry-header -->\n\t\t\t\t<\/div><!-- .post-inner -->\n\n\t\t\t<\/div><!-- .post-outer -->\n\t\t<\/article>\n\t\t\t\t<\/div>\n\t\t<\/div>\n\t\t\n","protected":false},"excerpt":{"rendered":"El 84% del profesorado catal\u00e1n se declara exhausto por burocracia, altos ratios, curr\u00edculums poco \u00fatiles y falta de recursos para la inclusi\u00f3n.","protected":false},"author":1,"featured_media":113471,"comment_status":"open","ping_status":"closed","sticky":false,"template":"","format":"standard","meta":{"csco_display_header_overlay":false,"csco_singular_sidebar":"","csco_page_header_type":"","csco_page_load_nextpost":"","csco_post_video_location":[],"csco_post_video_location_hash":"","csco_post_video_url":"","csco_post_video_bg_start_time":0,"csco_post_video_bg_end_time":0,"csco_post_video_bg_volume":false,"_jetpack_memberships_contains_paid_content":false,"footnotes":""},"categories":[23790],"tags":[955,24415,18597,2255,165,166,167,19765,24417,58,23808,24414,23877,24413,161,169,24418,24416,1820],"class_list":{"0":"post-113468","1":"post","2":"type-post","3":"status-publish","4":"format-standard","5":"has-post-thumbnail","7":"category-noticias-internacionales","8":"tag-argentina","9":"tag-bienestar-docente","10":"tag-bolivia","11":"tag-burocracia","12":"tag-calidad-educativa","13":"tag-chile","14":"tag-colombia","15":"tag-crisis-educativa","16":"tag-curriculum-2","17":"tag-docentes","18":"tag-educacion-2","19":"tag-escuela-publica","20":"tag-espana","21":"tag-inclusion-2","22":"tag-mexico","23":"tag-peru","24":"tag-profesores-agotados","25":"tag-ratios","26":"tag-recursos","27":"cs-entry","28":"cs-video-wrap"},"yoast_head":"<!-- This site is optimized with the Yoast SEO plugin v27.5 - https:\/\/yoast.com\/product\/yoast-seo-wordpress\/ -->\n<title>Crisis de bienestar docente en Catalu\u00f1a: el 84% del profesorado declara sentirse exhausto - 2026<\/title>\n<meta name=\"description\" content=\"La situaci\u00f3n del profesorado catal\u00e1n atraviesa uno de sus momentos m\u00e1s cr\u00edticos. Seg\u00fan un informe publicado por el sindicato...\" \/>\n<meta name=\"robots\" content=\"index, follow, max-snippet:-1, max-image-preview:large, max-video-preview:-1\" \/>\n<link rel=\"canonical\" href=\"https:\/\/webdelmaestrocmf.com\/portal\/crisis-de-bienestar-docente-en-cataluna-el-84-del-profesorado-declara-sentirse-exhausto\/\" \/>\n<meta property=\"og:locale\" content=\"es_ES\" \/>\n<meta property=\"og:type\" content=\"article\" \/>\n<meta property=\"og:title\" content=\"Crisis de bienestar docente en Catalu\u00f1a: el 84% del profesorado declara sentirse exhausto - 2026\" \/>\n<meta property=\"og:description\" content=\"La situaci\u00f3n del profesorado catal\u00e1n atraviesa uno de sus momentos m\u00e1s cr\u00edticos. Seg\u00fan un informe publicado por el sindicato...\" \/>\n<meta property=\"og:url\" content=\"https:\/\/webdelmaestrocmf.com\/portal\/crisis-de-bienestar-docente-en-cataluna-el-84-del-profesorado-declara-sentirse-exhausto\/\" \/>\n<meta property=\"og:site_name\" content=\"Web del Maestro CMF\" \/>\n<meta property=\"article:publisher\" content=\"https:\/\/www.facebook.com\/WebdelMaestroCMF\/\" \/>\n<meta property=\"article:author\" content=\"https:\/\/www.facebook.com\/WebdelMaestroCMF\/\" \/>\n<meta property=\"article:published_time\" content=\"2025-11-13T01:55:31+00:00\" \/>\n<meta property=\"article:modified_time\" content=\"2025-11-13T02:43:41+00:00\" \/>\n<meta property=\"og:image\" content=\"https:\/\/webdelmaestrocmf.com\/portal\/wp-content\/uploads\/2025\/11\/Portada-descarga-5.jpg\" \/>\n\t<meta property=\"og:image:width\" content=\"1000\" \/>\n\t<meta property=\"og:image:height\" content=\"667\" \/>\n\t<meta property=\"og:image:type\" content=\"image\/jpeg\" \/>\n<meta name=\"author\" content=\"Web del Maestro CMF\" \/>\n<meta name=\"twitter:card\" content=\"summary_large_image\" \/>\n<meta name=\"twitter:creator\" content=\"@cmf_w\" \/>\n<meta name=\"twitter:site\" content=\"@cmf_w\" \/>\n<script type=\"application\/ld+json\" class=\"yoast-schema-graph\">{\"@context\":\"https:\\\/\\\/schema.org\",\"@graph\":[{\"@type\":\"ScholarlyArticle\",\"@id\":\"https:\\\/\\\/webdelmaestrocmf.com\\\/portal\\\/crisis-de-bienestar-docente-en-cataluna-el-84-del-profesorado-declara-sentirse-exhausto\\\/#article\",\"isPartOf\":{\"@id\":\"https:\\\/\\\/webdelmaestrocmf.com\\\/portal\\\/crisis-de-bienestar-docente-en-cataluna-el-84-del-profesorado-declara-sentirse-exhausto\\\/\"},\"author\":{\"name\":\"Web del Maestro CMF\",\"@id\":\"https:\\\/\\\/webdelmaestrocmf.com\\\/portal\\\/#\\\/schema\\\/person\\\/1072a2ed7bd960df8ef99a551fa35dc5\"},\"headline\":\"Crisis de bienestar docente en Catalu\u00f1a: el 84% del profesorado declara sentirse exhausto\",\"datePublished\":\"2025-11-13T01:55:31+00:00\",\"dateModified\":\"2025-11-13T02:43:41+00:00\",\"mainEntityOfPage\":{\"@id\":\"https:\\\/\\\/webdelmaestrocmf.com\\\/portal\\\/crisis-de-bienestar-docente-en-cataluna-el-84-del-profesorado-declara-sentirse-exhausto\\\/\"},\"wordCount\":683,\"commentCount\":0,\"publisher\":{\"@id\":\"https:\\\/\\\/webdelmaestrocmf.com\\\/portal\\\/#organization\"},\"image\":{\"@id\":\"https:\\\/\\\/webdelmaestrocmf.com\\\/portal\\\/crisis-de-bienestar-docente-en-cataluna-el-84-del-profesorado-declara-sentirse-exhausto\\\/#primaryimage\"},\"thumbnailUrl\":\"https:\\\/\\\/webdelmaestrocmf.com\\\/portal\\\/wp-content\\\/uploads\\\/2025\\\/11\\\/Portada-descarga-5.jpg\",\"keywords\":[\"Argentina\",\"bienestar docente\",\"Bolivia\",\"BUROCRACIA\",\"CALIDAD EDUCATIVA\",\"CHILE\",\"COLOMBIA\",\"Crisis educativa\",\"curr\u00edculum\",\"DOCENTES\",\"educaci\u00f3n\",\"escuela p\u00fablica\",\"Espa\u00f1a\",\"inclusi\u00f3n\",\"M\u00e9xico\",\"Per\u00fa\",\"profesores agotados\",\"ratios\",\"RECURSOS\"],\"articleSection\":[\"Noticias Internacionales\"],\"inLanguage\":\"es\",\"potentialAction\":[{\"@type\":\"CommentAction\",\"name\":\"Comment\",\"target\":[\"https:\\\/\\\/webdelmaestrocmf.com\\\/portal\\\/crisis-de-bienestar-docente-en-cataluna-el-84-del-profesorado-declara-sentirse-exhausto\\\/#respond\"]}]},{\"@type\":\"WebPage\",\"@id\":\"https:\\\/\\\/webdelmaestrocmf.com\\\/portal\\\/crisis-de-bienestar-docente-en-cataluna-el-84-del-profesorado-declara-sentirse-exhausto\\\/\",\"url\":\"https:\\\/\\\/webdelmaestrocmf.com\\\/portal\\\/crisis-de-bienestar-docente-en-cataluna-el-84-del-profesorado-declara-sentirse-exhausto\\\/\",\"name\":\"Crisis de bienestar docente en Catalu\u00f1a: el 84% del profesorado declara sentirse exhausto - 2026\",\"isPartOf\":{\"@id\":\"https:\\\/\\\/webdelmaestrocmf.com\\\/portal\\\/#website\"},\"primaryImageOfPage\":{\"@id\":\"https:\\\/\\\/webdelmaestrocmf.com\\\/portal\\\/crisis-de-bienestar-docente-en-cataluna-el-84-del-profesorado-declara-sentirse-exhausto\\\/#primaryimage\"},\"image\":{\"@id\":\"https:\\\/\\\/webdelmaestrocmf.com\\\/portal\\\/crisis-de-bienestar-docente-en-cataluna-el-84-del-profesorado-declara-sentirse-exhausto\\\/#primaryimage\"},\"thumbnailUrl\":\"https:\\\/\\\/webdelmaestrocmf.com\\\/portal\\\/wp-content\\\/uploads\\\/2025\\\/11\\\/Portada-descarga-5.jpg\",\"datePublished\":\"2025-11-13T01:55:31+00:00\",\"dateModified\":\"2025-11-13T02:43:41+00:00\",\"description\":\"La situaci\u00f3n del profesorado catal\u00e1n atraviesa uno de sus momentos m\u00e1s cr\u00edticos. Seg\u00fan un informe publicado por el sindicato...\",\"breadcrumb\":{\"@id\":\"https:\\\/\\\/webdelmaestrocmf.com\\\/portal\\\/crisis-de-bienestar-docente-en-cataluna-el-84-del-profesorado-declara-sentirse-exhausto\\\/#breadcrumb\"},\"inLanguage\":\"es\",\"potentialAction\":[{\"@type\":\"ReadAction\",\"target\":[\"https:\\\/\\\/webdelmaestrocmf.com\\\/portal\\\/crisis-de-bienestar-docente-en-cataluna-el-84-del-profesorado-declara-sentirse-exhausto\\\/\"]}]},{\"@type\":\"ImageObject\",\"inLanguage\":\"es\",\"@id\":\"https:\\\/\\\/webdelmaestrocmf.com\\\/portal\\\/crisis-de-bienestar-docente-en-cataluna-el-84-del-profesorado-declara-sentirse-exhausto\\\/#primaryimage\",\"url\":\"https:\\\/\\\/webdelmaestrocmf.com\\\/portal\\\/wp-content\\\/uploads\\\/2025\\\/11\\\/Portada-descarga-5.jpg\",\"contentUrl\":\"https:\\\/\\\/webdelmaestrocmf.com\\\/portal\\\/wp-content\\\/uploads\\\/2025\\\/11\\\/Portada-descarga-5.jpg\",\"width\":1000,\"height\":667},{\"@type\":\"BreadcrumbList\",\"@id\":\"https:\\\/\\\/webdelmaestrocmf.com\\\/portal\\\/crisis-de-bienestar-docente-en-cataluna-el-84-del-profesorado-declara-sentirse-exhausto\\\/#breadcrumb\",\"itemListElement\":[{\"@type\":\"ListItem\",\"position\":1,\"name\":\"Portada\",\"item\":\"https:\\\/\\\/webdelmaestrocmf.com\\\/portal\\\/\"},{\"@type\":\"ListItem\",\"position\":2,\"name\":\"Noticias Internacionales\",\"item\":\"https:\\\/\\\/webdelmaestrocmf.com\\\/portal\\\/category\\\/noticias-internacionales\\\/\"},{\"@type\":\"ListItem\",\"position\":3,\"name\":\"Crisis de bienestar docente en Catalu\u00f1a: el 84% del profesorado declara sentirse exhausto\"}]},{\"@type\":\"WebSite\",\"@id\":\"https:\\\/\\\/webdelmaestrocmf.com\\\/portal\\\/#website\",\"url\":\"https:\\\/\\\/webdelmaestrocmf.com\\\/portal\\\/\",\"name\":\"Web del Maestro CMF\",\"description\":\"Maestros al servicio de la educaci\u00f3n\",\"publisher\":{\"@id\":\"https:\\\/\\\/webdelmaestrocmf.com\\\/portal\\\/#organization\"},\"alternateName\":\"WMCMF\",\"potentialAction\":[{\"@type\":\"SearchAction\",\"target\":{\"@type\":\"EntryPoint\",\"urlTemplate\":\"https:\\\/\\\/webdelmaestrocmf.com\\\/portal\\\/?s={search_term_string}\"},\"query-input\":{\"@type\":\"PropertyValueSpecification\",\"valueRequired\":true,\"valueName\":\"search_term_string\"}}],\"inLanguage\":\"es\"},{\"@type\":\"Organization\",\"@id\":\"https:\\\/\\\/webdelmaestrocmf.com\\\/portal\\\/#organization\",\"name\":\"Web del Maestro CMF\",\"alternateName\":\"WMCMF\",\"url\":\"https:\\\/\\\/webdelmaestrocmf.com\\\/portal\\\/\",\"logo\":{\"@type\":\"ImageObject\",\"inLanguage\":\"es\",\"@id\":\"https:\\\/\\\/webdelmaestrocmf.com\\\/portal\\\/#\\\/schema\\\/logo\\\/image\\\/\",\"url\":\"https:\\\/\\\/webdelmaestrocmf.com\\\/portal\\\/wp-content\\\/uploads\\\/2023\\\/01\\\/logo-wmcmf-2.png\",\"contentUrl\":\"https:\\\/\\\/webdelmaestrocmf.com\\\/portal\\\/wp-content\\\/uploads\\\/2023\\\/01\\\/logo-wmcmf-2.png\",\"width\":200,\"height\":60,\"caption\":\"Web del Maestro CMF\"},\"image\":{\"@id\":\"https:\\\/\\\/webdelmaestrocmf.com\\\/portal\\\/#\\\/schema\\\/logo\\\/image\\\/\"},\"sameAs\":[\"https:\\\/\\\/www.facebook.com\\\/WebdelMaestroCMF\\\/\",\"https:\\\/\\\/x.com\\\/cmf_w\",\"https:\\\/\\\/www.pinterest.com\\\/WMCMF\\\/\",\"https:\\\/\\\/www.linkedin.com\\\/company\\\/web-del-maestro-cmf\\\/\",\"https:\\\/\\\/www.instagram.com\\\/wmcmf\\\/\",\"https:\\\/\\\/www.youtube.com\\\/channel\\\/UCDPSvjbdodE5sHnC3OxutHw\",\"https:\\\/\\\/mastodon.social\\\/@wmcmf\",\"https:\\\/\\\/www.tiktok.com\\\/@webdelmaestrocmf\"]},{\"@type\":\"Person\",\"@id\":\"https:\\\/\\\/webdelmaestrocmf.com\\\/portal\\\/#\\\/schema\\\/person\\\/1072a2ed7bd960df8ef99a551fa35dc5\",\"name\":\"Web del Maestro CMF\",\"image\":{\"@type\":\"ImageObject\",\"inLanguage\":\"es\",\"@id\":\"https:\\\/\\\/secure.gravatar.com\\\/avatar\\\/23291dd5b5ae1077dcff3dbb04c3e02bd28403fa75af6d8787d5e97c5bbbe30b?s=96&d=mm&r=g\",\"url\":\"https:\\\/\\\/secure.gravatar.com\\\/avatar\\\/23291dd5b5ae1077dcff3dbb04c3e02bd28403fa75af6d8787d5e97c5bbbe30b?s=96&d=mm&r=g\",\"contentUrl\":\"https:\\\/\\\/secure.gravatar.com\\\/avatar\\\/23291dd5b5ae1077dcff3dbb04c3e02bd28403fa75af6d8787d5e97c5bbbe30b?s=96&d=mm&r=g\",\"caption\":\"Web del Maestro CMF\"},\"description\":\"Esta Web se cre\u00f3 sin fines de lucro, con fines educativos, cient\u00edficos y acad\u00e9micos, para personas que tengan dificultades y\\\/o inconvenientes en visualizar el material original. El objetivo es entregar recursos, compartir experiencias y materiales que ayuden a los padres de familia, maestros y estudiantes en su actualizaci\u00f3n y formaci\u00f3n permanente, en bien de la Educaci\u00f3n.\",\"sameAs\":[\"http:\\\/\\\/webdelmaestrocmf.com\\\/portal\",\"https:\\\/\\\/www.facebook.com\\\/WebdelMaestroCMF\\\/\",\"https:\\\/\\\/www.instagram.com\\\/wmcmf\\\/\",\"https:\\\/\\\/cl.linkedin.com\\\/company\\\/web-del-maestro-cmf\",\"https:\\\/\\\/www.pinterest.com\\\/WMCMF\\\/publicaciones\\\/\",\"https:\\\/\\\/x.com\\\/cmf_w\",\"https:\\\/\\\/www.youtube.com\\\/@WMCMF\"]}]}<\/script>\n<!-- \/ Yoast SEO plugin. -->","yoast_head_json":{"title":"Crisis de bienestar docente en Catalu\u00f1a: el 84% del profesorado declara sentirse exhausto - 2026","description":"La situaci\u00f3n del profesorado catal\u00e1n atraviesa uno de sus momentos m\u00e1s cr\u00edticos. Seg\u00fan un informe publicado por el sindicato...","robots":{"index":"index","follow":"follow","max-snippet":"max-snippet:-1","max-image-preview":"max-image-preview:large","max-video-preview":"max-video-preview:-1"},"canonical":"https:\/\/webdelmaestrocmf.com\/portal\/crisis-de-bienestar-docente-en-cataluna-el-84-del-profesorado-declara-sentirse-exhausto\/","og_locale":"es_ES","og_type":"article","og_title":"Crisis de bienestar docente en Catalu\u00f1a: el 84% del profesorado declara sentirse exhausto - 2026","og_description":"La situaci\u00f3n del profesorado catal\u00e1n atraviesa uno de sus momentos m\u00e1s cr\u00edticos. Seg\u00fan un informe publicado por el sindicato...","og_url":"https:\/\/webdelmaestrocmf.com\/portal\/crisis-de-bienestar-docente-en-cataluna-el-84-del-profesorado-declara-sentirse-exhausto\/","og_site_name":"Web del Maestro CMF","article_publisher":"https:\/\/www.facebook.com\/WebdelMaestroCMF\/","article_author":"https:\/\/www.facebook.com\/WebdelMaestroCMF\/","article_published_time":"2025-11-13T01:55:31+00:00","article_modified_time":"2025-11-13T02:43:41+00:00","og_image":[{"width":1000,"height":667,"url":"https:\/\/webdelmaestrocmf.com\/portal\/wp-content\/uploads\/2025\/11\/Portada-descarga-5.jpg","type":"image\/jpeg"}],"author":"Web del Maestro CMF","twitter_card":"summary_large_image","twitter_creator":"@cmf_w","twitter_site":"@cmf_w","schema":{"@context":"https:\/\/schema.org","@graph":[{"@type":"ScholarlyArticle","@id":"https:\/\/webdelmaestrocmf.com\/portal\/crisis-de-bienestar-docente-en-cataluna-el-84-del-profesorado-declara-sentirse-exhausto\/#article","isPartOf":{"@id":"https:\/\/webdelmaestrocmf.com\/portal\/crisis-de-bienestar-docente-en-cataluna-el-84-del-profesorado-declara-sentirse-exhausto\/"},"author":{"name":"Web del Maestro CMF","@id":"https:\/\/webdelmaestrocmf.com\/portal\/#\/schema\/person\/1072a2ed7bd960df8ef99a551fa35dc5"},"headline":"Crisis de bienestar docente en Catalu\u00f1a: el 84% del profesorado declara sentirse exhausto","datePublished":"2025-11-13T01:55:31+00:00","dateModified":"2025-11-13T02:43:41+00:00","mainEntityOfPage":{"@id":"https:\/\/webdelmaestrocmf.com\/portal\/crisis-de-bienestar-docente-en-cataluna-el-84-del-profesorado-declara-sentirse-exhausto\/"},"wordCount":683,"commentCount":0,"publisher":{"@id":"https:\/\/webdelmaestrocmf.com\/portal\/#organization"},"image":{"@id":"https:\/\/webdelmaestrocmf.com\/portal\/crisis-de-bienestar-docente-en-cataluna-el-84-del-profesorado-declara-sentirse-exhausto\/#primaryimage"},"thumbnailUrl":"https:\/\/webdelmaestrocmf.com\/portal\/wp-content\/uploads\/2025\/11\/Portada-descarga-5.jpg","keywords":["Argentina","bienestar docente","Bolivia","BUROCRACIA","CALIDAD EDUCATIVA","CHILE","COLOMBIA","Crisis educativa","curr\u00edculum","DOCENTES","educaci\u00f3n","escuela p\u00fablica","Espa\u00f1a","inclusi\u00f3n","M\u00e9xico","Per\u00fa","profesores agotados","ratios","RECURSOS"],"articleSection":["Noticias Internacionales"],"inLanguage":"es","potentialAction":[{"@type":"CommentAction","name":"Comment","target":["https:\/\/webdelmaestrocmf.com\/portal\/crisis-de-bienestar-docente-en-cataluna-el-84-del-profesorado-declara-sentirse-exhausto\/#respond"]}]},{"@type":"WebPage","@id":"https:\/\/webdelmaestrocmf.com\/portal\/crisis-de-bienestar-docente-en-cataluna-el-84-del-profesorado-declara-sentirse-exhausto\/","url":"https:\/\/webdelmaestrocmf.com\/portal\/crisis-de-bienestar-docente-en-cataluna-el-84-del-profesorado-declara-sentirse-exhausto\/","name":"Crisis de bienestar docente en Catalu\u00f1a: el 84% del profesorado declara sentirse exhausto - 2026","isPartOf":{"@id":"https:\/\/webdelmaestrocmf.com\/portal\/#website"},"primaryImageOfPage":{"@id":"https:\/\/webdelmaestrocmf.com\/portal\/crisis-de-bienestar-docente-en-cataluna-el-84-del-profesorado-declara-sentirse-exhausto\/#primaryimage"},"image":{"@id":"https:\/\/webdelmaestrocmf.com\/portal\/crisis-de-bienestar-docente-en-cataluna-el-84-del-profesorado-declara-sentirse-exhausto\/#primaryimage"},"thumbnailUrl":"https:\/\/webdelmaestrocmf.com\/portal\/wp-content\/uploads\/2025\/11\/Portada-descarga-5.jpg","datePublished":"2025-11-13T01:55:31+00:00","dateModified":"2025-11-13T02:43:41+00:00","description":"La situaci\u00f3n del profesorado catal\u00e1n atraviesa uno de sus momentos m\u00e1s cr\u00edticos. Seg\u00fan un informe publicado por el sindicato...","breadcrumb":{"@id":"https:\/\/webdelmaestrocmf.com\/portal\/crisis-de-bienestar-docente-en-cataluna-el-84-del-profesorado-declara-sentirse-exhausto\/#breadcrumb"},"inLanguage":"es","potentialAction":[{"@type":"ReadAction","target":["https:\/\/webdelmaestrocmf.com\/portal\/crisis-de-bienestar-docente-en-cataluna-el-84-del-profesorado-declara-sentirse-exhausto\/"]}]},{"@type":"ImageObject","inLanguage":"es","@id":"https:\/\/webdelmaestrocmf.com\/portal\/crisis-de-bienestar-docente-en-cataluna-el-84-del-profesorado-declara-sentirse-exhausto\/#primaryimage","url":"https:\/\/webdelmaestrocmf.com\/portal\/wp-content\/uploads\/2025\/11\/Portada-descarga-5.jpg","contentUrl":"https:\/\/webdelmaestrocmf.com\/portal\/wp-content\/uploads\/2025\/11\/Portada-descarga-5.jpg","width":1000,"height":667},{"@type":"BreadcrumbList","@id":"https:\/\/webdelmaestrocmf.com\/portal\/crisis-de-bienestar-docente-en-cataluna-el-84-del-profesorado-declara-sentirse-exhausto\/#breadcrumb","itemListElement":[{"@type":"ListItem","position":1,"name":"Portada","item":"https:\/\/webdelmaestrocmf.com\/portal\/"},{"@type":"ListItem","position":2,"name":"Noticias Internacionales","item":"https:\/\/webdelmaestrocmf.com\/portal\/category\/noticias-internacionales\/"},{"@type":"ListItem","position":3,"name":"Crisis de bienestar docente en Catalu\u00f1a: el 84% del profesorado declara sentirse exhausto"}]},{"@type":"WebSite","@id":"https:\/\/webdelmaestrocmf.com\/portal\/#website","url":"https:\/\/webdelmaestrocmf.com\/portal\/","name":"Web del Maestro CMF","description":"Maestros al servicio de la educaci\u00f3n","publisher":{"@id":"https:\/\/webdelmaestrocmf.com\/portal\/#organization"},"alternateName":"WMCMF","potentialAction":[{"@type":"SearchAction","target":{"@type":"EntryPoint","urlTemplate":"https:\/\/webdelmaestrocmf.com\/portal\/?s={search_term_string}"},"query-input":{"@type":"PropertyValueSpecification","valueRequired":true,"valueName":"search_term_string"}}],"inLanguage":"es"},{"@type":"Organization","@id":"https:\/\/webdelmaestrocmf.com\/portal\/#organization","name":"Web del Maestro CMF","alternateName":"WMCMF","url":"https:\/\/webdelmaestrocmf.com\/portal\/","logo":{"@type":"ImageObject","inLanguage":"es","@id":"https:\/\/webdelmaestrocmf.com\/portal\/#\/schema\/logo\/image\/","url":"https:\/\/webdelmaestrocmf.com\/portal\/wp-content\/uploads\/2023\/01\/logo-wmcmf-2.png","contentUrl":"https:\/\/webdelmaestrocmf.com\/portal\/wp-content\/uploads\/2023\/01\/logo-wmcmf-2.png","width":200,"height":60,"caption":"Web del Maestro CMF"},"image":{"@id":"https:\/\/webdelmaestrocmf.com\/portal\/#\/schema\/logo\/image\/"},"sameAs":["https:\/\/www.facebook.com\/WebdelMaestroCMF\/","https:\/\/x.com\/cmf_w","https:\/\/www.pinterest.com\/WMCMF\/","https:\/\/www.linkedin.com\/company\/web-del-maestro-cmf\/","https:\/\/www.instagram.com\/wmcmf\/","https:\/\/www.youtube.com\/channel\/UCDPSvjbdodE5sHnC3OxutHw","https:\/\/mastodon.social\/@wmcmf","https:\/\/www.tiktok.com\/@webdelmaestrocmf"]},{"@type":"Person","@id":"https:\/\/webdelmaestrocmf.com\/portal\/#\/schema\/person\/1072a2ed7bd960df8ef99a551fa35dc5","name":"Web del Maestro CMF","image":{"@type":"ImageObject","inLanguage":"es","@id":"https:\/\/secure.gravatar.com\/avatar\/23291dd5b5ae1077dcff3dbb04c3e02bd28403fa75af6d8787d5e97c5bbbe30b?s=96&d=mm&r=g","url":"https:\/\/secure.gravatar.com\/avatar\/23291dd5b5ae1077dcff3dbb04c3e02bd28403fa75af6d8787d5e97c5bbbe30b?s=96&d=mm&r=g","contentUrl":"https:\/\/secure.gravatar.com\/avatar\/23291dd5b5ae1077dcff3dbb04c3e02bd28403fa75af6d8787d5e97c5bbbe30b?s=96&d=mm&r=g","caption":"Web del Maestro CMF"},"description":"Esta Web se cre\u00f3 sin fines de lucro, con fines educativos, cient\u00edficos y acad\u00e9micos, para personas que tengan dificultades y\/o inconvenientes en visualizar el material original. El objetivo es entregar recursos, compartir experiencias y materiales que ayuden a los padres de familia, maestros y estudiantes en su actualizaci\u00f3n y formaci\u00f3n permanente, en bien de la Educaci\u00f3n.","sameAs":["http:\/\/webdelmaestrocmf.com\/portal","https:\/\/www.facebook.com\/WebdelMaestroCMF\/","https:\/\/www.instagram.com\/wmcmf\/","https:\/\/cl.linkedin.com\/company\/web-del-maestro-cmf","https:\/\/www.pinterest.com\/WMCMF\/publicaciones\/","https:\/\/x.com\/cmf_w","https:\/\/www.youtube.com\/@WMCMF"]}]}},"jetpack_featured_media_url":"https:\/\/webdelmaestrocmf.com\/portal\/wp-content\/uploads\/2025\/11\/Portada-descarga-5.jpg","jetpack_sharing_enabled":true,"jetpack-related-posts":[{"id":115422,"url":"https:\/\/webdelmaestrocmf.com\/portal\/la-salud-mental-del-profesorado-en-crisis-una-vocacion-bajo-presion\/","url_meta":{"origin":113468,"position":0},"title":"La salud mental del profesorado en crisis: una vocaci\u00f3n bajo presi\u00f3n","author":"Web del Maestro CMF","date":"17 febrero, 2026","format":false,"excerpt":"Uno de cada cinco docentes de Secundaria se plantea abandonar la ense\u00f1anza por estr\u00e9s, burocracia, falta de apoyo institucional y desgaste emocional.","rel":"","context":"En \u00abBienestar docente\u00bb","block_context":{"text":"Bienestar docente","link":"https:\/\/webdelmaestrocmf.com\/portal\/category\/pedagogia\/bienestar-docente\/"},"img":{"alt_text":"","src":"https:\/\/i0.wp.com\/webdelmaestrocmf.com\/portal\/wp-content\/uploads\/2026\/02\/1A-Banner-1-portada-imagen-10-1-copia-1-5.webp?resize=350%2C200&ssl=1","width":350,"height":200,"srcset":"https:\/\/i0.wp.com\/webdelmaestrocmf.com\/portal\/wp-content\/uploads\/2026\/02\/1A-Banner-1-portada-imagen-10-1-copia-1-5.webp?resize=350%2C200&ssl=1 1x, https:\/\/i0.wp.com\/webdelmaestrocmf.com\/portal\/wp-content\/uploads\/2026\/02\/1A-Banner-1-portada-imagen-10-1-copia-1-5.webp?resize=525%2C300&ssl=1 1.5x, https:\/\/i0.wp.com\/webdelmaestrocmf.com\/portal\/wp-content\/uploads\/2026\/02\/1A-Banner-1-portada-imagen-10-1-copia-1-5.webp?resize=700%2C400&ssl=1 2x"},"classes":[]},{"id":114677,"url":"https:\/\/webdelmaestrocmf.com\/portal\/profesora-manda-un-contundente-mensaje-a-los-padres-de-familia-cuantas-cosas-mas-debemos-aguantar-los-profesores-y-profesoras\/","url_meta":{"origin":113468,"position":1},"title":"Profesora manda un contundente mensaje a los padres de familia: \u00ab\u00bfCu\u00e1ntas cosas m\u00e1s debemos aguantar los profesores y profesoras?\u00bb","author":"Web del Maestro CMF","date":"1 abril, 2026","format":false,"excerpt":"Docentes enfrentan acoso y amenazas de adultos, no de estudiantes. Ense\u00f1ar exige respeto, l\u00edmites claros y protecci\u00f3n real a la profesi\u00f3n.","rel":"","context":"En \u00abNoticias Internacionales\u00bb","block_context":{"text":"Noticias Internacionales","link":"https:\/\/webdelmaestrocmf.com\/portal\/category\/noticias-internacionales\/"},"img":{"alt_text":"","src":"https:\/\/i0.wp.com\/webdelmaestrocmf.com\/portal\/wp-content\/uploads\/2026\/01\/1AA-Banner-1-portada-imagen-10-1-copia-6-1.webp?resize=350%2C200&ssl=1","width":350,"height":200,"srcset":"https:\/\/i0.wp.com\/webdelmaestrocmf.com\/portal\/wp-content\/uploads\/2026\/01\/1AA-Banner-1-portada-imagen-10-1-copia-6-1.webp?resize=350%2C200&ssl=1 1x, https:\/\/i0.wp.com\/webdelmaestrocmf.com\/portal\/wp-content\/uploads\/2026\/01\/1AA-Banner-1-portada-imagen-10-1-copia-6-1.webp?resize=525%2C300&ssl=1 1.5x, https:\/\/i0.wp.com\/webdelmaestrocmf.com\/portal\/wp-content\/uploads\/2026\/01\/1AA-Banner-1-portada-imagen-10-1-copia-6-1.webp?resize=700%2C400&ssl=1 2x, https:\/\/i0.wp.com\/webdelmaestrocmf.com\/portal\/wp-content\/uploads\/2026\/01\/1AA-Banner-1-portada-imagen-10-1-copia-6-1.webp?resize=1050%2C600&ssl=1 3x"},"classes":[]},{"id":117138,"url":"https:\/\/webdelmaestrocmf.com\/portal\/duro-descargo-de-periodista-tras-los-ataques-fisicos-contra-docentes-pobres-profesores-los-digo-directamente-mirando-a-la-camara\/","url_meta":{"origin":113468,"position":2},"title":"Duro descargo de periodista tras los ataques f\u00edsicos contra docentes: \u00a1Pobres profesores! \u00a1Los digo directamente mirando a la c\u00e1mara!","author":"Web del Maestro CMF","date":"30 marzo, 2026","format":false,"excerpt":"Jos\u00e9 Antonio Neme denuncia que la violencia escolar golpea especialmente a profesores e inspectores, quienes enfrentan bajos sueldos, sobrecarga laboral, falta de respaldo y aulas masificadas sin condiciones adecuadas.","rel":"","context":"En \u00abNoticias Internacionales\u00bb","block_context":{"text":"Noticias Internacionales","link":"https:\/\/webdelmaestrocmf.com\/portal\/category\/noticias-internacionales\/"},"img":{"alt_text":"","src":"https:\/\/i0.wp.com\/webdelmaestrocmf.com\/portal\/wp-content\/uploads\/2026\/03\/1AA-Banner-1-portada-imagen-10-1-copia-26.webp?resize=350%2C200&ssl=1","width":350,"height":200,"srcset":"https:\/\/i0.wp.com\/webdelmaestrocmf.com\/portal\/wp-content\/uploads\/2026\/03\/1AA-Banner-1-portada-imagen-10-1-copia-26.webp?resize=350%2C200&ssl=1 1x, https:\/\/i0.wp.com\/webdelmaestrocmf.com\/portal\/wp-content\/uploads\/2026\/03\/1AA-Banner-1-portada-imagen-10-1-copia-26.webp?resize=525%2C300&ssl=1 1.5x, https:\/\/i0.wp.com\/webdelmaestrocmf.com\/portal\/wp-content\/uploads\/2026\/03\/1AA-Banner-1-portada-imagen-10-1-copia-26.webp?resize=700%2C400&ssl=1 2x, https:\/\/i0.wp.com\/webdelmaestrocmf.com\/portal\/wp-content\/uploads\/2026\/03\/1AA-Banner-1-portada-imagen-10-1-copia-26.webp?resize=1050%2C600&ssl=1 3x"},"classes":[]},{"id":113093,"url":"https:\/\/webdelmaestrocmf.com\/portal\/el-bienestar-docente-una-urgencia-nacional-avalada-por-los-datos-de-la-ocde\/","url_meta":{"origin":113468,"position":3},"title":"El bienestar docente, una urgencia avalada por los datos de la OCDE","author":"Web del Maestro CMF","date":"3 noviembre, 2025","format":false,"excerpt":"El Informe TALIS 2024 de la OCDE, publicado en 2025, confirma una crisis que los docentes llevan a\u00f1os denunciando: la docencia se ha vuelto una profesi\u00f3n emocionalmente insostenible. M\u00e1s del 50 % del profesorado sufre altos niveles de estr\u00e9s por la correcci\u00f3n, la burocracia y la sobrecarga de tareas, en\u2026","rel":"","context":"En \u00abNoticias Internacionales\u00bb","block_context":{"text":"Noticias Internacionales","link":"https:\/\/webdelmaestrocmf.com\/portal\/category\/noticias-internacionales\/"},"img":{"alt_text":"","src":"https:\/\/i0.wp.com\/webdelmaestrocmf.com\/portal\/wp-content\/uploads\/2025\/11\/1A-Banner-1-portada-imagen-10-1-copia-14.webp?resize=350%2C200&ssl=1","width":350,"height":200,"srcset":"https:\/\/i0.wp.com\/webdelmaestrocmf.com\/portal\/wp-content\/uploads\/2025\/11\/1A-Banner-1-portada-imagen-10-1-copia-14.webp?resize=350%2C200&ssl=1 1x, https:\/\/i0.wp.com\/webdelmaestrocmf.com\/portal\/wp-content\/uploads\/2025\/11\/1A-Banner-1-portada-imagen-10-1-copia-14.webp?resize=525%2C300&ssl=1 1.5x, https:\/\/i0.wp.com\/webdelmaestrocmf.com\/portal\/wp-content\/uploads\/2025\/11\/1A-Banner-1-portada-imagen-10-1-copia-14.webp?resize=700%2C400&ssl=1 2x"},"classes":[]},{"id":112978,"url":"https:\/\/webdelmaestrocmf.com\/portal\/la-vocacion-no-basta-el-bienestar-docente-necesita-condiciones-reales\/","url_meta":{"origin":113468,"position":4},"title":"La vocaci\u00f3n no basta: el bienestar docente necesita condiciones reales","author":"Web del Maestro CMF","date":"31 octubre, 2025","format":false,"excerpt":"El bienestar docente no depende solo de la vocaci\u00f3n, sino de contar con buenas condiciones de trabajo y apoyo real.","rel":"","context":"En \u00abYo opino - WMCMF\u00bb","block_context":{"text":"Yo opino - WMCMF","link":"https:\/\/webdelmaestrocmf.com\/portal\/category\/jamb\/"},"img":{"alt_text":"","src":"https:\/\/i0.wp.com\/webdelmaestrocmf.com\/portal\/wp-content\/uploads\/2025\/10\/vdfv.webp?resize=350%2C200&ssl=1","width":350,"height":200,"srcset":"https:\/\/i0.wp.com\/webdelmaestrocmf.com\/portal\/wp-content\/uploads\/2025\/10\/vdfv.webp?resize=350%2C200&ssl=1 1x, https:\/\/i0.wp.com\/webdelmaestrocmf.com\/portal\/wp-content\/uploads\/2025\/10\/vdfv.webp?resize=525%2C300&ssl=1 1.5x, https:\/\/i0.wp.com\/webdelmaestrocmf.com\/portal\/wp-content\/uploads\/2025\/10\/vdfv.webp?resize=700%2C400&ssl=1 2x"},"classes":[]},{"id":113935,"url":"https:\/\/webdelmaestrocmf.com\/portal\/una-maestra-estremece-al-contar-como-fue-su-dia-hoy-he-salido-derrotada-psicologicamente\/","url_meta":{"origin":113468,"position":5},"title":"Una maestra estremece al contar c\u00f3mo fue su d\u00eda: \u201cHoy he salido derrotada psicol\u00f3gicamente\u201d","author":"Web del Maestro CMF","date":"10 diciembre, 2025","format":false,"excerpt":"La diversidad es maravillosa, pero cuando no tienes los medios para atender esa diversidad, la clase es una tortura.","rel":"","context":"En \u00abNoticias Internacionales\u00bb","block_context":{"text":"Noticias Internacionales","link":"https:\/\/webdelmaestrocmf.com\/portal\/category\/noticias-internacionales\/"},"img":{"alt_text":"","src":"https:\/\/i0.wp.com\/webdelmaestrocmf.com\/portal\/wp-content\/uploads\/2025\/12\/1A-Banner-1-portada-imagen-10-1-copia-1-19.webp?resize=350%2C200&ssl=1","width":350,"height":200,"srcset":"https:\/\/i0.wp.com\/webdelmaestrocmf.com\/portal\/wp-content\/uploads\/2025\/12\/1A-Banner-1-portada-imagen-10-1-copia-1-19.webp?resize=350%2C200&ssl=1 1x, https:\/\/i0.wp.com\/webdelmaestrocmf.com\/portal\/wp-content\/uploads\/2025\/12\/1A-Banner-1-portada-imagen-10-1-copia-1-19.webp?resize=525%2C300&ssl=1 1.5x, https:\/\/i0.wp.com\/webdelmaestrocmf.com\/portal\/wp-content\/uploads\/2025\/12\/1A-Banner-1-portada-imagen-10-1-copia-1-19.webp?resize=700%2C400&ssl=1 2x"},"classes":[]}],"_links":{"self":[{"href":"https:\/\/webdelmaestrocmf.com\/portal\/wp-json\/wp\/v2\/posts\/113468","targetHints":{"allow":["GET"]}}],"collection":[{"href":"https:\/\/webdelmaestrocmf.com\/portal\/wp-json\/wp\/v2\/posts"}],"about":[{"href":"https:\/\/webdelmaestrocmf.com\/portal\/wp-json\/wp\/v2\/types\/post"}],"author":[{"embeddable":true,"href":"https:\/\/webdelmaestrocmf.com\/portal\/wp-json\/wp\/v2\/users\/1"}],"replies":[{"embeddable":true,"href":"https:\/\/webdelmaestrocmf.com\/portal\/wp-json\/wp\/v2\/comments?post=113468"}],"version-history":[{"count":1,"href":"https:\/\/webdelmaestrocmf.com\/portal\/wp-json\/wp\/v2\/posts\/113468\/revisions"}],"predecessor-version":[{"id":113470,"href":"https:\/\/webdelmaestrocmf.com\/portal\/wp-json\/wp\/v2\/posts\/113468\/revisions\/113470"}],"wp:featuredmedia":[{"embeddable":true,"href":"https:\/\/webdelmaestrocmf.com\/portal\/wp-json\/wp\/v2\/media\/113471"}],"wp:attachment":[{"href":"https:\/\/webdelmaestrocmf.com\/portal\/wp-json\/wp\/v2\/media?parent=113468"}],"wp:term":[{"taxonomy":"category","embeddable":true,"href":"https:\/\/webdelmaestrocmf.com\/portal\/wp-json\/wp\/v2\/categories?post=113468"},{"taxonomy":"post_tag","embeddable":true,"href":"https:\/\/webdelmaestrocmf.com\/portal\/wp-json\/wp\/v2\/tags?post=113468"}],"curies":[{"name":"wp","href":"https:\/\/api.w.org\/{rel}","templated":true}]}}