{"id":113429,"date":"2025-11-11T19:09:08","date_gmt":"2025-11-11T22:09:08","guid":{"rendered":"https:\/\/webdelmaestrocmf.com\/portal\/?p=113429"},"modified":"2025-11-11T19:28:56","modified_gmt":"2025-11-11T22:28:56","slug":"corea-del-sur-marca-un-precedente-expulsan-a-estudiantes-de-elite-por-acoso-escolar","status":"publish","type":"post","link":"https:\/\/webdelmaestrocmf.com\/portal\/corea-del-sur-marca-un-precedente-expulsan-a-estudiantes-de-elite-por-acoso-escolar\/","title":{"rendered":"Corea del Sur marca un precedente: expulsan a estudiantes de \u00e9lite por acoso escolar"},"content":{"rendered":"\n<p>Corea del Sur ha dado un paso hist\u00f3rico en su lucha contra la violencia escolar. Cuarenta y cinco estudiantes fueron expulsados de algunas de las universidades m\u00e1s prestigiosas del pa\u00eds, incluida la reconocida Universidad Nacional de Se\u00fal, tras comprobarse que ten\u00edan antecedentes de acoso durante su etapa escolar.<\/p>\n\n\n\n<p>Esta dr\u00e1stica medida forma parte de una nueva pol\u00edtica de <em>cero tolerancia<\/em> que ser\u00e1 obligatoria en todas las universidades a partir de 2026. Seg\u00fan la reforma, los antecedentes de violencia escolar ser\u00e1n causa suficiente para la expulsi\u00f3n, sin importar el rendimiento acad\u00e9mico del estudiante ni su posici\u00f3n en los rankings de ingreso.<\/p>\n\n\n\n<figure class=\"wp-block-embed is-type-video is-provider-youtube wp-block-embed-youtube wp-embed-aspect-16-9 wp-has-aspect-ratio\"><div class=\"wp-block-embed__wrapper\">\n<iframe loading=\"lazy\" title=\"Corea del Sur rechaz\u00f3 a 45 estudiantes de sus principales universidades por antecedentes de bullying\" width=\"1200\" height=\"675\" src=\"https:\/\/www.youtube.com\/embed\/1Q73f8yiWEk?feature=oembed\" frameborder=\"0\" allow=\"accelerometer; autoplay; clipboard-write; encrypted-media; gyroscope; picture-in-picture; web-share\" referrerpolicy=\"strict-origin-when-cross-origin\" allowfullscreen><\/iframe>\n<\/div><\/figure>\n\n\n\n<p>El mensaje del gobierno surcoreano es contundente: <strong>el \u00e9xito acad\u00e9mico no puede ser un escudo para la impunidad.<\/strong> Con esta decisi\u00f3n, el pa\u00eds busca transformar una cultura educativa donde, durante a\u00f1os, la competencia extrema y el prestigio acad\u00e9mico llegaron a eclipsar los valores humanos y la convivencia escolar.<\/p>\n\n\n\n<p>Especialistas se\u00f1alan que la medida busca no solo castigar, sino tambi\u00e9n prevenir, enviando una se\u00f1al clara a las generaciones m\u00e1s j\u00f3venes: el respeto y la empat\u00eda valen m\u00e1s que las calificaciones. Corea del Sur, conocida por su exigente sistema educativo, podr\u00eda estar dando el primer paso hacia un nuevo paradigma donde la excelencia acad\u00e9mica y la \u00e9tica caminen de la mano.<\/p>\n\n\n\n<h2 class=\"wp-block-heading\"><strong>Crecen los casos de acoso y el Estado no logra proteger a las v\u00edctimas<\/strong><\/h2>\n\n\n\n<p>El acoso y la persecuci\u00f3n a mujeres se han convertido en un problema alarmante en Corea del Sur. A pesar de contar con leyes espec\u00edficas desde 2021 para castigar el <em>stalking<\/em> con hasta tres a\u00f1os de prisi\u00f3n, las denuncias no dejan de aumentar. En 2022 se registraron m\u00e1s de 7.000 casos; en 2024, casi el doble, y solo en los primeros meses de 2025 ya se contabilizan cerca de 8.000. El pa\u00eds asi\u00e1tico enfrenta as\u00ed una crisis creciente que pone en duda la eficacia de sus mecanismos de protecci\u00f3n y deja al descubierto una realidad preocupante: <strong>la ley existe, pero la seguridad de las v\u00edctimas sigue siendo fr\u00e1gil.<\/strong><br><\/p>\n\n\n\n<figure class=\"wp-block-embed is-type-video is-provider-youtube wp-block-embed-youtube wp-embed-aspect-16-9 wp-has-aspect-ratio\"><div class=\"wp-block-embed__wrapper\">\n<iframe loading=\"lazy\" title=\"\ud83d\udea8 \u00a1EL ACOSO EN COREA DEL SUR LLEGA A CIFRAS R\u00c9CORD EN 2025!\" width=\"1200\" height=\"675\" src=\"https:\/\/www.youtube.com\/embed\/g_QMt48-pWM?feature=oembed\" frameborder=\"0\" allow=\"accelerometer; autoplay; clipboard-write; encrypted-media; gyroscope; picture-in-picture; web-share\" referrerpolicy=\"strict-origin-when-cross-origin\" allowfullscreen><\/iframe>\n<\/div><\/figure>\n\n\n\n<h3 class=\"wp-block-heading\"><strong>Una ley que no alcanza<\/strong><\/h3>\n\n\n\n<p>En 2021, Corea del Sur aprob\u00f3 una <strong>ley espec\u00edfica contra el acoso \u2014conocido como <em>stalking<\/em><\/strong>, que impone <strong>penas de hasta tres a\u00f1os de prisi\u00f3n<\/strong> o multas elevadas. En 2023, el Parlamento reforz\u00f3 la norma cerrando un vac\u00edo legal que permit\u00eda a los agresores presionar a las v\u00edctimas para retirar sus denuncias.<\/p>\n\n\n\n<p>Sin embargo, el verdadero problema no est\u00e1 en la legislaci\u00f3n, sino en su aplicaci\u00f3n. Aunque las leyes son claras, la justicia surcoreana <strong>ha reducido la aprobaci\u00f3n de medidas de protecci\u00f3n<\/strong> para las v\u00edctimas: pasaron de casi el <strong>98% de aceptaci\u00f3n en 2021<\/strong> a <strong>menos del 94% en 2025<\/strong>. Puede parecer un peque\u00f1o descenso, pero para una v\u00edctima esa diferencia puede significar <strong>la l\u00ednea entre vivir o morir.<\/strong><\/p>\n\n\n\n<h3 class=\"wp-block-heading\"><strong>Casos que sacudieron al pa\u00eds<\/strong><\/h3>\n\n\n\n<p>El caso m\u00e1s estremecedor fue el <strong>asesinato de una empleada del metro de Se\u00fal en 2022<\/strong>. Ten\u00eda 28 a\u00f1os y hab\u00eda denunciado reiteradamente a un compa\u00f1ero que la acosaba. Pese a estar bajo proceso judicial, \u00e9l logr\u00f3 entrar al ba\u00f1o donde ella trabajaba y la mat\u00f3 <strong>un d\u00eda antes de que se dictara sentencia<\/strong>.<\/p>\n\n\n\n<p>Ese crimen impuls\u00f3 la reforma legal de 2023, pero <strong>los ataques no se detuvieron<\/strong>. En 2021, otro hombre asesin\u00f3 a su exnovia, a pesar de que estaba bajo protecci\u00f3n policial y hab\u00eda denunciado varias veces. Y recientemente, otro caso volvi\u00f3 a conmocionar al pa\u00eds: una mujer fue asesinada por su expareja mientras supuestamente estaba \u201cprotegida\u201d por la justicia.<\/p>\n\n\n\n<h3 class=\"wp-block-heading\"><strong>Un problema regional y estructural<\/strong><\/h3>\n\n\n\n<p>El fen\u00f3meno no es exclusivo de Corea. En <strong>Jap\u00f3n<\/strong>, los cr\u00edmenes relacionados con el acoso tambi\u00e9n est\u00e1n aumentando, especialmente en <strong>Tokio, Kobe y Kanagawa<\/strong>. En un caso reciente, m\u00e1s de <strong>40 polic\u00edas fueron sancionados<\/strong> por no actuar a tiempo ante denuncias previas.<\/p>\n\n\n\n<p>Estos hechos muestran que el problema <strong>no son solo las leyes, sino su cumplimiento efectivo<\/strong>, y que el acoso no puede seguir siendo tratado como un asunto menor. No hablamos de estad\u00edsticas, sino de <strong>vidas truncadas<\/strong>, de mujeres que pidieron ayuda y no fueron escuchadas.<\/p>\n\n\n\n<h3 class=\"wp-block-heading\"><strong>Un llamado urgente<\/strong><\/h3>\n\n\n\n<p>Corea del Sur se enfrenta hoy a una pregunta crucial: \u00bfbasta con endurecer las penas o es necesario transformar la forma en que se aplica la justicia? Las cifras, los casos y las v\u00edctimas apuntan a lo segundo.<\/p>\n\n\n\n<p>El acoso no es una simple molestia. Es una forma de violencia que puede escalar hasta el asesinato. Por eso, el mensaje que muchos activistas repiten en Se\u00fal resuena con fuerza en toda la regi\u00f3n:<br><strong>\u201cLa protecci\u00f3n no puede quedarse en el papel. Porque entre la denuncia y la respuesta del Estado, puede perderse una vida.\u201d<\/strong><\/p>\n\n\n\n<p class=\"has-text-align-right\"><strong>Redacci\u00f3n | Web del Maestro CMF<\/strong><\/p>\n\n\n\t\t<div class=\"pk-inline-posts\">\n\t\t\t\n\t\t\t<div class=\"pk-inline-posts-container pk-inline-posts-template-list\"\n\t\t\t\tdata-columns=\"1\">\n\t\t\t\t\t\t<article id=\"post-118473\" class=\"post-118473 post type-post status-publish format-standard has-post-thumbnail category-noticias-internacionales tag-convivencia tag-docentes tag-educacion-3 tag-gestion-escolar-2 tag-protocolos tag-salud-mental tag-seguridad-escolar tag-simulacros tag-violencia-escolar cs-entry cs-video-wrap\">\n\t\t\t<div class=\"pk-post-outer\">\n\n\t\t\t\t\t\t\t\t<div class=\"pk-post-inner\">\n\t\t\t\t\t<div class=\"entry-thumbnail\">\n\t\t\t\t\t\t<div class=\"pk-overlay pk-overlay-ratio pk-ratio-landscape\">\n\t\t\t\t\t\t\t<div class=\"pk-overlay-background\">\n\t\t\t\t\t\t\t\t<a href=\"https:\/\/webdelmaestrocmf.com\/portal\/se-confirma-que-habra-simulacros-de-tiroteos-en-las-escuelas\/\" class=\"pk-overlay-link\">\n\t\t\t\t\t\t\t\t\t<img loading=\"lazy\" decoding=\"async\" width=\"300\" height=\"225\" src=\"https:\/\/webdelmaestrocmf.com\/portal\/wp-content\/uploads\/2026\/04\/1AA-Banner-1-portada-imagen-10-1-copia-1-11-300x225.webp\" class=\"attachment-pk-thumbnail size-pk-thumbnail wp-post-image\" alt=\"\" \/>\t\t\t\t\t\t\t\t<\/a>\n\t\t\t\t\t\t\t<\/div>\n\t\t\t\t\t\t<\/div>\n\t\t\t\t\t<\/div>\n\t\t\t\t<\/div>\n\t\t\t\t\n\t\t\t\t<div class=\"pk-post-inner\">\n\t\t\t\t\t<header>\n\t\t\t\t\t\t<h3 class=\"pk-title\"><a href=\"https:\/\/webdelmaestrocmf.com\/portal\/se-confirma-que-habra-simulacros-de-tiroteos-en-las-escuelas\/\" rel=\"bookmark\">Se confirma que habr\u00e1 simulacros de tiroteos en las escuelas<\/a><\/h3>\t\t\t\t\t<\/header><!-- .entry-header -->\n\t\t\t\t<\/div><!-- .post-inner -->\n\n\t\t\t<\/div><!-- .post-outer -->\n\t\t<\/article>\n\t\t\t<article id=\"post-118464\" class=\"post-118464 post type-post status-publish format-standard has-post-thumbnail category-noticias-internacionales tag-aula tag-convivencia-escolar tag-disciplina tag-docentes tag-educacion-3 tag-estudiantes tag-gestion-educativa-3 tag-normativa tag-pedagogia-3 tag-violencia-escolar cs-entry cs-video-wrap\">\n\t\t\t<div class=\"pk-post-outer\">\n\n\t\t\t\t\t\t\t\t<div class=\"pk-post-inner\">\n\t\t\t\t\t<div class=\"entry-thumbnail\">\n\t\t\t\t\t\t<div class=\"pk-overlay pk-overlay-ratio pk-ratio-landscape\">\n\t\t\t\t\t\t\t<div class=\"pk-overlay-background\">\n\t\t\t\t\t\t\t\t<a href=\"https:\/\/webdelmaestrocmf.com\/portal\/peru-pone-limites-estudiantes-violentos-podrian-salir-del-aula-presencial-y-pasar-a-otra-modalidad-educativa\/\" class=\"pk-overlay-link\">\n\t\t\t\t\t\t\t\t\t<img loading=\"lazy\" decoding=\"async\" width=\"300\" height=\"225\" src=\"https:\/\/webdelmaestrocmf.com\/portal\/wp-content\/uploads\/2026\/04\/1AA-Banner-1-portada-imagen-10-1-copia-38-300x225.webp\" class=\"attachment-pk-thumbnail size-pk-thumbnail wp-post-image\" alt=\"\" \/>\t\t\t\t\t\t\t\t<\/a>\n\t\t\t\t\t\t\t<\/div>\n\t\t\t\t\t\t<\/div>\n\t\t\t\t\t<\/div>\n\t\t\t\t<\/div>\n\t\t\t\t\n\t\t\t\t<div class=\"pk-post-inner\">\n\t\t\t\t\t<header>\n\t\t\t\t\t\t<h3 class=\"pk-title\"><a href=\"https:\/\/webdelmaestrocmf.com\/portal\/peru-pone-limites-estudiantes-violentos-podrian-salir-del-aula-presencial-y-pasar-a-otra-modalidad-educativa\/\" rel=\"bookmark\">Per\u00fa pone l\u00edmites: estudiantes violentos podr\u00edan salir del aula presencial y pasar a otra modalidad educativa<\/a><\/h3>\t\t\t\t\t<\/header><!-- .entry-header -->\n\t\t\t\t<\/div><!-- .post-inner -->\n\n\t\t\t<\/div><!-- .post-outer -->\n\t\t<\/article>\n\t\t\t<article id=\"post-118433\" class=\"post-118433 post type-post status-publish format-standard has-post-thumbnail category-noticias-internacionales tag-aprendizaje tag-atencion-en-el-aula-2 tag-docentes tag-educacion-3 tag-estrategias-didacticas-2 tag-innovacion-educativa-3 tag-motivacion-escolar-2 tag-neuroeducacion-2 tag-pedagogia-3 tag-tecnologia-educativa-3 cs-entry cs-video-wrap\">\n\t\t\t<div class=\"pk-post-outer\">\n\n\t\t\t\t\t\t\t\t<div class=\"pk-post-inner\">\n\t\t\t\t\t<div class=\"entry-thumbnail\">\n\t\t\t\t\t\t<div class=\"pk-overlay pk-overlay-ratio pk-ratio-landscape\">\n\t\t\t\t\t\t\t<div class=\"pk-overlay-background\">\n\t\t\t\t\t\t\t\t<a href=\"https:\/\/webdelmaestrocmf.com\/portal\/9-de-cada-10-maestros-confirman-que-los-alumnos-ya-no-prestan-atencion-en-clase\/\" class=\"pk-overlay-link\">\n\t\t\t\t\t\t\t\t\t<img loading=\"lazy\" decoding=\"async\" width=\"300\" height=\"225\" src=\"https:\/\/webdelmaestrocmf.com\/portal\/wp-content\/uploads\/2026\/04\/1AA-Banner-1-portada-imagen-10-1-copia-1-10-300x225.webp\" class=\"attachment-pk-thumbnail size-pk-thumbnail wp-post-image\" alt=\"\" \/>\t\t\t\t\t\t\t\t<\/a>\n\t\t\t\t\t\t\t<\/div>\n\t\t\t\t\t\t<\/div>\n\t\t\t\t\t<\/div>\n\t\t\t\t<\/div>\n\t\t\t\t\n\t\t\t\t<div class=\"pk-post-inner\">\n\t\t\t\t\t<header>\n\t\t\t\t\t\t<h3 class=\"pk-title\"><a href=\"https:\/\/webdelmaestrocmf.com\/portal\/9-de-cada-10-maestros-confirman-que-los-alumnos-ya-no-prestan-atencion-en-clase\/\" rel=\"bookmark\">9 de cada 10 maestros confirman que los alumnos ya no prestan atenci\u00f3n en clase<\/a><\/h3>\t\t\t\t\t<\/header><!-- .entry-header -->\n\t\t\t\t<\/div><!-- .post-inner -->\n\n\t\t\t<\/div><!-- .post-outer -->\n\t\t<\/article>\n\t\t\t\t<\/div>\n\t\t<\/div>\n\t\t\n","protected":false},"excerpt":{"rendered":"Corea del Sur expulsa a 45 estudiantes por acoso escolar, reafirmando que la excelencia acad\u00e9mica jam\u00e1s puede estar por encima del respeto.","protected":false},"author":1,"featured_media":113432,"comment_status":"open","ping_status":"closed","sticky":false,"template":"","format":"standard","meta":{"csco_display_header_overlay":false,"csco_singular_sidebar":"","csco_page_header_type":"","csco_page_load_nextpost":"","csco_post_video_location":[],"csco_post_video_location_hash":"","csco_post_video_url":"","csco_post_video_bg_start_time":0,"csco_post_video_bg_end_time":0,"csco_post_video_bg_volume":false,"_jetpack_memberships_contains_paid_content":false,"footnotes":""},"categories":[23790],"tags":[93,77,24387,2147,14753,446,17273,606,23808,24390,18051,96,24388,24389,3022,1576,2085,1014,1074],"class_list":{"0":"post-113429","1":"post","2":"type-post","3":"status-publish","4":"format-standard","5":"has-post-thumbnail","7":"category-noticias-internacionales","8":"tag-acoso-escolar","9":"tag-aprendizaje","10":"tag-cero-tolerancia","11":"tag-convivencia","12":"tag-convivencia-escolar","13":"tag-corea-del-sur","14":"tag-cultura-escolar","15":"tag-disciplina","16":"tag-educacion-2","17":"tag-educacion-mundial-2","18":"tag-educacion-superior","19":"tag-estudiantes","20":"tag-etica-2","21":"tag-noticia-educativa","22":"tag-reforma-educativa","23":"tag-respeto","24":"tag-universidades","25":"tag-valores","26":"tag-violencia-escolar","27":"cs-entry","28":"cs-video-wrap"},"yoast_head":"<!-- This site is optimized with the Yoast SEO plugin v27.5 - https:\/\/yoast.com\/product\/yoast-seo-wordpress\/ -->\n<title>Corea del Sur marca un precedente: expulsan a estudiantes de \u00e9lite por acoso escolar - 2026<\/title>\n<meta name=\"description\" content=\"Corea del Sur expulsa a 45 estudiantes por acoso escolar, reafirmando que la excelencia acad\u00e9mica jam\u00e1s puede estar por encima del respeto.\" \/>\n<meta name=\"robots\" content=\"index, follow, max-snippet:-1, max-image-preview:large, max-video-preview:-1\" \/>\n<link rel=\"canonical\" href=\"https:\/\/webdelmaestrocmf.com\/portal\/corea-del-sur-marca-un-precedente-expulsan-a-estudiantes-de-elite-por-acoso-escolar\/\" \/>\n<meta property=\"og:locale\" content=\"es_ES\" \/>\n<meta property=\"og:type\" content=\"article\" \/>\n<meta property=\"og:title\" content=\"Corea del Sur marca un precedente: expulsan a estudiantes de \u00e9lite por acoso escolar - 2026\" \/>\n<meta property=\"og:description\" content=\"Corea del Sur expulsa a 45 estudiantes por acoso escolar, reafirmando que la excelencia acad\u00e9mica jam\u00e1s puede estar por encima del respeto.\" \/>\n<meta property=\"og:url\" content=\"https:\/\/webdelmaestrocmf.com\/portal\/corea-del-sur-marca-un-precedente-expulsan-a-estudiantes-de-elite-por-acoso-escolar\/\" \/>\n<meta property=\"og:site_name\" content=\"Web del Maestro CMF\" \/>\n<meta property=\"article:publisher\" content=\"https:\/\/www.facebook.com\/WebdelMaestroCMF\/\" \/>\n<meta property=\"article:author\" content=\"https:\/\/www.facebook.com\/WebdelMaestroCMF\/\" \/>\n<meta property=\"article:published_time\" content=\"2025-11-11T22:09:08+00:00\" \/>\n<meta property=\"article:modified_time\" content=\"2025-11-11T22:28:56+00:00\" \/>\n<meta property=\"og:image\" content=\"https:\/\/webdelmaestrocmf.com\/portal\/wp-content\/uploads\/2025\/11\/Portada-articulos-1-6.jpg\" \/>\n\t<meta property=\"og:image:width\" content=\"1000\" \/>\n\t<meta property=\"og:image:height\" content=\"667\" \/>\n\t<meta property=\"og:image:type\" content=\"image\/jpeg\" \/>\n<meta name=\"author\" content=\"Web del Maestro CMF\" \/>\n<meta name=\"twitter:card\" content=\"summary_large_image\" \/>\n<meta name=\"twitter:creator\" content=\"@cmf_w\" \/>\n<meta name=\"twitter:site\" content=\"@cmf_w\" \/>\n<script type=\"application\/ld+json\" class=\"yoast-schema-graph\">{\"@context\":\"https:\\\/\\\/schema.org\",\"@graph\":[{\"@type\":\"ScholarlyArticle\",\"@id\":\"https:\\\/\\\/webdelmaestrocmf.com\\\/portal\\\/corea-del-sur-marca-un-precedente-expulsan-a-estudiantes-de-elite-por-acoso-escolar\\\/#article\",\"isPartOf\":{\"@id\":\"https:\\\/\\\/webdelmaestrocmf.com\\\/portal\\\/corea-del-sur-marca-un-precedente-expulsan-a-estudiantes-de-elite-por-acoso-escolar\\\/\"},\"author\":{\"name\":\"Web del Maestro CMF\",\"@id\":\"https:\\\/\\\/webdelmaestrocmf.com\\\/portal\\\/#\\\/schema\\\/person\\\/1072a2ed7bd960df8ef99a551fa35dc5\"},\"headline\":\"Corea del Sur marca un precedente: expulsan a estudiantes de \u00e9lite por acoso escolar\",\"datePublished\":\"2025-11-11T22:09:08+00:00\",\"dateModified\":\"2025-11-11T22:28:56+00:00\",\"mainEntityOfPage\":{\"@id\":\"https:\\\/\\\/webdelmaestrocmf.com\\\/portal\\\/corea-del-sur-marca-un-precedente-expulsan-a-estudiantes-de-elite-por-acoso-escolar\\\/\"},\"wordCount\":859,\"commentCount\":0,\"publisher\":{\"@id\":\"https:\\\/\\\/webdelmaestrocmf.com\\\/portal\\\/#organization\"},\"image\":{\"@id\":\"https:\\\/\\\/webdelmaestrocmf.com\\\/portal\\\/corea-del-sur-marca-un-precedente-expulsan-a-estudiantes-de-elite-por-acoso-escolar\\\/#primaryimage\"},\"thumbnailUrl\":\"https:\\\/\\\/webdelmaestrocmf.com\\\/portal\\\/wp-content\\\/uploads\\\/2025\\\/11\\\/Portada-articulos-1-6.jpg\",\"keywords\":[\"Acoso escolar\",\"aprendizaje\",\"cero tolerancia\",\"CONVIVENCIA\",\"Convivencia Escolar\",\"Corea del Sur\",\"cultura escolar\",\"DISCIPLINA\",\"educaci\u00f3n\",\"educaci\u00f3n mundial\",\"Educaci\u00f3n superior\",\"estudiantes\",\"\u00e9tica\",\"noticia educativa\",\"REFORMA EDUCATIVA\",\"RESPETO\",\"UNIVERSIDADES\",\"valores\",\"Violencia escolar\"],\"articleSection\":[\"Noticias Internacionales\"],\"inLanguage\":\"es\",\"potentialAction\":[{\"@type\":\"CommentAction\",\"name\":\"Comment\",\"target\":[\"https:\\\/\\\/webdelmaestrocmf.com\\\/portal\\\/corea-del-sur-marca-un-precedente-expulsan-a-estudiantes-de-elite-por-acoso-escolar\\\/#respond\"]}]},{\"@type\":\"WebPage\",\"@id\":\"https:\\\/\\\/webdelmaestrocmf.com\\\/portal\\\/corea-del-sur-marca-un-precedente-expulsan-a-estudiantes-de-elite-por-acoso-escolar\\\/\",\"url\":\"https:\\\/\\\/webdelmaestrocmf.com\\\/portal\\\/corea-del-sur-marca-un-precedente-expulsan-a-estudiantes-de-elite-por-acoso-escolar\\\/\",\"name\":\"Corea del Sur marca un precedente: expulsan a estudiantes de \u00e9lite por acoso escolar - 2026\",\"isPartOf\":{\"@id\":\"https:\\\/\\\/webdelmaestrocmf.com\\\/portal\\\/#website\"},\"primaryImageOfPage\":{\"@id\":\"https:\\\/\\\/webdelmaestrocmf.com\\\/portal\\\/corea-del-sur-marca-un-precedente-expulsan-a-estudiantes-de-elite-por-acoso-escolar\\\/#primaryimage\"},\"image\":{\"@id\":\"https:\\\/\\\/webdelmaestrocmf.com\\\/portal\\\/corea-del-sur-marca-un-precedente-expulsan-a-estudiantes-de-elite-por-acoso-escolar\\\/#primaryimage\"},\"thumbnailUrl\":\"https:\\\/\\\/webdelmaestrocmf.com\\\/portal\\\/wp-content\\\/uploads\\\/2025\\\/11\\\/Portada-articulos-1-6.jpg\",\"datePublished\":\"2025-11-11T22:09:08+00:00\",\"dateModified\":\"2025-11-11T22:28:56+00:00\",\"description\":\"Corea del Sur expulsa a 45 estudiantes por acoso escolar, reafirmando que la excelencia acad\u00e9mica jam\u00e1s puede estar por encima del respeto.\",\"breadcrumb\":{\"@id\":\"https:\\\/\\\/webdelmaestrocmf.com\\\/portal\\\/corea-del-sur-marca-un-precedente-expulsan-a-estudiantes-de-elite-por-acoso-escolar\\\/#breadcrumb\"},\"inLanguage\":\"es\",\"potentialAction\":[{\"@type\":\"ReadAction\",\"target\":[\"https:\\\/\\\/webdelmaestrocmf.com\\\/portal\\\/corea-del-sur-marca-un-precedente-expulsan-a-estudiantes-de-elite-por-acoso-escolar\\\/\"]}]},{\"@type\":\"ImageObject\",\"inLanguage\":\"es\",\"@id\":\"https:\\\/\\\/webdelmaestrocmf.com\\\/portal\\\/corea-del-sur-marca-un-precedente-expulsan-a-estudiantes-de-elite-por-acoso-escolar\\\/#primaryimage\",\"url\":\"https:\\\/\\\/webdelmaestrocmf.com\\\/portal\\\/wp-content\\\/uploads\\\/2025\\\/11\\\/Portada-articulos-1-6.jpg\",\"contentUrl\":\"https:\\\/\\\/webdelmaestrocmf.com\\\/portal\\\/wp-content\\\/uploads\\\/2025\\\/11\\\/Portada-articulos-1-6.jpg\",\"width\":1000,\"height\":667},{\"@type\":\"BreadcrumbList\",\"@id\":\"https:\\\/\\\/webdelmaestrocmf.com\\\/portal\\\/corea-del-sur-marca-un-precedente-expulsan-a-estudiantes-de-elite-por-acoso-escolar\\\/#breadcrumb\",\"itemListElement\":[{\"@type\":\"ListItem\",\"position\":1,\"name\":\"Portada\",\"item\":\"https:\\\/\\\/webdelmaestrocmf.com\\\/portal\\\/\"},{\"@type\":\"ListItem\",\"position\":2,\"name\":\"Noticias Internacionales\",\"item\":\"https:\\\/\\\/webdelmaestrocmf.com\\\/portal\\\/category\\\/noticias-internacionales\\\/\"},{\"@type\":\"ListItem\",\"position\":3,\"name\":\"Corea del Sur marca un precedente: expulsan a estudiantes de \u00e9lite por acoso escolar\"}]},{\"@type\":\"WebSite\",\"@id\":\"https:\\\/\\\/webdelmaestrocmf.com\\\/portal\\\/#website\",\"url\":\"https:\\\/\\\/webdelmaestrocmf.com\\\/portal\\\/\",\"name\":\"Web del Maestro CMF\",\"description\":\"Maestros al servicio de la educaci\u00f3n\",\"publisher\":{\"@id\":\"https:\\\/\\\/webdelmaestrocmf.com\\\/portal\\\/#organization\"},\"alternateName\":\"WMCMF\",\"potentialAction\":[{\"@type\":\"SearchAction\",\"target\":{\"@type\":\"EntryPoint\",\"urlTemplate\":\"https:\\\/\\\/webdelmaestrocmf.com\\\/portal\\\/?s={search_term_string}\"},\"query-input\":{\"@type\":\"PropertyValueSpecification\",\"valueRequired\":true,\"valueName\":\"search_term_string\"}}],\"inLanguage\":\"es\"},{\"@type\":\"Organization\",\"@id\":\"https:\\\/\\\/webdelmaestrocmf.com\\\/portal\\\/#organization\",\"name\":\"Web del Maestro CMF\",\"alternateName\":\"WMCMF\",\"url\":\"https:\\\/\\\/webdelmaestrocmf.com\\\/portal\\\/\",\"logo\":{\"@type\":\"ImageObject\",\"inLanguage\":\"es\",\"@id\":\"https:\\\/\\\/webdelmaestrocmf.com\\\/portal\\\/#\\\/schema\\\/logo\\\/image\\\/\",\"url\":\"https:\\\/\\\/webdelmaestrocmf.com\\\/portal\\\/wp-content\\\/uploads\\\/2023\\\/01\\\/logo-wmcmf-2.png\",\"contentUrl\":\"https:\\\/\\\/webdelmaestrocmf.com\\\/portal\\\/wp-content\\\/uploads\\\/2023\\\/01\\\/logo-wmcmf-2.png\",\"width\":200,\"height\":60,\"caption\":\"Web del Maestro CMF\"},\"image\":{\"@id\":\"https:\\\/\\\/webdelmaestrocmf.com\\\/portal\\\/#\\\/schema\\\/logo\\\/image\\\/\"},\"sameAs\":[\"https:\\\/\\\/www.facebook.com\\\/WebdelMaestroCMF\\\/\",\"https:\\\/\\\/x.com\\\/cmf_w\",\"https:\\\/\\\/www.pinterest.com\\\/WMCMF\\\/\",\"https:\\\/\\\/www.linkedin.com\\\/company\\\/web-del-maestro-cmf\\\/\",\"https:\\\/\\\/www.instagram.com\\\/wmcmf\\\/\",\"https:\\\/\\\/www.youtube.com\\\/channel\\\/UCDPSvjbdodE5sHnC3OxutHw\",\"https:\\\/\\\/mastodon.social\\\/@wmcmf\",\"https:\\\/\\\/www.tiktok.com\\\/@webdelmaestrocmf\"]},{\"@type\":\"Person\",\"@id\":\"https:\\\/\\\/webdelmaestrocmf.com\\\/portal\\\/#\\\/schema\\\/person\\\/1072a2ed7bd960df8ef99a551fa35dc5\",\"name\":\"Web del Maestro CMF\",\"image\":{\"@type\":\"ImageObject\",\"inLanguage\":\"es\",\"@id\":\"https:\\\/\\\/secure.gravatar.com\\\/avatar\\\/23291dd5b5ae1077dcff3dbb04c3e02bd28403fa75af6d8787d5e97c5bbbe30b?s=96&d=mm&r=g\",\"url\":\"https:\\\/\\\/secure.gravatar.com\\\/avatar\\\/23291dd5b5ae1077dcff3dbb04c3e02bd28403fa75af6d8787d5e97c5bbbe30b?s=96&d=mm&r=g\",\"contentUrl\":\"https:\\\/\\\/secure.gravatar.com\\\/avatar\\\/23291dd5b5ae1077dcff3dbb04c3e02bd28403fa75af6d8787d5e97c5bbbe30b?s=96&d=mm&r=g\",\"caption\":\"Web del Maestro CMF\"},\"description\":\"Esta Web se cre\u00f3 sin fines de lucro, con fines educativos, cient\u00edficos y acad\u00e9micos, para personas que tengan dificultades y\\\/o inconvenientes en visualizar el material original. El objetivo es entregar recursos, compartir experiencias y materiales que ayuden a los padres de familia, maestros y estudiantes en su actualizaci\u00f3n y formaci\u00f3n permanente, en bien de la Educaci\u00f3n.\",\"sameAs\":[\"http:\\\/\\\/webdelmaestrocmf.com\\\/portal\",\"https:\\\/\\\/www.facebook.com\\\/WebdelMaestroCMF\\\/\",\"https:\\\/\\\/www.instagram.com\\\/wmcmf\\\/\",\"https:\\\/\\\/cl.linkedin.com\\\/company\\\/web-del-maestro-cmf\",\"https:\\\/\\\/www.pinterest.com\\\/WMCMF\\\/publicaciones\\\/\",\"https:\\\/\\\/x.com\\\/cmf_w\",\"https:\\\/\\\/www.youtube.com\\\/@WMCMF\"]}]}<\/script>\n<!-- \/ Yoast SEO plugin. -->","yoast_head_json":{"title":"Corea del Sur marca un precedente: expulsan a estudiantes de \u00e9lite por acoso escolar - 2026","description":"Corea del Sur expulsa a 45 estudiantes por acoso escolar, reafirmando que la excelencia acad\u00e9mica jam\u00e1s puede estar por encima del respeto.","robots":{"index":"index","follow":"follow","max-snippet":"max-snippet:-1","max-image-preview":"max-image-preview:large","max-video-preview":"max-video-preview:-1"},"canonical":"https:\/\/webdelmaestrocmf.com\/portal\/corea-del-sur-marca-un-precedente-expulsan-a-estudiantes-de-elite-por-acoso-escolar\/","og_locale":"es_ES","og_type":"article","og_title":"Corea del Sur marca un precedente: expulsan a estudiantes de \u00e9lite por acoso escolar - 2026","og_description":"Corea del Sur expulsa a 45 estudiantes por acoso escolar, reafirmando que la excelencia acad\u00e9mica jam\u00e1s puede estar por encima del respeto.","og_url":"https:\/\/webdelmaestrocmf.com\/portal\/corea-del-sur-marca-un-precedente-expulsan-a-estudiantes-de-elite-por-acoso-escolar\/","og_site_name":"Web del Maestro CMF","article_publisher":"https:\/\/www.facebook.com\/WebdelMaestroCMF\/","article_author":"https:\/\/www.facebook.com\/WebdelMaestroCMF\/","article_published_time":"2025-11-11T22:09:08+00:00","article_modified_time":"2025-11-11T22:28:56+00:00","og_image":[{"width":1000,"height":667,"url":"https:\/\/webdelmaestrocmf.com\/portal\/wp-content\/uploads\/2025\/11\/Portada-articulos-1-6.jpg","type":"image\/jpeg"}],"author":"Web del Maestro CMF","twitter_card":"summary_large_image","twitter_creator":"@cmf_w","twitter_site":"@cmf_w","schema":{"@context":"https:\/\/schema.org","@graph":[{"@type":"ScholarlyArticle","@id":"https:\/\/webdelmaestrocmf.com\/portal\/corea-del-sur-marca-un-precedente-expulsan-a-estudiantes-de-elite-por-acoso-escolar\/#article","isPartOf":{"@id":"https:\/\/webdelmaestrocmf.com\/portal\/corea-del-sur-marca-un-precedente-expulsan-a-estudiantes-de-elite-por-acoso-escolar\/"},"author":{"name":"Web del Maestro CMF","@id":"https:\/\/webdelmaestrocmf.com\/portal\/#\/schema\/person\/1072a2ed7bd960df8ef99a551fa35dc5"},"headline":"Corea del Sur marca un precedente: expulsan a estudiantes de \u00e9lite por acoso escolar","datePublished":"2025-11-11T22:09:08+00:00","dateModified":"2025-11-11T22:28:56+00:00","mainEntityOfPage":{"@id":"https:\/\/webdelmaestrocmf.com\/portal\/corea-del-sur-marca-un-precedente-expulsan-a-estudiantes-de-elite-por-acoso-escolar\/"},"wordCount":859,"commentCount":0,"publisher":{"@id":"https:\/\/webdelmaestrocmf.com\/portal\/#organization"},"image":{"@id":"https:\/\/webdelmaestrocmf.com\/portal\/corea-del-sur-marca-un-precedente-expulsan-a-estudiantes-de-elite-por-acoso-escolar\/#primaryimage"},"thumbnailUrl":"https:\/\/webdelmaestrocmf.com\/portal\/wp-content\/uploads\/2025\/11\/Portada-articulos-1-6.jpg","keywords":["Acoso escolar","aprendizaje","cero tolerancia","CONVIVENCIA","Convivencia Escolar","Corea del Sur","cultura escolar","DISCIPLINA","educaci\u00f3n","educaci\u00f3n mundial","Educaci\u00f3n superior","estudiantes","\u00e9tica","noticia educativa","REFORMA EDUCATIVA","RESPETO","UNIVERSIDADES","valores","Violencia escolar"],"articleSection":["Noticias Internacionales"],"inLanguage":"es","potentialAction":[{"@type":"CommentAction","name":"Comment","target":["https:\/\/webdelmaestrocmf.com\/portal\/corea-del-sur-marca-un-precedente-expulsan-a-estudiantes-de-elite-por-acoso-escolar\/#respond"]}]},{"@type":"WebPage","@id":"https:\/\/webdelmaestrocmf.com\/portal\/corea-del-sur-marca-un-precedente-expulsan-a-estudiantes-de-elite-por-acoso-escolar\/","url":"https:\/\/webdelmaestrocmf.com\/portal\/corea-del-sur-marca-un-precedente-expulsan-a-estudiantes-de-elite-por-acoso-escolar\/","name":"Corea del Sur marca un precedente: expulsan a estudiantes de \u00e9lite por acoso escolar - 2026","isPartOf":{"@id":"https:\/\/webdelmaestrocmf.com\/portal\/#website"},"primaryImageOfPage":{"@id":"https:\/\/webdelmaestrocmf.com\/portal\/corea-del-sur-marca-un-precedente-expulsan-a-estudiantes-de-elite-por-acoso-escolar\/#primaryimage"},"image":{"@id":"https:\/\/webdelmaestrocmf.com\/portal\/corea-del-sur-marca-un-precedente-expulsan-a-estudiantes-de-elite-por-acoso-escolar\/#primaryimage"},"thumbnailUrl":"https:\/\/webdelmaestrocmf.com\/portal\/wp-content\/uploads\/2025\/11\/Portada-articulos-1-6.jpg","datePublished":"2025-11-11T22:09:08+00:00","dateModified":"2025-11-11T22:28:56+00:00","description":"Corea del Sur expulsa a 45 estudiantes por acoso escolar, reafirmando que la excelencia acad\u00e9mica jam\u00e1s puede estar por encima del respeto.","breadcrumb":{"@id":"https:\/\/webdelmaestrocmf.com\/portal\/corea-del-sur-marca-un-precedente-expulsan-a-estudiantes-de-elite-por-acoso-escolar\/#breadcrumb"},"inLanguage":"es","potentialAction":[{"@type":"ReadAction","target":["https:\/\/webdelmaestrocmf.com\/portal\/corea-del-sur-marca-un-precedente-expulsan-a-estudiantes-de-elite-por-acoso-escolar\/"]}]},{"@type":"ImageObject","inLanguage":"es","@id":"https:\/\/webdelmaestrocmf.com\/portal\/corea-del-sur-marca-un-precedente-expulsan-a-estudiantes-de-elite-por-acoso-escolar\/#primaryimage","url":"https:\/\/webdelmaestrocmf.com\/portal\/wp-content\/uploads\/2025\/11\/Portada-articulos-1-6.jpg","contentUrl":"https:\/\/webdelmaestrocmf.com\/portal\/wp-content\/uploads\/2025\/11\/Portada-articulos-1-6.jpg","width":1000,"height":667},{"@type":"BreadcrumbList","@id":"https:\/\/webdelmaestrocmf.com\/portal\/corea-del-sur-marca-un-precedente-expulsan-a-estudiantes-de-elite-por-acoso-escolar\/#breadcrumb","itemListElement":[{"@type":"ListItem","position":1,"name":"Portada","item":"https:\/\/webdelmaestrocmf.com\/portal\/"},{"@type":"ListItem","position":2,"name":"Noticias Internacionales","item":"https:\/\/webdelmaestrocmf.com\/portal\/category\/noticias-internacionales\/"},{"@type":"ListItem","position":3,"name":"Corea del Sur marca un precedente: expulsan a estudiantes de \u00e9lite por acoso escolar"}]},{"@type":"WebSite","@id":"https:\/\/webdelmaestrocmf.com\/portal\/#website","url":"https:\/\/webdelmaestrocmf.com\/portal\/","name":"Web del Maestro CMF","description":"Maestros al servicio de la educaci\u00f3n","publisher":{"@id":"https:\/\/webdelmaestrocmf.com\/portal\/#organization"},"alternateName":"WMCMF","potentialAction":[{"@type":"SearchAction","target":{"@type":"EntryPoint","urlTemplate":"https:\/\/webdelmaestrocmf.com\/portal\/?s={search_term_string}"},"query-input":{"@type":"PropertyValueSpecification","valueRequired":true,"valueName":"search_term_string"}}],"inLanguage":"es"},{"@type":"Organization","@id":"https:\/\/webdelmaestrocmf.com\/portal\/#organization","name":"Web del Maestro CMF","alternateName":"WMCMF","url":"https:\/\/webdelmaestrocmf.com\/portal\/","logo":{"@type":"ImageObject","inLanguage":"es","@id":"https:\/\/webdelmaestrocmf.com\/portal\/#\/schema\/logo\/image\/","url":"https:\/\/webdelmaestrocmf.com\/portal\/wp-content\/uploads\/2023\/01\/logo-wmcmf-2.png","contentUrl":"https:\/\/webdelmaestrocmf.com\/portal\/wp-content\/uploads\/2023\/01\/logo-wmcmf-2.png","width":200,"height":60,"caption":"Web del Maestro CMF"},"image":{"@id":"https:\/\/webdelmaestrocmf.com\/portal\/#\/schema\/logo\/image\/"},"sameAs":["https:\/\/www.facebook.com\/WebdelMaestroCMF\/","https:\/\/x.com\/cmf_w","https:\/\/www.pinterest.com\/WMCMF\/","https:\/\/www.linkedin.com\/company\/web-del-maestro-cmf\/","https:\/\/www.instagram.com\/wmcmf\/","https:\/\/www.youtube.com\/channel\/UCDPSvjbdodE5sHnC3OxutHw","https:\/\/mastodon.social\/@wmcmf","https:\/\/www.tiktok.com\/@webdelmaestrocmf"]},{"@type":"Person","@id":"https:\/\/webdelmaestrocmf.com\/portal\/#\/schema\/person\/1072a2ed7bd960df8ef99a551fa35dc5","name":"Web del Maestro CMF","image":{"@type":"ImageObject","inLanguage":"es","@id":"https:\/\/secure.gravatar.com\/avatar\/23291dd5b5ae1077dcff3dbb04c3e02bd28403fa75af6d8787d5e97c5bbbe30b?s=96&d=mm&r=g","url":"https:\/\/secure.gravatar.com\/avatar\/23291dd5b5ae1077dcff3dbb04c3e02bd28403fa75af6d8787d5e97c5bbbe30b?s=96&d=mm&r=g","contentUrl":"https:\/\/secure.gravatar.com\/avatar\/23291dd5b5ae1077dcff3dbb04c3e02bd28403fa75af6d8787d5e97c5bbbe30b?s=96&d=mm&r=g","caption":"Web del Maestro CMF"},"description":"Esta Web se cre\u00f3 sin fines de lucro, con fines educativos, cient\u00edficos y acad\u00e9micos, para personas que tengan dificultades y\/o inconvenientes en visualizar el material original. El objetivo es entregar recursos, compartir experiencias y materiales que ayuden a los padres de familia, maestros y estudiantes en su actualizaci\u00f3n y formaci\u00f3n permanente, en bien de la Educaci\u00f3n.","sameAs":["http:\/\/webdelmaestrocmf.com\/portal","https:\/\/www.facebook.com\/WebdelMaestroCMF\/","https:\/\/www.instagram.com\/wmcmf\/","https:\/\/cl.linkedin.com\/company\/web-del-maestro-cmf","https:\/\/www.pinterest.com\/WMCMF\/publicaciones\/","https:\/\/x.com\/cmf_w","https:\/\/www.youtube.com\/@WMCMF"]}]}},"jetpack_featured_media_url":"https:\/\/webdelmaestrocmf.com\/portal\/wp-content\/uploads\/2025\/11\/Portada-articulos-1-6.jpg","jetpack_sharing_enabled":true,"jetpack-related-posts":[{"id":103344,"url":"https:\/\/webdelmaestrocmf.com\/portal\/acoso-y-ciberacoso-escolar-aprender-y-mejorar\/","url_meta":{"origin":113429,"position":0},"title":"Acoso y ciberacoso escolar: aprender y mejorar","author":"Web del Maestro CMF","date":"1 febrero, 2024","format":false,"excerpt":"Seg\u00fan la Organizaci\u00f3n Mundial de la Salud (OMS), Espa\u00f1a es uno de los pa\u00edses europeos con m\u00e1s incidencia de acoso escolar, y que contrasta con la percepci\u00f3n que los alumnos tienen de lo que ocurre en su entorno, que 7 de cada 10 ni\u00f1os sufren a diario alg\u00fan tipo de\u2026","rel":"","context":"En \u00abYo opino - WMCMF\u00bb","block_context":{"text":"Yo opino - WMCMF","link":"https:\/\/webdelmaestrocmf.com\/portal\/category\/jamb\/"},"img":{"alt_text":"Acoso escolar","src":"https:\/\/i0.wp.com\/webdelmaestrocmf.com\/portal\/wp-content\/uploads\/2024\/02\/Acoso-escolar.jpg?resize=350%2C200&ssl=1","width":350,"height":200,"srcset":"https:\/\/i0.wp.com\/webdelmaestrocmf.com\/portal\/wp-content\/uploads\/2024\/02\/Acoso-escolar.jpg?resize=350%2C200&ssl=1 1x, https:\/\/i0.wp.com\/webdelmaestrocmf.com\/portal\/wp-content\/uploads\/2024\/02\/Acoso-escolar.jpg?resize=525%2C300&ssl=1 1.5x, https:\/\/i0.wp.com\/webdelmaestrocmf.com\/portal\/wp-content\/uploads\/2024\/02\/Acoso-escolar.jpg?resize=700%2C400&ssl=1 2x"},"classes":[]},{"id":94000,"url":"https:\/\/webdelmaestrocmf.com\/portal\/david-auris-cambiemos-el-rostro-de-nuestras-escuelas-erradicando-el-bullying\/","url_meta":{"origin":113429,"position":1},"title":"[David Auris] Cambiemos el rostro de nuestras escuelas: Erradicando el bullying","author":"Web del Maestro CMF","date":"4 septiembre, 2023","format":false,"excerpt":"En el ecosistema de la educaci\u00f3n, las escuelas son instituciones educativas en el que los estudiantes cultivan habilidades y amistades para desenrollarse como personas. No obstante, en este ambiente aparentemente id\u00edlico, crece un acoso escolar que, en nuestro pa\u00eds, seg\u00fan S\u00edseVE del Ministerio de Educaci\u00f3n, (MINEDU), en lo que va\u2026","rel":"","context":"En \u00abZ-Colaborador-David-Auris\u00bb","block_context":{"text":"Z-Colaborador-David-Auris","link":"https:\/\/webdelmaestrocmf.com\/portal\/category\/colaborador\/z-colaborador-david-auris\/"},"img":{"alt_text":"","src":"https:\/\/i0.wp.com\/webdelmaestrocmf.com\/portal\/wp-content\/uploads\/2023\/09\/A12B3C4D-92.jpg?resize=350%2C200&ssl=1","width":350,"height":200,"srcset":"https:\/\/i0.wp.com\/webdelmaestrocmf.com\/portal\/wp-content\/uploads\/2023\/09\/A12B3C4D-92.jpg?resize=350%2C200&ssl=1 1x, https:\/\/i0.wp.com\/webdelmaestrocmf.com\/portal\/wp-content\/uploads\/2023\/09\/A12B3C4D-92.jpg?resize=525%2C300&ssl=1 1.5x, https:\/\/i0.wp.com\/webdelmaestrocmf.com\/portal\/wp-content\/uploads\/2023\/09\/A12B3C4D-92.jpg?resize=700%2C400&ssl=1 2x"},"classes":[]},{"id":112134,"url":"https:\/\/webdelmaestrocmf.com\/portal\/fuertes-sanciones-para-docentes-que-encubran-casos-de-bullying-6-meses-a-3-anos-de-prision-ademas-de-una-multa\/","url_meta":{"origin":113429,"position":2},"title":"Fuertes sanciones para docentes que encubran casos de bullying: 6 meses a 3 a\u00f1os de prisi\u00f3n, adem\u00e1s de una multa.","author":"Web del Maestro CMF","date":"3 abril, 2026","format":false,"excerpt":"El Congreso de Nuevo Le\u00f3n obliga a maestros a denunciar bullying; de no hacerlo, enfrentar\u00e1n sanciones por encubrimiento con prisi\u00f3n y multa.","rel":"","context":"En \u00abNoticias Internacionales\u00bb","block_context":{"text":"Noticias Internacionales","link":"https:\/\/webdelmaestrocmf.com\/portal\/category\/noticias-internacionales\/"},"img":{"alt_text":"","src":"https:\/\/i0.wp.com\/webdelmaestrocmf.com\/portal\/wp-content\/uploads\/2025\/09\/1A-Banner-1-portada-imagen-10-1-copia-2025-09-14T183458.950.webp?resize=350%2C200&ssl=1","width":350,"height":200,"srcset":"https:\/\/i0.wp.com\/webdelmaestrocmf.com\/portal\/wp-content\/uploads\/2025\/09\/1A-Banner-1-portada-imagen-10-1-copia-2025-09-14T183458.950.webp?resize=350%2C200&ssl=1 1x, https:\/\/i0.wp.com\/webdelmaestrocmf.com\/portal\/wp-content\/uploads\/2025\/09\/1A-Banner-1-portada-imagen-10-1-copia-2025-09-14T183458.950.webp?resize=525%2C300&ssl=1 1.5x, https:\/\/i0.wp.com\/webdelmaestrocmf.com\/portal\/wp-content\/uploads\/2025\/09\/1A-Banner-1-portada-imagen-10-1-copia-2025-09-14T183458.950.webp?resize=700%2C400&ssl=1 2x"},"classes":[]},{"id":117712,"url":"https:\/\/webdelmaestrocmf.com\/portal\/salta-aplicara-multas-o-hasta-30-dias-de-arresto-a-los-padres-de-ninos-que-cometan-bullying\/","url_meta":{"origin":113429,"position":3},"title":"Salta aplicar\u00e1 multas o hasta 30 d\u00edas de arresto a los padres de ni\u00f1os que cometan bullying","author":"Web del Maestro CMF","date":"13 abril, 2026","format":false,"excerpt":"Salta sancionar\u00e1 a padres de estudiantes que cometan bullying con multas, tareas comunitarias o arresto. La medida busca fortalecer la responsabilidad familiar y prevenir la violencia en las escuelas.","rel":"","context":"En \u00abNoticias Internacionales\u00bb","block_context":{"text":"Noticias Internacionales","link":"https:\/\/webdelmaestrocmf.com\/portal\/category\/noticias-internacionales\/"},"img":{"alt_text":"","src":"https:\/\/i0.wp.com\/webdelmaestrocmf.com\/portal\/wp-content\/uploads\/2026\/04\/1AA-Banner-1-portada-imagen-10-1-copia-11-1.webp?resize=350%2C200&ssl=1","width":350,"height":200,"srcset":"https:\/\/i0.wp.com\/webdelmaestrocmf.com\/portal\/wp-content\/uploads\/2026\/04\/1AA-Banner-1-portada-imagen-10-1-copia-11-1.webp?resize=350%2C200&ssl=1 1x, https:\/\/i0.wp.com\/webdelmaestrocmf.com\/portal\/wp-content\/uploads\/2026\/04\/1AA-Banner-1-portada-imagen-10-1-copia-11-1.webp?resize=525%2C300&ssl=1 1.5x, https:\/\/i0.wp.com\/webdelmaestrocmf.com\/portal\/wp-content\/uploads\/2026\/04\/1AA-Banner-1-portada-imagen-10-1-copia-11-1.webp?resize=700%2C400&ssl=1 2x, https:\/\/i0.wp.com\/webdelmaestrocmf.com\/portal\/wp-content\/uploads\/2026\/04\/1AA-Banner-1-portada-imagen-10-1-copia-11-1.webp?resize=1050%2C600&ssl=1 3x"},"classes":[]},{"id":108714,"url":"https:\/\/webdelmaestrocmf.com\/portal\/toni-garcia-arias-maestro-muchos-padres-les-dicen-a-sus-hijos-que-si-les-pegan-se-defiendan-que-respondan-con-una-agresion\/","url_meta":{"origin":113429,"position":4},"title":"Toni Garc\u00eda Arias: \u201cMuchos padres les dicen a sus hijos que, si les pegan, se defiendan, que respondan con una agresi\u00f3n\u201d","author":"Web del Maestro CMF","date":"8 abril, 2025","format":false,"excerpt":"La ONG de infancia y educaci\u00f3n\u00a0Educo\u00a0informaba con motivo del D\u00eda Mundial del\u00a0Bullying,\u00a0el pasado 2 de mayo, que en un aula con 30 ni\u00f1os y ni\u00f1as, nueve de ellos han sufrido\u00a0acoso escolar\u00a0u otro tipo de violencia en la escuela en alg\u00fan momento de su vida. Seg\u00fan el informe de la\u00a0Unesco,\u00a0Entornos de\u2026","rel":"","context":"En \u00abEntrevistas\u00bb","block_context":{"text":"Entrevistas","link":"https:\/\/webdelmaestrocmf.com\/portal\/category\/noticias\/entrevistas\/"},"img":{"alt_text":"","src":"https:\/\/i0.wp.com\/webdelmaestrocmf.com\/portal\/wp-content\/uploads\/2025\/04\/1A-Banner-1-portada-imagen-10-1-51.jpg?resize=350%2C200&ssl=1","width":350,"height":200,"srcset":"https:\/\/i0.wp.com\/webdelmaestrocmf.com\/portal\/wp-content\/uploads\/2025\/04\/1A-Banner-1-portada-imagen-10-1-51.jpg?resize=350%2C200&ssl=1 1x, https:\/\/i0.wp.com\/webdelmaestrocmf.com\/portal\/wp-content\/uploads\/2025\/04\/1A-Banner-1-portada-imagen-10-1-51.jpg?resize=525%2C300&ssl=1 1.5x, https:\/\/i0.wp.com\/webdelmaestrocmf.com\/portal\/wp-content\/uploads\/2025\/04\/1A-Banner-1-portada-imagen-10-1-51.jpg?resize=700%2C400&ssl=1 2x"},"classes":[]},{"id":54018,"url":"https:\/\/webdelmaestrocmf.com\/portal\/dia-internacional-contra-la-violencia-y-el-acoso-escolar-incluido-el-ciberacoso\/","url_meta":{"origin":113429,"position":5},"title":"D\u00eda Internacional contra la violencia y el Acoso escolar, incluido el Ciberacoso","author":"Web del Maestro CMF","date":"4 noviembre, 2020","format":false,"excerpt":"La 207\u00aa sesi\u00f3n del Consejo Ejecutivo de la UNESCO (1919), declar\u00f3 el primer jueves del mes de noviembre de cada a\u00f1o, como el D\u00eda Internacional contra la Violencia y el Acoso en la Escuela, incluido el Ciberacoso, \u201creconociendo de este modo que la violencia en el entorno escolar bajo todas\u2026","rel":"","context":"En \u00abYo opino - WMCMF\u00bb","block_context":{"text":"Yo opino - WMCMF","link":"https:\/\/webdelmaestrocmf.com\/portal\/category\/jamb\/"},"img":{"alt_text":"","src":"https:\/\/i0.wp.com\/webdelmaestrocmf.com\/portal\/wp-content\/uploads\/2020\/11\/1-31.jpg?resize=350%2C200&ssl=1","width":350,"height":200,"srcset":"https:\/\/i0.wp.com\/webdelmaestrocmf.com\/portal\/wp-content\/uploads\/2020\/11\/1-31.jpg?resize=350%2C200&ssl=1 1x, https:\/\/i0.wp.com\/webdelmaestrocmf.com\/portal\/wp-content\/uploads\/2020\/11\/1-31.jpg?resize=525%2C300&ssl=1 1.5x, https:\/\/i0.wp.com\/webdelmaestrocmf.com\/portal\/wp-content\/uploads\/2020\/11\/1-31.jpg?resize=700%2C400&ssl=1 2x, https:\/\/i0.wp.com\/webdelmaestrocmf.com\/portal\/wp-content\/uploads\/2020\/11\/1-31.jpg?resize=1050%2C600&ssl=1 3x"},"classes":[]}],"_links":{"self":[{"href":"https:\/\/webdelmaestrocmf.com\/portal\/wp-json\/wp\/v2\/posts\/113429","targetHints":{"allow":["GET"]}}],"collection":[{"href":"https:\/\/webdelmaestrocmf.com\/portal\/wp-json\/wp\/v2\/posts"}],"about":[{"href":"https:\/\/webdelmaestrocmf.com\/portal\/wp-json\/wp\/v2\/types\/post"}],"author":[{"embeddable":true,"href":"https:\/\/webdelmaestrocmf.com\/portal\/wp-json\/wp\/v2\/users\/1"}],"replies":[{"embeddable":true,"href":"https:\/\/webdelmaestrocmf.com\/portal\/wp-json\/wp\/v2\/comments?post=113429"}],"version-history":[{"count":1,"href":"https:\/\/webdelmaestrocmf.com\/portal\/wp-json\/wp\/v2\/posts\/113429\/revisions"}],"predecessor-version":[{"id":113431,"href":"https:\/\/webdelmaestrocmf.com\/portal\/wp-json\/wp\/v2\/posts\/113429\/revisions\/113431"}],"wp:featuredmedia":[{"embeddable":true,"href":"https:\/\/webdelmaestrocmf.com\/portal\/wp-json\/wp\/v2\/media\/113432"}],"wp:attachment":[{"href":"https:\/\/webdelmaestrocmf.com\/portal\/wp-json\/wp\/v2\/media?parent=113429"}],"wp:term":[{"taxonomy":"category","embeddable":true,"href":"https:\/\/webdelmaestrocmf.com\/portal\/wp-json\/wp\/v2\/categories?post=113429"},{"taxonomy":"post_tag","embeddable":true,"href":"https:\/\/webdelmaestrocmf.com\/portal\/wp-json\/wp\/v2\/tags?post=113429"}],"curies":[{"name":"wp","href":"https:\/\/api.w.org\/{rel}","templated":true}]}}