{"id":113394,"date":"2025-11-10T21:08:11","date_gmt":"2025-11-11T00:08:11","guid":{"rendered":"https:\/\/webdelmaestrocmf.com\/portal\/?p=113394"},"modified":"2025-11-10T21:14:48","modified_gmt":"2025-11-11T00:14:48","slug":"el-reclamo-de-un-maestro-a-los-padres-ensenar-valores-tambien-es-su-tarea-no-envien-a-la-escuela-ninos-irresponsables-irrespetuosos-o-con-mala-higiene","status":"publish","type":"post","link":"https:\/\/webdelmaestrocmf.com\/portal\/el-reclamo-de-un-maestro-a-los-padres-ensenar-valores-tambien-es-su-tarea-no-envien-a-la-escuela-ninos-irresponsables-irrespetuosos-o-con-mala-higiene\/","title":{"rendered":"El reclamo de un maestro a los padres: ense\u00f1ar valores tambi\u00e9n es su tarea. \u00abNo env\u00eden a la escuela ni\u00f1os irresponsables, irrespetuosos o con mala higiene\u00bb"},"content":{"rendered":"\n<p>En una carta que se volvi\u00f3 viral, un maestro pidi\u00f3 a los padres <strong>no enviar a la escuela ni\u00f1os irresponsables, irrespetuosos o con mala higiene<\/strong>. Su mensaje, aunque duro, refleja un malestar profundo y silencioso que recorre las aulas: el de los docentes que deben asumir responsabilidades que no les corresponden. El profesor Nelson Hern\u00e1ndez no solo respondi\u00f3 a una solicitud de los padres \u2014que ped\u00edan eliminar las tareas para la casa\u2014, sino que devolvi\u00f3 la pregunta con crudeza: <\/p>\n\n\n\n<p><em>\u201cSi ustedes no quieren tareas, entonces tampoco nos manden ni\u00f1os sin respeto, sin ba\u00f1arse, deshonestos o prepotentes. Esa es su responsabilidad y no la deben delegar en nosotros.\u201d<\/em><\/p>\n\n\n\n<p>M\u00e1s all\u00e1 del tono, el fondo del mensaje interpela a toda la comunidad educativa. \u00bfD\u00f3nde termina la tarea del docente y comienza la de los padres?<\/p>\n\n\n\n<figure class=\"wp-block-image size-large\"><img loading=\"lazy\" decoding=\"async\" width=\"819\" height=\"1024\" src=\"https:\/\/webdelmaestrocmf.com\/portal\/wp-content\/uploads\/2025\/11\/Copia-de-Mapas-mentales-para-profesores-1-1-819x1024.webp\" alt=\"\" class=\"wp-image-113396\" srcset=\"https:\/\/webdelmaestrocmf.com\/portal\/wp-content\/uploads\/2025\/11\/Copia-de-Mapas-mentales-para-profesores-1-1-819x1024.webp 819w, https:\/\/webdelmaestrocmf.com\/portal\/wp-content\/uploads\/2025\/11\/Copia-de-Mapas-mentales-para-profesores-1-1-240x300.webp 240w, https:\/\/webdelmaestrocmf.com\/portal\/wp-content\/uploads\/2025\/11\/Copia-de-Mapas-mentales-para-profesores-1-1-768x960.webp 768w, https:\/\/webdelmaestrocmf.com\/portal\/wp-content\/uploads\/2025\/11\/Copia-de-Mapas-mentales-para-profesores-1-1-1229x1536.webp 1229w, https:\/\/webdelmaestrocmf.com\/portal\/wp-content\/uploads\/2025\/11\/Copia-de-Mapas-mentales-para-profesores-1-1-332x415.webp 332w, https:\/\/webdelmaestrocmf.com\/portal\/wp-content\/uploads\/2025\/11\/Copia-de-Mapas-mentales-para-profesores-1-1-664x830.webp 664w, https:\/\/webdelmaestrocmf.com\/portal\/wp-content\/uploads\/2025\/11\/Copia-de-Mapas-mentales-para-profesores-1-1-688x860.webp 688w, https:\/\/webdelmaestrocmf.com\/portal\/wp-content\/uploads\/2025\/11\/Copia-de-Mapas-mentales-para-profesores-1-1-1044x1305.webp 1044w, https:\/\/webdelmaestrocmf.com\/portal\/wp-content\/uploads\/2025\/11\/Copia-de-Mapas-mentales-para-profesores-1-1-1400x1750.webp 1400w, https:\/\/webdelmaestrocmf.com\/portal\/wp-content\/uploads\/2025\/11\/Copia-de-Mapas-mentales-para-profesores-1-1.webp 1620w\" sizes=\"auto, (max-width: 819px) 100vw, 819px\" \/><\/figure>\n\n\n\n<h3 class=\"wp-block-heading\"><strong>Entre ense\u00f1ar y educar: los l\u00edmites se desdibujan<\/strong><\/h3>\n\n\n\n<p>La escuela tiene una misi\u00f3n clara: <strong>ense\u00f1ar conocimientos, habilidades y valores universales<\/strong>, pero no puede suplir lo que deber\u00eda gestarse en el hogar. Cuando los ni\u00f1os llegan a clase sin normas b\u00e1sicas de convivencia, sin h\u00e1bitos de higiene o sin respeto hacia la autoridad, el aula deja de ser un espacio de aprendizaje y se convierte en un campo de contenci\u00f3n emocional.<br>El docente se ve forzado a ense\u00f1ar lo que no aprendieron en casa: modales, empat\u00eda, tolerancia, responsabilidad\u2026 y todo eso <strong>antes siquiera de poder ense\u00f1ar matem\u00e1ticas, lenguaje o ciencias<\/strong>.<\/p>\n\n\n\n<p>La educaci\u00f3n integral es una tarea compartida, pero no equitativa. <strong>Los valores se aprenden primero en casa<\/strong>, donde los ni\u00f1os observan, imitan y repiten conductas. La escuela puede reforzarlos, pero no sustituir a los padres. Un ni\u00f1o que no recibe l\u00edmites, que no aprende a escuchar ni a respetar, arrastra esa carencia al aula, afectando su propio aprendizaje y el de los dem\u00e1s.<\/p>\n\n\n\n<figure class=\"wp-block-embed is-type-video is-provider-youtube wp-block-embed-youtube wp-embed-aspect-16-9 wp-has-aspect-ratio\"><div class=\"wp-block-embed__wrapper\">\n<iframe loading=\"lazy\" title=\"H\u00e1bitos de Higiene Personal y Autocuidado\" width=\"1200\" height=\"675\" src=\"https:\/\/www.youtube.com\/embed\/FHbo-hyIhUQ?feature=oembed\" frameborder=\"0\" allow=\"accelerometer; autoplay; clipboard-write; encrypted-media; gyroscope; picture-in-picture; web-share\" referrerpolicy=\"strict-origin-when-cross-origin\" allowfullscreen><\/iframe>\n<\/div><\/figure>\n\n\n\n<h3 class=\"wp-block-heading\"><strong>El cansancio invisible del docente<\/strong><\/h3>\n\n\n\n<p>Muchos maestros confiesan sentirse agotados no solo por la carga laboral o la burocracia, sino por tener que ser <strong>educadores, psic\u00f3logos, mediadores, consejeros y figuras parentales al mismo tiempo<\/strong>. El mensaje del profesor Hern\u00e1ndez es el grito de quienes cada d\u00eda enfrentan aulas donde la disciplina se ha vuelto una lucha constante.<\/p>\n\n\n\n<p>Cuando los padres renuncian a su papel formador, el docente debe compensar con tiempo, energ\u00eda y paciencia lo que deber\u00eda venir de casa. Esa sobrecarga emocional genera frustraci\u00f3n, desgaste y, en algunos casos, abandono de la profesi\u00f3n.<br>Como bien dijo una maestra en redes sociales: <em>\u201cNo nos pidan que formemos ciudadanos si en casa no se ense\u00f1a ni a saludar.\u201d<\/em><\/p>\n\n\n\n<h3 class=\"wp-block-heading\"><strong>Educar en valores: tarea de todos, pero con responsabilidades claras<\/strong><\/h3>\n\n\n\n<p>Educar no es solo ense\u00f1ar a leer y escribir, sino <strong>formar personas con criterio, empat\u00eda y responsabilidad<\/strong>. Y aunque la escuela tiene un rol crucial, el primer espacio educativo es el hogar.<br>Los padres no pueden delegar la formaci\u00f3n \u00e9tica, la responsabilidad ni los h\u00e1bitos de vida en los docentes. En cambio, deben asumir un compromiso activo: acompa\u00f1ar, escuchar, poner l\u00edmites, inculcar h\u00e1bitos y mostrar con el ejemplo que el respeto y la higiene no son opcionales, sino parte del desarrollo humano.<\/p>\n\n\n\n<p>La corresponsabilidad educativa no consiste en \u201crepartir culpas\u201d, sino en <strong>reconocer los l\u00edmites y las funciones de cada actor<\/strong>. El docente ense\u00f1a, el padre educa, y ambos forman.<\/p>\n\n\n\n<h3 class=\"wp-block-heading\"><strong>Un llamado a la reflexi\u00f3n<\/strong><\/h3>\n\n\n\n<p>El mensaje del profesor Hern\u00e1ndez puede parecer duro, pero detr\u00e1s de su tono hay una verdad inc\u00f3moda: <strong>la escuela no puede sola<\/strong>.<br>Los ni\u00f1os no necesitan maestros perfectos, sino <strong>familias presentes y coherentes<\/strong>.<br>El respeto, la empat\u00eda y la responsabilidad no se aprenden por decreto, se transmiten con el ejemplo cotidiano.<br>Y si bien el aula puede ser un espacio de transformaci\u00f3n, esa transformaci\u00f3n comienza en casa.<\/p>\n\n\n\n<p><strong>Reflexi\u00f3n final:<\/strong><br>Cuando un maestro tiene que ense\u00f1ar lo que los padres olvidaron inculcar, el sistema educativo se desequilibra. La escuela puede reforzar valores, pero no reemplazar el hogar. Educar es una tarea compartida, pero comienza en casa.<\/p>\n\n\n\n<p class=\"has-text-align-right\"><strong>Redacci\u00f3n | Web del Maestro CMF<\/strong><\/p>\n\n\n\t\t<div class=\"pk-inline-posts\">\n\t\t\t\n\t\t\t<div class=\"pk-inline-posts-container pk-inline-posts-template-list\"\n\t\t\t\tdata-columns=\"1\">\n\t\t\t\t\t\t<article id=\"post-114350\" class=\"post-114350 post type-post status-publish format-standard has-post-thumbnail category-pedagogia category-salud tag-adolescencia-y-pantallas tag-bienestar-adolescente tag-deficit-de-sueno tag-descanso-escolar tag-educacion-y-salud tag-problemas-de-sueno tag-ritmos-biologicos tag-salud-mental-juvenil tag-sueno-adolescente tag-uso-del-celular cs-entry cs-video-wrap\">\n\t\t\t<div class=\"pk-post-outer\">\n\n\t\t\t\t\t\t\t\t<div class=\"pk-post-inner\">\n\t\t\t\t\t<div class=\"entry-thumbnail\">\n\t\t\t\t\t\t<div class=\"pk-overlay pk-overlay-ratio pk-ratio-landscape\">\n\t\t\t\t\t\t\t<div class=\"pk-overlay-background\">\n\t\t\t\t\t\t\t\t<a href=\"https:\/\/webdelmaestrocmf.com\/portal\/casi-la-mitad-de-los-adolescentes-duermen-mal-y-menos-tiempo-de-lo-que-necesitan\/\" class=\"pk-overlay-link\">\n\t\t\t\t\t\t\t\t\t<img loading=\"lazy\" decoding=\"async\" width=\"300\" height=\"225\" src=\"https:\/\/webdelmaestrocmf.com\/portal\/wp-content\/uploads\/2025\/12\/1A-Banner-1-portada-imagen-10-1-copia-24-300x225.webp\" class=\"attachment-pk-thumbnail size-pk-thumbnail wp-post-image\" alt=\"\" \/>\t\t\t\t\t\t\t\t<\/a>\n\t\t\t\t\t\t\t<\/div>\n\t\t\t\t\t\t<\/div>\n\t\t\t\t\t<\/div>\n\t\t\t\t<\/div>\n\t\t\t\t\n\t\t\t\t<div class=\"pk-post-inner\">\n\t\t\t\t\t<header>\n\t\t\t\t\t\t<h3 class=\"pk-title\"><a href=\"https:\/\/webdelmaestrocmf.com\/portal\/casi-la-mitad-de-los-adolescentes-duermen-mal-y-menos-tiempo-de-lo-que-necesitan\/\" rel=\"bookmark\">Casi la mitad de los adolescentes duermen mal y menos tiempo de lo que necesitan<\/a><\/h3>\t\t\t\t\t<\/header><!-- .entry-header -->\n\t\t\t\t<\/div><!-- .post-inner -->\n\n\t\t\t<\/div><!-- .post-outer -->\n\t\t<\/article>\n\t\t\t<article id=\"post-113827\" class=\"post-113827 post type-post status-publish format-standard has-post-thumbnail category-pedagogia category-salud tag-ansiedad-por-pantallas tag-cervicalgia tag-cifosis tag-dolores-musculares tag-dorsalgia tag-epicondilitis tag-ergonomia tag-higiene-postural tag-riesgos-del-trabajo-digital tag-salud-digital tag-salud-laboral tag-sedentarismo tag-tunel-carpiano tag-uso-excesivo-del-celular cs-entry cs-video-wrap\">\n\t\t\t<div class=\"pk-post-outer\">\n\n\t\t\t\t\t\t\t\t<div class=\"pk-post-inner\">\n\t\t\t\t\t<div class=\"entry-thumbnail\">\n\t\t\t\t\t\t<div class=\"pk-overlay pk-overlay-ratio pk-ratio-landscape\">\n\t\t\t\t\t\t\t<div class=\"pk-overlay-background\">\n\t\t\t\t\t\t\t\t<a href=\"https:\/\/webdelmaestrocmf.com\/portal\/problemas-comunes-ante-el-uso-excesivo-de-su-celular-al-estar-varias-horas-en-trabajo\/\" class=\"pk-overlay-link\">\n\t\t\t\t\t\t\t\t\t<img loading=\"lazy\" decoding=\"async\" width=\"300\" height=\"225\" src=\"https:\/\/webdelmaestrocmf.com\/portal\/wp-content\/uploads\/2025\/12\/1A-Banner-1-portada-imagen-10-1-copia-1-3-300x225.webp\" class=\"attachment-pk-thumbnail size-pk-thumbnail wp-post-image\" alt=\"\" \/>\t\t\t\t\t\t\t\t<\/a>\n\t\t\t\t\t\t\t<\/div>\n\t\t\t\t\t\t<\/div>\n\t\t\t\t\t<\/div>\n\t\t\t\t<\/div>\n\t\t\t\t\n\t\t\t\t<div class=\"pk-post-inner\">\n\t\t\t\t\t<header>\n\t\t\t\t\t\t<h3 class=\"pk-title\"><a href=\"https:\/\/webdelmaestrocmf.com\/portal\/problemas-comunes-ante-el-uso-excesivo-de-su-celular-al-estar-varias-horas-en-trabajo\/\" rel=\"bookmark\">Problemas comunes ante el uso excesivo de su celular al estar varias horas en trabajo<\/a><\/h3>\t\t\t\t\t<\/header><!-- .entry-header -->\n\t\t\t\t<\/div><!-- .post-inner -->\n\n\t\t\t<\/div><!-- .post-outer -->\n\t\t<\/article>\n\t\t\t<article id=\"post-113781\" class=\"post-113781 post type-post status-publish format-standard has-post-thumbnail category-pedagogia category-salud tag-amnesia-digital tag-bienestar-digital tag-desconexion-digital tag-neurociencia tag-redes-sociales tag-salud-mental cs-entry cs-video-wrap\">\n\t\t\t<div class=\"pk-post-outer\">\n\n\t\t\t\t\t\t\t\t<div class=\"pk-post-inner\">\n\t\t\t\t\t<div class=\"entry-thumbnail\">\n\t\t\t\t\t\t<div class=\"pk-overlay pk-overlay-ratio pk-ratio-landscape\">\n\t\t\t\t\t\t\t<div class=\"pk-overlay-background\">\n\t\t\t\t\t\t\t\t<a href=\"https:\/\/webdelmaestrocmf.com\/portal\/que-dice-la-ciencia-sobre-desconectarse-de-internet-alejarse-de-las-pantallas-mejora-el-animo-y-previene-la-amnesia-digital\/\" class=\"pk-overlay-link\">\n\t\t\t\t\t\t\t\t\t<img loading=\"lazy\" decoding=\"async\" width=\"300\" height=\"225\" src=\"https:\/\/webdelmaestrocmf.com\/portal\/wp-content\/uploads\/2025\/12\/1A-Banner-1-portada-imagen-10-1-copia-2-300x225.webp\" class=\"attachment-pk-thumbnail size-pk-thumbnail wp-post-image\" alt=\"\" \/>\t\t\t\t\t\t\t\t<\/a>\n\t\t\t\t\t\t\t<\/div>\n\t\t\t\t\t\t<\/div>\n\t\t\t\t\t<\/div>\n\t\t\t\t<\/div>\n\t\t\t\t\n\t\t\t\t<div class=\"pk-post-inner\">\n\t\t\t\t\t<header>\n\t\t\t\t\t\t<h3 class=\"pk-title\"><a href=\"https:\/\/webdelmaestrocmf.com\/portal\/que-dice-la-ciencia-sobre-desconectarse-de-internet-alejarse-de-las-pantallas-mejora-el-animo-y-previene-la-amnesia-digital\/\" rel=\"bookmark\">\u00bfQu\u00e9 dice la ciencia sobre desconectarse de internet? Alejarse de las pantallas mejora el \u00e1nimo y previene la \u201camnesia digital\u201d<\/a><\/h3>\t\t\t\t\t<\/header><!-- .entry-header -->\n\t\t\t\t<\/div><!-- .post-inner -->\n\n\t\t\t<\/div><!-- .post-outer -->\n\t\t<\/article>\n\t\t\t\t<\/div>\n\t\t<\/div>\n\t\t\n","protected":false},"excerpt":{"rendered":"En una carta que se volvi\u00f3 viral, un maestro pidi\u00f3 a los padres no enviar a la escuela&hellip;","protected":false},"author":1,"featured_media":113398,"comment_status":"open","ping_status":"closed","sticky":false,"template":"","format":"standard","meta":{"csco_display_header_overlay":false,"csco_singular_sidebar":"","csco_page_header_type":"","csco_page_load_nextpost":"","csco_post_video_location":[],"csco_post_video_location_hash":"","csco_post_video_url":"","csco_post_video_bg_start_time":0,"csco_post_video_bg_end_time":0,"csco_post_video_bg_volume":false,"_jetpack_memberships_contains_paid_content":false,"footnotes":""},"categories":[735,13890],"tags":[24386,23324,184,24385],"class_list":{"0":"post-113394","1":"post","2":"type-post","3":"status-publish","4":"format-standard","5":"has-post-thumbnail","7":"category-pedagogia","8":"category-salud","9":"tag-irrespetuosos","10":"tag-irresponsables","11":"tag-padres","12":"tag-reclamo","13":"cs-entry","14":"cs-video-wrap"},"yoast_head":"<!-- This site is optimized with the Yoast SEO plugin v27.5 - https:\/\/yoast.com\/product\/yoast-seo-wordpress\/ -->\n<title>El reclamo de un maestro a los padres: ense\u00f1ar valores tambi\u00e9n es su tarea. &quot;No env\u00eden a la escuela ni\u00f1os irresponsables, irrespetuosos o con mala higiene&quot; - 2026<\/title>\n<meta name=\"description\" content=\"En una carta que se volvi\u00f3 viral, un maestro pidi\u00f3 a los padres no enviar a la escuela ni\u00f1os irresponsables o con mala higiene.\" \/>\n<meta name=\"robots\" content=\"index, follow, max-snippet:-1, max-image-preview:large, max-video-preview:-1\" \/>\n<link rel=\"canonical\" href=\"https:\/\/webdelmaestrocmf.com\/portal\/el-reclamo-de-un-maestro-a-los-padres-ensenar-valores-tambien-es-su-tarea-no-envien-a-la-escuela-ninos-irresponsables-irrespetuosos-o-con-mala-higiene\/\" \/>\n<meta property=\"og:locale\" content=\"es_ES\" \/>\n<meta property=\"og:type\" content=\"article\" \/>\n<meta property=\"og:title\" content=\"El reclamo de un maestro a los padres: ense\u00f1ar valores tambi\u00e9n es su tarea. &quot;No env\u00eden a la escuela ni\u00f1os irresponsables, irrespetuosos o con mala higiene&quot; - 2026\" \/>\n<meta property=\"og:description\" content=\"En una carta que se volvi\u00f3 viral, un maestro pidi\u00f3 a los padres no enviar a la escuela ni\u00f1os irresponsables o con mala higiene.\" \/>\n<meta property=\"og:url\" content=\"https:\/\/webdelmaestrocmf.com\/portal\/el-reclamo-de-un-maestro-a-los-padres-ensenar-valores-tambien-es-su-tarea-no-envien-a-la-escuela-ninos-irresponsables-irrespetuosos-o-con-mala-higiene\/\" \/>\n<meta property=\"og:site_name\" content=\"Web del Maestro CMF\" \/>\n<meta property=\"article:publisher\" content=\"https:\/\/www.facebook.com\/WebdelMaestroCMF\/\" \/>\n<meta property=\"article:author\" content=\"https:\/\/www.facebook.com\/WebdelMaestroCMF\/\" \/>\n<meta property=\"article:published_time\" content=\"2025-11-11T00:08:11+00:00\" \/>\n<meta property=\"article:modified_time\" content=\"2025-11-11T00:14:48+00:00\" \/>\n<meta property=\"og:image\" content=\"https:\/\/webdelmaestrocmf.com\/portal\/wp-content\/uploads\/2025\/11\/Portada-descarga-7.jpg\" \/>\n\t<meta property=\"og:image:width\" content=\"1000\" \/>\n\t<meta property=\"og:image:height\" content=\"667\" \/>\n\t<meta property=\"og:image:type\" content=\"image\/jpeg\" \/>\n<meta name=\"author\" content=\"Web del Maestro CMF\" \/>\n<meta name=\"twitter:card\" content=\"summary_large_image\" \/>\n<meta name=\"twitter:creator\" content=\"@cmf_w\" \/>\n<meta name=\"twitter:site\" content=\"@cmf_w\" \/>\n<script type=\"application\/ld+json\" class=\"yoast-schema-graph\">{\"@context\":\"https:\\\/\\\/schema.org\",\"@graph\":[{\"@type\":\"ScholarlyArticle\",\"@id\":\"https:\\\/\\\/webdelmaestrocmf.com\\\/portal\\\/el-reclamo-de-un-maestro-a-los-padres-ensenar-valores-tambien-es-su-tarea-no-envien-a-la-escuela-ninos-irresponsables-irrespetuosos-o-con-mala-higiene\\\/#article\",\"isPartOf\":{\"@id\":\"https:\\\/\\\/webdelmaestrocmf.com\\\/portal\\\/el-reclamo-de-un-maestro-a-los-padres-ensenar-valores-tambien-es-su-tarea-no-envien-a-la-escuela-ninos-irresponsables-irrespetuosos-o-con-mala-higiene\\\/\"},\"author\":{\"name\":\"Web del Maestro CMF\",\"@id\":\"https:\\\/\\\/webdelmaestrocmf.com\\\/portal\\\/#\\\/schema\\\/person\\\/1072a2ed7bd960df8ef99a551fa35dc5\"},\"headline\":\"El reclamo de un maestro a los padres: ense\u00f1ar valores tambi\u00e9n es su tarea. \u00abNo env\u00eden a la escuela ni\u00f1os irresponsables, irrespetuosos o con mala higiene\u00bb\",\"datePublished\":\"2025-11-11T00:08:11+00:00\",\"dateModified\":\"2025-11-11T00:14:48+00:00\",\"mainEntityOfPage\":{\"@id\":\"https:\\\/\\\/webdelmaestrocmf.com\\\/portal\\\/el-reclamo-de-un-maestro-a-los-padres-ensenar-valores-tambien-es-su-tarea-no-envien-a-la-escuela-ninos-irresponsables-irrespetuosos-o-con-mala-higiene\\\/\"},\"wordCount\":742,\"commentCount\":0,\"publisher\":{\"@id\":\"https:\\\/\\\/webdelmaestrocmf.com\\\/portal\\\/#organization\"},\"image\":{\"@id\":\"https:\\\/\\\/webdelmaestrocmf.com\\\/portal\\\/el-reclamo-de-un-maestro-a-los-padres-ensenar-valores-tambien-es-su-tarea-no-envien-a-la-escuela-ninos-irresponsables-irrespetuosos-o-con-mala-higiene\\\/#primaryimage\"},\"thumbnailUrl\":\"https:\\\/\\\/webdelmaestrocmf.com\\\/portal\\\/wp-content\\\/uploads\\\/2025\\\/11\\\/Portada-descarga-7.jpg\",\"keywords\":[\"irrespetuosos\",\"irresponsables\",\"padres\",\"reclamo\"],\"articleSection\":[\"Recursos\",\"Salud\"],\"inLanguage\":\"es\",\"potentialAction\":[{\"@type\":\"CommentAction\",\"name\":\"Comment\",\"target\":[\"https:\\\/\\\/webdelmaestrocmf.com\\\/portal\\\/el-reclamo-de-un-maestro-a-los-padres-ensenar-valores-tambien-es-su-tarea-no-envien-a-la-escuela-ninos-irresponsables-irrespetuosos-o-con-mala-higiene\\\/#respond\"]}]},{\"@type\":\"WebPage\",\"@id\":\"https:\\\/\\\/webdelmaestrocmf.com\\\/portal\\\/el-reclamo-de-un-maestro-a-los-padres-ensenar-valores-tambien-es-su-tarea-no-envien-a-la-escuela-ninos-irresponsables-irrespetuosos-o-con-mala-higiene\\\/\",\"url\":\"https:\\\/\\\/webdelmaestrocmf.com\\\/portal\\\/el-reclamo-de-un-maestro-a-los-padres-ensenar-valores-tambien-es-su-tarea-no-envien-a-la-escuela-ninos-irresponsables-irrespetuosos-o-con-mala-higiene\\\/\",\"name\":\"El reclamo de un maestro a los padres: ense\u00f1ar valores tambi\u00e9n es su tarea. \\\"No env\u00eden a la escuela ni\u00f1os irresponsables, irrespetuosos o con mala higiene\\\" - 2026\",\"isPartOf\":{\"@id\":\"https:\\\/\\\/webdelmaestrocmf.com\\\/portal\\\/#website\"},\"primaryImageOfPage\":{\"@id\":\"https:\\\/\\\/webdelmaestrocmf.com\\\/portal\\\/el-reclamo-de-un-maestro-a-los-padres-ensenar-valores-tambien-es-su-tarea-no-envien-a-la-escuela-ninos-irresponsables-irrespetuosos-o-con-mala-higiene\\\/#primaryimage\"},\"image\":{\"@id\":\"https:\\\/\\\/webdelmaestrocmf.com\\\/portal\\\/el-reclamo-de-un-maestro-a-los-padres-ensenar-valores-tambien-es-su-tarea-no-envien-a-la-escuela-ninos-irresponsables-irrespetuosos-o-con-mala-higiene\\\/#primaryimage\"},\"thumbnailUrl\":\"https:\\\/\\\/webdelmaestrocmf.com\\\/portal\\\/wp-content\\\/uploads\\\/2025\\\/11\\\/Portada-descarga-7.jpg\",\"datePublished\":\"2025-11-11T00:08:11+00:00\",\"dateModified\":\"2025-11-11T00:14:48+00:00\",\"description\":\"En una carta que se volvi\u00f3 viral, un maestro pidi\u00f3 a los padres no enviar a la escuela ni\u00f1os irresponsables o con mala higiene.\",\"breadcrumb\":{\"@id\":\"https:\\\/\\\/webdelmaestrocmf.com\\\/portal\\\/el-reclamo-de-un-maestro-a-los-padres-ensenar-valores-tambien-es-su-tarea-no-envien-a-la-escuela-ninos-irresponsables-irrespetuosos-o-con-mala-higiene\\\/#breadcrumb\"},\"inLanguage\":\"es\",\"potentialAction\":[{\"@type\":\"ReadAction\",\"target\":[\"https:\\\/\\\/webdelmaestrocmf.com\\\/portal\\\/el-reclamo-de-un-maestro-a-los-padres-ensenar-valores-tambien-es-su-tarea-no-envien-a-la-escuela-ninos-irresponsables-irrespetuosos-o-con-mala-higiene\\\/\"]}]},{\"@type\":\"ImageObject\",\"inLanguage\":\"es\",\"@id\":\"https:\\\/\\\/webdelmaestrocmf.com\\\/portal\\\/el-reclamo-de-un-maestro-a-los-padres-ensenar-valores-tambien-es-su-tarea-no-envien-a-la-escuela-ninos-irresponsables-irrespetuosos-o-con-mala-higiene\\\/#primaryimage\",\"url\":\"https:\\\/\\\/webdelmaestrocmf.com\\\/portal\\\/wp-content\\\/uploads\\\/2025\\\/11\\\/Portada-descarga-7.jpg\",\"contentUrl\":\"https:\\\/\\\/webdelmaestrocmf.com\\\/portal\\\/wp-content\\\/uploads\\\/2025\\\/11\\\/Portada-descarga-7.jpg\",\"width\":1000,\"height\":667},{\"@type\":\"BreadcrumbList\",\"@id\":\"https:\\\/\\\/webdelmaestrocmf.com\\\/portal\\\/el-reclamo-de-un-maestro-a-los-padres-ensenar-valores-tambien-es-su-tarea-no-envien-a-la-escuela-ninos-irresponsables-irrespetuosos-o-con-mala-higiene\\\/#breadcrumb\",\"itemListElement\":[{\"@type\":\"ListItem\",\"position\":1,\"name\":\"Portada\",\"item\":\"https:\\\/\\\/webdelmaestrocmf.com\\\/portal\\\/\"},{\"@type\":\"ListItem\",\"position\":2,\"name\":\"Recursos\",\"item\":\"https:\\\/\\\/webdelmaestrocmf.com\\\/portal\\\/category\\\/pedagogia\\\/\"},{\"@type\":\"ListItem\",\"position\":3,\"name\":\"El reclamo de un maestro a los padres: ense\u00f1ar valores tambi\u00e9n es su tarea. \u00abNo env\u00eden a la escuela ni\u00f1os irresponsables, irrespetuosos o con mala higiene\u00bb\"}]},{\"@type\":\"WebSite\",\"@id\":\"https:\\\/\\\/webdelmaestrocmf.com\\\/portal\\\/#website\",\"url\":\"https:\\\/\\\/webdelmaestrocmf.com\\\/portal\\\/\",\"name\":\"Web del Maestro CMF\",\"description\":\"Maestros al servicio de la educaci\u00f3n\",\"publisher\":{\"@id\":\"https:\\\/\\\/webdelmaestrocmf.com\\\/portal\\\/#organization\"},\"alternateName\":\"WMCMF\",\"potentialAction\":[{\"@type\":\"SearchAction\",\"target\":{\"@type\":\"EntryPoint\",\"urlTemplate\":\"https:\\\/\\\/webdelmaestrocmf.com\\\/portal\\\/?s={search_term_string}\"},\"query-input\":{\"@type\":\"PropertyValueSpecification\",\"valueRequired\":true,\"valueName\":\"search_term_string\"}}],\"inLanguage\":\"es\"},{\"@type\":\"Organization\",\"@id\":\"https:\\\/\\\/webdelmaestrocmf.com\\\/portal\\\/#organization\",\"name\":\"Web del Maestro CMF\",\"alternateName\":\"WMCMF\",\"url\":\"https:\\\/\\\/webdelmaestrocmf.com\\\/portal\\\/\",\"logo\":{\"@type\":\"ImageObject\",\"inLanguage\":\"es\",\"@id\":\"https:\\\/\\\/webdelmaestrocmf.com\\\/portal\\\/#\\\/schema\\\/logo\\\/image\\\/\",\"url\":\"https:\\\/\\\/webdelmaestrocmf.com\\\/portal\\\/wp-content\\\/uploads\\\/2023\\\/01\\\/logo-wmcmf-2.png\",\"contentUrl\":\"https:\\\/\\\/webdelmaestrocmf.com\\\/portal\\\/wp-content\\\/uploads\\\/2023\\\/01\\\/logo-wmcmf-2.png\",\"width\":200,\"height\":60,\"caption\":\"Web del Maestro CMF\"},\"image\":{\"@id\":\"https:\\\/\\\/webdelmaestrocmf.com\\\/portal\\\/#\\\/schema\\\/logo\\\/image\\\/\"},\"sameAs\":[\"https:\\\/\\\/www.facebook.com\\\/WebdelMaestroCMF\\\/\",\"https:\\\/\\\/x.com\\\/cmf_w\",\"https:\\\/\\\/www.pinterest.com\\\/WMCMF\\\/\",\"https:\\\/\\\/www.linkedin.com\\\/company\\\/web-del-maestro-cmf\\\/\",\"https:\\\/\\\/www.instagram.com\\\/wmcmf\\\/\",\"https:\\\/\\\/www.youtube.com\\\/channel\\\/UCDPSvjbdodE5sHnC3OxutHw\",\"https:\\\/\\\/mastodon.social\\\/@wmcmf\",\"https:\\\/\\\/www.tiktok.com\\\/@webdelmaestrocmf\"]},{\"@type\":\"Person\",\"@id\":\"https:\\\/\\\/webdelmaestrocmf.com\\\/portal\\\/#\\\/schema\\\/person\\\/1072a2ed7bd960df8ef99a551fa35dc5\",\"name\":\"Web del Maestro CMF\",\"image\":{\"@type\":\"ImageObject\",\"inLanguage\":\"es\",\"@id\":\"https:\\\/\\\/secure.gravatar.com\\\/avatar\\\/23291dd5b5ae1077dcff3dbb04c3e02bd28403fa75af6d8787d5e97c5bbbe30b?s=96&d=mm&r=g\",\"url\":\"https:\\\/\\\/secure.gravatar.com\\\/avatar\\\/23291dd5b5ae1077dcff3dbb04c3e02bd28403fa75af6d8787d5e97c5bbbe30b?s=96&d=mm&r=g\",\"contentUrl\":\"https:\\\/\\\/secure.gravatar.com\\\/avatar\\\/23291dd5b5ae1077dcff3dbb04c3e02bd28403fa75af6d8787d5e97c5bbbe30b?s=96&d=mm&r=g\",\"caption\":\"Web del Maestro CMF\"},\"description\":\"Esta Web se cre\u00f3 sin fines de lucro, con fines educativos, cient\u00edficos y acad\u00e9micos, para personas que tengan dificultades y\\\/o inconvenientes en visualizar el material original. El objetivo es entregar recursos, compartir experiencias y materiales que ayuden a los padres de familia, maestros y estudiantes en su actualizaci\u00f3n y formaci\u00f3n permanente, en bien de la Educaci\u00f3n.\",\"sameAs\":[\"http:\\\/\\\/webdelmaestrocmf.com\\\/portal\",\"https:\\\/\\\/www.facebook.com\\\/WebdelMaestroCMF\\\/\",\"https:\\\/\\\/www.instagram.com\\\/wmcmf\\\/\",\"https:\\\/\\\/cl.linkedin.com\\\/company\\\/web-del-maestro-cmf\",\"https:\\\/\\\/www.pinterest.com\\\/WMCMF\\\/publicaciones\\\/\",\"https:\\\/\\\/x.com\\\/cmf_w\",\"https:\\\/\\\/www.youtube.com\\\/@WMCMF\"]}]}<\/script>\n<!-- \/ Yoast SEO plugin. -->","yoast_head_json":{"title":"El reclamo de un maestro a los padres: ense\u00f1ar valores tambi\u00e9n es su tarea. \"No env\u00eden a la escuela ni\u00f1os irresponsables, irrespetuosos o con mala higiene\" - 2026","description":"En una carta que se volvi\u00f3 viral, un maestro pidi\u00f3 a los padres no enviar a la escuela ni\u00f1os irresponsables o con mala higiene.","robots":{"index":"index","follow":"follow","max-snippet":"max-snippet:-1","max-image-preview":"max-image-preview:large","max-video-preview":"max-video-preview:-1"},"canonical":"https:\/\/webdelmaestrocmf.com\/portal\/el-reclamo-de-un-maestro-a-los-padres-ensenar-valores-tambien-es-su-tarea-no-envien-a-la-escuela-ninos-irresponsables-irrespetuosos-o-con-mala-higiene\/","og_locale":"es_ES","og_type":"article","og_title":"El reclamo de un maestro a los padres: ense\u00f1ar valores tambi\u00e9n es su tarea. \"No env\u00eden a la escuela ni\u00f1os irresponsables, irrespetuosos o con mala higiene\" - 2026","og_description":"En una carta que se volvi\u00f3 viral, un maestro pidi\u00f3 a los padres no enviar a la escuela ni\u00f1os irresponsables o con mala higiene.","og_url":"https:\/\/webdelmaestrocmf.com\/portal\/el-reclamo-de-un-maestro-a-los-padres-ensenar-valores-tambien-es-su-tarea-no-envien-a-la-escuela-ninos-irresponsables-irrespetuosos-o-con-mala-higiene\/","og_site_name":"Web del Maestro CMF","article_publisher":"https:\/\/www.facebook.com\/WebdelMaestroCMF\/","article_author":"https:\/\/www.facebook.com\/WebdelMaestroCMF\/","article_published_time":"2025-11-11T00:08:11+00:00","article_modified_time":"2025-11-11T00:14:48+00:00","og_image":[{"width":1000,"height":667,"url":"https:\/\/webdelmaestrocmf.com\/portal\/wp-content\/uploads\/2025\/11\/Portada-descarga-7.jpg","type":"image\/jpeg"}],"author":"Web del Maestro CMF","twitter_card":"summary_large_image","twitter_creator":"@cmf_w","twitter_site":"@cmf_w","schema":{"@context":"https:\/\/schema.org","@graph":[{"@type":"ScholarlyArticle","@id":"https:\/\/webdelmaestrocmf.com\/portal\/el-reclamo-de-un-maestro-a-los-padres-ensenar-valores-tambien-es-su-tarea-no-envien-a-la-escuela-ninos-irresponsables-irrespetuosos-o-con-mala-higiene\/#article","isPartOf":{"@id":"https:\/\/webdelmaestrocmf.com\/portal\/el-reclamo-de-un-maestro-a-los-padres-ensenar-valores-tambien-es-su-tarea-no-envien-a-la-escuela-ninos-irresponsables-irrespetuosos-o-con-mala-higiene\/"},"author":{"name":"Web del Maestro CMF","@id":"https:\/\/webdelmaestrocmf.com\/portal\/#\/schema\/person\/1072a2ed7bd960df8ef99a551fa35dc5"},"headline":"El reclamo de un maestro a los padres: ense\u00f1ar valores tambi\u00e9n es su tarea. \u00abNo env\u00eden a la escuela ni\u00f1os irresponsables, irrespetuosos o con mala higiene\u00bb","datePublished":"2025-11-11T00:08:11+00:00","dateModified":"2025-11-11T00:14:48+00:00","mainEntityOfPage":{"@id":"https:\/\/webdelmaestrocmf.com\/portal\/el-reclamo-de-un-maestro-a-los-padres-ensenar-valores-tambien-es-su-tarea-no-envien-a-la-escuela-ninos-irresponsables-irrespetuosos-o-con-mala-higiene\/"},"wordCount":742,"commentCount":0,"publisher":{"@id":"https:\/\/webdelmaestrocmf.com\/portal\/#organization"},"image":{"@id":"https:\/\/webdelmaestrocmf.com\/portal\/el-reclamo-de-un-maestro-a-los-padres-ensenar-valores-tambien-es-su-tarea-no-envien-a-la-escuela-ninos-irresponsables-irrespetuosos-o-con-mala-higiene\/#primaryimage"},"thumbnailUrl":"https:\/\/webdelmaestrocmf.com\/portal\/wp-content\/uploads\/2025\/11\/Portada-descarga-7.jpg","keywords":["irrespetuosos","irresponsables","padres","reclamo"],"articleSection":["Recursos","Salud"],"inLanguage":"es","potentialAction":[{"@type":"CommentAction","name":"Comment","target":["https:\/\/webdelmaestrocmf.com\/portal\/el-reclamo-de-un-maestro-a-los-padres-ensenar-valores-tambien-es-su-tarea-no-envien-a-la-escuela-ninos-irresponsables-irrespetuosos-o-con-mala-higiene\/#respond"]}]},{"@type":"WebPage","@id":"https:\/\/webdelmaestrocmf.com\/portal\/el-reclamo-de-un-maestro-a-los-padres-ensenar-valores-tambien-es-su-tarea-no-envien-a-la-escuela-ninos-irresponsables-irrespetuosos-o-con-mala-higiene\/","url":"https:\/\/webdelmaestrocmf.com\/portal\/el-reclamo-de-un-maestro-a-los-padres-ensenar-valores-tambien-es-su-tarea-no-envien-a-la-escuela-ninos-irresponsables-irrespetuosos-o-con-mala-higiene\/","name":"El reclamo de un maestro a los padres: ense\u00f1ar valores tambi\u00e9n es su tarea. \"No env\u00eden a la escuela ni\u00f1os irresponsables, irrespetuosos o con mala higiene\" - 2026","isPartOf":{"@id":"https:\/\/webdelmaestrocmf.com\/portal\/#website"},"primaryImageOfPage":{"@id":"https:\/\/webdelmaestrocmf.com\/portal\/el-reclamo-de-un-maestro-a-los-padres-ensenar-valores-tambien-es-su-tarea-no-envien-a-la-escuela-ninos-irresponsables-irrespetuosos-o-con-mala-higiene\/#primaryimage"},"image":{"@id":"https:\/\/webdelmaestrocmf.com\/portal\/el-reclamo-de-un-maestro-a-los-padres-ensenar-valores-tambien-es-su-tarea-no-envien-a-la-escuela-ninos-irresponsables-irrespetuosos-o-con-mala-higiene\/#primaryimage"},"thumbnailUrl":"https:\/\/webdelmaestrocmf.com\/portal\/wp-content\/uploads\/2025\/11\/Portada-descarga-7.jpg","datePublished":"2025-11-11T00:08:11+00:00","dateModified":"2025-11-11T00:14:48+00:00","description":"En una carta que se volvi\u00f3 viral, un maestro pidi\u00f3 a los padres no enviar a la escuela ni\u00f1os irresponsables o con mala higiene.","breadcrumb":{"@id":"https:\/\/webdelmaestrocmf.com\/portal\/el-reclamo-de-un-maestro-a-los-padres-ensenar-valores-tambien-es-su-tarea-no-envien-a-la-escuela-ninos-irresponsables-irrespetuosos-o-con-mala-higiene\/#breadcrumb"},"inLanguage":"es","potentialAction":[{"@type":"ReadAction","target":["https:\/\/webdelmaestrocmf.com\/portal\/el-reclamo-de-un-maestro-a-los-padres-ensenar-valores-tambien-es-su-tarea-no-envien-a-la-escuela-ninos-irresponsables-irrespetuosos-o-con-mala-higiene\/"]}]},{"@type":"ImageObject","inLanguage":"es","@id":"https:\/\/webdelmaestrocmf.com\/portal\/el-reclamo-de-un-maestro-a-los-padres-ensenar-valores-tambien-es-su-tarea-no-envien-a-la-escuela-ninos-irresponsables-irrespetuosos-o-con-mala-higiene\/#primaryimage","url":"https:\/\/webdelmaestrocmf.com\/portal\/wp-content\/uploads\/2025\/11\/Portada-descarga-7.jpg","contentUrl":"https:\/\/webdelmaestrocmf.com\/portal\/wp-content\/uploads\/2025\/11\/Portada-descarga-7.jpg","width":1000,"height":667},{"@type":"BreadcrumbList","@id":"https:\/\/webdelmaestrocmf.com\/portal\/el-reclamo-de-un-maestro-a-los-padres-ensenar-valores-tambien-es-su-tarea-no-envien-a-la-escuela-ninos-irresponsables-irrespetuosos-o-con-mala-higiene\/#breadcrumb","itemListElement":[{"@type":"ListItem","position":1,"name":"Portada","item":"https:\/\/webdelmaestrocmf.com\/portal\/"},{"@type":"ListItem","position":2,"name":"Recursos","item":"https:\/\/webdelmaestrocmf.com\/portal\/category\/pedagogia\/"},{"@type":"ListItem","position":3,"name":"El reclamo de un maestro a los padres: ense\u00f1ar valores tambi\u00e9n es su tarea. \u00abNo env\u00eden a la escuela ni\u00f1os irresponsables, irrespetuosos o con mala higiene\u00bb"}]},{"@type":"WebSite","@id":"https:\/\/webdelmaestrocmf.com\/portal\/#website","url":"https:\/\/webdelmaestrocmf.com\/portal\/","name":"Web del Maestro CMF","description":"Maestros al servicio de la educaci\u00f3n","publisher":{"@id":"https:\/\/webdelmaestrocmf.com\/portal\/#organization"},"alternateName":"WMCMF","potentialAction":[{"@type":"SearchAction","target":{"@type":"EntryPoint","urlTemplate":"https:\/\/webdelmaestrocmf.com\/portal\/?s={search_term_string}"},"query-input":{"@type":"PropertyValueSpecification","valueRequired":true,"valueName":"search_term_string"}}],"inLanguage":"es"},{"@type":"Organization","@id":"https:\/\/webdelmaestrocmf.com\/portal\/#organization","name":"Web del Maestro CMF","alternateName":"WMCMF","url":"https:\/\/webdelmaestrocmf.com\/portal\/","logo":{"@type":"ImageObject","inLanguage":"es","@id":"https:\/\/webdelmaestrocmf.com\/portal\/#\/schema\/logo\/image\/","url":"https:\/\/webdelmaestrocmf.com\/portal\/wp-content\/uploads\/2023\/01\/logo-wmcmf-2.png","contentUrl":"https:\/\/webdelmaestrocmf.com\/portal\/wp-content\/uploads\/2023\/01\/logo-wmcmf-2.png","width":200,"height":60,"caption":"Web del Maestro CMF"},"image":{"@id":"https:\/\/webdelmaestrocmf.com\/portal\/#\/schema\/logo\/image\/"},"sameAs":["https:\/\/www.facebook.com\/WebdelMaestroCMF\/","https:\/\/x.com\/cmf_w","https:\/\/www.pinterest.com\/WMCMF\/","https:\/\/www.linkedin.com\/company\/web-del-maestro-cmf\/","https:\/\/www.instagram.com\/wmcmf\/","https:\/\/www.youtube.com\/channel\/UCDPSvjbdodE5sHnC3OxutHw","https:\/\/mastodon.social\/@wmcmf","https:\/\/www.tiktok.com\/@webdelmaestrocmf"]},{"@type":"Person","@id":"https:\/\/webdelmaestrocmf.com\/portal\/#\/schema\/person\/1072a2ed7bd960df8ef99a551fa35dc5","name":"Web del Maestro CMF","image":{"@type":"ImageObject","inLanguage":"es","@id":"https:\/\/secure.gravatar.com\/avatar\/23291dd5b5ae1077dcff3dbb04c3e02bd28403fa75af6d8787d5e97c5bbbe30b?s=96&d=mm&r=g","url":"https:\/\/secure.gravatar.com\/avatar\/23291dd5b5ae1077dcff3dbb04c3e02bd28403fa75af6d8787d5e97c5bbbe30b?s=96&d=mm&r=g","contentUrl":"https:\/\/secure.gravatar.com\/avatar\/23291dd5b5ae1077dcff3dbb04c3e02bd28403fa75af6d8787d5e97c5bbbe30b?s=96&d=mm&r=g","caption":"Web del Maestro CMF"},"description":"Esta Web se cre\u00f3 sin fines de lucro, con fines educativos, cient\u00edficos y acad\u00e9micos, para personas que tengan dificultades y\/o inconvenientes en visualizar el material original. El objetivo es entregar recursos, compartir experiencias y materiales que ayuden a los padres de familia, maestros y estudiantes en su actualizaci\u00f3n y formaci\u00f3n permanente, en bien de la Educaci\u00f3n.","sameAs":["http:\/\/webdelmaestrocmf.com\/portal","https:\/\/www.facebook.com\/WebdelMaestroCMF\/","https:\/\/www.instagram.com\/wmcmf\/","https:\/\/cl.linkedin.com\/company\/web-del-maestro-cmf","https:\/\/www.pinterest.com\/WMCMF\/publicaciones\/","https:\/\/x.com\/cmf_w","https:\/\/www.youtube.com\/@WMCMF"]}]}},"jetpack_featured_media_url":"https:\/\/webdelmaestrocmf.com\/portal\/wp-content\/uploads\/2025\/11\/Portada-descarga-7.jpg","jetpack_sharing_enabled":true,"jetpack-related-posts":[{"id":85580,"url":"https:\/\/webdelmaestrocmf.com\/portal\/la-profesora-julie-marburger-escribe-una-carta-criticando-a-los-padres-de-familia-por-ser-permisivos\/","url_meta":{"origin":113394,"position":0},"title":"Profesora hace una critica a los padres y a un sistema que los encubre","author":"Web del Maestro CMF","date":"13 marzo, 2023","format":false,"excerpt":"Los padres se han vuelto demasiado irrespetuosos, y sus hijos a\u00fan peor. La direcci\u00f3n siempre parece errar por el lado de mantener a los padres felices, lo que me deja sin manera de hacer el trabajo para el que me contrataron\u2026 Ense\u00f1ar a los ni\u00f1os.","rel":"","context":"En \u00abNoticias\u00bb","block_context":{"text":"Noticias","link":"https:\/\/webdelmaestrocmf.com\/portal\/category\/pedagogia\/noticias-pedagogia\/"},"img":{"alt_text":"","src":"https:\/\/i0.wp.com\/webdelmaestrocmf.com\/portal\/wp-content\/uploads\/2023\/03\/1AA-Banner-1-portada-imagen-10-1-copia-5.webp?resize=350%2C200&ssl=1","width":350,"height":200,"srcset":"https:\/\/i0.wp.com\/webdelmaestrocmf.com\/portal\/wp-content\/uploads\/2023\/03\/1AA-Banner-1-portada-imagen-10-1-copia-5.webp?resize=350%2C200&ssl=1 1x, https:\/\/i0.wp.com\/webdelmaestrocmf.com\/portal\/wp-content\/uploads\/2023\/03\/1AA-Banner-1-portada-imagen-10-1-copia-5.webp?resize=525%2C300&ssl=1 1.5x, https:\/\/i0.wp.com\/webdelmaestrocmf.com\/portal\/wp-content\/uploads\/2023\/03\/1AA-Banner-1-portada-imagen-10-1-copia-5.webp?resize=700%2C400&ssl=1 2x, https:\/\/i0.wp.com\/webdelmaestrocmf.com\/portal\/wp-content\/uploads\/2023\/03\/1AA-Banner-1-portada-imagen-10-1-copia-5.webp?resize=1050%2C600&ssl=1 3x"},"classes":[]},{"id":38140,"url":"https:\/\/webdelmaestrocmf.com\/portal\/6-consejos-para-lidiar-y-corregir-la-conducta-de-un-nino-irrespetuoso\/","url_meta":{"origin":113394,"position":1},"title":"Lidiar y corregir la conducta de un ni\u00f1o irrespetuoso","author":"Web del Maestro CMF","date":"28 noviembre, 2023","format":false,"excerpt":"Muchos ni\u00f1os y adolescentes parecen no saber que existen palabras y frases como \u201cbuenos d\u00edas\u201d, \u201cpermiso\u201d, \u201cgracias\u201d, \u201cpor favor\u201d, \u201cperd\u00f3n\u201d, ya que no es muy habitual que las digan. Lo anterior puede deberse a la falta de respeto o educaci\u00f3n, dos cosas que est\u00e1n separadas por una delgada l\u00ednea. Las\u2026","rel":"","context":"En \u00abPedagog\u00eda\u00bb","block_context":{"text":"Pedagog\u00eda","link":"https:\/\/webdelmaestrocmf.com\/portal\/category\/pedagogia\/educacion-pedagogia\/"},"img":{"alt_text":"","src":"https:\/\/i0.wp.com\/webdelmaestrocmf.com\/portal\/wp-content\/uploads\/2023\/11\/Banner-1-portada-imagen-10-1-37.jpg?resize=350%2C200&ssl=1","width":350,"height":200,"srcset":"https:\/\/i0.wp.com\/webdelmaestrocmf.com\/portal\/wp-content\/uploads\/2023\/11\/Banner-1-portada-imagen-10-1-37.jpg?resize=350%2C200&ssl=1 1x, https:\/\/i0.wp.com\/webdelmaestrocmf.com\/portal\/wp-content\/uploads\/2023\/11\/Banner-1-portada-imagen-10-1-37.jpg?resize=525%2C300&ssl=1 1.5x, https:\/\/i0.wp.com\/webdelmaestrocmf.com\/portal\/wp-content\/uploads\/2023\/11\/Banner-1-portada-imagen-10-1-37.jpg?resize=700%2C400&ssl=1 2x"},"classes":[]},{"id":68391,"url":"https:\/\/webdelmaestrocmf.com\/portal\/polemica-por-el-cartel-de-una-maestra-a-los-padres-de-sus-alumnos-queridos-papitos\/","url_meta":{"origin":113394,"position":2},"title":"Pol\u00e9mica por el cartel de una maestra a los padres de sus alumnos: \u00abQueridos Papitos\u2026","author":"Web del Maestro CMF","date":"24 septiembre, 2021","format":false,"excerpt":"Atiendo a su solicitud de no enviar tareas para la casa, porque es de nuestra 'responsabilidad' como profesores ense\u00f1ar las materias y no de ustedes...","rel":"","context":"En \u00abNoticias\u00bb","block_context":{"text":"Noticias","link":"https:\/\/webdelmaestrocmf.com\/portal\/category\/pedagogia\/noticias-pedagogia\/"},"img":{"alt_text":"","src":"https:\/\/i0.wp.com\/webdelmaestrocmf.com\/portal\/wp-content\/uploads\/2021\/09\/1AA-Banner-1-portada-imagen-10-1-copia-3.webp?resize=350%2C200&ssl=1","width":350,"height":200,"srcset":"https:\/\/i0.wp.com\/webdelmaestrocmf.com\/portal\/wp-content\/uploads\/2021\/09\/1AA-Banner-1-portada-imagen-10-1-copia-3.webp?resize=350%2C200&ssl=1 1x, https:\/\/i0.wp.com\/webdelmaestrocmf.com\/portal\/wp-content\/uploads\/2021\/09\/1AA-Banner-1-portada-imagen-10-1-copia-3.webp?resize=525%2C300&ssl=1 1.5x, https:\/\/i0.wp.com\/webdelmaestrocmf.com\/portal\/wp-content\/uploads\/2021\/09\/1AA-Banner-1-portada-imagen-10-1-copia-3.webp?resize=700%2C400&ssl=1 2x, https:\/\/i0.wp.com\/webdelmaestrocmf.com\/portal\/wp-content\/uploads\/2021\/09\/1AA-Banner-1-portada-imagen-10-1-copia-3.webp?resize=1050%2C600&ssl=1 3x"},"classes":[]},{"id":38936,"url":"https:\/\/webdelmaestrocmf.com\/portal\/padres-entiendan-que-la-escuela-no-es-una-guarderia\/","url_meta":{"origin":113394,"position":3},"title":"Padres, entiendan que la escuela no es una guarder\u00eda","author":"Web del Maestro CMF","date":"12 enero, 2024","format":false,"excerpt":"La escuela no es una guarder\u00eda ni un espacio para delegar responsabilidades parentales; es un entorno formativo que requiere h\u00e1bitos, respeto y acompa\u00f1amiento desde casa. Cuando los padres abandonan su rol educativo, el docente enfrenta l\u00edmites que no le corresponden, afectando la convivencia y el aprendizaje.","rel":"","context":"En \u00abEducaci\u00f3n y Familia\u00bb","block_context":{"text":"Educaci\u00f3n y Familia","link":"https:\/\/webdelmaestrocmf.com\/portal\/category\/pedagogia\/educacion-y-familia\/"},"img":{"alt_text":"la escuela no es una guarder\u00eda","src":"https:\/\/i0.wp.com\/webdelmaestrocmf.com\/portal\/wp-content\/uploads\/2019\/08\/Banner-1-portada-imagen-0-5.jpg?resize=350%2C200&ssl=1","width":350,"height":200,"srcset":"https:\/\/i0.wp.com\/webdelmaestrocmf.com\/portal\/wp-content\/uploads\/2019\/08\/Banner-1-portada-imagen-0-5.jpg?resize=350%2C200&ssl=1 1x, https:\/\/i0.wp.com\/webdelmaestrocmf.com\/portal\/wp-content\/uploads\/2019\/08\/Banner-1-portada-imagen-0-5.jpg?resize=525%2C300&ssl=1 1.5x, https:\/\/i0.wp.com\/webdelmaestrocmf.com\/portal\/wp-content\/uploads\/2019\/08\/Banner-1-portada-imagen-0-5.jpg?resize=700%2C400&ssl=1 2x"},"classes":[]},{"id":96053,"url":"https:\/\/webdelmaestrocmf.com\/portal\/como-abordar-a-un-padre-de-familia-irrespetuoso\/","url_meta":{"origin":113394,"position":4},"title":"C\u00f3mo abordar a un padre de familia irrespetuoso","author":"Web del Maestro CMF","date":"27 septiembre, 2023","format":false,"excerpt":"Trabajar en el \u00e1mbito educativo puede ser gratificante, pero tambi\u00e9n puede presentar desaf\u00edos, especialmente cuando se trata de tratar con padres de familia irrespetuosos. Es fundamental recordar que los padres tienen el derecho de expresar sus inquietudes, pero no tienen derecho a faltar al respeto a los docentes. Una buena\u2026","rel":"","context":"En \u00abDisciplina\u00bb","block_context":{"text":"Disciplina","link":"https:\/\/webdelmaestrocmf.com\/portal\/category\/pedagogia\/disciplina\/"},"img":{"alt_text":"familia","src":"https:\/\/i0.wp.com\/webdelmaestrocmf.com\/portal\/wp-content\/uploads\/2023\/09\/A12B3C4D-40.jpg?resize=350%2C200&ssl=1","width":350,"height":200,"srcset":"https:\/\/i0.wp.com\/webdelmaestrocmf.com\/portal\/wp-content\/uploads\/2023\/09\/A12B3C4D-40.jpg?resize=350%2C200&ssl=1 1x, https:\/\/i0.wp.com\/webdelmaestrocmf.com\/portal\/wp-content\/uploads\/2023\/09\/A12B3C4D-40.jpg?resize=525%2C300&ssl=1 1.5x, https:\/\/i0.wp.com\/webdelmaestrocmf.com\/portal\/wp-content\/uploads\/2023\/09\/A12B3C4D-40.jpg?resize=700%2C400&ssl=1 2x"},"classes":[]},{"id":108627,"url":"https:\/\/webdelmaestrocmf.com\/portal\/justicia-o-castigo-un-conflicto-entre-familia-y-colegio-reabre-el-debate-sobre-los-limites-de-la-disciplina-escolar\/","url_meta":{"origin":113394,"position":5},"title":"Castigan a alumna con limpiar el colegio por contestar mal a un profesor y sus padres estallan","author":"Web del Maestro CMF","date":"3 abril, 2025","format":false,"excerpt":"Una menor fue expulsada de su colegio luego de que sus padres se negaran a que cumpliera un castigo impuesto por responder mal a un profesor.","rel":"","context":"En \u00abNoticias Internacionales\u00bb","block_context":{"text":"Noticias Internacionales","link":"https:\/\/webdelmaestrocmf.com\/portal\/category\/noticias-internacionales\/"},"img":{"alt_text":"","src":"https:\/\/i0.wp.com\/webdelmaestrocmf.com\/portal\/wp-content\/uploads\/2025\/04\/1-1.jpg?resize=350%2C200&ssl=1","width":350,"height":200,"srcset":"https:\/\/i0.wp.com\/webdelmaestrocmf.com\/portal\/wp-content\/uploads\/2025\/04\/1-1.jpg?resize=350%2C200&ssl=1 1x, https:\/\/i0.wp.com\/webdelmaestrocmf.com\/portal\/wp-content\/uploads\/2025\/04\/1-1.jpg?resize=525%2C300&ssl=1 1.5x, https:\/\/i0.wp.com\/webdelmaestrocmf.com\/portal\/wp-content\/uploads\/2025\/04\/1-1.jpg?resize=700%2C400&ssl=1 2x, https:\/\/i0.wp.com\/webdelmaestrocmf.com\/portal\/wp-content\/uploads\/2025\/04\/1-1.jpg?resize=1050%2C600&ssl=1 3x"},"classes":[]}],"_links":{"self":[{"href":"https:\/\/webdelmaestrocmf.com\/portal\/wp-json\/wp\/v2\/posts\/113394","targetHints":{"allow":["GET"]}}],"collection":[{"href":"https:\/\/webdelmaestrocmf.com\/portal\/wp-json\/wp\/v2\/posts"}],"about":[{"href":"https:\/\/webdelmaestrocmf.com\/portal\/wp-json\/wp\/v2\/types\/post"}],"author":[{"embeddable":true,"href":"https:\/\/webdelmaestrocmf.com\/portal\/wp-json\/wp\/v2\/users\/1"}],"replies":[{"embeddable":true,"href":"https:\/\/webdelmaestrocmf.com\/portal\/wp-json\/wp\/v2\/comments?post=113394"}],"version-history":[{"count":1,"href":"https:\/\/webdelmaestrocmf.com\/portal\/wp-json\/wp\/v2\/posts\/113394\/revisions"}],"predecessor-version":[{"id":113397,"href":"https:\/\/webdelmaestrocmf.com\/portal\/wp-json\/wp\/v2\/posts\/113394\/revisions\/113397"}],"wp:featuredmedia":[{"embeddable":true,"href":"https:\/\/webdelmaestrocmf.com\/portal\/wp-json\/wp\/v2\/media\/113398"}],"wp:attachment":[{"href":"https:\/\/webdelmaestrocmf.com\/portal\/wp-json\/wp\/v2\/media?parent=113394"}],"wp:term":[{"taxonomy":"category","embeddable":true,"href":"https:\/\/webdelmaestrocmf.com\/portal\/wp-json\/wp\/v2\/categories?post=113394"},{"taxonomy":"post_tag","embeddable":true,"href":"https:\/\/webdelmaestrocmf.com\/portal\/wp-json\/wp\/v2\/tags?post=113394"}],"curies":[{"name":"wp","href":"https:\/\/api.w.org\/{rel}","templated":true}]}}