{"id":113277,"date":"2025-11-07T11:02:25","date_gmt":"2025-11-07T14:02:25","guid":{"rendered":"https:\/\/webdelmaestrocmf.com\/portal\/?p=113277"},"modified":"2025-11-07T11:16:45","modified_gmt":"2025-11-07T14:16:45","slug":"familiares-exigen-una-ley-contra-el-acoso-escolar-cuantos-ninos-tienen-que-morir","status":"publish","type":"post","link":"https:\/\/webdelmaestrocmf.com\/portal\/familiares-exigen-una-ley-contra-el-acoso-escolar-cuantos-ninos-tienen-que-morir\/","title":{"rendered":"Familiares exigen una ley contra el acoso escolar: \u201c\u00bfCu\u00e1ntos ni\u00f1os tienen que morir?\u201d"},"content":{"rendered":"\n<p>En el D\u00eda Internacional contra la Violencia y el Acoso Escolar, la imagen frente al Congreso de los Diputados en Madrid fue sobrecogedora: padres y madres sosteniendo fotograf\u00edas de sus hijos fallecidos por causa del <em>bullying<\/em>. Rostros congelados en el tiempo \u2014Sandra, Dani, Laura, Claudia y muchos m\u00e1s\u2014 que recordaron al pa\u00eds una verdad inc\u00f3moda: el acoso escolar sigue cobr\u00e1ndose vidas, mientras las instituciones permanecen inm\u00f3viles.<\/p>\n\n\n\n<h3 class=\"wp-block-heading\"><strong>Tres a\u00f1os de silencio y dolor<\/strong><\/h3>\n\n\n\n<p>La asociaci\u00f3n Trencats, integrada por familiares de v\u00edctimas, volvi\u00f3 a exigir al Gobierno espa\u00f1ol una <strong>ley integral contra el acoso escolar<\/strong>. Su presidente, Jos\u00e9 Manuel L\u00f3pez, padre de Kira, una adolescente de 15 a\u00f1os que se quit\u00f3 la vida en 2021, fue contundente:<\/p>\n\n\n\n<blockquote class=\"wp-block-quote is-layout-flow wp-block-quote-is-layout-flow\">\n<p class=\"has-text-align-center\">\u201cMi ni\u00f1a no se suicid\u00f3, la suicidaron. Tres a\u00f1os de silencio gubernamental son tres a\u00f1os de complicidad con el acoso\u201d.<\/p>\n<\/blockquote>\n\n\n\n<p>Las familias denuncian un abandono administrativo que se arrastra desde hace a\u00f1os. En 2022 entregaron m\u00e1s de 230.000 firmas pidiendo medidas concretas para prevenir y sancionar el acoso. Hoy, ya superan las 260.000. Sin embargo, el Gobierno no ha implementado una ley espec\u00edfica ni protocolos nacionales uniformes. Mientras tanto, el n\u00famero de casos contin\u00faa aumentando.<\/p>\n\n\n\n<h3 class=\"wp-block-heading\"><strong>Una tragedia evitable<\/strong><\/h3>\n\n\n\n<p>Seg\u00fan la Organizaci\u00f3n Mundial de la Salud (OMS), cada a\u00f1o unos <strong>200.000 j\u00f3venes entre 14 y 28 a\u00f1os se suicidan en el mundo tras sufrir acoso<\/strong>. En Espa\u00f1a, uno de cada diez menores lo padece, de acuerdo con un estudio del Ministerio de Educaci\u00f3n de 2023. Detr\u00e1s de estas cifras hay historias de dolor que pudieron evitarse.<\/p>\n\n\n\n<p>Sandra Miranda, madre de Daniela, quien se suicid\u00f3 en Oviedo a los 16 a\u00f1os, expres\u00f3 entre l\u00e1grimas:<\/p>\n\n\n\n<blockquote class=\"wp-block-quote is-layout-flow wp-block-quote-is-layout-flow\">\n<p class=\"has-text-align-center\">\u201cEl acoso mata o deja secuelas de por vida. No es una cosa de ni\u00f1os, es una violencia que destruye infancias\u201d.<\/p>\n<\/blockquote>\n\n\n\n<p>Para muchas familias, las instituciones educativas no act\u00faan con la rapidez ni la firmeza necesarias. Denuncian que <strong>la falta de seguimiento y sanciones<\/strong> a los centros donde se producen estos casos perpet\u00faa una cultura de silencio.<\/p>\n\n\n\n<h3 class=\"wp-block-heading\"><strong>M\u00e1s prevenci\u00f3n, menos indiferencia<\/strong><\/h3>\n\n\n\n<p>Las asociaciones reclaman una <strong>ley que combine prevenci\u00f3n, educaci\u00f3n emocional y sanciones claras<\/strong> para los centros que omitan responsabilidades. Lourdes Verdeja, de la organizaci\u00f3n Tolerancia Cero, record\u00f3 que \u201cno es cuesti\u00f3n de siglas pol\u00edticas, sino de salvar vidas\u201d.<\/p>\n\n\n\n<p>Entre las propuestas figura la creaci\u00f3n de <strong>protocolos antiacoso supervisados por organismos independientes<\/strong>, <strong>programas obligatorios de formaci\u00f3n para docentes y alumnos<\/strong>, y <strong>canales de denuncia an\u00f3nimos y seguros<\/strong>. Estas medidas buscan no solo intervenir cuando el da\u00f1o ya est\u00e1 hecho, sino <strong>prevenir desde la empat\u00eda y la educaci\u00f3n emocional<\/strong>.<\/p>\n\n\n\n<h3 class=\"wp-block-heading\"><strong>La escuela y la familia: corresponsabilidad<\/strong><\/h3>\n\n\n\n<p>El acoso escolar no nace en el aula, pero muchas veces se desarrolla y normaliza all\u00ed. Por eso, <strong>la responsabilidad debe ser compartida entre escuela, familia y sociedad<\/strong>. La educaci\u00f3n en valores, el acompa\u00f1amiento emocional y la detecci\u00f3n temprana del maltrato son tareas impostergables.<\/p>\n\n\n\n<p>Los padres de v\u00edctimas no buscan venganza, sino justicia y protecci\u00f3n para los que a\u00fan viven. Como expres\u00f3 una de las madres:<\/p>\n\n\n\n<blockquote class=\"wp-block-quote is-layout-flow wp-block-quote-is-layout-flow\">\n<p class=\"has-text-align-center\">\u201cYo ya no puedo hacer nada por mi hija, pero puedo hacer algo por los dem\u00e1s\u201d.<\/p>\n<\/blockquote>\n\n\n\n<h3 class=\"wp-block-heading\"><strong>Un llamado a la acci\u00f3n<\/strong><\/h3>\n\n\n\n<p>El reclamo ante el Congreso no fue un acto simb\u00f3lico, sino un grito de auxilio. Los familiares de las v\u00edctimas insisten en que <strong>cada nuevo suicidio es una muestra del fracaso colectivo<\/strong>: de las instituciones, del sistema educativo y de una sociedad que muchas veces prefiere mirar hacia otro lado.<\/p>\n\n\n\n<p>La ministra de Juventud e Infancia, Sira Rego, ha accedido a reunirse con los representantes de las asociaciones. Las familias esperan que esta vez no haya m\u00e1s silencio, sino <strong>compromiso real, medidas concretas y una ley que proteja a todos los ni\u00f1os y adolescentes<\/strong>.<\/p>\n\n\n\n<p>Porque en palabras de Jos\u00e9 Manuel L\u00f3pez, padre de Kira:<\/p>\n\n\n\n<blockquote class=\"wp-block-quote is-layout-flow wp-block-quote-is-layout-flow\">\n<p class=\"has-text-align-center\">\u201cNo podemos seguir esperando mientras nuestros hijos se mueren. Cada nuevo suicidio es un grito que el Gobierno y la sociedad ignoran\u201d.<\/p>\n<\/blockquote>\n\n\n\n<p class=\"has-text-align-right\"><strong>Redacci\u00f3n | Web del Maestro CMF<\/strong><\/p>\n\n\n\t\t<div class=\"pk-inline-posts\">\n\t\t\t\n\t\t\t<div class=\"pk-inline-posts-container pk-inline-posts-template-list\"\n\t\t\t\tdata-columns=\"1\">\n\t\t\t\t\t\t<article id=\"post-118505\" class=\"post-118505 post type-post status-publish format-standard has-post-thumbnail category-noticias-internacionales tag-acoso-laboral-docente tag-clima-laboral-educativo tag-denuncia-laboral tag-derechos-laborales-docentes tag-ley-karin tag-maltrato-en-escuelas tag-salud-mental-docente tag-sistema-educativo-crisis tag-violencia-en-escuelas cs-entry cs-video-wrap\">\n\t\t\t<div class=\"pk-post-outer\">\n\n\t\t\t\t\t\t\t\t<div class=\"pk-post-inner\">\n\t\t\t\t\t<div class=\"entry-thumbnail\">\n\t\t\t\t\t\t<div class=\"pk-overlay pk-overlay-ratio pk-ratio-landscape\">\n\t\t\t\t\t\t\t<div class=\"pk-overlay-background\">\n\t\t\t\t\t\t\t\t<a href=\"https:\/\/webdelmaestrocmf.com\/portal\/maestra-consulta-que-hacer-tras-sufrir-acoso-laboral-por-parte-de-una-profesora-y-directora-teme-denunciar-y-quedar-vetada-de-por-vida-como-se-debe-de-proceder-en-estos-casos\/\" class=\"pk-overlay-link\">\n\t\t\t\t\t\t\t\t\t<img loading=\"lazy\" decoding=\"async\" width=\"300\" height=\"225\" src=\"https:\/\/webdelmaestrocmf.com\/portal\/wp-content\/uploads\/2026\/04\/1AA-Banner-1-portada-imagen-10-1-copia-4-4-300x225.webp\" class=\"attachment-pk-thumbnail size-pk-thumbnail wp-post-image\" alt=\"\" \/>\t\t\t\t\t\t\t\t<\/a>\n\t\t\t\t\t\t\t<\/div>\n\t\t\t\t\t\t<\/div>\n\t\t\t\t\t<\/div>\n\t\t\t\t<\/div>\n\t\t\t\t\n\t\t\t\t<div class=\"pk-post-inner\">\n\t\t\t\t\t<header>\n\t\t\t\t\t\t<h3 class=\"pk-title\"><a href=\"https:\/\/webdelmaestrocmf.com\/portal\/maestra-consulta-que-hacer-tras-sufrir-acoso-laboral-por-parte-de-una-profesora-y-directora-teme-denunciar-y-quedar-vetada-de-por-vida-como-se-debe-de-proceder-en-estos-casos\/\" rel=\"bookmark\">Maestra consulta qu\u00e9 hacer tras sufrir acoso laboral por parte de una profesora y directora, teme denunciar y quedar vetada de por vida \u00bfC\u00f3mo se debe de proceder en estos casos?<\/a><\/h3>\t\t\t\t\t<\/header><!-- .entry-header -->\n\t\t\t\t<\/div><!-- .post-inner -->\n\n\t\t\t<\/div><!-- .post-outer -->\n\t\t<\/article>\n\t\t\t<article id=\"post-118473\" class=\"post-118473 post type-post status-publish format-standard has-post-thumbnail category-noticias-internacionales tag-convivencia tag-docentes tag-educacion-3 tag-gestion-escolar-2 tag-protocolos tag-salud-mental tag-seguridad-escolar tag-simulacros tag-violencia-escolar cs-entry cs-video-wrap\">\n\t\t\t<div class=\"pk-post-outer\">\n\n\t\t\t\t\t\t\t\t<div class=\"pk-post-inner\">\n\t\t\t\t\t<div class=\"entry-thumbnail\">\n\t\t\t\t\t\t<div class=\"pk-overlay pk-overlay-ratio pk-ratio-landscape\">\n\t\t\t\t\t\t\t<div class=\"pk-overlay-background\">\n\t\t\t\t\t\t\t\t<a href=\"https:\/\/webdelmaestrocmf.com\/portal\/se-confirma-que-habra-simulacros-de-tiroteos-en-las-escuelas\/\" class=\"pk-overlay-link\">\n\t\t\t\t\t\t\t\t\t<img loading=\"lazy\" decoding=\"async\" width=\"300\" height=\"225\" src=\"https:\/\/webdelmaestrocmf.com\/portal\/wp-content\/uploads\/2026\/04\/1AA-Banner-1-portada-imagen-10-1-copia-1-11-300x225.webp\" class=\"attachment-pk-thumbnail size-pk-thumbnail wp-post-image\" alt=\"\" \/>\t\t\t\t\t\t\t\t<\/a>\n\t\t\t\t\t\t\t<\/div>\n\t\t\t\t\t\t<\/div>\n\t\t\t\t\t<\/div>\n\t\t\t\t<\/div>\n\t\t\t\t\n\t\t\t\t<div class=\"pk-post-inner\">\n\t\t\t\t\t<header>\n\t\t\t\t\t\t<h3 class=\"pk-title\"><a href=\"https:\/\/webdelmaestrocmf.com\/portal\/se-confirma-que-habra-simulacros-de-tiroteos-en-las-escuelas\/\" rel=\"bookmark\">Se confirma que habr\u00e1 simulacros de tiroteos en las escuelas<\/a><\/h3>\t\t\t\t\t<\/header><!-- .entry-header -->\n\t\t\t\t<\/div><!-- .post-inner -->\n\n\t\t\t<\/div><!-- .post-outer -->\n\t\t<\/article>\n\t\t\t<article id=\"post-118464\" class=\"post-118464 post type-post status-publish format-standard has-post-thumbnail category-noticias-internacionales tag-aula tag-convivencia-escolar tag-disciplina tag-docentes tag-educacion-3 tag-estudiantes tag-gestion-educativa-3 tag-normativa tag-pedagogia-3 tag-violencia-escolar cs-entry cs-video-wrap\">\n\t\t\t<div class=\"pk-post-outer\">\n\n\t\t\t\t\t\t\t\t<div class=\"pk-post-inner\">\n\t\t\t\t\t<div class=\"entry-thumbnail\">\n\t\t\t\t\t\t<div class=\"pk-overlay pk-overlay-ratio pk-ratio-landscape\">\n\t\t\t\t\t\t\t<div class=\"pk-overlay-background\">\n\t\t\t\t\t\t\t\t<a href=\"https:\/\/webdelmaestrocmf.com\/portal\/peru-pone-limites-estudiantes-violentos-podrian-salir-del-aula-presencial-y-pasar-a-otra-modalidad-educativa\/\" class=\"pk-overlay-link\">\n\t\t\t\t\t\t\t\t\t<img loading=\"lazy\" decoding=\"async\" width=\"300\" height=\"225\" src=\"https:\/\/webdelmaestrocmf.com\/portal\/wp-content\/uploads\/2026\/04\/1AA-Banner-1-portada-imagen-10-1-copia-38-300x225.webp\" class=\"attachment-pk-thumbnail size-pk-thumbnail wp-post-image\" alt=\"\" \/>\t\t\t\t\t\t\t\t<\/a>\n\t\t\t\t\t\t\t<\/div>\n\t\t\t\t\t\t<\/div>\n\t\t\t\t\t<\/div>\n\t\t\t\t<\/div>\n\t\t\t\t\n\t\t\t\t<div class=\"pk-post-inner\">\n\t\t\t\t\t<header>\n\t\t\t\t\t\t<h3 class=\"pk-title\"><a href=\"https:\/\/webdelmaestrocmf.com\/portal\/peru-pone-limites-estudiantes-violentos-podrian-salir-del-aula-presencial-y-pasar-a-otra-modalidad-educativa\/\" rel=\"bookmark\">Per\u00fa pone l\u00edmites: estudiantes violentos podr\u00edan salir del aula presencial y pasar a otra modalidad educativa<\/a><\/h3>\t\t\t\t\t<\/header><!-- .entry-header -->\n\t\t\t\t<\/div><!-- .post-inner -->\n\n\t\t\t<\/div><!-- .post-outer -->\n\t\t<\/article>\n\t\t\t\t<\/div>\n\t\t<\/div>\n\t\t\n","protected":false},"excerpt":{"rendered":"Cada suicidio por bullying es un grito que el Gobierno ignora. Padres de ni\u00f1os y adolescentes victimas de acoso exigen una ley y penas que castiguen a los agresores y por omisi\u00f3n de responsabilidades.","protected":false},"author":1,"featured_media":113278,"comment_status":"open","ping_status":"closed","sticky":false,"template":"","format":"standard","meta":{"csco_display_header_overlay":false,"csco_singular_sidebar":"","csco_page_header_type":"","csco_page_load_nextpost":"","csco_post_video_location":[],"csco_post_video_location_hash":"","csco_post_video_url":"","csco_post_video_bg_start_time":0,"csco_post_video_bg_end_time":0,"csco_post_video_bg_volume":false,"_jetpack_memberships_contains_paid_content":false,"footnotes":""},"categories":[23790],"tags":[1705,608,2616,2365,3541,4903,297],"class_list":{"0":"post-113277","1":"post","2":"type-post","3":"status-publish","4":"format-standard","5":"has-post-thumbnail","7":"category-noticias-internacionales","8":"tag-acoso","9":"tag-escolar","10":"tag-exigen","11":"tag-familiares","12":"tag-ley","13":"tag-morir","14":"tag-ninos","15":"cs-entry","16":"cs-video-wrap"},"yoast_head":"<!-- This site is optimized with the Yoast SEO plugin v27.5 - https:\/\/yoast.com\/product\/yoast-seo-wordpress\/ -->\n<title>Familiares exigen una ley contra el acoso escolar: \u201c\u00bfCu\u00e1ntos ni\u00f1os tienen que morir?\u201d - 2026<\/title>\n<meta name=\"description\" content=\"En el D\u00eda Internacional contra la Violencia y el Acoso Escolar, la imagen frente al Congreso de los Diputados en Madrid fue...\" \/>\n<meta name=\"robots\" content=\"index, follow, max-snippet:-1, max-image-preview:large, max-video-preview:-1\" \/>\n<link rel=\"canonical\" href=\"https:\/\/webdelmaestrocmf.com\/portal\/familiares-exigen-una-ley-contra-el-acoso-escolar-cuantos-ninos-tienen-que-morir\/\" \/>\n<meta property=\"og:locale\" content=\"es_ES\" \/>\n<meta property=\"og:type\" content=\"article\" \/>\n<meta property=\"og:title\" content=\"Familiares exigen una ley contra el acoso escolar: \u201c\u00bfCu\u00e1ntos ni\u00f1os tienen que morir?\u201d - 2026\" \/>\n<meta property=\"og:description\" content=\"En el D\u00eda Internacional contra la Violencia y el Acoso Escolar, la imagen frente al Congreso de los Diputados en Madrid fue...\" \/>\n<meta property=\"og:url\" content=\"https:\/\/webdelmaestrocmf.com\/portal\/familiares-exigen-una-ley-contra-el-acoso-escolar-cuantos-ninos-tienen-que-morir\/\" \/>\n<meta property=\"og:site_name\" content=\"Web del Maestro CMF\" \/>\n<meta property=\"article:publisher\" content=\"https:\/\/www.facebook.com\/WebdelMaestroCMF\/\" \/>\n<meta property=\"article:author\" content=\"https:\/\/www.facebook.com\/WebdelMaestroCMF\/\" \/>\n<meta property=\"article:published_time\" content=\"2025-11-07T14:02:25+00:00\" \/>\n<meta property=\"article:modified_time\" content=\"2025-11-07T14:16:45+00:00\" \/>\n<meta property=\"og:image\" content=\"https:\/\/webdelmaestrocmf.com\/portal\/wp-content\/uploads\/2025\/11\/Portada-articulos-1-5.jpg\" \/>\n\t<meta property=\"og:image:width\" content=\"1000\" \/>\n\t<meta property=\"og:image:height\" content=\"667\" \/>\n\t<meta property=\"og:image:type\" content=\"image\/jpeg\" \/>\n<meta name=\"author\" content=\"Web del Maestro CMF\" \/>\n<meta name=\"twitter:card\" content=\"summary_large_image\" \/>\n<meta name=\"twitter:creator\" content=\"@cmf_w\" \/>\n<meta name=\"twitter:site\" content=\"@cmf_w\" \/>\n<script type=\"application\/ld+json\" class=\"yoast-schema-graph\">{\"@context\":\"https:\\\/\\\/schema.org\",\"@graph\":[{\"@type\":\"ScholarlyArticle\",\"@id\":\"https:\\\/\\\/webdelmaestrocmf.com\\\/portal\\\/familiares-exigen-una-ley-contra-el-acoso-escolar-cuantos-ninos-tienen-que-morir\\\/#article\",\"isPartOf\":{\"@id\":\"https:\\\/\\\/webdelmaestrocmf.com\\\/portal\\\/familiares-exigen-una-ley-contra-el-acoso-escolar-cuantos-ninos-tienen-que-morir\\\/\"},\"author\":{\"name\":\"Web del Maestro CMF\",\"@id\":\"https:\\\/\\\/webdelmaestrocmf.com\\\/portal\\\/#\\\/schema\\\/person\\\/1072a2ed7bd960df8ef99a551fa35dc5\"},\"headline\":\"Familiares exigen una ley contra el acoso escolar: \u201c\u00bfCu\u00e1ntos ni\u00f1os tienen que morir?\u201d\",\"datePublished\":\"2025-11-07T14:02:25+00:00\",\"dateModified\":\"2025-11-07T14:16:45+00:00\",\"mainEntityOfPage\":{\"@id\":\"https:\\\/\\\/webdelmaestrocmf.com\\\/portal\\\/familiares-exigen-una-ley-contra-el-acoso-escolar-cuantos-ninos-tienen-que-morir\\\/\"},\"wordCount\":708,\"commentCount\":0,\"publisher\":{\"@id\":\"https:\\\/\\\/webdelmaestrocmf.com\\\/portal\\\/#organization\"},\"image\":{\"@id\":\"https:\\\/\\\/webdelmaestrocmf.com\\\/portal\\\/familiares-exigen-una-ley-contra-el-acoso-escolar-cuantos-ninos-tienen-que-morir\\\/#primaryimage\"},\"thumbnailUrl\":\"https:\\\/\\\/webdelmaestrocmf.com\\\/portal\\\/wp-content\\\/uploads\\\/2025\\\/11\\\/Portada-articulos-1-5.jpg\",\"keywords\":[\"ACOSO\",\"ESCOLAR\",\"EXIGEN\",\"familiares\",\"LEY\",\"morir\",\"Ni\u00f1os\"],\"articleSection\":[\"Noticias Internacionales\"],\"inLanguage\":\"es\",\"potentialAction\":[{\"@type\":\"CommentAction\",\"name\":\"Comment\",\"target\":[\"https:\\\/\\\/webdelmaestrocmf.com\\\/portal\\\/familiares-exigen-una-ley-contra-el-acoso-escolar-cuantos-ninos-tienen-que-morir\\\/#respond\"]}]},{\"@type\":\"WebPage\",\"@id\":\"https:\\\/\\\/webdelmaestrocmf.com\\\/portal\\\/familiares-exigen-una-ley-contra-el-acoso-escolar-cuantos-ninos-tienen-que-morir\\\/\",\"url\":\"https:\\\/\\\/webdelmaestrocmf.com\\\/portal\\\/familiares-exigen-una-ley-contra-el-acoso-escolar-cuantos-ninos-tienen-que-morir\\\/\",\"name\":\"Familiares exigen una ley contra el acoso escolar: \u201c\u00bfCu\u00e1ntos ni\u00f1os tienen que morir?\u201d - 2026\",\"isPartOf\":{\"@id\":\"https:\\\/\\\/webdelmaestrocmf.com\\\/portal\\\/#website\"},\"primaryImageOfPage\":{\"@id\":\"https:\\\/\\\/webdelmaestrocmf.com\\\/portal\\\/familiares-exigen-una-ley-contra-el-acoso-escolar-cuantos-ninos-tienen-que-morir\\\/#primaryimage\"},\"image\":{\"@id\":\"https:\\\/\\\/webdelmaestrocmf.com\\\/portal\\\/familiares-exigen-una-ley-contra-el-acoso-escolar-cuantos-ninos-tienen-que-morir\\\/#primaryimage\"},\"thumbnailUrl\":\"https:\\\/\\\/webdelmaestrocmf.com\\\/portal\\\/wp-content\\\/uploads\\\/2025\\\/11\\\/Portada-articulos-1-5.jpg\",\"datePublished\":\"2025-11-07T14:02:25+00:00\",\"dateModified\":\"2025-11-07T14:16:45+00:00\",\"description\":\"En el D\u00eda Internacional contra la Violencia y el Acoso Escolar, la imagen frente al Congreso de los Diputados en Madrid fue...\",\"breadcrumb\":{\"@id\":\"https:\\\/\\\/webdelmaestrocmf.com\\\/portal\\\/familiares-exigen-una-ley-contra-el-acoso-escolar-cuantos-ninos-tienen-que-morir\\\/#breadcrumb\"},\"inLanguage\":\"es\",\"potentialAction\":[{\"@type\":\"ReadAction\",\"target\":[\"https:\\\/\\\/webdelmaestrocmf.com\\\/portal\\\/familiares-exigen-una-ley-contra-el-acoso-escolar-cuantos-ninos-tienen-que-morir\\\/\"]}]},{\"@type\":\"ImageObject\",\"inLanguage\":\"es\",\"@id\":\"https:\\\/\\\/webdelmaestrocmf.com\\\/portal\\\/familiares-exigen-una-ley-contra-el-acoso-escolar-cuantos-ninos-tienen-que-morir\\\/#primaryimage\",\"url\":\"https:\\\/\\\/webdelmaestrocmf.com\\\/portal\\\/wp-content\\\/uploads\\\/2025\\\/11\\\/Portada-articulos-1-5.jpg\",\"contentUrl\":\"https:\\\/\\\/webdelmaestrocmf.com\\\/portal\\\/wp-content\\\/uploads\\\/2025\\\/11\\\/Portada-articulos-1-5.jpg\",\"width\":1000,\"height\":667},{\"@type\":\"BreadcrumbList\",\"@id\":\"https:\\\/\\\/webdelmaestrocmf.com\\\/portal\\\/familiares-exigen-una-ley-contra-el-acoso-escolar-cuantos-ninos-tienen-que-morir\\\/#breadcrumb\",\"itemListElement\":[{\"@type\":\"ListItem\",\"position\":1,\"name\":\"Portada\",\"item\":\"https:\\\/\\\/webdelmaestrocmf.com\\\/portal\\\/\"},{\"@type\":\"ListItem\",\"position\":2,\"name\":\"Noticias Internacionales\",\"item\":\"https:\\\/\\\/webdelmaestrocmf.com\\\/portal\\\/category\\\/noticias-internacionales\\\/\"},{\"@type\":\"ListItem\",\"position\":3,\"name\":\"Familiares exigen una ley contra el acoso escolar: \u201c\u00bfCu\u00e1ntos ni\u00f1os tienen que morir?\u201d\"}]},{\"@type\":\"WebSite\",\"@id\":\"https:\\\/\\\/webdelmaestrocmf.com\\\/portal\\\/#website\",\"url\":\"https:\\\/\\\/webdelmaestrocmf.com\\\/portal\\\/\",\"name\":\"Web del Maestro CMF\",\"description\":\"Maestros al servicio de la educaci\u00f3n\",\"publisher\":{\"@id\":\"https:\\\/\\\/webdelmaestrocmf.com\\\/portal\\\/#organization\"},\"alternateName\":\"WMCMF\",\"potentialAction\":[{\"@type\":\"SearchAction\",\"target\":{\"@type\":\"EntryPoint\",\"urlTemplate\":\"https:\\\/\\\/webdelmaestrocmf.com\\\/portal\\\/?s={search_term_string}\"},\"query-input\":{\"@type\":\"PropertyValueSpecification\",\"valueRequired\":true,\"valueName\":\"search_term_string\"}}],\"inLanguage\":\"es\"},{\"@type\":\"Organization\",\"@id\":\"https:\\\/\\\/webdelmaestrocmf.com\\\/portal\\\/#organization\",\"name\":\"Web del Maestro CMF\",\"alternateName\":\"WMCMF\",\"url\":\"https:\\\/\\\/webdelmaestrocmf.com\\\/portal\\\/\",\"logo\":{\"@type\":\"ImageObject\",\"inLanguage\":\"es\",\"@id\":\"https:\\\/\\\/webdelmaestrocmf.com\\\/portal\\\/#\\\/schema\\\/logo\\\/image\\\/\",\"url\":\"https:\\\/\\\/webdelmaestrocmf.com\\\/portal\\\/wp-content\\\/uploads\\\/2023\\\/01\\\/logo-wmcmf-2.png\",\"contentUrl\":\"https:\\\/\\\/webdelmaestrocmf.com\\\/portal\\\/wp-content\\\/uploads\\\/2023\\\/01\\\/logo-wmcmf-2.png\",\"width\":200,\"height\":60,\"caption\":\"Web del Maestro CMF\"},\"image\":{\"@id\":\"https:\\\/\\\/webdelmaestrocmf.com\\\/portal\\\/#\\\/schema\\\/logo\\\/image\\\/\"},\"sameAs\":[\"https:\\\/\\\/www.facebook.com\\\/WebdelMaestroCMF\\\/\",\"https:\\\/\\\/x.com\\\/cmf_w\",\"https:\\\/\\\/www.pinterest.com\\\/WMCMF\\\/\",\"https:\\\/\\\/www.linkedin.com\\\/company\\\/web-del-maestro-cmf\\\/\",\"https:\\\/\\\/www.instagram.com\\\/wmcmf\\\/\",\"https:\\\/\\\/www.youtube.com\\\/channel\\\/UCDPSvjbdodE5sHnC3OxutHw\",\"https:\\\/\\\/mastodon.social\\\/@wmcmf\",\"https:\\\/\\\/www.tiktok.com\\\/@webdelmaestrocmf\"]},{\"@type\":\"Person\",\"@id\":\"https:\\\/\\\/webdelmaestrocmf.com\\\/portal\\\/#\\\/schema\\\/person\\\/1072a2ed7bd960df8ef99a551fa35dc5\",\"name\":\"Web del Maestro CMF\",\"image\":{\"@type\":\"ImageObject\",\"inLanguage\":\"es\",\"@id\":\"https:\\\/\\\/secure.gravatar.com\\\/avatar\\\/23291dd5b5ae1077dcff3dbb04c3e02bd28403fa75af6d8787d5e97c5bbbe30b?s=96&d=mm&r=g\",\"url\":\"https:\\\/\\\/secure.gravatar.com\\\/avatar\\\/23291dd5b5ae1077dcff3dbb04c3e02bd28403fa75af6d8787d5e97c5bbbe30b?s=96&d=mm&r=g\",\"contentUrl\":\"https:\\\/\\\/secure.gravatar.com\\\/avatar\\\/23291dd5b5ae1077dcff3dbb04c3e02bd28403fa75af6d8787d5e97c5bbbe30b?s=96&d=mm&r=g\",\"caption\":\"Web del Maestro CMF\"},\"description\":\"Esta Web se cre\u00f3 sin fines de lucro, con fines educativos, cient\u00edficos y acad\u00e9micos, para personas que tengan dificultades y\\\/o inconvenientes en visualizar el material original. El objetivo es entregar recursos, compartir experiencias y materiales que ayuden a los padres de familia, maestros y estudiantes en su actualizaci\u00f3n y formaci\u00f3n permanente, en bien de la Educaci\u00f3n.\",\"sameAs\":[\"http:\\\/\\\/webdelmaestrocmf.com\\\/portal\",\"https:\\\/\\\/www.facebook.com\\\/WebdelMaestroCMF\\\/\",\"https:\\\/\\\/www.instagram.com\\\/wmcmf\\\/\",\"https:\\\/\\\/cl.linkedin.com\\\/company\\\/web-del-maestro-cmf\",\"https:\\\/\\\/www.pinterest.com\\\/WMCMF\\\/publicaciones\\\/\",\"https:\\\/\\\/x.com\\\/cmf_w\",\"https:\\\/\\\/www.youtube.com\\\/@WMCMF\"]}]}<\/script>\n<!-- \/ Yoast SEO plugin. -->","yoast_head_json":{"title":"Familiares exigen una ley contra el acoso escolar: \u201c\u00bfCu\u00e1ntos ni\u00f1os tienen que morir?\u201d - 2026","description":"En el D\u00eda Internacional contra la Violencia y el Acoso Escolar, la imagen frente al Congreso de los Diputados en Madrid fue...","robots":{"index":"index","follow":"follow","max-snippet":"max-snippet:-1","max-image-preview":"max-image-preview:large","max-video-preview":"max-video-preview:-1"},"canonical":"https:\/\/webdelmaestrocmf.com\/portal\/familiares-exigen-una-ley-contra-el-acoso-escolar-cuantos-ninos-tienen-que-morir\/","og_locale":"es_ES","og_type":"article","og_title":"Familiares exigen una ley contra el acoso escolar: \u201c\u00bfCu\u00e1ntos ni\u00f1os tienen que morir?\u201d - 2026","og_description":"En el D\u00eda Internacional contra la Violencia y el Acoso Escolar, la imagen frente al Congreso de los Diputados en Madrid fue...","og_url":"https:\/\/webdelmaestrocmf.com\/portal\/familiares-exigen-una-ley-contra-el-acoso-escolar-cuantos-ninos-tienen-que-morir\/","og_site_name":"Web del Maestro CMF","article_publisher":"https:\/\/www.facebook.com\/WebdelMaestroCMF\/","article_author":"https:\/\/www.facebook.com\/WebdelMaestroCMF\/","article_published_time":"2025-11-07T14:02:25+00:00","article_modified_time":"2025-11-07T14:16:45+00:00","og_image":[{"width":1000,"height":667,"url":"https:\/\/webdelmaestrocmf.com\/portal\/wp-content\/uploads\/2025\/11\/Portada-articulos-1-5.jpg","type":"image\/jpeg"}],"author":"Web del Maestro CMF","twitter_card":"summary_large_image","twitter_creator":"@cmf_w","twitter_site":"@cmf_w","schema":{"@context":"https:\/\/schema.org","@graph":[{"@type":"ScholarlyArticle","@id":"https:\/\/webdelmaestrocmf.com\/portal\/familiares-exigen-una-ley-contra-el-acoso-escolar-cuantos-ninos-tienen-que-morir\/#article","isPartOf":{"@id":"https:\/\/webdelmaestrocmf.com\/portal\/familiares-exigen-una-ley-contra-el-acoso-escolar-cuantos-ninos-tienen-que-morir\/"},"author":{"name":"Web del Maestro CMF","@id":"https:\/\/webdelmaestrocmf.com\/portal\/#\/schema\/person\/1072a2ed7bd960df8ef99a551fa35dc5"},"headline":"Familiares exigen una ley contra el acoso escolar: \u201c\u00bfCu\u00e1ntos ni\u00f1os tienen que morir?\u201d","datePublished":"2025-11-07T14:02:25+00:00","dateModified":"2025-11-07T14:16:45+00:00","mainEntityOfPage":{"@id":"https:\/\/webdelmaestrocmf.com\/portal\/familiares-exigen-una-ley-contra-el-acoso-escolar-cuantos-ninos-tienen-que-morir\/"},"wordCount":708,"commentCount":0,"publisher":{"@id":"https:\/\/webdelmaestrocmf.com\/portal\/#organization"},"image":{"@id":"https:\/\/webdelmaestrocmf.com\/portal\/familiares-exigen-una-ley-contra-el-acoso-escolar-cuantos-ninos-tienen-que-morir\/#primaryimage"},"thumbnailUrl":"https:\/\/webdelmaestrocmf.com\/portal\/wp-content\/uploads\/2025\/11\/Portada-articulos-1-5.jpg","keywords":["ACOSO","ESCOLAR","EXIGEN","familiares","LEY","morir","Ni\u00f1os"],"articleSection":["Noticias Internacionales"],"inLanguage":"es","potentialAction":[{"@type":"CommentAction","name":"Comment","target":["https:\/\/webdelmaestrocmf.com\/portal\/familiares-exigen-una-ley-contra-el-acoso-escolar-cuantos-ninos-tienen-que-morir\/#respond"]}]},{"@type":"WebPage","@id":"https:\/\/webdelmaestrocmf.com\/portal\/familiares-exigen-una-ley-contra-el-acoso-escolar-cuantos-ninos-tienen-que-morir\/","url":"https:\/\/webdelmaestrocmf.com\/portal\/familiares-exigen-una-ley-contra-el-acoso-escolar-cuantos-ninos-tienen-que-morir\/","name":"Familiares exigen una ley contra el acoso escolar: \u201c\u00bfCu\u00e1ntos ni\u00f1os tienen que morir?\u201d - 2026","isPartOf":{"@id":"https:\/\/webdelmaestrocmf.com\/portal\/#website"},"primaryImageOfPage":{"@id":"https:\/\/webdelmaestrocmf.com\/portal\/familiares-exigen-una-ley-contra-el-acoso-escolar-cuantos-ninos-tienen-que-morir\/#primaryimage"},"image":{"@id":"https:\/\/webdelmaestrocmf.com\/portal\/familiares-exigen-una-ley-contra-el-acoso-escolar-cuantos-ninos-tienen-que-morir\/#primaryimage"},"thumbnailUrl":"https:\/\/webdelmaestrocmf.com\/portal\/wp-content\/uploads\/2025\/11\/Portada-articulos-1-5.jpg","datePublished":"2025-11-07T14:02:25+00:00","dateModified":"2025-11-07T14:16:45+00:00","description":"En el D\u00eda Internacional contra la Violencia y el Acoso Escolar, la imagen frente al Congreso de los Diputados en Madrid fue...","breadcrumb":{"@id":"https:\/\/webdelmaestrocmf.com\/portal\/familiares-exigen-una-ley-contra-el-acoso-escolar-cuantos-ninos-tienen-que-morir\/#breadcrumb"},"inLanguage":"es","potentialAction":[{"@type":"ReadAction","target":["https:\/\/webdelmaestrocmf.com\/portal\/familiares-exigen-una-ley-contra-el-acoso-escolar-cuantos-ninos-tienen-que-morir\/"]}]},{"@type":"ImageObject","inLanguage":"es","@id":"https:\/\/webdelmaestrocmf.com\/portal\/familiares-exigen-una-ley-contra-el-acoso-escolar-cuantos-ninos-tienen-que-morir\/#primaryimage","url":"https:\/\/webdelmaestrocmf.com\/portal\/wp-content\/uploads\/2025\/11\/Portada-articulos-1-5.jpg","contentUrl":"https:\/\/webdelmaestrocmf.com\/portal\/wp-content\/uploads\/2025\/11\/Portada-articulos-1-5.jpg","width":1000,"height":667},{"@type":"BreadcrumbList","@id":"https:\/\/webdelmaestrocmf.com\/portal\/familiares-exigen-una-ley-contra-el-acoso-escolar-cuantos-ninos-tienen-que-morir\/#breadcrumb","itemListElement":[{"@type":"ListItem","position":1,"name":"Portada","item":"https:\/\/webdelmaestrocmf.com\/portal\/"},{"@type":"ListItem","position":2,"name":"Noticias Internacionales","item":"https:\/\/webdelmaestrocmf.com\/portal\/category\/noticias-internacionales\/"},{"@type":"ListItem","position":3,"name":"Familiares exigen una ley contra el acoso escolar: \u201c\u00bfCu\u00e1ntos ni\u00f1os tienen que morir?\u201d"}]},{"@type":"WebSite","@id":"https:\/\/webdelmaestrocmf.com\/portal\/#website","url":"https:\/\/webdelmaestrocmf.com\/portal\/","name":"Web del Maestro CMF","description":"Maestros al servicio de la educaci\u00f3n","publisher":{"@id":"https:\/\/webdelmaestrocmf.com\/portal\/#organization"},"alternateName":"WMCMF","potentialAction":[{"@type":"SearchAction","target":{"@type":"EntryPoint","urlTemplate":"https:\/\/webdelmaestrocmf.com\/portal\/?s={search_term_string}"},"query-input":{"@type":"PropertyValueSpecification","valueRequired":true,"valueName":"search_term_string"}}],"inLanguage":"es"},{"@type":"Organization","@id":"https:\/\/webdelmaestrocmf.com\/portal\/#organization","name":"Web del Maestro CMF","alternateName":"WMCMF","url":"https:\/\/webdelmaestrocmf.com\/portal\/","logo":{"@type":"ImageObject","inLanguage":"es","@id":"https:\/\/webdelmaestrocmf.com\/portal\/#\/schema\/logo\/image\/","url":"https:\/\/webdelmaestrocmf.com\/portal\/wp-content\/uploads\/2023\/01\/logo-wmcmf-2.png","contentUrl":"https:\/\/webdelmaestrocmf.com\/portal\/wp-content\/uploads\/2023\/01\/logo-wmcmf-2.png","width":200,"height":60,"caption":"Web del Maestro CMF"},"image":{"@id":"https:\/\/webdelmaestrocmf.com\/portal\/#\/schema\/logo\/image\/"},"sameAs":["https:\/\/www.facebook.com\/WebdelMaestroCMF\/","https:\/\/x.com\/cmf_w","https:\/\/www.pinterest.com\/WMCMF\/","https:\/\/www.linkedin.com\/company\/web-del-maestro-cmf\/","https:\/\/www.instagram.com\/wmcmf\/","https:\/\/www.youtube.com\/channel\/UCDPSvjbdodE5sHnC3OxutHw","https:\/\/mastodon.social\/@wmcmf","https:\/\/www.tiktok.com\/@webdelmaestrocmf"]},{"@type":"Person","@id":"https:\/\/webdelmaestrocmf.com\/portal\/#\/schema\/person\/1072a2ed7bd960df8ef99a551fa35dc5","name":"Web del Maestro CMF","image":{"@type":"ImageObject","inLanguage":"es","@id":"https:\/\/secure.gravatar.com\/avatar\/23291dd5b5ae1077dcff3dbb04c3e02bd28403fa75af6d8787d5e97c5bbbe30b?s=96&d=mm&r=g","url":"https:\/\/secure.gravatar.com\/avatar\/23291dd5b5ae1077dcff3dbb04c3e02bd28403fa75af6d8787d5e97c5bbbe30b?s=96&d=mm&r=g","contentUrl":"https:\/\/secure.gravatar.com\/avatar\/23291dd5b5ae1077dcff3dbb04c3e02bd28403fa75af6d8787d5e97c5bbbe30b?s=96&d=mm&r=g","caption":"Web del Maestro CMF"},"description":"Esta Web se cre\u00f3 sin fines de lucro, con fines educativos, cient\u00edficos y acad\u00e9micos, para personas que tengan dificultades y\/o inconvenientes en visualizar el material original. El objetivo es entregar recursos, compartir experiencias y materiales que ayuden a los padres de familia, maestros y estudiantes en su actualizaci\u00f3n y formaci\u00f3n permanente, en bien de la Educaci\u00f3n.","sameAs":["http:\/\/webdelmaestrocmf.com\/portal","https:\/\/www.facebook.com\/WebdelMaestroCMF\/","https:\/\/www.instagram.com\/wmcmf\/","https:\/\/cl.linkedin.com\/company\/web-del-maestro-cmf","https:\/\/www.pinterest.com\/WMCMF\/publicaciones\/","https:\/\/x.com\/cmf_w","https:\/\/www.youtube.com\/@WMCMF"]}]}},"jetpack_featured_media_url":"https:\/\/webdelmaestrocmf.com\/portal\/wp-content\/uploads\/2025\/11\/Portada-articulos-1-5.jpg","jetpack_sharing_enabled":true,"jetpack-related-posts":[{"id":114029,"url":"https:\/\/webdelmaestrocmf.com\/portal\/podran-detener-hasta-por-30-dias-a-los-padres-de-alumnos-acosadores-o-agresores\/","url_meta":{"origin":113277,"position":0},"title":"Podr\u00e1n detener hasta por 30 d\u00edas a los padres de alumnos acosadores o agresores","author":"Web del Maestro CMF","date":"14 diciembre, 2025","format":false,"excerpt":"el proyecto busca trasladar la responsabilidad del acoso escolar tambi\u00e9n al \u00e1mbito familiar.","rel":"","context":"En \u00abNoticias Internacionales\u00bb","block_context":{"text":"Noticias Internacionales","link":"https:\/\/webdelmaestrocmf.com\/portal\/category\/noticias-internacionales\/"},"img":{"alt_text":"","src":"https:\/\/i0.wp.com\/webdelmaestrocmf.com\/portal\/wp-content\/uploads\/2025\/12\/1A-Banner-1-portada-imagen-10-1-copia-3.jpg?resize=350%2C200&ssl=1","width":350,"height":200,"srcset":"https:\/\/i0.wp.com\/webdelmaestrocmf.com\/portal\/wp-content\/uploads\/2025\/12\/1A-Banner-1-portada-imagen-10-1-copia-3.jpg?resize=350%2C200&ssl=1 1x, https:\/\/i0.wp.com\/webdelmaestrocmf.com\/portal\/wp-content\/uploads\/2025\/12\/1A-Banner-1-portada-imagen-10-1-copia-3.jpg?resize=525%2C300&ssl=1 1.5x, https:\/\/i0.wp.com\/webdelmaestrocmf.com\/portal\/wp-content\/uploads\/2025\/12\/1A-Banner-1-portada-imagen-10-1-copia-3.jpg?resize=700%2C400&ssl=1 2x"},"classes":[]},{"id":13581,"url":"https:\/\/webdelmaestrocmf.com\/portal\/correcto-procedimiento-frente-al-acoso-escolar-recomendado\/","url_meta":{"origin":113277,"position":1},"title":"El correcto procedimiento frente al acoso escolar","author":"Web del Maestro CMF","date":"13 junio, 2022","format":false,"excerpt":"La elaboraci\u00f3n participativa del Manual o Reglamento de Convivencia Escolar, permite corresponsabilizar a todos los miembros de un centro educativo, en su correcta y oportuna aplicaci\u00f3n. Si no se act\u00faa apegado a la normatividad y a las leyes vigentes, se corre el riesgo de la indiferencia (\u201cmirar a otro lado\u201d)\u2026","rel":"","context":"En \u00abRecursos\u00bb","block_context":{"text":"Recursos","link":"https:\/\/webdelmaestrocmf.com\/portal\/category\/pedagogia\/"},"img":{"alt_text":"","src":"https:\/\/i0.wp.com\/webdelmaestrocmf.com\/portal\/wp-content\/uploads\/2022\/06\/1-29.jpg?resize=350%2C200&ssl=1","width":350,"height":200,"srcset":"https:\/\/i0.wp.com\/webdelmaestrocmf.com\/portal\/wp-content\/uploads\/2022\/06\/1-29.jpg?resize=350%2C200&ssl=1 1x, https:\/\/i0.wp.com\/webdelmaestrocmf.com\/portal\/wp-content\/uploads\/2022\/06\/1-29.jpg?resize=525%2C300&ssl=1 1.5x, https:\/\/i0.wp.com\/webdelmaestrocmf.com\/portal\/wp-content\/uploads\/2022\/06\/1-29.jpg?resize=700%2C400&ssl=1 2x, https:\/\/i0.wp.com\/webdelmaestrocmf.com\/portal\/wp-content\/uploads\/2022\/06\/1-29.jpg?resize=1050%2C600&ssl=1 3x"},"classes":[]},{"id":91613,"url":"https:\/\/webdelmaestrocmf.com\/portal\/unicef-guia-para-prevenir-el-acoso-escolar-descarga-gratuita\/","url_meta":{"origin":113277,"position":2},"title":"UNICEF: Gu\u00eda para prevenir el acoso escolar (Descarga gratuita)","author":"Web del Maestro CMF","date":"8 agosto, 2023","format":false,"excerpt":"Seg\u00fan la UNESCO uno de cada 4 estudiantes \u201ces v\u00edctima de agresiones y un 12 % recibe acoso a trav\u00e9s de las redes sociales\u201d y \u201cuno de cada tres ni\u00f1os es v\u00edctima de intimidaci\u00f3n escolar\u201d. Y gracias a los estudios, la evidencia cient\u00edfica ha sugerido a lo largo de los\u2026","rel":"","context":"En \u00abBullying acoso\u00bb","block_context":{"text":"Bullying acoso","link":"https:\/\/webdelmaestrocmf.com\/portal\/category\/pedagogia\/bullying-acoso\/"},"img":{"alt_text":"","src":"https:\/\/i0.wp.com\/webdelmaestrocmf.com\/portal\/wp-content\/uploads\/2023\/08\/A12B3C4D-5.jpg?resize=350%2C200&ssl=1","width":350,"height":200,"srcset":"https:\/\/i0.wp.com\/webdelmaestrocmf.com\/portal\/wp-content\/uploads\/2023\/08\/A12B3C4D-5.jpg?resize=350%2C200&ssl=1 1x, https:\/\/i0.wp.com\/webdelmaestrocmf.com\/portal\/wp-content\/uploads\/2023\/08\/A12B3C4D-5.jpg?resize=525%2C300&ssl=1 1.5x, https:\/\/i0.wp.com\/webdelmaestrocmf.com\/portal\/wp-content\/uploads\/2023\/08\/A12B3C4D-5.jpg?resize=700%2C400&ssl=1 2x"},"classes":[]},{"id":8854,"url":"https:\/\/webdelmaestrocmf.com\/portal\/me-di-por-vencido-la-estremecedora-carta-de-un-nino-antes-de-suicidarse-por-bullying\/","url_meta":{"origin":113277,"position":3},"title":"\u00abMe di por vencido\u00bb: Carta de un ni\u00f1o antes de suicidarse por bullying","author":"Web del Maestro CMF","date":"12 julio, 2019","format":false,"excerpt":"El tr\u00e1gico caso de Daniel Fitzpatrick, un ni\u00f1o de 13 a\u00f1os que se quit\u00f3 la vida debido al acoso escolar que sufri\u00f3, pone de manifiesto la cruda realidad del bullying y la necesidad de abordar este tema de manera seria y efectiva. El acoso escolar es un problema que afecta\u2026","rel":"","context":"En \u00abBullying acoso\u00bb","block_context":{"text":"Bullying acoso","link":"https:\/\/webdelmaestrocmf.com\/portal\/category\/pedagogia\/bullying-acoso\/"},"img":{"alt_text":"","src":"https:\/\/i0.wp.com\/webdelmaestrocmf.com\/portal\/wp-content\/uploads\/2019\/07\/A12B3C4D-7.jpg?resize=350%2C200&ssl=1","width":350,"height":200,"srcset":"https:\/\/i0.wp.com\/webdelmaestrocmf.com\/portal\/wp-content\/uploads\/2019\/07\/A12B3C4D-7.jpg?resize=350%2C200&ssl=1 1x, https:\/\/i0.wp.com\/webdelmaestrocmf.com\/portal\/wp-content\/uploads\/2019\/07\/A12B3C4D-7.jpg?resize=525%2C300&ssl=1 1.5x, https:\/\/i0.wp.com\/webdelmaestrocmf.com\/portal\/wp-content\/uploads\/2019\/07\/A12B3C4D-7.jpg?resize=700%2C400&ssl=1 2x"},"classes":[]},{"id":103344,"url":"https:\/\/webdelmaestrocmf.com\/portal\/acoso-y-ciberacoso-escolar-aprender-y-mejorar\/","url_meta":{"origin":113277,"position":4},"title":"Acoso y ciberacoso escolar: aprender y mejorar","author":"Web del Maestro CMF","date":"1 febrero, 2024","format":false,"excerpt":"Seg\u00fan la Organizaci\u00f3n Mundial de la Salud (OMS), Espa\u00f1a es uno de los pa\u00edses europeos con m\u00e1s incidencia de acoso escolar, y que contrasta con la percepci\u00f3n que los alumnos tienen de lo que ocurre en su entorno, que 7 de cada 10 ni\u00f1os sufren a diario alg\u00fan tipo de\u2026","rel":"","context":"En \u00abYo opino - WMCMF\u00bb","block_context":{"text":"Yo opino - WMCMF","link":"https:\/\/webdelmaestrocmf.com\/portal\/category\/jamb\/"},"img":{"alt_text":"Acoso escolar","src":"https:\/\/i0.wp.com\/webdelmaestrocmf.com\/portal\/wp-content\/uploads\/2024\/02\/Acoso-escolar.jpg?resize=350%2C200&ssl=1","width":350,"height":200,"srcset":"https:\/\/i0.wp.com\/webdelmaestrocmf.com\/portal\/wp-content\/uploads\/2024\/02\/Acoso-escolar.jpg?resize=350%2C200&ssl=1 1x, https:\/\/i0.wp.com\/webdelmaestrocmf.com\/portal\/wp-content\/uploads\/2024\/02\/Acoso-escolar.jpg?resize=525%2C300&ssl=1 1.5x, https:\/\/i0.wp.com\/webdelmaestrocmf.com\/portal\/wp-content\/uploads\/2024\/02\/Acoso-escolar.jpg?resize=700%2C400&ssl=1 2x"},"classes":[]},{"id":117712,"url":"https:\/\/webdelmaestrocmf.com\/portal\/salta-aplicara-multas-o-hasta-30-dias-de-arresto-a-los-padres-de-ninos-que-cometan-bullying\/","url_meta":{"origin":113277,"position":5},"title":"Salta aplicar\u00e1 multas o hasta 30 d\u00edas de arresto a los padres de ni\u00f1os que cometan bullying","author":"Web del Maestro CMF","date":"13 abril, 2026","format":false,"excerpt":"Salta sancionar\u00e1 a padres de estudiantes que cometan bullying con multas, tareas comunitarias o arresto. La medida busca fortalecer la responsabilidad familiar y prevenir la violencia en las escuelas.","rel":"","context":"En \u00abNoticias Internacionales\u00bb","block_context":{"text":"Noticias Internacionales","link":"https:\/\/webdelmaestrocmf.com\/portal\/category\/noticias-internacionales\/"},"img":{"alt_text":"","src":"https:\/\/i0.wp.com\/webdelmaestrocmf.com\/portal\/wp-content\/uploads\/2026\/04\/1AA-Banner-1-portada-imagen-10-1-copia-11-1.webp?resize=350%2C200&ssl=1","width":350,"height":200,"srcset":"https:\/\/i0.wp.com\/webdelmaestrocmf.com\/portal\/wp-content\/uploads\/2026\/04\/1AA-Banner-1-portada-imagen-10-1-copia-11-1.webp?resize=350%2C200&ssl=1 1x, https:\/\/i0.wp.com\/webdelmaestrocmf.com\/portal\/wp-content\/uploads\/2026\/04\/1AA-Banner-1-portada-imagen-10-1-copia-11-1.webp?resize=525%2C300&ssl=1 1.5x, https:\/\/i0.wp.com\/webdelmaestrocmf.com\/portal\/wp-content\/uploads\/2026\/04\/1AA-Banner-1-portada-imagen-10-1-copia-11-1.webp?resize=700%2C400&ssl=1 2x, https:\/\/i0.wp.com\/webdelmaestrocmf.com\/portal\/wp-content\/uploads\/2026\/04\/1AA-Banner-1-portada-imagen-10-1-copia-11-1.webp?resize=1050%2C600&ssl=1 3x"},"classes":[]}],"_links":{"self":[{"href":"https:\/\/webdelmaestrocmf.com\/portal\/wp-json\/wp\/v2\/posts\/113277","targetHints":{"allow":["GET"]}}],"collection":[{"href":"https:\/\/webdelmaestrocmf.com\/portal\/wp-json\/wp\/v2\/posts"}],"about":[{"href":"https:\/\/webdelmaestrocmf.com\/portal\/wp-json\/wp\/v2\/types\/post"}],"author":[{"embeddable":true,"href":"https:\/\/webdelmaestrocmf.com\/portal\/wp-json\/wp\/v2\/users\/1"}],"replies":[{"embeddable":true,"href":"https:\/\/webdelmaestrocmf.com\/portal\/wp-json\/wp\/v2\/comments?post=113277"}],"version-history":[{"count":1,"href":"https:\/\/webdelmaestrocmf.com\/portal\/wp-json\/wp\/v2\/posts\/113277\/revisions"}],"predecessor-version":[{"id":113280,"href":"https:\/\/webdelmaestrocmf.com\/portal\/wp-json\/wp\/v2\/posts\/113277\/revisions\/113280"}],"wp:featuredmedia":[{"embeddable":true,"href":"https:\/\/webdelmaestrocmf.com\/portal\/wp-json\/wp\/v2\/media\/113278"}],"wp:attachment":[{"href":"https:\/\/webdelmaestrocmf.com\/portal\/wp-json\/wp\/v2\/media?parent=113277"}],"wp:term":[{"taxonomy":"category","embeddable":true,"href":"https:\/\/webdelmaestrocmf.com\/portal\/wp-json\/wp\/v2\/categories?post=113277"},{"taxonomy":"post_tag","embeddable":true,"href":"https:\/\/webdelmaestrocmf.com\/portal\/wp-json\/wp\/v2\/tags?post=113277"}],"curies":[{"name":"wp","href":"https:\/\/api.w.org\/{rel}","templated":true}]}}