{"id":113189,"date":"2025-11-05T19:54:14","date_gmt":"2025-11-05T22:54:14","guid":{"rendered":"https:\/\/webdelmaestrocmf.com\/portal\/?p=113189"},"modified":"2025-11-05T20:18:29","modified_gmt":"2025-11-05T23:18:29","slug":"fallece-maestra-de-historia-mientras-impartia-clases-en-una-secundaria-una-tragedia-que-conmueve-al-magisterio","status":"publish","type":"post","link":"https:\/\/webdelmaestrocmf.com\/portal\/fallece-maestra-de-historia-mientras-impartia-clases-en-una-secundaria-una-tragedia-que-conmueve-al-magisterio\/","title":{"rendered":"Fallece maestra de historia mientras impart\u00eda clases en una secundaria: una tragedia que conmueve al magisterio"},"content":{"rendered":"\n<p>Ciudad Valles, San Luis Potos\u00ed.\u2014 La comunidad educativa mexicana se encuentra de luto tras la repentina muerte de la maestra <strong>Yadira Lisbeth Hern\u00e1ndez Lara<\/strong>, docente de historia en la <strong>Secundaria Pedro Antonio Santos Rivera<\/strong>, quien perdi\u00f3 la vida el pasado <strong>28 de octubre de 2025<\/strong> mientras impart\u00eda clases a sus alumnos. Su fallecimiento, ocurrido dentro del aula, ha dejado una profunda huella entre compa\u00f1eros, estudiantes y autoridades locales.<\/p>\n\n\n\n<h2 class=\"wp-block-heading\"><strong>Una maestra entregada hasta el \u00faltimo momento<\/strong><\/h2>\n\n\n\n<p>De acuerdo con los primeros reportes, la profesora comenz\u00f3 a sentirse mal durante su jornada laboral. Los alumnos, al notar su malestar, alertaron de inmediato a los prefectos y al personal docente, quienes activaron el protocolo de emergencia y la trasladaron a un hospital privado de Ciudad Valles. Sin embargo, pese a los esfuerzos m\u00e9dicos, la maestra <strong>falleci\u00f3 poco despu\u00e9s de su ingreso<\/strong>.<\/p>\n\n\n\n<p>Yadira, de aproximadamente 40 a\u00f1os, contaba con <strong>23 a\u00f1os de trayectoria docente<\/strong>, siendo reconocida por su <strong>dedicaci\u00f3n, alegr\u00eda y vocaci\u00f3n inquebrantable<\/strong>. Seg\u00fan sus colegas, hab\u00eda enfrentado recientemente problemas de salud, pero decidi\u00f3 regresar a las aulas con la misma pasi\u00f3n de siempre. Su compromiso con la educaci\u00f3n fue tal que su vida se apag\u00f3 en el lugar que m\u00e1s amaba: su escuela.<\/p>\n\n\n\n<figure class=\"wp-block-embed is-type-video is-provider-youtube wp-block-embed-youtube wp-embed-aspect-9-16 wp-has-aspect-ratio\"><div class=\"wp-block-embed__wrapper\">\n<iframe loading=\"lazy\" title=\"Maestra de Historia fallece tras colapsar en plena clase\" width=\"563\" height=\"1000\" src=\"https:\/\/www.youtube.com\/embed\/zDCiFLIny2M?feature=oembed\" frameborder=\"0\" allow=\"accelerometer; autoplay; clipboard-write; encrypted-media; gyroscope; picture-in-picture; web-share\" referrerpolicy=\"strict-origin-when-cross-origin\" allowfullscreen><\/iframe>\n<\/div><\/figure>\n\n\n\n<h2 class=\"wp-block-heading\"><strong>Homenaje desde la comunidad educativa<\/strong><\/h2>\n\n\n\n<p>La secundaria <strong>Pedro Antonio Santos Rivera<\/strong> rindi\u00f3 un emotivo homenaje a trav\u00e9s de sus redes sociales. En su publicaci\u00f3n, la instituci\u00f3n expres\u00f3:<\/p>\n\n\n\n<blockquote class=\"wp-block-quote is-layout-flow wp-block-quote-is-layout-flow\">\n<p class=\"has-text-align-center\">\u201cCon el coraz\u00f3n roto y una profunda tristeza, despedimos a nuestra inigualable y amada maestra Yadira Arisbet. Parti\u00f3 de este mundo en el lugar que tanto amaba, su escuela, rodeada del esp\u00edritu que le impulsaba d\u00eda a d\u00eda: el de sus alumnos. Dej\u00f3 un legado de amor y dedicaci\u00f3n que vivir\u00e1 en cada uno de nosotros\u201d.<\/p>\n<\/blockquote>\n\n\n\n<p>Sus estudiantes la despidieron lanzando <strong>globos blancos<\/strong> al cielo, en un gesto simb\u00f3lico de agradecimiento y respeto. Compa\u00f1eros, padres de familia y exalumnos llenaron las redes de mensajes y fotograf\u00edas recordando su sonrisa, su empat\u00eda y su incansable vocaci\u00f3n por ense\u00f1ar.<\/p>\n\n\n\n<h2 class=\"wp-block-heading\"><strong>Reflexi\u00f3n sobre el bienestar docente<\/strong><\/h2>\n\n\n\n<p>El fallecimiento de la maestra Yadira Hern\u00e1ndez ha abierto nuevamente el debate sobre <strong>la salud f\u00edsica y emocional del magisterio mexicano<\/strong>. Muchos docentes han manifestado en distintos espacios que la <strong>carga administrativa, la presi\u00f3n laboral y el estr\u00e9s cotidiano<\/strong> est\u00e1n deteriorando la calidad de vida del profesorado.<br>En palabras del creador del canal <em>Soy Docente<\/em>, quien comparti\u00f3 la noticia:<\/p>\n\n\n\n<blockquote class=\"wp-block-quote is-layout-flow wp-block-quote-is-layout-flow\">\n<p class=\"has-text-align-center\">\u201cDebemos cuidarnos, maestras y maestros. La vida es tan impredecible que puede terminar en cualquier momento. Hay estados que acompa\u00f1an al magisterio, pero en la mayor\u00eda, el esfuerzo diario supera los l\u00edmites humanos\u201d.<\/p>\n<\/blockquote>\n\n\n\n<p>El caso de Yadira no solo refleja una tragedia individual, sino tambi\u00e9n <strong>una alerta colectiva<\/strong> sobre la necesidad de atender la salud docente con pol\u00edticas reales de prevenci\u00f3n, acompa\u00f1amiento psicol\u00f3gico y reducci\u00f3n de la sobrecarga laboral.<\/p>\n\n\n\n<h2 class=\"wp-block-heading\"><strong>Una vida dedicada a la ense\u00f1anza<\/strong><\/h2>\n\n\n\n<p>Para la comunidad de la Secundaria Pedro Antonio Santos, la maestra Yadira no fue solo una profesora: fue <strong>una gu\u00eda, una confidente y un ejemplo de vocaci\u00f3n aut\u00e9ntica<\/strong>. Sus alumnos la recuerdan como una mujer que \u201chac\u00eda que cada estudiante se sintiera visto, escuchado y comprendido\u201d.<\/p>\n\n\n\n<p>Su partida deja un vac\u00edo en los pasillos, en las aulas y en los corazones de quienes tuvieron el privilegio de aprender con ella.<br>Hoy, su nombre se une al de tantos docentes que, silenciosamente, entregan su vida al servicio de la educaci\u00f3n.<\/p>\n\n\n\n<h2 class=\"wp-block-heading\"><strong>Un llamado a valorar la vocaci\u00f3n docente<\/strong><\/h2>\n\n\n\n<p>La muerte de Yadira Hern\u00e1ndez es un recordatorio doloroso, pero necesario: <strong>los maestros tambi\u00e9n necesitan cuidado, empat\u00eda y protecci\u00f3n institucional<\/strong>. Su historia deber\u00eda inspirar a las autoridades educativas y a la sociedad a <strong>valorar la entrega diaria del profesorado<\/strong>, m\u00e1s all\u00e1 de las cifras, los tr\u00e1mites y los discursos oficiales.<\/p>\n\n\n\n<p>Porque como escribi\u00f3 su propia escuela en su despedida:<\/p>\n\n\n\n<blockquote class=\"wp-block-quote is-layout-flow wp-block-quote-is-layout-flow\">\n<p class=\"has-text-align-center\">\u201cTu cari\u00f1o y tu ejemplo permanecer\u00e1n con nosotros para siempre. Gracias por tanto amor, por tanta ense\u00f1anza y por ser una luz en nuestro Pedro. Descanse en paz, querida maestra Yadira\u201d.<\/p>\n<\/blockquote>\n\n\n\n<p>Descanse en paz, maestra Yadira Lisbeth Hern\u00e1ndez Lara. Su legado seguir\u00e1 vivo en cada aula donde a\u00fan se ense\u00f1a con amor.<\/p>\n\n\n\n<p class=\"has-text-align-right\"><strong>Redacci\u00f3n | Web del Maestro CMF<\/strong><\/p>\n\n\n\t\t<div class=\"pk-inline-posts\">\n\t\t\t\n\t\t\t<div class=\"pk-inline-posts-container pk-inline-posts-template-list\"\n\t\t\t\tdata-columns=\"1\">\n\t\t\t\t\t\t<article id=\"post-118307\" class=\"post-118307 post type-post status-publish format-standard has-post-thumbnail category-noticias-internacionales tag-actualidad tag-atentado tag-crisis tag-eventos tag-liderazgo tag-politica-3 tag-riesgo tag-seguridad tag-violencia cs-entry cs-video-wrap\">\n\t\t\t<div class=\"pk-post-outer\">\n\n\t\t\t\t\t\t\t\t<div class=\"pk-post-inner\">\n\t\t\t\t\t<div class=\"entry-thumbnail\">\n\t\t\t\t\t\t<div class=\"pk-overlay pk-overlay-ratio pk-ratio-landscape\">\n\t\t\t\t\t\t\t<div class=\"pk-overlay-background\">\n\t\t\t\t\t\t\t\t<a href=\"https:\/\/webdelmaestrocmf.com\/portal\/ultimo-momento-trump-evacuado-de-la-cena-de-corresponsales-de-la-casa-blanca-por-un-intento-de-atentado\/\" class=\"pk-overlay-link\">\n\t\t\t\t\t\t\t\t\t<img loading=\"lazy\" decoding=\"async\" width=\"300\" height=\"225\" src=\"https:\/\/webdelmaestrocmf.com\/portal\/wp-content\/uploads\/2026\/04\/1AA-Banner-1-portada-imagen-10-1-copia-5-4-300x225.webp\" class=\"attachment-pk-thumbnail size-pk-thumbnail wp-post-image\" alt=\"\" \/>\t\t\t\t\t\t\t\t<\/a>\n\t\t\t\t\t\t\t<\/div>\n\t\t\t\t\t\t<\/div>\n\t\t\t\t\t<\/div>\n\t\t\t\t<\/div>\n\t\t\t\t\n\t\t\t\t<div class=\"pk-post-inner\">\n\t\t\t\t\t<header>\n\t\t\t\t\t\t<h3 class=\"pk-title\"><a href=\"https:\/\/webdelmaestrocmf.com\/portal\/ultimo-momento-trump-evacuado-de-la-cena-de-corresponsales-de-la-casa-blanca-por-un-intento-de-atentado\/\" rel=\"bookmark\">\u00daltimo momento: Trump, evacuado de la Cena de Corresponsales de la Casa Blanca por un intento de atentado<\/a><\/h3>\t\t\t\t\t<\/header><!-- .entry-header -->\n\t\t\t\t<\/div><!-- .post-inner -->\n\n\t\t\t<\/div><!-- .post-outer -->\n\t\t<\/article>\n\t\t\t<article id=\"post-118293\" class=\"post-118293 post type-post status-publish format-standard has-post-thumbnail category-noticias-internacionales tag-ciberseguridad tag-educacion-digital tag-estafas-digitales tag-familia tag-inteligencia-artificial tag-pensamiento-critico-2 tag-prevencion tag-seguridad tag-tecnologia cs-entry cs-video-wrap\">\n\t\t\t<div class=\"pk-post-outer\">\n\n\t\t\t\t\t\t\t\t<div class=\"pk-post-inner\">\n\t\t\t\t\t<div class=\"entry-thumbnail\">\n\t\t\t\t\t\t<div class=\"pk-overlay pk-overlay-ratio pk-ratio-landscape\">\n\t\t\t\t\t\t\t<div class=\"pk-overlay-background\">\n\t\t\t\t\t\t\t\t<a href=\"https:\/\/webdelmaestrocmf.com\/portal\/mama-ayudame-estafadores-utilizan-la-inteligencia-artificial-para-clonar-voces-y-fingir-emergencias-familiares\/\" class=\"pk-overlay-link\">\n\t\t\t\t\t\t\t\t\t<img loading=\"lazy\" decoding=\"async\" width=\"300\" height=\"225\" src=\"https:\/\/webdelmaestrocmf.com\/portal\/wp-content\/uploads\/2026\/04\/1AA-Banner-1-portada-imagen-10-1-copia-2-7-300x225.webp\" class=\"attachment-pk-thumbnail size-pk-thumbnail wp-post-image\" alt=\"\" \/>\t\t\t\t\t\t\t\t<\/a>\n\t\t\t\t\t\t\t<\/div>\n\t\t\t\t\t\t<\/div>\n\t\t\t\t\t<\/div>\n\t\t\t\t<\/div>\n\t\t\t\t\n\t\t\t\t<div class=\"pk-post-inner\">\n\t\t\t\t\t<header>\n\t\t\t\t\t\t<h3 class=\"pk-title\"><a href=\"https:\/\/webdelmaestrocmf.com\/portal\/mama-ayudame-estafadores-utilizan-la-inteligencia-artificial-para-clonar-voces-y-fingir-emergencias-familiares\/\" rel=\"bookmark\">\u00abMam\u00e1, ay\u00fadame\u00bb: estafadores utilizan la inteligencia artificial para clonar voces y fingir emergencias familiares<\/a><\/h3>\t\t\t\t\t<\/header><!-- .entry-header -->\n\t\t\t\t<\/div><!-- .post-inner -->\n\n\t\t\t<\/div><!-- .post-outer -->\n\t\t<\/article>\n\t\t\t<article id=\"post-118267\" class=\"post-118267 post type-post status-publish format-standard has-post-thumbnail category-noticias-internacionales tag-aprendizaje tag-calidadeducativa tag-china tag-docencia tag-educacion-3 tag-equidad tag-escuela tag-estudiantes-china tag-politicaseducativas tag-reflexion-2 tag-sistemaeducativo cs-entry cs-video-wrap\">\n\t\t\t<div class=\"pk-post-outer\">\n\n\t\t\t\t\t\t\t\t<div class=\"pk-post-inner\">\n\t\t\t\t\t<div class=\"entry-thumbnail\">\n\t\t\t\t\t\t<div class=\"pk-overlay pk-overlay-ratio pk-ratio-landscape\">\n\t\t\t\t\t\t\t<div class=\"pk-overlay-background\">\n\t\t\t\t\t\t\t\t<a href=\"https:\/\/webdelmaestrocmf.com\/portal\/china-elimino-el-lucro-en-la-educacion-obligatoria-las-escuelas-privadas-para-ninos-de-6-a-15-anos-pueden-existir-pero-no-pueden-generar-ganancias-o-lucrar-con-la-educacion\/\" class=\"pk-overlay-link\">\n\t\t\t\t\t\t\t\t\t<img loading=\"lazy\" decoding=\"async\" width=\"300\" height=\"225\" src=\"https:\/\/webdelmaestrocmf.com\/portal\/wp-content\/uploads\/2026\/04\/1AA-Banner-1-portada-imagen-10-1-copia-11-2-300x225.webp\" class=\"attachment-pk-thumbnail size-pk-thumbnail wp-post-image\" alt=\"\" \/>\t\t\t\t\t\t\t\t<\/a>\n\t\t\t\t\t\t\t<\/div>\n\t\t\t\t\t\t<\/div>\n\t\t\t\t\t<\/div>\n\t\t\t\t<\/div>\n\t\t\t\t\n\t\t\t\t<div class=\"pk-post-inner\">\n\t\t\t\t\t<header>\n\t\t\t\t\t\t<h3 class=\"pk-title\"><a href=\"https:\/\/webdelmaestrocmf.com\/portal\/china-elimino-el-lucro-en-la-educacion-obligatoria-las-escuelas-privadas-para-ninos-de-6-a-15-anos-pueden-existir-pero-no-pueden-generar-ganancias-o-lucrar-con-la-educacion\/\" rel=\"bookmark\">China elimin\u00f3 el lucro en la educaci\u00f3n obligatoria: las escuelas privadas para ni\u00f1os de 6 a 15 a\u00f1os pueden existir, pero no pueden generar ganancias o lucrar con la educaci\u00f3n<\/a><\/h3>\t\t\t\t\t<\/header><!-- .entry-header -->\n\t\t\t\t<\/div><!-- .post-inner -->\n\n\t\t\t<\/div><!-- .post-outer -->\n\t\t<\/article>\n\t\t\t\t<\/div>\n\t\t<\/div>\n\t\t\n","protected":false},"excerpt":{"rendered":"La maestra Yadira Hern\u00e1ndez falleci\u00f3 dando clases en secundaria. Su entrega y vocaci\u00f3n dejaron una huella imborrable en su comunidad educativa.","protected":false},"author":1,"featured_media":113194,"comment_status":"open","ping_status":"closed","sticky":false,"template":"","format":"standard","meta":{"csco_display_header_overlay":false,"csco_singular_sidebar":"","csco_page_header_type":"","csco_page_load_nextpost":"","csco_post_video_location":[],"csco_post_video_location_hash":"","csco_post_video_url":"","csco_post_video_bg_start_time":0,"csco_post_video_bg_end_time":0,"csco_post_video_bg_volume":false,"_jetpack_memberships_contains_paid_content":false,"footnotes":""},"categories":[23790],"tags":[634,6565,1759,1903],"class_list":{"0":"post-113189","1":"post","2":"type-post","3":"status-publish","4":"format-standard","5":"has-post-thumbnail","7":"category-noticias-internacionales","8":"tag-clases","9":"tag-fallece","10":"tag-historia","11":"tag-maestra","12":"cs-entry","13":"cs-video-wrap"},"yoast_head":"<!-- This site is optimized with the Yoast SEO plugin v27.4 - https:\/\/yoast.com\/product\/yoast-seo-wordpress\/ -->\n<title>Fallece maestra de historia mientras impart\u00eda clases en una secundaria: una tragedia que conmueve al magisterio - 2026<\/title>\n<meta name=\"description\" content=\"Ciudad Valles, San Luis Potos\u00ed.\u2014 La comunidad educativa mexicana se encuentra de luto tras la repentina muerte de la maestra Yadira Lisbeth...\" \/>\n<meta name=\"robots\" content=\"index, follow, max-snippet:-1, max-image-preview:large, max-video-preview:-1\" \/>\n<link rel=\"canonical\" href=\"https:\/\/webdelmaestrocmf.com\/portal\/fallece-maestra-de-historia-mientras-impartia-clases-en-una-secundaria-una-tragedia-que-conmueve-al-magisterio\/\" \/>\n<meta property=\"og:locale\" content=\"es_ES\" \/>\n<meta property=\"og:type\" content=\"article\" \/>\n<meta property=\"og:title\" content=\"Fallece maestra de historia mientras impart\u00eda clases en una secundaria: una tragedia que conmueve al magisterio - 2026\" \/>\n<meta property=\"og:description\" content=\"Ciudad Valles, San Luis Potos\u00ed.\u2014 La comunidad educativa mexicana se encuentra de luto tras la repentina muerte de la maestra Yadira Lisbeth...\" \/>\n<meta property=\"og:url\" content=\"https:\/\/webdelmaestrocmf.com\/portal\/fallece-maestra-de-historia-mientras-impartia-clases-en-una-secundaria-una-tragedia-que-conmueve-al-magisterio\/\" \/>\n<meta property=\"og:site_name\" content=\"Web del Maestro CMF\" \/>\n<meta property=\"article:publisher\" content=\"https:\/\/www.facebook.com\/WebdelMaestroCMF\/\" \/>\n<meta property=\"article:author\" content=\"https:\/\/www.facebook.com\/WebdelMaestroCMF\/\" \/>\n<meta property=\"article:published_time\" content=\"2025-11-05T22:54:14+00:00\" \/>\n<meta property=\"article:modified_time\" content=\"2025-11-05T23:18:29+00:00\" \/>\n<meta property=\"og:image\" content=\"https:\/\/webdelmaestrocmf.com\/portal\/wp-content\/uploads\/2025\/11\/Portada-articulos-1-1.jpg\" \/>\n\t<meta property=\"og:image:width\" content=\"1000\" \/>\n\t<meta property=\"og:image:height\" content=\"667\" \/>\n\t<meta property=\"og:image:type\" content=\"image\/jpeg\" \/>\n<meta name=\"author\" content=\"Web del Maestro CMF\" \/>\n<meta name=\"twitter:card\" content=\"summary_large_image\" \/>\n<meta name=\"twitter:creator\" content=\"@cmf_w\" \/>\n<meta name=\"twitter:site\" content=\"@cmf_w\" \/>\n<meta name=\"twitter:label1\" content=\"Escrito por\" \/>\n\t<meta name=\"twitter:data1\" content=\"Web del Maestro CMF\" \/>\n\t<meta name=\"twitter:label2\" content=\"Tiempo de lectura\" \/>\n\t<meta name=\"twitter:data2\" content=\"3 minutos\" \/>\n<script type=\"application\/ld+json\" class=\"yoast-schema-graph\">{\"@context\":\"https:\\\/\\\/schema.org\",\"@graph\":[{\"@type\":\"ScholarlyArticle\",\"@id\":\"https:\\\/\\\/webdelmaestrocmf.com\\\/portal\\\/fallece-maestra-de-historia-mientras-impartia-clases-en-una-secundaria-una-tragedia-que-conmueve-al-magisterio\\\/#article\",\"isPartOf\":{\"@id\":\"https:\\\/\\\/webdelmaestrocmf.com\\\/portal\\\/fallece-maestra-de-historia-mientras-impartia-clases-en-una-secundaria-una-tragedia-que-conmueve-al-magisterio\\\/\"},\"author\":{\"name\":\"Web del Maestro CMF\",\"@id\":\"https:\\\/\\\/webdelmaestrocmf.com\\\/portal\\\/#\\\/schema\\\/person\\\/1072a2ed7bd960df8ef99a551fa35dc5\"},\"headline\":\"Fallece maestra de historia mientras impart\u00eda clases en una secundaria: una tragedia que conmueve al magisterio\",\"datePublished\":\"2025-11-05T22:54:14+00:00\",\"dateModified\":\"2025-11-05T23:18:29+00:00\",\"mainEntityOfPage\":{\"@id\":\"https:\\\/\\\/webdelmaestrocmf.com\\\/portal\\\/fallece-maestra-de-historia-mientras-impartia-clases-en-una-secundaria-una-tragedia-que-conmueve-al-magisterio\\\/\"},\"wordCount\":764,\"commentCount\":0,\"publisher\":{\"@id\":\"https:\\\/\\\/webdelmaestrocmf.com\\\/portal\\\/#organization\"},\"image\":{\"@id\":\"https:\\\/\\\/webdelmaestrocmf.com\\\/portal\\\/fallece-maestra-de-historia-mientras-impartia-clases-en-una-secundaria-una-tragedia-que-conmueve-al-magisterio\\\/#primaryimage\"},\"thumbnailUrl\":\"https:\\\/\\\/webdelmaestrocmf.com\\\/portal\\\/wp-content\\\/uploads\\\/2025\\\/11\\\/Portada-articulos-1-1.jpg\",\"keywords\":[\"clases\",\"Fallece\",\"HISTORIA\",\"MAESTRA\"],\"articleSection\":[\"Noticias Internacionales\"],\"inLanguage\":\"es\",\"potentialAction\":[{\"@type\":\"CommentAction\",\"name\":\"Comment\",\"target\":[\"https:\\\/\\\/webdelmaestrocmf.com\\\/portal\\\/fallece-maestra-de-historia-mientras-impartia-clases-en-una-secundaria-una-tragedia-que-conmueve-al-magisterio\\\/#respond\"]}]},{\"@type\":\"WebPage\",\"@id\":\"https:\\\/\\\/webdelmaestrocmf.com\\\/portal\\\/fallece-maestra-de-historia-mientras-impartia-clases-en-una-secundaria-una-tragedia-que-conmueve-al-magisterio\\\/\",\"url\":\"https:\\\/\\\/webdelmaestrocmf.com\\\/portal\\\/fallece-maestra-de-historia-mientras-impartia-clases-en-una-secundaria-una-tragedia-que-conmueve-al-magisterio\\\/\",\"name\":\"Fallece maestra de historia mientras impart\u00eda clases en una secundaria: una tragedia que conmueve al magisterio - 2026\",\"isPartOf\":{\"@id\":\"https:\\\/\\\/webdelmaestrocmf.com\\\/portal\\\/#website\"},\"primaryImageOfPage\":{\"@id\":\"https:\\\/\\\/webdelmaestrocmf.com\\\/portal\\\/fallece-maestra-de-historia-mientras-impartia-clases-en-una-secundaria-una-tragedia-que-conmueve-al-magisterio\\\/#primaryimage\"},\"image\":{\"@id\":\"https:\\\/\\\/webdelmaestrocmf.com\\\/portal\\\/fallece-maestra-de-historia-mientras-impartia-clases-en-una-secundaria-una-tragedia-que-conmueve-al-magisterio\\\/#primaryimage\"},\"thumbnailUrl\":\"https:\\\/\\\/webdelmaestrocmf.com\\\/portal\\\/wp-content\\\/uploads\\\/2025\\\/11\\\/Portada-articulos-1-1.jpg\",\"datePublished\":\"2025-11-05T22:54:14+00:00\",\"dateModified\":\"2025-11-05T23:18:29+00:00\",\"description\":\"Ciudad Valles, San Luis Potos\u00ed.\u2014 La comunidad educativa mexicana se encuentra de luto tras la repentina muerte de la maestra Yadira Lisbeth...\",\"breadcrumb\":{\"@id\":\"https:\\\/\\\/webdelmaestrocmf.com\\\/portal\\\/fallece-maestra-de-historia-mientras-impartia-clases-en-una-secundaria-una-tragedia-que-conmueve-al-magisterio\\\/#breadcrumb\"},\"inLanguage\":\"es\",\"potentialAction\":[{\"@type\":\"ReadAction\",\"target\":[\"https:\\\/\\\/webdelmaestrocmf.com\\\/portal\\\/fallece-maestra-de-historia-mientras-impartia-clases-en-una-secundaria-una-tragedia-que-conmueve-al-magisterio\\\/\"]}]},{\"@type\":\"ImageObject\",\"inLanguage\":\"es\",\"@id\":\"https:\\\/\\\/webdelmaestrocmf.com\\\/portal\\\/fallece-maestra-de-historia-mientras-impartia-clases-en-una-secundaria-una-tragedia-que-conmueve-al-magisterio\\\/#primaryimage\",\"url\":\"https:\\\/\\\/webdelmaestrocmf.com\\\/portal\\\/wp-content\\\/uploads\\\/2025\\\/11\\\/Portada-articulos-1-1.jpg\",\"contentUrl\":\"https:\\\/\\\/webdelmaestrocmf.com\\\/portal\\\/wp-content\\\/uploads\\\/2025\\\/11\\\/Portada-articulos-1-1.jpg\",\"width\":1000,\"height\":667},{\"@type\":\"BreadcrumbList\",\"@id\":\"https:\\\/\\\/webdelmaestrocmf.com\\\/portal\\\/fallece-maestra-de-historia-mientras-impartia-clases-en-una-secundaria-una-tragedia-que-conmueve-al-magisterio\\\/#breadcrumb\",\"itemListElement\":[{\"@type\":\"ListItem\",\"position\":1,\"name\":\"Portada\",\"item\":\"https:\\\/\\\/webdelmaestrocmf.com\\\/portal\\\/\"},{\"@type\":\"ListItem\",\"position\":2,\"name\":\"Noticias Internacionales\",\"item\":\"https:\\\/\\\/webdelmaestrocmf.com\\\/portal\\\/category\\\/noticias-internacionales\\\/\"},{\"@type\":\"ListItem\",\"position\":3,\"name\":\"Fallece maestra de historia mientras impart\u00eda clases en una secundaria: una tragedia que conmueve al magisterio\"}]},{\"@type\":\"WebSite\",\"@id\":\"https:\\\/\\\/webdelmaestrocmf.com\\\/portal\\\/#website\",\"url\":\"https:\\\/\\\/webdelmaestrocmf.com\\\/portal\\\/\",\"name\":\"Web del Maestro CMF\",\"description\":\"Maestros al servicio de la educaci\u00f3n\",\"publisher\":{\"@id\":\"https:\\\/\\\/webdelmaestrocmf.com\\\/portal\\\/#organization\"},\"alternateName\":\"WMCMF\",\"potentialAction\":[{\"@type\":\"SearchAction\",\"target\":{\"@type\":\"EntryPoint\",\"urlTemplate\":\"https:\\\/\\\/webdelmaestrocmf.com\\\/portal\\\/?s={search_term_string}\"},\"query-input\":{\"@type\":\"PropertyValueSpecification\",\"valueRequired\":true,\"valueName\":\"search_term_string\"}}],\"inLanguage\":\"es\"},{\"@type\":\"Organization\",\"@id\":\"https:\\\/\\\/webdelmaestrocmf.com\\\/portal\\\/#organization\",\"name\":\"Web del Maestro CMF\",\"alternateName\":\"WMCMF\",\"url\":\"https:\\\/\\\/webdelmaestrocmf.com\\\/portal\\\/\",\"logo\":{\"@type\":\"ImageObject\",\"inLanguage\":\"es\",\"@id\":\"https:\\\/\\\/webdelmaestrocmf.com\\\/portal\\\/#\\\/schema\\\/logo\\\/image\\\/\",\"url\":\"https:\\\/\\\/webdelmaestrocmf.com\\\/portal\\\/wp-content\\\/uploads\\\/2023\\\/01\\\/logo-wmcmf-2.png\",\"contentUrl\":\"https:\\\/\\\/webdelmaestrocmf.com\\\/portal\\\/wp-content\\\/uploads\\\/2023\\\/01\\\/logo-wmcmf-2.png\",\"width\":200,\"height\":60,\"caption\":\"Web del Maestro CMF\"},\"image\":{\"@id\":\"https:\\\/\\\/webdelmaestrocmf.com\\\/portal\\\/#\\\/schema\\\/logo\\\/image\\\/\"},\"sameAs\":[\"https:\\\/\\\/www.facebook.com\\\/WebdelMaestroCMF\\\/\",\"https:\\\/\\\/x.com\\\/cmf_w\",\"https:\\\/\\\/www.pinterest.com\\\/WMCMF\\\/\",\"https:\\\/\\\/www.linkedin.com\\\/company\\\/web-del-maestro-cmf\\\/\",\"https:\\\/\\\/www.instagram.com\\\/wmcmf\\\/\",\"https:\\\/\\\/www.youtube.com\\\/channel\\\/UCDPSvjbdodE5sHnC3OxutHw\",\"https:\\\/\\\/mastodon.social\\\/@wmcmf\",\"https:\\\/\\\/www.tiktok.com\\\/@webdelmaestrocmf\"]},{\"@type\":\"Person\",\"@id\":\"https:\\\/\\\/webdelmaestrocmf.com\\\/portal\\\/#\\\/schema\\\/person\\\/1072a2ed7bd960df8ef99a551fa35dc5\",\"name\":\"Web del Maestro CMF\",\"image\":{\"@type\":\"ImageObject\",\"inLanguage\":\"es\",\"@id\":\"https:\\\/\\\/secure.gravatar.com\\\/avatar\\\/23291dd5b5ae1077dcff3dbb04c3e02bd28403fa75af6d8787d5e97c5bbbe30b?s=96&d=mm&r=g\",\"url\":\"https:\\\/\\\/secure.gravatar.com\\\/avatar\\\/23291dd5b5ae1077dcff3dbb04c3e02bd28403fa75af6d8787d5e97c5bbbe30b?s=96&d=mm&r=g\",\"contentUrl\":\"https:\\\/\\\/secure.gravatar.com\\\/avatar\\\/23291dd5b5ae1077dcff3dbb04c3e02bd28403fa75af6d8787d5e97c5bbbe30b?s=96&d=mm&r=g\",\"caption\":\"Web del Maestro CMF\"},\"description\":\"Esta Web se cre\u00f3 sin fines de lucro, con fines educativos, cient\u00edficos y acad\u00e9micos, para personas que tengan dificultades y\\\/o inconvenientes en visualizar el material original. El objetivo es entregar recursos, compartir experiencias y materiales que ayuden a los padres de familia, maestros y estudiantes en su actualizaci\u00f3n y formaci\u00f3n permanente, en bien de la Educaci\u00f3n.\",\"sameAs\":[\"http:\\\/\\\/webdelmaestrocmf.com\\\/portal\",\"https:\\\/\\\/www.facebook.com\\\/WebdelMaestroCMF\\\/\",\"https:\\\/\\\/www.instagram.com\\\/wmcmf\\\/\",\"https:\\\/\\\/cl.linkedin.com\\\/company\\\/web-del-maestro-cmf\",\"https:\\\/\\\/www.pinterest.com\\\/WMCMF\\\/publicaciones\\\/\",\"https:\\\/\\\/x.com\\\/cmf_w\",\"https:\\\/\\\/www.youtube.com\\\/@WMCMF\"]}]}<\/script>\n<!-- \/ Yoast SEO plugin. -->","yoast_head_json":{"title":"Fallece maestra de historia mientras impart\u00eda clases en una secundaria: una tragedia que conmueve al magisterio - 2026","description":"Ciudad Valles, San Luis Potos\u00ed.\u2014 La comunidad educativa mexicana se encuentra de luto tras la repentina muerte de la maestra Yadira Lisbeth...","robots":{"index":"index","follow":"follow","max-snippet":"max-snippet:-1","max-image-preview":"max-image-preview:large","max-video-preview":"max-video-preview:-1"},"canonical":"https:\/\/webdelmaestrocmf.com\/portal\/fallece-maestra-de-historia-mientras-impartia-clases-en-una-secundaria-una-tragedia-que-conmueve-al-magisterio\/","og_locale":"es_ES","og_type":"article","og_title":"Fallece maestra de historia mientras impart\u00eda clases en una secundaria: una tragedia que conmueve al magisterio - 2026","og_description":"Ciudad Valles, San Luis Potos\u00ed.\u2014 La comunidad educativa mexicana se encuentra de luto tras la repentina muerte de la maestra Yadira Lisbeth...","og_url":"https:\/\/webdelmaestrocmf.com\/portal\/fallece-maestra-de-historia-mientras-impartia-clases-en-una-secundaria-una-tragedia-que-conmueve-al-magisterio\/","og_site_name":"Web del Maestro CMF","article_publisher":"https:\/\/www.facebook.com\/WebdelMaestroCMF\/","article_author":"https:\/\/www.facebook.com\/WebdelMaestroCMF\/","article_published_time":"2025-11-05T22:54:14+00:00","article_modified_time":"2025-11-05T23:18:29+00:00","og_image":[{"width":1000,"height":667,"url":"https:\/\/webdelmaestrocmf.com\/portal\/wp-content\/uploads\/2025\/11\/Portada-articulos-1-1.jpg","type":"image\/jpeg"}],"author":"Web del Maestro CMF","twitter_card":"summary_large_image","twitter_creator":"@cmf_w","twitter_site":"@cmf_w","twitter_misc":{"Escrito por":"Web del Maestro CMF","Tiempo de lectura":"3 minutos"},"schema":{"@context":"https:\/\/schema.org","@graph":[{"@type":"ScholarlyArticle","@id":"https:\/\/webdelmaestrocmf.com\/portal\/fallece-maestra-de-historia-mientras-impartia-clases-en-una-secundaria-una-tragedia-que-conmueve-al-magisterio\/#article","isPartOf":{"@id":"https:\/\/webdelmaestrocmf.com\/portal\/fallece-maestra-de-historia-mientras-impartia-clases-en-una-secundaria-una-tragedia-que-conmueve-al-magisterio\/"},"author":{"name":"Web del Maestro CMF","@id":"https:\/\/webdelmaestrocmf.com\/portal\/#\/schema\/person\/1072a2ed7bd960df8ef99a551fa35dc5"},"headline":"Fallece maestra de historia mientras impart\u00eda clases en una secundaria: una tragedia que conmueve al magisterio","datePublished":"2025-11-05T22:54:14+00:00","dateModified":"2025-11-05T23:18:29+00:00","mainEntityOfPage":{"@id":"https:\/\/webdelmaestrocmf.com\/portal\/fallece-maestra-de-historia-mientras-impartia-clases-en-una-secundaria-una-tragedia-que-conmueve-al-magisterio\/"},"wordCount":764,"commentCount":0,"publisher":{"@id":"https:\/\/webdelmaestrocmf.com\/portal\/#organization"},"image":{"@id":"https:\/\/webdelmaestrocmf.com\/portal\/fallece-maestra-de-historia-mientras-impartia-clases-en-una-secundaria-una-tragedia-que-conmueve-al-magisterio\/#primaryimage"},"thumbnailUrl":"https:\/\/webdelmaestrocmf.com\/portal\/wp-content\/uploads\/2025\/11\/Portada-articulos-1-1.jpg","keywords":["clases","Fallece","HISTORIA","MAESTRA"],"articleSection":["Noticias Internacionales"],"inLanguage":"es","potentialAction":[{"@type":"CommentAction","name":"Comment","target":["https:\/\/webdelmaestrocmf.com\/portal\/fallece-maestra-de-historia-mientras-impartia-clases-en-una-secundaria-una-tragedia-que-conmueve-al-magisterio\/#respond"]}]},{"@type":"WebPage","@id":"https:\/\/webdelmaestrocmf.com\/portal\/fallece-maestra-de-historia-mientras-impartia-clases-en-una-secundaria-una-tragedia-que-conmueve-al-magisterio\/","url":"https:\/\/webdelmaestrocmf.com\/portal\/fallece-maestra-de-historia-mientras-impartia-clases-en-una-secundaria-una-tragedia-que-conmueve-al-magisterio\/","name":"Fallece maestra de historia mientras impart\u00eda clases en una secundaria: una tragedia que conmueve al magisterio - 2026","isPartOf":{"@id":"https:\/\/webdelmaestrocmf.com\/portal\/#website"},"primaryImageOfPage":{"@id":"https:\/\/webdelmaestrocmf.com\/portal\/fallece-maestra-de-historia-mientras-impartia-clases-en-una-secundaria-una-tragedia-que-conmueve-al-magisterio\/#primaryimage"},"image":{"@id":"https:\/\/webdelmaestrocmf.com\/portal\/fallece-maestra-de-historia-mientras-impartia-clases-en-una-secundaria-una-tragedia-que-conmueve-al-magisterio\/#primaryimage"},"thumbnailUrl":"https:\/\/webdelmaestrocmf.com\/portal\/wp-content\/uploads\/2025\/11\/Portada-articulos-1-1.jpg","datePublished":"2025-11-05T22:54:14+00:00","dateModified":"2025-11-05T23:18:29+00:00","description":"Ciudad Valles, San Luis Potos\u00ed.\u2014 La comunidad educativa mexicana se encuentra de luto tras la repentina muerte de la maestra Yadira Lisbeth...","breadcrumb":{"@id":"https:\/\/webdelmaestrocmf.com\/portal\/fallece-maestra-de-historia-mientras-impartia-clases-en-una-secundaria-una-tragedia-que-conmueve-al-magisterio\/#breadcrumb"},"inLanguage":"es","potentialAction":[{"@type":"ReadAction","target":["https:\/\/webdelmaestrocmf.com\/portal\/fallece-maestra-de-historia-mientras-impartia-clases-en-una-secundaria-una-tragedia-que-conmueve-al-magisterio\/"]}]},{"@type":"ImageObject","inLanguage":"es","@id":"https:\/\/webdelmaestrocmf.com\/portal\/fallece-maestra-de-historia-mientras-impartia-clases-en-una-secundaria-una-tragedia-que-conmueve-al-magisterio\/#primaryimage","url":"https:\/\/webdelmaestrocmf.com\/portal\/wp-content\/uploads\/2025\/11\/Portada-articulos-1-1.jpg","contentUrl":"https:\/\/webdelmaestrocmf.com\/portal\/wp-content\/uploads\/2025\/11\/Portada-articulos-1-1.jpg","width":1000,"height":667},{"@type":"BreadcrumbList","@id":"https:\/\/webdelmaestrocmf.com\/portal\/fallece-maestra-de-historia-mientras-impartia-clases-en-una-secundaria-una-tragedia-que-conmueve-al-magisterio\/#breadcrumb","itemListElement":[{"@type":"ListItem","position":1,"name":"Portada","item":"https:\/\/webdelmaestrocmf.com\/portal\/"},{"@type":"ListItem","position":2,"name":"Noticias Internacionales","item":"https:\/\/webdelmaestrocmf.com\/portal\/category\/noticias-internacionales\/"},{"@type":"ListItem","position":3,"name":"Fallece maestra de historia mientras impart\u00eda clases en una secundaria: una tragedia que conmueve al magisterio"}]},{"@type":"WebSite","@id":"https:\/\/webdelmaestrocmf.com\/portal\/#website","url":"https:\/\/webdelmaestrocmf.com\/portal\/","name":"Web del Maestro CMF","description":"Maestros al servicio de la educaci\u00f3n","publisher":{"@id":"https:\/\/webdelmaestrocmf.com\/portal\/#organization"},"alternateName":"WMCMF","potentialAction":[{"@type":"SearchAction","target":{"@type":"EntryPoint","urlTemplate":"https:\/\/webdelmaestrocmf.com\/portal\/?s={search_term_string}"},"query-input":{"@type":"PropertyValueSpecification","valueRequired":true,"valueName":"search_term_string"}}],"inLanguage":"es"},{"@type":"Organization","@id":"https:\/\/webdelmaestrocmf.com\/portal\/#organization","name":"Web del Maestro CMF","alternateName":"WMCMF","url":"https:\/\/webdelmaestrocmf.com\/portal\/","logo":{"@type":"ImageObject","inLanguage":"es","@id":"https:\/\/webdelmaestrocmf.com\/portal\/#\/schema\/logo\/image\/","url":"https:\/\/webdelmaestrocmf.com\/portal\/wp-content\/uploads\/2023\/01\/logo-wmcmf-2.png","contentUrl":"https:\/\/webdelmaestrocmf.com\/portal\/wp-content\/uploads\/2023\/01\/logo-wmcmf-2.png","width":200,"height":60,"caption":"Web del Maestro CMF"},"image":{"@id":"https:\/\/webdelmaestrocmf.com\/portal\/#\/schema\/logo\/image\/"},"sameAs":["https:\/\/www.facebook.com\/WebdelMaestroCMF\/","https:\/\/x.com\/cmf_w","https:\/\/www.pinterest.com\/WMCMF\/","https:\/\/www.linkedin.com\/company\/web-del-maestro-cmf\/","https:\/\/www.instagram.com\/wmcmf\/","https:\/\/www.youtube.com\/channel\/UCDPSvjbdodE5sHnC3OxutHw","https:\/\/mastodon.social\/@wmcmf","https:\/\/www.tiktok.com\/@webdelmaestrocmf"]},{"@type":"Person","@id":"https:\/\/webdelmaestrocmf.com\/portal\/#\/schema\/person\/1072a2ed7bd960df8ef99a551fa35dc5","name":"Web del Maestro CMF","image":{"@type":"ImageObject","inLanguage":"es","@id":"https:\/\/secure.gravatar.com\/avatar\/23291dd5b5ae1077dcff3dbb04c3e02bd28403fa75af6d8787d5e97c5bbbe30b?s=96&d=mm&r=g","url":"https:\/\/secure.gravatar.com\/avatar\/23291dd5b5ae1077dcff3dbb04c3e02bd28403fa75af6d8787d5e97c5bbbe30b?s=96&d=mm&r=g","contentUrl":"https:\/\/secure.gravatar.com\/avatar\/23291dd5b5ae1077dcff3dbb04c3e02bd28403fa75af6d8787d5e97c5bbbe30b?s=96&d=mm&r=g","caption":"Web del Maestro CMF"},"description":"Esta Web se cre\u00f3 sin fines de lucro, con fines educativos, cient\u00edficos y acad\u00e9micos, para personas que tengan dificultades y\/o inconvenientes en visualizar el material original. El objetivo es entregar recursos, compartir experiencias y materiales que ayuden a los padres de familia, maestros y estudiantes en su actualizaci\u00f3n y formaci\u00f3n permanente, en bien de la Educaci\u00f3n.","sameAs":["http:\/\/webdelmaestrocmf.com\/portal","https:\/\/www.facebook.com\/WebdelMaestroCMF\/","https:\/\/www.instagram.com\/wmcmf\/","https:\/\/cl.linkedin.com\/company\/web-del-maestro-cmf","https:\/\/www.pinterest.com\/WMCMF\/publicaciones\/","https:\/\/x.com\/cmf_w","https:\/\/www.youtube.com\/@WMCMF"]}]}},"jetpack_featured_media_url":"https:\/\/webdelmaestrocmf.com\/portal\/wp-content\/uploads\/2025\/11\/Portada-articulos-1-1.jpg","jetpack_sharing_enabled":true,"jetpack-related-posts":[{"id":109290,"url":"https:\/\/webdelmaestrocmf.com\/portal\/fallece-maestro-mientras-impartia-clases-de-matematica-en-secundaria\/","url_meta":{"origin":113189,"position":0},"title":"Fallece maestro mientras impart\u00eda clases de matem\u00e1tica en secundaria","author":"Web del Maestro CMF","date":"9 junio, 2025","format":false,"excerpt":"Un hecho conmocion\u00f3 a la comunidad educativa del municipio de Matamoros, Tamaulipas, este mi\u00e9rcoles 5 de junio, cuando el profesor Sergio Trevi\u00f1o Coronado, de 58 a\u00f1os, perdi\u00f3 la vida durante su jornada laboral en la Escuela Secundaria T\u00e9cnica No. 15 \u201cEmiliano Zapata\u201d, ubicada en el ejido La Venada, al oriente\u2026","rel":"","context":"En \u00abNoticias Internacionales\u00bb","block_context":{"text":"Noticias Internacionales","link":"https:\/\/webdelmaestrocmf.com\/portal\/category\/noticias-internacionales\/"},"img":{"alt_text":"","src":"https:\/\/i0.wp.com\/webdelmaestrocmf.com\/portal\/wp-content\/uploads\/2025\/04\/luto.jpg?resize=350%2C200&ssl=1","width":350,"height":200,"srcset":"https:\/\/i0.wp.com\/webdelmaestrocmf.com\/portal\/wp-content\/uploads\/2025\/04\/luto.jpg?resize=350%2C200&ssl=1 1x, https:\/\/i0.wp.com\/webdelmaestrocmf.com\/portal\/wp-content\/uploads\/2025\/04\/luto.jpg?resize=525%2C300&ssl=1 1.5x, https:\/\/i0.wp.com\/webdelmaestrocmf.com\/portal\/wp-content\/uploads\/2025\/04\/luto.jpg?resize=700%2C400&ssl=1 2x"},"classes":[]},{"id":116706,"url":"https:\/\/webdelmaestrocmf.com\/portal\/docentes-mueren-en-pleno-ejercicio-laboral-el-desgaste-invisible-que-el-sistema-sigue-ignorando\/","url_meta":{"origin":113189,"position":1},"title":"Docentes mueren en pleno ejercicio laboral: el desgaste invisible que el sistema sigue ignorando","author":"Web del Maestro CMF","date":"20 marzo, 2026","format":false,"excerpt":"Dos docentes fallecen en plena jornada laboral, evidenciando el impacto del estr\u00e9s y la sobrecarga. El desgaste docente ya no es invisible: es urgente atender la salud f\u00edsica y emocional.","rel":"","context":"En \u00abNoticias Internacionales\u00bb","block_context":{"text":"Noticias Internacionales","link":"https:\/\/webdelmaestrocmf.com\/portal\/category\/noticias-internacionales\/"},"img":{"alt_text":"","src":"https:\/\/i0.wp.com\/webdelmaestrocmf.com\/portal\/wp-content\/uploads\/2026\/03\/1AA-Banner-1-portada-imagen-10-1-copia-2-6.webp?resize=350%2C200&ssl=1","width":350,"height":200,"srcset":"https:\/\/i0.wp.com\/webdelmaestrocmf.com\/portal\/wp-content\/uploads\/2026\/03\/1AA-Banner-1-portada-imagen-10-1-copia-2-6.webp?resize=350%2C200&ssl=1 1x, https:\/\/i0.wp.com\/webdelmaestrocmf.com\/portal\/wp-content\/uploads\/2026\/03\/1AA-Banner-1-portada-imagen-10-1-copia-2-6.webp?resize=525%2C300&ssl=1 1.5x, https:\/\/i0.wp.com\/webdelmaestrocmf.com\/portal\/wp-content\/uploads\/2026\/03\/1AA-Banner-1-portada-imagen-10-1-copia-2-6.webp?resize=700%2C400&ssl=1 2x, https:\/\/i0.wp.com\/webdelmaestrocmf.com\/portal\/wp-content\/uploads\/2026\/03\/1AA-Banner-1-portada-imagen-10-1-copia-2-6.webp?resize=1050%2C600&ssl=1 3x"},"classes":[]},{"id":111134,"url":"https:\/\/webdelmaestrocmf.com\/portal\/fallece-maestra-durante-un-acto-civico-el-precio-invisible-del-desgaste-docente\/","url_meta":{"origin":113189,"position":2},"title":"Fallece maestra durante un acto c\u00edvico: el precio invisible del desgaste docente","author":"Web del Maestro CMF","date":"11 julio, 2025","format":false,"excerpt":"Ser docente hoy implica enfrentar una presi\u00f3n emocional, f\u00edsica y laboral que puede costar la salud e incluso la vida","rel":"","context":"En \u00abNoticias Internacionales\u00bb","block_context":{"text":"Noticias Internacionales","link":"https:\/\/webdelmaestrocmf.com\/portal\/category\/noticias-internacionales\/"},"img":{"alt_text":"","src":"https:\/\/i0.wp.com\/webdelmaestrocmf.com\/portal\/wp-content\/uploads\/2025\/07\/1A-Banner-1-portada-imagen-10-1-copia-42.webp?resize=350%2C200&ssl=1","width":350,"height":200,"srcset":"https:\/\/i0.wp.com\/webdelmaestrocmf.com\/portal\/wp-content\/uploads\/2025\/07\/1A-Banner-1-portada-imagen-10-1-copia-42.webp?resize=350%2C200&ssl=1 1x, https:\/\/i0.wp.com\/webdelmaestrocmf.com\/portal\/wp-content\/uploads\/2025\/07\/1A-Banner-1-portada-imagen-10-1-copia-42.webp?resize=525%2C300&ssl=1 1.5x, https:\/\/i0.wp.com\/webdelmaestrocmf.com\/portal\/wp-content\/uploads\/2025\/07\/1A-Banner-1-portada-imagen-10-1-copia-42.webp?resize=700%2C400&ssl=1 2x"},"classes":[]},{"id":110712,"url":"https:\/\/webdelmaestrocmf.com\/portal\/maestro-de-secundaria-fallece-tras-balonazo-familia-denuncia-agresion-intencional-y-negligencia-medica\/","url_meta":{"origin":113189,"position":3},"title":"Maestro de secundaria fallece tras balonazo por parte de un alumno: familia denuncia agresi\u00f3n intencional y negligencia m\u00e9dica","author":"Web del Maestro CMF","date":"29 junio, 2025","format":false,"excerpt":"Profesor fallece tras recibir balonazo en la cabeza de un alumno; familia denuncia agresi\u00f3n previa y encubrimiento. Se\u00f1alan negligencia m\u00e9dica. Autoridades investigan mientras comunidad exige justicia, seguridad escolar y responsabilidades claras.","rel":"","context":"En \u00abNoticias Internacionales\u00bb","block_context":{"text":"Noticias Internacionales","link":"https:\/\/webdelmaestrocmf.com\/portal\/category\/noticias-internacionales\/"},"img":{"alt_text":"","src":"https:\/\/i0.wp.com\/webdelmaestrocmf.com\/portal\/wp-content\/uploads\/2025\/06\/1A-Banner-1-portada-imagen-10-1-copia-17.webp?resize=350%2C200&ssl=1","width":350,"height":200,"srcset":"https:\/\/i0.wp.com\/webdelmaestrocmf.com\/portal\/wp-content\/uploads\/2025\/06\/1A-Banner-1-portada-imagen-10-1-copia-17.webp?resize=350%2C200&ssl=1 1x, https:\/\/i0.wp.com\/webdelmaestrocmf.com\/portal\/wp-content\/uploads\/2025\/06\/1A-Banner-1-portada-imagen-10-1-copia-17.webp?resize=525%2C300&ssl=1 1.5x, https:\/\/i0.wp.com\/webdelmaestrocmf.com\/portal\/wp-content\/uploads\/2025\/06\/1A-Banner-1-portada-imagen-10-1-copia-17.webp?resize=700%2C400&ssl=1 2x"},"classes":[]},{"id":109302,"url":"https:\/\/webdelmaestrocmf.com\/portal\/docentes-bajo-amenaza-la-salud-del-magisterio-latinoamericano-en-crisis\/","url_meta":{"origin":113189,"position":4},"title":"Docentes bajo amenaza: la salud del magisterio latinoamericano en crisis","author":"Web del Maestro CMF","date":"9 junio, 2025","format":false,"excerpt":"En 2025, un informe regional encendi\u00f3 las alarmas: la salud del magisterio en Am\u00e9rica Latina est\u00e1 en crisis. Docentes de pa\u00edses como M\u00e9xico, Chile, Argentina, Colombia y Per\u00fa est\u00e1n enfrentando una creciente incidencia de enfermedades cr\u00f3nicas, un marcado envejecimiento laboral y graves fallas en los sistemas de salud que deber\u00edan\u2026","rel":"","context":"En \u00abNoticias Internacionales\u00bb","block_context":{"text":"Noticias Internacionales","link":"https:\/\/webdelmaestrocmf.com\/portal\/category\/noticias-internacionales\/"},"img":{"alt_text":"","src":"https:\/\/i0.wp.com\/webdelmaestrocmf.com\/portal\/wp-content\/uploads\/2025\/06\/1A-Banner-1-portada-imagen-10-1-28.jpg?resize=350%2C200&ssl=1","width":350,"height":200,"srcset":"https:\/\/i0.wp.com\/webdelmaestrocmf.com\/portal\/wp-content\/uploads\/2025\/06\/1A-Banner-1-portada-imagen-10-1-28.jpg?resize=350%2C200&ssl=1 1x, https:\/\/i0.wp.com\/webdelmaestrocmf.com\/portal\/wp-content\/uploads\/2025\/06\/1A-Banner-1-portada-imagen-10-1-28.jpg?resize=525%2C300&ssl=1 1.5x, https:\/\/i0.wp.com\/webdelmaestrocmf.com\/portal\/wp-content\/uploads\/2025\/06\/1A-Banner-1-portada-imagen-10-1-28.jpg?resize=700%2C400&ssl=1 2x"},"classes":[]},{"id":113760,"url":"https:\/\/webdelmaestrocmf.com\/portal\/tres-estudiantes-de-la-secundaria-tecnica-108-se-quitan-la-vida-en-menos-de-un-ano-padres-senalan-a-maestros-y-directivos\/","url_meta":{"origin":113189,"position":5},"title":"Tres estudiantes de la Secundaria T\u00e9cnica 108 se quitaron la vida en menos de un a\u00f1o: padres se\u00f1alan a maestros y directivos","author":"Web del Maestro CMF","date":"1 diciembre, 2025","format":false,"excerpt":"Padres acusan humillaciones, gritos y falta de apoyo emocional en la T\u00e9cnica 108, tras el suicidio de tres alumnos en menos de un a\u00f1o.","rel":"","context":"En \u00abNoticias Internacionales\u00bb","block_context":{"text":"Noticias Internacionales","link":"https:\/\/webdelmaestrocmf.com\/portal\/category\/noticias-internacionales\/"},"img":{"alt_text":"","src":"https:\/\/i0.wp.com\/webdelmaestrocmf.com\/portal\/wp-content\/uploads\/2025\/12\/1A-Banner-1-portada-imagen-10-1-copia-1.jpg?resize=350%2C200&ssl=1","width":350,"height":200,"srcset":"https:\/\/i0.wp.com\/webdelmaestrocmf.com\/portal\/wp-content\/uploads\/2025\/12\/1A-Banner-1-portada-imagen-10-1-copia-1.jpg?resize=350%2C200&ssl=1 1x, https:\/\/i0.wp.com\/webdelmaestrocmf.com\/portal\/wp-content\/uploads\/2025\/12\/1A-Banner-1-portada-imagen-10-1-copia-1.jpg?resize=525%2C300&ssl=1 1.5x, https:\/\/i0.wp.com\/webdelmaestrocmf.com\/portal\/wp-content\/uploads\/2025\/12\/1A-Banner-1-portada-imagen-10-1-copia-1.jpg?resize=700%2C400&ssl=1 2x"},"classes":[]}],"_links":{"self":[{"href":"https:\/\/webdelmaestrocmf.com\/portal\/wp-json\/wp\/v2\/posts\/113189","targetHints":{"allow":["GET"]}}],"collection":[{"href":"https:\/\/webdelmaestrocmf.com\/portal\/wp-json\/wp\/v2\/posts"}],"about":[{"href":"https:\/\/webdelmaestrocmf.com\/portal\/wp-json\/wp\/v2\/types\/post"}],"author":[{"embeddable":true,"href":"https:\/\/webdelmaestrocmf.com\/portal\/wp-json\/wp\/v2\/users\/1"}],"replies":[{"embeddable":true,"href":"https:\/\/webdelmaestrocmf.com\/portal\/wp-json\/wp\/v2\/comments?post=113189"}],"version-history":[{"count":2,"href":"https:\/\/webdelmaestrocmf.com\/portal\/wp-json\/wp\/v2\/posts\/113189\/revisions"}],"predecessor-version":[{"id":113193,"href":"https:\/\/webdelmaestrocmf.com\/portal\/wp-json\/wp\/v2\/posts\/113189\/revisions\/113193"}],"wp:featuredmedia":[{"embeddable":true,"href":"https:\/\/webdelmaestrocmf.com\/portal\/wp-json\/wp\/v2\/media\/113194"}],"wp:attachment":[{"href":"https:\/\/webdelmaestrocmf.com\/portal\/wp-json\/wp\/v2\/media?parent=113189"}],"wp:term":[{"taxonomy":"category","embeddable":true,"href":"https:\/\/webdelmaestrocmf.com\/portal\/wp-json\/wp\/v2\/categories?post=113189"},{"taxonomy":"post_tag","embeddable":true,"href":"https:\/\/webdelmaestrocmf.com\/portal\/wp-json\/wp\/v2\/tags?post=113189"}],"curies":[{"name":"wp","href":"https:\/\/api.w.org\/{rel}","templated":true}]}}