{"id":112697,"date":"2025-10-18T18:23:51","date_gmt":"2025-10-18T21:23:51","guid":{"rendered":"https:\/\/webdelmaestrocmf.com\/portal\/?p=112697"},"modified":"2025-10-19T19:42:17","modified_gmt":"2025-10-19T22:42:17","slug":"7-de-cada-10-jovenes-aprenden-educacion-sexual-fuera-del-aula","status":"publish","type":"post","link":"https:\/\/webdelmaestrocmf.com\/portal\/7-de-cada-10-jovenes-aprenden-educacion-sexual-fuera-del-aula\/","title":{"rendered":"7 de cada 10 j\u00f3venes aprenden educaci\u00f3n sexual fuera del aula"},"content":{"rendered":"\n<p><strong><em>Costa Rica.<\/em><\/strong> A inicios del curso lectivo 2025, el Ministerio de Educaci\u00f3n P\u00fablica (MEP) elimin\u00f3 los programas de Sexualidad y Afectividad Integral, vigentes desde 2013, argumentando que el \u201cenfoque era el erotismo\u201d y lo sustituy\u00f3 con el Programa de Estudio de Educaci\u00f3n para la Paz y la Convivencia que, seg\u00fan la cartera, incluye temas como la prevenci\u00f3n de embarazos en adolescentes y evitar infecciones de transmisi\u00f3n sexual.<\/p>\n\n\n\n<p>No obstante, una investigaci\u00f3n realizada por la Fundaci\u00f3n Paniamor revel\u00f3 que siete de cada diez adolescentes buscan respuestas sobre educaci\u00f3n sexual fuera de las aulas, lo que evidencia que el sistema educativo costarricense no est\u00e1 satisfaciendo esta necesidad formativa.<\/p>\n\n\n\n<p>Seg\u00fan el escrito, los adolescentes mencionaron que buscan la informaci\u00f3n en herramientas digitales como ChatGPT, pues \u201cles ofrecen respuestas sin prejuicios y con un tono cercano, aunque esa sensaci\u00f3n de acompa\u00f1amiento puede ser solo aparente\u201d.<\/p>\n\n\n\n<p>En cifras espec\u00edficas, un 19,5% de los encuestados indic\u00f3 que probablemente recurrir\u00eda a plataformas digitales como fuente de informaci\u00f3n, mientras que un 35,1% afirm\u00f3 que no acudir\u00eda a nadie.<\/p>\n\n\n\n<figure data-wp-context=\"{&quot;imageId&quot;:&quot;69ee98a40f89c&quot;}\" data-wp-interactive=\"core\/image\" data-wp-key=\"69ee98a40f89c\" class=\"wp-block-image wp-lightbox-container\"><img decoding=\"async\" data-wp-class--hide=\"state.isContentHidden\" data-wp-class--show=\"state.isContentVisible\" data-wp-init=\"callbacks.setButtonStyles\" data-wp-on--click=\"actions.showLightbox\" data-wp-on--load=\"callbacks.setButtonStyles\" data-wp-on-window--resize=\"callbacks.setButtonStyles\" src=\"https:\/\/gxtra-cr-dxtra.cdn.mediatiquepress.com\/wp-content\/uploads\/2025\/10\/RECOMENDACIONES-800x336.jpg\" alt=\"\" class=\"wp-image-1310124\"\/><button\n\t\t\tclass=\"lightbox-trigger\"\n\t\t\ttype=\"button\"\n\t\t\taria-haspopup=\"dialog\"\n\t\t\taria-label=\"Agrandar\"\n\t\t\tdata-wp-init=\"callbacks.initTriggerButton\"\n\t\t\tdata-wp-on--click=\"actions.showLightbox\"\n\t\t\tdata-wp-style--right=\"state.imageButtonRight\"\n\t\t\tdata-wp-style--top=\"state.imageButtonTop\"\n\t\t>\n\t\t\t<svg xmlns=\"http:\/\/www.w3.org\/2000\/svg\" width=\"12\" height=\"12\" fill=\"none\" viewBox=\"0 0 12 12\">\n\t\t\t\t<path fill=\"#fff\" d=\"M2 0a2 2 0 0 0-2 2v2h1.5V2a.5.5 0 0 1 .5-.5h2V0H2Zm2 10.5H2a.5.5 0 0 1-.5-.5V8H0v2a2 2 0 0 0 2 2h2v-1.5ZM8 12v-1.5h2a.5.5 0 0 0 .5-.5V8H12v2a2 2 0 0 1-2 2H8Zm2-12a2 2 0 0 1 2 2v2h-1.5V2a.5.5 0 0 0-.5-.5H8V0h2Z\" \/>\n\t\t\t<\/svg>\n\t\t<\/button><\/figure>\n\n\n\n<p>El estudio tambi\u00e9n revel\u00f3 que uno de cada cuatro adolescentes asegur\u00f3 no haber recibido nunca educaci\u00f3n sexual integral en su centro educativo.<\/p>\n\n\n\n<blockquote class=\"wp-block-quote is-layout-flow wp-block-quote-is-layout-flow\">\n<p class=\"has-text-align-center\">\u201cCasi la mitad de los participantes se\u00f1ala que la recibi\u00f3 en el pasado, pero ya no se imparte actualmente. Solo una quinta parte dice estar recibi\u00e9ndola hoy, principalmente desde un enfoque biol\u00f3gico, vinculado a la materia de Ciencias o Biolog\u00eda\u201d, detalla el informe.<\/p>\n<\/blockquote>\n\n\n\n<p>Es decir, el 75% de los adolescentes no recibe educaci\u00f3n sexual integral dentro de las aulas, pese a los m\u00faltiples argumentos expuestos por la cartera educativa.<\/p>\n\n\n\n<p>Por \u00faltimo, el informe detalla un amplio desconocimiento entre las personas adolescentes sobre sus derechos en salud sexual y reproductiva. Espec\u00edficamente, seis de cada diez (60%) no los conocen.<\/p>\n\n\n\n<h2 class=\"wp-block-heading\"><strong>Lo hab\u00edan advertido<\/strong><\/h2>\n\n\n\n<p>El D\u00e9cimo Informe del Estado de la Educaci\u00f3n advirti\u00f3 que el actual programa en los centros educativos no representa una sustituci\u00f3n equivalente.<\/p>\n\n\n\n<blockquote class=\"wp-block-quote is-layout-flow wp-block-quote-is-layout-flow\">\n<p class=\"has-text-align-center\">\u201cLa educaci\u00f3n sexual aparece mencionada de forma marginal dentro de un \u00e1rea transversal, sin desarrollo tem\u00e1tico ni progresi\u00f3n curricular. De sus 85 contenidos, apenas dos se relacionan con la tem\u00e1tica. Esto evidencia una reducci\u00f3n sustantiva del tratamiento del tema y un retroceso en su abordaje pedag\u00f3gico\u201d, enfatizan los investigadores.<\/p>\n<\/blockquote>\n\n\n\n<p>El informe destaca que estas decisiones fueron tomadas sin alg\u00fan sustento t\u00e9cnico por parte del Consejo Superior de Educaci\u00f3n (CSE), lo cual, aseguran que, constituyen una vulneraci\u00f3n del principio de progresividad en materia de derechos humanos.<\/p>\n\n\n\n<blockquote class=\"wp-block-quote is-layout-flow wp-block-quote-is-layout-flow\">\n<p class=\"has-text-align-center\">\u201cSe produjo un quiebre en esta l\u00ednea de actuaci\u00f3n que marc\u00f3 un retroceso en el desarrollo curricular y el abandono de un enfoque integral que articulaba dimensiones biol\u00f3gicas, afectivas, sociales y \u00e9ticas de la sexualidad, alineado con las recomendaciones de la Organizaci\u00f3n Mundial de la Salud\u201d.<\/p>\n<\/blockquote>\n\n\n\n<p>Adem\u00e1s, la Defensor\u00eda de los Habitantes en mayo anterior emiti\u00f3 un informe con recomendaciones al MEP como revertir decisi\u00f3n de eliminaci\u00f3n del programa, pues lo califican como \u201cun retroceso en la garant\u00eda de los derechos de la ni\u00f1ez y la adolescencia\u201d.<\/p>\n\n\n\n<h2 class=\"wp-block-heading\"><strong>\u201cEs un retroceso\u201d<\/strong><\/h2>\n\n\n\n<p>Diario Extra convers\u00f3 con Gabriela Garro, psic\u00f3loga infanto-juvenil, para conocer su perspectiva profesional. La experta calific\u00f3 la limitada cobertura en educaci\u00f3n sexual como algo negativo.<\/p>\n\n\n\n<blockquote class=\"wp-block-quote is-layout-flow wp-block-quote-is-layout-flow\">\n<p class=\"has-text-align-center\">\u201cEs un retroceso y una situaci\u00f3n de alt\u00edsimo riesgo para la salud integral de las personas adolescentes, no solo por la falta de acceso a la informaci\u00f3n y formaci\u00f3n en educaci\u00f3n sexual y afectiva, sino porque esa ausencia afecta la salud f\u00edsica, emocional y el desarrollo de v\u00ednculos sanos\u201d, expres\u00f3 Garro.<\/p>\n<\/blockquote>\n\n\n\n<p>Mencion\u00f3 que, al suprimir estos espacios de formaci\u00f3n y di\u00e1logo, se est\u00e1n dejando vac\u00edos que m\u00e1s adelante se reflejar\u00e1n en la vida adulta: en c\u00f3mo se construyen las relaciones de pareja, en la forma de resolver conflictos, e incluso en la manera de criar a los hijos.<\/p>\n\n\n\n<p>Como explic\u00f3 Garro, cuando una persona no ha trabajado sus habilidades socioemocionales ni la manera en que se vincula con los dem\u00e1s, dif\u00edcilmente sabr\u00e1 desenvolverse de forma sana en la vida adulta.<\/p>\n\n\n\n<p>Adem\u00e1s, la experta record\u00f3 que la educaci\u00f3n sexual no se reduce a lo \u201ccoital\u201d, sino que involucra temas como la comunicaci\u00f3n, la afectividad, el autoconocimiento, la toma de decisiones y la gesti\u00f3n emocional.<\/p>\n\n\n\n<blockquote class=\"wp-block-quote has-text-align-center is-layout-flow wp-block-quote-is-layout-flow\">\n<p>\u201cSe est\u00e1 dejando de lado es un acompa\u00f1amiento integral en una etapa que, por las caracter\u00edsticas de cambio y de transici\u00f3n que tiene, aumenta la vulnerabilidad y requiere de apoyos espec\u00edficos para que se constituyan en el cerebro las redes neuronales que necesitamos para la adultez\u201d. <br><strong>Gabriela Garro<\/strong>. <strong>Psic\u00f3loga infanto-juvenil<\/strong><\/p>\n<\/blockquote>\n\n\n\n<p>Redacci\u00f3n | <a href=\"https:\/\/www.diarioextra.com\/noticia\/7-de-cada-10-jovenes-aprenden-educacion-sexual-fuera-del-aula\/\" target=\"_blank\" rel=\"noreferrer noopener\">El Extra | Andr\u00e9s Vargas Calvo<\/a><\/p>\n\n\n\t\t<div class=\"pk-inline-posts\">\n\t\t\t\n\t\t\t<div class=\"pk-inline-posts-container pk-inline-posts-template-list\"\n\t\t\t\tdata-columns=\"1\">\n\t\t\t\t\t\t<article id=\"post-118337\" class=\"post-118337 post type-post status-publish format-standard has-post-thumbnail category-noticias-internacionales tag-aprendizaje tag-crianza-responsable tag-desarrollo-infantil tag-docentes tag-educacion-digital-2 tag-inteligencia-artificial tag-neuroeducacion-2 tag-pantallas-en-ninos tag-salud-mental-infantil tag-tecnologia-en-educacion cs-entry cs-video-wrap\">\n\t\t\t<div class=\"pk-post-outer\">\n\n\t\t\t\t\t\t\t\t<div class=\"pk-post-inner\">\n\t\t\t\t\t<div class=\"entry-thumbnail\">\n\t\t\t\t\t\t<div class=\"pk-overlay pk-overlay-ratio pk-ratio-landscape\">\n\t\t\t\t\t\t\t<div class=\"pk-overlay-background\">\n\t\t\t\t\t\t\t\t<a href=\"https:\/\/webdelmaestrocmf.com\/portal\/sociedades-medicas-advierten-con-contundencia-es-el-mayor-hackeo-cerebral-de-la-historia-hay-una-epidemia-de-entontecimiento-masivo-por-las-pantallas\/\" class=\"pk-overlay-link\">\n\t\t\t\t\t\t\t\t\t<img loading=\"lazy\" decoding=\"async\" width=\"300\" height=\"225\" src=\"https:\/\/webdelmaestrocmf.com\/portal\/wp-content\/uploads\/2026\/04\/1AA-Banner-1-portada-imagen-10-1-copia-7-4-300x225.webp\" class=\"attachment-pk-thumbnail size-pk-thumbnail wp-post-image\" alt=\"\" \/>\t\t\t\t\t\t\t\t<\/a>\n\t\t\t\t\t\t\t<\/div>\n\t\t\t\t\t\t<\/div>\n\t\t\t\t\t<\/div>\n\t\t\t\t<\/div>\n\t\t\t\t\n\t\t\t\t<div class=\"pk-post-inner\">\n\t\t\t\t\t<header>\n\t\t\t\t\t\t<h3 class=\"pk-title\"><a href=\"https:\/\/webdelmaestrocmf.com\/portal\/sociedades-medicas-advierten-con-contundencia-es-el-mayor-hackeo-cerebral-de-la-historia-hay-una-epidemia-de-entontecimiento-masivo-por-las-pantallas\/\" rel=\"bookmark\">Sociedades m\u00e9dicas advierten con contundencia: \u00abEs el mayor hackeo cerebral de la historia\u00bb. \u00abHay una epidemia de entontecimiento masivo por las pantallas\u00bb<\/a><\/h3>\t\t\t\t\t<\/header><!-- .entry-header -->\n\t\t\t\t<\/div><!-- .post-inner -->\n\n\t\t\t<\/div><!-- .post-outer -->\n\t\t<\/article>\n\t\t\t<article id=\"post-118307\" class=\"post-118307 post type-post status-publish format-standard has-post-thumbnail category-noticias-internacionales tag-actualidad tag-atentado tag-crisis tag-eventos tag-liderazgo tag-politica-3 tag-riesgo tag-seguridad tag-violencia cs-entry cs-video-wrap\">\n\t\t\t<div class=\"pk-post-outer\">\n\n\t\t\t\t\t\t\t\t<div class=\"pk-post-inner\">\n\t\t\t\t\t<div class=\"entry-thumbnail\">\n\t\t\t\t\t\t<div class=\"pk-overlay pk-overlay-ratio pk-ratio-landscape\">\n\t\t\t\t\t\t\t<div class=\"pk-overlay-background\">\n\t\t\t\t\t\t\t\t<a href=\"https:\/\/webdelmaestrocmf.com\/portal\/ultimo-momento-trump-evacuado-de-la-cena-de-corresponsales-de-la-casa-blanca-por-un-intento-de-atentado\/\" class=\"pk-overlay-link\">\n\t\t\t\t\t\t\t\t\t<img loading=\"lazy\" decoding=\"async\" width=\"300\" height=\"225\" src=\"https:\/\/webdelmaestrocmf.com\/portal\/wp-content\/uploads\/2026\/04\/1AA-Banner-1-portada-imagen-10-1-copia-5-4-300x225.webp\" class=\"attachment-pk-thumbnail size-pk-thumbnail wp-post-image\" alt=\"\" \/>\t\t\t\t\t\t\t\t<\/a>\n\t\t\t\t\t\t\t<\/div>\n\t\t\t\t\t\t<\/div>\n\t\t\t\t\t<\/div>\n\t\t\t\t<\/div>\n\t\t\t\t\n\t\t\t\t<div class=\"pk-post-inner\">\n\t\t\t\t\t<header>\n\t\t\t\t\t\t<h3 class=\"pk-title\"><a href=\"https:\/\/webdelmaestrocmf.com\/portal\/ultimo-momento-trump-evacuado-de-la-cena-de-corresponsales-de-la-casa-blanca-por-un-intento-de-atentado\/\" rel=\"bookmark\">\u00daltimo momento: Trump, evacuado de la Cena de Corresponsales de la Casa Blanca por un intento de atentado<\/a><\/h3>\t\t\t\t\t<\/header><!-- .entry-header -->\n\t\t\t\t<\/div><!-- .post-inner -->\n\n\t\t\t<\/div><!-- .post-outer -->\n\t\t<\/article>\n\t\t\t<article id=\"post-118293\" class=\"post-118293 post type-post status-publish format-standard has-post-thumbnail category-noticias-internacionales tag-ciberseguridad tag-educacion-digital tag-estafas-digitales tag-familia tag-inteligencia-artificial tag-pensamiento-critico-2 tag-prevencion tag-seguridad tag-tecnologia cs-entry cs-video-wrap\">\n\t\t\t<div class=\"pk-post-outer\">\n\n\t\t\t\t\t\t\t\t<div class=\"pk-post-inner\">\n\t\t\t\t\t<div class=\"entry-thumbnail\">\n\t\t\t\t\t\t<div class=\"pk-overlay pk-overlay-ratio pk-ratio-landscape\">\n\t\t\t\t\t\t\t<div class=\"pk-overlay-background\">\n\t\t\t\t\t\t\t\t<a href=\"https:\/\/webdelmaestrocmf.com\/portal\/mama-ayudame-estafadores-utilizan-la-inteligencia-artificial-para-clonar-voces-y-fingir-emergencias-familiares\/\" class=\"pk-overlay-link\">\n\t\t\t\t\t\t\t\t\t<img loading=\"lazy\" decoding=\"async\" width=\"300\" height=\"225\" src=\"https:\/\/webdelmaestrocmf.com\/portal\/wp-content\/uploads\/2026\/04\/1AA-Banner-1-portada-imagen-10-1-copia-2-7-300x225.webp\" class=\"attachment-pk-thumbnail size-pk-thumbnail wp-post-image\" alt=\"\" \/>\t\t\t\t\t\t\t\t<\/a>\n\t\t\t\t\t\t\t<\/div>\n\t\t\t\t\t\t<\/div>\n\t\t\t\t\t<\/div>\n\t\t\t\t<\/div>\n\t\t\t\t\n\t\t\t\t<div class=\"pk-post-inner\">\n\t\t\t\t\t<header>\n\t\t\t\t\t\t<h3 class=\"pk-title\"><a href=\"https:\/\/webdelmaestrocmf.com\/portal\/mama-ayudame-estafadores-utilizan-la-inteligencia-artificial-para-clonar-voces-y-fingir-emergencias-familiares\/\" rel=\"bookmark\">\u00abMam\u00e1, ay\u00fadame\u00bb: estafadores utilizan la inteligencia artificial para clonar voces y fingir emergencias familiares<\/a><\/h3>\t\t\t\t\t<\/header><!-- .entry-header -->\n\t\t\t\t<\/div><!-- .post-inner -->\n\n\t\t\t<\/div><!-- .post-outer -->\n\t\t<\/article>\n\t\t\t\t<\/div>\n\t\t<\/div>\n\t\t\n","protected":false},"excerpt":{"rendered":"Los adolescentes mencionaron que buscan la informaci\u00f3n en herramientas digitales como ChatGPT, pues \u201cles ofrecen respuestas sin prejuicios y con un tono cercano, aunque esa sensaci\u00f3n de acompa\u00f1amiento puede ser solo aparente\u201d.","protected":false},"author":1,"featured_media":112745,"comment_status":"open","ping_status":"closed","sticky":false,"template":"","format":"standard","meta":{"csco_display_header_overlay":false,"csco_singular_sidebar":"","csco_page_header_type":"","csco_page_load_nextpost":"","csco_post_video_location":[],"csco_post_video_location_hash":"","csco_post_video_url":"","csco_post_video_bg_start_time":0,"csco_post_video_bg_end_time":0,"csco_post_video_bg_volume":false,"_jetpack_memberships_contains_paid_content":false,"footnotes":""},"categories":[23790],"tags":[397,596,55,1483,23952],"class_list":{"0":"post-112697","1":"post","2":"type-post","3":"status-publish","4":"format-standard","5":"has-post-thumbnail","7":"category-noticias-internacionales","8":"tag-aprenden","9":"tag-aula","10":"tag-educacion","11":"tag-jovenes","12":"tag-sexual","13":"cs-entry","14":"cs-video-wrap"},"yoast_head":"<!-- This site is optimized with the Yoast SEO plugin v27.4 - https:\/\/yoast.com\/product\/yoast-seo-wordpress\/ -->\n<title>7 de cada 10 j\u00f3venes aprenden educaci\u00f3n sexual fuera del aula - 2026<\/title>\n<meta name=\"description\" content=\"Costa Rica. A inicios del curso lectivo 2025, el Ministerio de Educaci\u00f3n P\u00fablica (MEP) elimin\u00f3 los programas de Sexualidad y Afectividad...\" \/>\n<meta name=\"robots\" content=\"index, follow, max-snippet:-1, max-image-preview:large, max-video-preview:-1\" \/>\n<link rel=\"canonical\" href=\"https:\/\/webdelmaestrocmf.com\/portal\/7-de-cada-10-jovenes-aprenden-educacion-sexual-fuera-del-aula\/\" \/>\n<meta property=\"og:locale\" content=\"es_ES\" \/>\n<meta property=\"og:type\" content=\"article\" \/>\n<meta property=\"og:title\" content=\"7 de cada 10 j\u00f3venes aprenden educaci\u00f3n sexual fuera del aula - 2026\" \/>\n<meta property=\"og:description\" content=\"Costa Rica. A inicios del curso lectivo 2025, el Ministerio de Educaci\u00f3n P\u00fablica (MEP) elimin\u00f3 los programas de Sexualidad y Afectividad...\" \/>\n<meta property=\"og:url\" content=\"https:\/\/webdelmaestrocmf.com\/portal\/7-de-cada-10-jovenes-aprenden-educacion-sexual-fuera-del-aula\/\" \/>\n<meta property=\"og:site_name\" content=\"Web del Maestro CMF\" \/>\n<meta property=\"article:publisher\" content=\"https:\/\/www.facebook.com\/WebdelMaestroCMF\/\" \/>\n<meta property=\"article:author\" content=\"https:\/\/www.facebook.com\/WebdelMaestroCMF\/\" \/>\n<meta property=\"article:published_time\" content=\"2025-10-18T21:23:51+00:00\" \/>\n<meta property=\"article:modified_time\" content=\"2025-10-19T22:42:17+00:00\" \/>\n<meta property=\"og:image\" content=\"https:\/\/webdelmaestrocmf.com\/portal\/wp-content\/uploads\/2025\/10\/cc.jpg\" \/>\n\t<meta property=\"og:image:width\" content=\"1003\" \/>\n\t<meta property=\"og:image:height\" content=\"667\" \/>\n\t<meta property=\"og:image:type\" content=\"image\/jpeg\" \/>\n<meta name=\"author\" content=\"Web del Maestro CMF\" \/>\n<meta name=\"twitter:card\" content=\"summary_large_image\" \/>\n<meta name=\"twitter:creator\" content=\"@cmf_w\" \/>\n<meta name=\"twitter:site\" content=\"@cmf_w\" \/>\n<meta name=\"twitter:label1\" content=\"Escrito por\" \/>\n\t<meta name=\"twitter:data1\" content=\"Web del Maestro CMF\" \/>\n\t<meta name=\"twitter:label2\" content=\"Tiempo de lectura\" \/>\n\t<meta name=\"twitter:data2\" content=\"3 minutos\" \/>\n<script type=\"application\/ld+json\" class=\"yoast-schema-graph\">{\"@context\":\"https:\\\/\\\/schema.org\",\"@graph\":[{\"@type\":\"ScholarlyArticle\",\"@id\":\"https:\\\/\\\/webdelmaestrocmf.com\\\/portal\\\/7-de-cada-10-jovenes-aprenden-educacion-sexual-fuera-del-aula\\\/#article\",\"isPartOf\":{\"@id\":\"https:\\\/\\\/webdelmaestrocmf.com\\\/portal\\\/7-de-cada-10-jovenes-aprenden-educacion-sexual-fuera-del-aula\\\/\"},\"author\":{\"name\":\"Web del Maestro CMF\",\"@id\":\"https:\\\/\\\/webdelmaestrocmf.com\\\/portal\\\/#\\\/schema\\\/person\\\/1072a2ed7bd960df8ef99a551fa35dc5\"},\"headline\":\"7 de cada 10 j\u00f3venes aprenden educaci\u00f3n sexual fuera del aula\",\"datePublished\":\"2025-10-18T21:23:51+00:00\",\"dateModified\":\"2025-10-19T22:42:17+00:00\",\"mainEntityOfPage\":{\"@id\":\"https:\\\/\\\/webdelmaestrocmf.com\\\/portal\\\/7-de-cada-10-jovenes-aprenden-educacion-sexual-fuera-del-aula\\\/\"},\"wordCount\":820,\"commentCount\":0,\"publisher\":{\"@id\":\"https:\\\/\\\/webdelmaestrocmf.com\\\/portal\\\/#organization\"},\"image\":{\"@id\":\"https:\\\/\\\/webdelmaestrocmf.com\\\/portal\\\/7-de-cada-10-jovenes-aprenden-educacion-sexual-fuera-del-aula\\\/#primaryimage\"},\"thumbnailUrl\":\"https:\\\/\\\/webdelmaestrocmf.com\\\/portal\\\/wp-content\\\/uploads\\\/2025\\\/10\\\/cc.jpg\",\"keywords\":[\"APRENDEN\",\"aula\",\"EDUCACI\u00d3N\",\"j\u00f3venes\",\"sexual\"],\"articleSection\":[\"Noticias Internacionales\"],\"inLanguage\":\"es\",\"potentialAction\":[{\"@type\":\"CommentAction\",\"name\":\"Comment\",\"target\":[\"https:\\\/\\\/webdelmaestrocmf.com\\\/portal\\\/7-de-cada-10-jovenes-aprenden-educacion-sexual-fuera-del-aula\\\/#respond\"]}]},{\"@type\":\"WebPage\",\"@id\":\"https:\\\/\\\/webdelmaestrocmf.com\\\/portal\\\/7-de-cada-10-jovenes-aprenden-educacion-sexual-fuera-del-aula\\\/\",\"url\":\"https:\\\/\\\/webdelmaestrocmf.com\\\/portal\\\/7-de-cada-10-jovenes-aprenden-educacion-sexual-fuera-del-aula\\\/\",\"name\":\"7 de cada 10 j\u00f3venes aprenden educaci\u00f3n sexual fuera del aula - 2026\",\"isPartOf\":{\"@id\":\"https:\\\/\\\/webdelmaestrocmf.com\\\/portal\\\/#website\"},\"primaryImageOfPage\":{\"@id\":\"https:\\\/\\\/webdelmaestrocmf.com\\\/portal\\\/7-de-cada-10-jovenes-aprenden-educacion-sexual-fuera-del-aula\\\/#primaryimage\"},\"image\":{\"@id\":\"https:\\\/\\\/webdelmaestrocmf.com\\\/portal\\\/7-de-cada-10-jovenes-aprenden-educacion-sexual-fuera-del-aula\\\/#primaryimage\"},\"thumbnailUrl\":\"https:\\\/\\\/webdelmaestrocmf.com\\\/portal\\\/wp-content\\\/uploads\\\/2025\\\/10\\\/cc.jpg\",\"datePublished\":\"2025-10-18T21:23:51+00:00\",\"dateModified\":\"2025-10-19T22:42:17+00:00\",\"description\":\"Costa Rica. A inicios del curso lectivo 2025, el Ministerio de Educaci\u00f3n P\u00fablica (MEP) elimin\u00f3 los programas de Sexualidad y Afectividad...\",\"breadcrumb\":{\"@id\":\"https:\\\/\\\/webdelmaestrocmf.com\\\/portal\\\/7-de-cada-10-jovenes-aprenden-educacion-sexual-fuera-del-aula\\\/#breadcrumb\"},\"inLanguage\":\"es\",\"potentialAction\":[{\"@type\":\"ReadAction\",\"target\":[\"https:\\\/\\\/webdelmaestrocmf.com\\\/portal\\\/7-de-cada-10-jovenes-aprenden-educacion-sexual-fuera-del-aula\\\/\"]}]},{\"@type\":\"ImageObject\",\"inLanguage\":\"es\",\"@id\":\"https:\\\/\\\/webdelmaestrocmf.com\\\/portal\\\/7-de-cada-10-jovenes-aprenden-educacion-sexual-fuera-del-aula\\\/#primaryimage\",\"url\":\"https:\\\/\\\/webdelmaestrocmf.com\\\/portal\\\/wp-content\\\/uploads\\\/2025\\\/10\\\/cc.jpg\",\"contentUrl\":\"https:\\\/\\\/webdelmaestrocmf.com\\\/portal\\\/wp-content\\\/uploads\\\/2025\\\/10\\\/cc.jpg\",\"width\":1003,\"height\":667},{\"@type\":\"BreadcrumbList\",\"@id\":\"https:\\\/\\\/webdelmaestrocmf.com\\\/portal\\\/7-de-cada-10-jovenes-aprenden-educacion-sexual-fuera-del-aula\\\/#breadcrumb\",\"itemListElement\":[{\"@type\":\"ListItem\",\"position\":1,\"name\":\"Portada\",\"item\":\"https:\\\/\\\/webdelmaestrocmf.com\\\/portal\\\/\"},{\"@type\":\"ListItem\",\"position\":2,\"name\":\"Noticias Internacionales\",\"item\":\"https:\\\/\\\/webdelmaestrocmf.com\\\/portal\\\/category\\\/noticias-internacionales\\\/\"},{\"@type\":\"ListItem\",\"position\":3,\"name\":\"7 de cada 10 j\u00f3venes aprenden educaci\u00f3n sexual fuera del aula\"}]},{\"@type\":\"WebSite\",\"@id\":\"https:\\\/\\\/webdelmaestrocmf.com\\\/portal\\\/#website\",\"url\":\"https:\\\/\\\/webdelmaestrocmf.com\\\/portal\\\/\",\"name\":\"Web del Maestro CMF\",\"description\":\"Maestros al servicio de la educaci\u00f3n\",\"publisher\":{\"@id\":\"https:\\\/\\\/webdelmaestrocmf.com\\\/portal\\\/#organization\"},\"alternateName\":\"WMCMF\",\"potentialAction\":[{\"@type\":\"SearchAction\",\"target\":{\"@type\":\"EntryPoint\",\"urlTemplate\":\"https:\\\/\\\/webdelmaestrocmf.com\\\/portal\\\/?s={search_term_string}\"},\"query-input\":{\"@type\":\"PropertyValueSpecification\",\"valueRequired\":true,\"valueName\":\"search_term_string\"}}],\"inLanguage\":\"es\"},{\"@type\":\"Organization\",\"@id\":\"https:\\\/\\\/webdelmaestrocmf.com\\\/portal\\\/#organization\",\"name\":\"Web del Maestro CMF\",\"alternateName\":\"WMCMF\",\"url\":\"https:\\\/\\\/webdelmaestrocmf.com\\\/portal\\\/\",\"logo\":{\"@type\":\"ImageObject\",\"inLanguage\":\"es\",\"@id\":\"https:\\\/\\\/webdelmaestrocmf.com\\\/portal\\\/#\\\/schema\\\/logo\\\/image\\\/\",\"url\":\"https:\\\/\\\/webdelmaestrocmf.com\\\/portal\\\/wp-content\\\/uploads\\\/2023\\\/01\\\/logo-wmcmf-2.png\",\"contentUrl\":\"https:\\\/\\\/webdelmaestrocmf.com\\\/portal\\\/wp-content\\\/uploads\\\/2023\\\/01\\\/logo-wmcmf-2.png\",\"width\":200,\"height\":60,\"caption\":\"Web del Maestro CMF\"},\"image\":{\"@id\":\"https:\\\/\\\/webdelmaestrocmf.com\\\/portal\\\/#\\\/schema\\\/logo\\\/image\\\/\"},\"sameAs\":[\"https:\\\/\\\/www.facebook.com\\\/WebdelMaestroCMF\\\/\",\"https:\\\/\\\/x.com\\\/cmf_w\",\"https:\\\/\\\/www.pinterest.com\\\/WMCMF\\\/\",\"https:\\\/\\\/www.linkedin.com\\\/company\\\/web-del-maestro-cmf\\\/\",\"https:\\\/\\\/www.instagram.com\\\/wmcmf\\\/\",\"https:\\\/\\\/www.youtube.com\\\/channel\\\/UCDPSvjbdodE5sHnC3OxutHw\",\"https:\\\/\\\/mastodon.social\\\/@wmcmf\",\"https:\\\/\\\/www.tiktok.com\\\/@webdelmaestrocmf\"]},{\"@type\":\"Person\",\"@id\":\"https:\\\/\\\/webdelmaestrocmf.com\\\/portal\\\/#\\\/schema\\\/person\\\/1072a2ed7bd960df8ef99a551fa35dc5\",\"name\":\"Web del Maestro CMF\",\"image\":{\"@type\":\"ImageObject\",\"inLanguage\":\"es\",\"@id\":\"https:\\\/\\\/secure.gravatar.com\\\/avatar\\\/23291dd5b5ae1077dcff3dbb04c3e02bd28403fa75af6d8787d5e97c5bbbe30b?s=96&d=mm&r=g\",\"url\":\"https:\\\/\\\/secure.gravatar.com\\\/avatar\\\/23291dd5b5ae1077dcff3dbb04c3e02bd28403fa75af6d8787d5e97c5bbbe30b?s=96&d=mm&r=g\",\"contentUrl\":\"https:\\\/\\\/secure.gravatar.com\\\/avatar\\\/23291dd5b5ae1077dcff3dbb04c3e02bd28403fa75af6d8787d5e97c5bbbe30b?s=96&d=mm&r=g\",\"caption\":\"Web del Maestro CMF\"},\"description\":\"Esta Web se cre\u00f3 sin fines de lucro, con fines educativos, cient\u00edficos y acad\u00e9micos, para personas que tengan dificultades y\\\/o inconvenientes en visualizar el material original. El objetivo es entregar recursos, compartir experiencias y materiales que ayuden a los padres de familia, maestros y estudiantes en su actualizaci\u00f3n y formaci\u00f3n permanente, en bien de la Educaci\u00f3n.\",\"sameAs\":[\"http:\\\/\\\/webdelmaestrocmf.com\\\/portal\",\"https:\\\/\\\/www.facebook.com\\\/WebdelMaestroCMF\\\/\",\"https:\\\/\\\/www.instagram.com\\\/wmcmf\\\/\",\"https:\\\/\\\/cl.linkedin.com\\\/company\\\/web-del-maestro-cmf\",\"https:\\\/\\\/www.pinterest.com\\\/WMCMF\\\/publicaciones\\\/\",\"https:\\\/\\\/x.com\\\/cmf_w\",\"https:\\\/\\\/www.youtube.com\\\/@WMCMF\"]}]}<\/script>\n<!-- \/ Yoast SEO plugin. -->","yoast_head_json":{"title":"7 de cada 10 j\u00f3venes aprenden educaci\u00f3n sexual fuera del aula - 2026","description":"Costa Rica. A inicios del curso lectivo 2025, el Ministerio de Educaci\u00f3n P\u00fablica (MEP) elimin\u00f3 los programas de Sexualidad y Afectividad...","robots":{"index":"index","follow":"follow","max-snippet":"max-snippet:-1","max-image-preview":"max-image-preview:large","max-video-preview":"max-video-preview:-1"},"canonical":"https:\/\/webdelmaestrocmf.com\/portal\/7-de-cada-10-jovenes-aprenden-educacion-sexual-fuera-del-aula\/","og_locale":"es_ES","og_type":"article","og_title":"7 de cada 10 j\u00f3venes aprenden educaci\u00f3n sexual fuera del aula - 2026","og_description":"Costa Rica. A inicios del curso lectivo 2025, el Ministerio de Educaci\u00f3n P\u00fablica (MEP) elimin\u00f3 los programas de Sexualidad y Afectividad...","og_url":"https:\/\/webdelmaestrocmf.com\/portal\/7-de-cada-10-jovenes-aprenden-educacion-sexual-fuera-del-aula\/","og_site_name":"Web del Maestro CMF","article_publisher":"https:\/\/www.facebook.com\/WebdelMaestroCMF\/","article_author":"https:\/\/www.facebook.com\/WebdelMaestroCMF\/","article_published_time":"2025-10-18T21:23:51+00:00","article_modified_time":"2025-10-19T22:42:17+00:00","og_image":[{"width":1003,"height":667,"url":"https:\/\/webdelmaestrocmf.com\/portal\/wp-content\/uploads\/2025\/10\/cc.jpg","type":"image\/jpeg"}],"author":"Web del Maestro CMF","twitter_card":"summary_large_image","twitter_creator":"@cmf_w","twitter_site":"@cmf_w","twitter_misc":{"Escrito por":"Web del Maestro CMF","Tiempo de lectura":"3 minutos"},"schema":{"@context":"https:\/\/schema.org","@graph":[{"@type":"ScholarlyArticle","@id":"https:\/\/webdelmaestrocmf.com\/portal\/7-de-cada-10-jovenes-aprenden-educacion-sexual-fuera-del-aula\/#article","isPartOf":{"@id":"https:\/\/webdelmaestrocmf.com\/portal\/7-de-cada-10-jovenes-aprenden-educacion-sexual-fuera-del-aula\/"},"author":{"name":"Web del Maestro CMF","@id":"https:\/\/webdelmaestrocmf.com\/portal\/#\/schema\/person\/1072a2ed7bd960df8ef99a551fa35dc5"},"headline":"7 de cada 10 j\u00f3venes aprenden educaci\u00f3n sexual fuera del aula","datePublished":"2025-10-18T21:23:51+00:00","dateModified":"2025-10-19T22:42:17+00:00","mainEntityOfPage":{"@id":"https:\/\/webdelmaestrocmf.com\/portal\/7-de-cada-10-jovenes-aprenden-educacion-sexual-fuera-del-aula\/"},"wordCount":820,"commentCount":0,"publisher":{"@id":"https:\/\/webdelmaestrocmf.com\/portal\/#organization"},"image":{"@id":"https:\/\/webdelmaestrocmf.com\/portal\/7-de-cada-10-jovenes-aprenden-educacion-sexual-fuera-del-aula\/#primaryimage"},"thumbnailUrl":"https:\/\/webdelmaestrocmf.com\/portal\/wp-content\/uploads\/2025\/10\/cc.jpg","keywords":["APRENDEN","aula","EDUCACI\u00d3N","j\u00f3venes","sexual"],"articleSection":["Noticias Internacionales"],"inLanguage":"es","potentialAction":[{"@type":"CommentAction","name":"Comment","target":["https:\/\/webdelmaestrocmf.com\/portal\/7-de-cada-10-jovenes-aprenden-educacion-sexual-fuera-del-aula\/#respond"]}]},{"@type":"WebPage","@id":"https:\/\/webdelmaestrocmf.com\/portal\/7-de-cada-10-jovenes-aprenden-educacion-sexual-fuera-del-aula\/","url":"https:\/\/webdelmaestrocmf.com\/portal\/7-de-cada-10-jovenes-aprenden-educacion-sexual-fuera-del-aula\/","name":"7 de cada 10 j\u00f3venes aprenden educaci\u00f3n sexual fuera del aula - 2026","isPartOf":{"@id":"https:\/\/webdelmaestrocmf.com\/portal\/#website"},"primaryImageOfPage":{"@id":"https:\/\/webdelmaestrocmf.com\/portal\/7-de-cada-10-jovenes-aprenden-educacion-sexual-fuera-del-aula\/#primaryimage"},"image":{"@id":"https:\/\/webdelmaestrocmf.com\/portal\/7-de-cada-10-jovenes-aprenden-educacion-sexual-fuera-del-aula\/#primaryimage"},"thumbnailUrl":"https:\/\/webdelmaestrocmf.com\/portal\/wp-content\/uploads\/2025\/10\/cc.jpg","datePublished":"2025-10-18T21:23:51+00:00","dateModified":"2025-10-19T22:42:17+00:00","description":"Costa Rica. A inicios del curso lectivo 2025, el Ministerio de Educaci\u00f3n P\u00fablica (MEP) elimin\u00f3 los programas de Sexualidad y Afectividad...","breadcrumb":{"@id":"https:\/\/webdelmaestrocmf.com\/portal\/7-de-cada-10-jovenes-aprenden-educacion-sexual-fuera-del-aula\/#breadcrumb"},"inLanguage":"es","potentialAction":[{"@type":"ReadAction","target":["https:\/\/webdelmaestrocmf.com\/portal\/7-de-cada-10-jovenes-aprenden-educacion-sexual-fuera-del-aula\/"]}]},{"@type":"ImageObject","inLanguage":"es","@id":"https:\/\/webdelmaestrocmf.com\/portal\/7-de-cada-10-jovenes-aprenden-educacion-sexual-fuera-del-aula\/#primaryimage","url":"https:\/\/webdelmaestrocmf.com\/portal\/wp-content\/uploads\/2025\/10\/cc.jpg","contentUrl":"https:\/\/webdelmaestrocmf.com\/portal\/wp-content\/uploads\/2025\/10\/cc.jpg","width":1003,"height":667},{"@type":"BreadcrumbList","@id":"https:\/\/webdelmaestrocmf.com\/portal\/7-de-cada-10-jovenes-aprenden-educacion-sexual-fuera-del-aula\/#breadcrumb","itemListElement":[{"@type":"ListItem","position":1,"name":"Portada","item":"https:\/\/webdelmaestrocmf.com\/portal\/"},{"@type":"ListItem","position":2,"name":"Noticias Internacionales","item":"https:\/\/webdelmaestrocmf.com\/portal\/category\/noticias-internacionales\/"},{"@type":"ListItem","position":3,"name":"7 de cada 10 j\u00f3venes aprenden educaci\u00f3n sexual fuera del aula"}]},{"@type":"WebSite","@id":"https:\/\/webdelmaestrocmf.com\/portal\/#website","url":"https:\/\/webdelmaestrocmf.com\/portal\/","name":"Web del Maestro CMF","description":"Maestros al servicio de la educaci\u00f3n","publisher":{"@id":"https:\/\/webdelmaestrocmf.com\/portal\/#organization"},"alternateName":"WMCMF","potentialAction":[{"@type":"SearchAction","target":{"@type":"EntryPoint","urlTemplate":"https:\/\/webdelmaestrocmf.com\/portal\/?s={search_term_string}"},"query-input":{"@type":"PropertyValueSpecification","valueRequired":true,"valueName":"search_term_string"}}],"inLanguage":"es"},{"@type":"Organization","@id":"https:\/\/webdelmaestrocmf.com\/portal\/#organization","name":"Web del Maestro CMF","alternateName":"WMCMF","url":"https:\/\/webdelmaestrocmf.com\/portal\/","logo":{"@type":"ImageObject","inLanguage":"es","@id":"https:\/\/webdelmaestrocmf.com\/portal\/#\/schema\/logo\/image\/","url":"https:\/\/webdelmaestrocmf.com\/portal\/wp-content\/uploads\/2023\/01\/logo-wmcmf-2.png","contentUrl":"https:\/\/webdelmaestrocmf.com\/portal\/wp-content\/uploads\/2023\/01\/logo-wmcmf-2.png","width":200,"height":60,"caption":"Web del Maestro CMF"},"image":{"@id":"https:\/\/webdelmaestrocmf.com\/portal\/#\/schema\/logo\/image\/"},"sameAs":["https:\/\/www.facebook.com\/WebdelMaestroCMF\/","https:\/\/x.com\/cmf_w","https:\/\/www.pinterest.com\/WMCMF\/","https:\/\/www.linkedin.com\/company\/web-del-maestro-cmf\/","https:\/\/www.instagram.com\/wmcmf\/","https:\/\/www.youtube.com\/channel\/UCDPSvjbdodE5sHnC3OxutHw","https:\/\/mastodon.social\/@wmcmf","https:\/\/www.tiktok.com\/@webdelmaestrocmf"]},{"@type":"Person","@id":"https:\/\/webdelmaestrocmf.com\/portal\/#\/schema\/person\/1072a2ed7bd960df8ef99a551fa35dc5","name":"Web del Maestro CMF","image":{"@type":"ImageObject","inLanguage":"es","@id":"https:\/\/secure.gravatar.com\/avatar\/23291dd5b5ae1077dcff3dbb04c3e02bd28403fa75af6d8787d5e97c5bbbe30b?s=96&d=mm&r=g","url":"https:\/\/secure.gravatar.com\/avatar\/23291dd5b5ae1077dcff3dbb04c3e02bd28403fa75af6d8787d5e97c5bbbe30b?s=96&d=mm&r=g","contentUrl":"https:\/\/secure.gravatar.com\/avatar\/23291dd5b5ae1077dcff3dbb04c3e02bd28403fa75af6d8787d5e97c5bbbe30b?s=96&d=mm&r=g","caption":"Web del Maestro CMF"},"description":"Esta Web se cre\u00f3 sin fines de lucro, con fines educativos, cient\u00edficos y acad\u00e9micos, para personas que tengan dificultades y\/o inconvenientes en visualizar el material original. El objetivo es entregar recursos, compartir experiencias y materiales que ayuden a los padres de familia, maestros y estudiantes en su actualizaci\u00f3n y formaci\u00f3n permanente, en bien de la Educaci\u00f3n.","sameAs":["http:\/\/webdelmaestrocmf.com\/portal","https:\/\/www.facebook.com\/WebdelMaestroCMF\/","https:\/\/www.instagram.com\/wmcmf\/","https:\/\/cl.linkedin.com\/company\/web-del-maestro-cmf","https:\/\/www.pinterest.com\/WMCMF\/publicaciones\/","https:\/\/x.com\/cmf_w","https:\/\/www.youtube.com\/@WMCMF"]}]}},"jetpack_featured_media_url":"https:\/\/webdelmaestrocmf.com\/portal\/wp-content\/uploads\/2025\/10\/cc.jpg","jetpack_sharing_enabled":true,"jetpack-related-posts":[{"id":113384,"url":"https:\/\/webdelmaestrocmf.com\/portal\/hanna-bjorg-vilhjalmsdottir-educar-en-igualdad-desde-la-infancia-por-que-hay-que-hablar-de-pornografia-a-los-11-anos\/","url_meta":{"origin":112697,"position":0},"title":"Hanna Bj\u00f6rg Vilhj\u00e1lmsd\u00f3ttir\u00a0: Educar en igualdad desde la infancia. \u00bfPor qu\u00e9 hay que hablar de pornograf\u00eda a los 11 a\u00f1os?","author":"Web del Maestro CMF","date":"10 noviembre, 2025","format":false,"excerpt":"La profesora islandesa Hanna Bj\u00f6rg Vilhj\u00e1lmsd\u00f3ttir defiende educar en igualdad desde la infancia y hablar del porno cuando los ni\u00f1os empiezan a verlo.","rel":"","context":"En \u00abEntrevistas\u00bb","block_context":{"text":"Entrevistas","link":"https:\/\/webdelmaestrocmf.com\/portal\/category\/noticias\/entrevistas\/"},"img":{"alt_text":"","src":"https:\/\/i0.wp.com\/webdelmaestrocmf.com\/portal\/wp-content\/uploads\/2025\/11\/1A-Banner-1-portada-imagen-10-1-copia-3-1.webp?resize=350%2C200&ssl=1","width":350,"height":200,"srcset":"https:\/\/i0.wp.com\/webdelmaestrocmf.com\/portal\/wp-content\/uploads\/2025\/11\/1A-Banner-1-portada-imagen-10-1-copia-3-1.webp?resize=350%2C200&ssl=1 1x, https:\/\/i0.wp.com\/webdelmaestrocmf.com\/portal\/wp-content\/uploads\/2025\/11\/1A-Banner-1-portada-imagen-10-1-copia-3-1.webp?resize=525%2C300&ssl=1 1.5x, https:\/\/i0.wp.com\/webdelmaestrocmf.com\/portal\/wp-content\/uploads\/2025\/11\/1A-Banner-1-portada-imagen-10-1-copia-3-1.webp?resize=700%2C400&ssl=1 2x"},"classes":[]},{"id":111099,"url":"https:\/\/webdelmaestrocmf.com\/portal\/suspenden-a-profesora-de-aula-en-vicuna-por-difusion-de-contenido-sexual-apoderados-piden-su-destitucion\/","url_meta":{"origin":112697,"position":1},"title":"Suspenden a profesora de aula en Vicu\u00f1a por difusi\u00f3n de contenido sexual: apoderados piden su destituci\u00f3n","author":"Web del Maestro CMF","date":"10 julio, 2025","format":false,"excerpt":"La comunidad escolar se encuentra en alerta tras la filtraci\u00f3n de im\u00e1genes de car\u00e1cter sexual de una funcionaria que trabajaba con estudiantes con necesidades educativas especiales","rel":"","context":"En \u00abNoticias Internacionales\u00bb","block_context":{"text":"Noticias Internacionales","link":"https:\/\/webdelmaestrocmf.com\/portal\/category\/noticias-internacionales\/"},"img":{"alt_text":"","src":"https:\/\/i0.wp.com\/webdelmaestrocmf.com\/portal\/wp-content\/uploads\/2025\/07\/1A-Banner-1-portada-imagen-10-1-copia-38.webp?resize=350%2C200&ssl=1","width":350,"height":200,"srcset":"https:\/\/i0.wp.com\/webdelmaestrocmf.com\/portal\/wp-content\/uploads\/2025\/07\/1A-Banner-1-portada-imagen-10-1-copia-38.webp?resize=350%2C200&ssl=1 1x, https:\/\/i0.wp.com\/webdelmaestrocmf.com\/portal\/wp-content\/uploads\/2025\/07\/1A-Banner-1-portada-imagen-10-1-copia-38.webp?resize=525%2C300&ssl=1 1.5x, https:\/\/i0.wp.com\/webdelmaestrocmf.com\/portal\/wp-content\/uploads\/2025\/07\/1A-Banner-1-portada-imagen-10-1-copia-38.webp?resize=700%2C400&ssl=1 2x"},"classes":[]},{"id":110592,"url":"https:\/\/webdelmaestrocmf.com\/portal\/luis-miguel-real-ver-porno-a-edades-tempranas-distorsiona-su-imagen-del-sexo-es-como-aprender-a-conducir-viendo-fast-furious\/","url_meta":{"origin":112697,"position":2},"title":"Luis Miguel Real: Ver porno a edades tempranas distorsiona su imagen del sexo, es como aprender a conducir viendo \u201cFast &amp; Furious\u201d","author":"Web del Maestro CMF","date":"26 junio, 2025","format":false,"excerpt":"A veces el consumo de pornograf\u00eda entre los menores no es solo curiosidad, sino una forma de escapar de la frustraci\u00f3n o del aburrimiento. Y aconseja a los padres no montar un drama si pillan a sus hijos vi\u00e9ndolo: \u201cNo se trata de soltarles un serm\u00f3n moralista, sino de abrir\u2026","rel":"","context":"En \u00abEntrevistas\u00bb","block_context":{"text":"Entrevistas","link":"https:\/\/webdelmaestrocmf.com\/portal\/category\/noticias\/entrevistas\/"},"img":{"alt_text":"","src":"https:\/\/i0.wp.com\/webdelmaestrocmf.com\/portal\/wp-content\/uploads\/2025\/06\/1A-Banner-1-portada-imagen-10-1-copia-13.webp?resize=350%2C200&ssl=1","width":350,"height":200,"srcset":"https:\/\/i0.wp.com\/webdelmaestrocmf.com\/portal\/wp-content\/uploads\/2025\/06\/1A-Banner-1-portada-imagen-10-1-copia-13.webp?resize=350%2C200&ssl=1 1x, https:\/\/i0.wp.com\/webdelmaestrocmf.com\/portal\/wp-content\/uploads\/2025\/06\/1A-Banner-1-portada-imagen-10-1-copia-13.webp?resize=525%2C300&ssl=1 1.5x, https:\/\/i0.wp.com\/webdelmaestrocmf.com\/portal\/wp-content\/uploads\/2025\/06\/1A-Banner-1-portada-imagen-10-1-copia-13.webp?resize=700%2C400&ssl=1 2x"},"classes":[]},{"id":35484,"url":"https:\/\/webdelmaestrocmf.com\/portal\/10-videos-para-prevenir-el-abuso-infantil\/","url_meta":{"origin":112697,"position":3},"title":"10 VIDEOS PARA PREVENIR EL ABUSO INFANTIL","author":"Web del Maestro CMF","date":"5 marzo, 2019","format":false,"excerpt":"Tocamientos no deseados, violaci\u00f3n, acoso, explotaci\u00f3n sexual, exhibicionismo, pornograf\u00eda\u2026 Uno de cada cinco ni\u00f1os ha sido v\u00edctima de alguna de estas formas de violencia sexual, casi siempre a manos de una persona conocida y de confianza para el menor,\u00a0seg\u00fan estima el Consejo. Una dura realidad a la que los ni\u00f1os,\u2026","rel":"","context":"En \u00abRecursos\u00bb","block_context":{"text":"Recursos","link":"https:\/\/webdelmaestrocmf.com\/portal\/category\/pedagogia\/"},"img":{"alt_text":"","src":"https:\/\/i0.wp.com\/webdelmaestrocmf.com\/portal\/wp-content\/uploads\/2019\/03\/1-1.png?resize=350%2C200&ssl=1","width":350,"height":200,"srcset":"https:\/\/i0.wp.com\/webdelmaestrocmf.com\/portal\/wp-content\/uploads\/2019\/03\/1-1.png?resize=350%2C200&ssl=1 1x, https:\/\/i0.wp.com\/webdelmaestrocmf.com\/portal\/wp-content\/uploads\/2019\/03\/1-1.png?resize=525%2C300&ssl=1 1.5x, https:\/\/i0.wp.com\/webdelmaestrocmf.com\/portal\/wp-content\/uploads\/2019\/03\/1-1.png?resize=700%2C400&ssl=1 2x, https:\/\/i0.wp.com\/webdelmaestrocmf.com\/portal\/wp-content\/uploads\/2019\/03\/1-1.png?resize=1050%2C600&ssl=1 3x"},"classes":[]},{"id":116372,"url":"https:\/\/webdelmaestrocmf.com\/portal\/demandan-a-roblox-por-exponer-a-menores-a-contenido-sexual-y-depredadores-virtuales-en-estados-unidos\/","url_meta":{"origin":112697,"position":4},"title":"Demandan a Roblox por exponer a menores a contenido sexual y depredadores virtuales en Estados Unidos","author":"Web del Maestro CMF","date":"12 marzo, 2026","format":false,"excerpt":"Las autoridades del condado de Los \u00c1ngeles demandaron a la plataforma en l\u00ednea Roblox por exponer a los ni\u00f1os a contenido sexual y depredadores virtuales, alegando que la compa\u00f1\u00eda no modera adecuadamente su contenido y sus sistemas de verificaci\u00f3n etarios fallan.","rel":"","context":"En \u00abNoticias Internacionales\u00bb","block_context":{"text":"Noticias Internacionales","link":"https:\/\/webdelmaestrocmf.com\/portal\/category\/noticias-internacionales\/"},"img":{"alt_text":"","src":"https:\/\/i0.wp.com\/webdelmaestrocmf.com\/portal\/wp-content\/uploads\/2026\/03\/1AA-Banner-1-portada-imagen-10-1-copia-1-1.webp?resize=350%2C200&ssl=1","width":350,"height":200,"srcset":"https:\/\/i0.wp.com\/webdelmaestrocmf.com\/portal\/wp-content\/uploads\/2026\/03\/1AA-Banner-1-portada-imagen-10-1-copia-1-1.webp?resize=350%2C200&ssl=1 1x, https:\/\/i0.wp.com\/webdelmaestrocmf.com\/portal\/wp-content\/uploads\/2026\/03\/1AA-Banner-1-portada-imagen-10-1-copia-1-1.webp?resize=525%2C300&ssl=1 1.5x, https:\/\/i0.wp.com\/webdelmaestrocmf.com\/portal\/wp-content\/uploads\/2026\/03\/1AA-Banner-1-portada-imagen-10-1-copia-1-1.webp?resize=700%2C400&ssl=1 2x, https:\/\/i0.wp.com\/webdelmaestrocmf.com\/portal\/wp-content\/uploads\/2026\/03\/1AA-Banner-1-portada-imagen-10-1-copia-1-1.webp?resize=1050%2C600&ssl=1 3x"},"classes":[]},{"id":110194,"url":"https:\/\/webdelmaestrocmf.com\/portal\/informe-de-la-unesco-advierte-que-las-redes-sociales-afectan-al-bienestar-el-aprendizaje-y-las-opciones-profesionales-de-las-ninas\/","url_meta":{"origin":112697,"position":5},"title":"Informe de la UNESCO advierte que las redes sociales afectan al bienestar, el aprendizaje y las opciones profesionales de las ni\u00f1as","author":"Web del Maestro CMF","date":"19 junio, 2025","format":false,"excerpt":"Las redes sociales est\u00e1n moldeando el futuro de las ni\u00f1as, y no siempre para bien.","rel":"","context":"En \u00abNoticias Internacionales\u00bb","block_context":{"text":"Noticias Internacionales","link":"https:\/\/webdelmaestrocmf.com\/portal\/category\/noticias-internacionales\/"},"img":{"alt_text":"","src":"https:\/\/i0.wp.com\/webdelmaestrocmf.com\/portal\/wp-content\/uploads\/2025\/06\/1A-Banner-1-portada-imagen-10-1-copia-10.jpg?resize=350%2C200&ssl=1","width":350,"height":200,"srcset":"https:\/\/i0.wp.com\/webdelmaestrocmf.com\/portal\/wp-content\/uploads\/2025\/06\/1A-Banner-1-portada-imagen-10-1-copia-10.jpg?resize=350%2C200&ssl=1 1x, https:\/\/i0.wp.com\/webdelmaestrocmf.com\/portal\/wp-content\/uploads\/2025\/06\/1A-Banner-1-portada-imagen-10-1-copia-10.jpg?resize=525%2C300&ssl=1 1.5x, https:\/\/i0.wp.com\/webdelmaestrocmf.com\/portal\/wp-content\/uploads\/2025\/06\/1A-Banner-1-portada-imagen-10-1-copia-10.jpg?resize=700%2C400&ssl=1 2x"},"classes":[]}],"_links":{"self":[{"href":"https:\/\/webdelmaestrocmf.com\/portal\/wp-json\/wp\/v2\/posts\/112697","targetHints":{"allow":["GET"]}}],"collection":[{"href":"https:\/\/webdelmaestrocmf.com\/portal\/wp-json\/wp\/v2\/posts"}],"about":[{"href":"https:\/\/webdelmaestrocmf.com\/portal\/wp-json\/wp\/v2\/types\/post"}],"author":[{"embeddable":true,"href":"https:\/\/webdelmaestrocmf.com\/portal\/wp-json\/wp\/v2\/users\/1"}],"replies":[{"embeddable":true,"href":"https:\/\/webdelmaestrocmf.com\/portal\/wp-json\/wp\/v2\/comments?post=112697"}],"version-history":[{"count":1,"href":"https:\/\/webdelmaestrocmf.com\/portal\/wp-json\/wp\/v2\/posts\/112697\/revisions"}],"predecessor-version":[{"id":112701,"href":"https:\/\/webdelmaestrocmf.com\/portal\/wp-json\/wp\/v2\/posts\/112697\/revisions\/112701"}],"wp:featuredmedia":[{"embeddable":true,"href":"https:\/\/webdelmaestrocmf.com\/portal\/wp-json\/wp\/v2\/media\/112745"}],"wp:attachment":[{"href":"https:\/\/webdelmaestrocmf.com\/portal\/wp-json\/wp\/v2\/media?parent=112697"}],"wp:term":[{"taxonomy":"category","embeddable":true,"href":"https:\/\/webdelmaestrocmf.com\/portal\/wp-json\/wp\/v2\/categories?post=112697"},{"taxonomy":"post_tag","embeddable":true,"href":"https:\/\/webdelmaestrocmf.com\/portal\/wp-json\/wp\/v2\/tags?post=112697"}],"curies":[{"name":"wp","href":"https:\/\/api.w.org\/{rel}","templated":true}]}}