{"id":112663,"date":"2025-10-17T16:56:42","date_gmt":"2025-10-17T19:56:42","guid":{"rendered":"https:\/\/webdelmaestrocmf.com\/portal\/?p=112663"},"modified":"2025-10-17T19:43:01","modified_gmt":"2025-10-17T22:43:01","slug":"chile-tiene-las-aulas-mas-ruidosas-del-mundo-segun-el-informe-talis-2024-de-la-ocde-es-el-pais-que-mas-tiempo-pierde-por-el-ruido-en-clase","status":"publish","type":"post","link":"https:\/\/webdelmaestrocmf.com\/portal\/chile-tiene-las-aulas-mas-ruidosas-del-mundo-segun-el-informe-talis-2024-de-la-ocde-es-el-pais-que-mas-tiempo-pierde-por-el-ruido-en-clase\/","title":{"rendered":"Chile tiene las aulas m\u00e1s ruidosas del mundo, seg\u00fan el informe TALIS 2024 de la OCDE. Es el pa\u00eds que m\u00e1s tiempo pierde por el \u00abruido\u00bb en clase"},"content":{"rendered":"\n<p>El informe <strong>TALIS 2024<\/strong> de la <strong>Organizaci\u00f3n para la Cooperaci\u00f3n y el Desarrollo Econ\u00f3micos (OCDE)<\/strong> volvi\u00f3 a poner en debate un problema silencioso, pero persistente: el ruido y el desorden en las aulas. Seg\u00fan los datos, <strong>Chile encabeza la lista mundial<\/strong> de los pa\u00edses con entornos escolares m\u00e1s ruidosos y disruptivos, mientras que <strong>Espa\u00f1a se encuentra entre los tres pa\u00edses que m\u00e1s tiempo pierden por interrupciones durante las clases<\/strong>.<\/p>\n\n\n\n<p>El estudio, que analiz\u00f3 55 pa\u00edses y encuest\u00f3 a docentes de distintos niveles educativos, muestra que el <strong>37% de los profesores chilenos<\/strong> perciben sus clases como \u201cruidosas y desordenadas\u201d. En ese ranking, <strong>Portugal (36%)<\/strong>, <strong>Finlandia (35%)<\/strong>, <strong>B\u00e9lgica (30%)<\/strong>, <strong>Austria (29%)<\/strong> y <strong>Espa\u00f1a (29%)<\/strong> completan los primeros lugares, todos por encima del promedio de la OCDE, que se sit\u00faa en torno al 21%.<\/p>\n\n\n\n<h3 class=\"wp-block-heading\"><strong>Espa\u00f1a: aulas con ruido y p\u00e9rdida de tiempo<\/strong><\/h3>\n\n\n\n<p>En el caso de <strong>Espa\u00f1a<\/strong>, el 29% de los profesores de Secundaria y el 24% de los de Primaria describen su entorno como ruidoso y desordenado. Adem\u00e1s, el pa\u00eds <strong>ocupa el tercer lugar<\/strong> entre los que m\u00e1s tiempo pierden en clase por interrupciones del alumnado, solo superado por <strong>Portugal y B\u00e9lgica<\/strong>.<\/p>\n\n\n\n<p>La <strong>OCDE<\/strong> considera que la disciplina se ha convertido en un verdadero desaf\u00edo para los docentes espa\u00f1oles. La falta de silencio, las interrupciones constantes y la espera hasta que los alumnos retoman la atenci\u00f3n provocan <strong>estr\u00e9s en m\u00e1s de la mitad del profesorado<\/strong>, lo que repercute directamente en la calidad del aprendizaje.<\/p>\n\n\n\n<p>El responsable de Educaci\u00f3n de la OCDE, <strong>Andreas Schleicher<\/strong>, advirti\u00f3 que el entorno de aula en Espa\u00f1a es \u201cm\u00e1s disruptivo que la media internacional\u201d y que la indisciplina es uno de los factores que lleva a muchos docentes a replantearse su permanencia en la profesi\u00f3n.<\/p>\n\n\n\n<h3 class=\"wp-block-heading\"><strong>Chile: liderazgo en ruido y estr\u00e9s docente<\/strong><\/h3>\n\n\n\n<p>En <strong>Chile<\/strong>, los resultados son a\u00fan m\u00e1s preocupantes. Con un <strong>37% de docentes que perciben aulas ruidosas<\/strong>, el pa\u00eds se posiciona como el n\u00famero uno del mundo en este indicador. Este dato refleja un clima escolar donde las interrupciones, el desorden y la falta de concentraci\u00f3n dificultan el desarrollo normal de las clases y generan un alto nivel de desgaste emocional entre los profesores.<\/p>\n\n\n\n<p>Aunque el informe no detalla el tiempo exacto perdido en las aulas chilenas, la combinaci\u00f3n de ruido, estr\u00e9s y carga pedag\u00f3gica sugiere una situaci\u00f3n de sobreexigencia similar a la que viven los docentes espa\u00f1oles.<\/p>\n\n\n\n<h3 class=\"wp-block-heading\"><strong>Los otros pa\u00edses del ranking<\/strong><\/h3>\n\n\n\n<p>El estudio tambi\u00e9n se\u00f1ala a <strong>Portugal (36%)<\/strong>, <strong>Finlandia (35%)<\/strong>, <strong>B\u00e9lgica (30%)<\/strong> y <strong>Austria (29%)<\/strong> entre los pa\u00edses con entornos m\u00e1s disruptivos. Llama la atenci\u00f3n el caso finland\u00e9s, hist\u00f3ricamente considerado modelo educativo, pero que hoy enfrenta un aumento del ruido y la distracci\u00f3n en el aula, especialmente en Secundaria.<\/p>\n\n\n\n<p>Estas cifras evidencian que el problema de la disciplina escolar trasciende fronteras y afecta tanto a sistemas educativos consolidados como a aquellos que a\u00fan buscan estabilidad.<\/p>\n\n\n\n<h3 class=\"wp-block-heading\"><strong>Diversidad y complejidad del aula actual<\/strong><\/h3>\n\n\n\n<p>La OCDE vincula el aumento del ruido con la <strong>diversidad creciente<\/strong> dentro de las aulas. En Espa\u00f1a, el <strong>67% del profesorado de Secundaria<\/strong> y el <strong>54% de Primaria<\/strong> dicen tener que gestionar grupos con distintos niveles acad\u00e9micos, or\u00edgenes ling\u00fc\u00edsticos y contextos socioecon\u00f3micos. Adem\u00e1s, un <strong>40%<\/strong> de los docentes de Secundaria reconoce sentirse estresado al trabajar con alumnado con necesidades educativas especiales, una cifra superior al promedio de la OCDE (37%).<\/p>\n\n\n\n<p>La combinaci\u00f3n de diversidad, falta de apoyo especializado y grupos numerosos aumenta la presi\u00f3n sobre los docentes, que deben adaptar sus m\u00e9todos sin siempre contar con recursos suficientes.<\/p>\n\n\n\n<h3 class=\"wp-block-heading\"><strong>Burocracia, tecnolog\u00eda y nuevos desaf\u00edos<\/strong><\/h3>\n\n\n\n<p>El informe tambi\u00e9n recuerda que el <strong>64% de los profesores espa\u00f1oles de Secundaria<\/strong> identifica la <strong>burocracia<\/strong> como su principal fuente de estr\u00e9s, muy por encima de la media internacional. Pese a que el <strong>97% del profesorado espa\u00f1ol<\/strong> se declara satisfecho con su labor, la sobrecarga administrativa limita el tiempo disponible para preparar clases o atender individualmente al alumnado.<\/p>\n\n\n\n<p>En cuanto a la <strong>Inteligencia Artificial (IA)<\/strong>, solo el <strong>35% de los docentes espa\u00f1oles<\/strong> afirma haberla utilizado en el aula, cifra similar a la media global pero lejana a pa\u00edses como <strong>Chile (55%)<\/strong>, <strong>Nueva Zelanda (69%)<\/strong> o <strong>Australia (66%)<\/strong>. A pesar de su potencial, muchos educadores a\u00fan desconf\u00edan de su eficacia debido a la falta de formaci\u00f3n tecnol\u00f3gica.<\/p>\n\n\n\n<hr class=\"wp-block-separator has-alpha-channel-opacity\"\/>\n\n\n\n<p>El <strong>TALIS 2024<\/strong> expone con claridad un problema estructural: <strong>la p\u00e9rdida del tiempo educativo<\/strong>. El ruido, las interrupciones y la falta de disciplina no son solo molestias cotidianas, sino factores que debilitan el proceso de ense\u00f1anza-aprendizaje.<\/p>\n\n\n\n<p><strong>Chile lidera en ruido<\/strong> y <strong>Espa\u00f1a en p\u00e9rdida de tiempo<\/strong>, dos caras de una misma realidad: el aula se ha convertido en un espacio cada vez m\u00e1s complejo, donde la atenci\u00f3n, el respeto y el clima emocional se han vuelto bienes escasos.<\/p>\n\n\n\n<p>La OCDE invita a reflexionar sobre la urgencia de devolver al aula su funci\u00f3n esencial: ser un espacio de aprendizaje, orden y bienestar, donde tanto docentes como estudiantes puedan ense\u00f1ar y aprender sin interrupciones.er la formaci\u00f3n docente y garantizar aulas donde el aprendizaje vuelva a ser el centro.<\/p>\n\n\n\n<p class=\"has-text-align-right\"><strong>Redacci\u00f3n | Web del Maestro CMF | <a href=\"https:\/\/www.20minutos.es\/nacional\/ocde-ve-un-problema-disciplina-las-aulas-espana-tercer-pais-que-mas-tiempo-pierde-por-ruido-clase_6512765_0.html\" target=\"_blank\" rel=\"noreferrer noopener\">Fuente: 20 minutos<\/a><\/strong><\/p>\n\n\n\t\t<div class=\"pk-inline-posts\">\n\t\t\t\n\t\t\t<div class=\"pk-inline-posts-container pk-inline-posts-template-list\"\n\t\t\t\tdata-columns=\"1\">\n\t\t\t\t\t\t<article id=\"post-114355\" class=\"post-114355 post type-post status-publish format-standard has-post-thumbnail category-docentes category-noticias-pedagogia category-pedagogia tag-derechos-del-nino tag-docentes-en-redes-sociales tag-educacion-responsable tag-etica-docente tag-legislacion-educativa tag-privacidad-infantil tag-profesores-influencers tag-proteccion-de-datos tag-uso-de-imagen cs-entry cs-video-wrap\">\n\t\t\t<div class=\"pk-post-outer\">\n\n\t\t\t\t\t\t\t\t<div class=\"pk-post-inner\">\n\t\t\t\t\t<div class=\"entry-thumbnail\">\n\t\t\t\t\t\t<div class=\"pk-overlay pk-overlay-ratio pk-ratio-landscape\">\n\t\t\t\t\t\t\t<div class=\"pk-overlay-background\">\n\t\t\t\t\t\t\t\t<a href=\"https:\/\/webdelmaestrocmf.com\/portal\/atencion-profesores-tiktokers-por-que-no-pueden-usar-imagenes-fotos-de-sus-estudiantes-en-redes-sociales-personales\/\" class=\"pk-overlay-link\">\n\t\t\t\t\t\t\t\t\t<img loading=\"lazy\" decoding=\"async\" width=\"300\" height=\"225\" src=\"https:\/\/webdelmaestrocmf.com\/portal\/wp-content\/uploads\/2025\/12\/1A-Banner-1-portada-imagen-10-1-copia-1-18-300x225.webp\" class=\"attachment-pk-thumbnail size-pk-thumbnail wp-post-image\" alt=\"\" \/>\t\t\t\t\t\t\t\t<\/a>\n\t\t\t\t\t\t\t<\/div>\n\t\t\t\t\t\t<\/div>\n\t\t\t\t\t<\/div>\n\t\t\t\t<\/div>\n\t\t\t\t\n\t\t\t\t<div class=\"pk-post-inner\">\n\t\t\t\t\t<header>\n\t\t\t\t\t\t<h3 class=\"pk-title\"><a href=\"https:\/\/webdelmaestrocmf.com\/portal\/atencion-profesores-tiktokers-por-que-no-pueden-usar-imagenes-fotos-de-sus-estudiantes-en-redes-sociales-personales\/\" rel=\"bookmark\">Atenci\u00f3n, profesores tiktokers: por qu\u00e9 no pueden usar im\u00e1genes (fotos) de sus estudiantes en redes sociales personales<\/a><\/h3>\t\t\t\t\t<\/header><!-- .entry-header -->\n\t\t\t\t<\/div><!-- .post-inner -->\n\n\t\t\t<\/div><!-- .post-outer -->\n\t\t<\/article>\n\t\t\t<article id=\"post-112860\" class=\"post-112860 post type-post status-publish format-standard has-post-thumbnail category-noticias-pedagogia category-pedagogia tag-aciertov tag-atencion-2 tag-busca tag-conciencia tag-despertar tag-exageracion tag-llamado tag-profesor cs-entry cs-video-wrap\">\n\t\t\t<div class=\"pk-post-outer\">\n\n\t\t\t\t\t\t\t\t<div class=\"pk-post-inner\">\n\t\t\t\t\t<div class=\"entry-thumbnail\">\n\t\t\t\t\t\t<div class=\"pk-overlay pk-overlay-ratio pk-ratio-landscape\">\n\t\t\t\t\t\t\t<div class=\"pk-overlay-background\">\n\t\t\t\t\t\t\t\t<a href=\"https:\/\/webdelmaestrocmf.com\/portal\/exageracion-o-acierto-el-llamado-de-atencion-de-un-profesor-que-busca-despertar-conciencia\/\" class=\"pk-overlay-link\">\n\t\t\t\t\t\t\t\t\t<img loading=\"lazy\" decoding=\"async\" width=\"300\" height=\"225\" src=\"https:\/\/webdelmaestrocmf.com\/portal\/wp-content\/uploads\/2025\/10\/1A-Banner-1-portada-imagen-10-1-copia-2-2-300x225.webp\" class=\"attachment-pk-thumbnail size-pk-thumbnail wp-post-image\" alt=\"\" \/>\t\t\t\t\t\t\t\t<\/a>\n\t\t\t\t\t\t\t<\/div>\n\t\t\t\t\t\t<\/div>\n\t\t\t\t\t<\/div>\n\t\t\t\t<\/div>\n\t\t\t\t\n\t\t\t\t<div class=\"pk-post-inner\">\n\t\t\t\t\t<header>\n\t\t\t\t\t\t<h3 class=\"pk-title\"><a href=\"https:\/\/webdelmaestrocmf.com\/portal\/exageracion-o-acierto-el-llamado-de-atencion-de-un-profesor-que-busca-despertar-conciencia\/\" rel=\"bookmark\">\u00bfExageraci\u00f3n o acierto? El llamado de atenci\u00f3n de un profesor que busca despertar conciencia: \u00a1Por favor dejar de ver las redes sociales!<\/a><\/h3>\t\t\t\t\t<\/header><!-- .entry-header -->\n\t\t\t\t<\/div><!-- .post-inner -->\n\n\t\t\t<\/div><!-- .post-outer -->\n\t\t<\/article>\n\t\t\t<article id=\"post-112674\" class=\"post-112674 post type-post status-publish format-standard has-post-thumbnail category-noticias-pedagogia category-pedagogia tag-critica tag-fuerte tag-infantil tag-profesora cs-entry cs-video-wrap\">\n\t\t\t<div class=\"pk-post-outer\">\n\n\t\t\t\t\t\t\t\t<div class=\"pk-post-inner\">\n\t\t\t\t\t<div class=\"entry-thumbnail\">\n\t\t\t\t\t\t<div class=\"pk-overlay pk-overlay-ratio pk-ratio-landscape\">\n\t\t\t\t\t\t\t<div class=\"pk-overlay-background\">\n\t\t\t\t\t\t\t\t<a href=\"https:\/\/webdelmaestrocmf.com\/portal\/fuerte-critica-de-una-profesora-de-infantil-las-escuelas-del-siglo-xxi-no-pueden-tener-aulas-del-siglo-pasado-de-poco-me-va-a-servir-que-me-pongan-una-pizarra-digital\/\" class=\"pk-overlay-link\">\n\t\t\t\t\t\t\t\t\t<img loading=\"lazy\" decoding=\"async\" width=\"300\" height=\"225\" src=\"https:\/\/webdelmaestrocmf.com\/portal\/wp-content\/uploads\/2025\/10\/1A-Banner-1-portada-imagen-10-1-copia-9-1-300x225.webp\" class=\"attachment-pk-thumbnail size-pk-thumbnail wp-post-image\" alt=\"\" \/>\t\t\t\t\t\t\t\t<\/a>\n\t\t\t\t\t\t\t<\/div>\n\t\t\t\t\t\t<\/div>\n\t\t\t\t\t<\/div>\n\t\t\t\t<\/div>\n\t\t\t\t\n\t\t\t\t<div class=\"pk-post-inner\">\n\t\t\t\t\t<header>\n\t\t\t\t\t\t<h3 class=\"pk-title\"><a href=\"https:\/\/webdelmaestrocmf.com\/portal\/fuerte-critica-de-una-profesora-de-infantil-las-escuelas-del-siglo-xxi-no-pueden-tener-aulas-del-siglo-pasado-de-poco-me-va-a-servir-que-me-pongan-una-pizarra-digital\/\" rel=\"bookmark\">Fuerte cr\u00edtica de una profesora de infantil: Las escuelas del siglo XXI no pueden tener aulas del siglo pasado: \u201cDe poco me va a servir que me pongan una pizarra digital\u201d<\/a><\/h3>\t\t\t\t\t<\/header><!-- .entry-header -->\n\t\t\t\t<\/div><!-- .post-inner -->\n\n\t\t\t<\/div><!-- .post-outer -->\n\t\t<\/article>\n\t\t\t\t<\/div>\n\t\t<\/div>\n\t\t\n","protected":false},"excerpt":{"rendered":"El ruido y la indisciplina como s\u00edntomas del aula moderna","protected":false},"author":1,"featured_media":112671,"comment_status":"open","ping_status":"closed","sticky":false,"template":"","format":"standard","meta":{"csco_display_header_overlay":false,"csco_singular_sidebar":"","csco_page_header_type":"","csco_page_load_nextpost":"","csco_post_video_location":[],"csco_post_video_location_hash":"","csco_post_video_url":"","csco_post_video_bg_start_time":0,"csco_post_video_bg_end_time":0,"csco_post_video_bg_volume":false,"_jetpack_memberships_contains_paid_content":false,"footnotes":""},"categories":[5375,735],"tags":[1865,24277,606,107],"class_list":{"0":"post-112663","1":"post","2":"type-post","3":"status-publish","4":"format-standard","5":"has-post-thumbnail","7":"category-noticias-pedagogia","8":"category-pedagogia","9":"tag-aulas","10":"tag-desafio-2","11":"tag-disciplina","12":"tag-ocde","13":"cs-entry","14":"cs-video-wrap"},"yoast_head":"<!-- This site is optimized with the Yoast SEO plugin v27.4 - https:\/\/yoast.com\/product\/yoast-seo-wordpress\/ -->\n<title>Chile tiene las aulas m\u00e1s ruidosas del mundo, seg\u00fan el informe TALIS 2024 de la OCDE. Es el pa\u00eds que m\u00e1s tiempo pierde por el &quot;ruido&quot; en clase - 2026<\/title>\n<meta name=\"description\" content=\"El informe Talis 2024 de la OCDE ha encendido una se\u00f1al de alerta sobre la situaci\u00f3n disciplinaria en las aulas espa\u00f1olas.\" \/>\n<meta name=\"robots\" content=\"index, follow, max-snippet:-1, max-image-preview:large, max-video-preview:-1\" \/>\n<link rel=\"canonical\" href=\"https:\/\/webdelmaestrocmf.com\/portal\/chile-tiene-las-aulas-mas-ruidosas-del-mundo-segun-el-informe-talis-2024-de-la-ocde-es-el-pais-que-mas-tiempo-pierde-por-el-ruido-en-clase\/\" \/>\n<meta property=\"og:locale\" content=\"es_ES\" \/>\n<meta property=\"og:type\" content=\"article\" \/>\n<meta property=\"og:title\" content=\"Chile tiene las aulas m\u00e1s ruidosas del mundo, seg\u00fan el informe TALIS 2024 de la OCDE. Es el pa\u00eds que m\u00e1s tiempo pierde por el &quot;ruido&quot; en clase - 2026\" \/>\n<meta property=\"og:description\" content=\"El informe Talis 2024 de la OCDE ha encendido una se\u00f1al de alerta sobre la situaci\u00f3n disciplinaria en las aulas espa\u00f1olas.\" \/>\n<meta property=\"og:url\" content=\"https:\/\/webdelmaestrocmf.com\/portal\/chile-tiene-las-aulas-mas-ruidosas-del-mundo-segun-el-informe-talis-2024-de-la-ocde-es-el-pais-que-mas-tiempo-pierde-por-el-ruido-en-clase\/\" \/>\n<meta property=\"og:site_name\" content=\"Web del Maestro CMF\" \/>\n<meta property=\"article:publisher\" content=\"https:\/\/www.facebook.com\/WebdelMaestroCMF\/\" \/>\n<meta property=\"article:author\" content=\"https:\/\/www.facebook.com\/WebdelMaestroCMF\/\" \/>\n<meta property=\"article:published_time\" content=\"2025-10-17T19:56:42+00:00\" \/>\n<meta property=\"article:modified_time\" content=\"2025-10-17T22:43:01+00:00\" \/>\n<meta property=\"og:image\" content=\"https:\/\/webdelmaestrocmf.com\/portal\/wp-content\/uploads\/2025\/10\/1A-Banner-1-portada-imagen-10-1-copia-1-4.webp\" \/>\n\t<meta property=\"og:image:width\" content=\"1003\" \/>\n\t<meta property=\"og:image:height\" content=\"667\" \/>\n\t<meta property=\"og:image:type\" content=\"image\/webp\" \/>\n<meta name=\"author\" content=\"Web del Maestro CMF\" \/>\n<meta name=\"twitter:card\" content=\"summary_large_image\" \/>\n<meta name=\"twitter:creator\" content=\"@cmf_w\" \/>\n<meta name=\"twitter:site\" content=\"@cmf_w\" \/>\n<meta name=\"twitter:label1\" content=\"Escrito por\" \/>\n\t<meta name=\"twitter:data1\" content=\"Web del Maestro CMF\" \/>\n\t<meta name=\"twitter:label2\" content=\"Tiempo de lectura\" \/>\n\t<meta name=\"twitter:data2\" content=\"5 minutos\" \/>\n<script type=\"application\/ld+json\" class=\"yoast-schema-graph\">{\"@context\":\"https:\\\/\\\/schema.org\",\"@graph\":[{\"@type\":\"ScholarlyArticle\",\"@id\":\"https:\\\/\\\/webdelmaestrocmf.com\\\/portal\\\/chile-tiene-las-aulas-mas-ruidosas-del-mundo-segun-el-informe-talis-2024-de-la-ocde-es-el-pais-que-mas-tiempo-pierde-por-el-ruido-en-clase\\\/#article\",\"isPartOf\":{\"@id\":\"https:\\\/\\\/webdelmaestrocmf.com\\\/portal\\\/chile-tiene-las-aulas-mas-ruidosas-del-mundo-segun-el-informe-talis-2024-de-la-ocde-es-el-pais-que-mas-tiempo-pierde-por-el-ruido-en-clase\\\/\"},\"author\":{\"name\":\"Web del Maestro CMF\",\"@id\":\"https:\\\/\\\/webdelmaestrocmf.com\\\/portal\\\/#\\\/schema\\\/person\\\/1072a2ed7bd960df8ef99a551fa35dc5\"},\"headline\":\"Chile tiene las aulas m\u00e1s ruidosas del mundo, seg\u00fan el informe TALIS 2024 de la OCDE. Es el pa\u00eds que m\u00e1s tiempo pierde por el \u00abruido\u00bb en clase\",\"datePublished\":\"2025-10-17T19:56:42+00:00\",\"dateModified\":\"2025-10-17T22:43:01+00:00\",\"mainEntityOfPage\":{\"@id\":\"https:\\\/\\\/webdelmaestrocmf.com\\\/portal\\\/chile-tiene-las-aulas-mas-ruidosas-del-mundo-segun-el-informe-talis-2024-de-la-ocde-es-el-pais-que-mas-tiempo-pierde-por-el-ruido-en-clase\\\/\"},\"wordCount\":919,\"commentCount\":0,\"publisher\":{\"@id\":\"https:\\\/\\\/webdelmaestrocmf.com\\\/portal\\\/#organization\"},\"image\":{\"@id\":\"https:\\\/\\\/webdelmaestrocmf.com\\\/portal\\\/chile-tiene-las-aulas-mas-ruidosas-del-mundo-segun-el-informe-talis-2024-de-la-ocde-es-el-pais-que-mas-tiempo-pierde-por-el-ruido-en-clase\\\/#primaryimage\"},\"thumbnailUrl\":\"https:\\\/\\\/webdelmaestrocmf.com\\\/portal\\\/wp-content\\\/uploads\\\/2025\\\/10\\\/1A-Banner-1-portada-imagen-10-1-copia-1-4.webp\",\"keywords\":[\"AULAS\",\"desaf\u00edo\",\"DISCIPLINA\",\"OCDE\"],\"articleSection\":[\"Noticias\",\"Recursos\"],\"inLanguage\":\"es\",\"potentialAction\":[{\"@type\":\"CommentAction\",\"name\":\"Comment\",\"target\":[\"https:\\\/\\\/webdelmaestrocmf.com\\\/portal\\\/chile-tiene-las-aulas-mas-ruidosas-del-mundo-segun-el-informe-talis-2024-de-la-ocde-es-el-pais-que-mas-tiempo-pierde-por-el-ruido-en-clase\\\/#respond\"]}]},{\"@type\":\"WebPage\",\"@id\":\"https:\\\/\\\/webdelmaestrocmf.com\\\/portal\\\/chile-tiene-las-aulas-mas-ruidosas-del-mundo-segun-el-informe-talis-2024-de-la-ocde-es-el-pais-que-mas-tiempo-pierde-por-el-ruido-en-clase\\\/\",\"url\":\"https:\\\/\\\/webdelmaestrocmf.com\\\/portal\\\/chile-tiene-las-aulas-mas-ruidosas-del-mundo-segun-el-informe-talis-2024-de-la-ocde-es-el-pais-que-mas-tiempo-pierde-por-el-ruido-en-clase\\\/\",\"name\":\"Chile tiene las aulas m\u00e1s ruidosas del mundo, seg\u00fan el informe TALIS 2024 de la OCDE. Es el pa\u00eds que m\u00e1s tiempo pierde por el \\\"ruido\\\" en clase - 2026\",\"isPartOf\":{\"@id\":\"https:\\\/\\\/webdelmaestrocmf.com\\\/portal\\\/#website\"},\"primaryImageOfPage\":{\"@id\":\"https:\\\/\\\/webdelmaestrocmf.com\\\/portal\\\/chile-tiene-las-aulas-mas-ruidosas-del-mundo-segun-el-informe-talis-2024-de-la-ocde-es-el-pais-que-mas-tiempo-pierde-por-el-ruido-en-clase\\\/#primaryimage\"},\"image\":{\"@id\":\"https:\\\/\\\/webdelmaestrocmf.com\\\/portal\\\/chile-tiene-las-aulas-mas-ruidosas-del-mundo-segun-el-informe-talis-2024-de-la-ocde-es-el-pais-que-mas-tiempo-pierde-por-el-ruido-en-clase\\\/#primaryimage\"},\"thumbnailUrl\":\"https:\\\/\\\/webdelmaestrocmf.com\\\/portal\\\/wp-content\\\/uploads\\\/2025\\\/10\\\/1A-Banner-1-portada-imagen-10-1-copia-1-4.webp\",\"datePublished\":\"2025-10-17T19:56:42+00:00\",\"dateModified\":\"2025-10-17T22:43:01+00:00\",\"description\":\"El informe Talis 2024 de la OCDE ha encendido una se\u00f1al de alerta sobre la situaci\u00f3n disciplinaria en las aulas espa\u00f1olas.\",\"breadcrumb\":{\"@id\":\"https:\\\/\\\/webdelmaestrocmf.com\\\/portal\\\/chile-tiene-las-aulas-mas-ruidosas-del-mundo-segun-el-informe-talis-2024-de-la-ocde-es-el-pais-que-mas-tiempo-pierde-por-el-ruido-en-clase\\\/#breadcrumb\"},\"inLanguage\":\"es\",\"potentialAction\":[{\"@type\":\"ReadAction\",\"target\":[\"https:\\\/\\\/webdelmaestrocmf.com\\\/portal\\\/chile-tiene-las-aulas-mas-ruidosas-del-mundo-segun-el-informe-talis-2024-de-la-ocde-es-el-pais-que-mas-tiempo-pierde-por-el-ruido-en-clase\\\/\"]}]},{\"@type\":\"ImageObject\",\"inLanguage\":\"es\",\"@id\":\"https:\\\/\\\/webdelmaestrocmf.com\\\/portal\\\/chile-tiene-las-aulas-mas-ruidosas-del-mundo-segun-el-informe-talis-2024-de-la-ocde-es-el-pais-que-mas-tiempo-pierde-por-el-ruido-en-clase\\\/#primaryimage\",\"url\":\"https:\\\/\\\/webdelmaestrocmf.com\\\/portal\\\/wp-content\\\/uploads\\\/2025\\\/10\\\/1A-Banner-1-portada-imagen-10-1-copia-1-4.webp\",\"contentUrl\":\"https:\\\/\\\/webdelmaestrocmf.com\\\/portal\\\/wp-content\\\/uploads\\\/2025\\\/10\\\/1A-Banner-1-portada-imagen-10-1-copia-1-4.webp\",\"width\":1003,\"height\":667},{\"@type\":\"BreadcrumbList\",\"@id\":\"https:\\\/\\\/webdelmaestrocmf.com\\\/portal\\\/chile-tiene-las-aulas-mas-ruidosas-del-mundo-segun-el-informe-talis-2024-de-la-ocde-es-el-pais-que-mas-tiempo-pierde-por-el-ruido-en-clase\\\/#breadcrumb\",\"itemListElement\":[{\"@type\":\"ListItem\",\"position\":1,\"name\":\"Portada\",\"item\":\"https:\\\/\\\/webdelmaestrocmf.com\\\/portal\\\/\"},{\"@type\":\"ListItem\",\"position\":2,\"name\":\"Recursos\",\"item\":\"https:\\\/\\\/webdelmaestrocmf.com\\\/portal\\\/category\\\/pedagogia\\\/\"},{\"@type\":\"ListItem\",\"position\":3,\"name\":\"Chile tiene las aulas m\u00e1s ruidosas del mundo, seg\u00fan el informe TALIS 2024 de la OCDE. Es el pa\u00eds que m\u00e1s tiempo pierde por el \u00abruido\u00bb en clase\"}]},{\"@type\":\"WebSite\",\"@id\":\"https:\\\/\\\/webdelmaestrocmf.com\\\/portal\\\/#website\",\"url\":\"https:\\\/\\\/webdelmaestrocmf.com\\\/portal\\\/\",\"name\":\"Web del Maestro CMF\",\"description\":\"Maestros al servicio de la educaci\u00f3n\",\"publisher\":{\"@id\":\"https:\\\/\\\/webdelmaestrocmf.com\\\/portal\\\/#organization\"},\"alternateName\":\"WMCMF\",\"potentialAction\":[{\"@type\":\"SearchAction\",\"target\":{\"@type\":\"EntryPoint\",\"urlTemplate\":\"https:\\\/\\\/webdelmaestrocmf.com\\\/portal\\\/?s={search_term_string}\"},\"query-input\":{\"@type\":\"PropertyValueSpecification\",\"valueRequired\":true,\"valueName\":\"search_term_string\"}}],\"inLanguage\":\"es\"},{\"@type\":\"Organization\",\"@id\":\"https:\\\/\\\/webdelmaestrocmf.com\\\/portal\\\/#organization\",\"name\":\"Web del Maestro CMF\",\"alternateName\":\"WMCMF\",\"url\":\"https:\\\/\\\/webdelmaestrocmf.com\\\/portal\\\/\",\"logo\":{\"@type\":\"ImageObject\",\"inLanguage\":\"es\",\"@id\":\"https:\\\/\\\/webdelmaestrocmf.com\\\/portal\\\/#\\\/schema\\\/logo\\\/image\\\/\",\"url\":\"https:\\\/\\\/webdelmaestrocmf.com\\\/portal\\\/wp-content\\\/uploads\\\/2023\\\/01\\\/logo-wmcmf-2.png\",\"contentUrl\":\"https:\\\/\\\/webdelmaestrocmf.com\\\/portal\\\/wp-content\\\/uploads\\\/2023\\\/01\\\/logo-wmcmf-2.png\",\"width\":200,\"height\":60,\"caption\":\"Web del Maestro CMF\"},\"image\":{\"@id\":\"https:\\\/\\\/webdelmaestrocmf.com\\\/portal\\\/#\\\/schema\\\/logo\\\/image\\\/\"},\"sameAs\":[\"https:\\\/\\\/www.facebook.com\\\/WebdelMaestroCMF\\\/\",\"https:\\\/\\\/x.com\\\/cmf_w\",\"https:\\\/\\\/www.pinterest.com\\\/WMCMF\\\/\",\"https:\\\/\\\/www.linkedin.com\\\/company\\\/web-del-maestro-cmf\\\/\",\"https:\\\/\\\/www.instagram.com\\\/wmcmf\\\/\",\"https:\\\/\\\/www.youtube.com\\\/channel\\\/UCDPSvjbdodE5sHnC3OxutHw\",\"https:\\\/\\\/mastodon.social\\\/@wmcmf\",\"https:\\\/\\\/www.tiktok.com\\\/@webdelmaestrocmf\"]},{\"@type\":\"Person\",\"@id\":\"https:\\\/\\\/webdelmaestrocmf.com\\\/portal\\\/#\\\/schema\\\/person\\\/1072a2ed7bd960df8ef99a551fa35dc5\",\"name\":\"Web del Maestro CMF\",\"image\":{\"@type\":\"ImageObject\",\"inLanguage\":\"es\",\"@id\":\"https:\\\/\\\/secure.gravatar.com\\\/avatar\\\/23291dd5b5ae1077dcff3dbb04c3e02bd28403fa75af6d8787d5e97c5bbbe30b?s=96&d=mm&r=g\",\"url\":\"https:\\\/\\\/secure.gravatar.com\\\/avatar\\\/23291dd5b5ae1077dcff3dbb04c3e02bd28403fa75af6d8787d5e97c5bbbe30b?s=96&d=mm&r=g\",\"contentUrl\":\"https:\\\/\\\/secure.gravatar.com\\\/avatar\\\/23291dd5b5ae1077dcff3dbb04c3e02bd28403fa75af6d8787d5e97c5bbbe30b?s=96&d=mm&r=g\",\"caption\":\"Web del Maestro CMF\"},\"description\":\"Esta Web se cre\u00f3 sin fines de lucro, con fines educativos, cient\u00edficos y acad\u00e9micos, para personas que tengan dificultades y\\\/o inconvenientes en visualizar el material original. El objetivo es entregar recursos, compartir experiencias y materiales que ayuden a los padres de familia, maestros y estudiantes en su actualizaci\u00f3n y formaci\u00f3n permanente, en bien de la Educaci\u00f3n.\",\"sameAs\":[\"http:\\\/\\\/webdelmaestrocmf.com\\\/portal\",\"https:\\\/\\\/www.facebook.com\\\/WebdelMaestroCMF\\\/\",\"https:\\\/\\\/www.instagram.com\\\/wmcmf\\\/\",\"https:\\\/\\\/cl.linkedin.com\\\/company\\\/web-del-maestro-cmf\",\"https:\\\/\\\/www.pinterest.com\\\/WMCMF\\\/publicaciones\\\/\",\"https:\\\/\\\/x.com\\\/cmf_w\",\"https:\\\/\\\/www.youtube.com\\\/@WMCMF\"]}]}<\/script>\n<!-- \/ Yoast SEO plugin. -->","yoast_head_json":{"title":"Chile tiene las aulas m\u00e1s ruidosas del mundo, seg\u00fan el informe TALIS 2024 de la OCDE. Es el pa\u00eds que m\u00e1s tiempo pierde por el \"ruido\" en clase - 2026","description":"El informe Talis 2024 de la OCDE ha encendido una se\u00f1al de alerta sobre la situaci\u00f3n disciplinaria en las aulas espa\u00f1olas.","robots":{"index":"index","follow":"follow","max-snippet":"max-snippet:-1","max-image-preview":"max-image-preview:large","max-video-preview":"max-video-preview:-1"},"canonical":"https:\/\/webdelmaestrocmf.com\/portal\/chile-tiene-las-aulas-mas-ruidosas-del-mundo-segun-el-informe-talis-2024-de-la-ocde-es-el-pais-que-mas-tiempo-pierde-por-el-ruido-en-clase\/","og_locale":"es_ES","og_type":"article","og_title":"Chile tiene las aulas m\u00e1s ruidosas del mundo, seg\u00fan el informe TALIS 2024 de la OCDE. Es el pa\u00eds que m\u00e1s tiempo pierde por el \"ruido\" en clase - 2026","og_description":"El informe Talis 2024 de la OCDE ha encendido una se\u00f1al de alerta sobre la situaci\u00f3n disciplinaria en las aulas espa\u00f1olas.","og_url":"https:\/\/webdelmaestrocmf.com\/portal\/chile-tiene-las-aulas-mas-ruidosas-del-mundo-segun-el-informe-talis-2024-de-la-ocde-es-el-pais-que-mas-tiempo-pierde-por-el-ruido-en-clase\/","og_site_name":"Web del Maestro CMF","article_publisher":"https:\/\/www.facebook.com\/WebdelMaestroCMF\/","article_author":"https:\/\/www.facebook.com\/WebdelMaestroCMF\/","article_published_time":"2025-10-17T19:56:42+00:00","article_modified_time":"2025-10-17T22:43:01+00:00","og_image":[{"width":1003,"height":667,"url":"https:\/\/webdelmaestrocmf.com\/portal\/wp-content\/uploads\/2025\/10\/1A-Banner-1-portada-imagen-10-1-copia-1-4.webp","type":"image\/webp"}],"author":"Web del Maestro CMF","twitter_card":"summary_large_image","twitter_creator":"@cmf_w","twitter_site":"@cmf_w","twitter_misc":{"Escrito por":"Web del Maestro CMF","Tiempo de lectura":"5 minutos"},"schema":{"@context":"https:\/\/schema.org","@graph":[{"@type":"ScholarlyArticle","@id":"https:\/\/webdelmaestrocmf.com\/portal\/chile-tiene-las-aulas-mas-ruidosas-del-mundo-segun-el-informe-talis-2024-de-la-ocde-es-el-pais-que-mas-tiempo-pierde-por-el-ruido-en-clase\/#article","isPartOf":{"@id":"https:\/\/webdelmaestrocmf.com\/portal\/chile-tiene-las-aulas-mas-ruidosas-del-mundo-segun-el-informe-talis-2024-de-la-ocde-es-el-pais-que-mas-tiempo-pierde-por-el-ruido-en-clase\/"},"author":{"name":"Web del Maestro CMF","@id":"https:\/\/webdelmaestrocmf.com\/portal\/#\/schema\/person\/1072a2ed7bd960df8ef99a551fa35dc5"},"headline":"Chile tiene las aulas m\u00e1s ruidosas del mundo, seg\u00fan el informe TALIS 2024 de la OCDE. Es el pa\u00eds que m\u00e1s tiempo pierde por el \u00abruido\u00bb en clase","datePublished":"2025-10-17T19:56:42+00:00","dateModified":"2025-10-17T22:43:01+00:00","mainEntityOfPage":{"@id":"https:\/\/webdelmaestrocmf.com\/portal\/chile-tiene-las-aulas-mas-ruidosas-del-mundo-segun-el-informe-talis-2024-de-la-ocde-es-el-pais-que-mas-tiempo-pierde-por-el-ruido-en-clase\/"},"wordCount":919,"commentCount":0,"publisher":{"@id":"https:\/\/webdelmaestrocmf.com\/portal\/#organization"},"image":{"@id":"https:\/\/webdelmaestrocmf.com\/portal\/chile-tiene-las-aulas-mas-ruidosas-del-mundo-segun-el-informe-talis-2024-de-la-ocde-es-el-pais-que-mas-tiempo-pierde-por-el-ruido-en-clase\/#primaryimage"},"thumbnailUrl":"https:\/\/webdelmaestrocmf.com\/portal\/wp-content\/uploads\/2025\/10\/1A-Banner-1-portada-imagen-10-1-copia-1-4.webp","keywords":["AULAS","desaf\u00edo","DISCIPLINA","OCDE"],"articleSection":["Noticias","Recursos"],"inLanguage":"es","potentialAction":[{"@type":"CommentAction","name":"Comment","target":["https:\/\/webdelmaestrocmf.com\/portal\/chile-tiene-las-aulas-mas-ruidosas-del-mundo-segun-el-informe-talis-2024-de-la-ocde-es-el-pais-que-mas-tiempo-pierde-por-el-ruido-en-clase\/#respond"]}]},{"@type":"WebPage","@id":"https:\/\/webdelmaestrocmf.com\/portal\/chile-tiene-las-aulas-mas-ruidosas-del-mundo-segun-el-informe-talis-2024-de-la-ocde-es-el-pais-que-mas-tiempo-pierde-por-el-ruido-en-clase\/","url":"https:\/\/webdelmaestrocmf.com\/portal\/chile-tiene-las-aulas-mas-ruidosas-del-mundo-segun-el-informe-talis-2024-de-la-ocde-es-el-pais-que-mas-tiempo-pierde-por-el-ruido-en-clase\/","name":"Chile tiene las aulas m\u00e1s ruidosas del mundo, seg\u00fan el informe TALIS 2024 de la OCDE. Es el pa\u00eds que m\u00e1s tiempo pierde por el \"ruido\" en clase - 2026","isPartOf":{"@id":"https:\/\/webdelmaestrocmf.com\/portal\/#website"},"primaryImageOfPage":{"@id":"https:\/\/webdelmaestrocmf.com\/portal\/chile-tiene-las-aulas-mas-ruidosas-del-mundo-segun-el-informe-talis-2024-de-la-ocde-es-el-pais-que-mas-tiempo-pierde-por-el-ruido-en-clase\/#primaryimage"},"image":{"@id":"https:\/\/webdelmaestrocmf.com\/portal\/chile-tiene-las-aulas-mas-ruidosas-del-mundo-segun-el-informe-talis-2024-de-la-ocde-es-el-pais-que-mas-tiempo-pierde-por-el-ruido-en-clase\/#primaryimage"},"thumbnailUrl":"https:\/\/webdelmaestrocmf.com\/portal\/wp-content\/uploads\/2025\/10\/1A-Banner-1-portada-imagen-10-1-copia-1-4.webp","datePublished":"2025-10-17T19:56:42+00:00","dateModified":"2025-10-17T22:43:01+00:00","description":"El informe Talis 2024 de la OCDE ha encendido una se\u00f1al de alerta sobre la situaci\u00f3n disciplinaria en las aulas espa\u00f1olas.","breadcrumb":{"@id":"https:\/\/webdelmaestrocmf.com\/portal\/chile-tiene-las-aulas-mas-ruidosas-del-mundo-segun-el-informe-talis-2024-de-la-ocde-es-el-pais-que-mas-tiempo-pierde-por-el-ruido-en-clase\/#breadcrumb"},"inLanguage":"es","potentialAction":[{"@type":"ReadAction","target":["https:\/\/webdelmaestrocmf.com\/portal\/chile-tiene-las-aulas-mas-ruidosas-del-mundo-segun-el-informe-talis-2024-de-la-ocde-es-el-pais-que-mas-tiempo-pierde-por-el-ruido-en-clase\/"]}]},{"@type":"ImageObject","inLanguage":"es","@id":"https:\/\/webdelmaestrocmf.com\/portal\/chile-tiene-las-aulas-mas-ruidosas-del-mundo-segun-el-informe-talis-2024-de-la-ocde-es-el-pais-que-mas-tiempo-pierde-por-el-ruido-en-clase\/#primaryimage","url":"https:\/\/webdelmaestrocmf.com\/portal\/wp-content\/uploads\/2025\/10\/1A-Banner-1-portada-imagen-10-1-copia-1-4.webp","contentUrl":"https:\/\/webdelmaestrocmf.com\/portal\/wp-content\/uploads\/2025\/10\/1A-Banner-1-portada-imagen-10-1-copia-1-4.webp","width":1003,"height":667},{"@type":"BreadcrumbList","@id":"https:\/\/webdelmaestrocmf.com\/portal\/chile-tiene-las-aulas-mas-ruidosas-del-mundo-segun-el-informe-talis-2024-de-la-ocde-es-el-pais-que-mas-tiempo-pierde-por-el-ruido-en-clase\/#breadcrumb","itemListElement":[{"@type":"ListItem","position":1,"name":"Portada","item":"https:\/\/webdelmaestrocmf.com\/portal\/"},{"@type":"ListItem","position":2,"name":"Recursos","item":"https:\/\/webdelmaestrocmf.com\/portal\/category\/pedagogia\/"},{"@type":"ListItem","position":3,"name":"Chile tiene las aulas m\u00e1s ruidosas del mundo, seg\u00fan el informe TALIS 2024 de la OCDE. Es el pa\u00eds que m\u00e1s tiempo pierde por el \u00abruido\u00bb en clase"}]},{"@type":"WebSite","@id":"https:\/\/webdelmaestrocmf.com\/portal\/#website","url":"https:\/\/webdelmaestrocmf.com\/portal\/","name":"Web del Maestro CMF","description":"Maestros al servicio de la educaci\u00f3n","publisher":{"@id":"https:\/\/webdelmaestrocmf.com\/portal\/#organization"},"alternateName":"WMCMF","potentialAction":[{"@type":"SearchAction","target":{"@type":"EntryPoint","urlTemplate":"https:\/\/webdelmaestrocmf.com\/portal\/?s={search_term_string}"},"query-input":{"@type":"PropertyValueSpecification","valueRequired":true,"valueName":"search_term_string"}}],"inLanguage":"es"},{"@type":"Organization","@id":"https:\/\/webdelmaestrocmf.com\/portal\/#organization","name":"Web del Maestro CMF","alternateName":"WMCMF","url":"https:\/\/webdelmaestrocmf.com\/portal\/","logo":{"@type":"ImageObject","inLanguage":"es","@id":"https:\/\/webdelmaestrocmf.com\/portal\/#\/schema\/logo\/image\/","url":"https:\/\/webdelmaestrocmf.com\/portal\/wp-content\/uploads\/2023\/01\/logo-wmcmf-2.png","contentUrl":"https:\/\/webdelmaestrocmf.com\/portal\/wp-content\/uploads\/2023\/01\/logo-wmcmf-2.png","width":200,"height":60,"caption":"Web del Maestro CMF"},"image":{"@id":"https:\/\/webdelmaestrocmf.com\/portal\/#\/schema\/logo\/image\/"},"sameAs":["https:\/\/www.facebook.com\/WebdelMaestroCMF\/","https:\/\/x.com\/cmf_w","https:\/\/www.pinterest.com\/WMCMF\/","https:\/\/www.linkedin.com\/company\/web-del-maestro-cmf\/","https:\/\/www.instagram.com\/wmcmf\/","https:\/\/www.youtube.com\/channel\/UCDPSvjbdodE5sHnC3OxutHw","https:\/\/mastodon.social\/@wmcmf","https:\/\/www.tiktok.com\/@webdelmaestrocmf"]},{"@type":"Person","@id":"https:\/\/webdelmaestrocmf.com\/portal\/#\/schema\/person\/1072a2ed7bd960df8ef99a551fa35dc5","name":"Web del Maestro CMF","image":{"@type":"ImageObject","inLanguage":"es","@id":"https:\/\/secure.gravatar.com\/avatar\/23291dd5b5ae1077dcff3dbb04c3e02bd28403fa75af6d8787d5e97c5bbbe30b?s=96&d=mm&r=g","url":"https:\/\/secure.gravatar.com\/avatar\/23291dd5b5ae1077dcff3dbb04c3e02bd28403fa75af6d8787d5e97c5bbbe30b?s=96&d=mm&r=g","contentUrl":"https:\/\/secure.gravatar.com\/avatar\/23291dd5b5ae1077dcff3dbb04c3e02bd28403fa75af6d8787d5e97c5bbbe30b?s=96&d=mm&r=g","caption":"Web del Maestro CMF"},"description":"Esta Web se cre\u00f3 sin fines de lucro, con fines educativos, cient\u00edficos y acad\u00e9micos, para personas que tengan dificultades y\/o inconvenientes en visualizar el material original. El objetivo es entregar recursos, compartir experiencias y materiales que ayuden a los padres de familia, maestros y estudiantes en su actualizaci\u00f3n y formaci\u00f3n permanente, en bien de la Educaci\u00f3n.","sameAs":["http:\/\/webdelmaestrocmf.com\/portal","https:\/\/www.facebook.com\/WebdelMaestroCMF\/","https:\/\/www.instagram.com\/wmcmf\/","https:\/\/cl.linkedin.com\/company\/web-del-maestro-cmf","https:\/\/www.pinterest.com\/WMCMF\/publicaciones\/","https:\/\/x.com\/cmf_w","https:\/\/www.youtube.com\/@WMCMF"]}]}},"jetpack_featured_media_url":"https:\/\/webdelmaestrocmf.com\/portal\/wp-content\/uploads\/2025\/10\/1A-Banner-1-portada-imagen-10-1-copia-1-4.webp","jetpack_sharing_enabled":true,"jetpack-related-posts":[{"id":38670,"url":"https:\/\/webdelmaestrocmf.com\/portal\/cuantas-horas-pierden-los-profesores-intentando-poner-orden-en-clase\/","url_meta":{"origin":112663,"position":0},"title":"Cu\u00e1ntas horas pierden los profesores intentando poner orden en clase","author":"Web del Maestro CMF","date":"26 junio, 2025","format":false,"excerpt":"Un ambiente de aprendizaje efectivo, merece un an\u00e1lisis detenido de los desaf\u00edos inherentes y las posibles soluciones para optimizar el tiempo dedicado a la ense\u00f1anza.","rel":"","context":"En \u00abConsejos\u00bb","block_context":{"text":"Consejos","link":"https:\/\/webdelmaestrocmf.com\/portal\/category\/pedagogia\/consejos\/"},"img":{"alt_text":"","src":"https:\/\/i0.wp.com\/webdelmaestrocmf.com\/portal\/wp-content\/uploads\/2022\/04\/1A-Banner-1-portada-imagen-10-1-copia-13.jpg?resize=350%2C200&ssl=1","width":350,"height":200,"srcset":"https:\/\/i0.wp.com\/webdelmaestrocmf.com\/portal\/wp-content\/uploads\/2022\/04\/1A-Banner-1-portada-imagen-10-1-copia-13.jpg?resize=350%2C200&ssl=1 1x, https:\/\/i0.wp.com\/webdelmaestrocmf.com\/portal\/wp-content\/uploads\/2022\/04\/1A-Banner-1-portada-imagen-10-1-copia-13.jpg?resize=525%2C300&ssl=1 1.5x, https:\/\/i0.wp.com\/webdelmaestrocmf.com\/portal\/wp-content\/uploads\/2022\/04\/1A-Banner-1-portada-imagen-10-1-copia-13.jpg?resize=700%2C400&ssl=1 2x"},"classes":[]},{"id":115057,"url":"https:\/\/webdelmaestrocmf.com\/portal\/uno-de-cada-cinco-docentes-de-secundaria-se-plantea-abandonar-la-profesion\/","url_meta":{"origin":112663,"position":1},"title":"Uno de cada cinco docentes de Secundaria se plantea abandonar la profesi\u00f3n","author":"Web del Maestro CMF","date":"30 enero, 2026","format":false,"excerpt":"Uno de cada cinco docentes de Secundaria piensa abandonar la docencia por estr\u00e9s, burocracia, falta de tiempo y aulas complejas.","rel":"","context":"En \u00abNoticias Internacionales\u00bb","block_context":{"text":"Noticias Internacionales","link":"https:\/\/webdelmaestrocmf.com\/portal\/category\/noticias-internacionales\/"},"img":{"alt_text":"","src":"https:\/\/i0.wp.com\/webdelmaestrocmf.com\/portal\/wp-content\/uploads\/2026\/01\/1A-Banner-1-portada-imagen-10-1-copia-4.jpg?resize=350%2C200&ssl=1","width":350,"height":200,"srcset":"https:\/\/i0.wp.com\/webdelmaestrocmf.com\/portal\/wp-content\/uploads\/2026\/01\/1A-Banner-1-portada-imagen-10-1-copia-4.jpg?resize=350%2C200&ssl=1 1x, https:\/\/i0.wp.com\/webdelmaestrocmf.com\/portal\/wp-content\/uploads\/2026\/01\/1A-Banner-1-portada-imagen-10-1-copia-4.jpg?resize=525%2C300&ssl=1 1.5x, https:\/\/i0.wp.com\/webdelmaestrocmf.com\/portal\/wp-content\/uploads\/2026\/01\/1A-Banner-1-portada-imagen-10-1-copia-4.jpg?resize=700%2C400&ssl=1 2x"},"classes":[]},{"id":113093,"url":"https:\/\/webdelmaestrocmf.com\/portal\/el-bienestar-docente-una-urgencia-nacional-avalada-por-los-datos-de-la-ocde\/","url_meta":{"origin":112663,"position":2},"title":"El bienestar docente, una urgencia avalada por los datos de la OCDE","author":"Web del Maestro CMF","date":"3 noviembre, 2025","format":false,"excerpt":"El Informe TALIS 2024 de la OCDE, publicado en 2025, confirma una crisis que los docentes llevan a\u00f1os denunciando: la docencia se ha vuelto una profesi\u00f3n emocionalmente insostenible. M\u00e1s del 50 % del profesorado sufre altos niveles de estr\u00e9s por la correcci\u00f3n, la burocracia y la sobrecarga de tareas, en\u2026","rel":"","context":"En \u00abNoticias Internacionales\u00bb","block_context":{"text":"Noticias Internacionales","link":"https:\/\/webdelmaestrocmf.com\/portal\/category\/noticias-internacionales\/"},"img":{"alt_text":"","src":"https:\/\/i0.wp.com\/webdelmaestrocmf.com\/portal\/wp-content\/uploads\/2025\/11\/1A-Banner-1-portada-imagen-10-1-copia-14.webp?resize=350%2C200&ssl=1","width":350,"height":200,"srcset":"https:\/\/i0.wp.com\/webdelmaestrocmf.com\/portal\/wp-content\/uploads\/2025\/11\/1A-Banner-1-portada-imagen-10-1-copia-14.webp?resize=350%2C200&ssl=1 1x, https:\/\/i0.wp.com\/webdelmaestrocmf.com\/portal\/wp-content\/uploads\/2025\/11\/1A-Banner-1-portada-imagen-10-1-copia-14.webp?resize=525%2C300&ssl=1 1.5x, https:\/\/i0.wp.com\/webdelmaestrocmf.com\/portal\/wp-content\/uploads\/2025\/11\/1A-Banner-1-portada-imagen-10-1-copia-14.webp?resize=700%2C400&ssl=1 2x"},"classes":[]},{"id":115617,"url":"https:\/\/webdelmaestrocmf.com\/portal\/la-adopcion-de-inteligencia-artificial-en-el-sector-educativo-brechas-desafios-y-oportunidades\/","url_meta":{"origin":112663,"position":3},"title":"La adopci\u00f3n de inteligencia artificial en el sector educativo: brechas, desaf\u00edos y oportunidades","author":"Web del Maestro CMF","date":"1 marzo, 2026","format":false,"excerpt":"TALIS 2024 revela baja adopci\u00f3n de IA docente en Espa\u00f1a, marcada por edad y limitada por brechas digitales.","rel":"","context":"En \u00abNoticias Internacionales\u00bb","block_context":{"text":"Noticias Internacionales","link":"https:\/\/webdelmaestrocmf.com\/portal\/category\/noticias-internacionales\/"},"img":{"alt_text":"","src":"https:\/\/i0.wp.com\/webdelmaestrocmf.com\/portal\/wp-content\/uploads\/2026\/03\/1A-Banner-1-portada-imagen-10-1-copia-3.jpg?resize=350%2C200&ssl=1","width":350,"height":200,"srcset":"https:\/\/i0.wp.com\/webdelmaestrocmf.com\/portal\/wp-content\/uploads\/2026\/03\/1A-Banner-1-portada-imagen-10-1-copia-3.jpg?resize=350%2C200&ssl=1 1x, https:\/\/i0.wp.com\/webdelmaestrocmf.com\/portal\/wp-content\/uploads\/2026\/03\/1A-Banner-1-portada-imagen-10-1-copia-3.jpg?resize=525%2C300&ssl=1 1.5x, https:\/\/i0.wp.com\/webdelmaestrocmf.com\/portal\/wp-content\/uploads\/2026\/03\/1A-Banner-1-portada-imagen-10-1-copia-3.jpg?resize=700%2C400&ssl=1 2x"},"classes":[]},{"id":36704,"url":"https:\/\/webdelmaestrocmf.com\/portal\/la-carrera-de-educacion-es-una-de-las-peores-pagadas-dentro-los-ultimos-cinco-anos\/","url_meta":{"origin":112663,"position":4},"title":"La carrera de educaci\u00f3n es una de las peores pagadas dentro de los \u00faltimos a\u00f1os en Latinoam\u00e9rica","author":"Web del Maestro CMF","date":"30 noviembre, 2019","format":false,"excerpt":"La profesi\u00f3n docente, en general, est\u00e1 muy poco remunerada si tenemos en cuenta la gran preparaci\u00f3n que se requiere para el desempe\u00f1o de la misma. Al margen del hecho de que el total de los sueldos de los maestros constituye la mayor parte de los gastos de ense\u00f1anza y de\u2026","rel":"","context":"En \u00abDocentes\u00bb","block_context":{"text":"Docentes","link":"https:\/\/webdelmaestrocmf.com\/portal\/category\/pedagogia\/docentes\/"},"img":{"alt_text":"","src":"https:\/\/i0.wp.com\/webdelmaestrocmf.com\/portal\/wp-content\/uploads\/2019\/11\/2a.jpg?resize=350%2C200&ssl=1","width":350,"height":200,"srcset":"https:\/\/i0.wp.com\/webdelmaestrocmf.com\/portal\/wp-content\/uploads\/2019\/11\/2a.jpg?resize=350%2C200&ssl=1 1x, https:\/\/i0.wp.com\/webdelmaestrocmf.com\/portal\/wp-content\/uploads\/2019\/11\/2a.jpg?resize=525%2C300&ssl=1 1.5x, https:\/\/i0.wp.com\/webdelmaestrocmf.com\/portal\/wp-content\/uploads\/2019\/11\/2a.jpg?resize=700%2C400&ssl=1 2x, https:\/\/i0.wp.com\/webdelmaestrocmf.com\/portal\/wp-content\/uploads\/2019\/11\/2a.jpg?resize=1050%2C600&ssl=1 3x"},"classes":[]},{"id":108938,"url":"https:\/\/webdelmaestrocmf.com\/portal\/los-alumnos-que-usan-menos-tecnologia-en-el-aula-rinden-mejor\/","url_meta":{"origin":112663,"position":5},"title":"Los alumnos que usan menos tecnolog\u00eda en el aula rinden mejor","author":"Web del Maestro CMF","date":"20 mayo, 2025","format":false,"excerpt":"Los resultados del \u00faltimo informe PISA, publicado en diciembre de 2023, han reabierto el debate sobre el uso intensivo de la tecnolog\u00eda en el aula. M\u00e1s all\u00e1 de las ca\u00eddas generalizadas en el rendimiento escolar por el impacto de la pandemia, los datos dejan una alerta clara: los estudiantes que\u2026","rel":"","context":"En \u00abInformativo\u00bb","block_context":{"text":"Informativo","link":"https:\/\/webdelmaestrocmf.com\/portal\/category\/tecnologia\/informativo-tecnologia\/"},"img":{"alt_text":"","src":"https:\/\/i0.wp.com\/webdelmaestrocmf.com\/portal\/wp-content\/uploads\/2025\/05\/1A-Banner-1-portada-imagen-10-1-10.jpg?resize=350%2C200&ssl=1","width":350,"height":200,"srcset":"https:\/\/i0.wp.com\/webdelmaestrocmf.com\/portal\/wp-content\/uploads\/2025\/05\/1A-Banner-1-portada-imagen-10-1-10.jpg?resize=350%2C200&ssl=1 1x, https:\/\/i0.wp.com\/webdelmaestrocmf.com\/portal\/wp-content\/uploads\/2025\/05\/1A-Banner-1-portada-imagen-10-1-10.jpg?resize=525%2C300&ssl=1 1.5x, https:\/\/i0.wp.com\/webdelmaestrocmf.com\/portal\/wp-content\/uploads\/2025\/05\/1A-Banner-1-portada-imagen-10-1-10.jpg?resize=700%2C400&ssl=1 2x"},"classes":[]}],"_links":{"self":[{"href":"https:\/\/webdelmaestrocmf.com\/portal\/wp-json\/wp\/v2\/posts\/112663","targetHints":{"allow":["GET"]}}],"collection":[{"href":"https:\/\/webdelmaestrocmf.com\/portal\/wp-json\/wp\/v2\/posts"}],"about":[{"href":"https:\/\/webdelmaestrocmf.com\/portal\/wp-json\/wp\/v2\/types\/post"}],"author":[{"embeddable":true,"href":"https:\/\/webdelmaestrocmf.com\/portal\/wp-json\/wp\/v2\/users\/1"}],"replies":[{"embeddable":true,"href":"https:\/\/webdelmaestrocmf.com\/portal\/wp-json\/wp\/v2\/comments?post=112663"}],"version-history":[{"count":3,"href":"https:\/\/webdelmaestrocmf.com\/portal\/wp-json\/wp\/v2\/posts\/112663\/revisions"}],"predecessor-version":[{"id":112673,"href":"https:\/\/webdelmaestrocmf.com\/portal\/wp-json\/wp\/v2\/posts\/112663\/revisions\/112673"}],"wp:featuredmedia":[{"embeddable":true,"href":"https:\/\/webdelmaestrocmf.com\/portal\/wp-json\/wp\/v2\/media\/112671"}],"wp:attachment":[{"href":"https:\/\/webdelmaestrocmf.com\/portal\/wp-json\/wp\/v2\/media?parent=112663"}],"wp:term":[{"taxonomy":"category","embeddable":true,"href":"https:\/\/webdelmaestrocmf.com\/portal\/wp-json\/wp\/v2\/categories?post=112663"},{"taxonomy":"post_tag","embeddable":true,"href":"https:\/\/webdelmaestrocmf.com\/portal\/wp-json\/wp\/v2\/tags?post=112663"}],"curies":[{"name":"wp","href":"https:\/\/api.w.org\/{rel}","templated":true}]}}