{"id":112385,"date":"2025-10-01T19:37:41","date_gmt":"2025-10-01T22:37:41","guid":{"rendered":"https:\/\/webdelmaestrocmf.com\/portal\/?p=112385"},"modified":"2025-10-01T19:47:29","modified_gmt":"2025-10-01T22:47:29","slug":"adios-al-papel-japon-permitira-el-uso-exclusivo-de-libros-de-texto-digitales-en-los-colegios-para-el-ano-2030","status":"publish","type":"post","link":"https:\/\/webdelmaestrocmf.com\/portal\/adios-al-papel-japon-permitira-el-uso-exclusivo-de-libros-de-texto-digitales-en-los-colegios-para-el-ano-2030\/","title":{"rendered":"\u00a1Adi\u00f3s al papel! Jap\u00f3n permitir\u00e1 el uso exclusivo de libros de texto digitales en los colegios para el a\u00f1o 2030"},"content":{"rendered":"\n<p>El Ministerio de Educaci\u00f3n de Jap\u00f3n ha aprobado una medida hist\u00f3rica que transformar\u00e1 el futuro del aprendizaje escolar: a partir del a\u00f1o 2030, las escuelas podr\u00e1n utilizar <strong>libros de texto completamente digitales<\/strong>, sin necesidad de versiones impresas. Esta decisi\u00f3n, que marca un antes y un despu\u00e9s en la educaci\u00f3n del pa\u00eds, busca adaptarse a los avances tecnol\u00f3gicos y al nuevo perfil de los estudiantes, aunque no est\u00e1 exenta de retos y cuestionamientos.<\/p>\n\n\n\n<h3 class=\"wp-block-heading\"><strong>Una decisi\u00f3n que cambia el modelo educativo<\/strong><\/h3>\n\n\n\n<p>Hasta ahora, los libros digitales en Jap\u00f3n se hab\u00edan utilizado \u00fanicamente como r\u00e9plicas exactas de los textos impresos, es decir, funcionaban como un complemento m\u00e1s que como un sustituto. Sin embargo, con esta nueva normativa, los textos dise\u00f1ados para formato digital tendr\u00e1n autonom\u00eda propia y deber\u00e1n someterse a un proceso de revisi\u00f3n oficial para garantizar su calidad pedag\u00f3gica.<\/p>\n\n\n\n<p>La medida permite a las juntas educativas locales optar por tres modalidades:<\/p>\n\n\n\n<ol class=\"wp-block-list\">\n<li>Libros 100 % digitales.<\/li>\n\n\n\n<li>Libros impresos tradicionales.<\/li>\n\n\n\n<li>Un modelo h\u00edbrido que combine ambos formatos.<\/li>\n<\/ol>\n\n\n\n<p>De este modo, las escuelas conservar\u00e1n un margen de flexibilidad para decidir qu\u00e9 sistema se adapta mejor a sus estudiantes y contextos locales.<\/p>\n\n\n\n<h3 class=\"wp-block-heading\"><strong>Ventajas esperadas<\/strong><\/h3>\n\n\n\n<p>El uso de libros digitales abre la puerta a contenidos interactivos y actualizables, algo impensable en los textos impresos. Los docentes podr\u00e1n disponer de materiales m\u00e1s din\u00e1micos, con recursos multimedia, animaciones y enlaces que enriquezcan la experiencia de aprendizaje. Adem\u00e1s, se espera que esta transici\u00f3n:<\/p>\n\n\n\n<ul class=\"wp-block-list\">\n<li>Reduzca costos de impresi\u00f3n y distribuci\u00f3n en el largo plazo.<\/li>\n\n\n\n<li>Agilice la actualizaci\u00f3n de contenidos, especialmente en materias que evolucionan r\u00e1pidamente como ciencias y tecnolog\u00eda.<\/li>\n\n\n\n<li>Facilite el acceso remoto al material escolar, algo que qued\u00f3 en evidencia durante la pandemia como una necesidad urgente.<\/li>\n<\/ul>\n\n\n\n<h3 class=\"wp-block-heading\"><strong>Retos y preocupaciones<\/strong><\/h3>\n\n\n\n<p>No obstante, la decisi\u00f3n tambi\u00e9n ha generado preocupaci\u00f3n entre expertos y familias. El debate se centra en los efectos que podr\u00eda tener la exposici\u00f3n prolongada a pantallas en la salud visual de los ni\u00f1os, as\u00ed como en el riesgo de fatiga digital y distracciones frente a dispositivos electr\u00f3nicos.<\/p>\n\n\n\n<p>Otro desaf\u00edo importante ser\u00e1 garantizar la equidad tecnol\u00f3gica. No todas las familias cuentan con dispositivos adecuados o conexi\u00f3n estable a internet, lo que podr\u00eda profundizar brechas entre estudiantes.<\/p>\n\n\n\n<h3 class=\"wp-block-heading\"><strong>Un cambio con implicancias globales<\/strong><\/h3>\n\n\n\n<p>Jap\u00f3n, conocido por su capacidad de innovaci\u00f3n y por su sistema educativo de alta exigencia, vuelve a colocarse como un laboratorio de pol\u00edticas educativas que seguramente influir\u00e1 en otros pa\u00edses. La medida no solo plantea la digitalizaci\u00f3n de contenidos, sino que invita a repensar la pedagog\u00eda en la era digital, el rol de los docentes y la relaci\u00f3n de los estudiantes con la informaci\u00f3n.<\/p>\n\n\n\n<hr class=\"wp-block-separator has-alpha-channel-opacity\"\/>\n\n\n\n<p>La decisi\u00f3n de permitir libros de texto 100 % digitales a partir de 2030 representa un paso audaz de Jap\u00f3n hacia la modernizaci\u00f3n educativa. El \u00e9xito de esta medida depender\u00e1 de c\u00f3mo se aborden los riesgos asociados y de la capacidad de equilibrar innovaci\u00f3n, salud y equidad.<\/p>\n\n\n\n<p>Lo cierto es que el anuncio abre un debate que trasciende fronteras: \u00bfest\u00e1n los sistemas educativos del mundo preparados para una transici\u00f3n completa hacia los libros digitales?<\/p>\n\n\n\n<p class=\"has-text-align-right\"><strong>Redacci\u00f3n | Web del Maestro CMF<\/strong><\/p>\n\n\n\t\t<div class=\"pk-inline-posts\">\n\t\t\t\n\t\t\t<div class=\"pk-inline-posts-container pk-inline-posts-template-list\"\n\t\t\t\tdata-columns=\"1\">\n\t\t\t\t\t\t<article id=\"post-118553\" class=\"post-118553 post type-post status-publish format-standard has-post-thumbnail category-noticias-internacionales tag-agresion-estudiantil tag-autoridad-docente tag-convivencia-escolar tag-disciplina-escolar tag-justicia-educativa tag-respeto-en-el-aula tag-rol-del-docente tag-seguridad-docente tag-sistema-educativo tag-violencia-escolar cs-entry cs-video-wrap\">\n\t\t\t<div class=\"pk-post-outer\">\n\n\t\t\t\t\t\t\t\t<div class=\"pk-post-inner\">\n\t\t\t\t\t<div class=\"entry-thumbnail\">\n\t\t\t\t\t\t<div class=\"pk-overlay pk-overlay-ratio pk-ratio-landscape\">\n\t\t\t\t\t\t\t<div class=\"pk-overlay-background\">\n\t\t\t\t\t\t\t\t<a href=\"https:\/\/webdelmaestrocmf.com\/portal\/existen-casos-en-paises-como-ee-uu-y-chile-donde-estudiantes-han-recibido-penas-privativas-de-libertad-por-agredir-a-docentes-esta-de-acuerdo-con-esta-medida-la-implementaria-en-su-pais\/\" class=\"pk-overlay-link\">\n\t\t\t\t\t\t\t\t\t<img loading=\"lazy\" decoding=\"async\" width=\"300\" height=\"225\" src=\"https:\/\/webdelmaestrocmf.com\/portal\/wp-content\/uploads\/2026\/05\/1AA-Banner-1-portada-imagen-10-1-copia-2-300x225.webp\" class=\"attachment-pk-thumbnail size-pk-thumbnail wp-post-image\" alt=\"\" \/>\t\t\t\t\t\t\t\t<\/a>\n\t\t\t\t\t\t\t<\/div>\n\t\t\t\t\t\t<\/div>\n\t\t\t\t\t<\/div>\n\t\t\t\t<\/div>\n\t\t\t\t\n\t\t\t\t<div class=\"pk-post-inner\">\n\t\t\t\t\t<header>\n\t\t\t\t\t\t<h3 class=\"pk-title\"><a href=\"https:\/\/webdelmaestrocmf.com\/portal\/existen-casos-en-paises-como-ee-uu-y-chile-donde-estudiantes-han-recibido-penas-privativas-de-libertad-por-agredir-a-docentes-esta-de-acuerdo-con-esta-medida-la-implementaria-en-su-pais\/\" rel=\"bookmark\">Existen casos en pa\u00edses como EE.UU. y Chile donde estudiantes han recibido penas privativas de libertad por agredir a docentes. \u00bfEst\u00e1 de acuerdo con esta medida? \u00bfLa implementar\u00eda en su pa\u00eds?<\/a><\/h3>\t\t\t\t\t<\/header><!-- .entry-header -->\n\t\t\t\t<\/div><!-- .post-inner -->\n\n\t\t\t<\/div><!-- .post-outer -->\n\t\t<\/article>\n\t\t\t<article id=\"post-118546\" class=\"post-118546 post type-post status-publish format-standard has-post-thumbnail category-noticias-internacionales tag-aprendizaje tag-conflicto tag-crisis tag-docentes tag-educacion-3 tag-escuela tag-guerra tag-infancia tag-resiliencia tag-sociedad cs-entry cs-video-wrap\">\n\t\t\t<div class=\"pk-post-outer\">\n\n\t\t\t\t\t\t\t\t<div class=\"pk-post-inner\">\n\t\t\t\t\t<div class=\"entry-thumbnail\">\n\t\t\t\t\t\t<div class=\"pk-overlay pk-overlay-ratio pk-ratio-landscape\">\n\t\t\t\t\t\t\t<div class=\"pk-overlay-background\">\n\t\t\t\t\t\t\t\t<a href=\"https:\/\/webdelmaestrocmf.com\/portal\/rusia-bombardea-orfanato-y-escuela-judia-en-odesa-en-el-sur-de-ucrania\/\" class=\"pk-overlay-link\">\n\t\t\t\t\t\t\t\t\t<img loading=\"lazy\" decoding=\"async\" width=\"300\" height=\"225\" src=\"https:\/\/webdelmaestrocmf.com\/portal\/wp-content\/uploads\/2026\/05\/1AA-Banner-1-portada-imagen-10-1-copia-1-1-300x225.webp\" class=\"attachment-pk-thumbnail size-pk-thumbnail wp-post-image\" alt=\"\" \/>\t\t\t\t\t\t\t\t<\/a>\n\t\t\t\t\t\t\t<\/div>\n\t\t\t\t\t\t<\/div>\n\t\t\t\t\t<\/div>\n\t\t\t\t<\/div>\n\t\t\t\t\n\t\t\t\t<div class=\"pk-post-inner\">\n\t\t\t\t\t<header>\n\t\t\t\t\t\t<h3 class=\"pk-title\"><a href=\"https:\/\/webdelmaestrocmf.com\/portal\/rusia-bombardea-orfanato-y-escuela-judia-en-odesa-en-el-sur-de-ucrania\/\" rel=\"bookmark\">Rusia bombardea orfanato y escuela jud\u00eda en Odesa, en el sur de Ucrania<\/a><\/h3>\t\t\t\t\t<\/header><!-- .entry-header -->\n\t\t\t\t<\/div><!-- .post-inner -->\n\n\t\t\t<\/div><!-- .post-outer -->\n\t\t<\/article>\n\t\t\t<article id=\"post-118533\" class=\"post-118533 post type-post status-publish format-standard has-post-thumbnail category-noticias-internacionales tag-convivencia-escolar tag-docentes tag-educacion-2 tag-etica-educativa tag-normativa-escolar tag-preescolar tag-primaria tag-protocolos tag-rol-docente tag-seguridad-docente cs-entry cs-video-wrap\">\n\t\t\t<div class=\"pk-post-outer\">\n\n\t\t\t\t\t\t\t\t<div class=\"pk-post-inner\">\n\t\t\t\t\t<div class=\"entry-thumbnail\">\n\t\t\t\t\t\t<div class=\"pk-overlay pk-overlay-ratio pk-ratio-landscape\">\n\t\t\t\t\t\t\t<div class=\"pk-overlay-background\">\n\t\t\t\t\t\t\t\t<a href=\"https:\/\/webdelmaestrocmf.com\/portal\/profesor-advierte-a-docentes-no-pueden-asistir-a-un-nino-en-el-bano-por-riesgo-de-cargos-legales\/\" class=\"pk-overlay-link\">\n\t\t\t\t\t\t\t\t\t<img loading=\"lazy\" decoding=\"async\" width=\"300\" height=\"225\" src=\"https:\/\/webdelmaestrocmf.com\/portal\/wp-content\/uploads\/2026\/05\/1AA-Banner-1-portada-imagen-10-1-copia-300x225.webp\" class=\"attachment-pk-thumbnail size-pk-thumbnail wp-post-image\" alt=\"\" \/>\t\t\t\t\t\t\t\t<\/a>\n\t\t\t\t\t\t\t<\/div>\n\t\t\t\t\t\t<\/div>\n\t\t\t\t\t<\/div>\n\t\t\t\t<\/div>\n\t\t\t\t\n\t\t\t\t<div class=\"pk-post-inner\">\n\t\t\t\t\t<header>\n\t\t\t\t\t\t<h3 class=\"pk-title\"><a href=\"https:\/\/webdelmaestrocmf.com\/portal\/profesor-advierte-a-docentes-no-pueden-asistir-a-un-nino-en-el-bano-por-riesgo-de-cargos-legales\/\" rel=\"bookmark\">Profesor advierte a docentes: \u201cNo pueden asistir a un ni\u00f1o en el ba\u00f1o\u201d por riesgo de cargos legales<\/a><\/h3>\t\t\t\t\t<\/header><!-- .entry-header -->\n\t\t\t\t<\/div><!-- .post-inner -->\n\n\t\t\t<\/div><!-- .post-outer -->\n\t\t<\/article>\n\t\t\t\t<\/div>\n\t\t<\/div>\n\t\t\n","protected":false},"excerpt":{"rendered":"El Ministerio de Educaci\u00f3n de Jap\u00f3n aprob\u00f3 una medida por la cual las escuelas p\u00fablicas podr\u00e1n usar libros de texto completamente digitales para el a\u00f1o 2030, sin necesidad de que haya versiones impresas.","protected":false},"author":1,"featured_media":112386,"comment_status":"open","ping_status":"closed","sticky":false,"template":"","format":"standard","meta":{"csco_display_header_overlay":false,"csco_singular_sidebar":"","csco_page_header_type":"","csco_page_load_nextpost":"","csco_post_video_location":[],"csco_post_video_location_hash":"","csco_post_video_url":"","csco_post_video_bg_start_time":0,"csco_post_video_bg_end_time":0,"csco_post_video_bg_volume":false,"_jetpack_memberships_contains_paid_content":false,"footnotes":""},"categories":[23790],"tags":[2318,24231,24118,629,3053],"class_list":{"0":"post-112385","1":"post","2":"type-post","3":"status-publish","4":"format-standard","5":"has-post-thumbnail","7":"category-noticias-internacionales","8":"tag-digital","9":"tag-impresos","10":"tag-japon-2","11":"tag-libros","12":"tag-papel","13":"cs-entry","14":"cs-video-wrap"},"yoast_head":"<!-- This site is optimized with the Yoast SEO plugin v27.5 - https:\/\/yoast.com\/product\/yoast-seo-wordpress\/ -->\n<title>\u00a1Adi\u00f3s al papel! Jap\u00f3n permitir\u00e1 el uso exclusivo de libros de texto digitales en los colegios para el a\u00f1o 2030 - 2026<\/title>\n<meta name=\"description\" content=\"El Ministerio de Educaci\u00f3n de Jap\u00f3n ha aprobado una medida hist\u00f3rica que transformar\u00e1 el futuro del aprendizaje escolar: a partir del...\" \/>\n<meta name=\"robots\" content=\"index, follow, max-snippet:-1, max-image-preview:large, max-video-preview:-1\" \/>\n<link rel=\"canonical\" href=\"https:\/\/webdelmaestrocmf.com\/portal\/adios-al-papel-japon-permitira-el-uso-exclusivo-de-libros-de-texto-digitales-en-los-colegios-para-el-ano-2030\/\" \/>\n<meta property=\"og:locale\" content=\"es_ES\" \/>\n<meta property=\"og:type\" content=\"article\" \/>\n<meta property=\"og:title\" content=\"\u00a1Adi\u00f3s al papel! Jap\u00f3n permitir\u00e1 el uso exclusivo de libros de texto digitales en los colegios para el a\u00f1o 2030 - 2026\" \/>\n<meta property=\"og:description\" content=\"El Ministerio de Educaci\u00f3n de Jap\u00f3n ha aprobado una medida hist\u00f3rica que transformar\u00e1 el futuro del aprendizaje escolar: a partir del...\" \/>\n<meta property=\"og:url\" content=\"https:\/\/webdelmaestrocmf.com\/portal\/adios-al-papel-japon-permitira-el-uso-exclusivo-de-libros-de-texto-digitales-en-los-colegios-para-el-ano-2030\/\" \/>\n<meta property=\"og:site_name\" content=\"Web del Maestro CMF\" \/>\n<meta property=\"article:publisher\" content=\"https:\/\/www.facebook.com\/WebdelMaestroCMF\/\" \/>\n<meta property=\"article:author\" content=\"https:\/\/www.facebook.com\/WebdelMaestroCMF\/\" \/>\n<meta property=\"article:published_time\" content=\"2025-10-01T22:37:41+00:00\" \/>\n<meta property=\"article:modified_time\" content=\"2025-10-01T22:47:29+00:00\" \/>\n<meta property=\"og:image\" content=\"https:\/\/webdelmaestrocmf.com\/portal\/wp-content\/uploads\/2025\/10\/1A-Banner-1-portada-imagen-10-1-copia-1.webp\" \/>\n\t<meta property=\"og:image:width\" content=\"1003\" \/>\n\t<meta property=\"og:image:height\" content=\"667\" \/>\n\t<meta property=\"og:image:type\" content=\"image\/webp\" \/>\n<meta name=\"author\" content=\"Web del Maestro CMF\" \/>\n<meta name=\"twitter:card\" content=\"summary_large_image\" \/>\n<meta name=\"twitter:creator\" content=\"@cmf_w\" \/>\n<meta name=\"twitter:site\" content=\"@cmf_w\" \/>\n<script type=\"application\/ld+json\" class=\"yoast-schema-graph\">{\"@context\":\"https:\\\/\\\/schema.org\",\"@graph\":[{\"@type\":\"ScholarlyArticle\",\"@id\":\"https:\\\/\\\/webdelmaestrocmf.com\\\/portal\\\/adios-al-papel-japon-permitira-el-uso-exclusivo-de-libros-de-texto-digitales-en-los-colegios-para-el-ano-2030\\\/#article\",\"isPartOf\":{\"@id\":\"https:\\\/\\\/webdelmaestrocmf.com\\\/portal\\\/adios-al-papel-japon-permitira-el-uso-exclusivo-de-libros-de-texto-digitales-en-los-colegios-para-el-ano-2030\\\/\"},\"author\":{\"name\":\"Web del Maestro CMF\",\"@id\":\"https:\\\/\\\/webdelmaestrocmf.com\\\/portal\\\/#\\\/schema\\\/person\\\/1072a2ed7bd960df8ef99a551fa35dc5\"},\"headline\":\"\u00a1Adi\u00f3s al papel! Jap\u00f3n permitir\u00e1 el uso exclusivo de libros de texto digitales en los colegios para el a\u00f1o 2030\",\"datePublished\":\"2025-10-01T22:37:41+00:00\",\"dateModified\":\"2025-10-01T22:47:29+00:00\",\"mainEntityOfPage\":{\"@id\":\"https:\\\/\\\/webdelmaestrocmf.com\\\/portal\\\/adios-al-papel-japon-permitira-el-uso-exclusivo-de-libros-de-texto-digitales-en-los-colegios-para-el-ano-2030\\\/\"},\"wordCount\":583,\"commentCount\":0,\"publisher\":{\"@id\":\"https:\\\/\\\/webdelmaestrocmf.com\\\/portal\\\/#organization\"},\"image\":{\"@id\":\"https:\\\/\\\/webdelmaestrocmf.com\\\/portal\\\/adios-al-papel-japon-permitira-el-uso-exclusivo-de-libros-de-texto-digitales-en-los-colegios-para-el-ano-2030\\\/#primaryimage\"},\"thumbnailUrl\":\"https:\\\/\\\/webdelmaestrocmf.com\\\/portal\\\/wp-content\\\/uploads\\\/2025\\\/10\\\/1A-Banner-1-portada-imagen-10-1-copia-1.webp\",\"keywords\":[\"DIGITAL\",\"impresos\",\"Jap\u00f3n\",\"Libros\",\"PAPEL\"],\"articleSection\":[\"Noticias Internacionales\"],\"inLanguage\":\"es\",\"potentialAction\":[{\"@type\":\"CommentAction\",\"name\":\"Comment\",\"target\":[\"https:\\\/\\\/webdelmaestrocmf.com\\\/portal\\\/adios-al-papel-japon-permitira-el-uso-exclusivo-de-libros-de-texto-digitales-en-los-colegios-para-el-ano-2030\\\/#respond\"]}]},{\"@type\":\"WebPage\",\"@id\":\"https:\\\/\\\/webdelmaestrocmf.com\\\/portal\\\/adios-al-papel-japon-permitira-el-uso-exclusivo-de-libros-de-texto-digitales-en-los-colegios-para-el-ano-2030\\\/\",\"url\":\"https:\\\/\\\/webdelmaestrocmf.com\\\/portal\\\/adios-al-papel-japon-permitira-el-uso-exclusivo-de-libros-de-texto-digitales-en-los-colegios-para-el-ano-2030\\\/\",\"name\":\"\u00a1Adi\u00f3s al papel! Jap\u00f3n permitir\u00e1 el uso exclusivo de libros de texto digitales en los colegios para el a\u00f1o 2030 - 2026\",\"isPartOf\":{\"@id\":\"https:\\\/\\\/webdelmaestrocmf.com\\\/portal\\\/#website\"},\"primaryImageOfPage\":{\"@id\":\"https:\\\/\\\/webdelmaestrocmf.com\\\/portal\\\/adios-al-papel-japon-permitira-el-uso-exclusivo-de-libros-de-texto-digitales-en-los-colegios-para-el-ano-2030\\\/#primaryimage\"},\"image\":{\"@id\":\"https:\\\/\\\/webdelmaestrocmf.com\\\/portal\\\/adios-al-papel-japon-permitira-el-uso-exclusivo-de-libros-de-texto-digitales-en-los-colegios-para-el-ano-2030\\\/#primaryimage\"},\"thumbnailUrl\":\"https:\\\/\\\/webdelmaestrocmf.com\\\/portal\\\/wp-content\\\/uploads\\\/2025\\\/10\\\/1A-Banner-1-portada-imagen-10-1-copia-1.webp\",\"datePublished\":\"2025-10-01T22:37:41+00:00\",\"dateModified\":\"2025-10-01T22:47:29+00:00\",\"description\":\"El Ministerio de Educaci\u00f3n de Jap\u00f3n ha aprobado una medida hist\u00f3rica que transformar\u00e1 el futuro del aprendizaje escolar: a partir del...\",\"breadcrumb\":{\"@id\":\"https:\\\/\\\/webdelmaestrocmf.com\\\/portal\\\/adios-al-papel-japon-permitira-el-uso-exclusivo-de-libros-de-texto-digitales-en-los-colegios-para-el-ano-2030\\\/#breadcrumb\"},\"inLanguage\":\"es\",\"potentialAction\":[{\"@type\":\"ReadAction\",\"target\":[\"https:\\\/\\\/webdelmaestrocmf.com\\\/portal\\\/adios-al-papel-japon-permitira-el-uso-exclusivo-de-libros-de-texto-digitales-en-los-colegios-para-el-ano-2030\\\/\"]}]},{\"@type\":\"ImageObject\",\"inLanguage\":\"es\",\"@id\":\"https:\\\/\\\/webdelmaestrocmf.com\\\/portal\\\/adios-al-papel-japon-permitira-el-uso-exclusivo-de-libros-de-texto-digitales-en-los-colegios-para-el-ano-2030\\\/#primaryimage\",\"url\":\"https:\\\/\\\/webdelmaestrocmf.com\\\/portal\\\/wp-content\\\/uploads\\\/2025\\\/10\\\/1A-Banner-1-portada-imagen-10-1-copia-1.webp\",\"contentUrl\":\"https:\\\/\\\/webdelmaestrocmf.com\\\/portal\\\/wp-content\\\/uploads\\\/2025\\\/10\\\/1A-Banner-1-portada-imagen-10-1-copia-1.webp\",\"width\":1003,\"height\":667},{\"@type\":\"BreadcrumbList\",\"@id\":\"https:\\\/\\\/webdelmaestrocmf.com\\\/portal\\\/adios-al-papel-japon-permitira-el-uso-exclusivo-de-libros-de-texto-digitales-en-los-colegios-para-el-ano-2030\\\/#breadcrumb\",\"itemListElement\":[{\"@type\":\"ListItem\",\"position\":1,\"name\":\"Portada\",\"item\":\"https:\\\/\\\/webdelmaestrocmf.com\\\/portal\\\/\"},{\"@type\":\"ListItem\",\"position\":2,\"name\":\"Noticias Internacionales\",\"item\":\"https:\\\/\\\/webdelmaestrocmf.com\\\/portal\\\/category\\\/noticias-internacionales\\\/\"},{\"@type\":\"ListItem\",\"position\":3,\"name\":\"\u00a1Adi\u00f3s al papel! Jap\u00f3n permitir\u00e1 el uso exclusivo de libros de texto digitales en los colegios para el a\u00f1o 2030\"}]},{\"@type\":\"WebSite\",\"@id\":\"https:\\\/\\\/webdelmaestrocmf.com\\\/portal\\\/#website\",\"url\":\"https:\\\/\\\/webdelmaestrocmf.com\\\/portal\\\/\",\"name\":\"Web del Maestro CMF\",\"description\":\"Maestros al servicio de la educaci\u00f3n\",\"publisher\":{\"@id\":\"https:\\\/\\\/webdelmaestrocmf.com\\\/portal\\\/#organization\"},\"alternateName\":\"WMCMF\",\"potentialAction\":[{\"@type\":\"SearchAction\",\"target\":{\"@type\":\"EntryPoint\",\"urlTemplate\":\"https:\\\/\\\/webdelmaestrocmf.com\\\/portal\\\/?s={search_term_string}\"},\"query-input\":{\"@type\":\"PropertyValueSpecification\",\"valueRequired\":true,\"valueName\":\"search_term_string\"}}],\"inLanguage\":\"es\"},{\"@type\":\"Organization\",\"@id\":\"https:\\\/\\\/webdelmaestrocmf.com\\\/portal\\\/#organization\",\"name\":\"Web del Maestro CMF\",\"alternateName\":\"WMCMF\",\"url\":\"https:\\\/\\\/webdelmaestrocmf.com\\\/portal\\\/\",\"logo\":{\"@type\":\"ImageObject\",\"inLanguage\":\"es\",\"@id\":\"https:\\\/\\\/webdelmaestrocmf.com\\\/portal\\\/#\\\/schema\\\/logo\\\/image\\\/\",\"url\":\"https:\\\/\\\/webdelmaestrocmf.com\\\/portal\\\/wp-content\\\/uploads\\\/2023\\\/01\\\/logo-wmcmf-2.png\",\"contentUrl\":\"https:\\\/\\\/webdelmaestrocmf.com\\\/portal\\\/wp-content\\\/uploads\\\/2023\\\/01\\\/logo-wmcmf-2.png\",\"width\":200,\"height\":60,\"caption\":\"Web del Maestro CMF\"},\"image\":{\"@id\":\"https:\\\/\\\/webdelmaestrocmf.com\\\/portal\\\/#\\\/schema\\\/logo\\\/image\\\/\"},\"sameAs\":[\"https:\\\/\\\/www.facebook.com\\\/WebdelMaestroCMF\\\/\",\"https:\\\/\\\/x.com\\\/cmf_w\",\"https:\\\/\\\/www.pinterest.com\\\/WMCMF\\\/\",\"https:\\\/\\\/www.linkedin.com\\\/company\\\/web-del-maestro-cmf\\\/\",\"https:\\\/\\\/www.instagram.com\\\/wmcmf\\\/\",\"https:\\\/\\\/www.youtube.com\\\/channel\\\/UCDPSvjbdodE5sHnC3OxutHw\",\"https:\\\/\\\/mastodon.social\\\/@wmcmf\",\"https:\\\/\\\/www.tiktok.com\\\/@webdelmaestrocmf\"]},{\"@type\":\"Person\",\"@id\":\"https:\\\/\\\/webdelmaestrocmf.com\\\/portal\\\/#\\\/schema\\\/person\\\/1072a2ed7bd960df8ef99a551fa35dc5\",\"name\":\"Web del Maestro CMF\",\"image\":{\"@type\":\"ImageObject\",\"inLanguage\":\"es\",\"@id\":\"https:\\\/\\\/secure.gravatar.com\\\/avatar\\\/23291dd5b5ae1077dcff3dbb04c3e02bd28403fa75af6d8787d5e97c5bbbe30b?s=96&d=mm&r=g\",\"url\":\"https:\\\/\\\/secure.gravatar.com\\\/avatar\\\/23291dd5b5ae1077dcff3dbb04c3e02bd28403fa75af6d8787d5e97c5bbbe30b?s=96&d=mm&r=g\",\"contentUrl\":\"https:\\\/\\\/secure.gravatar.com\\\/avatar\\\/23291dd5b5ae1077dcff3dbb04c3e02bd28403fa75af6d8787d5e97c5bbbe30b?s=96&d=mm&r=g\",\"caption\":\"Web del Maestro CMF\"},\"description\":\"Esta Web se cre\u00f3 sin fines de lucro, con fines educativos, cient\u00edficos y acad\u00e9micos, para personas que tengan dificultades y\\\/o inconvenientes en visualizar el material original. El objetivo es entregar recursos, compartir experiencias y materiales que ayuden a los padres de familia, maestros y estudiantes en su actualizaci\u00f3n y formaci\u00f3n permanente, en bien de la Educaci\u00f3n.\",\"sameAs\":[\"http:\\\/\\\/webdelmaestrocmf.com\\\/portal\",\"https:\\\/\\\/www.facebook.com\\\/WebdelMaestroCMF\\\/\",\"https:\\\/\\\/www.instagram.com\\\/wmcmf\\\/\",\"https:\\\/\\\/cl.linkedin.com\\\/company\\\/web-del-maestro-cmf\",\"https:\\\/\\\/www.pinterest.com\\\/WMCMF\\\/publicaciones\\\/\",\"https:\\\/\\\/x.com\\\/cmf_w\",\"https:\\\/\\\/www.youtube.com\\\/@WMCMF\"]}]}<\/script>\n<!-- \/ Yoast SEO plugin. -->","yoast_head_json":{"title":"\u00a1Adi\u00f3s al papel! Jap\u00f3n permitir\u00e1 el uso exclusivo de libros de texto digitales en los colegios para el a\u00f1o 2030 - 2026","description":"El Ministerio de Educaci\u00f3n de Jap\u00f3n ha aprobado una medida hist\u00f3rica que transformar\u00e1 el futuro del aprendizaje escolar: a partir del...","robots":{"index":"index","follow":"follow","max-snippet":"max-snippet:-1","max-image-preview":"max-image-preview:large","max-video-preview":"max-video-preview:-1"},"canonical":"https:\/\/webdelmaestrocmf.com\/portal\/adios-al-papel-japon-permitira-el-uso-exclusivo-de-libros-de-texto-digitales-en-los-colegios-para-el-ano-2030\/","og_locale":"es_ES","og_type":"article","og_title":"\u00a1Adi\u00f3s al papel! Jap\u00f3n permitir\u00e1 el uso exclusivo de libros de texto digitales en los colegios para el a\u00f1o 2030 - 2026","og_description":"El Ministerio de Educaci\u00f3n de Jap\u00f3n ha aprobado una medida hist\u00f3rica que transformar\u00e1 el futuro del aprendizaje escolar: a partir del...","og_url":"https:\/\/webdelmaestrocmf.com\/portal\/adios-al-papel-japon-permitira-el-uso-exclusivo-de-libros-de-texto-digitales-en-los-colegios-para-el-ano-2030\/","og_site_name":"Web del Maestro CMF","article_publisher":"https:\/\/www.facebook.com\/WebdelMaestroCMF\/","article_author":"https:\/\/www.facebook.com\/WebdelMaestroCMF\/","article_published_time":"2025-10-01T22:37:41+00:00","article_modified_time":"2025-10-01T22:47:29+00:00","og_image":[{"width":1003,"height":667,"url":"https:\/\/webdelmaestrocmf.com\/portal\/wp-content\/uploads\/2025\/10\/1A-Banner-1-portada-imagen-10-1-copia-1.webp","type":"image\/webp"}],"author":"Web del Maestro CMF","twitter_card":"summary_large_image","twitter_creator":"@cmf_w","twitter_site":"@cmf_w","schema":{"@context":"https:\/\/schema.org","@graph":[{"@type":"ScholarlyArticle","@id":"https:\/\/webdelmaestrocmf.com\/portal\/adios-al-papel-japon-permitira-el-uso-exclusivo-de-libros-de-texto-digitales-en-los-colegios-para-el-ano-2030\/#article","isPartOf":{"@id":"https:\/\/webdelmaestrocmf.com\/portal\/adios-al-papel-japon-permitira-el-uso-exclusivo-de-libros-de-texto-digitales-en-los-colegios-para-el-ano-2030\/"},"author":{"name":"Web del Maestro CMF","@id":"https:\/\/webdelmaestrocmf.com\/portal\/#\/schema\/person\/1072a2ed7bd960df8ef99a551fa35dc5"},"headline":"\u00a1Adi\u00f3s al papel! Jap\u00f3n permitir\u00e1 el uso exclusivo de libros de texto digitales en los colegios para el a\u00f1o 2030","datePublished":"2025-10-01T22:37:41+00:00","dateModified":"2025-10-01T22:47:29+00:00","mainEntityOfPage":{"@id":"https:\/\/webdelmaestrocmf.com\/portal\/adios-al-papel-japon-permitira-el-uso-exclusivo-de-libros-de-texto-digitales-en-los-colegios-para-el-ano-2030\/"},"wordCount":583,"commentCount":0,"publisher":{"@id":"https:\/\/webdelmaestrocmf.com\/portal\/#organization"},"image":{"@id":"https:\/\/webdelmaestrocmf.com\/portal\/adios-al-papel-japon-permitira-el-uso-exclusivo-de-libros-de-texto-digitales-en-los-colegios-para-el-ano-2030\/#primaryimage"},"thumbnailUrl":"https:\/\/webdelmaestrocmf.com\/portal\/wp-content\/uploads\/2025\/10\/1A-Banner-1-portada-imagen-10-1-copia-1.webp","keywords":["DIGITAL","impresos","Jap\u00f3n","Libros","PAPEL"],"articleSection":["Noticias Internacionales"],"inLanguage":"es","potentialAction":[{"@type":"CommentAction","name":"Comment","target":["https:\/\/webdelmaestrocmf.com\/portal\/adios-al-papel-japon-permitira-el-uso-exclusivo-de-libros-de-texto-digitales-en-los-colegios-para-el-ano-2030\/#respond"]}]},{"@type":"WebPage","@id":"https:\/\/webdelmaestrocmf.com\/portal\/adios-al-papel-japon-permitira-el-uso-exclusivo-de-libros-de-texto-digitales-en-los-colegios-para-el-ano-2030\/","url":"https:\/\/webdelmaestrocmf.com\/portal\/adios-al-papel-japon-permitira-el-uso-exclusivo-de-libros-de-texto-digitales-en-los-colegios-para-el-ano-2030\/","name":"\u00a1Adi\u00f3s al papel! Jap\u00f3n permitir\u00e1 el uso exclusivo de libros de texto digitales en los colegios para el a\u00f1o 2030 - 2026","isPartOf":{"@id":"https:\/\/webdelmaestrocmf.com\/portal\/#website"},"primaryImageOfPage":{"@id":"https:\/\/webdelmaestrocmf.com\/portal\/adios-al-papel-japon-permitira-el-uso-exclusivo-de-libros-de-texto-digitales-en-los-colegios-para-el-ano-2030\/#primaryimage"},"image":{"@id":"https:\/\/webdelmaestrocmf.com\/portal\/adios-al-papel-japon-permitira-el-uso-exclusivo-de-libros-de-texto-digitales-en-los-colegios-para-el-ano-2030\/#primaryimage"},"thumbnailUrl":"https:\/\/webdelmaestrocmf.com\/portal\/wp-content\/uploads\/2025\/10\/1A-Banner-1-portada-imagen-10-1-copia-1.webp","datePublished":"2025-10-01T22:37:41+00:00","dateModified":"2025-10-01T22:47:29+00:00","description":"El Ministerio de Educaci\u00f3n de Jap\u00f3n ha aprobado una medida hist\u00f3rica que transformar\u00e1 el futuro del aprendizaje escolar: a partir del...","breadcrumb":{"@id":"https:\/\/webdelmaestrocmf.com\/portal\/adios-al-papel-japon-permitira-el-uso-exclusivo-de-libros-de-texto-digitales-en-los-colegios-para-el-ano-2030\/#breadcrumb"},"inLanguage":"es","potentialAction":[{"@type":"ReadAction","target":["https:\/\/webdelmaestrocmf.com\/portal\/adios-al-papel-japon-permitira-el-uso-exclusivo-de-libros-de-texto-digitales-en-los-colegios-para-el-ano-2030\/"]}]},{"@type":"ImageObject","inLanguage":"es","@id":"https:\/\/webdelmaestrocmf.com\/portal\/adios-al-papel-japon-permitira-el-uso-exclusivo-de-libros-de-texto-digitales-en-los-colegios-para-el-ano-2030\/#primaryimage","url":"https:\/\/webdelmaestrocmf.com\/portal\/wp-content\/uploads\/2025\/10\/1A-Banner-1-portada-imagen-10-1-copia-1.webp","contentUrl":"https:\/\/webdelmaestrocmf.com\/portal\/wp-content\/uploads\/2025\/10\/1A-Banner-1-portada-imagen-10-1-copia-1.webp","width":1003,"height":667},{"@type":"BreadcrumbList","@id":"https:\/\/webdelmaestrocmf.com\/portal\/adios-al-papel-japon-permitira-el-uso-exclusivo-de-libros-de-texto-digitales-en-los-colegios-para-el-ano-2030\/#breadcrumb","itemListElement":[{"@type":"ListItem","position":1,"name":"Portada","item":"https:\/\/webdelmaestrocmf.com\/portal\/"},{"@type":"ListItem","position":2,"name":"Noticias Internacionales","item":"https:\/\/webdelmaestrocmf.com\/portal\/category\/noticias-internacionales\/"},{"@type":"ListItem","position":3,"name":"\u00a1Adi\u00f3s al papel! Jap\u00f3n permitir\u00e1 el uso exclusivo de libros de texto digitales en los colegios para el a\u00f1o 2030"}]},{"@type":"WebSite","@id":"https:\/\/webdelmaestrocmf.com\/portal\/#website","url":"https:\/\/webdelmaestrocmf.com\/portal\/","name":"Web del Maestro CMF","description":"Maestros al servicio de la educaci\u00f3n","publisher":{"@id":"https:\/\/webdelmaestrocmf.com\/portal\/#organization"},"alternateName":"WMCMF","potentialAction":[{"@type":"SearchAction","target":{"@type":"EntryPoint","urlTemplate":"https:\/\/webdelmaestrocmf.com\/portal\/?s={search_term_string}"},"query-input":{"@type":"PropertyValueSpecification","valueRequired":true,"valueName":"search_term_string"}}],"inLanguage":"es"},{"@type":"Organization","@id":"https:\/\/webdelmaestrocmf.com\/portal\/#organization","name":"Web del Maestro CMF","alternateName":"WMCMF","url":"https:\/\/webdelmaestrocmf.com\/portal\/","logo":{"@type":"ImageObject","inLanguage":"es","@id":"https:\/\/webdelmaestrocmf.com\/portal\/#\/schema\/logo\/image\/","url":"https:\/\/webdelmaestrocmf.com\/portal\/wp-content\/uploads\/2023\/01\/logo-wmcmf-2.png","contentUrl":"https:\/\/webdelmaestrocmf.com\/portal\/wp-content\/uploads\/2023\/01\/logo-wmcmf-2.png","width":200,"height":60,"caption":"Web del Maestro CMF"},"image":{"@id":"https:\/\/webdelmaestrocmf.com\/portal\/#\/schema\/logo\/image\/"},"sameAs":["https:\/\/www.facebook.com\/WebdelMaestroCMF\/","https:\/\/x.com\/cmf_w","https:\/\/www.pinterest.com\/WMCMF\/","https:\/\/www.linkedin.com\/company\/web-del-maestro-cmf\/","https:\/\/www.instagram.com\/wmcmf\/","https:\/\/www.youtube.com\/channel\/UCDPSvjbdodE5sHnC3OxutHw","https:\/\/mastodon.social\/@wmcmf","https:\/\/www.tiktok.com\/@webdelmaestrocmf"]},{"@type":"Person","@id":"https:\/\/webdelmaestrocmf.com\/portal\/#\/schema\/person\/1072a2ed7bd960df8ef99a551fa35dc5","name":"Web del Maestro CMF","image":{"@type":"ImageObject","inLanguage":"es","@id":"https:\/\/secure.gravatar.com\/avatar\/23291dd5b5ae1077dcff3dbb04c3e02bd28403fa75af6d8787d5e97c5bbbe30b?s=96&d=mm&r=g","url":"https:\/\/secure.gravatar.com\/avatar\/23291dd5b5ae1077dcff3dbb04c3e02bd28403fa75af6d8787d5e97c5bbbe30b?s=96&d=mm&r=g","contentUrl":"https:\/\/secure.gravatar.com\/avatar\/23291dd5b5ae1077dcff3dbb04c3e02bd28403fa75af6d8787d5e97c5bbbe30b?s=96&d=mm&r=g","caption":"Web del Maestro CMF"},"description":"Esta Web se cre\u00f3 sin fines de lucro, con fines educativos, cient\u00edficos y acad\u00e9micos, para personas que tengan dificultades y\/o inconvenientes en visualizar el material original. El objetivo es entregar recursos, compartir experiencias y materiales que ayuden a los padres de familia, maestros y estudiantes en su actualizaci\u00f3n y formaci\u00f3n permanente, en bien de la Educaci\u00f3n.","sameAs":["http:\/\/webdelmaestrocmf.com\/portal","https:\/\/www.facebook.com\/WebdelMaestroCMF\/","https:\/\/www.instagram.com\/wmcmf\/","https:\/\/cl.linkedin.com\/company\/web-del-maestro-cmf","https:\/\/www.pinterest.com\/WMCMF\/publicaciones\/","https:\/\/x.com\/cmf_w","https:\/\/www.youtube.com\/@WMCMF"]}]}},"jetpack_featured_media_url":"https:\/\/webdelmaestrocmf.com\/portal\/wp-content\/uploads\/2025\/10\/1A-Banner-1-portada-imagen-10-1-copia-1.webp","jetpack_sharing_enabled":true,"jetpack-related-posts":[{"id":118342,"url":"https:\/\/webdelmaestrocmf.com\/portal\/apagon-digital-en-la-escuela-suecia-frena-la-inversion-en-pantallas-y-vuelve-a-los-libros\/","url_meta":{"origin":112385,"position":0},"title":"\u00bfApag\u00f3n digital en la escuela? Suecia frena la inversi\u00f3n en pantallas y vuelve a los libros","author":"Web del Maestro CMF","date":"26 abril, 2026","format":false,"excerpt":"El gobierno del pa\u00eds n\u00f3rdico cancel\u00f3 su plan de educaci\u00f3n digital y redireccion\u00f3 los fondos para la distribuci\u00f3n de libros de texto: quieren repartir uno por materia para cada estudiante. La medida llega luego de un retroceso en las pruebas PIRLS de comprensi\u00f3n lectora","rel":"","context":"En \u00abNoticias Internacionales\u00bb","block_context":{"text":"Noticias Internacionales","link":"https:\/\/webdelmaestrocmf.com\/portal\/category\/noticias-internacionales\/"},"img":{"alt_text":"","src":"https:\/\/i0.wp.com\/webdelmaestrocmf.com\/portal\/wp-content\/uploads\/2026\/04\/1AA-Banner-1-portada-imagen-10-1-copia-8-2.webp?resize=350%2C200&ssl=1","width":350,"height":200,"srcset":"https:\/\/i0.wp.com\/webdelmaestrocmf.com\/portal\/wp-content\/uploads\/2026\/04\/1AA-Banner-1-portada-imagen-10-1-copia-8-2.webp?resize=350%2C200&ssl=1 1x, https:\/\/i0.wp.com\/webdelmaestrocmf.com\/portal\/wp-content\/uploads\/2026\/04\/1AA-Banner-1-portada-imagen-10-1-copia-8-2.webp?resize=525%2C300&ssl=1 1.5x, https:\/\/i0.wp.com\/webdelmaestrocmf.com\/portal\/wp-content\/uploads\/2026\/04\/1AA-Banner-1-portada-imagen-10-1-copia-8-2.webp?resize=700%2C400&ssl=1 2x, https:\/\/i0.wp.com\/webdelmaestrocmf.com\/portal\/wp-content\/uploads\/2026\/04\/1AA-Banner-1-portada-imagen-10-1-copia-8-2.webp?resize=1050%2C600&ssl=1 3x"},"classes":[]},{"id":111568,"url":"https:\/\/webdelmaestrocmf.com\/portal\/michel-desmurget-si-un-alumno-espanol-o-frances-de-primer-ano-de-instituto-fuera-a-estudiar-a-singapur-o-japon-lo-mandarian-de-vuelta-a-primaria-por-su-nivel-de-lectura\/","url_meta":{"origin":112385,"position":1},"title":"Michel Desmurget: Si un alumno espa\u00f1ol o franc\u00e9s de primer a\u00f1o de instituto fuera a estudiar a Singapur o Jap\u00f3n, lo mandar\u00edan de vuelta a primaria por su nivel de lectura","author":"Web del Maestro CMF","date":"28 julio, 2025","format":false,"excerpt":"\"No necesitamos mucha gente inteligente. Que el resto trabaje en McDonalds\"","rel":"","context":"En \u00abEntrevistas\u00bb","block_context":{"text":"Entrevistas","link":"https:\/\/webdelmaestrocmf.com\/portal\/category\/noticias\/entrevistas\/"},"img":{"alt_text":"","src":"https:\/\/i0.wp.com\/webdelmaestrocmf.com\/portal\/wp-content\/uploads\/2025\/07\/1A-Banner-1-portada-imagen-10-1-copia-1-2.webp?resize=350%2C200&ssl=1","width":350,"height":200,"srcset":"https:\/\/i0.wp.com\/webdelmaestrocmf.com\/portal\/wp-content\/uploads\/2025\/07\/1A-Banner-1-portada-imagen-10-1-copia-1-2.webp?resize=350%2C200&ssl=1 1x, https:\/\/i0.wp.com\/webdelmaestrocmf.com\/portal\/wp-content\/uploads\/2025\/07\/1A-Banner-1-portada-imagen-10-1-copia-1-2.webp?resize=525%2C300&ssl=1 1.5x, https:\/\/i0.wp.com\/webdelmaestrocmf.com\/portal\/wp-content\/uploads\/2025\/07\/1A-Banner-1-portada-imagen-10-1-copia-1-2.webp?resize=700%2C400&ssl=1 2x"},"classes":[]},{"id":66786,"url":"https:\/\/webdelmaestrocmf.com\/portal\/este-es-el-abcedario-de-recursos-educativos\/","url_meta":{"origin":112385,"position":2},"title":"Este es el ABCedario de Recursos Educativos","author":"Web del Maestro CMF","date":"19 agosto, 2021","format":false,"excerpt":"Con el prop\u00f3sito de contribuir al desarrollo de aprendizajes, a trav\u00e9s de la integraci\u00f3n de las Tecnolog\u00edas de Informaci\u00f3n y Comunicaci\u00f3n (TIC) en los establecimientos educacionales de Educaci\u00f3n Especial o con Programas de Integraci\u00f3n Escolar, se pone a disposici\u00f3n de la comunidad una serie de Recursos Educativos Digitales (RED), que\u2026","rel":"","context":"En \u00abSoftware\u00bb","block_context":{"text":"Software","link":"https:\/\/webdelmaestrocmf.com\/portal\/category\/tecnologia\/software\/"},"img":{"alt_text":"","src":"https:\/\/i0.wp.com\/webdelmaestrocmf.com\/portal\/wp-content\/uploads\/2021\/08\/1a-6.jpg?resize=350%2C200&ssl=1","width":350,"height":200,"srcset":"https:\/\/i0.wp.com\/webdelmaestrocmf.com\/portal\/wp-content\/uploads\/2021\/08\/1a-6.jpg?resize=350%2C200&ssl=1 1x, https:\/\/i0.wp.com\/webdelmaestrocmf.com\/portal\/wp-content\/uploads\/2021\/08\/1a-6.jpg?resize=525%2C300&ssl=1 1.5x, https:\/\/i0.wp.com\/webdelmaestrocmf.com\/portal\/wp-content\/uploads\/2021\/08\/1a-6.jpg?resize=700%2C400&ssl=1 2x, https:\/\/i0.wp.com\/webdelmaestrocmf.com\/portal\/wp-content\/uploads\/2021\/08\/1a-6.jpg?resize=1050%2C600&ssl=1 3x"},"classes":[]},{"id":34997,"url":"https:\/\/webdelmaestrocmf.com\/portal\/el-cambio-valiente-es-cierta-la-nueva-propuesta-educativa-en-japon\/","url_meta":{"origin":112385,"position":3},"title":"EL CAMBIO VALIENTE: \u00bfES CIERTA LA NUEVA PROPUESTA EDUCATIVA EN JAP\u00d3N?","author":"Web del Maestro CMF","date":"31 enero, 2019","format":false,"excerpt":"Una de las razones por las cuales les invitamos a conocer, (un poco m\u00e1s) sobre la educaci\u00f3n en Jap\u00f3n, no es por motivos de \u201ccomparaci\u00f3n\u201d o con la intenci\u00f3n de un \u201ccopy-paste\u201d, sino que, conociendo ampliamente su trayecto educativo, los resultados PISA, las consecuencias sociales de la presi\u00f3n escolar; ...\u00a0\u2026","rel":"","context":"En \u00abINTER\u00c9S\u00bb","block_context":{"text":"INTER\u00c9S","link":"https:\/\/webdelmaestrocmf.com\/portal\/category\/noticias-educacion\/"},"img":{"alt_text":"","src":"https:\/\/i0.wp.com\/webdelmaestrocmf.com\/portal\/wp-content\/uploads\/2019\/01\/1-50.jpg?resize=350%2C200&ssl=1","width":350,"height":200,"srcset":"https:\/\/i0.wp.com\/webdelmaestrocmf.com\/portal\/wp-content\/uploads\/2019\/01\/1-50.jpg?resize=350%2C200&ssl=1 1x, https:\/\/i0.wp.com\/webdelmaestrocmf.com\/portal\/wp-content\/uploads\/2019\/01\/1-50.jpg?resize=525%2C300&ssl=1 1.5x, https:\/\/i0.wp.com\/webdelmaestrocmf.com\/portal\/wp-content\/uploads\/2019\/01\/1-50.jpg?resize=700%2C400&ssl=1 2x, https:\/\/i0.wp.com\/webdelmaestrocmf.com\/portal\/wp-content\/uploads\/2019\/01\/1-50.jpg?resize=1050%2C600&ssl=1 3x"},"classes":[]},{"id":71152,"url":"https:\/\/webdelmaestrocmf.com\/portal\/francisco-mora-el-internet-esta-generando-un-problema-atencional\/","url_meta":{"origin":112385,"position":4},"title":"Francisco Mora: El Internet est\u00e1 generando un problema atencional","author":"Web del Maestro CMF","date":"14 noviembre, 2021","format":false,"excerpt":"La experiencia de conocer y adquirir cada d\u00eda una mayor cantidad de informaci\u00f3n por medio del internet, nos est\u00e1 conduciendo a manejar el aprendizaje autom\u00e1tico y la inteligencia artificial, porque nos est\u00e1 ofreciendo mejoras, entre ellas el reto de desarrollar el proceso de ense\u00f1anza y aprendizaje de la lectura en\u2026","rel":"","context":"En \u00abEntrevistas\u00bb","block_context":{"text":"Entrevistas","link":"https:\/\/webdelmaestrocmf.com\/portal\/category\/noticias\/entrevistas\/"},"img":{"alt_text":"","src":"https:\/\/i0.wp.com\/webdelmaestrocmf.com\/portal\/wp-content\/uploads\/2021\/11\/2ert.jpg?resize=350%2C200&ssl=1","width":350,"height":200,"srcset":"https:\/\/i0.wp.com\/webdelmaestrocmf.com\/portal\/wp-content\/uploads\/2021\/11\/2ert.jpg?resize=350%2C200&ssl=1 1x, https:\/\/i0.wp.com\/webdelmaestrocmf.com\/portal\/wp-content\/uploads\/2021\/11\/2ert.jpg?resize=525%2C300&ssl=1 1.5x, https:\/\/i0.wp.com\/webdelmaestrocmf.com\/portal\/wp-content\/uploads\/2021\/11\/2ert.jpg?resize=700%2C400&ssl=1 2x, https:\/\/i0.wp.com\/webdelmaestrocmf.com\/portal\/wp-content\/uploads\/2021\/11\/2ert.jpg?resize=1050%2C600&ssl=1 3x"},"classes":[]},{"id":48361,"url":"https:\/\/webdelmaestrocmf.com\/portal\/libros-disponibles-para-aprender-idiomas-aleman-chino-coreano-frances-ingles-italiano-japones-latin-portugues-y-ruso\/","url_meta":{"origin":112385,"position":5},"title":"Libros disponibles para aprender idiomas: alem\u00e1n, chino, coreano, franc\u00e9s, ingl\u00e9s, italiano, japon\u00e9s, lat\u00edn, portugu\u00e9s y ruso","author":"Web del Maestro CMF","date":"24 junio, 2020","format":false,"excerpt":"La globalizaci\u00f3n y las nuevas tecnolog\u00edas nos est\u00e1n facilitando, cada vez m\u00e1s, el tener acceso menos dif\u00edcil al conocimiento y el aprendizaje de otros idiomas. Recordemos que \u201clos idiomas son m\u00e1s que un medio de comunicaci\u00f3n. Son un reflejo singular de la visi\u00f3n del mundo de las personas que lo\u2026","rel":"","context":"En \u00abLibros\u00bb","block_context":{"text":"Libros","link":"https:\/\/webdelmaestrocmf.com\/portal\/category\/pedagogia\/libros\/"},"img":{"alt_text":"","src":"https:\/\/i0.wp.com\/webdelmaestrocmf.com\/portal\/wp-content\/uploads\/2020\/06\/1-copia.jpg?resize=350%2C200&ssl=1","width":350,"height":200,"srcset":"https:\/\/i0.wp.com\/webdelmaestrocmf.com\/portal\/wp-content\/uploads\/2020\/06\/1-copia.jpg?resize=350%2C200&ssl=1 1x, https:\/\/i0.wp.com\/webdelmaestrocmf.com\/portal\/wp-content\/uploads\/2020\/06\/1-copia.jpg?resize=525%2C300&ssl=1 1.5x, https:\/\/i0.wp.com\/webdelmaestrocmf.com\/portal\/wp-content\/uploads\/2020\/06\/1-copia.jpg?resize=700%2C400&ssl=1 2x, https:\/\/i0.wp.com\/webdelmaestrocmf.com\/portal\/wp-content\/uploads\/2020\/06\/1-copia.jpg?resize=1050%2C600&ssl=1 3x"},"classes":[]}],"_links":{"self":[{"href":"https:\/\/webdelmaestrocmf.com\/portal\/wp-json\/wp\/v2\/posts\/112385","targetHints":{"allow":["GET"]}}],"collection":[{"href":"https:\/\/webdelmaestrocmf.com\/portal\/wp-json\/wp\/v2\/posts"}],"about":[{"href":"https:\/\/webdelmaestrocmf.com\/portal\/wp-json\/wp\/v2\/types\/post"}],"author":[{"embeddable":true,"href":"https:\/\/webdelmaestrocmf.com\/portal\/wp-json\/wp\/v2\/users\/1"}],"replies":[{"embeddable":true,"href":"https:\/\/webdelmaestrocmf.com\/portal\/wp-json\/wp\/v2\/comments?post=112385"}],"version-history":[{"count":1,"href":"https:\/\/webdelmaestrocmf.com\/portal\/wp-json\/wp\/v2\/posts\/112385\/revisions"}],"predecessor-version":[{"id":112388,"href":"https:\/\/webdelmaestrocmf.com\/portal\/wp-json\/wp\/v2\/posts\/112385\/revisions\/112388"}],"wp:featuredmedia":[{"embeddable":true,"href":"https:\/\/webdelmaestrocmf.com\/portal\/wp-json\/wp\/v2\/media\/112386"}],"wp:attachment":[{"href":"https:\/\/webdelmaestrocmf.com\/portal\/wp-json\/wp\/v2\/media?parent=112385"}],"wp:term":[{"taxonomy":"category","embeddable":true,"href":"https:\/\/webdelmaestrocmf.com\/portal\/wp-json\/wp\/v2\/categories?post=112385"},{"taxonomy":"post_tag","embeddable":true,"href":"https:\/\/webdelmaestrocmf.com\/portal\/wp-json\/wp\/v2\/tags?post=112385"}],"curies":[{"name":"wp","href":"https:\/\/api.w.org\/{rel}","templated":true}]}}