{"id":112365,"date":"2025-10-01T09:25:07","date_gmt":"2025-10-01T12:25:07","guid":{"rendered":"https:\/\/webdelmaestrocmf.com\/portal\/?p=112365"},"modified":"2025-10-03T22:17:59","modified_gmt":"2025-10-04T01:17:59","slug":"bukele-justifica-disciplina-en-escuelas-evitara-pandillas","status":"publish","type":"post","link":"https:\/\/webdelmaestrocmf.com\/portal\/bukele-justifica-disciplina-en-escuelas-evitara-pandillas\/","title":{"rendered":"Bukele justifica disciplina en escuelas: evitar\u00e1 pandillas"},"content":{"rendered":"\n<p>El presidente de\u00a0El Salvador,\u00a0Nayib Bukele, defendi\u00f3  las medidas de \u00aborden\u201d y \u00abdisciplina\u201d implementadas en las escuelas p\u00fablicas del pa\u00eds y ordenadas por la reci\u00e9n nombrada ministra de Educaci\u00f3n, la capitana Karla Trigueros, al mismo tiempo que se\u00f1al\u00f3 que son para \u00abevitar\u201d las pandillas en las escuelas.<\/p>\n\n\n\n<p>El mandatario public\u00f3 un video en X donde muestra a supuestos miembros de pandillas y escribi\u00f3: \u00abAs\u00ed eran antes los centros educativos en nuestro pa\u00eds: lugares de reclutamiento de pandilleros\u201d.<\/p>\n\n\n\n<p>Bukele se\u00f1al\u00f3 que \u00abno eran pandillas cualquiera, sino las m\u00e1s sanguinarias del mundo\u201d. \u00abHoy, muchas madres lloran a sus hijos que est\u00e1n en las c\u00e1rceles; otras, a los que est\u00e1n en el cementerio o siguen desaparecidos\u201d, se\u00f1al\u00f3.<\/p>\n\n\n\n<p>De acuerdo con el presidente salvadore\u00f1o, \u00ablas medidas de disciplina en las escuelas buscan evitar que esta tragedia vuelva a repetirse\u201d.<\/p>\n\n\n\n<p>\u00abDicen que quien no conoce su historia est\u00e1 condenado a repetirla\u201d, escribi\u00f3 y agreg\u00f3 \u00abEl Salvador no la va a repetir, por m\u00e1s que nos critiquen\u201d.<\/p>\n\n\n\n<p>El nombramiento de Trigueros, que ingres\u00f3 como cadete en la Escuela Militar Capit\u00e1n General Gerardo Barrios en enero de 2007 y posteriormente obtuvo una beca para estudiar Medicina en la Universidad Salvadore\u00f1a Alberto Masferrer, ha dividido opiniones en el pa\u00eds, con posiciones a favor y en contra.&nbsp;<\/p>\n\n\n\n<figure class=\"wp-block-embed is-type-rich is-provider-twitter wp-block-embed-twitter\"><div class=\"wp-block-embed__wrapper\">\n<div class=\"embed-twitter\"><blockquote class=\"twitter-tweet\" data-width=\"550\" data-dnt=\"true\"><p lang=\"en\" dir=\"ltr\">This is how our schools used to be in El Salvador: recruitment centers for gang members.<br><br>And they weren\u2019t just any gangs, but the most bloodthirsty in the world.<br><br>Today, many mothers weep for their children in prison; others, for those in the cemetery or still missing.\u2026 <a href=\"https:\/\/t.co\/aPy8xfTvVO\">pic.twitter.com\/aPy8xfTvVO<\/a><\/p>&mdash; Nayib Bukele (@nayibbukele) <a href=\"https:\/\/twitter.com\/nayibbukele\/status\/1960100065999221238?ref_src=twsrc%5Etfw\">August 25, 2025<\/a><\/blockquote><script async src=\"https:\/\/platform.twitter.com\/widgets.js\" charset=\"utf-8\"><\/script><\/div>\n<\/div><\/figure>\n\n\n\n<h2 class=\"wp-block-heading\">Escuelas implementan estricto control<\/h2>\n\n\n\n<p>Las escuelas p\u00fablicas de El Salvador implementan desde la pasada semana un estricto control que incluye revisar que los estudiantes visten un uniforme limpio, cabello adecuado y brinden un saludo respetuoso, como medida de \u00aborden y disciplina\u00bb impulsada -como una de sus primeras acciones- por la ministra Trigueros.<\/p>\n\n\n\n<p>Adem\u00e1s, la ministra ha enviado a las escuelas p\u00fablicas un Reglamento para la Promoci\u00f3n de la Cortes\u00eda Escolar, que entrar\u00e1 en vigencia a partir del 1 de septiembre, seg\u00fan lo anunci\u00f3 Trigueros en X el domingo.<\/p>\n\n\n\n<p>\u00abQueremos que cada ni\u00f1o y adolescente crezca practicando expresiones tan sencillas pero fundamentales como: Buenos d\u00edas, por favor y gracias, fortaleciendo as\u00ed la cultura ciudadana en nuestras escuelas\u00bb, apunt\u00f3.<\/p>\n\n\n\n<p>Seg\u00fan el documento publicado por la ministra, la omisi\u00f3n de lo mandado equivaldr\u00e1 a entre 1 y 15 \u00abdem\u00e9ritos\u00bb que contemplan suspensi\u00f3n del a\u00f1o escolar y de &#8216;privilegios escolares&#8217;.<\/p>\n\n\n\n<p class=\"has-text-align-right\"><strong>Redacci\u00f3n | Web del Maestro CMF<\/strong><\/p>\n\n\n\t\t<div class=\"pk-inline-posts\">\n\t\t\t\n\t\t\t<div class=\"pk-inline-posts-container pk-inline-posts-template-list\"\n\t\t\t\tdata-columns=\"1\">\n\t\t\t\t\t\t<article id=\"post-118473\" class=\"post-118473 post type-post status-publish format-standard has-post-thumbnail category-noticias-internacionales tag-convivencia tag-docentes tag-educacion-3 tag-gestion-escolar-2 tag-protocolos tag-salud-mental tag-seguridad-escolar tag-simulacros tag-violencia-escolar cs-entry cs-video-wrap\">\n\t\t\t<div class=\"pk-post-outer\">\n\n\t\t\t\t\t\t\t\t<div class=\"pk-post-inner\">\n\t\t\t\t\t<div class=\"entry-thumbnail\">\n\t\t\t\t\t\t<div class=\"pk-overlay pk-overlay-ratio pk-ratio-landscape\">\n\t\t\t\t\t\t\t<div class=\"pk-overlay-background\">\n\t\t\t\t\t\t\t\t<a href=\"https:\/\/webdelmaestrocmf.com\/portal\/se-confirma-que-habra-simulacros-de-tiroteos-en-las-escuelas\/\" class=\"pk-overlay-link\">\n\t\t\t\t\t\t\t\t\t<img loading=\"lazy\" decoding=\"async\" width=\"300\" height=\"225\" src=\"https:\/\/webdelmaestrocmf.com\/portal\/wp-content\/uploads\/2026\/04\/1AA-Banner-1-portada-imagen-10-1-copia-1-11-300x225.webp\" class=\"attachment-pk-thumbnail size-pk-thumbnail wp-post-image\" alt=\"\" \/>\t\t\t\t\t\t\t\t<\/a>\n\t\t\t\t\t\t\t<\/div>\n\t\t\t\t\t\t<\/div>\n\t\t\t\t\t<\/div>\n\t\t\t\t<\/div>\n\t\t\t\t\n\t\t\t\t<div class=\"pk-post-inner\">\n\t\t\t\t\t<header>\n\t\t\t\t\t\t<h3 class=\"pk-title\"><a href=\"https:\/\/webdelmaestrocmf.com\/portal\/se-confirma-que-habra-simulacros-de-tiroteos-en-las-escuelas\/\" rel=\"bookmark\">Se confirma que habr\u00e1 simulacros de tiroteos en las escuelas<\/a><\/h3>\t\t\t\t\t<\/header><!-- .entry-header -->\n\t\t\t\t<\/div><!-- .post-inner -->\n\n\t\t\t<\/div><!-- .post-outer -->\n\t\t<\/article>\n\t\t\t<article id=\"post-118464\" class=\"post-118464 post type-post status-publish format-standard has-post-thumbnail category-noticias-internacionales tag-aula tag-convivencia-escolar tag-disciplina tag-docentes tag-educacion-3 tag-estudiantes tag-gestion-educativa-3 tag-normativa tag-pedagogia-3 tag-violencia-escolar cs-entry cs-video-wrap\">\n\t\t\t<div class=\"pk-post-outer\">\n\n\t\t\t\t\t\t\t\t<div class=\"pk-post-inner\">\n\t\t\t\t\t<div class=\"entry-thumbnail\">\n\t\t\t\t\t\t<div class=\"pk-overlay pk-overlay-ratio pk-ratio-landscape\">\n\t\t\t\t\t\t\t<div class=\"pk-overlay-background\">\n\t\t\t\t\t\t\t\t<a href=\"https:\/\/webdelmaestrocmf.com\/portal\/peru-pone-limites-estudiantes-violentos-podrian-salir-del-aula-presencial-y-pasar-a-otra-modalidad-educativa\/\" class=\"pk-overlay-link\">\n\t\t\t\t\t\t\t\t\t<img loading=\"lazy\" decoding=\"async\" width=\"300\" height=\"225\" src=\"https:\/\/webdelmaestrocmf.com\/portal\/wp-content\/uploads\/2026\/04\/1AA-Banner-1-portada-imagen-10-1-copia-38-300x225.webp\" class=\"attachment-pk-thumbnail size-pk-thumbnail wp-post-image\" alt=\"\" \/>\t\t\t\t\t\t\t\t<\/a>\n\t\t\t\t\t\t\t<\/div>\n\t\t\t\t\t\t<\/div>\n\t\t\t\t\t<\/div>\n\t\t\t\t<\/div>\n\t\t\t\t\n\t\t\t\t<div class=\"pk-post-inner\">\n\t\t\t\t\t<header>\n\t\t\t\t\t\t<h3 class=\"pk-title\"><a href=\"https:\/\/webdelmaestrocmf.com\/portal\/peru-pone-limites-estudiantes-violentos-podrian-salir-del-aula-presencial-y-pasar-a-otra-modalidad-educativa\/\" rel=\"bookmark\">Per\u00fa pone l\u00edmites: estudiantes violentos podr\u00edan salir del aula presencial y pasar a otra modalidad educativa<\/a><\/h3>\t\t\t\t\t<\/header><!-- .entry-header -->\n\t\t\t\t<\/div><!-- .post-inner -->\n\n\t\t\t<\/div><!-- .post-outer -->\n\t\t<\/article>\n\t\t\t<article id=\"post-118433\" class=\"post-118433 post type-post status-publish format-standard has-post-thumbnail category-noticias-internacionales tag-aprendizaje tag-atencion-en-el-aula-2 tag-docentes tag-educacion-3 tag-estrategias-didacticas-2 tag-innovacion-educativa-3 tag-motivacion-escolar-2 tag-neuroeducacion-2 tag-pedagogia-3 tag-tecnologia-educativa-3 cs-entry cs-video-wrap\">\n\t\t\t<div class=\"pk-post-outer\">\n\n\t\t\t\t\t\t\t\t<div class=\"pk-post-inner\">\n\t\t\t\t\t<div class=\"entry-thumbnail\">\n\t\t\t\t\t\t<div class=\"pk-overlay pk-overlay-ratio pk-ratio-landscape\">\n\t\t\t\t\t\t\t<div class=\"pk-overlay-background\">\n\t\t\t\t\t\t\t\t<a href=\"https:\/\/webdelmaestrocmf.com\/portal\/9-de-cada-10-maestros-confirman-que-los-alumnos-ya-no-prestan-atencion-en-clase\/\" class=\"pk-overlay-link\">\n\t\t\t\t\t\t\t\t\t<img loading=\"lazy\" decoding=\"async\" width=\"300\" height=\"225\" src=\"https:\/\/webdelmaestrocmf.com\/portal\/wp-content\/uploads\/2026\/04\/1AA-Banner-1-portada-imagen-10-1-copia-1-10-300x225.webp\" class=\"attachment-pk-thumbnail size-pk-thumbnail wp-post-image\" alt=\"\" \/>\t\t\t\t\t\t\t\t<\/a>\n\t\t\t\t\t\t\t<\/div>\n\t\t\t\t\t\t<\/div>\n\t\t\t\t\t<\/div>\n\t\t\t\t<\/div>\n\t\t\t\t\n\t\t\t\t<div class=\"pk-post-inner\">\n\t\t\t\t\t<header>\n\t\t\t\t\t\t<h3 class=\"pk-title\"><a href=\"https:\/\/webdelmaestrocmf.com\/portal\/9-de-cada-10-maestros-confirman-que-los-alumnos-ya-no-prestan-atencion-en-clase\/\" rel=\"bookmark\">9 de cada 10 maestros confirman que los alumnos ya no prestan atenci\u00f3n en clase<\/a><\/h3>\t\t\t\t\t<\/header><!-- .entry-header -->\n\t\t\t\t<\/div><!-- .post-inner -->\n\n\t\t\t<\/div><!-- .post-outer -->\n\t\t<\/article>\n\t\t\t\t<\/div>\n\t\t<\/div>\n\t\t\n","protected":false},"excerpt":{"rendered":"\u201cLas medidas de disciplina en las escuelas buscan evitar que esta tragedia (pandillas) vuelva a repetirse\u201d, recalc\u00f3 el gobernante de El Salvador.","protected":false},"author":1,"featured_media":112369,"comment_status":"open","ping_status":"closed","sticky":false,"template":"","format":"standard","meta":{"csco_display_header_overlay":false,"csco_singular_sidebar":"","csco_page_header_type":"","csco_page_load_nextpost":"","csco_post_video_location":[],"csco_post_video_location_hash":"","csco_post_video_url":"","csco_post_video_bg_start_time":0,"csco_post_video_bg_end_time":0,"csco_post_video_bg_volume":false,"_jetpack_memberships_contains_paid_content":false,"footnotes":""},"categories":[23790],"tags":[24127,606,155,24230],"class_list":{"0":"post-112365","1":"post","2":"type-post","3":"status-publish","4":"format-standard","5":"has-post-thumbnail","7":"category-noticias-internacionales","8":"tag-bukele","9":"tag-disciplina","10":"tag-escuelas","11":"tag-pandillas","12":"cs-entry","13":"cs-video-wrap"},"yoast_head":"<!-- This site is optimized with the Yoast SEO plugin v27.5 - https:\/\/yoast.com\/product\/yoast-seo-wordpress\/ -->\n<title>Bukele justifica disciplina en escuelas: evitar\u00e1 pandillas - 2026<\/title>\n<meta name=\"description\" content=\"El presidente de\u00a0El Salvador,\u00a0Nayib Bukele, defendi\u00f3 las medidas de &quot;orden\u201d y &quot;disciplina\u201d implementadas en las escuelas...\" \/>\n<meta name=\"robots\" content=\"index, follow, max-snippet:-1, max-image-preview:large, max-video-preview:-1\" \/>\n<link rel=\"canonical\" href=\"https:\/\/webdelmaestrocmf.com\/portal\/bukele-justifica-disciplina-en-escuelas-evitara-pandillas\/\" \/>\n<meta property=\"og:locale\" content=\"es_ES\" \/>\n<meta property=\"og:type\" content=\"article\" \/>\n<meta property=\"og:title\" content=\"Bukele justifica disciplina en escuelas: evitar\u00e1 pandillas - 2026\" \/>\n<meta property=\"og:description\" content=\"El presidente de\u00a0El Salvador,\u00a0Nayib Bukele, defendi\u00f3 las medidas de &quot;orden\u201d y &quot;disciplina\u201d implementadas en las escuelas...\" \/>\n<meta property=\"og:url\" content=\"https:\/\/webdelmaestrocmf.com\/portal\/bukele-justifica-disciplina-en-escuelas-evitara-pandillas\/\" \/>\n<meta property=\"og:site_name\" content=\"Web del Maestro CMF\" \/>\n<meta property=\"article:publisher\" content=\"https:\/\/www.facebook.com\/WebdelMaestroCMF\/\" \/>\n<meta property=\"article:author\" content=\"https:\/\/www.facebook.com\/WebdelMaestroCMF\/\" \/>\n<meta property=\"article:published_time\" content=\"2025-10-01T12:25:07+00:00\" \/>\n<meta property=\"article:modified_time\" content=\"2025-10-04T01:17:59+00:00\" \/>\n<meta property=\"og:image\" content=\"https:\/\/webdelmaestrocmf.com\/portal\/wp-content\/uploads\/2025\/10\/1A-Banner-1-portada-imagen-10-1-copia.jpg\" \/>\n\t<meta property=\"og:image:width\" content=\"1003\" \/>\n\t<meta property=\"og:image:height\" content=\"667\" \/>\n\t<meta property=\"og:image:type\" content=\"image\/jpeg\" \/>\n<meta name=\"author\" content=\"Web del Maestro CMF\" \/>\n<meta name=\"twitter:card\" content=\"summary_large_image\" \/>\n<meta name=\"twitter:creator\" content=\"@cmf_w\" \/>\n<meta name=\"twitter:site\" content=\"@cmf_w\" \/>\n<script type=\"application\/ld+json\" class=\"yoast-schema-graph\">{\"@context\":\"https:\\\/\\\/schema.org\",\"@graph\":[{\"@type\":\"ScholarlyArticle\",\"@id\":\"https:\\\/\\\/webdelmaestrocmf.com\\\/portal\\\/bukele-justifica-disciplina-en-escuelas-evitara-pandillas\\\/#article\",\"isPartOf\":{\"@id\":\"https:\\\/\\\/webdelmaestrocmf.com\\\/portal\\\/bukele-justifica-disciplina-en-escuelas-evitara-pandillas\\\/\"},\"author\":{\"name\":\"Web del Maestro CMF\",\"@id\":\"https:\\\/\\\/webdelmaestrocmf.com\\\/portal\\\/#\\\/schema\\\/person\\\/1072a2ed7bd960df8ef99a551fa35dc5\"},\"headline\":\"Bukele justifica disciplina en escuelas: evitar\u00e1 pandillas\",\"datePublished\":\"2025-10-01T12:25:07+00:00\",\"dateModified\":\"2025-10-04T01:17:59+00:00\",\"mainEntityOfPage\":{\"@id\":\"https:\\\/\\\/webdelmaestrocmf.com\\\/portal\\\/bukele-justifica-disciplina-en-escuelas-evitara-pandillas\\\/\"},\"wordCount\":403,\"commentCount\":25,\"publisher\":{\"@id\":\"https:\\\/\\\/webdelmaestrocmf.com\\\/portal\\\/#organization\"},\"image\":{\"@id\":\"https:\\\/\\\/webdelmaestrocmf.com\\\/portal\\\/bukele-justifica-disciplina-en-escuelas-evitara-pandillas\\\/#primaryimage\"},\"thumbnailUrl\":\"https:\\\/\\\/webdelmaestrocmf.com\\\/portal\\\/wp-content\\\/uploads\\\/2025\\\/10\\\/1A-Banner-1-portada-imagen-10-1-copia.jpg\",\"keywords\":[\"Bukele\",\"DISCIPLINA\",\"ESCUELAS\",\"pandillas\"],\"articleSection\":[\"Noticias Internacionales\"],\"inLanguage\":\"es\",\"potentialAction\":[{\"@type\":\"CommentAction\",\"name\":\"Comment\",\"target\":[\"https:\\\/\\\/webdelmaestrocmf.com\\\/portal\\\/bukele-justifica-disciplina-en-escuelas-evitara-pandillas\\\/#respond\"]}]},{\"@type\":\"WebPage\",\"@id\":\"https:\\\/\\\/webdelmaestrocmf.com\\\/portal\\\/bukele-justifica-disciplina-en-escuelas-evitara-pandillas\\\/\",\"url\":\"https:\\\/\\\/webdelmaestrocmf.com\\\/portal\\\/bukele-justifica-disciplina-en-escuelas-evitara-pandillas\\\/\",\"name\":\"Bukele justifica disciplina en escuelas: evitar\u00e1 pandillas - 2026\",\"isPartOf\":{\"@id\":\"https:\\\/\\\/webdelmaestrocmf.com\\\/portal\\\/#website\"},\"primaryImageOfPage\":{\"@id\":\"https:\\\/\\\/webdelmaestrocmf.com\\\/portal\\\/bukele-justifica-disciplina-en-escuelas-evitara-pandillas\\\/#primaryimage\"},\"image\":{\"@id\":\"https:\\\/\\\/webdelmaestrocmf.com\\\/portal\\\/bukele-justifica-disciplina-en-escuelas-evitara-pandillas\\\/#primaryimage\"},\"thumbnailUrl\":\"https:\\\/\\\/webdelmaestrocmf.com\\\/portal\\\/wp-content\\\/uploads\\\/2025\\\/10\\\/1A-Banner-1-portada-imagen-10-1-copia.jpg\",\"datePublished\":\"2025-10-01T12:25:07+00:00\",\"dateModified\":\"2025-10-04T01:17:59+00:00\",\"description\":\"El presidente de\u00a0El Salvador,\u00a0Nayib Bukele, defendi\u00f3 las medidas de \\\"orden\u201d y \\\"disciplina\u201d implementadas en las escuelas...\",\"breadcrumb\":{\"@id\":\"https:\\\/\\\/webdelmaestrocmf.com\\\/portal\\\/bukele-justifica-disciplina-en-escuelas-evitara-pandillas\\\/#breadcrumb\"},\"inLanguage\":\"es\",\"potentialAction\":[{\"@type\":\"ReadAction\",\"target\":[\"https:\\\/\\\/webdelmaestrocmf.com\\\/portal\\\/bukele-justifica-disciplina-en-escuelas-evitara-pandillas\\\/\"]}]},{\"@type\":\"ImageObject\",\"inLanguage\":\"es\",\"@id\":\"https:\\\/\\\/webdelmaestrocmf.com\\\/portal\\\/bukele-justifica-disciplina-en-escuelas-evitara-pandillas\\\/#primaryimage\",\"url\":\"https:\\\/\\\/webdelmaestrocmf.com\\\/portal\\\/wp-content\\\/uploads\\\/2025\\\/10\\\/1A-Banner-1-portada-imagen-10-1-copia.jpg\",\"contentUrl\":\"https:\\\/\\\/webdelmaestrocmf.com\\\/portal\\\/wp-content\\\/uploads\\\/2025\\\/10\\\/1A-Banner-1-portada-imagen-10-1-copia.jpg\",\"width\":1003,\"height\":667},{\"@type\":\"BreadcrumbList\",\"@id\":\"https:\\\/\\\/webdelmaestrocmf.com\\\/portal\\\/bukele-justifica-disciplina-en-escuelas-evitara-pandillas\\\/#breadcrumb\",\"itemListElement\":[{\"@type\":\"ListItem\",\"position\":1,\"name\":\"Portada\",\"item\":\"https:\\\/\\\/webdelmaestrocmf.com\\\/portal\\\/\"},{\"@type\":\"ListItem\",\"position\":2,\"name\":\"Noticias Internacionales\",\"item\":\"https:\\\/\\\/webdelmaestrocmf.com\\\/portal\\\/category\\\/noticias-internacionales\\\/\"},{\"@type\":\"ListItem\",\"position\":3,\"name\":\"Bukele justifica disciplina en escuelas: evitar\u00e1 pandillas\"}]},{\"@type\":\"WebSite\",\"@id\":\"https:\\\/\\\/webdelmaestrocmf.com\\\/portal\\\/#website\",\"url\":\"https:\\\/\\\/webdelmaestrocmf.com\\\/portal\\\/\",\"name\":\"Web del Maestro CMF\",\"description\":\"Maestros al servicio de la educaci\u00f3n\",\"publisher\":{\"@id\":\"https:\\\/\\\/webdelmaestrocmf.com\\\/portal\\\/#organization\"},\"alternateName\":\"WMCMF\",\"potentialAction\":[{\"@type\":\"SearchAction\",\"target\":{\"@type\":\"EntryPoint\",\"urlTemplate\":\"https:\\\/\\\/webdelmaestrocmf.com\\\/portal\\\/?s={search_term_string}\"},\"query-input\":{\"@type\":\"PropertyValueSpecification\",\"valueRequired\":true,\"valueName\":\"search_term_string\"}}],\"inLanguage\":\"es\"},{\"@type\":\"Organization\",\"@id\":\"https:\\\/\\\/webdelmaestrocmf.com\\\/portal\\\/#organization\",\"name\":\"Web del Maestro CMF\",\"alternateName\":\"WMCMF\",\"url\":\"https:\\\/\\\/webdelmaestrocmf.com\\\/portal\\\/\",\"logo\":{\"@type\":\"ImageObject\",\"inLanguage\":\"es\",\"@id\":\"https:\\\/\\\/webdelmaestrocmf.com\\\/portal\\\/#\\\/schema\\\/logo\\\/image\\\/\",\"url\":\"https:\\\/\\\/webdelmaestrocmf.com\\\/portal\\\/wp-content\\\/uploads\\\/2023\\\/01\\\/logo-wmcmf-2.png\",\"contentUrl\":\"https:\\\/\\\/webdelmaestrocmf.com\\\/portal\\\/wp-content\\\/uploads\\\/2023\\\/01\\\/logo-wmcmf-2.png\",\"width\":200,\"height\":60,\"caption\":\"Web del Maestro CMF\"},\"image\":{\"@id\":\"https:\\\/\\\/webdelmaestrocmf.com\\\/portal\\\/#\\\/schema\\\/logo\\\/image\\\/\"},\"sameAs\":[\"https:\\\/\\\/www.facebook.com\\\/WebdelMaestroCMF\\\/\",\"https:\\\/\\\/x.com\\\/cmf_w\",\"https:\\\/\\\/www.pinterest.com\\\/WMCMF\\\/\",\"https:\\\/\\\/www.linkedin.com\\\/company\\\/web-del-maestro-cmf\\\/\",\"https:\\\/\\\/www.instagram.com\\\/wmcmf\\\/\",\"https:\\\/\\\/www.youtube.com\\\/channel\\\/UCDPSvjbdodE5sHnC3OxutHw\",\"https:\\\/\\\/mastodon.social\\\/@wmcmf\",\"https:\\\/\\\/www.tiktok.com\\\/@webdelmaestrocmf\"]},{\"@type\":\"Person\",\"@id\":\"https:\\\/\\\/webdelmaestrocmf.com\\\/portal\\\/#\\\/schema\\\/person\\\/1072a2ed7bd960df8ef99a551fa35dc5\",\"name\":\"Web del Maestro CMF\",\"image\":{\"@type\":\"ImageObject\",\"inLanguage\":\"es\",\"@id\":\"https:\\\/\\\/secure.gravatar.com\\\/avatar\\\/23291dd5b5ae1077dcff3dbb04c3e02bd28403fa75af6d8787d5e97c5bbbe30b?s=96&d=mm&r=g\",\"url\":\"https:\\\/\\\/secure.gravatar.com\\\/avatar\\\/23291dd5b5ae1077dcff3dbb04c3e02bd28403fa75af6d8787d5e97c5bbbe30b?s=96&d=mm&r=g\",\"contentUrl\":\"https:\\\/\\\/secure.gravatar.com\\\/avatar\\\/23291dd5b5ae1077dcff3dbb04c3e02bd28403fa75af6d8787d5e97c5bbbe30b?s=96&d=mm&r=g\",\"caption\":\"Web del Maestro CMF\"},\"description\":\"Esta Web se cre\u00f3 sin fines de lucro, con fines educativos, cient\u00edficos y acad\u00e9micos, para personas que tengan dificultades y\\\/o inconvenientes en visualizar el material original. El objetivo es entregar recursos, compartir experiencias y materiales que ayuden a los padres de familia, maestros y estudiantes en su actualizaci\u00f3n y formaci\u00f3n permanente, en bien de la Educaci\u00f3n.\",\"sameAs\":[\"http:\\\/\\\/webdelmaestrocmf.com\\\/portal\",\"https:\\\/\\\/www.facebook.com\\\/WebdelMaestroCMF\\\/\",\"https:\\\/\\\/www.instagram.com\\\/wmcmf\\\/\",\"https:\\\/\\\/cl.linkedin.com\\\/company\\\/web-del-maestro-cmf\",\"https:\\\/\\\/www.pinterest.com\\\/WMCMF\\\/publicaciones\\\/\",\"https:\\\/\\\/x.com\\\/cmf_w\",\"https:\\\/\\\/www.youtube.com\\\/@WMCMF\"]}]}<\/script>\n<!-- \/ Yoast SEO plugin. -->","yoast_head_json":{"title":"Bukele justifica disciplina en escuelas: evitar\u00e1 pandillas - 2026","description":"El presidente de\u00a0El Salvador,\u00a0Nayib Bukele, defendi\u00f3 las medidas de \"orden\u201d y \"disciplina\u201d implementadas en las escuelas...","robots":{"index":"index","follow":"follow","max-snippet":"max-snippet:-1","max-image-preview":"max-image-preview:large","max-video-preview":"max-video-preview:-1"},"canonical":"https:\/\/webdelmaestrocmf.com\/portal\/bukele-justifica-disciplina-en-escuelas-evitara-pandillas\/","og_locale":"es_ES","og_type":"article","og_title":"Bukele justifica disciplina en escuelas: evitar\u00e1 pandillas - 2026","og_description":"El presidente de\u00a0El Salvador,\u00a0Nayib Bukele, defendi\u00f3 las medidas de \"orden\u201d y \"disciplina\u201d implementadas en las escuelas...","og_url":"https:\/\/webdelmaestrocmf.com\/portal\/bukele-justifica-disciplina-en-escuelas-evitara-pandillas\/","og_site_name":"Web del Maestro CMF","article_publisher":"https:\/\/www.facebook.com\/WebdelMaestroCMF\/","article_author":"https:\/\/www.facebook.com\/WebdelMaestroCMF\/","article_published_time":"2025-10-01T12:25:07+00:00","article_modified_time":"2025-10-04T01:17:59+00:00","og_image":[{"width":1003,"height":667,"url":"https:\/\/webdelmaestrocmf.com\/portal\/wp-content\/uploads\/2025\/10\/1A-Banner-1-portada-imagen-10-1-copia.jpg","type":"image\/jpeg"}],"author":"Web del Maestro CMF","twitter_card":"summary_large_image","twitter_creator":"@cmf_w","twitter_site":"@cmf_w","schema":{"@context":"https:\/\/schema.org","@graph":[{"@type":"ScholarlyArticle","@id":"https:\/\/webdelmaestrocmf.com\/portal\/bukele-justifica-disciplina-en-escuelas-evitara-pandillas\/#article","isPartOf":{"@id":"https:\/\/webdelmaestrocmf.com\/portal\/bukele-justifica-disciplina-en-escuelas-evitara-pandillas\/"},"author":{"name":"Web del Maestro CMF","@id":"https:\/\/webdelmaestrocmf.com\/portal\/#\/schema\/person\/1072a2ed7bd960df8ef99a551fa35dc5"},"headline":"Bukele justifica disciplina en escuelas: evitar\u00e1 pandillas","datePublished":"2025-10-01T12:25:07+00:00","dateModified":"2025-10-04T01:17:59+00:00","mainEntityOfPage":{"@id":"https:\/\/webdelmaestrocmf.com\/portal\/bukele-justifica-disciplina-en-escuelas-evitara-pandillas\/"},"wordCount":403,"commentCount":25,"publisher":{"@id":"https:\/\/webdelmaestrocmf.com\/portal\/#organization"},"image":{"@id":"https:\/\/webdelmaestrocmf.com\/portal\/bukele-justifica-disciplina-en-escuelas-evitara-pandillas\/#primaryimage"},"thumbnailUrl":"https:\/\/webdelmaestrocmf.com\/portal\/wp-content\/uploads\/2025\/10\/1A-Banner-1-portada-imagen-10-1-copia.jpg","keywords":["Bukele","DISCIPLINA","ESCUELAS","pandillas"],"articleSection":["Noticias Internacionales"],"inLanguage":"es","potentialAction":[{"@type":"CommentAction","name":"Comment","target":["https:\/\/webdelmaestrocmf.com\/portal\/bukele-justifica-disciplina-en-escuelas-evitara-pandillas\/#respond"]}]},{"@type":"WebPage","@id":"https:\/\/webdelmaestrocmf.com\/portal\/bukele-justifica-disciplina-en-escuelas-evitara-pandillas\/","url":"https:\/\/webdelmaestrocmf.com\/portal\/bukele-justifica-disciplina-en-escuelas-evitara-pandillas\/","name":"Bukele justifica disciplina en escuelas: evitar\u00e1 pandillas - 2026","isPartOf":{"@id":"https:\/\/webdelmaestrocmf.com\/portal\/#website"},"primaryImageOfPage":{"@id":"https:\/\/webdelmaestrocmf.com\/portal\/bukele-justifica-disciplina-en-escuelas-evitara-pandillas\/#primaryimage"},"image":{"@id":"https:\/\/webdelmaestrocmf.com\/portal\/bukele-justifica-disciplina-en-escuelas-evitara-pandillas\/#primaryimage"},"thumbnailUrl":"https:\/\/webdelmaestrocmf.com\/portal\/wp-content\/uploads\/2025\/10\/1A-Banner-1-portada-imagen-10-1-copia.jpg","datePublished":"2025-10-01T12:25:07+00:00","dateModified":"2025-10-04T01:17:59+00:00","description":"El presidente de\u00a0El Salvador,\u00a0Nayib Bukele, defendi\u00f3 las medidas de \"orden\u201d y \"disciplina\u201d implementadas en las escuelas...","breadcrumb":{"@id":"https:\/\/webdelmaestrocmf.com\/portal\/bukele-justifica-disciplina-en-escuelas-evitara-pandillas\/#breadcrumb"},"inLanguage":"es","potentialAction":[{"@type":"ReadAction","target":["https:\/\/webdelmaestrocmf.com\/portal\/bukele-justifica-disciplina-en-escuelas-evitara-pandillas\/"]}]},{"@type":"ImageObject","inLanguage":"es","@id":"https:\/\/webdelmaestrocmf.com\/portal\/bukele-justifica-disciplina-en-escuelas-evitara-pandillas\/#primaryimage","url":"https:\/\/webdelmaestrocmf.com\/portal\/wp-content\/uploads\/2025\/10\/1A-Banner-1-portada-imagen-10-1-copia.jpg","contentUrl":"https:\/\/webdelmaestrocmf.com\/portal\/wp-content\/uploads\/2025\/10\/1A-Banner-1-portada-imagen-10-1-copia.jpg","width":1003,"height":667},{"@type":"BreadcrumbList","@id":"https:\/\/webdelmaestrocmf.com\/portal\/bukele-justifica-disciplina-en-escuelas-evitara-pandillas\/#breadcrumb","itemListElement":[{"@type":"ListItem","position":1,"name":"Portada","item":"https:\/\/webdelmaestrocmf.com\/portal\/"},{"@type":"ListItem","position":2,"name":"Noticias Internacionales","item":"https:\/\/webdelmaestrocmf.com\/portal\/category\/noticias-internacionales\/"},{"@type":"ListItem","position":3,"name":"Bukele justifica disciplina en escuelas: evitar\u00e1 pandillas"}]},{"@type":"WebSite","@id":"https:\/\/webdelmaestrocmf.com\/portal\/#website","url":"https:\/\/webdelmaestrocmf.com\/portal\/","name":"Web del Maestro CMF","description":"Maestros al servicio de la educaci\u00f3n","publisher":{"@id":"https:\/\/webdelmaestrocmf.com\/portal\/#organization"},"alternateName":"WMCMF","potentialAction":[{"@type":"SearchAction","target":{"@type":"EntryPoint","urlTemplate":"https:\/\/webdelmaestrocmf.com\/portal\/?s={search_term_string}"},"query-input":{"@type":"PropertyValueSpecification","valueRequired":true,"valueName":"search_term_string"}}],"inLanguage":"es"},{"@type":"Organization","@id":"https:\/\/webdelmaestrocmf.com\/portal\/#organization","name":"Web del Maestro CMF","alternateName":"WMCMF","url":"https:\/\/webdelmaestrocmf.com\/portal\/","logo":{"@type":"ImageObject","inLanguage":"es","@id":"https:\/\/webdelmaestrocmf.com\/portal\/#\/schema\/logo\/image\/","url":"https:\/\/webdelmaestrocmf.com\/portal\/wp-content\/uploads\/2023\/01\/logo-wmcmf-2.png","contentUrl":"https:\/\/webdelmaestrocmf.com\/portal\/wp-content\/uploads\/2023\/01\/logo-wmcmf-2.png","width":200,"height":60,"caption":"Web del Maestro CMF"},"image":{"@id":"https:\/\/webdelmaestrocmf.com\/portal\/#\/schema\/logo\/image\/"},"sameAs":["https:\/\/www.facebook.com\/WebdelMaestroCMF\/","https:\/\/x.com\/cmf_w","https:\/\/www.pinterest.com\/WMCMF\/","https:\/\/www.linkedin.com\/company\/web-del-maestro-cmf\/","https:\/\/www.instagram.com\/wmcmf\/","https:\/\/www.youtube.com\/channel\/UCDPSvjbdodE5sHnC3OxutHw","https:\/\/mastodon.social\/@wmcmf","https:\/\/www.tiktok.com\/@webdelmaestrocmf"]},{"@type":"Person","@id":"https:\/\/webdelmaestrocmf.com\/portal\/#\/schema\/person\/1072a2ed7bd960df8ef99a551fa35dc5","name":"Web del Maestro CMF","image":{"@type":"ImageObject","inLanguage":"es","@id":"https:\/\/secure.gravatar.com\/avatar\/23291dd5b5ae1077dcff3dbb04c3e02bd28403fa75af6d8787d5e97c5bbbe30b?s=96&d=mm&r=g","url":"https:\/\/secure.gravatar.com\/avatar\/23291dd5b5ae1077dcff3dbb04c3e02bd28403fa75af6d8787d5e97c5bbbe30b?s=96&d=mm&r=g","contentUrl":"https:\/\/secure.gravatar.com\/avatar\/23291dd5b5ae1077dcff3dbb04c3e02bd28403fa75af6d8787d5e97c5bbbe30b?s=96&d=mm&r=g","caption":"Web del Maestro CMF"},"description":"Esta Web se cre\u00f3 sin fines de lucro, con fines educativos, cient\u00edficos y acad\u00e9micos, para personas que tengan dificultades y\/o inconvenientes en visualizar el material original. El objetivo es entregar recursos, compartir experiencias y materiales que ayuden a los padres de familia, maestros y estudiantes en su actualizaci\u00f3n y formaci\u00f3n permanente, en bien de la Educaci\u00f3n.","sameAs":["http:\/\/webdelmaestrocmf.com\/portal","https:\/\/www.facebook.com\/WebdelMaestroCMF\/","https:\/\/www.instagram.com\/wmcmf\/","https:\/\/cl.linkedin.com\/company\/web-del-maestro-cmf","https:\/\/www.pinterest.com\/WMCMF\/publicaciones\/","https:\/\/x.com\/cmf_w","https:\/\/www.youtube.com\/@WMCMF"]}]}},"jetpack_featured_media_url":"https:\/\/webdelmaestrocmf.com\/portal\/wp-content\/uploads\/2025\/10\/1A-Banner-1-portada-imagen-10-1-copia.jpg","jetpack_sharing_enabled":true,"jetpack-related-posts":[{"id":115105,"url":"https:\/\/webdelmaestrocmf.com\/portal\/nayib-bukele-dos-cosas-claras-para-la-escuela-seguridad-para-los-ninos-tranquilidad-para-los-padres\/","url_meta":{"origin":112365,"position":0},"title":"Nayib Bukele: \u201cDos cosas claras\u201d para la escuela: seguridad para los ni\u00f1os, tranquilidad para los padres","author":"Web del Maestro CMF","date":"3 febrero, 2026","format":false,"excerpt":"Bukele afirma que los ni\u00f1os estudian tranquilos y los padres conf\u00edan: no ser\u00e1n da\u00f1ados ni reclutados por pandillas.","rel":"","context":"En \u00abNoticias Internacionales\u00bb","block_context":{"text":"Noticias Internacionales","link":"https:\/\/webdelmaestrocmf.com\/portal\/category\/noticias-internacionales\/"},"img":{"alt_text":"","src":"https:\/\/i0.wp.com\/webdelmaestrocmf.com\/portal\/wp-content\/uploads\/2026\/02\/1A-Banner-1-portada-imagen-10-1-copia-3.webp?resize=350%2C200&ssl=1","width":350,"height":200,"srcset":"https:\/\/i0.wp.com\/webdelmaestrocmf.com\/portal\/wp-content\/uploads\/2026\/02\/1A-Banner-1-portada-imagen-10-1-copia-3.webp?resize=350%2C200&ssl=1 1x, https:\/\/i0.wp.com\/webdelmaestrocmf.com\/portal\/wp-content\/uploads\/2026\/02\/1A-Banner-1-portada-imagen-10-1-copia-3.webp?resize=525%2C300&ssl=1 1.5x, https:\/\/i0.wp.com\/webdelmaestrocmf.com\/portal\/wp-content\/uploads\/2026\/02\/1A-Banner-1-portada-imagen-10-1-copia-3.webp?resize=700%2C400&ssl=1 2x"},"classes":[]},{"id":112425,"url":"https:\/\/webdelmaestrocmf.com\/portal\/bukele-prohibe-el-lenguaje-inclusivo-en-escuelas-de-el-salvador\/","url_meta":{"origin":112365,"position":1},"title":"Bukele proh\u00edbe el \u00ablenguaje inclusivo\u00bb en escuelas de El Salvador","author":"Web del Maestro CMF","date":"3 octubre, 2025","format":false,"excerpt":"\"Desde hoy queda prohibido el mal llamado 'lenguaje inclusivo' en todos los centros educativos p\u00fablicos de nuestro pa\u00eds\", afirm\u00f3 el mandatario en X.","rel":"","context":"En \u00abNoticias Internacionales\u00bb","block_context":{"text":"Noticias Internacionales","link":"https:\/\/webdelmaestrocmf.com\/portal\/category\/noticias-internacionales\/"},"img":{"alt_text":"","src":"https:\/\/i0.wp.com\/webdelmaestrocmf.com\/portal\/wp-content\/uploads\/2025\/10\/1A-Banner-1-portada-imagen-10-1-copia-3.webp?resize=350%2C200&ssl=1","width":350,"height":200,"srcset":"https:\/\/i0.wp.com\/webdelmaestrocmf.com\/portal\/wp-content\/uploads\/2025\/10\/1A-Banner-1-portada-imagen-10-1-copia-3.webp?resize=350%2C200&ssl=1 1x, https:\/\/i0.wp.com\/webdelmaestrocmf.com\/portal\/wp-content\/uploads\/2025\/10\/1A-Banner-1-portada-imagen-10-1-copia-3.webp?resize=525%2C300&ssl=1 1.5x, https:\/\/i0.wp.com\/webdelmaestrocmf.com\/portal\/wp-content\/uploads\/2025\/10\/1A-Banner-1-portada-imagen-10-1-copia-3.webp?resize=700%2C400&ssl=1 2x"},"classes":[]},{"id":116678,"url":"https:\/\/webdelmaestrocmf.com\/portal\/autoridades-de-el-salvador-impulsan-corte-de-cabello-basado-en-estilo-de-channing-tatum-la-disciplina-impuesta-por-nayib-bukele-en-las-escuelas\/","url_meta":{"origin":112365,"position":2},"title":"Autoridades de El Salvador impulsan corte de cabello basado en estilo de \u00abChanning Tatum\u00bb. La disciplina impuesta por Nayib Bukele en las escuelas","author":"Web del Maestro CMF","date":"20 marzo, 2026","format":false,"excerpt":"El Salvador impone un corte de cabello obligatorio en escuelas como medida de disciplina, generando debate sobre los l\u00edmites entre orden institucional, libertad individual y formaci\u00f3n integral de los estudiantes.","rel":"","context":"En \u00abNoticias Internacionales\u00bb","block_context":{"text":"Noticias Internacionales","link":"https:\/\/webdelmaestrocmf.com\/portal\/category\/noticias-internacionales\/"},"img":{"alt_text":"","src":"https:\/\/i0.wp.com\/webdelmaestrocmf.com\/portal\/wp-content\/uploads\/2026\/03\/1AA-Banner-1-portada-imagen-10-1-copia-1-4.webp?resize=350%2C200&ssl=1","width":350,"height":200,"srcset":"https:\/\/i0.wp.com\/webdelmaestrocmf.com\/portal\/wp-content\/uploads\/2026\/03\/1AA-Banner-1-portada-imagen-10-1-copia-1-4.webp?resize=350%2C200&ssl=1 1x, https:\/\/i0.wp.com\/webdelmaestrocmf.com\/portal\/wp-content\/uploads\/2026\/03\/1AA-Banner-1-portada-imagen-10-1-copia-1-4.webp?resize=525%2C300&ssl=1 1.5x, https:\/\/i0.wp.com\/webdelmaestrocmf.com\/portal\/wp-content\/uploads\/2026\/03\/1AA-Banner-1-portada-imagen-10-1-copia-1-4.webp?resize=700%2C400&ssl=1 2x, https:\/\/i0.wp.com\/webdelmaestrocmf.com\/portal\/wp-content\/uploads\/2026\/03\/1AA-Banner-1-portada-imagen-10-1-copia-1-4.webp?resize=1050%2C600&ssl=1 3x"},"classes":[]},{"id":111946,"url":"https:\/\/webdelmaestrocmf.com\/portal\/bukele-nombra-a-la-capitana-karla-trigueros-como-nueva-ministra-de-educacion-e-impulsa-disciplina-estricta-en-las-escuelas-publicas\/","url_meta":{"origin":112365,"position":3},"title":"Bukele nombra a la capitana Karla Trigueros como nueva ministra de Educaci\u00f3n e impulsa disciplina estricta en las escuelas p\u00fablicas","author":"Web del Maestro CMF","date":"20 agosto, 2025","format":false,"excerpt":"Bukele y la capitana Karla Trigueros impulsan disciplina estricta en escuelas salvadore\u00f1as, generando respaldo oficial y cr\u00edticas por posible militarizaci\u00f3n.","rel":"","context":"En \u00abNoticias Internacionales\u00bb","block_context":{"text":"Noticias Internacionales","link":"https:\/\/webdelmaestrocmf.com\/portal\/category\/noticias-internacionales\/"},"img":{"alt_text":"","src":"https:\/\/i0.wp.com\/webdelmaestrocmf.com\/portal\/wp-content\/uploads\/2025\/08\/1A-Banner-1-portada-imagen-10-1-copia-3-3.webp?resize=350%2C200&ssl=1","width":350,"height":200,"srcset":"https:\/\/i0.wp.com\/webdelmaestrocmf.com\/portal\/wp-content\/uploads\/2025\/08\/1A-Banner-1-portada-imagen-10-1-copia-3-3.webp?resize=350%2C200&ssl=1 1x, https:\/\/i0.wp.com\/webdelmaestrocmf.com\/portal\/wp-content\/uploads\/2025\/08\/1A-Banner-1-portada-imagen-10-1-copia-3-3.webp?resize=525%2C300&ssl=1 1.5x, https:\/\/i0.wp.com\/webdelmaestrocmf.com\/portal\/wp-content\/uploads\/2025\/08\/1A-Banner-1-portada-imagen-10-1-copia-3-3.webp?resize=700%2C400&ssl=1 2x"},"classes":[]},{"id":112608,"url":"https:\/\/webdelmaestrocmf.com\/portal\/el-salvador-de-aulas-tomadas-por-el-miedo-a-escuelas-con-esperanza\/","url_meta":{"origin":112365,"position":4},"title":"El Salvador: de aulas tomadas por el miedo a escuelas con esperanza","author":"Web del Maestro CMF","date":"16 octubre, 2025","format":false,"excerpt":"El Salvador recupera sus escuelas: los alumnos vuelven a estudiar sin miedo y los maestros ense\u00f1an con esperanza y libertad.","rel":"","context":"En \u00abNoticias Internacionales\u00bb","block_context":{"text":"Noticias Internacionales","link":"https:\/\/webdelmaestrocmf.com\/portal\/category\/noticias-internacionales\/"},"img":{"alt_text":"","src":"https:\/\/i0.wp.com\/webdelmaestrocmf.com\/portal\/wp-content\/uploads\/2025\/10\/1A-Banner-1-portada-imagen-10-1-copia-2-1.webp?resize=350%2C200&ssl=1","width":350,"height":200,"srcset":"https:\/\/i0.wp.com\/webdelmaestrocmf.com\/portal\/wp-content\/uploads\/2025\/10\/1A-Banner-1-portada-imagen-10-1-copia-2-1.webp?resize=350%2C200&ssl=1 1x, https:\/\/i0.wp.com\/webdelmaestrocmf.com\/portal\/wp-content\/uploads\/2025\/10\/1A-Banner-1-portada-imagen-10-1-copia-2-1.webp?resize=525%2C300&ssl=1 1.5x, https:\/\/i0.wp.com\/webdelmaestrocmf.com\/portal\/wp-content\/uploads\/2025\/10\/1A-Banner-1-portada-imagen-10-1-copia-2-1.webp?resize=700%2C400&ssl=1 2x"},"classes":[]},{"id":115101,"url":"https:\/\/webdelmaestrocmf.com\/portal\/bukele-y-musk-anuncian-el-uso-de-ia-grok-en-escuelas-publicas-de-el-salvador-promesas-interrogantes-y-advertencias\/","url_meta":{"origin":112365,"position":5},"title":"Bukele y Musk anuncian el uso de IA Grok en escuelas p\u00fablicas de El Salvador: promesas, interrogantes y advertencias","author":"Web del Maestro CMF","date":"3 febrero, 2026","format":false,"excerpt":"El uso de IA en escuelas promete personalizaci\u00f3n, pero genera dudas por falta de transparencia, control y fiabilidad de contenidos.","rel":"","context":"En \u00abNoticias Internacionales\u00bb","block_context":{"text":"Noticias Internacionales","link":"https:\/\/webdelmaestrocmf.com\/portal\/category\/noticias-internacionales\/"},"img":{"alt_text":"","src":"https:\/\/i0.wp.com\/webdelmaestrocmf.com\/portal\/wp-content\/uploads\/2026\/02\/1A-Banner-1-portada-imagen-10-1-copia-2-1.webp?resize=350%2C200&ssl=1","width":350,"height":200,"srcset":"https:\/\/i0.wp.com\/webdelmaestrocmf.com\/portal\/wp-content\/uploads\/2026\/02\/1A-Banner-1-portada-imagen-10-1-copia-2-1.webp?resize=350%2C200&ssl=1 1x, https:\/\/i0.wp.com\/webdelmaestrocmf.com\/portal\/wp-content\/uploads\/2026\/02\/1A-Banner-1-portada-imagen-10-1-copia-2-1.webp?resize=525%2C300&ssl=1 1.5x, https:\/\/i0.wp.com\/webdelmaestrocmf.com\/portal\/wp-content\/uploads\/2026\/02\/1A-Banner-1-portada-imagen-10-1-copia-2-1.webp?resize=700%2C400&ssl=1 2x"},"classes":[]}],"_links":{"self":[{"href":"https:\/\/webdelmaestrocmf.com\/portal\/wp-json\/wp\/v2\/posts\/112365","targetHints":{"allow":["GET"]}}],"collection":[{"href":"https:\/\/webdelmaestrocmf.com\/portal\/wp-json\/wp\/v2\/posts"}],"about":[{"href":"https:\/\/webdelmaestrocmf.com\/portal\/wp-json\/wp\/v2\/types\/post"}],"author":[{"embeddable":true,"href":"https:\/\/webdelmaestrocmf.com\/portal\/wp-json\/wp\/v2\/users\/1"}],"replies":[{"embeddable":true,"href":"https:\/\/webdelmaestrocmf.com\/portal\/wp-json\/wp\/v2\/comments?post=112365"}],"version-history":[{"count":1,"href":"https:\/\/webdelmaestrocmf.com\/portal\/wp-json\/wp\/v2\/posts\/112365\/revisions"}],"predecessor-version":[{"id":112368,"href":"https:\/\/webdelmaestrocmf.com\/portal\/wp-json\/wp\/v2\/posts\/112365\/revisions\/112368"}],"wp:featuredmedia":[{"embeddable":true,"href":"https:\/\/webdelmaestrocmf.com\/portal\/wp-json\/wp\/v2\/media\/112369"}],"wp:attachment":[{"href":"https:\/\/webdelmaestrocmf.com\/portal\/wp-json\/wp\/v2\/media?parent=112365"}],"wp:term":[{"taxonomy":"category","embeddable":true,"href":"https:\/\/webdelmaestrocmf.com\/portal\/wp-json\/wp\/v2\/categories?post=112365"},{"taxonomy":"post_tag","embeddable":true,"href":"https:\/\/webdelmaestrocmf.com\/portal\/wp-json\/wp\/v2\/tags?post=112365"}],"curies":[{"name":"wp","href":"https:\/\/api.w.org\/{rel}","templated":true}]}}