{"id":112296,"date":"2025-09-24T22:41:39","date_gmt":"2025-09-25T01:41:39","guid":{"rendered":"https:\/\/webdelmaestrocmf.com\/portal\/?p=112296"},"modified":"2025-09-24T22:41:41","modified_gmt":"2025-09-25T01:41:41","slug":"una-tragedia-evitable-joven-pierde-la-vista-debido-a-un-proyecto-escolar-sin-supervisar","status":"publish","type":"post","link":"https:\/\/webdelmaestrocmf.com\/portal\/una-tragedia-evitable-joven-pierde-la-vista-debido-a-un-proyecto-escolar-sin-supervisar\/","title":{"rendered":"Una tragedia evitable: Joven pierde la vista debido a un proyecto escolar sin supervisar"},"content":{"rendered":"\n<p>\u201cMam\u00e1, no veo nada. Ya no te voy a volver a ver nunca\u201d. Con esas palabras, Carlos Daniel Rodr\u00edguez, un joven de 16 a\u00f1os, marc\u00f3 para siempre la memoria de su madre, Ana Cristina S\u00e1enz G\u00f3mez. El adolescente, estudiante del CECyTECH \u201cFlores Mag\u00f3n\u201d en Chihuahua, participaba en un proyecto escolar de fundici\u00f3n de aluminio cuando sufri\u00f3 un accidente que lo hizo perder la vista y lo dej\u00f3 pr\u00e1cticamente ciego.<\/p>\n\n\n\n<p>La actividad, asignada por el profesor Sergio Renter\u00eda, carec\u00eda de supervisi\u00f3n y condiciones de seguridad. Aquel descuido se transform\u00f3 en una tragedia irreversible para un joven lleno de sue\u00f1os, proyectos y una vida que apenas comenzaba a construirse.<\/p>\n\n\n\n<figure class=\"wp-block-image size-large\"><img loading=\"lazy\" decoding=\"async\" width=\"839\" height=\"1024\" src=\"https:\/\/webdelmaestrocmf.com\/portal\/wp-content\/uploads\/2025\/09\/538110997_1348421526640710_5906779525911749579_n-1-839x1024.webp\" alt=\"\" class=\"wp-image-112299\" srcset=\"https:\/\/webdelmaestrocmf.com\/portal\/wp-content\/uploads\/2025\/09\/538110997_1348421526640710_5906779525911749579_n-1-839x1024.webp 839w, https:\/\/webdelmaestrocmf.com\/portal\/wp-content\/uploads\/2025\/09\/538110997_1348421526640710_5906779525911749579_n-1-246x300.webp 246w, https:\/\/webdelmaestrocmf.com\/portal\/wp-content\/uploads\/2025\/09\/538110997_1348421526640710_5906779525911749579_n-1-768x937.webp 768w, https:\/\/webdelmaestrocmf.com\/portal\/wp-content\/uploads\/2025\/09\/538110997_1348421526640710_5906779525911749579_n-1-332x405.webp 332w, https:\/\/webdelmaestrocmf.com\/portal\/wp-content\/uploads\/2025\/09\/538110997_1348421526640710_5906779525911749579_n-1-664x810.webp 664w, https:\/\/webdelmaestrocmf.com\/portal\/wp-content\/uploads\/2025\/09\/538110997_1348421526640710_5906779525911749579_n-1-688x839.webp 688w, https:\/\/webdelmaestrocmf.com\/portal\/wp-content\/uploads\/2025\/09\/538110997_1348421526640710_5906779525911749579_n-1.webp 928w\" sizes=\"auto, (max-width: 839px) 100vw, 839px\" \/><\/figure>\n\n\n\n<h2 class=\"wp-block-heading\"><strong>El accidente<\/strong><\/h2>\n\n\n\n<p>En marzo de 2024, los alumnos del plantel intentaron realizar la pr\u00e1ctica en la escuela, pero los ensayos fallidos ya hab\u00edan mostrado se\u00f1ales de peligro: una brasa de carb\u00f3n casi provoc\u00f3 un incendio. Aun as\u00ed, el profesor decidi\u00f3 que los estudiantes continuaran el trabajo en sus casas.<\/p>\n\n\n\n<p>Fue en la vivienda de Carlos Daniel, acompa\u00f1ado por sus compa\u00f1eros Adri\u00e1n Hern\u00e1ndez, Paulina Arredondo y Naomi Jurado, donde ocurri\u00f3 la explosi\u00f3n. En cuesti\u00f3n de minutos, el fuego alcanz\u00f3 el rostro del joven. Sus compa\u00f1eros solo tuvieron lesiones menores, pero \u00e9l sufri\u00f3 quemaduras graves en ambos ojos.<\/p>\n\n\n\n<figure class=\"wp-block-image size-large\"><img loading=\"lazy\" decoding=\"async\" width=\"777\" height=\"1024\" src=\"https:\/\/webdelmaestrocmf.com\/portal\/wp-content\/uploads\/2025\/09\/537556826_1348421489974047_8984798900160839732_n-777x1024.webp\" alt=\"\" class=\"wp-image-112298\" srcset=\"https:\/\/webdelmaestrocmf.com\/portal\/wp-content\/uploads\/2025\/09\/537556826_1348421489974047_8984798900160839732_n-777x1024.webp 777w, https:\/\/webdelmaestrocmf.com\/portal\/wp-content\/uploads\/2025\/09\/537556826_1348421489974047_8984798900160839732_n-228x300.webp 228w, https:\/\/webdelmaestrocmf.com\/portal\/wp-content\/uploads\/2025\/09\/537556826_1348421489974047_8984798900160839732_n-768x1013.webp 768w, https:\/\/webdelmaestrocmf.com\/portal\/wp-content\/uploads\/2025\/09\/537556826_1348421489974047_8984798900160839732_n-332x438.webp 332w, https:\/\/webdelmaestrocmf.com\/portal\/wp-content\/uploads\/2025\/09\/537556826_1348421489974047_8984798900160839732_n-664x875.webp 664w, https:\/\/webdelmaestrocmf.com\/portal\/wp-content\/uploads\/2025\/09\/537556826_1348421489974047_8984798900160839732_n-688x907.webp 688w, https:\/\/webdelmaestrocmf.com\/portal\/wp-content\/uploads\/2025\/09\/537556826_1348421489974047_8984798900160839732_n.webp 810w\" sizes=\"auto, (max-width: 777px) 100vw, 777px\" \/><\/figure>\n\n\n\n<h2 class=\"wp-block-heading\"><strong>Diagn\u00f3stico devastador<\/strong><\/h2>\n\n\n\n<p>Tras ser trasladado al Instituto Mexicano del Seguro Social, el diagn\u00f3stico fue contundente: p\u00e9rdida total de la visi\u00f3n, con riesgo de enucleaci\u00f3n (extirpaci\u00f3n ocular). Despu\u00e9s de una cirug\u00eda de emergencia, qued\u00f3 sin funci\u00f3n en el ojo izquierdo y con visi\u00f3n m\u00ednima en el derecho.<\/p>\n\n\n\n<p>A pesar de consultas con especialistas y recomendaciones de trasplante de c\u00f3rnea y reconstrucci\u00f3n de p\u00e1rpados, la esperanza de recuperar la vista se extingui\u00f3. Carlos Daniel pas\u00f3 de ser un adolescente activo y alegre a depender de otros para sus actividades diarias.<\/p>\n\n\n\n<h2 class=\"wp-block-heading\"><strong>Indiferencia institucional<\/strong><\/h2>\n\n\n\n<p>La reacci\u00f3n del plantel educativo y del gobierno de Chihuahua, encabezado por Mar\u00eda Eugenia Campos Galv\u00e1n, fue de indiferencia. La escuela ofreci\u00f3 un seguro privado limitado y condicionado a que los estudiantes mintieran, asegurando que el accidente ocurri\u00f3 dentro del plantel. La familia rechaz\u00f3 esa propuesta, denunciando la falta de apoyo econ\u00f3mico, m\u00e9dico y emocional.<\/p>\n\n\n\n<p>Ana Cristina relata que su hijo, en tercer semestre, perdi\u00f3 incluso el seguro m\u00e9dico escolar tras el accidente. Tampoco recibieron disculpas ni acompa\u00f1amiento psicol\u00f3gico. El caso refleja un patr\u00f3n de negligencias: otro estudiante cay\u00f3 desde un segundo piso y una ni\u00f1a sufri\u00f3 un corte, sin que se adoptaran medidas preventivas.<\/p>\n\n\n\n<figure class=\"wp-block-image size-large\"><img loading=\"lazy\" decoding=\"async\" width=\"751\" height=\"1024\" src=\"https:\/\/webdelmaestrocmf.com\/portal\/wp-content\/uploads\/2025\/09\/537254329_1348421496640713_8913826979989397196_n-1-751x1024.jpg\" alt=\"\" class=\"wp-image-112300\" srcset=\"https:\/\/webdelmaestrocmf.com\/portal\/wp-content\/uploads\/2025\/09\/537254329_1348421496640713_8913826979989397196_n-1-751x1024.jpg 751w, https:\/\/webdelmaestrocmf.com\/portal\/wp-content\/uploads\/2025\/09\/537254329_1348421496640713_8913826979989397196_n-1-220x300.jpg 220w, https:\/\/webdelmaestrocmf.com\/portal\/wp-content\/uploads\/2025\/09\/537254329_1348421496640713_8913826979989397196_n-1-768x1047.jpg 768w, https:\/\/webdelmaestrocmf.com\/portal\/wp-content\/uploads\/2025\/09\/537254329_1348421496640713_8913826979989397196_n-1-332x453.jpg 332w, https:\/\/webdelmaestrocmf.com\/portal\/wp-content\/uploads\/2025\/09\/537254329_1348421496640713_8913826979989397196_n-1-664x905.jpg 664w, https:\/\/webdelmaestrocmf.com\/portal\/wp-content\/uploads\/2025\/09\/537254329_1348421496640713_8913826979989397196_n-1-688x938.jpg 688w, https:\/\/webdelmaestrocmf.com\/portal\/wp-content\/uploads\/2025\/09\/537254329_1348421496640713_8913826979989397196_n-1.jpg 1005w\" sizes=\"auto, (max-width: 751px) 100vw, 751px\" \/><\/figure>\n\n\n\n<h2 class=\"wp-block-heading\"><strong>La voz de la justicia<\/strong><\/h2>\n\n\n\n<p>La Comisi\u00f3n Estatal de Derechos Humanos de Chihuahua emiti\u00f3 una recomendaci\u00f3n formal para que el gobierno estatal garantice la reparaci\u00f3n integral del da\u00f1o, acceso a atenci\u00f3n m\u00e9dica especializada, apoyo jur\u00eddico y programas que permitan la reintegraci\u00f3n de Carlos a la sociedad.<\/p>\n\n\n\n<p>El abogado de la familia, Carlos Ibarra, se\u00f1ala que esta recomendaci\u00f3n ser\u00e1 la base de una demanda civil contra el plantel y el gobierno: \u201cNo se trata solo de reparar el da\u00f1o econ\u00f3mico, sino de reconocer la negligencia y garantizar que esto no vuelva a repetirse\u201d.<\/p>\n\n\n\n<h2 class=\"wp-block-heading\"><strong>Una lucha por el futuro<\/strong><\/h2>\n\n\n\n<p>M\u00e1s de un a\u00f1o despu\u00e9s, Carlos Daniel vive con un ojo semicerrado y apenas un 20 % de visi\u00f3n en el otro. La familia, obligada a mudarse a la ciudad para buscar atenci\u00f3n m\u00e9dica, enfrenta adem\u00e1s la carga emocional de ver truncados los sue\u00f1os de su hijo.<\/p>\n\n\n\n<p>\u201cEra un ni\u00f1o alegre, le encantaba andar en bicicleta, hacer mec\u00e1nica. Ahora necesita ayuda para todo\u201d, lamenta su madre. Pese al dolor, Ana Cristina asegura que no dejar\u00e1 de luchar por justicia y por asegurar el futuro de su hijo.<\/p>\n\n\n\n<hr class=\"wp-block-separator has-alpha-channel-opacity\"\/>\n\n\n\n<p>El caso de Carlos Daniel no es un accidente aislado. Es el reflejo de un sistema educativo que, en ocasiones, falla en lo m\u00e1s b\u00e1sico: garantizar la seguridad de los estudiantes. La falta de supervisi\u00f3n, la precariedad en los laboratorios y la indolencia institucional se combinan para dejar a una familia marcada de por vida.<\/p>\n\n\n\n<p>La educaci\u00f3n no puede ser un riesgo mortal. Los alumnos conf\u00edan sus vidas a las instituciones y los padres esperan que est\u00e9n protegidos. La tragedia de este joven debe ser un recordatorio urgente de que la negligencia en la escuela se paga demasiado caro: con los sue\u00f1os y la vida de quienes apenas comienzan a vivir.<\/p>\n\n\n\n<p class=\"has-text-align-right\"><strong>Redacci\u00f3n | Web del Maestro CMF<\/strong><\/p>\n\n\n\t\t<div class=\"pk-inline-posts\">\n\t\t\t\n\t\t\t<div class=\"pk-inline-posts-container pk-inline-posts-template-list\"\n\t\t\t\tdata-columns=\"1\">\n\t\t\t\t\t\t<article id=\"post-118473\" class=\"post-118473 post type-post status-publish format-standard has-post-thumbnail category-noticias-internacionales tag-convivencia tag-docentes tag-educacion-3 tag-gestion-escolar-2 tag-protocolos tag-salud-mental tag-seguridad-escolar tag-simulacros tag-violencia-escolar cs-entry cs-video-wrap\">\n\t\t\t<div class=\"pk-post-outer\">\n\n\t\t\t\t\t\t\t\t<div class=\"pk-post-inner\">\n\t\t\t\t\t<div class=\"entry-thumbnail\">\n\t\t\t\t\t\t<div class=\"pk-overlay pk-overlay-ratio pk-ratio-landscape\">\n\t\t\t\t\t\t\t<div class=\"pk-overlay-background\">\n\t\t\t\t\t\t\t\t<a href=\"https:\/\/webdelmaestrocmf.com\/portal\/se-confirma-que-habra-simulacros-de-tiroteos-en-las-escuelas\/\" class=\"pk-overlay-link\">\n\t\t\t\t\t\t\t\t\t<img loading=\"lazy\" decoding=\"async\" width=\"300\" height=\"225\" src=\"https:\/\/webdelmaestrocmf.com\/portal\/wp-content\/uploads\/2026\/04\/1AA-Banner-1-portada-imagen-10-1-copia-1-11-300x225.webp\" class=\"attachment-pk-thumbnail size-pk-thumbnail wp-post-image\" alt=\"\" \/>\t\t\t\t\t\t\t\t<\/a>\n\t\t\t\t\t\t\t<\/div>\n\t\t\t\t\t\t<\/div>\n\t\t\t\t\t<\/div>\n\t\t\t\t<\/div>\n\t\t\t\t\n\t\t\t\t<div class=\"pk-post-inner\">\n\t\t\t\t\t<header>\n\t\t\t\t\t\t<h3 class=\"pk-title\"><a href=\"https:\/\/webdelmaestrocmf.com\/portal\/se-confirma-que-habra-simulacros-de-tiroteos-en-las-escuelas\/\" rel=\"bookmark\">Se confirma que habr\u00e1 simulacros de tiroteos en las escuelas<\/a><\/h3>\t\t\t\t\t<\/header><!-- .entry-header -->\n\t\t\t\t<\/div><!-- .post-inner -->\n\n\t\t\t<\/div><!-- .post-outer -->\n\t\t<\/article>\n\t\t\t<article id=\"post-118464\" class=\"post-118464 post type-post status-publish format-standard has-post-thumbnail category-noticias-internacionales tag-aula tag-convivencia-escolar tag-disciplina tag-docentes tag-educacion-3 tag-estudiantes tag-gestion-educativa-3 tag-normativa tag-pedagogia-3 tag-violencia-escolar cs-entry cs-video-wrap\">\n\t\t\t<div class=\"pk-post-outer\">\n\n\t\t\t\t\t\t\t\t<div class=\"pk-post-inner\">\n\t\t\t\t\t<div class=\"entry-thumbnail\">\n\t\t\t\t\t\t<div class=\"pk-overlay pk-overlay-ratio pk-ratio-landscape\">\n\t\t\t\t\t\t\t<div class=\"pk-overlay-background\">\n\t\t\t\t\t\t\t\t<a href=\"https:\/\/webdelmaestrocmf.com\/portal\/peru-pone-limites-estudiantes-violentos-podrian-salir-del-aula-presencial-y-pasar-a-otra-modalidad-educativa\/\" class=\"pk-overlay-link\">\n\t\t\t\t\t\t\t\t\t<img loading=\"lazy\" decoding=\"async\" width=\"300\" height=\"225\" src=\"https:\/\/webdelmaestrocmf.com\/portal\/wp-content\/uploads\/2026\/04\/1AA-Banner-1-portada-imagen-10-1-copia-38-300x225.webp\" class=\"attachment-pk-thumbnail size-pk-thumbnail wp-post-image\" alt=\"\" \/>\t\t\t\t\t\t\t\t<\/a>\n\t\t\t\t\t\t\t<\/div>\n\t\t\t\t\t\t<\/div>\n\t\t\t\t\t<\/div>\n\t\t\t\t<\/div>\n\t\t\t\t\n\t\t\t\t<div class=\"pk-post-inner\">\n\t\t\t\t\t<header>\n\t\t\t\t\t\t<h3 class=\"pk-title\"><a href=\"https:\/\/webdelmaestrocmf.com\/portal\/peru-pone-limites-estudiantes-violentos-podrian-salir-del-aula-presencial-y-pasar-a-otra-modalidad-educativa\/\" rel=\"bookmark\">Per\u00fa pone l\u00edmites: estudiantes violentos podr\u00edan salir del aula presencial y pasar a otra modalidad educativa<\/a><\/h3>\t\t\t\t\t<\/header><!-- .entry-header -->\n\t\t\t\t<\/div><!-- .post-inner -->\n\n\t\t\t<\/div><!-- .post-outer -->\n\t\t<\/article>\n\t\t\t<article id=\"post-118433\" class=\"post-118433 post type-post status-publish format-standard has-post-thumbnail category-noticias-internacionales tag-aprendizaje tag-atencion-en-el-aula-2 tag-docentes tag-educacion-3 tag-estrategias-didacticas-2 tag-innovacion-educativa-3 tag-motivacion-escolar-2 tag-neuroeducacion-2 tag-pedagogia-3 tag-tecnologia-educativa-3 cs-entry cs-video-wrap\">\n\t\t\t<div class=\"pk-post-outer\">\n\n\t\t\t\t\t\t\t\t<div class=\"pk-post-inner\">\n\t\t\t\t\t<div class=\"entry-thumbnail\">\n\t\t\t\t\t\t<div class=\"pk-overlay pk-overlay-ratio pk-ratio-landscape\">\n\t\t\t\t\t\t\t<div class=\"pk-overlay-background\">\n\t\t\t\t\t\t\t\t<a href=\"https:\/\/webdelmaestrocmf.com\/portal\/9-de-cada-10-maestros-confirman-que-los-alumnos-ya-no-prestan-atencion-en-clase\/\" class=\"pk-overlay-link\">\n\t\t\t\t\t\t\t\t\t<img loading=\"lazy\" decoding=\"async\" width=\"300\" height=\"225\" src=\"https:\/\/webdelmaestrocmf.com\/portal\/wp-content\/uploads\/2026\/04\/1AA-Banner-1-portada-imagen-10-1-copia-1-10-300x225.webp\" class=\"attachment-pk-thumbnail size-pk-thumbnail wp-post-image\" alt=\"\" \/>\t\t\t\t\t\t\t\t<\/a>\n\t\t\t\t\t\t\t<\/div>\n\t\t\t\t\t\t<\/div>\n\t\t\t\t\t<\/div>\n\t\t\t\t<\/div>\n\t\t\t\t\n\t\t\t\t<div class=\"pk-post-inner\">\n\t\t\t\t\t<header>\n\t\t\t\t\t\t<h3 class=\"pk-title\"><a href=\"https:\/\/webdelmaestrocmf.com\/portal\/9-de-cada-10-maestros-confirman-que-los-alumnos-ya-no-prestan-atencion-en-clase\/\" rel=\"bookmark\">9 de cada 10 maestros confirman que los alumnos ya no prestan atenci\u00f3n en clase<\/a><\/h3>\t\t\t\t\t<\/header><!-- .entry-header -->\n\t\t\t\t<\/div><!-- .post-inner -->\n\n\t\t\t<\/div><!-- .post-outer -->\n\t\t<\/article>\n\t\t\t\t<\/div>\n\t\t<\/div>\n\t\t\n","protected":false},"excerpt":{"rendered":"La madre de Carlos Daniel acusa al colegio de haber condicionado otorgar un seguro privado si declaraban que el accidente ocurri\u00f3 en el plantel \/\/ Denuncian indiferencia del gobierno de Chihuahua ante el hecho","protected":false},"author":1,"featured_media":112301,"comment_status":"open","ping_status":"closed","sticky":false,"template":"","format":"standard","meta":{"csco_display_header_overlay":false,"csco_singular_sidebar":"","csco_page_header_type":"","csco_page_load_nextpost":"","csco_post_video_location":[],"csco_post_video_location_hash":"","csco_post_video_url":"","csco_post_video_bg_start_time":0,"csco_post_video_bg_end_time":0,"csco_post_video_bg_volume":false,"_jetpack_memberships_contains_paid_content":false,"footnotes":""},"categories":[23790],"tags":[2908,608,1900,4422,872,24221,14843,6153],"class_list":{"0":"post-112296","1":"post","2":"type-post","3":"status-publish","4":"format-standard","5":"has-post-thumbnail","7":"category-noticias-internacionales","8":"tag-debido","9":"tag-escolar","10":"tag-joven","11":"tag-pierde","12":"tag-proyecto","13":"tag-supervisar","14":"tag-tragedia","15":"tag-vista","16":"cs-entry","17":"cs-video-wrap"},"yoast_head":"<!-- This site is optimized with the Yoast SEO plugin v27.5 - https:\/\/yoast.com\/product\/yoast-seo-wordpress\/ -->\n<title>Una tragedia evitable: Joven pierde la vista debido a un proyecto escolar sin supervisar - 2026<\/title>\n<meta name=\"description\" content=\"Participaba en un proyecto escolar de fundici\u00f3n de aluminio cuando sufri\u00f3 un accidente que lo hizo perder la vista y lo dej\u00f3...\" \/>\n<meta name=\"robots\" content=\"index, follow, max-snippet:-1, max-image-preview:large, max-video-preview:-1\" \/>\n<link rel=\"canonical\" href=\"https:\/\/webdelmaestrocmf.com\/portal\/una-tragedia-evitable-joven-pierde-la-vista-debido-a-un-proyecto-escolar-sin-supervisar\/\" \/>\n<meta property=\"og:locale\" content=\"es_ES\" \/>\n<meta property=\"og:type\" content=\"article\" \/>\n<meta property=\"og:title\" content=\"Una tragedia evitable: Joven pierde la vista debido a un proyecto escolar sin supervisar - 2026\" \/>\n<meta property=\"og:description\" content=\"Participaba en un proyecto escolar de fundici\u00f3n de aluminio cuando sufri\u00f3 un accidente que lo hizo perder la vista y lo dej\u00f3...\" \/>\n<meta property=\"og:url\" content=\"https:\/\/webdelmaestrocmf.com\/portal\/una-tragedia-evitable-joven-pierde-la-vista-debido-a-un-proyecto-escolar-sin-supervisar\/\" \/>\n<meta property=\"og:site_name\" content=\"Web del Maestro CMF\" \/>\n<meta property=\"article:publisher\" content=\"https:\/\/www.facebook.com\/WebdelMaestroCMF\/\" \/>\n<meta property=\"article:author\" content=\"https:\/\/www.facebook.com\/WebdelMaestroCMF\/\" \/>\n<meta property=\"article:published_time\" content=\"2025-09-25T01:41:39+00:00\" \/>\n<meta property=\"article:modified_time\" content=\"2025-09-25T01:41:41+00:00\" \/>\n<meta property=\"og:image\" content=\"https:\/\/webdelmaestrocmf.com\/portal\/wp-content\/uploads\/2025\/09\/1A-Banner-1-portada-imagen-10-1-copia-6.webp\" \/>\n\t<meta property=\"og:image:width\" content=\"1003\" \/>\n\t<meta property=\"og:image:height\" content=\"667\" \/>\n\t<meta property=\"og:image:type\" content=\"image\/webp\" \/>\n<meta name=\"author\" content=\"Web del Maestro CMF\" \/>\n<meta name=\"twitter:card\" content=\"summary_large_image\" \/>\n<meta name=\"twitter:creator\" content=\"@cmf_w\" \/>\n<meta name=\"twitter:site\" content=\"@cmf_w\" \/>\n<script type=\"application\/ld+json\" class=\"yoast-schema-graph\">{\"@context\":\"https:\\\/\\\/schema.org\",\"@graph\":[{\"@type\":\"ScholarlyArticle\",\"@id\":\"https:\\\/\\\/webdelmaestrocmf.com\\\/portal\\\/una-tragedia-evitable-joven-pierde-la-vista-debido-a-un-proyecto-escolar-sin-supervisar\\\/#article\",\"isPartOf\":{\"@id\":\"https:\\\/\\\/webdelmaestrocmf.com\\\/portal\\\/una-tragedia-evitable-joven-pierde-la-vista-debido-a-un-proyecto-escolar-sin-supervisar\\\/\"},\"author\":{\"name\":\"Web del Maestro CMF\",\"@id\":\"https:\\\/\\\/webdelmaestrocmf.com\\\/portal\\\/#\\\/schema\\\/person\\\/1072a2ed7bd960df8ef99a551fa35dc5\"},\"headline\":\"Una tragedia evitable: Joven pierde la vista debido a un proyecto escolar sin supervisar\",\"datePublished\":\"2025-09-25T01:41:39+00:00\",\"dateModified\":\"2025-09-25T01:41:41+00:00\",\"mainEntityOfPage\":{\"@id\":\"https:\\\/\\\/webdelmaestrocmf.com\\\/portal\\\/una-tragedia-evitable-joven-pierde-la-vista-debido-a-un-proyecto-escolar-sin-supervisar\\\/\"},\"wordCount\":787,\"commentCount\":0,\"publisher\":{\"@id\":\"https:\\\/\\\/webdelmaestrocmf.com\\\/portal\\\/#organization\"},\"image\":{\"@id\":\"https:\\\/\\\/webdelmaestrocmf.com\\\/portal\\\/una-tragedia-evitable-joven-pierde-la-vista-debido-a-un-proyecto-escolar-sin-supervisar\\\/#primaryimage\"},\"thumbnailUrl\":\"https:\\\/\\\/webdelmaestrocmf.com\\\/portal\\\/wp-content\\\/uploads\\\/2025\\\/09\\\/1A-Banner-1-portada-imagen-10-1-copia-6.webp\",\"keywords\":[\"DEBIDO\",\"ESCOLAR\",\"JOVEN\",\"pierde\",\"PROYECTO\",\"supervisar\",\"tragedia\",\"vista\"],\"articleSection\":[\"Noticias Internacionales\"],\"inLanguage\":\"es\",\"potentialAction\":[{\"@type\":\"CommentAction\",\"name\":\"Comment\",\"target\":[\"https:\\\/\\\/webdelmaestrocmf.com\\\/portal\\\/una-tragedia-evitable-joven-pierde-la-vista-debido-a-un-proyecto-escolar-sin-supervisar\\\/#respond\"]}]},{\"@type\":\"WebPage\",\"@id\":\"https:\\\/\\\/webdelmaestrocmf.com\\\/portal\\\/una-tragedia-evitable-joven-pierde-la-vista-debido-a-un-proyecto-escolar-sin-supervisar\\\/\",\"url\":\"https:\\\/\\\/webdelmaestrocmf.com\\\/portal\\\/una-tragedia-evitable-joven-pierde-la-vista-debido-a-un-proyecto-escolar-sin-supervisar\\\/\",\"name\":\"Una tragedia evitable: Joven pierde la vista debido a un proyecto escolar sin supervisar - 2026\",\"isPartOf\":{\"@id\":\"https:\\\/\\\/webdelmaestrocmf.com\\\/portal\\\/#website\"},\"primaryImageOfPage\":{\"@id\":\"https:\\\/\\\/webdelmaestrocmf.com\\\/portal\\\/una-tragedia-evitable-joven-pierde-la-vista-debido-a-un-proyecto-escolar-sin-supervisar\\\/#primaryimage\"},\"image\":{\"@id\":\"https:\\\/\\\/webdelmaestrocmf.com\\\/portal\\\/una-tragedia-evitable-joven-pierde-la-vista-debido-a-un-proyecto-escolar-sin-supervisar\\\/#primaryimage\"},\"thumbnailUrl\":\"https:\\\/\\\/webdelmaestrocmf.com\\\/portal\\\/wp-content\\\/uploads\\\/2025\\\/09\\\/1A-Banner-1-portada-imagen-10-1-copia-6.webp\",\"datePublished\":\"2025-09-25T01:41:39+00:00\",\"dateModified\":\"2025-09-25T01:41:41+00:00\",\"description\":\"Participaba en un proyecto escolar de fundici\u00f3n de aluminio cuando sufri\u00f3 un accidente que lo hizo perder la vista y lo dej\u00f3...\",\"breadcrumb\":{\"@id\":\"https:\\\/\\\/webdelmaestrocmf.com\\\/portal\\\/una-tragedia-evitable-joven-pierde-la-vista-debido-a-un-proyecto-escolar-sin-supervisar\\\/#breadcrumb\"},\"inLanguage\":\"es\",\"potentialAction\":[{\"@type\":\"ReadAction\",\"target\":[\"https:\\\/\\\/webdelmaestrocmf.com\\\/portal\\\/una-tragedia-evitable-joven-pierde-la-vista-debido-a-un-proyecto-escolar-sin-supervisar\\\/\"]}]},{\"@type\":\"ImageObject\",\"inLanguage\":\"es\",\"@id\":\"https:\\\/\\\/webdelmaestrocmf.com\\\/portal\\\/una-tragedia-evitable-joven-pierde-la-vista-debido-a-un-proyecto-escolar-sin-supervisar\\\/#primaryimage\",\"url\":\"https:\\\/\\\/webdelmaestrocmf.com\\\/portal\\\/wp-content\\\/uploads\\\/2025\\\/09\\\/1A-Banner-1-portada-imagen-10-1-copia-6.webp\",\"contentUrl\":\"https:\\\/\\\/webdelmaestrocmf.com\\\/portal\\\/wp-content\\\/uploads\\\/2025\\\/09\\\/1A-Banner-1-portada-imagen-10-1-copia-6.webp\",\"width\":1003,\"height\":667},{\"@type\":\"BreadcrumbList\",\"@id\":\"https:\\\/\\\/webdelmaestrocmf.com\\\/portal\\\/una-tragedia-evitable-joven-pierde-la-vista-debido-a-un-proyecto-escolar-sin-supervisar\\\/#breadcrumb\",\"itemListElement\":[{\"@type\":\"ListItem\",\"position\":1,\"name\":\"Portada\",\"item\":\"https:\\\/\\\/webdelmaestrocmf.com\\\/portal\\\/\"},{\"@type\":\"ListItem\",\"position\":2,\"name\":\"Noticias Internacionales\",\"item\":\"https:\\\/\\\/webdelmaestrocmf.com\\\/portal\\\/category\\\/noticias-internacionales\\\/\"},{\"@type\":\"ListItem\",\"position\":3,\"name\":\"Una tragedia evitable: Joven pierde la vista debido a un proyecto escolar sin supervisar\"}]},{\"@type\":\"WebSite\",\"@id\":\"https:\\\/\\\/webdelmaestrocmf.com\\\/portal\\\/#website\",\"url\":\"https:\\\/\\\/webdelmaestrocmf.com\\\/portal\\\/\",\"name\":\"Web del Maestro CMF\",\"description\":\"Maestros al servicio de la educaci\u00f3n\",\"publisher\":{\"@id\":\"https:\\\/\\\/webdelmaestrocmf.com\\\/portal\\\/#organization\"},\"alternateName\":\"WMCMF\",\"potentialAction\":[{\"@type\":\"SearchAction\",\"target\":{\"@type\":\"EntryPoint\",\"urlTemplate\":\"https:\\\/\\\/webdelmaestrocmf.com\\\/portal\\\/?s={search_term_string}\"},\"query-input\":{\"@type\":\"PropertyValueSpecification\",\"valueRequired\":true,\"valueName\":\"search_term_string\"}}],\"inLanguage\":\"es\"},{\"@type\":\"Organization\",\"@id\":\"https:\\\/\\\/webdelmaestrocmf.com\\\/portal\\\/#organization\",\"name\":\"Web del Maestro CMF\",\"alternateName\":\"WMCMF\",\"url\":\"https:\\\/\\\/webdelmaestrocmf.com\\\/portal\\\/\",\"logo\":{\"@type\":\"ImageObject\",\"inLanguage\":\"es\",\"@id\":\"https:\\\/\\\/webdelmaestrocmf.com\\\/portal\\\/#\\\/schema\\\/logo\\\/image\\\/\",\"url\":\"https:\\\/\\\/webdelmaestrocmf.com\\\/portal\\\/wp-content\\\/uploads\\\/2023\\\/01\\\/logo-wmcmf-2.png\",\"contentUrl\":\"https:\\\/\\\/webdelmaestrocmf.com\\\/portal\\\/wp-content\\\/uploads\\\/2023\\\/01\\\/logo-wmcmf-2.png\",\"width\":200,\"height\":60,\"caption\":\"Web del Maestro CMF\"},\"image\":{\"@id\":\"https:\\\/\\\/webdelmaestrocmf.com\\\/portal\\\/#\\\/schema\\\/logo\\\/image\\\/\"},\"sameAs\":[\"https:\\\/\\\/www.facebook.com\\\/WebdelMaestroCMF\\\/\",\"https:\\\/\\\/x.com\\\/cmf_w\",\"https:\\\/\\\/www.pinterest.com\\\/WMCMF\\\/\",\"https:\\\/\\\/www.linkedin.com\\\/company\\\/web-del-maestro-cmf\\\/\",\"https:\\\/\\\/www.instagram.com\\\/wmcmf\\\/\",\"https:\\\/\\\/www.youtube.com\\\/channel\\\/UCDPSvjbdodE5sHnC3OxutHw\",\"https:\\\/\\\/mastodon.social\\\/@wmcmf\",\"https:\\\/\\\/www.tiktok.com\\\/@webdelmaestrocmf\"]},{\"@type\":\"Person\",\"@id\":\"https:\\\/\\\/webdelmaestrocmf.com\\\/portal\\\/#\\\/schema\\\/person\\\/1072a2ed7bd960df8ef99a551fa35dc5\",\"name\":\"Web del Maestro CMF\",\"image\":{\"@type\":\"ImageObject\",\"inLanguage\":\"es\",\"@id\":\"https:\\\/\\\/secure.gravatar.com\\\/avatar\\\/23291dd5b5ae1077dcff3dbb04c3e02bd28403fa75af6d8787d5e97c5bbbe30b?s=96&d=mm&r=g\",\"url\":\"https:\\\/\\\/secure.gravatar.com\\\/avatar\\\/23291dd5b5ae1077dcff3dbb04c3e02bd28403fa75af6d8787d5e97c5bbbe30b?s=96&d=mm&r=g\",\"contentUrl\":\"https:\\\/\\\/secure.gravatar.com\\\/avatar\\\/23291dd5b5ae1077dcff3dbb04c3e02bd28403fa75af6d8787d5e97c5bbbe30b?s=96&d=mm&r=g\",\"caption\":\"Web del Maestro CMF\"},\"description\":\"Esta Web se cre\u00f3 sin fines de lucro, con fines educativos, cient\u00edficos y acad\u00e9micos, para personas que tengan dificultades y\\\/o inconvenientes en visualizar el material original. El objetivo es entregar recursos, compartir experiencias y materiales que ayuden a los padres de familia, maestros y estudiantes en su actualizaci\u00f3n y formaci\u00f3n permanente, en bien de la Educaci\u00f3n.\",\"sameAs\":[\"http:\\\/\\\/webdelmaestrocmf.com\\\/portal\",\"https:\\\/\\\/www.facebook.com\\\/WebdelMaestroCMF\\\/\",\"https:\\\/\\\/www.instagram.com\\\/wmcmf\\\/\",\"https:\\\/\\\/cl.linkedin.com\\\/company\\\/web-del-maestro-cmf\",\"https:\\\/\\\/www.pinterest.com\\\/WMCMF\\\/publicaciones\\\/\",\"https:\\\/\\\/x.com\\\/cmf_w\",\"https:\\\/\\\/www.youtube.com\\\/@WMCMF\"]}]}<\/script>\n<!-- \/ Yoast SEO plugin. -->","yoast_head_json":{"title":"Una tragedia evitable: Joven pierde la vista debido a un proyecto escolar sin supervisar - 2026","description":"Participaba en un proyecto escolar de fundici\u00f3n de aluminio cuando sufri\u00f3 un accidente que lo hizo perder la vista y lo dej\u00f3...","robots":{"index":"index","follow":"follow","max-snippet":"max-snippet:-1","max-image-preview":"max-image-preview:large","max-video-preview":"max-video-preview:-1"},"canonical":"https:\/\/webdelmaestrocmf.com\/portal\/una-tragedia-evitable-joven-pierde-la-vista-debido-a-un-proyecto-escolar-sin-supervisar\/","og_locale":"es_ES","og_type":"article","og_title":"Una tragedia evitable: Joven pierde la vista debido a un proyecto escolar sin supervisar - 2026","og_description":"Participaba en un proyecto escolar de fundici\u00f3n de aluminio cuando sufri\u00f3 un accidente que lo hizo perder la vista y lo dej\u00f3...","og_url":"https:\/\/webdelmaestrocmf.com\/portal\/una-tragedia-evitable-joven-pierde-la-vista-debido-a-un-proyecto-escolar-sin-supervisar\/","og_site_name":"Web del Maestro CMF","article_publisher":"https:\/\/www.facebook.com\/WebdelMaestroCMF\/","article_author":"https:\/\/www.facebook.com\/WebdelMaestroCMF\/","article_published_time":"2025-09-25T01:41:39+00:00","article_modified_time":"2025-09-25T01:41:41+00:00","og_image":[{"width":1003,"height":667,"url":"https:\/\/webdelmaestrocmf.com\/portal\/wp-content\/uploads\/2025\/09\/1A-Banner-1-portada-imagen-10-1-copia-6.webp","type":"image\/webp"}],"author":"Web del Maestro CMF","twitter_card":"summary_large_image","twitter_creator":"@cmf_w","twitter_site":"@cmf_w","schema":{"@context":"https:\/\/schema.org","@graph":[{"@type":"ScholarlyArticle","@id":"https:\/\/webdelmaestrocmf.com\/portal\/una-tragedia-evitable-joven-pierde-la-vista-debido-a-un-proyecto-escolar-sin-supervisar\/#article","isPartOf":{"@id":"https:\/\/webdelmaestrocmf.com\/portal\/una-tragedia-evitable-joven-pierde-la-vista-debido-a-un-proyecto-escolar-sin-supervisar\/"},"author":{"name":"Web del Maestro CMF","@id":"https:\/\/webdelmaestrocmf.com\/portal\/#\/schema\/person\/1072a2ed7bd960df8ef99a551fa35dc5"},"headline":"Una tragedia evitable: Joven pierde la vista debido a un proyecto escolar sin supervisar","datePublished":"2025-09-25T01:41:39+00:00","dateModified":"2025-09-25T01:41:41+00:00","mainEntityOfPage":{"@id":"https:\/\/webdelmaestrocmf.com\/portal\/una-tragedia-evitable-joven-pierde-la-vista-debido-a-un-proyecto-escolar-sin-supervisar\/"},"wordCount":787,"commentCount":0,"publisher":{"@id":"https:\/\/webdelmaestrocmf.com\/portal\/#organization"},"image":{"@id":"https:\/\/webdelmaestrocmf.com\/portal\/una-tragedia-evitable-joven-pierde-la-vista-debido-a-un-proyecto-escolar-sin-supervisar\/#primaryimage"},"thumbnailUrl":"https:\/\/webdelmaestrocmf.com\/portal\/wp-content\/uploads\/2025\/09\/1A-Banner-1-portada-imagen-10-1-copia-6.webp","keywords":["DEBIDO","ESCOLAR","JOVEN","pierde","PROYECTO","supervisar","tragedia","vista"],"articleSection":["Noticias Internacionales"],"inLanguage":"es","potentialAction":[{"@type":"CommentAction","name":"Comment","target":["https:\/\/webdelmaestrocmf.com\/portal\/una-tragedia-evitable-joven-pierde-la-vista-debido-a-un-proyecto-escolar-sin-supervisar\/#respond"]}]},{"@type":"WebPage","@id":"https:\/\/webdelmaestrocmf.com\/portal\/una-tragedia-evitable-joven-pierde-la-vista-debido-a-un-proyecto-escolar-sin-supervisar\/","url":"https:\/\/webdelmaestrocmf.com\/portal\/una-tragedia-evitable-joven-pierde-la-vista-debido-a-un-proyecto-escolar-sin-supervisar\/","name":"Una tragedia evitable: Joven pierde la vista debido a un proyecto escolar sin supervisar - 2026","isPartOf":{"@id":"https:\/\/webdelmaestrocmf.com\/portal\/#website"},"primaryImageOfPage":{"@id":"https:\/\/webdelmaestrocmf.com\/portal\/una-tragedia-evitable-joven-pierde-la-vista-debido-a-un-proyecto-escolar-sin-supervisar\/#primaryimage"},"image":{"@id":"https:\/\/webdelmaestrocmf.com\/portal\/una-tragedia-evitable-joven-pierde-la-vista-debido-a-un-proyecto-escolar-sin-supervisar\/#primaryimage"},"thumbnailUrl":"https:\/\/webdelmaestrocmf.com\/portal\/wp-content\/uploads\/2025\/09\/1A-Banner-1-portada-imagen-10-1-copia-6.webp","datePublished":"2025-09-25T01:41:39+00:00","dateModified":"2025-09-25T01:41:41+00:00","description":"Participaba en un proyecto escolar de fundici\u00f3n de aluminio cuando sufri\u00f3 un accidente que lo hizo perder la vista y lo dej\u00f3...","breadcrumb":{"@id":"https:\/\/webdelmaestrocmf.com\/portal\/una-tragedia-evitable-joven-pierde-la-vista-debido-a-un-proyecto-escolar-sin-supervisar\/#breadcrumb"},"inLanguage":"es","potentialAction":[{"@type":"ReadAction","target":["https:\/\/webdelmaestrocmf.com\/portal\/una-tragedia-evitable-joven-pierde-la-vista-debido-a-un-proyecto-escolar-sin-supervisar\/"]}]},{"@type":"ImageObject","inLanguage":"es","@id":"https:\/\/webdelmaestrocmf.com\/portal\/una-tragedia-evitable-joven-pierde-la-vista-debido-a-un-proyecto-escolar-sin-supervisar\/#primaryimage","url":"https:\/\/webdelmaestrocmf.com\/portal\/wp-content\/uploads\/2025\/09\/1A-Banner-1-portada-imagen-10-1-copia-6.webp","contentUrl":"https:\/\/webdelmaestrocmf.com\/portal\/wp-content\/uploads\/2025\/09\/1A-Banner-1-portada-imagen-10-1-copia-6.webp","width":1003,"height":667},{"@type":"BreadcrumbList","@id":"https:\/\/webdelmaestrocmf.com\/portal\/una-tragedia-evitable-joven-pierde-la-vista-debido-a-un-proyecto-escolar-sin-supervisar\/#breadcrumb","itemListElement":[{"@type":"ListItem","position":1,"name":"Portada","item":"https:\/\/webdelmaestrocmf.com\/portal\/"},{"@type":"ListItem","position":2,"name":"Noticias Internacionales","item":"https:\/\/webdelmaestrocmf.com\/portal\/category\/noticias-internacionales\/"},{"@type":"ListItem","position":3,"name":"Una tragedia evitable: Joven pierde la vista debido a un proyecto escolar sin supervisar"}]},{"@type":"WebSite","@id":"https:\/\/webdelmaestrocmf.com\/portal\/#website","url":"https:\/\/webdelmaestrocmf.com\/portal\/","name":"Web del Maestro CMF","description":"Maestros al servicio de la educaci\u00f3n","publisher":{"@id":"https:\/\/webdelmaestrocmf.com\/portal\/#organization"},"alternateName":"WMCMF","potentialAction":[{"@type":"SearchAction","target":{"@type":"EntryPoint","urlTemplate":"https:\/\/webdelmaestrocmf.com\/portal\/?s={search_term_string}"},"query-input":{"@type":"PropertyValueSpecification","valueRequired":true,"valueName":"search_term_string"}}],"inLanguage":"es"},{"@type":"Organization","@id":"https:\/\/webdelmaestrocmf.com\/portal\/#organization","name":"Web del Maestro CMF","alternateName":"WMCMF","url":"https:\/\/webdelmaestrocmf.com\/portal\/","logo":{"@type":"ImageObject","inLanguage":"es","@id":"https:\/\/webdelmaestrocmf.com\/portal\/#\/schema\/logo\/image\/","url":"https:\/\/webdelmaestrocmf.com\/portal\/wp-content\/uploads\/2023\/01\/logo-wmcmf-2.png","contentUrl":"https:\/\/webdelmaestrocmf.com\/portal\/wp-content\/uploads\/2023\/01\/logo-wmcmf-2.png","width":200,"height":60,"caption":"Web del Maestro CMF"},"image":{"@id":"https:\/\/webdelmaestrocmf.com\/portal\/#\/schema\/logo\/image\/"},"sameAs":["https:\/\/www.facebook.com\/WebdelMaestroCMF\/","https:\/\/x.com\/cmf_w","https:\/\/www.pinterest.com\/WMCMF\/","https:\/\/www.linkedin.com\/company\/web-del-maestro-cmf\/","https:\/\/www.instagram.com\/wmcmf\/","https:\/\/www.youtube.com\/channel\/UCDPSvjbdodE5sHnC3OxutHw","https:\/\/mastodon.social\/@wmcmf","https:\/\/www.tiktok.com\/@webdelmaestrocmf"]},{"@type":"Person","@id":"https:\/\/webdelmaestrocmf.com\/portal\/#\/schema\/person\/1072a2ed7bd960df8ef99a551fa35dc5","name":"Web del Maestro CMF","image":{"@type":"ImageObject","inLanguage":"es","@id":"https:\/\/secure.gravatar.com\/avatar\/23291dd5b5ae1077dcff3dbb04c3e02bd28403fa75af6d8787d5e97c5bbbe30b?s=96&d=mm&r=g","url":"https:\/\/secure.gravatar.com\/avatar\/23291dd5b5ae1077dcff3dbb04c3e02bd28403fa75af6d8787d5e97c5bbbe30b?s=96&d=mm&r=g","contentUrl":"https:\/\/secure.gravatar.com\/avatar\/23291dd5b5ae1077dcff3dbb04c3e02bd28403fa75af6d8787d5e97c5bbbe30b?s=96&d=mm&r=g","caption":"Web del Maestro CMF"},"description":"Esta Web se cre\u00f3 sin fines de lucro, con fines educativos, cient\u00edficos y acad\u00e9micos, para personas que tengan dificultades y\/o inconvenientes en visualizar el material original. El objetivo es entregar recursos, compartir experiencias y materiales que ayuden a los padres de familia, maestros y estudiantes en su actualizaci\u00f3n y formaci\u00f3n permanente, en bien de la Educaci\u00f3n.","sameAs":["http:\/\/webdelmaestrocmf.com\/portal","https:\/\/www.facebook.com\/WebdelMaestroCMF\/","https:\/\/www.instagram.com\/wmcmf\/","https:\/\/cl.linkedin.com\/company\/web-del-maestro-cmf","https:\/\/www.pinterest.com\/WMCMF\/publicaciones\/","https:\/\/x.com\/cmf_w","https:\/\/www.youtube.com\/@WMCMF"]}]}},"jetpack_featured_media_url":"https:\/\/webdelmaestrocmf.com\/portal\/wp-content\/uploads\/2025\/09\/1A-Banner-1-portada-imagen-10-1-copia-6.webp","jetpack_sharing_enabled":true,"jetpack-related-posts":[{"id":8854,"url":"https:\/\/webdelmaestrocmf.com\/portal\/me-di-por-vencido-la-estremecedora-carta-de-un-nino-antes-de-suicidarse-por-bullying\/","url_meta":{"origin":112296,"position":0},"title":"\u00abMe di por vencido\u00bb: Carta de un ni\u00f1o antes de suicidarse por bullying","author":"Web del Maestro CMF","date":"12 julio, 2019","format":false,"excerpt":"El tr\u00e1gico caso de Daniel Fitzpatrick, un ni\u00f1o de 13 a\u00f1os que se quit\u00f3 la vida debido al acoso escolar que sufri\u00f3, pone de manifiesto la cruda realidad del bullying y la necesidad de abordar este tema de manera seria y efectiva. El acoso escolar es un problema que afecta\u2026","rel":"","context":"En \u00abBullying acoso\u00bb","block_context":{"text":"Bullying acoso","link":"https:\/\/webdelmaestrocmf.com\/portal\/category\/pedagogia\/bullying-acoso\/"},"img":{"alt_text":"","src":"https:\/\/i0.wp.com\/webdelmaestrocmf.com\/portal\/wp-content\/uploads\/2019\/07\/A12B3C4D-7.jpg?resize=350%2C200&ssl=1","width":350,"height":200,"srcset":"https:\/\/i0.wp.com\/webdelmaestrocmf.com\/portal\/wp-content\/uploads\/2019\/07\/A12B3C4D-7.jpg?resize=350%2C200&ssl=1 1x, https:\/\/i0.wp.com\/webdelmaestrocmf.com\/portal\/wp-content\/uploads\/2019\/07\/A12B3C4D-7.jpg?resize=525%2C300&ssl=1 1.5x, https:\/\/i0.wp.com\/webdelmaestrocmf.com\/portal\/wp-content\/uploads\/2019\/07\/A12B3C4D-7.jpg?resize=700%2C400&ssl=1 2x"},"classes":[]},{"id":77945,"url":"https:\/\/webdelmaestrocmf.com\/portal\/miguel-angel-gallegos-escuelas-sin-reglamento-tragedia-segura\/","url_meta":{"origin":112296,"position":1},"title":"[Miguel \u00c1ngel Gallegos] Escuelas sin Reglamento, tragedia segura","author":"Web del Maestro CMF","date":"26 junio, 2022","format":false,"excerpt":"Aunque Jaime Castrej\u00f3n Diez, describe a la universidad como una Instituci\u00f3n, Organizaci\u00f3n y Comunidad, la escuela contempor\u00e1nea, esa la que todos conocen, tambi\u00e9n se puede estudiar o analizar desde estas dimensiones. En t\u00e9rminos institucionales, com\u00fanmente se conoce a la escuela como el establecimiento e infraestructura f\u00edsica, p\u00fablica o privada \u2013de\u2026","rel":"","context":"En \u00abZ-Colaboradores\u00bb","block_context":{"text":"Z-Colaboradores","link":"https:\/\/webdelmaestrocmf.com\/portal\/category\/colaborador\/"},"img":{"alt_text":"","src":"https:\/\/i0.wp.com\/webdelmaestrocmf.com\/portal\/wp-content\/uploads\/2022\/06\/1a-3.jpg?resize=350%2C200&ssl=1","width":350,"height":200,"srcset":"https:\/\/i0.wp.com\/webdelmaestrocmf.com\/portal\/wp-content\/uploads\/2022\/06\/1a-3.jpg?resize=350%2C200&ssl=1 1x, https:\/\/i0.wp.com\/webdelmaestrocmf.com\/portal\/wp-content\/uploads\/2022\/06\/1a-3.jpg?resize=525%2C300&ssl=1 1.5x, https:\/\/i0.wp.com\/webdelmaestrocmf.com\/portal\/wp-content\/uploads\/2022\/06\/1a-3.jpg?resize=700%2C400&ssl=1 2x"},"classes":[]},{"id":109381,"url":"https:\/\/webdelmaestrocmf.com\/portal\/estudiante-de-secundaria-de-15-anos-se-resiste-a-revision-de-mochila-y-acuchilla-a-prefecta-hasta-matarla\/","url_meta":{"origin":112296,"position":2},"title":"Estudiante de secundaria de 15 a\u00f1os se resiste a revisi\u00f3n de mochila y acuchilla a prefecta hasta matarla","author":"Web del Maestro CMF","date":"13 junio, 2025","format":false,"excerpt":"Un nuevo caso de violencia escolar ha conmocionado a Francia. La ma\u00f1ana del martes 10 de junio, una prefecta de 31 a\u00f1os fue asesinada por un estudiante de 15 a\u00f1os durante una revisi\u00f3n de mochilas a la entrada de un instituto de secundaria en Nogent, en el noreste del pa\u00eds.\u2026","rel":"","context":"En \u00abNoticias Internacionales\u00bb","block_context":{"text":"Noticias Internacionales","link":"https:\/\/webdelmaestrocmf.com\/portal\/category\/noticias-internacionales\/"},"img":{"alt_text":"","src":"https:\/\/i0.wp.com\/webdelmaestrocmf.com\/portal\/wp-content\/uploads\/2024\/10\/luto.jpg?resize=350%2C200&ssl=1","width":350,"height":200,"srcset":"https:\/\/i0.wp.com\/webdelmaestrocmf.com\/portal\/wp-content\/uploads\/2024\/10\/luto.jpg?resize=350%2C200&ssl=1 1x, https:\/\/i0.wp.com\/webdelmaestrocmf.com\/portal\/wp-content\/uploads\/2024\/10\/luto.jpg?resize=525%2C300&ssl=1 1.5x, https:\/\/i0.wp.com\/webdelmaestrocmf.com\/portal\/wp-content\/uploads\/2024\/10\/luto.jpg?resize=700%2C400&ssl=1 2x"},"classes":[]},{"id":113693,"url":"https:\/\/webdelmaestrocmf.com\/portal\/joven-de-16-anos-murio-despues-de-que-el-aro-de-baloncesto-del-que-estaba-colgado-le-cayera-encima\/","url_meta":{"origin":112296,"position":3},"title":"Joven de 16 a\u00f1os muri\u00f3 despu\u00e9s de que el aro de baloncesto del que estaba colgado le cayera encima","author":"Web del Maestro CMF","date":"27 noviembre, 2025","format":false,"excerpt":"Hardik Rathi, joven promesa del b\u00e1squet indio, muri\u00f3 al colapsar un aro oxidado durante una pr\u00e1ctica, desatando investigaci\u00f3n por negligencia.","rel":"","context":"En \u00abNoticias Internacionales\u00bb","block_context":{"text":"Noticias Internacionales","link":"https:\/\/webdelmaestrocmf.com\/portal\/category\/noticias-internacionales\/"},"img":{"alt_text":"","src":"https:\/\/i0.wp.com\/webdelmaestrocmf.com\/portal\/wp-content\/uploads\/2025\/11\/1A-Banner-1-portada-imagen-10-1-copia-4-1.webp?resize=350%2C200&ssl=1","width":350,"height":200,"srcset":"https:\/\/i0.wp.com\/webdelmaestrocmf.com\/portal\/wp-content\/uploads\/2025\/11\/1A-Banner-1-portada-imagen-10-1-copia-4-1.webp?resize=350%2C200&ssl=1 1x, https:\/\/i0.wp.com\/webdelmaestrocmf.com\/portal\/wp-content\/uploads\/2025\/11\/1A-Banner-1-portada-imagen-10-1-copia-4-1.webp?resize=525%2C300&ssl=1 1.5x, https:\/\/i0.wp.com\/webdelmaestrocmf.com\/portal\/wp-content\/uploads\/2025\/11\/1A-Banner-1-portada-imagen-10-1-copia-4-1.webp?resize=700%2C400&ssl=1 2x"},"classes":[]},{"id":113277,"url":"https:\/\/webdelmaestrocmf.com\/portal\/familiares-exigen-una-ley-contra-el-acoso-escolar-cuantos-ninos-tienen-que-morir\/","url_meta":{"origin":112296,"position":4},"title":"Familiares exigen una ley contra el acoso escolar: \u201c\u00bfCu\u00e1ntos ni\u00f1os tienen que morir?\u201d","author":"Web del Maestro CMF","date":"7 noviembre, 2025","format":false,"excerpt":"Cada suicidio por bullying es un grito que el Gobierno ignora. Padres de ni\u00f1os y adolescentes victimas de acoso exigen una ley y penas que castiguen a los agresores y por omisi\u00f3n de responsabilidades.","rel":"","context":"En \u00abNoticias Internacionales\u00bb","block_context":{"text":"Noticias Internacionales","link":"https:\/\/webdelmaestrocmf.com\/portal\/category\/noticias-internacionales\/"},"img":{"alt_text":"","src":"https:\/\/i0.wp.com\/webdelmaestrocmf.com\/portal\/wp-content\/uploads\/2025\/11\/Portada-articulos-1-5.jpg?resize=350%2C200&ssl=1","width":350,"height":200,"srcset":"https:\/\/i0.wp.com\/webdelmaestrocmf.com\/portal\/wp-content\/uploads\/2025\/11\/Portada-articulos-1-5.jpg?resize=350%2C200&ssl=1 1x, https:\/\/i0.wp.com\/webdelmaestrocmf.com\/portal\/wp-content\/uploads\/2025\/11\/Portada-articulos-1-5.jpg?resize=525%2C300&ssl=1 1.5x, https:\/\/i0.wp.com\/webdelmaestrocmf.com\/portal\/wp-content\/uploads\/2025\/11\/Portada-articulos-1-5.jpg?resize=700%2C400&ssl=1 2x"},"classes":[]},{"id":57213,"url":"https:\/\/webdelmaestrocmf.com\/portal\/ustedes-pueden-controlar-lo-que-publican-pero-no-pueden-controlar-lo-que-los-demas-publican-de-ustedes\/","url_meta":{"origin":112296,"position":5},"title":"Ustedes pueden controlar lo que publican, pero no pueden controlar lo que los dem\u00e1s publican de Ustedes","author":"Web del Maestro CMF","date":"8 enero, 2021","format":"video","excerpt":"Silvia Barrera (Madrid, 1977) se gradu\u00f3 en Criminolog\u00eda y obtuvo la diplomatura en Ciencias Policiales por la Universidad de Salamanca (Espa\u00f1a).\u200b Est\u00e1 certificada por el Centro de Excelencia en Ciberseguridad (CNEC), Instituto de Ciencias Forenses de la Seguridad de la UNAM (M\u00e9xico).\u200b Es diplomada en Terapia Ocupacional y especializada en\u2026","rel":"","context":"En \u00abCharlas\u00bb","block_context":{"text":"Charlas","link":"https:\/\/webdelmaestrocmf.com\/portal\/category\/charlas\/"},"img":{"alt_text":"","src":"https:\/\/i0.wp.com\/webdelmaestrocmf.com\/portal\/wp-content\/uploads\/2021\/01\/1-copia-54.jpg?resize=350%2C200&ssl=1","width":350,"height":200,"srcset":"https:\/\/i0.wp.com\/webdelmaestrocmf.com\/portal\/wp-content\/uploads\/2021\/01\/1-copia-54.jpg?resize=350%2C200&ssl=1 1x, https:\/\/i0.wp.com\/webdelmaestrocmf.com\/portal\/wp-content\/uploads\/2021\/01\/1-copia-54.jpg?resize=525%2C300&ssl=1 1.5x, https:\/\/i0.wp.com\/webdelmaestrocmf.com\/portal\/wp-content\/uploads\/2021\/01\/1-copia-54.jpg?resize=700%2C400&ssl=1 2x, https:\/\/i0.wp.com\/webdelmaestrocmf.com\/portal\/wp-content\/uploads\/2021\/01\/1-copia-54.jpg?resize=1050%2C600&ssl=1 3x"},"classes":[]}],"_links":{"self":[{"href":"https:\/\/webdelmaestrocmf.com\/portal\/wp-json\/wp\/v2\/posts\/112296","targetHints":{"allow":["GET"]}}],"collection":[{"href":"https:\/\/webdelmaestrocmf.com\/portal\/wp-json\/wp\/v2\/posts"}],"about":[{"href":"https:\/\/webdelmaestrocmf.com\/portal\/wp-json\/wp\/v2\/types\/post"}],"author":[{"embeddable":true,"href":"https:\/\/webdelmaestrocmf.com\/portal\/wp-json\/wp\/v2\/users\/1"}],"replies":[{"embeddable":true,"href":"https:\/\/webdelmaestrocmf.com\/portal\/wp-json\/wp\/v2\/comments?post=112296"}],"version-history":[{"count":1,"href":"https:\/\/webdelmaestrocmf.com\/portal\/wp-json\/wp\/v2\/posts\/112296\/revisions"}],"predecessor-version":[{"id":112302,"href":"https:\/\/webdelmaestrocmf.com\/portal\/wp-json\/wp\/v2\/posts\/112296\/revisions\/112302"}],"wp:featuredmedia":[{"embeddable":true,"href":"https:\/\/webdelmaestrocmf.com\/portal\/wp-json\/wp\/v2\/media\/112301"}],"wp:attachment":[{"href":"https:\/\/webdelmaestrocmf.com\/portal\/wp-json\/wp\/v2\/media?parent=112296"}],"wp:term":[{"taxonomy":"category","embeddable":true,"href":"https:\/\/webdelmaestrocmf.com\/portal\/wp-json\/wp\/v2\/categories?post=112296"},{"taxonomy":"post_tag","embeddable":true,"href":"https:\/\/webdelmaestrocmf.com\/portal\/wp-json\/wp\/v2\/tags?post=112296"}],"curies":[{"name":"wp","href":"https:\/\/api.w.org\/{rel}","templated":true}]}}