{"id":112210,"date":"2025-09-18T20:46:26","date_gmt":"2025-09-18T23:46:26","guid":{"rendered":"https:\/\/webdelmaestrocmf.com\/portal\/?p=112210"},"modified":"2025-09-18T20:53:16","modified_gmt":"2025-09-18T23:53:16","slug":"director-recibio-una-brutal-paliza-por-parte-de-alumnos-de-su-plantel-reabre-el-debate-sobre-la-violencia-escolar-en-mexico","status":"publish","type":"post","link":"https:\/\/webdelmaestrocmf.com\/portal\/director-recibio-una-brutal-paliza-por-parte-de-alumnos-de-su-plantel-reabre-el-debate-sobre-la-violencia-escolar-en-mexico\/","title":{"rendered":"Director recibi\u00f3 una brutal paliza por parte de alumnos de su plantel, reabre el debate sobre la violencia escolar en M\u00e9xico"},"content":{"rendered":"\n<p>Con los tel\u00e9fonos en alto, decenas de estudiantes del Cetis 78 de Altamira, en Tamaulipas, grababan el mi\u00e9rcoles la brutal paliza que algunos de sus compa\u00f1eros estaban propinando al director del centro, Julio C\u00e9sar Barr\u00f3n. Los alumnos hab\u00edan convocado una marcha pac\u00edfica para protestar por casos de acoso y negligencias que se estaban dando en el recinto escolar, pero \u201cel hartazgo y la falta de respuestas de las autoridades hicieron que la situaci\u00f3n se saliera de control\u201c, han apuntado en redes sociales. La salvaje agresi\u00f3n ha obligado a decretar una jornada de lecciones online. Mientras&nbsp;<a href=\"https:\/\/elpais.com\/mexico\/2022-02-28\/pistolas-en-las-escuelas-la-violencia-en-mexico-tiene-su-reflejo-en-los-salones-de-clases.html\">el caso ha reabierto el debate de la violencia en las escuelas<\/a>, la Secretar\u00eda de Educaci\u00f3n P\u00fablica (SEP) ha afirmado que las clases se reanudar\u00e1n el viernes \u201ccon actividades de reflexi\u00f3n y una jornada por la paz para fortalecer la convivencia arm\u00f3nica\u201d.<\/p>\n\n\n\n<p>Las im\u00e1genes han dado la vuelta al pa\u00eds. En el patio de un plantel escolar, un hombre con camisa blanca sale con las manos en alto. Recibe gritos y chiflidos, los alumnos le tiran agua y papeles mientras otros graban. Encima de \u00e9l se lee: \u201cSala de maestros\u201d. De repente, el primer empuj\u00f3n. De ah\u00ed sigue una cascada de pu\u00f1etazos, patadas y golpes en la cara, por parte de un grupo de estudiantes \u2014todos ellos varones\u2014 hacia el que es el director de su centro. El tumulto no se dispersa y persigue al funcionario. Los que atacan, vestidos con uniforme escolar y mochilas, terminan derribando a Barr\u00f3n, quien desde el suelo sigue recibiendo los impactos. Algunos testigos \u2014pocos\u2014 tratan de intervenir y parar la agresi\u00f3n: \u201cAguanten, aguanten\u201d. Finalmente, el director logra dejar el Cetis 78. Al final, en las grabaciones de sus alumnos se escucha decir a alguien que se hab\u00edan pasado.<\/p>\n\n\n\n<iframe loading=\"lazy\" width=\"100%\" height=\"315\" src=\"https:\/\/www.youtube.com\/embed\/B8S7YxGhrzQ?si=un4QByeKq2_bqwzo\" title=\"YouTube video player\" frameborder=\"0\" allow=\"accelerometer; autoplay; clipboard-write; encrypted-media; gyroscope; picture-in-picture; web-share\" referrerpolicy=\"strict-origin-when-cross-origin\" allowfullscreen><\/iframe>\n\n\n\n<p>La paliza ha llegado hasta la SEP. La secretar\u00eda federal ha informado en un comunicado que \u201cante los lamentables hechos se ha establecido una ruta de atenci\u00f3n inmediata para garantizar la continuidad de los procesos educativos y la promoci\u00f3n de ambientes escolares adecuados\u201d. Adem\u00e1s, ha anunciado que se va a investigar al personal directivo del plantel y \u201cbrindar acompa\u00f1amiento a las denuncias de la comunidad escolar, particularmente las relacionadas con violencia contra estudiantes\u201d. En su texto no hace referencia a si se va a investigar la agresi\u00f3n grabada al director del centro.<\/p>\n\n\n\n<p>Tras la viralizaci\u00f3n del ataque, en una cuenta de X llamada Justicia Cetis 78, los alumnos han compartido algunos mensajes y capturas de pantalla de c\u00f3mo la protesta naci\u00f3 con la intenci\u00f3n de ser pac\u00edfica. \u201cLos estudiantes nos organizamos porque ya estamos cansados de tantas injusticias: desde permitir la entrada de polic\u00edas armados al plantel para inculpar falsamente a dos docentes, hasta imponer reglas discriminatorias y abusivas que afectan nuestra vida estudiantil. El problema es que, una vez m\u00e1s, las autoridades minimizaron nuestras quejas. En lugar de escucharnos, nos cerraron las puertas y nos trataron como si no tuvi\u00e9ramos voz. Eso fue lo que provoc\u00f3 que todo escalara\u201d, se lee en las publicaciones.<\/p>\n\n\n\n<p>En la cuenta se recuperan mensajes de acoso sexual que presuntamente profesores del centro mandaron a alumnas y tambi\u00e9n una fuerte agresi\u00f3n que sufri\u00f3 una estudiante a manos de otras tres. Todo, acusan, sin que el director del centro tomara medidas. \u201cEn nuestro plantel se persigue a los estudiantes por su pelo, mientras se ignoran denuncias m\u00e1s graves: voces de alumnas que hablan de insinuaciones indebidas, voces de maestros que han sido hasta amenazados por alzar la voz. \u00bfPor qu\u00e9 esos testimonios no son escuchados?\u201c, escribieron en la convocatoria a la protesta.<\/p>\n\n\n\n<p>En el grupo de WhatsApp de los j\u00f3venes, algunos han compartido su indignaci\u00f3n de que se usara la violencia: \u201cLa huelga era pasiva (&#8230;) ahora violaron los derechos de esta persona. Todo aquel que hizo vandalismo no tiene ni un respeto alguno\u201d. \u201cHoy queremos dejar en claro que no somos delincuentes, somos estudiantes que exigimos justicia y respeto. Queremos un plantel libre de corrupci\u00f3n, libre de abusos y con reglas justas para todos\u201d, terminan los mensajes.<\/p>\n\n\n\n<p>No es la primera vez que aparecen\u00a0casos de brutales agresiones\u00a0en planteles educativos. Este febrero fue\u00a0<a href=\"https:\/\/elpais.com\/mexico\/2025-02-19\/el-caso-fatima-hospitalizada-tras-una-rotura-de-cadera-en-la-escuela-el-acoso-escolar-se-recrudece-en-mexico-con-tres-millones-de-afectados.html\">el caso de F\u00e1tima<\/a>, una alumna de Iztapalapa, a la que sus compa\u00f1eros llegaron a romper la cadera. En 2024, fue\u00a0<a href=\"https:\/\/elpais.com\/mexico\/2024-03-14\/la-violencia-escolar-deja-otra-victima-adriel-muere-en-hidalgo-a-los-11-anos.html\">la muerte de Adriel<\/a>, que ten\u00eda 11 a\u00f1os, en Hidalgo, a causa de una paliza de otros estudiantes. Y, un a\u00f1o antes, se viralizaron las im\u00e1genes de\u00a0<a href=\"https:\/\/elpais.com\/mexico\/2023-03-26\/todos-le-fallaron-a-norma-lizbeth-la-chica-de-14-anos-que-murio-tras-ser-agredida-por-una-companera-de-la-escuela.html\">la salvaje golpiza que recibi\u00f3 Norma Lizbeth Ramos<\/a>, una adolescente de 14 a\u00f1os, a manos de otra compa\u00f1era. Ambas todav\u00eda llevaban el uniforme escolar.\u00a0<a href=\"https:\/\/elpais.com\/mexico\/2023-03-17\/muere-una-nina-en-un-colegio-de-teotihuacan-tras-ser-golpeada-por-una-companera-de-clase.html\">Norma muri\u00f3 a causa de las heridas<\/a>.<\/p>\n","protected":false},"excerpt":{"rendered":"Estudiantes del Cetis 78 golpearon brutalmente a su director durante una protesta, reabriendo el debate sobre violencia escolar en M\u00e9xico.","protected":false},"author":1,"featured_media":112211,"comment_status":"open","ping_status":"closed","sticky":false,"template":"","format":"standard","meta":{"csco_display_header_overlay":false,"csco_singular_sidebar":"","csco_page_header_type":"","csco_page_load_nextpost":"","csco_post_video_location":[],"csco_post_video_location_hash":"","csco_post_video_url":"","csco_post_video_bg_start_time":0,"csco_post_video_bg_end_time":0,"csco_post_video_bg_volume":false,"_jetpack_memberships_contains_paid_content":false,"footnotes":""},"categories":[23790],"tags":[23929,2330,24200],"class_list":{"0":"post-112210","1":"post","2":"type-post","3":"status-publish","4":"format-standard","5":"has-post-thumbnail","7":"category-noticias-internacionales","8":"tag-brutal","9":"tag-director","10":"tag-paliza","11":"cs-entry","12":"cs-video-wrap"},"yoast_head":"<!-- This site is optimized with the Yoast SEO plugin v27.5 - https:\/\/yoast.com\/product\/yoast-seo-wordpress\/ -->\n<title>Director recibi\u00f3 una brutal paliza por parte de alumnos de su plantel, reabre el debate sobre la violencia escolar en M\u00e9xico - 2026<\/title>\n<meta name=\"description\" content=\"Grababan el mi\u00e9rcoles la brutal paliza que algunos de sus compa\u00f1eros estaban propinando al director del centro, Julio C\u00e9sar Barr\u00f3n...\" \/>\n<meta name=\"robots\" content=\"index, follow, max-snippet:-1, max-image-preview:large, max-video-preview:-1\" \/>\n<link rel=\"canonical\" href=\"https:\/\/webdelmaestrocmf.com\/portal\/director-recibio-una-brutal-paliza-por-parte-de-alumnos-de-su-plantel-reabre-el-debate-sobre-la-violencia-escolar-en-mexico\/\" \/>\n<meta property=\"og:locale\" content=\"es_ES\" \/>\n<meta property=\"og:type\" content=\"article\" \/>\n<meta property=\"og:title\" content=\"Director recibi\u00f3 una brutal paliza por parte de alumnos de su plantel, reabre el debate sobre la violencia escolar en M\u00e9xico - 2026\" \/>\n<meta property=\"og:description\" content=\"Grababan el mi\u00e9rcoles la brutal paliza que algunos de sus compa\u00f1eros estaban propinando al director del centro, Julio C\u00e9sar Barr\u00f3n...\" \/>\n<meta property=\"og:url\" content=\"https:\/\/webdelmaestrocmf.com\/portal\/director-recibio-una-brutal-paliza-por-parte-de-alumnos-de-su-plantel-reabre-el-debate-sobre-la-violencia-escolar-en-mexico\/\" \/>\n<meta property=\"og:site_name\" content=\"Web del Maestro CMF\" \/>\n<meta property=\"article:publisher\" content=\"https:\/\/www.facebook.com\/WebdelMaestroCMF\/\" \/>\n<meta property=\"article:author\" content=\"https:\/\/www.facebook.com\/WebdelMaestroCMF\/\" \/>\n<meta property=\"article:published_time\" content=\"2025-09-18T23:46:26+00:00\" \/>\n<meta property=\"article:modified_time\" content=\"2025-09-18T23:53:16+00:00\" \/>\n<meta property=\"og:image\" content=\"https:\/\/webdelmaestrocmf.com\/portal\/wp-content\/uploads\/2025\/09\/1A-Banner-1-portada-imagen-10-1-copia-1-1.webp\" \/>\n\t<meta property=\"og:image:width\" content=\"1003\" \/>\n\t<meta property=\"og:image:height\" content=\"667\" \/>\n\t<meta property=\"og:image:type\" content=\"image\/webp\" \/>\n<meta name=\"author\" content=\"Web del Maestro CMF\" \/>\n<meta name=\"twitter:card\" content=\"summary_large_image\" \/>\n<meta name=\"twitter:creator\" content=\"@cmf_w\" \/>\n<meta name=\"twitter:site\" content=\"@cmf_w\" \/>\n<script type=\"application\/ld+json\" class=\"yoast-schema-graph\">{\"@context\":\"https:\\\/\\\/schema.org\",\"@graph\":[{\"@type\":\"ScholarlyArticle\",\"@id\":\"https:\\\/\\\/webdelmaestrocmf.com\\\/portal\\\/director-recibio-una-brutal-paliza-por-parte-de-alumnos-de-su-plantel-reabre-el-debate-sobre-la-violencia-escolar-en-mexico\\\/#article\",\"isPartOf\":{\"@id\":\"https:\\\/\\\/webdelmaestrocmf.com\\\/portal\\\/director-recibio-una-brutal-paliza-por-parte-de-alumnos-de-su-plantel-reabre-el-debate-sobre-la-violencia-escolar-en-mexico\\\/\"},\"author\":{\"name\":\"Web del Maestro CMF\",\"@id\":\"https:\\\/\\\/webdelmaestrocmf.com\\\/portal\\\/#\\\/schema\\\/person\\\/1072a2ed7bd960df8ef99a551fa35dc5\"},\"headline\":\"Director recibi\u00f3 una brutal paliza por parte de alumnos de su plantel, reabre el debate sobre la violencia escolar en M\u00e9xico\",\"datePublished\":\"2025-09-18T23:46:26+00:00\",\"dateModified\":\"2025-09-18T23:53:16+00:00\",\"mainEntityOfPage\":{\"@id\":\"https:\\\/\\\/webdelmaestrocmf.com\\\/portal\\\/director-recibio-una-brutal-paliza-por-parte-de-alumnos-de-su-plantel-reabre-el-debate-sobre-la-violencia-escolar-en-mexico\\\/\"},\"wordCount\":824,\"commentCount\":15,\"publisher\":{\"@id\":\"https:\\\/\\\/webdelmaestrocmf.com\\\/portal\\\/#organization\"},\"image\":{\"@id\":\"https:\\\/\\\/webdelmaestrocmf.com\\\/portal\\\/director-recibio-una-brutal-paliza-por-parte-de-alumnos-de-su-plantel-reabre-el-debate-sobre-la-violencia-escolar-en-mexico\\\/#primaryimage\"},\"thumbnailUrl\":\"https:\\\/\\\/webdelmaestrocmf.com\\\/portal\\\/wp-content\\\/uploads\\\/2025\\\/09\\\/1A-Banner-1-portada-imagen-10-1-copia-1-1.webp\",\"keywords\":[\"brutal\",\"DIRECTOR\",\"paliza\"],\"articleSection\":[\"Noticias Internacionales\"],\"inLanguage\":\"es\",\"potentialAction\":[{\"@type\":\"CommentAction\",\"name\":\"Comment\",\"target\":[\"https:\\\/\\\/webdelmaestrocmf.com\\\/portal\\\/director-recibio-una-brutal-paliza-por-parte-de-alumnos-de-su-plantel-reabre-el-debate-sobre-la-violencia-escolar-en-mexico\\\/#respond\"]}]},{\"@type\":\"WebPage\",\"@id\":\"https:\\\/\\\/webdelmaestrocmf.com\\\/portal\\\/director-recibio-una-brutal-paliza-por-parte-de-alumnos-de-su-plantel-reabre-el-debate-sobre-la-violencia-escolar-en-mexico\\\/\",\"url\":\"https:\\\/\\\/webdelmaestrocmf.com\\\/portal\\\/director-recibio-una-brutal-paliza-por-parte-de-alumnos-de-su-plantel-reabre-el-debate-sobre-la-violencia-escolar-en-mexico\\\/\",\"name\":\"Director recibi\u00f3 una brutal paliza por parte de alumnos de su plantel, reabre el debate sobre la violencia escolar en M\u00e9xico - 2026\",\"isPartOf\":{\"@id\":\"https:\\\/\\\/webdelmaestrocmf.com\\\/portal\\\/#website\"},\"primaryImageOfPage\":{\"@id\":\"https:\\\/\\\/webdelmaestrocmf.com\\\/portal\\\/director-recibio-una-brutal-paliza-por-parte-de-alumnos-de-su-plantel-reabre-el-debate-sobre-la-violencia-escolar-en-mexico\\\/#primaryimage\"},\"image\":{\"@id\":\"https:\\\/\\\/webdelmaestrocmf.com\\\/portal\\\/director-recibio-una-brutal-paliza-por-parte-de-alumnos-de-su-plantel-reabre-el-debate-sobre-la-violencia-escolar-en-mexico\\\/#primaryimage\"},\"thumbnailUrl\":\"https:\\\/\\\/webdelmaestrocmf.com\\\/portal\\\/wp-content\\\/uploads\\\/2025\\\/09\\\/1A-Banner-1-portada-imagen-10-1-copia-1-1.webp\",\"datePublished\":\"2025-09-18T23:46:26+00:00\",\"dateModified\":\"2025-09-18T23:53:16+00:00\",\"description\":\"Grababan el mi\u00e9rcoles la brutal paliza que algunos de sus compa\u00f1eros estaban propinando al director del centro, Julio C\u00e9sar Barr\u00f3n...\",\"breadcrumb\":{\"@id\":\"https:\\\/\\\/webdelmaestrocmf.com\\\/portal\\\/director-recibio-una-brutal-paliza-por-parte-de-alumnos-de-su-plantel-reabre-el-debate-sobre-la-violencia-escolar-en-mexico\\\/#breadcrumb\"},\"inLanguage\":\"es\",\"potentialAction\":[{\"@type\":\"ReadAction\",\"target\":[\"https:\\\/\\\/webdelmaestrocmf.com\\\/portal\\\/director-recibio-una-brutal-paliza-por-parte-de-alumnos-de-su-plantel-reabre-el-debate-sobre-la-violencia-escolar-en-mexico\\\/\"]}]},{\"@type\":\"ImageObject\",\"inLanguage\":\"es\",\"@id\":\"https:\\\/\\\/webdelmaestrocmf.com\\\/portal\\\/director-recibio-una-brutal-paliza-por-parte-de-alumnos-de-su-plantel-reabre-el-debate-sobre-la-violencia-escolar-en-mexico\\\/#primaryimage\",\"url\":\"https:\\\/\\\/webdelmaestrocmf.com\\\/portal\\\/wp-content\\\/uploads\\\/2025\\\/09\\\/1A-Banner-1-portada-imagen-10-1-copia-1-1.webp\",\"contentUrl\":\"https:\\\/\\\/webdelmaestrocmf.com\\\/portal\\\/wp-content\\\/uploads\\\/2025\\\/09\\\/1A-Banner-1-portada-imagen-10-1-copia-1-1.webp\",\"width\":1003,\"height\":667},{\"@type\":\"BreadcrumbList\",\"@id\":\"https:\\\/\\\/webdelmaestrocmf.com\\\/portal\\\/director-recibio-una-brutal-paliza-por-parte-de-alumnos-de-su-plantel-reabre-el-debate-sobre-la-violencia-escolar-en-mexico\\\/#breadcrumb\",\"itemListElement\":[{\"@type\":\"ListItem\",\"position\":1,\"name\":\"Portada\",\"item\":\"https:\\\/\\\/webdelmaestrocmf.com\\\/portal\\\/\"},{\"@type\":\"ListItem\",\"position\":2,\"name\":\"Noticias Internacionales\",\"item\":\"https:\\\/\\\/webdelmaestrocmf.com\\\/portal\\\/category\\\/noticias-internacionales\\\/\"},{\"@type\":\"ListItem\",\"position\":3,\"name\":\"Director recibi\u00f3 una brutal paliza por parte de alumnos de su plantel, reabre el debate sobre la violencia escolar en M\u00e9xico\"}]},{\"@type\":\"WebSite\",\"@id\":\"https:\\\/\\\/webdelmaestrocmf.com\\\/portal\\\/#website\",\"url\":\"https:\\\/\\\/webdelmaestrocmf.com\\\/portal\\\/\",\"name\":\"Web del Maestro CMF\",\"description\":\"Maestros al servicio de la educaci\u00f3n\",\"publisher\":{\"@id\":\"https:\\\/\\\/webdelmaestrocmf.com\\\/portal\\\/#organization\"},\"alternateName\":\"WMCMF\",\"potentialAction\":[{\"@type\":\"SearchAction\",\"target\":{\"@type\":\"EntryPoint\",\"urlTemplate\":\"https:\\\/\\\/webdelmaestrocmf.com\\\/portal\\\/?s={search_term_string}\"},\"query-input\":{\"@type\":\"PropertyValueSpecification\",\"valueRequired\":true,\"valueName\":\"search_term_string\"}}],\"inLanguage\":\"es\"},{\"@type\":\"Organization\",\"@id\":\"https:\\\/\\\/webdelmaestrocmf.com\\\/portal\\\/#organization\",\"name\":\"Web del Maestro CMF\",\"alternateName\":\"WMCMF\",\"url\":\"https:\\\/\\\/webdelmaestrocmf.com\\\/portal\\\/\",\"logo\":{\"@type\":\"ImageObject\",\"inLanguage\":\"es\",\"@id\":\"https:\\\/\\\/webdelmaestrocmf.com\\\/portal\\\/#\\\/schema\\\/logo\\\/image\\\/\",\"url\":\"https:\\\/\\\/webdelmaestrocmf.com\\\/portal\\\/wp-content\\\/uploads\\\/2023\\\/01\\\/logo-wmcmf-2.png\",\"contentUrl\":\"https:\\\/\\\/webdelmaestrocmf.com\\\/portal\\\/wp-content\\\/uploads\\\/2023\\\/01\\\/logo-wmcmf-2.png\",\"width\":200,\"height\":60,\"caption\":\"Web del Maestro CMF\"},\"image\":{\"@id\":\"https:\\\/\\\/webdelmaestrocmf.com\\\/portal\\\/#\\\/schema\\\/logo\\\/image\\\/\"},\"sameAs\":[\"https:\\\/\\\/www.facebook.com\\\/WebdelMaestroCMF\\\/\",\"https:\\\/\\\/x.com\\\/cmf_w\",\"https:\\\/\\\/www.pinterest.com\\\/WMCMF\\\/\",\"https:\\\/\\\/www.linkedin.com\\\/company\\\/web-del-maestro-cmf\\\/\",\"https:\\\/\\\/www.instagram.com\\\/wmcmf\\\/\",\"https:\\\/\\\/www.youtube.com\\\/channel\\\/UCDPSvjbdodE5sHnC3OxutHw\",\"https:\\\/\\\/mastodon.social\\\/@wmcmf\",\"https:\\\/\\\/www.tiktok.com\\\/@webdelmaestrocmf\"]},{\"@type\":\"Person\",\"@id\":\"https:\\\/\\\/webdelmaestrocmf.com\\\/portal\\\/#\\\/schema\\\/person\\\/1072a2ed7bd960df8ef99a551fa35dc5\",\"name\":\"Web del Maestro CMF\",\"image\":{\"@type\":\"ImageObject\",\"inLanguage\":\"es\",\"@id\":\"https:\\\/\\\/secure.gravatar.com\\\/avatar\\\/23291dd5b5ae1077dcff3dbb04c3e02bd28403fa75af6d8787d5e97c5bbbe30b?s=96&d=mm&r=g\",\"url\":\"https:\\\/\\\/secure.gravatar.com\\\/avatar\\\/23291dd5b5ae1077dcff3dbb04c3e02bd28403fa75af6d8787d5e97c5bbbe30b?s=96&d=mm&r=g\",\"contentUrl\":\"https:\\\/\\\/secure.gravatar.com\\\/avatar\\\/23291dd5b5ae1077dcff3dbb04c3e02bd28403fa75af6d8787d5e97c5bbbe30b?s=96&d=mm&r=g\",\"caption\":\"Web del Maestro CMF\"},\"description\":\"Esta Web se cre\u00f3 sin fines de lucro, con fines educativos, cient\u00edficos y acad\u00e9micos, para personas que tengan dificultades y\\\/o inconvenientes en visualizar el material original. El objetivo es entregar recursos, compartir experiencias y materiales que ayuden a los padres de familia, maestros y estudiantes en su actualizaci\u00f3n y formaci\u00f3n permanente, en bien de la Educaci\u00f3n.\",\"sameAs\":[\"http:\\\/\\\/webdelmaestrocmf.com\\\/portal\",\"https:\\\/\\\/www.facebook.com\\\/WebdelMaestroCMF\\\/\",\"https:\\\/\\\/www.instagram.com\\\/wmcmf\\\/\",\"https:\\\/\\\/cl.linkedin.com\\\/company\\\/web-del-maestro-cmf\",\"https:\\\/\\\/www.pinterest.com\\\/WMCMF\\\/publicaciones\\\/\",\"https:\\\/\\\/x.com\\\/cmf_w\",\"https:\\\/\\\/www.youtube.com\\\/@WMCMF\"]}]}<\/script>\n<!-- \/ Yoast SEO plugin. -->","yoast_head_json":{"title":"Director recibi\u00f3 una brutal paliza por parte de alumnos de su plantel, reabre el debate sobre la violencia escolar en M\u00e9xico - 2026","description":"Grababan el mi\u00e9rcoles la brutal paliza que algunos de sus compa\u00f1eros estaban propinando al director del centro, Julio C\u00e9sar Barr\u00f3n...","robots":{"index":"index","follow":"follow","max-snippet":"max-snippet:-1","max-image-preview":"max-image-preview:large","max-video-preview":"max-video-preview:-1"},"canonical":"https:\/\/webdelmaestrocmf.com\/portal\/director-recibio-una-brutal-paliza-por-parte-de-alumnos-de-su-plantel-reabre-el-debate-sobre-la-violencia-escolar-en-mexico\/","og_locale":"es_ES","og_type":"article","og_title":"Director recibi\u00f3 una brutal paliza por parte de alumnos de su plantel, reabre el debate sobre la violencia escolar en M\u00e9xico - 2026","og_description":"Grababan el mi\u00e9rcoles la brutal paliza que algunos de sus compa\u00f1eros estaban propinando al director del centro, Julio C\u00e9sar Barr\u00f3n...","og_url":"https:\/\/webdelmaestrocmf.com\/portal\/director-recibio-una-brutal-paliza-por-parte-de-alumnos-de-su-plantel-reabre-el-debate-sobre-la-violencia-escolar-en-mexico\/","og_site_name":"Web del Maestro CMF","article_publisher":"https:\/\/www.facebook.com\/WebdelMaestroCMF\/","article_author":"https:\/\/www.facebook.com\/WebdelMaestroCMF\/","article_published_time":"2025-09-18T23:46:26+00:00","article_modified_time":"2025-09-18T23:53:16+00:00","og_image":[{"width":1003,"height":667,"url":"https:\/\/webdelmaestrocmf.com\/portal\/wp-content\/uploads\/2025\/09\/1A-Banner-1-portada-imagen-10-1-copia-1-1.webp","type":"image\/webp"}],"author":"Web del Maestro CMF","twitter_card":"summary_large_image","twitter_creator":"@cmf_w","twitter_site":"@cmf_w","schema":{"@context":"https:\/\/schema.org","@graph":[{"@type":"ScholarlyArticle","@id":"https:\/\/webdelmaestrocmf.com\/portal\/director-recibio-una-brutal-paliza-por-parte-de-alumnos-de-su-plantel-reabre-el-debate-sobre-la-violencia-escolar-en-mexico\/#article","isPartOf":{"@id":"https:\/\/webdelmaestrocmf.com\/portal\/director-recibio-una-brutal-paliza-por-parte-de-alumnos-de-su-plantel-reabre-el-debate-sobre-la-violencia-escolar-en-mexico\/"},"author":{"name":"Web del Maestro CMF","@id":"https:\/\/webdelmaestrocmf.com\/portal\/#\/schema\/person\/1072a2ed7bd960df8ef99a551fa35dc5"},"headline":"Director recibi\u00f3 una brutal paliza por parte de alumnos de su plantel, reabre el debate sobre la violencia escolar en M\u00e9xico","datePublished":"2025-09-18T23:46:26+00:00","dateModified":"2025-09-18T23:53:16+00:00","mainEntityOfPage":{"@id":"https:\/\/webdelmaestrocmf.com\/portal\/director-recibio-una-brutal-paliza-por-parte-de-alumnos-de-su-plantel-reabre-el-debate-sobre-la-violencia-escolar-en-mexico\/"},"wordCount":824,"commentCount":15,"publisher":{"@id":"https:\/\/webdelmaestrocmf.com\/portal\/#organization"},"image":{"@id":"https:\/\/webdelmaestrocmf.com\/portal\/director-recibio-una-brutal-paliza-por-parte-de-alumnos-de-su-plantel-reabre-el-debate-sobre-la-violencia-escolar-en-mexico\/#primaryimage"},"thumbnailUrl":"https:\/\/webdelmaestrocmf.com\/portal\/wp-content\/uploads\/2025\/09\/1A-Banner-1-portada-imagen-10-1-copia-1-1.webp","keywords":["brutal","DIRECTOR","paliza"],"articleSection":["Noticias Internacionales"],"inLanguage":"es","potentialAction":[{"@type":"CommentAction","name":"Comment","target":["https:\/\/webdelmaestrocmf.com\/portal\/director-recibio-una-brutal-paliza-por-parte-de-alumnos-de-su-plantel-reabre-el-debate-sobre-la-violencia-escolar-en-mexico\/#respond"]}]},{"@type":"WebPage","@id":"https:\/\/webdelmaestrocmf.com\/portal\/director-recibio-una-brutal-paliza-por-parte-de-alumnos-de-su-plantel-reabre-el-debate-sobre-la-violencia-escolar-en-mexico\/","url":"https:\/\/webdelmaestrocmf.com\/portal\/director-recibio-una-brutal-paliza-por-parte-de-alumnos-de-su-plantel-reabre-el-debate-sobre-la-violencia-escolar-en-mexico\/","name":"Director recibi\u00f3 una brutal paliza por parte de alumnos de su plantel, reabre el debate sobre la violencia escolar en M\u00e9xico - 2026","isPartOf":{"@id":"https:\/\/webdelmaestrocmf.com\/portal\/#website"},"primaryImageOfPage":{"@id":"https:\/\/webdelmaestrocmf.com\/portal\/director-recibio-una-brutal-paliza-por-parte-de-alumnos-de-su-plantel-reabre-el-debate-sobre-la-violencia-escolar-en-mexico\/#primaryimage"},"image":{"@id":"https:\/\/webdelmaestrocmf.com\/portal\/director-recibio-una-brutal-paliza-por-parte-de-alumnos-de-su-plantel-reabre-el-debate-sobre-la-violencia-escolar-en-mexico\/#primaryimage"},"thumbnailUrl":"https:\/\/webdelmaestrocmf.com\/portal\/wp-content\/uploads\/2025\/09\/1A-Banner-1-portada-imagen-10-1-copia-1-1.webp","datePublished":"2025-09-18T23:46:26+00:00","dateModified":"2025-09-18T23:53:16+00:00","description":"Grababan el mi\u00e9rcoles la brutal paliza que algunos de sus compa\u00f1eros estaban propinando al director del centro, Julio C\u00e9sar Barr\u00f3n...","breadcrumb":{"@id":"https:\/\/webdelmaestrocmf.com\/portal\/director-recibio-una-brutal-paliza-por-parte-de-alumnos-de-su-plantel-reabre-el-debate-sobre-la-violencia-escolar-en-mexico\/#breadcrumb"},"inLanguage":"es","potentialAction":[{"@type":"ReadAction","target":["https:\/\/webdelmaestrocmf.com\/portal\/director-recibio-una-brutal-paliza-por-parte-de-alumnos-de-su-plantel-reabre-el-debate-sobre-la-violencia-escolar-en-mexico\/"]}]},{"@type":"ImageObject","inLanguage":"es","@id":"https:\/\/webdelmaestrocmf.com\/portal\/director-recibio-una-brutal-paliza-por-parte-de-alumnos-de-su-plantel-reabre-el-debate-sobre-la-violencia-escolar-en-mexico\/#primaryimage","url":"https:\/\/webdelmaestrocmf.com\/portal\/wp-content\/uploads\/2025\/09\/1A-Banner-1-portada-imagen-10-1-copia-1-1.webp","contentUrl":"https:\/\/webdelmaestrocmf.com\/portal\/wp-content\/uploads\/2025\/09\/1A-Banner-1-portada-imagen-10-1-copia-1-1.webp","width":1003,"height":667},{"@type":"BreadcrumbList","@id":"https:\/\/webdelmaestrocmf.com\/portal\/director-recibio-una-brutal-paliza-por-parte-de-alumnos-de-su-plantel-reabre-el-debate-sobre-la-violencia-escolar-en-mexico\/#breadcrumb","itemListElement":[{"@type":"ListItem","position":1,"name":"Portada","item":"https:\/\/webdelmaestrocmf.com\/portal\/"},{"@type":"ListItem","position":2,"name":"Noticias Internacionales","item":"https:\/\/webdelmaestrocmf.com\/portal\/category\/noticias-internacionales\/"},{"@type":"ListItem","position":3,"name":"Director recibi\u00f3 una brutal paliza por parte de alumnos de su plantel, reabre el debate sobre la violencia escolar en M\u00e9xico"}]},{"@type":"WebSite","@id":"https:\/\/webdelmaestrocmf.com\/portal\/#website","url":"https:\/\/webdelmaestrocmf.com\/portal\/","name":"Web del Maestro CMF","description":"Maestros al servicio de la educaci\u00f3n","publisher":{"@id":"https:\/\/webdelmaestrocmf.com\/portal\/#organization"},"alternateName":"WMCMF","potentialAction":[{"@type":"SearchAction","target":{"@type":"EntryPoint","urlTemplate":"https:\/\/webdelmaestrocmf.com\/portal\/?s={search_term_string}"},"query-input":{"@type":"PropertyValueSpecification","valueRequired":true,"valueName":"search_term_string"}}],"inLanguage":"es"},{"@type":"Organization","@id":"https:\/\/webdelmaestrocmf.com\/portal\/#organization","name":"Web del Maestro CMF","alternateName":"WMCMF","url":"https:\/\/webdelmaestrocmf.com\/portal\/","logo":{"@type":"ImageObject","inLanguage":"es","@id":"https:\/\/webdelmaestrocmf.com\/portal\/#\/schema\/logo\/image\/","url":"https:\/\/webdelmaestrocmf.com\/portal\/wp-content\/uploads\/2023\/01\/logo-wmcmf-2.png","contentUrl":"https:\/\/webdelmaestrocmf.com\/portal\/wp-content\/uploads\/2023\/01\/logo-wmcmf-2.png","width":200,"height":60,"caption":"Web del Maestro CMF"},"image":{"@id":"https:\/\/webdelmaestrocmf.com\/portal\/#\/schema\/logo\/image\/"},"sameAs":["https:\/\/www.facebook.com\/WebdelMaestroCMF\/","https:\/\/x.com\/cmf_w","https:\/\/www.pinterest.com\/WMCMF\/","https:\/\/www.linkedin.com\/company\/web-del-maestro-cmf\/","https:\/\/www.instagram.com\/wmcmf\/","https:\/\/www.youtube.com\/channel\/UCDPSvjbdodE5sHnC3OxutHw","https:\/\/mastodon.social\/@wmcmf","https:\/\/www.tiktok.com\/@webdelmaestrocmf"]},{"@type":"Person","@id":"https:\/\/webdelmaestrocmf.com\/portal\/#\/schema\/person\/1072a2ed7bd960df8ef99a551fa35dc5","name":"Web del Maestro CMF","image":{"@type":"ImageObject","inLanguage":"es","@id":"https:\/\/secure.gravatar.com\/avatar\/23291dd5b5ae1077dcff3dbb04c3e02bd28403fa75af6d8787d5e97c5bbbe30b?s=96&d=mm&r=g","url":"https:\/\/secure.gravatar.com\/avatar\/23291dd5b5ae1077dcff3dbb04c3e02bd28403fa75af6d8787d5e97c5bbbe30b?s=96&d=mm&r=g","contentUrl":"https:\/\/secure.gravatar.com\/avatar\/23291dd5b5ae1077dcff3dbb04c3e02bd28403fa75af6d8787d5e97c5bbbe30b?s=96&d=mm&r=g","caption":"Web del Maestro CMF"},"description":"Esta Web se cre\u00f3 sin fines de lucro, con fines educativos, cient\u00edficos y acad\u00e9micos, para personas que tengan dificultades y\/o inconvenientes en visualizar el material original. El objetivo es entregar recursos, compartir experiencias y materiales que ayuden a los padres de familia, maestros y estudiantes en su actualizaci\u00f3n y formaci\u00f3n permanente, en bien de la Educaci\u00f3n.","sameAs":["http:\/\/webdelmaestrocmf.com\/portal","https:\/\/www.facebook.com\/WebdelMaestroCMF\/","https:\/\/www.instagram.com\/wmcmf\/","https:\/\/cl.linkedin.com\/company\/web-del-maestro-cmf","https:\/\/www.pinterest.com\/WMCMF\/publicaciones\/","https:\/\/x.com\/cmf_w","https:\/\/www.youtube.com\/@WMCMF"]}]}},"jetpack_featured_media_url":"https:\/\/webdelmaestrocmf.com\/portal\/wp-content\/uploads\/2025\/09\/1A-Banner-1-portada-imagen-10-1-copia-1-1.webp","jetpack_sharing_enabled":true,"jetpack-related-posts":[{"id":115670,"url":"https:\/\/webdelmaestrocmf.com\/portal\/noqueo-a-su-profesora-por-un-videojuego-alumno-da-una-paliza-a-su-profesora-por-quitarle-la-nintendo-switch-en-clase\/","url_meta":{"origin":112210,"position":0},"title":"Noque\u00f3 a su profesora por un videojuego: alumno da una paliza a su profesora por quitarle la Nintendo Switch en clase","author":"Web del Maestro CMF","date":"4 marzo, 2026","format":false,"excerpt":"El estudiante declar\u00f3 que estaba molesto con la v\u00edctima porque le quit\u00f3 su Nintendo Switch durante la clase, ha explicado la polic\u00eda en una comunicado.","rel":"","context":"En \u00abNoticias Internacionales\u00bb","block_context":{"text":"Noticias Internacionales","link":"https:\/\/webdelmaestrocmf.com\/portal\/category\/noticias-internacionales\/"},"img":{"alt_text":"","src":"https:\/\/i0.wp.com\/webdelmaestrocmf.com\/portal\/wp-content\/uploads\/2026\/03\/1A-Banner-1-portada-imagen-10-1-copia.webp?resize=350%2C200&ssl=1","width":350,"height":200,"srcset":"https:\/\/i0.wp.com\/webdelmaestrocmf.com\/portal\/wp-content\/uploads\/2026\/03\/1A-Banner-1-portada-imagen-10-1-copia.webp?resize=350%2C200&ssl=1 1x, https:\/\/i0.wp.com\/webdelmaestrocmf.com\/portal\/wp-content\/uploads\/2026\/03\/1A-Banner-1-portada-imagen-10-1-copia.webp?resize=525%2C300&ssl=1 1.5x, https:\/\/i0.wp.com\/webdelmaestrocmf.com\/portal\/wp-content\/uploads\/2026\/03\/1A-Banner-1-portada-imagen-10-1-copia.webp?resize=700%2C400&ssl=1 2x"},"classes":[]},{"id":108793,"url":"https:\/\/webdelmaestrocmf.com\/portal\/violenta-agresion-en-una-escuela-de-neuquen-una-madre-y-su-hija-desfiguraron-a-golpes-a-la-directora\/","url_meta":{"origin":112210,"position":1},"title":"Violenta agresi\u00f3n en una escuela de Neuqu\u00e9n: una madre y su hija desfiguraron a golpes a la directora","author":"Web del Maestro CMF","date":"25 abril, 2025","format":false,"excerpt":"Directora brutalmente golpeada por madre y hermana de alumna tras un simple llamado de atenci\u00f3n. Violencia premeditada, descontrolada e injustificable. La escuela deja de ser segura: ense\u00f1ar hoy implica exponerse al miedo.","rel":"","context":"En \u00abNoticias Internacionales\u00bb","block_context":{"text":"Noticias Internacionales","link":"https:\/\/webdelmaestrocmf.com\/portal\/category\/noticias-internacionales\/"},"img":{"alt_text":"","src":"https:\/\/i0.wp.com\/webdelmaestrocmf.com\/portal\/wp-content\/uploads\/2025\/04\/1A-Banner-1-portada-imagen-10-1-copia-13.webp?resize=350%2C200&ssl=1","width":350,"height":200,"srcset":"https:\/\/i0.wp.com\/webdelmaestrocmf.com\/portal\/wp-content\/uploads\/2025\/04\/1A-Banner-1-portada-imagen-10-1-copia-13.webp?resize=350%2C200&ssl=1 1x, https:\/\/i0.wp.com\/webdelmaestrocmf.com\/portal\/wp-content\/uploads\/2025\/04\/1A-Banner-1-portada-imagen-10-1-copia-13.webp?resize=525%2C300&ssl=1 1.5x, https:\/\/i0.wp.com\/webdelmaestrocmf.com\/portal\/wp-content\/uploads\/2025\/04\/1A-Banner-1-portada-imagen-10-1-copia-13.webp?resize=700%2C400&ssl=1 2x"},"classes":[]},{"id":114686,"url":"https:\/\/webdelmaestrocmf.com\/portal\/profesora-denuncia-grave-episodio-de-violencia-por-parte-de-una-alumna-tras-conflicto-por-uso-del-celular-en-aula\/","url_meta":{"origin":112210,"position":2},"title":"Profesora denuncia grave episodio de violencia por parte de una alumna tras conflicto por uso del celular en aula","author":"Web del Maestro CMF","date":"10 enero, 2026","format":false,"excerpt":"Una profesora fue agredida tras exigir guardar el celular, evidenciando violencia escolar, crisis de autoridad docente y falta de protecci\u00f3n.","rel":"","context":"En \u00abNoticias Internacionales\u00bb","block_context":{"text":"Noticias Internacionales","link":"https:\/\/webdelmaestrocmf.com\/portal\/category\/noticias-internacionales\/"},"img":{"alt_text":"","src":"https:\/\/i0.wp.com\/webdelmaestrocmf.com\/portal\/wp-content\/uploads\/2026\/01\/1A-Banner-1-portada-imagen-10-1-copia-2-4.webp?resize=350%2C200&ssl=1","width":350,"height":200,"srcset":"https:\/\/i0.wp.com\/webdelmaestrocmf.com\/portal\/wp-content\/uploads\/2026\/01\/1A-Banner-1-portada-imagen-10-1-copia-2-4.webp?resize=350%2C200&ssl=1 1x, https:\/\/i0.wp.com\/webdelmaestrocmf.com\/portal\/wp-content\/uploads\/2026\/01\/1A-Banner-1-portada-imagen-10-1-copia-2-4.webp?resize=525%2C300&ssl=1 1.5x, https:\/\/i0.wp.com\/webdelmaestrocmf.com\/portal\/wp-content\/uploads\/2026\/01\/1A-Banner-1-portada-imagen-10-1-copia-2-4.webp?resize=700%2C400&ssl=1 2x"},"classes":[]},{"id":111288,"url":"https:\/\/webdelmaestrocmf.com\/portal\/grave-agresion-en-escuela-de-la-boca-madre-y-abuela-atacan-al-director-con-una-birome\/","url_meta":{"origin":112210,"position":3},"title":"Grave agresi\u00f3n en escuela de La Boca: madre y abuela atacan al director con una birome","author":"Web del Maestro CMF","date":"17 julio, 2025","format":false,"excerpt":"Durante una reuni\u00f3n escolar, la madre clav\u00f3 una birome al director y la abuela agredi\u00f3 a otras dos trabajadoras.","rel":"","context":"En \u00abNoticias Internacionales\u00bb","block_context":{"text":"Noticias Internacionales","link":"https:\/\/webdelmaestrocmf.com\/portal\/category\/noticias-internacionales\/"},"img":{"alt_text":"","src":"https:\/\/i0.wp.com\/webdelmaestrocmf.com\/portal\/wp-content\/uploads\/2025\/07\/1A-Banner-1-portada-imagen-10-1-copia-4.webp?resize=350%2C200&ssl=1","width":350,"height":200,"srcset":"https:\/\/i0.wp.com\/webdelmaestrocmf.com\/portal\/wp-content\/uploads\/2025\/07\/1A-Banner-1-portada-imagen-10-1-copia-4.webp?resize=350%2C200&ssl=1 1x, https:\/\/i0.wp.com\/webdelmaestrocmf.com\/portal\/wp-content\/uploads\/2025\/07\/1A-Banner-1-portada-imagen-10-1-copia-4.webp?resize=525%2C300&ssl=1 1.5x, https:\/\/i0.wp.com\/webdelmaestrocmf.com\/portal\/wp-content\/uploads\/2025\/07\/1A-Banner-1-portada-imagen-10-1-copia-4.webp?resize=700%2C400&ssl=1 2x"},"classes":[]},{"id":115690,"url":"https:\/\/webdelmaestrocmf.com\/portal\/estudiante-fue-condenado-a-cinco-anos-de-carcel-tras-golpear-brutalmente-a-su-profesora-por-quitarle-su-nintendo-switch\/","url_meta":{"origin":112210,"position":4},"title":"Estudiante fue condenado a cinco a\u00f1os de c\u00e1rcel tras golpear brutalmente a su profesora por quitarle su Nintendo Switch","author":"Web del Maestro CMF","date":"4 marzo, 2026","format":false,"excerpt":"El estudiante ten\u00eda 17 a\u00f1os y trastorno del espectro autista (TEA). Actualmente, en 2026, sigue en prisi\u00f3n, luego de que su apelaci\u00f3n fuera rechazada en 2025.","rel":"","context":"En \u00abNoticias Internacionales\u00bb","block_context":{"text":"Noticias Internacionales","link":"https:\/\/webdelmaestrocmf.com\/portal\/category\/noticias-internacionales\/"},"img":{"alt_text":"","src":"https:\/\/i0.wp.com\/webdelmaestrocmf.com\/portal\/wp-content\/uploads\/2026\/03\/1A-Banner-1-portada-imagen-10-1-copia-11.webp?resize=350%2C200&ssl=1","width":350,"height":200,"srcset":"https:\/\/i0.wp.com\/webdelmaestrocmf.com\/portal\/wp-content\/uploads\/2026\/03\/1A-Banner-1-portada-imagen-10-1-copia-11.webp?resize=350%2C200&ssl=1 1x, https:\/\/i0.wp.com\/webdelmaestrocmf.com\/portal\/wp-content\/uploads\/2026\/03\/1A-Banner-1-portada-imagen-10-1-copia-11.webp?resize=525%2C300&ssl=1 1.5x, https:\/\/i0.wp.com\/webdelmaestrocmf.com\/portal\/wp-content\/uploads\/2026\/03\/1A-Banner-1-portada-imagen-10-1-copia-11.webp?resize=700%2C400&ssl=1 2x"},"classes":[]},{"id":110988,"url":"https:\/\/webdelmaestrocmf.com\/portal\/docente-hospitalizada-tras-brutal-agresion-en-aula-crece-la-preocupacion-por-la-seguridad-del-profesorado-en-mexico\/","url_meta":{"origin":112210,"position":5},"title":"Docente hospitalizada tras brutal agresi\u00f3n de madre de familia en el aula: crece la preocupaci\u00f3n por la seguridad del profesorado en M\u00e9xico","author":"Web del Maestro CMF","date":"1 octubre, 2025","format":false,"excerpt":"El ataque ocurri\u00f3 frente a alumnos de tercer grado en Las Choapas, Veracruz. No es un hecho aislado: se suman nuevos casos de violencia escolar sin respuesta clara de las autoridades.","rel":"","context":"En \u00abNoticias Internacionales\u00bb","block_context":{"text":"Noticias Internacionales","link":"https:\/\/webdelmaestrocmf.com\/portal\/category\/noticias-internacionales\/"},"img":{"alt_text":"","src":"https:\/\/i0.wp.com\/webdelmaestrocmf.com\/portal\/wp-content\/uploads\/2025\/10\/1A-Banner-1-portada-imagen-10-1-copia-7-1.webp?resize=350%2C200&ssl=1","width":350,"height":200,"srcset":"https:\/\/i0.wp.com\/webdelmaestrocmf.com\/portal\/wp-content\/uploads\/2025\/10\/1A-Banner-1-portada-imagen-10-1-copia-7-1.webp?resize=350%2C200&ssl=1 1x, https:\/\/i0.wp.com\/webdelmaestrocmf.com\/portal\/wp-content\/uploads\/2025\/10\/1A-Banner-1-portada-imagen-10-1-copia-7-1.webp?resize=525%2C300&ssl=1 1.5x, https:\/\/i0.wp.com\/webdelmaestrocmf.com\/portal\/wp-content\/uploads\/2025\/10\/1A-Banner-1-portada-imagen-10-1-copia-7-1.webp?resize=700%2C400&ssl=1 2x"},"classes":[]}],"_links":{"self":[{"href":"https:\/\/webdelmaestrocmf.com\/portal\/wp-json\/wp\/v2\/posts\/112210","targetHints":{"allow":["GET"]}}],"collection":[{"href":"https:\/\/webdelmaestrocmf.com\/portal\/wp-json\/wp\/v2\/posts"}],"about":[{"href":"https:\/\/webdelmaestrocmf.com\/portal\/wp-json\/wp\/v2\/types\/post"}],"author":[{"embeddable":true,"href":"https:\/\/webdelmaestrocmf.com\/portal\/wp-json\/wp\/v2\/users\/1"}],"replies":[{"embeddable":true,"href":"https:\/\/webdelmaestrocmf.com\/portal\/wp-json\/wp\/v2\/comments?post=112210"}],"version-history":[{"count":2,"href":"https:\/\/webdelmaestrocmf.com\/portal\/wp-json\/wp\/v2\/posts\/112210\/revisions"}],"predecessor-version":[{"id":112214,"href":"https:\/\/webdelmaestrocmf.com\/portal\/wp-json\/wp\/v2\/posts\/112210\/revisions\/112214"}],"wp:featuredmedia":[{"embeddable":true,"href":"https:\/\/webdelmaestrocmf.com\/portal\/wp-json\/wp\/v2\/media\/112211"}],"wp:attachment":[{"href":"https:\/\/webdelmaestrocmf.com\/portal\/wp-json\/wp\/v2\/media?parent=112210"}],"wp:term":[{"taxonomy":"category","embeddable":true,"href":"https:\/\/webdelmaestrocmf.com\/portal\/wp-json\/wp\/v2\/categories?post=112210"},{"taxonomy":"post_tag","embeddable":true,"href":"https:\/\/webdelmaestrocmf.com\/portal\/wp-json\/wp\/v2\/tags?post=112210"}],"curies":[{"name":"wp","href":"https:\/\/api.w.org\/{rel}","templated":true}]}}