{"id":112191,"date":"2025-09-17T15:04:13","date_gmt":"2025-09-17T18:04:13","guid":{"rendered":"https:\/\/webdelmaestrocmf.com\/portal\/?p=112191"},"modified":"2025-10-19T19:41:40","modified_gmt":"2025-10-19T22:41:40","slug":"gregorio-luri-la-escritura-como-motor-de-pensamiento","status":"publish","type":"post","link":"https:\/\/webdelmaestrocmf.com\/portal\/gregorio-luri-la-escritura-como-motor-de-pensamiento\/","title":{"rendered":"Gregorio Luri: La escritura como motor de pensamiento"},"content":{"rendered":"\n<p>En el mundo educativo, solemos destacar la importancia de la lectura, pero pocas veces reflexionamos con la misma intensidad sobre el valor de la escritura. Gregorio Luri, maestro y pensador, lo plantea con claridad: <strong>la escritura no es \u00fanicamente un veh\u00edculo para comunicar lo que pensamos, sino el acto mismo que nos permite pensar mejor<\/strong>. Escribir no es un ejercicio accesorio, es el lugar donde se ordenan las ideas, donde se ponen a prueba los argumentos y donde emergen nuevas perspectivas.<\/p>\n\n\n\n<h3 class=\"wp-block-heading\"><strong>Escribir para descubrir lo que pensamos<\/strong><\/h3>\n\n\n\n<p>Luri recuerda que, con frecuencia, creemos tener una idea clara en la mente, pero cuando intentamos plasmarla en palabras descubrimos vac\u00edos, contradicciones o dudas que no hab\u00edamos percibido. La escritura nos enfrenta a nuestros propios l\u00edmites y nos obliga a depurar lo que realmente queremos decir. De ah\u00ed que sostenga que <strong>escribir no es solo transmitir, sino generar pensamiento<\/strong>.<\/p>\n\n\n\n<p>En este proceso, aparece lo que \u00e9l considera el verdadero pensamiento cr\u00edtico: no la habilidad de discutir con otros, sino la capacidad de cuestionarse a uno mismo. Escribir abre la puerta a ese di\u00e1logo interior, donde descubrimos si nuestras convicciones est\u00e1n bien fundamentadas o si requieren revisi\u00f3n.<\/p>\n\n\n\n<h3 class=\"wp-block-heading\"><strong>Un h\u00e1bito intelectual transformador<\/strong><\/h3>\n\n\n\n<p>Los escol\u00e1sticos sol\u00edan repetir un lema que Luri hace suyo: <em>\u201cnulla dies sine l\u00ednea\u201d<\/em> \u2014no dejes pasar un d\u00eda sin escribir una l\u00ednea\u2014. Esa pr\u00e1ctica cotidiana convierte la escritura en una disciplina intelectual, una gimnasia de la mente que fortalece la claridad, la creatividad y la capacidad de argumentar. M\u00e1s all\u00e1 de la calidad del estilo, lo valioso es el acto mismo de escribir: enfrentarse a la p\u00e1gina en blanco, ensayar ideas, corregirlas, ampliarlas y, en ese proceso, crecer intelectualmente.<\/p>\n\n\n\n<blockquote class=\"wp-block-quote is-layout-flow wp-block-quote-is-layout-flow\">\n<p class=\"has-text-align-center\">No tengo derecho a ser pesimista delante de estos ni\u00f1os que est\u00e1n aqu\u00ed\u00bb. Lo cual no quiere decir que no haya d\u00edas en los que todo te sale mal y que tienes que poner una fuerza de voluntad para ser optimista. Pero en general\u2026 Hab\u00eda una maestra, una gran pedagoga catalana, Marta Mata, que dec\u00eda que, en realidad, educamos por impregnaci\u00f3n.<\/p>\n<\/blockquote>\n\n\n\n<h3 class=\"wp-block-heading\"><strong>La escritura en la formaci\u00f3n de docentes y estudiantes<\/strong><\/h3>\n\n\n\n<p>Para los docentes, esta visi\u00f3n es una invitaci\u00f3n a valorar la escritura no solo como una competencia ling\u00fc\u00edstica, sino como un <strong>instrumento de pensamiento riguroso<\/strong>. Fomentar que los alumnos escriban con regularidad no significa \u00fanicamente entrenarlos en ortograf\u00eda o redacci\u00f3n, sino guiarlos a un espacio donde puedan descubrir sus propias ideas y fortalecer su autonom\u00eda intelectual.<\/p>\n\n\n\n<p>Del mismo modo, los padres pueden animar a sus hijos a escribir diarios, relatos o reflexiones. No se trata de perseguir la perfecci\u00f3n formal, sino de abrir un camino de expresi\u00f3n y autoconocimiento. La escritura, como insiste Luri, es una herramienta que humaniza, que ayuda a entenderse a uno mismo y a los dem\u00e1s.<\/p>\n\n\n\n<h3 class=\"wp-block-heading\"><strong>Recomendaci\u00f3n: ver el video completo<\/strong><\/h3>\n\n\n\n<p>Para profundizar en estas ideas y escuchar directamente a Gregorio Luri, se recomienda ver el video de su intervenci\u00f3n. All\u00ed explica con ejemplos y reflexiones cercanas c\u00f3mo la escritura se convierte en un espacio de crecimiento intelectual y personal. Esta experiencia visual complementa y enriquece el mensaje escrito.<\/p>\n\n\n\n<iframe loading=\"lazy\" width=\"100%\" height=\"315\" src=\"https:\/\/www.youtube.com\/embed\/5nuyS4ctAGg?si=5TczcMGw4z-ATexX\" title=\"YouTube video player\" frameborder=\"0\" allow=\"accelerometer; autoplay; clipboard-write; encrypted-media; gyroscope; picture-in-picture; web-share\" referrerpolicy=\"strict-origin-when-cross-origin\" allowfullscreen><\/iframe>\n\n\n\n<h3 class=\"wp-block-heading\"><strong>M\u00e1s que un legado cultural<\/strong><\/h3>\n\n\n\n<p>En una \u00e9poca marcada por la inmediatez de las pantallas y la fugacidad de los mensajes, rescatar el valor de la escritura como proceso reflexivo resulta esencial. Gregorio Luri nos recuerda que escribir no es solo conservar o comunicar, es un <strong>acto de creaci\u00f3n intelectual<\/strong>. Al poner palabras sobre el papel, no solo decimos lo que pensamos: descubrimos lo que pensamos.<\/p>\n\n\n\n<p class=\"has-text-align-right\"><strong>Redacci\u00f3n | Web del Maestro CMF<\/strong><\/p>\n\n\n\t\t<div class=\"pk-inline-posts\">\n\t\t\t\n\t\t\t<div class=\"pk-inline-posts-container pk-inline-posts-template-list\"\n\t\t\t\tdata-columns=\"1\">\n\t\t\t\t\t\t<article id=\"post-95717\" class=\"post-95717 post type-post status-publish format-video has-post-thumbnail category-charlas tag-aprendamos-juntos tag-aprendemos-juntos-2030 tag-aprender tag-aprendizaje tag-bbva tag-calificacion-por-notas tag-cerebro tag-compresion tag-descanso tag-dislexia tag-dormir tag-entrevista tag-error tag-escritura tag-fonologia tag-lectura tag-lenguaje-oral tag-matematica tag-memoria tag-neurociencia tag-neurona tag-para-sumar-por-la-educacion tag-pensamiento tag-sinapsis tag-stanislas-dehaene tag-sueno tag-tecnologia tag-videos post_format-post-format-video cs-entry cs-video-wrap\">\n\t\t\t<div class=\"pk-post-outer\">\n\n\t\t\t\t\t\t\t\t<div class=\"pk-post-inner\">\n\t\t\t\t\t<div class=\"entry-thumbnail\">\n\t\t\t\t\t\t<div class=\"pk-overlay pk-overlay-ratio pk-ratio-landscape\">\n\t\t\t\t\t\t\t<div class=\"pk-overlay-background\">\n\t\t\t\t\t\t\t\t<a href=\"https:\/\/webdelmaestrocmf.com\/portal\/stanislas-dehaene-el-mayor-talento-de-un-profesor-es-ser-capaz-de-dirigir-la-atencion-del-alumno-hacia-el-nivel-correcto\/\" class=\"pk-overlay-link\">\n\t\t\t\t\t\t\t\t\t<img loading=\"lazy\" decoding=\"async\" width=\"300\" height=\"225\" src=\"https:\/\/webdelmaestrocmf.com\/portal\/wp-content\/uploads\/2024\/02\/1AA-Banner-1-portada-imagen-10-1-copia-300x225.webp\" class=\"attachment-pk-thumbnail size-pk-thumbnail wp-post-image\" alt=\"\" \/>\t\t\t\t\t\t\t\t<\/a>\n\t\t\t\t\t\t\t<\/div>\n\t\t\t\t\t\t<\/div>\n\t\t\t\t\t<\/div>\n\t\t\t\t<\/div>\n\t\t\t\t\n\t\t\t\t<div class=\"pk-post-inner\">\n\t\t\t\t\t<header>\n\t\t\t\t\t\t<h3 class=\"pk-title\"><a href=\"https:\/\/webdelmaestrocmf.com\/portal\/stanislas-dehaene-el-mayor-talento-de-un-profesor-es-ser-capaz-de-dirigir-la-atencion-del-alumno-hacia-el-nivel-correcto\/\" rel=\"bookmark\">Stanislas Dehaene: El mayor talento de un profesor es ser capaz de dirigir la atenci\u00f3n del alumno, hacia el nivel correcto<\/a><\/h3>\t\t\t\t\t<\/header><!-- .entry-header -->\n\t\t\t\t<\/div><!-- .post-inner -->\n\n\t\t\t<\/div><!-- .post-outer -->\n\t\t<\/article>\n\t\t\t<article id=\"post-98898\" class=\"post-98898 post type-post status-publish format-video has-post-thumbnail category-charlas tag-duermen-poco tag-estudiantes tag-estudiantes-que-duermen-poco tag-javier-albares tag-problemas-escolares post_format-post-format-video cs-entry cs-video-wrap\">\n\t\t\t<div class=\"pk-post-outer\">\n\n\t\t\t\t\t\t\t\t<div class=\"pk-post-inner\">\n\t\t\t\t\t<div class=\"entry-thumbnail\">\n\t\t\t\t\t\t<div class=\"pk-overlay pk-overlay-ratio pk-ratio-landscape\">\n\t\t\t\t\t\t\t<div class=\"pk-overlay-background\">\n\t\t\t\t\t\t\t\t<a href=\"https:\/\/webdelmaestrocmf.com\/portal\/javier-albares-los-estudiantes-que-duermen-poco-tienen-muchisimos-mas-problemas-escolares\/\" class=\"pk-overlay-link\">\n\t\t\t\t\t\t\t\t\t<img loading=\"lazy\" decoding=\"async\" width=\"300\" height=\"225\" src=\"https:\/\/webdelmaestrocmf.com\/portal\/wp-content\/uploads\/2023\/10\/A12B3C4D-4-2-300x225.jpg\" class=\"attachment-pk-thumbnail size-pk-thumbnail wp-post-image\" alt=\"Javier Albares\" \/>\t\t\t\t\t\t\t\t<\/a>\n\t\t\t\t\t\t\t<\/div>\n\t\t\t\t\t\t<\/div>\n\t\t\t\t\t<\/div>\n\t\t\t\t<\/div>\n\t\t\t\t\n\t\t\t\t<div class=\"pk-post-inner\">\n\t\t\t\t\t<header>\n\t\t\t\t\t\t<h3 class=\"pk-title\"><a href=\"https:\/\/webdelmaestrocmf.com\/portal\/javier-albares-los-estudiantes-que-duermen-poco-tienen-muchisimos-mas-problemas-escolares\/\" rel=\"bookmark\">Javier Albares: Los estudiantes que duermen poco, tienen much\u00edsimos m\u00e1s problemas escolares<\/a><\/h3>\t\t\t\t\t<\/header><!-- .entry-header -->\n\t\t\t\t<\/div><!-- .post-inner -->\n\n\t\t\t<\/div><!-- .post-outer -->\n\t\t<\/article>\n\t\t\t<article id=\"post-77345\" class=\"post-77345 post type-post status-publish format-video has-post-thumbnail category-charlas tag-amor tag-antonio-rios-sarrio tag-autoridad tag-hijo post_format-post-format-video cs-entry cs-video-wrap\">\n\t\t\t<div class=\"pk-post-outer\">\n\n\t\t\t\t\t\t\t\t<div class=\"pk-post-inner\">\n\t\t\t\t\t<div class=\"entry-thumbnail\">\n\t\t\t\t\t\t<div class=\"pk-overlay pk-overlay-ratio pk-ratio-landscape\">\n\t\t\t\t\t\t\t<div class=\"pk-overlay-background\">\n\t\t\t\t\t\t\t\t<a href=\"https:\/\/webdelmaestrocmf.com\/portal\/mucho-amor-eso-no-puede-faltar-nunca-en-la-vida-de-un-hijo-y-mucha-autoridad\/\" class=\"pk-overlay-link\">\n\t\t\t\t\t\t\t\t\t<img loading=\"lazy\" decoding=\"async\" width=\"300\" height=\"225\" src=\"https:\/\/webdelmaestrocmf.com\/portal\/wp-content\/uploads\/2025\/06\/1AA-Banner-1-portada-imagen-10-1-copia-5-300x225.webp\" class=\"attachment-pk-thumbnail size-pk-thumbnail wp-post-image\" alt=\"\" \/>\t\t\t\t\t\t\t\t<\/a>\n\t\t\t\t\t\t\t<\/div>\n\t\t\t\t\t\t<\/div>\n\t\t\t\t\t<\/div>\n\t\t\t\t<\/div>\n\t\t\t\t\n\t\t\t\t<div class=\"pk-post-inner\">\n\t\t\t\t\t<header>\n\t\t\t\t\t\t<h3 class=\"pk-title\"><a href=\"https:\/\/webdelmaestrocmf.com\/portal\/mucho-amor-eso-no-puede-faltar-nunca-en-la-vida-de-un-hijo-y-mucha-autoridad\/\" rel=\"bookmark\">Antonio R\u00edos: Mucho amor, eso no puede faltar nunca en la vida de un hijo, y mucha autoridad<\/a><\/h3>\t\t\t\t\t<\/header><!-- .entry-header -->\n\t\t\t\t<\/div><!-- .post-inner -->\n\n\t\t\t<\/div><!-- .post-outer -->\n\t\t<\/article>\n\t\t\t\t<\/div>\n\t\t<\/div>\n\t\t\n","protected":false},"excerpt":{"rendered":"Al escribir tienes que poner en palabras lo que piensas y eso te obliga a aclararlo y ordenarlo. En el proceso descubres lagunas, contradicciones y nuevas conexiones que no ve\u00edas solo pensando.","protected":false},"author":1,"featured_media":112744,"comment_status":"open","ping_status":"closed","sticky":false,"template":"","format":"standard","meta":{"csco_display_header_overlay":false,"csco_singular_sidebar":"disabled","csco_page_header_type":"overlay","csco_page_load_nextpost":"","csco_post_video_location":["large-header"],"csco_post_video_location_hash":"2whtgy9be2amfoaett3","csco_post_video_url":"https:\/\/youtu.be\/5nuyS4ctAGg?si=2MhiUCRCScrlbssJ","csco_post_video_bg_start_time":0,"csco_post_video_bg_end_time":500,"csco_post_video_bg_volume":false,"_jetpack_memberships_contains_paid_content":false,"footnotes":""},"categories":[3453],"tags":[2252,4175,16041,2165],"class_list":{"0":"post-112191","1":"post","2":"type-post","3":"status-publish","4":"format-standard","5":"has-post-thumbnail","7":"category-charlas","8":"tag-escritura","9":"tag-gregorio-luri","10":"tag-motor","11":"tag-pensamiento","12":"cs-entry","13":"cs-video-wrap"},"yoast_head":"<!-- This site is optimized with the Yoast SEO plugin v27.5 - https:\/\/yoast.com\/product\/yoast-seo-wordpress\/ -->\n<title>Gregorio Luri: La escritura como motor de pensamiento - 2026<\/title>\n<meta name=\"description\" content=\"Gregorio Luri, maestro y pensador, lo plantea con claridad: la escritura no es \u00fanicamente un veh\u00edculo para comunicar...\" \/>\n<meta name=\"robots\" content=\"index, follow, max-snippet:-1, max-image-preview:large, max-video-preview:-1\" \/>\n<link rel=\"canonical\" href=\"https:\/\/webdelmaestrocmf.com\/portal\/gregorio-luri-la-escritura-como-motor-de-pensamiento\/\" \/>\n<meta property=\"og:locale\" content=\"es_ES\" \/>\n<meta property=\"og:type\" content=\"article\" \/>\n<meta property=\"og:title\" content=\"Gregorio Luri: La escritura como motor de pensamiento - 2026\" \/>\n<meta property=\"og:description\" content=\"Gregorio Luri, maestro y pensador, lo plantea con claridad: la escritura no es \u00fanicamente un veh\u00edculo para comunicar...\" \/>\n<meta property=\"og:url\" content=\"https:\/\/webdelmaestrocmf.com\/portal\/gregorio-luri-la-escritura-como-motor-de-pensamiento\/\" \/>\n<meta property=\"og:site_name\" content=\"Web del Maestro CMF\" \/>\n<meta property=\"article:publisher\" content=\"https:\/\/www.facebook.com\/WebdelMaestroCMF\/\" \/>\n<meta property=\"article:author\" content=\"https:\/\/www.facebook.com\/WebdelMaestroCMF\/\" \/>\n<meta property=\"article:published_time\" content=\"2025-09-17T18:04:13+00:00\" \/>\n<meta property=\"article:modified_time\" content=\"2025-10-19T22:41:40+00:00\" \/>\n<meta property=\"og:image\" content=\"https:\/\/webdelmaestrocmf.com\/portal\/wp-content\/uploads\/2025\/09\/ggh.jpg\" \/>\n\t<meta property=\"og:image:width\" content=\"1003\" \/>\n\t<meta property=\"og:image:height\" content=\"667\" \/>\n\t<meta property=\"og:image:type\" content=\"image\/jpeg\" \/>\n<meta name=\"author\" content=\"Web del Maestro CMF\" \/>\n<meta name=\"twitter:card\" content=\"summary_large_image\" \/>\n<meta name=\"twitter:creator\" content=\"@cmf_w\" \/>\n<meta name=\"twitter:site\" content=\"@cmf_w\" \/>\n<script type=\"application\/ld+json\" class=\"yoast-schema-graph\">{\"@context\":\"https:\\\/\\\/schema.org\",\"@graph\":[{\"@type\":\"ScholarlyArticle\",\"@id\":\"https:\\\/\\\/webdelmaestrocmf.com\\\/portal\\\/gregorio-luri-la-escritura-como-motor-de-pensamiento\\\/#article\",\"isPartOf\":{\"@id\":\"https:\\\/\\\/webdelmaestrocmf.com\\\/portal\\\/gregorio-luri-la-escritura-como-motor-de-pensamiento\\\/\"},\"author\":{\"name\":\"Web del Maestro CMF\",\"@id\":\"https:\\\/\\\/webdelmaestrocmf.com\\\/portal\\\/#\\\/schema\\\/person\\\/1072a2ed7bd960df8ef99a551fa35dc5\"},\"headline\":\"Gregorio Luri: La escritura como motor de pensamiento\",\"datePublished\":\"2025-09-17T18:04:13+00:00\",\"dateModified\":\"2025-10-19T22:41:40+00:00\",\"mainEntityOfPage\":{\"@id\":\"https:\\\/\\\/webdelmaestrocmf.com\\\/portal\\\/gregorio-luri-la-escritura-como-motor-de-pensamiento\\\/\"},\"wordCount\":631,\"commentCount\":0,\"publisher\":{\"@id\":\"https:\\\/\\\/webdelmaestrocmf.com\\\/portal\\\/#organization\"},\"image\":{\"@id\":\"https:\\\/\\\/webdelmaestrocmf.com\\\/portal\\\/gregorio-luri-la-escritura-como-motor-de-pensamiento\\\/#primaryimage\"},\"thumbnailUrl\":\"https:\\\/\\\/webdelmaestrocmf.com\\\/portal\\\/wp-content\\\/uploads\\\/2025\\\/09\\\/ggh.jpg\",\"keywords\":[\"ESCRITURA\",\"GREGORIO LURI\",\"motor\",\"PENSAMIENTO\"],\"articleSection\":[\"Charlas\"],\"inLanguage\":\"es\",\"potentialAction\":[{\"@type\":\"CommentAction\",\"name\":\"Comment\",\"target\":[\"https:\\\/\\\/webdelmaestrocmf.com\\\/portal\\\/gregorio-luri-la-escritura-como-motor-de-pensamiento\\\/#respond\"]}]},{\"@type\":\"WebPage\",\"@id\":\"https:\\\/\\\/webdelmaestrocmf.com\\\/portal\\\/gregorio-luri-la-escritura-como-motor-de-pensamiento\\\/\",\"url\":\"https:\\\/\\\/webdelmaestrocmf.com\\\/portal\\\/gregorio-luri-la-escritura-como-motor-de-pensamiento\\\/\",\"name\":\"Gregorio Luri: La escritura como motor de pensamiento - 2026\",\"isPartOf\":{\"@id\":\"https:\\\/\\\/webdelmaestrocmf.com\\\/portal\\\/#website\"},\"primaryImageOfPage\":{\"@id\":\"https:\\\/\\\/webdelmaestrocmf.com\\\/portal\\\/gregorio-luri-la-escritura-como-motor-de-pensamiento\\\/#primaryimage\"},\"image\":{\"@id\":\"https:\\\/\\\/webdelmaestrocmf.com\\\/portal\\\/gregorio-luri-la-escritura-como-motor-de-pensamiento\\\/#primaryimage\"},\"thumbnailUrl\":\"https:\\\/\\\/webdelmaestrocmf.com\\\/portal\\\/wp-content\\\/uploads\\\/2025\\\/09\\\/ggh.jpg\",\"datePublished\":\"2025-09-17T18:04:13+00:00\",\"dateModified\":\"2025-10-19T22:41:40+00:00\",\"description\":\"Gregorio Luri, maestro y pensador, lo plantea con claridad: la escritura no es \u00fanicamente un veh\u00edculo para comunicar...\",\"breadcrumb\":{\"@id\":\"https:\\\/\\\/webdelmaestrocmf.com\\\/portal\\\/gregorio-luri-la-escritura-como-motor-de-pensamiento\\\/#breadcrumb\"},\"inLanguage\":\"es\",\"potentialAction\":[{\"@type\":\"ReadAction\",\"target\":[\"https:\\\/\\\/webdelmaestrocmf.com\\\/portal\\\/gregorio-luri-la-escritura-como-motor-de-pensamiento\\\/\"]}]},{\"@type\":\"ImageObject\",\"inLanguage\":\"es\",\"@id\":\"https:\\\/\\\/webdelmaestrocmf.com\\\/portal\\\/gregorio-luri-la-escritura-como-motor-de-pensamiento\\\/#primaryimage\",\"url\":\"https:\\\/\\\/webdelmaestrocmf.com\\\/portal\\\/wp-content\\\/uploads\\\/2025\\\/09\\\/ggh.jpg\",\"contentUrl\":\"https:\\\/\\\/webdelmaestrocmf.com\\\/portal\\\/wp-content\\\/uploads\\\/2025\\\/09\\\/ggh.jpg\",\"width\":1003,\"height\":667},{\"@type\":\"BreadcrumbList\",\"@id\":\"https:\\\/\\\/webdelmaestrocmf.com\\\/portal\\\/gregorio-luri-la-escritura-como-motor-de-pensamiento\\\/#breadcrumb\",\"itemListElement\":[{\"@type\":\"ListItem\",\"position\":1,\"name\":\"Portada\",\"item\":\"https:\\\/\\\/webdelmaestrocmf.com\\\/portal\\\/\"},{\"@type\":\"ListItem\",\"position\":2,\"name\":\"Charlas\",\"item\":\"https:\\\/\\\/webdelmaestrocmf.com\\\/portal\\\/category\\\/charlas\\\/\"},{\"@type\":\"ListItem\",\"position\":3,\"name\":\"Gregorio Luri: La escritura como motor de pensamiento\"}]},{\"@type\":\"WebSite\",\"@id\":\"https:\\\/\\\/webdelmaestrocmf.com\\\/portal\\\/#website\",\"url\":\"https:\\\/\\\/webdelmaestrocmf.com\\\/portal\\\/\",\"name\":\"Web del Maestro CMF\",\"description\":\"Maestros al servicio de la educaci\u00f3n\",\"publisher\":{\"@id\":\"https:\\\/\\\/webdelmaestrocmf.com\\\/portal\\\/#organization\"},\"alternateName\":\"WMCMF\",\"potentialAction\":[{\"@type\":\"SearchAction\",\"target\":{\"@type\":\"EntryPoint\",\"urlTemplate\":\"https:\\\/\\\/webdelmaestrocmf.com\\\/portal\\\/?s={search_term_string}\"},\"query-input\":{\"@type\":\"PropertyValueSpecification\",\"valueRequired\":true,\"valueName\":\"search_term_string\"}}],\"inLanguage\":\"es\"},{\"@type\":\"Organization\",\"@id\":\"https:\\\/\\\/webdelmaestrocmf.com\\\/portal\\\/#organization\",\"name\":\"Web del Maestro CMF\",\"alternateName\":\"WMCMF\",\"url\":\"https:\\\/\\\/webdelmaestrocmf.com\\\/portal\\\/\",\"logo\":{\"@type\":\"ImageObject\",\"inLanguage\":\"es\",\"@id\":\"https:\\\/\\\/webdelmaestrocmf.com\\\/portal\\\/#\\\/schema\\\/logo\\\/image\\\/\",\"url\":\"https:\\\/\\\/webdelmaestrocmf.com\\\/portal\\\/wp-content\\\/uploads\\\/2023\\\/01\\\/logo-wmcmf-2.png\",\"contentUrl\":\"https:\\\/\\\/webdelmaestrocmf.com\\\/portal\\\/wp-content\\\/uploads\\\/2023\\\/01\\\/logo-wmcmf-2.png\",\"width\":200,\"height\":60,\"caption\":\"Web del Maestro CMF\"},\"image\":{\"@id\":\"https:\\\/\\\/webdelmaestrocmf.com\\\/portal\\\/#\\\/schema\\\/logo\\\/image\\\/\"},\"sameAs\":[\"https:\\\/\\\/www.facebook.com\\\/WebdelMaestroCMF\\\/\",\"https:\\\/\\\/x.com\\\/cmf_w\",\"https:\\\/\\\/www.pinterest.com\\\/WMCMF\\\/\",\"https:\\\/\\\/www.linkedin.com\\\/company\\\/web-del-maestro-cmf\\\/\",\"https:\\\/\\\/www.instagram.com\\\/wmcmf\\\/\",\"https:\\\/\\\/www.youtube.com\\\/channel\\\/UCDPSvjbdodE5sHnC3OxutHw\",\"https:\\\/\\\/mastodon.social\\\/@wmcmf\",\"https:\\\/\\\/www.tiktok.com\\\/@webdelmaestrocmf\"]},{\"@type\":\"Person\",\"@id\":\"https:\\\/\\\/webdelmaestrocmf.com\\\/portal\\\/#\\\/schema\\\/person\\\/1072a2ed7bd960df8ef99a551fa35dc5\",\"name\":\"Web del Maestro CMF\",\"image\":{\"@type\":\"ImageObject\",\"inLanguage\":\"es\",\"@id\":\"https:\\\/\\\/secure.gravatar.com\\\/avatar\\\/23291dd5b5ae1077dcff3dbb04c3e02bd28403fa75af6d8787d5e97c5bbbe30b?s=96&d=mm&r=g\",\"url\":\"https:\\\/\\\/secure.gravatar.com\\\/avatar\\\/23291dd5b5ae1077dcff3dbb04c3e02bd28403fa75af6d8787d5e97c5bbbe30b?s=96&d=mm&r=g\",\"contentUrl\":\"https:\\\/\\\/secure.gravatar.com\\\/avatar\\\/23291dd5b5ae1077dcff3dbb04c3e02bd28403fa75af6d8787d5e97c5bbbe30b?s=96&d=mm&r=g\",\"caption\":\"Web del Maestro CMF\"},\"description\":\"Esta Web se cre\u00f3 sin fines de lucro, con fines educativos, cient\u00edficos y acad\u00e9micos, para personas que tengan dificultades y\\\/o inconvenientes en visualizar el material original. El objetivo es entregar recursos, compartir experiencias y materiales que ayuden a los padres de familia, maestros y estudiantes en su actualizaci\u00f3n y formaci\u00f3n permanente, en bien de la Educaci\u00f3n.\",\"sameAs\":[\"http:\\\/\\\/webdelmaestrocmf.com\\\/portal\",\"https:\\\/\\\/www.facebook.com\\\/WebdelMaestroCMF\\\/\",\"https:\\\/\\\/www.instagram.com\\\/wmcmf\\\/\",\"https:\\\/\\\/cl.linkedin.com\\\/company\\\/web-del-maestro-cmf\",\"https:\\\/\\\/www.pinterest.com\\\/WMCMF\\\/publicaciones\\\/\",\"https:\\\/\\\/x.com\\\/cmf_w\",\"https:\\\/\\\/www.youtube.com\\\/@WMCMF\"]}]}<\/script>\n<!-- \/ Yoast SEO plugin. -->","yoast_head_json":{"title":"Gregorio Luri: La escritura como motor de pensamiento - 2026","description":"Gregorio Luri, maestro y pensador, lo plantea con claridad: la escritura no es \u00fanicamente un veh\u00edculo para comunicar...","robots":{"index":"index","follow":"follow","max-snippet":"max-snippet:-1","max-image-preview":"max-image-preview:large","max-video-preview":"max-video-preview:-1"},"canonical":"https:\/\/webdelmaestrocmf.com\/portal\/gregorio-luri-la-escritura-como-motor-de-pensamiento\/","og_locale":"es_ES","og_type":"article","og_title":"Gregorio Luri: La escritura como motor de pensamiento - 2026","og_description":"Gregorio Luri, maestro y pensador, lo plantea con claridad: la escritura no es \u00fanicamente un veh\u00edculo para comunicar...","og_url":"https:\/\/webdelmaestrocmf.com\/portal\/gregorio-luri-la-escritura-como-motor-de-pensamiento\/","og_site_name":"Web del Maestro CMF","article_publisher":"https:\/\/www.facebook.com\/WebdelMaestroCMF\/","article_author":"https:\/\/www.facebook.com\/WebdelMaestroCMF\/","article_published_time":"2025-09-17T18:04:13+00:00","article_modified_time":"2025-10-19T22:41:40+00:00","og_image":[{"width":1003,"height":667,"url":"https:\/\/webdelmaestrocmf.com\/portal\/wp-content\/uploads\/2025\/09\/ggh.jpg","type":"image\/jpeg"}],"author":"Web del Maestro CMF","twitter_card":"summary_large_image","twitter_creator":"@cmf_w","twitter_site":"@cmf_w","schema":{"@context":"https:\/\/schema.org","@graph":[{"@type":"ScholarlyArticle","@id":"https:\/\/webdelmaestrocmf.com\/portal\/gregorio-luri-la-escritura-como-motor-de-pensamiento\/#article","isPartOf":{"@id":"https:\/\/webdelmaestrocmf.com\/portal\/gregorio-luri-la-escritura-como-motor-de-pensamiento\/"},"author":{"name":"Web del Maestro CMF","@id":"https:\/\/webdelmaestrocmf.com\/portal\/#\/schema\/person\/1072a2ed7bd960df8ef99a551fa35dc5"},"headline":"Gregorio Luri: La escritura como motor de pensamiento","datePublished":"2025-09-17T18:04:13+00:00","dateModified":"2025-10-19T22:41:40+00:00","mainEntityOfPage":{"@id":"https:\/\/webdelmaestrocmf.com\/portal\/gregorio-luri-la-escritura-como-motor-de-pensamiento\/"},"wordCount":631,"commentCount":0,"publisher":{"@id":"https:\/\/webdelmaestrocmf.com\/portal\/#organization"},"image":{"@id":"https:\/\/webdelmaestrocmf.com\/portal\/gregorio-luri-la-escritura-como-motor-de-pensamiento\/#primaryimage"},"thumbnailUrl":"https:\/\/webdelmaestrocmf.com\/portal\/wp-content\/uploads\/2025\/09\/ggh.jpg","keywords":["ESCRITURA","GREGORIO LURI","motor","PENSAMIENTO"],"articleSection":["Charlas"],"inLanguage":"es","potentialAction":[{"@type":"CommentAction","name":"Comment","target":["https:\/\/webdelmaestrocmf.com\/portal\/gregorio-luri-la-escritura-como-motor-de-pensamiento\/#respond"]}]},{"@type":"WebPage","@id":"https:\/\/webdelmaestrocmf.com\/portal\/gregorio-luri-la-escritura-como-motor-de-pensamiento\/","url":"https:\/\/webdelmaestrocmf.com\/portal\/gregorio-luri-la-escritura-como-motor-de-pensamiento\/","name":"Gregorio Luri: La escritura como motor de pensamiento - 2026","isPartOf":{"@id":"https:\/\/webdelmaestrocmf.com\/portal\/#website"},"primaryImageOfPage":{"@id":"https:\/\/webdelmaestrocmf.com\/portal\/gregorio-luri-la-escritura-como-motor-de-pensamiento\/#primaryimage"},"image":{"@id":"https:\/\/webdelmaestrocmf.com\/portal\/gregorio-luri-la-escritura-como-motor-de-pensamiento\/#primaryimage"},"thumbnailUrl":"https:\/\/webdelmaestrocmf.com\/portal\/wp-content\/uploads\/2025\/09\/ggh.jpg","datePublished":"2025-09-17T18:04:13+00:00","dateModified":"2025-10-19T22:41:40+00:00","description":"Gregorio Luri, maestro y pensador, lo plantea con claridad: la escritura no es \u00fanicamente un veh\u00edculo para comunicar...","breadcrumb":{"@id":"https:\/\/webdelmaestrocmf.com\/portal\/gregorio-luri-la-escritura-como-motor-de-pensamiento\/#breadcrumb"},"inLanguage":"es","potentialAction":[{"@type":"ReadAction","target":["https:\/\/webdelmaestrocmf.com\/portal\/gregorio-luri-la-escritura-como-motor-de-pensamiento\/"]}]},{"@type":"ImageObject","inLanguage":"es","@id":"https:\/\/webdelmaestrocmf.com\/portal\/gregorio-luri-la-escritura-como-motor-de-pensamiento\/#primaryimage","url":"https:\/\/webdelmaestrocmf.com\/portal\/wp-content\/uploads\/2025\/09\/ggh.jpg","contentUrl":"https:\/\/webdelmaestrocmf.com\/portal\/wp-content\/uploads\/2025\/09\/ggh.jpg","width":1003,"height":667},{"@type":"BreadcrumbList","@id":"https:\/\/webdelmaestrocmf.com\/portal\/gregorio-luri-la-escritura-como-motor-de-pensamiento\/#breadcrumb","itemListElement":[{"@type":"ListItem","position":1,"name":"Portada","item":"https:\/\/webdelmaestrocmf.com\/portal\/"},{"@type":"ListItem","position":2,"name":"Charlas","item":"https:\/\/webdelmaestrocmf.com\/portal\/category\/charlas\/"},{"@type":"ListItem","position":3,"name":"Gregorio Luri: La escritura como motor de pensamiento"}]},{"@type":"WebSite","@id":"https:\/\/webdelmaestrocmf.com\/portal\/#website","url":"https:\/\/webdelmaestrocmf.com\/portal\/","name":"Web del Maestro CMF","description":"Maestros al servicio de la educaci\u00f3n","publisher":{"@id":"https:\/\/webdelmaestrocmf.com\/portal\/#organization"},"alternateName":"WMCMF","potentialAction":[{"@type":"SearchAction","target":{"@type":"EntryPoint","urlTemplate":"https:\/\/webdelmaestrocmf.com\/portal\/?s={search_term_string}"},"query-input":{"@type":"PropertyValueSpecification","valueRequired":true,"valueName":"search_term_string"}}],"inLanguage":"es"},{"@type":"Organization","@id":"https:\/\/webdelmaestrocmf.com\/portal\/#organization","name":"Web del Maestro CMF","alternateName":"WMCMF","url":"https:\/\/webdelmaestrocmf.com\/portal\/","logo":{"@type":"ImageObject","inLanguage":"es","@id":"https:\/\/webdelmaestrocmf.com\/portal\/#\/schema\/logo\/image\/","url":"https:\/\/webdelmaestrocmf.com\/portal\/wp-content\/uploads\/2023\/01\/logo-wmcmf-2.png","contentUrl":"https:\/\/webdelmaestrocmf.com\/portal\/wp-content\/uploads\/2023\/01\/logo-wmcmf-2.png","width":200,"height":60,"caption":"Web del Maestro CMF"},"image":{"@id":"https:\/\/webdelmaestrocmf.com\/portal\/#\/schema\/logo\/image\/"},"sameAs":["https:\/\/www.facebook.com\/WebdelMaestroCMF\/","https:\/\/x.com\/cmf_w","https:\/\/www.pinterest.com\/WMCMF\/","https:\/\/www.linkedin.com\/company\/web-del-maestro-cmf\/","https:\/\/www.instagram.com\/wmcmf\/","https:\/\/www.youtube.com\/channel\/UCDPSvjbdodE5sHnC3OxutHw","https:\/\/mastodon.social\/@wmcmf","https:\/\/www.tiktok.com\/@webdelmaestrocmf"]},{"@type":"Person","@id":"https:\/\/webdelmaestrocmf.com\/portal\/#\/schema\/person\/1072a2ed7bd960df8ef99a551fa35dc5","name":"Web del Maestro CMF","image":{"@type":"ImageObject","inLanguage":"es","@id":"https:\/\/secure.gravatar.com\/avatar\/23291dd5b5ae1077dcff3dbb04c3e02bd28403fa75af6d8787d5e97c5bbbe30b?s=96&d=mm&r=g","url":"https:\/\/secure.gravatar.com\/avatar\/23291dd5b5ae1077dcff3dbb04c3e02bd28403fa75af6d8787d5e97c5bbbe30b?s=96&d=mm&r=g","contentUrl":"https:\/\/secure.gravatar.com\/avatar\/23291dd5b5ae1077dcff3dbb04c3e02bd28403fa75af6d8787d5e97c5bbbe30b?s=96&d=mm&r=g","caption":"Web del Maestro CMF"},"description":"Esta Web se cre\u00f3 sin fines de lucro, con fines educativos, cient\u00edficos y acad\u00e9micos, para personas que tengan dificultades y\/o inconvenientes en visualizar el material original. El objetivo es entregar recursos, compartir experiencias y materiales que ayuden a los padres de familia, maestros y estudiantes en su actualizaci\u00f3n y formaci\u00f3n permanente, en bien de la Educaci\u00f3n.","sameAs":["http:\/\/webdelmaestrocmf.com\/portal","https:\/\/www.facebook.com\/WebdelMaestroCMF\/","https:\/\/www.instagram.com\/wmcmf\/","https:\/\/cl.linkedin.com\/company\/web-del-maestro-cmf","https:\/\/www.pinterest.com\/WMCMF\/publicaciones\/","https:\/\/x.com\/cmf_w","https:\/\/www.youtube.com\/@WMCMF"]}]}},"jetpack_featured_media_url":"https:\/\/webdelmaestrocmf.com\/portal\/wp-content\/uploads\/2025\/09\/ggh.jpg","jetpack_sharing_enabled":true,"jetpack-related-posts":[{"id":118144,"url":"https:\/\/webdelmaestrocmf.com\/portal\/gregorio-luri-para-fomentar-el-pensamiento-critico-garanticemos-que-todos-salen-de-la-secundaria-sabiendo-leer-y-escribir\/","url_meta":{"origin":112191,"position":0},"title":"Gregorio Luri: Para fomentar el pensamiento cr\u00edtico, garanticemos que todos salen de la secundaria sabiendo leer y escribir","author":"Web del Maestro CMF","date":"22 abril, 2026","format":false,"excerpt":"Y si no, estamos diciendo tonter\u00edas. Uno de cada cuatro alumnos termina su escolaridad sin poder entender un texto m\u00ednimamente complejo.","rel":"","context":"En \u00abEntrevistas\u00bb","block_context":{"text":"Entrevistas","link":"https:\/\/webdelmaestrocmf.com\/portal\/category\/noticias\/entrevistas\/"},"img":{"alt_text":"","src":"https:\/\/i0.wp.com\/webdelmaestrocmf.com\/portal\/wp-content\/uploads\/2026\/04\/Portada-articulos-1.jpg?resize=350%2C200&ssl=1","width":350,"height":200,"srcset":"https:\/\/i0.wp.com\/webdelmaestrocmf.com\/portal\/wp-content\/uploads\/2026\/04\/Portada-articulos-1.jpg?resize=350%2C200&ssl=1 1x, https:\/\/i0.wp.com\/webdelmaestrocmf.com\/portal\/wp-content\/uploads\/2026\/04\/Portada-articulos-1.jpg?resize=525%2C300&ssl=1 1.5x, https:\/\/i0.wp.com\/webdelmaestrocmf.com\/portal\/wp-content\/uploads\/2026\/04\/Portada-articulos-1.jpg?resize=700%2C400&ssl=1 2x, https:\/\/i0.wp.com\/webdelmaestrocmf.com\/portal\/wp-content\/uploads\/2026\/04\/Portada-articulos-1.jpg?resize=1050%2C600&ssl=1 3x"},"classes":[]},{"id":53246,"url":"https:\/\/webdelmaestrocmf.com\/portal\/tengo-derecho-como-padre-de-familia-a-dejar-que-mis-hijos-aprendan-solo-de-su-experiencia\/","url_meta":{"origin":112191,"position":1},"title":"\u00bfTengo derecho a dejar que mis hijos aprendan solo de su experiencia?","author":"Web del Maestro CMF","date":"21 octubre, 2020","format":"video","excerpt":"El profesor Gregorio Luri Medrano (1955), maestro de profesi\u00f3n, obtuvo la licenciatura en Ciencias de la Educaci\u00f3n y el doctorado en Filosof\u00eda en la Universidad de Barcelona (Esapa\u00f1a). Ha publicado numerosos libros de pol\u00edtica, filosof\u00eda y pedagog\u00eda, entre los que destacan La imaginaci\u00f3n conservadora, La escuela contra el mundo, Mejor\u2026","rel":"","context":"En \u00abAdolescente\u00bb","block_context":{"text":"Adolescente","link":"https:\/\/webdelmaestrocmf.com\/portal\/category\/adolescente\/"},"img":{"alt_text":"","src":"https:\/\/i0.wp.com\/webdelmaestrocmf.com\/portal\/wp-content\/uploads\/2020\/10\/2-24.jpg?resize=350%2C200&ssl=1","width":350,"height":200,"srcset":"https:\/\/i0.wp.com\/webdelmaestrocmf.com\/portal\/wp-content\/uploads\/2020\/10\/2-24.jpg?resize=350%2C200&ssl=1 1x, https:\/\/i0.wp.com\/webdelmaestrocmf.com\/portal\/wp-content\/uploads\/2020\/10\/2-24.jpg?resize=525%2C300&ssl=1 1.5x, https:\/\/i0.wp.com\/webdelmaestrocmf.com\/portal\/wp-content\/uploads\/2020\/10\/2-24.jpg?resize=700%2C400&ssl=1 2x, https:\/\/i0.wp.com\/webdelmaestrocmf.com\/portal\/wp-content\/uploads\/2020\/10\/2-24.jpg?resize=1050%2C600&ssl=1 3x"},"classes":[]},{"id":53131,"url":"https:\/\/webdelmaestrocmf.com\/portal\/gregorio-luri-el-organo-educativo-no-es-el-oido-sino-el-ojo\/","url_meta":{"origin":112191,"position":2},"title":"Gregorio Luri: El \u00f3rgano educativo no es el o\u00eddo, sino el ojo","author":"Web del Maestro CMF","date":"19 octubre, 2020","format":false,"excerpt":"Tras concluir sus estudios con los\u00a0Capuchinos,\u00a0Luri estudi\u00f3 Magisterio en Pamplona\u200b, y posteriormente se traslad\u00f3 a\u00a0El Masnou\u00a0(Barcelona) en\u00a01978. Es doctor en filosof\u00eda por la\u00a0Universidad de Barcelona y licenciado en Ciencias de la Educaci\u00f3n. Fue Premio Extraordinario de Licenciatura en Ciencias de la Educaci\u00f3n y Premio de Doctorado en Filosof\u00eda.\u200b Ha trabajado\u2026","rel":"","context":"En \u00abEducaci\u00f3n\u00bb","block_context":{"text":"Educaci\u00f3n","link":"https:\/\/webdelmaestrocmf.com\/portal\/category\/noticias\/educacion-noticias\/"},"img":{"alt_text":"","src":"https:\/\/i0.wp.com\/webdelmaestrocmf.com\/portal\/wp-content\/uploads\/2020\/10\/1-copia-57.jpg?resize=350%2C200&ssl=1","width":350,"height":200,"srcset":"https:\/\/i0.wp.com\/webdelmaestrocmf.com\/portal\/wp-content\/uploads\/2020\/10\/1-copia-57.jpg?resize=350%2C200&ssl=1 1x, https:\/\/i0.wp.com\/webdelmaestrocmf.com\/portal\/wp-content\/uploads\/2020\/10\/1-copia-57.jpg?resize=525%2C300&ssl=1 1.5x, https:\/\/i0.wp.com\/webdelmaestrocmf.com\/portal\/wp-content\/uploads\/2020\/10\/1-copia-57.jpg?resize=700%2C400&ssl=1 2x, https:\/\/i0.wp.com\/webdelmaestrocmf.com\/portal\/wp-content\/uploads\/2020\/10\/1-copia-57.jpg?resize=1050%2C600&ssl=1 3x"},"classes":[]},{"id":112249,"url":"https:\/\/webdelmaestrocmf.com\/portal\/gregorio-luri-todo-lo-que-suena-a-esfuerzo-queda-relegado-a-la-escuela-viejuna\/","url_meta":{"origin":112191,"position":3},"title":"Gregorio Luri: Todo lo que suena a esfuerzo queda relegado a la escuela viejuna","author":"Web del Maestro CMF","date":"22 septiembre, 2025","format":false,"excerpt":"Relegar memoria y esfuerzo como algo \u201cviejo\u201d trivializa el aprendizaje y condena a los alumnos a superficialidad y fragilidad intelectual.","rel":"","context":"En \u00abEntrevistas\u00bb","block_context":{"text":"Entrevistas","link":"https:\/\/webdelmaestrocmf.com\/portal\/category\/noticias\/entrevistas\/"},"img":{"alt_text":"","src":"https:\/\/i0.wp.com\/webdelmaestrocmf.com\/portal\/wp-content\/uploads\/2025\/09\/1A-Banner-1-portada-imagen-10-1-copia-4.webp?resize=350%2C200&ssl=1","width":350,"height":200,"srcset":"https:\/\/i0.wp.com\/webdelmaestrocmf.com\/portal\/wp-content\/uploads\/2025\/09\/1A-Banner-1-portada-imagen-10-1-copia-4.webp?resize=350%2C200&ssl=1 1x, https:\/\/i0.wp.com\/webdelmaestrocmf.com\/portal\/wp-content\/uploads\/2025\/09\/1A-Banner-1-portada-imagen-10-1-copia-4.webp?resize=525%2C300&ssl=1 1.5x, https:\/\/i0.wp.com\/webdelmaestrocmf.com\/portal\/wp-content\/uploads\/2025\/09\/1A-Banner-1-portada-imagen-10-1-copia-4.webp?resize=700%2C400&ssl=1 2x"},"classes":[]},{"id":114921,"url":"https:\/\/webdelmaestrocmf.com\/portal\/gregorio-luri-sin-atencion-ni-disciplina-no-hay-escuela\/","url_meta":{"origin":112191,"position":4},"title":"Gregorio Luri: \u201cSin atenci\u00f3n ni disciplina no hay escuela\u201d","author":"Web del Maestro CMF","date":"21 enero, 2026","format":false,"excerpt":"El diagn\u00f3stico de Gregorio Luri es claro: sin atenci\u00f3n ni disciplina no hay aprendizaje posible. El aula pierde eficacia cuando se debilita la autoridad docente y se priorizan reformas superficiales. Se legisla sin escuchar al profesor, mientras crecen distracciones y desorden. La escuela no falla por falta de ideas, sino\u2026","rel":"","context":"En \u00abEntrevistas\u00bb","block_context":{"text":"Entrevistas","link":"https:\/\/webdelmaestrocmf.com\/portal\/category\/noticias\/entrevistas\/"},"img":{"alt_text":"","src":"https:\/\/i0.wp.com\/webdelmaestrocmf.com\/portal\/wp-content\/uploads\/2026\/01\/1A-Banner-1-portada-imagen-10-1-copia-2-10.webp?resize=350%2C200&ssl=1","width":350,"height":200,"srcset":"https:\/\/i0.wp.com\/webdelmaestrocmf.com\/portal\/wp-content\/uploads\/2026\/01\/1A-Banner-1-portada-imagen-10-1-copia-2-10.webp?resize=350%2C200&ssl=1 1x, https:\/\/i0.wp.com\/webdelmaestrocmf.com\/portal\/wp-content\/uploads\/2026\/01\/1A-Banner-1-portada-imagen-10-1-copia-2-10.webp?resize=525%2C300&ssl=1 1.5x, https:\/\/i0.wp.com\/webdelmaestrocmf.com\/portal\/wp-content\/uploads\/2026\/01\/1A-Banner-1-portada-imagen-10-1-copia-2-10.webp?resize=700%2C400&ssl=1 2x"},"classes":[]},{"id":35710,"url":"https:\/\/webdelmaestrocmf.com\/portal\/los-padres-comienzan-la-escuela-con-mucha-ilusion-y-luego-ponen-la-responsabilidad-de-los-hijos-en-manos-de-los-profesores\/","url_meta":{"origin":112191,"position":5},"title":"Los padres comienzan la escuela con mucha ilusi\u00f3n y luego ponen la responsabilidad de los hijos en manos de los profesores","author":"Web del Maestro CMF","date":"24 agosto, 2021","format":"video","excerpt":"El Profesor Gregorio Luri Medrano (Azagra, Espa\u00f1a, 1955) estudi\u00f3 magisterio en Pamplona y curs\u00f3 la licenciatura en Ciencias de la Educaci\u00f3n y el doctorado en Filosof\u00eda en la Universidad de Barcelona (Espa\u00f1a). Es autor de \u201cLa imaginaci\u00f3n conservadora\u201d (2019), \u201c\u00bfMatar a S\u00f3crates?\u201d (ebook, 2015), \u201cLa escuela contra el mundo: el\u2026","rel":"","context":"En \u00abCharlas\u00bb","block_context":{"text":"Charlas","link":"https:\/\/webdelmaestrocmf.com\/portal\/category\/charlas\/"},"img":{"alt_text":"","src":"https:\/\/i0.wp.com\/webdelmaestrocmf.com\/portal\/wp-content\/uploads\/2019\/03\/1-101.jpg?resize=350%2C200&ssl=1","width":350,"height":200,"srcset":"https:\/\/i0.wp.com\/webdelmaestrocmf.com\/portal\/wp-content\/uploads\/2019\/03\/1-101.jpg?resize=350%2C200&ssl=1 1x, https:\/\/i0.wp.com\/webdelmaestrocmf.com\/portal\/wp-content\/uploads\/2019\/03\/1-101.jpg?resize=525%2C300&ssl=1 1.5x, https:\/\/i0.wp.com\/webdelmaestrocmf.com\/portal\/wp-content\/uploads\/2019\/03\/1-101.jpg?resize=700%2C400&ssl=1 2x, https:\/\/i0.wp.com\/webdelmaestrocmf.com\/portal\/wp-content\/uploads\/2019\/03\/1-101.jpg?resize=1050%2C600&ssl=1 3x"},"classes":[]}],"_links":{"self":[{"href":"https:\/\/webdelmaestrocmf.com\/portal\/wp-json\/wp\/v2\/posts\/112191","targetHints":{"allow":["GET"]}}],"collection":[{"href":"https:\/\/webdelmaestrocmf.com\/portal\/wp-json\/wp\/v2\/posts"}],"about":[{"href":"https:\/\/webdelmaestrocmf.com\/portal\/wp-json\/wp\/v2\/types\/post"}],"author":[{"embeddable":true,"href":"https:\/\/webdelmaestrocmf.com\/portal\/wp-json\/wp\/v2\/users\/1"}],"replies":[{"embeddable":true,"href":"https:\/\/webdelmaestrocmf.com\/portal\/wp-json\/wp\/v2\/comments?post=112191"}],"version-history":[{"count":2,"href":"https:\/\/webdelmaestrocmf.com\/portal\/wp-json\/wp\/v2\/posts\/112191\/revisions"}],"predecessor-version":[{"id":112194,"href":"https:\/\/webdelmaestrocmf.com\/portal\/wp-json\/wp\/v2\/posts\/112191\/revisions\/112194"}],"wp:featuredmedia":[{"embeddable":true,"href":"https:\/\/webdelmaestrocmf.com\/portal\/wp-json\/wp\/v2\/media\/112744"}],"wp:attachment":[{"href":"https:\/\/webdelmaestrocmf.com\/portal\/wp-json\/wp\/v2\/media?parent=112191"}],"wp:term":[{"taxonomy":"category","embeddable":true,"href":"https:\/\/webdelmaestrocmf.com\/portal\/wp-json\/wp\/v2\/categories?post=112191"},{"taxonomy":"post_tag","embeddable":true,"href":"https:\/\/webdelmaestrocmf.com\/portal\/wp-json\/wp\/v2\/tags?post=112191"}],"curies":[{"name":"wp","href":"https:\/\/api.w.org\/{rel}","templated":true}]}}