{"id":112067,"date":"2025-09-11T19:56:02","date_gmt":"2025-09-11T22:56:02","guid":{"rendered":"https:\/\/webdelmaestrocmf.com\/portal\/?p=112067"},"modified":"2025-09-11T19:57:01","modified_gmt":"2025-09-11T22:57:01","slug":"condenan-a-27-anos-de-carcel-a-jair-bolsonaro-por-intento-de-golpe-de-estado-en-brasil","status":"publish","type":"post","link":"https:\/\/webdelmaestrocmf.com\/portal\/condenan-a-27-anos-de-carcel-a-jair-bolsonaro-por-intento-de-golpe-de-estado-en-brasil\/","title":{"rendered":"Condenan a 27 a\u00f1os de c\u00e1rcel a Jair Bolsonaro por intento de golpe de Estado en Brasil"},"content":{"rendered":"\n<p>En un hecho sin precedentes en la historia democr\u00e1tica de Brasil, el Tribunal Supremo Federal ha condenado al expresidente Jair Bolsonaro a <strong>27 a\u00f1os de prisi\u00f3n<\/strong> por liderar una conspiraci\u00f3n golpista tras su derrota electoral en 2022. La sentencia, aprobada por cuatro votos a uno en la primera sala del Supremo, marca un hito en la lucha contra la impunidad de los altos mandos pol\u00edticos y militares del pa\u00eds.<\/p>\n\n\n\n<h3 class=\"wp-block-heading\"><strong>Un veredicto sin antecedentes<\/strong><\/h3>\n\n\n\n<p>Bolsonaro, de 70 a\u00f1os y capit\u00e1n retirado del Ej\u00e9rcito, fue hallado culpable de <strong>cinco delitos graves<\/strong>, entre ellos <strong>intento de golpe de Estado, tentativa de abolici\u00f3n del Estado democr\u00e1tico de derecho y liderazgo de organizaci\u00f3n criminal<\/strong>. La condena incluye 24 a\u00f1os en r\u00e9gimen cerrado, aunque la legislaci\u00f3n brasile\u00f1a contempla mecanismos para su eventual reducci\u00f3n.<\/p>\n\n\n\n<p>El juicio tambi\u00e9n implic\u00f3 a <strong>otros siete acusados<\/strong>, entre ellos tres generales, un almirante, un teniente coronel y dos civiles. Todos fueron condenados, aunque ninguno asisti\u00f3 a la sala. El expresidente sigui\u00f3 el juicio desde su residencia en Brasilia, donde cumple arresto domiciliario desde julio.<\/p>\n\n\n\n<iframe loading=\"lazy\" width=\"100%\" height=\"315\" src=\"https:\/\/www.youtube.com\/embed\/ctVAq_mVZmU?si=ZXP9ecNrbg87or0B\" title=\"YouTube video player\" frameborder=\"0\" allow=\"accelerometer; autoplay; clipboard-write; encrypted-media; gyroscope; picture-in-picture; web-share\" referrerpolicy=\"strict-origin-when-cross-origin\" allowfullscreen><\/iframe>\n\n\n\n<h3 class=\"wp-block-heading\"><strong>El voto decisivo<\/strong><\/h3>\n\n\n\n<p>La jueza <strong>Carmen L\u00facia Antunes Rocha<\/strong>, \u00fanica mujer del alto tribunal, fue clave en la sentencia. En su voto, afirm\u00f3 que el grupo liderado por Bolsonaro elabor\u00f3 un plan progresivo para atacar las instituciones democr\u00e1ticas, con el fin de impedir la alternancia en el poder. \u201cLos hechos no han sido, en esencia, negados por los acusados\u201d, se\u00f1al\u00f3 con firmeza.<\/p>\n\n\n\n<p>Por su parte, el juez <strong>Alexandre de Moraes<\/strong>, instructor del caso y blanco de amenazas por parte de la red golpista, tambi\u00e9n vot\u00f3 por la condena. Moraes sostuvo que las pruebas muestran c\u00f3mo Bolsonaro reclut\u00f3 a hombres de confianza para orquestar un plan de poder autoritario, que incluy\u00f3:<\/p>\n\n\n\n<ul class=\"wp-block-list\">\n<li><strong>Desacreditar el sistema electoral<\/strong><\/li>\n\n\n\n<li><strong>Amenazar al poder judicial<\/strong><\/li>\n\n\n\n<li><strong>Difundir acusaciones infundadas de fraude<\/strong><\/li>\n\n\n\n<li><strong>Elaborar un decreto para anular las elecciones<\/strong><\/li>\n\n\n\n<li><strong>Intentar reclutar a las Fuerzas Armadas para sumarse al complot<\/strong><\/li>\n<\/ul>\n\n\n\n<p>Moraes subray\u00f3 que la intentona golpista del <strong>8 de enero de 2023<\/strong> \u2014cuando una turba de seguidores de Bolsonaro asalt\u00f3 los principales edificios del poder en Brasilia\u2014 <strong>no fue espont\u00e1nea<\/strong>, sino parte de un movimiento planificado y ejecutado por una red criminal.<\/p>\n\n\n\n<h3 class=\"wp-block-heading\"><strong>Un voto disidente<\/strong><\/h3>\n\n\n\n<p>No todos los jueces coincidieron. El magistrado <strong>Luiz Fux<\/strong> defendi\u00f3 la absoluci\u00f3n total de Bolsonaro por supuesta falta de pruebas y argument\u00f3 que el Supremo no era el tribunal competente para juzgar el caso. Su voto fue el \u00fanico en desacuerdo.<\/p>\n\n\n\n<h3 class=\"wp-block-heading\"><strong>Las repercusiones pol\u00edticas<\/strong><\/h3>\n\n\n\n<p>Aunque Bolsonaro est\u00e1 inhabilitado para competir en elecciones hasta 2030, sigue siendo el principal referente de la oposici\u00f3n a Lula da Silva. De hecho, su condena podr\u00eda <strong>condicionar el panorama electoral de 2026<\/strong>, ya que es probable que \u00e9l mismo elija al candidato de la derecha.<\/p>\n\n\n\n<p>Su hijo, el senador <strong>Fl\u00e1vio Bolsonaro<\/strong>, reaccion\u00f3 al fallo afirmando que \u201clos pilares de la democracia han sido violados para condenar a un inocente que no se pleg\u00f3 ante un dictador llamado Alexandre de Moraes\u201d.<\/p>\n\n\n\n<p>El proceso ha generado tambi\u00e9n tensi\u00f3n internacional. Desde EE. UU., el expresidente <strong>Donald Trump<\/strong> calific\u00f3 el juicio como una \u201cpersecuci\u00f3n pol\u00edtica\u201d y sancion\u00f3 a varios jueces brasile\u00f1os, entre ellos Moraes. Incluso retir\u00f3 los visados a la mayor\u00eda de los integrantes del Supremo, salvo a aquellos que votaron por la absoluci\u00f3n o fueron designados por Bolsonaro.<\/p>\n\n\n\n<h3 class=\"wp-block-heading\"><strong>Seguridad reforzada y transmisi\u00f3n p\u00fablica<\/strong><\/h3>\n\n\n\n<p>Dada la sensibilidad del caso, el Supremo ha reforzado su seguridad durante las sesiones. El juicio ha sido transmitido en directo, con alta audiencia en todo el pa\u00eds. La cobertura ha mostrado tanto los debates jur\u00eddicos como momentos de fuerte carga simb\u00f3lica, como los clips de Bolsonaro llamando \u201ccanalla\u201d al juez Moraes y prometiendo desobedecer sus \u00f3rdenes.<\/p>\n\n\n\n<h3 class=\"wp-block-heading\"><strong>\u00bfUn punto final o un nuevo comienzo?<\/strong><\/h3>\n\n\n\n<p>La condena representa un mensaje potente desde Brasil al resto del mundo: las instituciones pueden prevalecer ante los intentos de subvertir el orden democr\u00e1tico desde dentro. Sin embargo, el futuro es incierto. El Congreso estudia una <strong>amnist\u00eda<\/strong> que podr\u00eda beneficiar al expresidente y a otros involucrados en los hechos del 8 de enero.<\/p>\n\n\n\n<p>Adem\u00e1s, varios pol\u00edticos de derecha han manifestado p\u00fablicamente su apoyo a Bolsonaro y la promesa de <strong>indultarlo<\/strong> si llegan al poder. <\/p>\n\n\n\n<p>La ca\u00edda de Jair Bolsonaro, el primer presidente de extrema derecha elegido en Brasil, no solo es un cap\u00edtulo m\u00e1s en la historia reciente del pa\u00eds, sino un <strong>s\u00edmbolo de resistencia institucional<\/strong>. En un mundo donde la democracia enfrenta m\u00faltiples amenazas, la justicia brasile\u00f1a ha decidido no mirar hacia otro lado. Pero la batalla, como advierten muchos analistas, a\u00fan no ha terminado.<\/p>\n\n\n\n<p class=\"has-text-align-right\"><strong>Redacci\u00f3n | Web del Maestro CMF<\/strong><\/p>\n\n\n\t\t<div class=\"pk-inline-posts\">\n\t\t\t\n\t\t\t<div class=\"pk-inline-posts-container pk-inline-posts-template-list\"\n\t\t\t\tdata-columns=\"1\">\n\t\t\t\t\t\t<article id=\"post-118307\" class=\"post-118307 post type-post status-publish format-standard has-post-thumbnail category-noticias-internacionales tag-actualidad tag-atentado tag-crisis tag-eventos tag-liderazgo tag-politica-3 tag-riesgo tag-seguridad tag-violencia cs-entry cs-video-wrap\">\n\t\t\t<div class=\"pk-post-outer\">\n\n\t\t\t\t\t\t\t\t<div class=\"pk-post-inner\">\n\t\t\t\t\t<div class=\"entry-thumbnail\">\n\t\t\t\t\t\t<div class=\"pk-overlay pk-overlay-ratio pk-ratio-landscape\">\n\t\t\t\t\t\t\t<div class=\"pk-overlay-background\">\n\t\t\t\t\t\t\t\t<a href=\"https:\/\/webdelmaestrocmf.com\/portal\/ultimo-momento-trump-evacuado-de-la-cena-de-corresponsales-de-la-casa-blanca-por-un-intento-de-atentado\/\" class=\"pk-overlay-link\">\n\t\t\t\t\t\t\t\t\t<img loading=\"lazy\" decoding=\"async\" width=\"300\" height=\"225\" src=\"https:\/\/webdelmaestrocmf.com\/portal\/wp-content\/uploads\/2026\/04\/1AA-Banner-1-portada-imagen-10-1-copia-5-4-300x225.webp\" class=\"attachment-pk-thumbnail size-pk-thumbnail wp-post-image\" alt=\"\" \/>\t\t\t\t\t\t\t\t<\/a>\n\t\t\t\t\t\t\t<\/div>\n\t\t\t\t\t\t<\/div>\n\t\t\t\t\t<\/div>\n\t\t\t\t<\/div>\n\t\t\t\t\n\t\t\t\t<div class=\"pk-post-inner\">\n\t\t\t\t\t<header>\n\t\t\t\t\t\t<h3 class=\"pk-title\"><a href=\"https:\/\/webdelmaestrocmf.com\/portal\/ultimo-momento-trump-evacuado-de-la-cena-de-corresponsales-de-la-casa-blanca-por-un-intento-de-atentado\/\" rel=\"bookmark\">\u00daltimo momento: Trump, evacuado de la Cena de Corresponsales de la Casa Blanca por un intento de atentado<\/a><\/h3>\t\t\t\t\t<\/header><!-- .entry-header -->\n\t\t\t\t<\/div><!-- .post-inner -->\n\n\t\t\t<\/div><!-- .post-outer -->\n\t\t<\/article>\n\t\t\t<article id=\"post-118293\" class=\"post-118293 post type-post status-publish format-standard has-post-thumbnail category-noticias-internacionales tag-ciberseguridad tag-educacion-digital tag-estafas-digitales tag-familia tag-inteligencia-artificial tag-pensamiento-critico-2 tag-prevencion tag-seguridad tag-tecnologia cs-entry cs-video-wrap\">\n\t\t\t<div class=\"pk-post-outer\">\n\n\t\t\t\t\t\t\t\t<div class=\"pk-post-inner\">\n\t\t\t\t\t<div class=\"entry-thumbnail\">\n\t\t\t\t\t\t<div class=\"pk-overlay pk-overlay-ratio pk-ratio-landscape\">\n\t\t\t\t\t\t\t<div class=\"pk-overlay-background\">\n\t\t\t\t\t\t\t\t<a href=\"https:\/\/webdelmaestrocmf.com\/portal\/mama-ayudame-estafadores-utilizan-la-inteligencia-artificial-para-clonar-voces-y-fingir-emergencias-familiares\/\" class=\"pk-overlay-link\">\n\t\t\t\t\t\t\t\t\t<img loading=\"lazy\" decoding=\"async\" width=\"300\" height=\"225\" src=\"https:\/\/webdelmaestrocmf.com\/portal\/wp-content\/uploads\/2026\/04\/1AA-Banner-1-portada-imagen-10-1-copia-2-7-300x225.webp\" class=\"attachment-pk-thumbnail size-pk-thumbnail wp-post-image\" alt=\"\" \/>\t\t\t\t\t\t\t\t<\/a>\n\t\t\t\t\t\t\t<\/div>\n\t\t\t\t\t\t<\/div>\n\t\t\t\t\t<\/div>\n\t\t\t\t<\/div>\n\t\t\t\t\n\t\t\t\t<div class=\"pk-post-inner\">\n\t\t\t\t\t<header>\n\t\t\t\t\t\t<h3 class=\"pk-title\"><a href=\"https:\/\/webdelmaestrocmf.com\/portal\/mama-ayudame-estafadores-utilizan-la-inteligencia-artificial-para-clonar-voces-y-fingir-emergencias-familiares\/\" rel=\"bookmark\">\u00abMam\u00e1, ay\u00fadame\u00bb: estafadores utilizan la inteligencia artificial para clonar voces y fingir emergencias familiares<\/a><\/h3>\t\t\t\t\t<\/header><!-- .entry-header -->\n\t\t\t\t<\/div><!-- .post-inner -->\n\n\t\t\t<\/div><!-- .post-outer -->\n\t\t<\/article>\n\t\t\t<article id=\"post-118267\" class=\"post-118267 post type-post status-publish format-standard has-post-thumbnail category-noticias-internacionales tag-aprendizaje tag-calidadeducativa tag-china tag-docencia tag-educacion-3 tag-equidad tag-escuela tag-estudiantes-china tag-politicaseducativas tag-reflexion-2 tag-sistemaeducativo cs-entry cs-video-wrap\">\n\t\t\t<div class=\"pk-post-outer\">\n\n\t\t\t\t\t\t\t\t<div class=\"pk-post-inner\">\n\t\t\t\t\t<div class=\"entry-thumbnail\">\n\t\t\t\t\t\t<div class=\"pk-overlay pk-overlay-ratio pk-ratio-landscape\">\n\t\t\t\t\t\t\t<div class=\"pk-overlay-background\">\n\t\t\t\t\t\t\t\t<a href=\"https:\/\/webdelmaestrocmf.com\/portal\/china-elimino-el-lucro-en-la-educacion-obligatoria-las-escuelas-privadas-para-ninos-de-6-a-15-anos-pueden-existir-pero-no-pueden-generar-ganancias-o-lucrar-con-la-educacion\/\" class=\"pk-overlay-link\">\n\t\t\t\t\t\t\t\t\t<img loading=\"lazy\" decoding=\"async\" width=\"300\" height=\"225\" src=\"https:\/\/webdelmaestrocmf.com\/portal\/wp-content\/uploads\/2026\/04\/1AA-Banner-1-portada-imagen-10-1-copia-11-2-300x225.webp\" class=\"attachment-pk-thumbnail size-pk-thumbnail wp-post-image\" alt=\"\" \/>\t\t\t\t\t\t\t\t<\/a>\n\t\t\t\t\t\t\t<\/div>\n\t\t\t\t\t\t<\/div>\n\t\t\t\t\t<\/div>\n\t\t\t\t<\/div>\n\t\t\t\t\n\t\t\t\t<div class=\"pk-post-inner\">\n\t\t\t\t\t<header>\n\t\t\t\t\t\t<h3 class=\"pk-title\"><a href=\"https:\/\/webdelmaestrocmf.com\/portal\/china-elimino-el-lucro-en-la-educacion-obligatoria-las-escuelas-privadas-para-ninos-de-6-a-15-anos-pueden-existir-pero-no-pueden-generar-ganancias-o-lucrar-con-la-educacion\/\" rel=\"bookmark\">China elimin\u00f3 el lucro en la educaci\u00f3n obligatoria: las escuelas privadas para ni\u00f1os de 6 a 15 a\u00f1os pueden existir, pero no pueden generar ganancias o lucrar con la educaci\u00f3n<\/a><\/h3>\t\t\t\t\t<\/header><!-- .entry-header -->\n\t\t\t\t<\/div><!-- .post-inner -->\n\n\t\t\t<\/div><!-- .post-outer -->\n\t\t<\/article>\n\t\t\t\t<\/div>\n\t\t<\/div>\n\t\t\n","protected":false},"excerpt":{"rendered":"El l\u00edder ultraderechista est\u00e1 acusado de encabezar un grupo armado para intentar mantenerse en el poder tras perder las elecciones de 2022 frente a Lula da Silva.","protected":false},"author":1,"featured_media":112068,"comment_status":"open","ping_status":"closed","sticky":false,"template":"","format":"standard","meta":{"csco_display_header_overlay":false,"csco_singular_sidebar":"","csco_page_header_type":"","csco_page_load_nextpost":"","csco_post_video_location":[],"csco_post_video_location_hash":"","csco_post_video_url":"","csco_post_video_bg_start_time":0,"csco_post_video_bg_end_time":0,"csco_post_video_bg_volume":false,"_jetpack_memberships_contains_paid_content":false,"footnotes":""},"categories":[23790],"tags":[16822,23647,23985],"class_list":{"0":"post-112067","1":"post","2":"type-post","3":"status-publish","4":"format-standard","5":"has-post-thumbnail","7":"category-noticias-internacionales","8":"tag-brasil","9":"tag-condenan","10":"tag-jair-bolsonaro","11":"cs-entry","12":"cs-video-wrap"},"yoast_head":"<!-- This site is optimized with the Yoast SEO plugin v27.4 - https:\/\/yoast.com\/product\/yoast-seo-wordpress\/ -->\n<title>Condenan a 27 a\u00f1os de c\u00e1rcel a Jair Bolsonaro por intento de golpe de Estado en Brasil - 2026<\/title>\n<meta name=\"description\" content=\"En un hecho sin precedentes en la historia democr\u00e1tica de Brasil, el Tribunal Supremo Federal ha condenado al expresidente Jair Bolsonaro...\" \/>\n<meta name=\"robots\" content=\"index, follow, max-snippet:-1, max-image-preview:large, max-video-preview:-1\" \/>\n<link rel=\"canonical\" href=\"https:\/\/webdelmaestrocmf.com\/portal\/condenan-a-27-anos-de-carcel-a-jair-bolsonaro-por-intento-de-golpe-de-estado-en-brasil\/\" \/>\n<meta property=\"og:locale\" content=\"es_ES\" \/>\n<meta property=\"og:type\" content=\"article\" \/>\n<meta property=\"og:title\" content=\"Condenan a 27 a\u00f1os de c\u00e1rcel a Jair Bolsonaro por intento de golpe de Estado en Brasil - 2026\" \/>\n<meta property=\"og:description\" content=\"En un hecho sin precedentes en la historia democr\u00e1tica de Brasil, el Tribunal Supremo Federal ha condenado al expresidente Jair Bolsonaro...\" \/>\n<meta property=\"og:url\" content=\"https:\/\/webdelmaestrocmf.com\/portal\/condenan-a-27-anos-de-carcel-a-jair-bolsonaro-por-intento-de-golpe-de-estado-en-brasil\/\" \/>\n<meta property=\"og:site_name\" content=\"Web del Maestro CMF\" \/>\n<meta property=\"article:publisher\" content=\"https:\/\/www.facebook.com\/WebdelMaestroCMF\/\" \/>\n<meta property=\"article:author\" content=\"https:\/\/www.facebook.com\/WebdelMaestroCMF\/\" \/>\n<meta property=\"article:published_time\" content=\"2025-09-11T22:56:02+00:00\" \/>\n<meta property=\"article:modified_time\" content=\"2025-09-11T22:57:01+00:00\" \/>\n<meta property=\"og:image\" content=\"https:\/\/webdelmaestrocmf.com\/portal\/wp-content\/uploads\/2025\/09\/1A-Banner-1-portada-imagen-10-1-copia-2025-09-11T195307.541.webp\" \/>\n\t<meta property=\"og:image:width\" content=\"1003\" \/>\n\t<meta property=\"og:image:height\" content=\"667\" \/>\n\t<meta property=\"og:image:type\" content=\"image\/webp\" \/>\n<meta name=\"author\" content=\"Web del Maestro CMF\" \/>\n<meta name=\"twitter:card\" content=\"summary_large_image\" \/>\n<meta name=\"twitter:creator\" content=\"@cmf_w\" \/>\n<meta name=\"twitter:site\" content=\"@cmf_w\" \/>\n<meta name=\"twitter:label1\" content=\"Escrito por\" \/>\n\t<meta name=\"twitter:data1\" content=\"Web del Maestro CMF\" \/>\n\t<meta name=\"twitter:label2\" content=\"Tiempo de lectura\" \/>\n\t<meta name=\"twitter:data2\" content=\"4 minutos\" \/>\n<script type=\"application\/ld+json\" class=\"yoast-schema-graph\">{\"@context\":\"https:\\\/\\\/schema.org\",\"@graph\":[{\"@type\":\"ScholarlyArticle\",\"@id\":\"https:\\\/\\\/webdelmaestrocmf.com\\\/portal\\\/condenan-a-27-anos-de-carcel-a-jair-bolsonaro-por-intento-de-golpe-de-estado-en-brasil\\\/#article\",\"isPartOf\":{\"@id\":\"https:\\\/\\\/webdelmaestrocmf.com\\\/portal\\\/condenan-a-27-anos-de-carcel-a-jair-bolsonaro-por-intento-de-golpe-de-estado-en-brasil\\\/\"},\"author\":{\"name\":\"Web del Maestro CMF\",\"@id\":\"https:\\\/\\\/webdelmaestrocmf.com\\\/portal\\\/#\\\/schema\\\/person\\\/1072a2ed7bd960df8ef99a551fa35dc5\"},\"headline\":\"Condenan a 27 a\u00f1os de c\u00e1rcel a Jair Bolsonaro por intento de golpe de Estado en Brasil\",\"datePublished\":\"2025-09-11T22:56:02+00:00\",\"dateModified\":\"2025-09-11T22:57:01+00:00\",\"mainEntityOfPage\":{\"@id\":\"https:\\\/\\\/webdelmaestrocmf.com\\\/portal\\\/condenan-a-27-anos-de-carcel-a-jair-bolsonaro-por-intento-de-golpe-de-estado-en-brasil\\\/\"},\"wordCount\":815,\"commentCount\":15,\"publisher\":{\"@id\":\"https:\\\/\\\/webdelmaestrocmf.com\\\/portal\\\/#organization\"},\"image\":{\"@id\":\"https:\\\/\\\/webdelmaestrocmf.com\\\/portal\\\/condenan-a-27-anos-de-carcel-a-jair-bolsonaro-por-intento-de-golpe-de-estado-en-brasil\\\/#primaryimage\"},\"thumbnailUrl\":\"https:\\\/\\\/webdelmaestrocmf.com\\\/portal\\\/wp-content\\\/uploads\\\/2025\\\/09\\\/1A-Banner-1-portada-imagen-10-1-copia-2025-09-11T195307.541.webp\",\"keywords\":[\"Brasil\",\"Condenan\",\"Jair Bolsonaro\"],\"articleSection\":[\"Noticias Internacionales\"],\"inLanguage\":\"es\",\"potentialAction\":[{\"@type\":\"CommentAction\",\"name\":\"Comment\",\"target\":[\"https:\\\/\\\/webdelmaestrocmf.com\\\/portal\\\/condenan-a-27-anos-de-carcel-a-jair-bolsonaro-por-intento-de-golpe-de-estado-en-brasil\\\/#respond\"]}]},{\"@type\":\"WebPage\",\"@id\":\"https:\\\/\\\/webdelmaestrocmf.com\\\/portal\\\/condenan-a-27-anos-de-carcel-a-jair-bolsonaro-por-intento-de-golpe-de-estado-en-brasil\\\/\",\"url\":\"https:\\\/\\\/webdelmaestrocmf.com\\\/portal\\\/condenan-a-27-anos-de-carcel-a-jair-bolsonaro-por-intento-de-golpe-de-estado-en-brasil\\\/\",\"name\":\"Condenan a 27 a\u00f1os de c\u00e1rcel a Jair Bolsonaro por intento de golpe de Estado en Brasil - 2026\",\"isPartOf\":{\"@id\":\"https:\\\/\\\/webdelmaestrocmf.com\\\/portal\\\/#website\"},\"primaryImageOfPage\":{\"@id\":\"https:\\\/\\\/webdelmaestrocmf.com\\\/portal\\\/condenan-a-27-anos-de-carcel-a-jair-bolsonaro-por-intento-de-golpe-de-estado-en-brasil\\\/#primaryimage\"},\"image\":{\"@id\":\"https:\\\/\\\/webdelmaestrocmf.com\\\/portal\\\/condenan-a-27-anos-de-carcel-a-jair-bolsonaro-por-intento-de-golpe-de-estado-en-brasil\\\/#primaryimage\"},\"thumbnailUrl\":\"https:\\\/\\\/webdelmaestrocmf.com\\\/portal\\\/wp-content\\\/uploads\\\/2025\\\/09\\\/1A-Banner-1-portada-imagen-10-1-copia-2025-09-11T195307.541.webp\",\"datePublished\":\"2025-09-11T22:56:02+00:00\",\"dateModified\":\"2025-09-11T22:57:01+00:00\",\"description\":\"En un hecho sin precedentes en la historia democr\u00e1tica de Brasil, el Tribunal Supremo Federal ha condenado al expresidente Jair Bolsonaro...\",\"breadcrumb\":{\"@id\":\"https:\\\/\\\/webdelmaestrocmf.com\\\/portal\\\/condenan-a-27-anos-de-carcel-a-jair-bolsonaro-por-intento-de-golpe-de-estado-en-brasil\\\/#breadcrumb\"},\"inLanguage\":\"es\",\"potentialAction\":[{\"@type\":\"ReadAction\",\"target\":[\"https:\\\/\\\/webdelmaestrocmf.com\\\/portal\\\/condenan-a-27-anos-de-carcel-a-jair-bolsonaro-por-intento-de-golpe-de-estado-en-brasil\\\/\"]}]},{\"@type\":\"ImageObject\",\"inLanguage\":\"es\",\"@id\":\"https:\\\/\\\/webdelmaestrocmf.com\\\/portal\\\/condenan-a-27-anos-de-carcel-a-jair-bolsonaro-por-intento-de-golpe-de-estado-en-brasil\\\/#primaryimage\",\"url\":\"https:\\\/\\\/webdelmaestrocmf.com\\\/portal\\\/wp-content\\\/uploads\\\/2025\\\/09\\\/1A-Banner-1-portada-imagen-10-1-copia-2025-09-11T195307.541.webp\",\"contentUrl\":\"https:\\\/\\\/webdelmaestrocmf.com\\\/portal\\\/wp-content\\\/uploads\\\/2025\\\/09\\\/1A-Banner-1-portada-imagen-10-1-copia-2025-09-11T195307.541.webp\",\"width\":1003,\"height\":667},{\"@type\":\"BreadcrumbList\",\"@id\":\"https:\\\/\\\/webdelmaestrocmf.com\\\/portal\\\/condenan-a-27-anos-de-carcel-a-jair-bolsonaro-por-intento-de-golpe-de-estado-en-brasil\\\/#breadcrumb\",\"itemListElement\":[{\"@type\":\"ListItem\",\"position\":1,\"name\":\"Portada\",\"item\":\"https:\\\/\\\/webdelmaestrocmf.com\\\/portal\\\/\"},{\"@type\":\"ListItem\",\"position\":2,\"name\":\"Noticias Internacionales\",\"item\":\"https:\\\/\\\/webdelmaestrocmf.com\\\/portal\\\/category\\\/noticias-internacionales\\\/\"},{\"@type\":\"ListItem\",\"position\":3,\"name\":\"Condenan a 27 a\u00f1os de c\u00e1rcel a Jair Bolsonaro por intento de golpe de Estado en Brasil\"}]},{\"@type\":\"WebSite\",\"@id\":\"https:\\\/\\\/webdelmaestrocmf.com\\\/portal\\\/#website\",\"url\":\"https:\\\/\\\/webdelmaestrocmf.com\\\/portal\\\/\",\"name\":\"Web del Maestro CMF\",\"description\":\"Maestros al servicio de la educaci\u00f3n\",\"publisher\":{\"@id\":\"https:\\\/\\\/webdelmaestrocmf.com\\\/portal\\\/#organization\"},\"alternateName\":\"WMCMF\",\"potentialAction\":[{\"@type\":\"SearchAction\",\"target\":{\"@type\":\"EntryPoint\",\"urlTemplate\":\"https:\\\/\\\/webdelmaestrocmf.com\\\/portal\\\/?s={search_term_string}\"},\"query-input\":{\"@type\":\"PropertyValueSpecification\",\"valueRequired\":true,\"valueName\":\"search_term_string\"}}],\"inLanguage\":\"es\"},{\"@type\":\"Organization\",\"@id\":\"https:\\\/\\\/webdelmaestrocmf.com\\\/portal\\\/#organization\",\"name\":\"Web del Maestro CMF\",\"alternateName\":\"WMCMF\",\"url\":\"https:\\\/\\\/webdelmaestrocmf.com\\\/portal\\\/\",\"logo\":{\"@type\":\"ImageObject\",\"inLanguage\":\"es\",\"@id\":\"https:\\\/\\\/webdelmaestrocmf.com\\\/portal\\\/#\\\/schema\\\/logo\\\/image\\\/\",\"url\":\"https:\\\/\\\/webdelmaestrocmf.com\\\/portal\\\/wp-content\\\/uploads\\\/2023\\\/01\\\/logo-wmcmf-2.png\",\"contentUrl\":\"https:\\\/\\\/webdelmaestrocmf.com\\\/portal\\\/wp-content\\\/uploads\\\/2023\\\/01\\\/logo-wmcmf-2.png\",\"width\":200,\"height\":60,\"caption\":\"Web del Maestro CMF\"},\"image\":{\"@id\":\"https:\\\/\\\/webdelmaestrocmf.com\\\/portal\\\/#\\\/schema\\\/logo\\\/image\\\/\"},\"sameAs\":[\"https:\\\/\\\/www.facebook.com\\\/WebdelMaestroCMF\\\/\",\"https:\\\/\\\/x.com\\\/cmf_w\",\"https:\\\/\\\/www.pinterest.com\\\/WMCMF\\\/\",\"https:\\\/\\\/www.linkedin.com\\\/company\\\/web-del-maestro-cmf\\\/\",\"https:\\\/\\\/www.instagram.com\\\/wmcmf\\\/\",\"https:\\\/\\\/www.youtube.com\\\/channel\\\/UCDPSvjbdodE5sHnC3OxutHw\",\"https:\\\/\\\/mastodon.social\\\/@wmcmf\",\"https:\\\/\\\/www.tiktok.com\\\/@webdelmaestrocmf\"]},{\"@type\":\"Person\",\"@id\":\"https:\\\/\\\/webdelmaestrocmf.com\\\/portal\\\/#\\\/schema\\\/person\\\/1072a2ed7bd960df8ef99a551fa35dc5\",\"name\":\"Web del Maestro CMF\",\"image\":{\"@type\":\"ImageObject\",\"inLanguage\":\"es\",\"@id\":\"https:\\\/\\\/secure.gravatar.com\\\/avatar\\\/23291dd5b5ae1077dcff3dbb04c3e02bd28403fa75af6d8787d5e97c5bbbe30b?s=96&d=mm&r=g\",\"url\":\"https:\\\/\\\/secure.gravatar.com\\\/avatar\\\/23291dd5b5ae1077dcff3dbb04c3e02bd28403fa75af6d8787d5e97c5bbbe30b?s=96&d=mm&r=g\",\"contentUrl\":\"https:\\\/\\\/secure.gravatar.com\\\/avatar\\\/23291dd5b5ae1077dcff3dbb04c3e02bd28403fa75af6d8787d5e97c5bbbe30b?s=96&d=mm&r=g\",\"caption\":\"Web del Maestro CMF\"},\"description\":\"Esta Web se cre\u00f3 sin fines de lucro, con fines educativos, cient\u00edficos y acad\u00e9micos, para personas que tengan dificultades y\\\/o inconvenientes en visualizar el material original. El objetivo es entregar recursos, compartir experiencias y materiales que ayuden a los padres de familia, maestros y estudiantes en su actualizaci\u00f3n y formaci\u00f3n permanente, en bien de la Educaci\u00f3n.\",\"sameAs\":[\"http:\\\/\\\/webdelmaestrocmf.com\\\/portal\",\"https:\\\/\\\/www.facebook.com\\\/WebdelMaestroCMF\\\/\",\"https:\\\/\\\/www.instagram.com\\\/wmcmf\\\/\",\"https:\\\/\\\/cl.linkedin.com\\\/company\\\/web-del-maestro-cmf\",\"https:\\\/\\\/www.pinterest.com\\\/WMCMF\\\/publicaciones\\\/\",\"https:\\\/\\\/x.com\\\/cmf_w\",\"https:\\\/\\\/www.youtube.com\\\/@WMCMF\"]}]}<\/script>\n<!-- \/ Yoast SEO plugin. -->","yoast_head_json":{"title":"Condenan a 27 a\u00f1os de c\u00e1rcel a Jair Bolsonaro por intento de golpe de Estado en Brasil - 2026","description":"En un hecho sin precedentes en la historia democr\u00e1tica de Brasil, el Tribunal Supremo Federal ha condenado al expresidente Jair Bolsonaro...","robots":{"index":"index","follow":"follow","max-snippet":"max-snippet:-1","max-image-preview":"max-image-preview:large","max-video-preview":"max-video-preview:-1"},"canonical":"https:\/\/webdelmaestrocmf.com\/portal\/condenan-a-27-anos-de-carcel-a-jair-bolsonaro-por-intento-de-golpe-de-estado-en-brasil\/","og_locale":"es_ES","og_type":"article","og_title":"Condenan a 27 a\u00f1os de c\u00e1rcel a Jair Bolsonaro por intento de golpe de Estado en Brasil - 2026","og_description":"En un hecho sin precedentes en la historia democr\u00e1tica de Brasil, el Tribunal Supremo Federal ha condenado al expresidente Jair Bolsonaro...","og_url":"https:\/\/webdelmaestrocmf.com\/portal\/condenan-a-27-anos-de-carcel-a-jair-bolsonaro-por-intento-de-golpe-de-estado-en-brasil\/","og_site_name":"Web del Maestro CMF","article_publisher":"https:\/\/www.facebook.com\/WebdelMaestroCMF\/","article_author":"https:\/\/www.facebook.com\/WebdelMaestroCMF\/","article_published_time":"2025-09-11T22:56:02+00:00","article_modified_time":"2025-09-11T22:57:01+00:00","og_image":[{"width":1003,"height":667,"url":"https:\/\/webdelmaestrocmf.com\/portal\/wp-content\/uploads\/2025\/09\/1A-Banner-1-portada-imagen-10-1-copia-2025-09-11T195307.541.webp","type":"image\/webp"}],"author":"Web del Maestro CMF","twitter_card":"summary_large_image","twitter_creator":"@cmf_w","twitter_site":"@cmf_w","twitter_misc":{"Escrito por":"Web del Maestro CMF","Tiempo de lectura":"4 minutos"},"schema":{"@context":"https:\/\/schema.org","@graph":[{"@type":"ScholarlyArticle","@id":"https:\/\/webdelmaestrocmf.com\/portal\/condenan-a-27-anos-de-carcel-a-jair-bolsonaro-por-intento-de-golpe-de-estado-en-brasil\/#article","isPartOf":{"@id":"https:\/\/webdelmaestrocmf.com\/portal\/condenan-a-27-anos-de-carcel-a-jair-bolsonaro-por-intento-de-golpe-de-estado-en-brasil\/"},"author":{"name":"Web del Maestro CMF","@id":"https:\/\/webdelmaestrocmf.com\/portal\/#\/schema\/person\/1072a2ed7bd960df8ef99a551fa35dc5"},"headline":"Condenan a 27 a\u00f1os de c\u00e1rcel a Jair Bolsonaro por intento de golpe de Estado en Brasil","datePublished":"2025-09-11T22:56:02+00:00","dateModified":"2025-09-11T22:57:01+00:00","mainEntityOfPage":{"@id":"https:\/\/webdelmaestrocmf.com\/portal\/condenan-a-27-anos-de-carcel-a-jair-bolsonaro-por-intento-de-golpe-de-estado-en-brasil\/"},"wordCount":815,"commentCount":15,"publisher":{"@id":"https:\/\/webdelmaestrocmf.com\/portal\/#organization"},"image":{"@id":"https:\/\/webdelmaestrocmf.com\/portal\/condenan-a-27-anos-de-carcel-a-jair-bolsonaro-por-intento-de-golpe-de-estado-en-brasil\/#primaryimage"},"thumbnailUrl":"https:\/\/webdelmaestrocmf.com\/portal\/wp-content\/uploads\/2025\/09\/1A-Banner-1-portada-imagen-10-1-copia-2025-09-11T195307.541.webp","keywords":["Brasil","Condenan","Jair Bolsonaro"],"articleSection":["Noticias Internacionales"],"inLanguage":"es","potentialAction":[{"@type":"CommentAction","name":"Comment","target":["https:\/\/webdelmaestrocmf.com\/portal\/condenan-a-27-anos-de-carcel-a-jair-bolsonaro-por-intento-de-golpe-de-estado-en-brasil\/#respond"]}]},{"@type":"WebPage","@id":"https:\/\/webdelmaestrocmf.com\/portal\/condenan-a-27-anos-de-carcel-a-jair-bolsonaro-por-intento-de-golpe-de-estado-en-brasil\/","url":"https:\/\/webdelmaestrocmf.com\/portal\/condenan-a-27-anos-de-carcel-a-jair-bolsonaro-por-intento-de-golpe-de-estado-en-brasil\/","name":"Condenan a 27 a\u00f1os de c\u00e1rcel a Jair Bolsonaro por intento de golpe de Estado en Brasil - 2026","isPartOf":{"@id":"https:\/\/webdelmaestrocmf.com\/portal\/#website"},"primaryImageOfPage":{"@id":"https:\/\/webdelmaestrocmf.com\/portal\/condenan-a-27-anos-de-carcel-a-jair-bolsonaro-por-intento-de-golpe-de-estado-en-brasil\/#primaryimage"},"image":{"@id":"https:\/\/webdelmaestrocmf.com\/portal\/condenan-a-27-anos-de-carcel-a-jair-bolsonaro-por-intento-de-golpe-de-estado-en-brasil\/#primaryimage"},"thumbnailUrl":"https:\/\/webdelmaestrocmf.com\/portal\/wp-content\/uploads\/2025\/09\/1A-Banner-1-portada-imagen-10-1-copia-2025-09-11T195307.541.webp","datePublished":"2025-09-11T22:56:02+00:00","dateModified":"2025-09-11T22:57:01+00:00","description":"En un hecho sin precedentes en la historia democr\u00e1tica de Brasil, el Tribunal Supremo Federal ha condenado al expresidente Jair Bolsonaro...","breadcrumb":{"@id":"https:\/\/webdelmaestrocmf.com\/portal\/condenan-a-27-anos-de-carcel-a-jair-bolsonaro-por-intento-de-golpe-de-estado-en-brasil\/#breadcrumb"},"inLanguage":"es","potentialAction":[{"@type":"ReadAction","target":["https:\/\/webdelmaestrocmf.com\/portal\/condenan-a-27-anos-de-carcel-a-jair-bolsonaro-por-intento-de-golpe-de-estado-en-brasil\/"]}]},{"@type":"ImageObject","inLanguage":"es","@id":"https:\/\/webdelmaestrocmf.com\/portal\/condenan-a-27-anos-de-carcel-a-jair-bolsonaro-por-intento-de-golpe-de-estado-en-brasil\/#primaryimage","url":"https:\/\/webdelmaestrocmf.com\/portal\/wp-content\/uploads\/2025\/09\/1A-Banner-1-portada-imagen-10-1-copia-2025-09-11T195307.541.webp","contentUrl":"https:\/\/webdelmaestrocmf.com\/portal\/wp-content\/uploads\/2025\/09\/1A-Banner-1-portada-imagen-10-1-copia-2025-09-11T195307.541.webp","width":1003,"height":667},{"@type":"BreadcrumbList","@id":"https:\/\/webdelmaestrocmf.com\/portal\/condenan-a-27-anos-de-carcel-a-jair-bolsonaro-por-intento-de-golpe-de-estado-en-brasil\/#breadcrumb","itemListElement":[{"@type":"ListItem","position":1,"name":"Portada","item":"https:\/\/webdelmaestrocmf.com\/portal\/"},{"@type":"ListItem","position":2,"name":"Noticias Internacionales","item":"https:\/\/webdelmaestrocmf.com\/portal\/category\/noticias-internacionales\/"},{"@type":"ListItem","position":3,"name":"Condenan a 27 a\u00f1os de c\u00e1rcel a Jair Bolsonaro por intento de golpe de Estado en Brasil"}]},{"@type":"WebSite","@id":"https:\/\/webdelmaestrocmf.com\/portal\/#website","url":"https:\/\/webdelmaestrocmf.com\/portal\/","name":"Web del Maestro CMF","description":"Maestros al servicio de la educaci\u00f3n","publisher":{"@id":"https:\/\/webdelmaestrocmf.com\/portal\/#organization"},"alternateName":"WMCMF","potentialAction":[{"@type":"SearchAction","target":{"@type":"EntryPoint","urlTemplate":"https:\/\/webdelmaestrocmf.com\/portal\/?s={search_term_string}"},"query-input":{"@type":"PropertyValueSpecification","valueRequired":true,"valueName":"search_term_string"}}],"inLanguage":"es"},{"@type":"Organization","@id":"https:\/\/webdelmaestrocmf.com\/portal\/#organization","name":"Web del Maestro CMF","alternateName":"WMCMF","url":"https:\/\/webdelmaestrocmf.com\/portal\/","logo":{"@type":"ImageObject","inLanguage":"es","@id":"https:\/\/webdelmaestrocmf.com\/portal\/#\/schema\/logo\/image\/","url":"https:\/\/webdelmaestrocmf.com\/portal\/wp-content\/uploads\/2023\/01\/logo-wmcmf-2.png","contentUrl":"https:\/\/webdelmaestrocmf.com\/portal\/wp-content\/uploads\/2023\/01\/logo-wmcmf-2.png","width":200,"height":60,"caption":"Web del Maestro CMF"},"image":{"@id":"https:\/\/webdelmaestrocmf.com\/portal\/#\/schema\/logo\/image\/"},"sameAs":["https:\/\/www.facebook.com\/WebdelMaestroCMF\/","https:\/\/x.com\/cmf_w","https:\/\/www.pinterest.com\/WMCMF\/","https:\/\/www.linkedin.com\/company\/web-del-maestro-cmf\/","https:\/\/www.instagram.com\/wmcmf\/","https:\/\/www.youtube.com\/channel\/UCDPSvjbdodE5sHnC3OxutHw","https:\/\/mastodon.social\/@wmcmf","https:\/\/www.tiktok.com\/@webdelmaestrocmf"]},{"@type":"Person","@id":"https:\/\/webdelmaestrocmf.com\/portal\/#\/schema\/person\/1072a2ed7bd960df8ef99a551fa35dc5","name":"Web del Maestro CMF","image":{"@type":"ImageObject","inLanguage":"es","@id":"https:\/\/secure.gravatar.com\/avatar\/23291dd5b5ae1077dcff3dbb04c3e02bd28403fa75af6d8787d5e97c5bbbe30b?s=96&d=mm&r=g","url":"https:\/\/secure.gravatar.com\/avatar\/23291dd5b5ae1077dcff3dbb04c3e02bd28403fa75af6d8787d5e97c5bbbe30b?s=96&d=mm&r=g","contentUrl":"https:\/\/secure.gravatar.com\/avatar\/23291dd5b5ae1077dcff3dbb04c3e02bd28403fa75af6d8787d5e97c5bbbe30b?s=96&d=mm&r=g","caption":"Web del Maestro CMF"},"description":"Esta Web se cre\u00f3 sin fines de lucro, con fines educativos, cient\u00edficos y acad\u00e9micos, para personas que tengan dificultades y\/o inconvenientes en visualizar el material original. El objetivo es entregar recursos, compartir experiencias y materiales que ayuden a los padres de familia, maestros y estudiantes en su actualizaci\u00f3n y formaci\u00f3n permanente, en bien de la Educaci\u00f3n.","sameAs":["http:\/\/webdelmaestrocmf.com\/portal","https:\/\/www.facebook.com\/WebdelMaestroCMF\/","https:\/\/www.instagram.com\/wmcmf\/","https:\/\/cl.linkedin.com\/company\/web-del-maestro-cmf","https:\/\/www.pinterest.com\/WMCMF\/publicaciones\/","https:\/\/x.com\/cmf_w","https:\/\/www.youtube.com\/@WMCMF"]}]}},"jetpack_featured_media_url":"https:\/\/webdelmaestrocmf.com\/portal\/wp-content\/uploads\/2025\/09\/1A-Banner-1-portada-imagen-10-1-copia-2025-09-11T195307.541.webp","jetpack_sharing_enabled":true,"jetpack-related-posts":[{"id":111322,"url":"https:\/\/webdelmaestrocmf.com\/portal\/ordenan-tobillera-electronica-y-restricciones-para-jair-bolsonaro-por-temor-a-que-se-fugue-hacia-ee-uu\/","url_meta":{"origin":112067,"position":0},"title":"Ordenan tobillera electr\u00f3nica y restricciones para Jair Bolsonaro por temor a que se fugue hacia EE.\u202fUU.","author":"Web del Maestro CMF","date":"18 julio, 2025","format":false,"excerpt":"La Polic\u00eda Federal de Brasil impuso medidas cautelares al expresidente, acusado de participar en una trama golpista y de financiar campa\u00f1as internacionales contra las instituciones del pa\u00eds.","rel":"","context":"En \u00abNoticias Internacionales\u00bb","block_context":{"text":"Noticias Internacionales","link":"https:\/\/webdelmaestrocmf.com\/portal\/category\/noticias-internacionales\/"},"img":{"alt_text":"","src":"https:\/\/i0.wp.com\/webdelmaestrocmf.com\/portal\/wp-content\/uploads\/2025\/07\/1A-Banner-1-portada-imagen-10-1-copia-5.webp?resize=350%2C200&ssl=1","width":350,"height":200,"srcset":"https:\/\/i0.wp.com\/webdelmaestrocmf.com\/portal\/wp-content\/uploads\/2025\/07\/1A-Banner-1-portada-imagen-10-1-copia-5.webp?resize=350%2C200&ssl=1 1x, https:\/\/i0.wp.com\/webdelmaestrocmf.com\/portal\/wp-content\/uploads\/2025\/07\/1A-Banner-1-portada-imagen-10-1-copia-5.webp?resize=525%2C300&ssl=1 1.5x, https:\/\/i0.wp.com\/webdelmaestrocmf.com\/portal\/wp-content\/uploads\/2025\/07\/1A-Banner-1-portada-imagen-10-1-copia-5.webp?resize=700%2C400&ssl=1 2x"},"classes":[]},{"id":82965,"url":"https:\/\/webdelmaestrocmf.com\/portal\/la-vigencia-de-las-ideas-de-paulo-freire\/","url_meta":{"origin":112067,"position":1},"title":"La vigencia de las ideas de Paulo Freire","author":"Web del Maestro CMF","date":"16 enero, 2023","format":false,"excerpt":"Art\u00edculo de Juli\u00e1n de Zubir\u00eda Samper: Naci\u00f3 en Bogot\u00e1 en 1956. Estudi\u00f3 en el Gimnasio Moderno y el Liceo Juan Ram\u00f3n Jim\u00e9nez. Curs\u00f3 Econom\u00eda en la Universidad Nacional de Colombia y se dedic\u00f3 desde muy joven a la docencia. A continuaci\u00f3n compartimos su art\u00edculo solo con fines educativos \"La vigencia\u2026","rel":"","context":"En \u00abNoticias\u00bb","block_context":{"text":"Noticias","link":"https:\/\/webdelmaestrocmf.com\/portal\/category\/pedagogia\/noticias-pedagogia\/"},"img":{"alt_text":"","src":"https:\/\/i0.wp.com\/webdelmaestrocmf.com\/portal\/wp-content\/uploads\/2023\/01\/1D.jpg?resize=350%2C200&ssl=1","width":350,"height":200,"srcset":"https:\/\/i0.wp.com\/webdelmaestrocmf.com\/portal\/wp-content\/uploads\/2023\/01\/1D.jpg?resize=350%2C200&ssl=1 1x, https:\/\/i0.wp.com\/webdelmaestrocmf.com\/portal\/wp-content\/uploads\/2023\/01\/1D.jpg?resize=525%2C300&ssl=1 1.5x, https:\/\/i0.wp.com\/webdelmaestrocmf.com\/portal\/wp-content\/uploads\/2023\/01\/1D.jpg?resize=700%2C400&ssl=1 2x"},"classes":[]},{"id":111665,"url":"https:\/\/webdelmaestrocmf.com\/portal\/alvaro-uribe-condenado-la-sentencia-historica-que-sacude-la-politica-colombiana\/","url_meta":{"origin":112067,"position":2},"title":"Tribunal de Bogot\u00e1 ordena la libertad de \u00c1lvaro Uribe mientras se resuelve apelaci\u00f3n a su condena","author":"Web del Maestro CMF","date":"1 agosto, 2025","format":false,"excerpt":"El Tribunal de Bogot\u00e1 orden\u00f3 la libertad de \u00c1lvaro Uribe, condenado por manipulaci\u00f3n de testigos, mientras se resuelve su apelaci\u00f3n judicial.","rel":"","context":"En \u00abNoticias Internacionales\u00bb","block_context":{"text":"Noticias Internacionales","link":"https:\/\/webdelmaestrocmf.com\/portal\/category\/noticias-internacionales\/"},"img":{"alt_text":"","src":"https:\/\/i0.wp.com\/webdelmaestrocmf.com\/portal\/wp-content\/uploads\/2025\/08\/1A-Banner-1-portada-imagen-10-1-copia-94.webp?resize=350%2C200&ssl=1","width":350,"height":200,"srcset":"https:\/\/i0.wp.com\/webdelmaestrocmf.com\/portal\/wp-content\/uploads\/2025\/08\/1A-Banner-1-portada-imagen-10-1-copia-94.webp?resize=350%2C200&ssl=1 1x, https:\/\/i0.wp.com\/webdelmaestrocmf.com\/portal\/wp-content\/uploads\/2025\/08\/1A-Banner-1-portada-imagen-10-1-copia-94.webp?resize=525%2C300&ssl=1 1.5x, https:\/\/i0.wp.com\/webdelmaestrocmf.com\/portal\/wp-content\/uploads\/2025\/08\/1A-Banner-1-portada-imagen-10-1-copia-94.webp?resize=700%2C400&ssl=1 2x"},"classes":[]},{"id":115086,"url":"https:\/\/webdelmaestrocmf.com\/portal\/brasil-alerta-que-cerca-de-13-000-estudiantes-de-medicina-proximos-a-titularse-no-alcanzan-los-conocimientos-basicos-necesarios-para-ejercer-la-profesion\/","url_meta":{"origin":112067,"position":3},"title":"Brasil alerta que cerca de 13.000 estudiantes de Medicina, pr\u00f3ximos a titularse, no alcanzan los conocimientos b\u00e1sicos necesarios para ejercer la profesi\u00f3n","author":"Web del Maestro CMF","date":"2 febrero, 2026","format":false,"excerpt":"Brasil enfrenta una alarma educativa y sanitaria: miles de futuros m\u00e9dicos podr\u00edan ejercer sin formaci\u00f3n m\u00ednima ni garant\u00edas para pacientes.","rel":"","context":"En \u00abNoticias Internacionales\u00bb","block_context":{"text":"Noticias Internacionales","link":"https:\/\/webdelmaestrocmf.com\/portal\/category\/noticias-internacionales\/"},"img":{"alt_text":"","src":"https:\/\/i0.wp.com\/webdelmaestrocmf.com\/portal\/wp-content\/uploads\/2026\/02\/1A-Banner-1-portada-imagen-10-1-copia.webp?resize=350%2C200&ssl=1","width":350,"height":200,"srcset":"https:\/\/i0.wp.com\/webdelmaestrocmf.com\/portal\/wp-content\/uploads\/2026\/02\/1A-Banner-1-portada-imagen-10-1-copia.webp?resize=350%2C200&ssl=1 1x, https:\/\/i0.wp.com\/webdelmaestrocmf.com\/portal\/wp-content\/uploads\/2026\/02\/1A-Banner-1-portada-imagen-10-1-copia.webp?resize=525%2C300&ssl=1 1.5x, https:\/\/i0.wp.com\/webdelmaestrocmf.com\/portal\/wp-content\/uploads\/2026\/02\/1A-Banner-1-portada-imagen-10-1-copia.webp?resize=700%2C400&ssl=1 2x"},"classes":[]},{"id":108868,"url":"https:\/\/webdelmaestrocmf.com\/portal\/condenan-por-primera-vez-a-alumno-que-agrede-a-un-profesor-docente-fue-golpeado-al-comunicarle-su-riesgo-de-repitencia\/","url_meta":{"origin":112067,"position":4},"title":"Condenan por primera vez a alumno que agrede a un profesor: Docente fue golpeado al comunicarle su riesgo de repitencia","author":"Web del Maestro CMF","date":"18 mayo, 2025","format":false,"excerpt":"La justicia chilena sent\u00f3 un precedente hist\u00f3rico: por primera vez en el pa\u00eds, un alumno fue declarado culpable por agredir a un docente. La decisi\u00f3n judicial llega en medio de una creciente preocupaci\u00f3n por los niveles de violencia que enfrentan los profesores dentro de las aulas. El caso que motiv\u00f3\u2026","rel":"","context":"En \u00abNoticias Internacionales\u00bb","block_context":{"text":"Noticias Internacionales","link":"https:\/\/webdelmaestrocmf.com\/portal\/category\/noticias-internacionales\/"},"img":{"alt_text":"","src":"https:\/\/i0.wp.com\/webdelmaestrocmf.com\/portal\/wp-content\/uploads\/2025\/05\/1A-Banner-1-portada-imagen-10-1-61.jpg?resize=350%2C200&ssl=1","width":350,"height":200,"srcset":"https:\/\/i0.wp.com\/webdelmaestrocmf.com\/portal\/wp-content\/uploads\/2025\/05\/1A-Banner-1-portada-imagen-10-1-61.jpg?resize=350%2C200&ssl=1 1x, https:\/\/i0.wp.com\/webdelmaestrocmf.com\/portal\/wp-content\/uploads\/2025\/05\/1A-Banner-1-portada-imagen-10-1-61.jpg?resize=525%2C300&ssl=1 1.5x, https:\/\/i0.wp.com\/webdelmaestrocmf.com\/portal\/wp-content\/uploads\/2025\/05\/1A-Banner-1-portada-imagen-10-1-61.jpg?resize=700%2C400&ssl=1 2x"},"classes":[]},{"id":15055,"url":"https:\/\/webdelmaestrocmf.com\/portal\/sancionan-catedratico-secretaria-aprobar-estudiante-ausente\/","url_meta":{"origin":112067,"position":5},"title":"Sancionan a Catedr\u00e1tico (y secretaria) por aprobar a estudiante ausente","author":"Web del Maestro CMF","date":"22 febrero, 2017","format":false,"excerpt":"Como premisa conviene definir que la \u00c9tica es el ideal de la conducta humana, orientando sobre lo que es bueno y correcto y se consolida cuando se internalizan las normas sin que exista presi\u00f3n desde fuera para su cumplimiento. La \u00e9tica de un profesional se gesta desde la formaci\u00f3n del\u2026","rel":"","context":"En \u00abNoticias\u00bb","block_context":{"text":"Noticias","link":"https:\/\/webdelmaestrocmf.com\/portal\/category\/pedagogia\/noticias-pedagogia\/"},"img":{"alt_text":"","src":"https:\/\/i0.wp.com\/webdelmaestrocmf.com\/portal\/wp-content\/uploads\/2023\/05\/A12B3C4D-51.jpg?resize=350%2C200&ssl=1","width":350,"height":200,"srcset":"https:\/\/i0.wp.com\/webdelmaestrocmf.com\/portal\/wp-content\/uploads\/2023\/05\/A12B3C4D-51.jpg?resize=350%2C200&ssl=1 1x, https:\/\/i0.wp.com\/webdelmaestrocmf.com\/portal\/wp-content\/uploads\/2023\/05\/A12B3C4D-51.jpg?resize=525%2C300&ssl=1 1.5x, https:\/\/i0.wp.com\/webdelmaestrocmf.com\/portal\/wp-content\/uploads\/2023\/05\/A12B3C4D-51.jpg?resize=700%2C400&ssl=1 2x"},"classes":[]}],"_links":{"self":[{"href":"https:\/\/webdelmaestrocmf.com\/portal\/wp-json\/wp\/v2\/posts\/112067","targetHints":{"allow":["GET"]}}],"collection":[{"href":"https:\/\/webdelmaestrocmf.com\/portal\/wp-json\/wp\/v2\/posts"}],"about":[{"href":"https:\/\/webdelmaestrocmf.com\/portal\/wp-json\/wp\/v2\/types\/post"}],"author":[{"embeddable":true,"href":"https:\/\/webdelmaestrocmf.com\/portal\/wp-json\/wp\/v2\/users\/1"}],"replies":[{"embeddable":true,"href":"https:\/\/webdelmaestrocmf.com\/portal\/wp-json\/wp\/v2\/comments?post=112067"}],"version-history":[{"count":2,"href":"https:\/\/webdelmaestrocmf.com\/portal\/wp-json\/wp\/v2\/posts\/112067\/revisions"}],"predecessor-version":[{"id":112071,"href":"https:\/\/webdelmaestrocmf.com\/portal\/wp-json\/wp\/v2\/posts\/112067\/revisions\/112071"}],"wp:featuredmedia":[{"embeddable":true,"href":"https:\/\/webdelmaestrocmf.com\/portal\/wp-json\/wp\/v2\/media\/112068"}],"wp:attachment":[{"href":"https:\/\/webdelmaestrocmf.com\/portal\/wp-json\/wp\/v2\/media?parent=112067"}],"wp:term":[{"taxonomy":"category","embeddable":true,"href":"https:\/\/webdelmaestrocmf.com\/portal\/wp-json\/wp\/v2\/categories?post=112067"},{"taxonomy":"post_tag","embeddable":true,"href":"https:\/\/webdelmaestrocmf.com\/portal\/wp-json\/wp\/v2\/tags?post=112067"}],"curies":[{"name":"wp","href":"https:\/\/api.w.org\/{rel}","templated":true}]}}