{"id":112006,"date":"2025-08-26T01:54:33","date_gmt":"2025-08-26T05:54:33","guid":{"rendered":"https:\/\/webdelmaestrocmf.com\/portal\/?p=112006"},"modified":"2025-08-26T01:54:36","modified_gmt":"2025-08-26T05:54:36","slug":"francia-se-suma-a-ee-uu-y-envia-refuerzos-al-caribe-frente-al-narcotrafico-y-la-tension-con-venezuela","status":"publish","type":"post","link":"https:\/\/webdelmaestrocmf.com\/portal\/francia-se-suma-a-ee-uu-y-envia-refuerzos-al-caribe-frente-al-narcotrafico-y-la-tension-con-venezuela\/","title":{"rendered":"Francia se suma a EE.UU. y env\u00eda refuerzos al Caribe frente al narcotr\u00e1fico y la tensi\u00f3n con Venezuela"},"content":{"rendered":"\n<p>Francia ha decidido sumarse a la estrategia encabezada por Estados Unidos para reforzar la vigilancia en el Caribe, en un contexto de crecientes tensiones diplom\u00e1ticas y militares con Venezuela. El ministro de los Territorios de Ultramar, Manuel Valls, anunci\u00f3 el env\u00edo de buques adicionales a Guadalupe, territorio franc\u00e9s en ultramar, con el objetivo de intensificar la lucha contra las redes de narcotr\u00e1fico que operan en la regi\u00f3n.<\/p>\n\n\n\n<p>Esta decisi\u00f3n coincide con el despliegue naval estadounidense en aguas cercanas a Venezuela, ordenado por el entonces presidente Donald Trump, bajo el argumento de combatir al Cartel de los Soles. Esta organizaci\u00f3n, se\u00f1alada por Washington de estar vinculada al Gobierno de Nicol\u00e1s Maduro, ha sido clasificada como grupo terrorista por la Casa Blanca junto a otros c\u00e1rteles mexicanos y a la Mara Salvatrucha.<\/p>\n\n\n\n<iframe loading=\"lazy\" width=\"100%\" height=\"315\" src=\"https:\/\/www.youtube.com\/embed\/mkGF_tz5moE?si=qSbMd8hJPhEh74Ho\" title=\"YouTube video player\" frameborder=\"0\" allow=\"accelerometer; autoplay; clipboard-write; encrypted-media; gyroscope; picture-in-picture; web-share\" referrerpolicy=\"strict-origin-when-cross-origin\" allowfullscreen><\/iframe>\n\n\n\n<h2 class=\"wp-block-heading\"><strong>Apoyos regionales y cooperaci\u00f3n internacional<\/strong><\/h2>\n\n\n\n<p>La operaci\u00f3n estadounidense ha encontrado respaldo en el Caribe. Trinidad y Tobago expres\u00f3 su apoyo al despliegue, argumentando que el crimen organizado y el tr\u00e1fico de drogas son amenazas directas para la seguridad regional. Incluso se declar\u00f3 dispuesto a permitir el uso de su territorio y sus aguas si Washington lo requiere, particularmente para defender a Guyana en caso de tensiones con Caracas.<\/p>\n\n\n\n<p>Francia justific\u00f3 su participaci\u00f3n como parte de una estrategia de cooperaci\u00f3n internacional destinada a frenar las redes criminales con impacto transnacional. Adem\u00e1s, subray\u00f3 la necesidad de proteger sus propios territorios en el Caribe, como Guadalupe y Martinica, utilizados como rutas de tr\u00e1nsito del narcotr\u00e1fico hacia Europa.<\/p>\n\n\n\n<h2 class=\"wp-block-heading\"><strong>Reacciones en Venezuela<\/strong><\/h2>\n\n\n\n<p>En Caracas, la presencia de buques militares extranjeros es interpretada como un acto de presi\u00f3n adicional contra el Gobierno de Nicol\u00e1s Maduro, ya enfrentado diplom\u00e1ticamente con Washington y varias capitales europeas. Como respuesta, Maduro orden\u00f3 el despliegue de 4,5 millones de milicianos, buscando proyectar fuerza interna frente a lo que denomina una amenaza externa.<\/p>\n\n\n\n<p>La tensi\u00f3n refleja una escalada de la confrontaci\u00f3n regional, en la que se mezcla la lucha contra el crimen organizado con intereses pol\u00edticos y geoestrat\u00e9gicos. Para pa\u00edses vecinos como Ecuador y Paraguay, el Cartel de los Soles no es solo un asunto interno de Venezuela, sino una red criminal de alcance internacional implicada en narcotr\u00e1fico, lavado de dinero y el aumento de la violencia en distintos puntos de Am\u00e9rica Latina.<\/p>\n\n\n\n<h2 class=\"wp-block-heading\"><strong>Un conflicto m\u00e1s all\u00e1 del narcotr\u00e1fico<\/strong><\/h2>\n\n\n\n<p>La ofensiva internacional contra el narcotr\u00e1fico en el Caribe no puede entenderse \u00fanicamente como un esfuerzo de seguridad. Tambi\u00e9n se trata de una muestra del creciente peso geopol\u00edtico de la regi\u00f3n, donde confluyen intereses de Estados Unidos, Europa y los gobiernos latinoamericanos. Para Washington, reforzar su presencia naval es tanto una estrategia contra el crimen como una manera de aumentar la presi\u00f3n sobre Nicol\u00e1s Maduro.<\/p>\n\n\n\n<p>Francia, al sumarse, env\u00eda una se\u00f1al de respaldo a sus aliados y de protecci\u00f3n a sus propios territorios ultramarinos. Sin embargo, esta estrategia tambi\u00e9n implica riesgos: en lugar de desactivar la violencia, podr\u00eda incrementar la tensi\u00f3n con Caracas y abrir un nuevo frente de confrontaci\u00f3n en el continente.<\/p>\n\n\n\n<p class=\"has-text-align-right\"><strong>Redacci\u00f3n | Web del Maestro CMF<\/strong><\/p>\n\n\n\t\t<div class=\"pk-inline-posts\">\n\t\t\t\n\t\t\t<div class=\"pk-inline-posts-container pk-inline-posts-template-list\"\n\t\t\t\tdata-columns=\"1\">\n\t\t\t\t\t\t<article id=\"post-118553\" class=\"post-118553 post type-post status-publish format-standard has-post-thumbnail category-noticias-internacionales tag-agresion-estudiantil tag-autoridad-docente tag-convivencia-escolar tag-disciplina-escolar tag-justicia-educativa tag-respeto-en-el-aula tag-rol-del-docente tag-seguridad-docente tag-sistema-educativo tag-violencia-escolar cs-entry cs-video-wrap\">\n\t\t\t<div class=\"pk-post-outer\">\n\n\t\t\t\t\t\t\t\t<div class=\"pk-post-inner\">\n\t\t\t\t\t<div class=\"entry-thumbnail\">\n\t\t\t\t\t\t<div class=\"pk-overlay pk-overlay-ratio pk-ratio-landscape\">\n\t\t\t\t\t\t\t<div class=\"pk-overlay-background\">\n\t\t\t\t\t\t\t\t<a href=\"https:\/\/webdelmaestrocmf.com\/portal\/existen-casos-en-paises-como-ee-uu-y-chile-donde-estudiantes-han-recibido-penas-privativas-de-libertad-por-agredir-a-docentes-esta-de-acuerdo-con-esta-medida-la-implementaria-en-su-pais\/\" class=\"pk-overlay-link\">\n\t\t\t\t\t\t\t\t\t<img loading=\"lazy\" decoding=\"async\" width=\"300\" height=\"225\" src=\"https:\/\/webdelmaestrocmf.com\/portal\/wp-content\/uploads\/2026\/05\/1AA-Banner-1-portada-imagen-10-1-copia-2-300x225.webp\" class=\"attachment-pk-thumbnail size-pk-thumbnail wp-post-image\" alt=\"\" \/>\t\t\t\t\t\t\t\t<\/a>\n\t\t\t\t\t\t\t<\/div>\n\t\t\t\t\t\t<\/div>\n\t\t\t\t\t<\/div>\n\t\t\t\t<\/div>\n\t\t\t\t\n\t\t\t\t<div class=\"pk-post-inner\">\n\t\t\t\t\t<header>\n\t\t\t\t\t\t<h3 class=\"pk-title\"><a href=\"https:\/\/webdelmaestrocmf.com\/portal\/existen-casos-en-paises-como-ee-uu-y-chile-donde-estudiantes-han-recibido-penas-privativas-de-libertad-por-agredir-a-docentes-esta-de-acuerdo-con-esta-medida-la-implementaria-en-su-pais\/\" rel=\"bookmark\">Existen casos en pa\u00edses como EE.UU. y Chile donde estudiantes han recibido penas privativas de libertad por agredir a docentes. \u00bfEst\u00e1 de acuerdo con esta medida? \u00bfLa implementar\u00eda en su pa\u00eds?<\/a><\/h3>\t\t\t\t\t<\/header><!-- .entry-header -->\n\t\t\t\t<\/div><!-- .post-inner -->\n\n\t\t\t<\/div><!-- .post-outer -->\n\t\t<\/article>\n\t\t\t<article id=\"post-118546\" class=\"post-118546 post type-post status-publish format-standard has-post-thumbnail category-noticias-internacionales tag-aprendizaje tag-conflicto tag-crisis tag-docentes tag-educacion-3 tag-escuela tag-guerra tag-infancia tag-resiliencia tag-sociedad cs-entry cs-video-wrap\">\n\t\t\t<div class=\"pk-post-outer\">\n\n\t\t\t\t\t\t\t\t<div class=\"pk-post-inner\">\n\t\t\t\t\t<div class=\"entry-thumbnail\">\n\t\t\t\t\t\t<div class=\"pk-overlay pk-overlay-ratio pk-ratio-landscape\">\n\t\t\t\t\t\t\t<div class=\"pk-overlay-background\">\n\t\t\t\t\t\t\t\t<a href=\"https:\/\/webdelmaestrocmf.com\/portal\/rusia-bombardea-orfanato-y-escuela-judia-en-odesa-en-el-sur-de-ucrania\/\" class=\"pk-overlay-link\">\n\t\t\t\t\t\t\t\t\t<img loading=\"lazy\" decoding=\"async\" width=\"300\" height=\"225\" src=\"https:\/\/webdelmaestrocmf.com\/portal\/wp-content\/uploads\/2026\/05\/1AA-Banner-1-portada-imagen-10-1-copia-1-1-300x225.webp\" class=\"attachment-pk-thumbnail size-pk-thumbnail wp-post-image\" alt=\"\" \/>\t\t\t\t\t\t\t\t<\/a>\n\t\t\t\t\t\t\t<\/div>\n\t\t\t\t\t\t<\/div>\n\t\t\t\t\t<\/div>\n\t\t\t\t<\/div>\n\t\t\t\t\n\t\t\t\t<div class=\"pk-post-inner\">\n\t\t\t\t\t<header>\n\t\t\t\t\t\t<h3 class=\"pk-title\"><a href=\"https:\/\/webdelmaestrocmf.com\/portal\/rusia-bombardea-orfanato-y-escuela-judia-en-odesa-en-el-sur-de-ucrania\/\" rel=\"bookmark\">Rusia bombardea orfanato y escuela jud\u00eda en Odesa, en el sur de Ucrania<\/a><\/h3>\t\t\t\t\t<\/header><!-- .entry-header -->\n\t\t\t\t<\/div><!-- .post-inner -->\n\n\t\t\t<\/div><!-- .post-outer -->\n\t\t<\/article>\n\t\t\t<article id=\"post-118533\" class=\"post-118533 post type-post status-publish format-standard has-post-thumbnail category-noticias-internacionales tag-convivencia-escolar tag-docentes tag-educacion-2 tag-etica-educativa tag-normativa-escolar tag-preescolar tag-primaria tag-protocolos tag-rol-docente tag-seguridad-docente cs-entry cs-video-wrap\">\n\t\t\t<div class=\"pk-post-outer\">\n\n\t\t\t\t\t\t\t\t<div class=\"pk-post-inner\">\n\t\t\t\t\t<div class=\"entry-thumbnail\">\n\t\t\t\t\t\t<div class=\"pk-overlay pk-overlay-ratio pk-ratio-landscape\">\n\t\t\t\t\t\t\t<div class=\"pk-overlay-background\">\n\t\t\t\t\t\t\t\t<a href=\"https:\/\/webdelmaestrocmf.com\/portal\/profesor-advierte-a-docentes-no-pueden-asistir-a-un-nino-en-el-bano-por-riesgo-de-cargos-legales\/\" class=\"pk-overlay-link\">\n\t\t\t\t\t\t\t\t\t<img loading=\"lazy\" decoding=\"async\" width=\"300\" height=\"225\" src=\"https:\/\/webdelmaestrocmf.com\/portal\/wp-content\/uploads\/2026\/05\/1AA-Banner-1-portada-imagen-10-1-copia-300x225.webp\" class=\"attachment-pk-thumbnail size-pk-thumbnail wp-post-image\" alt=\"\" \/>\t\t\t\t\t\t\t\t<\/a>\n\t\t\t\t\t\t\t<\/div>\n\t\t\t\t\t\t<\/div>\n\t\t\t\t\t<\/div>\n\t\t\t\t<\/div>\n\t\t\t\t\n\t\t\t\t<div class=\"pk-post-inner\">\n\t\t\t\t\t<header>\n\t\t\t\t\t\t<h3 class=\"pk-title\"><a href=\"https:\/\/webdelmaestrocmf.com\/portal\/profesor-advierte-a-docentes-no-pueden-asistir-a-un-nino-en-el-bano-por-riesgo-de-cargos-legales\/\" rel=\"bookmark\">Profesor advierte a docentes: \u201cNo pueden asistir a un ni\u00f1o en el ba\u00f1o\u201d por riesgo de cargos legales<\/a><\/h3>\t\t\t\t\t<\/header><!-- .entry-header -->\n\t\t\t\t<\/div><!-- .post-inner -->\n\n\t\t\t<\/div><!-- .post-outer -->\n\t\t<\/article>\n\t\t\t\t<\/div>\n\t\t<\/div>\n\t\t\n","protected":false},"excerpt":{"rendered":"Francia refuerza su presencia en el Caribe junto a Estados Unidos para combatir el narcotr\u00e1fico y aumentar la presi\u00f3n sobre Venezuela.","protected":false},"author":1,"featured_media":112007,"comment_status":"open","ping_status":"closed","sticky":false,"template":"","format":"standard","meta":{"csco_display_header_overlay":false,"csco_singular_sidebar":"","csco_page_header_type":"","csco_page_load_nextpost":"","csco_post_video_location":[],"csco_post_video_location_hash":"","csco_post_video_url":"","csco_post_video_bg_start_time":0,"csco_post_video_bg_end_time":0,"csco_post_video_bg_volume":false,"_jetpack_memberships_contains_paid_content":false,"footnotes":""},"categories":[23790],"tags":[20634,3343,24152,5766,24148],"class_list":{"0":"post-112006","1":"post","2":"type-post","3":"status-publish","4":"format-standard","5":"has-post-thumbnail","7":"category-noticias-internacionales","8":"tag-ee-uu","9":"tag-francia","10":"tag-narcotrafico","11":"tag-tension","12":"tag-venezuela","13":"cs-entry","14":"cs-video-wrap"},"yoast_head":"<!-- This site is optimized with the Yoast SEO plugin v27.5 - https:\/\/yoast.com\/product\/yoast-seo-wordpress\/ -->\n<title>Francia se suma a EE.UU. y env\u00eda refuerzos al Caribe frente al narcotr\u00e1fico y la tensi\u00f3n con Venezuela - 2026<\/title>\n<meta name=\"description\" content=\"Francia ha decidido sumarse a la estrategia encabezada por Estados Unidos para reforzar la vigilancia en el Caribe, en un contexto...\" \/>\n<meta name=\"robots\" content=\"index, follow, max-snippet:-1, max-image-preview:large, max-video-preview:-1\" \/>\n<link rel=\"canonical\" href=\"https:\/\/webdelmaestrocmf.com\/portal\/francia-se-suma-a-ee-uu-y-envia-refuerzos-al-caribe-frente-al-narcotrafico-y-la-tension-con-venezuela\/\" \/>\n<meta property=\"og:locale\" content=\"es_ES\" \/>\n<meta property=\"og:type\" content=\"article\" \/>\n<meta property=\"og:title\" content=\"Francia se suma a EE.UU. y env\u00eda refuerzos al Caribe frente al narcotr\u00e1fico y la tensi\u00f3n con Venezuela - 2026\" \/>\n<meta property=\"og:description\" content=\"Francia ha decidido sumarse a la estrategia encabezada por Estados Unidos para reforzar la vigilancia en el Caribe, en un contexto...\" \/>\n<meta property=\"og:url\" content=\"https:\/\/webdelmaestrocmf.com\/portal\/francia-se-suma-a-ee-uu-y-envia-refuerzos-al-caribe-frente-al-narcotrafico-y-la-tension-con-venezuela\/\" \/>\n<meta property=\"og:site_name\" content=\"Web del Maestro CMF\" \/>\n<meta property=\"article:publisher\" content=\"https:\/\/www.facebook.com\/WebdelMaestroCMF\/\" \/>\n<meta property=\"article:author\" content=\"https:\/\/www.facebook.com\/WebdelMaestroCMF\/\" \/>\n<meta property=\"article:published_time\" content=\"2025-08-26T05:54:33+00:00\" \/>\n<meta property=\"article:modified_time\" content=\"2025-08-26T05:54:36+00:00\" \/>\n<meta property=\"og:image\" content=\"https:\/\/webdelmaestrocmf.com\/portal\/wp-content\/uploads\/2025\/08\/1A-Banner-1-portada-imagen-10-1-copia-17.webp\" \/>\n\t<meta property=\"og:image:width\" content=\"1003\" \/>\n\t<meta property=\"og:image:height\" content=\"667\" \/>\n\t<meta property=\"og:image:type\" content=\"image\/webp\" \/>\n<meta name=\"author\" content=\"Web del Maestro CMF\" \/>\n<meta name=\"twitter:card\" content=\"summary_large_image\" \/>\n<meta name=\"twitter:creator\" content=\"@cmf_w\" \/>\n<meta name=\"twitter:site\" content=\"@cmf_w\" \/>\n<script type=\"application\/ld+json\" class=\"yoast-schema-graph\">{\"@context\":\"https:\\\/\\\/schema.org\",\"@graph\":[{\"@type\":\"ScholarlyArticle\",\"@id\":\"https:\\\/\\\/webdelmaestrocmf.com\\\/portal\\\/francia-se-suma-a-ee-uu-y-envia-refuerzos-al-caribe-frente-al-narcotrafico-y-la-tension-con-venezuela\\\/#article\",\"isPartOf\":{\"@id\":\"https:\\\/\\\/webdelmaestrocmf.com\\\/portal\\\/francia-se-suma-a-ee-uu-y-envia-refuerzos-al-caribe-frente-al-narcotrafico-y-la-tension-con-venezuela\\\/\"},\"author\":{\"name\":\"Web del Maestro CMF\",\"@id\":\"https:\\\/\\\/webdelmaestrocmf.com\\\/portal\\\/#\\\/schema\\\/person\\\/1072a2ed7bd960df8ef99a551fa35dc5\"},\"headline\":\"Francia se suma a EE.UU. y env\u00eda refuerzos al Caribe frente al narcotr\u00e1fico y la tensi\u00f3n con Venezuela\",\"datePublished\":\"2025-08-26T05:54:33+00:00\",\"dateModified\":\"2025-08-26T05:54:36+00:00\",\"mainEntityOfPage\":{\"@id\":\"https:\\\/\\\/webdelmaestrocmf.com\\\/portal\\\/francia-se-suma-a-ee-uu-y-envia-refuerzos-al-caribe-frente-al-narcotrafico-y-la-tension-con-venezuela\\\/\"},\"wordCount\":563,\"commentCount\":0,\"publisher\":{\"@id\":\"https:\\\/\\\/webdelmaestrocmf.com\\\/portal\\\/#organization\"},\"image\":{\"@id\":\"https:\\\/\\\/webdelmaestrocmf.com\\\/portal\\\/francia-se-suma-a-ee-uu-y-envia-refuerzos-al-caribe-frente-al-narcotrafico-y-la-tension-con-venezuela\\\/#primaryimage\"},\"thumbnailUrl\":\"https:\\\/\\\/webdelmaestrocmf.com\\\/portal\\\/wp-content\\\/uploads\\\/2025\\\/08\\\/1A-Banner-1-portada-imagen-10-1-copia-17.webp\",\"keywords\":[\"EE.UU.\",\"FRANCIA\",\"narcotr\u00e1fico\",\"tensi\u00f3n\",\"Venezuela\"],\"articleSection\":[\"Noticias Internacionales\"],\"inLanguage\":\"es\",\"potentialAction\":[{\"@type\":\"CommentAction\",\"name\":\"Comment\",\"target\":[\"https:\\\/\\\/webdelmaestrocmf.com\\\/portal\\\/francia-se-suma-a-ee-uu-y-envia-refuerzos-al-caribe-frente-al-narcotrafico-y-la-tension-con-venezuela\\\/#respond\"]}]},{\"@type\":\"WebPage\",\"@id\":\"https:\\\/\\\/webdelmaestrocmf.com\\\/portal\\\/francia-se-suma-a-ee-uu-y-envia-refuerzos-al-caribe-frente-al-narcotrafico-y-la-tension-con-venezuela\\\/\",\"url\":\"https:\\\/\\\/webdelmaestrocmf.com\\\/portal\\\/francia-se-suma-a-ee-uu-y-envia-refuerzos-al-caribe-frente-al-narcotrafico-y-la-tension-con-venezuela\\\/\",\"name\":\"Francia se suma a EE.UU. y env\u00eda refuerzos al Caribe frente al narcotr\u00e1fico y la tensi\u00f3n con Venezuela - 2026\",\"isPartOf\":{\"@id\":\"https:\\\/\\\/webdelmaestrocmf.com\\\/portal\\\/#website\"},\"primaryImageOfPage\":{\"@id\":\"https:\\\/\\\/webdelmaestrocmf.com\\\/portal\\\/francia-se-suma-a-ee-uu-y-envia-refuerzos-al-caribe-frente-al-narcotrafico-y-la-tension-con-venezuela\\\/#primaryimage\"},\"image\":{\"@id\":\"https:\\\/\\\/webdelmaestrocmf.com\\\/portal\\\/francia-se-suma-a-ee-uu-y-envia-refuerzos-al-caribe-frente-al-narcotrafico-y-la-tension-con-venezuela\\\/#primaryimage\"},\"thumbnailUrl\":\"https:\\\/\\\/webdelmaestrocmf.com\\\/portal\\\/wp-content\\\/uploads\\\/2025\\\/08\\\/1A-Banner-1-portada-imagen-10-1-copia-17.webp\",\"datePublished\":\"2025-08-26T05:54:33+00:00\",\"dateModified\":\"2025-08-26T05:54:36+00:00\",\"description\":\"Francia ha decidido sumarse a la estrategia encabezada por Estados Unidos para reforzar la vigilancia en el Caribe, en un contexto...\",\"breadcrumb\":{\"@id\":\"https:\\\/\\\/webdelmaestrocmf.com\\\/portal\\\/francia-se-suma-a-ee-uu-y-envia-refuerzos-al-caribe-frente-al-narcotrafico-y-la-tension-con-venezuela\\\/#breadcrumb\"},\"inLanguage\":\"es\",\"potentialAction\":[{\"@type\":\"ReadAction\",\"target\":[\"https:\\\/\\\/webdelmaestrocmf.com\\\/portal\\\/francia-se-suma-a-ee-uu-y-envia-refuerzos-al-caribe-frente-al-narcotrafico-y-la-tension-con-venezuela\\\/\"]}]},{\"@type\":\"ImageObject\",\"inLanguage\":\"es\",\"@id\":\"https:\\\/\\\/webdelmaestrocmf.com\\\/portal\\\/francia-se-suma-a-ee-uu-y-envia-refuerzos-al-caribe-frente-al-narcotrafico-y-la-tension-con-venezuela\\\/#primaryimage\",\"url\":\"https:\\\/\\\/webdelmaestrocmf.com\\\/portal\\\/wp-content\\\/uploads\\\/2025\\\/08\\\/1A-Banner-1-portada-imagen-10-1-copia-17.webp\",\"contentUrl\":\"https:\\\/\\\/webdelmaestrocmf.com\\\/portal\\\/wp-content\\\/uploads\\\/2025\\\/08\\\/1A-Banner-1-portada-imagen-10-1-copia-17.webp\",\"width\":1003,\"height\":667},{\"@type\":\"BreadcrumbList\",\"@id\":\"https:\\\/\\\/webdelmaestrocmf.com\\\/portal\\\/francia-se-suma-a-ee-uu-y-envia-refuerzos-al-caribe-frente-al-narcotrafico-y-la-tension-con-venezuela\\\/#breadcrumb\",\"itemListElement\":[{\"@type\":\"ListItem\",\"position\":1,\"name\":\"Portada\",\"item\":\"https:\\\/\\\/webdelmaestrocmf.com\\\/portal\\\/\"},{\"@type\":\"ListItem\",\"position\":2,\"name\":\"Noticias Internacionales\",\"item\":\"https:\\\/\\\/webdelmaestrocmf.com\\\/portal\\\/category\\\/noticias-internacionales\\\/\"},{\"@type\":\"ListItem\",\"position\":3,\"name\":\"Francia se suma a EE.UU. y env\u00eda refuerzos al Caribe frente al narcotr\u00e1fico y la tensi\u00f3n con Venezuela\"}]},{\"@type\":\"WebSite\",\"@id\":\"https:\\\/\\\/webdelmaestrocmf.com\\\/portal\\\/#website\",\"url\":\"https:\\\/\\\/webdelmaestrocmf.com\\\/portal\\\/\",\"name\":\"Web del Maestro CMF\",\"description\":\"Maestros al servicio de la educaci\u00f3n\",\"publisher\":{\"@id\":\"https:\\\/\\\/webdelmaestrocmf.com\\\/portal\\\/#organization\"},\"alternateName\":\"WMCMF\",\"potentialAction\":[{\"@type\":\"SearchAction\",\"target\":{\"@type\":\"EntryPoint\",\"urlTemplate\":\"https:\\\/\\\/webdelmaestrocmf.com\\\/portal\\\/?s={search_term_string}\"},\"query-input\":{\"@type\":\"PropertyValueSpecification\",\"valueRequired\":true,\"valueName\":\"search_term_string\"}}],\"inLanguage\":\"es\"},{\"@type\":\"Organization\",\"@id\":\"https:\\\/\\\/webdelmaestrocmf.com\\\/portal\\\/#organization\",\"name\":\"Web del Maestro CMF\",\"alternateName\":\"WMCMF\",\"url\":\"https:\\\/\\\/webdelmaestrocmf.com\\\/portal\\\/\",\"logo\":{\"@type\":\"ImageObject\",\"inLanguage\":\"es\",\"@id\":\"https:\\\/\\\/webdelmaestrocmf.com\\\/portal\\\/#\\\/schema\\\/logo\\\/image\\\/\",\"url\":\"https:\\\/\\\/webdelmaestrocmf.com\\\/portal\\\/wp-content\\\/uploads\\\/2023\\\/01\\\/logo-wmcmf-2.png\",\"contentUrl\":\"https:\\\/\\\/webdelmaestrocmf.com\\\/portal\\\/wp-content\\\/uploads\\\/2023\\\/01\\\/logo-wmcmf-2.png\",\"width\":200,\"height\":60,\"caption\":\"Web del Maestro CMF\"},\"image\":{\"@id\":\"https:\\\/\\\/webdelmaestrocmf.com\\\/portal\\\/#\\\/schema\\\/logo\\\/image\\\/\"},\"sameAs\":[\"https:\\\/\\\/www.facebook.com\\\/WebdelMaestroCMF\\\/\",\"https:\\\/\\\/x.com\\\/cmf_w\",\"https:\\\/\\\/www.pinterest.com\\\/WMCMF\\\/\",\"https:\\\/\\\/www.linkedin.com\\\/company\\\/web-del-maestro-cmf\\\/\",\"https:\\\/\\\/www.instagram.com\\\/wmcmf\\\/\",\"https:\\\/\\\/www.youtube.com\\\/channel\\\/UCDPSvjbdodE5sHnC3OxutHw\",\"https:\\\/\\\/mastodon.social\\\/@wmcmf\",\"https:\\\/\\\/www.tiktok.com\\\/@webdelmaestrocmf\"]},{\"@type\":\"Person\",\"@id\":\"https:\\\/\\\/webdelmaestrocmf.com\\\/portal\\\/#\\\/schema\\\/person\\\/1072a2ed7bd960df8ef99a551fa35dc5\",\"name\":\"Web del Maestro CMF\",\"image\":{\"@type\":\"ImageObject\",\"inLanguage\":\"es\",\"@id\":\"https:\\\/\\\/secure.gravatar.com\\\/avatar\\\/23291dd5b5ae1077dcff3dbb04c3e02bd28403fa75af6d8787d5e97c5bbbe30b?s=96&d=mm&r=g\",\"url\":\"https:\\\/\\\/secure.gravatar.com\\\/avatar\\\/23291dd5b5ae1077dcff3dbb04c3e02bd28403fa75af6d8787d5e97c5bbbe30b?s=96&d=mm&r=g\",\"contentUrl\":\"https:\\\/\\\/secure.gravatar.com\\\/avatar\\\/23291dd5b5ae1077dcff3dbb04c3e02bd28403fa75af6d8787d5e97c5bbbe30b?s=96&d=mm&r=g\",\"caption\":\"Web del Maestro CMF\"},\"description\":\"Esta Web se cre\u00f3 sin fines de lucro, con fines educativos, cient\u00edficos y acad\u00e9micos, para personas que tengan dificultades y\\\/o inconvenientes en visualizar el material original. El objetivo es entregar recursos, compartir experiencias y materiales que ayuden a los padres de familia, maestros y estudiantes en su actualizaci\u00f3n y formaci\u00f3n permanente, en bien de la Educaci\u00f3n.\",\"sameAs\":[\"http:\\\/\\\/webdelmaestrocmf.com\\\/portal\",\"https:\\\/\\\/www.facebook.com\\\/WebdelMaestroCMF\\\/\",\"https:\\\/\\\/www.instagram.com\\\/wmcmf\\\/\",\"https:\\\/\\\/cl.linkedin.com\\\/company\\\/web-del-maestro-cmf\",\"https:\\\/\\\/www.pinterest.com\\\/WMCMF\\\/publicaciones\\\/\",\"https:\\\/\\\/x.com\\\/cmf_w\",\"https:\\\/\\\/www.youtube.com\\\/@WMCMF\"]}]}<\/script>\n<!-- \/ Yoast SEO plugin. -->","yoast_head_json":{"title":"Francia se suma a EE.UU. y env\u00eda refuerzos al Caribe frente al narcotr\u00e1fico y la tensi\u00f3n con Venezuela - 2026","description":"Francia ha decidido sumarse a la estrategia encabezada por Estados Unidos para reforzar la vigilancia en el Caribe, en un contexto...","robots":{"index":"index","follow":"follow","max-snippet":"max-snippet:-1","max-image-preview":"max-image-preview:large","max-video-preview":"max-video-preview:-1"},"canonical":"https:\/\/webdelmaestrocmf.com\/portal\/francia-se-suma-a-ee-uu-y-envia-refuerzos-al-caribe-frente-al-narcotrafico-y-la-tension-con-venezuela\/","og_locale":"es_ES","og_type":"article","og_title":"Francia se suma a EE.UU. y env\u00eda refuerzos al Caribe frente al narcotr\u00e1fico y la tensi\u00f3n con Venezuela - 2026","og_description":"Francia ha decidido sumarse a la estrategia encabezada por Estados Unidos para reforzar la vigilancia en el Caribe, en un contexto...","og_url":"https:\/\/webdelmaestrocmf.com\/portal\/francia-se-suma-a-ee-uu-y-envia-refuerzos-al-caribe-frente-al-narcotrafico-y-la-tension-con-venezuela\/","og_site_name":"Web del Maestro CMF","article_publisher":"https:\/\/www.facebook.com\/WebdelMaestroCMF\/","article_author":"https:\/\/www.facebook.com\/WebdelMaestroCMF\/","article_published_time":"2025-08-26T05:54:33+00:00","article_modified_time":"2025-08-26T05:54:36+00:00","og_image":[{"width":1003,"height":667,"url":"https:\/\/webdelmaestrocmf.com\/portal\/wp-content\/uploads\/2025\/08\/1A-Banner-1-portada-imagen-10-1-copia-17.webp","type":"image\/webp"}],"author":"Web del Maestro CMF","twitter_card":"summary_large_image","twitter_creator":"@cmf_w","twitter_site":"@cmf_w","schema":{"@context":"https:\/\/schema.org","@graph":[{"@type":"ScholarlyArticle","@id":"https:\/\/webdelmaestrocmf.com\/portal\/francia-se-suma-a-ee-uu-y-envia-refuerzos-al-caribe-frente-al-narcotrafico-y-la-tension-con-venezuela\/#article","isPartOf":{"@id":"https:\/\/webdelmaestrocmf.com\/portal\/francia-se-suma-a-ee-uu-y-envia-refuerzos-al-caribe-frente-al-narcotrafico-y-la-tension-con-venezuela\/"},"author":{"name":"Web del Maestro CMF","@id":"https:\/\/webdelmaestrocmf.com\/portal\/#\/schema\/person\/1072a2ed7bd960df8ef99a551fa35dc5"},"headline":"Francia se suma a EE.UU. y env\u00eda refuerzos al Caribe frente al narcotr\u00e1fico y la tensi\u00f3n con Venezuela","datePublished":"2025-08-26T05:54:33+00:00","dateModified":"2025-08-26T05:54:36+00:00","mainEntityOfPage":{"@id":"https:\/\/webdelmaestrocmf.com\/portal\/francia-se-suma-a-ee-uu-y-envia-refuerzos-al-caribe-frente-al-narcotrafico-y-la-tension-con-venezuela\/"},"wordCount":563,"commentCount":0,"publisher":{"@id":"https:\/\/webdelmaestrocmf.com\/portal\/#organization"},"image":{"@id":"https:\/\/webdelmaestrocmf.com\/portal\/francia-se-suma-a-ee-uu-y-envia-refuerzos-al-caribe-frente-al-narcotrafico-y-la-tension-con-venezuela\/#primaryimage"},"thumbnailUrl":"https:\/\/webdelmaestrocmf.com\/portal\/wp-content\/uploads\/2025\/08\/1A-Banner-1-portada-imagen-10-1-copia-17.webp","keywords":["EE.UU.","FRANCIA","narcotr\u00e1fico","tensi\u00f3n","Venezuela"],"articleSection":["Noticias Internacionales"],"inLanguage":"es","potentialAction":[{"@type":"CommentAction","name":"Comment","target":["https:\/\/webdelmaestrocmf.com\/portal\/francia-se-suma-a-ee-uu-y-envia-refuerzos-al-caribe-frente-al-narcotrafico-y-la-tension-con-venezuela\/#respond"]}]},{"@type":"WebPage","@id":"https:\/\/webdelmaestrocmf.com\/portal\/francia-se-suma-a-ee-uu-y-envia-refuerzos-al-caribe-frente-al-narcotrafico-y-la-tension-con-venezuela\/","url":"https:\/\/webdelmaestrocmf.com\/portal\/francia-se-suma-a-ee-uu-y-envia-refuerzos-al-caribe-frente-al-narcotrafico-y-la-tension-con-venezuela\/","name":"Francia se suma a EE.UU. y env\u00eda refuerzos al Caribe frente al narcotr\u00e1fico y la tensi\u00f3n con Venezuela - 2026","isPartOf":{"@id":"https:\/\/webdelmaestrocmf.com\/portal\/#website"},"primaryImageOfPage":{"@id":"https:\/\/webdelmaestrocmf.com\/portal\/francia-se-suma-a-ee-uu-y-envia-refuerzos-al-caribe-frente-al-narcotrafico-y-la-tension-con-venezuela\/#primaryimage"},"image":{"@id":"https:\/\/webdelmaestrocmf.com\/portal\/francia-se-suma-a-ee-uu-y-envia-refuerzos-al-caribe-frente-al-narcotrafico-y-la-tension-con-venezuela\/#primaryimage"},"thumbnailUrl":"https:\/\/webdelmaestrocmf.com\/portal\/wp-content\/uploads\/2025\/08\/1A-Banner-1-portada-imagen-10-1-copia-17.webp","datePublished":"2025-08-26T05:54:33+00:00","dateModified":"2025-08-26T05:54:36+00:00","description":"Francia ha decidido sumarse a la estrategia encabezada por Estados Unidos para reforzar la vigilancia en el Caribe, en un contexto...","breadcrumb":{"@id":"https:\/\/webdelmaestrocmf.com\/portal\/francia-se-suma-a-ee-uu-y-envia-refuerzos-al-caribe-frente-al-narcotrafico-y-la-tension-con-venezuela\/#breadcrumb"},"inLanguage":"es","potentialAction":[{"@type":"ReadAction","target":["https:\/\/webdelmaestrocmf.com\/portal\/francia-se-suma-a-ee-uu-y-envia-refuerzos-al-caribe-frente-al-narcotrafico-y-la-tension-con-venezuela\/"]}]},{"@type":"ImageObject","inLanguage":"es","@id":"https:\/\/webdelmaestrocmf.com\/portal\/francia-se-suma-a-ee-uu-y-envia-refuerzos-al-caribe-frente-al-narcotrafico-y-la-tension-con-venezuela\/#primaryimage","url":"https:\/\/webdelmaestrocmf.com\/portal\/wp-content\/uploads\/2025\/08\/1A-Banner-1-portada-imagen-10-1-copia-17.webp","contentUrl":"https:\/\/webdelmaestrocmf.com\/portal\/wp-content\/uploads\/2025\/08\/1A-Banner-1-portada-imagen-10-1-copia-17.webp","width":1003,"height":667},{"@type":"BreadcrumbList","@id":"https:\/\/webdelmaestrocmf.com\/portal\/francia-se-suma-a-ee-uu-y-envia-refuerzos-al-caribe-frente-al-narcotrafico-y-la-tension-con-venezuela\/#breadcrumb","itemListElement":[{"@type":"ListItem","position":1,"name":"Portada","item":"https:\/\/webdelmaestrocmf.com\/portal\/"},{"@type":"ListItem","position":2,"name":"Noticias Internacionales","item":"https:\/\/webdelmaestrocmf.com\/portal\/category\/noticias-internacionales\/"},{"@type":"ListItem","position":3,"name":"Francia se suma a EE.UU. y env\u00eda refuerzos al Caribe frente al narcotr\u00e1fico y la tensi\u00f3n con Venezuela"}]},{"@type":"WebSite","@id":"https:\/\/webdelmaestrocmf.com\/portal\/#website","url":"https:\/\/webdelmaestrocmf.com\/portal\/","name":"Web del Maestro CMF","description":"Maestros al servicio de la educaci\u00f3n","publisher":{"@id":"https:\/\/webdelmaestrocmf.com\/portal\/#organization"},"alternateName":"WMCMF","potentialAction":[{"@type":"SearchAction","target":{"@type":"EntryPoint","urlTemplate":"https:\/\/webdelmaestrocmf.com\/portal\/?s={search_term_string}"},"query-input":{"@type":"PropertyValueSpecification","valueRequired":true,"valueName":"search_term_string"}}],"inLanguage":"es"},{"@type":"Organization","@id":"https:\/\/webdelmaestrocmf.com\/portal\/#organization","name":"Web del Maestro CMF","alternateName":"WMCMF","url":"https:\/\/webdelmaestrocmf.com\/portal\/","logo":{"@type":"ImageObject","inLanguage":"es","@id":"https:\/\/webdelmaestrocmf.com\/portal\/#\/schema\/logo\/image\/","url":"https:\/\/webdelmaestrocmf.com\/portal\/wp-content\/uploads\/2023\/01\/logo-wmcmf-2.png","contentUrl":"https:\/\/webdelmaestrocmf.com\/portal\/wp-content\/uploads\/2023\/01\/logo-wmcmf-2.png","width":200,"height":60,"caption":"Web del Maestro CMF"},"image":{"@id":"https:\/\/webdelmaestrocmf.com\/portal\/#\/schema\/logo\/image\/"},"sameAs":["https:\/\/www.facebook.com\/WebdelMaestroCMF\/","https:\/\/x.com\/cmf_w","https:\/\/www.pinterest.com\/WMCMF\/","https:\/\/www.linkedin.com\/company\/web-del-maestro-cmf\/","https:\/\/www.instagram.com\/wmcmf\/","https:\/\/www.youtube.com\/channel\/UCDPSvjbdodE5sHnC3OxutHw","https:\/\/mastodon.social\/@wmcmf","https:\/\/www.tiktok.com\/@webdelmaestrocmf"]},{"@type":"Person","@id":"https:\/\/webdelmaestrocmf.com\/portal\/#\/schema\/person\/1072a2ed7bd960df8ef99a551fa35dc5","name":"Web del Maestro CMF","image":{"@type":"ImageObject","inLanguage":"es","@id":"https:\/\/secure.gravatar.com\/avatar\/23291dd5b5ae1077dcff3dbb04c3e02bd28403fa75af6d8787d5e97c5bbbe30b?s=96&d=mm&r=g","url":"https:\/\/secure.gravatar.com\/avatar\/23291dd5b5ae1077dcff3dbb04c3e02bd28403fa75af6d8787d5e97c5bbbe30b?s=96&d=mm&r=g","contentUrl":"https:\/\/secure.gravatar.com\/avatar\/23291dd5b5ae1077dcff3dbb04c3e02bd28403fa75af6d8787d5e97c5bbbe30b?s=96&d=mm&r=g","caption":"Web del Maestro CMF"},"description":"Esta Web se cre\u00f3 sin fines de lucro, con fines educativos, cient\u00edficos y acad\u00e9micos, para personas que tengan dificultades y\/o inconvenientes en visualizar el material original. El objetivo es entregar recursos, compartir experiencias y materiales que ayuden a los padres de familia, maestros y estudiantes en su actualizaci\u00f3n y formaci\u00f3n permanente, en bien de la Educaci\u00f3n.","sameAs":["http:\/\/webdelmaestrocmf.com\/portal","https:\/\/www.facebook.com\/WebdelMaestroCMF\/","https:\/\/www.instagram.com\/wmcmf\/","https:\/\/cl.linkedin.com\/company\/web-del-maestro-cmf","https:\/\/www.pinterest.com\/WMCMF\/publicaciones\/","https:\/\/x.com\/cmf_w","https:\/\/www.youtube.com\/@WMCMF"]}]}},"jetpack_featured_media_url":"https:\/\/webdelmaestrocmf.com\/portal\/wp-content\/uploads\/2025\/08\/1A-Banner-1-portada-imagen-10-1-copia-17.webp","jetpack_sharing_enabled":true,"jetpack-related-posts":[{"id":111915,"url":"https:\/\/webdelmaestrocmf.com\/portal\/estados-unidos-despliega-destructores-en-el-caribe-y-maduro-moviliza-a-su-milicia\/","url_meta":{"origin":112006,"position":0},"title":"Estados Unidos despliega destructores en el Caribe y Maduro moviliza a su milicia","author":"Web del Maestro CMF","date":"19 agosto, 2025","format":false,"excerpt":"Estados Unidos despliega destructores frente a Venezuela; Maduro moviliza cuatro millones de milicianos en respuesta, aumentando la tensi\u00f3n regional.","rel":"","context":"En \u00abNoticias Internacionales\u00bb","block_context":{"text":"Noticias Internacionales","link":"https:\/\/webdelmaestrocmf.com\/portal\/category\/noticias-internacionales\/"},"img":{"alt_text":"","src":"https:\/\/i0.wp.com\/webdelmaestrocmf.com\/portal\/wp-content\/uploads\/2025\/08\/1A-Banner-1-portada-imagen-10-1-copia-11.webp?resize=350%2C200&ssl=1","width":350,"height":200,"srcset":"https:\/\/i0.wp.com\/webdelmaestrocmf.com\/portal\/wp-content\/uploads\/2025\/08\/1A-Banner-1-portada-imagen-10-1-copia-11.webp?resize=350%2C200&ssl=1 1x, https:\/\/i0.wp.com\/webdelmaestrocmf.com\/portal\/wp-content\/uploads\/2025\/08\/1A-Banner-1-portada-imagen-10-1-copia-11.webp?resize=525%2C300&ssl=1 1.5x, https:\/\/i0.wp.com\/webdelmaestrocmf.com\/portal\/wp-content\/uploads\/2025\/08\/1A-Banner-1-portada-imagen-10-1-copia-11.webp?resize=700%2C400&ssl=1 2x"},"classes":[]},{"id":111994,"url":"https:\/\/webdelmaestrocmf.com\/portal\/venezuela-y-estados-unidos-escalada-de-tension-militar-y-diplomatica\/","url_meta":{"origin":112006,"position":1},"title":"Venezuela y Estados Unidos: escalada de tensi\u00f3n militar y diplom\u00e1tica","author":"Web del Maestro CMF","date":"23 agosto, 2025","format":false,"excerpt":"La tensi\u00f3n entre Estados Unidos y Venezuela crece con despliegue militar, acusaciones de narcotr\u00e1fico y un posible conflicto regional.","rel":"","context":"En \u00abNoticias Internacionales\u00bb","block_context":{"text":"Noticias Internacionales","link":"https:\/\/webdelmaestrocmf.com\/portal\/category\/noticias-internacionales\/"},"img":{"alt_text":"","src":"https:\/\/i0.wp.com\/webdelmaestrocmf.com\/portal\/wp-content\/uploads\/2025\/08\/1A-Banner-1-portada-imagen-10-1-copia-14.webp?resize=350%2C200&ssl=1","width":350,"height":200,"srcset":"https:\/\/i0.wp.com\/webdelmaestrocmf.com\/portal\/wp-content\/uploads\/2025\/08\/1A-Banner-1-portada-imagen-10-1-copia-14.webp?resize=350%2C200&ssl=1 1x, https:\/\/i0.wp.com\/webdelmaestrocmf.com\/portal\/wp-content\/uploads\/2025\/08\/1A-Banner-1-portada-imagen-10-1-copia-14.webp?resize=525%2C300&ssl=1 1.5x, https:\/\/i0.wp.com\/webdelmaestrocmf.com\/portal\/wp-content\/uploads\/2025\/08\/1A-Banner-1-portada-imagen-10-1-copia-14.webp?resize=700%2C400&ssl=1 2x"},"classes":[]},{"id":112157,"url":"https:\/\/webdelmaestrocmf.com\/portal\/trump-anuncia-el-hundimiento-de-un-segundo-barco-venezolano-acusado-de-narcotrafico\/","url_meta":{"origin":112006,"position":2},"title":"Trump anuncia el hundimiento de un segundo barco venezolano acusado de narcotr\u00e1fico","author":"Web del Maestro CMF","date":"15 septiembre, 2025","format":false,"excerpt":"Trump ordena hundir un segundo barco venezolano acusado de narcotr\u00e1fico; murieron tres hombres, generando tensiones internacionales y cr\u00edticas legales crecientes.","rel":"","context":"En \u00abNoticias Internacionales\u00bb","block_context":{"text":"Noticias Internacionales","link":"https:\/\/webdelmaestrocmf.com\/portal\/category\/noticias-internacionales\/"},"img":{"alt_text":"","src":"https:\/\/i0.wp.com\/webdelmaestrocmf.com\/portal\/wp-content\/uploads\/2025\/09\/1A-Banner-1-portada-imagen-10-1-copia-2025-09-15T191120.547.webp?resize=350%2C200&ssl=1","width":350,"height":200,"srcset":"https:\/\/i0.wp.com\/webdelmaestrocmf.com\/portal\/wp-content\/uploads\/2025\/09\/1A-Banner-1-portada-imagen-10-1-copia-2025-09-15T191120.547.webp?resize=350%2C200&ssl=1 1x, https:\/\/i0.wp.com\/webdelmaestrocmf.com\/portal\/wp-content\/uploads\/2025\/09\/1A-Banner-1-portada-imagen-10-1-copia-2025-09-15T191120.547.webp?resize=525%2C300&ssl=1 1.5x, https:\/\/i0.wp.com\/webdelmaestrocmf.com\/portal\/wp-content\/uploads\/2025\/09\/1A-Banner-1-portada-imagen-10-1-copia-2025-09-15T191120.547.webp?resize=700%2C400&ssl=1 2x"},"classes":[]},{"id":112104,"url":"https:\/\/webdelmaestrocmf.com\/portal\/cupula-chavista-habria-ofrecido-entregar-a-maduro\/","url_meta":{"origin":112006,"position":3},"title":"C\u00fapula chavista habr\u00eda ofrecido entregar a Maduro","author":"Web del Maestro CMF","date":"12 septiembre, 2025","format":false,"excerpt":"El excomandante de la Armada de Estados Unidos y actual asesor de la Casa Blanca, Luis Qui\u00f1ones, afirm\u00f3 que sectores de la c\u00fapula chavista habr\u00edan ofrecido entregar al presidente venezolano Nicol\u00e1s Maduro como parte de negociaciones secretas con Washington. Seg\u00fan su testimonio, la propuesta inclu\u00eda permitir la captura del mandatario\u2026","rel":"","context":"En \u00abNoticias Internacionales\u00bb","block_context":{"text":"Noticias Internacionales","link":"https:\/\/webdelmaestrocmf.com\/portal\/category\/noticias-internacionales\/"},"img":{"alt_text":"","src":"https:\/\/i0.wp.com\/webdelmaestrocmf.com\/portal\/wp-content\/uploads\/2025\/09\/1A-Banner-1-portada-imagen-10-1-copia-2025-09-12T200526.819.webp?resize=350%2C200&ssl=1","width":350,"height":200,"srcset":"https:\/\/i0.wp.com\/webdelmaestrocmf.com\/portal\/wp-content\/uploads\/2025\/09\/1A-Banner-1-portada-imagen-10-1-copia-2025-09-12T200526.819.webp?resize=350%2C200&ssl=1 1x, https:\/\/i0.wp.com\/webdelmaestrocmf.com\/portal\/wp-content\/uploads\/2025\/09\/1A-Banner-1-portada-imagen-10-1-copia-2025-09-12T200526.819.webp?resize=525%2C300&ssl=1 1.5x, https:\/\/i0.wp.com\/webdelmaestrocmf.com\/portal\/wp-content\/uploads\/2025\/09\/1A-Banner-1-portada-imagen-10-1-copia-2025-09-12T200526.819.webp?resize=700%2C400&ssl=1 2x"},"classes":[]},{"id":114525,"url":"https:\/\/webdelmaestrocmf.com\/portal\/el-llamado-del-papa-leon-xiv-tras-la-captura-de-nicolas-maduro-soberania-paz-y-bienestar-del-pueblo-venezolano\/","url_meta":{"origin":112006,"position":4},"title":"El llamado del papa Le\u00f3n XIV tras la captura de Nicol\u00e1s Maduro: soberan\u00eda, paz y bienestar del pueblo venezolano","author":"Web del Maestro CMF","date":"4 enero, 2026","format":false,"excerpt":"El Papa pidi\u00f3 priorizar al pueblo venezolano, rechazar la violencia y defender la soberan\u00eda ante la captura de Nicol\u00e1s Maduro.","rel":"","context":"En \u00abMundo cart\u00f3lico\u00bb","block_context":{"text":"Mundo cart\u00f3lico","link":"https:\/\/webdelmaestrocmf.com\/portal\/category\/pastoral\/"},"img":{"alt_text":"","src":"https:\/\/i0.wp.com\/webdelmaestrocmf.com\/portal\/wp-content\/uploads\/2026\/01\/1A-Banner-1-portada-imagen-10-1-copia-1-2.webp?resize=350%2C200&ssl=1","width":350,"height":200,"srcset":"https:\/\/i0.wp.com\/webdelmaestrocmf.com\/portal\/wp-content\/uploads\/2026\/01\/1A-Banner-1-portada-imagen-10-1-copia-1-2.webp?resize=350%2C200&ssl=1 1x, https:\/\/i0.wp.com\/webdelmaestrocmf.com\/portal\/wp-content\/uploads\/2026\/01\/1A-Banner-1-portada-imagen-10-1-copia-1-2.webp?resize=525%2C300&ssl=1 1.5x, https:\/\/i0.wp.com\/webdelmaestrocmf.com\/portal\/wp-content\/uploads\/2026\/01\/1A-Banner-1-portada-imagen-10-1-copia-1-2.webp?resize=700%2C400&ssl=1 2x"},"classes":[]},{"id":114449,"url":"https:\/\/webdelmaestrocmf.com\/portal\/eeuu-anuncia-la-captura-de-nicolas-maduro-tras-una-operacion-militar-aerea-sobre-caracas-y-regiones-cercanas\/","url_meta":{"origin":112006,"position":5},"title":"\u00daltima hora del ataque de Estados Unidos a Venezuela | EE UU ataca Venezuela y Trump afirma que Maduro ha sido \u201ccapturado y trasladado\u201d fuera del pa\u00eds","author":"Web del Maestro CMF","date":"3 enero, 2026","format":false,"excerpt":"Trump confirma la detenci\u00f2n de Maduro.","rel":"","context":"En \u00abNoticias Internacionales\u00bb","block_context":{"text":"Noticias Internacionales","link":"https:\/\/webdelmaestrocmf.com\/portal\/category\/noticias-internacionales\/"},"img":{"alt_text":"","src":"https:\/\/i0.wp.com\/webdelmaestrocmf.com\/portal\/wp-content\/uploads\/2026\/01\/1A-Banner-1-portada-imagen-10-1-copia-5.webp?resize=350%2C200&ssl=1","width":350,"height":200,"srcset":"https:\/\/i0.wp.com\/webdelmaestrocmf.com\/portal\/wp-content\/uploads\/2026\/01\/1A-Banner-1-portada-imagen-10-1-copia-5.webp?resize=350%2C200&ssl=1 1x, https:\/\/i0.wp.com\/webdelmaestrocmf.com\/portal\/wp-content\/uploads\/2026\/01\/1A-Banner-1-portada-imagen-10-1-copia-5.webp?resize=525%2C300&ssl=1 1.5x, https:\/\/i0.wp.com\/webdelmaestrocmf.com\/portal\/wp-content\/uploads\/2026\/01\/1A-Banner-1-portada-imagen-10-1-copia-5.webp?resize=700%2C400&ssl=1 2x"},"classes":[]}],"_links":{"self":[{"href":"https:\/\/webdelmaestrocmf.com\/portal\/wp-json\/wp\/v2\/posts\/112006","targetHints":{"allow":["GET"]}}],"collection":[{"href":"https:\/\/webdelmaestrocmf.com\/portal\/wp-json\/wp\/v2\/posts"}],"about":[{"href":"https:\/\/webdelmaestrocmf.com\/portal\/wp-json\/wp\/v2\/types\/post"}],"author":[{"embeddable":true,"href":"https:\/\/webdelmaestrocmf.com\/portal\/wp-json\/wp\/v2\/users\/1"}],"replies":[{"embeddable":true,"href":"https:\/\/webdelmaestrocmf.com\/portal\/wp-json\/wp\/v2\/comments?post=112006"}],"version-history":[{"count":1,"href":"https:\/\/webdelmaestrocmf.com\/portal\/wp-json\/wp\/v2\/posts\/112006\/revisions"}],"predecessor-version":[{"id":112008,"href":"https:\/\/webdelmaestrocmf.com\/portal\/wp-json\/wp\/v2\/posts\/112006\/revisions\/112008"}],"wp:featuredmedia":[{"embeddable":true,"href":"https:\/\/webdelmaestrocmf.com\/portal\/wp-json\/wp\/v2\/media\/112007"}],"wp:attachment":[{"href":"https:\/\/webdelmaestrocmf.com\/portal\/wp-json\/wp\/v2\/media?parent=112006"}],"wp:term":[{"taxonomy":"category","embeddable":true,"href":"https:\/\/webdelmaestrocmf.com\/portal\/wp-json\/wp\/v2\/categories?post=112006"},{"taxonomy":"post_tag","embeddable":true,"href":"https:\/\/webdelmaestrocmf.com\/portal\/wp-json\/wp\/v2\/tags?post=112006"}],"curies":[{"name":"wp","href":"https:\/\/api.w.org\/{rel}","templated":true}]}}