{"id":111997,"date":"2025-08-26T00:32:06","date_gmt":"2025-08-26T04:32:06","guid":{"rendered":"https:\/\/webdelmaestrocmf.com\/portal\/?p=111997"},"modified":"2025-08-26T00:44:09","modified_gmt":"2025-08-26T04:44:09","slug":"bukele-impulsa-la-cortesia-escolar-expresiones-como-buenos-dias-por-favor-y-gracias-seran-obligatorias-en-las-aulas","status":"publish","type":"post","link":"https:\/\/webdelmaestrocmf.com\/portal\/bukele-impulsa-la-cortesia-escolar-expresiones-como-buenos-dias-por-favor-y-gracias-seran-obligatorias-en-las-aulas\/","title":{"rendered":"Bukele impulsa la cortes\u00eda escolar: expresiones como \u201cbuenos d\u00edas\u201d, \u201cpor favor\u201d y \u201cgracias\u201d ser\u00e1n obligatorias en las aulas"},"content":{"rendered":"\n<p>El Gobierno de El Salvador, bajo la administraci\u00f3n de Nayib Bukele, anunci\u00f3 la puesta en marcha de un reglamento que busca promover la cortes\u00eda y el respeto dentro de los centros educativos. A trav\u00e9s de la ministra de Educaci\u00f3n, Karla Trigueros, se inform\u00f3 que a partir del <strong>1 de septiembre de 2025<\/strong> entrar\u00e1 en vigor el <em>Reglamento para la Promoci\u00f3n de la Cortes\u00eda Escolar<\/em>.<\/p>\n\n\n\n<p>Este reglamento establece que los estudiantes deber\u00e1n utilizar expresiones b\u00e1sicas como <em>\u201cbuenos d\u00edas\u201d<\/em>, <em>\u201cpor favor\u201d<\/em> y <em>\u201cgracias\u201d<\/em> en su interacci\u00f3n diaria con docentes, personal administrativo y compa\u00f1eros. La ministra explic\u00f3 que la medida pretende fomentar valores esenciales desde la infancia, fortaleciendo la convivencia escolar y la cultura ciudadana.<\/p>\n\n\n\n<h3 class=\"wp-block-heading\"><strong>Consecuencias por no usar expresiones de cortes\u00eda<\/strong><\/h3>\n\n\n\n<p>El texto oficial indica que la omisi\u00f3n de estas expresiones tendr\u00e1 consecuencias. Para ello, se ha establecido un sistema de <strong>dem\u00e9ritos<\/strong>, que no busca un castigo en s\u00ed mismo, sino reforzar la formaci\u00f3n en valores.<\/p>\n\n\n\n<p>Entre las medidas, se detallan las siguientes:<\/p>\n\n\n\n<ul class=\"wp-block-list\">\n<li><strong>3 dem\u00e9ritos<\/strong>: advertencia verbal y redacci\u00f3n de una reflexi\u00f3n escrita.<\/li>\n\n\n\n<li><strong>15 dem\u00e9ritos o m\u00e1s<\/strong>: el estudiante no ser\u00e1 promovido de grado, lo que significa que no podr\u00e1 avanzar al siguiente curso.<\/li>\n<\/ul>\n\n\n\n<h3 class=\"wp-block-heading\"><strong>Reconocimientos para quienes cumplan<\/strong><\/h3>\n\n\n\n<p>El reglamento tambi\u00e9n contempla incentivos para los alumnos que no acumulen dem\u00e9ritos. Estos estudiantes recibir\u00e1n una <strong>\u201cMenci\u00f3n Honor\u00edfica de Cortes\u00eda Escolar\u201d<\/strong>, as\u00ed como diplomas y reconocimientos en los murales de cada establecimiento educativo.<\/p>\n\n\n\n<h3 class=\"wp-block-heading\"><strong>Una apuesta gubernamental por la disciplina y el civismo<\/strong><\/h3>\n\n\n\n<p>De acuerdo con la ministra Trigueros, la medida forma parte de los esfuerzos del Gobierno para reforzar la disciplina en las escuelas y garantizar que la ense\u00f1anza de valores como el respeto y la cordialidad sea parte integral de la educaci\u00f3n salvadore\u00f1a. El \u00e9nfasis no solo est\u00e1 en el rendimiento acad\u00e9mico, sino en la formaci\u00f3n de ciudadanos que practiquen la cortes\u00eda como parte de su vida diaria.<\/p>\n\n\n\n<div style=\"width: 100%; display: block;\">\n  <blockquote class=\"twitter-tweet\" style=\"margin: auto;\">\n    <p lang=\"es\" dir=\"ltr\">\n      Hoy envi\u00e9 el memor\u00e1ndum sobre el Reglamento para la Promoci\u00f3n de la Cortes\u00eda Escolar, que entrar\u00e1 en vigor el 1 de septiembre en todos los centros educativos p\u00fablicos.<br><br>\n      Con este reglamento fomentaremos valores esenciales como el respeto y la cortes\u00eda entre nuestros estudiantes,\u2026 \n      <a href=\"https:\/\/t.co\/MXQ50gZpvu\">pic.twitter.com\/MXQ50gZpvu<\/a>\n    <\/p>\n    &mdash; Karla Trigueros (@KarlaETrigueros) \n    <a href=\"https:\/\/twitter.com\/KarlaETrigueros\/status\/1959767123028287833?ref_src=twsrc%5Etfw\">August 24, 2025<\/a>\n  <\/blockquote> \n  <script async src=\"https:\/\/platform.twitter.com\/widgets.js\" charset=\"utf-8\"><\/script>\n<\/div>\n\n\n\n<p class=\"has-text-align-right\"><strong>Redacci\u00f3n | Web del Maestro CMF<\/strong><\/p>\n\n\n\t\t<div class=\"pk-inline-posts\">\n\t\t\t\n\t\t\t<div class=\"pk-inline-posts-container pk-inline-posts-template-list\"\n\t\t\t\tdata-columns=\"1\">\n\t\t\t\t\t\t<article id=\"post-118533\" class=\"post-118533 post type-post status-publish format-standard has-post-thumbnail category-noticias-internacionales tag-convivencia-escolar tag-docentes tag-educacion-2 tag-etica-educativa tag-normativa-escolar tag-preescolar tag-primaria tag-protocolos tag-rol-docente tag-seguridad-docente cs-entry cs-video-wrap\">\n\t\t\t<div class=\"pk-post-outer\">\n\n\t\t\t\t\t\t\t\t<div class=\"pk-post-inner\">\n\t\t\t\t\t<div class=\"entry-thumbnail\">\n\t\t\t\t\t\t<div class=\"pk-overlay pk-overlay-ratio pk-ratio-landscape\">\n\t\t\t\t\t\t\t<div class=\"pk-overlay-background\">\n\t\t\t\t\t\t\t\t<a href=\"https:\/\/webdelmaestrocmf.com\/portal\/profesor-advierte-a-docentes-no-pueden-asistir-a-un-nino-en-el-bano-por-riesgo-de-cargos-legales\/\" class=\"pk-overlay-link\">\n\t\t\t\t\t\t\t\t\t<img loading=\"lazy\" decoding=\"async\" width=\"300\" height=\"225\" src=\"https:\/\/webdelmaestrocmf.com\/portal\/wp-content\/uploads\/2026\/05\/1AA-Banner-1-portada-imagen-10-1-copia-300x225.webp\" class=\"attachment-pk-thumbnail size-pk-thumbnail wp-post-image\" alt=\"\" \/>\t\t\t\t\t\t\t\t<\/a>\n\t\t\t\t\t\t\t<\/div>\n\t\t\t\t\t\t<\/div>\n\t\t\t\t\t<\/div>\n\t\t\t\t<\/div>\n\t\t\t\t\n\t\t\t\t<div class=\"pk-post-inner\">\n\t\t\t\t\t<header>\n\t\t\t\t\t\t<h3 class=\"pk-title\"><a href=\"https:\/\/webdelmaestrocmf.com\/portal\/profesor-advierte-a-docentes-no-pueden-asistir-a-un-nino-en-el-bano-por-riesgo-de-cargos-legales\/\" rel=\"bookmark\">Profesor advierte a docentes: \u201cNo pueden asistir a un ni\u00f1o en el ba\u00f1o\u201d por riesgo de cargos legales<\/a><\/h3>\t\t\t\t\t<\/header><!-- .entry-header -->\n\t\t\t\t<\/div><!-- .post-inner -->\n\n\t\t\t<\/div><!-- .post-outer -->\n\t\t<\/article>\n\t\t\t<article id=\"post-118505\" class=\"post-118505 post type-post status-publish format-standard has-post-thumbnail category-noticias-internacionales tag-acoso-laboral-docente tag-clima-laboral-educativo tag-denuncia-laboral tag-derechos-laborales-docentes tag-ley-karin tag-maltrato-en-escuelas tag-salud-mental-docente tag-sistema-educativo-crisis tag-violencia-en-escuelas cs-entry cs-video-wrap\">\n\t\t\t<div class=\"pk-post-outer\">\n\n\t\t\t\t\t\t\t\t<div class=\"pk-post-inner\">\n\t\t\t\t\t<div class=\"entry-thumbnail\">\n\t\t\t\t\t\t<div class=\"pk-overlay pk-overlay-ratio pk-ratio-landscape\">\n\t\t\t\t\t\t\t<div class=\"pk-overlay-background\">\n\t\t\t\t\t\t\t\t<a href=\"https:\/\/webdelmaestrocmf.com\/portal\/maestra-consulta-que-hacer-tras-sufrir-acoso-laboral-por-parte-de-una-profesora-y-directora-teme-denunciar-y-quedar-vetada-de-por-vida-como-se-debe-de-proceder-en-estos-casos\/\" class=\"pk-overlay-link\">\n\t\t\t\t\t\t\t\t\t<img loading=\"lazy\" decoding=\"async\" width=\"300\" height=\"225\" src=\"https:\/\/webdelmaestrocmf.com\/portal\/wp-content\/uploads\/2026\/04\/1AA-Banner-1-portada-imagen-10-1-copia-4-4-300x225.webp\" class=\"attachment-pk-thumbnail size-pk-thumbnail wp-post-image\" alt=\"\" \/>\t\t\t\t\t\t\t\t<\/a>\n\t\t\t\t\t\t\t<\/div>\n\t\t\t\t\t\t<\/div>\n\t\t\t\t\t<\/div>\n\t\t\t\t<\/div>\n\t\t\t\t\n\t\t\t\t<div class=\"pk-post-inner\">\n\t\t\t\t\t<header>\n\t\t\t\t\t\t<h3 class=\"pk-title\"><a href=\"https:\/\/webdelmaestrocmf.com\/portal\/maestra-consulta-que-hacer-tras-sufrir-acoso-laboral-por-parte-de-una-profesora-y-directora-teme-denunciar-y-quedar-vetada-de-por-vida-como-se-debe-de-proceder-en-estos-casos\/\" rel=\"bookmark\">Maestra consulta qu\u00e9 hacer tras sufrir acoso laboral por parte de una profesora y directora, teme denunciar y quedar vetada de por vida \u00bfC\u00f3mo se debe de proceder en estos casos?<\/a><\/h3>\t\t\t\t\t<\/header><!-- .entry-header -->\n\t\t\t\t<\/div><!-- .post-inner -->\n\n\t\t\t<\/div><!-- .post-outer -->\n\t\t<\/article>\n\t\t\t<article id=\"post-118473\" class=\"post-118473 post type-post status-publish format-standard has-post-thumbnail category-noticias-internacionales tag-convivencia tag-docentes tag-educacion-3 tag-gestion-escolar-2 tag-protocolos tag-salud-mental tag-seguridad-escolar tag-simulacros tag-violencia-escolar cs-entry cs-video-wrap\">\n\t\t\t<div class=\"pk-post-outer\">\n\n\t\t\t\t\t\t\t\t<div class=\"pk-post-inner\">\n\t\t\t\t\t<div class=\"entry-thumbnail\">\n\t\t\t\t\t\t<div class=\"pk-overlay pk-overlay-ratio pk-ratio-landscape\">\n\t\t\t\t\t\t\t<div class=\"pk-overlay-background\">\n\t\t\t\t\t\t\t\t<a href=\"https:\/\/webdelmaestrocmf.com\/portal\/se-confirma-que-habra-simulacros-de-tiroteos-en-las-escuelas\/\" class=\"pk-overlay-link\">\n\t\t\t\t\t\t\t\t\t<img loading=\"lazy\" decoding=\"async\" width=\"300\" height=\"225\" src=\"https:\/\/webdelmaestrocmf.com\/portal\/wp-content\/uploads\/2026\/04\/1AA-Banner-1-portada-imagen-10-1-copia-1-11-300x225.webp\" class=\"attachment-pk-thumbnail size-pk-thumbnail wp-post-image\" alt=\"\" \/>\t\t\t\t\t\t\t\t<\/a>\n\t\t\t\t\t\t\t<\/div>\n\t\t\t\t\t\t<\/div>\n\t\t\t\t\t<\/div>\n\t\t\t\t<\/div>\n\t\t\t\t\n\t\t\t\t<div class=\"pk-post-inner\">\n\t\t\t\t\t<header>\n\t\t\t\t\t\t<h3 class=\"pk-title\"><a href=\"https:\/\/webdelmaestrocmf.com\/portal\/se-confirma-que-habra-simulacros-de-tiroteos-en-las-escuelas\/\" rel=\"bookmark\">Se confirma que habr\u00e1 simulacros de tiroteos en las escuelas<\/a><\/h3>\t\t\t\t\t<\/header><!-- .entry-header -->\n\t\t\t\t<\/div><!-- .post-inner -->\n\n\t\t\t<\/div><!-- .post-outer -->\n\t\t<\/article>\n\t\t\t\t<\/div>\n\t\t<\/div>\n\t\t\n","protected":false},"excerpt":{"rendered":"El Salvador aplicar\u00e1 desde septiembre 2025 un reglamento escolar que obliga a estudiantes a usar expresiones b\u00e1sicas de respeto y cortes\u00eda.","protected":false},"author":1,"featured_media":111998,"comment_status":"open","ping_status":"closed","sticky":false,"template":"","format":"standard","meta":{"csco_display_header_overlay":false,"csco_singular_sidebar":"","csco_page_header_type":"","csco_page_load_nextpost":"","csco_post_video_location":[],"csco_post_video_location_hash":"","csco_post_video_url":"","csco_post_video_bg_start_time":0,"csco_post_video_bg_end_time":0,"csco_post_video_bg_volume":false,"_jetpack_memberships_contains_paid_content":false,"footnotes":""},"categories":[23790],"tags":[1865,24151,24127,15546,1754,608,1684,1683],"class_list":{"0":"post-111997","1":"post","2":"type-post","3":"status-publish","4":"format-standard","5":"has-post-thumbnail","7":"category-noticias-internacionales","8":"tag-aulas","9":"tag-buenos-dias-2","10":"tag-bukele","11":"tag-cortesia","12":"tag-el-salvador","13":"tag-escolar","14":"tag-gracias","15":"tag-por-favor","16":"cs-entry","17":"cs-video-wrap"},"yoast_head":"<!-- This site is optimized with the Yoast SEO plugin v27.5 - https:\/\/yoast.com\/product\/yoast-seo-wordpress\/ -->\n<title>Bukele impulsa la cortes\u00eda escolar: expresiones como \u201cbuenos d\u00edas\u201d, \u201cpor favor\u201d y \u201cgracias\u201d ser\u00e1n obligatorias en las aulas - 2026<\/title>\n<meta name=\"description\" content=\"El Gobierno de El Salvador, bajo la administraci\u00f3n de Nayib Bukele, anunci\u00f3 la puesta en marcha de un reglamento que busca...\" \/>\n<meta name=\"robots\" content=\"index, follow, max-snippet:-1, max-image-preview:large, max-video-preview:-1\" \/>\n<link rel=\"canonical\" href=\"https:\/\/webdelmaestrocmf.com\/portal\/bukele-impulsa-la-cortesia-escolar-expresiones-como-buenos-dias-por-favor-y-gracias-seran-obligatorias-en-las-aulas\/\" \/>\n<meta property=\"og:locale\" content=\"es_ES\" \/>\n<meta property=\"og:type\" content=\"article\" \/>\n<meta property=\"og:title\" content=\"Bukele impulsa la cortes\u00eda escolar: expresiones como \u201cbuenos d\u00edas\u201d, \u201cpor favor\u201d y \u201cgracias\u201d ser\u00e1n obligatorias en las aulas - 2026\" \/>\n<meta property=\"og:description\" content=\"El Gobierno de El Salvador, bajo la administraci\u00f3n de Nayib Bukele, anunci\u00f3 la puesta en marcha de un reglamento que busca...\" \/>\n<meta property=\"og:url\" content=\"https:\/\/webdelmaestrocmf.com\/portal\/bukele-impulsa-la-cortesia-escolar-expresiones-como-buenos-dias-por-favor-y-gracias-seran-obligatorias-en-las-aulas\/\" \/>\n<meta property=\"og:site_name\" content=\"Web del Maestro CMF\" \/>\n<meta property=\"article:publisher\" content=\"https:\/\/www.facebook.com\/WebdelMaestroCMF\/\" \/>\n<meta property=\"article:author\" content=\"https:\/\/www.facebook.com\/WebdelMaestroCMF\/\" \/>\n<meta property=\"article:published_time\" content=\"2025-08-26T04:32:06+00:00\" \/>\n<meta property=\"article:modified_time\" content=\"2025-08-26T04:44:09+00:00\" \/>\n<meta property=\"og:image\" content=\"https:\/\/webdelmaestrocmf.com\/portal\/wp-content\/uploads\/2025\/08\/1A-Banner-1-portada-imagen-10-1-copia-1.jpg\" \/>\n\t<meta property=\"og:image:width\" content=\"1003\" \/>\n\t<meta property=\"og:image:height\" content=\"667\" \/>\n\t<meta property=\"og:image:type\" content=\"image\/jpeg\" \/>\n<meta name=\"author\" content=\"Web del Maestro CMF\" \/>\n<meta name=\"twitter:card\" content=\"summary_large_image\" \/>\n<meta name=\"twitter:creator\" content=\"@cmf_w\" \/>\n<meta name=\"twitter:site\" content=\"@cmf_w\" \/>\n<script type=\"application\/ld+json\" class=\"yoast-schema-graph\">{\"@context\":\"https:\\\/\\\/schema.org\",\"@graph\":[{\"@type\":\"ScholarlyArticle\",\"@id\":\"https:\\\/\\\/webdelmaestrocmf.com\\\/portal\\\/bukele-impulsa-la-cortesia-escolar-expresiones-como-buenos-dias-por-favor-y-gracias-seran-obligatorias-en-las-aulas\\\/#article\",\"isPartOf\":{\"@id\":\"https:\\\/\\\/webdelmaestrocmf.com\\\/portal\\\/bukele-impulsa-la-cortesia-escolar-expresiones-como-buenos-dias-por-favor-y-gracias-seran-obligatorias-en-las-aulas\\\/\"},\"author\":{\"name\":\"Web del Maestro CMF\",\"@id\":\"https:\\\/\\\/webdelmaestrocmf.com\\\/portal\\\/#\\\/schema\\\/person\\\/1072a2ed7bd960df8ef99a551fa35dc5\"},\"headline\":\"Bukele impulsa la cortes\u00eda escolar: expresiones como \u201cbuenos d\u00edas\u201d, \u201cpor favor\u201d y \u201cgracias\u201d ser\u00e1n obligatorias en las aulas\",\"datePublished\":\"2025-08-26T04:32:06+00:00\",\"dateModified\":\"2025-08-26T04:44:09+00:00\",\"mainEntityOfPage\":{\"@id\":\"https:\\\/\\\/webdelmaestrocmf.com\\\/portal\\\/bukele-impulsa-la-cortesia-escolar-expresiones-como-buenos-dias-por-favor-y-gracias-seran-obligatorias-en-las-aulas\\\/\"},\"wordCount\":420,\"commentCount\":152,\"publisher\":{\"@id\":\"https:\\\/\\\/webdelmaestrocmf.com\\\/portal\\\/#organization\"},\"image\":{\"@id\":\"https:\\\/\\\/webdelmaestrocmf.com\\\/portal\\\/bukele-impulsa-la-cortesia-escolar-expresiones-como-buenos-dias-por-favor-y-gracias-seran-obligatorias-en-las-aulas\\\/#primaryimage\"},\"thumbnailUrl\":\"https:\\\/\\\/webdelmaestrocmf.com\\\/portal\\\/wp-content\\\/uploads\\\/2025\\\/08\\\/1A-Banner-1-portada-imagen-10-1-copia-1.jpg\",\"keywords\":[\"AULAS\",\"buenos d\u00edas\",\"Bukele\",\"cortes\u00eda\",\"El Salvador\",\"ESCOLAR\",\"GRACIAS\",\"POR FAVOR\"],\"articleSection\":[\"Noticias Internacionales\"],\"inLanguage\":\"es\",\"potentialAction\":[{\"@type\":\"CommentAction\",\"name\":\"Comment\",\"target\":[\"https:\\\/\\\/webdelmaestrocmf.com\\\/portal\\\/bukele-impulsa-la-cortesia-escolar-expresiones-como-buenos-dias-por-favor-y-gracias-seran-obligatorias-en-las-aulas\\\/#respond\"]}]},{\"@type\":\"WebPage\",\"@id\":\"https:\\\/\\\/webdelmaestrocmf.com\\\/portal\\\/bukele-impulsa-la-cortesia-escolar-expresiones-como-buenos-dias-por-favor-y-gracias-seran-obligatorias-en-las-aulas\\\/\",\"url\":\"https:\\\/\\\/webdelmaestrocmf.com\\\/portal\\\/bukele-impulsa-la-cortesia-escolar-expresiones-como-buenos-dias-por-favor-y-gracias-seran-obligatorias-en-las-aulas\\\/\",\"name\":\"Bukele impulsa la cortes\u00eda escolar: expresiones como \u201cbuenos d\u00edas\u201d, \u201cpor favor\u201d y \u201cgracias\u201d ser\u00e1n obligatorias en las aulas - 2026\",\"isPartOf\":{\"@id\":\"https:\\\/\\\/webdelmaestrocmf.com\\\/portal\\\/#website\"},\"primaryImageOfPage\":{\"@id\":\"https:\\\/\\\/webdelmaestrocmf.com\\\/portal\\\/bukele-impulsa-la-cortesia-escolar-expresiones-como-buenos-dias-por-favor-y-gracias-seran-obligatorias-en-las-aulas\\\/#primaryimage\"},\"image\":{\"@id\":\"https:\\\/\\\/webdelmaestrocmf.com\\\/portal\\\/bukele-impulsa-la-cortesia-escolar-expresiones-como-buenos-dias-por-favor-y-gracias-seran-obligatorias-en-las-aulas\\\/#primaryimage\"},\"thumbnailUrl\":\"https:\\\/\\\/webdelmaestrocmf.com\\\/portal\\\/wp-content\\\/uploads\\\/2025\\\/08\\\/1A-Banner-1-portada-imagen-10-1-copia-1.jpg\",\"datePublished\":\"2025-08-26T04:32:06+00:00\",\"dateModified\":\"2025-08-26T04:44:09+00:00\",\"description\":\"El Gobierno de El Salvador, bajo la administraci\u00f3n de Nayib Bukele, anunci\u00f3 la puesta en marcha de un reglamento que busca...\",\"breadcrumb\":{\"@id\":\"https:\\\/\\\/webdelmaestrocmf.com\\\/portal\\\/bukele-impulsa-la-cortesia-escolar-expresiones-como-buenos-dias-por-favor-y-gracias-seran-obligatorias-en-las-aulas\\\/#breadcrumb\"},\"inLanguage\":\"es\",\"potentialAction\":[{\"@type\":\"ReadAction\",\"target\":[\"https:\\\/\\\/webdelmaestrocmf.com\\\/portal\\\/bukele-impulsa-la-cortesia-escolar-expresiones-como-buenos-dias-por-favor-y-gracias-seran-obligatorias-en-las-aulas\\\/\"]}]},{\"@type\":\"ImageObject\",\"inLanguage\":\"es\",\"@id\":\"https:\\\/\\\/webdelmaestrocmf.com\\\/portal\\\/bukele-impulsa-la-cortesia-escolar-expresiones-como-buenos-dias-por-favor-y-gracias-seran-obligatorias-en-las-aulas\\\/#primaryimage\",\"url\":\"https:\\\/\\\/webdelmaestrocmf.com\\\/portal\\\/wp-content\\\/uploads\\\/2025\\\/08\\\/1A-Banner-1-portada-imagen-10-1-copia-1.jpg\",\"contentUrl\":\"https:\\\/\\\/webdelmaestrocmf.com\\\/portal\\\/wp-content\\\/uploads\\\/2025\\\/08\\\/1A-Banner-1-portada-imagen-10-1-copia-1.jpg\",\"width\":1003,\"height\":667},{\"@type\":\"BreadcrumbList\",\"@id\":\"https:\\\/\\\/webdelmaestrocmf.com\\\/portal\\\/bukele-impulsa-la-cortesia-escolar-expresiones-como-buenos-dias-por-favor-y-gracias-seran-obligatorias-en-las-aulas\\\/#breadcrumb\",\"itemListElement\":[{\"@type\":\"ListItem\",\"position\":1,\"name\":\"Portada\",\"item\":\"https:\\\/\\\/webdelmaestrocmf.com\\\/portal\\\/\"},{\"@type\":\"ListItem\",\"position\":2,\"name\":\"Noticias Internacionales\",\"item\":\"https:\\\/\\\/webdelmaestrocmf.com\\\/portal\\\/category\\\/noticias-internacionales\\\/\"},{\"@type\":\"ListItem\",\"position\":3,\"name\":\"Bukele impulsa la cortes\u00eda escolar: expresiones como \u201cbuenos d\u00edas\u201d, \u201cpor favor\u201d y \u201cgracias\u201d ser\u00e1n obligatorias en las aulas\"}]},{\"@type\":\"WebSite\",\"@id\":\"https:\\\/\\\/webdelmaestrocmf.com\\\/portal\\\/#website\",\"url\":\"https:\\\/\\\/webdelmaestrocmf.com\\\/portal\\\/\",\"name\":\"Web del Maestro CMF\",\"description\":\"Maestros al servicio de la educaci\u00f3n\",\"publisher\":{\"@id\":\"https:\\\/\\\/webdelmaestrocmf.com\\\/portal\\\/#organization\"},\"alternateName\":\"WMCMF\",\"potentialAction\":[{\"@type\":\"SearchAction\",\"target\":{\"@type\":\"EntryPoint\",\"urlTemplate\":\"https:\\\/\\\/webdelmaestrocmf.com\\\/portal\\\/?s={search_term_string}\"},\"query-input\":{\"@type\":\"PropertyValueSpecification\",\"valueRequired\":true,\"valueName\":\"search_term_string\"}}],\"inLanguage\":\"es\"},{\"@type\":\"Organization\",\"@id\":\"https:\\\/\\\/webdelmaestrocmf.com\\\/portal\\\/#organization\",\"name\":\"Web del Maestro CMF\",\"alternateName\":\"WMCMF\",\"url\":\"https:\\\/\\\/webdelmaestrocmf.com\\\/portal\\\/\",\"logo\":{\"@type\":\"ImageObject\",\"inLanguage\":\"es\",\"@id\":\"https:\\\/\\\/webdelmaestrocmf.com\\\/portal\\\/#\\\/schema\\\/logo\\\/image\\\/\",\"url\":\"https:\\\/\\\/webdelmaestrocmf.com\\\/portal\\\/wp-content\\\/uploads\\\/2023\\\/01\\\/logo-wmcmf-2.png\",\"contentUrl\":\"https:\\\/\\\/webdelmaestrocmf.com\\\/portal\\\/wp-content\\\/uploads\\\/2023\\\/01\\\/logo-wmcmf-2.png\",\"width\":200,\"height\":60,\"caption\":\"Web del Maestro CMF\"},\"image\":{\"@id\":\"https:\\\/\\\/webdelmaestrocmf.com\\\/portal\\\/#\\\/schema\\\/logo\\\/image\\\/\"},\"sameAs\":[\"https:\\\/\\\/www.facebook.com\\\/WebdelMaestroCMF\\\/\",\"https:\\\/\\\/x.com\\\/cmf_w\",\"https:\\\/\\\/www.pinterest.com\\\/WMCMF\\\/\",\"https:\\\/\\\/www.linkedin.com\\\/company\\\/web-del-maestro-cmf\\\/\",\"https:\\\/\\\/www.instagram.com\\\/wmcmf\\\/\",\"https:\\\/\\\/www.youtube.com\\\/channel\\\/UCDPSvjbdodE5sHnC3OxutHw\",\"https:\\\/\\\/mastodon.social\\\/@wmcmf\",\"https:\\\/\\\/www.tiktok.com\\\/@webdelmaestrocmf\"]},{\"@type\":\"Person\",\"@id\":\"https:\\\/\\\/webdelmaestrocmf.com\\\/portal\\\/#\\\/schema\\\/person\\\/1072a2ed7bd960df8ef99a551fa35dc5\",\"name\":\"Web del Maestro CMF\",\"image\":{\"@type\":\"ImageObject\",\"inLanguage\":\"es\",\"@id\":\"https:\\\/\\\/secure.gravatar.com\\\/avatar\\\/23291dd5b5ae1077dcff3dbb04c3e02bd28403fa75af6d8787d5e97c5bbbe30b?s=96&d=mm&r=g\",\"url\":\"https:\\\/\\\/secure.gravatar.com\\\/avatar\\\/23291dd5b5ae1077dcff3dbb04c3e02bd28403fa75af6d8787d5e97c5bbbe30b?s=96&d=mm&r=g\",\"contentUrl\":\"https:\\\/\\\/secure.gravatar.com\\\/avatar\\\/23291dd5b5ae1077dcff3dbb04c3e02bd28403fa75af6d8787d5e97c5bbbe30b?s=96&d=mm&r=g\",\"caption\":\"Web del Maestro CMF\"},\"description\":\"Esta Web se cre\u00f3 sin fines de lucro, con fines educativos, cient\u00edficos y acad\u00e9micos, para personas que tengan dificultades y\\\/o inconvenientes en visualizar el material original. El objetivo es entregar recursos, compartir experiencias y materiales que ayuden a los padres de familia, maestros y estudiantes en su actualizaci\u00f3n y formaci\u00f3n permanente, en bien de la Educaci\u00f3n.\",\"sameAs\":[\"http:\\\/\\\/webdelmaestrocmf.com\\\/portal\",\"https:\\\/\\\/www.facebook.com\\\/WebdelMaestroCMF\\\/\",\"https:\\\/\\\/www.instagram.com\\\/wmcmf\\\/\",\"https:\\\/\\\/cl.linkedin.com\\\/company\\\/web-del-maestro-cmf\",\"https:\\\/\\\/www.pinterest.com\\\/WMCMF\\\/publicaciones\\\/\",\"https:\\\/\\\/x.com\\\/cmf_w\",\"https:\\\/\\\/www.youtube.com\\\/@WMCMF\"]}]}<\/script>\n<!-- \/ Yoast SEO plugin. -->","yoast_head_json":{"title":"Bukele impulsa la cortes\u00eda escolar: expresiones como \u201cbuenos d\u00edas\u201d, \u201cpor favor\u201d y \u201cgracias\u201d ser\u00e1n obligatorias en las aulas - 2026","description":"El Gobierno de El Salvador, bajo la administraci\u00f3n de Nayib Bukele, anunci\u00f3 la puesta en marcha de un reglamento que busca...","robots":{"index":"index","follow":"follow","max-snippet":"max-snippet:-1","max-image-preview":"max-image-preview:large","max-video-preview":"max-video-preview:-1"},"canonical":"https:\/\/webdelmaestrocmf.com\/portal\/bukele-impulsa-la-cortesia-escolar-expresiones-como-buenos-dias-por-favor-y-gracias-seran-obligatorias-en-las-aulas\/","og_locale":"es_ES","og_type":"article","og_title":"Bukele impulsa la cortes\u00eda escolar: expresiones como \u201cbuenos d\u00edas\u201d, \u201cpor favor\u201d y \u201cgracias\u201d ser\u00e1n obligatorias en las aulas - 2026","og_description":"El Gobierno de El Salvador, bajo la administraci\u00f3n de Nayib Bukele, anunci\u00f3 la puesta en marcha de un reglamento que busca...","og_url":"https:\/\/webdelmaestrocmf.com\/portal\/bukele-impulsa-la-cortesia-escolar-expresiones-como-buenos-dias-por-favor-y-gracias-seran-obligatorias-en-las-aulas\/","og_site_name":"Web del Maestro CMF","article_publisher":"https:\/\/www.facebook.com\/WebdelMaestroCMF\/","article_author":"https:\/\/www.facebook.com\/WebdelMaestroCMF\/","article_published_time":"2025-08-26T04:32:06+00:00","article_modified_time":"2025-08-26T04:44:09+00:00","og_image":[{"width":1003,"height":667,"url":"https:\/\/webdelmaestrocmf.com\/portal\/wp-content\/uploads\/2025\/08\/1A-Banner-1-portada-imagen-10-1-copia-1.jpg","type":"image\/jpeg"}],"author":"Web del Maestro CMF","twitter_card":"summary_large_image","twitter_creator":"@cmf_w","twitter_site":"@cmf_w","schema":{"@context":"https:\/\/schema.org","@graph":[{"@type":"ScholarlyArticle","@id":"https:\/\/webdelmaestrocmf.com\/portal\/bukele-impulsa-la-cortesia-escolar-expresiones-como-buenos-dias-por-favor-y-gracias-seran-obligatorias-en-las-aulas\/#article","isPartOf":{"@id":"https:\/\/webdelmaestrocmf.com\/portal\/bukele-impulsa-la-cortesia-escolar-expresiones-como-buenos-dias-por-favor-y-gracias-seran-obligatorias-en-las-aulas\/"},"author":{"name":"Web del Maestro CMF","@id":"https:\/\/webdelmaestrocmf.com\/portal\/#\/schema\/person\/1072a2ed7bd960df8ef99a551fa35dc5"},"headline":"Bukele impulsa la cortes\u00eda escolar: expresiones como \u201cbuenos d\u00edas\u201d, \u201cpor favor\u201d y \u201cgracias\u201d ser\u00e1n obligatorias en las aulas","datePublished":"2025-08-26T04:32:06+00:00","dateModified":"2025-08-26T04:44:09+00:00","mainEntityOfPage":{"@id":"https:\/\/webdelmaestrocmf.com\/portal\/bukele-impulsa-la-cortesia-escolar-expresiones-como-buenos-dias-por-favor-y-gracias-seran-obligatorias-en-las-aulas\/"},"wordCount":420,"commentCount":152,"publisher":{"@id":"https:\/\/webdelmaestrocmf.com\/portal\/#organization"},"image":{"@id":"https:\/\/webdelmaestrocmf.com\/portal\/bukele-impulsa-la-cortesia-escolar-expresiones-como-buenos-dias-por-favor-y-gracias-seran-obligatorias-en-las-aulas\/#primaryimage"},"thumbnailUrl":"https:\/\/webdelmaestrocmf.com\/portal\/wp-content\/uploads\/2025\/08\/1A-Banner-1-portada-imagen-10-1-copia-1.jpg","keywords":["AULAS","buenos d\u00edas","Bukele","cortes\u00eda","El Salvador","ESCOLAR","GRACIAS","POR FAVOR"],"articleSection":["Noticias Internacionales"],"inLanguage":"es","potentialAction":[{"@type":"CommentAction","name":"Comment","target":["https:\/\/webdelmaestrocmf.com\/portal\/bukele-impulsa-la-cortesia-escolar-expresiones-como-buenos-dias-por-favor-y-gracias-seran-obligatorias-en-las-aulas\/#respond"]}]},{"@type":"WebPage","@id":"https:\/\/webdelmaestrocmf.com\/portal\/bukele-impulsa-la-cortesia-escolar-expresiones-como-buenos-dias-por-favor-y-gracias-seran-obligatorias-en-las-aulas\/","url":"https:\/\/webdelmaestrocmf.com\/portal\/bukele-impulsa-la-cortesia-escolar-expresiones-como-buenos-dias-por-favor-y-gracias-seran-obligatorias-en-las-aulas\/","name":"Bukele impulsa la cortes\u00eda escolar: expresiones como \u201cbuenos d\u00edas\u201d, \u201cpor favor\u201d y \u201cgracias\u201d ser\u00e1n obligatorias en las aulas - 2026","isPartOf":{"@id":"https:\/\/webdelmaestrocmf.com\/portal\/#website"},"primaryImageOfPage":{"@id":"https:\/\/webdelmaestrocmf.com\/portal\/bukele-impulsa-la-cortesia-escolar-expresiones-como-buenos-dias-por-favor-y-gracias-seran-obligatorias-en-las-aulas\/#primaryimage"},"image":{"@id":"https:\/\/webdelmaestrocmf.com\/portal\/bukele-impulsa-la-cortesia-escolar-expresiones-como-buenos-dias-por-favor-y-gracias-seran-obligatorias-en-las-aulas\/#primaryimage"},"thumbnailUrl":"https:\/\/webdelmaestrocmf.com\/portal\/wp-content\/uploads\/2025\/08\/1A-Banner-1-portada-imagen-10-1-copia-1.jpg","datePublished":"2025-08-26T04:32:06+00:00","dateModified":"2025-08-26T04:44:09+00:00","description":"El Gobierno de El Salvador, bajo la administraci\u00f3n de Nayib Bukele, anunci\u00f3 la puesta en marcha de un reglamento que busca...","breadcrumb":{"@id":"https:\/\/webdelmaestrocmf.com\/portal\/bukele-impulsa-la-cortesia-escolar-expresiones-como-buenos-dias-por-favor-y-gracias-seran-obligatorias-en-las-aulas\/#breadcrumb"},"inLanguage":"es","potentialAction":[{"@type":"ReadAction","target":["https:\/\/webdelmaestrocmf.com\/portal\/bukele-impulsa-la-cortesia-escolar-expresiones-como-buenos-dias-por-favor-y-gracias-seran-obligatorias-en-las-aulas\/"]}]},{"@type":"ImageObject","inLanguage":"es","@id":"https:\/\/webdelmaestrocmf.com\/portal\/bukele-impulsa-la-cortesia-escolar-expresiones-como-buenos-dias-por-favor-y-gracias-seran-obligatorias-en-las-aulas\/#primaryimage","url":"https:\/\/webdelmaestrocmf.com\/portal\/wp-content\/uploads\/2025\/08\/1A-Banner-1-portada-imagen-10-1-copia-1.jpg","contentUrl":"https:\/\/webdelmaestrocmf.com\/portal\/wp-content\/uploads\/2025\/08\/1A-Banner-1-portada-imagen-10-1-copia-1.jpg","width":1003,"height":667},{"@type":"BreadcrumbList","@id":"https:\/\/webdelmaestrocmf.com\/portal\/bukele-impulsa-la-cortesia-escolar-expresiones-como-buenos-dias-por-favor-y-gracias-seran-obligatorias-en-las-aulas\/#breadcrumb","itemListElement":[{"@type":"ListItem","position":1,"name":"Portada","item":"https:\/\/webdelmaestrocmf.com\/portal\/"},{"@type":"ListItem","position":2,"name":"Noticias Internacionales","item":"https:\/\/webdelmaestrocmf.com\/portal\/category\/noticias-internacionales\/"},{"@type":"ListItem","position":3,"name":"Bukele impulsa la cortes\u00eda escolar: expresiones como \u201cbuenos d\u00edas\u201d, \u201cpor favor\u201d y \u201cgracias\u201d ser\u00e1n obligatorias en las aulas"}]},{"@type":"WebSite","@id":"https:\/\/webdelmaestrocmf.com\/portal\/#website","url":"https:\/\/webdelmaestrocmf.com\/portal\/","name":"Web del Maestro CMF","description":"Maestros al servicio de la educaci\u00f3n","publisher":{"@id":"https:\/\/webdelmaestrocmf.com\/portal\/#organization"},"alternateName":"WMCMF","potentialAction":[{"@type":"SearchAction","target":{"@type":"EntryPoint","urlTemplate":"https:\/\/webdelmaestrocmf.com\/portal\/?s={search_term_string}"},"query-input":{"@type":"PropertyValueSpecification","valueRequired":true,"valueName":"search_term_string"}}],"inLanguage":"es"},{"@type":"Organization","@id":"https:\/\/webdelmaestrocmf.com\/portal\/#organization","name":"Web del Maestro CMF","alternateName":"WMCMF","url":"https:\/\/webdelmaestrocmf.com\/portal\/","logo":{"@type":"ImageObject","inLanguage":"es","@id":"https:\/\/webdelmaestrocmf.com\/portal\/#\/schema\/logo\/image\/","url":"https:\/\/webdelmaestrocmf.com\/portal\/wp-content\/uploads\/2023\/01\/logo-wmcmf-2.png","contentUrl":"https:\/\/webdelmaestrocmf.com\/portal\/wp-content\/uploads\/2023\/01\/logo-wmcmf-2.png","width":200,"height":60,"caption":"Web del Maestro CMF"},"image":{"@id":"https:\/\/webdelmaestrocmf.com\/portal\/#\/schema\/logo\/image\/"},"sameAs":["https:\/\/www.facebook.com\/WebdelMaestroCMF\/","https:\/\/x.com\/cmf_w","https:\/\/www.pinterest.com\/WMCMF\/","https:\/\/www.linkedin.com\/company\/web-del-maestro-cmf\/","https:\/\/www.instagram.com\/wmcmf\/","https:\/\/www.youtube.com\/channel\/UCDPSvjbdodE5sHnC3OxutHw","https:\/\/mastodon.social\/@wmcmf","https:\/\/www.tiktok.com\/@webdelmaestrocmf"]},{"@type":"Person","@id":"https:\/\/webdelmaestrocmf.com\/portal\/#\/schema\/person\/1072a2ed7bd960df8ef99a551fa35dc5","name":"Web del Maestro CMF","image":{"@type":"ImageObject","inLanguage":"es","@id":"https:\/\/secure.gravatar.com\/avatar\/23291dd5b5ae1077dcff3dbb04c3e02bd28403fa75af6d8787d5e97c5bbbe30b?s=96&d=mm&r=g","url":"https:\/\/secure.gravatar.com\/avatar\/23291dd5b5ae1077dcff3dbb04c3e02bd28403fa75af6d8787d5e97c5bbbe30b?s=96&d=mm&r=g","contentUrl":"https:\/\/secure.gravatar.com\/avatar\/23291dd5b5ae1077dcff3dbb04c3e02bd28403fa75af6d8787d5e97c5bbbe30b?s=96&d=mm&r=g","caption":"Web del Maestro CMF"},"description":"Esta Web se cre\u00f3 sin fines de lucro, con fines educativos, cient\u00edficos y acad\u00e9micos, para personas que tengan dificultades y\/o inconvenientes en visualizar el material original. El objetivo es entregar recursos, compartir experiencias y materiales que ayuden a los padres de familia, maestros y estudiantes en su actualizaci\u00f3n y formaci\u00f3n permanente, en bien de la Educaci\u00f3n.","sameAs":["http:\/\/webdelmaestrocmf.com\/portal","https:\/\/www.facebook.com\/WebdelMaestroCMF\/","https:\/\/www.instagram.com\/wmcmf\/","https:\/\/cl.linkedin.com\/company\/web-del-maestro-cmf","https:\/\/www.pinterest.com\/WMCMF\/publicaciones\/","https:\/\/x.com\/cmf_w","https:\/\/www.youtube.com\/@WMCMF"]}]}},"jetpack_featured_media_url":"https:\/\/webdelmaestrocmf.com\/portal\/wp-content\/uploads\/2025\/08\/1A-Banner-1-portada-imagen-10-1-copia-1.jpg","jetpack_sharing_enabled":true,"jetpack-related-posts":[{"id":112365,"url":"https:\/\/webdelmaestrocmf.com\/portal\/bukele-justifica-disciplina-en-escuelas-evitara-pandillas\/","url_meta":{"origin":111997,"position":0},"title":"Bukele justifica disciplina en escuelas: evitar\u00e1 pandillas","author":"Web del Maestro CMF","date":"1 octubre, 2025","format":false,"excerpt":"\u201cLas medidas de disciplina en las escuelas buscan evitar que esta tragedia (pandillas) vuelva a repetirse\u201d, recalc\u00f3 el gobernante de El Salvador.","rel":"","context":"En \u00abNoticias Internacionales\u00bb","block_context":{"text":"Noticias Internacionales","link":"https:\/\/webdelmaestrocmf.com\/portal\/category\/noticias-internacionales\/"},"img":{"alt_text":"","src":"https:\/\/i0.wp.com\/webdelmaestrocmf.com\/portal\/wp-content\/uploads\/2025\/10\/1A-Banner-1-portada-imagen-10-1-copia.jpg?resize=350%2C200&ssl=1","width":350,"height":200,"srcset":"https:\/\/i0.wp.com\/webdelmaestrocmf.com\/portal\/wp-content\/uploads\/2025\/10\/1A-Banner-1-portada-imagen-10-1-copia.jpg?resize=350%2C200&ssl=1 1x, https:\/\/i0.wp.com\/webdelmaestrocmf.com\/portal\/wp-content\/uploads\/2025\/10\/1A-Banner-1-portada-imagen-10-1-copia.jpg?resize=525%2C300&ssl=1 1.5x, https:\/\/i0.wp.com\/webdelmaestrocmf.com\/portal\/wp-content\/uploads\/2025\/10\/1A-Banner-1-portada-imagen-10-1-copia.jpg?resize=700%2C400&ssl=1 2x"},"classes":[]},{"id":113296,"url":"https:\/\/webdelmaestrocmf.com\/portal\/crean-una-maquina-capaz-de-cortar-el-cabello-en-cuestion-de-segundos-en-redes-muchos-la-llaman-la-maquina-de-bukele\/","url_meta":{"origin":111997,"position":1},"title":"Crean una m\u00e1quina capaz de cortar el cabello en cuesti\u00f3n de segundos. En redes, muchos la llaman \u2018la m\u00e1quina de Bukele\u2019.","author":"Web del Maestro CMF","date":"7 noviembre, 2025","format":false,"excerpt":"Una m\u00e1quina corta el cabello a la perfecci\u00f3n en cinco segundos, mostrando hasta d\u00f3nde puede llegar la inteligencia artificial en la vida cotidiana.","rel":"","context":"En \u00abNoticias Internacionales\u00bb","block_context":{"text":"Noticias Internacionales","link":"https:\/\/webdelmaestrocmf.com\/portal\/category\/noticias-internacionales\/"},"img":{"alt_text":"","src":"https:\/\/i0.wp.com\/webdelmaestrocmf.com\/portal\/wp-content\/uploads\/2025\/11\/1A-Banner-1-portada-imagen-10-1-copia-4.webp?resize=350%2C200&ssl=1","width":350,"height":200,"srcset":"https:\/\/i0.wp.com\/webdelmaestrocmf.com\/portal\/wp-content\/uploads\/2025\/11\/1A-Banner-1-portada-imagen-10-1-copia-4.webp?resize=350%2C200&ssl=1 1x, https:\/\/i0.wp.com\/webdelmaestrocmf.com\/portal\/wp-content\/uploads\/2025\/11\/1A-Banner-1-portada-imagen-10-1-copia-4.webp?resize=525%2C300&ssl=1 1.5x, https:\/\/i0.wp.com\/webdelmaestrocmf.com\/portal\/wp-content\/uploads\/2025\/11\/1A-Banner-1-portada-imagen-10-1-copia-4.webp?resize=700%2C400&ssl=1 2x"},"classes":[]},{"id":116678,"url":"https:\/\/webdelmaestrocmf.com\/portal\/autoridades-de-el-salvador-impulsan-corte-de-cabello-basado-en-estilo-de-channing-tatum-la-disciplina-impuesta-por-nayib-bukele-en-las-escuelas\/","url_meta":{"origin":111997,"position":2},"title":"Autoridades de El Salvador impulsan corte de cabello basado en estilo de \u00abChanning Tatum\u00bb. La disciplina impuesta por Nayib Bukele en las escuelas","author":"Web del Maestro CMF","date":"20 marzo, 2026","format":false,"excerpt":"El Salvador impone un corte de cabello obligatorio en escuelas como medida de disciplina, generando debate sobre los l\u00edmites entre orden institucional, libertad individual y formaci\u00f3n integral de los estudiantes.","rel":"","context":"En \u00abNoticias Internacionales\u00bb","block_context":{"text":"Noticias Internacionales","link":"https:\/\/webdelmaestrocmf.com\/portal\/category\/noticias-internacionales\/"},"img":{"alt_text":"","src":"https:\/\/i0.wp.com\/webdelmaestrocmf.com\/portal\/wp-content\/uploads\/2026\/03\/1AA-Banner-1-portada-imagen-10-1-copia-1-4.webp?resize=350%2C200&ssl=1","width":350,"height":200,"srcset":"https:\/\/i0.wp.com\/webdelmaestrocmf.com\/portal\/wp-content\/uploads\/2026\/03\/1AA-Banner-1-portada-imagen-10-1-copia-1-4.webp?resize=350%2C200&ssl=1 1x, https:\/\/i0.wp.com\/webdelmaestrocmf.com\/portal\/wp-content\/uploads\/2026\/03\/1AA-Banner-1-portada-imagen-10-1-copia-1-4.webp?resize=525%2C300&ssl=1 1.5x, https:\/\/i0.wp.com\/webdelmaestrocmf.com\/portal\/wp-content\/uploads\/2026\/03\/1AA-Banner-1-portada-imagen-10-1-copia-1-4.webp?resize=700%2C400&ssl=1 2x, https:\/\/i0.wp.com\/webdelmaestrocmf.com\/portal\/wp-content\/uploads\/2026\/03\/1AA-Banner-1-portada-imagen-10-1-copia-1-4.webp?resize=1050%2C600&ssl=1 3x"},"classes":[]},{"id":111946,"url":"https:\/\/webdelmaestrocmf.com\/portal\/bukele-nombra-a-la-capitana-karla-trigueros-como-nueva-ministra-de-educacion-e-impulsa-disciplina-estricta-en-las-escuelas-publicas\/","url_meta":{"origin":111997,"position":3},"title":"Bukele nombra a la capitana Karla Trigueros como nueva ministra de Educaci\u00f3n e impulsa disciplina estricta en las escuelas p\u00fablicas","author":"Web del Maestro CMF","date":"20 agosto, 2025","format":false,"excerpt":"Bukele y la capitana Karla Trigueros impulsan disciplina estricta en escuelas salvadore\u00f1as, generando respaldo oficial y cr\u00edticas por posible militarizaci\u00f3n.","rel":"","context":"En \u00abNoticias Internacionales\u00bb","block_context":{"text":"Noticias Internacionales","link":"https:\/\/webdelmaestrocmf.com\/portal\/category\/noticias-internacionales\/"},"img":{"alt_text":"","src":"https:\/\/i0.wp.com\/webdelmaestrocmf.com\/portal\/wp-content\/uploads\/2025\/08\/1A-Banner-1-portada-imagen-10-1-copia-3-3.webp?resize=350%2C200&ssl=1","width":350,"height":200,"srcset":"https:\/\/i0.wp.com\/webdelmaestrocmf.com\/portal\/wp-content\/uploads\/2025\/08\/1A-Banner-1-portada-imagen-10-1-copia-3-3.webp?resize=350%2C200&ssl=1 1x, https:\/\/i0.wp.com\/webdelmaestrocmf.com\/portal\/wp-content\/uploads\/2025\/08\/1A-Banner-1-portada-imagen-10-1-copia-3-3.webp?resize=525%2C300&ssl=1 1.5x, https:\/\/i0.wp.com\/webdelmaestrocmf.com\/portal\/wp-content\/uploads\/2025\/08\/1A-Banner-1-portada-imagen-10-1-copia-3-3.webp?resize=700%2C400&ssl=1 2x"},"classes":[]},{"id":115101,"url":"https:\/\/webdelmaestrocmf.com\/portal\/bukele-y-musk-anuncian-el-uso-de-ia-grok-en-escuelas-publicas-de-el-salvador-promesas-interrogantes-y-advertencias\/","url_meta":{"origin":111997,"position":4},"title":"Bukele y Musk anuncian el uso de IA Grok en escuelas p\u00fablicas de El Salvador: promesas, interrogantes y advertencias","author":"Web del Maestro CMF","date":"3 febrero, 2026","format":false,"excerpt":"El uso de IA en escuelas promete personalizaci\u00f3n, pero genera dudas por falta de transparencia, control y fiabilidad de contenidos.","rel":"","context":"En \u00abNoticias Internacionales\u00bb","block_context":{"text":"Noticias Internacionales","link":"https:\/\/webdelmaestrocmf.com\/portal\/category\/noticias-internacionales\/"},"img":{"alt_text":"","src":"https:\/\/i0.wp.com\/webdelmaestrocmf.com\/portal\/wp-content\/uploads\/2026\/02\/1A-Banner-1-portada-imagen-10-1-copia-2-1.webp?resize=350%2C200&ssl=1","width":350,"height":200,"srcset":"https:\/\/i0.wp.com\/webdelmaestrocmf.com\/portal\/wp-content\/uploads\/2026\/02\/1A-Banner-1-portada-imagen-10-1-copia-2-1.webp?resize=350%2C200&ssl=1 1x, https:\/\/i0.wp.com\/webdelmaestrocmf.com\/portal\/wp-content\/uploads\/2026\/02\/1A-Banner-1-portada-imagen-10-1-copia-2-1.webp?resize=525%2C300&ssl=1 1.5x, https:\/\/i0.wp.com\/webdelmaestrocmf.com\/portal\/wp-content\/uploads\/2026\/02\/1A-Banner-1-portada-imagen-10-1-copia-2-1.webp?resize=700%2C400&ssl=1 2x"},"classes":[]},{"id":112932,"url":"https:\/\/webdelmaestrocmf.com\/portal\/de-la-ideologia-de-genero-al-lenguaje-inclusivo-la-cruzada-cultural-del-gobierno-de-bukele-en-la-educacion\/","url_meta":{"origin":111997,"position":5},"title":"De la \u201cideolog\u00eda de g\u00e9nero\u201d al \u201clenguaje inclusivo\u201d: la cruzada cultural del gobierno de Bukele en la educaci\u00f3n","author":"Web del Maestro CMF","date":"28 octubre, 2025","format":false,"excerpt":"Una pol\u00edtica educativa con carga ideol\u00f3gica","rel":"","context":"En \u00abNoticias Internacionales\u00bb","block_context":{"text":"Noticias Internacionales","link":"https:\/\/webdelmaestrocmf.com\/portal\/category\/noticias-internacionales\/"},"img":{"alt_text":"","src":"https:\/\/i0.wp.com\/webdelmaestrocmf.com\/portal\/wp-content\/uploads\/2025\/10\/1A-Banner-1-portada-imagen-10-1-copia-22.jpg?resize=350%2C200&ssl=1","width":350,"height":200,"srcset":"https:\/\/i0.wp.com\/webdelmaestrocmf.com\/portal\/wp-content\/uploads\/2025\/10\/1A-Banner-1-portada-imagen-10-1-copia-22.jpg?resize=350%2C200&ssl=1 1x, https:\/\/i0.wp.com\/webdelmaestrocmf.com\/portal\/wp-content\/uploads\/2025\/10\/1A-Banner-1-portada-imagen-10-1-copia-22.jpg?resize=525%2C300&ssl=1 1.5x, https:\/\/i0.wp.com\/webdelmaestrocmf.com\/portal\/wp-content\/uploads\/2025\/10\/1A-Banner-1-portada-imagen-10-1-copia-22.jpg?resize=700%2C400&ssl=1 2x"},"classes":[]}],"_links":{"self":[{"href":"https:\/\/webdelmaestrocmf.com\/portal\/wp-json\/wp\/v2\/posts\/111997","targetHints":{"allow":["GET"]}}],"collection":[{"href":"https:\/\/webdelmaestrocmf.com\/portal\/wp-json\/wp\/v2\/posts"}],"about":[{"href":"https:\/\/webdelmaestrocmf.com\/portal\/wp-json\/wp\/v2\/types\/post"}],"author":[{"embeddable":true,"href":"https:\/\/webdelmaestrocmf.com\/portal\/wp-json\/wp\/v2\/users\/1"}],"replies":[{"embeddable":true,"href":"https:\/\/webdelmaestrocmf.com\/portal\/wp-json\/wp\/v2\/comments?post=111997"}],"version-history":[{"count":3,"href":"https:\/\/webdelmaestrocmf.com\/portal\/wp-json\/wp\/v2\/posts\/111997\/revisions"}],"predecessor-version":[{"id":112001,"href":"https:\/\/webdelmaestrocmf.com\/portal\/wp-json\/wp\/v2\/posts\/111997\/revisions\/112001"}],"wp:featuredmedia":[{"embeddable":true,"href":"https:\/\/webdelmaestrocmf.com\/portal\/wp-json\/wp\/v2\/media\/111998"}],"wp:attachment":[{"href":"https:\/\/webdelmaestrocmf.com\/portal\/wp-json\/wp\/v2\/media?parent=111997"}],"wp:term":[{"taxonomy":"category","embeddable":true,"href":"https:\/\/webdelmaestrocmf.com\/portal\/wp-json\/wp\/v2\/categories?post=111997"},{"taxonomy":"post_tag","embeddable":true,"href":"https:\/\/webdelmaestrocmf.com\/portal\/wp-json\/wp\/v2\/tags?post=111997"}],"curies":[{"name":"wp","href":"https:\/\/api.w.org\/{rel}","templated":true}]}}