{"id":111990,"date":"2025-08-23T12:58:28","date_gmt":"2025-08-23T16:58:28","guid":{"rendered":"https:\/\/webdelmaestrocmf.com\/portal\/?p=111990"},"modified":"2025-08-23T12:58:30","modified_gmt":"2025-08-23T16:58:30","slug":"dinamarca-y-la-empatia-en-las-aulas-la-hora-semanal-que-fortalece-la-convivencia-escolar","status":"publish","type":"post","link":"https:\/\/webdelmaestrocmf.com\/portal\/dinamarca-y-la-empatia-en-las-aulas-la-hora-semanal-que-fortalece-la-convivencia-escolar\/","title":{"rendered":"Dinamarca y la empat\u00eda en las aulas: la hora semanal que fortalece la convivencia escolar"},"content":{"rendered":"\n<p>En Dinamarca, la escuela p\u00fablica reserva cada semana un espacio especial llamado <strong>Klassens tid<\/strong>, o \u201ctiempo de clase\u201d. No se trata de una asignatura con calificaciones, sino de una hora dedicada a la convivencia, la escucha y la resoluci\u00f3n de conflictos. Desde mediados de los a\u00f1os setenta esta pr\u00e1ctica ha buscado fortalecer el bienestar estudiantil, y con las reformas posteriores se consolid\u00f3 como parte obligatoria de la vida escolar. El objetivo es simple pero profundo: que los alumnos aprendan a expresarse, a respetar a los dem\u00e1s y a construir un clima de confianza en el aula.<\/p>\n\n\n\n<p>Los resultados son visibles. Diversos estudios internacionales muestran que Dinamarca mantiene <strong>tasas de acoso escolar m\u00e1s bajas que la mayor\u00eda de pa\u00edses europeos<\/strong>, adem\u00e1s de ubicarse de forma estable entre los primeros lugares en los \u00edndices de felicidad mundial. Aunque no es correcto decir que invent\u00f3 \u201cuna asignatura de empat\u00eda en 1993\u201d, s\u00ed es cierto que la educaci\u00f3n danesa ha convertido el <strong>bienestar emocional y la empat\u00eda<\/strong> en pilares centrales de su modelo. Este enfoque demuestra que aprender a convivir es tan importante como aprender matem\u00e1ticas o ciencias, y que cuidar la vida de la clase puede marcar la diferencia en la formaci\u00f3n integral de los estudiantes.<\/p>\n\n\n\n<figure class=\"wp-block-image size-full\"><img loading=\"lazy\" decoding=\"async\" width=\"1003\" height=\"667\" src=\"https:\/\/webdelmaestrocmf.com\/portal\/wp-content\/uploads\/2025\/08\/1A-Banner-1-portada-imagen-10-1-copia-12-1.webp\" alt=\"\" class=\"wp-image-111991\" srcset=\"https:\/\/webdelmaestrocmf.com\/portal\/wp-content\/uploads\/2025\/08\/1A-Banner-1-portada-imagen-10-1-copia-12-1.webp 1003w, https:\/\/webdelmaestrocmf.com\/portal\/wp-content\/uploads\/2025\/08\/1A-Banner-1-portada-imagen-10-1-copia-12-1-300x200.webp 300w, https:\/\/webdelmaestrocmf.com\/portal\/wp-content\/uploads\/2025\/08\/1A-Banner-1-portada-imagen-10-1-copia-12-1-768x511.webp 768w, https:\/\/webdelmaestrocmf.com\/portal\/wp-content\/uploads\/2025\/08\/1A-Banner-1-portada-imagen-10-1-copia-12-1-332x221.webp 332w, https:\/\/webdelmaestrocmf.com\/portal\/wp-content\/uploads\/2025\/08\/1A-Banner-1-portada-imagen-10-1-copia-12-1-664x442.webp 664w, https:\/\/webdelmaestrocmf.com\/portal\/wp-content\/uploads\/2025\/08\/1A-Banner-1-portada-imagen-10-1-copia-12-1-688x458.webp 688w\" sizes=\"auto, (max-width: 1003px) 100vw, 1003px\" \/><\/figure>\n\n\n\n<h2 class=\"wp-block-heading\"><strong>\u00bfEs cierto que en 1993 Dinamarca cre\u00f3 una asignatura de empat\u00eda?<\/strong><\/h2>\n\n\n\n<p>No exactamente. En Dinamarca existe desde <strong>1975<\/strong> una hora semanal llamada <strong>Klassens tid<\/strong> (\u201ctiempo de clase\u201d). En ese espacio los estudiantes, junto a su profesor, hablan de c\u00f3mo se sienten, resuelven conflictos y trabajan el clima del aula.<br>En 1993 hubo una gran reforma educativa, pero esta pr\u00e1ctica ya exist\u00eda antes. Por eso, <strong>no se trata de una \u201casignatura con nota\u201d de empat\u00eda<\/strong>, sino de un <strong>tiempo obligatorio de convivencia<\/strong>.<\/p>\n\n\n\n<h2 class=\"wp-block-heading\"><strong>\u00bfQu\u00e9 impacto tiene en el acoso escolar?<\/strong><\/h2>\n\n\n\n<p>Los estudios europeos muestran que Dinamarca est\u00e1 <strong>entre los pa\u00edses con menos casos de acoso escolar habitual<\/strong>. Por ejemplo, en una encuesta internacional reciente, <strong>solo el 6,3 % de los estudiantes dijo sufrir bullying con frecuencia<\/strong>, lo cual es muy bajo comparado con otros pa\u00edses.<br>Ahora bien, en evaluaciones como PISA, cuando se pregunta de manera m\u00e1s amplia, cerca del 23 % de alumnos reconoce haber sufrido alg\u00fan tipo de acoso. Es decir, Dinamarca sale bien en las comparaciones, pero <strong>no se puede decir que sea el pa\u00eds con la tasa m\u00e1s baja del mundo en todos los indicadores<\/strong>.<\/p>\n\n\n\n<h2 class=\"wp-block-heading\"><strong>\u00bfEs el pa\u00eds m\u00e1s feliz del mundo?<\/strong><\/h2>\n\n\n\n<p>Dinamarca siempre est\u00e1 en el <strong>top 3 del ranking mundial de felicidad<\/strong>, pero en los \u00faltimos a\u00f1os el primer lugar lo ocupa Finlandia. Por tanto, decir que es \u201cel m\u00e1s feliz del mundo\u201d es una exageraci\u00f3n, aunque s\u00ed es de los m\u00e1s felices de manera estable.<\/p>\n\n\n\n<h2 class=\"wp-block-heading\"><strong>\u00bfPor qu\u00e9 se habla tanto de empat\u00eda?<\/strong><\/h2>\n\n\n\n<p>Porque la escuela danesa entendi\u00f3 que <strong>aprender a convivir es tan importante como aprender matem\u00e1ticas o historia<\/strong>. La hora de <em>Klassens tid<\/em> ayuda a que los estudiantes desarrollen habilidades sociales, aprendan a escuchar, a expresar emociones y a resolver problemas sin violencia.<br>Esto se conecta con lo que la <strong>neurociencia<\/strong> est\u00e1 descubriendo: cuando practicamos la empat\u00eda y la cooperaci\u00f3n, el cerebro activa \u00e1reas relacionadas con la regulaci\u00f3n emocional y la toma de perspectiva. As\u00ed, los ni\u00f1os entrenan no solo su conducta, sino tambi\u00e9n su capacidad de comprender y apoyar a los dem\u00e1s.<\/p>\n\n\n\n<h2 class=\"wp-block-heading\"><strong>\u00bfFunciona?<\/strong><\/h2>\n\n\n\n<p>La evidencia internacional sobre programas de educaci\u00f3n socioemocional muestra beneficios claros:<\/p>\n\n\n\n<ul class=\"wp-block-list\">\n<li>Mejor clima escolar.<\/li>\n\n\n\n<li>Reducci\u00f3n de la violencia.<\/li>\n\n\n\n<li>Mejores resultados acad\u00e9micos.<\/li>\n\n\n\n<li>Mayor bienestar psicol\u00f3gico en la infancia y adolescencia.<br>Dinamarca refuerza esto con <strong>encuestas nacionales de bienestar estudiantil<\/strong> y un fuerte apoyo cultural a la colaboraci\u00f3n por encima de la competencia.<\/li>\n<\/ul>\n\n\n\n<h2 class=\"wp-block-heading\"><strong>Conclusi\u00f3n<\/strong><\/h2>\n\n\n\n<p>La frase que circula en redes sociales es <strong>parcialmente cierta y parcialmente exagerada<\/strong>. <em>\u00abEn 1993, Dinamarca convirti\u00f3 la empat\u00eda en una asignatura obligatoria. Hoy en d\u00eda, tiene la tasa de acoso escolar m\u00e1s baja y la tasa de felicidad m\u00e1s alta del mundo\u00bb.<\/em><\/p>\n\n\n\n<ul class=\"wp-block-list\">\n<li><strong>S\u00ed es real<\/strong> que Dinamarca dedica tiempo obligatorio a la convivencia y a la empat\u00eda en la escuela.<\/li>\n\n\n\n<li><strong>No es exacto<\/strong> que sea una asignatura formal creada en 1993.<\/li>\n\n\n\n<li><strong>S\u00ed es cierto<\/strong> que sus estudiantes tienen menos bullying que en muchos pa\u00edses, aunque no siempre \u201cla tasa m\u00e1s baja\u201d.<\/li>\n\n\n\n<li><strong>S\u00ed est\u00e1<\/strong> entre los pa\u00edses m\u00e1s felices, aunque no siempre en el primer puesto.<\/li>\n<\/ul>\n\n\n\n<p>Lo importante no es el mito, sino la lecci\u00f3n: <strong>cuando un pa\u00eds protege tiempo en la escuela para hablar, escuchar y cuidar el bienestar de sus estudiantes, los resultados se notan dentro y fuera del aula<\/strong>.<\/p>\n\n\n\n<p class=\"has-text-align-right\"><strong>Redacci\u00f3n | Web del Maestro CMF<\/strong><\/p>\n\n\n\t\t<div class=\"pk-inline-posts\">\n\t\t\t\n\t\t\t<div class=\"pk-inline-posts-container pk-inline-posts-template-list\"\n\t\t\t\tdata-columns=\"1\">\n\t\t\t\t\t\t<article id=\"post-98052\" class=\"post-98052 post type-post status-publish format-standard has-post-thumbnail category-educacion-emocional category-libros category-pedagogia tag-aula tag-beneficios-de-la-educacion-emocional tag-como-ensenar-educacion-emocional tag-educacion-emocional tag-educacion-emocional-en-el-aula tag-educacion-emocional-en-primaria tag-secundaria cs-entry cs-video-wrap\">\n\t\t\t<div class=\"pk-post-outer\">\n\n\t\t\t\t\t\t\t\t<div class=\"pk-post-inner\">\n\t\t\t\t\t<div class=\"entry-thumbnail\">\n\t\t\t\t\t\t<div class=\"pk-overlay pk-overlay-ratio pk-ratio-landscape\">\n\t\t\t\t\t\t\t<div class=\"pk-overlay-background\">\n\t\t\t\t\t\t\t\t<a href=\"https:\/\/webdelmaestrocmf.com\/portal\/educacion-emocional-por-que-es-importante-y-como-implementarla-en-primaria-y-secundaria\/\" class=\"pk-overlay-link\">\n\t\t\t\t\t\t\t\t\t<img loading=\"lazy\" decoding=\"async\" width=\"300\" height=\"225\" src=\"https:\/\/webdelmaestrocmf.com\/portal\/wp-content\/uploads\/2026\/03\/1AA-Banner-1-portada-imagen-10-1-copia-1-6-300x225.webp\" class=\"attachment-pk-thumbnail size-pk-thumbnail wp-post-image\" alt=\"\" \/>\t\t\t\t\t\t\t\t<\/a>\n\t\t\t\t\t\t\t<\/div>\n\t\t\t\t\t\t<\/div>\n\t\t\t\t\t<\/div>\n\t\t\t\t<\/div>\n\t\t\t\t\n\t\t\t\t<div class=\"pk-post-inner\">\n\t\t\t\t\t<header>\n\t\t\t\t\t\t<h3 class=\"pk-title\"><a href=\"https:\/\/webdelmaestrocmf.com\/portal\/educacion-emocional-por-que-es-importante-y-como-implementarla-en-primaria-y-secundaria\/\" rel=\"bookmark\">Educaci\u00f3n emocional: descarga el cuaderno de regulaci\u00f3n emocional para primaria, herramientas pr\u00e1cticas para secundaria y una gu\u00eda completa para el docente<\/a><\/h3>\t\t\t\t\t<\/header><!-- .entry-header -->\n\t\t\t\t<\/div><!-- .post-inner -->\n\n\t\t\t<\/div><!-- .post-outer -->\n\t\t<\/article>\n\t\t\t<article id=\"post-117803\" class=\"post-117803 post type-post status-publish format-standard has-post-thumbnail category-descarga category-emociones category-pedagogia tag-aprendizaje-ludico-2 tag-aula-innovadora tag-docentes tag-educacion-emocional-3 tag-estrategias-didacticas-2 tag-inteligencia-emocional tag-juego-educativo tag-powerpoint-educativo tag-recursos-educativos cs-entry cs-video-wrap\">\n\t\t\t<div class=\"pk-post-outer\">\n\n\t\t\t\t\t\t\t\t<div class=\"pk-post-inner\">\n\t\t\t\t\t<div class=\"entry-thumbnail\">\n\t\t\t\t\t\t<div class=\"pk-overlay pk-overlay-ratio pk-ratio-landscape\">\n\t\t\t\t\t\t\t<div class=\"pk-overlay-background\">\n\t\t\t\t\t\t\t\t<a href=\"https:\/\/webdelmaestrocmf.com\/portal\/descarga-el-juego-educativo-interactivo-desafios-intensamente-en-powerpoint-para-trabajar-las-emociones-incluye-una-consola-con-4-dinamicas-ludicas-y-didacticas\/\" class=\"pk-overlay-link\">\n\t\t\t\t\t\t\t\t\t<img loading=\"lazy\" decoding=\"async\" width=\"300\" height=\"225\" src=\"https:\/\/webdelmaestrocmf.com\/portal\/wp-content\/uploads\/2026\/04\/1AA-Banner-1-portada-imagen-10-1-copia-18-300x225.webp\" class=\"attachment-pk-thumbnail size-pk-thumbnail wp-post-image\" alt=\"\" \/>\t\t\t\t\t\t\t\t<\/a>\n\t\t\t\t\t\t\t<\/div>\n\t\t\t\t\t\t<\/div>\n\t\t\t\t\t<\/div>\n\t\t\t\t<\/div>\n\t\t\t\t\n\t\t\t\t<div class=\"pk-post-inner\">\n\t\t\t\t\t<header>\n\t\t\t\t\t\t<h3 class=\"pk-title\"><a href=\"https:\/\/webdelmaestrocmf.com\/portal\/descarga-el-juego-educativo-interactivo-desafios-intensamente-en-powerpoint-para-trabajar-las-emociones-incluye-una-consola-con-4-dinamicas-ludicas-y-didacticas\/\" rel=\"bookmark\">Descarga el Juego Educativo Interactivo \u201cDesaf\u00edos Intensamente\u201d en PowerPoint para trabajar las emociones: incluye una consola con 4 din\u00e1micas l\u00fadicas y did\u00e1cticas<\/a><\/h3>\t\t\t\t\t<\/header><!-- .entry-header -->\n\t\t\t\t<\/div><!-- .post-inner -->\n\n\t\t\t<\/div><!-- .post-outer -->\n\t\t<\/article>\n\t\t\t<article id=\"post-97204\" class=\"post-97204 post type-post status-publish format-standard has-post-thumbnail category-emociones category-padres category-pedagogia tag-animo tag-aspectos tag-autoestima tag-emociones tag-evaluamos tag-mochila tag-revise tag-tambien cs-entry cs-video-wrap\">\n\t\t\t<div class=\"pk-post-outer\">\n\n\t\t\t\t\t\t\t\t<div class=\"pk-post-inner\">\n\t\t\t\t\t<div class=\"entry-thumbnail\">\n\t\t\t\t\t\t<div class=\"pk-overlay pk-overlay-ratio pk-ratio-landscape\">\n\t\t\t\t\t\t\t<div class=\"pk-overlay-background\">\n\t\t\t\t\t\t\t\t<a href=\"https:\/\/webdelmaestrocmf.com\/portal\/no-solo-revise-su-mochila-sino-que-tambien-evaluamos-sus-emociones-animo-autoestima-entre-otros-aspectos\/\" class=\"pk-overlay-link\">\n\t\t\t\t\t\t\t\t\t<img loading=\"lazy\" decoding=\"async\" width=\"300\" height=\"225\" src=\"https:\/\/webdelmaestrocmf.com\/portal\/wp-content\/uploads\/2023\/10\/1AA-Banner-1-portada-imagen-10-1-copia-4-300x225.webp\" class=\"attachment-pk-thumbnail size-pk-thumbnail wp-post-image\" alt=\"\" \/>\t\t\t\t\t\t\t\t<\/a>\n\t\t\t\t\t\t\t<\/div>\n\t\t\t\t\t\t<\/div>\n\t\t\t\t\t<\/div>\n\t\t\t\t<\/div>\n\t\t\t\t\n\t\t\t\t<div class=\"pk-post-inner\">\n\t\t\t\t\t<header>\n\t\t\t\t\t\t<h3 class=\"pk-title\"><a href=\"https:\/\/webdelmaestrocmf.com\/portal\/no-solo-revise-su-mochila-sino-que-tambien-evaluamos-sus-emociones-animo-autoestima-entre-otros-aspectos\/\" rel=\"bookmark\">No solo revise su mochila, sino que tambi\u00e9n evaluamos sus emociones, \u00e1nimo, autoestima, entre otros aspectos<\/a><\/h3>\t\t\t\t\t<\/header><!-- .entry-header -->\n\t\t\t\t<\/div><!-- .post-inner -->\n\n\t\t\t<\/div><!-- .post-outer -->\n\t\t<\/article>\n\t\t\t\t<\/div>\n\t\t<\/div>\n\t\t\n","protected":false},"excerpt":{"rendered":"Dinamarca dedica una hora semanal a la convivencia escolar, fortaleciendo la empat\u00eda, reduciendo el acoso y promoviendo bienestar estudiantil.","protected":false},"author":1,"featured_media":111992,"comment_status":"open","ping_status":"closed","sticky":false,"template":"","format":"standard","meta":{"csco_display_header_overlay":false,"csco_singular_sidebar":"","csco_page_header_type":"","csco_page_load_nextpost":"","csco_post_video_location":[],"csco_post_video_location_hash":"","csco_post_video_url":"","csco_post_video_bg_start_time":0,"csco_post_video_bg_end_time":0,"csco_post_video_bg_volume":false,"_jetpack_memberships_contains_paid_content":false,"footnotes":""},"categories":[13914,3900,735],"tags":[24146,24147],"class_list":{"0":"post-111990","1":"post","2":"type-post","3":"status-publish","4":"format-standard","5":"has-post-thumbnail","7":"category-educacion-emocional","8":"category-emociones","9":"category-pedagogia","10":"tag-dinamarca","11":"tag-empatia-2","12":"cs-entry","13":"cs-video-wrap"},"yoast_head":"<!-- This site is optimized with the Yoast SEO plugin v27.5 - https:\/\/yoast.com\/product\/yoast-seo-wordpress\/ -->\n<title>Dinamarca y la empat\u00eda en las aulas: la hora semanal que fortalece la convivencia escolar - 2026<\/title>\n<meta name=\"description\" content=\"En Dinamarca, la escuela p\u00fablica reserva cada semana un espacio especial llamado Klassens tid, o \u201ctiempo de clase\u201d.\" \/>\n<meta name=\"robots\" content=\"index, follow, max-snippet:-1, max-image-preview:large, max-video-preview:-1\" \/>\n<link rel=\"canonical\" href=\"https:\/\/webdelmaestrocmf.com\/portal\/dinamarca-y-la-empatia-en-las-aulas-la-hora-semanal-que-fortalece-la-convivencia-escolar\/\" \/>\n<meta property=\"og:locale\" content=\"es_ES\" \/>\n<meta property=\"og:type\" content=\"article\" \/>\n<meta property=\"og:title\" content=\"Dinamarca y la empat\u00eda en las aulas: la hora semanal que fortalece la convivencia escolar - 2026\" \/>\n<meta property=\"og:description\" content=\"En Dinamarca, la escuela p\u00fablica reserva cada semana un espacio especial llamado Klassens tid, o \u201ctiempo de clase\u201d.\" \/>\n<meta property=\"og:url\" content=\"https:\/\/webdelmaestrocmf.com\/portal\/dinamarca-y-la-empatia-en-las-aulas-la-hora-semanal-que-fortalece-la-convivencia-escolar\/\" \/>\n<meta property=\"og:site_name\" content=\"Web del Maestro CMF\" \/>\n<meta property=\"article:publisher\" content=\"https:\/\/www.facebook.com\/WebdelMaestroCMF\/\" \/>\n<meta property=\"article:author\" content=\"https:\/\/www.facebook.com\/WebdelMaestroCMF\/\" \/>\n<meta property=\"article:published_time\" content=\"2025-08-23T16:58:28+00:00\" \/>\n<meta property=\"article:modified_time\" content=\"2025-08-23T16:58:30+00:00\" \/>\n<meta property=\"og:image\" content=\"https:\/\/webdelmaestrocmf.com\/portal\/wp-content\/uploads\/2025\/08\/1A-Banner-1-portada-imagen-10-1-copia-13-1.webp\" \/>\n\t<meta property=\"og:image:width\" content=\"1003\" \/>\n\t<meta property=\"og:image:height\" content=\"667\" \/>\n\t<meta property=\"og:image:type\" content=\"image\/webp\" \/>\n<meta name=\"author\" content=\"Web del Maestro CMF\" \/>\n<meta name=\"twitter:card\" content=\"summary_large_image\" \/>\n<meta name=\"twitter:creator\" content=\"@cmf_w\" \/>\n<meta name=\"twitter:site\" content=\"@cmf_w\" \/>\n<script type=\"application\/ld+json\" class=\"yoast-schema-graph\">{\"@context\":\"https:\\\/\\\/schema.org\",\"@graph\":[{\"@type\":\"ScholarlyArticle\",\"@id\":\"https:\\\/\\\/webdelmaestrocmf.com\\\/portal\\\/dinamarca-y-la-empatia-en-las-aulas-la-hora-semanal-que-fortalece-la-convivencia-escolar\\\/#article\",\"isPartOf\":{\"@id\":\"https:\\\/\\\/webdelmaestrocmf.com\\\/portal\\\/dinamarca-y-la-empatia-en-las-aulas-la-hora-semanal-que-fortalece-la-convivencia-escolar\\\/\"},\"author\":{\"name\":\"Web del Maestro CMF\",\"@id\":\"https:\\\/\\\/webdelmaestrocmf.com\\\/portal\\\/#\\\/schema\\\/person\\\/1072a2ed7bd960df8ef99a551fa35dc5\"},\"headline\":\"Dinamarca y la empat\u00eda en las aulas: la hora semanal que fortalece la convivencia escolar\",\"datePublished\":\"2025-08-23T16:58:28+00:00\",\"dateModified\":\"2025-08-23T16:58:30+00:00\",\"mainEntityOfPage\":{\"@id\":\"https:\\\/\\\/webdelmaestrocmf.com\\\/portal\\\/dinamarca-y-la-empatia-en-las-aulas-la-hora-semanal-que-fortalece-la-convivencia-escolar\\\/\"},\"wordCount\":807,\"commentCount\":0,\"publisher\":{\"@id\":\"https:\\\/\\\/webdelmaestrocmf.com\\\/portal\\\/#organization\"},\"image\":{\"@id\":\"https:\\\/\\\/webdelmaestrocmf.com\\\/portal\\\/dinamarca-y-la-empatia-en-las-aulas-la-hora-semanal-que-fortalece-la-convivencia-escolar\\\/#primaryimage\"},\"thumbnailUrl\":\"https:\\\/\\\/webdelmaestrocmf.com\\\/portal\\\/wp-content\\\/uploads\\\/2025\\\/08\\\/1A-Banner-1-portada-imagen-10-1-copia-13-1.webp\",\"keywords\":[\"Dinamarca\",\"empat\u00eda\"],\"articleSection\":[\"Educaci\u00f3n Emocional\",\"Emociones\",\"Recursos\"],\"inLanguage\":\"es\",\"potentialAction\":[{\"@type\":\"CommentAction\",\"name\":\"Comment\",\"target\":[\"https:\\\/\\\/webdelmaestrocmf.com\\\/portal\\\/dinamarca-y-la-empatia-en-las-aulas-la-hora-semanal-que-fortalece-la-convivencia-escolar\\\/#respond\"]}]},{\"@type\":\"WebPage\",\"@id\":\"https:\\\/\\\/webdelmaestrocmf.com\\\/portal\\\/dinamarca-y-la-empatia-en-las-aulas-la-hora-semanal-que-fortalece-la-convivencia-escolar\\\/\",\"url\":\"https:\\\/\\\/webdelmaestrocmf.com\\\/portal\\\/dinamarca-y-la-empatia-en-las-aulas-la-hora-semanal-que-fortalece-la-convivencia-escolar\\\/\",\"name\":\"Dinamarca y la empat\u00eda en las aulas: la hora semanal que fortalece la convivencia escolar - 2026\",\"isPartOf\":{\"@id\":\"https:\\\/\\\/webdelmaestrocmf.com\\\/portal\\\/#website\"},\"primaryImageOfPage\":{\"@id\":\"https:\\\/\\\/webdelmaestrocmf.com\\\/portal\\\/dinamarca-y-la-empatia-en-las-aulas-la-hora-semanal-que-fortalece-la-convivencia-escolar\\\/#primaryimage\"},\"image\":{\"@id\":\"https:\\\/\\\/webdelmaestrocmf.com\\\/portal\\\/dinamarca-y-la-empatia-en-las-aulas-la-hora-semanal-que-fortalece-la-convivencia-escolar\\\/#primaryimage\"},\"thumbnailUrl\":\"https:\\\/\\\/webdelmaestrocmf.com\\\/portal\\\/wp-content\\\/uploads\\\/2025\\\/08\\\/1A-Banner-1-portada-imagen-10-1-copia-13-1.webp\",\"datePublished\":\"2025-08-23T16:58:28+00:00\",\"dateModified\":\"2025-08-23T16:58:30+00:00\",\"description\":\"En Dinamarca, la escuela p\u00fablica reserva cada semana un espacio especial llamado Klassens tid, o \u201ctiempo de clase\u201d.\",\"breadcrumb\":{\"@id\":\"https:\\\/\\\/webdelmaestrocmf.com\\\/portal\\\/dinamarca-y-la-empatia-en-las-aulas-la-hora-semanal-que-fortalece-la-convivencia-escolar\\\/#breadcrumb\"},\"inLanguage\":\"es\",\"potentialAction\":[{\"@type\":\"ReadAction\",\"target\":[\"https:\\\/\\\/webdelmaestrocmf.com\\\/portal\\\/dinamarca-y-la-empatia-en-las-aulas-la-hora-semanal-que-fortalece-la-convivencia-escolar\\\/\"]}]},{\"@type\":\"ImageObject\",\"inLanguage\":\"es\",\"@id\":\"https:\\\/\\\/webdelmaestrocmf.com\\\/portal\\\/dinamarca-y-la-empatia-en-las-aulas-la-hora-semanal-que-fortalece-la-convivencia-escolar\\\/#primaryimage\",\"url\":\"https:\\\/\\\/webdelmaestrocmf.com\\\/portal\\\/wp-content\\\/uploads\\\/2025\\\/08\\\/1A-Banner-1-portada-imagen-10-1-copia-13-1.webp\",\"contentUrl\":\"https:\\\/\\\/webdelmaestrocmf.com\\\/portal\\\/wp-content\\\/uploads\\\/2025\\\/08\\\/1A-Banner-1-portada-imagen-10-1-copia-13-1.webp\",\"width\":1003,\"height\":667},{\"@type\":\"BreadcrumbList\",\"@id\":\"https:\\\/\\\/webdelmaestrocmf.com\\\/portal\\\/dinamarca-y-la-empatia-en-las-aulas-la-hora-semanal-que-fortalece-la-convivencia-escolar\\\/#breadcrumb\",\"itemListElement\":[{\"@type\":\"ListItem\",\"position\":1,\"name\":\"Portada\",\"item\":\"https:\\\/\\\/webdelmaestrocmf.com\\\/portal\\\/\"},{\"@type\":\"ListItem\",\"position\":2,\"name\":\"Recursos\",\"item\":\"https:\\\/\\\/webdelmaestrocmf.com\\\/portal\\\/category\\\/pedagogia\\\/\"},{\"@type\":\"ListItem\",\"position\":3,\"name\":\"Dinamarca y la empat\u00eda en las aulas: la hora semanal que fortalece la convivencia escolar\"}]},{\"@type\":\"WebSite\",\"@id\":\"https:\\\/\\\/webdelmaestrocmf.com\\\/portal\\\/#website\",\"url\":\"https:\\\/\\\/webdelmaestrocmf.com\\\/portal\\\/\",\"name\":\"Web del Maestro CMF\",\"description\":\"Maestros al servicio de la educaci\u00f3n\",\"publisher\":{\"@id\":\"https:\\\/\\\/webdelmaestrocmf.com\\\/portal\\\/#organization\"},\"alternateName\":\"WMCMF\",\"potentialAction\":[{\"@type\":\"SearchAction\",\"target\":{\"@type\":\"EntryPoint\",\"urlTemplate\":\"https:\\\/\\\/webdelmaestrocmf.com\\\/portal\\\/?s={search_term_string}\"},\"query-input\":{\"@type\":\"PropertyValueSpecification\",\"valueRequired\":true,\"valueName\":\"search_term_string\"}}],\"inLanguage\":\"es\"},{\"@type\":\"Organization\",\"@id\":\"https:\\\/\\\/webdelmaestrocmf.com\\\/portal\\\/#organization\",\"name\":\"Web del Maestro CMF\",\"alternateName\":\"WMCMF\",\"url\":\"https:\\\/\\\/webdelmaestrocmf.com\\\/portal\\\/\",\"logo\":{\"@type\":\"ImageObject\",\"inLanguage\":\"es\",\"@id\":\"https:\\\/\\\/webdelmaestrocmf.com\\\/portal\\\/#\\\/schema\\\/logo\\\/image\\\/\",\"url\":\"https:\\\/\\\/webdelmaestrocmf.com\\\/portal\\\/wp-content\\\/uploads\\\/2023\\\/01\\\/logo-wmcmf-2.png\",\"contentUrl\":\"https:\\\/\\\/webdelmaestrocmf.com\\\/portal\\\/wp-content\\\/uploads\\\/2023\\\/01\\\/logo-wmcmf-2.png\",\"width\":200,\"height\":60,\"caption\":\"Web del Maestro CMF\"},\"image\":{\"@id\":\"https:\\\/\\\/webdelmaestrocmf.com\\\/portal\\\/#\\\/schema\\\/logo\\\/image\\\/\"},\"sameAs\":[\"https:\\\/\\\/www.facebook.com\\\/WebdelMaestroCMF\\\/\",\"https:\\\/\\\/x.com\\\/cmf_w\",\"https:\\\/\\\/www.pinterest.com\\\/WMCMF\\\/\",\"https:\\\/\\\/www.linkedin.com\\\/company\\\/web-del-maestro-cmf\\\/\",\"https:\\\/\\\/www.instagram.com\\\/wmcmf\\\/\",\"https:\\\/\\\/www.youtube.com\\\/channel\\\/UCDPSvjbdodE5sHnC3OxutHw\",\"https:\\\/\\\/mastodon.social\\\/@wmcmf\",\"https:\\\/\\\/www.tiktok.com\\\/@webdelmaestrocmf\"]},{\"@type\":\"Person\",\"@id\":\"https:\\\/\\\/webdelmaestrocmf.com\\\/portal\\\/#\\\/schema\\\/person\\\/1072a2ed7bd960df8ef99a551fa35dc5\",\"name\":\"Web del Maestro CMF\",\"image\":{\"@type\":\"ImageObject\",\"inLanguage\":\"es\",\"@id\":\"https:\\\/\\\/secure.gravatar.com\\\/avatar\\\/23291dd5b5ae1077dcff3dbb04c3e02bd28403fa75af6d8787d5e97c5bbbe30b?s=96&d=mm&r=g\",\"url\":\"https:\\\/\\\/secure.gravatar.com\\\/avatar\\\/23291dd5b5ae1077dcff3dbb04c3e02bd28403fa75af6d8787d5e97c5bbbe30b?s=96&d=mm&r=g\",\"contentUrl\":\"https:\\\/\\\/secure.gravatar.com\\\/avatar\\\/23291dd5b5ae1077dcff3dbb04c3e02bd28403fa75af6d8787d5e97c5bbbe30b?s=96&d=mm&r=g\",\"caption\":\"Web del Maestro CMF\"},\"description\":\"Esta Web se cre\u00f3 sin fines de lucro, con fines educativos, cient\u00edficos y acad\u00e9micos, para personas que tengan dificultades y\\\/o inconvenientes en visualizar el material original. El objetivo es entregar recursos, compartir experiencias y materiales que ayuden a los padres de familia, maestros y estudiantes en su actualizaci\u00f3n y formaci\u00f3n permanente, en bien de la Educaci\u00f3n.\",\"sameAs\":[\"http:\\\/\\\/webdelmaestrocmf.com\\\/portal\",\"https:\\\/\\\/www.facebook.com\\\/WebdelMaestroCMF\\\/\",\"https:\\\/\\\/www.instagram.com\\\/wmcmf\\\/\",\"https:\\\/\\\/cl.linkedin.com\\\/company\\\/web-del-maestro-cmf\",\"https:\\\/\\\/www.pinterest.com\\\/WMCMF\\\/publicaciones\\\/\",\"https:\\\/\\\/x.com\\\/cmf_w\",\"https:\\\/\\\/www.youtube.com\\\/@WMCMF\"]}]}<\/script>\n<!-- \/ Yoast SEO plugin. -->","yoast_head_json":{"title":"Dinamarca y la empat\u00eda en las aulas: la hora semanal que fortalece la convivencia escolar - 2026","description":"En Dinamarca, la escuela p\u00fablica reserva cada semana un espacio especial llamado Klassens tid, o \u201ctiempo de clase\u201d.","robots":{"index":"index","follow":"follow","max-snippet":"max-snippet:-1","max-image-preview":"max-image-preview:large","max-video-preview":"max-video-preview:-1"},"canonical":"https:\/\/webdelmaestrocmf.com\/portal\/dinamarca-y-la-empatia-en-las-aulas-la-hora-semanal-que-fortalece-la-convivencia-escolar\/","og_locale":"es_ES","og_type":"article","og_title":"Dinamarca y la empat\u00eda en las aulas: la hora semanal que fortalece la convivencia escolar - 2026","og_description":"En Dinamarca, la escuela p\u00fablica reserva cada semana un espacio especial llamado Klassens tid, o \u201ctiempo de clase\u201d.","og_url":"https:\/\/webdelmaestrocmf.com\/portal\/dinamarca-y-la-empatia-en-las-aulas-la-hora-semanal-que-fortalece-la-convivencia-escolar\/","og_site_name":"Web del Maestro CMF","article_publisher":"https:\/\/www.facebook.com\/WebdelMaestroCMF\/","article_author":"https:\/\/www.facebook.com\/WebdelMaestroCMF\/","article_published_time":"2025-08-23T16:58:28+00:00","article_modified_time":"2025-08-23T16:58:30+00:00","og_image":[{"width":1003,"height":667,"url":"https:\/\/webdelmaestrocmf.com\/portal\/wp-content\/uploads\/2025\/08\/1A-Banner-1-portada-imagen-10-1-copia-13-1.webp","type":"image\/webp"}],"author":"Web del Maestro CMF","twitter_card":"summary_large_image","twitter_creator":"@cmf_w","twitter_site":"@cmf_w","schema":{"@context":"https:\/\/schema.org","@graph":[{"@type":"ScholarlyArticle","@id":"https:\/\/webdelmaestrocmf.com\/portal\/dinamarca-y-la-empatia-en-las-aulas-la-hora-semanal-que-fortalece-la-convivencia-escolar\/#article","isPartOf":{"@id":"https:\/\/webdelmaestrocmf.com\/portal\/dinamarca-y-la-empatia-en-las-aulas-la-hora-semanal-que-fortalece-la-convivencia-escolar\/"},"author":{"name":"Web del Maestro CMF","@id":"https:\/\/webdelmaestrocmf.com\/portal\/#\/schema\/person\/1072a2ed7bd960df8ef99a551fa35dc5"},"headline":"Dinamarca y la empat\u00eda en las aulas: la hora semanal que fortalece la convivencia escolar","datePublished":"2025-08-23T16:58:28+00:00","dateModified":"2025-08-23T16:58:30+00:00","mainEntityOfPage":{"@id":"https:\/\/webdelmaestrocmf.com\/portal\/dinamarca-y-la-empatia-en-las-aulas-la-hora-semanal-que-fortalece-la-convivencia-escolar\/"},"wordCount":807,"commentCount":0,"publisher":{"@id":"https:\/\/webdelmaestrocmf.com\/portal\/#organization"},"image":{"@id":"https:\/\/webdelmaestrocmf.com\/portal\/dinamarca-y-la-empatia-en-las-aulas-la-hora-semanal-que-fortalece-la-convivencia-escolar\/#primaryimage"},"thumbnailUrl":"https:\/\/webdelmaestrocmf.com\/portal\/wp-content\/uploads\/2025\/08\/1A-Banner-1-portada-imagen-10-1-copia-13-1.webp","keywords":["Dinamarca","empat\u00eda"],"articleSection":["Educaci\u00f3n Emocional","Emociones","Recursos"],"inLanguage":"es","potentialAction":[{"@type":"CommentAction","name":"Comment","target":["https:\/\/webdelmaestrocmf.com\/portal\/dinamarca-y-la-empatia-en-las-aulas-la-hora-semanal-que-fortalece-la-convivencia-escolar\/#respond"]}]},{"@type":"WebPage","@id":"https:\/\/webdelmaestrocmf.com\/portal\/dinamarca-y-la-empatia-en-las-aulas-la-hora-semanal-que-fortalece-la-convivencia-escolar\/","url":"https:\/\/webdelmaestrocmf.com\/portal\/dinamarca-y-la-empatia-en-las-aulas-la-hora-semanal-que-fortalece-la-convivencia-escolar\/","name":"Dinamarca y la empat\u00eda en las aulas: la hora semanal que fortalece la convivencia escolar - 2026","isPartOf":{"@id":"https:\/\/webdelmaestrocmf.com\/portal\/#website"},"primaryImageOfPage":{"@id":"https:\/\/webdelmaestrocmf.com\/portal\/dinamarca-y-la-empatia-en-las-aulas-la-hora-semanal-que-fortalece-la-convivencia-escolar\/#primaryimage"},"image":{"@id":"https:\/\/webdelmaestrocmf.com\/portal\/dinamarca-y-la-empatia-en-las-aulas-la-hora-semanal-que-fortalece-la-convivencia-escolar\/#primaryimage"},"thumbnailUrl":"https:\/\/webdelmaestrocmf.com\/portal\/wp-content\/uploads\/2025\/08\/1A-Banner-1-portada-imagen-10-1-copia-13-1.webp","datePublished":"2025-08-23T16:58:28+00:00","dateModified":"2025-08-23T16:58:30+00:00","description":"En Dinamarca, la escuela p\u00fablica reserva cada semana un espacio especial llamado Klassens tid, o \u201ctiempo de clase\u201d.","breadcrumb":{"@id":"https:\/\/webdelmaestrocmf.com\/portal\/dinamarca-y-la-empatia-en-las-aulas-la-hora-semanal-que-fortalece-la-convivencia-escolar\/#breadcrumb"},"inLanguage":"es","potentialAction":[{"@type":"ReadAction","target":["https:\/\/webdelmaestrocmf.com\/portal\/dinamarca-y-la-empatia-en-las-aulas-la-hora-semanal-que-fortalece-la-convivencia-escolar\/"]}]},{"@type":"ImageObject","inLanguage":"es","@id":"https:\/\/webdelmaestrocmf.com\/portal\/dinamarca-y-la-empatia-en-las-aulas-la-hora-semanal-que-fortalece-la-convivencia-escolar\/#primaryimage","url":"https:\/\/webdelmaestrocmf.com\/portal\/wp-content\/uploads\/2025\/08\/1A-Banner-1-portada-imagen-10-1-copia-13-1.webp","contentUrl":"https:\/\/webdelmaestrocmf.com\/portal\/wp-content\/uploads\/2025\/08\/1A-Banner-1-portada-imagen-10-1-copia-13-1.webp","width":1003,"height":667},{"@type":"BreadcrumbList","@id":"https:\/\/webdelmaestrocmf.com\/portal\/dinamarca-y-la-empatia-en-las-aulas-la-hora-semanal-que-fortalece-la-convivencia-escolar\/#breadcrumb","itemListElement":[{"@type":"ListItem","position":1,"name":"Portada","item":"https:\/\/webdelmaestrocmf.com\/portal\/"},{"@type":"ListItem","position":2,"name":"Recursos","item":"https:\/\/webdelmaestrocmf.com\/portal\/category\/pedagogia\/"},{"@type":"ListItem","position":3,"name":"Dinamarca y la empat\u00eda en las aulas: la hora semanal que fortalece la convivencia escolar"}]},{"@type":"WebSite","@id":"https:\/\/webdelmaestrocmf.com\/portal\/#website","url":"https:\/\/webdelmaestrocmf.com\/portal\/","name":"Web del Maestro CMF","description":"Maestros al servicio de la educaci\u00f3n","publisher":{"@id":"https:\/\/webdelmaestrocmf.com\/portal\/#organization"},"alternateName":"WMCMF","potentialAction":[{"@type":"SearchAction","target":{"@type":"EntryPoint","urlTemplate":"https:\/\/webdelmaestrocmf.com\/portal\/?s={search_term_string}"},"query-input":{"@type":"PropertyValueSpecification","valueRequired":true,"valueName":"search_term_string"}}],"inLanguage":"es"},{"@type":"Organization","@id":"https:\/\/webdelmaestrocmf.com\/portal\/#organization","name":"Web del Maestro CMF","alternateName":"WMCMF","url":"https:\/\/webdelmaestrocmf.com\/portal\/","logo":{"@type":"ImageObject","inLanguage":"es","@id":"https:\/\/webdelmaestrocmf.com\/portal\/#\/schema\/logo\/image\/","url":"https:\/\/webdelmaestrocmf.com\/portal\/wp-content\/uploads\/2023\/01\/logo-wmcmf-2.png","contentUrl":"https:\/\/webdelmaestrocmf.com\/portal\/wp-content\/uploads\/2023\/01\/logo-wmcmf-2.png","width":200,"height":60,"caption":"Web del Maestro CMF"},"image":{"@id":"https:\/\/webdelmaestrocmf.com\/portal\/#\/schema\/logo\/image\/"},"sameAs":["https:\/\/www.facebook.com\/WebdelMaestroCMF\/","https:\/\/x.com\/cmf_w","https:\/\/www.pinterest.com\/WMCMF\/","https:\/\/www.linkedin.com\/company\/web-del-maestro-cmf\/","https:\/\/www.instagram.com\/wmcmf\/","https:\/\/www.youtube.com\/channel\/UCDPSvjbdodE5sHnC3OxutHw","https:\/\/mastodon.social\/@wmcmf","https:\/\/www.tiktok.com\/@webdelmaestrocmf"]},{"@type":"Person","@id":"https:\/\/webdelmaestrocmf.com\/portal\/#\/schema\/person\/1072a2ed7bd960df8ef99a551fa35dc5","name":"Web del Maestro CMF","image":{"@type":"ImageObject","inLanguage":"es","@id":"https:\/\/secure.gravatar.com\/avatar\/23291dd5b5ae1077dcff3dbb04c3e02bd28403fa75af6d8787d5e97c5bbbe30b?s=96&d=mm&r=g","url":"https:\/\/secure.gravatar.com\/avatar\/23291dd5b5ae1077dcff3dbb04c3e02bd28403fa75af6d8787d5e97c5bbbe30b?s=96&d=mm&r=g","contentUrl":"https:\/\/secure.gravatar.com\/avatar\/23291dd5b5ae1077dcff3dbb04c3e02bd28403fa75af6d8787d5e97c5bbbe30b?s=96&d=mm&r=g","caption":"Web del Maestro CMF"},"description":"Esta Web se cre\u00f3 sin fines de lucro, con fines educativos, cient\u00edficos y acad\u00e9micos, para personas que tengan dificultades y\/o inconvenientes en visualizar el material original. El objetivo es entregar recursos, compartir experiencias y materiales que ayuden a los padres de familia, maestros y estudiantes en su actualizaci\u00f3n y formaci\u00f3n permanente, en bien de la Educaci\u00f3n.","sameAs":["http:\/\/webdelmaestrocmf.com\/portal","https:\/\/www.facebook.com\/WebdelMaestroCMF\/","https:\/\/www.instagram.com\/wmcmf\/","https:\/\/cl.linkedin.com\/company\/web-del-maestro-cmf","https:\/\/www.pinterest.com\/WMCMF\/publicaciones\/","https:\/\/x.com\/cmf_w","https:\/\/www.youtube.com\/@WMCMF"]}]}},"jetpack_featured_media_url":"https:\/\/webdelmaestrocmf.com\/portal\/wp-content\/uploads\/2025\/08\/1A-Banner-1-portada-imagen-10-1-copia-13-1.webp","jetpack_sharing_enabled":true,"jetpack-related-posts":[{"id":107822,"url":"https:\/\/webdelmaestrocmf.com\/portal\/caja-de-herramientas-para-promover-la-empatia-en-el-aula-guia-para-docentes\/","url_meta":{"origin":111990,"position":0},"title":"Caja de herramientas para promover la empat\u00eda en el aula: gu\u00eda para docentes","author":"Web del Maestro CMF","date":"3 febrero, 2025","format":false,"excerpt":"La Caja de Herramientas para Promover la Empat\u00eda en los Colegios es un recurso desarrollado por Ashoka, una organizaci\u00f3n global que impulsa el cambio social a trav\u00e9s del emprendimiento. Su prop\u00f3sito es ayudar a docentes a integrar la empat\u00eda en el aula, mejorando la convivencia escolar y preparando a los\u2026","rel":"","context":"En \u00abDescargas Manuales PDF\u00bb","block_context":{"text":"Descargas Manuales PDF","link":"https:\/\/webdelmaestrocmf.com\/portal\/category\/pedagogia\/descargas-manuales-pdf\/"},"img":{"alt_text":"","src":"https:\/\/i0.wp.com\/webdelmaestrocmf.com\/portal\/wp-content\/uploads\/2025\/02\/1A-Banner-1-portada-imagen-10-1-54.jpg?resize=350%2C200&ssl=1","width":350,"height":200,"srcset":"https:\/\/i0.wp.com\/webdelmaestrocmf.com\/portal\/wp-content\/uploads\/2025\/02\/1A-Banner-1-portada-imagen-10-1-54.jpg?resize=350%2C200&ssl=1 1x, https:\/\/i0.wp.com\/webdelmaestrocmf.com\/portal\/wp-content\/uploads\/2025\/02\/1A-Banner-1-portada-imagen-10-1-54.jpg?resize=525%2C300&ssl=1 1.5x, https:\/\/i0.wp.com\/webdelmaestrocmf.com\/portal\/wp-content\/uploads\/2025\/02\/1A-Banner-1-portada-imagen-10-1-54.jpg?resize=700%2C400&ssl=1 2x"},"classes":[]},{"id":114812,"url":"https:\/\/webdelmaestrocmf.com\/portal\/groenlandia-reafirma-su-vinculo-con-dinamarca-y-crecen-las-protestas-contra-las-amenazas-de-trump\/","url_meta":{"origin":111990,"position":1},"title":"Groenlandia reafirma su v\u00ednculo con Dinamarca y crecen las protestas contra las amenazas de Trump","author":"Web del Maestro CMF","date":"17 enero, 2026","format":false,"excerpt":"Groenlandia reafirma su autodeterminaci\u00f3n frente a presiones geopol\u00edticas, mientras l\u00edderes y ciudadanos rechazan cualquier intento de compra o anexi\u00f3n extranjera.","rel":"","context":"En \u00abNoticias Internacionales\u00bb","block_context":{"text":"Noticias Internacionales","link":"https:\/\/webdelmaestrocmf.com\/portal\/category\/noticias-internacionales\/"},"img":{"alt_text":"","src":"https:\/\/i0.wp.com\/webdelmaestrocmf.com\/portal\/wp-content\/uploads\/2026\/01\/1A-Banner-1-portada-imagen-10-1-copia-3-4.webp?resize=350%2C200&ssl=1","width":350,"height":200,"srcset":"https:\/\/i0.wp.com\/webdelmaestrocmf.com\/portal\/wp-content\/uploads\/2026\/01\/1A-Banner-1-portada-imagen-10-1-copia-3-4.webp?resize=350%2C200&ssl=1 1x, https:\/\/i0.wp.com\/webdelmaestrocmf.com\/portal\/wp-content\/uploads\/2026\/01\/1A-Banner-1-portada-imagen-10-1-copia-3-4.webp?resize=525%2C300&ssl=1 1.5x, https:\/\/i0.wp.com\/webdelmaestrocmf.com\/portal\/wp-content\/uploads\/2026\/01\/1A-Banner-1-portada-imagen-10-1-copia-3-4.webp?resize=700%2C400&ssl=1 2x"},"classes":[]},{"id":113491,"url":"https:\/\/webdelmaestrocmf.com\/portal\/dinamarca-aprueba-una-ley-historica-que-limita-el-acceso-a-redes-sociales-para-menores-de-15-anos\/","url_meta":{"origin":111990,"position":2},"title":"Dinamarca aprueba una ley hist\u00f3rica que limita el acceso a redes sociales para menores de 15 a\u00f1os","author":"Web del Maestro CMF","date":"14 noviembre, 2025","format":false,"excerpt":"Dinamarca fija una edad m\u00ednima para redes sociales, priorizando la salud mental infantil y aplicando sanciones severas a plataformas que incumplan la ley.","rel":"","context":"En \u00abNoticias Internacionales\u00bb","block_context":{"text":"Noticias Internacionales","link":"https:\/\/webdelmaestrocmf.com\/portal\/category\/noticias-internacionales\/"},"img":{"alt_text":"","src":"https:\/\/i0.wp.com\/webdelmaestrocmf.com\/portal\/wp-content\/uploads\/2025\/11\/1A-Banner-1-portada-imagen-10-1-copia-13.webp?resize=350%2C200&ssl=1","width":350,"height":200,"srcset":"https:\/\/i0.wp.com\/webdelmaestrocmf.com\/portal\/wp-content\/uploads\/2025\/11\/1A-Banner-1-portada-imagen-10-1-copia-13.webp?resize=350%2C200&ssl=1 1x, https:\/\/i0.wp.com\/webdelmaestrocmf.com\/portal\/wp-content\/uploads\/2025\/11\/1A-Banner-1-portada-imagen-10-1-copia-13.webp?resize=525%2C300&ssl=1 1.5x, https:\/\/i0.wp.com\/webdelmaestrocmf.com\/portal\/wp-content\/uploads\/2025\/11\/1A-Banner-1-portada-imagen-10-1-copia-13.webp?resize=700%2C400&ssl=1 2x"},"classes":[]},{"id":112054,"url":"https:\/\/webdelmaestrocmf.com\/portal\/docentes-descarguen-la-nueva-guia-practica-para-trabajar-las-emociones-en-el-aula\/","url_meta":{"origin":111990,"position":3},"title":"Docentes, descarguen la nueva gu\u00eda pr\u00e1ctica para trabajar las emociones en el aula","author":"Web del Maestro CMF","date":"11 septiembre, 2025","format":false,"excerpt":"La gu\u00eda propone actividades pr\u00e1cticas para reconocer, expresar y gestionar emociones, fortaleciendo autoestima, empat\u00eda, convivencia escolar y aprendizaje significativo.","rel":"","context":"En \u00abEmociones\u00bb","block_context":{"text":"Emociones","link":"https:\/\/webdelmaestrocmf.com\/portal\/category\/pedagogia\/emociones\/"},"img":{"alt_text":"","src":"https:\/\/i0.wp.com\/webdelmaestrocmf.com\/portal\/wp-content\/uploads\/2025\/09\/1A-Banner-1-portada-imagen-10-1-copia-2025-09-11T132059.065.webp?resize=350%2C200&ssl=1","width":350,"height":200,"srcset":"https:\/\/i0.wp.com\/webdelmaestrocmf.com\/portal\/wp-content\/uploads\/2025\/09\/1A-Banner-1-portada-imagen-10-1-copia-2025-09-11T132059.065.webp?resize=350%2C200&ssl=1 1x, https:\/\/i0.wp.com\/webdelmaestrocmf.com\/portal\/wp-content\/uploads\/2025\/09\/1A-Banner-1-portada-imagen-10-1-copia-2025-09-11T132059.065.webp?resize=525%2C300&ssl=1 1.5x, https:\/\/i0.wp.com\/webdelmaestrocmf.com\/portal\/wp-content\/uploads\/2025\/09\/1A-Banner-1-portada-imagen-10-1-copia-2025-09-11T132059.065.webp?resize=700%2C400&ssl=1 2x"},"classes":[]},{"id":118272,"url":"https:\/\/webdelmaestrocmf.com\/portal\/descarga-las-nuevas-fichas-de-registro-de-incidencias-escolar\/","url_meta":{"origin":111990,"position":4},"title":"Descarga las 7 nuevas fichas de registro de incidencias escolares","author":"Web del Maestro CMF","date":"25 abril, 2026","format":false,"excerpt":"Registrar incidencias escolares permite comprender, intervenir y mejorar la convivencia. Estas fichas facilitan organizaci\u00f3n, seguimiento y comunicaci\u00f3n, ahorran tiempo docente y fortalecen una gesti\u00f3n educativa m\u00e1s profesional, preventiva y centrada en el estudiante.","rel":"","context":"En \u00abDescarga\u00bb","block_context":{"text":"Descarga","link":"https:\/\/webdelmaestrocmf.com\/portal\/category\/descarga\/"},"img":{"alt_text":"","src":"https:\/\/i0.wp.com\/webdelmaestrocmf.com\/portal\/wp-content\/uploads\/2026\/04\/1AA-Banner-1-portada-imagen-10-1-copia-34.webp?resize=350%2C200&ssl=1","width":350,"height":200,"srcset":"https:\/\/i0.wp.com\/webdelmaestrocmf.com\/portal\/wp-content\/uploads\/2026\/04\/1AA-Banner-1-portada-imagen-10-1-copia-34.webp?resize=350%2C200&ssl=1 1x, https:\/\/i0.wp.com\/webdelmaestrocmf.com\/portal\/wp-content\/uploads\/2026\/04\/1AA-Banner-1-portada-imagen-10-1-copia-34.webp?resize=525%2C300&ssl=1 1.5x, https:\/\/i0.wp.com\/webdelmaestrocmf.com\/portal\/wp-content\/uploads\/2026\/04\/1AA-Banner-1-portada-imagen-10-1-copia-34.webp?resize=700%2C400&ssl=1 2x, https:\/\/i0.wp.com\/webdelmaestrocmf.com\/portal\/wp-content\/uploads\/2026\/04\/1AA-Banner-1-portada-imagen-10-1-copia-34.webp?resize=1050%2C600&ssl=1 3x"},"classes":[]},{"id":45059,"url":"https:\/\/webdelmaestrocmf.com\/portal\/como-educar-en-empatia-para-reducir-la-violencia-escolar-y-social\/","url_meta":{"origin":111990,"position":5},"title":"\u00bfC\u00f3mo educar en empat\u00eda para reducir la violencia escolar y social?","author":"Web del Maestro CMF","date":"5 marzo, 2020","format":false,"excerpt":"El presente\u00a0 art\u00edculo de investigaci\u00f3n est\u00e1 orientado a determinar la influencia de la empat\u00eda en la construcci\u00f3n de un ambiente escolar sano para mitigar la violencia en el aula de clase,\u00a0 mediante la implementaci\u00f3n de estrategias did\u00e1cticas. A trav\u00e9s de un enfoque cualitativo y una metodolog\u00eda de investigaci\u00f3n acci\u00f3n participativa,\u2026","rel":"","context":"En \u00abEmociones\u00bb","block_context":{"text":"Emociones","link":"https:\/\/webdelmaestrocmf.com\/portal\/category\/pedagogia\/emociones\/"},"img":{"alt_text":"","src":"https:\/\/i0.wp.com\/webdelmaestrocmf.com\/portal\/wp-content\/uploads\/2020\/03\/1-2.jpeg?resize=350%2C200&ssl=1","width":350,"height":200,"srcset":"https:\/\/i0.wp.com\/webdelmaestrocmf.com\/portal\/wp-content\/uploads\/2020\/03\/1-2.jpeg?resize=350%2C200&ssl=1 1x, https:\/\/i0.wp.com\/webdelmaestrocmf.com\/portal\/wp-content\/uploads\/2020\/03\/1-2.jpeg?resize=525%2C300&ssl=1 1.5x, https:\/\/i0.wp.com\/webdelmaestrocmf.com\/portal\/wp-content\/uploads\/2020\/03\/1-2.jpeg?resize=700%2C400&ssl=1 2x, https:\/\/i0.wp.com\/webdelmaestrocmf.com\/portal\/wp-content\/uploads\/2020\/03\/1-2.jpeg?resize=1050%2C600&ssl=1 3x"},"classes":[]}],"_links":{"self":[{"href":"https:\/\/webdelmaestrocmf.com\/portal\/wp-json\/wp\/v2\/posts\/111990","targetHints":{"allow":["GET"]}}],"collection":[{"href":"https:\/\/webdelmaestrocmf.com\/portal\/wp-json\/wp\/v2\/posts"}],"about":[{"href":"https:\/\/webdelmaestrocmf.com\/portal\/wp-json\/wp\/v2\/types\/post"}],"author":[{"embeddable":true,"href":"https:\/\/webdelmaestrocmf.com\/portal\/wp-json\/wp\/v2\/users\/1"}],"replies":[{"embeddable":true,"href":"https:\/\/webdelmaestrocmf.com\/portal\/wp-json\/wp\/v2\/comments?post=111990"}],"version-history":[{"count":1,"href":"https:\/\/webdelmaestrocmf.com\/portal\/wp-json\/wp\/v2\/posts\/111990\/revisions"}],"predecessor-version":[{"id":111993,"href":"https:\/\/webdelmaestrocmf.com\/portal\/wp-json\/wp\/v2\/posts\/111990\/revisions\/111993"}],"wp:featuredmedia":[{"embeddable":true,"href":"https:\/\/webdelmaestrocmf.com\/portal\/wp-json\/wp\/v2\/media\/111992"}],"wp:attachment":[{"href":"https:\/\/webdelmaestrocmf.com\/portal\/wp-json\/wp\/v2\/media?parent=111990"}],"wp:term":[{"taxonomy":"category","embeddable":true,"href":"https:\/\/webdelmaestrocmf.com\/portal\/wp-json\/wp\/v2\/categories?post=111990"},{"taxonomy":"post_tag","embeddable":true,"href":"https:\/\/webdelmaestrocmf.com\/portal\/wp-json\/wp\/v2\/tags?post=111990"}],"curies":[{"name":"wp","href":"https:\/\/api.w.org\/{rel}","templated":true}]}}