{"id":111985,"date":"2025-08-23T01:49:47","date_gmt":"2025-08-23T05:49:47","guid":{"rendered":"https:\/\/webdelmaestrocmf.com\/portal\/?p=111985"},"modified":"2025-08-23T11:27:51","modified_gmt":"2025-08-23T15:27:51","slug":"peru-y-sus-expresidentes-en-prision-crisis-politica-o-justicia-efectiva","status":"publish","type":"post","link":"https:\/\/webdelmaestrocmf.com\/portal\/peru-y-sus-expresidentes-en-prision-crisis-politica-o-justicia-efectiva\/","title":{"rendered":"Per\u00fa y sus expresidentes en prisi\u00f3n: \u00bfcrisis pol\u00edtica o justicia efectiva?"},"content":{"rendered":"\n<p>La historia pol\u00edtica del Per\u00fa en las \u00faltimas d\u00e9cadas se ha visto marcada por una sucesi\u00f3n de expresidentes investigados, procesados y encarcelados. Este fen\u00f3meno, que ha convertido al pa\u00eds en un caso paradigm\u00e1tico en Am\u00e9rica Latina, refleja no solo la fragilidad de sus instituciones democr\u00e1ticas, sino tambi\u00e9n la profundidad de la corrupci\u00f3n enquistada en la clase pol\u00edtica. La reciente prisi\u00f3n preventiva dictada contra Mart\u00edn Vizcarra en agosto de 2025 confirma una tendencia que preocupa tanto a la ciudadan\u00eda como a la comunidad internacional: <strong>cinco expresidentes peruanos han pasado por la c\u00e1rcel en los \u00faltimos a\u00f1os<\/strong>.<\/p>\n\n\n\n<h3 class=\"wp-block-heading\"><strong>Alberto Fujimori: el antecedente m\u00e1s contundente<\/strong><\/h3>\n\n\n\n<p>Alberto Fujimori, quien gobern\u00f3 el Per\u00fa entre 1990 y 2000, fue extraditado desde Chile en 2007 y posteriormente condenado por violaciones a los derechos humanos y delitos de corrupci\u00f3n. Las masacres de Barrios Altos y La Cantuta, junto con casos de espionaje y malversaci\u00f3n, lo llevaron a recibir varias sentencias, entre ellas una de 25 a\u00f1os de prisi\u00f3n. Aunque en 2017 fue indultado por razones de salud y la medida fue objeto de debate judicial, su nombre permanece asociado a uno de los cap\u00edtulos m\u00e1s oscuros de la pol\u00edtica peruana.<\/p>\n\n\n\n<h3 class=\"wp-block-heading\"><strong>Alejandro Toledo: de la lucha anticorrupci\u00f3n al caso Odebrecht<\/strong><\/h3>\n\n\n\n<p>Alejandro Toledo, presidente entre 2001 y 2006, pas\u00f3 de ser s\u00edmbolo de la recuperaci\u00f3n democr\u00e1tica tras Fujimori a convertirse en uno de los rostros m\u00e1s visibles del esc\u00e1ndalo Odebrecht. Tras una larga batalla legal en Estados Unidos, fue extraditado en 2023. En 2024, la justicia peruana lo conden\u00f3 a <strong>20 a\u00f1os y 6 meses de prisi\u00f3n<\/strong> por colusi\u00f3n y lavado de activos, al comprobarse que recibi\u00f3 millonarios sobornos de la constructora brasile\u00f1a.<\/p>\n\n\n\n<h3 class=\"wp-block-heading\"><strong>Ollanta Humala: aportes il\u00edcitos y condena<\/strong><\/h3>\n\n\n\n<p>El exmandatario Ollanta Humala (2011-2016) y su esposa Nadine Heredia fueron procesados por haber recibido fondos irregulares en campa\u00f1as electorales, provenientes de Venezuela y de empresas vinculadas a Odebrecht. En abril de 2025, el Poder Judicial lo conden\u00f3 a <strong>15 a\u00f1os de c\u00e1rcel por lavado de activos<\/strong>, consolidando la percepci\u00f3n ciudadana de que la pol\u00edtica peruana est\u00e1 atravesada por pr\u00e1cticas sistem\u00e1ticas de financiamiento ilegal.<\/p>\n\n\n\n<h3 class=\"wp-block-heading\"><strong>Pedro Castillo: del poder a la prisi\u00f3n<\/strong><\/h3>\n\n\n\n<p>El breve y turbulento gobierno de Pedro Castillo (2021-2022) termin\u00f3 con su destituci\u00f3n y detenci\u00f3n tras un fallido intento de disolver el Congreso y gobernar por decreto. Actualmente se encuentra recluido en el penal Barbadillo mientras enfrenta varios procesos por rebeli\u00f3n, corrupci\u00f3n y organizaci\u00f3n criminal. Su caso simboliza la crisis institucional m\u00e1s reciente y la polarizaci\u00f3n que atraviesa la pol\u00edtica peruana.<\/p>\n\n\n\n<h3 class=\"wp-block-heading\"><strong>Mart\u00edn Vizcarra: el \u00faltimo eslab\u00f3n<\/strong><\/h3>\n\n\n\n<p>En agosto de 2025, un juez dict\u00f3 <strong>cinco meses de prisi\u00f3n preventiva contra Mart\u00edn Vizcarra<\/strong>, presidente entre 2018 y 2020, acusado de haber recibido sobornos por m\u00e1s de 600 mil d\u00f3lares cuando se desempe\u00f1aba como gobernador de Moquegua. Aunque su defensa sostiene que se trata de una persecuci\u00f3n pol\u00edtica, la decisi\u00f3n judicial lo suma a la lista de mandatarios que enfrentan procesos penales en prisi\u00f3n, confirmando una tendencia que debilita a\u00fan m\u00e1s la confianza en la clase dirigente.<\/p>\n\n\n\n<h3 class=\"wp-block-heading\"><strong>Arresto domiciliario y suicidio<\/strong><\/h3>\n\n\n\n<p>A ellos se suma Pedro Pablo Kuczynski, quien cumple arresto domiciliario por el caso Odebrecht, y Alan Garc\u00eda, que se quit\u00f3 la vida en 2019 cuando iba a ser detenido por presuntos sobornos.<\/p>\n\n\n\n<h3 class=\"wp-block-heading\"><strong>Un patr\u00f3n alarmante<\/strong><\/h3>\n\n\n\n<p>La situaci\u00f3n del Per\u00fa es excepcional: <strong>cinco expresidentes encarcelados en menos de tres d\u00e9cadas<\/strong>. Este patr\u00f3n revela que la corrupci\u00f3n no ha sido un hecho aislado, sino un sistema que ha contaminado la vida p\u00fablica de manera estructural. Para algunos analistas, la acci\u00f3n de la justicia es una se\u00f1al positiva de que nadie est\u00e1 por encima de la ley; para otros, evidencia la incapacidad del sistema pol\u00edtico de regenerarse y ofrecer liderazgos \u00edntegros y estables.<\/p>\n\n\n\n<hr class=\"wp-block-separator has-alpha-channel-opacity\"\/>\n\n\n\n<p>El caso peruano invita a una reflexi\u00f3n m\u00e1s amplia sobre la democracia en Am\u00e9rica Latina. Si bien la rendici\u00f3n de cuentas y el castigo a la corrupci\u00f3n son imprescindibles, la reiterada prisi\u00f3n de expresidentes tambi\u00e9n muestra la fragilidad institucional y el desencanto ciudadano frente a la pol\u00edtica. El desaf\u00edo pendiente es construir una cultura de transparencia y un sistema pol\u00edtico capaz de recuperar la confianza perdida. Mientras tanto, el Per\u00fa contin\u00faa cargando con la paradoja de ser uno de los pa\u00edses donde m\u00e1s mandatarios han enfrentado a la justicia, dentro y fuera de la c\u00e1rcel.<\/p>\n\n\n\n<p class=\"has-text-align-right\"><strong>Redacci\u00f3n | Web del Maestro CMF<\/strong><\/p>\n\n\n\t\t<div class=\"pk-inline-posts\">\n\t\t\t\n\t\t\t<div class=\"pk-inline-posts-container pk-inline-posts-template-list\"\n\t\t\t\tdata-columns=\"1\">\n\t\t\t\t\t\t<article id=\"post-118553\" class=\"post-118553 post type-post status-publish format-standard has-post-thumbnail category-noticias-internacionales tag-agresion-estudiantil tag-autoridad-docente tag-convivencia-escolar tag-disciplina-escolar tag-justicia-educativa tag-respeto-en-el-aula tag-rol-del-docente tag-seguridad-docente tag-sistema-educativo tag-violencia-escolar cs-entry cs-video-wrap\">\n\t\t\t<div class=\"pk-post-outer\">\n\n\t\t\t\t\t\t\t\t<div class=\"pk-post-inner\">\n\t\t\t\t\t<div class=\"entry-thumbnail\">\n\t\t\t\t\t\t<div class=\"pk-overlay pk-overlay-ratio pk-ratio-landscape\">\n\t\t\t\t\t\t\t<div class=\"pk-overlay-background\">\n\t\t\t\t\t\t\t\t<a href=\"https:\/\/webdelmaestrocmf.com\/portal\/existen-casos-en-paises-como-ee-uu-y-chile-donde-estudiantes-han-recibido-penas-privativas-de-libertad-por-agredir-a-docentes-esta-de-acuerdo-con-esta-medida-la-implementaria-en-su-pais\/\" class=\"pk-overlay-link\">\n\t\t\t\t\t\t\t\t\t<img loading=\"lazy\" decoding=\"async\" width=\"300\" height=\"225\" src=\"https:\/\/webdelmaestrocmf.com\/portal\/wp-content\/uploads\/2026\/05\/1AA-Banner-1-portada-imagen-10-1-copia-2-300x225.webp\" class=\"attachment-pk-thumbnail size-pk-thumbnail wp-post-image\" alt=\"\" \/>\t\t\t\t\t\t\t\t<\/a>\n\t\t\t\t\t\t\t<\/div>\n\t\t\t\t\t\t<\/div>\n\t\t\t\t\t<\/div>\n\t\t\t\t<\/div>\n\t\t\t\t\n\t\t\t\t<div class=\"pk-post-inner\">\n\t\t\t\t\t<header>\n\t\t\t\t\t\t<h3 class=\"pk-title\"><a href=\"https:\/\/webdelmaestrocmf.com\/portal\/existen-casos-en-paises-como-ee-uu-y-chile-donde-estudiantes-han-recibido-penas-privativas-de-libertad-por-agredir-a-docentes-esta-de-acuerdo-con-esta-medida-la-implementaria-en-su-pais\/\" rel=\"bookmark\">Existen casos en pa\u00edses como EE.UU. y Chile donde estudiantes han recibido penas privativas de libertad por agredir a docentes. \u00bfEst\u00e1 de acuerdo con esta medida? \u00bfLa implementar\u00eda en su pa\u00eds?<\/a><\/h3>\t\t\t\t\t<\/header><!-- .entry-header -->\n\t\t\t\t<\/div><!-- .post-inner -->\n\n\t\t\t<\/div><!-- .post-outer -->\n\t\t<\/article>\n\t\t\t<article id=\"post-118546\" class=\"post-118546 post type-post status-publish format-standard has-post-thumbnail category-noticias-internacionales tag-aprendizaje tag-conflicto tag-crisis tag-docentes tag-educacion-3 tag-escuela tag-guerra tag-infancia tag-resiliencia tag-sociedad cs-entry cs-video-wrap\">\n\t\t\t<div class=\"pk-post-outer\">\n\n\t\t\t\t\t\t\t\t<div class=\"pk-post-inner\">\n\t\t\t\t\t<div class=\"entry-thumbnail\">\n\t\t\t\t\t\t<div class=\"pk-overlay pk-overlay-ratio pk-ratio-landscape\">\n\t\t\t\t\t\t\t<div class=\"pk-overlay-background\">\n\t\t\t\t\t\t\t\t<a href=\"https:\/\/webdelmaestrocmf.com\/portal\/rusia-bombardea-orfanato-y-escuela-judia-en-odesa-en-el-sur-de-ucrania\/\" class=\"pk-overlay-link\">\n\t\t\t\t\t\t\t\t\t<img loading=\"lazy\" decoding=\"async\" width=\"300\" height=\"225\" src=\"https:\/\/webdelmaestrocmf.com\/portal\/wp-content\/uploads\/2026\/05\/1AA-Banner-1-portada-imagen-10-1-copia-1-1-300x225.webp\" class=\"attachment-pk-thumbnail size-pk-thumbnail wp-post-image\" alt=\"\" \/>\t\t\t\t\t\t\t\t<\/a>\n\t\t\t\t\t\t\t<\/div>\n\t\t\t\t\t\t<\/div>\n\t\t\t\t\t<\/div>\n\t\t\t\t<\/div>\n\t\t\t\t\n\t\t\t\t<div class=\"pk-post-inner\">\n\t\t\t\t\t<header>\n\t\t\t\t\t\t<h3 class=\"pk-title\"><a href=\"https:\/\/webdelmaestrocmf.com\/portal\/rusia-bombardea-orfanato-y-escuela-judia-en-odesa-en-el-sur-de-ucrania\/\" rel=\"bookmark\">Rusia bombardea orfanato y escuela jud\u00eda en Odesa, en el sur de Ucrania<\/a><\/h3>\t\t\t\t\t<\/header><!-- .entry-header -->\n\t\t\t\t<\/div><!-- .post-inner -->\n\n\t\t\t<\/div><!-- .post-outer -->\n\t\t<\/article>\n\t\t\t<article id=\"post-118533\" class=\"post-118533 post type-post status-publish format-standard has-post-thumbnail category-noticias-internacionales tag-convivencia-escolar tag-docentes tag-educacion-2 tag-etica-educativa tag-normativa-escolar tag-preescolar tag-primaria tag-protocolos tag-rol-docente tag-seguridad-docente cs-entry cs-video-wrap\">\n\t\t\t<div class=\"pk-post-outer\">\n\n\t\t\t\t\t\t\t\t<div class=\"pk-post-inner\">\n\t\t\t\t\t<div class=\"entry-thumbnail\">\n\t\t\t\t\t\t<div class=\"pk-overlay pk-overlay-ratio pk-ratio-landscape\">\n\t\t\t\t\t\t\t<div class=\"pk-overlay-background\">\n\t\t\t\t\t\t\t\t<a href=\"https:\/\/webdelmaestrocmf.com\/portal\/profesor-advierte-a-docentes-no-pueden-asistir-a-un-nino-en-el-bano-por-riesgo-de-cargos-legales\/\" class=\"pk-overlay-link\">\n\t\t\t\t\t\t\t\t\t<img loading=\"lazy\" decoding=\"async\" width=\"300\" height=\"225\" src=\"https:\/\/webdelmaestrocmf.com\/portal\/wp-content\/uploads\/2026\/05\/1AA-Banner-1-portada-imagen-10-1-copia-300x225.webp\" class=\"attachment-pk-thumbnail size-pk-thumbnail wp-post-image\" alt=\"\" \/>\t\t\t\t\t\t\t\t<\/a>\n\t\t\t\t\t\t\t<\/div>\n\t\t\t\t\t\t<\/div>\n\t\t\t\t\t<\/div>\n\t\t\t\t<\/div>\n\t\t\t\t\n\t\t\t\t<div class=\"pk-post-inner\">\n\t\t\t\t\t<header>\n\t\t\t\t\t\t<h3 class=\"pk-title\"><a href=\"https:\/\/webdelmaestrocmf.com\/portal\/profesor-advierte-a-docentes-no-pueden-asistir-a-un-nino-en-el-bano-por-riesgo-de-cargos-legales\/\" rel=\"bookmark\">Profesor advierte a docentes: \u201cNo pueden asistir a un ni\u00f1o en el ba\u00f1o\u201d por riesgo de cargos legales<\/a><\/h3>\t\t\t\t\t<\/header><!-- .entry-header -->\n\t\t\t\t<\/div><!-- .post-inner -->\n\n\t\t\t<\/div><!-- .post-outer -->\n\t\t<\/article>\n\t\t\t\t<\/div>\n\t\t<\/div>\n\t\t\n","protected":false},"excerpt":{"rendered":"Cinco expresidentes peruanos han sido encarcelados, reflejando la fragilidad institucional y la corrupci\u00f3n persistente que marca la pol\u00edtica del pa\u00eds.","protected":false},"author":1,"featured_media":111986,"comment_status":"open","ping_status":"closed","sticky":false,"template":"","format":"standard","meta":{"csco_display_header_overlay":false,"csco_singular_sidebar":"","csco_page_header_type":"","csco_page_load_nextpost":"","csco_post_video_location":[],"csco_post_video_location_hash":"","csco_post_video_url":"","csco_post_video_bg_start_time":0,"csco_post_video_bg_end_time":0,"csco_post_video_bg_volume":false,"_jetpack_memberships_contains_paid_content":false,"footnotes":""},"categories":[23790],"tags":[2711,24145,169],"class_list":{"0":"post-111985","1":"post","2":"type-post","3":"status-publish","4":"format-standard","5":"has-post-thumbnail","7":"category-noticias-internacionales","8":"tag-efectiva","9":"tag-expresidentes","10":"tag-peru","11":"cs-entry","12":"cs-video-wrap"},"yoast_head":"<!-- This site is optimized with the Yoast SEO plugin v27.5 - https:\/\/yoast.com\/product\/yoast-seo-wordpress\/ -->\n<title>Per\u00fa y sus expresidentes en prisi\u00f3n: \u00bfcrisis pol\u00edtica o justicia efectiva? - 2026<\/title>\n<meta name=\"description\" content=\"La historia pol\u00edtica del Per\u00fa en las \u00faltimas d\u00e9cadas se ha visto marcada por una sucesi\u00f3n de expresidentes investigados, procesados...\" \/>\n<meta name=\"robots\" content=\"index, follow, max-snippet:-1, max-image-preview:large, max-video-preview:-1\" \/>\n<link rel=\"canonical\" href=\"https:\/\/webdelmaestrocmf.com\/portal\/peru-y-sus-expresidentes-en-prision-crisis-politica-o-justicia-efectiva\/\" \/>\n<meta property=\"og:locale\" content=\"es_ES\" \/>\n<meta property=\"og:type\" content=\"article\" \/>\n<meta property=\"og:title\" content=\"Per\u00fa y sus expresidentes en prisi\u00f3n: \u00bfcrisis pol\u00edtica o justicia efectiva? - 2026\" \/>\n<meta property=\"og:description\" content=\"La historia pol\u00edtica del Per\u00fa en las \u00faltimas d\u00e9cadas se ha visto marcada por una sucesi\u00f3n de expresidentes investigados, procesados...\" \/>\n<meta property=\"og:url\" content=\"https:\/\/webdelmaestrocmf.com\/portal\/peru-y-sus-expresidentes-en-prision-crisis-politica-o-justicia-efectiva\/\" \/>\n<meta property=\"og:site_name\" content=\"Web del Maestro CMF\" \/>\n<meta property=\"article:publisher\" content=\"https:\/\/www.facebook.com\/WebdelMaestroCMF\/\" \/>\n<meta property=\"article:author\" content=\"https:\/\/www.facebook.com\/WebdelMaestroCMF\/\" \/>\n<meta property=\"article:published_time\" content=\"2025-08-23T05:49:47+00:00\" \/>\n<meta property=\"article:modified_time\" content=\"2025-08-23T15:27:51+00:00\" \/>\n<meta property=\"og:image\" content=\"https:\/\/webdelmaestrocmf.com\/portal\/wp-content\/uploads\/2025\/08\/1A-Banner-1-portada-imagen-10-1-copia.jpg\" \/>\n\t<meta property=\"og:image:width\" content=\"1003\" \/>\n\t<meta property=\"og:image:height\" content=\"521\" \/>\n\t<meta property=\"og:image:type\" content=\"image\/jpeg\" \/>\n<meta name=\"author\" content=\"Web del Maestro CMF\" \/>\n<meta name=\"twitter:card\" content=\"summary_large_image\" \/>\n<meta name=\"twitter:creator\" content=\"@cmf_w\" \/>\n<meta name=\"twitter:site\" content=\"@cmf_w\" \/>\n<script type=\"application\/ld+json\" class=\"yoast-schema-graph\">{\"@context\":\"https:\\\/\\\/schema.org\",\"@graph\":[{\"@type\":\"ScholarlyArticle\",\"@id\":\"https:\\\/\\\/webdelmaestrocmf.com\\\/portal\\\/peru-y-sus-expresidentes-en-prision-crisis-politica-o-justicia-efectiva\\\/#article\",\"isPartOf\":{\"@id\":\"https:\\\/\\\/webdelmaestrocmf.com\\\/portal\\\/peru-y-sus-expresidentes-en-prision-crisis-politica-o-justicia-efectiva\\\/\"},\"author\":{\"name\":\"Web del Maestro CMF\",\"@id\":\"https:\\\/\\\/webdelmaestrocmf.com\\\/portal\\\/#\\\/schema\\\/person\\\/1072a2ed7bd960df8ef99a551fa35dc5\"},\"headline\":\"Per\u00fa y sus expresidentes en prisi\u00f3n: \u00bfcrisis pol\u00edtica o justicia efectiva?\",\"datePublished\":\"2025-08-23T05:49:47+00:00\",\"dateModified\":\"2025-08-23T15:27:51+00:00\",\"mainEntityOfPage\":{\"@id\":\"https:\\\/\\\/webdelmaestrocmf.com\\\/portal\\\/peru-y-sus-expresidentes-en-prision-crisis-politica-o-justicia-efectiva\\\/\"},\"wordCount\":794,\"commentCount\":4,\"publisher\":{\"@id\":\"https:\\\/\\\/webdelmaestrocmf.com\\\/portal\\\/#organization\"},\"image\":{\"@id\":\"https:\\\/\\\/webdelmaestrocmf.com\\\/portal\\\/peru-y-sus-expresidentes-en-prision-crisis-politica-o-justicia-efectiva\\\/#primaryimage\"},\"thumbnailUrl\":\"https:\\\/\\\/webdelmaestrocmf.com\\\/portal\\\/wp-content\\\/uploads\\\/2025\\\/08\\\/1A-Banner-1-portada-imagen-10-1-copia.jpg\",\"keywords\":[\"EFECTIVA\",\"expresidentes\",\"Per\u00fa\"],\"articleSection\":[\"Noticias Internacionales\"],\"inLanguage\":\"es\",\"potentialAction\":[{\"@type\":\"CommentAction\",\"name\":\"Comment\",\"target\":[\"https:\\\/\\\/webdelmaestrocmf.com\\\/portal\\\/peru-y-sus-expresidentes-en-prision-crisis-politica-o-justicia-efectiva\\\/#respond\"]}]},{\"@type\":\"WebPage\",\"@id\":\"https:\\\/\\\/webdelmaestrocmf.com\\\/portal\\\/peru-y-sus-expresidentes-en-prision-crisis-politica-o-justicia-efectiva\\\/\",\"url\":\"https:\\\/\\\/webdelmaestrocmf.com\\\/portal\\\/peru-y-sus-expresidentes-en-prision-crisis-politica-o-justicia-efectiva\\\/\",\"name\":\"Per\u00fa y sus expresidentes en prisi\u00f3n: \u00bfcrisis pol\u00edtica o justicia efectiva? - 2026\",\"isPartOf\":{\"@id\":\"https:\\\/\\\/webdelmaestrocmf.com\\\/portal\\\/#website\"},\"primaryImageOfPage\":{\"@id\":\"https:\\\/\\\/webdelmaestrocmf.com\\\/portal\\\/peru-y-sus-expresidentes-en-prision-crisis-politica-o-justicia-efectiva\\\/#primaryimage\"},\"image\":{\"@id\":\"https:\\\/\\\/webdelmaestrocmf.com\\\/portal\\\/peru-y-sus-expresidentes-en-prision-crisis-politica-o-justicia-efectiva\\\/#primaryimage\"},\"thumbnailUrl\":\"https:\\\/\\\/webdelmaestrocmf.com\\\/portal\\\/wp-content\\\/uploads\\\/2025\\\/08\\\/1A-Banner-1-portada-imagen-10-1-copia.jpg\",\"datePublished\":\"2025-08-23T05:49:47+00:00\",\"dateModified\":\"2025-08-23T15:27:51+00:00\",\"description\":\"La historia pol\u00edtica del Per\u00fa en las \u00faltimas d\u00e9cadas se ha visto marcada por una sucesi\u00f3n de expresidentes investigados, procesados...\",\"breadcrumb\":{\"@id\":\"https:\\\/\\\/webdelmaestrocmf.com\\\/portal\\\/peru-y-sus-expresidentes-en-prision-crisis-politica-o-justicia-efectiva\\\/#breadcrumb\"},\"inLanguage\":\"es\",\"potentialAction\":[{\"@type\":\"ReadAction\",\"target\":[\"https:\\\/\\\/webdelmaestrocmf.com\\\/portal\\\/peru-y-sus-expresidentes-en-prision-crisis-politica-o-justicia-efectiva\\\/\"]}]},{\"@type\":\"ImageObject\",\"inLanguage\":\"es\",\"@id\":\"https:\\\/\\\/webdelmaestrocmf.com\\\/portal\\\/peru-y-sus-expresidentes-en-prision-crisis-politica-o-justicia-efectiva\\\/#primaryimage\",\"url\":\"https:\\\/\\\/webdelmaestrocmf.com\\\/portal\\\/wp-content\\\/uploads\\\/2025\\\/08\\\/1A-Banner-1-portada-imagen-10-1-copia.jpg\",\"contentUrl\":\"https:\\\/\\\/webdelmaestrocmf.com\\\/portal\\\/wp-content\\\/uploads\\\/2025\\\/08\\\/1A-Banner-1-portada-imagen-10-1-copia.jpg\",\"width\":1003,\"height\":521},{\"@type\":\"BreadcrumbList\",\"@id\":\"https:\\\/\\\/webdelmaestrocmf.com\\\/portal\\\/peru-y-sus-expresidentes-en-prision-crisis-politica-o-justicia-efectiva\\\/#breadcrumb\",\"itemListElement\":[{\"@type\":\"ListItem\",\"position\":1,\"name\":\"Portada\",\"item\":\"https:\\\/\\\/webdelmaestrocmf.com\\\/portal\\\/\"},{\"@type\":\"ListItem\",\"position\":2,\"name\":\"Noticias Internacionales\",\"item\":\"https:\\\/\\\/webdelmaestrocmf.com\\\/portal\\\/category\\\/noticias-internacionales\\\/\"},{\"@type\":\"ListItem\",\"position\":3,\"name\":\"Per\u00fa y sus expresidentes en prisi\u00f3n: \u00bfcrisis pol\u00edtica o justicia efectiva?\"}]},{\"@type\":\"WebSite\",\"@id\":\"https:\\\/\\\/webdelmaestrocmf.com\\\/portal\\\/#website\",\"url\":\"https:\\\/\\\/webdelmaestrocmf.com\\\/portal\\\/\",\"name\":\"Web del Maestro CMF\",\"description\":\"Maestros al servicio de la educaci\u00f3n\",\"publisher\":{\"@id\":\"https:\\\/\\\/webdelmaestrocmf.com\\\/portal\\\/#organization\"},\"alternateName\":\"WMCMF\",\"potentialAction\":[{\"@type\":\"SearchAction\",\"target\":{\"@type\":\"EntryPoint\",\"urlTemplate\":\"https:\\\/\\\/webdelmaestrocmf.com\\\/portal\\\/?s={search_term_string}\"},\"query-input\":{\"@type\":\"PropertyValueSpecification\",\"valueRequired\":true,\"valueName\":\"search_term_string\"}}],\"inLanguage\":\"es\"},{\"@type\":\"Organization\",\"@id\":\"https:\\\/\\\/webdelmaestrocmf.com\\\/portal\\\/#organization\",\"name\":\"Web del Maestro CMF\",\"alternateName\":\"WMCMF\",\"url\":\"https:\\\/\\\/webdelmaestrocmf.com\\\/portal\\\/\",\"logo\":{\"@type\":\"ImageObject\",\"inLanguage\":\"es\",\"@id\":\"https:\\\/\\\/webdelmaestrocmf.com\\\/portal\\\/#\\\/schema\\\/logo\\\/image\\\/\",\"url\":\"https:\\\/\\\/webdelmaestrocmf.com\\\/portal\\\/wp-content\\\/uploads\\\/2023\\\/01\\\/logo-wmcmf-2.png\",\"contentUrl\":\"https:\\\/\\\/webdelmaestrocmf.com\\\/portal\\\/wp-content\\\/uploads\\\/2023\\\/01\\\/logo-wmcmf-2.png\",\"width\":200,\"height\":60,\"caption\":\"Web del Maestro CMF\"},\"image\":{\"@id\":\"https:\\\/\\\/webdelmaestrocmf.com\\\/portal\\\/#\\\/schema\\\/logo\\\/image\\\/\"},\"sameAs\":[\"https:\\\/\\\/www.facebook.com\\\/WebdelMaestroCMF\\\/\",\"https:\\\/\\\/x.com\\\/cmf_w\",\"https:\\\/\\\/www.pinterest.com\\\/WMCMF\\\/\",\"https:\\\/\\\/www.linkedin.com\\\/company\\\/web-del-maestro-cmf\\\/\",\"https:\\\/\\\/www.instagram.com\\\/wmcmf\\\/\",\"https:\\\/\\\/www.youtube.com\\\/channel\\\/UCDPSvjbdodE5sHnC3OxutHw\",\"https:\\\/\\\/mastodon.social\\\/@wmcmf\",\"https:\\\/\\\/www.tiktok.com\\\/@webdelmaestrocmf\"]},{\"@type\":\"Person\",\"@id\":\"https:\\\/\\\/webdelmaestrocmf.com\\\/portal\\\/#\\\/schema\\\/person\\\/1072a2ed7bd960df8ef99a551fa35dc5\",\"name\":\"Web del Maestro CMF\",\"image\":{\"@type\":\"ImageObject\",\"inLanguage\":\"es\",\"@id\":\"https:\\\/\\\/secure.gravatar.com\\\/avatar\\\/23291dd5b5ae1077dcff3dbb04c3e02bd28403fa75af6d8787d5e97c5bbbe30b?s=96&d=mm&r=g\",\"url\":\"https:\\\/\\\/secure.gravatar.com\\\/avatar\\\/23291dd5b5ae1077dcff3dbb04c3e02bd28403fa75af6d8787d5e97c5bbbe30b?s=96&d=mm&r=g\",\"contentUrl\":\"https:\\\/\\\/secure.gravatar.com\\\/avatar\\\/23291dd5b5ae1077dcff3dbb04c3e02bd28403fa75af6d8787d5e97c5bbbe30b?s=96&d=mm&r=g\",\"caption\":\"Web del Maestro CMF\"},\"description\":\"Esta Web se cre\u00f3 sin fines de lucro, con fines educativos, cient\u00edficos y acad\u00e9micos, para personas que tengan dificultades y\\\/o inconvenientes en visualizar el material original. El objetivo es entregar recursos, compartir experiencias y materiales que ayuden a los padres de familia, maestros y estudiantes en su actualizaci\u00f3n y formaci\u00f3n permanente, en bien de la Educaci\u00f3n.\",\"sameAs\":[\"http:\\\/\\\/webdelmaestrocmf.com\\\/portal\",\"https:\\\/\\\/www.facebook.com\\\/WebdelMaestroCMF\\\/\",\"https:\\\/\\\/www.instagram.com\\\/wmcmf\\\/\",\"https:\\\/\\\/cl.linkedin.com\\\/company\\\/web-del-maestro-cmf\",\"https:\\\/\\\/www.pinterest.com\\\/WMCMF\\\/publicaciones\\\/\",\"https:\\\/\\\/x.com\\\/cmf_w\",\"https:\\\/\\\/www.youtube.com\\\/@WMCMF\"]}]}<\/script>\n<!-- \/ Yoast SEO plugin. -->","yoast_head_json":{"title":"Per\u00fa y sus expresidentes en prisi\u00f3n: \u00bfcrisis pol\u00edtica o justicia efectiva? - 2026","description":"La historia pol\u00edtica del Per\u00fa en las \u00faltimas d\u00e9cadas se ha visto marcada por una sucesi\u00f3n de expresidentes investigados, procesados...","robots":{"index":"index","follow":"follow","max-snippet":"max-snippet:-1","max-image-preview":"max-image-preview:large","max-video-preview":"max-video-preview:-1"},"canonical":"https:\/\/webdelmaestrocmf.com\/portal\/peru-y-sus-expresidentes-en-prision-crisis-politica-o-justicia-efectiva\/","og_locale":"es_ES","og_type":"article","og_title":"Per\u00fa y sus expresidentes en prisi\u00f3n: \u00bfcrisis pol\u00edtica o justicia efectiva? - 2026","og_description":"La historia pol\u00edtica del Per\u00fa en las \u00faltimas d\u00e9cadas se ha visto marcada por una sucesi\u00f3n de expresidentes investigados, procesados...","og_url":"https:\/\/webdelmaestrocmf.com\/portal\/peru-y-sus-expresidentes-en-prision-crisis-politica-o-justicia-efectiva\/","og_site_name":"Web del Maestro CMF","article_publisher":"https:\/\/www.facebook.com\/WebdelMaestroCMF\/","article_author":"https:\/\/www.facebook.com\/WebdelMaestroCMF\/","article_published_time":"2025-08-23T05:49:47+00:00","article_modified_time":"2025-08-23T15:27:51+00:00","og_image":[{"width":1003,"height":521,"url":"https:\/\/webdelmaestrocmf.com\/portal\/wp-content\/uploads\/2025\/08\/1A-Banner-1-portada-imagen-10-1-copia.jpg","type":"image\/jpeg"}],"author":"Web del Maestro CMF","twitter_card":"summary_large_image","twitter_creator":"@cmf_w","twitter_site":"@cmf_w","schema":{"@context":"https:\/\/schema.org","@graph":[{"@type":"ScholarlyArticle","@id":"https:\/\/webdelmaestrocmf.com\/portal\/peru-y-sus-expresidentes-en-prision-crisis-politica-o-justicia-efectiva\/#article","isPartOf":{"@id":"https:\/\/webdelmaestrocmf.com\/portal\/peru-y-sus-expresidentes-en-prision-crisis-politica-o-justicia-efectiva\/"},"author":{"name":"Web del Maestro CMF","@id":"https:\/\/webdelmaestrocmf.com\/portal\/#\/schema\/person\/1072a2ed7bd960df8ef99a551fa35dc5"},"headline":"Per\u00fa y sus expresidentes en prisi\u00f3n: \u00bfcrisis pol\u00edtica o justicia efectiva?","datePublished":"2025-08-23T05:49:47+00:00","dateModified":"2025-08-23T15:27:51+00:00","mainEntityOfPage":{"@id":"https:\/\/webdelmaestrocmf.com\/portal\/peru-y-sus-expresidentes-en-prision-crisis-politica-o-justicia-efectiva\/"},"wordCount":794,"commentCount":4,"publisher":{"@id":"https:\/\/webdelmaestrocmf.com\/portal\/#organization"},"image":{"@id":"https:\/\/webdelmaestrocmf.com\/portal\/peru-y-sus-expresidentes-en-prision-crisis-politica-o-justicia-efectiva\/#primaryimage"},"thumbnailUrl":"https:\/\/webdelmaestrocmf.com\/portal\/wp-content\/uploads\/2025\/08\/1A-Banner-1-portada-imagen-10-1-copia.jpg","keywords":["EFECTIVA","expresidentes","Per\u00fa"],"articleSection":["Noticias Internacionales"],"inLanguage":"es","potentialAction":[{"@type":"CommentAction","name":"Comment","target":["https:\/\/webdelmaestrocmf.com\/portal\/peru-y-sus-expresidentes-en-prision-crisis-politica-o-justicia-efectiva\/#respond"]}]},{"@type":"WebPage","@id":"https:\/\/webdelmaestrocmf.com\/portal\/peru-y-sus-expresidentes-en-prision-crisis-politica-o-justicia-efectiva\/","url":"https:\/\/webdelmaestrocmf.com\/portal\/peru-y-sus-expresidentes-en-prision-crisis-politica-o-justicia-efectiva\/","name":"Per\u00fa y sus expresidentes en prisi\u00f3n: \u00bfcrisis pol\u00edtica o justicia efectiva? - 2026","isPartOf":{"@id":"https:\/\/webdelmaestrocmf.com\/portal\/#website"},"primaryImageOfPage":{"@id":"https:\/\/webdelmaestrocmf.com\/portal\/peru-y-sus-expresidentes-en-prision-crisis-politica-o-justicia-efectiva\/#primaryimage"},"image":{"@id":"https:\/\/webdelmaestrocmf.com\/portal\/peru-y-sus-expresidentes-en-prision-crisis-politica-o-justicia-efectiva\/#primaryimage"},"thumbnailUrl":"https:\/\/webdelmaestrocmf.com\/portal\/wp-content\/uploads\/2025\/08\/1A-Banner-1-portada-imagen-10-1-copia.jpg","datePublished":"2025-08-23T05:49:47+00:00","dateModified":"2025-08-23T15:27:51+00:00","description":"La historia pol\u00edtica del Per\u00fa en las \u00faltimas d\u00e9cadas se ha visto marcada por una sucesi\u00f3n de expresidentes investigados, procesados...","breadcrumb":{"@id":"https:\/\/webdelmaestrocmf.com\/portal\/peru-y-sus-expresidentes-en-prision-crisis-politica-o-justicia-efectiva\/#breadcrumb"},"inLanguage":"es","potentialAction":[{"@type":"ReadAction","target":["https:\/\/webdelmaestrocmf.com\/portal\/peru-y-sus-expresidentes-en-prision-crisis-politica-o-justicia-efectiva\/"]}]},{"@type":"ImageObject","inLanguage":"es","@id":"https:\/\/webdelmaestrocmf.com\/portal\/peru-y-sus-expresidentes-en-prision-crisis-politica-o-justicia-efectiva\/#primaryimage","url":"https:\/\/webdelmaestrocmf.com\/portal\/wp-content\/uploads\/2025\/08\/1A-Banner-1-portada-imagen-10-1-copia.jpg","contentUrl":"https:\/\/webdelmaestrocmf.com\/portal\/wp-content\/uploads\/2025\/08\/1A-Banner-1-portada-imagen-10-1-copia.jpg","width":1003,"height":521},{"@type":"BreadcrumbList","@id":"https:\/\/webdelmaestrocmf.com\/portal\/peru-y-sus-expresidentes-en-prision-crisis-politica-o-justicia-efectiva\/#breadcrumb","itemListElement":[{"@type":"ListItem","position":1,"name":"Portada","item":"https:\/\/webdelmaestrocmf.com\/portal\/"},{"@type":"ListItem","position":2,"name":"Noticias Internacionales","item":"https:\/\/webdelmaestrocmf.com\/portal\/category\/noticias-internacionales\/"},{"@type":"ListItem","position":3,"name":"Per\u00fa y sus expresidentes en prisi\u00f3n: \u00bfcrisis pol\u00edtica o justicia efectiva?"}]},{"@type":"WebSite","@id":"https:\/\/webdelmaestrocmf.com\/portal\/#website","url":"https:\/\/webdelmaestrocmf.com\/portal\/","name":"Web del Maestro CMF","description":"Maestros al servicio de la educaci\u00f3n","publisher":{"@id":"https:\/\/webdelmaestrocmf.com\/portal\/#organization"},"alternateName":"WMCMF","potentialAction":[{"@type":"SearchAction","target":{"@type":"EntryPoint","urlTemplate":"https:\/\/webdelmaestrocmf.com\/portal\/?s={search_term_string}"},"query-input":{"@type":"PropertyValueSpecification","valueRequired":true,"valueName":"search_term_string"}}],"inLanguage":"es"},{"@type":"Organization","@id":"https:\/\/webdelmaestrocmf.com\/portal\/#organization","name":"Web del Maestro CMF","alternateName":"WMCMF","url":"https:\/\/webdelmaestrocmf.com\/portal\/","logo":{"@type":"ImageObject","inLanguage":"es","@id":"https:\/\/webdelmaestrocmf.com\/portal\/#\/schema\/logo\/image\/","url":"https:\/\/webdelmaestrocmf.com\/portal\/wp-content\/uploads\/2023\/01\/logo-wmcmf-2.png","contentUrl":"https:\/\/webdelmaestrocmf.com\/portal\/wp-content\/uploads\/2023\/01\/logo-wmcmf-2.png","width":200,"height":60,"caption":"Web del Maestro CMF"},"image":{"@id":"https:\/\/webdelmaestrocmf.com\/portal\/#\/schema\/logo\/image\/"},"sameAs":["https:\/\/www.facebook.com\/WebdelMaestroCMF\/","https:\/\/x.com\/cmf_w","https:\/\/www.pinterest.com\/WMCMF\/","https:\/\/www.linkedin.com\/company\/web-del-maestro-cmf\/","https:\/\/www.instagram.com\/wmcmf\/","https:\/\/www.youtube.com\/channel\/UCDPSvjbdodE5sHnC3OxutHw","https:\/\/mastodon.social\/@wmcmf","https:\/\/www.tiktok.com\/@webdelmaestrocmf"]},{"@type":"Person","@id":"https:\/\/webdelmaestrocmf.com\/portal\/#\/schema\/person\/1072a2ed7bd960df8ef99a551fa35dc5","name":"Web del Maestro CMF","image":{"@type":"ImageObject","inLanguage":"es","@id":"https:\/\/secure.gravatar.com\/avatar\/23291dd5b5ae1077dcff3dbb04c3e02bd28403fa75af6d8787d5e97c5bbbe30b?s=96&d=mm&r=g","url":"https:\/\/secure.gravatar.com\/avatar\/23291dd5b5ae1077dcff3dbb04c3e02bd28403fa75af6d8787d5e97c5bbbe30b?s=96&d=mm&r=g","contentUrl":"https:\/\/secure.gravatar.com\/avatar\/23291dd5b5ae1077dcff3dbb04c3e02bd28403fa75af6d8787d5e97c5bbbe30b?s=96&d=mm&r=g","caption":"Web del Maestro CMF"},"description":"Esta Web se cre\u00f3 sin fines de lucro, con fines educativos, cient\u00edficos y acad\u00e9micos, para personas que tengan dificultades y\/o inconvenientes en visualizar el material original. El objetivo es entregar recursos, compartir experiencias y materiales que ayuden a los padres de familia, maestros y estudiantes en su actualizaci\u00f3n y formaci\u00f3n permanente, en bien de la Educaci\u00f3n.","sameAs":["http:\/\/webdelmaestrocmf.com\/portal","https:\/\/www.facebook.com\/WebdelMaestroCMF\/","https:\/\/www.instagram.com\/wmcmf\/","https:\/\/cl.linkedin.com\/company\/web-del-maestro-cmf","https:\/\/www.pinterest.com\/WMCMF\/publicaciones\/","https:\/\/x.com\/cmf_w","https:\/\/www.youtube.com\/@WMCMF"]}]}},"jetpack_featured_media_url":"https:\/\/webdelmaestrocmf.com\/portal\/wp-content\/uploads\/2025\/08\/1A-Banner-1-portada-imagen-10-1-copia.jpg","jetpack_sharing_enabled":true,"jetpack-related-posts":[{"id":111322,"url":"https:\/\/webdelmaestrocmf.com\/portal\/ordenan-tobillera-electronica-y-restricciones-para-jair-bolsonaro-por-temor-a-que-se-fugue-hacia-ee-uu\/","url_meta":{"origin":111985,"position":0},"title":"Ordenan tobillera electr\u00f3nica y restricciones para Jair Bolsonaro por temor a que se fugue hacia EE.\u202fUU.","author":"Web del Maestro CMF","date":"18 julio, 2025","format":false,"excerpt":"La Polic\u00eda Federal de Brasil impuso medidas cautelares al expresidente, acusado de participar en una trama golpista y de financiar campa\u00f1as internacionales contra las instituciones del pa\u00eds.","rel":"","context":"En \u00abNoticias Internacionales\u00bb","block_context":{"text":"Noticias Internacionales","link":"https:\/\/webdelmaestrocmf.com\/portal\/category\/noticias-internacionales\/"},"img":{"alt_text":"","src":"https:\/\/i0.wp.com\/webdelmaestrocmf.com\/portal\/wp-content\/uploads\/2025\/07\/1A-Banner-1-portada-imagen-10-1-copia-5.webp?resize=350%2C200&ssl=1","width":350,"height":200,"srcset":"https:\/\/i0.wp.com\/webdelmaestrocmf.com\/portal\/wp-content\/uploads\/2025\/07\/1A-Banner-1-portada-imagen-10-1-copia-5.webp?resize=350%2C200&ssl=1 1x, https:\/\/i0.wp.com\/webdelmaestrocmf.com\/portal\/wp-content\/uploads\/2025\/07\/1A-Banner-1-portada-imagen-10-1-copia-5.webp?resize=525%2C300&ssl=1 1.5x, https:\/\/i0.wp.com\/webdelmaestrocmf.com\/portal\/wp-content\/uploads\/2025\/07\/1A-Banner-1-portada-imagen-10-1-copia-5.webp?resize=700%2C400&ssl=1 2x"},"classes":[]},{"id":111665,"url":"https:\/\/webdelmaestrocmf.com\/portal\/alvaro-uribe-condenado-la-sentencia-historica-que-sacude-la-politica-colombiana\/","url_meta":{"origin":111985,"position":1},"title":"Tribunal de Bogot\u00e1 ordena la libertad de \u00c1lvaro Uribe mientras se resuelve apelaci\u00f3n a su condena","author":"Web del Maestro CMF","date":"1 agosto, 2025","format":false,"excerpt":"El Tribunal de Bogot\u00e1 orden\u00f3 la libertad de \u00c1lvaro Uribe, condenado por manipulaci\u00f3n de testigos, mientras se resuelve su apelaci\u00f3n judicial.","rel":"","context":"En \u00abNoticias Internacionales\u00bb","block_context":{"text":"Noticias Internacionales","link":"https:\/\/webdelmaestrocmf.com\/portal\/category\/noticias-internacionales\/"},"img":{"alt_text":"","src":"https:\/\/i0.wp.com\/webdelmaestrocmf.com\/portal\/wp-content\/uploads\/2025\/08\/1A-Banner-1-portada-imagen-10-1-copia-94.webp?resize=350%2C200&ssl=1","width":350,"height":200,"srcset":"https:\/\/i0.wp.com\/webdelmaestrocmf.com\/portal\/wp-content\/uploads\/2025\/08\/1A-Banner-1-portada-imagen-10-1-copia-94.webp?resize=350%2C200&ssl=1 1x, https:\/\/i0.wp.com\/webdelmaestrocmf.com\/portal\/wp-content\/uploads\/2025\/08\/1A-Banner-1-portada-imagen-10-1-copia-94.webp?resize=525%2C300&ssl=1 1.5x, https:\/\/i0.wp.com\/webdelmaestrocmf.com\/portal\/wp-content\/uploads\/2025\/08\/1A-Banner-1-portada-imagen-10-1-copia-94.webp?resize=700%2C400&ssl=1 2x"},"classes":[]},{"id":84877,"url":"https:\/\/webdelmaestrocmf.com\/portal\/david-auris-la-educacion-no-pudo-salvar-al-expresidente-alejandro-toledo\/","url_meta":{"origin":111985,"position":2},"title":"[David Auris] La educaci\u00f3n no pudo salvar al expresidente Alejandro Toledo","author":"Web del Maestro CMF","date":"27 febrero, 2023","format":false,"excerpt":"Como educador, con cierta desaz\u00f3n esbozo este art\u00edculo sobre el expresidente del Per\u00fa, Alejandro Toledo, quien aparentemente naci\u00f3 sentenciado a vivir en la pobreza, pero la educaci\u00f3n hizo de \u00e9l un prestigioso acad\u00e9mico hasta encumbrarlo como presidente de la Rep\u00fablica e ir\u00f3nicamente esa misma educaci\u00f3n no fue suficiente para salvarlo\u2026","rel":"","context":"En \u00abZ-Colaborador-David-Auris\u00bb","block_context":{"text":"Z-Colaborador-David-Auris","link":"https:\/\/webdelmaestrocmf.com\/portal\/category\/colaborador\/z-colaborador-david-auris\/"},"img":{"alt_text":"","src":"https:\/\/i0.wp.com\/webdelmaestrocmf.com\/portal\/wp-content\/uploads\/2023\/02\/a1bc-4.jpg?resize=350%2C200&ssl=1","width":350,"height":200,"srcset":"https:\/\/i0.wp.com\/webdelmaestrocmf.com\/portal\/wp-content\/uploads\/2023\/02\/a1bc-4.jpg?resize=350%2C200&ssl=1 1x, https:\/\/i0.wp.com\/webdelmaestrocmf.com\/portal\/wp-content\/uploads\/2023\/02\/a1bc-4.jpg?resize=525%2C300&ssl=1 1.5x, https:\/\/i0.wp.com\/webdelmaestrocmf.com\/portal\/wp-content\/uploads\/2023\/02\/a1bc-4.jpg?resize=700%2C400&ssl=1 2x"},"classes":[]},{"id":112067,"url":"https:\/\/webdelmaestrocmf.com\/portal\/condenan-a-27-anos-de-carcel-a-jair-bolsonaro-por-intento-de-golpe-de-estado-en-brasil\/","url_meta":{"origin":111985,"position":3},"title":"Condenan a 27 a\u00f1os de c\u00e1rcel a Jair Bolsonaro por intento de golpe de Estado en Brasil","author":"Web del Maestro CMF","date":"11 septiembre, 2025","format":false,"excerpt":"El l\u00edder ultraderechista est\u00e1 acusado de encabezar un grupo armado para intentar mantenerse en el poder tras perder las elecciones de 2022 frente a Lula da Silva.","rel":"","context":"En \u00abNoticias Internacionales\u00bb","block_context":{"text":"Noticias Internacionales","link":"https:\/\/webdelmaestrocmf.com\/portal\/category\/noticias-internacionales\/"},"img":{"alt_text":"","src":"https:\/\/i0.wp.com\/webdelmaestrocmf.com\/portal\/wp-content\/uploads\/2025\/09\/1A-Banner-1-portada-imagen-10-1-copia-2025-09-11T195307.541.webp?resize=350%2C200&ssl=1","width":350,"height":200,"srcset":"https:\/\/i0.wp.com\/webdelmaestrocmf.com\/portal\/wp-content\/uploads\/2025\/09\/1A-Banner-1-portada-imagen-10-1-copia-2025-09-11T195307.541.webp?resize=350%2C200&ssl=1 1x, https:\/\/i0.wp.com\/webdelmaestrocmf.com\/portal\/wp-content\/uploads\/2025\/09\/1A-Banner-1-portada-imagen-10-1-copia-2025-09-11T195307.541.webp?resize=525%2C300&ssl=1 1.5x, https:\/\/i0.wp.com\/webdelmaestrocmf.com\/portal\/wp-content\/uploads\/2025\/09\/1A-Banner-1-portada-imagen-10-1-copia-2025-09-11T195307.541.webp?resize=700%2C400&ssl=1 2x"},"classes":[]},{"id":111262,"url":"https:\/\/webdelmaestrocmf.com\/portal\/trump-la-lista-epstein-y-una-crisis-desde-dentro-como-el-expresidente-enfrenta-su-propia-conspiranoia\/","url_meta":{"origin":111985,"position":4},"title":"Trump, la \u2018lista Epstein\u2019 y una crisis desde dentro: c\u00f3mo el expresidente enfrenta su propia conspiranoia","author":"Web del Maestro CMF","date":"16 julio, 2025","format":false,"excerpt":"Una conspiraci\u00f3n que vuelve desde dentro, con Trump enfrentando a sus propios seguidores y el misterio de Epstein sin resolverse.","rel":"","context":"En \u00abNoticias Internacionales\u00bb","block_context":{"text":"Noticias Internacionales","link":"https:\/\/webdelmaestrocmf.com\/portal\/category\/noticias-internacionales\/"},"img":{"alt_text":"","src":"https:\/\/i0.wp.com\/webdelmaestrocmf.com\/portal\/wp-content\/uploads\/2025\/07\/1A-Banner-1-portada-imagen-10-1-copia-59.webp?resize=350%2C200&ssl=1","width":350,"height":200,"srcset":"https:\/\/i0.wp.com\/webdelmaestrocmf.com\/portal\/wp-content\/uploads\/2025\/07\/1A-Banner-1-portada-imagen-10-1-copia-59.webp?resize=350%2C200&ssl=1 1x, https:\/\/i0.wp.com\/webdelmaestrocmf.com\/portal\/wp-content\/uploads\/2025\/07\/1A-Banner-1-portada-imagen-10-1-copia-59.webp?resize=525%2C300&ssl=1 1.5x, https:\/\/i0.wp.com\/webdelmaestrocmf.com\/portal\/wp-content\/uploads\/2025\/07\/1A-Banner-1-portada-imagen-10-1-copia-59.webp?resize=700%2C400&ssl=1 2x"},"classes":[]},{"id":111458,"url":"https:\/\/webdelmaestrocmf.com\/portal\/el-caso-epstein-un-escandalo-que-sacude-al-gobierno-de-trump-y-fractura-al-partido-republicano\/","url_meta":{"origin":111985,"position":5},"title":"El caso Epstein: un esc\u00e1ndalo que sacude al Gobierno de Trump y fractura al Partido Republicano","author":"Web del Maestro CMF","date":"24 julio, 2025","format":false,"excerpt":"El caso Epstein sacude al gobierno de Trump, reabre v\u00ednculos pol\u00e9micos y divide al Partido Republicano por falta de transparencia.","rel":"","context":"En \u00abNoticias Internacionales\u00bb","block_context":{"text":"Noticias Internacionales","link":"https:\/\/webdelmaestrocmf.com\/portal\/category\/noticias-internacionales\/"},"img":{"alt_text":"","src":"https:\/\/i0.wp.com\/webdelmaestrocmf.com\/portal\/wp-content\/uploads\/2025\/07\/1A-Banner-1-portada-imagen-10-1-copia-76.webp?resize=350%2C200&ssl=1","width":350,"height":200,"srcset":"https:\/\/i0.wp.com\/webdelmaestrocmf.com\/portal\/wp-content\/uploads\/2025\/07\/1A-Banner-1-portada-imagen-10-1-copia-76.webp?resize=350%2C200&ssl=1 1x, https:\/\/i0.wp.com\/webdelmaestrocmf.com\/portal\/wp-content\/uploads\/2025\/07\/1A-Banner-1-portada-imagen-10-1-copia-76.webp?resize=525%2C300&ssl=1 1.5x, https:\/\/i0.wp.com\/webdelmaestrocmf.com\/portal\/wp-content\/uploads\/2025\/07\/1A-Banner-1-portada-imagen-10-1-copia-76.webp?resize=700%2C400&ssl=1 2x"},"classes":[]}],"_links":{"self":[{"href":"https:\/\/webdelmaestrocmf.com\/portal\/wp-json\/wp\/v2\/posts\/111985","targetHints":{"allow":["GET"]}}],"collection":[{"href":"https:\/\/webdelmaestrocmf.com\/portal\/wp-json\/wp\/v2\/posts"}],"about":[{"href":"https:\/\/webdelmaestrocmf.com\/portal\/wp-json\/wp\/v2\/types\/post"}],"author":[{"embeddable":true,"href":"https:\/\/webdelmaestrocmf.com\/portal\/wp-json\/wp\/v2\/users\/1"}],"replies":[{"embeddable":true,"href":"https:\/\/webdelmaestrocmf.com\/portal\/wp-json\/wp\/v2\/comments?post=111985"}],"version-history":[{"count":2,"href":"https:\/\/webdelmaestrocmf.com\/portal\/wp-json\/wp\/v2\/posts\/111985\/revisions"}],"predecessor-version":[{"id":111989,"href":"https:\/\/webdelmaestrocmf.com\/portal\/wp-json\/wp\/v2\/posts\/111985\/revisions\/111989"}],"wp:featuredmedia":[{"embeddable":true,"href":"https:\/\/webdelmaestrocmf.com\/portal\/wp-json\/wp\/v2\/media\/111986"}],"wp:attachment":[{"href":"https:\/\/webdelmaestrocmf.com\/portal\/wp-json\/wp\/v2\/media?parent=111985"}],"wp:term":[{"taxonomy":"category","embeddable":true,"href":"https:\/\/webdelmaestrocmf.com\/portal\/wp-json\/wp\/v2\/categories?post=111985"},{"taxonomy":"post_tag","embeddable":true,"href":"https:\/\/webdelmaestrocmf.com\/portal\/wp-json\/wp\/v2\/tags?post=111985"}],"curies":[{"name":"wp","href":"https:\/\/api.w.org\/{rel}","templated":true}]}}