{"id":111960,"date":"2025-08-21T10:03:46","date_gmt":"2025-08-21T14:03:46","guid":{"rendered":"https:\/\/webdelmaestrocmf.com\/portal\/?p=111960"},"modified":"2025-08-21T10:05:05","modified_gmt":"2025-08-21T14:05:05","slug":"mario-delgado-secretario-de-educacion-publica-responde-a-criticas-por-viaje-a-portugal-y-defiende-que-uso-recursos-propios","status":"publish","type":"post","link":"https:\/\/webdelmaestrocmf.com\/portal\/mario-delgado-secretario-de-educacion-publica-responde-a-criticas-por-viaje-a-portugal-y-defiende-que-uso-recursos-propios\/","title":{"rendered":"Mario Delgado, Secretario de Educaci\u00f3n P\u00fablica, responde a cr\u00edticas por viaje a Portugal y defiende que us\u00f3 recursos propios"},"content":{"rendered":"\n<p>El secretario de Educaci\u00f3n P\u00fablica de M\u00e9xico, <strong>Mario Delgado<\/strong>, enfrent\u00f3 cuestionamientos tras difundirse im\u00e1genes que lo mostraban hospedado en un hotel de lujo en Lisboa, Portugal. La controversia se origin\u00f3 en redes sociales y alcanz\u00f3 la agenda p\u00fablica al ser planteada durante la <strong>conferencia ma\u00f1anera del 28 de julio de 2025<\/strong>.<\/p>\n\n\n\n<h3 class=\"wp-block-heading\"><strong>Reconocimiento del viaje<\/strong><\/h3>\n\n\n\n<p>En la conferencia, Delgado reconoci\u00f3 el viaje y aclar\u00f3 que lo realiz\u00f3 de manera personal:<\/p>\n\n\n\n<blockquote class=\"wp-block-quote is-layout-flow wp-block-quote-is-layout-flow\">\n<p class=\"has-text-align-center\">\u201cS\u00ed, efectivamente sal\u00ed unos d\u00edas con mis propios recursos y sin descuidar mis responsabilidades\u201d, afirm\u00f3 el titular de la SEP.<\/p>\n<\/blockquote>\n\n\n\n<p>Su declaraci\u00f3n busc\u00f3 responder a quienes se\u00f1alaron una posible contradicci\u00f3n entre la pol\u00edtica de austeridad defendida por la llamada \u201ccuarta transformaci\u00f3n\u201d y la estancia en un complejo hotelero europeo.<\/p>\n\n\n\n<iframe loading=\"lazy\" width=\"100%\" height=\"315\" src=\"https:\/\/www.youtube.com\/embed\/TpmBoBYk6vo?si=41btxjXxNjp0BENl\" title=\"YouTube video player\" frameborder=\"0\" allow=\"accelerometer; autoplay; clipboard-write; encrypted-media; gyroscope; picture-in-picture; web-share\" referrerpolicy=\"strict-origin-when-cross-origin\" allowfullscreen><\/iframe>\n\n\n\n<h3 class=\"wp-block-heading\"><strong>Reacciones y cr\u00edticas<\/strong><\/h3>\n\n\n\n<p>Las im\u00e1genes generaron cr\u00edticas en plataformas digitales. Algunos usuarios acusaron una incongruencia con los principios de austeridad promovidos por el gobierno, mientras que otros defendieron el derecho del funcionario a vacacionar con su salario, siempre que cumpliera con sus responsabilidades.<\/p>\n\n\n\n<p>La presidenta <strong>Claudia Sheinbaum<\/strong> intervino en la misma conferencia, subrayando que los funcionarios deben conducirse con sobriedad:<\/p>\n\n\n\n<blockquote class=\"wp-block-quote is-layout-flow wp-block-quote-is-layout-flow\">\n<p class=\"has-text-align-center\">\u201cLos integrantes de este gobierno deben vivir en la justa median\u00eda. El recurso p\u00fablico es bendito y no puede terminar en los bolsillos de los gobernantes\u201d, expres\u00f3.<\/p>\n<\/blockquote>\n\n\n\n<h3 class=\"wp-block-heading\"><strong>Contexto pol\u00edtico<\/strong><\/h3>\n\n\n\n<p>El caso de Mario Delgado no es aislado. En los \u00faltimos meses, diversos funcionarios de Morena han sido se\u00f1alados por viajes al extranjero, entre ellos <strong>Ricardo Monreal<\/strong>, coordinador de Morena en la C\u00e1mara de Diputados, quien estuvo recientemente en Madrid. Estas situaciones han reavivado el debate sobre los l\u00edmites entre la vida privada de los servidores p\u00fablicos y las exigencias \u00e9ticas que impone la pol\u00edtica de austeridad.<\/p>\n\n\n\n<h3 class=\"wp-block-heading\"><strong>Otros anuncios en la ma\u00f1anera<\/strong><\/h3>\n\n\n\n<p>Adem\u00e1s de responder a las cr\u00edticas, Delgado present\u00f3 en la misma conferencia el proyecto <strong>Bachillerato Nacional<\/strong>, un programa educativo integral que comenzar\u00e1 a aplicarse en el nuevo ciclo escolar, con el objetivo de fortalecer la educaci\u00f3n media superior en el pa\u00eds.<\/p>\n\n\n\n<hr class=\"wp-block-separator has-alpha-channel-opacity\"\/>\n\n\n\n<p>La pol\u00e9mica por el viaje de Mario Delgado refleja la tensi\u00f3n permanente entre la vida personal de los funcionarios y las expectativas de austeridad que acompa\u00f1an al actual gobierno. Aunque el secretario de Educaci\u00f3n sostuvo que utiliz\u00f3 \u00fanicamente recursos propios y no descuid\u00f3 su labor, la discusi\u00f3n p\u00fablica pone de relieve c\u00f3mo cada acci\u00f3n de los representantes del gobierno es evaluada bajo el prisma de la coherencia con los principios de la administraci\u00f3n federal.<\/p>\n\n\n\n<p class=\"has-text-align-right\"><strong>Redacci\u00f3n | Web del Maestro CMF<\/strong><\/p>\n\n\n\t\t<div class=\"pk-inline-posts\">\n\t\t\t\n\t\t\t<div class=\"pk-inline-posts-container pk-inline-posts-template-list\"\n\t\t\t\tdata-columns=\"1\">\n\t\t\t\t\t\t<article id=\"post-118546\" class=\"post-118546 post type-post status-publish format-standard has-post-thumbnail category-noticias-internacionales tag-aprendizaje tag-conflicto tag-crisis tag-docentes tag-educacion-3 tag-escuela tag-guerra tag-infancia tag-resiliencia tag-sociedad cs-entry cs-video-wrap\">\n\t\t\t<div class=\"pk-post-outer\">\n\n\t\t\t\t\t\t\t\t<div class=\"pk-post-inner\">\n\t\t\t\t\t<div class=\"entry-thumbnail\">\n\t\t\t\t\t\t<div class=\"pk-overlay pk-overlay-ratio pk-ratio-landscape\">\n\t\t\t\t\t\t\t<div class=\"pk-overlay-background\">\n\t\t\t\t\t\t\t\t<a href=\"https:\/\/webdelmaestrocmf.com\/portal\/rusia-bombardea-orfanato-y-escuela-judia-en-odesa-en-el-sur-de-ucrania\/\" class=\"pk-overlay-link\">\n\t\t\t\t\t\t\t\t\t<img loading=\"lazy\" decoding=\"async\" width=\"300\" height=\"225\" src=\"https:\/\/webdelmaestrocmf.com\/portal\/wp-content\/uploads\/2026\/05\/1-1-300x225.jpg\" class=\"attachment-pk-thumbnail size-pk-thumbnail wp-post-image\" alt=\"\" \/>\t\t\t\t\t\t\t\t<\/a>\n\t\t\t\t\t\t\t<\/div>\n\t\t\t\t\t\t<\/div>\n\t\t\t\t\t<\/div>\n\t\t\t\t<\/div>\n\t\t\t\t\n\t\t\t\t<div class=\"pk-post-inner\">\n\t\t\t\t\t<header>\n\t\t\t\t\t\t<h3 class=\"pk-title\"><a href=\"https:\/\/webdelmaestrocmf.com\/portal\/rusia-bombardea-orfanato-y-escuela-judia-en-odesa-en-el-sur-de-ucrania\/\" rel=\"bookmark\">Rusia bombardea orfanato y escuela jud\u00eda en Odesa, en el sur de Ucrania<\/a><\/h3>\t\t\t\t\t<\/header><!-- .entry-header -->\n\t\t\t\t<\/div><!-- .post-inner -->\n\n\t\t\t<\/div><!-- .post-outer -->\n\t\t<\/article>\n\t\t\t<article id=\"post-118533\" class=\"post-118533 post type-post status-publish format-standard has-post-thumbnail category-noticias-internacionales tag-convivencia-escolar tag-docentes tag-educacion-2 tag-etica-educativa tag-normativa-escolar tag-preescolar tag-primaria tag-protocolos tag-rol-docente tag-seguridad-docente cs-entry cs-video-wrap\">\n\t\t\t<div class=\"pk-post-outer\">\n\n\t\t\t\t\t\t\t\t<div class=\"pk-post-inner\">\n\t\t\t\t\t<div class=\"entry-thumbnail\">\n\t\t\t\t\t\t<div class=\"pk-overlay pk-overlay-ratio pk-ratio-landscape\">\n\t\t\t\t\t\t\t<div class=\"pk-overlay-background\">\n\t\t\t\t\t\t\t\t<a href=\"https:\/\/webdelmaestrocmf.com\/portal\/profesor-advierte-a-docentes-no-pueden-asistir-a-un-nino-en-el-bano-por-riesgo-de-cargos-legales\/\" class=\"pk-overlay-link\">\n\t\t\t\t\t\t\t\t\t<img loading=\"lazy\" decoding=\"async\" width=\"300\" height=\"225\" src=\"https:\/\/webdelmaestrocmf.com\/portal\/wp-content\/uploads\/2026\/05\/1AA-Banner-1-portada-imagen-10-1-copia-300x225.webp\" class=\"attachment-pk-thumbnail size-pk-thumbnail wp-post-image\" alt=\"\" \/>\t\t\t\t\t\t\t\t<\/a>\n\t\t\t\t\t\t\t<\/div>\n\t\t\t\t\t\t<\/div>\n\t\t\t\t\t<\/div>\n\t\t\t\t<\/div>\n\t\t\t\t\n\t\t\t\t<div class=\"pk-post-inner\">\n\t\t\t\t\t<header>\n\t\t\t\t\t\t<h3 class=\"pk-title\"><a href=\"https:\/\/webdelmaestrocmf.com\/portal\/profesor-advierte-a-docentes-no-pueden-asistir-a-un-nino-en-el-bano-por-riesgo-de-cargos-legales\/\" rel=\"bookmark\">Profesor advierte a docentes: \u201cNo pueden asistir a un ni\u00f1o en el ba\u00f1o\u201d por riesgo de cargos legales<\/a><\/h3>\t\t\t\t\t<\/header><!-- .entry-header -->\n\t\t\t\t<\/div><!-- .post-inner -->\n\n\t\t\t<\/div><!-- .post-outer -->\n\t\t<\/article>\n\t\t\t<article id=\"post-118505\" class=\"post-118505 post type-post status-publish format-standard has-post-thumbnail category-noticias-internacionales tag-acoso-laboral-docente tag-clima-laboral-educativo tag-denuncia-laboral tag-derechos-laborales-docentes tag-ley-karin tag-maltrato-en-escuelas tag-salud-mental-docente tag-sistema-educativo-crisis tag-violencia-en-escuelas cs-entry cs-video-wrap\">\n\t\t\t<div class=\"pk-post-outer\">\n\n\t\t\t\t\t\t\t\t<div class=\"pk-post-inner\">\n\t\t\t\t\t<div class=\"entry-thumbnail\">\n\t\t\t\t\t\t<div class=\"pk-overlay pk-overlay-ratio pk-ratio-landscape\">\n\t\t\t\t\t\t\t<div class=\"pk-overlay-background\">\n\t\t\t\t\t\t\t\t<a href=\"https:\/\/webdelmaestrocmf.com\/portal\/maestra-consulta-que-hacer-tras-sufrir-acoso-laboral-por-parte-de-una-profesora-y-directora-teme-denunciar-y-quedar-vetada-de-por-vida-como-se-debe-de-proceder-en-estos-casos\/\" class=\"pk-overlay-link\">\n\t\t\t\t\t\t\t\t\t<img loading=\"lazy\" decoding=\"async\" width=\"300\" height=\"225\" src=\"https:\/\/webdelmaestrocmf.com\/portal\/wp-content\/uploads\/2026\/04\/1AA-Banner-1-portada-imagen-10-1-copia-4-4-300x225.webp\" class=\"attachment-pk-thumbnail size-pk-thumbnail wp-post-image\" alt=\"\" \/>\t\t\t\t\t\t\t\t<\/a>\n\t\t\t\t\t\t\t<\/div>\n\t\t\t\t\t\t<\/div>\n\t\t\t\t\t<\/div>\n\t\t\t\t<\/div>\n\t\t\t\t\n\t\t\t\t<div class=\"pk-post-inner\">\n\t\t\t\t\t<header>\n\t\t\t\t\t\t<h3 class=\"pk-title\"><a href=\"https:\/\/webdelmaestrocmf.com\/portal\/maestra-consulta-que-hacer-tras-sufrir-acoso-laboral-por-parte-de-una-profesora-y-directora-teme-denunciar-y-quedar-vetada-de-por-vida-como-se-debe-de-proceder-en-estos-casos\/\" rel=\"bookmark\">Maestra consulta qu\u00e9 hacer tras sufrir acoso laboral por parte de una profesora y directora, teme denunciar y quedar vetada de por vida \u00bfC\u00f3mo se debe de proceder en estos casos?<\/a><\/h3>\t\t\t\t\t<\/header><!-- .entry-header -->\n\t\t\t\t<\/div><!-- .post-inner -->\n\n\t\t\t<\/div><!-- .post-outer -->\n\t\t<\/article>\n\t\t\t\t<\/div>\n\t\t<\/div>\n\t\t\n","protected":false},"excerpt":{"rendered":"Mario Delgado defendi\u00f3 su viaje a Portugal, asegur\u00f3 que us\u00f3 recursos propios y no descuid\u00f3 responsabilidades; Sheinbaum pidi\u00f3 justa median\u00eda.","protected":false},"author":1,"featured_media":111961,"comment_status":"open","ping_status":"closed","sticky":false,"template":"","format":"standard","meta":{"csco_display_header_overlay":false,"csco_singular_sidebar":"","csco_page_header_type":"","csco_page_load_nextpost":"","csco_post_video_location":[],"csco_post_video_location_hash":"","csco_post_video_url":"","csco_post_video_bg_start_time":0,"csco_post_video_bg_end_time":0,"csco_post_video_bg_volume":false,"_jetpack_memberships_contains_paid_content":false,"footnotes":""},"categories":[23790],"tags":[15803,24133,24135,24134,5357],"class_list":{"0":"post-111960","1":"post","2":"type-post","3":"status-publish","4":"format-standard","5":"has-post-thumbnail","7":"category-noticias-internacionales","8":"tag-criticas","9":"tag-mario-delgado","10":"tag-portugal","11":"tag-secretario-de-educacion-publica","12":"tag-viaje","13":"cs-entry","14":"cs-video-wrap"},"yoast_head":"<!-- This site is optimized with the Yoast SEO plugin v27.5 - https:\/\/yoast.com\/product\/yoast-seo-wordpress\/ -->\n<title>Mario Delgado, Secretario de Educaci\u00f3n P\u00fablica, responde a cr\u00edticas por viaje a Portugal y defiende que us\u00f3 recursos propios - 2026<\/title>\n<meta name=\"description\" content=\"El secretario de Educaci\u00f3n P\u00fablica de M\u00e9xico, Mario Delgado, enfrent\u00f3 cuestionamientos tras difundirse im\u00e1genes que lo...\" \/>\n<meta name=\"robots\" content=\"index, follow, max-snippet:-1, max-image-preview:large, max-video-preview:-1\" \/>\n<link rel=\"canonical\" href=\"https:\/\/webdelmaestrocmf.com\/portal\/mario-delgado-secretario-de-educacion-publica-responde-a-criticas-por-viaje-a-portugal-y-defiende-que-uso-recursos-propios\/\" \/>\n<meta property=\"og:locale\" content=\"es_ES\" \/>\n<meta property=\"og:type\" content=\"article\" \/>\n<meta property=\"og:title\" content=\"Mario Delgado, Secretario de Educaci\u00f3n P\u00fablica, responde a cr\u00edticas por viaje a Portugal y defiende que us\u00f3 recursos propios - 2026\" \/>\n<meta property=\"og:description\" content=\"El secretario de Educaci\u00f3n P\u00fablica de M\u00e9xico, Mario Delgado, enfrent\u00f3 cuestionamientos tras difundirse im\u00e1genes que lo...\" \/>\n<meta property=\"og:url\" content=\"https:\/\/webdelmaestrocmf.com\/portal\/mario-delgado-secretario-de-educacion-publica-responde-a-criticas-por-viaje-a-portugal-y-defiende-que-uso-recursos-propios\/\" \/>\n<meta property=\"og:site_name\" content=\"Web del Maestro CMF\" \/>\n<meta property=\"article:publisher\" content=\"https:\/\/www.facebook.com\/WebdelMaestroCMF\/\" \/>\n<meta property=\"article:author\" content=\"https:\/\/www.facebook.com\/WebdelMaestroCMF\/\" \/>\n<meta property=\"article:published_time\" content=\"2025-08-21T14:03:46+00:00\" \/>\n<meta property=\"article:modified_time\" content=\"2025-08-21T14:05:05+00:00\" \/>\n<meta property=\"og:image\" content=\"https:\/\/webdelmaestrocmf.com\/portal\/wp-content\/uploads\/2025\/08\/1A-Banner-1-portada-imagen-10-1-copia-6-1.webp\" \/>\n\t<meta property=\"og:image:width\" content=\"1003\" \/>\n\t<meta property=\"og:image:height\" content=\"667\" \/>\n\t<meta property=\"og:image:type\" content=\"image\/webp\" \/>\n<meta name=\"author\" content=\"Web del Maestro CMF\" \/>\n<meta name=\"twitter:card\" content=\"summary_large_image\" \/>\n<meta name=\"twitter:creator\" content=\"@cmf_w\" \/>\n<meta name=\"twitter:site\" content=\"@cmf_w\" \/>\n<script type=\"application\/ld+json\" class=\"yoast-schema-graph\">{\"@context\":\"https:\\\/\\\/schema.org\",\"@graph\":[{\"@type\":\"ScholarlyArticle\",\"@id\":\"https:\\\/\\\/webdelmaestrocmf.com\\\/portal\\\/mario-delgado-secretario-de-educacion-publica-responde-a-criticas-por-viaje-a-portugal-y-defiende-que-uso-recursos-propios\\\/#article\",\"isPartOf\":{\"@id\":\"https:\\\/\\\/webdelmaestrocmf.com\\\/portal\\\/mario-delgado-secretario-de-educacion-publica-responde-a-criticas-por-viaje-a-portugal-y-defiende-que-uso-recursos-propios\\\/\"},\"author\":{\"name\":\"Web del Maestro CMF\",\"@id\":\"https:\\\/\\\/webdelmaestrocmf.com\\\/portal\\\/#\\\/schema\\\/person\\\/1072a2ed7bd960df8ef99a551fa35dc5\"},\"headline\":\"Mario Delgado, Secretario de Educaci\u00f3n P\u00fablica, responde a cr\u00edticas por viaje a Portugal y defiende que us\u00f3 recursos propios\",\"datePublished\":\"2025-08-21T14:03:46+00:00\",\"dateModified\":\"2025-08-21T14:05:05+00:00\",\"mainEntityOfPage\":{\"@id\":\"https:\\\/\\\/webdelmaestrocmf.com\\\/portal\\\/mario-delgado-secretario-de-educacion-publica-responde-a-criticas-por-viaje-a-portugal-y-defiende-que-uso-recursos-propios\\\/\"},\"wordCount\":460,\"commentCount\":27,\"publisher\":{\"@id\":\"https:\\\/\\\/webdelmaestrocmf.com\\\/portal\\\/#organization\"},\"image\":{\"@id\":\"https:\\\/\\\/webdelmaestrocmf.com\\\/portal\\\/mario-delgado-secretario-de-educacion-publica-responde-a-criticas-por-viaje-a-portugal-y-defiende-que-uso-recursos-propios\\\/#primaryimage\"},\"thumbnailUrl\":\"https:\\\/\\\/webdelmaestrocmf.com\\\/portal\\\/wp-content\\\/uploads\\\/2025\\\/08\\\/1A-Banner-1-portada-imagen-10-1-copia-6-1.webp\",\"keywords\":[\"Cr\u00edticas\",\"Mario Delgado\",\"Portugal\",\"Secretario de Educaci\u00f3n P\u00fablica\",\"viaje\"],\"articleSection\":[\"Noticias Internacionales\"],\"inLanguage\":\"es\",\"potentialAction\":[{\"@type\":\"CommentAction\",\"name\":\"Comment\",\"target\":[\"https:\\\/\\\/webdelmaestrocmf.com\\\/portal\\\/mario-delgado-secretario-de-educacion-publica-responde-a-criticas-por-viaje-a-portugal-y-defiende-que-uso-recursos-propios\\\/#respond\"]}]},{\"@type\":\"WebPage\",\"@id\":\"https:\\\/\\\/webdelmaestrocmf.com\\\/portal\\\/mario-delgado-secretario-de-educacion-publica-responde-a-criticas-por-viaje-a-portugal-y-defiende-que-uso-recursos-propios\\\/\",\"url\":\"https:\\\/\\\/webdelmaestrocmf.com\\\/portal\\\/mario-delgado-secretario-de-educacion-publica-responde-a-criticas-por-viaje-a-portugal-y-defiende-que-uso-recursos-propios\\\/\",\"name\":\"Mario Delgado, Secretario de Educaci\u00f3n P\u00fablica, responde a cr\u00edticas por viaje a Portugal y defiende que us\u00f3 recursos propios - 2026\",\"isPartOf\":{\"@id\":\"https:\\\/\\\/webdelmaestrocmf.com\\\/portal\\\/#website\"},\"primaryImageOfPage\":{\"@id\":\"https:\\\/\\\/webdelmaestrocmf.com\\\/portal\\\/mario-delgado-secretario-de-educacion-publica-responde-a-criticas-por-viaje-a-portugal-y-defiende-que-uso-recursos-propios\\\/#primaryimage\"},\"image\":{\"@id\":\"https:\\\/\\\/webdelmaestrocmf.com\\\/portal\\\/mario-delgado-secretario-de-educacion-publica-responde-a-criticas-por-viaje-a-portugal-y-defiende-que-uso-recursos-propios\\\/#primaryimage\"},\"thumbnailUrl\":\"https:\\\/\\\/webdelmaestrocmf.com\\\/portal\\\/wp-content\\\/uploads\\\/2025\\\/08\\\/1A-Banner-1-portada-imagen-10-1-copia-6-1.webp\",\"datePublished\":\"2025-08-21T14:03:46+00:00\",\"dateModified\":\"2025-08-21T14:05:05+00:00\",\"description\":\"El secretario de Educaci\u00f3n P\u00fablica de M\u00e9xico, Mario Delgado, enfrent\u00f3 cuestionamientos tras difundirse im\u00e1genes que lo...\",\"breadcrumb\":{\"@id\":\"https:\\\/\\\/webdelmaestrocmf.com\\\/portal\\\/mario-delgado-secretario-de-educacion-publica-responde-a-criticas-por-viaje-a-portugal-y-defiende-que-uso-recursos-propios\\\/#breadcrumb\"},\"inLanguage\":\"es\",\"potentialAction\":[{\"@type\":\"ReadAction\",\"target\":[\"https:\\\/\\\/webdelmaestrocmf.com\\\/portal\\\/mario-delgado-secretario-de-educacion-publica-responde-a-criticas-por-viaje-a-portugal-y-defiende-que-uso-recursos-propios\\\/\"]}]},{\"@type\":\"ImageObject\",\"inLanguage\":\"es\",\"@id\":\"https:\\\/\\\/webdelmaestrocmf.com\\\/portal\\\/mario-delgado-secretario-de-educacion-publica-responde-a-criticas-por-viaje-a-portugal-y-defiende-que-uso-recursos-propios\\\/#primaryimage\",\"url\":\"https:\\\/\\\/webdelmaestrocmf.com\\\/portal\\\/wp-content\\\/uploads\\\/2025\\\/08\\\/1A-Banner-1-portada-imagen-10-1-copia-6-1.webp\",\"contentUrl\":\"https:\\\/\\\/webdelmaestrocmf.com\\\/portal\\\/wp-content\\\/uploads\\\/2025\\\/08\\\/1A-Banner-1-portada-imagen-10-1-copia-6-1.webp\",\"width\":1003,\"height\":667},{\"@type\":\"BreadcrumbList\",\"@id\":\"https:\\\/\\\/webdelmaestrocmf.com\\\/portal\\\/mario-delgado-secretario-de-educacion-publica-responde-a-criticas-por-viaje-a-portugal-y-defiende-que-uso-recursos-propios\\\/#breadcrumb\",\"itemListElement\":[{\"@type\":\"ListItem\",\"position\":1,\"name\":\"Portada\",\"item\":\"https:\\\/\\\/webdelmaestrocmf.com\\\/portal\\\/\"},{\"@type\":\"ListItem\",\"position\":2,\"name\":\"Noticias Internacionales\",\"item\":\"https:\\\/\\\/webdelmaestrocmf.com\\\/portal\\\/category\\\/noticias-internacionales\\\/\"},{\"@type\":\"ListItem\",\"position\":3,\"name\":\"Mario Delgado, Secretario de Educaci\u00f3n P\u00fablica, responde a cr\u00edticas por viaje a Portugal y defiende que us\u00f3 recursos propios\"}]},{\"@type\":\"WebSite\",\"@id\":\"https:\\\/\\\/webdelmaestrocmf.com\\\/portal\\\/#website\",\"url\":\"https:\\\/\\\/webdelmaestrocmf.com\\\/portal\\\/\",\"name\":\"Web del Maestro CMF\",\"description\":\"Maestros al servicio de la educaci\u00f3n\",\"publisher\":{\"@id\":\"https:\\\/\\\/webdelmaestrocmf.com\\\/portal\\\/#organization\"},\"alternateName\":\"WMCMF\",\"potentialAction\":[{\"@type\":\"SearchAction\",\"target\":{\"@type\":\"EntryPoint\",\"urlTemplate\":\"https:\\\/\\\/webdelmaestrocmf.com\\\/portal\\\/?s={search_term_string}\"},\"query-input\":{\"@type\":\"PropertyValueSpecification\",\"valueRequired\":true,\"valueName\":\"search_term_string\"}}],\"inLanguage\":\"es\"},{\"@type\":\"Organization\",\"@id\":\"https:\\\/\\\/webdelmaestrocmf.com\\\/portal\\\/#organization\",\"name\":\"Web del Maestro CMF\",\"alternateName\":\"WMCMF\",\"url\":\"https:\\\/\\\/webdelmaestrocmf.com\\\/portal\\\/\",\"logo\":{\"@type\":\"ImageObject\",\"inLanguage\":\"es\",\"@id\":\"https:\\\/\\\/webdelmaestrocmf.com\\\/portal\\\/#\\\/schema\\\/logo\\\/image\\\/\",\"url\":\"https:\\\/\\\/webdelmaestrocmf.com\\\/portal\\\/wp-content\\\/uploads\\\/2023\\\/01\\\/logo-wmcmf-2.png\",\"contentUrl\":\"https:\\\/\\\/webdelmaestrocmf.com\\\/portal\\\/wp-content\\\/uploads\\\/2023\\\/01\\\/logo-wmcmf-2.png\",\"width\":200,\"height\":60,\"caption\":\"Web del Maestro CMF\"},\"image\":{\"@id\":\"https:\\\/\\\/webdelmaestrocmf.com\\\/portal\\\/#\\\/schema\\\/logo\\\/image\\\/\"},\"sameAs\":[\"https:\\\/\\\/www.facebook.com\\\/WebdelMaestroCMF\\\/\",\"https:\\\/\\\/x.com\\\/cmf_w\",\"https:\\\/\\\/www.pinterest.com\\\/WMCMF\\\/\",\"https:\\\/\\\/www.linkedin.com\\\/company\\\/web-del-maestro-cmf\\\/\",\"https:\\\/\\\/www.instagram.com\\\/wmcmf\\\/\",\"https:\\\/\\\/www.youtube.com\\\/channel\\\/UCDPSvjbdodE5sHnC3OxutHw\",\"https:\\\/\\\/mastodon.social\\\/@wmcmf\",\"https:\\\/\\\/www.tiktok.com\\\/@webdelmaestrocmf\"]},{\"@type\":\"Person\",\"@id\":\"https:\\\/\\\/webdelmaestrocmf.com\\\/portal\\\/#\\\/schema\\\/person\\\/1072a2ed7bd960df8ef99a551fa35dc5\",\"name\":\"Web del Maestro CMF\",\"image\":{\"@type\":\"ImageObject\",\"inLanguage\":\"es\",\"@id\":\"https:\\\/\\\/secure.gravatar.com\\\/avatar\\\/23291dd5b5ae1077dcff3dbb04c3e02bd28403fa75af6d8787d5e97c5bbbe30b?s=96&d=mm&r=g\",\"url\":\"https:\\\/\\\/secure.gravatar.com\\\/avatar\\\/23291dd5b5ae1077dcff3dbb04c3e02bd28403fa75af6d8787d5e97c5bbbe30b?s=96&d=mm&r=g\",\"contentUrl\":\"https:\\\/\\\/secure.gravatar.com\\\/avatar\\\/23291dd5b5ae1077dcff3dbb04c3e02bd28403fa75af6d8787d5e97c5bbbe30b?s=96&d=mm&r=g\",\"caption\":\"Web del Maestro CMF\"},\"description\":\"Esta Web se cre\u00f3 sin fines de lucro, con fines educativos, cient\u00edficos y acad\u00e9micos, para personas que tengan dificultades y\\\/o inconvenientes en visualizar el material original. El objetivo es entregar recursos, compartir experiencias y materiales que ayuden a los padres de familia, maestros y estudiantes en su actualizaci\u00f3n y formaci\u00f3n permanente, en bien de la Educaci\u00f3n.\",\"sameAs\":[\"http:\\\/\\\/webdelmaestrocmf.com\\\/portal\",\"https:\\\/\\\/www.facebook.com\\\/WebdelMaestroCMF\\\/\",\"https:\\\/\\\/www.instagram.com\\\/wmcmf\\\/\",\"https:\\\/\\\/cl.linkedin.com\\\/company\\\/web-del-maestro-cmf\",\"https:\\\/\\\/www.pinterest.com\\\/WMCMF\\\/publicaciones\\\/\",\"https:\\\/\\\/x.com\\\/cmf_w\",\"https:\\\/\\\/www.youtube.com\\\/@WMCMF\"]}]}<\/script>\n<!-- \/ Yoast SEO plugin. -->","yoast_head_json":{"title":"Mario Delgado, Secretario de Educaci\u00f3n P\u00fablica, responde a cr\u00edticas por viaje a Portugal y defiende que us\u00f3 recursos propios - 2026","description":"El secretario de Educaci\u00f3n P\u00fablica de M\u00e9xico, Mario Delgado, enfrent\u00f3 cuestionamientos tras difundirse im\u00e1genes que lo...","robots":{"index":"index","follow":"follow","max-snippet":"max-snippet:-1","max-image-preview":"max-image-preview:large","max-video-preview":"max-video-preview:-1"},"canonical":"https:\/\/webdelmaestrocmf.com\/portal\/mario-delgado-secretario-de-educacion-publica-responde-a-criticas-por-viaje-a-portugal-y-defiende-que-uso-recursos-propios\/","og_locale":"es_ES","og_type":"article","og_title":"Mario Delgado, Secretario de Educaci\u00f3n P\u00fablica, responde a cr\u00edticas por viaje a Portugal y defiende que us\u00f3 recursos propios - 2026","og_description":"El secretario de Educaci\u00f3n P\u00fablica de M\u00e9xico, Mario Delgado, enfrent\u00f3 cuestionamientos tras difundirse im\u00e1genes que lo...","og_url":"https:\/\/webdelmaestrocmf.com\/portal\/mario-delgado-secretario-de-educacion-publica-responde-a-criticas-por-viaje-a-portugal-y-defiende-que-uso-recursos-propios\/","og_site_name":"Web del Maestro CMF","article_publisher":"https:\/\/www.facebook.com\/WebdelMaestroCMF\/","article_author":"https:\/\/www.facebook.com\/WebdelMaestroCMF\/","article_published_time":"2025-08-21T14:03:46+00:00","article_modified_time":"2025-08-21T14:05:05+00:00","og_image":[{"width":1003,"height":667,"url":"https:\/\/webdelmaestrocmf.com\/portal\/wp-content\/uploads\/2025\/08\/1A-Banner-1-portada-imagen-10-1-copia-6-1.webp","type":"image\/webp"}],"author":"Web del Maestro CMF","twitter_card":"summary_large_image","twitter_creator":"@cmf_w","twitter_site":"@cmf_w","schema":{"@context":"https:\/\/schema.org","@graph":[{"@type":"ScholarlyArticle","@id":"https:\/\/webdelmaestrocmf.com\/portal\/mario-delgado-secretario-de-educacion-publica-responde-a-criticas-por-viaje-a-portugal-y-defiende-que-uso-recursos-propios\/#article","isPartOf":{"@id":"https:\/\/webdelmaestrocmf.com\/portal\/mario-delgado-secretario-de-educacion-publica-responde-a-criticas-por-viaje-a-portugal-y-defiende-que-uso-recursos-propios\/"},"author":{"name":"Web del Maestro CMF","@id":"https:\/\/webdelmaestrocmf.com\/portal\/#\/schema\/person\/1072a2ed7bd960df8ef99a551fa35dc5"},"headline":"Mario Delgado, Secretario de Educaci\u00f3n P\u00fablica, responde a cr\u00edticas por viaje a Portugal y defiende que us\u00f3 recursos propios","datePublished":"2025-08-21T14:03:46+00:00","dateModified":"2025-08-21T14:05:05+00:00","mainEntityOfPage":{"@id":"https:\/\/webdelmaestrocmf.com\/portal\/mario-delgado-secretario-de-educacion-publica-responde-a-criticas-por-viaje-a-portugal-y-defiende-que-uso-recursos-propios\/"},"wordCount":460,"commentCount":27,"publisher":{"@id":"https:\/\/webdelmaestrocmf.com\/portal\/#organization"},"image":{"@id":"https:\/\/webdelmaestrocmf.com\/portal\/mario-delgado-secretario-de-educacion-publica-responde-a-criticas-por-viaje-a-portugal-y-defiende-que-uso-recursos-propios\/#primaryimage"},"thumbnailUrl":"https:\/\/webdelmaestrocmf.com\/portal\/wp-content\/uploads\/2025\/08\/1A-Banner-1-portada-imagen-10-1-copia-6-1.webp","keywords":["Cr\u00edticas","Mario Delgado","Portugal","Secretario de Educaci\u00f3n P\u00fablica","viaje"],"articleSection":["Noticias Internacionales"],"inLanguage":"es","potentialAction":[{"@type":"CommentAction","name":"Comment","target":["https:\/\/webdelmaestrocmf.com\/portal\/mario-delgado-secretario-de-educacion-publica-responde-a-criticas-por-viaje-a-portugal-y-defiende-que-uso-recursos-propios\/#respond"]}]},{"@type":"WebPage","@id":"https:\/\/webdelmaestrocmf.com\/portal\/mario-delgado-secretario-de-educacion-publica-responde-a-criticas-por-viaje-a-portugal-y-defiende-que-uso-recursos-propios\/","url":"https:\/\/webdelmaestrocmf.com\/portal\/mario-delgado-secretario-de-educacion-publica-responde-a-criticas-por-viaje-a-portugal-y-defiende-que-uso-recursos-propios\/","name":"Mario Delgado, Secretario de Educaci\u00f3n P\u00fablica, responde a cr\u00edticas por viaje a Portugal y defiende que us\u00f3 recursos propios - 2026","isPartOf":{"@id":"https:\/\/webdelmaestrocmf.com\/portal\/#website"},"primaryImageOfPage":{"@id":"https:\/\/webdelmaestrocmf.com\/portal\/mario-delgado-secretario-de-educacion-publica-responde-a-criticas-por-viaje-a-portugal-y-defiende-que-uso-recursos-propios\/#primaryimage"},"image":{"@id":"https:\/\/webdelmaestrocmf.com\/portal\/mario-delgado-secretario-de-educacion-publica-responde-a-criticas-por-viaje-a-portugal-y-defiende-que-uso-recursos-propios\/#primaryimage"},"thumbnailUrl":"https:\/\/webdelmaestrocmf.com\/portal\/wp-content\/uploads\/2025\/08\/1A-Banner-1-portada-imagen-10-1-copia-6-1.webp","datePublished":"2025-08-21T14:03:46+00:00","dateModified":"2025-08-21T14:05:05+00:00","description":"El secretario de Educaci\u00f3n P\u00fablica de M\u00e9xico, Mario Delgado, enfrent\u00f3 cuestionamientos tras difundirse im\u00e1genes que lo...","breadcrumb":{"@id":"https:\/\/webdelmaestrocmf.com\/portal\/mario-delgado-secretario-de-educacion-publica-responde-a-criticas-por-viaje-a-portugal-y-defiende-que-uso-recursos-propios\/#breadcrumb"},"inLanguage":"es","potentialAction":[{"@type":"ReadAction","target":["https:\/\/webdelmaestrocmf.com\/portal\/mario-delgado-secretario-de-educacion-publica-responde-a-criticas-por-viaje-a-portugal-y-defiende-que-uso-recursos-propios\/"]}]},{"@type":"ImageObject","inLanguage":"es","@id":"https:\/\/webdelmaestrocmf.com\/portal\/mario-delgado-secretario-de-educacion-publica-responde-a-criticas-por-viaje-a-portugal-y-defiende-que-uso-recursos-propios\/#primaryimage","url":"https:\/\/webdelmaestrocmf.com\/portal\/wp-content\/uploads\/2025\/08\/1A-Banner-1-portada-imagen-10-1-copia-6-1.webp","contentUrl":"https:\/\/webdelmaestrocmf.com\/portal\/wp-content\/uploads\/2025\/08\/1A-Banner-1-portada-imagen-10-1-copia-6-1.webp","width":1003,"height":667},{"@type":"BreadcrumbList","@id":"https:\/\/webdelmaestrocmf.com\/portal\/mario-delgado-secretario-de-educacion-publica-responde-a-criticas-por-viaje-a-portugal-y-defiende-que-uso-recursos-propios\/#breadcrumb","itemListElement":[{"@type":"ListItem","position":1,"name":"Portada","item":"https:\/\/webdelmaestrocmf.com\/portal\/"},{"@type":"ListItem","position":2,"name":"Noticias Internacionales","item":"https:\/\/webdelmaestrocmf.com\/portal\/category\/noticias-internacionales\/"},{"@type":"ListItem","position":3,"name":"Mario Delgado, Secretario de Educaci\u00f3n P\u00fablica, responde a cr\u00edticas por viaje a Portugal y defiende que us\u00f3 recursos propios"}]},{"@type":"WebSite","@id":"https:\/\/webdelmaestrocmf.com\/portal\/#website","url":"https:\/\/webdelmaestrocmf.com\/portal\/","name":"Web del Maestro CMF","description":"Maestros al servicio de la educaci\u00f3n","publisher":{"@id":"https:\/\/webdelmaestrocmf.com\/portal\/#organization"},"alternateName":"WMCMF","potentialAction":[{"@type":"SearchAction","target":{"@type":"EntryPoint","urlTemplate":"https:\/\/webdelmaestrocmf.com\/portal\/?s={search_term_string}"},"query-input":{"@type":"PropertyValueSpecification","valueRequired":true,"valueName":"search_term_string"}}],"inLanguage":"es"},{"@type":"Organization","@id":"https:\/\/webdelmaestrocmf.com\/portal\/#organization","name":"Web del Maestro CMF","alternateName":"WMCMF","url":"https:\/\/webdelmaestrocmf.com\/portal\/","logo":{"@type":"ImageObject","inLanguage":"es","@id":"https:\/\/webdelmaestrocmf.com\/portal\/#\/schema\/logo\/image\/","url":"https:\/\/webdelmaestrocmf.com\/portal\/wp-content\/uploads\/2023\/01\/logo-wmcmf-2.png","contentUrl":"https:\/\/webdelmaestrocmf.com\/portal\/wp-content\/uploads\/2023\/01\/logo-wmcmf-2.png","width":200,"height":60,"caption":"Web del Maestro CMF"},"image":{"@id":"https:\/\/webdelmaestrocmf.com\/portal\/#\/schema\/logo\/image\/"},"sameAs":["https:\/\/www.facebook.com\/WebdelMaestroCMF\/","https:\/\/x.com\/cmf_w","https:\/\/www.pinterest.com\/WMCMF\/","https:\/\/www.linkedin.com\/company\/web-del-maestro-cmf\/","https:\/\/www.instagram.com\/wmcmf\/","https:\/\/www.youtube.com\/channel\/UCDPSvjbdodE5sHnC3OxutHw","https:\/\/mastodon.social\/@wmcmf","https:\/\/www.tiktok.com\/@webdelmaestrocmf"]},{"@type":"Person","@id":"https:\/\/webdelmaestrocmf.com\/portal\/#\/schema\/person\/1072a2ed7bd960df8ef99a551fa35dc5","name":"Web del Maestro CMF","image":{"@type":"ImageObject","inLanguage":"es","@id":"https:\/\/secure.gravatar.com\/avatar\/23291dd5b5ae1077dcff3dbb04c3e02bd28403fa75af6d8787d5e97c5bbbe30b?s=96&d=mm&r=g","url":"https:\/\/secure.gravatar.com\/avatar\/23291dd5b5ae1077dcff3dbb04c3e02bd28403fa75af6d8787d5e97c5bbbe30b?s=96&d=mm&r=g","contentUrl":"https:\/\/secure.gravatar.com\/avatar\/23291dd5b5ae1077dcff3dbb04c3e02bd28403fa75af6d8787d5e97c5bbbe30b?s=96&d=mm&r=g","caption":"Web del Maestro CMF"},"description":"Esta Web se cre\u00f3 sin fines de lucro, con fines educativos, cient\u00edficos y acad\u00e9micos, para personas que tengan dificultades y\/o inconvenientes en visualizar el material original. El objetivo es entregar recursos, compartir experiencias y materiales que ayuden a los padres de familia, maestros y estudiantes en su actualizaci\u00f3n y formaci\u00f3n permanente, en bien de la Educaci\u00f3n.","sameAs":["http:\/\/webdelmaestrocmf.com\/portal","https:\/\/www.facebook.com\/WebdelMaestroCMF\/","https:\/\/www.instagram.com\/wmcmf\/","https:\/\/cl.linkedin.com\/company\/web-del-maestro-cmf","https:\/\/www.pinterest.com\/WMCMF\/publicaciones\/","https:\/\/x.com\/cmf_w","https:\/\/www.youtube.com\/@WMCMF"]}]}},"jetpack_featured_media_url":"https:\/\/webdelmaestrocmf.com\/portal\/wp-content\/uploads\/2025\/08\/1A-Banner-1-portada-imagen-10-1-copia-6-1.webp","jetpack_sharing_enabled":true,"jetpack-related-posts":[{"id":109097,"url":"https:\/\/webdelmaestrocmf.com\/portal\/sep-confirma-cambios-en-calendario-escolar-2025-2026-asi-quedan-las-clases-para-primaria-y-secundaria\/","url_meta":{"origin":111960,"position":0},"title":"SEP confirma cambios en calendario escolar 2025- 2026; as\u00ed quedan las clases para primaria y secundaria","author":"Web del Maestro CMF","date":"1 junio, 2025","format":false,"excerpt":"El calendario escolar 2025-2026 de la Secretar\u00eda de Educaci\u00f3n P\u00fablica (SEP) traer\u00e1 ajustes importantes para estudiantes, docentes y familias de todo el pa\u00eds. Entre las principales novedades, destaca la incorporaci\u00f3n de una semana adicional de vacaciones. Estos son los principales cambios confirmados: La SEP present\u00f3 el anteproyecto del nuevo calendario\u2026","rel":"","context":"En \u00abCalendario\u00bb","block_context":{"text":"Calendario","link":"https:\/\/webdelmaestrocmf.com\/portal\/category\/pedagogia\/calendario\/"},"img":{"alt_text":"","src":"https:\/\/i0.wp.com\/webdelmaestrocmf.com\/portal\/wp-content\/uploads\/2025\/06\/1A-Banner-1-portada-imagen-10-1-1.jpg?resize=350%2C200&ssl=1","width":350,"height":200,"srcset":"https:\/\/i0.wp.com\/webdelmaestrocmf.com\/portal\/wp-content\/uploads\/2025\/06\/1A-Banner-1-portada-imagen-10-1-1.jpg?resize=350%2C200&ssl=1 1x, https:\/\/i0.wp.com\/webdelmaestrocmf.com\/portal\/wp-content\/uploads\/2025\/06\/1A-Banner-1-portada-imagen-10-1-1.jpg?resize=525%2C300&ssl=1 1.5x, https:\/\/i0.wp.com\/webdelmaestrocmf.com\/portal\/wp-content\/uploads\/2025\/06\/1A-Banner-1-portada-imagen-10-1-1.jpg?resize=700%2C400&ssl=1 2x"},"classes":[]},{"id":112540,"url":"https:\/\/webdelmaestrocmf.com\/portal\/tlaxcala-endurece-penas-por-homicidio-y-denuncias-falsas-contra-maestros-y-trabajadores-de-la-educacion\/","url_meta":{"origin":111960,"position":1},"title":"Tlaxcala endurece penas por homicidio y denuncias falsas contra maestros y trabajadores de la educaci\u00f3n","author":"Web del Maestro CMF","date":"10 octubre, 2025","format":false,"excerpt":"Aprueban severas penas de hasta 66 a\u00f1os y c\u00e1rcel por denuncias falsas y multas para quienes agredan o difamen a docentes sin pruebas, fortaleciendo la protecci\u00f3n y dignidad del magisterio.","rel":"","context":"En \u00abNoticias Internacionales\u00bb","block_context":{"text":"Noticias Internacionales","link":"https:\/\/webdelmaestrocmf.com\/portal\/category\/noticias-internacionales\/"},"img":{"alt_text":"","src":"https:\/\/i0.wp.com\/webdelmaestrocmf.com\/portal\/wp-content\/uploads\/2025\/10\/1A-Banner-1-portada-imagen-10-1-copia-2-2.jpg?resize=350%2C200&ssl=1","width":350,"height":200,"srcset":"https:\/\/i0.wp.com\/webdelmaestrocmf.com\/portal\/wp-content\/uploads\/2025\/10\/1A-Banner-1-portada-imagen-10-1-copia-2-2.jpg?resize=350%2C200&ssl=1 1x, https:\/\/i0.wp.com\/webdelmaestrocmf.com\/portal\/wp-content\/uploads\/2025\/10\/1A-Banner-1-portada-imagen-10-1-copia-2-2.jpg?resize=525%2C300&ssl=1 1.5x, https:\/\/i0.wp.com\/webdelmaestrocmf.com\/portal\/wp-content\/uploads\/2025\/10\/1A-Banner-1-portada-imagen-10-1-copia-2-2.jpg?resize=700%2C400&ssl=1 2x"},"classes":[]},{"id":43478,"url":"https:\/\/webdelmaestrocmf.com\/portal\/creemos-que-cada-nino-debe-ser-el-heroe-del-viaje-en-su-escuela\/","url_meta":{"origin":111960,"position":2},"title":"Creemos que cada ni\u00f1o debe ser el h\u00e9roe del viaje a su escuela","author":"Web del Maestro CMF","date":"15 enero, 2020","format":"video","excerpt":"Gever Tulley naci\u00f3 en Casper en el norte del Estado de California (USA), en una ciudad que apenas existe ahora. Los ranchos que resid\u00edan los trabajadores se convirtieron en el hogar de beatniks que quer\u00edan \"salir de la ciudad, hombre\". Su infancia la vivi\u00f3 junto a su hermano mayor en\u2026","rel":"","context":"En \u00abCharlas\u00bb","block_context":{"text":"Charlas","link":"https:\/\/webdelmaestrocmf.com\/portal\/category\/charlas\/"},"img":{"alt_text":"","src":"https:\/\/i0.wp.com\/webdelmaestrocmf.com\/portal\/wp-content\/uploads\/2020\/01\/1-43.jpg?resize=350%2C200&ssl=1","width":350,"height":200,"srcset":"https:\/\/i0.wp.com\/webdelmaestrocmf.com\/portal\/wp-content\/uploads\/2020\/01\/1-43.jpg?resize=350%2C200&ssl=1 1x, https:\/\/i0.wp.com\/webdelmaestrocmf.com\/portal\/wp-content\/uploads\/2020\/01\/1-43.jpg?resize=525%2C300&ssl=1 1.5x, https:\/\/i0.wp.com\/webdelmaestrocmf.com\/portal\/wp-content\/uploads\/2020\/01\/1-43.jpg?resize=700%2C400&ssl=1 2x, https:\/\/i0.wp.com\/webdelmaestrocmf.com\/portal\/wp-content\/uploads\/2020\/01\/1-43.jpg?resize=1050%2C600&ssl=1 3x"},"classes":[]},{"id":73484,"url":"https:\/\/webdelmaestrocmf.com\/portal\/los-maestros-han-demostrado-su-vocacion-de-servicio-su-creatividad-su-resiliencia-y-su-amor-por-una-tarea-que-no-es-para-cualquiera\/","url_meta":{"origin":111960,"position":3},"title":"Los maestros han demostrado su vocaci\u00f3n de servicio, su creatividad, su resiliencia y su amor por una tarea \u201cque no es para cualquiera\u201d","author":"Web del Maestro CMF","date":"1 abril, 2022","format":false,"excerpt":"Desde el 5 de octubre de 1994 se ha llamado en el mundo el D\u00eda Mundial de los Docentes, con la finalidad de resaltar los desaf\u00edos que afrontan los maestros y la importante funci\u00f3n que han desempe\u00f1ado y deben desempe\u00f1ar con miras al futuro de la humanidad, seg\u00fan sugerencia de\u2026","rel":"","context":"En \u00abYo opino - WMCMF\u00bb","block_context":{"text":"Yo opino - WMCMF","link":"https:\/\/webdelmaestrocmf.com\/portal\/category\/jamb\/"},"img":{"alt_text":"","src":"https:\/\/i0.wp.com\/webdelmaestrocmf.com\/portal\/wp-content\/uploads\/2022\/01\/1-145.jpg?resize=350%2C200&ssl=1","width":350,"height":200,"srcset":"https:\/\/i0.wp.com\/webdelmaestrocmf.com\/portal\/wp-content\/uploads\/2022\/01\/1-145.jpg?resize=350%2C200&ssl=1 1x, https:\/\/i0.wp.com\/webdelmaestrocmf.com\/portal\/wp-content\/uploads\/2022\/01\/1-145.jpg?resize=525%2C300&ssl=1 1.5x, https:\/\/i0.wp.com\/webdelmaestrocmf.com\/portal\/wp-content\/uploads\/2022\/01\/1-145.jpg?resize=700%2C400&ssl=1 2x, https:\/\/i0.wp.com\/webdelmaestrocmf.com\/portal\/wp-content\/uploads\/2022\/01\/1-145.jpg?resize=1050%2C600&ssl=1 3x"},"classes":[]},{"id":33759,"url":"https:\/\/webdelmaestrocmf.com\/portal\/si-no-hay-pensamiento-critico-cualquiera-te-manipula\/","url_meta":{"origin":111960,"position":4},"title":"Mar\u00eda Ang\u00e9lica Lucas S\u00e1tiro: Si no hay pensamiento cr\u00edtico, cualquiera te manipula","author":"Web del Maestro CMF","date":"4 enero, 2026","format":"video","excerpt":"La Educadora Mar\u00eda Ang\u00e9lica Lucas S\u00e1tiro ha impartido cursos y conferencias en Brasil, Guatemala, El Salvador, Colombia, Argentina, Uruguay, Per\u00fa, Costa Rica, M\u00e9xico, EUA, Cabo Verde, Portugal, B\u00e9lgica, Italia y Espa\u00f1a. Es Doctora en Pedagog\u00eda por la Universidad de Barcelona (Espa\u00f1a), Mag\u00edster en Creatividad Aplicada por la Universidad de Santiago\u2026","rel":"","context":"En \u00abCharlas\u00bb","block_context":{"text":"Charlas","link":"https:\/\/webdelmaestrocmf.com\/portal\/category\/charlas\/"},"img":{"alt_text":"","src":"https:\/\/i0.wp.com\/webdelmaestrocmf.com\/portal\/wp-content\/uploads\/2024\/01\/Portada-articulos-.jpg?resize=350%2C200&ssl=1","width":350,"height":200,"srcset":"https:\/\/i0.wp.com\/webdelmaestrocmf.com\/portal\/wp-content\/uploads\/2024\/01\/Portada-articulos-.jpg?resize=350%2C200&ssl=1 1x, https:\/\/i0.wp.com\/webdelmaestrocmf.com\/portal\/wp-content\/uploads\/2024\/01\/Portada-articulos-.jpg?resize=525%2C300&ssl=1 1.5x, https:\/\/i0.wp.com\/webdelmaestrocmf.com\/portal\/wp-content\/uploads\/2024\/01\/Portada-articulos-.jpg?resize=700%2C400&ssl=1 2x"},"classes":[]},{"id":41801,"url":"https:\/\/webdelmaestrocmf.com\/portal\/maria-dolores-prieto-la-creatividad-ayuda-a-resolver-problemas-de-forma-novedosa-y-valida-o-correcta\/","url_meta":{"origin":111960,"position":5},"title":"Mar\u00eda Dolores Prieto: La creatividad ayuda a resolver problemas de forma novedosa y v\u00e1lida o correcta","author":"Web del Maestro CMF","date":"16 noviembre, 2019","format":false,"excerpt":"Mar\u00eda Dolores Prieto S\u00e1nchez es Catedr\u00e1tica en Psicolog\u00eda de la Educaci\u00f3n de la Universidad de Murcia (Espa\u00f1a). Dedicada a la investigaci\u00f3n educativa es Maestra de Primaria, Licenciada en Filosof\u00eda y Letras, Pedagog\u00eda y Psicolog\u00eda. Becaria de colaboraci\u00f3n y predoctoral del MEC. Premio extraordinario de doctorado. Estancias de formaci\u00f3n: Hadassah-WizoCanada Research\u2026","rel":"","context":"En \u00abEntrevistas\u00bb","block_context":{"text":"Entrevistas","link":"https:\/\/webdelmaestrocmf.com\/portal\/category\/noticias\/entrevistas\/"},"img":{"alt_text":"","src":"https:\/\/i0.wp.com\/webdelmaestrocmf.com\/portal\/wp-content\/uploads\/2019\/11\/1-57.jpg?resize=350%2C200&ssl=1","width":350,"height":200,"srcset":"https:\/\/i0.wp.com\/webdelmaestrocmf.com\/portal\/wp-content\/uploads\/2019\/11\/1-57.jpg?resize=350%2C200&ssl=1 1x, https:\/\/i0.wp.com\/webdelmaestrocmf.com\/portal\/wp-content\/uploads\/2019\/11\/1-57.jpg?resize=525%2C300&ssl=1 1.5x, https:\/\/i0.wp.com\/webdelmaestrocmf.com\/portal\/wp-content\/uploads\/2019\/11\/1-57.jpg?resize=700%2C400&ssl=1 2x, https:\/\/i0.wp.com\/webdelmaestrocmf.com\/portal\/wp-content\/uploads\/2019\/11\/1-57.jpg?resize=1050%2C600&ssl=1 3x"},"classes":[]}],"_links":{"self":[{"href":"https:\/\/webdelmaestrocmf.com\/portal\/wp-json\/wp\/v2\/posts\/111960","targetHints":{"allow":["GET"]}}],"collection":[{"href":"https:\/\/webdelmaestrocmf.com\/portal\/wp-json\/wp\/v2\/posts"}],"about":[{"href":"https:\/\/webdelmaestrocmf.com\/portal\/wp-json\/wp\/v2\/types\/post"}],"author":[{"embeddable":true,"href":"https:\/\/webdelmaestrocmf.com\/portal\/wp-json\/wp\/v2\/users\/1"}],"replies":[{"embeddable":true,"href":"https:\/\/webdelmaestrocmf.com\/portal\/wp-json\/wp\/v2\/comments?post=111960"}],"version-history":[{"count":2,"href":"https:\/\/webdelmaestrocmf.com\/portal\/wp-json\/wp\/v2\/posts\/111960\/revisions"}],"predecessor-version":[{"id":111963,"href":"https:\/\/webdelmaestrocmf.com\/portal\/wp-json\/wp\/v2\/posts\/111960\/revisions\/111963"}],"wp:featuredmedia":[{"embeddable":true,"href":"https:\/\/webdelmaestrocmf.com\/portal\/wp-json\/wp\/v2\/media\/111961"}],"wp:attachment":[{"href":"https:\/\/webdelmaestrocmf.com\/portal\/wp-json\/wp\/v2\/media?parent=111960"}],"wp:term":[{"taxonomy":"category","embeddable":true,"href":"https:\/\/webdelmaestrocmf.com\/portal\/wp-json\/wp\/v2\/categories?post=111960"},{"taxonomy":"post_tag","embeddable":true,"href":"https:\/\/webdelmaestrocmf.com\/portal\/wp-json\/wp\/v2\/tags?post=111960"}],"curies":[{"name":"wp","href":"https:\/\/api.w.org\/{rel}","templated":true}]}}