{"id":111957,"date":"2025-08-20T19:53:09","date_gmt":"2025-08-20T23:53:09","guid":{"rendered":"https:\/\/webdelmaestrocmf.com\/portal\/?p=111957"},"modified":"2025-08-20T19:53:12","modified_gmt":"2025-08-20T23:53:12","slug":"maduro-esta-muerto-del-miedo-jaime-bayly-saca-a-la-luz-la-paranoica-decision-que-tomo-el-dictador-son-matones-entrenados","status":"publish","type":"post","link":"https:\/\/webdelmaestrocmf.com\/portal\/maduro-esta-muerto-del-miedo-jaime-bayly-saca-a-la-luz-la-paranoica-decision-que-tomo-el-dictador-son-matones-entrenados\/","title":{"rendered":"Maduro est\u00e1 muerto del miedo; Jaime Bayly saca a la luz la paranoica decisi\u00f3n que tom\u00f3 el dictador: \u201cSon matones entrenados\u201d"},"content":{"rendered":"\n<p>El pasado 28 de septiembre se cumplieron dos meses del supuesto triunfo de Nicol\u00e1s Maduro en las elecciones presidenciales en Venezuela, las cuales han sido condenadas por la comunidad internacional. Incluso, varios pa\u00edses han reconocido oficialmente a Edmundo Gonz\u00e1lez Urrutia como el leg\u00edtimo ganador de los comicios.<\/p>\n\n\n\n<p>A trav\u00e9s de su canal de YouTube, como es habitual,\u00a0Jaime Bayly se pronunci\u00f3 con respecto a la situaci\u00f3n que est\u00e1 viviendo actualmente el vecino pa\u00eds, y manifest\u00f3 esta semana que el l\u00edder del oficialismo est\u00e1 \u201cenloqueciendo\u201d, puesto que tiene bastante miedo a que lo maten.<\/p>\n\n\n\n<p>El presentador peruano se\u00f1al\u00f3 que el pol\u00e9mico mandatario, seg\u00fan informes del periodista Casto Ocando, tom\u00f3 la decisi\u00f3n de despedir a todo su personal, incluidos cocineros, mayordomos y empleadas dom\u00e9sticas. Asimismo, indic\u00f3 que reemplaz\u00f3 a sus guardaespaldas por agentes cubanos, enviados por el \u201cdictador\u201d Miguel D\u00edaz-Canel.<\/p>\n\n\n\n<p>\u201cTal parece que Maduro est\u00e1 enloqueciendo de paranoia.<strong>&nbsp;El periodista Casto Ocando revel\u00f3 que Maduro ha despedido a todos sus guardaespaldas porque ya no confiaba en ellos, pues cre\u00eda que cualquiera pod\u00eda ser un infiltrado. Maduro ha reemplazado a sus guardaespaldas venezolanos por agentes cubanos, que son matones entrenados\u201d,&nbsp;<\/strong>afirm\u00f3 inicialmente.<\/p>\n\n\n\n<p>Luego, a\u00f1adi\u00f3:<strong>&nbsp;\u201cAdem\u00e1s, en un brote absurdo de paranoia, Maduro ha echado a todos sus cocineros, mayordomos y lavanderas porque se siente perseguido. Sabe que ha hecho un fraude tan grande,<\/strong>&nbsp;que sospecha que lo quieren envenenar\u201d.<\/p>\n\n\n\n<p>Bayly recalc\u00f3 que el temor de Maduro es tan grande en la actualidad, que no solo est\u00e1 asustado de que le pongan algo raro en la comida, sino que tiene miedo que le envenenen la ropa interior y las sabanas de su cama.<\/p>\n\n\n\n<p>\u201cTambi\u00e9n sospecha, por eso ha despedido a todas las mucamas,&nbsp;<strong>que alguna de ellas, tendiendo la cama, le aplique alguna sustancia, polvo o veneno invisible en las sabanas que pueda acabar con su vida. Lo ins\u00f3lito es que tambi\u00e9n ha despedido a las lavanderas\u201d,&nbsp;<\/strong>sentenci\u00f3.<\/p>\n\n\n\n<iframe loading=\"lazy\" width=\"100%\" height=\"315\" src=\"https:\/\/www.youtube.com\/embed\/qoT4Zl3I1b8?si=mt0TUF1aDi-Dacxl\" title=\"YouTube video player\" frameborder=\"0\" allow=\"accelerometer; autoplay; clipboard-write; encrypted-media; gyroscope; picture-in-picture; web-share\" referrerpolicy=\"strict-origin-when-cross-origin\" allowfullscreen><\/iframe>\n\n\n\n<p>El peruano, de igual manera, aplaudi\u00f3 la semana pasada la iniciativa de aumentar las recompensas por las cabezas del pol\u00e9mico mandatario y su mano derecha, Diosdado Cabello, ya que esto puede repercutir en una rebeli\u00f3n militar en contra del r\u00e9gimen.<\/p>\n\n\n\n<p>\u201cPuede que ocurra la magia.\u00a0\u00bfQu\u00e9 se entiende como magia? Que alg\u00fan militar venezolano piense, no solo en hacerle un bien a la libertad de su pa\u00eds, sino que me voy a ganar 100 o 200 millones de d\u00f3lares si arresto a estos dos criminales\u201d,precis\u00f3 Bayly.<\/p>\n\n\n\n<p>Por \u00faltimo, concluy\u00f3:<strong>&nbsp;\u201cFelicito a Scott y Rubio por esta gran iniciativa y espero que esa ley sea aprobada cuanto antes. Estos indicaron que los 100 millones saldr\u00e1n de los activos venezolanos,<\/strong>&nbsp;los cuales est\u00e1n congelados en Estados Unidos\u201d.<\/p>\n\n\n\n<p>Hay que mencionar que los senadores republicanos Rick Scott y Marco Rubio presentaron la semana pasada un proyecto de ley para que se incremente el valor de la recompensa, a 100 millones de d\u00f3lares, por las capturas de Maduro y Cabello, principales l\u00edderes del r\u00e9gimen.<\/p>\n\n\n\n<p class=\"has-text-align-right\"><strong>Redacci\u00f3n | <a href=\"https:\/\/www.semana.com\/mundo\/articulo\/maduro-esta-muerto-del-miedo-jaime-bayly-saca-a-la-luz-la-paranoica-decision-que-tomo-el-dictador-son-matones-entrenados\/202420\/#google_vignette\" target=\"_blank\" rel=\"noreferrer noopener\">Semana<\/a><\/strong><\/p>\n\n\n\t\t<div class=\"pk-inline-posts\">\n\t\t\t\n\t\t\t<div class=\"pk-inline-posts-container pk-inline-posts-template-list\"\n\t\t\t\tdata-columns=\"1\">\n\t\t\t\t\t\t<article id=\"post-118553\" class=\"post-118553 post type-post status-publish format-standard has-post-thumbnail category-noticias-internacionales tag-agresion-estudiantil tag-autoridad-docente tag-convivencia-escolar tag-disciplina-escolar tag-justicia-educativa tag-respeto-en-el-aula tag-rol-del-docente tag-seguridad-docente tag-sistema-educativo tag-violencia-escolar cs-entry cs-video-wrap\">\n\t\t\t<div class=\"pk-post-outer\">\n\n\t\t\t\t\t\t\t\t<div class=\"pk-post-inner\">\n\t\t\t\t\t<div class=\"entry-thumbnail\">\n\t\t\t\t\t\t<div class=\"pk-overlay pk-overlay-ratio pk-ratio-landscape\">\n\t\t\t\t\t\t\t<div class=\"pk-overlay-background\">\n\t\t\t\t\t\t\t\t<a href=\"https:\/\/webdelmaestrocmf.com\/portal\/existen-casos-en-paises-como-ee-uu-y-chile-donde-estudiantes-han-recibido-penas-privativas-de-libertad-por-agredir-a-docentes-esta-de-acuerdo-con-esta-medida-la-implementaria-en-su-pais\/\" class=\"pk-overlay-link\">\n\t\t\t\t\t\t\t\t\t<img loading=\"lazy\" decoding=\"async\" width=\"300\" height=\"225\" src=\"https:\/\/webdelmaestrocmf.com\/portal\/wp-content\/uploads\/2026\/05\/1AA-Banner-1-portada-imagen-10-1-copia-2-300x225.webp\" class=\"attachment-pk-thumbnail size-pk-thumbnail wp-post-image\" alt=\"\" \/>\t\t\t\t\t\t\t\t<\/a>\n\t\t\t\t\t\t\t<\/div>\n\t\t\t\t\t\t<\/div>\n\t\t\t\t\t<\/div>\n\t\t\t\t<\/div>\n\t\t\t\t\n\t\t\t\t<div class=\"pk-post-inner\">\n\t\t\t\t\t<header>\n\t\t\t\t\t\t<h3 class=\"pk-title\"><a href=\"https:\/\/webdelmaestrocmf.com\/portal\/existen-casos-en-paises-como-ee-uu-y-chile-donde-estudiantes-han-recibido-penas-privativas-de-libertad-por-agredir-a-docentes-esta-de-acuerdo-con-esta-medida-la-implementaria-en-su-pais\/\" rel=\"bookmark\">Existen casos en pa\u00edses como EE.UU. y Chile donde estudiantes han recibido penas privativas de libertad por agredir a docentes. \u00bfEst\u00e1 de acuerdo con esta medida? \u00bfLa implementar\u00eda en su pa\u00eds?<\/a><\/h3>\t\t\t\t\t<\/header><!-- .entry-header -->\n\t\t\t\t<\/div><!-- .post-inner -->\n\n\t\t\t<\/div><!-- .post-outer -->\n\t\t<\/article>\n\t\t\t<article id=\"post-118546\" class=\"post-118546 post type-post status-publish format-standard has-post-thumbnail category-noticias-internacionales tag-aprendizaje tag-conflicto tag-crisis tag-docentes tag-educacion-3 tag-escuela tag-guerra tag-infancia tag-resiliencia tag-sociedad cs-entry cs-video-wrap\">\n\t\t\t<div class=\"pk-post-outer\">\n\n\t\t\t\t\t\t\t\t<div class=\"pk-post-inner\">\n\t\t\t\t\t<div class=\"entry-thumbnail\">\n\t\t\t\t\t\t<div class=\"pk-overlay pk-overlay-ratio pk-ratio-landscape\">\n\t\t\t\t\t\t\t<div class=\"pk-overlay-background\">\n\t\t\t\t\t\t\t\t<a href=\"https:\/\/webdelmaestrocmf.com\/portal\/rusia-bombardea-orfanato-y-escuela-judia-en-odesa-en-el-sur-de-ucrania\/\" class=\"pk-overlay-link\">\n\t\t\t\t\t\t\t\t\t<img loading=\"lazy\" decoding=\"async\" width=\"300\" height=\"225\" src=\"https:\/\/webdelmaestrocmf.com\/portal\/wp-content\/uploads\/2026\/05\/1AA-Banner-1-portada-imagen-10-1-copia-1-1-300x225.webp\" class=\"attachment-pk-thumbnail size-pk-thumbnail wp-post-image\" alt=\"\" \/>\t\t\t\t\t\t\t\t<\/a>\n\t\t\t\t\t\t\t<\/div>\n\t\t\t\t\t\t<\/div>\n\t\t\t\t\t<\/div>\n\t\t\t\t<\/div>\n\t\t\t\t\n\t\t\t\t<div class=\"pk-post-inner\">\n\t\t\t\t\t<header>\n\t\t\t\t\t\t<h3 class=\"pk-title\"><a href=\"https:\/\/webdelmaestrocmf.com\/portal\/rusia-bombardea-orfanato-y-escuela-judia-en-odesa-en-el-sur-de-ucrania\/\" rel=\"bookmark\">Rusia bombardea orfanato y escuela jud\u00eda en Odesa, en el sur de Ucrania<\/a><\/h3>\t\t\t\t\t<\/header><!-- .entry-header -->\n\t\t\t\t<\/div><!-- .post-inner -->\n\n\t\t\t<\/div><!-- .post-outer -->\n\t\t<\/article>\n\t\t\t<article id=\"post-118533\" class=\"post-118533 post type-post status-publish format-standard has-post-thumbnail category-noticias-internacionales tag-convivencia-escolar tag-docentes tag-educacion-2 tag-etica-educativa tag-normativa-escolar tag-preescolar tag-primaria tag-protocolos tag-rol-docente tag-seguridad-docente cs-entry cs-video-wrap\">\n\t\t\t<div class=\"pk-post-outer\">\n\n\t\t\t\t\t\t\t\t<div class=\"pk-post-inner\">\n\t\t\t\t\t<div class=\"entry-thumbnail\">\n\t\t\t\t\t\t<div class=\"pk-overlay pk-overlay-ratio pk-ratio-landscape\">\n\t\t\t\t\t\t\t<div class=\"pk-overlay-background\">\n\t\t\t\t\t\t\t\t<a href=\"https:\/\/webdelmaestrocmf.com\/portal\/profesor-advierte-a-docentes-no-pueden-asistir-a-un-nino-en-el-bano-por-riesgo-de-cargos-legales\/\" class=\"pk-overlay-link\">\n\t\t\t\t\t\t\t\t\t<img loading=\"lazy\" decoding=\"async\" width=\"300\" height=\"225\" src=\"https:\/\/webdelmaestrocmf.com\/portal\/wp-content\/uploads\/2026\/05\/1AA-Banner-1-portada-imagen-10-1-copia-300x225.webp\" class=\"attachment-pk-thumbnail size-pk-thumbnail wp-post-image\" alt=\"\" \/>\t\t\t\t\t\t\t\t<\/a>\n\t\t\t\t\t\t\t<\/div>\n\t\t\t\t\t\t<\/div>\n\t\t\t\t\t<\/div>\n\t\t\t\t<\/div>\n\t\t\t\t\n\t\t\t\t<div class=\"pk-post-inner\">\n\t\t\t\t\t<header>\n\t\t\t\t\t\t<h3 class=\"pk-title\"><a href=\"https:\/\/webdelmaestrocmf.com\/portal\/profesor-advierte-a-docentes-no-pueden-asistir-a-un-nino-en-el-bano-por-riesgo-de-cargos-legales\/\" rel=\"bookmark\">Profesor advierte a docentes: \u201cNo pueden asistir a un ni\u00f1o en el ba\u00f1o\u201d por riesgo de cargos legales<\/a><\/h3>\t\t\t\t\t<\/header><!-- .entry-header -->\n\t\t\t\t<\/div><!-- .post-inner -->\n\n\t\t\t<\/div><!-- .post-outer -->\n\t\t<\/article>\n\t\t\t\t<\/div>\n\t\t<\/div>\n\t\t\n","protected":false},"excerpt":{"rendered":"El periodista peruano asegur\u00f3 que el l\u00edder del r\u00e9gimen est\u00e1 \u201cenloqueciendo\u201d por la paranoia.","protected":false},"author":1,"featured_media":111958,"comment_status":"open","ping_status":"closed","sticky":false,"template":"","format":"standard","meta":{"csco_display_header_overlay":false,"csco_singular_sidebar":"","csco_page_header_type":"","csco_page_load_nextpost":"","csco_post_video_location":[],"csco_post_video_location_hash":"","csco_post_video_url":"","csco_post_video_bg_start_time":0,"csco_post_video_bg_end_time":0,"csco_post_video_bg_volume":false,"_jetpack_memberships_contains_paid_content":false,"footnotes":""},"categories":[23790],"tags":[24132,24114,24131],"class_list":{"0":"post-111957","1":"post","2":"type-post","3":"status-publish","4":"format-standard","5":"has-post-thumbnail","7":"category-noticias-internacionales","8":"tag-dictador","9":"tag-maduro","10":"tag-paranoica","11":"cs-entry","12":"cs-video-wrap"},"yoast_head":"<!-- This site is optimized with the Yoast SEO plugin v27.5 - https:\/\/yoast.com\/product\/yoast-seo-wordpress\/ -->\n<title>Maduro est\u00e1 muerto del miedo; Jaime Bayly saca a la luz la paranoica decisi\u00f3n que tom\u00f3 el dictador: \u201cSon matones entrenados\u201d - 2026<\/title>\n<meta name=\"description\" content=\"El pasado 28 de septiembre se cumplieron dos meses del supuesto triunfo de Nicol\u00e1s Maduro en las elecciones presidenciales en Venezuela...\" \/>\n<meta name=\"robots\" content=\"index, follow, max-snippet:-1, max-image-preview:large, max-video-preview:-1\" \/>\n<link rel=\"canonical\" href=\"https:\/\/webdelmaestrocmf.com\/portal\/maduro-esta-muerto-del-miedo-jaime-bayly-saca-a-la-luz-la-paranoica-decision-que-tomo-el-dictador-son-matones-entrenados\/\" \/>\n<meta property=\"og:locale\" content=\"es_ES\" \/>\n<meta property=\"og:type\" content=\"article\" \/>\n<meta property=\"og:title\" content=\"Maduro est\u00e1 muerto del miedo; Jaime Bayly saca a la luz la paranoica decisi\u00f3n que tom\u00f3 el dictador: \u201cSon matones entrenados\u201d - 2026\" \/>\n<meta property=\"og:description\" content=\"El pasado 28 de septiembre se cumplieron dos meses del supuesto triunfo de Nicol\u00e1s Maduro en las elecciones presidenciales en Venezuela...\" \/>\n<meta property=\"og:url\" content=\"https:\/\/webdelmaestrocmf.com\/portal\/maduro-esta-muerto-del-miedo-jaime-bayly-saca-a-la-luz-la-paranoica-decision-que-tomo-el-dictador-son-matones-entrenados\/\" \/>\n<meta property=\"og:site_name\" content=\"Web del Maestro CMF\" \/>\n<meta property=\"article:publisher\" content=\"https:\/\/www.facebook.com\/WebdelMaestroCMF\/\" \/>\n<meta property=\"article:author\" content=\"https:\/\/www.facebook.com\/WebdelMaestroCMF\/\" \/>\n<meta property=\"article:published_time\" content=\"2025-08-20T23:53:09+00:00\" \/>\n<meta property=\"article:modified_time\" content=\"2025-08-20T23:53:12+00:00\" \/>\n<meta property=\"og:image\" content=\"https:\/\/webdelmaestrocmf.com\/portal\/wp-content\/uploads\/2025\/08\/1A-Banner-1-portada-imagen-10-1-copia-5-1.webp\" \/>\n\t<meta property=\"og:image:width\" content=\"1003\" \/>\n\t<meta property=\"og:image:height\" content=\"667\" \/>\n\t<meta property=\"og:image:type\" content=\"image\/webp\" \/>\n<meta name=\"author\" content=\"Web del Maestro CMF\" \/>\n<meta name=\"twitter:card\" content=\"summary_large_image\" \/>\n<meta name=\"twitter:creator\" content=\"@cmf_w\" \/>\n<meta name=\"twitter:site\" content=\"@cmf_w\" \/>\n<script type=\"application\/ld+json\" class=\"yoast-schema-graph\">{\"@context\":\"https:\\\/\\\/schema.org\",\"@graph\":[{\"@type\":\"ScholarlyArticle\",\"@id\":\"https:\\\/\\\/webdelmaestrocmf.com\\\/portal\\\/maduro-esta-muerto-del-miedo-jaime-bayly-saca-a-la-luz-la-paranoica-decision-que-tomo-el-dictador-son-matones-entrenados\\\/#article\",\"isPartOf\":{\"@id\":\"https:\\\/\\\/webdelmaestrocmf.com\\\/portal\\\/maduro-esta-muerto-del-miedo-jaime-bayly-saca-a-la-luz-la-paranoica-decision-que-tomo-el-dictador-son-matones-entrenados\\\/\"},\"author\":{\"name\":\"Web del Maestro CMF\",\"@id\":\"https:\\\/\\\/webdelmaestrocmf.com\\\/portal\\\/#\\\/schema\\\/person\\\/1072a2ed7bd960df8ef99a551fa35dc5\"},\"headline\":\"Maduro est\u00e1 muerto del miedo; Jaime Bayly saca a la luz la paranoica decisi\u00f3n que tom\u00f3 el dictador: \u201cSon matones entrenados\u201d\",\"datePublished\":\"2025-08-20T23:53:09+00:00\",\"dateModified\":\"2025-08-20T23:53:12+00:00\",\"mainEntityOfPage\":{\"@id\":\"https:\\\/\\\/webdelmaestrocmf.com\\\/portal\\\/maduro-esta-muerto-del-miedo-jaime-bayly-saca-a-la-luz-la-paranoica-decision-que-tomo-el-dictador-son-matones-entrenados\\\/\"},\"wordCount\":548,\"commentCount\":133,\"publisher\":{\"@id\":\"https:\\\/\\\/webdelmaestrocmf.com\\\/portal\\\/#organization\"},\"image\":{\"@id\":\"https:\\\/\\\/webdelmaestrocmf.com\\\/portal\\\/maduro-esta-muerto-del-miedo-jaime-bayly-saca-a-la-luz-la-paranoica-decision-que-tomo-el-dictador-son-matones-entrenados\\\/#primaryimage\"},\"thumbnailUrl\":\"https:\\\/\\\/webdelmaestrocmf.com\\\/portal\\\/wp-content\\\/uploads\\\/2025\\\/08\\\/1A-Banner-1-portada-imagen-10-1-copia-5-1.webp\",\"keywords\":[\"dictador\",\"Maduro\",\"paranoica\"],\"articleSection\":[\"Noticias Internacionales\"],\"inLanguage\":\"es\",\"potentialAction\":[{\"@type\":\"CommentAction\",\"name\":\"Comment\",\"target\":[\"https:\\\/\\\/webdelmaestrocmf.com\\\/portal\\\/maduro-esta-muerto-del-miedo-jaime-bayly-saca-a-la-luz-la-paranoica-decision-que-tomo-el-dictador-son-matones-entrenados\\\/#respond\"]}]},{\"@type\":\"WebPage\",\"@id\":\"https:\\\/\\\/webdelmaestrocmf.com\\\/portal\\\/maduro-esta-muerto-del-miedo-jaime-bayly-saca-a-la-luz-la-paranoica-decision-que-tomo-el-dictador-son-matones-entrenados\\\/\",\"url\":\"https:\\\/\\\/webdelmaestrocmf.com\\\/portal\\\/maduro-esta-muerto-del-miedo-jaime-bayly-saca-a-la-luz-la-paranoica-decision-que-tomo-el-dictador-son-matones-entrenados\\\/\",\"name\":\"Maduro est\u00e1 muerto del miedo; Jaime Bayly saca a la luz la paranoica decisi\u00f3n que tom\u00f3 el dictador: \u201cSon matones entrenados\u201d - 2026\",\"isPartOf\":{\"@id\":\"https:\\\/\\\/webdelmaestrocmf.com\\\/portal\\\/#website\"},\"primaryImageOfPage\":{\"@id\":\"https:\\\/\\\/webdelmaestrocmf.com\\\/portal\\\/maduro-esta-muerto-del-miedo-jaime-bayly-saca-a-la-luz-la-paranoica-decision-que-tomo-el-dictador-son-matones-entrenados\\\/#primaryimage\"},\"image\":{\"@id\":\"https:\\\/\\\/webdelmaestrocmf.com\\\/portal\\\/maduro-esta-muerto-del-miedo-jaime-bayly-saca-a-la-luz-la-paranoica-decision-que-tomo-el-dictador-son-matones-entrenados\\\/#primaryimage\"},\"thumbnailUrl\":\"https:\\\/\\\/webdelmaestrocmf.com\\\/portal\\\/wp-content\\\/uploads\\\/2025\\\/08\\\/1A-Banner-1-portada-imagen-10-1-copia-5-1.webp\",\"datePublished\":\"2025-08-20T23:53:09+00:00\",\"dateModified\":\"2025-08-20T23:53:12+00:00\",\"description\":\"El pasado 28 de septiembre se cumplieron dos meses del supuesto triunfo de Nicol\u00e1s Maduro en las elecciones presidenciales en Venezuela...\",\"breadcrumb\":{\"@id\":\"https:\\\/\\\/webdelmaestrocmf.com\\\/portal\\\/maduro-esta-muerto-del-miedo-jaime-bayly-saca-a-la-luz-la-paranoica-decision-que-tomo-el-dictador-son-matones-entrenados\\\/#breadcrumb\"},\"inLanguage\":\"es\",\"potentialAction\":[{\"@type\":\"ReadAction\",\"target\":[\"https:\\\/\\\/webdelmaestrocmf.com\\\/portal\\\/maduro-esta-muerto-del-miedo-jaime-bayly-saca-a-la-luz-la-paranoica-decision-que-tomo-el-dictador-son-matones-entrenados\\\/\"]}]},{\"@type\":\"ImageObject\",\"inLanguage\":\"es\",\"@id\":\"https:\\\/\\\/webdelmaestrocmf.com\\\/portal\\\/maduro-esta-muerto-del-miedo-jaime-bayly-saca-a-la-luz-la-paranoica-decision-que-tomo-el-dictador-son-matones-entrenados\\\/#primaryimage\",\"url\":\"https:\\\/\\\/webdelmaestrocmf.com\\\/portal\\\/wp-content\\\/uploads\\\/2025\\\/08\\\/1A-Banner-1-portada-imagen-10-1-copia-5-1.webp\",\"contentUrl\":\"https:\\\/\\\/webdelmaestrocmf.com\\\/portal\\\/wp-content\\\/uploads\\\/2025\\\/08\\\/1A-Banner-1-portada-imagen-10-1-copia-5-1.webp\",\"width\":1003,\"height\":667},{\"@type\":\"BreadcrumbList\",\"@id\":\"https:\\\/\\\/webdelmaestrocmf.com\\\/portal\\\/maduro-esta-muerto-del-miedo-jaime-bayly-saca-a-la-luz-la-paranoica-decision-que-tomo-el-dictador-son-matones-entrenados\\\/#breadcrumb\",\"itemListElement\":[{\"@type\":\"ListItem\",\"position\":1,\"name\":\"Portada\",\"item\":\"https:\\\/\\\/webdelmaestrocmf.com\\\/portal\\\/\"},{\"@type\":\"ListItem\",\"position\":2,\"name\":\"Noticias Internacionales\",\"item\":\"https:\\\/\\\/webdelmaestrocmf.com\\\/portal\\\/category\\\/noticias-internacionales\\\/\"},{\"@type\":\"ListItem\",\"position\":3,\"name\":\"Maduro est\u00e1 muerto del miedo; Jaime Bayly saca a la luz la paranoica decisi\u00f3n que tom\u00f3 el dictador: \u201cSon matones entrenados\u201d\"}]},{\"@type\":\"WebSite\",\"@id\":\"https:\\\/\\\/webdelmaestrocmf.com\\\/portal\\\/#website\",\"url\":\"https:\\\/\\\/webdelmaestrocmf.com\\\/portal\\\/\",\"name\":\"Web del Maestro CMF\",\"description\":\"Maestros al servicio de la educaci\u00f3n\",\"publisher\":{\"@id\":\"https:\\\/\\\/webdelmaestrocmf.com\\\/portal\\\/#organization\"},\"alternateName\":\"WMCMF\",\"potentialAction\":[{\"@type\":\"SearchAction\",\"target\":{\"@type\":\"EntryPoint\",\"urlTemplate\":\"https:\\\/\\\/webdelmaestrocmf.com\\\/portal\\\/?s={search_term_string}\"},\"query-input\":{\"@type\":\"PropertyValueSpecification\",\"valueRequired\":true,\"valueName\":\"search_term_string\"}}],\"inLanguage\":\"es\"},{\"@type\":\"Organization\",\"@id\":\"https:\\\/\\\/webdelmaestrocmf.com\\\/portal\\\/#organization\",\"name\":\"Web del Maestro CMF\",\"alternateName\":\"WMCMF\",\"url\":\"https:\\\/\\\/webdelmaestrocmf.com\\\/portal\\\/\",\"logo\":{\"@type\":\"ImageObject\",\"inLanguage\":\"es\",\"@id\":\"https:\\\/\\\/webdelmaestrocmf.com\\\/portal\\\/#\\\/schema\\\/logo\\\/image\\\/\",\"url\":\"https:\\\/\\\/webdelmaestrocmf.com\\\/portal\\\/wp-content\\\/uploads\\\/2023\\\/01\\\/logo-wmcmf-2.png\",\"contentUrl\":\"https:\\\/\\\/webdelmaestrocmf.com\\\/portal\\\/wp-content\\\/uploads\\\/2023\\\/01\\\/logo-wmcmf-2.png\",\"width\":200,\"height\":60,\"caption\":\"Web del Maestro CMF\"},\"image\":{\"@id\":\"https:\\\/\\\/webdelmaestrocmf.com\\\/portal\\\/#\\\/schema\\\/logo\\\/image\\\/\"},\"sameAs\":[\"https:\\\/\\\/www.facebook.com\\\/WebdelMaestroCMF\\\/\",\"https:\\\/\\\/x.com\\\/cmf_w\",\"https:\\\/\\\/www.pinterest.com\\\/WMCMF\\\/\",\"https:\\\/\\\/www.linkedin.com\\\/company\\\/web-del-maestro-cmf\\\/\",\"https:\\\/\\\/www.instagram.com\\\/wmcmf\\\/\",\"https:\\\/\\\/www.youtube.com\\\/channel\\\/UCDPSvjbdodE5sHnC3OxutHw\",\"https:\\\/\\\/mastodon.social\\\/@wmcmf\",\"https:\\\/\\\/www.tiktok.com\\\/@webdelmaestrocmf\"]},{\"@type\":\"Person\",\"@id\":\"https:\\\/\\\/webdelmaestrocmf.com\\\/portal\\\/#\\\/schema\\\/person\\\/1072a2ed7bd960df8ef99a551fa35dc5\",\"name\":\"Web del Maestro CMF\",\"image\":{\"@type\":\"ImageObject\",\"inLanguage\":\"es\",\"@id\":\"https:\\\/\\\/secure.gravatar.com\\\/avatar\\\/23291dd5b5ae1077dcff3dbb04c3e02bd28403fa75af6d8787d5e97c5bbbe30b?s=96&d=mm&r=g\",\"url\":\"https:\\\/\\\/secure.gravatar.com\\\/avatar\\\/23291dd5b5ae1077dcff3dbb04c3e02bd28403fa75af6d8787d5e97c5bbbe30b?s=96&d=mm&r=g\",\"contentUrl\":\"https:\\\/\\\/secure.gravatar.com\\\/avatar\\\/23291dd5b5ae1077dcff3dbb04c3e02bd28403fa75af6d8787d5e97c5bbbe30b?s=96&d=mm&r=g\",\"caption\":\"Web del Maestro CMF\"},\"description\":\"Esta Web se cre\u00f3 sin fines de lucro, con fines educativos, cient\u00edficos y acad\u00e9micos, para personas que tengan dificultades y\\\/o inconvenientes en visualizar el material original. El objetivo es entregar recursos, compartir experiencias y materiales que ayuden a los padres de familia, maestros y estudiantes en su actualizaci\u00f3n y formaci\u00f3n permanente, en bien de la Educaci\u00f3n.\",\"sameAs\":[\"http:\\\/\\\/webdelmaestrocmf.com\\\/portal\",\"https:\\\/\\\/www.facebook.com\\\/WebdelMaestroCMF\\\/\",\"https:\\\/\\\/www.instagram.com\\\/wmcmf\\\/\",\"https:\\\/\\\/cl.linkedin.com\\\/company\\\/web-del-maestro-cmf\",\"https:\\\/\\\/www.pinterest.com\\\/WMCMF\\\/publicaciones\\\/\",\"https:\\\/\\\/x.com\\\/cmf_w\",\"https:\\\/\\\/www.youtube.com\\\/@WMCMF\"]}]}<\/script>\n<!-- \/ Yoast SEO plugin. -->","yoast_head_json":{"title":"Maduro est\u00e1 muerto del miedo; Jaime Bayly saca a la luz la paranoica decisi\u00f3n que tom\u00f3 el dictador: \u201cSon matones entrenados\u201d - 2026","description":"El pasado 28 de septiembre se cumplieron dos meses del supuesto triunfo de Nicol\u00e1s Maduro en las elecciones presidenciales en Venezuela...","robots":{"index":"index","follow":"follow","max-snippet":"max-snippet:-1","max-image-preview":"max-image-preview:large","max-video-preview":"max-video-preview:-1"},"canonical":"https:\/\/webdelmaestrocmf.com\/portal\/maduro-esta-muerto-del-miedo-jaime-bayly-saca-a-la-luz-la-paranoica-decision-que-tomo-el-dictador-son-matones-entrenados\/","og_locale":"es_ES","og_type":"article","og_title":"Maduro est\u00e1 muerto del miedo; Jaime Bayly saca a la luz la paranoica decisi\u00f3n que tom\u00f3 el dictador: \u201cSon matones entrenados\u201d - 2026","og_description":"El pasado 28 de septiembre se cumplieron dos meses del supuesto triunfo de Nicol\u00e1s Maduro en las elecciones presidenciales en Venezuela...","og_url":"https:\/\/webdelmaestrocmf.com\/portal\/maduro-esta-muerto-del-miedo-jaime-bayly-saca-a-la-luz-la-paranoica-decision-que-tomo-el-dictador-son-matones-entrenados\/","og_site_name":"Web del Maestro CMF","article_publisher":"https:\/\/www.facebook.com\/WebdelMaestroCMF\/","article_author":"https:\/\/www.facebook.com\/WebdelMaestroCMF\/","article_published_time":"2025-08-20T23:53:09+00:00","article_modified_time":"2025-08-20T23:53:12+00:00","og_image":[{"width":1003,"height":667,"url":"https:\/\/webdelmaestrocmf.com\/portal\/wp-content\/uploads\/2025\/08\/1A-Banner-1-portada-imagen-10-1-copia-5-1.webp","type":"image\/webp"}],"author":"Web del Maestro CMF","twitter_card":"summary_large_image","twitter_creator":"@cmf_w","twitter_site":"@cmf_w","schema":{"@context":"https:\/\/schema.org","@graph":[{"@type":"ScholarlyArticle","@id":"https:\/\/webdelmaestrocmf.com\/portal\/maduro-esta-muerto-del-miedo-jaime-bayly-saca-a-la-luz-la-paranoica-decision-que-tomo-el-dictador-son-matones-entrenados\/#article","isPartOf":{"@id":"https:\/\/webdelmaestrocmf.com\/portal\/maduro-esta-muerto-del-miedo-jaime-bayly-saca-a-la-luz-la-paranoica-decision-que-tomo-el-dictador-son-matones-entrenados\/"},"author":{"name":"Web del Maestro CMF","@id":"https:\/\/webdelmaestrocmf.com\/portal\/#\/schema\/person\/1072a2ed7bd960df8ef99a551fa35dc5"},"headline":"Maduro est\u00e1 muerto del miedo; Jaime Bayly saca a la luz la paranoica decisi\u00f3n que tom\u00f3 el dictador: \u201cSon matones entrenados\u201d","datePublished":"2025-08-20T23:53:09+00:00","dateModified":"2025-08-20T23:53:12+00:00","mainEntityOfPage":{"@id":"https:\/\/webdelmaestrocmf.com\/portal\/maduro-esta-muerto-del-miedo-jaime-bayly-saca-a-la-luz-la-paranoica-decision-que-tomo-el-dictador-son-matones-entrenados\/"},"wordCount":548,"commentCount":133,"publisher":{"@id":"https:\/\/webdelmaestrocmf.com\/portal\/#organization"},"image":{"@id":"https:\/\/webdelmaestrocmf.com\/portal\/maduro-esta-muerto-del-miedo-jaime-bayly-saca-a-la-luz-la-paranoica-decision-que-tomo-el-dictador-son-matones-entrenados\/#primaryimage"},"thumbnailUrl":"https:\/\/webdelmaestrocmf.com\/portal\/wp-content\/uploads\/2025\/08\/1A-Banner-1-portada-imagen-10-1-copia-5-1.webp","keywords":["dictador","Maduro","paranoica"],"articleSection":["Noticias Internacionales"],"inLanguage":"es","potentialAction":[{"@type":"CommentAction","name":"Comment","target":["https:\/\/webdelmaestrocmf.com\/portal\/maduro-esta-muerto-del-miedo-jaime-bayly-saca-a-la-luz-la-paranoica-decision-que-tomo-el-dictador-son-matones-entrenados\/#respond"]}]},{"@type":"WebPage","@id":"https:\/\/webdelmaestrocmf.com\/portal\/maduro-esta-muerto-del-miedo-jaime-bayly-saca-a-la-luz-la-paranoica-decision-que-tomo-el-dictador-son-matones-entrenados\/","url":"https:\/\/webdelmaestrocmf.com\/portal\/maduro-esta-muerto-del-miedo-jaime-bayly-saca-a-la-luz-la-paranoica-decision-que-tomo-el-dictador-son-matones-entrenados\/","name":"Maduro est\u00e1 muerto del miedo; Jaime Bayly saca a la luz la paranoica decisi\u00f3n que tom\u00f3 el dictador: \u201cSon matones entrenados\u201d - 2026","isPartOf":{"@id":"https:\/\/webdelmaestrocmf.com\/portal\/#website"},"primaryImageOfPage":{"@id":"https:\/\/webdelmaestrocmf.com\/portal\/maduro-esta-muerto-del-miedo-jaime-bayly-saca-a-la-luz-la-paranoica-decision-que-tomo-el-dictador-son-matones-entrenados\/#primaryimage"},"image":{"@id":"https:\/\/webdelmaestrocmf.com\/portal\/maduro-esta-muerto-del-miedo-jaime-bayly-saca-a-la-luz-la-paranoica-decision-que-tomo-el-dictador-son-matones-entrenados\/#primaryimage"},"thumbnailUrl":"https:\/\/webdelmaestrocmf.com\/portal\/wp-content\/uploads\/2025\/08\/1A-Banner-1-portada-imagen-10-1-copia-5-1.webp","datePublished":"2025-08-20T23:53:09+00:00","dateModified":"2025-08-20T23:53:12+00:00","description":"El pasado 28 de septiembre se cumplieron dos meses del supuesto triunfo de Nicol\u00e1s Maduro en las elecciones presidenciales en Venezuela...","breadcrumb":{"@id":"https:\/\/webdelmaestrocmf.com\/portal\/maduro-esta-muerto-del-miedo-jaime-bayly-saca-a-la-luz-la-paranoica-decision-que-tomo-el-dictador-son-matones-entrenados\/#breadcrumb"},"inLanguage":"es","potentialAction":[{"@type":"ReadAction","target":["https:\/\/webdelmaestrocmf.com\/portal\/maduro-esta-muerto-del-miedo-jaime-bayly-saca-a-la-luz-la-paranoica-decision-que-tomo-el-dictador-son-matones-entrenados\/"]}]},{"@type":"ImageObject","inLanguage":"es","@id":"https:\/\/webdelmaestrocmf.com\/portal\/maduro-esta-muerto-del-miedo-jaime-bayly-saca-a-la-luz-la-paranoica-decision-que-tomo-el-dictador-son-matones-entrenados\/#primaryimage","url":"https:\/\/webdelmaestrocmf.com\/portal\/wp-content\/uploads\/2025\/08\/1A-Banner-1-portada-imagen-10-1-copia-5-1.webp","contentUrl":"https:\/\/webdelmaestrocmf.com\/portal\/wp-content\/uploads\/2025\/08\/1A-Banner-1-portada-imagen-10-1-copia-5-1.webp","width":1003,"height":667},{"@type":"BreadcrumbList","@id":"https:\/\/webdelmaestrocmf.com\/portal\/maduro-esta-muerto-del-miedo-jaime-bayly-saca-a-la-luz-la-paranoica-decision-que-tomo-el-dictador-son-matones-entrenados\/#breadcrumb","itemListElement":[{"@type":"ListItem","position":1,"name":"Portada","item":"https:\/\/webdelmaestrocmf.com\/portal\/"},{"@type":"ListItem","position":2,"name":"Noticias Internacionales","item":"https:\/\/webdelmaestrocmf.com\/portal\/category\/noticias-internacionales\/"},{"@type":"ListItem","position":3,"name":"Maduro est\u00e1 muerto del miedo; Jaime Bayly saca a la luz la paranoica decisi\u00f3n que tom\u00f3 el dictador: \u201cSon matones entrenados\u201d"}]},{"@type":"WebSite","@id":"https:\/\/webdelmaestrocmf.com\/portal\/#website","url":"https:\/\/webdelmaestrocmf.com\/portal\/","name":"Web del Maestro CMF","description":"Maestros al servicio de la educaci\u00f3n","publisher":{"@id":"https:\/\/webdelmaestrocmf.com\/portal\/#organization"},"alternateName":"WMCMF","potentialAction":[{"@type":"SearchAction","target":{"@type":"EntryPoint","urlTemplate":"https:\/\/webdelmaestrocmf.com\/portal\/?s={search_term_string}"},"query-input":{"@type":"PropertyValueSpecification","valueRequired":true,"valueName":"search_term_string"}}],"inLanguage":"es"},{"@type":"Organization","@id":"https:\/\/webdelmaestrocmf.com\/portal\/#organization","name":"Web del Maestro CMF","alternateName":"WMCMF","url":"https:\/\/webdelmaestrocmf.com\/portal\/","logo":{"@type":"ImageObject","inLanguage":"es","@id":"https:\/\/webdelmaestrocmf.com\/portal\/#\/schema\/logo\/image\/","url":"https:\/\/webdelmaestrocmf.com\/portal\/wp-content\/uploads\/2023\/01\/logo-wmcmf-2.png","contentUrl":"https:\/\/webdelmaestrocmf.com\/portal\/wp-content\/uploads\/2023\/01\/logo-wmcmf-2.png","width":200,"height":60,"caption":"Web del Maestro CMF"},"image":{"@id":"https:\/\/webdelmaestrocmf.com\/portal\/#\/schema\/logo\/image\/"},"sameAs":["https:\/\/www.facebook.com\/WebdelMaestroCMF\/","https:\/\/x.com\/cmf_w","https:\/\/www.pinterest.com\/WMCMF\/","https:\/\/www.linkedin.com\/company\/web-del-maestro-cmf\/","https:\/\/www.instagram.com\/wmcmf\/","https:\/\/www.youtube.com\/channel\/UCDPSvjbdodE5sHnC3OxutHw","https:\/\/mastodon.social\/@wmcmf","https:\/\/www.tiktok.com\/@webdelmaestrocmf"]},{"@type":"Person","@id":"https:\/\/webdelmaestrocmf.com\/portal\/#\/schema\/person\/1072a2ed7bd960df8ef99a551fa35dc5","name":"Web del Maestro CMF","image":{"@type":"ImageObject","inLanguage":"es","@id":"https:\/\/secure.gravatar.com\/avatar\/23291dd5b5ae1077dcff3dbb04c3e02bd28403fa75af6d8787d5e97c5bbbe30b?s=96&d=mm&r=g","url":"https:\/\/secure.gravatar.com\/avatar\/23291dd5b5ae1077dcff3dbb04c3e02bd28403fa75af6d8787d5e97c5bbbe30b?s=96&d=mm&r=g","contentUrl":"https:\/\/secure.gravatar.com\/avatar\/23291dd5b5ae1077dcff3dbb04c3e02bd28403fa75af6d8787d5e97c5bbbe30b?s=96&d=mm&r=g","caption":"Web del Maestro CMF"},"description":"Esta Web se cre\u00f3 sin fines de lucro, con fines educativos, cient\u00edficos y acad\u00e9micos, para personas que tengan dificultades y\/o inconvenientes en visualizar el material original. El objetivo es entregar recursos, compartir experiencias y materiales que ayuden a los padres de familia, maestros y estudiantes en su actualizaci\u00f3n y formaci\u00f3n permanente, en bien de la Educaci\u00f3n.","sameAs":["http:\/\/webdelmaestrocmf.com\/portal","https:\/\/www.facebook.com\/WebdelMaestroCMF\/","https:\/\/www.instagram.com\/wmcmf\/","https:\/\/cl.linkedin.com\/company\/web-del-maestro-cmf","https:\/\/www.pinterest.com\/WMCMF\/publicaciones\/","https:\/\/x.com\/cmf_w","https:\/\/www.youtube.com\/@WMCMF"]}]}},"jetpack_featured_media_url":"https:\/\/webdelmaestrocmf.com\/portal\/wp-content\/uploads\/2025\/08\/1A-Banner-1-portada-imagen-10-1-copia-5-1.webp","jetpack_sharing_enabled":true,"jetpack-related-posts":[{"id":114449,"url":"https:\/\/webdelmaestrocmf.com\/portal\/eeuu-anuncia-la-captura-de-nicolas-maduro-tras-una-operacion-militar-aerea-sobre-caracas-y-regiones-cercanas\/","url_meta":{"origin":111957,"position":0},"title":"\u00daltima hora del ataque de Estados Unidos a Venezuela | EE UU ataca Venezuela y Trump afirma que Maduro ha sido \u201ccapturado y trasladado\u201d fuera del pa\u00eds","author":"Web del Maestro CMF","date":"3 enero, 2026","format":false,"excerpt":"Trump confirma la detenci\u00f2n de Maduro.","rel":"","context":"En \u00abNoticias Internacionales\u00bb","block_context":{"text":"Noticias Internacionales","link":"https:\/\/webdelmaestrocmf.com\/portal\/category\/noticias-internacionales\/"},"img":{"alt_text":"","src":"https:\/\/i0.wp.com\/webdelmaestrocmf.com\/portal\/wp-content\/uploads\/2026\/01\/1A-Banner-1-portada-imagen-10-1-copia-5.webp?resize=350%2C200&ssl=1","width":350,"height":200,"srcset":"https:\/\/i0.wp.com\/webdelmaestrocmf.com\/portal\/wp-content\/uploads\/2026\/01\/1A-Banner-1-portada-imagen-10-1-copia-5.webp?resize=350%2C200&ssl=1 1x, https:\/\/i0.wp.com\/webdelmaestrocmf.com\/portal\/wp-content\/uploads\/2026\/01\/1A-Banner-1-portada-imagen-10-1-copia-5.webp?resize=525%2C300&ssl=1 1.5x, https:\/\/i0.wp.com\/webdelmaestrocmf.com\/portal\/wp-content\/uploads\/2026\/01\/1A-Banner-1-portada-imagen-10-1-copia-5.webp?resize=700%2C400&ssl=1 2x"},"classes":[]},{"id":114616,"url":"https:\/\/webdelmaestrocmf.com\/portal\/ultimo-minuto-delcy-rodriguez-entrego-a-maduro-por-el-poder\/","url_meta":{"origin":111957,"position":1},"title":"\u00daltimo minuto: \u00a1Delcy Rodr\u00edguez entreg\u00f3 a Maduro por el poder!","author":"Web del Maestro CMF","date":"7 enero, 2026","format":false,"excerpt":"Investigaciones period\u00edsticas vinculan negociaciones secretas en Qatar con la salida de Nicol\u00e1s Maduro del poder","rel":"","context":"En \u00abNoticias Internacionales\u00bb","block_context":{"text":"Noticias Internacionales","link":"https:\/\/webdelmaestrocmf.com\/portal\/category\/noticias-internacionales\/"},"img":{"alt_text":"","src":"https:\/\/i0.wp.com\/webdelmaestrocmf.com\/portal\/wp-content\/uploads\/2026\/01\/1A-Banner-1-portada-imagen-10-1-copia-1-3.webp?resize=350%2C200&ssl=1","width":350,"height":200,"srcset":"https:\/\/i0.wp.com\/webdelmaestrocmf.com\/portal\/wp-content\/uploads\/2026\/01\/1A-Banner-1-portada-imagen-10-1-copia-1-3.webp?resize=350%2C200&ssl=1 1x, https:\/\/i0.wp.com\/webdelmaestrocmf.com\/portal\/wp-content\/uploads\/2026\/01\/1A-Banner-1-portada-imagen-10-1-copia-1-3.webp?resize=525%2C300&ssl=1 1.5x, https:\/\/i0.wp.com\/webdelmaestrocmf.com\/portal\/wp-content\/uploads\/2026\/01\/1A-Banner-1-portada-imagen-10-1-copia-1-3.webp?resize=700%2C400&ssl=1 2x"},"classes":[]},{"id":112009,"url":"https:\/\/webdelmaestrocmf.com\/portal\/como-nayib-bukele-se-esta-convirtiendo-en-el-dictador-mas-cool-del-mundo-reformas-educativas-reeleccion-indefinida-carceles-modelo-entre-otros\/","url_meta":{"origin":111957,"position":2},"title":"C\u00f3mo Nayib Bukele se est\u00e1 convirtiendo en \u201cel dictador m\u00e1s cool del mundo\u201d: reformas educativas, reelecci\u00f3n indefinida, c\u00e1rceles modelo, entre otros","author":"Web del Maestro CMF","date":"26 agosto, 2025","format":false,"excerpt":"Bukele, autodenominado \u201cdictador cool\u201d, concentra poder y reforma la educaci\u00f3n imponiendo disciplina r\u00edgida, generando debate entre modernizaci\u00f3n y autoritarismo.","rel":"","context":"En \u00abNoticias Internacionales\u00bb","block_context":{"text":"Noticias Internacionales","link":"https:\/\/webdelmaestrocmf.com\/portal\/category\/noticias-internacionales\/"},"img":{"alt_text":"","src":"https:\/\/i0.wp.com\/webdelmaestrocmf.com\/portal\/wp-content\/uploads\/2025\/08\/1A-Banner-1-portada-imagen-10-1-copia-2.jpg?resize=350%2C200&ssl=1","width":350,"height":200,"srcset":"https:\/\/i0.wp.com\/webdelmaestrocmf.com\/portal\/wp-content\/uploads\/2025\/08\/1A-Banner-1-portada-imagen-10-1-copia-2.jpg?resize=350%2C200&ssl=1 1x, https:\/\/i0.wp.com\/webdelmaestrocmf.com\/portal\/wp-content\/uploads\/2025\/08\/1A-Banner-1-portada-imagen-10-1-copia-2.jpg?resize=525%2C300&ssl=1 1.5x, https:\/\/i0.wp.com\/webdelmaestrocmf.com\/portal\/wp-content\/uploads\/2025\/08\/1A-Banner-1-portada-imagen-10-1-copia-2.jpg?resize=700%2C400&ssl=1 2x"},"classes":[]},{"id":40605,"url":"https:\/\/webdelmaestrocmf.com\/portal\/padres-dictadores-impositivos-e-intolerantes\/","url_meta":{"origin":111957,"position":3},"title":"Padres autoritarios, impositivos e intolerantes suelen criar ni\u00f1os inseguros","author":"Web del Maestro CMF","date":"23 octubre, 2024","format":false,"excerpt":"Los padres autoritarios son\u00a0padres t\u00f3xicos\u00a0que someten a sus hijos a exigencias extremas seg\u00fan sus ideales, apreciaciones y maneras de ver la vida, sencillamente porque ellos consideran, son las m\u00e1s certeras.\u00a0Estos seres tienden a no prestar mucho asunto a las necesidades emocionales o el deseo de sus peque\u00f1os, sobre todo si\u2026","rel":"","context":"En \u00abBienestar Familiar\u00bb","block_context":{"text":"Bienestar Familiar","link":"https:\/\/webdelmaestrocmf.com\/portal\/category\/pedagogia\/bienestar-familiar\/"},"img":{"alt_text":"","src":"https:\/\/i0.wp.com\/webdelmaestrocmf.com\/portal\/wp-content\/uploads\/2019\/09\/Banner-1-portada-imagen-10-1-51.jpg?resize=350%2C200&ssl=1","width":350,"height":200,"srcset":"https:\/\/i0.wp.com\/webdelmaestrocmf.com\/portal\/wp-content\/uploads\/2019\/09\/Banner-1-portada-imagen-10-1-51.jpg?resize=350%2C200&ssl=1 1x, https:\/\/i0.wp.com\/webdelmaestrocmf.com\/portal\/wp-content\/uploads\/2019\/09\/Banner-1-portada-imagen-10-1-51.jpg?resize=525%2C300&ssl=1 1.5x, https:\/\/i0.wp.com\/webdelmaestrocmf.com\/portal\/wp-content\/uploads\/2019\/09\/Banner-1-portada-imagen-10-1-51.jpg?resize=700%2C400&ssl=1 2x"},"classes":[]},{"id":114525,"url":"https:\/\/webdelmaestrocmf.com\/portal\/el-llamado-del-papa-leon-xiv-tras-la-captura-de-nicolas-maduro-soberania-paz-y-bienestar-del-pueblo-venezolano\/","url_meta":{"origin":111957,"position":4},"title":"El llamado del papa Le\u00f3n XIV tras la captura de Nicol\u00e1s Maduro: soberan\u00eda, paz y bienestar del pueblo venezolano","author":"Web del Maestro CMF","date":"4 enero, 2026","format":false,"excerpt":"El Papa pidi\u00f3 priorizar al pueblo venezolano, rechazar la violencia y defender la soberan\u00eda ante la captura de Nicol\u00e1s Maduro.","rel":"","context":"En \u00abMundo cart\u00f3lico\u00bb","block_context":{"text":"Mundo cart\u00f3lico","link":"https:\/\/webdelmaestrocmf.com\/portal\/category\/pastoral\/"},"img":{"alt_text":"","src":"https:\/\/i0.wp.com\/webdelmaestrocmf.com\/portal\/wp-content\/uploads\/2026\/01\/1A-Banner-1-portada-imagen-10-1-copia-1-2.webp?resize=350%2C200&ssl=1","width":350,"height":200,"srcset":"https:\/\/i0.wp.com\/webdelmaestrocmf.com\/portal\/wp-content\/uploads\/2026\/01\/1A-Banner-1-portada-imagen-10-1-copia-1-2.webp?resize=350%2C200&ssl=1 1x, https:\/\/i0.wp.com\/webdelmaestrocmf.com\/portal\/wp-content\/uploads\/2026\/01\/1A-Banner-1-portada-imagen-10-1-copia-1-2.webp?resize=525%2C300&ssl=1 1.5x, https:\/\/i0.wp.com\/webdelmaestrocmf.com\/portal\/wp-content\/uploads\/2026\/01\/1A-Banner-1-portada-imagen-10-1-copia-1-2.webp?resize=700%2C400&ssl=1 2x"},"classes":[]},{"id":110797,"url":"https:\/\/webdelmaestrocmf.com\/portal\/nicolas-maduro-impulsa-su-propia-aplicacion-de-mensajeria-tras-denunciar-espionaje-de-whatsapp\/","url_meta":{"origin":111957,"position":5},"title":"Nicol\u00e1s Maduro impulsa su propia aplicaci\u00f3n de mensajer\u00eda tras denunciar espionaje de WhatsApp","author":"Web del Maestro CMF","date":"2 julio, 2025","format":false,"excerpt":"Nicol\u00e1s Maduro acusa a WhatsApp de espionaje y lanza el desarrollo de su propia aplicaci\u00f3n de mensajer\u00eda, generando dudas sobre la privacidad de los usuarios","rel":"","context":"En \u00abNoticias Internacionales\u00bb","block_context":{"text":"Noticias Internacionales","link":"https:\/\/webdelmaestrocmf.com\/portal\/category\/noticias-internacionales\/"},"img":{"alt_text":"","src":"https:\/\/i0.wp.com\/webdelmaestrocmf.com\/portal\/wp-content\/uploads\/2025\/07\/1A-Banner-1-portada-imagen-10-1-copia-45.jpg?resize=350%2C200&ssl=1","width":350,"height":200,"srcset":"https:\/\/i0.wp.com\/webdelmaestrocmf.com\/portal\/wp-content\/uploads\/2025\/07\/1A-Banner-1-portada-imagen-10-1-copia-45.jpg?resize=350%2C200&ssl=1 1x, https:\/\/i0.wp.com\/webdelmaestrocmf.com\/portal\/wp-content\/uploads\/2025\/07\/1A-Banner-1-portada-imagen-10-1-copia-45.jpg?resize=525%2C300&ssl=1 1.5x, https:\/\/i0.wp.com\/webdelmaestrocmf.com\/portal\/wp-content\/uploads\/2025\/07\/1A-Banner-1-portada-imagen-10-1-copia-45.jpg?resize=700%2C400&ssl=1 2x"},"classes":[]}],"_links":{"self":[{"href":"https:\/\/webdelmaestrocmf.com\/portal\/wp-json\/wp\/v2\/posts\/111957","targetHints":{"allow":["GET"]}}],"collection":[{"href":"https:\/\/webdelmaestrocmf.com\/portal\/wp-json\/wp\/v2\/posts"}],"about":[{"href":"https:\/\/webdelmaestrocmf.com\/portal\/wp-json\/wp\/v2\/types\/post"}],"author":[{"embeddable":true,"href":"https:\/\/webdelmaestrocmf.com\/portal\/wp-json\/wp\/v2\/users\/1"}],"replies":[{"embeddable":true,"href":"https:\/\/webdelmaestrocmf.com\/portal\/wp-json\/wp\/v2\/comments?post=111957"}],"version-history":[{"count":1,"href":"https:\/\/webdelmaestrocmf.com\/portal\/wp-json\/wp\/v2\/posts\/111957\/revisions"}],"predecessor-version":[{"id":111959,"href":"https:\/\/webdelmaestrocmf.com\/portal\/wp-json\/wp\/v2\/posts\/111957\/revisions\/111959"}],"wp:featuredmedia":[{"embeddable":true,"href":"https:\/\/webdelmaestrocmf.com\/portal\/wp-json\/wp\/v2\/media\/111958"}],"wp:attachment":[{"href":"https:\/\/webdelmaestrocmf.com\/portal\/wp-json\/wp\/v2\/media?parent=111957"}],"wp:term":[{"taxonomy":"category","embeddable":true,"href":"https:\/\/webdelmaestrocmf.com\/portal\/wp-json\/wp\/v2\/categories?post=111957"},{"taxonomy":"post_tag","embeddable":true,"href":"https:\/\/webdelmaestrocmf.com\/portal\/wp-json\/wp\/v2\/tags?post=111957"}],"curies":[{"name":"wp","href":"https:\/\/api.w.org\/{rel}","templated":true}]}}