{"id":111950,"date":"2025-08-20T18:52:20","date_gmt":"2025-08-20T22:52:20","guid":{"rendered":"https:\/\/webdelmaestrocmf.com\/portal\/?p=111950"},"modified":"2025-08-20T18:52:22","modified_gmt":"2025-08-20T22:52:22","slug":"el-salvador-endurece-la-disciplina-escolar-nuevas-reglas-obligatorias-marcan-el-inicio-de-la-gestion-de-karla-trigueros","status":"publish","type":"post","link":"https:\/\/webdelmaestrocmf.com\/portal\/el-salvador-endurece-la-disciplina-escolar-nuevas-reglas-obligatorias-marcan-el-inicio-de-la-gestion-de-karla-trigueros\/","title":{"rendered":"El Salvador endurece la disciplina escolar: nuevas reglas obligatorias marcan el inicio de la gesti\u00f3n de Karla Trigueros"},"content":{"rendered":"\n<p>Las escuelas p\u00fablicas de El Salvador comenzaron este mi\u00e9rcoles a aplicar estrictas disposiciones de orden y disciplina, impulsadas por la nueva ministra de Educaci\u00f3n, la capitana y doctora Karla Trigueros. Las medidas buscan reforzar la presentaci\u00f3n personal y el comportamiento de los estudiantes al momento de ingresar a las instituciones educativas, en lo que se presenta como una de las primeras acciones de la funcionaria al frente de la cartera.<\/p>\n\n\n\n<h3 class=\"wp-block-heading\"><strong>Normas de obligatorio cumplimiento<\/strong><\/h3>\n\n\n\n<p>El lunes, Trigueros envi\u00f3 un memor\u00e1ndum de car\u00e1cter obligatorio a todos los centros educativos del pa\u00eds. En el documento se establecen reglas claras: los estudiantes deben presentarse con <strong>uniforme limpio y ordenado<\/strong>, <strong>corte de cabello adecuado<\/strong>, <strong>presentaci\u00f3n correcta<\/strong> y <strong>saludo respetuoso<\/strong> al ingresar a clases.<br>La supervisi\u00f3n de estas disposiciones recae sobre directores y maestros, quienes deber\u00e1n garantizar su cumplimiento. El incumplimiento ser\u00e1 considerado una <strong>falta grave de responsabilidad administrativa<\/strong>, lo que puede dar lugar a sanciones formales.<\/p>\n\n\n\n<figure class=\"wp-block-image size-large\"><img loading=\"lazy\" decoding=\"async\" width=\"1024\" height=\"682\" src=\"https:\/\/webdelmaestrocmf.com\/portal\/wp-content\/uploads\/2025\/08\/304030_1783020-1024x682.webp\" alt=\"\" class=\"wp-image-111951\" srcset=\"https:\/\/webdelmaestrocmf.com\/portal\/wp-content\/uploads\/2025\/08\/304030_1783020-1024x682.webp 1024w, https:\/\/webdelmaestrocmf.com\/portal\/wp-content\/uploads\/2025\/08\/304030_1783020-300x200.webp 300w, https:\/\/webdelmaestrocmf.com\/portal\/wp-content\/uploads\/2025\/08\/304030_1783020-768x512.webp 768w, https:\/\/webdelmaestrocmf.com\/portal\/wp-content\/uploads\/2025\/08\/304030_1783020-332x221.webp 332w, https:\/\/webdelmaestrocmf.com\/portal\/wp-content\/uploads\/2025\/08\/304030_1783020-664x442.webp 664w, https:\/\/webdelmaestrocmf.com\/portal\/wp-content\/uploads\/2025\/08\/304030_1783020-688x458.webp 688w, https:\/\/webdelmaestrocmf.com\/portal\/wp-content\/uploads\/2025\/08\/304030_1783020-1044x696.webp 1044w, https:\/\/webdelmaestrocmf.com\/portal\/wp-content\/uploads\/2025\/08\/304030_1783020.webp 1280w\" sizes=\"auto, (max-width: 1024px) 100vw, 1024px\" \/><\/figure>\n\n\n\n<h3 class=\"wp-block-heading\"><strong>Respaldo desde algunas instituciones<\/strong><\/h3>\n\n\n\n<p>Directivos de distintos colegios han mostrado apoyo a las nuevas reglas. Vicky de Alvarado, directora del Instituto Nacional General Francisco Men\u00e9ndez (Inframen), se\u00f1al\u00f3 que en su instituci\u00f3n ya se aplicaban medidas similares y consider\u00f3 \u201cmuy buenas\u201d las disposiciones de la ministra.<br>Seg\u00fan explic\u00f3, los docentes y coordinadores llevan a cabo controles permanentes en el aula, pero ahora se espera que la aplicaci\u00f3n sea \u201ccon m\u00e1s rapidez\u201d y con un seguimiento m\u00e1s estricto. Asimismo, solicit\u00f3 el apoyo de los padres de familia para enviar a sus hijos con la presentaci\u00f3n adecuada.<\/p>\n\n\n\n<p>En la primera jornada de aplicaci\u00f3n, los maestros verificaron directamente el uso correcto del uniforme y los cortes de cabello, llamando la atenci\u00f3n a quienes no cumpl\u00edan con los requisitos establecidos.<\/p>\n\n\n\n<figure class=\"wp-block-image size-large\"><img loading=\"lazy\" decoding=\"async\" width=\"1024\" height=\"682\" src=\"https:\/\/webdelmaestrocmf.com\/portal\/wp-content\/uploads\/2025\/08\/304030_1783023-1024x682.webp\" alt=\"\" class=\"wp-image-111952\" srcset=\"https:\/\/webdelmaestrocmf.com\/portal\/wp-content\/uploads\/2025\/08\/304030_1783023-1024x682.webp 1024w, https:\/\/webdelmaestrocmf.com\/portal\/wp-content\/uploads\/2025\/08\/304030_1783023-300x200.webp 300w, https:\/\/webdelmaestrocmf.com\/portal\/wp-content\/uploads\/2025\/08\/304030_1783023-768x512.webp 768w, https:\/\/webdelmaestrocmf.com\/portal\/wp-content\/uploads\/2025\/08\/304030_1783023-332x221.webp 332w, https:\/\/webdelmaestrocmf.com\/portal\/wp-content\/uploads\/2025\/08\/304030_1783023-664x442.webp 664w, https:\/\/webdelmaestrocmf.com\/portal\/wp-content\/uploads\/2025\/08\/304030_1783023-688x458.webp 688w, https:\/\/webdelmaestrocmf.com\/portal\/wp-content\/uploads\/2025\/08\/304030_1783023-1044x696.webp 1044w, https:\/\/webdelmaestrocmf.com\/portal\/wp-content\/uploads\/2025\/08\/304030_1783023.webp 1280w\" sizes=\"auto, (max-width: 1024px) 100vw, 1024px\" \/><\/figure>\n\n\n\n<h3 class=\"wp-block-heading\"><strong>Supervisi\u00f3n directa del Ministerio<\/strong><\/h3>\n\n\n\n<p>La Presidencia inform\u00f3 que la ministra Trigueros visit\u00f3 personalmente varias escuelas para supervisar la implementaci\u00f3n de las normas. Desde el Gobierno se destac\u00f3 que estas medidas buscan <strong>replicar el civismo y el patriotismo en las aulas<\/strong>, sembrando en los estudiantes una conciencia ciudadana que trascienda lo acad\u00e9mico y los prepare para ser \u201cciudadanos de bien en la sociedad\u201d.<\/p>\n\n\n\n<figure class=\"wp-block-image size-large\"><img loading=\"lazy\" decoding=\"async\" width=\"1024\" height=\"682\" src=\"https:\/\/webdelmaestrocmf.com\/portal\/wp-content\/uploads\/2025\/08\/304030_1783021-1024x682.webp\" alt=\"\" class=\"wp-image-111953\" srcset=\"https:\/\/webdelmaestrocmf.com\/portal\/wp-content\/uploads\/2025\/08\/304030_1783021-1024x682.webp 1024w, https:\/\/webdelmaestrocmf.com\/portal\/wp-content\/uploads\/2025\/08\/304030_1783021-300x200.webp 300w, https:\/\/webdelmaestrocmf.com\/portal\/wp-content\/uploads\/2025\/08\/304030_1783021-768x512.webp 768w, https:\/\/webdelmaestrocmf.com\/portal\/wp-content\/uploads\/2025\/08\/304030_1783021-332x221.webp 332w, https:\/\/webdelmaestrocmf.com\/portal\/wp-content\/uploads\/2025\/08\/304030_1783021-664x442.webp 664w, https:\/\/webdelmaestrocmf.com\/portal\/wp-content\/uploads\/2025\/08\/304030_1783021-688x458.webp 688w, https:\/\/webdelmaestrocmf.com\/portal\/wp-content\/uploads\/2025\/08\/304030_1783021-1044x696.webp 1044w, https:\/\/webdelmaestrocmf.com\/portal\/wp-content\/uploads\/2025\/08\/304030_1783021.webp 1280w\" sizes=\"auto, (max-width: 1024px) 100vw, 1024px\" \/><\/figure>\n\n\n\n<h3 class=\"wp-block-heading\"><strong>Cr\u00edticas desde el magisterio<\/strong><\/h3>\n\n\n\n<p>No todas las voces han sido favorables. Representantes del <strong>Frente Magisterial Salvadore\u00f1o<\/strong> se\u00f1alaron que el nombramiento de una militar al frente de la educaci\u00f3n constituye \u201cun golpe m\u00e1s\u201d para el sector, al que acusan de estar encaminado hacia el deterioro y la eventual privatizaci\u00f3n de la educaci\u00f3n p\u00fablica. Seg\u00fan este gremio, la aplicaci\u00f3n de este tipo de medidas estrictas puede generar un ambiente hostil y riesgoso para los propios estudiantes.<\/p>\n\n\n\n<figure class=\"wp-block-image size-large\"><img loading=\"lazy\" decoding=\"async\" width=\"1024\" height=\"682\" src=\"https:\/\/webdelmaestrocmf.com\/portal\/wp-content\/uploads\/2025\/08\/304030_1783022-1024x682.webp\" alt=\"\" class=\"wp-image-111954\" srcset=\"https:\/\/webdelmaestrocmf.com\/portal\/wp-content\/uploads\/2025\/08\/304030_1783022-1024x682.webp 1024w, https:\/\/webdelmaestrocmf.com\/portal\/wp-content\/uploads\/2025\/08\/304030_1783022-300x200.webp 300w, https:\/\/webdelmaestrocmf.com\/portal\/wp-content\/uploads\/2025\/08\/304030_1783022-768x512.webp 768w, https:\/\/webdelmaestrocmf.com\/portal\/wp-content\/uploads\/2025\/08\/304030_1783022-332x221.webp 332w, https:\/\/webdelmaestrocmf.com\/portal\/wp-content\/uploads\/2025\/08\/304030_1783022-664x442.webp 664w, https:\/\/webdelmaestrocmf.com\/portal\/wp-content\/uploads\/2025\/08\/304030_1783022-688x458.webp 688w, https:\/\/webdelmaestrocmf.com\/portal\/wp-content\/uploads\/2025\/08\/304030_1783022-1044x696.webp 1044w, https:\/\/webdelmaestrocmf.com\/portal\/wp-content\/uploads\/2025\/08\/304030_1783022.webp 1280w\" sizes=\"auto, (max-width: 1024px) 100vw, 1024px\" \/><\/figure>\n\n\n\n<h3 class=\"wp-block-heading\"><strong>Conclusi\u00f3n<\/strong><\/h3>\n\n\n\n<p>El endurecimiento de las normas disciplinarias en las escuelas p\u00fablicas salvadore\u00f1as marca un cambio inmediato en la gesti\u00f3n de la ministra Karla Trigueros. Mientras para algunos directivos y docentes se trata de disposiciones necesarias para fortalecer el orden, otros sectores advierten riesgos y critican el trasfondo de estas pol\u00edticas. Lo cierto es que, desde ahora, la vida escolar en El Salvador estar\u00e1 marcada por un estricto control de la presentaci\u00f3n y la conducta de los estudiantes.<\/p>\n","protected":false},"excerpt":{"rendered":"El Salvador impone reglas estrictas en escuelas: uniforme limpio, cabello adecuado y saludo respetuoso bajo supervisi\u00f3n obligatoria ministerial.","protected":false},"author":1,"featured_media":111955,"comment_status":"open","ping_status":"closed","sticky":false,"template":"","format":"standard","meta":{"csco_display_header_overlay":false,"csco_singular_sidebar":"","csco_page_header_type":"","csco_page_load_nextpost":"","csco_post_video_location":[],"csco_post_video_location_hash":"","csco_post_video_url":"","csco_post_video_bg_start_time":0,"csco_post_video_bg_end_time":0,"csco_post_video_bg_volume":false,"_jetpack_memberships_contains_paid_content":false,"footnotes":""},"categories":[23790],"tags":[24129,608,5115],"class_list":{"0":"post-111950","1":"post","2":"type-post","3":"status-publish","4":"format-standard","5":"has-post-thumbnail","7":"category-noticias-internacionales","8":"tag-endurece","9":"tag-escolar","10":"tag-salvador","11":"cs-entry","12":"cs-video-wrap"},"yoast_head":"<!-- This site is optimized with the Yoast SEO plugin v27.5 - https:\/\/yoast.com\/product\/yoast-seo-wordpress\/ -->\n<title>El Salvador endurece la disciplina escolar: nuevas reglas obligatorias marcan el inicio de la gesti\u00f3n de Karla Trigueros - 2026<\/title>\n<meta name=\"description\" content=\"Las escuelas p\u00fablicas de El Salvador comenzaron este mi\u00e9rcoles a aplicar estrictas disposiciones de orden y disciplina, impulsadas...\" \/>\n<meta name=\"robots\" content=\"index, follow, max-snippet:-1, max-image-preview:large, max-video-preview:-1\" \/>\n<link rel=\"canonical\" href=\"https:\/\/webdelmaestrocmf.com\/portal\/el-salvador-endurece-la-disciplina-escolar-nuevas-reglas-obligatorias-marcan-el-inicio-de-la-gestion-de-karla-trigueros\/\" \/>\n<meta property=\"og:locale\" content=\"es_ES\" \/>\n<meta property=\"og:type\" content=\"article\" \/>\n<meta property=\"og:title\" content=\"El Salvador endurece la disciplina escolar: nuevas reglas obligatorias marcan el inicio de la gesti\u00f3n de Karla Trigueros - 2026\" \/>\n<meta property=\"og:description\" content=\"Las escuelas p\u00fablicas de El Salvador comenzaron este mi\u00e9rcoles a aplicar estrictas disposiciones de orden y disciplina, impulsadas...\" \/>\n<meta property=\"og:url\" content=\"https:\/\/webdelmaestrocmf.com\/portal\/el-salvador-endurece-la-disciplina-escolar-nuevas-reglas-obligatorias-marcan-el-inicio-de-la-gestion-de-karla-trigueros\/\" \/>\n<meta property=\"og:site_name\" content=\"Web del Maestro CMF\" \/>\n<meta property=\"article:publisher\" content=\"https:\/\/www.facebook.com\/WebdelMaestroCMF\/\" \/>\n<meta property=\"article:author\" content=\"https:\/\/www.facebook.com\/WebdelMaestroCMF\/\" \/>\n<meta property=\"article:published_time\" content=\"2025-08-20T22:52:20+00:00\" \/>\n<meta property=\"article:modified_time\" content=\"2025-08-20T22:52:22+00:00\" \/>\n<meta property=\"og:image\" content=\"https:\/\/webdelmaestrocmf.com\/portal\/wp-content\/uploads\/2025\/08\/1A-Banner-1-portada-imagen-10-1-copia-4-3.webp\" \/>\n\t<meta property=\"og:image:width\" content=\"1003\" \/>\n\t<meta property=\"og:image:height\" content=\"667\" \/>\n\t<meta property=\"og:image:type\" content=\"image\/webp\" \/>\n<meta name=\"author\" content=\"Web del Maestro CMF\" \/>\n<meta name=\"twitter:card\" content=\"summary_large_image\" \/>\n<meta name=\"twitter:creator\" content=\"@cmf_w\" \/>\n<meta name=\"twitter:site\" content=\"@cmf_w\" \/>\n<script type=\"application\/ld+json\" class=\"yoast-schema-graph\">{\"@context\":\"https:\\\/\\\/schema.org\",\"@graph\":[{\"@type\":\"ScholarlyArticle\",\"@id\":\"https:\\\/\\\/webdelmaestrocmf.com\\\/portal\\\/el-salvador-endurece-la-disciplina-escolar-nuevas-reglas-obligatorias-marcan-el-inicio-de-la-gestion-de-karla-trigueros\\\/#article\",\"isPartOf\":{\"@id\":\"https:\\\/\\\/webdelmaestrocmf.com\\\/portal\\\/el-salvador-endurece-la-disciplina-escolar-nuevas-reglas-obligatorias-marcan-el-inicio-de-la-gestion-de-karla-trigueros\\\/\"},\"author\":{\"name\":\"Web del Maestro CMF\",\"@id\":\"https:\\\/\\\/webdelmaestrocmf.com\\\/portal\\\/#\\\/schema\\\/person\\\/1072a2ed7bd960df8ef99a551fa35dc5\"},\"headline\":\"El Salvador endurece la disciplina escolar: nuevas reglas obligatorias marcan el inicio de la gesti\u00f3n de Karla Trigueros\",\"datePublished\":\"2025-08-20T22:52:20+00:00\",\"dateModified\":\"2025-08-20T22:52:22+00:00\",\"mainEntityOfPage\":{\"@id\":\"https:\\\/\\\/webdelmaestrocmf.com\\\/portal\\\/el-salvador-endurece-la-disciplina-escolar-nuevas-reglas-obligatorias-marcan-el-inicio-de-la-gestion-de-karla-trigueros\\\/\"},\"wordCount\":549,\"commentCount\":27,\"publisher\":{\"@id\":\"https:\\\/\\\/webdelmaestrocmf.com\\\/portal\\\/#organization\"},\"image\":{\"@id\":\"https:\\\/\\\/webdelmaestrocmf.com\\\/portal\\\/el-salvador-endurece-la-disciplina-escolar-nuevas-reglas-obligatorias-marcan-el-inicio-de-la-gestion-de-karla-trigueros\\\/#primaryimage\"},\"thumbnailUrl\":\"https:\\\/\\\/webdelmaestrocmf.com\\\/portal\\\/wp-content\\\/uploads\\\/2025\\\/08\\\/1A-Banner-1-portada-imagen-10-1-copia-4-3.webp\",\"keywords\":[\"endurece\",\"ESCOLAR\",\"Salvador\"],\"articleSection\":[\"Noticias Internacionales\"],\"inLanguage\":\"es\",\"potentialAction\":[{\"@type\":\"CommentAction\",\"name\":\"Comment\",\"target\":[\"https:\\\/\\\/webdelmaestrocmf.com\\\/portal\\\/el-salvador-endurece-la-disciplina-escolar-nuevas-reglas-obligatorias-marcan-el-inicio-de-la-gestion-de-karla-trigueros\\\/#respond\"]}]},{\"@type\":\"WebPage\",\"@id\":\"https:\\\/\\\/webdelmaestrocmf.com\\\/portal\\\/el-salvador-endurece-la-disciplina-escolar-nuevas-reglas-obligatorias-marcan-el-inicio-de-la-gestion-de-karla-trigueros\\\/\",\"url\":\"https:\\\/\\\/webdelmaestrocmf.com\\\/portal\\\/el-salvador-endurece-la-disciplina-escolar-nuevas-reglas-obligatorias-marcan-el-inicio-de-la-gestion-de-karla-trigueros\\\/\",\"name\":\"El Salvador endurece la disciplina escolar: nuevas reglas obligatorias marcan el inicio de la gesti\u00f3n de Karla Trigueros - 2026\",\"isPartOf\":{\"@id\":\"https:\\\/\\\/webdelmaestrocmf.com\\\/portal\\\/#website\"},\"primaryImageOfPage\":{\"@id\":\"https:\\\/\\\/webdelmaestrocmf.com\\\/portal\\\/el-salvador-endurece-la-disciplina-escolar-nuevas-reglas-obligatorias-marcan-el-inicio-de-la-gestion-de-karla-trigueros\\\/#primaryimage\"},\"image\":{\"@id\":\"https:\\\/\\\/webdelmaestrocmf.com\\\/portal\\\/el-salvador-endurece-la-disciplina-escolar-nuevas-reglas-obligatorias-marcan-el-inicio-de-la-gestion-de-karla-trigueros\\\/#primaryimage\"},\"thumbnailUrl\":\"https:\\\/\\\/webdelmaestrocmf.com\\\/portal\\\/wp-content\\\/uploads\\\/2025\\\/08\\\/1A-Banner-1-portada-imagen-10-1-copia-4-3.webp\",\"datePublished\":\"2025-08-20T22:52:20+00:00\",\"dateModified\":\"2025-08-20T22:52:22+00:00\",\"description\":\"Las escuelas p\u00fablicas de El Salvador comenzaron este mi\u00e9rcoles a aplicar estrictas disposiciones de orden y disciplina, impulsadas...\",\"breadcrumb\":{\"@id\":\"https:\\\/\\\/webdelmaestrocmf.com\\\/portal\\\/el-salvador-endurece-la-disciplina-escolar-nuevas-reglas-obligatorias-marcan-el-inicio-de-la-gestion-de-karla-trigueros\\\/#breadcrumb\"},\"inLanguage\":\"es\",\"potentialAction\":[{\"@type\":\"ReadAction\",\"target\":[\"https:\\\/\\\/webdelmaestrocmf.com\\\/portal\\\/el-salvador-endurece-la-disciplina-escolar-nuevas-reglas-obligatorias-marcan-el-inicio-de-la-gestion-de-karla-trigueros\\\/\"]}]},{\"@type\":\"ImageObject\",\"inLanguage\":\"es\",\"@id\":\"https:\\\/\\\/webdelmaestrocmf.com\\\/portal\\\/el-salvador-endurece-la-disciplina-escolar-nuevas-reglas-obligatorias-marcan-el-inicio-de-la-gestion-de-karla-trigueros\\\/#primaryimage\",\"url\":\"https:\\\/\\\/webdelmaestrocmf.com\\\/portal\\\/wp-content\\\/uploads\\\/2025\\\/08\\\/1A-Banner-1-portada-imagen-10-1-copia-4-3.webp\",\"contentUrl\":\"https:\\\/\\\/webdelmaestrocmf.com\\\/portal\\\/wp-content\\\/uploads\\\/2025\\\/08\\\/1A-Banner-1-portada-imagen-10-1-copia-4-3.webp\",\"width\":1003,\"height\":667},{\"@type\":\"BreadcrumbList\",\"@id\":\"https:\\\/\\\/webdelmaestrocmf.com\\\/portal\\\/el-salvador-endurece-la-disciplina-escolar-nuevas-reglas-obligatorias-marcan-el-inicio-de-la-gestion-de-karla-trigueros\\\/#breadcrumb\",\"itemListElement\":[{\"@type\":\"ListItem\",\"position\":1,\"name\":\"Portada\",\"item\":\"https:\\\/\\\/webdelmaestrocmf.com\\\/portal\\\/\"},{\"@type\":\"ListItem\",\"position\":2,\"name\":\"Noticias Internacionales\",\"item\":\"https:\\\/\\\/webdelmaestrocmf.com\\\/portal\\\/category\\\/noticias-internacionales\\\/\"},{\"@type\":\"ListItem\",\"position\":3,\"name\":\"El Salvador endurece la disciplina escolar: nuevas reglas obligatorias marcan el inicio de la gesti\u00f3n de Karla Trigueros\"}]},{\"@type\":\"WebSite\",\"@id\":\"https:\\\/\\\/webdelmaestrocmf.com\\\/portal\\\/#website\",\"url\":\"https:\\\/\\\/webdelmaestrocmf.com\\\/portal\\\/\",\"name\":\"Web del Maestro CMF\",\"description\":\"Maestros al servicio de la educaci\u00f3n\",\"publisher\":{\"@id\":\"https:\\\/\\\/webdelmaestrocmf.com\\\/portal\\\/#organization\"},\"alternateName\":\"WMCMF\",\"potentialAction\":[{\"@type\":\"SearchAction\",\"target\":{\"@type\":\"EntryPoint\",\"urlTemplate\":\"https:\\\/\\\/webdelmaestrocmf.com\\\/portal\\\/?s={search_term_string}\"},\"query-input\":{\"@type\":\"PropertyValueSpecification\",\"valueRequired\":true,\"valueName\":\"search_term_string\"}}],\"inLanguage\":\"es\"},{\"@type\":\"Organization\",\"@id\":\"https:\\\/\\\/webdelmaestrocmf.com\\\/portal\\\/#organization\",\"name\":\"Web del Maestro CMF\",\"alternateName\":\"WMCMF\",\"url\":\"https:\\\/\\\/webdelmaestrocmf.com\\\/portal\\\/\",\"logo\":{\"@type\":\"ImageObject\",\"inLanguage\":\"es\",\"@id\":\"https:\\\/\\\/webdelmaestrocmf.com\\\/portal\\\/#\\\/schema\\\/logo\\\/image\\\/\",\"url\":\"https:\\\/\\\/webdelmaestrocmf.com\\\/portal\\\/wp-content\\\/uploads\\\/2023\\\/01\\\/logo-wmcmf-2.png\",\"contentUrl\":\"https:\\\/\\\/webdelmaestrocmf.com\\\/portal\\\/wp-content\\\/uploads\\\/2023\\\/01\\\/logo-wmcmf-2.png\",\"width\":200,\"height\":60,\"caption\":\"Web del Maestro CMF\"},\"image\":{\"@id\":\"https:\\\/\\\/webdelmaestrocmf.com\\\/portal\\\/#\\\/schema\\\/logo\\\/image\\\/\"},\"sameAs\":[\"https:\\\/\\\/www.facebook.com\\\/WebdelMaestroCMF\\\/\",\"https:\\\/\\\/x.com\\\/cmf_w\",\"https:\\\/\\\/www.pinterest.com\\\/WMCMF\\\/\",\"https:\\\/\\\/www.linkedin.com\\\/company\\\/web-del-maestro-cmf\\\/\",\"https:\\\/\\\/www.instagram.com\\\/wmcmf\\\/\",\"https:\\\/\\\/www.youtube.com\\\/channel\\\/UCDPSvjbdodE5sHnC3OxutHw\",\"https:\\\/\\\/mastodon.social\\\/@wmcmf\",\"https:\\\/\\\/www.tiktok.com\\\/@webdelmaestrocmf\"]},{\"@type\":\"Person\",\"@id\":\"https:\\\/\\\/webdelmaestrocmf.com\\\/portal\\\/#\\\/schema\\\/person\\\/1072a2ed7bd960df8ef99a551fa35dc5\",\"name\":\"Web del Maestro CMF\",\"image\":{\"@type\":\"ImageObject\",\"inLanguage\":\"es\",\"@id\":\"https:\\\/\\\/secure.gravatar.com\\\/avatar\\\/23291dd5b5ae1077dcff3dbb04c3e02bd28403fa75af6d8787d5e97c5bbbe30b?s=96&d=mm&r=g\",\"url\":\"https:\\\/\\\/secure.gravatar.com\\\/avatar\\\/23291dd5b5ae1077dcff3dbb04c3e02bd28403fa75af6d8787d5e97c5bbbe30b?s=96&d=mm&r=g\",\"contentUrl\":\"https:\\\/\\\/secure.gravatar.com\\\/avatar\\\/23291dd5b5ae1077dcff3dbb04c3e02bd28403fa75af6d8787d5e97c5bbbe30b?s=96&d=mm&r=g\",\"caption\":\"Web del Maestro CMF\"},\"description\":\"Esta Web se cre\u00f3 sin fines de lucro, con fines educativos, cient\u00edficos y acad\u00e9micos, para personas que tengan dificultades y\\\/o inconvenientes en visualizar el material original. El objetivo es entregar recursos, compartir experiencias y materiales que ayuden a los padres de familia, maestros y estudiantes en su actualizaci\u00f3n y formaci\u00f3n permanente, en bien de la Educaci\u00f3n.\",\"sameAs\":[\"http:\\\/\\\/webdelmaestrocmf.com\\\/portal\",\"https:\\\/\\\/www.facebook.com\\\/WebdelMaestroCMF\\\/\",\"https:\\\/\\\/www.instagram.com\\\/wmcmf\\\/\",\"https:\\\/\\\/cl.linkedin.com\\\/company\\\/web-del-maestro-cmf\",\"https:\\\/\\\/www.pinterest.com\\\/WMCMF\\\/publicaciones\\\/\",\"https:\\\/\\\/x.com\\\/cmf_w\",\"https:\\\/\\\/www.youtube.com\\\/@WMCMF\"]}]}<\/script>\n<!-- \/ Yoast SEO plugin. -->","yoast_head_json":{"title":"El Salvador endurece la disciplina escolar: nuevas reglas obligatorias marcan el inicio de la gesti\u00f3n de Karla Trigueros - 2026","description":"Las escuelas p\u00fablicas de El Salvador comenzaron este mi\u00e9rcoles a aplicar estrictas disposiciones de orden y disciplina, impulsadas...","robots":{"index":"index","follow":"follow","max-snippet":"max-snippet:-1","max-image-preview":"max-image-preview:large","max-video-preview":"max-video-preview:-1"},"canonical":"https:\/\/webdelmaestrocmf.com\/portal\/el-salvador-endurece-la-disciplina-escolar-nuevas-reglas-obligatorias-marcan-el-inicio-de-la-gestion-de-karla-trigueros\/","og_locale":"es_ES","og_type":"article","og_title":"El Salvador endurece la disciplina escolar: nuevas reglas obligatorias marcan el inicio de la gesti\u00f3n de Karla Trigueros - 2026","og_description":"Las escuelas p\u00fablicas de El Salvador comenzaron este mi\u00e9rcoles a aplicar estrictas disposiciones de orden y disciplina, impulsadas...","og_url":"https:\/\/webdelmaestrocmf.com\/portal\/el-salvador-endurece-la-disciplina-escolar-nuevas-reglas-obligatorias-marcan-el-inicio-de-la-gestion-de-karla-trigueros\/","og_site_name":"Web del Maestro CMF","article_publisher":"https:\/\/www.facebook.com\/WebdelMaestroCMF\/","article_author":"https:\/\/www.facebook.com\/WebdelMaestroCMF\/","article_published_time":"2025-08-20T22:52:20+00:00","article_modified_time":"2025-08-20T22:52:22+00:00","og_image":[{"width":1003,"height":667,"url":"https:\/\/webdelmaestrocmf.com\/portal\/wp-content\/uploads\/2025\/08\/1A-Banner-1-portada-imagen-10-1-copia-4-3.webp","type":"image\/webp"}],"author":"Web del Maestro CMF","twitter_card":"summary_large_image","twitter_creator":"@cmf_w","twitter_site":"@cmf_w","schema":{"@context":"https:\/\/schema.org","@graph":[{"@type":"ScholarlyArticle","@id":"https:\/\/webdelmaestrocmf.com\/portal\/el-salvador-endurece-la-disciplina-escolar-nuevas-reglas-obligatorias-marcan-el-inicio-de-la-gestion-de-karla-trigueros\/#article","isPartOf":{"@id":"https:\/\/webdelmaestrocmf.com\/portal\/el-salvador-endurece-la-disciplina-escolar-nuevas-reglas-obligatorias-marcan-el-inicio-de-la-gestion-de-karla-trigueros\/"},"author":{"name":"Web del Maestro CMF","@id":"https:\/\/webdelmaestrocmf.com\/portal\/#\/schema\/person\/1072a2ed7bd960df8ef99a551fa35dc5"},"headline":"El Salvador endurece la disciplina escolar: nuevas reglas obligatorias marcan el inicio de la gesti\u00f3n de Karla Trigueros","datePublished":"2025-08-20T22:52:20+00:00","dateModified":"2025-08-20T22:52:22+00:00","mainEntityOfPage":{"@id":"https:\/\/webdelmaestrocmf.com\/portal\/el-salvador-endurece-la-disciplina-escolar-nuevas-reglas-obligatorias-marcan-el-inicio-de-la-gestion-de-karla-trigueros\/"},"wordCount":549,"commentCount":27,"publisher":{"@id":"https:\/\/webdelmaestrocmf.com\/portal\/#organization"},"image":{"@id":"https:\/\/webdelmaestrocmf.com\/portal\/el-salvador-endurece-la-disciplina-escolar-nuevas-reglas-obligatorias-marcan-el-inicio-de-la-gestion-de-karla-trigueros\/#primaryimage"},"thumbnailUrl":"https:\/\/webdelmaestrocmf.com\/portal\/wp-content\/uploads\/2025\/08\/1A-Banner-1-portada-imagen-10-1-copia-4-3.webp","keywords":["endurece","ESCOLAR","Salvador"],"articleSection":["Noticias Internacionales"],"inLanguage":"es","potentialAction":[{"@type":"CommentAction","name":"Comment","target":["https:\/\/webdelmaestrocmf.com\/portal\/el-salvador-endurece-la-disciplina-escolar-nuevas-reglas-obligatorias-marcan-el-inicio-de-la-gestion-de-karla-trigueros\/#respond"]}]},{"@type":"WebPage","@id":"https:\/\/webdelmaestrocmf.com\/portal\/el-salvador-endurece-la-disciplina-escolar-nuevas-reglas-obligatorias-marcan-el-inicio-de-la-gestion-de-karla-trigueros\/","url":"https:\/\/webdelmaestrocmf.com\/portal\/el-salvador-endurece-la-disciplina-escolar-nuevas-reglas-obligatorias-marcan-el-inicio-de-la-gestion-de-karla-trigueros\/","name":"El Salvador endurece la disciplina escolar: nuevas reglas obligatorias marcan el inicio de la gesti\u00f3n de Karla Trigueros - 2026","isPartOf":{"@id":"https:\/\/webdelmaestrocmf.com\/portal\/#website"},"primaryImageOfPage":{"@id":"https:\/\/webdelmaestrocmf.com\/portal\/el-salvador-endurece-la-disciplina-escolar-nuevas-reglas-obligatorias-marcan-el-inicio-de-la-gestion-de-karla-trigueros\/#primaryimage"},"image":{"@id":"https:\/\/webdelmaestrocmf.com\/portal\/el-salvador-endurece-la-disciplina-escolar-nuevas-reglas-obligatorias-marcan-el-inicio-de-la-gestion-de-karla-trigueros\/#primaryimage"},"thumbnailUrl":"https:\/\/webdelmaestrocmf.com\/portal\/wp-content\/uploads\/2025\/08\/1A-Banner-1-portada-imagen-10-1-copia-4-3.webp","datePublished":"2025-08-20T22:52:20+00:00","dateModified":"2025-08-20T22:52:22+00:00","description":"Las escuelas p\u00fablicas de El Salvador comenzaron este mi\u00e9rcoles a aplicar estrictas disposiciones de orden y disciplina, impulsadas...","breadcrumb":{"@id":"https:\/\/webdelmaestrocmf.com\/portal\/el-salvador-endurece-la-disciplina-escolar-nuevas-reglas-obligatorias-marcan-el-inicio-de-la-gestion-de-karla-trigueros\/#breadcrumb"},"inLanguage":"es","potentialAction":[{"@type":"ReadAction","target":["https:\/\/webdelmaestrocmf.com\/portal\/el-salvador-endurece-la-disciplina-escolar-nuevas-reglas-obligatorias-marcan-el-inicio-de-la-gestion-de-karla-trigueros\/"]}]},{"@type":"ImageObject","inLanguage":"es","@id":"https:\/\/webdelmaestrocmf.com\/portal\/el-salvador-endurece-la-disciplina-escolar-nuevas-reglas-obligatorias-marcan-el-inicio-de-la-gestion-de-karla-trigueros\/#primaryimage","url":"https:\/\/webdelmaestrocmf.com\/portal\/wp-content\/uploads\/2025\/08\/1A-Banner-1-portada-imagen-10-1-copia-4-3.webp","contentUrl":"https:\/\/webdelmaestrocmf.com\/portal\/wp-content\/uploads\/2025\/08\/1A-Banner-1-portada-imagen-10-1-copia-4-3.webp","width":1003,"height":667},{"@type":"BreadcrumbList","@id":"https:\/\/webdelmaestrocmf.com\/portal\/el-salvador-endurece-la-disciplina-escolar-nuevas-reglas-obligatorias-marcan-el-inicio-de-la-gestion-de-karla-trigueros\/#breadcrumb","itemListElement":[{"@type":"ListItem","position":1,"name":"Portada","item":"https:\/\/webdelmaestrocmf.com\/portal\/"},{"@type":"ListItem","position":2,"name":"Noticias Internacionales","item":"https:\/\/webdelmaestrocmf.com\/portal\/category\/noticias-internacionales\/"},{"@type":"ListItem","position":3,"name":"El Salvador endurece la disciplina escolar: nuevas reglas obligatorias marcan el inicio de la gesti\u00f3n de Karla Trigueros"}]},{"@type":"WebSite","@id":"https:\/\/webdelmaestrocmf.com\/portal\/#website","url":"https:\/\/webdelmaestrocmf.com\/portal\/","name":"Web del Maestro CMF","description":"Maestros al servicio de la educaci\u00f3n","publisher":{"@id":"https:\/\/webdelmaestrocmf.com\/portal\/#organization"},"alternateName":"WMCMF","potentialAction":[{"@type":"SearchAction","target":{"@type":"EntryPoint","urlTemplate":"https:\/\/webdelmaestrocmf.com\/portal\/?s={search_term_string}"},"query-input":{"@type":"PropertyValueSpecification","valueRequired":true,"valueName":"search_term_string"}}],"inLanguage":"es"},{"@type":"Organization","@id":"https:\/\/webdelmaestrocmf.com\/portal\/#organization","name":"Web del Maestro CMF","alternateName":"WMCMF","url":"https:\/\/webdelmaestrocmf.com\/portal\/","logo":{"@type":"ImageObject","inLanguage":"es","@id":"https:\/\/webdelmaestrocmf.com\/portal\/#\/schema\/logo\/image\/","url":"https:\/\/webdelmaestrocmf.com\/portal\/wp-content\/uploads\/2023\/01\/logo-wmcmf-2.png","contentUrl":"https:\/\/webdelmaestrocmf.com\/portal\/wp-content\/uploads\/2023\/01\/logo-wmcmf-2.png","width":200,"height":60,"caption":"Web del Maestro CMF"},"image":{"@id":"https:\/\/webdelmaestrocmf.com\/portal\/#\/schema\/logo\/image\/"},"sameAs":["https:\/\/www.facebook.com\/WebdelMaestroCMF\/","https:\/\/x.com\/cmf_w","https:\/\/www.pinterest.com\/WMCMF\/","https:\/\/www.linkedin.com\/company\/web-del-maestro-cmf\/","https:\/\/www.instagram.com\/wmcmf\/","https:\/\/www.youtube.com\/channel\/UCDPSvjbdodE5sHnC3OxutHw","https:\/\/mastodon.social\/@wmcmf","https:\/\/www.tiktok.com\/@webdelmaestrocmf"]},{"@type":"Person","@id":"https:\/\/webdelmaestrocmf.com\/portal\/#\/schema\/person\/1072a2ed7bd960df8ef99a551fa35dc5","name":"Web del Maestro CMF","image":{"@type":"ImageObject","inLanguage":"es","@id":"https:\/\/secure.gravatar.com\/avatar\/23291dd5b5ae1077dcff3dbb04c3e02bd28403fa75af6d8787d5e97c5bbbe30b?s=96&d=mm&r=g","url":"https:\/\/secure.gravatar.com\/avatar\/23291dd5b5ae1077dcff3dbb04c3e02bd28403fa75af6d8787d5e97c5bbbe30b?s=96&d=mm&r=g","contentUrl":"https:\/\/secure.gravatar.com\/avatar\/23291dd5b5ae1077dcff3dbb04c3e02bd28403fa75af6d8787d5e97c5bbbe30b?s=96&d=mm&r=g","caption":"Web del Maestro CMF"},"description":"Esta Web se cre\u00f3 sin fines de lucro, con fines educativos, cient\u00edficos y acad\u00e9micos, para personas que tengan dificultades y\/o inconvenientes en visualizar el material original. El objetivo es entregar recursos, compartir experiencias y materiales que ayuden a los padres de familia, maestros y estudiantes en su actualizaci\u00f3n y formaci\u00f3n permanente, en bien de la Educaci\u00f3n.","sameAs":["http:\/\/webdelmaestrocmf.com\/portal","https:\/\/www.facebook.com\/WebdelMaestroCMF\/","https:\/\/www.instagram.com\/wmcmf\/","https:\/\/cl.linkedin.com\/company\/web-del-maestro-cmf","https:\/\/www.pinterest.com\/WMCMF\/publicaciones\/","https:\/\/x.com\/cmf_w","https:\/\/www.youtube.com\/@WMCMF"]}]}},"jetpack_featured_media_url":"https:\/\/webdelmaestrocmf.com\/portal\/wp-content\/uploads\/2025\/08\/1A-Banner-1-portada-imagen-10-1-copia-4-3.webp","jetpack_sharing_enabled":true,"jetpack-related-posts":[{"id":111946,"url":"https:\/\/webdelmaestrocmf.com\/portal\/bukele-nombra-a-la-capitana-karla-trigueros-como-nueva-ministra-de-educacion-e-impulsa-disciplina-estricta-en-las-escuelas-publicas\/","url_meta":{"origin":111950,"position":0},"title":"Bukele nombra a la capitana Karla Trigueros como nueva ministra de Educaci\u00f3n e impulsa disciplina estricta en las escuelas p\u00fablicas","author":"Web del Maestro CMF","date":"20 agosto, 2025","format":false,"excerpt":"Bukele y la capitana Karla Trigueros impulsan disciplina estricta en escuelas salvadore\u00f1as, generando respaldo oficial y cr\u00edticas por posible militarizaci\u00f3n.","rel":"","context":"En \u00abNoticias Internacionales\u00bb","block_context":{"text":"Noticias Internacionales","link":"https:\/\/webdelmaestrocmf.com\/portal\/category\/noticias-internacionales\/"},"img":{"alt_text":"","src":"https:\/\/i0.wp.com\/webdelmaestrocmf.com\/portal\/wp-content\/uploads\/2025\/08\/1A-Banner-1-portada-imagen-10-1-copia-3-3.webp?resize=350%2C200&ssl=1","width":350,"height":200,"srcset":"https:\/\/i0.wp.com\/webdelmaestrocmf.com\/portal\/wp-content\/uploads\/2025\/08\/1A-Banner-1-portada-imagen-10-1-copia-3-3.webp?resize=350%2C200&ssl=1 1x, https:\/\/i0.wp.com\/webdelmaestrocmf.com\/portal\/wp-content\/uploads\/2025\/08\/1A-Banner-1-portada-imagen-10-1-copia-3-3.webp?resize=525%2C300&ssl=1 1.5x, https:\/\/i0.wp.com\/webdelmaestrocmf.com\/portal\/wp-content\/uploads\/2025\/08\/1A-Banner-1-portada-imagen-10-1-copia-3-3.webp?resize=700%2C400&ssl=1 2x"},"classes":[]},{"id":111997,"url":"https:\/\/webdelmaestrocmf.com\/portal\/bukele-impulsa-la-cortesia-escolar-expresiones-como-buenos-dias-por-favor-y-gracias-seran-obligatorias-en-las-aulas\/","url_meta":{"origin":111950,"position":1},"title":"Bukele impulsa la cortes\u00eda escolar: expresiones como \u201cbuenos d\u00edas\u201d, \u201cpor favor\u201d y \u201cgracias\u201d ser\u00e1n obligatorias en las aulas","author":"Web del Maestro CMF","date":"26 agosto, 2025","format":false,"excerpt":"El Salvador aplicar\u00e1 desde septiembre 2025 un reglamento escolar que obliga a estudiantes a usar expresiones b\u00e1sicas de respeto y cortes\u00eda.","rel":"","context":"En \u00abNoticias Internacionales\u00bb","block_context":{"text":"Noticias Internacionales","link":"https:\/\/webdelmaestrocmf.com\/portal\/category\/noticias-internacionales\/"},"img":{"alt_text":"","src":"https:\/\/i0.wp.com\/webdelmaestrocmf.com\/portal\/wp-content\/uploads\/2025\/08\/1A-Banner-1-portada-imagen-10-1-copia-1.jpg?resize=350%2C200&ssl=1","width":350,"height":200,"srcset":"https:\/\/i0.wp.com\/webdelmaestrocmf.com\/portal\/wp-content\/uploads\/2025\/08\/1A-Banner-1-portada-imagen-10-1-copia-1.jpg?resize=350%2C200&ssl=1 1x, https:\/\/i0.wp.com\/webdelmaestrocmf.com\/portal\/wp-content\/uploads\/2025\/08\/1A-Banner-1-portada-imagen-10-1-copia-1.jpg?resize=525%2C300&ssl=1 1.5x, https:\/\/i0.wp.com\/webdelmaestrocmf.com\/portal\/wp-content\/uploads\/2025\/08\/1A-Banner-1-portada-imagen-10-1-copia-1.jpg?resize=700%2C400&ssl=1 2x"},"classes":[]},{"id":111964,"url":"https:\/\/webdelmaestrocmf.com\/portal\/director-se-corta-la-colita-para-dar-ejemplo-en-medio-de-nuevas-normas-escolares-en-el-salvador\/","url_meta":{"origin":111950,"position":2},"title":"Director se corta la \u201ccolita\u201d para dar ejemplo en medio de nuevas normas escolares en El Salvador.","author":"Web del Maestro CMF","date":"21 agosto, 2025","format":false,"excerpt":"Ministerio de Educaci\u00f3n exige orden y disciplina; director responde con un cambio personal y da el ejemplo.","rel":"","context":"En \u00abNoticias Internacionales\u00bb","block_context":{"text":"Noticias Internacionales","link":"https:\/\/webdelmaestrocmf.com\/portal\/category\/noticias-internacionales\/"},"img":{"alt_text":"","src":"https:\/\/i0.wp.com\/webdelmaestrocmf.com\/portal\/wp-content\/uploads\/2025\/08\/1A-Banner-1-portada-imagen-10-1-copia-7-1.webp?resize=350%2C200&ssl=1","width":350,"height":200,"srcset":"https:\/\/i0.wp.com\/webdelmaestrocmf.com\/portal\/wp-content\/uploads\/2025\/08\/1A-Banner-1-portada-imagen-10-1-copia-7-1.webp?resize=350%2C200&ssl=1 1x, https:\/\/i0.wp.com\/webdelmaestrocmf.com\/portal\/wp-content\/uploads\/2025\/08\/1A-Banner-1-portada-imagen-10-1-copia-7-1.webp?resize=525%2C300&ssl=1 1.5x, https:\/\/i0.wp.com\/webdelmaestrocmf.com\/portal\/wp-content\/uploads\/2025\/08\/1A-Banner-1-portada-imagen-10-1-copia-7-1.webp?resize=700%2C400&ssl=1 2x"},"classes":[]},{"id":112365,"url":"https:\/\/webdelmaestrocmf.com\/portal\/bukele-justifica-disciplina-en-escuelas-evitara-pandillas\/","url_meta":{"origin":111950,"position":3},"title":"Bukele justifica disciplina en escuelas: evitar\u00e1 pandillas","author":"Web del Maestro CMF","date":"1 octubre, 2025","format":false,"excerpt":"\u201cLas medidas de disciplina en las escuelas buscan evitar que esta tragedia (pandillas) vuelva a repetirse\u201d, recalc\u00f3 el gobernante de El Salvador.","rel":"","context":"En \u00abNoticias Internacionales\u00bb","block_context":{"text":"Noticias Internacionales","link":"https:\/\/webdelmaestrocmf.com\/portal\/category\/noticias-internacionales\/"},"img":{"alt_text":"","src":"https:\/\/i0.wp.com\/webdelmaestrocmf.com\/portal\/wp-content\/uploads\/2025\/10\/1A-Banner-1-portada-imagen-10-1-copia.jpg?resize=350%2C200&ssl=1","width":350,"height":200,"srcset":"https:\/\/i0.wp.com\/webdelmaestrocmf.com\/portal\/wp-content\/uploads\/2025\/10\/1A-Banner-1-portada-imagen-10-1-copia.jpg?resize=350%2C200&ssl=1 1x, https:\/\/i0.wp.com\/webdelmaestrocmf.com\/portal\/wp-content\/uploads\/2025\/10\/1A-Banner-1-portada-imagen-10-1-copia.jpg?resize=525%2C300&ssl=1 1.5x, https:\/\/i0.wp.com\/webdelmaestrocmf.com\/portal\/wp-content\/uploads\/2025\/10\/1A-Banner-1-portada-imagen-10-1-copia.jpg?resize=700%2C400&ssl=1 2x"},"classes":[]},{"id":111981,"url":"https:\/\/webdelmaestrocmf.com\/portal\/barberias-en-el-salvador-la-otra-cara-de-la-disciplina-escolar\/","url_meta":{"origin":111950,"position":4},"title":"Barber\u00edas en El Salvador: la otra cara de la disciplina escolar","author":"Web del Maestro CMF","date":"23 agosto, 2025","format":false,"excerpt":"Las nuevas disposiciones disciplinarias en El Salvador impulsaron la demanda en barber\u00edas, donde estudiantes buscan cumplir con cortes y presentaci\u00f3n escolar.","rel":"","context":"En \u00abNoticias Internacionales\u00bb","block_context":{"text":"Noticias Internacionales","link":"https:\/\/webdelmaestrocmf.com\/portal\/category\/noticias-internacionales\/"},"img":{"alt_text":"","src":"https:\/\/i0.wp.com\/webdelmaestrocmf.com\/portal\/wp-content\/uploads\/2025\/08\/1A-Banner-1-portada-imagen-10-1-copia-11-1.webp?resize=350%2C200&ssl=1","width":350,"height":200,"srcset":"https:\/\/i0.wp.com\/webdelmaestrocmf.com\/portal\/wp-content\/uploads\/2025\/08\/1A-Banner-1-portada-imagen-10-1-copia-11-1.webp?resize=350%2C200&ssl=1 1x, https:\/\/i0.wp.com\/webdelmaestrocmf.com\/portal\/wp-content\/uploads\/2025\/08\/1A-Banner-1-portada-imagen-10-1-copia-11-1.webp?resize=525%2C300&ssl=1 1.5x, https:\/\/i0.wp.com\/webdelmaestrocmf.com\/portal\/wp-content\/uploads\/2025\/08\/1A-Banner-1-portada-imagen-10-1-copia-11-1.webp?resize=700%2C400&ssl=1 2x"},"classes":[]},{"id":112425,"url":"https:\/\/webdelmaestrocmf.com\/portal\/bukele-prohibe-el-lenguaje-inclusivo-en-escuelas-de-el-salvador\/","url_meta":{"origin":111950,"position":5},"title":"Bukele proh\u00edbe el \u00ablenguaje inclusivo\u00bb en escuelas de El Salvador","author":"Web del Maestro CMF","date":"3 octubre, 2025","format":false,"excerpt":"\"Desde hoy queda prohibido el mal llamado 'lenguaje inclusivo' en todos los centros educativos p\u00fablicos de nuestro pa\u00eds\", afirm\u00f3 el mandatario en X.","rel":"","context":"En \u00abNoticias Internacionales\u00bb","block_context":{"text":"Noticias Internacionales","link":"https:\/\/webdelmaestrocmf.com\/portal\/category\/noticias-internacionales\/"},"img":{"alt_text":"","src":"https:\/\/i0.wp.com\/webdelmaestrocmf.com\/portal\/wp-content\/uploads\/2025\/10\/1A-Banner-1-portada-imagen-10-1-copia-3.webp?resize=350%2C200&ssl=1","width":350,"height":200,"srcset":"https:\/\/i0.wp.com\/webdelmaestrocmf.com\/portal\/wp-content\/uploads\/2025\/10\/1A-Banner-1-portada-imagen-10-1-copia-3.webp?resize=350%2C200&ssl=1 1x, https:\/\/i0.wp.com\/webdelmaestrocmf.com\/portal\/wp-content\/uploads\/2025\/10\/1A-Banner-1-portada-imagen-10-1-copia-3.webp?resize=525%2C300&ssl=1 1.5x, https:\/\/i0.wp.com\/webdelmaestrocmf.com\/portal\/wp-content\/uploads\/2025\/10\/1A-Banner-1-portada-imagen-10-1-copia-3.webp?resize=700%2C400&ssl=1 2x"},"classes":[]}],"_links":{"self":[{"href":"https:\/\/webdelmaestrocmf.com\/portal\/wp-json\/wp\/v2\/posts\/111950","targetHints":{"allow":["GET"]}}],"collection":[{"href":"https:\/\/webdelmaestrocmf.com\/portal\/wp-json\/wp\/v2\/posts"}],"about":[{"href":"https:\/\/webdelmaestrocmf.com\/portal\/wp-json\/wp\/v2\/types\/post"}],"author":[{"embeddable":true,"href":"https:\/\/webdelmaestrocmf.com\/portal\/wp-json\/wp\/v2\/users\/1"}],"replies":[{"embeddable":true,"href":"https:\/\/webdelmaestrocmf.com\/portal\/wp-json\/wp\/v2\/comments?post=111950"}],"version-history":[{"count":1,"href":"https:\/\/webdelmaestrocmf.com\/portal\/wp-json\/wp\/v2\/posts\/111950\/revisions"}],"predecessor-version":[{"id":111956,"href":"https:\/\/webdelmaestrocmf.com\/portal\/wp-json\/wp\/v2\/posts\/111950\/revisions\/111956"}],"wp:featuredmedia":[{"embeddable":true,"href":"https:\/\/webdelmaestrocmf.com\/portal\/wp-json\/wp\/v2\/media\/111955"}],"wp:attachment":[{"href":"https:\/\/webdelmaestrocmf.com\/portal\/wp-json\/wp\/v2\/media?parent=111950"}],"wp:term":[{"taxonomy":"category","embeddable":true,"href":"https:\/\/webdelmaestrocmf.com\/portal\/wp-json\/wp\/v2\/categories?post=111950"},{"taxonomy":"post_tag","embeddable":true,"href":"https:\/\/webdelmaestrocmf.com\/portal\/wp-json\/wp\/v2\/tags?post=111950"}],"curies":[{"name":"wp","href":"https:\/\/api.w.org\/{rel}","templated":true}]}}