{"id":111932,"date":"2025-08-20T00:53:49","date_gmt":"2025-08-20T04:53:49","guid":{"rendered":"https:\/\/webdelmaestrocmf.com\/portal\/?p=111932"},"modified":"2025-08-20T01:00:41","modified_gmt":"2025-08-20T05:00:41","slug":"un-avance-cientifico-prometedor-japon-logra-eliminar-el-cromosoma-extra-que-causa-el-sindrome-de-down-en-celulas-de-laboratorio","status":"publish","type":"post","link":"https:\/\/webdelmaestrocmf.com\/portal\/un-avance-cientifico-prometedor-japon-logra-eliminar-el-cromosoma-extra-que-causa-el-sindrome-de-down-en-celulas-de-laboratorio\/","title":{"rendered":"Un avance cient\u00edfico prometedor: Jap\u00f3n logra eliminar el cromosoma extra que causa el s\u00edndrome de Down en c\u00e9lulas de laboratorio"},"content":{"rendered":"\n<p>El s\u00edndrome de Down, conocido m\u00e9dicamente como trisom\u00eda 21, es una condici\u00f3n gen\u00e9tica causada por la presencia de una copia adicional del cromosoma 21. Este exceso de material gen\u00e9tico afecta el desarrollo f\u00edsico e intelectual de las personas y, aunque existen m\u00faltiples programas de apoyo e inclusi\u00f3n, no hab\u00eda hasta ahora un procedimiento capaz de corregir la anomal\u00eda gen\u00e9tica en su origen. <\/p>\n\n\n\n<p>Sin embargo, un reciente avance de cient\u00edficos japoneses ha abierto una puerta a nuevas posibilidades: por primera vez, se logr\u00f3 <strong>eliminar la copia extra del cromosoma 21 en c\u00e9lulas humanas cultivadas en laboratorio<\/strong> mediante edici\u00f3n gen\u00e9tica.<\/p>\n\n\n\n<iframe loading=\"lazy\" width=\"100%\" height=\"315\" src=\"https:\/\/www.youtube.com\/embed\/cydhX9yQx0U?si=MRiFrfFjbn5JZCz_\" title=\"YouTube video player\" frameborder=\"0\" allow=\"accelerometer; autoplay; clipboard-write; encrypted-media; gyroscope; picture-in-picture; web-share\" referrerpolicy=\"strict-origin-when-cross-origin\" allowfullscreen><\/iframe>\n\n\n\n<h3 class=\"wp-block-heading\"><strong>El estudio y sus resultados<\/strong><\/h3>\n\n\n\n<p>El equipo de investigaci\u00f3n, liderado por el doctor <strong>Ryotaro Hashizume<\/strong> en la <strong>Universidad de Mie (Jap\u00f3n)<\/strong>, public\u00f3 en la revista <em>PNAS Nexus<\/em> un estudio en el que describe una t\u00e9cnica innovadora basada en el sistema <strong>CRISPR-Cas9<\/strong>. La estrategia consisti\u00f3 en aplicar un m\u00e9todo de <strong>corte espec\u00edfico por alelo<\/strong>, lo que permiti\u00f3 identificar y suprimir la copia adicional del cromosoma sin afectar a los otros dos cromosomas 21 presentes en las c\u00e9lulas.<\/p>\n\n\n\n<p>Los experimentos se realizaron en dos tipos de c\u00e9lulas humanas con trisom\u00eda 21:<\/p>\n\n\n\n<ul class=\"wp-block-list\">\n<li><strong>C\u00e9lulas madre pluripotentes inducidas (iPSCs)<\/strong>, donde se logr\u00f3 una tasa de correcci\u00f3n de hasta <strong>37,5 %<\/strong>.<\/li>\n\n\n\n<li><strong>Fibroblastos (c\u00e9lulas de piel)<\/strong>, en los que la tasa de \u00e9xito fue menor, alrededor de <strong>13,9 %<\/strong>.<\/li>\n<\/ul>\n\n\n\n<p>A pesar de las diferencias en eficacia, los resultados fueron consistentes: las c\u00e9lulas que recuperaron el n\u00famero correcto de cromosomas mostraron <strong>mejoras notables en su funcionamiento celular<\/strong>, incluyendo mayor velocidad de proliferaci\u00f3n, menor estr\u00e9s interno y una regulaci\u00f3n g\u00e9nica m\u00e1s equilibrada.<\/p>\n\n\n\n<h3 class=\"wp-block-heading\"><strong>Significado del hallazgo<\/strong><\/h3>\n\n\n\n<p>La eliminaci\u00f3n de la copia extra del cromosoma 21 supuso un <strong>\u201crescate gen\u00f3mico\u201d<\/strong>: las c\u00e9lulas pasaron de un estado tris\u00f3mico (tres copias) a uno dis\u00f3mico (dos copias normales). Esto se reflej\u00f3 en una normalizaci\u00f3n de la expresi\u00f3n de genes clave relacionados con el desarrollo del sistema nervioso y el metabolismo. En otras palabras, las c\u00e9lulas corrigieron algunas de las alteraciones biol\u00f3gicas que caracterizan al s\u00edndrome de Down.<\/p>\n\n\n\n<p>Este hallazgo constituye un <strong>hito cient\u00edfico<\/strong>, pues demuestra que es posible revertir la anomal\u00eda cromos\u00f3mica que origina la condici\u00f3n. Aunque todav\u00eda se trata de resultados preliminares, representa una prueba de concepto que abre nuevas perspectivas en la investigaci\u00f3n gen\u00e9tica.<\/p>\n\n\n\n<h3 class=\"wp-block-heading\"><strong>Limitaciones actuales<\/strong><\/h3>\n\n\n\n<p>A pesar de la relevancia del descubrimiento, es fundamental subrayar que se trata de un avance <strong>limitado al laboratorio<\/strong>. No se ha aplicado en organismos vivos ni en seres humanos. Adem\u00e1s, la t\u00e9cnica presenta desaf\u00edos significativos:<\/p>\n\n\n\n<ul class=\"wp-block-list\">\n<li><strong>Precisi\u00f3n y seguridad<\/strong>: la edici\u00f3n gen\u00e9tica a\u00fan puede generar errores o afectar a otros cromosomas.<\/li>\n\n\n\n<li><strong>Eficacia desigual<\/strong>: la tasa de correcci\u00f3n var\u00eda entre distintos tipos de c\u00e9lulas.<\/li>\n\n\n\n<li><strong>Falta de ensayos en modelos vivos<\/strong>: todav\u00eda no se ha probado en animales ni mucho menos en personas.<\/li>\n<\/ul>\n\n\n\n<p>Por estas razones, <strong>no puede considerarse una \u201ccura\u201d inmediata del s\u00edndrome de Down<\/strong>, sino un paso temprano en una posible l\u00ednea de investigaci\u00f3n terap\u00e9utica futura.<\/p>\n\n\n\n<h3 class=\"wp-block-heading\"><strong>Implicaciones \u00e9ticas y sociales<\/strong><\/h3>\n\n\n\n<p>M\u00e1s all\u00e1 de los aspectos t\u00e9cnicos, este avance plantea <strong>profundos dilemas \u00e9ticos<\/strong>. \u00bfHasta qu\u00e9 punto es v\u00e1lido intervenir en la estructura gen\u00e9tica de un ser humano para \u201ccorregir\u201d condiciones como el s\u00edndrome de Down? \u00bfQu\u00e9 significar\u00eda para las comunidades y familias que hoy valoran la diversidad y la inclusi\u00f3n de las personas con esta condici\u00f3n?<\/p>\n\n\n\n<p>Los cient\u00edficos coinciden en que, antes de cualquier aplicaci\u00f3n cl\u00ednica, ser\u00e1 necesario un amplio debate social y \u00e9tico que incluya a expertos, familiares y personas con s\u00edndrome de Down. Adem\u00e1s, se debe garantizar que la ciencia no derive en pr\u00e1cticas de eugenesia o en la discriminaci\u00f3n de quienes ya viven con esta condici\u00f3n.<\/p>\n\n\n\n<p>El logro de los investigadores japoneses representa un <strong>avance sin precedentes en la gen\u00e9tica moderna<\/strong>: la eliminaci\u00f3n de la copia adicional del cromosoma 21 en c\u00e9lulas humanas cultivadas en laboratorio. Aunque todav\u00eda se encuentra en una fase experimental y con importantes limitaciones, este estudio abre nuevas perspectivas para comprender mejor el s\u00edndrome de Down y, eventualmente, explorar posibles terapias en el futuro.<\/p>\n\n\n\n<p>No obstante, cualquier desarrollo en este campo deber\u00e1 avanzar con cautela, con una base s\u00f3lida de evidencia cient\u00edfica y bajo un marco \u00e9tico riguroso que priorice siempre la dignidad y el valor de cada vida humana.<\/p>\n\n\n\n<p class=\"has-text-align-right\"><strong>Redacci\u00f3n | Web del Maestro CMF<\/strong><\/p>\n\n\n\t\t<div class=\"pk-inline-posts\">\n\t\t\t\n\t\t\t<div class=\"pk-inline-posts-container pk-inline-posts-template-list\"\n\t\t\t\tdata-columns=\"1\">\n\t\t\t\t\t\t<article id=\"post-114355\" class=\"post-114355 post type-post status-publish format-standard has-post-thumbnail category-docentes category-noticias-pedagogia category-pedagogia tag-derechos-del-nino tag-docentes-en-redes-sociales tag-educacion-responsable tag-etica-docente tag-legislacion-educativa tag-privacidad-infantil tag-profesores-influencers tag-proteccion-de-datos tag-uso-de-imagen cs-entry cs-video-wrap\">\n\t\t\t<div class=\"pk-post-outer\">\n\n\t\t\t\t\t\t\t\t<div class=\"pk-post-inner\">\n\t\t\t\t\t<div class=\"entry-thumbnail\">\n\t\t\t\t\t\t<div class=\"pk-overlay pk-overlay-ratio pk-ratio-landscape\">\n\t\t\t\t\t\t\t<div class=\"pk-overlay-background\">\n\t\t\t\t\t\t\t\t<a href=\"https:\/\/webdelmaestrocmf.com\/portal\/atencion-profesores-tiktokers-por-que-no-pueden-usar-imagenes-fotos-de-sus-estudiantes-en-redes-sociales-personales\/\" class=\"pk-overlay-link\">\n\t\t\t\t\t\t\t\t\t<img loading=\"lazy\" decoding=\"async\" width=\"300\" height=\"225\" src=\"https:\/\/webdelmaestrocmf.com\/portal\/wp-content\/uploads\/2025\/12\/1A-Banner-1-portada-imagen-10-1-copia-1-18-300x225.webp\" class=\"attachment-pk-thumbnail size-pk-thumbnail wp-post-image\" alt=\"\" \/>\t\t\t\t\t\t\t\t<\/a>\n\t\t\t\t\t\t\t<\/div>\n\t\t\t\t\t\t<\/div>\n\t\t\t\t\t<\/div>\n\t\t\t\t<\/div>\n\t\t\t\t\n\t\t\t\t<div class=\"pk-post-inner\">\n\t\t\t\t\t<header>\n\t\t\t\t\t\t<h3 class=\"pk-title\"><a href=\"https:\/\/webdelmaestrocmf.com\/portal\/atencion-profesores-tiktokers-por-que-no-pueden-usar-imagenes-fotos-de-sus-estudiantes-en-redes-sociales-personales\/\" rel=\"bookmark\">Atenci\u00f3n, profesores tiktokers: por qu\u00e9 no pueden usar im\u00e1genes (fotos) de sus estudiantes en redes sociales personales<\/a><\/h3>\t\t\t\t\t<\/header><!-- .entry-header -->\n\t\t\t\t<\/div><!-- .post-inner -->\n\n\t\t\t<\/div><!-- .post-outer -->\n\t\t<\/article>\n\t\t\t<article id=\"post-112860\" class=\"post-112860 post type-post status-publish format-standard has-post-thumbnail category-noticias-pedagogia category-pedagogia tag-aciertov tag-atencion-2 tag-busca tag-conciencia tag-despertar tag-exageracion tag-llamado tag-profesor cs-entry cs-video-wrap\">\n\t\t\t<div class=\"pk-post-outer\">\n\n\t\t\t\t\t\t\t\t<div class=\"pk-post-inner\">\n\t\t\t\t\t<div class=\"entry-thumbnail\">\n\t\t\t\t\t\t<div class=\"pk-overlay pk-overlay-ratio pk-ratio-landscape\">\n\t\t\t\t\t\t\t<div class=\"pk-overlay-background\">\n\t\t\t\t\t\t\t\t<a href=\"https:\/\/webdelmaestrocmf.com\/portal\/exageracion-o-acierto-el-llamado-de-atencion-de-un-profesor-que-busca-despertar-conciencia\/\" class=\"pk-overlay-link\">\n\t\t\t\t\t\t\t\t\t<img loading=\"lazy\" decoding=\"async\" width=\"300\" height=\"225\" src=\"https:\/\/webdelmaestrocmf.com\/portal\/wp-content\/uploads\/2025\/10\/1A-Banner-1-portada-imagen-10-1-copia-2-2-300x225.webp\" class=\"attachment-pk-thumbnail size-pk-thumbnail wp-post-image\" alt=\"\" \/>\t\t\t\t\t\t\t\t<\/a>\n\t\t\t\t\t\t\t<\/div>\n\t\t\t\t\t\t<\/div>\n\t\t\t\t\t<\/div>\n\t\t\t\t<\/div>\n\t\t\t\t\n\t\t\t\t<div class=\"pk-post-inner\">\n\t\t\t\t\t<header>\n\t\t\t\t\t\t<h3 class=\"pk-title\"><a href=\"https:\/\/webdelmaestrocmf.com\/portal\/exageracion-o-acierto-el-llamado-de-atencion-de-un-profesor-que-busca-despertar-conciencia\/\" rel=\"bookmark\">\u00bfExageraci\u00f3n o acierto? El llamado de atenci\u00f3n de un profesor que busca despertar conciencia: \u00a1Por favor dejar de ver las redes sociales!<\/a><\/h3>\t\t\t\t\t<\/header><!-- .entry-header -->\n\t\t\t\t<\/div><!-- .post-inner -->\n\n\t\t\t<\/div><!-- .post-outer -->\n\t\t<\/article>\n\t\t\t<article id=\"post-112674\" class=\"post-112674 post type-post status-publish format-standard has-post-thumbnail category-noticias-pedagogia category-pedagogia tag-critica tag-fuerte tag-infantil tag-profesora cs-entry cs-video-wrap\">\n\t\t\t<div class=\"pk-post-outer\">\n\n\t\t\t\t\t\t\t\t<div class=\"pk-post-inner\">\n\t\t\t\t\t<div class=\"entry-thumbnail\">\n\t\t\t\t\t\t<div class=\"pk-overlay pk-overlay-ratio pk-ratio-landscape\">\n\t\t\t\t\t\t\t<div class=\"pk-overlay-background\">\n\t\t\t\t\t\t\t\t<a href=\"https:\/\/webdelmaestrocmf.com\/portal\/fuerte-critica-de-una-profesora-de-infantil-las-escuelas-del-siglo-xxi-no-pueden-tener-aulas-del-siglo-pasado-de-poco-me-va-a-servir-que-me-pongan-una-pizarra-digital\/\" class=\"pk-overlay-link\">\n\t\t\t\t\t\t\t\t\t<img loading=\"lazy\" decoding=\"async\" width=\"300\" height=\"225\" src=\"https:\/\/webdelmaestrocmf.com\/portal\/wp-content\/uploads\/2025\/10\/1A-Banner-1-portada-imagen-10-1-copia-9-1-300x225.webp\" class=\"attachment-pk-thumbnail size-pk-thumbnail wp-post-image\" alt=\"\" \/>\t\t\t\t\t\t\t\t<\/a>\n\t\t\t\t\t\t\t<\/div>\n\t\t\t\t\t\t<\/div>\n\t\t\t\t\t<\/div>\n\t\t\t\t<\/div>\n\t\t\t\t\n\t\t\t\t<div class=\"pk-post-inner\">\n\t\t\t\t\t<header>\n\t\t\t\t\t\t<h3 class=\"pk-title\"><a href=\"https:\/\/webdelmaestrocmf.com\/portal\/fuerte-critica-de-una-profesora-de-infantil-las-escuelas-del-siglo-xxi-no-pueden-tener-aulas-del-siglo-pasado-de-poco-me-va-a-servir-que-me-pongan-una-pizarra-digital\/\" rel=\"bookmark\">Fuerte cr\u00edtica de una profesora de infantil: Las escuelas del siglo XXI no pueden tener aulas del siglo pasado: \u201cDe poco me va a servir que me pongan una pizarra digital\u201d<\/a><\/h3>\t\t\t\t\t<\/header><!-- .entry-header -->\n\t\t\t\t<\/div><!-- .post-inner -->\n\n\t\t\t<\/div><!-- .post-outer -->\n\t\t<\/article>\n\t\t\t\t<\/div>\n\t\t<\/div>\n\t\t\n","protected":false},"excerpt":{"rendered":"Aunque por ahora solo funciona en c\u00e9lulas de laboratorio\ny no en humanos.","protected":false},"author":1,"featured_media":111933,"comment_status":"open","ping_status":"closed","sticky":false,"template":"","format":"standard","meta":{"csco_display_header_overlay":false,"csco_singular_sidebar":"","csco_page_header_type":"","csco_page_load_nextpost":"","csco_post_video_location":[],"csco_post_video_location_hash":"","csco_post_video_url":"","csco_post_video_bg_start_time":0,"csco_post_video_bg_end_time":0,"csco_post_video_bg_volume":false,"_jetpack_memberships_contains_paid_content":false,"footnotes":""},"categories":[5375,735],"tags":[24120,24121,3531,24118,24122],"class_list":{"0":"post-111932","1":"post","2":"type-post","3":"status-publish","4":"format-standard","5":"has-post-thumbnail","7":"category-noticias-pedagogia","8":"category-pedagogia","9":"tag-cromosoma","10":"tag-cromosoma-21","11":"tag-eliminar","12":"tag-japon-2","13":"tag-sindrome-de-down","14":"cs-entry","15":"cs-video-wrap"},"yoast_head":"<!-- This site is optimized with the Yoast SEO plugin v27.5 - https:\/\/yoast.com\/product\/yoast-seo-wordpress\/ -->\n<title>Un avance cient\u00edfico prometedor: Jap\u00f3n logra eliminar el cromosoma extra que causa el s\u00edndrome de Down en c\u00e9lulas de laboratorio - 2026<\/title>\n<meta name=\"description\" content=\"El s\u00edndrome de Down, conocido m\u00e9dicamente como trisom\u00eda 21, es una condici\u00f3n gen\u00e9tica causada por la presencia de una copia...\" \/>\n<meta name=\"robots\" content=\"index, follow, max-snippet:-1, max-image-preview:large, max-video-preview:-1\" \/>\n<link rel=\"canonical\" href=\"https:\/\/webdelmaestrocmf.com\/portal\/un-avance-cientifico-prometedor-japon-logra-eliminar-el-cromosoma-extra-que-causa-el-sindrome-de-down-en-celulas-de-laboratorio\/\" \/>\n<meta property=\"og:locale\" content=\"es_ES\" \/>\n<meta property=\"og:type\" content=\"article\" \/>\n<meta property=\"og:title\" content=\"Un avance cient\u00edfico prometedor: Jap\u00f3n logra eliminar el cromosoma extra que causa el s\u00edndrome de Down en c\u00e9lulas de laboratorio - 2026\" \/>\n<meta property=\"og:description\" content=\"El s\u00edndrome de Down, conocido m\u00e9dicamente como trisom\u00eda 21, es una condici\u00f3n gen\u00e9tica causada por la presencia de una copia...\" \/>\n<meta property=\"og:url\" content=\"https:\/\/webdelmaestrocmf.com\/portal\/un-avance-cientifico-prometedor-japon-logra-eliminar-el-cromosoma-extra-que-causa-el-sindrome-de-down-en-celulas-de-laboratorio\/\" \/>\n<meta property=\"og:site_name\" content=\"Web del Maestro CMF\" \/>\n<meta property=\"article:publisher\" content=\"https:\/\/www.facebook.com\/WebdelMaestroCMF\/\" \/>\n<meta property=\"article:author\" content=\"https:\/\/www.facebook.com\/WebdelMaestroCMF\/\" \/>\n<meta property=\"article:published_time\" content=\"2025-08-20T04:53:49+00:00\" \/>\n<meta property=\"article:modified_time\" content=\"2025-08-20T05:00:41+00:00\" \/>\n<meta property=\"og:image\" content=\"https:\/\/webdelmaestrocmf.com\/portal\/wp-content\/uploads\/2025\/08\/1A-Banner-1-portada-imagen-10-1-copia-8.webp\" \/>\n\t<meta property=\"og:image:width\" content=\"1003\" \/>\n\t<meta property=\"og:image:height\" content=\"667\" \/>\n\t<meta property=\"og:image:type\" content=\"image\/webp\" \/>\n<meta name=\"author\" content=\"Web del Maestro CMF\" \/>\n<meta name=\"twitter:card\" content=\"summary_large_image\" \/>\n<meta name=\"twitter:creator\" content=\"@cmf_w\" \/>\n<meta name=\"twitter:site\" content=\"@cmf_w\" \/>\n<script type=\"application\/ld+json\" class=\"yoast-schema-graph\">{\"@context\":\"https:\\\/\\\/schema.org\",\"@graph\":[{\"@type\":\"ScholarlyArticle\",\"@id\":\"https:\\\/\\\/webdelmaestrocmf.com\\\/portal\\\/un-avance-cientifico-prometedor-japon-logra-eliminar-el-cromosoma-extra-que-causa-el-sindrome-de-down-en-celulas-de-laboratorio\\\/#article\",\"isPartOf\":{\"@id\":\"https:\\\/\\\/webdelmaestrocmf.com\\\/portal\\\/un-avance-cientifico-prometedor-japon-logra-eliminar-el-cromosoma-extra-que-causa-el-sindrome-de-down-en-celulas-de-laboratorio\\\/\"},\"author\":{\"name\":\"Web del Maestro CMF\",\"@id\":\"https:\\\/\\\/webdelmaestrocmf.com\\\/portal\\\/#\\\/schema\\\/person\\\/1072a2ed7bd960df8ef99a551fa35dc5\"},\"headline\":\"Un avance cient\u00edfico prometedor: Jap\u00f3n logra eliminar el cromosoma extra que causa el s\u00edndrome de Down en c\u00e9lulas de laboratorio\",\"datePublished\":\"2025-08-20T04:53:49+00:00\",\"dateModified\":\"2025-08-20T05:00:41+00:00\",\"mainEntityOfPage\":{\"@id\":\"https:\\\/\\\/webdelmaestrocmf.com\\\/portal\\\/un-avance-cientifico-prometedor-japon-logra-eliminar-el-cromosoma-extra-que-causa-el-sindrome-de-down-en-celulas-de-laboratorio\\\/\"},\"wordCount\":799,\"commentCount\":0,\"publisher\":{\"@id\":\"https:\\\/\\\/webdelmaestrocmf.com\\\/portal\\\/#organization\"},\"image\":{\"@id\":\"https:\\\/\\\/webdelmaestrocmf.com\\\/portal\\\/un-avance-cientifico-prometedor-japon-logra-eliminar-el-cromosoma-extra-que-causa-el-sindrome-de-down-en-celulas-de-laboratorio\\\/#primaryimage\"},\"thumbnailUrl\":\"https:\\\/\\\/webdelmaestrocmf.com\\\/portal\\\/wp-content\\\/uploads\\\/2025\\\/08\\\/1A-Banner-1-portada-imagen-10-1-copia-8.webp\",\"keywords\":[\"cromosoma\",\"cromosoma 21\",\"ELIMINAR\",\"Jap\u00f3n\",\"s\u00edndrome de Down\"],\"articleSection\":[\"Noticias\",\"Recursos\"],\"inLanguage\":\"es\",\"potentialAction\":[{\"@type\":\"CommentAction\",\"name\":\"Comment\",\"target\":[\"https:\\\/\\\/webdelmaestrocmf.com\\\/portal\\\/un-avance-cientifico-prometedor-japon-logra-eliminar-el-cromosoma-extra-que-causa-el-sindrome-de-down-en-celulas-de-laboratorio\\\/#respond\"]}]},{\"@type\":\"WebPage\",\"@id\":\"https:\\\/\\\/webdelmaestrocmf.com\\\/portal\\\/un-avance-cientifico-prometedor-japon-logra-eliminar-el-cromosoma-extra-que-causa-el-sindrome-de-down-en-celulas-de-laboratorio\\\/\",\"url\":\"https:\\\/\\\/webdelmaestrocmf.com\\\/portal\\\/un-avance-cientifico-prometedor-japon-logra-eliminar-el-cromosoma-extra-que-causa-el-sindrome-de-down-en-celulas-de-laboratorio\\\/\",\"name\":\"Un avance cient\u00edfico prometedor: Jap\u00f3n logra eliminar el cromosoma extra que causa el s\u00edndrome de Down en c\u00e9lulas de laboratorio - 2026\",\"isPartOf\":{\"@id\":\"https:\\\/\\\/webdelmaestrocmf.com\\\/portal\\\/#website\"},\"primaryImageOfPage\":{\"@id\":\"https:\\\/\\\/webdelmaestrocmf.com\\\/portal\\\/un-avance-cientifico-prometedor-japon-logra-eliminar-el-cromosoma-extra-que-causa-el-sindrome-de-down-en-celulas-de-laboratorio\\\/#primaryimage\"},\"image\":{\"@id\":\"https:\\\/\\\/webdelmaestrocmf.com\\\/portal\\\/un-avance-cientifico-prometedor-japon-logra-eliminar-el-cromosoma-extra-que-causa-el-sindrome-de-down-en-celulas-de-laboratorio\\\/#primaryimage\"},\"thumbnailUrl\":\"https:\\\/\\\/webdelmaestrocmf.com\\\/portal\\\/wp-content\\\/uploads\\\/2025\\\/08\\\/1A-Banner-1-portada-imagen-10-1-copia-8.webp\",\"datePublished\":\"2025-08-20T04:53:49+00:00\",\"dateModified\":\"2025-08-20T05:00:41+00:00\",\"description\":\"El s\u00edndrome de Down, conocido m\u00e9dicamente como trisom\u00eda 21, es una condici\u00f3n gen\u00e9tica causada por la presencia de una copia...\",\"breadcrumb\":{\"@id\":\"https:\\\/\\\/webdelmaestrocmf.com\\\/portal\\\/un-avance-cientifico-prometedor-japon-logra-eliminar-el-cromosoma-extra-que-causa-el-sindrome-de-down-en-celulas-de-laboratorio\\\/#breadcrumb\"},\"inLanguage\":\"es\",\"potentialAction\":[{\"@type\":\"ReadAction\",\"target\":[\"https:\\\/\\\/webdelmaestrocmf.com\\\/portal\\\/un-avance-cientifico-prometedor-japon-logra-eliminar-el-cromosoma-extra-que-causa-el-sindrome-de-down-en-celulas-de-laboratorio\\\/\"]}]},{\"@type\":\"ImageObject\",\"inLanguage\":\"es\",\"@id\":\"https:\\\/\\\/webdelmaestrocmf.com\\\/portal\\\/un-avance-cientifico-prometedor-japon-logra-eliminar-el-cromosoma-extra-que-causa-el-sindrome-de-down-en-celulas-de-laboratorio\\\/#primaryimage\",\"url\":\"https:\\\/\\\/webdelmaestrocmf.com\\\/portal\\\/wp-content\\\/uploads\\\/2025\\\/08\\\/1A-Banner-1-portada-imagen-10-1-copia-8.webp\",\"contentUrl\":\"https:\\\/\\\/webdelmaestrocmf.com\\\/portal\\\/wp-content\\\/uploads\\\/2025\\\/08\\\/1A-Banner-1-portada-imagen-10-1-copia-8.webp\",\"width\":1003,\"height\":667},{\"@type\":\"BreadcrumbList\",\"@id\":\"https:\\\/\\\/webdelmaestrocmf.com\\\/portal\\\/un-avance-cientifico-prometedor-japon-logra-eliminar-el-cromosoma-extra-que-causa-el-sindrome-de-down-en-celulas-de-laboratorio\\\/#breadcrumb\",\"itemListElement\":[{\"@type\":\"ListItem\",\"position\":1,\"name\":\"Portada\",\"item\":\"https:\\\/\\\/webdelmaestrocmf.com\\\/portal\\\/\"},{\"@type\":\"ListItem\",\"position\":2,\"name\":\"Recursos\",\"item\":\"https:\\\/\\\/webdelmaestrocmf.com\\\/portal\\\/category\\\/pedagogia\\\/\"},{\"@type\":\"ListItem\",\"position\":3,\"name\":\"Un avance cient\u00edfico prometedor: Jap\u00f3n logra eliminar el cromosoma extra que causa el s\u00edndrome de Down en c\u00e9lulas de laboratorio\"}]},{\"@type\":\"WebSite\",\"@id\":\"https:\\\/\\\/webdelmaestrocmf.com\\\/portal\\\/#website\",\"url\":\"https:\\\/\\\/webdelmaestrocmf.com\\\/portal\\\/\",\"name\":\"Web del Maestro CMF\",\"description\":\"Maestros al servicio de la educaci\u00f3n\",\"publisher\":{\"@id\":\"https:\\\/\\\/webdelmaestrocmf.com\\\/portal\\\/#organization\"},\"alternateName\":\"WMCMF\",\"potentialAction\":[{\"@type\":\"SearchAction\",\"target\":{\"@type\":\"EntryPoint\",\"urlTemplate\":\"https:\\\/\\\/webdelmaestrocmf.com\\\/portal\\\/?s={search_term_string}\"},\"query-input\":{\"@type\":\"PropertyValueSpecification\",\"valueRequired\":true,\"valueName\":\"search_term_string\"}}],\"inLanguage\":\"es\"},{\"@type\":\"Organization\",\"@id\":\"https:\\\/\\\/webdelmaestrocmf.com\\\/portal\\\/#organization\",\"name\":\"Web del Maestro CMF\",\"alternateName\":\"WMCMF\",\"url\":\"https:\\\/\\\/webdelmaestrocmf.com\\\/portal\\\/\",\"logo\":{\"@type\":\"ImageObject\",\"inLanguage\":\"es\",\"@id\":\"https:\\\/\\\/webdelmaestrocmf.com\\\/portal\\\/#\\\/schema\\\/logo\\\/image\\\/\",\"url\":\"https:\\\/\\\/webdelmaestrocmf.com\\\/portal\\\/wp-content\\\/uploads\\\/2023\\\/01\\\/logo-wmcmf-2.png\",\"contentUrl\":\"https:\\\/\\\/webdelmaestrocmf.com\\\/portal\\\/wp-content\\\/uploads\\\/2023\\\/01\\\/logo-wmcmf-2.png\",\"width\":200,\"height\":60,\"caption\":\"Web del Maestro CMF\"},\"image\":{\"@id\":\"https:\\\/\\\/webdelmaestrocmf.com\\\/portal\\\/#\\\/schema\\\/logo\\\/image\\\/\"},\"sameAs\":[\"https:\\\/\\\/www.facebook.com\\\/WebdelMaestroCMF\\\/\",\"https:\\\/\\\/x.com\\\/cmf_w\",\"https:\\\/\\\/www.pinterest.com\\\/WMCMF\\\/\",\"https:\\\/\\\/www.linkedin.com\\\/company\\\/web-del-maestro-cmf\\\/\",\"https:\\\/\\\/www.instagram.com\\\/wmcmf\\\/\",\"https:\\\/\\\/www.youtube.com\\\/channel\\\/UCDPSvjbdodE5sHnC3OxutHw\",\"https:\\\/\\\/mastodon.social\\\/@wmcmf\",\"https:\\\/\\\/www.tiktok.com\\\/@webdelmaestrocmf\"]},{\"@type\":\"Person\",\"@id\":\"https:\\\/\\\/webdelmaestrocmf.com\\\/portal\\\/#\\\/schema\\\/person\\\/1072a2ed7bd960df8ef99a551fa35dc5\",\"name\":\"Web del Maestro CMF\",\"image\":{\"@type\":\"ImageObject\",\"inLanguage\":\"es\",\"@id\":\"https:\\\/\\\/secure.gravatar.com\\\/avatar\\\/23291dd5b5ae1077dcff3dbb04c3e02bd28403fa75af6d8787d5e97c5bbbe30b?s=96&d=mm&r=g\",\"url\":\"https:\\\/\\\/secure.gravatar.com\\\/avatar\\\/23291dd5b5ae1077dcff3dbb04c3e02bd28403fa75af6d8787d5e97c5bbbe30b?s=96&d=mm&r=g\",\"contentUrl\":\"https:\\\/\\\/secure.gravatar.com\\\/avatar\\\/23291dd5b5ae1077dcff3dbb04c3e02bd28403fa75af6d8787d5e97c5bbbe30b?s=96&d=mm&r=g\",\"caption\":\"Web del Maestro CMF\"},\"description\":\"Esta Web se cre\u00f3 sin fines de lucro, con fines educativos, cient\u00edficos y acad\u00e9micos, para personas que tengan dificultades y\\\/o inconvenientes en visualizar el material original. El objetivo es entregar recursos, compartir experiencias y materiales que ayuden a los padres de familia, maestros y estudiantes en su actualizaci\u00f3n y formaci\u00f3n permanente, en bien de la Educaci\u00f3n.\",\"sameAs\":[\"http:\\\/\\\/webdelmaestrocmf.com\\\/portal\",\"https:\\\/\\\/www.facebook.com\\\/WebdelMaestroCMF\\\/\",\"https:\\\/\\\/www.instagram.com\\\/wmcmf\\\/\",\"https:\\\/\\\/cl.linkedin.com\\\/company\\\/web-del-maestro-cmf\",\"https:\\\/\\\/www.pinterest.com\\\/WMCMF\\\/publicaciones\\\/\",\"https:\\\/\\\/x.com\\\/cmf_w\",\"https:\\\/\\\/www.youtube.com\\\/@WMCMF\"]}]}<\/script>\n<!-- \/ Yoast SEO plugin. -->","yoast_head_json":{"title":"Un avance cient\u00edfico prometedor: Jap\u00f3n logra eliminar el cromosoma extra que causa el s\u00edndrome de Down en c\u00e9lulas de laboratorio - 2026","description":"El s\u00edndrome de Down, conocido m\u00e9dicamente como trisom\u00eda 21, es una condici\u00f3n gen\u00e9tica causada por la presencia de una copia...","robots":{"index":"index","follow":"follow","max-snippet":"max-snippet:-1","max-image-preview":"max-image-preview:large","max-video-preview":"max-video-preview:-1"},"canonical":"https:\/\/webdelmaestrocmf.com\/portal\/un-avance-cientifico-prometedor-japon-logra-eliminar-el-cromosoma-extra-que-causa-el-sindrome-de-down-en-celulas-de-laboratorio\/","og_locale":"es_ES","og_type":"article","og_title":"Un avance cient\u00edfico prometedor: Jap\u00f3n logra eliminar el cromosoma extra que causa el s\u00edndrome de Down en c\u00e9lulas de laboratorio - 2026","og_description":"El s\u00edndrome de Down, conocido m\u00e9dicamente como trisom\u00eda 21, es una condici\u00f3n gen\u00e9tica causada por la presencia de una copia...","og_url":"https:\/\/webdelmaestrocmf.com\/portal\/un-avance-cientifico-prometedor-japon-logra-eliminar-el-cromosoma-extra-que-causa-el-sindrome-de-down-en-celulas-de-laboratorio\/","og_site_name":"Web del Maestro CMF","article_publisher":"https:\/\/www.facebook.com\/WebdelMaestroCMF\/","article_author":"https:\/\/www.facebook.com\/WebdelMaestroCMF\/","article_published_time":"2025-08-20T04:53:49+00:00","article_modified_time":"2025-08-20T05:00:41+00:00","og_image":[{"width":1003,"height":667,"url":"https:\/\/webdelmaestrocmf.com\/portal\/wp-content\/uploads\/2025\/08\/1A-Banner-1-portada-imagen-10-1-copia-8.webp","type":"image\/webp"}],"author":"Web del Maestro CMF","twitter_card":"summary_large_image","twitter_creator":"@cmf_w","twitter_site":"@cmf_w","schema":{"@context":"https:\/\/schema.org","@graph":[{"@type":"ScholarlyArticle","@id":"https:\/\/webdelmaestrocmf.com\/portal\/un-avance-cientifico-prometedor-japon-logra-eliminar-el-cromosoma-extra-que-causa-el-sindrome-de-down-en-celulas-de-laboratorio\/#article","isPartOf":{"@id":"https:\/\/webdelmaestrocmf.com\/portal\/un-avance-cientifico-prometedor-japon-logra-eliminar-el-cromosoma-extra-que-causa-el-sindrome-de-down-en-celulas-de-laboratorio\/"},"author":{"name":"Web del Maestro CMF","@id":"https:\/\/webdelmaestrocmf.com\/portal\/#\/schema\/person\/1072a2ed7bd960df8ef99a551fa35dc5"},"headline":"Un avance cient\u00edfico prometedor: Jap\u00f3n logra eliminar el cromosoma extra que causa el s\u00edndrome de Down en c\u00e9lulas de laboratorio","datePublished":"2025-08-20T04:53:49+00:00","dateModified":"2025-08-20T05:00:41+00:00","mainEntityOfPage":{"@id":"https:\/\/webdelmaestrocmf.com\/portal\/un-avance-cientifico-prometedor-japon-logra-eliminar-el-cromosoma-extra-que-causa-el-sindrome-de-down-en-celulas-de-laboratorio\/"},"wordCount":799,"commentCount":0,"publisher":{"@id":"https:\/\/webdelmaestrocmf.com\/portal\/#organization"},"image":{"@id":"https:\/\/webdelmaestrocmf.com\/portal\/un-avance-cientifico-prometedor-japon-logra-eliminar-el-cromosoma-extra-que-causa-el-sindrome-de-down-en-celulas-de-laboratorio\/#primaryimage"},"thumbnailUrl":"https:\/\/webdelmaestrocmf.com\/portal\/wp-content\/uploads\/2025\/08\/1A-Banner-1-portada-imagen-10-1-copia-8.webp","keywords":["cromosoma","cromosoma 21","ELIMINAR","Jap\u00f3n","s\u00edndrome de Down"],"articleSection":["Noticias","Recursos"],"inLanguage":"es","potentialAction":[{"@type":"CommentAction","name":"Comment","target":["https:\/\/webdelmaestrocmf.com\/portal\/un-avance-cientifico-prometedor-japon-logra-eliminar-el-cromosoma-extra-que-causa-el-sindrome-de-down-en-celulas-de-laboratorio\/#respond"]}]},{"@type":"WebPage","@id":"https:\/\/webdelmaestrocmf.com\/portal\/un-avance-cientifico-prometedor-japon-logra-eliminar-el-cromosoma-extra-que-causa-el-sindrome-de-down-en-celulas-de-laboratorio\/","url":"https:\/\/webdelmaestrocmf.com\/portal\/un-avance-cientifico-prometedor-japon-logra-eliminar-el-cromosoma-extra-que-causa-el-sindrome-de-down-en-celulas-de-laboratorio\/","name":"Un avance cient\u00edfico prometedor: Jap\u00f3n logra eliminar el cromosoma extra que causa el s\u00edndrome de Down en c\u00e9lulas de laboratorio - 2026","isPartOf":{"@id":"https:\/\/webdelmaestrocmf.com\/portal\/#website"},"primaryImageOfPage":{"@id":"https:\/\/webdelmaestrocmf.com\/portal\/un-avance-cientifico-prometedor-japon-logra-eliminar-el-cromosoma-extra-que-causa-el-sindrome-de-down-en-celulas-de-laboratorio\/#primaryimage"},"image":{"@id":"https:\/\/webdelmaestrocmf.com\/portal\/un-avance-cientifico-prometedor-japon-logra-eliminar-el-cromosoma-extra-que-causa-el-sindrome-de-down-en-celulas-de-laboratorio\/#primaryimage"},"thumbnailUrl":"https:\/\/webdelmaestrocmf.com\/portal\/wp-content\/uploads\/2025\/08\/1A-Banner-1-portada-imagen-10-1-copia-8.webp","datePublished":"2025-08-20T04:53:49+00:00","dateModified":"2025-08-20T05:00:41+00:00","description":"El s\u00edndrome de Down, conocido m\u00e9dicamente como trisom\u00eda 21, es una condici\u00f3n gen\u00e9tica causada por la presencia de una copia...","breadcrumb":{"@id":"https:\/\/webdelmaestrocmf.com\/portal\/un-avance-cientifico-prometedor-japon-logra-eliminar-el-cromosoma-extra-que-causa-el-sindrome-de-down-en-celulas-de-laboratorio\/#breadcrumb"},"inLanguage":"es","potentialAction":[{"@type":"ReadAction","target":["https:\/\/webdelmaestrocmf.com\/portal\/un-avance-cientifico-prometedor-japon-logra-eliminar-el-cromosoma-extra-que-causa-el-sindrome-de-down-en-celulas-de-laboratorio\/"]}]},{"@type":"ImageObject","inLanguage":"es","@id":"https:\/\/webdelmaestrocmf.com\/portal\/un-avance-cientifico-prometedor-japon-logra-eliminar-el-cromosoma-extra-que-causa-el-sindrome-de-down-en-celulas-de-laboratorio\/#primaryimage","url":"https:\/\/webdelmaestrocmf.com\/portal\/wp-content\/uploads\/2025\/08\/1A-Banner-1-portada-imagen-10-1-copia-8.webp","contentUrl":"https:\/\/webdelmaestrocmf.com\/portal\/wp-content\/uploads\/2025\/08\/1A-Banner-1-portada-imagen-10-1-copia-8.webp","width":1003,"height":667},{"@type":"BreadcrumbList","@id":"https:\/\/webdelmaestrocmf.com\/portal\/un-avance-cientifico-prometedor-japon-logra-eliminar-el-cromosoma-extra-que-causa-el-sindrome-de-down-en-celulas-de-laboratorio\/#breadcrumb","itemListElement":[{"@type":"ListItem","position":1,"name":"Portada","item":"https:\/\/webdelmaestrocmf.com\/portal\/"},{"@type":"ListItem","position":2,"name":"Recursos","item":"https:\/\/webdelmaestrocmf.com\/portal\/category\/pedagogia\/"},{"@type":"ListItem","position":3,"name":"Un avance cient\u00edfico prometedor: Jap\u00f3n logra eliminar el cromosoma extra que causa el s\u00edndrome de Down en c\u00e9lulas de laboratorio"}]},{"@type":"WebSite","@id":"https:\/\/webdelmaestrocmf.com\/portal\/#website","url":"https:\/\/webdelmaestrocmf.com\/portal\/","name":"Web del Maestro CMF","description":"Maestros al servicio de la educaci\u00f3n","publisher":{"@id":"https:\/\/webdelmaestrocmf.com\/portal\/#organization"},"alternateName":"WMCMF","potentialAction":[{"@type":"SearchAction","target":{"@type":"EntryPoint","urlTemplate":"https:\/\/webdelmaestrocmf.com\/portal\/?s={search_term_string}"},"query-input":{"@type":"PropertyValueSpecification","valueRequired":true,"valueName":"search_term_string"}}],"inLanguage":"es"},{"@type":"Organization","@id":"https:\/\/webdelmaestrocmf.com\/portal\/#organization","name":"Web del Maestro CMF","alternateName":"WMCMF","url":"https:\/\/webdelmaestrocmf.com\/portal\/","logo":{"@type":"ImageObject","inLanguage":"es","@id":"https:\/\/webdelmaestrocmf.com\/portal\/#\/schema\/logo\/image\/","url":"https:\/\/webdelmaestrocmf.com\/portal\/wp-content\/uploads\/2023\/01\/logo-wmcmf-2.png","contentUrl":"https:\/\/webdelmaestrocmf.com\/portal\/wp-content\/uploads\/2023\/01\/logo-wmcmf-2.png","width":200,"height":60,"caption":"Web del Maestro CMF"},"image":{"@id":"https:\/\/webdelmaestrocmf.com\/portal\/#\/schema\/logo\/image\/"},"sameAs":["https:\/\/www.facebook.com\/WebdelMaestroCMF\/","https:\/\/x.com\/cmf_w","https:\/\/www.pinterest.com\/WMCMF\/","https:\/\/www.linkedin.com\/company\/web-del-maestro-cmf\/","https:\/\/www.instagram.com\/wmcmf\/","https:\/\/www.youtube.com\/channel\/UCDPSvjbdodE5sHnC3OxutHw","https:\/\/mastodon.social\/@wmcmf","https:\/\/www.tiktok.com\/@webdelmaestrocmf"]},{"@type":"Person","@id":"https:\/\/webdelmaestrocmf.com\/portal\/#\/schema\/person\/1072a2ed7bd960df8ef99a551fa35dc5","name":"Web del Maestro CMF","image":{"@type":"ImageObject","inLanguage":"es","@id":"https:\/\/secure.gravatar.com\/avatar\/23291dd5b5ae1077dcff3dbb04c3e02bd28403fa75af6d8787d5e97c5bbbe30b?s=96&d=mm&r=g","url":"https:\/\/secure.gravatar.com\/avatar\/23291dd5b5ae1077dcff3dbb04c3e02bd28403fa75af6d8787d5e97c5bbbe30b?s=96&d=mm&r=g","contentUrl":"https:\/\/secure.gravatar.com\/avatar\/23291dd5b5ae1077dcff3dbb04c3e02bd28403fa75af6d8787d5e97c5bbbe30b?s=96&d=mm&r=g","caption":"Web del Maestro CMF"},"description":"Esta Web se cre\u00f3 sin fines de lucro, con fines educativos, cient\u00edficos y acad\u00e9micos, para personas que tengan dificultades y\/o inconvenientes en visualizar el material original. El objetivo es entregar recursos, compartir experiencias y materiales que ayuden a los padres de familia, maestros y estudiantes en su actualizaci\u00f3n y formaci\u00f3n permanente, en bien de la Educaci\u00f3n.","sameAs":["http:\/\/webdelmaestrocmf.com\/portal","https:\/\/www.facebook.com\/WebdelMaestroCMF\/","https:\/\/www.instagram.com\/wmcmf\/","https:\/\/cl.linkedin.com\/company\/web-del-maestro-cmf","https:\/\/www.pinterest.com\/WMCMF\/publicaciones\/","https:\/\/x.com\/cmf_w","https:\/\/www.youtube.com\/@WMCMF"]}]}},"jetpack_featured_media_url":"https:\/\/webdelmaestrocmf.com\/portal\/wp-content\/uploads\/2025\/08\/1A-Banner-1-portada-imagen-10-1-copia-8.webp","jetpack_sharing_enabled":true,"jetpack-related-posts":[{"id":35868,"url":"https:\/\/webdelmaestrocmf.com\/portal\/no-mires-al-sindrome-mira-al-nino-y-cree-en-el-siete-videos-y-una-pelicula-para-reflexionar-sobre-el-sindrome-de-down\/","url_meta":{"origin":111932,"position":0},"title":"21 marzo D\u00eda Mundial del S\u00edndrome de Down: No mires al s\u00edndrome, mira al ni\u00f1o y cree en \u00e9l","author":"Web del Maestro CMF","date":"21 marzo, 2026","format":false,"excerpt":"\u201cPara responder a la diversidad es preciso mejorar las pr\u00e1cticas de aula y las medidas organizativas de los centros educativos. La gesti\u00f3n del aula puede ser, en s\u00ed misma, una medida que favorezca la inclusi\u00f3n escolar del alumnado con s\u00edndrome de Down\u201d. (Emilio Ru\u00edz). Una tarea fundamental o una necesidad\u2026","rel":"","context":"En \u00abYo opino - WMCMF\u00bb","block_context":{"text":"Yo opino - WMCMF","link":"https:\/\/webdelmaestrocmf.com\/portal\/category\/jamb\/"},"img":{"alt_text":"","src":"https:\/\/i0.wp.com\/webdelmaestrocmf.com\/portal\/wp-content\/uploads\/2026\/03\/1AA-Banner-1-portada-imagen-10-1-copia-13.webp?resize=350%2C200&ssl=1","width":350,"height":200,"srcset":"https:\/\/i0.wp.com\/webdelmaestrocmf.com\/portal\/wp-content\/uploads\/2026\/03\/1AA-Banner-1-portada-imagen-10-1-copia-13.webp?resize=350%2C200&ssl=1 1x, https:\/\/i0.wp.com\/webdelmaestrocmf.com\/portal\/wp-content\/uploads\/2026\/03\/1AA-Banner-1-portada-imagen-10-1-copia-13.webp?resize=525%2C300&ssl=1 1.5x, https:\/\/i0.wp.com\/webdelmaestrocmf.com\/portal\/wp-content\/uploads\/2026\/03\/1AA-Banner-1-portada-imagen-10-1-copia-13.webp?resize=700%2C400&ssl=1 2x, https:\/\/i0.wp.com\/webdelmaestrocmf.com\/portal\/wp-content\/uploads\/2026\/03\/1AA-Banner-1-portada-imagen-10-1-copia-13.webp?resize=1050%2C600&ssl=1 3x"},"classes":[]},{"id":78433,"url":"https:\/\/webdelmaestrocmf.com\/portal\/de-quien-se-hereda-la-inteligencia-del-padre-o-de-la-madre\/","url_meta":{"origin":111932,"position":1},"title":"\u00bfDe qui\u00e9n se hereda la inteligencia, del padre o de la madre?","author":"Web del Maestro CMF","date":"11 julio, 2022","format":false,"excerpt":"En algunas ocasiones nos hemos preguntado si la inteligencia se hereda de la madre o del padre, ya que solemos asociar esta capacidad con la gen\u00e9tica. Es por ello que diversos equipos de investigaci\u00f3n han decidido indagar al respecto. Hace d\u00e9cadas se dec\u00eda que la inteligencia se heredaba de la\u2026","rel":"","context":"En \u00abEducaci\u00f3n y Familia\u00bb","block_context":{"text":"Educaci\u00f3n y Familia","link":"https:\/\/webdelmaestrocmf.com\/portal\/category\/pedagogia\/educacion-y-familia\/"},"img":{"alt_text":"","src":"https:\/\/i0.wp.com\/webdelmaestrocmf.com\/portal\/wp-content\/uploads\/2022\/07\/1b-4.jpg?resize=350%2C200&ssl=1","width":350,"height":200,"srcset":"https:\/\/i0.wp.com\/webdelmaestrocmf.com\/portal\/wp-content\/uploads\/2022\/07\/1b-4.jpg?resize=350%2C200&ssl=1 1x, https:\/\/i0.wp.com\/webdelmaestrocmf.com\/portal\/wp-content\/uploads\/2022\/07\/1b-4.jpg?resize=525%2C300&ssl=1 1.5x, https:\/\/i0.wp.com\/webdelmaestrocmf.com\/portal\/wp-content\/uploads\/2022\/07\/1b-4.jpg?resize=700%2C400&ssl=1 2x"},"classes":[]},{"id":111472,"url":"https:\/\/webdelmaestrocmf.com\/portal\/el-sindrome-de-cabeza-caida-una-advertencia-real-sobre-el-uso-excesivo-del-celular\/","url_meta":{"origin":111932,"position":2},"title":"El s\u00edndrome de cabeza ca\u00edda: una advertencia real sobre el uso excesivo del celular","author":"Web del Maestro CMF","date":"25 julio, 2025","format":false,"excerpt":"Un joven japon\u00e9s perdi\u00f3 la capacidad de levantar la cabeza tras a\u00f1os usando el celular con el cuello inclinado.","rel":"","context":"En \u00abNoticias Internacionales\u00bb","block_context":{"text":"Noticias Internacionales","link":"https:\/\/webdelmaestrocmf.com\/portal\/category\/noticias-internacionales\/"},"img":{"alt_text":"","src":"https:\/\/i0.wp.com\/webdelmaestrocmf.com\/portal\/wp-content\/uploads\/2025\/07\/1A-Banner-1-portada-imagen-10-1-copia-3-1.webp?resize=350%2C200&ssl=1","width":350,"height":200,"srcset":"https:\/\/i0.wp.com\/webdelmaestrocmf.com\/portal\/wp-content\/uploads\/2025\/07\/1A-Banner-1-portada-imagen-10-1-copia-3-1.webp?resize=350%2C200&ssl=1 1x, https:\/\/i0.wp.com\/webdelmaestrocmf.com\/portal\/wp-content\/uploads\/2025\/07\/1A-Banner-1-portada-imagen-10-1-copia-3-1.webp?resize=525%2C300&ssl=1 1.5x, https:\/\/i0.wp.com\/webdelmaestrocmf.com\/portal\/wp-content\/uploads\/2025\/07\/1A-Banner-1-portada-imagen-10-1-copia-3-1.webp?resize=700%2C400&ssl=1 2x"},"classes":[]},{"id":78591,"url":"https:\/\/webdelmaestrocmf.com\/portal\/que-es-el-sindrome-kabuki-cuales-son-sus-causas-que-sintomas-tiene-el-sindrome-kabuki-tiene-tratamiento-el-sindrome-kabuki-tiene-complicaciones\/","url_meta":{"origin":111932,"position":3},"title":"\u00bfQu\u00e9 es el S\u00edndrome Kabuki? \u00bfCu\u00e1les son sus causas? \u00bfQu\u00e9 s\u00edntomas tiene el s\u00edndrome Kabuki? \u00bfTiene tratamiento el s\u00edndrome Kabuki? \u00bfTiene complicaciones?","author":"Web del Maestro CMF","date":"17 julio, 2022","format":false,"excerpt":"El s\u00edndrome Kabuki\u00a0es una alteraci\u00f3n o trastorno gen\u00e9tico poco frecuente. Tiene una frecuencia estimada en 1 de cada 32.000 nacimientos y pertenece al grupo de las \u201cenfermedades raras\u00a0o de baja frecuencia\u201d. Fue descrito por primera vez por dos doctores japoneses, Nikawa y Kuroki, en 1981.\u00a0Debe su nombre a la semejanza\u2026","rel":"","context":"En \u00abRecursos\u00bb","block_context":{"text":"Recursos","link":"https:\/\/webdelmaestrocmf.com\/portal\/category\/pedagogia\/"},"img":{"alt_text":"","src":"https:\/\/i0.wp.com\/webdelmaestrocmf.com\/portal\/wp-content\/uploads\/2022\/07\/1-20.jpg?resize=350%2C200&ssl=1","width":350,"height":200,"srcset":"https:\/\/i0.wp.com\/webdelmaestrocmf.com\/portal\/wp-content\/uploads\/2022\/07\/1-20.jpg?resize=350%2C200&ssl=1 1x, https:\/\/i0.wp.com\/webdelmaestrocmf.com\/portal\/wp-content\/uploads\/2022\/07\/1-20.jpg?resize=525%2C300&ssl=1 1.5x, https:\/\/i0.wp.com\/webdelmaestrocmf.com\/portal\/wp-content\/uploads\/2022\/07\/1-20.jpg?resize=700%2C400&ssl=1 2x"},"classes":[]},{"id":8354,"url":"https:\/\/webdelmaestrocmf.com\/portal\/15-peliculas-que-tratan-la-discapacidad-intelectual-docentes-y-psicologos\/","url_meta":{"origin":111932,"position":4},"title":"15 pel\u00edculas sobre la discapacidad intelectual que todo educador y psic\u00f3logo tienen que ver","author":"Web del Maestro CMF","date":"10 julio, 2019","format":"video","excerpt":"Esta es nuestra selecci\u00f3n de pel\u00edculas y documentales que abordan el tema de la discapacidad intelectual. Un tema com\u00fan para muchos y extra\u00f1os para otro tanto. Estas pel\u00edculas pueden ayudar en el caso de que seas un profesional que se relaciona con personas que conviven con esta\u00a0realidad (como docentes o\u2026","rel":"","context":"En \u00abPel\u00edculas\u00bb","block_context":{"text":"Pel\u00edculas","link":"https:\/\/webdelmaestrocmf.com\/portal\/category\/pedagogia\/peliculas\/"},"img":{"alt_text":"","src":"https:\/\/i0.wp.com\/webdelmaestrocmf.com\/portal\/wp-content\/uploads\/2019\/07\/1a12-DESKTOP-DLIPULV.jpg?resize=350%2C200&ssl=1","width":350,"height":200,"srcset":"https:\/\/i0.wp.com\/webdelmaestrocmf.com\/portal\/wp-content\/uploads\/2019\/07\/1a12-DESKTOP-DLIPULV.jpg?resize=350%2C200&ssl=1 1x, https:\/\/i0.wp.com\/webdelmaestrocmf.com\/portal\/wp-content\/uploads\/2019\/07\/1a12-DESKTOP-DLIPULV.jpg?resize=525%2C300&ssl=1 1.5x, https:\/\/i0.wp.com\/webdelmaestrocmf.com\/portal\/wp-content\/uploads\/2019\/07\/1a12-DESKTOP-DLIPULV.jpg?resize=700%2C400&ssl=1 2x, https:\/\/i0.wp.com\/webdelmaestrocmf.com\/portal\/wp-content\/uploads\/2019\/07\/1a12-DESKTOP-DLIPULV.jpg?resize=1050%2C600&ssl=1 3x"},"classes":[]},{"id":76107,"url":"https:\/\/webdelmaestrocmf.com\/portal\/que-es-un-trauma-transgeneracional\/","url_meta":{"origin":111932,"position":5},"title":"\u00bfQu\u00e9 es un trauma transgeneracional?","author":"Web del Maestro CMF","date":"8 abril, 2022","format":false,"excerpt":"El trauma transgeneracional es un impacto, una transferencia donde el dolor emocional, f\u00edsico o social sufrido por una persona en un momento dado que se transmite a las nuevas generaciones de formas que van mucho m\u00e1s all\u00e1 del simple comportamiento aprendido. Hablamos sobre todo de epigen\u00e9tica y sobre c\u00f3mo la\u2026","rel":"","context":"En \u00abDescargas Manuales PDF\u00bb","block_context":{"text":"Descargas Manuales PDF","link":"https:\/\/webdelmaestrocmf.com\/portal\/category\/pedagogia\/descargas-manuales-pdf\/"},"img":{"alt_text":"","src":"https:\/\/i0.wp.com\/webdelmaestrocmf.com\/portal\/wp-content\/uploads\/2022\/04\/1-14.jpeg?resize=350%2C200&ssl=1","width":350,"height":200,"srcset":"https:\/\/i0.wp.com\/webdelmaestrocmf.com\/portal\/wp-content\/uploads\/2022\/04\/1-14.jpeg?resize=350%2C200&ssl=1 1x, https:\/\/i0.wp.com\/webdelmaestrocmf.com\/portal\/wp-content\/uploads\/2022\/04\/1-14.jpeg?resize=525%2C300&ssl=1 1.5x, https:\/\/i0.wp.com\/webdelmaestrocmf.com\/portal\/wp-content\/uploads\/2022\/04\/1-14.jpeg?resize=700%2C400&ssl=1 2x, https:\/\/i0.wp.com\/webdelmaestrocmf.com\/portal\/wp-content\/uploads\/2022\/04\/1-14.jpeg?resize=1050%2C600&ssl=1 3x"},"classes":[]}],"_links":{"self":[{"href":"https:\/\/webdelmaestrocmf.com\/portal\/wp-json\/wp\/v2\/posts\/111932","targetHints":{"allow":["GET"]}}],"collection":[{"href":"https:\/\/webdelmaestrocmf.com\/portal\/wp-json\/wp\/v2\/posts"}],"about":[{"href":"https:\/\/webdelmaestrocmf.com\/portal\/wp-json\/wp\/v2\/types\/post"}],"author":[{"embeddable":true,"href":"https:\/\/webdelmaestrocmf.com\/portal\/wp-json\/wp\/v2\/users\/1"}],"replies":[{"embeddable":true,"href":"https:\/\/webdelmaestrocmf.com\/portal\/wp-json\/wp\/v2\/comments?post=111932"}],"version-history":[{"count":2,"href":"https:\/\/webdelmaestrocmf.com\/portal\/wp-json\/wp\/v2\/posts\/111932\/revisions"}],"predecessor-version":[{"id":111936,"href":"https:\/\/webdelmaestrocmf.com\/portal\/wp-json\/wp\/v2\/posts\/111932\/revisions\/111936"}],"wp:featuredmedia":[{"embeddable":true,"href":"https:\/\/webdelmaestrocmf.com\/portal\/wp-json\/wp\/v2\/media\/111933"}],"wp:attachment":[{"href":"https:\/\/webdelmaestrocmf.com\/portal\/wp-json\/wp\/v2\/media?parent=111932"}],"wp:term":[{"taxonomy":"category","embeddable":true,"href":"https:\/\/webdelmaestrocmf.com\/portal\/wp-json\/wp\/v2\/categories?post=111932"},{"taxonomy":"post_tag","embeddable":true,"href":"https:\/\/webdelmaestrocmf.com\/portal\/wp-json\/wp\/v2\/tags?post=111932"}],"curies":[{"name":"wp","href":"https:\/\/api.w.org\/{rel}","templated":true}]}}