{"id":111915,"date":"2025-08-19T18:39:57","date_gmt":"2025-08-19T22:39:57","guid":{"rendered":"https:\/\/webdelmaestrocmf.com\/portal\/?p=111915"},"modified":"2025-08-19T18:53:09","modified_gmt":"2025-08-19T22:53:09","slug":"estados-unidos-despliega-destructores-en-el-caribe-y-maduro-moviliza-a-su-milicia","status":"publish","type":"post","link":"https:\/\/webdelmaestrocmf.com\/portal\/estados-unidos-despliega-destructores-en-el-caribe-y-maduro-moviliza-a-su-milicia\/","title":{"rendered":"Estados Unidos despliega destructores en el Caribe y Maduro moviliza a su milicia"},"content":{"rendered":"\n<p>La tensi\u00f3n entre Washington y Caracas volvi\u00f3 a escalar tras el anuncio del Gobierno de Donald Trump de enviar tres destructores a aguas cercanas a Venezuela, como parte de una ofensiva contra el narcotr\u00e1fico en Am\u00e9rica Latina. La Casa Blanca afirm\u00f3 estar dispuesta a usar \u201ctodos los elementos de su poder\u201d para frenar el ingreso de drogas a Estados Unidos y responsabiliz\u00f3 directamente a Nicol\u00e1s Maduro de liderar el llamado \u201cCartel de los Soles\u201d.<\/p>\n\n\n\n<p>El despliegue incluye a los buques USS Gravely, USS Jason Dunham y USS Sampson, que permanecer\u00e1n en la regi\u00f3n durante varios meses, acompa\u00f1ados por aviones de espionaje P-8, submarinos y otras unidades navales. La medida se enmarca en una directiva firmada por Trump que autoriza operaciones militares contra carteles extranjeros designados como organizaciones terroristas. En febrero, Washington ya hab\u00eda clasificado bajo esa categor\u00eda a grupos como el Tren de Aragua en Venezuela, la MS-13 en El Salvador y varios c\u00e1rteles mexicanos. Adem\u00e1s, el Departamento de Estado duplic\u00f3 la recompensa por informaci\u00f3n que lleve a la captura de Maduro, fij\u00e1ndola en 50 millones de d\u00f3lares.<\/p>\n\n\n\n<iframe loading=\"lazy\" width=\"100%\" height=\"315\" src=\"https:\/\/www.youtube.com\/embed\/ioPqbXtSfns?si=sKzQr4LPttI5CMPB\" title=\"YouTube video player\" frameborder=\"0\" allow=\"accelerometer; autoplay; clipboard-write; encrypted-media; gyroscope; picture-in-picture; web-share\" referrerpolicy=\"strict-origin-when-cross-origin\" allowfullscreen><\/iframe>\n\n\n\n<p>Desde Caracas, el mandatario respondi\u00f3 con un despliegue interno de gran magnitud: cuatro millones de efectivos de la Milicia Nacional Bolivariana fueron movilizados, junto con planes de expansi\u00f3n de milicias campesinas y obreras. Maduro present\u00f3 la medida como una defensa de la soberan\u00eda frente a una agresi\u00f3n extranjera, en l\u00ednea con la doctrina de \u201cuni\u00f3n c\u00edvico-militar\u201d heredada de Hugo Ch\u00e1vez.<\/p>\n\n\n\n<p>En un acto transmitido por televisi\u00f3n, el presidente venezolano asegur\u00f3 que su pa\u00eds cuenta con \u201cfusiles y misiles\u201d para resistir cualquier intento de intervenci\u00f3n, mientras dirigentes del chavismo, como Diosdado Cabello, acusaron a Estados Unidos y a la DEA de manipular las acusaciones de narcotr\u00e1fico. Por su parte, el ministro de Defensa, Vladimir Padrino L\u00f3pez, sostuvo que Venezuela ha combatido exitosamente a las bandas criminales en su territorio.<\/p>\n\n\n\n<iframe loading=\"lazy\" width=\"100%\" height=\"315\" src=\"https:\/\/www.youtube.com\/embed\/BYME8Z-F4_E?si=xOLs6WKnGqFb3k-j\" title=\"YouTube video player\" frameborder=\"0\" allow=\"accelerometer; autoplay; clipboard-write; encrypted-media; gyroscope; picture-in-picture; web-share\" referrerpolicy=\"strict-origin-when-cross-origin\" allowfullscreen><\/iframe>\n\n\n\n<p>El aumento de la tensi\u00f3n tambi\u00e9n ha estado acompa\u00f1ado por medidas internas del Gobierno venezolano, como la prohibici\u00f3n del uso de drones, justificada en supuestas conspiraciones y atentados planificados desde el exterior. Adem\u00e1s, se reportaron detenciones y decomisos de armas en Caracas, en un contexto de patrullajes y reforzamiento policial.<\/p>\n\n\n\n<p>El despliegue militar estadounidense y la respuesta venezolana reflejan una din\u00e1mica de confrontaci\u00f3n creciente. Washington insiste en se\u00f1alar a Maduro como un l\u00edder narcotraficante y Caracas apela al nacionalismo bolivariano para movilizar a su poblaci\u00f3n y sus fuerzas armadas. Aunque ninguna de las partes ha hablado de un enfrentamiento directo, el Caribe se ha convertido nuevamente en un escenario de tensi\u00f3n internacional con efectos a\u00fan inciertos.<\/p>\n\n\n\n<p class=\"has-text-align-right\"><strong>Redacci\u00f3n | Web del Maestro CMF<\/strong><\/p>\n\n\n\t\t<div class=\"pk-inline-posts\">\n\t\t\t\n\t\t\t<div class=\"pk-inline-posts-container pk-inline-posts-template-list\"\n\t\t\t\tdata-columns=\"1\">\n\t\t\t\t\t\t<article id=\"post-118533\" class=\"post-118533 post type-post status-publish format-standard has-post-thumbnail category-noticias-internacionales tag-convivencia-escolar tag-docentes tag-educacion-2 tag-etica-educativa tag-normativa-escolar tag-preescolar tag-primaria tag-protocolos tag-rol-docente tag-seguridad-docente cs-entry cs-video-wrap\">\n\t\t\t<div class=\"pk-post-outer\">\n\n\t\t\t\t\t\t\t\t<div class=\"pk-post-inner\">\n\t\t\t\t\t<div class=\"entry-thumbnail\">\n\t\t\t\t\t\t<div class=\"pk-overlay pk-overlay-ratio pk-ratio-landscape\">\n\t\t\t\t\t\t\t<div class=\"pk-overlay-background\">\n\t\t\t\t\t\t\t\t<a href=\"https:\/\/webdelmaestrocmf.com\/portal\/profesor-advierte-a-docentes-no-pueden-asistir-a-un-nino-en-el-bano-por-riesgo-de-cargos-legales\/\" class=\"pk-overlay-link\">\n\t\t\t\t\t\t\t\t\t<img loading=\"lazy\" decoding=\"async\" width=\"300\" height=\"225\" src=\"https:\/\/webdelmaestrocmf.com\/portal\/wp-content\/uploads\/2026\/05\/1AA-Banner-1-portada-imagen-10-1-copia-300x225.webp\" class=\"attachment-pk-thumbnail size-pk-thumbnail wp-post-image\" alt=\"\" \/>\t\t\t\t\t\t\t\t<\/a>\n\t\t\t\t\t\t\t<\/div>\n\t\t\t\t\t\t<\/div>\n\t\t\t\t\t<\/div>\n\t\t\t\t<\/div>\n\t\t\t\t\n\t\t\t\t<div class=\"pk-post-inner\">\n\t\t\t\t\t<header>\n\t\t\t\t\t\t<h3 class=\"pk-title\"><a href=\"https:\/\/webdelmaestrocmf.com\/portal\/profesor-advierte-a-docentes-no-pueden-asistir-a-un-nino-en-el-bano-por-riesgo-de-cargos-legales\/\" rel=\"bookmark\">Profesor advierte a docentes: \u201cNo pueden asistir a un ni\u00f1o en el ba\u00f1o\u201d por riesgo de cargos legales<\/a><\/h3>\t\t\t\t\t<\/header><!-- .entry-header -->\n\t\t\t\t<\/div><!-- .post-inner -->\n\n\t\t\t<\/div><!-- .post-outer -->\n\t\t<\/article>\n\t\t\t<article id=\"post-118505\" class=\"post-118505 post type-post status-publish format-standard has-post-thumbnail category-noticias-internacionales tag-acoso-laboral-docente tag-clima-laboral-educativo tag-denuncia-laboral tag-derechos-laborales-docentes tag-ley-karin tag-maltrato-en-escuelas tag-salud-mental-docente tag-sistema-educativo-crisis tag-violencia-en-escuelas cs-entry cs-video-wrap\">\n\t\t\t<div class=\"pk-post-outer\">\n\n\t\t\t\t\t\t\t\t<div class=\"pk-post-inner\">\n\t\t\t\t\t<div class=\"entry-thumbnail\">\n\t\t\t\t\t\t<div class=\"pk-overlay pk-overlay-ratio pk-ratio-landscape\">\n\t\t\t\t\t\t\t<div class=\"pk-overlay-background\">\n\t\t\t\t\t\t\t\t<a href=\"https:\/\/webdelmaestrocmf.com\/portal\/maestra-consulta-que-hacer-tras-sufrir-acoso-laboral-por-parte-de-una-profesora-y-directora-teme-denunciar-y-quedar-vetada-de-por-vida-como-se-debe-de-proceder-en-estos-casos\/\" class=\"pk-overlay-link\">\n\t\t\t\t\t\t\t\t\t<img loading=\"lazy\" decoding=\"async\" width=\"300\" height=\"225\" src=\"https:\/\/webdelmaestrocmf.com\/portal\/wp-content\/uploads\/2026\/04\/1AA-Banner-1-portada-imagen-10-1-copia-4-4-300x225.webp\" class=\"attachment-pk-thumbnail size-pk-thumbnail wp-post-image\" alt=\"\" \/>\t\t\t\t\t\t\t\t<\/a>\n\t\t\t\t\t\t\t<\/div>\n\t\t\t\t\t\t<\/div>\n\t\t\t\t\t<\/div>\n\t\t\t\t<\/div>\n\t\t\t\t\n\t\t\t\t<div class=\"pk-post-inner\">\n\t\t\t\t\t<header>\n\t\t\t\t\t\t<h3 class=\"pk-title\"><a href=\"https:\/\/webdelmaestrocmf.com\/portal\/maestra-consulta-que-hacer-tras-sufrir-acoso-laboral-por-parte-de-una-profesora-y-directora-teme-denunciar-y-quedar-vetada-de-por-vida-como-se-debe-de-proceder-en-estos-casos\/\" rel=\"bookmark\">Maestra consulta qu\u00e9 hacer tras sufrir acoso laboral por parte de una profesora y directora, teme denunciar y quedar vetada de por vida \u00bfC\u00f3mo se debe de proceder en estos casos?<\/a><\/h3>\t\t\t\t\t<\/header><!-- .entry-header -->\n\t\t\t\t<\/div><!-- .post-inner -->\n\n\t\t\t<\/div><!-- .post-outer -->\n\t\t<\/article>\n\t\t\t<article id=\"post-118473\" class=\"post-118473 post type-post status-publish format-standard has-post-thumbnail category-noticias-internacionales tag-convivencia tag-docentes tag-educacion-3 tag-gestion-escolar-2 tag-protocolos tag-salud-mental tag-seguridad-escolar tag-simulacros tag-violencia-escolar cs-entry cs-video-wrap\">\n\t\t\t<div class=\"pk-post-outer\">\n\n\t\t\t\t\t\t\t\t<div class=\"pk-post-inner\">\n\t\t\t\t\t<div class=\"entry-thumbnail\">\n\t\t\t\t\t\t<div class=\"pk-overlay pk-overlay-ratio pk-ratio-landscape\">\n\t\t\t\t\t\t\t<div class=\"pk-overlay-background\">\n\t\t\t\t\t\t\t\t<a href=\"https:\/\/webdelmaestrocmf.com\/portal\/se-confirma-que-habra-simulacros-de-tiroteos-en-las-escuelas\/\" class=\"pk-overlay-link\">\n\t\t\t\t\t\t\t\t\t<img loading=\"lazy\" decoding=\"async\" width=\"300\" height=\"225\" src=\"https:\/\/webdelmaestrocmf.com\/portal\/wp-content\/uploads\/2026\/04\/1AA-Banner-1-portada-imagen-10-1-copia-1-11-300x225.webp\" class=\"attachment-pk-thumbnail size-pk-thumbnail wp-post-image\" alt=\"\" \/>\t\t\t\t\t\t\t\t<\/a>\n\t\t\t\t\t\t\t<\/div>\n\t\t\t\t\t\t<\/div>\n\t\t\t\t\t<\/div>\n\t\t\t\t<\/div>\n\t\t\t\t\n\t\t\t\t<div class=\"pk-post-inner\">\n\t\t\t\t\t<header>\n\t\t\t\t\t\t<h3 class=\"pk-title\"><a href=\"https:\/\/webdelmaestrocmf.com\/portal\/se-confirma-que-habra-simulacros-de-tiroteos-en-las-escuelas\/\" rel=\"bookmark\">Se confirma que habr\u00e1 simulacros de tiroteos en las escuelas<\/a><\/h3>\t\t\t\t\t<\/header><!-- .entry-header -->\n\t\t\t\t<\/div><!-- .post-inner -->\n\n\t\t\t<\/div><!-- .post-outer -->\n\t\t<\/article>\n\t\t\t\t<\/div>\n\t\t<\/div>\n\t\t\n","protected":false},"excerpt":{"rendered":"Estados Unidos despliega destructores frente a Venezuela; Maduro moviliza cuatro millones de milicianos en respuesta, aumentando la tensi\u00f3n regional.","protected":false},"author":1,"featured_media":111916,"comment_status":"open","ping_status":"closed","sticky":false,"template":"","format":"standard","meta":{"csco_display_header_overlay":false,"csco_singular_sidebar":"","csco_page_header_type":"","csco_page_load_nextpost":"","csco_post_video_location":[],"csco_post_video_location_hash":"","csco_post_video_url":"","csco_post_video_bg_start_time":0,"csco_post_video_bg_end_time":0,"csco_post_video_bg_volume":false,"_jetpack_memberships_contains_paid_content":false,"footnotes":""},"categories":[23790],"tags":[24113,14744,24115],"class_list":{"0":"post-111915","1":"post","2":"type-post","3":"status-publish","4":"format-standard","5":"has-post-thumbnail","7":"category-noticias-internacionales","8":"tag-destructores","9":"tag-estados-unidos","10":"tag-milicia","11":"cs-entry","12":"cs-video-wrap"},"yoast_head":"<!-- This site is optimized with the Yoast SEO plugin v27.5 - https:\/\/yoast.com\/product\/yoast-seo-wordpress\/ -->\n<title>Estados Unidos despliega destructores en el Caribe y Maduro moviliza a su milicia - 2026<\/title>\n<meta name=\"description\" content=\"La Casa Blanca esta dispuesta a usar \u201ctodos los elementos de su poder\u201d para frenar el ingreso de drogas y responsabiliz\u00f3 a Maduro...\" \/>\n<meta name=\"robots\" content=\"index, follow, max-snippet:-1, max-image-preview:large, max-video-preview:-1\" \/>\n<link rel=\"canonical\" href=\"https:\/\/webdelmaestrocmf.com\/portal\/estados-unidos-despliega-destructores-en-el-caribe-y-maduro-moviliza-a-su-milicia\/\" \/>\n<meta property=\"og:locale\" content=\"es_ES\" \/>\n<meta property=\"og:type\" content=\"article\" \/>\n<meta property=\"og:title\" content=\"Estados Unidos despliega destructores en el Caribe y Maduro moviliza a su milicia - 2026\" \/>\n<meta property=\"og:description\" content=\"La Casa Blanca esta dispuesta a usar \u201ctodos los elementos de su poder\u201d para frenar el ingreso de drogas y responsabiliz\u00f3 a Maduro...\" \/>\n<meta property=\"og:url\" content=\"https:\/\/webdelmaestrocmf.com\/portal\/estados-unidos-despliega-destructores-en-el-caribe-y-maduro-moviliza-a-su-milicia\/\" \/>\n<meta property=\"og:site_name\" content=\"Web del Maestro CMF\" \/>\n<meta property=\"article:publisher\" content=\"https:\/\/www.facebook.com\/WebdelMaestroCMF\/\" \/>\n<meta property=\"article:author\" content=\"https:\/\/www.facebook.com\/WebdelMaestroCMF\/\" \/>\n<meta property=\"article:published_time\" content=\"2025-08-19T22:39:57+00:00\" \/>\n<meta property=\"article:modified_time\" content=\"2025-08-19T22:53:09+00:00\" \/>\n<meta property=\"og:image\" content=\"https:\/\/webdelmaestrocmf.com\/portal\/wp-content\/uploads\/2025\/08\/1A-Banner-1-portada-imagen-10-1-copia-11.webp\" \/>\n\t<meta property=\"og:image:width\" content=\"1003\" \/>\n\t<meta property=\"og:image:height\" content=\"667\" \/>\n\t<meta property=\"og:image:type\" content=\"image\/webp\" \/>\n<meta name=\"author\" content=\"Web del Maestro CMF\" \/>\n<meta name=\"twitter:card\" content=\"summary_large_image\" \/>\n<meta name=\"twitter:creator\" content=\"@cmf_w\" \/>\n<meta name=\"twitter:site\" content=\"@cmf_w\" \/>\n<script type=\"application\/ld+json\" class=\"yoast-schema-graph\">{\"@context\":\"https:\\\/\\\/schema.org\",\"@graph\":[{\"@type\":\"ScholarlyArticle\",\"@id\":\"https:\\\/\\\/webdelmaestrocmf.com\\\/portal\\\/estados-unidos-despliega-destructores-en-el-caribe-y-maduro-moviliza-a-su-milicia\\\/#article\",\"isPartOf\":{\"@id\":\"https:\\\/\\\/webdelmaestrocmf.com\\\/portal\\\/estados-unidos-despliega-destructores-en-el-caribe-y-maduro-moviliza-a-su-milicia\\\/\"},\"author\":{\"name\":\"Web del Maestro CMF\",\"@id\":\"https:\\\/\\\/webdelmaestrocmf.com\\\/portal\\\/#\\\/schema\\\/person\\\/1072a2ed7bd960df8ef99a551fa35dc5\"},\"headline\":\"Estados Unidos despliega destructores en el Caribe y Maduro moviliza a su milicia\",\"datePublished\":\"2025-08-19T22:39:57+00:00\",\"dateModified\":\"2025-08-19T22:53:09+00:00\",\"mainEntityOfPage\":{\"@id\":\"https:\\\/\\\/webdelmaestrocmf.com\\\/portal\\\/estados-unidos-despliega-destructores-en-el-caribe-y-maduro-moviliza-a-su-milicia\\\/\"},\"wordCount\":481,\"commentCount\":128,\"publisher\":{\"@id\":\"https:\\\/\\\/webdelmaestrocmf.com\\\/portal\\\/#organization\"},\"image\":{\"@id\":\"https:\\\/\\\/webdelmaestrocmf.com\\\/portal\\\/estados-unidos-despliega-destructores-en-el-caribe-y-maduro-moviliza-a-su-milicia\\\/#primaryimage\"},\"thumbnailUrl\":\"https:\\\/\\\/webdelmaestrocmf.com\\\/portal\\\/wp-content\\\/uploads\\\/2025\\\/08\\\/1A-Banner-1-portada-imagen-10-1-copia-11.webp\",\"keywords\":[\"destructores\",\"Estados Unidos\",\"milicia\"],\"articleSection\":[\"Noticias Internacionales\"],\"inLanguage\":\"es\",\"potentialAction\":[{\"@type\":\"CommentAction\",\"name\":\"Comment\",\"target\":[\"https:\\\/\\\/webdelmaestrocmf.com\\\/portal\\\/estados-unidos-despliega-destructores-en-el-caribe-y-maduro-moviliza-a-su-milicia\\\/#respond\"]}]},{\"@type\":\"WebPage\",\"@id\":\"https:\\\/\\\/webdelmaestrocmf.com\\\/portal\\\/estados-unidos-despliega-destructores-en-el-caribe-y-maduro-moviliza-a-su-milicia\\\/\",\"url\":\"https:\\\/\\\/webdelmaestrocmf.com\\\/portal\\\/estados-unidos-despliega-destructores-en-el-caribe-y-maduro-moviliza-a-su-milicia\\\/\",\"name\":\"Estados Unidos despliega destructores en el Caribe y Maduro moviliza a su milicia - 2026\",\"isPartOf\":{\"@id\":\"https:\\\/\\\/webdelmaestrocmf.com\\\/portal\\\/#website\"},\"primaryImageOfPage\":{\"@id\":\"https:\\\/\\\/webdelmaestrocmf.com\\\/portal\\\/estados-unidos-despliega-destructores-en-el-caribe-y-maduro-moviliza-a-su-milicia\\\/#primaryimage\"},\"image\":{\"@id\":\"https:\\\/\\\/webdelmaestrocmf.com\\\/portal\\\/estados-unidos-despliega-destructores-en-el-caribe-y-maduro-moviliza-a-su-milicia\\\/#primaryimage\"},\"thumbnailUrl\":\"https:\\\/\\\/webdelmaestrocmf.com\\\/portal\\\/wp-content\\\/uploads\\\/2025\\\/08\\\/1A-Banner-1-portada-imagen-10-1-copia-11.webp\",\"datePublished\":\"2025-08-19T22:39:57+00:00\",\"dateModified\":\"2025-08-19T22:53:09+00:00\",\"description\":\"La Casa Blanca esta dispuesta a usar \u201ctodos los elementos de su poder\u201d para frenar el ingreso de drogas y responsabiliz\u00f3 a Maduro...\",\"breadcrumb\":{\"@id\":\"https:\\\/\\\/webdelmaestrocmf.com\\\/portal\\\/estados-unidos-despliega-destructores-en-el-caribe-y-maduro-moviliza-a-su-milicia\\\/#breadcrumb\"},\"inLanguage\":\"es\",\"potentialAction\":[{\"@type\":\"ReadAction\",\"target\":[\"https:\\\/\\\/webdelmaestrocmf.com\\\/portal\\\/estados-unidos-despliega-destructores-en-el-caribe-y-maduro-moviliza-a-su-milicia\\\/\"]}]},{\"@type\":\"ImageObject\",\"inLanguage\":\"es\",\"@id\":\"https:\\\/\\\/webdelmaestrocmf.com\\\/portal\\\/estados-unidos-despliega-destructores-en-el-caribe-y-maduro-moviliza-a-su-milicia\\\/#primaryimage\",\"url\":\"https:\\\/\\\/webdelmaestrocmf.com\\\/portal\\\/wp-content\\\/uploads\\\/2025\\\/08\\\/1A-Banner-1-portada-imagen-10-1-copia-11.webp\",\"contentUrl\":\"https:\\\/\\\/webdelmaestrocmf.com\\\/portal\\\/wp-content\\\/uploads\\\/2025\\\/08\\\/1A-Banner-1-portada-imagen-10-1-copia-11.webp\",\"width\":1003,\"height\":667},{\"@type\":\"BreadcrumbList\",\"@id\":\"https:\\\/\\\/webdelmaestrocmf.com\\\/portal\\\/estados-unidos-despliega-destructores-en-el-caribe-y-maduro-moviliza-a-su-milicia\\\/#breadcrumb\",\"itemListElement\":[{\"@type\":\"ListItem\",\"position\":1,\"name\":\"Portada\",\"item\":\"https:\\\/\\\/webdelmaestrocmf.com\\\/portal\\\/\"},{\"@type\":\"ListItem\",\"position\":2,\"name\":\"Noticias Internacionales\",\"item\":\"https:\\\/\\\/webdelmaestrocmf.com\\\/portal\\\/category\\\/noticias-internacionales\\\/\"},{\"@type\":\"ListItem\",\"position\":3,\"name\":\"Estados Unidos despliega destructores en el Caribe y Maduro moviliza a su milicia\"}]},{\"@type\":\"WebSite\",\"@id\":\"https:\\\/\\\/webdelmaestrocmf.com\\\/portal\\\/#website\",\"url\":\"https:\\\/\\\/webdelmaestrocmf.com\\\/portal\\\/\",\"name\":\"Web del Maestro CMF\",\"description\":\"Maestros al servicio de la educaci\u00f3n\",\"publisher\":{\"@id\":\"https:\\\/\\\/webdelmaestrocmf.com\\\/portal\\\/#organization\"},\"alternateName\":\"WMCMF\",\"potentialAction\":[{\"@type\":\"SearchAction\",\"target\":{\"@type\":\"EntryPoint\",\"urlTemplate\":\"https:\\\/\\\/webdelmaestrocmf.com\\\/portal\\\/?s={search_term_string}\"},\"query-input\":{\"@type\":\"PropertyValueSpecification\",\"valueRequired\":true,\"valueName\":\"search_term_string\"}}],\"inLanguage\":\"es\"},{\"@type\":\"Organization\",\"@id\":\"https:\\\/\\\/webdelmaestrocmf.com\\\/portal\\\/#organization\",\"name\":\"Web del Maestro CMF\",\"alternateName\":\"WMCMF\",\"url\":\"https:\\\/\\\/webdelmaestrocmf.com\\\/portal\\\/\",\"logo\":{\"@type\":\"ImageObject\",\"inLanguage\":\"es\",\"@id\":\"https:\\\/\\\/webdelmaestrocmf.com\\\/portal\\\/#\\\/schema\\\/logo\\\/image\\\/\",\"url\":\"https:\\\/\\\/webdelmaestrocmf.com\\\/portal\\\/wp-content\\\/uploads\\\/2023\\\/01\\\/logo-wmcmf-2.png\",\"contentUrl\":\"https:\\\/\\\/webdelmaestrocmf.com\\\/portal\\\/wp-content\\\/uploads\\\/2023\\\/01\\\/logo-wmcmf-2.png\",\"width\":200,\"height\":60,\"caption\":\"Web del Maestro CMF\"},\"image\":{\"@id\":\"https:\\\/\\\/webdelmaestrocmf.com\\\/portal\\\/#\\\/schema\\\/logo\\\/image\\\/\"},\"sameAs\":[\"https:\\\/\\\/www.facebook.com\\\/WebdelMaestroCMF\\\/\",\"https:\\\/\\\/x.com\\\/cmf_w\",\"https:\\\/\\\/www.pinterest.com\\\/WMCMF\\\/\",\"https:\\\/\\\/www.linkedin.com\\\/company\\\/web-del-maestro-cmf\\\/\",\"https:\\\/\\\/www.instagram.com\\\/wmcmf\\\/\",\"https:\\\/\\\/www.youtube.com\\\/channel\\\/UCDPSvjbdodE5sHnC3OxutHw\",\"https:\\\/\\\/mastodon.social\\\/@wmcmf\",\"https:\\\/\\\/www.tiktok.com\\\/@webdelmaestrocmf\"]},{\"@type\":\"Person\",\"@id\":\"https:\\\/\\\/webdelmaestrocmf.com\\\/portal\\\/#\\\/schema\\\/person\\\/1072a2ed7bd960df8ef99a551fa35dc5\",\"name\":\"Web del Maestro CMF\",\"image\":{\"@type\":\"ImageObject\",\"inLanguage\":\"es\",\"@id\":\"https:\\\/\\\/secure.gravatar.com\\\/avatar\\\/23291dd5b5ae1077dcff3dbb04c3e02bd28403fa75af6d8787d5e97c5bbbe30b?s=96&d=mm&r=g\",\"url\":\"https:\\\/\\\/secure.gravatar.com\\\/avatar\\\/23291dd5b5ae1077dcff3dbb04c3e02bd28403fa75af6d8787d5e97c5bbbe30b?s=96&d=mm&r=g\",\"contentUrl\":\"https:\\\/\\\/secure.gravatar.com\\\/avatar\\\/23291dd5b5ae1077dcff3dbb04c3e02bd28403fa75af6d8787d5e97c5bbbe30b?s=96&d=mm&r=g\",\"caption\":\"Web del Maestro CMF\"},\"description\":\"Esta Web se cre\u00f3 sin fines de lucro, con fines educativos, cient\u00edficos y acad\u00e9micos, para personas que tengan dificultades y\\\/o inconvenientes en visualizar el material original. El objetivo es entregar recursos, compartir experiencias y materiales que ayuden a los padres de familia, maestros y estudiantes en su actualizaci\u00f3n y formaci\u00f3n permanente, en bien de la Educaci\u00f3n.\",\"sameAs\":[\"http:\\\/\\\/webdelmaestrocmf.com\\\/portal\",\"https:\\\/\\\/www.facebook.com\\\/WebdelMaestroCMF\\\/\",\"https:\\\/\\\/www.instagram.com\\\/wmcmf\\\/\",\"https:\\\/\\\/cl.linkedin.com\\\/company\\\/web-del-maestro-cmf\",\"https:\\\/\\\/www.pinterest.com\\\/WMCMF\\\/publicaciones\\\/\",\"https:\\\/\\\/x.com\\\/cmf_w\",\"https:\\\/\\\/www.youtube.com\\\/@WMCMF\"]}]}<\/script>\n<!-- \/ Yoast SEO plugin. -->","yoast_head_json":{"title":"Estados Unidos despliega destructores en el Caribe y Maduro moviliza a su milicia - 2026","description":"La Casa Blanca esta dispuesta a usar \u201ctodos los elementos de su poder\u201d para frenar el ingreso de drogas y responsabiliz\u00f3 a Maduro...","robots":{"index":"index","follow":"follow","max-snippet":"max-snippet:-1","max-image-preview":"max-image-preview:large","max-video-preview":"max-video-preview:-1"},"canonical":"https:\/\/webdelmaestrocmf.com\/portal\/estados-unidos-despliega-destructores-en-el-caribe-y-maduro-moviliza-a-su-milicia\/","og_locale":"es_ES","og_type":"article","og_title":"Estados Unidos despliega destructores en el Caribe y Maduro moviliza a su milicia - 2026","og_description":"La Casa Blanca esta dispuesta a usar \u201ctodos los elementos de su poder\u201d para frenar el ingreso de drogas y responsabiliz\u00f3 a Maduro...","og_url":"https:\/\/webdelmaestrocmf.com\/portal\/estados-unidos-despliega-destructores-en-el-caribe-y-maduro-moviliza-a-su-milicia\/","og_site_name":"Web del Maestro CMF","article_publisher":"https:\/\/www.facebook.com\/WebdelMaestroCMF\/","article_author":"https:\/\/www.facebook.com\/WebdelMaestroCMF\/","article_published_time":"2025-08-19T22:39:57+00:00","article_modified_time":"2025-08-19T22:53:09+00:00","og_image":[{"width":1003,"height":667,"url":"https:\/\/webdelmaestrocmf.com\/portal\/wp-content\/uploads\/2025\/08\/1A-Banner-1-portada-imagen-10-1-copia-11.webp","type":"image\/webp"}],"author":"Web del Maestro CMF","twitter_card":"summary_large_image","twitter_creator":"@cmf_w","twitter_site":"@cmf_w","schema":{"@context":"https:\/\/schema.org","@graph":[{"@type":"ScholarlyArticle","@id":"https:\/\/webdelmaestrocmf.com\/portal\/estados-unidos-despliega-destructores-en-el-caribe-y-maduro-moviliza-a-su-milicia\/#article","isPartOf":{"@id":"https:\/\/webdelmaestrocmf.com\/portal\/estados-unidos-despliega-destructores-en-el-caribe-y-maduro-moviliza-a-su-milicia\/"},"author":{"name":"Web del Maestro CMF","@id":"https:\/\/webdelmaestrocmf.com\/portal\/#\/schema\/person\/1072a2ed7bd960df8ef99a551fa35dc5"},"headline":"Estados Unidos despliega destructores en el Caribe y Maduro moviliza a su milicia","datePublished":"2025-08-19T22:39:57+00:00","dateModified":"2025-08-19T22:53:09+00:00","mainEntityOfPage":{"@id":"https:\/\/webdelmaestrocmf.com\/portal\/estados-unidos-despliega-destructores-en-el-caribe-y-maduro-moviliza-a-su-milicia\/"},"wordCount":481,"commentCount":128,"publisher":{"@id":"https:\/\/webdelmaestrocmf.com\/portal\/#organization"},"image":{"@id":"https:\/\/webdelmaestrocmf.com\/portal\/estados-unidos-despliega-destructores-en-el-caribe-y-maduro-moviliza-a-su-milicia\/#primaryimage"},"thumbnailUrl":"https:\/\/webdelmaestrocmf.com\/portal\/wp-content\/uploads\/2025\/08\/1A-Banner-1-portada-imagen-10-1-copia-11.webp","keywords":["destructores","Estados Unidos","milicia"],"articleSection":["Noticias Internacionales"],"inLanguage":"es","potentialAction":[{"@type":"CommentAction","name":"Comment","target":["https:\/\/webdelmaestrocmf.com\/portal\/estados-unidos-despliega-destructores-en-el-caribe-y-maduro-moviliza-a-su-milicia\/#respond"]}]},{"@type":"WebPage","@id":"https:\/\/webdelmaestrocmf.com\/portal\/estados-unidos-despliega-destructores-en-el-caribe-y-maduro-moviliza-a-su-milicia\/","url":"https:\/\/webdelmaestrocmf.com\/portal\/estados-unidos-despliega-destructores-en-el-caribe-y-maduro-moviliza-a-su-milicia\/","name":"Estados Unidos despliega destructores en el Caribe y Maduro moviliza a su milicia - 2026","isPartOf":{"@id":"https:\/\/webdelmaestrocmf.com\/portal\/#website"},"primaryImageOfPage":{"@id":"https:\/\/webdelmaestrocmf.com\/portal\/estados-unidos-despliega-destructores-en-el-caribe-y-maduro-moviliza-a-su-milicia\/#primaryimage"},"image":{"@id":"https:\/\/webdelmaestrocmf.com\/portal\/estados-unidos-despliega-destructores-en-el-caribe-y-maduro-moviliza-a-su-milicia\/#primaryimage"},"thumbnailUrl":"https:\/\/webdelmaestrocmf.com\/portal\/wp-content\/uploads\/2025\/08\/1A-Banner-1-portada-imagen-10-1-copia-11.webp","datePublished":"2025-08-19T22:39:57+00:00","dateModified":"2025-08-19T22:53:09+00:00","description":"La Casa Blanca esta dispuesta a usar \u201ctodos los elementos de su poder\u201d para frenar el ingreso de drogas y responsabiliz\u00f3 a Maduro...","breadcrumb":{"@id":"https:\/\/webdelmaestrocmf.com\/portal\/estados-unidos-despliega-destructores-en-el-caribe-y-maduro-moviliza-a-su-milicia\/#breadcrumb"},"inLanguage":"es","potentialAction":[{"@type":"ReadAction","target":["https:\/\/webdelmaestrocmf.com\/portal\/estados-unidos-despliega-destructores-en-el-caribe-y-maduro-moviliza-a-su-milicia\/"]}]},{"@type":"ImageObject","inLanguage":"es","@id":"https:\/\/webdelmaestrocmf.com\/portal\/estados-unidos-despliega-destructores-en-el-caribe-y-maduro-moviliza-a-su-milicia\/#primaryimage","url":"https:\/\/webdelmaestrocmf.com\/portal\/wp-content\/uploads\/2025\/08\/1A-Banner-1-portada-imagen-10-1-copia-11.webp","contentUrl":"https:\/\/webdelmaestrocmf.com\/portal\/wp-content\/uploads\/2025\/08\/1A-Banner-1-portada-imagen-10-1-copia-11.webp","width":1003,"height":667},{"@type":"BreadcrumbList","@id":"https:\/\/webdelmaestrocmf.com\/portal\/estados-unidos-despliega-destructores-en-el-caribe-y-maduro-moviliza-a-su-milicia\/#breadcrumb","itemListElement":[{"@type":"ListItem","position":1,"name":"Portada","item":"https:\/\/webdelmaestrocmf.com\/portal\/"},{"@type":"ListItem","position":2,"name":"Noticias Internacionales","item":"https:\/\/webdelmaestrocmf.com\/portal\/category\/noticias-internacionales\/"},{"@type":"ListItem","position":3,"name":"Estados Unidos despliega destructores en el Caribe y Maduro moviliza a su milicia"}]},{"@type":"WebSite","@id":"https:\/\/webdelmaestrocmf.com\/portal\/#website","url":"https:\/\/webdelmaestrocmf.com\/portal\/","name":"Web del Maestro CMF","description":"Maestros al servicio de la educaci\u00f3n","publisher":{"@id":"https:\/\/webdelmaestrocmf.com\/portal\/#organization"},"alternateName":"WMCMF","potentialAction":[{"@type":"SearchAction","target":{"@type":"EntryPoint","urlTemplate":"https:\/\/webdelmaestrocmf.com\/portal\/?s={search_term_string}"},"query-input":{"@type":"PropertyValueSpecification","valueRequired":true,"valueName":"search_term_string"}}],"inLanguage":"es"},{"@type":"Organization","@id":"https:\/\/webdelmaestrocmf.com\/portal\/#organization","name":"Web del Maestro CMF","alternateName":"WMCMF","url":"https:\/\/webdelmaestrocmf.com\/portal\/","logo":{"@type":"ImageObject","inLanguage":"es","@id":"https:\/\/webdelmaestrocmf.com\/portal\/#\/schema\/logo\/image\/","url":"https:\/\/webdelmaestrocmf.com\/portal\/wp-content\/uploads\/2023\/01\/logo-wmcmf-2.png","contentUrl":"https:\/\/webdelmaestrocmf.com\/portal\/wp-content\/uploads\/2023\/01\/logo-wmcmf-2.png","width":200,"height":60,"caption":"Web del Maestro CMF"},"image":{"@id":"https:\/\/webdelmaestrocmf.com\/portal\/#\/schema\/logo\/image\/"},"sameAs":["https:\/\/www.facebook.com\/WebdelMaestroCMF\/","https:\/\/x.com\/cmf_w","https:\/\/www.pinterest.com\/WMCMF\/","https:\/\/www.linkedin.com\/company\/web-del-maestro-cmf\/","https:\/\/www.instagram.com\/wmcmf\/","https:\/\/www.youtube.com\/channel\/UCDPSvjbdodE5sHnC3OxutHw","https:\/\/mastodon.social\/@wmcmf","https:\/\/www.tiktok.com\/@webdelmaestrocmf"]},{"@type":"Person","@id":"https:\/\/webdelmaestrocmf.com\/portal\/#\/schema\/person\/1072a2ed7bd960df8ef99a551fa35dc5","name":"Web del Maestro CMF","image":{"@type":"ImageObject","inLanguage":"es","@id":"https:\/\/secure.gravatar.com\/avatar\/23291dd5b5ae1077dcff3dbb04c3e02bd28403fa75af6d8787d5e97c5bbbe30b?s=96&d=mm&r=g","url":"https:\/\/secure.gravatar.com\/avatar\/23291dd5b5ae1077dcff3dbb04c3e02bd28403fa75af6d8787d5e97c5bbbe30b?s=96&d=mm&r=g","contentUrl":"https:\/\/secure.gravatar.com\/avatar\/23291dd5b5ae1077dcff3dbb04c3e02bd28403fa75af6d8787d5e97c5bbbe30b?s=96&d=mm&r=g","caption":"Web del Maestro CMF"},"description":"Esta Web se cre\u00f3 sin fines de lucro, con fines educativos, cient\u00edficos y acad\u00e9micos, para personas que tengan dificultades y\/o inconvenientes en visualizar el material original. El objetivo es entregar recursos, compartir experiencias y materiales que ayuden a los padres de familia, maestros y estudiantes en su actualizaci\u00f3n y formaci\u00f3n permanente, en bien de la Educaci\u00f3n.","sameAs":["http:\/\/webdelmaestrocmf.com\/portal","https:\/\/www.facebook.com\/WebdelMaestroCMF\/","https:\/\/www.instagram.com\/wmcmf\/","https:\/\/cl.linkedin.com\/company\/web-del-maestro-cmf","https:\/\/www.pinterest.com\/WMCMF\/publicaciones\/","https:\/\/x.com\/cmf_w","https:\/\/www.youtube.com\/@WMCMF"]}]}},"jetpack_featured_media_url":"https:\/\/webdelmaestrocmf.com\/portal\/wp-content\/uploads\/2025\/08\/1A-Banner-1-portada-imagen-10-1-copia-11.webp","jetpack_sharing_enabled":true,"jetpack-related-posts":[{"id":111994,"url":"https:\/\/webdelmaestrocmf.com\/portal\/venezuela-y-estados-unidos-escalada-de-tension-militar-y-diplomatica\/","url_meta":{"origin":111915,"position":0},"title":"Venezuela y Estados Unidos: escalada de tensi\u00f3n militar y diplom\u00e1tica","author":"Web del Maestro CMF","date":"23 agosto, 2025","format":false,"excerpt":"La tensi\u00f3n entre Estados Unidos y Venezuela crece con despliegue militar, acusaciones de narcotr\u00e1fico y un posible conflicto regional.","rel":"","context":"En \u00abNoticias Internacionales\u00bb","block_context":{"text":"Noticias Internacionales","link":"https:\/\/webdelmaestrocmf.com\/portal\/category\/noticias-internacionales\/"},"img":{"alt_text":"","src":"https:\/\/i0.wp.com\/webdelmaestrocmf.com\/portal\/wp-content\/uploads\/2025\/08\/1A-Banner-1-portada-imagen-10-1-copia-14.webp?resize=350%2C200&ssl=1","width":350,"height":200,"srcset":"https:\/\/i0.wp.com\/webdelmaestrocmf.com\/portal\/wp-content\/uploads\/2025\/08\/1A-Banner-1-portada-imagen-10-1-copia-14.webp?resize=350%2C200&ssl=1 1x, https:\/\/i0.wp.com\/webdelmaestrocmf.com\/portal\/wp-content\/uploads\/2025\/08\/1A-Banner-1-portada-imagen-10-1-copia-14.webp?resize=525%2C300&ssl=1 1.5x, https:\/\/i0.wp.com\/webdelmaestrocmf.com\/portal\/wp-content\/uploads\/2025\/08\/1A-Banner-1-portada-imagen-10-1-copia-14.webp?resize=700%2C400&ssl=1 2x"},"classes":[]},{"id":112157,"url":"https:\/\/webdelmaestrocmf.com\/portal\/trump-anuncia-el-hundimiento-de-un-segundo-barco-venezolano-acusado-de-narcotrafico\/","url_meta":{"origin":111915,"position":1},"title":"Trump anuncia el hundimiento de un segundo barco venezolano acusado de narcotr\u00e1fico","author":"Web del Maestro CMF","date":"15 septiembre, 2025","format":false,"excerpt":"Trump ordena hundir un segundo barco venezolano acusado de narcotr\u00e1fico; murieron tres hombres, generando tensiones internacionales y cr\u00edticas legales crecientes.","rel":"","context":"En \u00abNoticias Internacionales\u00bb","block_context":{"text":"Noticias Internacionales","link":"https:\/\/webdelmaestrocmf.com\/portal\/category\/noticias-internacionales\/"},"img":{"alt_text":"","src":"https:\/\/i0.wp.com\/webdelmaestrocmf.com\/portal\/wp-content\/uploads\/2025\/09\/1A-Banner-1-portada-imagen-10-1-copia-2025-09-15T191120.547.webp?resize=350%2C200&ssl=1","width":350,"height":200,"srcset":"https:\/\/i0.wp.com\/webdelmaestrocmf.com\/portal\/wp-content\/uploads\/2025\/09\/1A-Banner-1-portada-imagen-10-1-copia-2025-09-15T191120.547.webp?resize=350%2C200&ssl=1 1x, https:\/\/i0.wp.com\/webdelmaestrocmf.com\/portal\/wp-content\/uploads\/2025\/09\/1A-Banner-1-portada-imagen-10-1-copia-2025-09-15T191120.547.webp?resize=525%2C300&ssl=1 1.5x, https:\/\/i0.wp.com\/webdelmaestrocmf.com\/portal\/wp-content\/uploads\/2025\/09\/1A-Banner-1-portada-imagen-10-1-copia-2025-09-15T191120.547.webp?resize=700%2C400&ssl=1 2x"},"classes":[]},{"id":110306,"url":"https:\/\/webdelmaestrocmf.com\/portal\/trump-anuncia-un-ataque-exitoso-contra-las-tres-instalaciones-nucleares-de-iran\/","url_meta":{"origin":111915,"position":2},"title":"Trump anuncia un ataque \u00abexitoso\u00bb contra las tres instalaciones nucleares de Ir\u00e1n","author":"Web del Maestro CMF","date":"21 junio, 2025","format":false,"excerpt":"\u201cNing\u00fan otro ej\u00e9rcito en el mundo podr\u00eda haberlo hecho\u201d.","rel":"","context":"En \u00abNoticias Internacionales\u00bb","block_context":{"text":"Noticias Internacionales","link":"https:\/\/webdelmaestrocmf.com\/portal\/category\/noticias-internacionales\/"},"img":{"alt_text":"","src":"https:\/\/i0.wp.com\/webdelmaestrocmf.com\/portal\/wp-content\/uploads\/2025\/06\/1A-Banner-1-portada-imagen-10-1-copia-22.jpg?resize=350%2C200&ssl=1","width":350,"height":200,"srcset":"https:\/\/i0.wp.com\/webdelmaestrocmf.com\/portal\/wp-content\/uploads\/2025\/06\/1A-Banner-1-portada-imagen-10-1-copia-22.jpg?resize=350%2C200&ssl=1 1x, https:\/\/i0.wp.com\/webdelmaestrocmf.com\/portal\/wp-content\/uploads\/2025\/06\/1A-Banner-1-portada-imagen-10-1-copia-22.jpg?resize=525%2C300&ssl=1 1.5x, https:\/\/i0.wp.com\/webdelmaestrocmf.com\/portal\/wp-content\/uploads\/2025\/06\/1A-Banner-1-portada-imagen-10-1-copia-22.jpg?resize=700%2C400&ssl=1 2x"},"classes":[]},{"id":115580,"url":"https:\/\/webdelmaestrocmf.com\/portal\/que-se-sabe-del-ataque-de-ee-uu-e-israel-contra-iran-y-de-la-respuesta-de-teheran-en-medio-oriente\/","url_meta":{"origin":111915,"position":3},"title":"\u00daltimo minuto: El Ministerio de Defensa de Kuwait confirm\u00f3 que varios aviones militares de EEUU se estrellaron en su territorio","author":"Web del Maestro CMF","date":"28 febrero, 2026","format":false,"excerpt":"Varios aviones militares estadounidenses se estrellaron la ma\u00f1ana de este lunes en Kuwait, pero sus tripulantes sobrevivieron. Mientras tanto, Israel llev\u00f3 a cabo bombardeos en L\u00edbano, en un contexto de creciente tensi\u00f3n y escalada militar.","rel":"","context":"En \u00abNoticias Internacionales\u00bb","block_context":{"text":"Noticias Internacionales","link":"https:\/\/webdelmaestrocmf.com\/portal\/category\/noticias-internacionales\/"},"img":{"alt_text":"","src":"https:\/\/i0.wp.com\/webdelmaestrocmf.com\/portal\/wp-content\/uploads\/2026\/02\/1A-Banner-1-portada-imagen-10-1-copia-7-2.webp?resize=350%2C200&ssl=1","width":350,"height":200,"srcset":"https:\/\/i0.wp.com\/webdelmaestrocmf.com\/portal\/wp-content\/uploads\/2026\/02\/1A-Banner-1-portada-imagen-10-1-copia-7-2.webp?resize=350%2C200&ssl=1 1x, https:\/\/i0.wp.com\/webdelmaestrocmf.com\/portal\/wp-content\/uploads\/2026\/02\/1A-Banner-1-portada-imagen-10-1-copia-7-2.webp?resize=525%2C300&ssl=1 1.5x, https:\/\/i0.wp.com\/webdelmaestrocmf.com\/portal\/wp-content\/uploads\/2026\/02\/1A-Banner-1-portada-imagen-10-1-copia-7-2.webp?resize=700%2C400&ssl=1 2x"},"classes":[]},{"id":93957,"url":"https:\/\/webdelmaestrocmf.com\/portal\/como-educar-sin-miedo-el-gran-desafio-que-enfrentan-las-comunidades-educativas-en-el-pais\/","url_meta":{"origin":111915,"position":4},"title":"\u00bfC\u00f3mo educar sin miedo? El desaf\u00edo que los docentes afrontan despu\u00e9s de las agresiones a las que se exponen","author":"Web del Maestro CMF","date":"3 septiembre, 2023","format":false,"excerpt":"En un contexto marcado por la creciente violencia y desconfianza dentro y alrededor de los establecimientos educativos, la labor de formaci\u00f3n en la ense\u00f1anza b\u00e1sica y media se convierte en un desaf\u00edo cada vez m\u00e1s complejo. \u00bfC\u00f3mo pueden las comunidades educativas abordar este problema de manera efectiva? Parte de la\u2026","rel":"","context":"En \u00abNoticias\u00bb","block_context":{"text":"Noticias","link":"https:\/\/webdelmaestrocmf.com\/portal\/category\/pedagogia\/noticias-pedagogia\/"},"img":{"alt_text":"desaf\u00edo","src":"https:\/\/i0.wp.com\/webdelmaestrocmf.com\/portal\/wp-content\/uploads\/2023\/09\/A12B3C4D-91.jpg?resize=350%2C200&ssl=1","width":350,"height":200,"srcset":"https:\/\/i0.wp.com\/webdelmaestrocmf.com\/portal\/wp-content\/uploads\/2023\/09\/A12B3C4D-91.jpg?resize=350%2C200&ssl=1 1x, https:\/\/i0.wp.com\/webdelmaestrocmf.com\/portal\/wp-content\/uploads\/2023\/09\/A12B3C4D-91.jpg?resize=525%2C300&ssl=1 1.5x, https:\/\/i0.wp.com\/webdelmaestrocmf.com\/portal\/wp-content\/uploads\/2023\/09\/A12B3C4D-91.jpg?resize=700%2C400&ssl=1 2x"},"classes":[]},{"id":114449,"url":"https:\/\/webdelmaestrocmf.com\/portal\/eeuu-anuncia-la-captura-de-nicolas-maduro-tras-una-operacion-militar-aerea-sobre-caracas-y-regiones-cercanas\/","url_meta":{"origin":111915,"position":5},"title":"\u00daltima hora del ataque de Estados Unidos a Venezuela | EE UU ataca Venezuela y Trump afirma que Maduro ha sido \u201ccapturado y trasladado\u201d fuera del pa\u00eds","author":"Web del Maestro CMF","date":"3 enero, 2026","format":false,"excerpt":"Trump confirma la detenci\u00f2n de Maduro.","rel":"","context":"En \u00abNoticias Internacionales\u00bb","block_context":{"text":"Noticias Internacionales","link":"https:\/\/webdelmaestrocmf.com\/portal\/category\/noticias-internacionales\/"},"img":{"alt_text":"","src":"https:\/\/i0.wp.com\/webdelmaestrocmf.com\/portal\/wp-content\/uploads\/2026\/01\/1A-Banner-1-portada-imagen-10-1-copia-5.webp?resize=350%2C200&ssl=1","width":350,"height":200,"srcset":"https:\/\/i0.wp.com\/webdelmaestrocmf.com\/portal\/wp-content\/uploads\/2026\/01\/1A-Banner-1-portada-imagen-10-1-copia-5.webp?resize=350%2C200&ssl=1 1x, https:\/\/i0.wp.com\/webdelmaestrocmf.com\/portal\/wp-content\/uploads\/2026\/01\/1A-Banner-1-portada-imagen-10-1-copia-5.webp?resize=525%2C300&ssl=1 1.5x, https:\/\/i0.wp.com\/webdelmaestrocmf.com\/portal\/wp-content\/uploads\/2026\/01\/1A-Banner-1-portada-imagen-10-1-copia-5.webp?resize=700%2C400&ssl=1 2x"},"classes":[]}],"_links":{"self":[{"href":"https:\/\/webdelmaestrocmf.com\/portal\/wp-json\/wp\/v2\/posts\/111915","targetHints":{"allow":["GET"]}}],"collection":[{"href":"https:\/\/webdelmaestrocmf.com\/portal\/wp-json\/wp\/v2\/posts"}],"about":[{"href":"https:\/\/webdelmaestrocmf.com\/portal\/wp-json\/wp\/v2\/types\/post"}],"author":[{"embeddable":true,"href":"https:\/\/webdelmaestrocmf.com\/portal\/wp-json\/wp\/v2\/users\/1"}],"replies":[{"embeddable":true,"href":"https:\/\/webdelmaestrocmf.com\/portal\/wp-json\/wp\/v2\/comments?post=111915"}],"version-history":[{"count":2,"href":"https:\/\/webdelmaestrocmf.com\/portal\/wp-json\/wp\/v2\/posts\/111915\/revisions"}],"predecessor-version":[{"id":111919,"href":"https:\/\/webdelmaestrocmf.com\/portal\/wp-json\/wp\/v2\/posts\/111915\/revisions\/111919"}],"wp:featuredmedia":[{"embeddable":true,"href":"https:\/\/webdelmaestrocmf.com\/portal\/wp-json\/wp\/v2\/media\/111916"}],"wp:attachment":[{"href":"https:\/\/webdelmaestrocmf.com\/portal\/wp-json\/wp\/v2\/media?parent=111915"}],"wp:term":[{"taxonomy":"category","embeddable":true,"href":"https:\/\/webdelmaestrocmf.com\/portal\/wp-json\/wp\/v2\/categories?post=111915"},{"taxonomy":"post_tag","embeddable":true,"href":"https:\/\/webdelmaestrocmf.com\/portal\/wp-json\/wp\/v2\/tags?post=111915"}],"curies":[{"name":"wp","href":"https:\/\/api.w.org\/{rel}","templated":true}]}}