{"id":111723,"date":"2025-11-28T07:31:00","date_gmt":"2025-11-28T10:31:00","guid":{"rendered":"https:\/\/webdelmaestrocmf.com\/portal\/?p=111723"},"modified":"2025-11-28T16:58:05","modified_gmt":"2025-11-28T19:58:05","slug":"una-guia-para-sanar-como-los-docentes-pueden-utilizar-el-cuaderno-de-talleres-psicoterapeuticos-para-la-reconstruccion-emocional","status":"publish","type":"post","link":"https:\/\/webdelmaestrocmf.com\/portal\/una-guia-para-sanar-como-los-docentes-pueden-utilizar-el-cuaderno-de-talleres-psicoterapeuticos-para-la-reconstruccion-emocional\/","title":{"rendered":"Una gu\u00eda para sanar: c\u00f3mo los docentes pueden utilizar el \u201cCuaderno de talleres psicoterap\u00e9uticos para la reconstrucci\u00f3n emocional\u201d"},"content":{"rendered":"\n<p>En contextos educativos marcados por el dolor, la p\u00e9rdida, el abandono y la crisis emocional de ni\u00f1os, adolescentes y familias, contar con herramientas pr\u00e1cticas y profundas se vuelve indispensable. El <em>Cuaderno de talleres psicoterap\u00e9uticos para la reconstrucci\u00f3n emocional<\/em>, escrito por <strong>Levis Manuel D\u00edaz Puello<\/strong> y publicado por la <strong>Universidad Cat\u00f3lica Luis Amig\u00f3<\/strong>, es una de esas herramientas valiosas que todo docente deber\u00eda conocer.<\/p>\n\n\n\n<p>Este cuaderno ha sido cuidadosamente dise\u00f1ado para ayudar a acompa\u00f1ar, guiar y reconstruir desde lo emocional a quienes atraviesan situaciones dif\u00edciles. No se trata solo de un recurso terap\u00e9utico, sino de un puente entre la educaci\u00f3n emocional y la labor docente cotidiana. Est\u00e1 disponible bajo la <strong>Licencia Creative Commons Atribuci\u00f3n-No Comercial-Sin Derivar 4.0 Internacional<\/strong>, lo que permite su uso responsable y gratuito con fines educativos y terap\u00e9uticos.<\/p>\n\n\n\n<h3 class=\"wp-block-heading\"><strong>\u00bfPor qu\u00e9 es importante para los docentes?<\/strong><\/h3>\n\n\n\n<p>Porque el aula no es ajena al sufrimiento. Ni\u00f1os que han perdido a sus seres queridos, adolescentes que no saben c\u00f3mo expresar sus emociones, estudiantes que vienen de hogares desestructurados\u2026 todos ellos necesitan m\u00e1s que matem\u00e1ticas o historia: necesitan <strong>escucha, contenci\u00f3n y herramientas emocionales<\/strong>.<\/p>\n\n\n\n<p>El cuaderno ofrece <strong>talleres detallados, pr\u00e1cticos y respetuosos<\/strong> que los docentes pueden adaptar o coordinar con profesionales en psicolog\u00eda para integrarlos en sus entornos educativos, especialmente en contextos de convivencia escolar, tutor\u00edas, orientaci\u00f3n o programas de apoyo emocional.<\/p>\n\n\n\n<h3 class=\"wp-block-heading\"><strong>\u00bfQu\u00e9 contiene el cuaderno?<\/strong><\/h3>\n\n\n\n<p>Organizado por etapas del desarrollo humano, cada cap\u00edtulo presenta talleres cuidadosamente elaborados con objetivos claros, comprensiones psicoterap\u00e9uticas, materiales, procedimientos y tareas terap\u00e9uticas.<\/p>\n\n\n\n<h4 class=\"wp-block-heading\"><strong>Temas destacados por etapa:<\/strong><\/h4>\n\n\n\n<ul class=\"wp-block-list\">\n<li><strong>Ni\u00f1ez<\/strong>: duelo infantil, apego, seguridad, confianza.<\/li>\n\n\n\n<li><strong>Infancia<\/strong>: memoria afectiva, abandono, resiliencia.<\/li>\n\n\n\n<li><strong>Adolescencia<\/strong>: emociones reprimidas, escritura terap\u00e9utica, perd\u00f3n, afectividad y v\u00ednculos familiares.<\/li>\n\n\n\n<li><strong>Adultez<\/strong>: reconstrucci\u00f3n afectiva, culpa, p\u00e9rdidas invisibles, v\u00ednculos rotos.<\/li>\n<\/ul>\n\n\n\n<p>Tambi\u00e9n incluye ejercicios de respiraci\u00f3n, din\u00e1micas corporales, cuentos, juegos simb\u00f3licos, cartas, dibujos y rituales que permiten a los participantes expresar lo que las palabras no siempre pueden.<\/p>\n\n\n\n<h3 class=\"wp-block-heading\"><strong>Puntos fuertes del cuaderno:<\/strong><\/h3>\n\n\n\n<ul class=\"wp-block-list\">\n<li>Su lenguaje es claro, respetuoso y profundamente humano.<\/li>\n\n\n\n<li>Cada taller contempla no solo al consultante, sino tambi\u00e9n a padres, cuidadores y el rol del terapeuta.<\/li>\n\n\n\n<li>Brinda <strong>rutinas estructuradas<\/strong> que cualquier profesional puede seguir paso a paso.<\/li>\n\n\n\n<li>Se apoya en <strong>met\u00e1foras, s\u00edmbolos y narrativas<\/strong> que conectan con las emociones de manera profunda.<\/li>\n\n\n\n<li>Es <strong>\u00fatil tanto en sesiones individuales como grupales<\/strong>, y adaptable a escuelas, centros comunitarios y espacios terap\u00e9uticos.<\/li>\n<\/ul>\n\n\n\n<h3 class=\"wp-block-heading\"><strong>Una herramienta para docentes que desean ir m\u00e1s all\u00e1<\/strong><\/h3>\n\n\n\n<p>Este cuaderno no transforma al docente en terapeuta, pero <strong>s\u00ed lo convierte en un acompa\u00f1ante emocional m\u00e1s consciente y preparado<\/strong>. Puede colaborar estrechamente con psic\u00f3logos escolares, derivar casos con m\u00e1s informaci\u00f3n emocional, proponer actividades en tutor\u00edas o simplemente comprender mejor los procesos internos de sus estudiantes.<\/p>\n\n\n\n<h3 class=\"wp-block-heading\"><strong>Gratitud y reconocimiento<\/strong><\/h3>\n\n\n\n<p>Nuestro agradecimiento a <strong>Levis Manuel D\u00edaz Puello<\/strong>, autor de esta obra, y al <strong>Fondo Editorial de la Universidad Cat\u00f3lica Luis Amig\u00f3<\/strong>, por poner al alcance de todos una herramienta tan significativa, nacida de la pr\u00e1ctica cl\u00ednica y del compromiso con la sanaci\u00f3n emocional.<\/p>\n\n\n\n<p>Gracias por recordarnos que <strong>educar tambi\u00e9n es sanar<\/strong>, y que los maestros pueden ser faros de afecto y reconstrucci\u00f3n.<\/p>\n\n\n\n<h3 class=\"wp-block-heading\"><strong>Descarga gratuita<\/strong><\/h3>\n\n\n\n<p>Invitamos a todos los docentes, orientadores y equipos educativos a explorar este recurso y a utilizarlo como un aliado en la labor m\u00e1s importante: cuidar el coraz\u00f3n de sus estudiantes.<\/p>\n\n\n\n<iframe loading=\"lazy\" src=\"https:\/\/drive.google.com\/file\/d\/16iNI69b0HeXaVyrxv6e9sE9TNXX_Xz3G\/preview\" width=\"100%\" height=\"480\" allow=\"autoplay\"><\/iframe>\n\n\n\n<p class=\"has-text-align-right\"><strong>Redacci\u00f3n | Web del Maestro CMF<\/strong><\/p>\n\n\n\n<p class=\"has-text-align-center\">MATERIAL DE DESCARGA: <a href=\"https:\/\/drive.google.com\/drive\/folders\/1n_yuuE2PNuoZaZKJVMtIsF2bNBgFMyss?usp=sharing\" target=\"_blank\" rel=\"noreferrer noopener\">CUADERNO DE TALLERES PSICOTERAP\u00c9UTICOS PARA LA RECONSTRUCCI\u00d3N EMOCIONAL<\/a><\/p>\n\n\n\t\t<div class=\"pk-inline-posts\">\n\t\t\t\n\t\t\t<div class=\"pk-inline-posts-container pk-inline-posts-template-list\"\n\t\t\t\tdata-columns=\"1\">\n\t\t\t\t\t\t<article id=\"post-118272\" class=\"post-118272 post type-post status-publish format-standard has-post-thumbnail category-descarga category-descargas-manuales-pdf category-pedagogia tag-clima-de-aula tag-convivencia-escolar tag-disciplina-positiva-2 tag-gestion-educativa-2 tag-herramientas-educativas tag-incidencias-escolares tag-organizacion-docente tag-practica-pedagogica tag-registro-escolar tag-seguimiento-docente cs-entry cs-video-wrap\">\n\t\t\t<div class=\"pk-post-outer\">\n\n\t\t\t\t\t\t\t\t<div class=\"pk-post-inner\">\n\t\t\t\t\t<div class=\"entry-thumbnail\">\n\t\t\t\t\t\t<div class=\"pk-overlay pk-overlay-ratio pk-ratio-landscape\">\n\t\t\t\t\t\t\t<div class=\"pk-overlay-background\">\n\t\t\t\t\t\t\t\t<a href=\"https:\/\/webdelmaestrocmf.com\/portal\/descarga-las-nuevas-fichas-de-registro-de-incidencias-escolar\/\" class=\"pk-overlay-link\">\n\t\t\t\t\t\t\t\t\t<img loading=\"lazy\" decoding=\"async\" width=\"300\" height=\"225\" src=\"https:\/\/webdelmaestrocmf.com\/portal\/wp-content\/uploads\/2026\/04\/1AA-Banner-1-portada-imagen-10-1-copia-34-300x225.webp\" class=\"attachment-pk-thumbnail size-pk-thumbnail wp-post-image\" alt=\"\" \/>\t\t\t\t\t\t\t\t<\/a>\n\t\t\t\t\t\t\t<\/div>\n\t\t\t\t\t\t<\/div>\n\t\t\t\t\t<\/div>\n\t\t\t\t<\/div>\n\t\t\t\t\n\t\t\t\t<div class=\"pk-post-inner\">\n\t\t\t\t\t<header>\n\t\t\t\t\t\t<h3 class=\"pk-title\"><a href=\"https:\/\/webdelmaestrocmf.com\/portal\/descarga-las-nuevas-fichas-de-registro-de-incidencias-escolar\/\" rel=\"bookmark\">Descarga las nuevas fichas de registro de incidencias escolar<\/a><\/h3>\t\t\t\t\t<\/header><!-- .entry-header -->\n\t\t\t\t<\/div><!-- .post-inner -->\n\n\t\t\t<\/div><!-- .post-outer -->\n\t\t<\/article>\n\t\t\t<article id=\"post-118158\" class=\"post-118158 post type-post status-publish format-standard has-post-thumbnail category-descarga category-descargas-manuales-pdf category-pedagogia tag-aprendizaje-visual tag-ciencias-naturales tag-cuerpo-humano tag-educacion-inicial tag-educacion-primaria tag-ensenanza-de-ciencias tag-fichas-educativas tag-material-didactico tag-recursos-docentes tag-sistemas-humanos cs-entry cs-video-wrap\">\n\t\t\t<div class=\"pk-post-outer\">\n\n\t\t\t\t\t\t\t\t<div class=\"pk-post-inner\">\n\t\t\t\t\t<div class=\"entry-thumbnail\">\n\t\t\t\t\t\t<div class=\"pk-overlay pk-overlay-ratio pk-ratio-landscape\">\n\t\t\t\t\t\t\t<div class=\"pk-overlay-background\">\n\t\t\t\t\t\t\t\t<a href=\"https:\/\/webdelmaestrocmf.com\/portal\/descarga-las-fichas-educativas-de-los-sistemas-del-cuerpo-humano-tres-modelos-y-disenos\/\" class=\"pk-overlay-link\">\n\t\t\t\t\t\t\t\t\t<img loading=\"lazy\" decoding=\"async\" width=\"300\" height=\"225\" src=\"https:\/\/webdelmaestrocmf.com\/portal\/wp-content\/uploads\/2026\/04\/1AA-Banner-1-portada-imagen-10-1-copia-33-300x225.webp\" class=\"attachment-pk-thumbnail size-pk-thumbnail wp-post-image\" alt=\"\" \/>\t\t\t\t\t\t\t\t<\/a>\n\t\t\t\t\t\t\t<\/div>\n\t\t\t\t\t\t<\/div>\n\t\t\t\t\t<\/div>\n\t\t\t\t<\/div>\n\t\t\t\t\n\t\t\t\t<div class=\"pk-post-inner\">\n\t\t\t\t\t<header>\n\t\t\t\t\t\t<h3 class=\"pk-title\"><a href=\"https:\/\/webdelmaestrocmf.com\/portal\/descarga-las-fichas-educativas-de-los-sistemas-del-cuerpo-humano-tres-modelos-y-disenos\/\" rel=\"bookmark\">Descarga las fichas educativas de los Sistemas del cuerpo humano: tres modelos y dise\u00f1os<\/a><\/h3>\t\t\t\t\t<\/header><!-- .entry-header -->\n\t\t\t\t<\/div><!-- .post-inner -->\n\n\t\t\t<\/div><!-- .post-outer -->\n\t\t<\/article>\n\t\t\t<article id=\"post-118127\" class=\"post-118127 post type-post status-publish format-standard has-post-thumbnail category-descarga category-libros category-pedagogia tag-aula tag-docentes tag-educacion-2 tag-evaluacion-2 tag-formacion-docente tag-innovacion-2 tag-inteligencia-artificial tag-planificacion-3 tag-recursos-educativos tag-tecnologia-educativa-2 cs-entry cs-video-wrap\">\n\t\t\t<div class=\"pk-post-outer\">\n\n\t\t\t\t\t\t\t\t<div class=\"pk-post-inner\">\n\t\t\t\t\t<div class=\"entry-thumbnail\">\n\t\t\t\t\t\t<div class=\"pk-overlay pk-overlay-ratio pk-ratio-landscape\">\n\t\t\t\t\t\t\t<div class=\"pk-overlay-background\">\n\t\t\t\t\t\t\t\t<a href=\"https:\/\/webdelmaestrocmf.com\/portal\/guia-completa-de-claude-que-es-esta-guia-y-por-que-es-relevante-para-los-docentes\/\" class=\"pk-overlay-link\">\n\t\t\t\t\t\t\t\t\t<img loading=\"lazy\" decoding=\"async\" width=\"300\" height=\"225\" src=\"https:\/\/webdelmaestrocmf.com\/portal\/wp-content\/uploads\/2026\/04\/1AA-Banner-1-portada-imagen-10-1-copia-32-300x225.webp\" class=\"attachment-pk-thumbnail size-pk-thumbnail wp-post-image\" alt=\"\" \/>\t\t\t\t\t\t\t\t<\/a>\n\t\t\t\t\t\t\t<\/div>\n\t\t\t\t\t\t<\/div>\n\t\t\t\t\t<\/div>\n\t\t\t\t<\/div>\n\t\t\t\t\n\t\t\t\t<div class=\"pk-post-inner\">\n\t\t\t\t\t<header>\n\t\t\t\t\t\t<h3 class=\"pk-title\"><a href=\"https:\/\/webdelmaestrocmf.com\/portal\/guia-completa-de-claude-que-es-esta-guia-y-por-que-es-relevante-para-los-docentes\/\" rel=\"bookmark\">Descarga la gu\u00eda completa de Claude en PDF: \u00bfQu\u00e9 es esta gu\u00eda y por qu\u00e9 es relevante para los docentes?<\/a><\/h3>\t\t\t\t\t<\/header><!-- .entry-header -->\n\t\t\t\t<\/div><!-- .post-inner -->\n\n\t\t\t<\/div><!-- .post-outer -->\n\t\t<\/article>\n\t\t\t\t<\/div>\n\t\t<\/div>\n\t\t\n","protected":false},"excerpt":{"rendered":"Una herramienta emocional que permite a los docentes acompa\u00f1ar procesos de duelo, trauma y afectividad en ni\u00f1os, adolescentes y adultos.","protected":false},"author":1,"featured_media":113710,"comment_status":"open","ping_status":"closed","sticky":false,"template":"","format":"standard","meta":{"csco_display_header_overlay":false,"csco_singular_sidebar":"","csco_page_header_type":"","csco_page_load_nextpost":"","csco_post_video_location":[],"csco_post_video_location_hash":"","csco_post_video_url":"","csco_post_video_bg_start_time":0,"csco_post_video_bg_end_time":0,"csco_post_video_bg_volume":false,"_jetpack_memberships_contains_paid_content":false,"footnotes":""},"categories":[23408],"tags":[3750,399,2121,24064,1993],"class_list":{"0":"post-111723","1":"post","2":"type-post","3":"status-publish","4":"format-standard","5":"has-post-thumbnail","7":"category-descarga","8":"tag-cuaderno","9":"tag-emocional","10":"tag-guia","11":"tag-reconstruccion","12":"tag-talleres","13":"cs-entry","14":"cs-video-wrap"},"yoast_head":"<!-- This site is optimized with the Yoast SEO plugin v27.4 - https:\/\/yoast.com\/product\/yoast-seo-wordpress\/ -->\n<title>Una gu\u00eda para sanar: c\u00f3mo los docentes pueden utilizar el \u201cCuaderno de talleres psicoterap\u00e9uticos para la reconstrucci\u00f3n emocional\u201d - 2026<\/title>\n<meta name=\"description\" content=\"Comunidad de Maestros, Docentes y Profesores, en donde encontrar\u00e1s material, informaci\u00f3n y noticias del \u00e1mbito nacional y mundial.\" \/>\n<meta name=\"robots\" content=\"index, follow, max-snippet:-1, max-image-preview:large, max-video-preview:-1\" \/>\n<link rel=\"canonical\" href=\"https:\/\/webdelmaestrocmf.com\/portal\/una-guia-para-sanar-como-los-docentes-pueden-utilizar-el-cuaderno-de-talleres-psicoterapeuticos-para-la-reconstruccion-emocional\/\" \/>\n<meta property=\"og:locale\" content=\"es_ES\" \/>\n<meta property=\"og:type\" content=\"article\" \/>\n<meta property=\"og:title\" content=\"Una gu\u00eda para sanar: c\u00f3mo los docentes pueden utilizar el \u201cCuaderno de talleres psicoterap\u00e9uticos para la reconstrucci\u00f3n emocional\u201d - 2026\" \/>\n<meta property=\"og:description\" content=\"Comunidad de Maestros, Docentes y Profesores, en donde encontrar\u00e1s material, informaci\u00f3n y noticias del \u00e1mbito nacional y mundial.\" \/>\n<meta property=\"og:url\" content=\"https:\/\/webdelmaestrocmf.com\/portal\/una-guia-para-sanar-como-los-docentes-pueden-utilizar-el-cuaderno-de-talleres-psicoterapeuticos-para-la-reconstruccion-emocional\/\" \/>\n<meta property=\"og:site_name\" content=\"Web del Maestro CMF\" \/>\n<meta property=\"article:publisher\" content=\"https:\/\/www.facebook.com\/WebdelMaestroCMF\/\" \/>\n<meta property=\"article:author\" content=\"https:\/\/www.facebook.com\/WebdelMaestroCMF\/\" \/>\n<meta property=\"article:published_time\" content=\"2025-11-28T10:31:00+00:00\" \/>\n<meta property=\"article:modified_time\" content=\"2025-11-28T19:58:05+00:00\" \/>\n<meta property=\"og:image\" content=\"https:\/\/webdelmaestrocmf.com\/portal\/wp-content\/uploads\/2025\/08\/Portada-descarga-2.jpg\" \/>\n\t<meta property=\"og:image:width\" content=\"1000\" \/>\n\t<meta property=\"og:image:height\" content=\"667\" \/>\n\t<meta property=\"og:image:type\" content=\"image\/jpeg\" \/>\n<meta name=\"author\" content=\"Web del Maestro CMF\" \/>\n<meta name=\"twitter:card\" content=\"summary_large_image\" \/>\n<meta name=\"twitter:creator\" content=\"@cmf_w\" \/>\n<meta name=\"twitter:site\" content=\"@cmf_w\" \/>\n<meta name=\"twitter:label1\" content=\"Escrito por\" \/>\n\t<meta name=\"twitter:data1\" content=\"Web del Maestro CMF\" \/>\n\t<meta name=\"twitter:label2\" content=\"Tiempo de lectura\" \/>\n\t<meta name=\"twitter:data2\" content=\"3 minutos\" \/>\n<script type=\"application\/ld+json\" class=\"yoast-schema-graph\">{\"@context\":\"https:\\\/\\\/schema.org\",\"@graph\":[{\"@type\":\"ScholarlyArticle\",\"@id\":\"https:\\\/\\\/webdelmaestrocmf.com\\\/portal\\\/una-guia-para-sanar-como-los-docentes-pueden-utilizar-el-cuaderno-de-talleres-psicoterapeuticos-para-la-reconstruccion-emocional\\\/#article\",\"isPartOf\":{\"@id\":\"https:\\\/\\\/webdelmaestrocmf.com\\\/portal\\\/una-guia-para-sanar-como-los-docentes-pueden-utilizar-el-cuaderno-de-talleres-psicoterapeuticos-para-la-reconstruccion-emocional\\\/\"},\"author\":{\"name\":\"Web del Maestro CMF\",\"@id\":\"https:\\\/\\\/webdelmaestrocmf.com\\\/portal\\\/#\\\/schema\\\/person\\\/1072a2ed7bd960df8ef99a551fa35dc5\"},\"headline\":\"Una gu\u00eda para sanar: c\u00f3mo los docentes pueden utilizar el \u201cCuaderno de talleres psicoterap\u00e9uticos para la reconstrucci\u00f3n emocional\u201d\",\"datePublished\":\"2025-11-28T10:31:00+00:00\",\"dateModified\":\"2025-11-28T19:58:05+00:00\",\"mainEntityOfPage\":{\"@id\":\"https:\\\/\\\/webdelmaestrocmf.com\\\/portal\\\/una-guia-para-sanar-como-los-docentes-pueden-utilizar-el-cuaderno-de-talleres-psicoterapeuticos-para-la-reconstruccion-emocional\\\/\"},\"wordCount\":630,\"commentCount\":0,\"publisher\":{\"@id\":\"https:\\\/\\\/webdelmaestrocmf.com\\\/portal\\\/#organization\"},\"image\":{\"@id\":\"https:\\\/\\\/webdelmaestrocmf.com\\\/portal\\\/una-guia-para-sanar-como-los-docentes-pueden-utilizar-el-cuaderno-de-talleres-psicoterapeuticos-para-la-reconstruccion-emocional\\\/#primaryimage\"},\"thumbnailUrl\":\"https:\\\/\\\/webdelmaestrocmf.com\\\/portal\\\/wp-content\\\/uploads\\\/2025\\\/08\\\/Portada-descarga-2.jpg\",\"keywords\":[\"CUADERNO\",\"EMOCIONAL\",\"GU\u00cdA\",\"reconstrucci\u00f3n\",\"TALLERES\"],\"articleSection\":[\"Descarga\"],\"inLanguage\":\"es\",\"potentialAction\":[{\"@type\":\"CommentAction\",\"name\":\"Comment\",\"target\":[\"https:\\\/\\\/webdelmaestrocmf.com\\\/portal\\\/una-guia-para-sanar-como-los-docentes-pueden-utilizar-el-cuaderno-de-talleres-psicoterapeuticos-para-la-reconstruccion-emocional\\\/#respond\"]}]},{\"@type\":\"WebPage\",\"@id\":\"https:\\\/\\\/webdelmaestrocmf.com\\\/portal\\\/una-guia-para-sanar-como-los-docentes-pueden-utilizar-el-cuaderno-de-talleres-psicoterapeuticos-para-la-reconstruccion-emocional\\\/\",\"url\":\"https:\\\/\\\/webdelmaestrocmf.com\\\/portal\\\/una-guia-para-sanar-como-los-docentes-pueden-utilizar-el-cuaderno-de-talleres-psicoterapeuticos-para-la-reconstruccion-emocional\\\/\",\"name\":\"Una gu\u00eda para sanar: c\u00f3mo los docentes pueden utilizar el \u201cCuaderno de talleres psicoterap\u00e9uticos para la reconstrucci\u00f3n emocional\u201d - 2026\",\"isPartOf\":{\"@id\":\"https:\\\/\\\/webdelmaestrocmf.com\\\/portal\\\/#website\"},\"primaryImageOfPage\":{\"@id\":\"https:\\\/\\\/webdelmaestrocmf.com\\\/portal\\\/una-guia-para-sanar-como-los-docentes-pueden-utilizar-el-cuaderno-de-talleres-psicoterapeuticos-para-la-reconstruccion-emocional\\\/#primaryimage\"},\"image\":{\"@id\":\"https:\\\/\\\/webdelmaestrocmf.com\\\/portal\\\/una-guia-para-sanar-como-los-docentes-pueden-utilizar-el-cuaderno-de-talleres-psicoterapeuticos-para-la-reconstruccion-emocional\\\/#primaryimage\"},\"thumbnailUrl\":\"https:\\\/\\\/webdelmaestrocmf.com\\\/portal\\\/wp-content\\\/uploads\\\/2025\\\/08\\\/Portada-descarga-2.jpg\",\"datePublished\":\"2025-11-28T10:31:00+00:00\",\"dateModified\":\"2025-11-28T19:58:05+00:00\",\"description\":\"Comunidad de Maestros, Docentes y Profesores, en donde encontrar\u00e1s material, informaci\u00f3n y noticias del \u00e1mbito nacional y mundial.\",\"breadcrumb\":{\"@id\":\"https:\\\/\\\/webdelmaestrocmf.com\\\/portal\\\/una-guia-para-sanar-como-los-docentes-pueden-utilizar-el-cuaderno-de-talleres-psicoterapeuticos-para-la-reconstruccion-emocional\\\/#breadcrumb\"},\"inLanguage\":\"es\",\"potentialAction\":[{\"@type\":\"ReadAction\",\"target\":[\"https:\\\/\\\/webdelmaestrocmf.com\\\/portal\\\/una-guia-para-sanar-como-los-docentes-pueden-utilizar-el-cuaderno-de-talleres-psicoterapeuticos-para-la-reconstruccion-emocional\\\/\"]}]},{\"@type\":\"ImageObject\",\"inLanguage\":\"es\",\"@id\":\"https:\\\/\\\/webdelmaestrocmf.com\\\/portal\\\/una-guia-para-sanar-como-los-docentes-pueden-utilizar-el-cuaderno-de-talleres-psicoterapeuticos-para-la-reconstruccion-emocional\\\/#primaryimage\",\"url\":\"https:\\\/\\\/webdelmaestrocmf.com\\\/portal\\\/wp-content\\\/uploads\\\/2025\\\/08\\\/Portada-descarga-2.jpg\",\"contentUrl\":\"https:\\\/\\\/webdelmaestrocmf.com\\\/portal\\\/wp-content\\\/uploads\\\/2025\\\/08\\\/Portada-descarga-2.jpg\",\"width\":1000,\"height\":667},{\"@type\":\"BreadcrumbList\",\"@id\":\"https:\\\/\\\/webdelmaestrocmf.com\\\/portal\\\/una-guia-para-sanar-como-los-docentes-pueden-utilizar-el-cuaderno-de-talleres-psicoterapeuticos-para-la-reconstruccion-emocional\\\/#breadcrumb\",\"itemListElement\":[{\"@type\":\"ListItem\",\"position\":1,\"name\":\"Portada\",\"item\":\"https:\\\/\\\/webdelmaestrocmf.com\\\/portal\\\/\"},{\"@type\":\"ListItem\",\"position\":2,\"name\":\"Descarga\",\"item\":\"https:\\\/\\\/webdelmaestrocmf.com\\\/portal\\\/category\\\/descarga\\\/\"},{\"@type\":\"ListItem\",\"position\":3,\"name\":\"Una gu\u00eda para sanar: c\u00f3mo los docentes pueden utilizar el \u201cCuaderno de talleres psicoterap\u00e9uticos para la reconstrucci\u00f3n emocional\u201d\"}]},{\"@type\":\"WebSite\",\"@id\":\"https:\\\/\\\/webdelmaestrocmf.com\\\/portal\\\/#website\",\"url\":\"https:\\\/\\\/webdelmaestrocmf.com\\\/portal\\\/\",\"name\":\"Web del Maestro CMF\",\"description\":\"Maestros al servicio de la educaci\u00f3n\",\"publisher\":{\"@id\":\"https:\\\/\\\/webdelmaestrocmf.com\\\/portal\\\/#organization\"},\"alternateName\":\"WMCMF\",\"potentialAction\":[{\"@type\":\"SearchAction\",\"target\":{\"@type\":\"EntryPoint\",\"urlTemplate\":\"https:\\\/\\\/webdelmaestrocmf.com\\\/portal\\\/?s={search_term_string}\"},\"query-input\":{\"@type\":\"PropertyValueSpecification\",\"valueRequired\":true,\"valueName\":\"search_term_string\"}}],\"inLanguage\":\"es\"},{\"@type\":\"Organization\",\"@id\":\"https:\\\/\\\/webdelmaestrocmf.com\\\/portal\\\/#organization\",\"name\":\"Web del Maestro CMF\",\"alternateName\":\"WMCMF\",\"url\":\"https:\\\/\\\/webdelmaestrocmf.com\\\/portal\\\/\",\"logo\":{\"@type\":\"ImageObject\",\"inLanguage\":\"es\",\"@id\":\"https:\\\/\\\/webdelmaestrocmf.com\\\/portal\\\/#\\\/schema\\\/logo\\\/image\\\/\",\"url\":\"https:\\\/\\\/webdelmaestrocmf.com\\\/portal\\\/wp-content\\\/uploads\\\/2023\\\/01\\\/logo-wmcmf-2.png\",\"contentUrl\":\"https:\\\/\\\/webdelmaestrocmf.com\\\/portal\\\/wp-content\\\/uploads\\\/2023\\\/01\\\/logo-wmcmf-2.png\",\"width\":200,\"height\":60,\"caption\":\"Web del Maestro CMF\"},\"image\":{\"@id\":\"https:\\\/\\\/webdelmaestrocmf.com\\\/portal\\\/#\\\/schema\\\/logo\\\/image\\\/\"},\"sameAs\":[\"https:\\\/\\\/www.facebook.com\\\/WebdelMaestroCMF\\\/\",\"https:\\\/\\\/x.com\\\/cmf_w\",\"https:\\\/\\\/www.pinterest.com\\\/WMCMF\\\/\",\"https:\\\/\\\/www.linkedin.com\\\/company\\\/web-del-maestro-cmf\\\/\",\"https:\\\/\\\/www.instagram.com\\\/wmcmf\\\/\",\"https:\\\/\\\/www.youtube.com\\\/channel\\\/UCDPSvjbdodE5sHnC3OxutHw\",\"https:\\\/\\\/mastodon.social\\\/@wmcmf\",\"https:\\\/\\\/www.tiktok.com\\\/@webdelmaestrocmf\"]},{\"@type\":\"Person\",\"@id\":\"https:\\\/\\\/webdelmaestrocmf.com\\\/portal\\\/#\\\/schema\\\/person\\\/1072a2ed7bd960df8ef99a551fa35dc5\",\"name\":\"Web del Maestro CMF\",\"image\":{\"@type\":\"ImageObject\",\"inLanguage\":\"es\",\"@id\":\"https:\\\/\\\/secure.gravatar.com\\\/avatar\\\/23291dd5b5ae1077dcff3dbb04c3e02bd28403fa75af6d8787d5e97c5bbbe30b?s=96&d=mm&r=g\",\"url\":\"https:\\\/\\\/secure.gravatar.com\\\/avatar\\\/23291dd5b5ae1077dcff3dbb04c3e02bd28403fa75af6d8787d5e97c5bbbe30b?s=96&d=mm&r=g\",\"contentUrl\":\"https:\\\/\\\/secure.gravatar.com\\\/avatar\\\/23291dd5b5ae1077dcff3dbb04c3e02bd28403fa75af6d8787d5e97c5bbbe30b?s=96&d=mm&r=g\",\"caption\":\"Web del Maestro CMF\"},\"description\":\"Esta Web se cre\u00f3 sin fines de lucro, con fines educativos, cient\u00edficos y acad\u00e9micos, para personas que tengan dificultades y\\\/o inconvenientes en visualizar el material original. El objetivo es entregar recursos, compartir experiencias y materiales que ayuden a los padres de familia, maestros y estudiantes en su actualizaci\u00f3n y formaci\u00f3n permanente, en bien de la Educaci\u00f3n.\",\"sameAs\":[\"http:\\\/\\\/webdelmaestrocmf.com\\\/portal\",\"https:\\\/\\\/www.facebook.com\\\/WebdelMaestroCMF\\\/\",\"https:\\\/\\\/www.instagram.com\\\/wmcmf\\\/\",\"https:\\\/\\\/cl.linkedin.com\\\/company\\\/web-del-maestro-cmf\",\"https:\\\/\\\/www.pinterest.com\\\/WMCMF\\\/publicaciones\\\/\",\"https:\\\/\\\/x.com\\\/cmf_w\",\"https:\\\/\\\/www.youtube.com\\\/@WMCMF\"]}]}<\/script>\n<!-- \/ Yoast SEO plugin. -->","yoast_head_json":{"title":"Una gu\u00eda para sanar: c\u00f3mo los docentes pueden utilizar el \u201cCuaderno de talleres psicoterap\u00e9uticos para la reconstrucci\u00f3n emocional\u201d - 2026","description":"Comunidad de Maestros, Docentes y Profesores, en donde encontrar\u00e1s material, informaci\u00f3n y noticias del \u00e1mbito nacional y mundial.","robots":{"index":"index","follow":"follow","max-snippet":"max-snippet:-1","max-image-preview":"max-image-preview:large","max-video-preview":"max-video-preview:-1"},"canonical":"https:\/\/webdelmaestrocmf.com\/portal\/una-guia-para-sanar-como-los-docentes-pueden-utilizar-el-cuaderno-de-talleres-psicoterapeuticos-para-la-reconstruccion-emocional\/","og_locale":"es_ES","og_type":"article","og_title":"Una gu\u00eda para sanar: c\u00f3mo los docentes pueden utilizar el \u201cCuaderno de talleres psicoterap\u00e9uticos para la reconstrucci\u00f3n emocional\u201d - 2026","og_description":"Comunidad de Maestros, Docentes y Profesores, en donde encontrar\u00e1s material, informaci\u00f3n y noticias del \u00e1mbito nacional y mundial.","og_url":"https:\/\/webdelmaestrocmf.com\/portal\/una-guia-para-sanar-como-los-docentes-pueden-utilizar-el-cuaderno-de-talleres-psicoterapeuticos-para-la-reconstruccion-emocional\/","og_site_name":"Web del Maestro CMF","article_publisher":"https:\/\/www.facebook.com\/WebdelMaestroCMF\/","article_author":"https:\/\/www.facebook.com\/WebdelMaestroCMF\/","article_published_time":"2025-11-28T10:31:00+00:00","article_modified_time":"2025-11-28T19:58:05+00:00","og_image":[{"width":1000,"height":667,"url":"https:\/\/webdelmaestrocmf.com\/portal\/wp-content\/uploads\/2025\/08\/Portada-descarga-2.jpg","type":"image\/jpeg"}],"author":"Web del Maestro CMF","twitter_card":"summary_large_image","twitter_creator":"@cmf_w","twitter_site":"@cmf_w","twitter_misc":{"Escrito por":"Web del Maestro CMF","Tiempo de lectura":"3 minutos"},"schema":{"@context":"https:\/\/schema.org","@graph":[{"@type":"ScholarlyArticle","@id":"https:\/\/webdelmaestrocmf.com\/portal\/una-guia-para-sanar-como-los-docentes-pueden-utilizar-el-cuaderno-de-talleres-psicoterapeuticos-para-la-reconstruccion-emocional\/#article","isPartOf":{"@id":"https:\/\/webdelmaestrocmf.com\/portal\/una-guia-para-sanar-como-los-docentes-pueden-utilizar-el-cuaderno-de-talleres-psicoterapeuticos-para-la-reconstruccion-emocional\/"},"author":{"name":"Web del Maestro CMF","@id":"https:\/\/webdelmaestrocmf.com\/portal\/#\/schema\/person\/1072a2ed7bd960df8ef99a551fa35dc5"},"headline":"Una gu\u00eda para sanar: c\u00f3mo los docentes pueden utilizar el \u201cCuaderno de talleres psicoterap\u00e9uticos para la reconstrucci\u00f3n emocional\u201d","datePublished":"2025-11-28T10:31:00+00:00","dateModified":"2025-11-28T19:58:05+00:00","mainEntityOfPage":{"@id":"https:\/\/webdelmaestrocmf.com\/portal\/una-guia-para-sanar-como-los-docentes-pueden-utilizar-el-cuaderno-de-talleres-psicoterapeuticos-para-la-reconstruccion-emocional\/"},"wordCount":630,"commentCount":0,"publisher":{"@id":"https:\/\/webdelmaestrocmf.com\/portal\/#organization"},"image":{"@id":"https:\/\/webdelmaestrocmf.com\/portal\/una-guia-para-sanar-como-los-docentes-pueden-utilizar-el-cuaderno-de-talleres-psicoterapeuticos-para-la-reconstruccion-emocional\/#primaryimage"},"thumbnailUrl":"https:\/\/webdelmaestrocmf.com\/portal\/wp-content\/uploads\/2025\/08\/Portada-descarga-2.jpg","keywords":["CUADERNO","EMOCIONAL","GU\u00cdA","reconstrucci\u00f3n","TALLERES"],"articleSection":["Descarga"],"inLanguage":"es","potentialAction":[{"@type":"CommentAction","name":"Comment","target":["https:\/\/webdelmaestrocmf.com\/portal\/una-guia-para-sanar-como-los-docentes-pueden-utilizar-el-cuaderno-de-talleres-psicoterapeuticos-para-la-reconstruccion-emocional\/#respond"]}]},{"@type":"WebPage","@id":"https:\/\/webdelmaestrocmf.com\/portal\/una-guia-para-sanar-como-los-docentes-pueden-utilizar-el-cuaderno-de-talleres-psicoterapeuticos-para-la-reconstruccion-emocional\/","url":"https:\/\/webdelmaestrocmf.com\/portal\/una-guia-para-sanar-como-los-docentes-pueden-utilizar-el-cuaderno-de-talleres-psicoterapeuticos-para-la-reconstruccion-emocional\/","name":"Una gu\u00eda para sanar: c\u00f3mo los docentes pueden utilizar el \u201cCuaderno de talleres psicoterap\u00e9uticos para la reconstrucci\u00f3n emocional\u201d - 2026","isPartOf":{"@id":"https:\/\/webdelmaestrocmf.com\/portal\/#website"},"primaryImageOfPage":{"@id":"https:\/\/webdelmaestrocmf.com\/portal\/una-guia-para-sanar-como-los-docentes-pueden-utilizar-el-cuaderno-de-talleres-psicoterapeuticos-para-la-reconstruccion-emocional\/#primaryimage"},"image":{"@id":"https:\/\/webdelmaestrocmf.com\/portal\/una-guia-para-sanar-como-los-docentes-pueden-utilizar-el-cuaderno-de-talleres-psicoterapeuticos-para-la-reconstruccion-emocional\/#primaryimage"},"thumbnailUrl":"https:\/\/webdelmaestrocmf.com\/portal\/wp-content\/uploads\/2025\/08\/Portada-descarga-2.jpg","datePublished":"2025-11-28T10:31:00+00:00","dateModified":"2025-11-28T19:58:05+00:00","description":"Comunidad de Maestros, Docentes y Profesores, en donde encontrar\u00e1s material, informaci\u00f3n y noticias del \u00e1mbito nacional y mundial.","breadcrumb":{"@id":"https:\/\/webdelmaestrocmf.com\/portal\/una-guia-para-sanar-como-los-docentes-pueden-utilizar-el-cuaderno-de-talleres-psicoterapeuticos-para-la-reconstruccion-emocional\/#breadcrumb"},"inLanguage":"es","potentialAction":[{"@type":"ReadAction","target":["https:\/\/webdelmaestrocmf.com\/portal\/una-guia-para-sanar-como-los-docentes-pueden-utilizar-el-cuaderno-de-talleres-psicoterapeuticos-para-la-reconstruccion-emocional\/"]}]},{"@type":"ImageObject","inLanguage":"es","@id":"https:\/\/webdelmaestrocmf.com\/portal\/una-guia-para-sanar-como-los-docentes-pueden-utilizar-el-cuaderno-de-talleres-psicoterapeuticos-para-la-reconstruccion-emocional\/#primaryimage","url":"https:\/\/webdelmaestrocmf.com\/portal\/wp-content\/uploads\/2025\/08\/Portada-descarga-2.jpg","contentUrl":"https:\/\/webdelmaestrocmf.com\/portal\/wp-content\/uploads\/2025\/08\/Portada-descarga-2.jpg","width":1000,"height":667},{"@type":"BreadcrumbList","@id":"https:\/\/webdelmaestrocmf.com\/portal\/una-guia-para-sanar-como-los-docentes-pueden-utilizar-el-cuaderno-de-talleres-psicoterapeuticos-para-la-reconstruccion-emocional\/#breadcrumb","itemListElement":[{"@type":"ListItem","position":1,"name":"Portada","item":"https:\/\/webdelmaestrocmf.com\/portal\/"},{"@type":"ListItem","position":2,"name":"Descarga","item":"https:\/\/webdelmaestrocmf.com\/portal\/category\/descarga\/"},{"@type":"ListItem","position":3,"name":"Una gu\u00eda para sanar: c\u00f3mo los docentes pueden utilizar el \u201cCuaderno de talleres psicoterap\u00e9uticos para la reconstrucci\u00f3n emocional\u201d"}]},{"@type":"WebSite","@id":"https:\/\/webdelmaestrocmf.com\/portal\/#website","url":"https:\/\/webdelmaestrocmf.com\/portal\/","name":"Web del Maestro CMF","description":"Maestros al servicio de la educaci\u00f3n","publisher":{"@id":"https:\/\/webdelmaestrocmf.com\/portal\/#organization"},"alternateName":"WMCMF","potentialAction":[{"@type":"SearchAction","target":{"@type":"EntryPoint","urlTemplate":"https:\/\/webdelmaestrocmf.com\/portal\/?s={search_term_string}"},"query-input":{"@type":"PropertyValueSpecification","valueRequired":true,"valueName":"search_term_string"}}],"inLanguage":"es"},{"@type":"Organization","@id":"https:\/\/webdelmaestrocmf.com\/portal\/#organization","name":"Web del Maestro CMF","alternateName":"WMCMF","url":"https:\/\/webdelmaestrocmf.com\/portal\/","logo":{"@type":"ImageObject","inLanguage":"es","@id":"https:\/\/webdelmaestrocmf.com\/portal\/#\/schema\/logo\/image\/","url":"https:\/\/webdelmaestrocmf.com\/portal\/wp-content\/uploads\/2023\/01\/logo-wmcmf-2.png","contentUrl":"https:\/\/webdelmaestrocmf.com\/portal\/wp-content\/uploads\/2023\/01\/logo-wmcmf-2.png","width":200,"height":60,"caption":"Web del Maestro CMF"},"image":{"@id":"https:\/\/webdelmaestrocmf.com\/portal\/#\/schema\/logo\/image\/"},"sameAs":["https:\/\/www.facebook.com\/WebdelMaestroCMF\/","https:\/\/x.com\/cmf_w","https:\/\/www.pinterest.com\/WMCMF\/","https:\/\/www.linkedin.com\/company\/web-del-maestro-cmf\/","https:\/\/www.instagram.com\/wmcmf\/","https:\/\/www.youtube.com\/channel\/UCDPSvjbdodE5sHnC3OxutHw","https:\/\/mastodon.social\/@wmcmf","https:\/\/www.tiktok.com\/@webdelmaestrocmf"]},{"@type":"Person","@id":"https:\/\/webdelmaestrocmf.com\/portal\/#\/schema\/person\/1072a2ed7bd960df8ef99a551fa35dc5","name":"Web del Maestro CMF","image":{"@type":"ImageObject","inLanguage":"es","@id":"https:\/\/secure.gravatar.com\/avatar\/23291dd5b5ae1077dcff3dbb04c3e02bd28403fa75af6d8787d5e97c5bbbe30b?s=96&d=mm&r=g","url":"https:\/\/secure.gravatar.com\/avatar\/23291dd5b5ae1077dcff3dbb04c3e02bd28403fa75af6d8787d5e97c5bbbe30b?s=96&d=mm&r=g","contentUrl":"https:\/\/secure.gravatar.com\/avatar\/23291dd5b5ae1077dcff3dbb04c3e02bd28403fa75af6d8787d5e97c5bbbe30b?s=96&d=mm&r=g","caption":"Web del Maestro CMF"},"description":"Esta Web se cre\u00f3 sin fines de lucro, con fines educativos, cient\u00edficos y acad\u00e9micos, para personas que tengan dificultades y\/o inconvenientes en visualizar el material original. El objetivo es entregar recursos, compartir experiencias y materiales que ayuden a los padres de familia, maestros y estudiantes en su actualizaci\u00f3n y formaci\u00f3n permanente, en bien de la Educaci\u00f3n.","sameAs":["http:\/\/webdelmaestrocmf.com\/portal","https:\/\/www.facebook.com\/WebdelMaestroCMF\/","https:\/\/www.instagram.com\/wmcmf\/","https:\/\/cl.linkedin.com\/company\/web-del-maestro-cmf","https:\/\/www.pinterest.com\/WMCMF\/publicaciones\/","https:\/\/x.com\/cmf_w","https:\/\/www.youtube.com\/@WMCMF"]}]}},"jetpack_featured_media_url":"https:\/\/webdelmaestrocmf.com\/portal\/wp-content\/uploads\/2025\/08\/Portada-descarga-2.jpg","jetpack_sharing_enabled":true,"jetpack-related-posts":[{"id":95746,"url":"https:\/\/webdelmaestrocmf.com\/portal\/cuadernillo-de-actividades-para-trabajar-las-emociones-en-ninos\/","url_meta":{"origin":111723,"position":0},"title":"Cuadernillos de actividades para trabajar las emociones en ni\u00f1os","author":"Web del Maestro CMF","date":"7 febrero, 2024","format":false,"excerpt":"La educaci\u00f3n emocional es un componente fundamental en el desarrollo integral de los ni\u00f1os. A medida que crecen, los peque\u00f1os deben aprender a comprender, expresar y regular sus emociones de manera adecuada. Este proceso no solo influye en su bienestar emocional, sino que tambi\u00e9n tiene un impacto positivo en su\u2026","rel":"","context":"En \u00abCuadernillos\u00bb","block_context":{"text":"Cuadernillos","link":"https:\/\/webdelmaestrocmf.com\/portal\/category\/pedagogia\/cuadernillos\/"},"img":{"alt_text":"emociones","src":"https:\/\/i0.wp.com\/webdelmaestrocmf.com\/portal\/wp-content\/uploads\/2023\/09\/Banner-1-portada-imagen-10-1-7.jpg?resize=350%2C200&ssl=1","width":350,"height":200,"srcset":"https:\/\/i0.wp.com\/webdelmaestrocmf.com\/portal\/wp-content\/uploads\/2023\/09\/Banner-1-portada-imagen-10-1-7.jpg?resize=350%2C200&ssl=1 1x, https:\/\/i0.wp.com\/webdelmaestrocmf.com\/portal\/wp-content\/uploads\/2023\/09\/Banner-1-portada-imagen-10-1-7.jpg?resize=525%2C300&ssl=1 1.5x, https:\/\/i0.wp.com\/webdelmaestrocmf.com\/portal\/wp-content\/uploads\/2023\/09\/Banner-1-portada-imagen-10-1-7.jpg?resize=700%2C400&ssl=1 2x"},"classes":[]},{"id":90924,"url":"https:\/\/webdelmaestrocmf.com\/portal\/cuaderno-de-campo-de-recojo-de-evidencias-del-nivel-inicial\/","url_meta":{"origin":111723,"position":1},"title":"Cuaderno de Campo de Recojo de Evidencias del nivel Inicial","author":"Web del Maestro CMF","date":"23 julio, 2023","format":false,"excerpt":"El cuaderno de campo es una herramienta valiosa y vers\u00e1til utilizada en diversos contextos educativos para registrar y documentar experiencias de aprendizaje, observaciones y reflexiones durante salidas a la naturaleza o talleres de experimentos. Su uso se extiende a distintas disciplinas y \u00e1reas curriculares, proporcionando una forma tangible de capturar\u2026","rel":"","context":"En \u00abCuaderno de Campo\u00bb","block_context":{"text":"Cuaderno de Campo","link":"https:\/\/webdelmaestrocmf.com\/portal\/category\/pedagogia\/cuaderno-de-campo\/"},"img":{"alt_text":"","src":"https:\/\/i0.wp.com\/webdelmaestrocmf.com\/portal\/wp-content\/uploads\/2023\/07\/A12B3C4D-39.jpg?resize=350%2C200&ssl=1","width":350,"height":200,"srcset":"https:\/\/i0.wp.com\/webdelmaestrocmf.com\/portal\/wp-content\/uploads\/2023\/07\/A12B3C4D-39.jpg?resize=350%2C200&ssl=1 1x, https:\/\/i0.wp.com\/webdelmaestrocmf.com\/portal\/wp-content\/uploads\/2023\/07\/A12B3C4D-39.jpg?resize=525%2C300&ssl=1 1.5x, https:\/\/i0.wp.com\/webdelmaestrocmf.com\/portal\/wp-content\/uploads\/2023\/07\/A12B3C4D-39.jpg?resize=700%2C400&ssl=1 2x"},"classes":[]},{"id":98052,"url":"https:\/\/webdelmaestrocmf.com\/portal\/educacion-emocional-por-que-es-importante-y-como-implementarla-en-primaria-y-secundaria\/","url_meta":{"origin":111723,"position":2},"title":"Educaci\u00f3n emocional: descarga el cuaderno de regulaci\u00f3n emocional para primaria, herramientas pr\u00e1cticas para secundaria y una gu\u00eda completa para el docente","author":"Web del Maestro CMF","date":"19 abril, 2026","format":false,"excerpt":"Ayuda al ni\u00f1o a reconocer, expresar y regular sus emociones, mejorar su atenci\u00f3n y autocontrol, reducir el estr\u00e9s, fortalecer la autoestima y desarrollar habilidades sociales mediante actividades pr\u00e1cticas y reflexivas","rel":"","context":"En \u00abEducaci\u00f3n Emocional\u00bb","block_context":{"text":"Educaci\u00f3n Emocional","link":"https:\/\/webdelmaestrocmf.com\/portal\/category\/pedagogia\/educacion-emocional\/"},"img":{"alt_text":"","src":"https:\/\/i0.wp.com\/webdelmaestrocmf.com\/portal\/wp-content\/uploads\/2026\/03\/1AA-Banner-1-portada-imagen-10-1-copia-1-6.webp?resize=350%2C200&ssl=1","width":350,"height":200,"srcset":"https:\/\/i0.wp.com\/webdelmaestrocmf.com\/portal\/wp-content\/uploads\/2026\/03\/1AA-Banner-1-portada-imagen-10-1-copia-1-6.webp?resize=350%2C200&ssl=1 1x, https:\/\/i0.wp.com\/webdelmaestrocmf.com\/portal\/wp-content\/uploads\/2026\/03\/1AA-Banner-1-portada-imagen-10-1-copia-1-6.webp?resize=525%2C300&ssl=1 1.5x, https:\/\/i0.wp.com\/webdelmaestrocmf.com\/portal\/wp-content\/uploads\/2026\/03\/1AA-Banner-1-portada-imagen-10-1-copia-1-6.webp?resize=700%2C400&ssl=1 2x, https:\/\/i0.wp.com\/webdelmaestrocmf.com\/portal\/wp-content\/uploads\/2026\/03\/1AA-Banner-1-portada-imagen-10-1-copia-1-6.webp?resize=1050%2C600&ssl=1 3x"},"classes":[]},{"id":107822,"url":"https:\/\/webdelmaestrocmf.com\/portal\/caja-de-herramientas-para-promover-la-empatia-en-el-aula-guia-para-docentes\/","url_meta":{"origin":111723,"position":3},"title":"Caja de herramientas para promover la empat\u00eda en el aula: gu\u00eda para docentes","author":"Web del Maestro CMF","date":"3 febrero, 2025","format":false,"excerpt":"La Caja de Herramientas para Promover la Empat\u00eda en los Colegios es un recurso desarrollado por Ashoka, una organizaci\u00f3n global que impulsa el cambio social a trav\u00e9s del emprendimiento. Su prop\u00f3sito es ayudar a docentes a integrar la empat\u00eda en el aula, mejorando la convivencia escolar y preparando a los\u2026","rel":"","context":"En \u00abDescargas Manuales PDF\u00bb","block_context":{"text":"Descargas Manuales PDF","link":"https:\/\/webdelmaestrocmf.com\/portal\/category\/pedagogia\/descargas-manuales-pdf\/"},"img":{"alt_text":"","src":"https:\/\/i0.wp.com\/webdelmaestrocmf.com\/portal\/wp-content\/uploads\/2025\/02\/1A-Banner-1-portada-imagen-10-1-54.jpg?resize=350%2C200&ssl=1","width":350,"height":200,"srcset":"https:\/\/i0.wp.com\/webdelmaestrocmf.com\/portal\/wp-content\/uploads\/2025\/02\/1A-Banner-1-portada-imagen-10-1-54.jpg?resize=350%2C200&ssl=1 1x, https:\/\/i0.wp.com\/webdelmaestrocmf.com\/portal\/wp-content\/uploads\/2025\/02\/1A-Banner-1-portada-imagen-10-1-54.jpg?resize=525%2C300&ssl=1 1.5x, https:\/\/i0.wp.com\/webdelmaestrocmf.com\/portal\/wp-content\/uploads\/2025\/02\/1A-Banner-1-portada-imagen-10-1-54.jpg?resize=700%2C400&ssl=1 2x"},"classes":[]},{"id":104001,"url":"https:\/\/webdelmaestrocmf.com\/portal\/cuaderno-de-seguimiento-docente-2024-en-pdf\/","url_meta":{"origin":111723,"position":4},"title":"Cuaderno de seguimiento docente 2024 en PDF","author":"Web del Maestro CMF","date":"17 febrero, 2024","format":false,"excerpt":"La labor docente exige una planificaci\u00f3n meticulosa y una organizaci\u00f3n eficaz para garantizar el \u00e9xito del proceso educativo. Entre las herramientas que facilitan la gesti\u00f3n del aula y el seguimiento del aprendizaje, destaca el cuaderno o agenda de seguimiento docente. Este cuaderno no solo facilita la planificaci\u00f3n y el seguimiento\u2026","rel":"","context":"En \u00abAgenda\u00bb","block_context":{"text":"Agenda","link":"https:\/\/webdelmaestrocmf.com\/portal\/category\/pedagogia\/agenda\/"},"img":{"alt_text":"","src":"https:\/\/i0.wp.com\/webdelmaestrocmf.com\/portal\/wp-content\/uploads\/2024\/02\/Banner-1-portada-imagen-10-1-7-2.jpg?resize=350%2C200&ssl=1","width":350,"height":200,"srcset":"https:\/\/i0.wp.com\/webdelmaestrocmf.com\/portal\/wp-content\/uploads\/2024\/02\/Banner-1-portada-imagen-10-1-7-2.jpg?resize=350%2C200&ssl=1 1x, https:\/\/i0.wp.com\/webdelmaestrocmf.com\/portal\/wp-content\/uploads\/2024\/02\/Banner-1-portada-imagen-10-1-7-2.jpg?resize=525%2C300&ssl=1 1.5x, https:\/\/i0.wp.com\/webdelmaestrocmf.com\/portal\/wp-content\/uploads\/2024\/02\/Banner-1-portada-imagen-10-1-7-2.jpg?resize=700%2C400&ssl=1 2x"},"classes":[]},{"id":61823,"url":"https:\/\/webdelmaestrocmf.com\/portal\/la-salud-mental-laboral-es-un-concepto-de-la-salud-preventiva-que-lamentablemente-en-los-profesores-a-menudo-se-deteriora-y-resulta-preocupante\/","url_meta":{"origin":111723,"position":5},"title":"La salud mental laboral es un concepto de la salud preventiva, que lamentablemente en los profesores, a menudo se deteriora y resulta preocupante. Descarga el cuaderno de ejercicios de estimulaci\u00f3n cognitiva, solo para docentes","author":"Web del Maestro CMF","date":"20 marzo, 2026","format":false,"excerpt":"Descarga estos ejercicios dise\u00f1ados para docentes, ideales para fortalecer la reflexi\u00f3n pedag\u00f3gica, mejorar la planificaci\u00f3n y analizar la realidad escolar con herramientas pr\u00e1cticas, claras y aplicables en el aula.","rel":"","context":"En \u00abEstr\u00e9s\u00bb","block_context":{"text":"Estr\u00e9s","link":"https:\/\/webdelmaestrocmf.com\/portal\/category\/pedagogia\/estres\/"},"img":{"alt_text":"","src":"https:\/\/i0.wp.com\/webdelmaestrocmf.com\/portal\/wp-content\/uploads\/2026\/03\/1AA-Banner-1-portada-imagen-10-1-copia-8-2.webp?resize=350%2C200&ssl=1","width":350,"height":200,"srcset":"https:\/\/i0.wp.com\/webdelmaestrocmf.com\/portal\/wp-content\/uploads\/2026\/03\/1AA-Banner-1-portada-imagen-10-1-copia-8-2.webp?resize=350%2C200&ssl=1 1x, https:\/\/i0.wp.com\/webdelmaestrocmf.com\/portal\/wp-content\/uploads\/2026\/03\/1AA-Banner-1-portada-imagen-10-1-copia-8-2.webp?resize=525%2C300&ssl=1 1.5x, https:\/\/i0.wp.com\/webdelmaestrocmf.com\/portal\/wp-content\/uploads\/2026\/03\/1AA-Banner-1-portada-imagen-10-1-copia-8-2.webp?resize=700%2C400&ssl=1 2x, https:\/\/i0.wp.com\/webdelmaestrocmf.com\/portal\/wp-content\/uploads\/2026\/03\/1AA-Banner-1-portada-imagen-10-1-copia-8-2.webp?resize=1050%2C600&ssl=1 3x"},"classes":[]}],"_links":{"self":[{"href":"https:\/\/webdelmaestrocmf.com\/portal\/wp-json\/wp\/v2\/posts\/111723","targetHints":{"allow":["GET"]}}],"collection":[{"href":"https:\/\/webdelmaestrocmf.com\/portal\/wp-json\/wp\/v2\/posts"}],"about":[{"href":"https:\/\/webdelmaestrocmf.com\/portal\/wp-json\/wp\/v2\/types\/post"}],"author":[{"embeddable":true,"href":"https:\/\/webdelmaestrocmf.com\/portal\/wp-json\/wp\/v2\/users\/1"}],"replies":[{"embeddable":true,"href":"https:\/\/webdelmaestrocmf.com\/portal\/wp-json\/wp\/v2\/comments?post=111723"}],"version-history":[{"count":1,"href":"https:\/\/webdelmaestrocmf.com\/portal\/wp-json\/wp\/v2\/posts\/111723\/revisions"}],"predecessor-version":[{"id":111725,"href":"https:\/\/webdelmaestrocmf.com\/portal\/wp-json\/wp\/v2\/posts\/111723\/revisions\/111725"}],"wp:featuredmedia":[{"embeddable":true,"href":"https:\/\/webdelmaestrocmf.com\/portal\/wp-json\/wp\/v2\/media\/113710"}],"wp:attachment":[{"href":"https:\/\/webdelmaestrocmf.com\/portal\/wp-json\/wp\/v2\/media?parent=111723"}],"wp:term":[{"taxonomy":"category","embeddable":true,"href":"https:\/\/webdelmaestrocmf.com\/portal\/wp-json\/wp\/v2\/categories?post=111723"},{"taxonomy":"post_tag","embeddable":true,"href":"https:\/\/webdelmaestrocmf.com\/portal\/wp-json\/wp\/v2\/tags?post=111723"}],"curies":[{"name":"wp","href":"https:\/\/api.w.org\/{rel}","templated":true}]}}