{"id":111687,"date":"2025-08-02T16:29:22","date_gmt":"2025-08-02T20:29:22","guid":{"rendered":"https:\/\/webdelmaestrocmf.com\/portal\/?p=111687"},"modified":"2026-03-20T12:40:12","modified_gmt":"2026-03-20T15:40:12","slug":"nino-de-9-anos-muere-al-intentar-entrar-a-su-casa-tras-ser-regresado-por-no-llevar-cuadernos","status":"publish","type":"post","link":"https:\/\/webdelmaestrocmf.com\/portal\/nino-de-9-anos-muere-al-intentar-entrar-a-su-casa-tras-ser-regresado-por-no-llevar-cuadernos\/","title":{"rendered":"Ni\u00f1o de 9 a\u00f1os muere al intentar entrar a su casa tras ser regresado por no llevar cuadernos"},"content":{"rendered":"\n<p>La tr\u00e1gica muerte de Domingo Manuel Tom\u00e1s, un ni\u00f1o de tan solo 9 a\u00f1os, ha estremecido a Guatemala. El peque\u00f1o falleci\u00f3 el pasado 27 de julio en la aldea Suntelaj, caser\u00edo Nuc Choch, en el departamento de Huehuetenango, al intentar entrar a su casa para buscar un cuaderno escolar que hab\u00eda olvidado. Hab\u00eda sido regresado de la escuela por su maestro por no portar ese material.<\/p>\n\n\n\n<p>Al encontrar su vivienda cerrada, Domingo intent\u00f3 ingresar por el techo de l\u00e1mina. Perdi\u00f3 el equilibrio y qued\u00f3 atrapado en un espacio angosto entre el techo y una pared. Muri\u00f3 all\u00ed mismo, intentando cumplir con una exigencia escolar. La imagen de su familia despidi\u00e9ndolo en un velorio compartido en redes sociales ha generado una oleada de tristeza e indignaci\u00f3n.<\/p>\n\n\n\n<div style=\"position:relative;padding-bottom:56.25%;height:0;overflow:hidden;\">\n  <iframe src=\"https:\/\/geo.dailymotion.com\/player.html?video=x9o3rb0\"\n    style=\"width:100%; height:100%; position:absolute; left:0px; top:0px; overflow:hidden; border:none;\"\n    allowfullscreen\n    title=\"Dailymotion Video Player\"\n    allow=\"web-share\">\n  <\/iframe>\n<\/div>\n\n\n\n<div style=\"text-align: center;\">\n<iframe loading=\"lazy\" src=\"https:\/\/www.facebook.com\/plugins\/video.php?height=476&#038;href=https%3A%2F%2Fwww.facebook.com%2F61570107976023%2Fvideos%2F1266522748254364%2F&#038;show_text=false&#038;width=267&#038;t=0\" width=\"267\" height=\"476\" style=\"border:none;overflow:hidden\" scrolling=\"no\" frameborder=\"0\" allowfullscreen=\"true\" allow=\"autoplay; clipboard-write; encrypted-media; picture-in-picture; web-share\" allowFullScreen=\"true\"><\/iframe>\n<\/div>\n\n\n\n<h2 class=\"wp-block-heading\"><strong>Investigaci\u00f3n en marcha<\/strong><\/h2>\n\n\n\n<p>El Ministerio P\u00fablico, a trav\u00e9s de la Fiscal\u00eda Municipal de Santa Eulalia, fue alertado por la Polic\u00eda Nacional Civil el 30 de julio e inici\u00f3 una investigaci\u00f3n para esclarecer los hechos. Aunque todo indica que se trat\u00f3 de un accidente dom\u00e9stico, las autoridades est\u00e1n entrevistando testigos y recopilando informaci\u00f3n para conocer todos los detalles.<\/p>\n\n\n\n<p>Art\u00edculo relacionado: <a href=\"https:\/\/webdelmaestrocmf.com\/portal\/colombia-corte-de-cabello-disciplina-escolar-y-derechos-fundamentales\/\">Colombia: corte de cabello, disciplina escolar y derechos fundamentales<\/a><\/p>\n\n\n\n<figure class=\"wp-block-embed is-type-wp-embed is-provider-web-del-maestro-cmf wp-block-embed-web-del-maestro-cmf\"><div class=\"wp-block-embed__wrapper\">\n<blockquote class=\"wp-embedded-content\" data-secret=\"XGQqASh31o\"><a href=\"https:\/\/webdelmaestrocmf.com\/portal\/colombia-corte-de-cabello-disciplina-escolar-y-derechos-fundamentales\/\">Colombia: corte de cabello, disciplina escolar y derechos fundamentales<\/a><\/blockquote><iframe loading=\"lazy\" class=\"wp-embedded-content\" sandbox=\"allow-scripts\" security=\"restricted\" style=\"position: absolute; visibility: hidden;\" title=\"\u00abColombia: corte de cabello, disciplina escolar y derechos fundamentales\u00bb \u2014 Web del Maestro CMF\" src=\"https:\/\/webdelmaestrocmf.com\/portal\/colombia-corte-de-cabello-disciplina-escolar-y-derechos-fundamentales\/embed\/#?secret=7nF9tNAC80#?secret=XGQqASh31o\" data-secret=\"XGQqASh31o\" width=\"600\" height=\"338\" frameborder=\"0\" marginwidth=\"0\" marginheight=\"0\" scrolling=\"no\"><\/iframe>\n<\/div><\/figure>\n\n\n\n<p>Por su parte, el Ministerio de Educaci\u00f3n (Mineduc) manifest\u00f3 su solidaridad con la familia del ni\u00f1o y comunic\u00f3 que ha formado una comisi\u00f3n especial para investigar lo ocurrido y tomar medidas que eviten tragedias similares.<\/p>\n\n\n\n<div style=\"text-align: center;\">\n  <iframe loading=\"lazy\" src=\"https:\/\/www.facebook.com\/plugins\/video.php?height=476&#038;href=https%3A%2F%2Fwww.facebook.com%2FTelediariogt%2Fvideos%2F2257334884737190%2F&#038;show_text=false&#038;width=267&#038;t=0\" width=\"267\" height=\"476\" style=\"border:none;overflow:hidden\" scrolling=\"no\" frameborder=\"0\" allowfullscreen=\"true\" allow=\"autoplay; clipboard-write; encrypted-media; picture-in-picture; web-share\" allowFullScreen=\"true\"><\/iframe>\n<\/div>\n\n\n\n<h2 class=\"wp-block-heading\"><strong>M\u00e1s all\u00e1 del accidente: una tragedia estructural<\/strong><\/h2>\n\n\n\n<p>Este caso ha encendido un debate nacional sobre las condiciones en que miles de ni\u00f1os guatemaltecos acceden a la educaci\u00f3n, especialmente en zonas rurales. Las cr\u00edticas no se han hecho esperar: \u00bfEra necesario que un maestro devolviera a un ni\u00f1o por no llevar un cuaderno? \u00bfQu\u00e9 respaldo tienen las familias en contextos de precariedad? \u00bfCu\u00e1ntos otros ni\u00f1os caminan largas distancias, enfrentan riesgos y viven en viviendas inseguras para poder asistir a clases?<\/p>\n\n\n\n<p>En comunidades como Nuc Choch, los estudiantes suelen recorrer kil\u00f3metros por senderos dif\u00edciles, muchos sin alimentaci\u00f3n adecuada ni acceso a materiales escolares. La exigencia de formalismos, como un cuaderno olvidado, puede convertirse en una barrera m\u00e1s que en un incentivo educativo.<\/p>\n\n\n\n<div style=\"text-align: center;\">\n  <iframe loading=\"lazy\" src=\"https:\/\/www.facebook.com\/plugins\/video.php?height=476&#038;href=https%3A%2F%2Fwww.facebook.com%2FSanMarcosInformativoGT%2Fvideos%2F3633818130258524%2F&#038;show_text=false&#038;width=267&#038;t=0\" width=\"267\" height=\"476\" style=\"border:none;overflow:hidden\" scrolling=\"no\" frameborder=\"0\" allowfullscreen=\"true\" allow=\"autoplay; clipboard-write; encrypted-media; picture-in-picture; web-share\" allowFullScreen=\"true\"><\/iframe>\n<\/div>\n\n\n\n<h2 class=\"wp-block-heading\"><strong>\u00bfQu\u00e9 estamos ense\u00f1ando realmente?<\/strong><\/h2>\n\n\n\n<p>La educaci\u00f3n no puede convertirse en un sistema que castiga la pobreza ni en una estructura insensible ante la realidad de los alumnos. El caso de Domingo no es solo un accidente; es el reflejo de una educaci\u00f3n que a\u00fan arrastra l\u00f3gicas punitivas, burocr\u00e1ticas y desconectadas del contexto.<\/p>\n\n\n\n<p>Muchos usuarios en redes sociales han denunciado esta desconexi\u00f3n, se\u00f1alando que el castigo por la falta de un cuaderno no se compensa con el valor de una vida. No se trata de culpar exclusivamente al docente, sino de cuestionar un sistema que, en vez de incluir y proteger, muchas veces excluye y presiona.<\/p>\n\n\n\n<h2 class=\"wp-block-heading\"><strong>Un llamado a transformar la educaci\u00f3n con humanidad<\/strong><\/h2>\n\n\n\n<p>La muerte de Domingo debe servir como punto de inflexi\u00f3n. Urge que las pol\u00edticas educativas sean m\u00e1s sensibles a las condiciones reales de los estudiantes. No se puede seguir evaluando a todos con la misma vara sin considerar sus contextos. Tampoco se puede permitir que la exigencia escolar se transforme en una amenaza para la vida.<\/p>\n\n\n\n<p>Desde el Estado, las escuelas y la sociedad en su conjunto, es necesario replantear qu\u00e9 tipo de educaci\u00f3n estamos ofreciendo y a qu\u00e9 costo. Educar con humanidad implica comprender que, para muchos ni\u00f1os, llegar al aula ya es una haza\u00f1a.<\/p>\n\n\n\n<h2 class=\"wp-block-heading\"><strong>Conclusi\u00f3n: que su muerte no sea en vano<\/strong><\/h2>\n\n\n\n<p>La historia de Domingo Manuel Tom\u00e1s es una herida abierta para Guatemala. Un ni\u00f1o que perdi\u00f3 la vida intentando cumplir con una exigencia escolar m\u00ednima. Su muerte no puede quedar en el olvido ni ser reducida a un accidente. Debe transformarse en una causa para revisar las pr\u00e1cticas escolares, mejorar las condiciones de vida en las zonas rurales y construir una educaci\u00f3n que proteja, comprenda y acompa\u00f1e.<\/p>\n\n\n\n<p>Domingo no muri\u00f3 solo por caer de un techo. Muri\u00f3 por un sistema que no supo verlo, entenderlo ni cuidarlo. Que esta tragedia sirva como un grito colectivo para construir una escuela m\u00e1s justa, humana y protectora.<\/p>\n\n\n\n<p class=\"has-text-align-right\"><strong>Redacci\u00f3n | Web del Maestro CMF<\/strong><\/p>\n\n\n\n<p style=\"display:block; background:#e5e7eb; color:#333; padding:10px 18px; border-radius:6px; font-size:16px; text-align:center; width:fit-content; margin:20px auto;\">\nMATERIAL DE DESCARGA: <a href=\"FFFFFFFFFFFFFF\" target=\"_blank\" rel=\"noopener noreferrer\" style=\"text-decoration:none; color:#333;\"> XXXXXXXXXXXXXXXX <\/a>\n<\/p>\n\n\n\t\t<div class=\"pk-inline-posts\">\n\t\t\t\n\t\t\t<div class=\"pk-inline-posts-container pk-inline-posts-template-list\"\n\t\t\t\tdata-columns=\"1\">\n\t\t\t\t\t\t<article id=\"post-118505\" class=\"post-118505 post type-post status-publish format-standard has-post-thumbnail category-noticias-internacionales tag-acoso-laboral-docente tag-clima-laboral-educativo tag-denuncia-laboral tag-derechos-laborales-docentes tag-ley-karin tag-maltrato-en-escuelas tag-salud-mental-docente tag-sistema-educativo-crisis tag-violencia-en-escuelas cs-entry cs-video-wrap\">\n\t\t\t<div class=\"pk-post-outer\">\n\n\t\t\t\t\t\t\t\t<div class=\"pk-post-inner\">\n\t\t\t\t\t<div class=\"entry-thumbnail\">\n\t\t\t\t\t\t<div class=\"pk-overlay pk-overlay-ratio pk-ratio-landscape\">\n\t\t\t\t\t\t\t<div class=\"pk-overlay-background\">\n\t\t\t\t\t\t\t\t<a href=\"https:\/\/webdelmaestrocmf.com\/portal\/maestra-consulta-que-hacer-tras-sufrir-acoso-laboral-por-parte-de-una-profesora-y-directora-teme-denunciar-y-quedar-vetada-de-por-vida-como-se-debe-de-proceder-en-estos-casos\/\" class=\"pk-overlay-link\">\n\t\t\t\t\t\t\t\t\t<img loading=\"lazy\" decoding=\"async\" width=\"300\" height=\"225\" src=\"https:\/\/webdelmaestrocmf.com\/portal\/wp-content\/uploads\/2026\/04\/1AA-Banner-1-portada-imagen-10-1-copia-4-4-300x225.webp\" class=\"attachment-pk-thumbnail size-pk-thumbnail wp-post-image\" alt=\"\" \/>\t\t\t\t\t\t\t\t<\/a>\n\t\t\t\t\t\t\t<\/div>\n\t\t\t\t\t\t<\/div>\n\t\t\t\t\t<\/div>\n\t\t\t\t<\/div>\n\t\t\t\t\n\t\t\t\t<div class=\"pk-post-inner\">\n\t\t\t\t\t<header>\n\t\t\t\t\t\t<h3 class=\"pk-title\"><a href=\"https:\/\/webdelmaestrocmf.com\/portal\/maestra-consulta-que-hacer-tras-sufrir-acoso-laboral-por-parte-de-una-profesora-y-directora-teme-denunciar-y-quedar-vetada-de-por-vida-como-se-debe-de-proceder-en-estos-casos\/\" rel=\"bookmark\">Maestra consulta qu\u00e9 hacer tras sufrir acoso laboral por parte de una profesora y directora, teme denunciar y quedar vetada de por vida \u00bfC\u00f3mo se debe de proceder en estos casos?<\/a><\/h3>\t\t\t\t\t<\/header><!-- .entry-header -->\n\t\t\t\t<\/div><!-- .post-inner -->\n\n\t\t\t<\/div><!-- .post-outer -->\n\t\t<\/article>\n\t\t\t<article id=\"post-118473\" class=\"post-118473 post type-post status-publish format-standard has-post-thumbnail category-noticias-internacionales tag-convivencia tag-docentes tag-educacion-3 tag-gestion-escolar-2 tag-protocolos tag-salud-mental tag-seguridad-escolar tag-simulacros tag-violencia-escolar cs-entry cs-video-wrap\">\n\t\t\t<div class=\"pk-post-outer\">\n\n\t\t\t\t\t\t\t\t<div class=\"pk-post-inner\">\n\t\t\t\t\t<div class=\"entry-thumbnail\">\n\t\t\t\t\t\t<div class=\"pk-overlay pk-overlay-ratio pk-ratio-landscape\">\n\t\t\t\t\t\t\t<div class=\"pk-overlay-background\">\n\t\t\t\t\t\t\t\t<a href=\"https:\/\/webdelmaestrocmf.com\/portal\/se-confirma-que-habra-simulacros-de-tiroteos-en-las-escuelas\/\" class=\"pk-overlay-link\">\n\t\t\t\t\t\t\t\t\t<img loading=\"lazy\" decoding=\"async\" width=\"300\" height=\"225\" src=\"https:\/\/webdelmaestrocmf.com\/portal\/wp-content\/uploads\/2026\/04\/1AA-Banner-1-portada-imagen-10-1-copia-1-11-300x225.webp\" class=\"attachment-pk-thumbnail size-pk-thumbnail wp-post-image\" alt=\"\" \/>\t\t\t\t\t\t\t\t<\/a>\n\t\t\t\t\t\t\t<\/div>\n\t\t\t\t\t\t<\/div>\n\t\t\t\t\t<\/div>\n\t\t\t\t<\/div>\n\t\t\t\t\n\t\t\t\t<div class=\"pk-post-inner\">\n\t\t\t\t\t<header>\n\t\t\t\t\t\t<h3 class=\"pk-title\"><a href=\"https:\/\/webdelmaestrocmf.com\/portal\/se-confirma-que-habra-simulacros-de-tiroteos-en-las-escuelas\/\" rel=\"bookmark\">Se confirma que habr\u00e1 simulacros de tiroteos en las escuelas<\/a><\/h3>\t\t\t\t\t<\/header><!-- .entry-header -->\n\t\t\t\t<\/div><!-- .post-inner -->\n\n\t\t\t<\/div><!-- .post-outer -->\n\t\t<\/article>\n\t\t\t<article id=\"post-118464\" class=\"post-118464 post type-post status-publish format-standard has-post-thumbnail category-noticias-internacionales tag-aula tag-convivencia-escolar tag-disciplina tag-docentes tag-educacion-3 tag-estudiantes tag-gestion-educativa-3 tag-normativa tag-pedagogia-3 tag-violencia-escolar cs-entry cs-video-wrap\">\n\t\t\t<div class=\"pk-post-outer\">\n\n\t\t\t\t\t\t\t\t<div class=\"pk-post-inner\">\n\t\t\t\t\t<div class=\"entry-thumbnail\">\n\t\t\t\t\t\t<div class=\"pk-overlay pk-overlay-ratio pk-ratio-landscape\">\n\t\t\t\t\t\t\t<div class=\"pk-overlay-background\">\n\t\t\t\t\t\t\t\t<a href=\"https:\/\/webdelmaestrocmf.com\/portal\/peru-pone-limites-estudiantes-violentos-podrian-salir-del-aula-presencial-y-pasar-a-otra-modalidad-educativa\/\" class=\"pk-overlay-link\">\n\t\t\t\t\t\t\t\t\t<img loading=\"lazy\" decoding=\"async\" width=\"300\" height=\"225\" src=\"https:\/\/webdelmaestrocmf.com\/portal\/wp-content\/uploads\/2026\/04\/1AA-Banner-1-portada-imagen-10-1-copia-38-300x225.webp\" class=\"attachment-pk-thumbnail size-pk-thumbnail wp-post-image\" alt=\"\" \/>\t\t\t\t\t\t\t\t<\/a>\n\t\t\t\t\t\t\t<\/div>\n\t\t\t\t\t\t<\/div>\n\t\t\t\t\t<\/div>\n\t\t\t\t<\/div>\n\t\t\t\t\n\t\t\t\t<div class=\"pk-post-inner\">\n\t\t\t\t\t<header>\n\t\t\t\t\t\t<h3 class=\"pk-title\"><a href=\"https:\/\/webdelmaestrocmf.com\/portal\/peru-pone-limites-estudiantes-violentos-podrian-salir-del-aula-presencial-y-pasar-a-otra-modalidad-educativa\/\" rel=\"bookmark\">Per\u00fa pone l\u00edmites: estudiantes violentos podr\u00edan salir del aula presencial y pasar a otra modalidad educativa<\/a><\/h3>\t\t\t\t\t<\/header><!-- .entry-header -->\n\t\t\t\t<\/div><!-- .post-inner -->\n\n\t\t\t<\/div><!-- .post-outer -->\n\t\t<\/article>\n\t\t\t\t<\/div>\n\t\t<\/div>\n\t\t\n","protected":false},"excerpt":{"rendered":"La muerte de Domingo revela una educaci\u00f3n desconectada de la realidad rural, donde la exigencia supera al sentido humano.","protected":false},"author":1,"featured_media":111692,"comment_status":"open","ping_status":"closed","sticky":false,"template":"","format":"standard","meta":{"csco_display_header_overlay":false,"csco_singular_sidebar":"","csco_page_header_type":"","csco_page_load_nextpost":"","csco_post_video_location":[],"csco_post_video_location_hash":"","csco_post_video_url":"","csco_post_video_bg_start_time":0,"csco_post_video_bg_end_time":0,"csco_post_video_bg_volume":false,"_jetpack_memberships_contains_paid_content":false,"footnotes":""},"categories":[23790],"tags":[1838,5095,6730,195,24060],"class_list":{"0":"post-111687","1":"post","2":"type-post","3":"status-publish","4":"format-standard","5":"has-post-thumbnail","7":"category-noticias-internacionales","8":"tag-casa","9":"tag-cuadernos","10":"tag-muere","11":"tag-nino","12":"tag-regresado","13":"cs-entry","14":"cs-video-wrap"},"yoast_head":"<!-- This site is optimized with the Yoast SEO plugin v27.5 - https:\/\/yoast.com\/product\/yoast-seo-wordpress\/ -->\n<title>Ni\u00f1o de 9 a\u00f1os muere al intentar entrar a su casa tras ser regresado por no llevar cuadernos - 2026<\/title>\n<meta name=\"description\" content=\"La tr\u00e1gica muerte de Domingo Manuel Tom\u00e1s, un ni\u00f1o de tan solo 9 a\u00f1os, ha estremecido a Guatemala. El peque\u00f1o falleci\u00f3...\" \/>\n<meta name=\"robots\" content=\"index, follow, max-snippet:-1, max-image-preview:large, max-video-preview:-1\" \/>\n<link rel=\"canonical\" href=\"https:\/\/webdelmaestrocmf.com\/portal\/nino-de-9-anos-muere-al-intentar-entrar-a-su-casa-tras-ser-regresado-por-no-llevar-cuadernos\/\" \/>\n<meta property=\"og:locale\" content=\"es_ES\" \/>\n<meta property=\"og:type\" content=\"article\" \/>\n<meta property=\"og:title\" content=\"Ni\u00f1o de 9 a\u00f1os muere al intentar entrar a su casa tras ser regresado por no llevar cuadernos - 2026\" \/>\n<meta property=\"og:description\" content=\"La tr\u00e1gica muerte de Domingo Manuel Tom\u00e1s, un ni\u00f1o de tan solo 9 a\u00f1os, ha estremecido a Guatemala. El peque\u00f1o falleci\u00f3...\" \/>\n<meta property=\"og:url\" content=\"https:\/\/webdelmaestrocmf.com\/portal\/nino-de-9-anos-muere-al-intentar-entrar-a-su-casa-tras-ser-regresado-por-no-llevar-cuadernos\/\" \/>\n<meta property=\"og:site_name\" content=\"Web del Maestro CMF\" \/>\n<meta property=\"article:publisher\" content=\"https:\/\/www.facebook.com\/WebdelMaestroCMF\/\" \/>\n<meta property=\"article:author\" content=\"https:\/\/www.facebook.com\/WebdelMaestroCMF\/\" \/>\n<meta property=\"article:published_time\" content=\"2025-08-02T20:29:22+00:00\" \/>\n<meta property=\"article:modified_time\" content=\"2026-03-20T15:40:12+00:00\" \/>\n<meta property=\"og:image\" content=\"https:\/\/webdelmaestrocmf.com\/portal\/wp-content\/uploads\/2025\/08\/1A-Banner-1-portada-imagen-10-1-copia-4.webp\" \/>\n\t<meta property=\"og:image:width\" content=\"1003\" \/>\n\t<meta property=\"og:image:height\" content=\"667\" \/>\n\t<meta property=\"og:image:type\" content=\"image\/webp\" \/>\n<meta name=\"author\" content=\"Web del Maestro CMF\" \/>\n<meta name=\"twitter:card\" content=\"summary_large_image\" \/>\n<meta name=\"twitter:creator\" content=\"@cmf_w\" \/>\n<meta name=\"twitter:site\" content=\"@cmf_w\" \/>\n<script type=\"application\/ld+json\" class=\"yoast-schema-graph\">{\"@context\":\"https:\\\/\\\/schema.org\",\"@graph\":[{\"@type\":\"ScholarlyArticle\",\"@id\":\"https:\\\/\\\/webdelmaestrocmf.com\\\/portal\\\/nino-de-9-anos-muere-al-intentar-entrar-a-su-casa-tras-ser-regresado-por-no-llevar-cuadernos\\\/#article\",\"isPartOf\":{\"@id\":\"https:\\\/\\\/webdelmaestrocmf.com\\\/portal\\\/nino-de-9-anos-muere-al-intentar-entrar-a-su-casa-tras-ser-regresado-por-no-llevar-cuadernos\\\/\"},\"author\":{\"name\":\"Web del Maestro CMF\",\"@id\":\"https:\\\/\\\/webdelmaestrocmf.com\\\/portal\\\/#\\\/schema\\\/person\\\/1072a2ed7bd960df8ef99a551fa35dc5\"},\"headline\":\"Ni\u00f1o de 9 a\u00f1os muere al intentar entrar a su casa tras ser regresado por no llevar cuadernos\",\"datePublished\":\"2025-08-02T20:29:22+00:00\",\"dateModified\":\"2026-03-20T15:40:12+00:00\",\"mainEntityOfPage\":{\"@id\":\"https:\\\/\\\/webdelmaestrocmf.com\\\/portal\\\/nino-de-9-anos-muere-al-intentar-entrar-a-su-casa-tras-ser-regresado-por-no-llevar-cuadernos\\\/\"},\"wordCount\":761,\"commentCount\":20,\"publisher\":{\"@id\":\"https:\\\/\\\/webdelmaestrocmf.com\\\/portal\\\/#organization\"},\"image\":{\"@id\":\"https:\\\/\\\/webdelmaestrocmf.com\\\/portal\\\/nino-de-9-anos-muere-al-intentar-entrar-a-su-casa-tras-ser-regresado-por-no-llevar-cuadernos\\\/#primaryimage\"},\"thumbnailUrl\":\"https:\\\/\\\/webdelmaestrocmf.com\\\/portal\\\/wp-content\\\/uploads\\\/2025\\\/08\\\/1A-Banner-1-portada-imagen-10-1-copia-4.webp\",\"keywords\":[\"CASA\",\"cuadernos\",\"muere\",\"ni\u00f1o\",\"regresado\"],\"articleSection\":[\"Noticias Internacionales\"],\"inLanguage\":\"es\",\"potentialAction\":[{\"@type\":\"CommentAction\",\"name\":\"Comment\",\"target\":[\"https:\\\/\\\/webdelmaestrocmf.com\\\/portal\\\/nino-de-9-anos-muere-al-intentar-entrar-a-su-casa-tras-ser-regresado-por-no-llevar-cuadernos\\\/#respond\"]}]},{\"@type\":\"WebPage\",\"@id\":\"https:\\\/\\\/webdelmaestrocmf.com\\\/portal\\\/nino-de-9-anos-muere-al-intentar-entrar-a-su-casa-tras-ser-regresado-por-no-llevar-cuadernos\\\/\",\"url\":\"https:\\\/\\\/webdelmaestrocmf.com\\\/portal\\\/nino-de-9-anos-muere-al-intentar-entrar-a-su-casa-tras-ser-regresado-por-no-llevar-cuadernos\\\/\",\"name\":\"Ni\u00f1o de 9 a\u00f1os muere al intentar entrar a su casa tras ser regresado por no llevar cuadernos - 2026\",\"isPartOf\":{\"@id\":\"https:\\\/\\\/webdelmaestrocmf.com\\\/portal\\\/#website\"},\"primaryImageOfPage\":{\"@id\":\"https:\\\/\\\/webdelmaestrocmf.com\\\/portal\\\/nino-de-9-anos-muere-al-intentar-entrar-a-su-casa-tras-ser-regresado-por-no-llevar-cuadernos\\\/#primaryimage\"},\"image\":{\"@id\":\"https:\\\/\\\/webdelmaestrocmf.com\\\/portal\\\/nino-de-9-anos-muere-al-intentar-entrar-a-su-casa-tras-ser-regresado-por-no-llevar-cuadernos\\\/#primaryimage\"},\"thumbnailUrl\":\"https:\\\/\\\/webdelmaestrocmf.com\\\/portal\\\/wp-content\\\/uploads\\\/2025\\\/08\\\/1A-Banner-1-portada-imagen-10-1-copia-4.webp\",\"datePublished\":\"2025-08-02T20:29:22+00:00\",\"dateModified\":\"2026-03-20T15:40:12+00:00\",\"description\":\"La tr\u00e1gica muerte de Domingo Manuel Tom\u00e1s, un ni\u00f1o de tan solo 9 a\u00f1os, ha estremecido a Guatemala. El peque\u00f1o falleci\u00f3...\",\"breadcrumb\":{\"@id\":\"https:\\\/\\\/webdelmaestrocmf.com\\\/portal\\\/nino-de-9-anos-muere-al-intentar-entrar-a-su-casa-tras-ser-regresado-por-no-llevar-cuadernos\\\/#breadcrumb\"},\"inLanguage\":\"es\",\"potentialAction\":[{\"@type\":\"ReadAction\",\"target\":[\"https:\\\/\\\/webdelmaestrocmf.com\\\/portal\\\/nino-de-9-anos-muere-al-intentar-entrar-a-su-casa-tras-ser-regresado-por-no-llevar-cuadernos\\\/\"]}]},{\"@type\":\"ImageObject\",\"inLanguage\":\"es\",\"@id\":\"https:\\\/\\\/webdelmaestrocmf.com\\\/portal\\\/nino-de-9-anos-muere-al-intentar-entrar-a-su-casa-tras-ser-regresado-por-no-llevar-cuadernos\\\/#primaryimage\",\"url\":\"https:\\\/\\\/webdelmaestrocmf.com\\\/portal\\\/wp-content\\\/uploads\\\/2025\\\/08\\\/1A-Banner-1-portada-imagen-10-1-copia-4.webp\",\"contentUrl\":\"https:\\\/\\\/webdelmaestrocmf.com\\\/portal\\\/wp-content\\\/uploads\\\/2025\\\/08\\\/1A-Banner-1-portada-imagen-10-1-copia-4.webp\",\"width\":1003,\"height\":667},{\"@type\":\"BreadcrumbList\",\"@id\":\"https:\\\/\\\/webdelmaestrocmf.com\\\/portal\\\/nino-de-9-anos-muere-al-intentar-entrar-a-su-casa-tras-ser-regresado-por-no-llevar-cuadernos\\\/#breadcrumb\",\"itemListElement\":[{\"@type\":\"ListItem\",\"position\":1,\"name\":\"Portada\",\"item\":\"https:\\\/\\\/webdelmaestrocmf.com\\\/portal\\\/\"},{\"@type\":\"ListItem\",\"position\":2,\"name\":\"Noticias Internacionales\",\"item\":\"https:\\\/\\\/webdelmaestrocmf.com\\\/portal\\\/category\\\/noticias-internacionales\\\/\"},{\"@type\":\"ListItem\",\"position\":3,\"name\":\"Ni\u00f1o de 9 a\u00f1os muere al intentar entrar a su casa tras ser regresado por no llevar cuadernos\"}]},{\"@type\":\"WebSite\",\"@id\":\"https:\\\/\\\/webdelmaestrocmf.com\\\/portal\\\/#website\",\"url\":\"https:\\\/\\\/webdelmaestrocmf.com\\\/portal\\\/\",\"name\":\"Web del Maestro CMF\",\"description\":\"Maestros al servicio de la educaci\u00f3n\",\"publisher\":{\"@id\":\"https:\\\/\\\/webdelmaestrocmf.com\\\/portal\\\/#organization\"},\"alternateName\":\"WMCMF\",\"potentialAction\":[{\"@type\":\"SearchAction\",\"target\":{\"@type\":\"EntryPoint\",\"urlTemplate\":\"https:\\\/\\\/webdelmaestrocmf.com\\\/portal\\\/?s={search_term_string}\"},\"query-input\":{\"@type\":\"PropertyValueSpecification\",\"valueRequired\":true,\"valueName\":\"search_term_string\"}}],\"inLanguage\":\"es\"},{\"@type\":\"Organization\",\"@id\":\"https:\\\/\\\/webdelmaestrocmf.com\\\/portal\\\/#organization\",\"name\":\"Web del Maestro CMF\",\"alternateName\":\"WMCMF\",\"url\":\"https:\\\/\\\/webdelmaestrocmf.com\\\/portal\\\/\",\"logo\":{\"@type\":\"ImageObject\",\"inLanguage\":\"es\",\"@id\":\"https:\\\/\\\/webdelmaestrocmf.com\\\/portal\\\/#\\\/schema\\\/logo\\\/image\\\/\",\"url\":\"https:\\\/\\\/webdelmaestrocmf.com\\\/portal\\\/wp-content\\\/uploads\\\/2023\\\/01\\\/logo-wmcmf-2.png\",\"contentUrl\":\"https:\\\/\\\/webdelmaestrocmf.com\\\/portal\\\/wp-content\\\/uploads\\\/2023\\\/01\\\/logo-wmcmf-2.png\",\"width\":200,\"height\":60,\"caption\":\"Web del Maestro CMF\"},\"image\":{\"@id\":\"https:\\\/\\\/webdelmaestrocmf.com\\\/portal\\\/#\\\/schema\\\/logo\\\/image\\\/\"},\"sameAs\":[\"https:\\\/\\\/www.facebook.com\\\/WebdelMaestroCMF\\\/\",\"https:\\\/\\\/x.com\\\/cmf_w\",\"https:\\\/\\\/www.pinterest.com\\\/WMCMF\\\/\",\"https:\\\/\\\/www.linkedin.com\\\/company\\\/web-del-maestro-cmf\\\/\",\"https:\\\/\\\/www.instagram.com\\\/wmcmf\\\/\",\"https:\\\/\\\/www.youtube.com\\\/channel\\\/UCDPSvjbdodE5sHnC3OxutHw\",\"https:\\\/\\\/mastodon.social\\\/@wmcmf\",\"https:\\\/\\\/www.tiktok.com\\\/@webdelmaestrocmf\"]},{\"@type\":\"Person\",\"@id\":\"https:\\\/\\\/webdelmaestrocmf.com\\\/portal\\\/#\\\/schema\\\/person\\\/1072a2ed7bd960df8ef99a551fa35dc5\",\"name\":\"Web del Maestro CMF\",\"image\":{\"@type\":\"ImageObject\",\"inLanguage\":\"es\",\"@id\":\"https:\\\/\\\/secure.gravatar.com\\\/avatar\\\/23291dd5b5ae1077dcff3dbb04c3e02bd28403fa75af6d8787d5e97c5bbbe30b?s=96&d=mm&r=g\",\"url\":\"https:\\\/\\\/secure.gravatar.com\\\/avatar\\\/23291dd5b5ae1077dcff3dbb04c3e02bd28403fa75af6d8787d5e97c5bbbe30b?s=96&d=mm&r=g\",\"contentUrl\":\"https:\\\/\\\/secure.gravatar.com\\\/avatar\\\/23291dd5b5ae1077dcff3dbb04c3e02bd28403fa75af6d8787d5e97c5bbbe30b?s=96&d=mm&r=g\",\"caption\":\"Web del Maestro CMF\"},\"description\":\"Esta Web se cre\u00f3 sin fines de lucro, con fines educativos, cient\u00edficos y acad\u00e9micos, para personas que tengan dificultades y\\\/o inconvenientes en visualizar el material original. El objetivo es entregar recursos, compartir experiencias y materiales que ayuden a los padres de familia, maestros y estudiantes en su actualizaci\u00f3n y formaci\u00f3n permanente, en bien de la Educaci\u00f3n.\",\"sameAs\":[\"http:\\\/\\\/webdelmaestrocmf.com\\\/portal\",\"https:\\\/\\\/www.facebook.com\\\/WebdelMaestroCMF\\\/\",\"https:\\\/\\\/www.instagram.com\\\/wmcmf\\\/\",\"https:\\\/\\\/cl.linkedin.com\\\/company\\\/web-del-maestro-cmf\",\"https:\\\/\\\/www.pinterest.com\\\/WMCMF\\\/publicaciones\\\/\",\"https:\\\/\\\/x.com\\\/cmf_w\",\"https:\\\/\\\/www.youtube.com\\\/@WMCMF\"]}]}<\/script>\n<!-- \/ Yoast SEO plugin. -->","yoast_head_json":{"title":"Ni\u00f1o de 9 a\u00f1os muere al intentar entrar a su casa tras ser regresado por no llevar cuadernos - 2026","description":"La tr\u00e1gica muerte de Domingo Manuel Tom\u00e1s, un ni\u00f1o de tan solo 9 a\u00f1os, ha estremecido a Guatemala. El peque\u00f1o falleci\u00f3...","robots":{"index":"index","follow":"follow","max-snippet":"max-snippet:-1","max-image-preview":"max-image-preview:large","max-video-preview":"max-video-preview:-1"},"canonical":"https:\/\/webdelmaestrocmf.com\/portal\/nino-de-9-anos-muere-al-intentar-entrar-a-su-casa-tras-ser-regresado-por-no-llevar-cuadernos\/","og_locale":"es_ES","og_type":"article","og_title":"Ni\u00f1o de 9 a\u00f1os muere al intentar entrar a su casa tras ser regresado por no llevar cuadernos - 2026","og_description":"La tr\u00e1gica muerte de Domingo Manuel Tom\u00e1s, un ni\u00f1o de tan solo 9 a\u00f1os, ha estremecido a Guatemala. El peque\u00f1o falleci\u00f3...","og_url":"https:\/\/webdelmaestrocmf.com\/portal\/nino-de-9-anos-muere-al-intentar-entrar-a-su-casa-tras-ser-regresado-por-no-llevar-cuadernos\/","og_site_name":"Web del Maestro CMF","article_publisher":"https:\/\/www.facebook.com\/WebdelMaestroCMF\/","article_author":"https:\/\/www.facebook.com\/WebdelMaestroCMF\/","article_published_time":"2025-08-02T20:29:22+00:00","article_modified_time":"2026-03-20T15:40:12+00:00","og_image":[{"width":1003,"height":667,"url":"https:\/\/webdelmaestrocmf.com\/portal\/wp-content\/uploads\/2025\/08\/1A-Banner-1-portada-imagen-10-1-copia-4.webp","type":"image\/webp"}],"author":"Web del Maestro CMF","twitter_card":"summary_large_image","twitter_creator":"@cmf_w","twitter_site":"@cmf_w","schema":{"@context":"https:\/\/schema.org","@graph":[{"@type":"ScholarlyArticle","@id":"https:\/\/webdelmaestrocmf.com\/portal\/nino-de-9-anos-muere-al-intentar-entrar-a-su-casa-tras-ser-regresado-por-no-llevar-cuadernos\/#article","isPartOf":{"@id":"https:\/\/webdelmaestrocmf.com\/portal\/nino-de-9-anos-muere-al-intentar-entrar-a-su-casa-tras-ser-regresado-por-no-llevar-cuadernos\/"},"author":{"name":"Web del Maestro CMF","@id":"https:\/\/webdelmaestrocmf.com\/portal\/#\/schema\/person\/1072a2ed7bd960df8ef99a551fa35dc5"},"headline":"Ni\u00f1o de 9 a\u00f1os muere al intentar entrar a su casa tras ser regresado por no llevar cuadernos","datePublished":"2025-08-02T20:29:22+00:00","dateModified":"2026-03-20T15:40:12+00:00","mainEntityOfPage":{"@id":"https:\/\/webdelmaestrocmf.com\/portal\/nino-de-9-anos-muere-al-intentar-entrar-a-su-casa-tras-ser-regresado-por-no-llevar-cuadernos\/"},"wordCount":761,"commentCount":20,"publisher":{"@id":"https:\/\/webdelmaestrocmf.com\/portal\/#organization"},"image":{"@id":"https:\/\/webdelmaestrocmf.com\/portal\/nino-de-9-anos-muere-al-intentar-entrar-a-su-casa-tras-ser-regresado-por-no-llevar-cuadernos\/#primaryimage"},"thumbnailUrl":"https:\/\/webdelmaestrocmf.com\/portal\/wp-content\/uploads\/2025\/08\/1A-Banner-1-portada-imagen-10-1-copia-4.webp","keywords":["CASA","cuadernos","muere","ni\u00f1o","regresado"],"articleSection":["Noticias Internacionales"],"inLanguage":"es","potentialAction":[{"@type":"CommentAction","name":"Comment","target":["https:\/\/webdelmaestrocmf.com\/portal\/nino-de-9-anos-muere-al-intentar-entrar-a-su-casa-tras-ser-regresado-por-no-llevar-cuadernos\/#respond"]}]},{"@type":"WebPage","@id":"https:\/\/webdelmaestrocmf.com\/portal\/nino-de-9-anos-muere-al-intentar-entrar-a-su-casa-tras-ser-regresado-por-no-llevar-cuadernos\/","url":"https:\/\/webdelmaestrocmf.com\/portal\/nino-de-9-anos-muere-al-intentar-entrar-a-su-casa-tras-ser-regresado-por-no-llevar-cuadernos\/","name":"Ni\u00f1o de 9 a\u00f1os muere al intentar entrar a su casa tras ser regresado por no llevar cuadernos - 2026","isPartOf":{"@id":"https:\/\/webdelmaestrocmf.com\/portal\/#website"},"primaryImageOfPage":{"@id":"https:\/\/webdelmaestrocmf.com\/portal\/nino-de-9-anos-muere-al-intentar-entrar-a-su-casa-tras-ser-regresado-por-no-llevar-cuadernos\/#primaryimage"},"image":{"@id":"https:\/\/webdelmaestrocmf.com\/portal\/nino-de-9-anos-muere-al-intentar-entrar-a-su-casa-tras-ser-regresado-por-no-llevar-cuadernos\/#primaryimage"},"thumbnailUrl":"https:\/\/webdelmaestrocmf.com\/portal\/wp-content\/uploads\/2025\/08\/1A-Banner-1-portada-imagen-10-1-copia-4.webp","datePublished":"2025-08-02T20:29:22+00:00","dateModified":"2026-03-20T15:40:12+00:00","description":"La tr\u00e1gica muerte de Domingo Manuel Tom\u00e1s, un ni\u00f1o de tan solo 9 a\u00f1os, ha estremecido a Guatemala. El peque\u00f1o falleci\u00f3...","breadcrumb":{"@id":"https:\/\/webdelmaestrocmf.com\/portal\/nino-de-9-anos-muere-al-intentar-entrar-a-su-casa-tras-ser-regresado-por-no-llevar-cuadernos\/#breadcrumb"},"inLanguage":"es","potentialAction":[{"@type":"ReadAction","target":["https:\/\/webdelmaestrocmf.com\/portal\/nino-de-9-anos-muere-al-intentar-entrar-a-su-casa-tras-ser-regresado-por-no-llevar-cuadernos\/"]}]},{"@type":"ImageObject","inLanguage":"es","@id":"https:\/\/webdelmaestrocmf.com\/portal\/nino-de-9-anos-muere-al-intentar-entrar-a-su-casa-tras-ser-regresado-por-no-llevar-cuadernos\/#primaryimage","url":"https:\/\/webdelmaestrocmf.com\/portal\/wp-content\/uploads\/2025\/08\/1A-Banner-1-portada-imagen-10-1-copia-4.webp","contentUrl":"https:\/\/webdelmaestrocmf.com\/portal\/wp-content\/uploads\/2025\/08\/1A-Banner-1-portada-imagen-10-1-copia-4.webp","width":1003,"height":667},{"@type":"BreadcrumbList","@id":"https:\/\/webdelmaestrocmf.com\/portal\/nino-de-9-anos-muere-al-intentar-entrar-a-su-casa-tras-ser-regresado-por-no-llevar-cuadernos\/#breadcrumb","itemListElement":[{"@type":"ListItem","position":1,"name":"Portada","item":"https:\/\/webdelmaestrocmf.com\/portal\/"},{"@type":"ListItem","position":2,"name":"Noticias Internacionales","item":"https:\/\/webdelmaestrocmf.com\/portal\/category\/noticias-internacionales\/"},{"@type":"ListItem","position":3,"name":"Ni\u00f1o de 9 a\u00f1os muere al intentar entrar a su casa tras ser regresado por no llevar cuadernos"}]},{"@type":"WebSite","@id":"https:\/\/webdelmaestrocmf.com\/portal\/#website","url":"https:\/\/webdelmaestrocmf.com\/portal\/","name":"Web del Maestro CMF","description":"Maestros al servicio de la educaci\u00f3n","publisher":{"@id":"https:\/\/webdelmaestrocmf.com\/portal\/#organization"},"alternateName":"WMCMF","potentialAction":[{"@type":"SearchAction","target":{"@type":"EntryPoint","urlTemplate":"https:\/\/webdelmaestrocmf.com\/portal\/?s={search_term_string}"},"query-input":{"@type":"PropertyValueSpecification","valueRequired":true,"valueName":"search_term_string"}}],"inLanguage":"es"},{"@type":"Organization","@id":"https:\/\/webdelmaestrocmf.com\/portal\/#organization","name":"Web del Maestro CMF","alternateName":"WMCMF","url":"https:\/\/webdelmaestrocmf.com\/portal\/","logo":{"@type":"ImageObject","inLanguage":"es","@id":"https:\/\/webdelmaestrocmf.com\/portal\/#\/schema\/logo\/image\/","url":"https:\/\/webdelmaestrocmf.com\/portal\/wp-content\/uploads\/2023\/01\/logo-wmcmf-2.png","contentUrl":"https:\/\/webdelmaestrocmf.com\/portal\/wp-content\/uploads\/2023\/01\/logo-wmcmf-2.png","width":200,"height":60,"caption":"Web del Maestro CMF"},"image":{"@id":"https:\/\/webdelmaestrocmf.com\/portal\/#\/schema\/logo\/image\/"},"sameAs":["https:\/\/www.facebook.com\/WebdelMaestroCMF\/","https:\/\/x.com\/cmf_w","https:\/\/www.pinterest.com\/WMCMF\/","https:\/\/www.linkedin.com\/company\/web-del-maestro-cmf\/","https:\/\/www.instagram.com\/wmcmf\/","https:\/\/www.youtube.com\/channel\/UCDPSvjbdodE5sHnC3OxutHw","https:\/\/mastodon.social\/@wmcmf","https:\/\/www.tiktok.com\/@webdelmaestrocmf"]},{"@type":"Person","@id":"https:\/\/webdelmaestrocmf.com\/portal\/#\/schema\/person\/1072a2ed7bd960df8ef99a551fa35dc5","name":"Web del Maestro CMF","image":{"@type":"ImageObject","inLanguage":"es","@id":"https:\/\/secure.gravatar.com\/avatar\/23291dd5b5ae1077dcff3dbb04c3e02bd28403fa75af6d8787d5e97c5bbbe30b?s=96&d=mm&r=g","url":"https:\/\/secure.gravatar.com\/avatar\/23291dd5b5ae1077dcff3dbb04c3e02bd28403fa75af6d8787d5e97c5bbbe30b?s=96&d=mm&r=g","contentUrl":"https:\/\/secure.gravatar.com\/avatar\/23291dd5b5ae1077dcff3dbb04c3e02bd28403fa75af6d8787d5e97c5bbbe30b?s=96&d=mm&r=g","caption":"Web del Maestro CMF"},"description":"Esta Web se cre\u00f3 sin fines de lucro, con fines educativos, cient\u00edficos y acad\u00e9micos, para personas que tengan dificultades y\/o inconvenientes en visualizar el material original. El objetivo es entregar recursos, compartir experiencias y materiales que ayuden a los padres de familia, maestros y estudiantes en su actualizaci\u00f3n y formaci\u00f3n permanente, en bien de la Educaci\u00f3n.","sameAs":["http:\/\/webdelmaestrocmf.com\/portal","https:\/\/www.facebook.com\/WebdelMaestroCMF\/","https:\/\/www.instagram.com\/wmcmf\/","https:\/\/cl.linkedin.com\/company\/web-del-maestro-cmf","https:\/\/www.pinterest.com\/WMCMF\/publicaciones\/","https:\/\/x.com\/cmf_w","https:\/\/www.youtube.com\/@WMCMF"]}]}},"jetpack_featured_media_url":"https:\/\/webdelmaestrocmf.com\/portal\/wp-content\/uploads\/2025\/08\/1A-Banner-1-portada-imagen-10-1-copia-4.webp","jetpack_sharing_enabled":true,"jetpack-related-posts":[{"id":116658,"url":"https:\/\/webdelmaestrocmf.com\/portal\/colombia-corte-de-cabello-disciplina-escolar-y-derechos-fundamentales\/","url_meta":{"origin":111687,"position":0},"title":"Colombia: corte de cabello, disciplina escolar y derechos fundamentales","author":"Web del Maestro CMF","date":"20 marzo, 2026","format":false,"excerpt":"Caso en Colombia: expulsan a ni\u00f1o por su corte de cabello, generando debate sobre disciplina escolar y posible vulneraci\u00f3n del derecho al libre desarrollo de la personalidad.","rel":"","context":"En \u00abNoticias Internacionales\u00bb","block_context":{"text":"Noticias Internacionales","link":"https:\/\/webdelmaestrocmf.com\/portal\/category\/noticias-internacionales\/"},"img":{"alt_text":"","src":"https:\/\/i0.wp.com\/webdelmaestrocmf.com\/portal\/wp-content\/uploads\/2026\/03\/1AA-Banner-1-portada-imagen-10-1-copia-5-1.webp?resize=350%2C200&ssl=1","width":350,"height":200,"srcset":"https:\/\/i0.wp.com\/webdelmaestrocmf.com\/portal\/wp-content\/uploads\/2026\/03\/1AA-Banner-1-portada-imagen-10-1-copia-5-1.webp?resize=350%2C200&ssl=1 1x, https:\/\/i0.wp.com\/webdelmaestrocmf.com\/portal\/wp-content\/uploads\/2026\/03\/1AA-Banner-1-portada-imagen-10-1-copia-5-1.webp?resize=525%2C300&ssl=1 1.5x, https:\/\/i0.wp.com\/webdelmaestrocmf.com\/portal\/wp-content\/uploads\/2026\/03\/1AA-Banner-1-portada-imagen-10-1-copia-5-1.webp?resize=700%2C400&ssl=1 2x, https:\/\/i0.wp.com\/webdelmaestrocmf.com\/portal\/wp-content\/uploads\/2026\/03\/1AA-Banner-1-portada-imagen-10-1-copia-5-1.webp?resize=1050%2C600&ssl=1 3x"},"classes":[]},{"id":50477,"url":"https:\/\/webdelmaestrocmf.com\/portal\/aprende-en-casa-ii-descargue-los-cuadernos-de-trabajo-para-regreso-a-clases\/","url_meta":{"origin":111687,"position":1},"title":"Aprende en Casa II:  Descargue los cuadernos de trabajo para regreso a clases","author":"Web del Maestro CMF","date":"26 agosto, 2020","format":false,"excerpt":"Para el ciclo escolar que inicia este lunes 24 de agosto, la Secretar\u00eda de Educaci\u00f3n P\u00fablica (SEP) cre\u00f3 el programa Aprende en Casa II, en el que participan seis televisiones privadas y p\u00fablicas para impartir clases a distancia. La SEP no ha definido una fecha para retomar la ense\u00f1anza presencial,\u2026","rel":"","context":"En \u00abDescargas Manuales PDF\u00bb","block_context":{"text":"Descargas Manuales PDF","link":"https:\/\/webdelmaestrocmf.com\/portal\/category\/pedagogia\/descargas-manuales-pdf\/"},"img":{"alt_text":"","src":"https:\/\/i0.wp.com\/webdelmaestrocmf.com\/portal\/wp-content\/uploads\/2020\/08\/1-136.jpg?resize=350%2C200&ssl=1","width":350,"height":200,"srcset":"https:\/\/i0.wp.com\/webdelmaestrocmf.com\/portal\/wp-content\/uploads\/2020\/08\/1-136.jpg?resize=350%2C200&ssl=1 1x, https:\/\/i0.wp.com\/webdelmaestrocmf.com\/portal\/wp-content\/uploads\/2020\/08\/1-136.jpg?resize=525%2C300&ssl=1 1.5x, https:\/\/i0.wp.com\/webdelmaestrocmf.com\/portal\/wp-content\/uploads\/2020\/08\/1-136.jpg?resize=700%2C400&ssl=1 2x, https:\/\/i0.wp.com\/webdelmaestrocmf.com\/portal\/wp-content\/uploads\/2020\/08\/1-136.jpg?resize=1050%2C600&ssl=1 3x"},"classes":[]},{"id":101322,"url":"https:\/\/webdelmaestrocmf.com\/portal\/cuaderno-de-repaso-en-lectoescritura-para-vacaciones\/","url_meta":{"origin":111687,"position":2},"title":"Cuaderno de repaso en lectoescritura &#8211; Vacaciones","author":"Web del Maestro CMF","date":"2 diciembre, 2023","format":false,"excerpt":"Este verano\/invierno se acercan las vacaciones, prometiendo merecido descanso y diversi\u00f3n para los ni\u00f1os. Sin embargo, tambi\u00e9n es importante afianzar los conocimientos para que, en el pr\u00f3ximo per\u00edodo acad\u00e9mico, los ni\u00f1os o alumnos puedan rendir durante todo el a\u00f1o. Por ello, compartimos los mejores cuadernos de repaso en lectoescritura que\u2026","rel":"","context":"En \u00abCuadernillos\u00bb","block_context":{"text":"Cuadernillos","link":"https:\/\/webdelmaestrocmf.com\/portal\/category\/pedagogia\/cuadernillos\/"},"img":{"alt_text":"repaso en lectoescritura","src":"https:\/\/i0.wp.com\/webdelmaestrocmf.com\/portal\/wp-content\/uploads\/2023\/12\/repaso-en-lectoescritura.jpg?resize=350%2C200&ssl=1","width":350,"height":200,"srcset":"https:\/\/i0.wp.com\/webdelmaestrocmf.com\/portal\/wp-content\/uploads\/2023\/12\/repaso-en-lectoescritura.jpg?resize=350%2C200&ssl=1 1x, https:\/\/i0.wp.com\/webdelmaestrocmf.com\/portal\/wp-content\/uploads\/2023\/12\/repaso-en-lectoescritura.jpg?resize=525%2C300&ssl=1 1.5x, https:\/\/i0.wp.com\/webdelmaestrocmf.com\/portal\/wp-content\/uploads\/2023\/12\/repaso-en-lectoescritura.jpg?resize=700%2C400&ssl=1 2x"},"classes":[]},{"id":115126,"url":"https:\/\/webdelmaestrocmf.com\/portal\/madre-corrige-a-su-hijo-por-insultar-a-su-profesor-y-molestar-a-sus-companeras\/","url_meta":{"origin":111687,"position":3},"title":"Madre corrige a su hijo por insultar a su profesor y molestar a sus compa\u00f1eras","author":"Web del Maestro CMF","date":"4 febrero, 2026","format":false,"excerpt":"Madre admite haber corregido f\u00edsicamente a su hijo de 12 a\u00f1os tras denuncias de insultos a un profesor: \u201c...prefiere corregirlo ahora antes de que se convierta en un delincuente en el futuro\u201d.","rel":"","context":"En \u00abNoticias Internacionales\u00bb","block_context":{"text":"Noticias Internacionales","link":"https:\/\/webdelmaestrocmf.com\/portal\/category\/noticias-internacionales\/"},"img":{"alt_text":"","src":"https:\/\/i0.wp.com\/webdelmaestrocmf.com\/portal\/wp-content\/uploads\/2026\/02\/1A-Banner-1-portada-imagen-10-1-copia-6.webp?resize=350%2C200&ssl=1","width":350,"height":200,"srcset":"https:\/\/i0.wp.com\/webdelmaestrocmf.com\/portal\/wp-content\/uploads\/2026\/02\/1A-Banner-1-portada-imagen-10-1-copia-6.webp?resize=350%2C200&ssl=1 1x, https:\/\/i0.wp.com\/webdelmaestrocmf.com\/portal\/wp-content\/uploads\/2026\/02\/1A-Banner-1-portada-imagen-10-1-copia-6.webp?resize=525%2C300&ssl=1 1.5x, https:\/\/i0.wp.com\/webdelmaestrocmf.com\/portal\/wp-content\/uploads\/2026\/02\/1A-Banner-1-portada-imagen-10-1-copia-6.webp?resize=700%2C400&ssl=1 2x"},"classes":[]},{"id":65311,"url":"https:\/\/webdelmaestrocmf.com\/portal\/cuaderno-de-vacaciones-para-preescolar-e-infantil\/","url_meta":{"origin":111687,"position":4},"title":"Cuaderno de vacaciones para preescolar e infantil","author":"Web del Maestro CMF","date":"15 enero, 2022","format":false,"excerpt":"Los\u00a0cuadernos de vacaciones\u00a0suelen ser un quebradero de cabeza m\u00e1s para las familias cuando llegan las vacaciones escolares. Junto a cuadrar los horarios laborales, los d\u00edas de vacaciones o encontrar qui\u00e9n puede cuidar a los ni\u00f1os cuando los padres est\u00e1n trabajando, hay que encontrar un libro de vacaciones adecuado para que\u2026","rel":"","context":"En \u00abCuadernillos\u00bb","block_context":{"text":"Cuadernillos","link":"https:\/\/webdelmaestrocmf.com\/portal\/category\/pedagogia\/cuadernillos\/"},"img":{"alt_text":"","src":"https:\/\/i0.wp.com\/webdelmaestrocmf.com\/portal\/wp-content\/uploads\/2021\/07\/1-65.jpg?resize=350%2C200&ssl=1","width":350,"height":200,"srcset":"https:\/\/i0.wp.com\/webdelmaestrocmf.com\/portal\/wp-content\/uploads\/2021\/07\/1-65.jpg?resize=350%2C200&ssl=1 1x, https:\/\/i0.wp.com\/webdelmaestrocmf.com\/portal\/wp-content\/uploads\/2021\/07\/1-65.jpg?resize=525%2C300&ssl=1 1.5x, https:\/\/i0.wp.com\/webdelmaestrocmf.com\/portal\/wp-content\/uploads\/2021\/07\/1-65.jpg?resize=700%2C400&ssl=1 2x, https:\/\/i0.wp.com\/webdelmaestrocmf.com\/portal\/wp-content\/uploads\/2021\/07\/1-65.jpg?resize=1050%2C600&ssl=1 3x"},"classes":[]},{"id":90382,"url":"https:\/\/webdelmaestrocmf.com\/portal\/cuadernos-de-verano-aprendizaje-y-diversion-durante-las-vacaciones\/","url_meta":{"origin":111687,"position":5},"title":"Cuadernos de verano: \u00a1Aprendizaje y diversi\u00f3n durante las vacaciones!","author":"Web del Maestro CMF","date":"3 julio, 2023","format":false,"excerpt":"En el mundo acelerado y digitalizado en el que vivimos, es fundamental que nuestros ni\u00f1os y ni\u00f1as contin\u00faen aprendiendo y reforzando sus conocimientos incluso durante las vacaciones escolares. Es por eso que nuestros queridos amigos de Academons, la reconocida aplicaci\u00f3n de repaso para la escuela primaria, han ideado una soluci\u00f3n\u2026","rel":"","context":"En \u00abCuadernillos\u00bb","block_context":{"text":"Cuadernillos","link":"https:\/\/webdelmaestrocmf.com\/portal\/category\/pedagogia\/cuadernillos\/"},"img":{"alt_text":"","src":"https:\/\/i0.wp.com\/webdelmaestrocmf.com\/portal\/wp-content\/uploads\/2023\/07\/A12B3C4D-18.jpg?resize=350%2C200&ssl=1","width":350,"height":200,"srcset":"https:\/\/i0.wp.com\/webdelmaestrocmf.com\/portal\/wp-content\/uploads\/2023\/07\/A12B3C4D-18.jpg?resize=350%2C200&ssl=1 1x, https:\/\/i0.wp.com\/webdelmaestrocmf.com\/portal\/wp-content\/uploads\/2023\/07\/A12B3C4D-18.jpg?resize=525%2C300&ssl=1 1.5x, https:\/\/i0.wp.com\/webdelmaestrocmf.com\/portal\/wp-content\/uploads\/2023\/07\/A12B3C4D-18.jpg?resize=700%2C400&ssl=1 2x"},"classes":[]}],"_links":{"self":[{"href":"https:\/\/webdelmaestrocmf.com\/portal\/wp-json\/wp\/v2\/posts\/111687","targetHints":{"allow":["GET"]}}],"collection":[{"href":"https:\/\/webdelmaestrocmf.com\/portal\/wp-json\/wp\/v2\/posts"}],"about":[{"href":"https:\/\/webdelmaestrocmf.com\/portal\/wp-json\/wp\/v2\/types\/post"}],"author":[{"embeddable":true,"href":"https:\/\/webdelmaestrocmf.com\/portal\/wp-json\/wp\/v2\/users\/1"}],"replies":[{"embeddable":true,"href":"https:\/\/webdelmaestrocmf.com\/portal\/wp-json\/wp\/v2\/comments?post=111687"}],"version-history":[{"count":11,"href":"https:\/\/webdelmaestrocmf.com\/portal\/wp-json\/wp\/v2\/posts\/111687\/revisions"}],"predecessor-version":[{"id":116670,"href":"https:\/\/webdelmaestrocmf.com\/portal\/wp-json\/wp\/v2\/posts\/111687\/revisions\/116670"}],"wp:featuredmedia":[{"embeddable":true,"href":"https:\/\/webdelmaestrocmf.com\/portal\/wp-json\/wp\/v2\/media\/111692"}],"wp:attachment":[{"href":"https:\/\/webdelmaestrocmf.com\/portal\/wp-json\/wp\/v2\/media?parent=111687"}],"wp:term":[{"taxonomy":"category","embeddable":true,"href":"https:\/\/webdelmaestrocmf.com\/portal\/wp-json\/wp\/v2\/categories?post=111687"},{"taxonomy":"post_tag","embeddable":true,"href":"https:\/\/webdelmaestrocmf.com\/portal\/wp-json\/wp\/v2\/tags?post=111687"}],"curies":[{"name":"wp","href":"https:\/\/api.w.org\/{rel}","templated":true}]}}