{"id":111600,"date":"2025-07-29T15:49:55","date_gmt":"2025-07-29T19:49:55","guid":{"rendered":"https:\/\/webdelmaestrocmf.com\/portal\/?p=111600"},"modified":"2025-07-29T16:13:34","modified_gmt":"2025-07-29T20:13:34","slug":"6-claves-para-desarrollar-el-pensamiento-critico-en-el-aula-segun-la-taxonomia-de-bloom","status":"publish","type":"post","link":"https:\/\/webdelmaestrocmf.com\/portal\/6-claves-para-desarrollar-el-pensamiento-critico-en-el-aula-segun-la-taxonomia-de-bloom\/","title":{"rendered":"6 claves para desarrollar el pensamiento cr\u00edtico en el aula seg\u00fan la taxonom\u00eda de Bloom"},"content":{"rendered":"\n<p class=\"wp-block-paragraph\"><strong>El pensamiento cr\u00edtico no nace por casualidad; se ense\u00f1a, se practica y se fortalece.<\/strong> En un mundo donde la informaci\u00f3n abunda pero el criterio escasea, los docentes enfrentan el desaf\u00edo de formar estudiantes capaces de analizar, reflexionar y crear con autonom\u00eda. En este contexto, la <strong>taxonom\u00eda de Bloom<\/strong> y su versi\u00f3n revisada se convierten en herramientas fundamentales para dise\u00f1ar experiencias de aprendizaje que vayan m\u00e1s all\u00e1 de la simple memorizaci\u00f3n.<\/p>\n\n\n\n<h2 class=\"wp-block-heading\"><strong>\u00bfQu\u00e9 es la taxonom\u00eda de Bloom?<\/strong><\/h2>\n\n\n\n<p class=\"wp-block-paragraph\">La taxonom\u00eda de Bloom, desarrollada en 1956 por Benjamin Bloom y revisada en 2001 por Anderson y Krathwohl, <strong>organiza los procesos cognitivos en seis niveles jer\u00e1rquicos<\/strong> que van desde los m\u00e1s simples hasta los m\u00e1s complejos. Esta estructura permite al docente dise\u00f1ar objetivos, actividades y evaluaciones que desarrollen habilidades cognitivas superiores, fundamentales para el pensamiento cr\u00edtico.<\/p>\n\n\n\n<p class=\"wp-block-paragraph\">Los seis niveles, en su versi\u00f3n revisada, son:<\/p>\n\n\n\n<ol class=\"wp-block-list\">\n<li>Recordar<\/li>\n\n\n\n<li>Comprender<\/li>\n\n\n\n<li>Aplicar<\/li>\n\n\n\n<li>Analizar<\/li>\n\n\n\n<li>Evaluar<\/li>\n\n\n\n<li>Crear<\/li>\n<\/ol>\n\n\n\n<p class=\"wp-block-paragraph\">Cada nivel representa un tipo de pensamiento que se puede promover intencionadamente en el aula.<\/p>\n\n\n\n<h2 class=\"wp-block-heading\"><strong>1. Recordar: la base de todo aprendizaje<\/strong><\/h2>\n\n\n\n<p class=\"wp-block-paragraph\"><strong>Definici\u00f3n:<\/strong> Recuperar informaci\u00f3n previamente aprendida.<br><strong>Ejemplos de verbos:<\/strong> nombrar, enumerar, identificar, reconocer.<br><strong>Ejemplo en clase:<\/strong><\/p>\n\n\n\n<ul class=\"wp-block-list\">\n<li><em>\u201cMenciona las partes de una c\u00e9lula.\u201d<\/em><\/li>\n\n\n\n<li><em>\u201c\u00bfPuedes recordar qu\u00e9 ocurri\u00f3 en la Guerra del Pac\u00edfico?\u201d<\/em><\/li>\n<\/ul>\n\n\n\n<p class=\"wp-block-paragraph\"><strong>Gu\u00eda para el docente:<\/strong><br>Es importante no subestimar este nivel. La memoria es la base para construir aprendizajes m\u00e1s complejos. Puedes usar mapas mentales, juegos de memoria o cuestionarios r\u00e1pidos para reforzar la retenci\u00f3n.<\/p>\n\n\n\n<h2 class=\"wp-block-heading\"><strong>2. Comprender: m\u00e1s all\u00e1 de repetir<\/strong><\/h2>\n\n\n\n<p class=\"wp-block-paragraph\"><strong>Definici\u00f3n:<\/strong> Construir significado a partir de la informaci\u00f3n.<br><strong>Ejemplos de verbos:<\/strong> explicar, interpretar, parafrasear, resumir.<br><strong>Ejemplo en clase:<\/strong><\/p>\n\n\n\n<ul class=\"wp-block-list\">\n<li><em>\u201c\u00bfC\u00f3mo explicar\u00edas este fen\u00f3meno clim\u00e1tico con tus palabras?\u201d<\/em><\/li>\n\n\n\n<li><em>\u201cResume la idea principal del cuento.\u201d<\/em><\/li>\n<\/ul>\n\n\n\n<p class=\"wp-block-paragraph\"><strong>Gu\u00eda para el docente:<\/strong><br>Fomenta que los estudiantes expresen ideas con sus propias palabras, usen analog\u00edas o creen ejemplos. Esto demuestra que han comprendido el contenido y no solo lo repiten.<\/p>\n\n\n\n<h2 class=\"wp-block-heading\"><strong>3. Aplicar: llevar el conocimiento a la acci\u00f3n<\/strong><\/h2>\n\n\n\n<p class=\"wp-block-paragraph\"><strong>Definici\u00f3n:<\/strong> Usar lo aprendido en situaciones concretas o nuevas.<br><strong>Ejemplos de verbos:<\/strong> usar, resolver, demostrar, operar.<br><strong>Ejemplo en clase:<\/strong><\/p>\n\n\n\n<ul class=\"wp-block-list\">\n<li><em>\u201cAplica la f\u00f3rmula del \u00e1rea para resolver este problema.\u201d<\/em><\/li>\n\n\n\n<li><em>\u201cDise\u00f1a una encuesta aplicando lo que aprendiste sobre m\u00e9todos estad\u00edsticos.\u201d<\/em><\/li>\n<\/ul>\n\n\n\n<p class=\"wp-block-paragraph\"><strong>Gu\u00eda para el docente:<\/strong><br>Proporciona actividades pr\u00e1cticas, simulaciones o problemas reales. Los estudiantes se motivan cuando ven la utilidad de lo que aprenden.<\/p>\n\n\n\n<h2 class=\"wp-block-heading\"><strong>4. Analizar: descomponer para entender mejor<\/strong><\/h2>\n\n\n\n<p class=\"wp-block-paragraph\"><strong>Definici\u00f3n:<\/strong> Examinar relaciones, causas, consecuencias y estructuras.<br><strong>Ejemplos de verbos:<\/strong> comparar, categorizar, diferenciar, investigar.<br><strong>Ejemplo en clase:<\/strong><\/p>\n\n\n\n<ul class=\"wp-block-list\">\n<li><em>\u201c\u00bfQu\u00e9 diferencias hay entre una monarqu\u00eda y una rep\u00fablica?\u201d<\/em><\/li>\n\n\n\n<li><em>\u201c\u00bfPor qu\u00e9 crees que el personaje actu\u00f3 de esa manera?\u201d<\/em><\/li>\n<\/ul>\n\n\n\n<p class=\"wp-block-paragraph\"><strong>Gu\u00eda para el docente:<\/strong><br>Promueve debates, estudios de caso y an\u00e1lisis de textos o im\u00e1genes. Ense\u00f1ar a formular preguntas tambi\u00e9n es una excelente forma de fomentar el an\u00e1lisis.<\/p>\n\n\n\n<h2 class=\"wp-block-heading\"><strong>5. Evaluar: emitir juicios con fundamentos<\/strong><\/h2>\n\n\n\n<p class=\"wp-block-paragraph\"><strong>Definici\u00f3n:<\/strong> Juzgar el valor de una idea, soluci\u00f3n o propuesta.<br><strong>Ejemplos de verbos:<\/strong> argumentar, criticar, defender, justificar.<br><strong>Ejemplo en clase:<\/strong><\/p>\n\n\n\n<ul class=\"wp-block-list\">\n<li><em>\u201c\u00bfCu\u00e1l es la mejor soluci\u00f3n para el problema del agua en tu comunidad? \u00bfPor qu\u00e9?\u201d<\/em><\/li>\n\n\n\n<li><em>\u201cEval\u00faa la postura del autor en este art\u00edculo.\u201d<\/em><\/li>\n<\/ul>\n\n\n\n<p class=\"wp-block-paragraph\"><strong>Gu\u00eda para el docente:<\/strong><br>Incorpora r\u00fabricas claras, proyectos argumentativos y tareas donde los estudiantes tengan que defender una postura o valorar distintas alternativas. Esto fortalece su autonom\u00eda intelectual.<\/p>\n\n\n\n<h2 class=\"wp-block-heading\"><strong>6. Crear: construir algo nuevo a partir del conocimiento<\/strong><\/h2>\n\n\n\n<p class=\"wp-block-paragraph\"><strong>Definici\u00f3n:<\/strong> Integrar ideas para generar productos, propuestas o soluciones originales.<br><strong>Ejemplos de verbos:<\/strong> dise\u00f1ar, formular, componer, inventar.<br><strong>Ejemplo en clase:<\/strong><\/p>\n\n\n\n<ul class=\"wp-block-list\">\n<li><em>\u201cCrea una campa\u00f1a para promover el reciclaje en tu colegio.\u201d<\/em><\/li>\n\n\n\n<li><em>\u201cEscribe un final alternativo para la novela.\u201d<\/em><\/li>\n<\/ul>\n\n\n\n<p class=\"wp-block-paragraph\"><strong>Gu\u00eda para el docente:<\/strong><br>Fomenta proyectos interdisciplinarios, retos creativos o el uso de herramientas digitales. En este nivel, los estudiantes se convierten en protagonistas de su aprendizaje.<\/p>\n\n\n\n<h2 class=\"wp-block-heading\"><strong>C\u00f3mo aplicar esta gu\u00eda en la pr\u00e1ctica docente<\/strong><\/h2>\n\n\n\n<p class=\"wp-block-paragraph\"><strong>1. Dise\u00f1a tus objetivos con los verbos adecuados.<\/strong><br>Evita objetivos vagos como \u201caprender sobre la c\u00e9lula\u201d. Mejor di: \u201cIdentificar las partes de la c\u00e9lula\u201d (recordar) o \u201cExplicar el funcionamiento del n\u00facleo celular\u201d (comprender).<\/p>\n\n\n\n<p class=\"wp-block-paragraph\"><strong>2. Diversifica tus actividades.<\/strong><br>No te quedes solo en recordar y comprender. Dise\u00f1a actividades que activen todos los niveles. Por ejemplo, al trabajar un tema de historia:<\/p>\n\n\n\n<ul class=\"wp-block-list\">\n<li><strong>Recordar:<\/strong> l\u00ednea de tiempo con fechas clave.<\/li>\n\n\n\n<li><strong>Comprender:<\/strong> resumen del conflicto.<\/li>\n\n\n\n<li><strong>Aplicar:<\/strong> relacionarlo con una situaci\u00f3n actual.<\/li>\n\n\n\n<li><strong>Analizar:<\/strong> causas y consecuencias.<\/li>\n\n\n\n<li><strong>Evaluar:<\/strong> debatir sobre decisiones hist\u00f3ricas.<\/li>\n\n\n\n<li><strong>Crear:<\/strong> escribir una carta ficticia desde el punto de vista de un personaje.<\/li>\n<\/ul>\n\n\n\n<p class=\"wp-block-paragraph\"><strong>3. Eval\u00faa m\u00e1s all\u00e1 del examen tradicional.<\/strong><br>Utiliza r\u00fabricas, portafolios, presentaciones, proyectos y autoevaluaciones. As\u00ed podr\u00e1s observar habilidades cognitivas m\u00e1s profundas y no solo la memoria.<\/p>\n\n\n\n<h2 class=\"wp-block-heading\"><strong>Ense\u00f1ar a pensar tambi\u00e9n se ense\u00f1a<\/strong><\/h2>\n\n\n\n<p class=\"wp-block-paragraph\">Como educadores, tenemos el poder (y el deber) de transformar nuestras clases en espacios donde se promueva el pensamiento reflexivo, aut\u00f3nomo y creativo. La <strong>taxonom\u00eda de Bloom revisada no es una simple lista de verbos, sino una gu\u00eda pr\u00e1ctica<\/strong> para dise\u00f1ar experiencias de aprendizaje m\u00e1s significativas.<\/p>\n\n\n\n<p class=\"wp-block-paragraph\">El pensamiento cr\u00edtico no se desarrolla en una sola sesi\u00f3n. Requiere consistencia, prop\u00f3sito y herramientas adecuadas. Usar esta estructura te permitir\u00e1 <strong>formar estudiantes que no solo saben, sino que comprenden, aplican, analizan, eval\u00faan y crean<\/strong>. En otras palabras, estudiantes capaces de enfrentar el mundo con pensamiento cr\u00edtico y responsabilidad.<\/p>\n\n\n\n<p class=\"has-text-align-right wp-block-paragraph\"><strong>Redacci\u00f3n | Web del Maestro CMF<\/strong><\/p>\n\n\n\n<p class=\"has-text-align-center wp-block-paragraph\">ENLACE DE LECTURA: <a href=\"https:\/\/drive.google.com\/drive\/folders\/1zpQDXKE_kt1fJyj6y7Yndx6jmglTESae?usp=sharing\" target=\"_blank\" rel=\"noreferrer noopener\">APRENDIENDO SOBRE LAS EMOCIONES MANUAL DE EDUCACI\u00d3N EMOCIONAL<\/a><\/p>\n\n\n\t\t<div class=\"pk-inline-posts\">\n\t\t\t\n\t\t\t<div class=\"pk-inline-posts-container pk-inline-posts-template-list\"\n\t\t\t\tdata-columns=\"1\">\n\t\t\t\t\t\t<article id=\"post-99656\" class=\"post-99656 post type-post status-publish format-standard has-post-thumbnail category-chatgpt category-pensamiento-critico category-pedagogia category-tecnologia tag-chatgpt tag-aula tag-fomentando tag-pensamiento-critico cs-entry cs-video-wrap\">\n\t\t\t<div class=\"pk-post-outer\">\n\n\t\t\t\t\t\t\t\t<div class=\"pk-post-inner\">\n\t\t\t\t\t<div class=\"entry-thumbnail\">\n\t\t\t\t\t\t<div class=\"pk-overlay pk-overlay-ratio pk-ratio-landscape\">\n\t\t\t\t\t\t\t<div class=\"pk-overlay-background\">\n\t\t\t\t\t\t\t\t<a href=\"https:\/\/webdelmaestrocmf.com\/portal\/fomentando-el-pensamiento-critico-en-el-aula-con-chatgpt\/\" class=\"pk-overlay-link\">\n\t\t\t\t\t\t\t\t\t<img loading=\"lazy\" decoding=\"async\" width=\"300\" height=\"225\" src=\"https:\/\/webdelmaestrocmf.com\/portal\/wp-content\/uploads\/2023\/11\/1AA-Banner-1-portada-imagen-10-1-copia-5-300x225.webp\" class=\"attachment-pk-thumbnail size-pk-thumbnail wp-post-image\" alt=\"\" \/>\t\t\t\t\t\t\t\t<\/a>\n\t\t\t\t\t\t\t<\/div>\n\t\t\t\t\t\t<\/div>\n\t\t\t\t\t<\/div>\n\t\t\t\t<\/div>\n\t\t\t\t\n\t\t\t\t<div class=\"pk-post-inner\">\n\t\t\t\t\t<header>\n\t\t\t\t\t\t<h3 class=\"pk-title\"><a href=\"https:\/\/webdelmaestrocmf.com\/portal\/fomentando-el-pensamiento-critico-en-el-aula-con-chatgpt\/\" rel=\"bookmark\">El desarrollo de pensamiento cr\u00edtico en tiempo de IA: Descarga la gu\u00eda de ChatGPT para docentes<\/a><\/h3>\t\t\t\t\t<\/header><!-- .entry-header -->\n\t\t\t\t<\/div><!-- .post-inner -->\n\n\t\t\t<\/div><!-- .post-outer -->\n\t\t<\/article>\n\t\t\t<article id=\"post-119345\" class=\"post-119345 post type-post status-publish format-standard has-post-thumbnail category-descarga category-descargas-manuales-pdf category-pedagogia category-taxonomia-de-bloom tag-aprendizaje tag-estrategias-didacticas tag-evaluacion-educativa tag-formacion-docente-2 tag-innovacion-educativa-2 tag-metacognicion-2 tag-pensamiento-critico-2 tag-planificacion-docente tag-taxonomia-de-bloom tag-taxonomia-de-marzano cs-entry cs-video-wrap\">\n\t\t\t<div class=\"pk-post-outer\">\n\n\t\t\t\t\t\t\t\t<div class=\"pk-post-inner\">\n\t\t\t\t\t<div class=\"entry-thumbnail\">\n\t\t\t\t\t\t<div class=\"pk-overlay pk-overlay-ratio pk-ratio-landscape\">\n\t\t\t\t\t\t\t<div class=\"pk-overlay-background\">\n\t\t\t\t\t\t\t\t<a href=\"https:\/\/webdelmaestrocmf.com\/portal\/taxonomias-de-bloom-y-marzano-descargue-la-guia-aprendizaje-basado-en-taxonomias-para-transformar-la-ensenanza-y-el-aprendizaje\/\" class=\"pk-overlay-link\">\n\t\t\t\t\t\t\t\t\t<img loading=\"lazy\" decoding=\"async\" width=\"300\" height=\"225\" src=\"https:\/\/webdelmaestrocmf.com\/portal\/wp-content\/uploads\/2026\/05\/1AA-Banner-1-portada-imagen-10-1-copia-12-1-300x225.webp\" class=\"attachment-pk-thumbnail size-pk-thumbnail wp-post-image\" alt=\"\" \/>\t\t\t\t\t\t\t\t<\/a>\n\t\t\t\t\t\t\t<\/div>\n\t\t\t\t\t\t<\/div>\n\t\t\t\t\t<\/div>\n\t\t\t\t<\/div>\n\t\t\t\t\n\t\t\t\t<div class=\"pk-post-inner\">\n\t\t\t\t\t<header>\n\t\t\t\t\t\t<h3 class=\"pk-title\"><a href=\"https:\/\/webdelmaestrocmf.com\/portal\/taxonomias-de-bloom-y-marzano-descargue-la-guia-aprendizaje-basado-en-taxonomias-para-transformar-la-ensenanza-y-el-aprendizaje\/\" rel=\"bookmark\">Taxonom\u00edas de Bloom y Marzano: descargue la gu\u00eda \u201cAprendizaje Basado en Taxonom\u00edas\u201d para transformar la ense\u00f1anza y el aprendizaje<\/a><\/h3>\t\t\t\t\t<\/header><!-- .entry-header -->\n\t\t\t\t<\/div><!-- .post-inner -->\n\n\t\t\t<\/div><!-- .post-outer -->\n\t\t<\/article>\n\t\t\t<article id=\"post-118056\" class=\"post-118056 post type-post status-publish format-standard has-post-thumbnail category-juegos category-pensamiento-critico category-pedagogia tag-ajedrez-educativo tag-aprendizaje tag-crianza tag-desarrollo-cognitivo tag-docentes tag-educacion-infantil tag-habilidades-emocionales tag-neuroeducacion tag-pensamiento-critico-2 tag-uso-de-pantallas cs-entry cs-video-wrap\">\n\t\t\t<div class=\"pk-post-outer\">\n\n\t\t\t\t\t\t\t\t<div class=\"pk-post-inner\">\n\t\t\t\t\t<div class=\"entry-thumbnail\">\n\t\t\t\t\t\t<div class=\"pk-overlay pk-overlay-ratio pk-ratio-landscape\">\n\t\t\t\t\t\t\t<div class=\"pk-overlay-background\">\n\t\t\t\t\t\t\t\t<a href=\"https:\/\/webdelmaestrocmf.com\/portal\/padres-cambien-el-movil-la-tablet-y-la-playstation-por-el-ajedrez-u-otros-juegos-que-desarrollen-la-creatividad-el-pensamiento-critico-la-estrategia-y-el-pensamiento-lateral\/\" class=\"pk-overlay-link\">\n\t\t\t\t\t\t\t\t\t<img loading=\"lazy\" decoding=\"async\" width=\"300\" height=\"225\" src=\"https:\/\/webdelmaestrocmf.com\/portal\/wp-content\/uploads\/2026\/04\/1AA-Banner-1-portada-imagen-10-1-copia-3-4-300x225.webp\" class=\"attachment-pk-thumbnail size-pk-thumbnail wp-post-image\" alt=\"\" \/>\t\t\t\t\t\t\t\t<\/a>\n\t\t\t\t\t\t\t<\/div>\n\t\t\t\t\t\t<\/div>\n\t\t\t\t\t<\/div>\n\t\t\t\t<\/div>\n\t\t\t\t\n\t\t\t\t<div class=\"pk-post-inner\">\n\t\t\t\t\t<header>\n\t\t\t\t\t\t<h3 class=\"pk-title\"><a href=\"https:\/\/webdelmaestrocmf.com\/portal\/padres-cambien-el-movil-la-tablet-y-la-playstation-por-el-ajedrez-u-otros-juegos-que-desarrollen-la-creatividad-el-pensamiento-critico-la-estrategia-y-el-pensamiento-lateral\/\" rel=\"bookmark\">Padres: cambien el m\u00f3vil, la tablet y la PlayStation por el ajedrez u otros juegos que desarrollen la creatividad, el pensamiento cr\u00edtico, la estrategia y el pensamiento lateral<\/a><\/h3>\t\t\t\t\t<\/header><!-- .entry-header -->\n\t\t\t\t<\/div><!-- .post-inner -->\n\n\t\t\t<\/div><!-- .post-outer -->\n\t\t<\/article>\n\t\t\t\t<\/div>\n\t\t<\/div>\n\t\t\n","protected":false},"excerpt":{"rendered":"Una gu\u00eda pr\u00e1ctica para que los docentes desarrollen habilidades cognitivas y pensamiento cr\u00edtico en sus estudiantes, paso a paso.","protected":false},"author":1,"featured_media":111601,"comment_status":"open","ping_status":"closed","sticky":false,"template":"","format":"standard","meta":{"_jetpack_newsletter_access":"","_jetpack_dont_email_post_to_subs":false,"_jetpack_newsletter_tier_id":0,"_jetpack_memberships_contains_paywalled_content":false,"csco_display_header_overlay":false,"csco_singular_sidebar":"","csco_page_header_type":"","csco_page_load_nextpost":"","csco_post_video_location":[],"csco_post_video_location_hash":"","csco_post_video_url":"","csco_post_video_bg_start_time":0,"csco_post_video_bg_end_time":0,"csco_post_video_bg_volume":false,"_jetpack_feature_clip_id":0,"_jetpack_memberships_contains_paid_content":false,"footnotes":"","jetpack_post_was_ever_published":false},"categories":[13792,735,16299],"tags":[23860,16301],"class_list":["post-111600","post","type-post","status-publish","format-standard","has-post-thumbnail","category-pensamiento-critico","category-pedagogia","category-taxonomia-de-bloom","tag-pensamiento-critico-2","tag-taxonomia-de-bloom","cs-entry","cs-video-wrap"],"yoast_head":"<!-- This site is optimized with the Yoast SEO plugin v28.4 - https:\/\/yoast.com\/product\/yoast-seo-wordpress\/ -->\n<title>6 claves para desarrollar el pensamiento cr\u00edtico en el aula seg\u00fan la taxonom\u00eda de Bloom - 2026<\/title>\n<meta name=\"description\" content=\"El pensamiento cr\u00edtico no nace por casualidad; se ense\u00f1a, se practica y se fortalece. En un mundo donde la informaci\u00f3n abunda pero...\" \/>\n<meta name=\"robots\" content=\"index, follow, max-snippet:-1, max-image-preview:large, max-video-preview:-1\" \/>\n<link rel=\"canonical\" href=\"https:\/\/webdelmaestrocmf.com\/portal\/6-claves-para-desarrollar-el-pensamiento-critico-en-el-aula-segun-la-taxonomia-de-bloom\/\" \/>\n<meta property=\"og:locale\" content=\"es_ES\" \/>\n<meta property=\"og:type\" content=\"article\" \/>\n<meta property=\"og:title\" content=\"6 claves para desarrollar el pensamiento cr\u00edtico en el aula seg\u00fan la taxonom\u00eda de Bloom - 2026\" \/>\n<meta property=\"og:description\" content=\"El pensamiento cr\u00edtico no nace por casualidad; se ense\u00f1a, se practica y se fortalece. En un mundo donde la informaci\u00f3n abunda pero...\" \/>\n<meta property=\"og:url\" content=\"https:\/\/webdelmaestrocmf.com\/portal\/6-claves-para-desarrollar-el-pensamiento-critico-en-el-aula-segun-la-taxonomia-de-bloom\/\" \/>\n<meta property=\"og:site_name\" content=\"Web del Maestro CMF\" \/>\n<meta property=\"article:publisher\" content=\"https:\/\/www.facebook.com\/WebdelMaestroCMF\/\" \/>\n<meta property=\"article:author\" content=\"https:\/\/www.facebook.com\/WebdelMaestroCMF\/\" \/>\n<meta property=\"article:published_time\" content=\"2025-07-29T19:49:55+00:00\" \/>\n<meta property=\"article:modified_time\" content=\"2025-07-29T20:13:34+00:00\" \/>\n<meta property=\"og:image\" content=\"https:\/\/webdelmaestrocmf.com\/portal\/wp-content\/uploads\/2025\/07\/1A-Banner-1-portada-imagen-10-1-copia-2-1.webp\" \/>\n\t<meta property=\"og:image:width\" content=\"1003\" \/>\n\t<meta property=\"og:image:height\" content=\"667\" \/>\n\t<meta property=\"og:image:type\" content=\"image\/webp\" \/>\n<meta name=\"author\" content=\"Web del Maestro CMF\" \/>\n<meta name=\"twitter:card\" content=\"summary_large_image\" \/>\n<meta name=\"twitter:creator\" content=\"@cmf_w\" \/>\n<meta name=\"twitter:site\" content=\"@cmf_w\" \/>\n<script type=\"application\/ld+json\" class=\"yoast-schema-graph\">{\"@context\":\"https:\\\/\\\/schema.org\",\"@graph\":[{\"@type\":\"ScholarlyArticle\",\"@id\":\"https:\\\/\\\/webdelmaestrocmf.com\\\/portal\\\/6-claves-para-desarrollar-el-pensamiento-critico-en-el-aula-segun-la-taxonomia-de-bloom\\\/#article\",\"isPartOf\":{\"@id\":\"https:\\\/\\\/webdelmaestrocmf.com\\\/portal\\\/6-claves-para-desarrollar-el-pensamiento-critico-en-el-aula-segun-la-taxonomia-de-bloom\\\/\"},\"author\":{\"name\":\"Web del Maestro CMF\",\"@id\":\"https:\\\/\\\/webdelmaestrocmf.com\\\/portal\\\/#\\\/schema\\\/person\\\/1072a2ed7bd960df8ef99a551fa35dc5\"},\"headline\":\"6 claves para desarrollar el pensamiento cr\u00edtico en el aula seg\u00fan la taxonom\u00eda de Bloom\",\"datePublished\":\"2025-07-29T19:49:55+00:00\",\"dateModified\":\"2025-07-29T20:13:34+00:00\",\"mainEntityOfPage\":{\"@id\":\"https:\\\/\\\/webdelmaestrocmf.com\\\/portal\\\/6-claves-para-desarrollar-el-pensamiento-critico-en-el-aula-segun-la-taxonomia-de-bloom\\\/\"},\"wordCount\":946,\"commentCount\":0,\"publisher\":{\"@id\":\"https:\\\/\\\/webdelmaestrocmf.com\\\/portal\\\/#organization\"},\"image\":{\"@id\":\"https:\\\/\\\/webdelmaestrocmf.com\\\/portal\\\/6-claves-para-desarrollar-el-pensamiento-critico-en-el-aula-segun-la-taxonomia-de-bloom\\\/#primaryimage\"},\"thumbnailUrl\":\"https:\\\/\\\/webdelmaestrocmf.com\\\/portal\\\/wp-content\\\/uploads\\\/2025\\\/07\\\/1A-Banner-1-portada-imagen-10-1-copia-2-1.webp\",\"keywords\":[\"Pensamiento Cr\u00edtico\",\"Taxonom\u00eda de Bloom\"],\"articleSection\":[\"Pensamiento critico\",\"Recursos\",\"Taxonom\u00eda de Bloom\"],\"inLanguage\":\"es\",\"potentialAction\":[{\"@type\":\"CommentAction\",\"name\":\"Comment\",\"target\":[\"https:\\\/\\\/webdelmaestrocmf.com\\\/portal\\\/6-claves-para-desarrollar-el-pensamiento-critico-en-el-aula-segun-la-taxonomia-de-bloom\\\/#respond\"]}]},{\"@type\":\"WebPage\",\"@id\":\"https:\\\/\\\/webdelmaestrocmf.com\\\/portal\\\/6-claves-para-desarrollar-el-pensamiento-critico-en-el-aula-segun-la-taxonomia-de-bloom\\\/\",\"url\":\"https:\\\/\\\/webdelmaestrocmf.com\\\/portal\\\/6-claves-para-desarrollar-el-pensamiento-critico-en-el-aula-segun-la-taxonomia-de-bloom\\\/\",\"name\":\"6 claves para desarrollar el pensamiento cr\u00edtico en el aula seg\u00fan la taxonom\u00eda de Bloom - 2026\",\"isPartOf\":{\"@id\":\"https:\\\/\\\/webdelmaestrocmf.com\\\/portal\\\/#website\"},\"primaryImageOfPage\":{\"@id\":\"https:\\\/\\\/webdelmaestrocmf.com\\\/portal\\\/6-claves-para-desarrollar-el-pensamiento-critico-en-el-aula-segun-la-taxonomia-de-bloom\\\/#primaryimage\"},\"image\":{\"@id\":\"https:\\\/\\\/webdelmaestrocmf.com\\\/portal\\\/6-claves-para-desarrollar-el-pensamiento-critico-en-el-aula-segun-la-taxonomia-de-bloom\\\/#primaryimage\"},\"thumbnailUrl\":\"https:\\\/\\\/webdelmaestrocmf.com\\\/portal\\\/wp-content\\\/uploads\\\/2025\\\/07\\\/1A-Banner-1-portada-imagen-10-1-copia-2-1.webp\",\"datePublished\":\"2025-07-29T19:49:55+00:00\",\"dateModified\":\"2025-07-29T20:13:34+00:00\",\"description\":\"El pensamiento cr\u00edtico no nace por casualidad; se ense\u00f1a, se practica y se fortalece. En un mundo donde la informaci\u00f3n abunda pero...\",\"breadcrumb\":{\"@id\":\"https:\\\/\\\/webdelmaestrocmf.com\\\/portal\\\/6-claves-para-desarrollar-el-pensamiento-critico-en-el-aula-segun-la-taxonomia-de-bloom\\\/#breadcrumb\"},\"inLanguage\":\"es\",\"potentialAction\":[{\"@type\":\"ReadAction\",\"target\":[\"https:\\\/\\\/webdelmaestrocmf.com\\\/portal\\\/6-claves-para-desarrollar-el-pensamiento-critico-en-el-aula-segun-la-taxonomia-de-bloom\\\/\"]}]},{\"@type\":\"ImageObject\",\"inLanguage\":\"es\",\"@id\":\"https:\\\/\\\/webdelmaestrocmf.com\\\/portal\\\/6-claves-para-desarrollar-el-pensamiento-critico-en-el-aula-segun-la-taxonomia-de-bloom\\\/#primaryimage\",\"url\":\"https:\\\/\\\/webdelmaestrocmf.com\\\/portal\\\/wp-content\\\/uploads\\\/2025\\\/07\\\/1A-Banner-1-portada-imagen-10-1-copia-2-1.webp\",\"contentUrl\":\"https:\\\/\\\/webdelmaestrocmf.com\\\/portal\\\/wp-content\\\/uploads\\\/2025\\\/07\\\/1A-Banner-1-portada-imagen-10-1-copia-2-1.webp\",\"width\":1003,\"height\":667},{\"@type\":\"BreadcrumbList\",\"@id\":\"https:\\\/\\\/webdelmaestrocmf.com\\\/portal\\\/6-claves-para-desarrollar-el-pensamiento-critico-en-el-aula-segun-la-taxonomia-de-bloom\\\/#breadcrumb\",\"itemListElement\":[{\"@type\":\"ListItem\",\"position\":1,\"name\":\"Portada\",\"item\":\"https:\\\/\\\/webdelmaestrocmf.com\\\/portal\\\/\"},{\"@type\":\"ListItem\",\"position\":2,\"name\":\"Recursos\",\"item\":\"https:\\\/\\\/webdelmaestrocmf.com\\\/portal\\\/category\\\/pedagogia\\\/\"},{\"@type\":\"ListItem\",\"position\":3,\"name\":\"6 claves para desarrollar el pensamiento cr\u00edtico en el aula seg\u00fan la taxonom\u00eda de Bloom\"}]},{\"@type\":\"WebSite\",\"@id\":\"https:\\\/\\\/webdelmaestrocmf.com\\\/portal\\\/#website\",\"url\":\"https:\\\/\\\/webdelmaestrocmf.com\\\/portal\\\/\",\"name\":\"Web del Maestro CMF\",\"description\":\"Maestros al servicio de la educaci\u00f3n\",\"publisher\":{\"@id\":\"https:\\\/\\\/webdelmaestrocmf.com\\\/portal\\\/#organization\"},\"alternateName\":\"WMCMF\",\"potentialAction\":[{\"@type\":\"SearchAction\",\"target\":{\"@type\":\"EntryPoint\",\"urlTemplate\":\"https:\\\/\\\/webdelmaestrocmf.com\\\/portal\\\/?s={search_term_string}\"},\"query-input\":{\"@type\":\"PropertyValueSpecification\",\"valueRequired\":true,\"valueName\":\"search_term_string\"}}],\"inLanguage\":\"es\"},{\"@type\":\"Organization\",\"@id\":\"https:\\\/\\\/webdelmaestrocmf.com\\\/portal\\\/#organization\",\"name\":\"Web del Maestro CMF\",\"alternateName\":\"WMCMF\",\"url\":\"https:\\\/\\\/webdelmaestrocmf.com\\\/portal\\\/\",\"logo\":{\"@type\":\"ImageObject\",\"inLanguage\":\"es\",\"@id\":\"https:\\\/\\\/webdelmaestrocmf.com\\\/portal\\\/#\\\/schema\\\/logo\\\/image\\\/\",\"url\":\"https:\\\/\\\/webdelmaestrocmf.com\\\/portal\\\/wp-content\\\/uploads\\\/2023\\\/01\\\/logo-wmcmf-2.png\",\"contentUrl\":\"https:\\\/\\\/webdelmaestrocmf.com\\\/portal\\\/wp-content\\\/uploads\\\/2023\\\/01\\\/logo-wmcmf-2.png\",\"width\":200,\"height\":60,\"caption\":\"Web del Maestro CMF\"},\"image\":{\"@id\":\"https:\\\/\\\/webdelmaestrocmf.com\\\/portal\\\/#\\\/schema\\\/logo\\\/image\\\/\"},\"sameAs\":[\"https:\\\/\\\/www.facebook.com\\\/WebdelMaestroCMF\\\/\",\"https:\\\/\\\/x.com\\\/cmf_w\",\"https:\\\/\\\/www.pinterest.com\\\/WMCMF\\\/\",\"https:\\\/\\\/www.linkedin.com\\\/company\\\/web-del-maestro-cmf\\\/\",\"https:\\\/\\\/www.instagram.com\\\/wmcmf\\\/\",\"https:\\\/\\\/www.youtube.com\\\/channel\\\/UCDPSvjbdodE5sHnC3OxutHw\",\"https:\\\/\\\/mastodon.social\\\/@wmcmf\",\"https:\\\/\\\/www.tiktok.com\\\/@webdelmaestrocmf\"]},{\"@type\":\"Person\",\"@id\":\"https:\\\/\\\/webdelmaestrocmf.com\\\/portal\\\/#\\\/schema\\\/person\\\/1072a2ed7bd960df8ef99a551fa35dc5\",\"name\":\"Web del Maestro CMF\",\"image\":{\"@type\":\"ImageObject\",\"inLanguage\":\"es\",\"@id\":\"https:\\\/\\\/secure.gravatar.com\\\/avatar\\\/23291dd5b5ae1077dcff3dbb04c3e02bd28403fa75af6d8787d5e97c5bbbe30b?s=96&d=mm&r=g\",\"url\":\"https:\\\/\\\/secure.gravatar.com\\\/avatar\\\/23291dd5b5ae1077dcff3dbb04c3e02bd28403fa75af6d8787d5e97c5bbbe30b?s=96&d=mm&r=g\",\"contentUrl\":\"https:\\\/\\\/secure.gravatar.com\\\/avatar\\\/23291dd5b5ae1077dcff3dbb04c3e02bd28403fa75af6d8787d5e97c5bbbe30b?s=96&d=mm&r=g\",\"caption\":\"Web del Maestro CMF\"},\"description\":\"Esta Web se cre\u00f3 sin fines de lucro, con fines educativos, cient\u00edficos y acad\u00e9micos, para personas que tengan dificultades y\\\/o inconvenientes en visualizar el material original. El objetivo es entregar recursos, compartir experiencias y materiales que ayuden a los padres de familia, maestros y estudiantes en su actualizaci\u00f3n y formaci\u00f3n permanente, en bien de la Educaci\u00f3n.\",\"sameAs\":[\"http:\\\/\\\/webdelmaestrocmf.com\\\/portal\",\"https:\\\/\\\/www.facebook.com\\\/WebdelMaestroCMF\\\/\",\"https:\\\/\\\/www.instagram.com\\\/wmcmf\\\/\",\"https:\\\/\\\/cl.linkedin.com\\\/company\\\/web-del-maestro-cmf\",\"https:\\\/\\\/www.pinterest.com\\\/WMCMF\\\/publicaciones\\\/\",\"https:\\\/\\\/x.com\\\/cmf_w\",\"https:\\\/\\\/www.youtube.com\\\/@WMCMF\"]}]}<\/script>\n<!-- \/ Yoast SEO plugin. -->","yoast_head_json":{"title":"6 claves para desarrollar el pensamiento cr\u00edtico en el aula seg\u00fan la taxonom\u00eda de Bloom - 2026","description":"El pensamiento cr\u00edtico no nace por casualidad; se ense\u00f1a, se practica y se fortalece. En un mundo donde la informaci\u00f3n abunda pero...","robots":{"index":"index","follow":"follow","max-snippet":"max-snippet:-1","max-image-preview":"max-image-preview:large","max-video-preview":"max-video-preview:-1"},"canonical":"https:\/\/webdelmaestrocmf.com\/portal\/6-claves-para-desarrollar-el-pensamiento-critico-en-el-aula-segun-la-taxonomia-de-bloom\/","og_locale":"es_ES","og_type":"article","og_title":"6 claves para desarrollar el pensamiento cr\u00edtico en el aula seg\u00fan la taxonom\u00eda de Bloom - 2026","og_description":"El pensamiento cr\u00edtico no nace por casualidad; se ense\u00f1a, se practica y se fortalece. En un mundo donde la informaci\u00f3n abunda pero...","og_url":"https:\/\/webdelmaestrocmf.com\/portal\/6-claves-para-desarrollar-el-pensamiento-critico-en-el-aula-segun-la-taxonomia-de-bloom\/","og_site_name":"Web del Maestro CMF","article_publisher":"https:\/\/www.facebook.com\/WebdelMaestroCMF\/","article_author":"https:\/\/www.facebook.com\/WebdelMaestroCMF\/","article_published_time":"2025-07-29T19:49:55+00:00","article_modified_time":"2025-07-29T20:13:34+00:00","og_image":[{"width":1003,"height":667,"url":"https:\/\/webdelmaestrocmf.com\/portal\/wp-content\/uploads\/2025\/07\/1A-Banner-1-portada-imagen-10-1-copia-2-1.webp","type":"image\/webp"}],"author":"Web del Maestro CMF","twitter_card":"summary_large_image","twitter_creator":"@cmf_w","twitter_site":"@cmf_w","schema":{"@context":"https:\/\/schema.org","@graph":[{"@type":"ScholarlyArticle","@id":"https:\/\/webdelmaestrocmf.com\/portal\/6-claves-para-desarrollar-el-pensamiento-critico-en-el-aula-segun-la-taxonomia-de-bloom\/#article","isPartOf":{"@id":"https:\/\/webdelmaestrocmf.com\/portal\/6-claves-para-desarrollar-el-pensamiento-critico-en-el-aula-segun-la-taxonomia-de-bloom\/"},"author":{"name":"Web del Maestro CMF","@id":"https:\/\/webdelmaestrocmf.com\/portal\/#\/schema\/person\/1072a2ed7bd960df8ef99a551fa35dc5"},"headline":"6 claves para desarrollar el pensamiento cr\u00edtico en el aula seg\u00fan la taxonom\u00eda de Bloom","datePublished":"2025-07-29T19:49:55+00:00","dateModified":"2025-07-29T20:13:34+00:00","mainEntityOfPage":{"@id":"https:\/\/webdelmaestrocmf.com\/portal\/6-claves-para-desarrollar-el-pensamiento-critico-en-el-aula-segun-la-taxonomia-de-bloom\/"},"wordCount":946,"commentCount":0,"publisher":{"@id":"https:\/\/webdelmaestrocmf.com\/portal\/#organization"},"image":{"@id":"https:\/\/webdelmaestrocmf.com\/portal\/6-claves-para-desarrollar-el-pensamiento-critico-en-el-aula-segun-la-taxonomia-de-bloom\/#primaryimage"},"thumbnailUrl":"https:\/\/webdelmaestrocmf.com\/portal\/wp-content\/uploads\/2025\/07\/1A-Banner-1-portada-imagen-10-1-copia-2-1.webp","keywords":["Pensamiento Cr\u00edtico","Taxonom\u00eda de Bloom"],"articleSection":["Pensamiento critico","Recursos","Taxonom\u00eda de Bloom"],"inLanguage":"es","potentialAction":[{"@type":"CommentAction","name":"Comment","target":["https:\/\/webdelmaestrocmf.com\/portal\/6-claves-para-desarrollar-el-pensamiento-critico-en-el-aula-segun-la-taxonomia-de-bloom\/#respond"]}]},{"@type":"WebPage","@id":"https:\/\/webdelmaestrocmf.com\/portal\/6-claves-para-desarrollar-el-pensamiento-critico-en-el-aula-segun-la-taxonomia-de-bloom\/","url":"https:\/\/webdelmaestrocmf.com\/portal\/6-claves-para-desarrollar-el-pensamiento-critico-en-el-aula-segun-la-taxonomia-de-bloom\/","name":"6 claves para desarrollar el pensamiento cr\u00edtico en el aula seg\u00fan la taxonom\u00eda de Bloom - 2026","isPartOf":{"@id":"https:\/\/webdelmaestrocmf.com\/portal\/#website"},"primaryImageOfPage":{"@id":"https:\/\/webdelmaestrocmf.com\/portal\/6-claves-para-desarrollar-el-pensamiento-critico-en-el-aula-segun-la-taxonomia-de-bloom\/#primaryimage"},"image":{"@id":"https:\/\/webdelmaestrocmf.com\/portal\/6-claves-para-desarrollar-el-pensamiento-critico-en-el-aula-segun-la-taxonomia-de-bloom\/#primaryimage"},"thumbnailUrl":"https:\/\/webdelmaestrocmf.com\/portal\/wp-content\/uploads\/2025\/07\/1A-Banner-1-portada-imagen-10-1-copia-2-1.webp","datePublished":"2025-07-29T19:49:55+00:00","dateModified":"2025-07-29T20:13:34+00:00","description":"El pensamiento cr\u00edtico no nace por casualidad; se ense\u00f1a, se practica y se fortalece. En un mundo donde la informaci\u00f3n abunda pero...","breadcrumb":{"@id":"https:\/\/webdelmaestrocmf.com\/portal\/6-claves-para-desarrollar-el-pensamiento-critico-en-el-aula-segun-la-taxonomia-de-bloom\/#breadcrumb"},"inLanguage":"es","potentialAction":[{"@type":"ReadAction","target":["https:\/\/webdelmaestrocmf.com\/portal\/6-claves-para-desarrollar-el-pensamiento-critico-en-el-aula-segun-la-taxonomia-de-bloom\/"]}]},{"@type":"ImageObject","inLanguage":"es","@id":"https:\/\/webdelmaestrocmf.com\/portal\/6-claves-para-desarrollar-el-pensamiento-critico-en-el-aula-segun-la-taxonomia-de-bloom\/#primaryimage","url":"https:\/\/webdelmaestrocmf.com\/portal\/wp-content\/uploads\/2025\/07\/1A-Banner-1-portada-imagen-10-1-copia-2-1.webp","contentUrl":"https:\/\/webdelmaestrocmf.com\/portal\/wp-content\/uploads\/2025\/07\/1A-Banner-1-portada-imagen-10-1-copia-2-1.webp","width":1003,"height":667},{"@type":"BreadcrumbList","@id":"https:\/\/webdelmaestrocmf.com\/portal\/6-claves-para-desarrollar-el-pensamiento-critico-en-el-aula-segun-la-taxonomia-de-bloom\/#breadcrumb","itemListElement":[{"@type":"ListItem","position":1,"name":"Portada","item":"https:\/\/webdelmaestrocmf.com\/portal\/"},{"@type":"ListItem","position":2,"name":"Recursos","item":"https:\/\/webdelmaestrocmf.com\/portal\/category\/pedagogia\/"},{"@type":"ListItem","position":3,"name":"6 claves para desarrollar el pensamiento cr\u00edtico en el aula seg\u00fan la taxonom\u00eda de Bloom"}]},{"@type":"WebSite","@id":"https:\/\/webdelmaestrocmf.com\/portal\/#website","url":"https:\/\/webdelmaestrocmf.com\/portal\/","name":"Web del Maestro CMF","description":"Maestros al servicio de la educaci\u00f3n","publisher":{"@id":"https:\/\/webdelmaestrocmf.com\/portal\/#organization"},"alternateName":"WMCMF","potentialAction":[{"@type":"SearchAction","target":{"@type":"EntryPoint","urlTemplate":"https:\/\/webdelmaestrocmf.com\/portal\/?s={search_term_string}"},"query-input":{"@type":"PropertyValueSpecification","valueRequired":true,"valueName":"search_term_string"}}],"inLanguage":"es"},{"@type":"Organization","@id":"https:\/\/webdelmaestrocmf.com\/portal\/#organization","name":"Web del Maestro CMF","alternateName":"WMCMF","url":"https:\/\/webdelmaestrocmf.com\/portal\/","logo":{"@type":"ImageObject","inLanguage":"es","@id":"https:\/\/webdelmaestrocmf.com\/portal\/#\/schema\/logo\/image\/","url":"https:\/\/webdelmaestrocmf.com\/portal\/wp-content\/uploads\/2023\/01\/logo-wmcmf-2.png","contentUrl":"https:\/\/webdelmaestrocmf.com\/portal\/wp-content\/uploads\/2023\/01\/logo-wmcmf-2.png","width":200,"height":60,"caption":"Web del Maestro CMF"},"image":{"@id":"https:\/\/webdelmaestrocmf.com\/portal\/#\/schema\/logo\/image\/"},"sameAs":["https:\/\/www.facebook.com\/WebdelMaestroCMF\/","https:\/\/x.com\/cmf_w","https:\/\/www.pinterest.com\/WMCMF\/","https:\/\/www.linkedin.com\/company\/web-del-maestro-cmf\/","https:\/\/www.instagram.com\/wmcmf\/","https:\/\/www.youtube.com\/channel\/UCDPSvjbdodE5sHnC3OxutHw","https:\/\/mastodon.social\/@wmcmf","https:\/\/www.tiktok.com\/@webdelmaestrocmf"]},{"@type":"Person","@id":"https:\/\/webdelmaestrocmf.com\/portal\/#\/schema\/person\/1072a2ed7bd960df8ef99a551fa35dc5","name":"Web del Maestro CMF","image":{"@type":"ImageObject","inLanguage":"es","@id":"https:\/\/secure.gravatar.com\/avatar\/23291dd5b5ae1077dcff3dbb04c3e02bd28403fa75af6d8787d5e97c5bbbe30b?s=96&d=mm&r=g","url":"https:\/\/secure.gravatar.com\/avatar\/23291dd5b5ae1077dcff3dbb04c3e02bd28403fa75af6d8787d5e97c5bbbe30b?s=96&d=mm&r=g","contentUrl":"https:\/\/secure.gravatar.com\/avatar\/23291dd5b5ae1077dcff3dbb04c3e02bd28403fa75af6d8787d5e97c5bbbe30b?s=96&d=mm&r=g","caption":"Web del Maestro CMF"},"description":"Esta Web se cre\u00f3 sin fines de lucro, con fines educativos, cient\u00edficos y acad\u00e9micos, para personas que tengan dificultades y\/o inconvenientes en visualizar el material original. El objetivo es entregar recursos, compartir experiencias y materiales que ayuden a los padres de familia, maestros y estudiantes en su actualizaci\u00f3n y formaci\u00f3n permanente, en bien de la Educaci\u00f3n.","sameAs":["http:\/\/webdelmaestrocmf.com\/portal","https:\/\/www.facebook.com\/WebdelMaestroCMF\/","https:\/\/www.instagram.com\/wmcmf\/","https:\/\/cl.linkedin.com\/company\/web-del-maestro-cmf","https:\/\/www.pinterest.com\/WMCMF\/publicaciones\/","https:\/\/x.com\/cmf_w","https:\/\/www.youtube.com\/@WMCMF"]}]}},"jetpack_sharing_enabled":true,"jetpack-related-posts":[{"id":119345,"url":"https:\/\/webdelmaestrocmf.com\/portal\/taxonomias-de-bloom-y-marzano-descargue-la-guia-aprendizaje-basado-en-taxonomias-para-transformar-la-ensenanza-y-el-aprendizaje\/","url_meta":{"origin":111600,"position":0},"title":"Taxonom\u00edas de Bloom y Marzano: descargue la gu\u00eda \u201cAprendizaje Basado en Taxonom\u00edas\u201d para transformar la ense\u00f1anza y el aprendizaje","author":"Web del Maestro CMF","date":"18 mayo, 2026","format":false,"excerpt":"Las taxonom\u00edas de Bloom y Marzano ayudan a comprender y mejorar el aprendizaje, permitiendo a los docentes dise\u00f1ar actividades, evaluaciones y estrategias educativas que desarrollen habilidades cognitivas y procesos integrales.","rel":"","context":"En \u00abDescarga\u00bb","block_context":{"text":"Descarga","link":"https:\/\/webdelmaestrocmf.com\/portal\/category\/descarga\/"},"img":{"alt_text":"","src":"https:\/\/i0.wp.com\/webdelmaestrocmf.com\/portal\/wp-content\/uploads\/2026\/05\/1AA-Banner-1-portada-imagen-10-1-copia-12-1.webp?resize=350%2C200&ssl=1","width":350,"height":200,"srcset":"https:\/\/i0.wp.com\/webdelmaestrocmf.com\/portal\/wp-content\/uploads\/2026\/05\/1AA-Banner-1-portada-imagen-10-1-copia-12-1.webp?resize=350%2C200&ssl=1 1x, https:\/\/i0.wp.com\/webdelmaestrocmf.com\/portal\/wp-content\/uploads\/2026\/05\/1AA-Banner-1-portada-imagen-10-1-copia-12-1.webp?resize=525%2C300&ssl=1 1.5x, https:\/\/i0.wp.com\/webdelmaestrocmf.com\/portal\/wp-content\/uploads\/2026\/05\/1AA-Banner-1-portada-imagen-10-1-copia-12-1.webp?resize=700%2C400&ssl=1 2x, https:\/\/i0.wp.com\/webdelmaestrocmf.com\/portal\/wp-content\/uploads\/2026\/05\/1AA-Banner-1-portada-imagen-10-1-copia-12-1.webp?resize=1050%2C600&ssl=1 3x"},"classes":[]},{"id":116967,"url":"https:\/\/webdelmaestrocmf.com\/portal\/taxonomia-de-bloom-en-la-era-de-la-inteligencia-artificial-descarga-estos-dos-recursos-inteligencia-artificial-en-la-microeducacion-y-taxonomia-de-bloom-aplicada-al-mundo-digital\/","url_meta":{"origin":111600,"position":1},"title":"Taxonom\u00eda de Bloom en la era de la inteligencia artificial. Descarga estos dos recursos: Inteligencia Artificial en la Microeducaci\u00f3n y Taxonom\u00eda de Bloom aplicada al mundo digital","author":"Web del Maestro CMF","date":"27 marzo, 2026","format":false,"excerpt":"La educaci\u00f3n actual exige ir m\u00e1s all\u00e1 de la memorizaci\u00f3n: integrar la inteligencia artificial con la Taxonom\u00eda de Bloom permite desarrollar pensamiento cr\u00edtico, an\u00e1lisis y creatividad en estudiantes del siglo XXI.","rel":"","context":"En \u00abRecursos\u00bb","block_context":{"text":"Recursos","link":"https:\/\/webdelmaestrocmf.com\/portal\/category\/pedagogia\/"},"img":{"alt_text":"","src":"https:\/\/i0.wp.com\/webdelmaestrocmf.com\/portal\/wp-content\/uploads\/2026\/03\/1AA-Banner-1-portada-imagen-10-1-copia-8-3.webp?resize=350%2C200&ssl=1","width":350,"height":200,"srcset":"https:\/\/i0.wp.com\/webdelmaestrocmf.com\/portal\/wp-content\/uploads\/2026\/03\/1AA-Banner-1-portada-imagen-10-1-copia-8-3.webp?resize=350%2C200&ssl=1 1x, https:\/\/i0.wp.com\/webdelmaestrocmf.com\/portal\/wp-content\/uploads\/2026\/03\/1AA-Banner-1-portada-imagen-10-1-copia-8-3.webp?resize=525%2C300&ssl=1 1.5x, https:\/\/i0.wp.com\/webdelmaestrocmf.com\/portal\/wp-content\/uploads\/2026\/03\/1AA-Banner-1-portada-imagen-10-1-copia-8-3.webp?resize=700%2C400&ssl=1 2x, https:\/\/i0.wp.com\/webdelmaestrocmf.com\/portal\/wp-content\/uploads\/2026\/03\/1AA-Banner-1-portada-imagen-10-1-copia-8-3.webp?resize=1050%2C600&ssl=1 3x"},"classes":[]},{"id":109991,"url":"https:\/\/webdelmaestrocmf.com\/portal\/que-es-la-taxonomia-de-bloom-sus-actualizaciones-y-como-aplicarla-en-el-aula\/","url_meta":{"origin":111600,"position":2},"title":"Qu\u00e9 es la Taxonom\u00eda de Bloom","author":"Web del Maestro CMF","date":"17 junio, 2025","format":false,"excerpt":"Cu\u00e1les son sus actualizaciones y c\u00f3mo aplicarla en el aula. Una gu\u00eda pr\u00e1ctica para planificar, ense\u00f1ar y evaluar con claridad.","rel":"","context":"En \u00abRecursos\u00bb","block_context":{"text":"Recursos","link":"https:\/\/webdelmaestrocmf.com\/portal\/category\/pedagogia\/"},"img":{"alt_text":"","src":"https:\/\/i0.wp.com\/webdelmaestrocmf.com\/portal\/wp-content\/uploads\/2025\/06\/1A-Banner-1-portada-imagen-10-1-copia-2.jpg?resize=350%2C200&ssl=1","width":350,"height":200,"srcset":"https:\/\/i0.wp.com\/webdelmaestrocmf.com\/portal\/wp-content\/uploads\/2025\/06\/1A-Banner-1-portada-imagen-10-1-copia-2.jpg?resize=350%2C200&ssl=1 1x, https:\/\/i0.wp.com\/webdelmaestrocmf.com\/portal\/wp-content\/uploads\/2025\/06\/1A-Banner-1-portada-imagen-10-1-copia-2.jpg?resize=525%2C300&ssl=1 1.5x, https:\/\/i0.wp.com\/webdelmaestrocmf.com\/portal\/wp-content\/uploads\/2025\/06\/1A-Banner-1-portada-imagen-10-1-copia-2.jpg?resize=700%2C400&ssl=1 2x"},"classes":[]},{"id":50234,"url":"https:\/\/webdelmaestrocmf.com\/portal\/taxonomia-digital-de-bloom-aplicada-a-la-educacion\/","url_meta":{"origin":111600,"position":3},"title":"Taxonom\u00eda Digital de Bloom aplicada a la Educaci\u00f3n","author":"Web del Maestro CMF","date":"20 agosto, 2020","format":false,"excerpt":"La taxonom\u00eda Digital de Bloom\u00a0es una propuesta que realizo el profesor\u00a0Andrew Churches\u00a0hace algunos a\u00f1os, en donde b\u00e1sicamente categorizaba el uso de herramientas inform\u00e1ticas en base a la\u00a0Taxonom\u00eda revisada de Bloom. Para los que no sepan mucho sobre esta Taxonom\u00eda, fue dise\u00f1ada para\u00a0establecer procesos de aprendizaje. En dicha taxonom\u00eda se establecen\u00a06\u2026","rel":"","context":"En \u00abRecursos\u00bb","block_context":{"text":"Recursos","link":"https:\/\/webdelmaestrocmf.com\/portal\/category\/pedagogia\/"},"img":{"alt_text":"taxonom\u00eda digital","src":"https:\/\/i0.wp.com\/webdelmaestrocmf.com\/portal\/wp-content\/uploads\/2020\/08\/1-copia-41.jpg?resize=350%2C200&ssl=1","width":350,"height":200,"srcset":"https:\/\/i0.wp.com\/webdelmaestrocmf.com\/portal\/wp-content\/uploads\/2020\/08\/1-copia-41.jpg?resize=350%2C200&ssl=1 1x, https:\/\/i0.wp.com\/webdelmaestrocmf.com\/portal\/wp-content\/uploads\/2020\/08\/1-copia-41.jpg?resize=525%2C300&ssl=1 1.5x, https:\/\/i0.wp.com\/webdelmaestrocmf.com\/portal\/wp-content\/uploads\/2020\/08\/1-copia-41.jpg?resize=700%2C400&ssl=1 2x, https:\/\/i0.wp.com\/webdelmaestrocmf.com\/portal\/wp-content\/uploads\/2020\/08\/1-copia-41.jpg?resize=1050%2C600&ssl=1 3x"},"classes":[]},{"id":74636,"url":"https:\/\/webdelmaestrocmf.com\/portal\/taxonomia-de-bloom-32-habilidades-a-demostrar\/","url_meta":{"origin":111600,"position":4},"title":"Taxonom\u00eda de Bloom: 32 habilidades a demostrar","author":"Web del Maestro CMF","date":"21 enero, 2024","format":false,"excerpt":"Sabemos que te est\u00e1s preguntando qu\u00e9 es la Taxonom\u00eda de Bloom y c\u00f3mo la puedes aplicar en tus procesos acad\u00e9micos, y nosotros tenemos la respuesta a todos tus interrogantes. \u00a1Sigue leyendo! La Taxonom\u00eda de Bloom se conoce en el \u00e1mbito educativo como la\u00a0teor\u00eda que les permite a los docentes evaluar\u2026","rel":"","context":"En \u00abDescargas Manuales PDF\u00bb","block_context":{"text":"Descargas Manuales PDF","link":"https:\/\/webdelmaestrocmf.com\/portal\/category\/pedagogia\/descargas-manuales-pdf\/"},"img":{"alt_text":"","src":"https:\/\/i0.wp.com\/webdelmaestrocmf.com\/portal\/wp-content\/uploads\/2022\/02\/Banner-1-portada-imagen-10-49.jpg?resize=350%2C200&ssl=1","width":350,"height":200,"srcset":"https:\/\/i0.wp.com\/webdelmaestrocmf.com\/portal\/wp-content\/uploads\/2022\/02\/Banner-1-portada-imagen-10-49.jpg?resize=350%2C200&ssl=1 1x, https:\/\/i0.wp.com\/webdelmaestrocmf.com\/portal\/wp-content\/uploads\/2022\/02\/Banner-1-portada-imagen-10-49.jpg?resize=525%2C300&ssl=1 1.5x, https:\/\/i0.wp.com\/webdelmaestrocmf.com\/portal\/wp-content\/uploads\/2022\/02\/Banner-1-portada-imagen-10-49.jpg?resize=700%2C400&ssl=1 2x"},"classes":[]},{"id":108140,"url":"https:\/\/webdelmaestrocmf.com\/portal\/integracion-de-las-tic-en-el-aula-modelo-samr-y-taxonomia-de-bloom\/","url_meta":{"origin":111600,"position":5},"title":"Integraci\u00f3n de las TIC en el aula: Modelo SAMR y taxonom\u00eda de Bloom","author":"Web del Maestro CMF","date":"27 febrero, 2025","format":false,"excerpt":"En la era digital, la educaci\u00f3n ha experimentado una transformaci\u00f3n significativa, impulsada por la tecnolog\u00eda. Para optimizar su uso en el aula, el Modelo SAMR, creado por Rub\u00e9n Puentedura, proporciona una estructura que permite evaluar y mejorar la integraci\u00f3n de las TIC en la ense\u00f1anza. A su vez, la Taxonom\u00eda\u2026","rel":"","context":"En \u00abRecursos\u00bb","block_context":{"text":"Recursos","link":"https:\/\/webdelmaestrocmf.com\/portal\/category\/pedagogia\/"},"img":{"alt_text":"","src":"https:\/\/i0.wp.com\/webdelmaestrocmf.com\/portal\/wp-content\/uploads\/2025\/02\/1A-Banner-1-portada-imagen-10-1-99.jpg?resize=350%2C200&ssl=1","width":350,"height":200,"srcset":"https:\/\/i0.wp.com\/webdelmaestrocmf.com\/portal\/wp-content\/uploads\/2025\/02\/1A-Banner-1-portada-imagen-10-1-99.jpg?resize=350%2C200&ssl=1 1x, https:\/\/i0.wp.com\/webdelmaestrocmf.com\/portal\/wp-content\/uploads\/2025\/02\/1A-Banner-1-portada-imagen-10-1-99.jpg?resize=525%2C300&ssl=1 1.5x, https:\/\/i0.wp.com\/webdelmaestrocmf.com\/portal\/wp-content\/uploads\/2025\/02\/1A-Banner-1-portada-imagen-10-1-99.jpg?resize=700%2C400&ssl=1 2x"},"classes":[]}],"jetpack_featured_media_url":"https:\/\/webdelmaestrocmf.com\/portal\/wp-content\/uploads\/2025\/07\/1A-Banner-1-portada-imagen-10-1-copia-2-1.webp","_links":{"self":[{"href":"https:\/\/webdelmaestrocmf.com\/portal\/wp-json\/wp\/v2\/posts\/111600","targetHints":{"allow":["GET"]}}],"collection":[{"href":"https:\/\/webdelmaestrocmf.com\/portal\/wp-json\/wp\/v2\/posts"}],"about":[{"href":"https:\/\/webdelmaestrocmf.com\/portal\/wp-json\/wp\/v2\/types\/post"}],"author":[{"embeddable":true,"href":"https:\/\/webdelmaestrocmf.com\/portal\/wp-json\/wp\/v2\/users\/1"}],"replies":[{"embeddable":true,"href":"https:\/\/webdelmaestrocmf.com\/portal\/wp-json\/wp\/v2\/comments?post=111600"}],"version-history":[{"count":3,"href":"https:\/\/webdelmaestrocmf.com\/portal\/wp-json\/wp\/v2\/posts\/111600\/revisions"}],"predecessor-version":[{"id":111605,"href":"https:\/\/webdelmaestrocmf.com\/portal\/wp-json\/wp\/v2\/posts\/111600\/revisions\/111605"}],"wp:featuredmedia":[{"embeddable":true,"href":"https:\/\/webdelmaestrocmf.com\/portal\/wp-json\/wp\/v2\/media\/111601"}],"wp:attachment":[{"href":"https:\/\/webdelmaestrocmf.com\/portal\/wp-json\/wp\/v2\/media?parent=111600"}],"wp:term":[{"taxonomy":"category","embeddable":true,"href":"https:\/\/webdelmaestrocmf.com\/portal\/wp-json\/wp\/v2\/categories?post=111600"},{"taxonomy":"post_tag","embeddable":true,"href":"https:\/\/webdelmaestrocmf.com\/portal\/wp-json\/wp\/v2\/tags?post=111600"}],"curies":[{"name":"wp","href":"https:\/\/api.w.org\/{rel}","templated":true}]}}