{"id":111563,"date":"2025-07-28T13:37:03","date_gmt":"2025-07-28T17:37:03","guid":{"rendered":"https:\/\/webdelmaestrocmf.com\/portal\/?p=111563"},"modified":"2025-07-28T13:54:37","modified_gmt":"2025-07-28T17:54:37","slug":"dina-boluarte-y-su-ultimo-mensaje-a-la-nacion-discurso-en-medio-de-investigaciones-baja-aprobacion-y-tensiones-politicas","status":"publish","type":"post","link":"https:\/\/webdelmaestrocmf.com\/portal\/dina-boluarte-y-su-ultimo-mensaje-a-la-nacion-discurso-en-medio-de-investigaciones-baja-aprobacion-y-tensiones-politicas\/","title":{"rendered":"Dina Boluarte y su \u00faltimo mensaje a la Naci\u00f3n: discurso en medio de investigaciones, baja aprobaci\u00f3n y tensiones pol\u00edticas"},"content":{"rendered":"\n<p>Este 28 de julio de 2025, la presidenta Dina Boluarte brind\u00f3 su \u00faltimo mensaje a la Naci\u00f3n por Fiestas Patrias, desde el Congreso de la Rep\u00fablica. La intervenci\u00f3n, de m\u00e1s de 90 p\u00e1ginas, fue transmitida en vivo y seguida por diversos medios, que realizaron an\u00e1lisis en tiempo real.<\/p>\n\n\n\n<p>Boluarte, con una aprobaci\u00f3n que no supera el 3\u202f% seg\u00fan las \u00faltimas encuestas, llega a este mensaje en un contexto marcado por investigaciones fiscales, protestas ciudadanas, tensiones en el Congreso y una creciente desconfianza p\u00fablica. Su discurso, extenso y cargado de afirmaciones sobre logros de gesti\u00f3n, ha sido interpretado por analistas como una defensa de su permanencia en el poder m\u00e1s que una rendici\u00f3n de cuentas ante el pa\u00eds.<\/p>\n\n\n\n<h2 class=\"wp-block-heading\"><strong>Principales ejes del discurso<\/strong><\/h2>\n\n\n\n<iframe loading=\"lazy\" width=\"100%\" height=\"315\" src=\"https:\/\/www.youtube.com\/embed\/aAJDkgfzN5M?si=jT2Ed2b19q-Cttrz\" title=\"YouTube video player\" frameborder=\"0\" allow=\"accelerometer; autoplay; clipboard-write; encrypted-media; gyroscope; picture-in-picture; web-share\" referrerpolicy=\"strict-origin-when-cross-origin\" allowfullscreen><\/iframe>\n\n\n\n<p><strong>Empleo y formalizaci\u00f3n laboral<br><\/strong>La presidenta afirm\u00f3 que la recuperaci\u00f3n econ\u00f3mica se refleja en un crecimiento del empleo formal en el sector privado, con m\u00e1s de 246 mil nuevos puestos, lo que representa un aumento del 7,6\u202f%. Adem\u00e1s, inform\u00f3 que la remuneraci\u00f3n promedio mensual se increment\u00f3 en 331 soles, un 12,8\u202f% m\u00e1s, y se elev\u00f3 la remuneraci\u00f3n m\u00ednima vital a S\/ 1,130. La formalidad laboral creci\u00f3 3,1\u202f% durante su mandato, y anunci\u00f3 la pr\u00f3xima aprobaci\u00f3n de la Estrategia Nacional de Formalizaci\u00f3n Laboral, con el objetivo de alcanzar una tasa del 50\u202f%.<\/p>\n\n\n\n<p><strong>Capacitaci\u00f3n y desarrollo de competencias<br><\/strong>Boluarte se\u00f1al\u00f3 que se fortaleci\u00f3 la plataforma \u2018Capac\u00edtate\u2019, que ofrece 50 carreras cortas y m\u00e1s de 200 cursos gratuitos, logrando la certificaci\u00f3n de 350 mil personas. Tambi\u00e9n se incorpor\u00f3 un curso b\u00e1sico de ingl\u00e9s. Asimismo, el programa Llamkasum Per\u00fa ampli\u00f3 su cobertura al 98\u202f% de los distritos, con cerca de 9,000 actividades y la creaci\u00f3n de 447 mil empleos temporales en 1,836 localidades, con una inversi\u00f3n superior a 1,500 millones de soles.<\/p>\n\n\n\n<p><strong>Emprendimiento y juventud<br><\/strong>Destac\u00f3 el apoyo a m\u00e1s de 3,800 micro y peque\u00f1as empresas con una inversi\u00f3n de S\/ 471 millones, generando 84 mil empleos. Tambi\u00e9n mencion\u00f3 el uso de herramientas digitales como la plataforma Mi Carrera, lanzada en diciembre de 2023, que ha registrado m\u00e1s de 2,4 millones de visitas. Asegur\u00f3 que su gobierno ha impulsado el desarrollo del capital humano, con \u00e9nfasis en los j\u00f3venes.<\/p>\n\n\n\n<p><strong>Infraestructura, transporte y servicios<br><\/strong>Inform\u00f3 que el turismo aport\u00f3 S\/ 31,100 millones a la econom\u00eda. En justicia, se crearon 29 nuevos centros de asistencia legal, que han atendido gratuitamente a m\u00e1s de 519 mil personas. En transporte, se instalaron m\u00e1s de 2 mil puentes y se mejoraron 3,200 kil\u00f3metros de carreteras. En salud, se destrabaron 57 obras, de las cuales 13 ya fueron entregadas. Tambi\u00e9n se increment\u00f3 el presupuesto para ollas comunes, comedores y el programa Vaso de Leche.<\/p>\n\n\n\n<p><strong>Seguridad ciudadana y defensa<br><\/strong>A pesar de los delitos que persisten, Boluarte indic\u00f3 que se incorporaron 21 mil efectivos policiales, se adquirieron m\u00e1s de 1,400 veh\u00edculos para la PNP y se instalaron nueve bases en \u00e1reas naturales protegidas. En energ\u00eda, 550 mil hogares accedieron a bonos para gas, y se ejecutaron 33 proyectos de transmisi\u00f3n el\u00e9ctrica. Adem\u00e1s, se puso en marcha un plan de modernizaci\u00f3n de las Fuerzas Armadas.<\/p>\n\n\n\n<p><strong>Agua, saneamiento y agricultura<br><\/strong>La mandataria destac\u00f3 la obra de saneamiento de Juliaca, en Puno, con una inversi\u00f3n de S\/ 1,700 millones para beneficiar a m\u00e1s de 370 mil habitantes. En agricultura, se construyeron 1,200 qochas, 573 obras de infraestructura de riego y proyectos de siembra y cosecha de agua que beneficiaron a m\u00e1s de 340 mil familias.<\/p>\n\n\n\n<p><strong>Educaci\u00f3n y vivienda<br><\/strong>Se entregaron 153 nuevos colegios, m\u00e1s de 58 mil becas y se ejecut\u00f3 un plan de inversi\u00f3n en educaci\u00f3n superior a los S\/ 11,400 millones. En vivienda, se construyeron m\u00e1s de 24 mil casas \u201cWasiy\u201d para zonas altoandinas, beneficiando a 98 mil personas. Adem\u00e1s, se entregaron 110 mil viviendas de inter\u00e9s social mediante los programas Techo Propio y Cr\u00e9dito Mivivienda.<\/p>\n\n\n\n<p><strong>Situaci\u00f3n pol\u00edtica y econ\u00f3mica inicial<br><\/strong>Boluarte reconoci\u00f3 que asumi\u00f3 el cargo en un pa\u00eds dividido, en declive econ\u00f3mico, y afectado por la fuga de capitales y el desempleo. Asegur\u00f3 que su objetivo desde el inicio fue restablecer el orden constitucional, estabilizar la econom\u00eda y reconciliar a la poblaci\u00f3n, anteponiendo el inter\u00e9s nacional por sobre intereses personales o partidarios.<\/p>\n\n\n\n<p><strong>Mensaje pol\u00edtico y posici\u00f3n personal<br><\/strong>Reafirm\u00f3 su condici\u00f3n como primera mujer presidenta del Per\u00fa, lo cual consider\u00f3 una responsabilidad hist\u00f3rica. Se\u00f1al\u00f3 que asumi\u00f3 la presidencia en medio de una crisis profunda provocada por un intento de golpe de Estado. Defendi\u00f3 su actuaci\u00f3n afirmando que se intent\u00f3 convertirla en un \u201cchivo expiatorio\u201d, pero que ha gobernado con responsabilidad, junto a las instituciones, en defensa del orden democr\u00e1tico.<\/p>\n\n\n\n<h2 class=\"wp-block-heading\"><strong>Reacciones y tensiones<\/strong><\/h2>\n\n\n\n<p>Durante su presentaci\u00f3n, se produjeron incidentes en el Congreso. Algunos congresistas mostraron pancartas, gritaron consignas y abandonaron el hemiciclo. Desde la oposici\u00f3n se cuestion\u00f3 el tono del discurso y la falta de autocr\u00edtica frente a las denuncias en su contra.<\/p>\n\n\n\n<p>Diversos medios calificaron el mensaje como cargado de justificaciones personales y desconectado de la realidad. Analistas se\u00f1alaron que el \u00e9nfasis en logros econ\u00f3micos fue opacado por la ausencia de respuestas claras sobre los casos judiciales que la involucran.<\/p>\n\n\n\n<h2 class=\"wp-block-heading\"><strong>Contexto pol\u00edtico y judicial<\/strong><\/h2>\n\n\n\n<p>Dina Boluarte enfrenta varias investigaciones en curso:<\/p>\n\n\n\n<ul class=\"wp-block-list\">\n<li>Caso Rolex: presunto enriquecimiento il\u00edcito.<\/li>\n\n\n\n<li>Caso Qali Warma: adjudicaciones irregulares en programas sociales.<\/li>\n\n\n\n<li>Cirug\u00eda clandestina: abandono de funciones por una operaci\u00f3n est\u00e9tica no informada oficialmente.<\/li>\n\n\n\n<li>Caso Waykis: uso indebido del aparato estatal para beneficio personal.<\/li>\n\n\n\n<li>Denuncias constitucionales por las muertes en protestas y presunta violaci\u00f3n de derechos humanos.<\/li>\n<\/ul>\n\n\n\n<p>Pese a estos procesos, su condici\u00f3n de presidenta le otorga inmunidad hasta julio de 2026. No obstante, existe preocupaci\u00f3n entre juristas, medios y sectores ciudadanos sobre el uso de recursos p\u00fablicos para blindarse pol\u00edticamente.<\/p>\n\n\n\n<p>El \u00faltimo mensaje presidencial de Dina Boluarte se produce en un momento cr\u00edtico. La baja aprobaci\u00f3n ciudadana, las m\u00faltiples investigaciones fiscales abiertas y la falta de apoyo sostenido en el Congreso proyectan un escenario de alta inestabilidad.<\/p>\n\n\n\n<p>M\u00e1s que un balance de gesti\u00f3n, el discurso fue le\u00eddo como una estrategia para sostener su legitimidad en el tramo final de su gobierno. A un a\u00f1o de culminar su mandato, el debate ya no se limita a su desempe\u00f1o, sino a si lograr\u00e1 concluir su periodo sin ser destituida o procesada judicialmente una vez que pierda la inmunidad.<\/p>\n\n\n\n<p class=\"has-text-align-right\"><strong>Redacci\u00f3n | Web del Maestro CMF<\/strong><\/p>\n\n\n\t\t<div class=\"pk-inline-posts\">\n\t\t\t\n\t\t\t<div class=\"pk-inline-posts-container pk-inline-posts-template-list\"\n\t\t\t\tdata-columns=\"1\">\n\t\t\t\t\t\t<article id=\"post-118473\" class=\"post-118473 post type-post status-publish format-standard has-post-thumbnail category-noticias-internacionales tag-convivencia tag-docentes tag-educacion-3 tag-gestion-escolar-2 tag-protocolos tag-salud-mental tag-seguridad-escolar tag-simulacros tag-violencia-escolar cs-entry cs-video-wrap\">\n\t\t\t<div class=\"pk-post-outer\">\n\n\t\t\t\t\t\t\t\t<div class=\"pk-post-inner\">\n\t\t\t\t\t<div class=\"entry-thumbnail\">\n\t\t\t\t\t\t<div class=\"pk-overlay pk-overlay-ratio pk-ratio-landscape\">\n\t\t\t\t\t\t\t<div class=\"pk-overlay-background\">\n\t\t\t\t\t\t\t\t<a href=\"https:\/\/webdelmaestrocmf.com\/portal\/se-confirma-que-habra-simulacros-de-tiroteos-en-las-escuelas\/\" class=\"pk-overlay-link\">\n\t\t\t\t\t\t\t\t\t<img loading=\"lazy\" decoding=\"async\" width=\"300\" height=\"225\" src=\"https:\/\/webdelmaestrocmf.com\/portal\/wp-content\/uploads\/2026\/04\/1AA-Banner-1-portada-imagen-10-1-copia-1-11-300x225.webp\" class=\"attachment-pk-thumbnail size-pk-thumbnail wp-post-image\" alt=\"\" \/>\t\t\t\t\t\t\t\t<\/a>\n\t\t\t\t\t\t\t<\/div>\n\t\t\t\t\t\t<\/div>\n\t\t\t\t\t<\/div>\n\t\t\t\t<\/div>\n\t\t\t\t\n\t\t\t\t<div class=\"pk-post-inner\">\n\t\t\t\t\t<header>\n\t\t\t\t\t\t<h3 class=\"pk-title\"><a href=\"https:\/\/webdelmaestrocmf.com\/portal\/se-confirma-que-habra-simulacros-de-tiroteos-en-las-escuelas\/\" rel=\"bookmark\">Se confirma que habr\u00e1 simulacros de tiroteos en las escuelas<\/a><\/h3>\t\t\t\t\t<\/header><!-- .entry-header -->\n\t\t\t\t<\/div><!-- .post-inner -->\n\n\t\t\t<\/div><!-- .post-outer -->\n\t\t<\/article>\n\t\t\t<article id=\"post-118464\" class=\"post-118464 post type-post status-publish format-standard has-post-thumbnail category-noticias-internacionales tag-aula tag-convivencia-escolar tag-disciplina tag-docentes tag-educacion-3 tag-estudiantes tag-gestion-educativa-3 tag-normativa tag-pedagogia-3 tag-violencia-escolar cs-entry cs-video-wrap\">\n\t\t\t<div class=\"pk-post-outer\">\n\n\t\t\t\t\t\t\t\t<div class=\"pk-post-inner\">\n\t\t\t\t\t<div class=\"entry-thumbnail\">\n\t\t\t\t\t\t<div class=\"pk-overlay pk-overlay-ratio pk-ratio-landscape\">\n\t\t\t\t\t\t\t<div class=\"pk-overlay-background\">\n\t\t\t\t\t\t\t\t<a href=\"https:\/\/webdelmaestrocmf.com\/portal\/peru-pone-limites-estudiantes-violentos-podrian-salir-del-aula-presencial-y-pasar-a-otra-modalidad-educativa\/\" class=\"pk-overlay-link\">\n\t\t\t\t\t\t\t\t\t<img loading=\"lazy\" decoding=\"async\" width=\"300\" height=\"225\" src=\"https:\/\/webdelmaestrocmf.com\/portal\/wp-content\/uploads\/2026\/04\/1AA-Banner-1-portada-imagen-10-1-copia-38-300x225.webp\" class=\"attachment-pk-thumbnail size-pk-thumbnail wp-post-image\" alt=\"\" \/>\t\t\t\t\t\t\t\t<\/a>\n\t\t\t\t\t\t\t<\/div>\n\t\t\t\t\t\t<\/div>\n\t\t\t\t\t<\/div>\n\t\t\t\t<\/div>\n\t\t\t\t\n\t\t\t\t<div class=\"pk-post-inner\">\n\t\t\t\t\t<header>\n\t\t\t\t\t\t<h3 class=\"pk-title\"><a href=\"https:\/\/webdelmaestrocmf.com\/portal\/peru-pone-limites-estudiantes-violentos-podrian-salir-del-aula-presencial-y-pasar-a-otra-modalidad-educativa\/\" rel=\"bookmark\">Per\u00fa pone l\u00edmites: estudiantes violentos podr\u00edan salir del aula presencial y pasar a otra modalidad educativa<\/a><\/h3>\t\t\t\t\t<\/header><!-- .entry-header -->\n\t\t\t\t<\/div><!-- .post-inner -->\n\n\t\t\t<\/div><!-- .post-outer -->\n\t\t<\/article>\n\t\t\t<article id=\"post-118433\" class=\"post-118433 post type-post status-publish format-standard has-post-thumbnail category-noticias-internacionales tag-aprendizaje tag-atencion-en-el-aula-2 tag-docentes tag-educacion-3 tag-estrategias-didacticas-2 tag-innovacion-educativa-3 tag-motivacion-escolar-2 tag-neuroeducacion-2 tag-pedagogia-3 tag-tecnologia-educativa-3 cs-entry cs-video-wrap\">\n\t\t\t<div class=\"pk-post-outer\">\n\n\t\t\t\t\t\t\t\t<div class=\"pk-post-inner\">\n\t\t\t\t\t<div class=\"entry-thumbnail\">\n\t\t\t\t\t\t<div class=\"pk-overlay pk-overlay-ratio pk-ratio-landscape\">\n\t\t\t\t\t\t\t<div class=\"pk-overlay-background\">\n\t\t\t\t\t\t\t\t<a href=\"https:\/\/webdelmaestrocmf.com\/portal\/9-de-cada-10-maestros-confirman-que-los-alumnos-ya-no-prestan-atencion-en-clase\/\" class=\"pk-overlay-link\">\n\t\t\t\t\t\t\t\t\t<img loading=\"lazy\" decoding=\"async\" width=\"300\" height=\"225\" src=\"https:\/\/webdelmaestrocmf.com\/portal\/wp-content\/uploads\/2026\/04\/1AA-Banner-1-portada-imagen-10-1-copia-1-10-300x225.webp\" class=\"attachment-pk-thumbnail size-pk-thumbnail wp-post-image\" alt=\"\" \/>\t\t\t\t\t\t\t\t<\/a>\n\t\t\t\t\t\t\t<\/div>\n\t\t\t\t\t\t<\/div>\n\t\t\t\t\t<\/div>\n\t\t\t\t<\/div>\n\t\t\t\t\n\t\t\t\t<div class=\"pk-post-inner\">\n\t\t\t\t\t<header>\n\t\t\t\t\t\t<h3 class=\"pk-title\"><a href=\"https:\/\/webdelmaestrocmf.com\/portal\/9-de-cada-10-maestros-confirman-que-los-alumnos-ya-no-prestan-atencion-en-clase\/\" rel=\"bookmark\">9 de cada 10 maestros confirman que los alumnos ya no prestan atenci\u00f3n en clase<\/a><\/h3>\t\t\t\t\t<\/header><!-- .entry-header -->\n\t\t\t\t<\/div><!-- .post-inner -->\n\n\t\t\t<\/div><!-- .post-outer -->\n\t\t<\/article>\n\t\t\t\t<\/div>\n\t\t<\/div>\n\t\t\n","protected":false},"excerpt":{"rendered":"Mensaje cargado de cifras y justificaciones, en un contexto de baja aprobaci\u00f3n, tensiones pol\u00edticas e investigaciones fiscales a\u00fan sin resolver.","protected":false},"author":1,"featured_media":111564,"comment_status":"open","ping_status":"closed","sticky":false,"template":"","format":"standard","meta":{"csco_display_header_overlay":false,"csco_singular_sidebar":"","csco_page_header_type":"","csco_page_load_nextpost":"","csco_post_video_location":[],"csco_post_video_location_hash":"","csco_post_video_url":"","csco_post_video_bg_start_time":0,"csco_post_video_bg_end_time":0,"csco_post_video_bg_volume":false,"_jetpack_memberships_contains_paid_content":false,"footnotes":""},"categories":[23790],"tags":[24027,423,24028],"class_list":{"0":"post-111563","1":"post","2":"type-post","3":"status-publish","4":"format-standard","5":"has-post-thumbnail","7":"category-noticias-internacionales","8":"tag-dina-boluarte","9":"tag-mensaje","10":"tag-nacion","11":"cs-entry","12":"cs-video-wrap"},"yoast_head":"<!-- This site is optimized with the Yoast SEO plugin v27.5 - https:\/\/yoast.com\/product\/yoast-seo-wordpress\/ -->\n<title>Dina Boluarte y su \u00faltimo mensaje a la Naci\u00f3n: discurso en medio de investigaciones, baja aprobaci\u00f3n y tensiones pol\u00edticas - 2026<\/title>\n<meta name=\"description\" content=\"Comunidad de Maestros, Docentes y Profesores, en donde encontrar\u00e1s material, informaci\u00f3n y noticias del \u00e1mbito nacional y mundial.\" \/>\n<meta name=\"robots\" content=\"index, follow, max-snippet:-1, max-image-preview:large, max-video-preview:-1\" \/>\n<link rel=\"canonical\" href=\"https:\/\/webdelmaestrocmf.com\/portal\/dina-boluarte-y-su-ultimo-mensaje-a-la-nacion-discurso-en-medio-de-investigaciones-baja-aprobacion-y-tensiones-politicas\/\" \/>\n<meta property=\"og:locale\" content=\"es_ES\" \/>\n<meta property=\"og:type\" content=\"article\" \/>\n<meta property=\"og:title\" content=\"Dina Boluarte y su \u00faltimo mensaje a la Naci\u00f3n: discurso en medio de investigaciones, baja aprobaci\u00f3n y tensiones pol\u00edticas - 2026\" \/>\n<meta property=\"og:description\" content=\"Comunidad de Maestros, Docentes y Profesores, en donde encontrar\u00e1s material, informaci\u00f3n y noticias del \u00e1mbito nacional y mundial.\" \/>\n<meta property=\"og:url\" content=\"https:\/\/webdelmaestrocmf.com\/portal\/dina-boluarte-y-su-ultimo-mensaje-a-la-nacion-discurso-en-medio-de-investigaciones-baja-aprobacion-y-tensiones-politicas\/\" \/>\n<meta property=\"og:site_name\" content=\"Web del Maestro CMF\" \/>\n<meta property=\"article:publisher\" content=\"https:\/\/www.facebook.com\/WebdelMaestroCMF\/\" \/>\n<meta property=\"article:author\" content=\"https:\/\/www.facebook.com\/WebdelMaestroCMF\/\" \/>\n<meta property=\"article:published_time\" content=\"2025-07-28T17:37:03+00:00\" \/>\n<meta property=\"article:modified_time\" content=\"2025-07-28T17:54:37+00:00\" \/>\n<meta property=\"og:image\" content=\"https:\/\/webdelmaestrocmf.com\/portal\/wp-content\/uploads\/2025\/07\/1A-Banner-1-portada-imagen-10-1-copia-85.webp\" \/>\n\t<meta property=\"og:image:width\" content=\"1003\" \/>\n\t<meta property=\"og:image:height\" content=\"667\" \/>\n\t<meta property=\"og:image:type\" content=\"image\/webp\" \/>\n<meta name=\"author\" content=\"Web del Maestro CMF\" \/>\n<meta name=\"twitter:card\" content=\"summary_large_image\" \/>\n<meta name=\"twitter:creator\" content=\"@cmf_w\" \/>\n<meta name=\"twitter:site\" content=\"@cmf_w\" \/>\n<script type=\"application\/ld+json\" class=\"yoast-schema-graph\">{\"@context\":\"https:\\\/\\\/schema.org\",\"@graph\":[{\"@type\":\"ScholarlyArticle\",\"@id\":\"https:\\\/\\\/webdelmaestrocmf.com\\\/portal\\\/dina-boluarte-y-su-ultimo-mensaje-a-la-nacion-discurso-en-medio-de-investigaciones-baja-aprobacion-y-tensiones-politicas\\\/#article\",\"isPartOf\":{\"@id\":\"https:\\\/\\\/webdelmaestrocmf.com\\\/portal\\\/dina-boluarte-y-su-ultimo-mensaje-a-la-nacion-discurso-en-medio-de-investigaciones-baja-aprobacion-y-tensiones-politicas\\\/\"},\"author\":{\"name\":\"Web del Maestro CMF\",\"@id\":\"https:\\\/\\\/webdelmaestrocmf.com\\\/portal\\\/#\\\/schema\\\/person\\\/1072a2ed7bd960df8ef99a551fa35dc5\"},\"headline\":\"Dina Boluarte y su \u00faltimo mensaje a la Naci\u00f3n: discurso en medio de investigaciones, baja aprobaci\u00f3n y tensiones pol\u00edticas\",\"datePublished\":\"2025-07-28T17:37:03+00:00\",\"dateModified\":\"2025-07-28T17:54:37+00:00\",\"mainEntityOfPage\":{\"@id\":\"https:\\\/\\\/webdelmaestrocmf.com\\\/portal\\\/dina-boluarte-y-su-ultimo-mensaje-a-la-nacion-discurso-en-medio-de-investigaciones-baja-aprobacion-y-tensiones-politicas\\\/\"},\"wordCount\":1105,\"commentCount\":12,\"publisher\":{\"@id\":\"https:\\\/\\\/webdelmaestrocmf.com\\\/portal\\\/#organization\"},\"image\":{\"@id\":\"https:\\\/\\\/webdelmaestrocmf.com\\\/portal\\\/dina-boluarte-y-su-ultimo-mensaje-a-la-nacion-discurso-en-medio-de-investigaciones-baja-aprobacion-y-tensiones-politicas\\\/#primaryimage\"},\"thumbnailUrl\":\"https:\\\/\\\/webdelmaestrocmf.com\\\/portal\\\/wp-content\\\/uploads\\\/2025\\\/07\\\/1A-Banner-1-portada-imagen-10-1-copia-85.webp\",\"keywords\":[\"Dina Boluarte\",\"MENSAJE\",\"Naci\u00f3n\"],\"articleSection\":[\"Noticias Internacionales\"],\"inLanguage\":\"es\",\"potentialAction\":[{\"@type\":\"CommentAction\",\"name\":\"Comment\",\"target\":[\"https:\\\/\\\/webdelmaestrocmf.com\\\/portal\\\/dina-boluarte-y-su-ultimo-mensaje-a-la-nacion-discurso-en-medio-de-investigaciones-baja-aprobacion-y-tensiones-politicas\\\/#respond\"]}]},{\"@type\":\"WebPage\",\"@id\":\"https:\\\/\\\/webdelmaestrocmf.com\\\/portal\\\/dina-boluarte-y-su-ultimo-mensaje-a-la-nacion-discurso-en-medio-de-investigaciones-baja-aprobacion-y-tensiones-politicas\\\/\",\"url\":\"https:\\\/\\\/webdelmaestrocmf.com\\\/portal\\\/dina-boluarte-y-su-ultimo-mensaje-a-la-nacion-discurso-en-medio-de-investigaciones-baja-aprobacion-y-tensiones-politicas\\\/\",\"name\":\"Dina Boluarte y su \u00faltimo mensaje a la Naci\u00f3n: discurso en medio de investigaciones, baja aprobaci\u00f3n y tensiones pol\u00edticas - 2026\",\"isPartOf\":{\"@id\":\"https:\\\/\\\/webdelmaestrocmf.com\\\/portal\\\/#website\"},\"primaryImageOfPage\":{\"@id\":\"https:\\\/\\\/webdelmaestrocmf.com\\\/portal\\\/dina-boluarte-y-su-ultimo-mensaje-a-la-nacion-discurso-en-medio-de-investigaciones-baja-aprobacion-y-tensiones-politicas\\\/#primaryimage\"},\"image\":{\"@id\":\"https:\\\/\\\/webdelmaestrocmf.com\\\/portal\\\/dina-boluarte-y-su-ultimo-mensaje-a-la-nacion-discurso-en-medio-de-investigaciones-baja-aprobacion-y-tensiones-politicas\\\/#primaryimage\"},\"thumbnailUrl\":\"https:\\\/\\\/webdelmaestrocmf.com\\\/portal\\\/wp-content\\\/uploads\\\/2025\\\/07\\\/1A-Banner-1-portada-imagen-10-1-copia-85.webp\",\"datePublished\":\"2025-07-28T17:37:03+00:00\",\"dateModified\":\"2025-07-28T17:54:37+00:00\",\"description\":\"Comunidad de Maestros, Docentes y Profesores, en donde encontrar\u00e1s material, informaci\u00f3n y noticias del \u00e1mbito nacional y mundial.\",\"breadcrumb\":{\"@id\":\"https:\\\/\\\/webdelmaestrocmf.com\\\/portal\\\/dina-boluarte-y-su-ultimo-mensaje-a-la-nacion-discurso-en-medio-de-investigaciones-baja-aprobacion-y-tensiones-politicas\\\/#breadcrumb\"},\"inLanguage\":\"es\",\"potentialAction\":[{\"@type\":\"ReadAction\",\"target\":[\"https:\\\/\\\/webdelmaestrocmf.com\\\/portal\\\/dina-boluarte-y-su-ultimo-mensaje-a-la-nacion-discurso-en-medio-de-investigaciones-baja-aprobacion-y-tensiones-politicas\\\/\"]}]},{\"@type\":\"ImageObject\",\"inLanguage\":\"es\",\"@id\":\"https:\\\/\\\/webdelmaestrocmf.com\\\/portal\\\/dina-boluarte-y-su-ultimo-mensaje-a-la-nacion-discurso-en-medio-de-investigaciones-baja-aprobacion-y-tensiones-politicas\\\/#primaryimage\",\"url\":\"https:\\\/\\\/webdelmaestrocmf.com\\\/portal\\\/wp-content\\\/uploads\\\/2025\\\/07\\\/1A-Banner-1-portada-imagen-10-1-copia-85.webp\",\"contentUrl\":\"https:\\\/\\\/webdelmaestrocmf.com\\\/portal\\\/wp-content\\\/uploads\\\/2025\\\/07\\\/1A-Banner-1-portada-imagen-10-1-copia-85.webp\",\"width\":1003,\"height\":667},{\"@type\":\"BreadcrumbList\",\"@id\":\"https:\\\/\\\/webdelmaestrocmf.com\\\/portal\\\/dina-boluarte-y-su-ultimo-mensaje-a-la-nacion-discurso-en-medio-de-investigaciones-baja-aprobacion-y-tensiones-politicas\\\/#breadcrumb\",\"itemListElement\":[{\"@type\":\"ListItem\",\"position\":1,\"name\":\"Portada\",\"item\":\"https:\\\/\\\/webdelmaestrocmf.com\\\/portal\\\/\"},{\"@type\":\"ListItem\",\"position\":2,\"name\":\"Noticias Internacionales\",\"item\":\"https:\\\/\\\/webdelmaestrocmf.com\\\/portal\\\/category\\\/noticias-internacionales\\\/\"},{\"@type\":\"ListItem\",\"position\":3,\"name\":\"Dina Boluarte y su \u00faltimo mensaje a la Naci\u00f3n: discurso en medio de investigaciones, baja aprobaci\u00f3n y tensiones pol\u00edticas\"}]},{\"@type\":\"WebSite\",\"@id\":\"https:\\\/\\\/webdelmaestrocmf.com\\\/portal\\\/#website\",\"url\":\"https:\\\/\\\/webdelmaestrocmf.com\\\/portal\\\/\",\"name\":\"Web del Maestro CMF\",\"description\":\"Maestros al servicio de la educaci\u00f3n\",\"publisher\":{\"@id\":\"https:\\\/\\\/webdelmaestrocmf.com\\\/portal\\\/#organization\"},\"alternateName\":\"WMCMF\",\"potentialAction\":[{\"@type\":\"SearchAction\",\"target\":{\"@type\":\"EntryPoint\",\"urlTemplate\":\"https:\\\/\\\/webdelmaestrocmf.com\\\/portal\\\/?s={search_term_string}\"},\"query-input\":{\"@type\":\"PropertyValueSpecification\",\"valueRequired\":true,\"valueName\":\"search_term_string\"}}],\"inLanguage\":\"es\"},{\"@type\":\"Organization\",\"@id\":\"https:\\\/\\\/webdelmaestrocmf.com\\\/portal\\\/#organization\",\"name\":\"Web del Maestro CMF\",\"alternateName\":\"WMCMF\",\"url\":\"https:\\\/\\\/webdelmaestrocmf.com\\\/portal\\\/\",\"logo\":{\"@type\":\"ImageObject\",\"inLanguage\":\"es\",\"@id\":\"https:\\\/\\\/webdelmaestrocmf.com\\\/portal\\\/#\\\/schema\\\/logo\\\/image\\\/\",\"url\":\"https:\\\/\\\/webdelmaestrocmf.com\\\/portal\\\/wp-content\\\/uploads\\\/2023\\\/01\\\/logo-wmcmf-2.png\",\"contentUrl\":\"https:\\\/\\\/webdelmaestrocmf.com\\\/portal\\\/wp-content\\\/uploads\\\/2023\\\/01\\\/logo-wmcmf-2.png\",\"width\":200,\"height\":60,\"caption\":\"Web del Maestro CMF\"},\"image\":{\"@id\":\"https:\\\/\\\/webdelmaestrocmf.com\\\/portal\\\/#\\\/schema\\\/logo\\\/image\\\/\"},\"sameAs\":[\"https:\\\/\\\/www.facebook.com\\\/WebdelMaestroCMF\\\/\",\"https:\\\/\\\/x.com\\\/cmf_w\",\"https:\\\/\\\/www.pinterest.com\\\/WMCMF\\\/\",\"https:\\\/\\\/www.linkedin.com\\\/company\\\/web-del-maestro-cmf\\\/\",\"https:\\\/\\\/www.instagram.com\\\/wmcmf\\\/\",\"https:\\\/\\\/www.youtube.com\\\/channel\\\/UCDPSvjbdodE5sHnC3OxutHw\",\"https:\\\/\\\/mastodon.social\\\/@wmcmf\",\"https:\\\/\\\/www.tiktok.com\\\/@webdelmaestrocmf\"]},{\"@type\":\"Person\",\"@id\":\"https:\\\/\\\/webdelmaestrocmf.com\\\/portal\\\/#\\\/schema\\\/person\\\/1072a2ed7bd960df8ef99a551fa35dc5\",\"name\":\"Web del Maestro CMF\",\"image\":{\"@type\":\"ImageObject\",\"inLanguage\":\"es\",\"@id\":\"https:\\\/\\\/secure.gravatar.com\\\/avatar\\\/23291dd5b5ae1077dcff3dbb04c3e02bd28403fa75af6d8787d5e97c5bbbe30b?s=96&d=mm&r=g\",\"url\":\"https:\\\/\\\/secure.gravatar.com\\\/avatar\\\/23291dd5b5ae1077dcff3dbb04c3e02bd28403fa75af6d8787d5e97c5bbbe30b?s=96&d=mm&r=g\",\"contentUrl\":\"https:\\\/\\\/secure.gravatar.com\\\/avatar\\\/23291dd5b5ae1077dcff3dbb04c3e02bd28403fa75af6d8787d5e97c5bbbe30b?s=96&d=mm&r=g\",\"caption\":\"Web del Maestro CMF\"},\"description\":\"Esta Web se cre\u00f3 sin fines de lucro, con fines educativos, cient\u00edficos y acad\u00e9micos, para personas que tengan dificultades y\\\/o inconvenientes en visualizar el material original. El objetivo es entregar recursos, compartir experiencias y materiales que ayuden a los padres de familia, maestros y estudiantes en su actualizaci\u00f3n y formaci\u00f3n permanente, en bien de la Educaci\u00f3n.\",\"sameAs\":[\"http:\\\/\\\/webdelmaestrocmf.com\\\/portal\",\"https:\\\/\\\/www.facebook.com\\\/WebdelMaestroCMF\\\/\",\"https:\\\/\\\/www.instagram.com\\\/wmcmf\\\/\",\"https:\\\/\\\/cl.linkedin.com\\\/company\\\/web-del-maestro-cmf\",\"https:\\\/\\\/www.pinterest.com\\\/WMCMF\\\/publicaciones\\\/\",\"https:\\\/\\\/x.com\\\/cmf_w\",\"https:\\\/\\\/www.youtube.com\\\/@WMCMF\"]}]}<\/script>\n<!-- \/ Yoast SEO plugin. -->","yoast_head_json":{"title":"Dina Boluarte y su \u00faltimo mensaje a la Naci\u00f3n: discurso en medio de investigaciones, baja aprobaci\u00f3n y tensiones pol\u00edticas - 2026","description":"Comunidad de Maestros, Docentes y Profesores, en donde encontrar\u00e1s material, informaci\u00f3n y noticias del \u00e1mbito nacional y mundial.","robots":{"index":"index","follow":"follow","max-snippet":"max-snippet:-1","max-image-preview":"max-image-preview:large","max-video-preview":"max-video-preview:-1"},"canonical":"https:\/\/webdelmaestrocmf.com\/portal\/dina-boluarte-y-su-ultimo-mensaje-a-la-nacion-discurso-en-medio-de-investigaciones-baja-aprobacion-y-tensiones-politicas\/","og_locale":"es_ES","og_type":"article","og_title":"Dina Boluarte y su \u00faltimo mensaje a la Naci\u00f3n: discurso en medio de investigaciones, baja aprobaci\u00f3n y tensiones pol\u00edticas - 2026","og_description":"Comunidad de Maestros, Docentes y Profesores, en donde encontrar\u00e1s material, informaci\u00f3n y noticias del \u00e1mbito nacional y mundial.","og_url":"https:\/\/webdelmaestrocmf.com\/portal\/dina-boluarte-y-su-ultimo-mensaje-a-la-nacion-discurso-en-medio-de-investigaciones-baja-aprobacion-y-tensiones-politicas\/","og_site_name":"Web del Maestro CMF","article_publisher":"https:\/\/www.facebook.com\/WebdelMaestroCMF\/","article_author":"https:\/\/www.facebook.com\/WebdelMaestroCMF\/","article_published_time":"2025-07-28T17:37:03+00:00","article_modified_time":"2025-07-28T17:54:37+00:00","og_image":[{"width":1003,"height":667,"url":"https:\/\/webdelmaestrocmf.com\/portal\/wp-content\/uploads\/2025\/07\/1A-Banner-1-portada-imagen-10-1-copia-85.webp","type":"image\/webp"}],"author":"Web del Maestro CMF","twitter_card":"summary_large_image","twitter_creator":"@cmf_w","twitter_site":"@cmf_w","schema":{"@context":"https:\/\/schema.org","@graph":[{"@type":"ScholarlyArticle","@id":"https:\/\/webdelmaestrocmf.com\/portal\/dina-boluarte-y-su-ultimo-mensaje-a-la-nacion-discurso-en-medio-de-investigaciones-baja-aprobacion-y-tensiones-politicas\/#article","isPartOf":{"@id":"https:\/\/webdelmaestrocmf.com\/portal\/dina-boluarte-y-su-ultimo-mensaje-a-la-nacion-discurso-en-medio-de-investigaciones-baja-aprobacion-y-tensiones-politicas\/"},"author":{"name":"Web del Maestro CMF","@id":"https:\/\/webdelmaestrocmf.com\/portal\/#\/schema\/person\/1072a2ed7bd960df8ef99a551fa35dc5"},"headline":"Dina Boluarte y su \u00faltimo mensaje a la Naci\u00f3n: discurso en medio de investigaciones, baja aprobaci\u00f3n y tensiones pol\u00edticas","datePublished":"2025-07-28T17:37:03+00:00","dateModified":"2025-07-28T17:54:37+00:00","mainEntityOfPage":{"@id":"https:\/\/webdelmaestrocmf.com\/portal\/dina-boluarte-y-su-ultimo-mensaje-a-la-nacion-discurso-en-medio-de-investigaciones-baja-aprobacion-y-tensiones-politicas\/"},"wordCount":1105,"commentCount":12,"publisher":{"@id":"https:\/\/webdelmaestrocmf.com\/portal\/#organization"},"image":{"@id":"https:\/\/webdelmaestrocmf.com\/portal\/dina-boluarte-y-su-ultimo-mensaje-a-la-nacion-discurso-en-medio-de-investigaciones-baja-aprobacion-y-tensiones-politicas\/#primaryimage"},"thumbnailUrl":"https:\/\/webdelmaestrocmf.com\/portal\/wp-content\/uploads\/2025\/07\/1A-Banner-1-portada-imagen-10-1-copia-85.webp","keywords":["Dina Boluarte","MENSAJE","Naci\u00f3n"],"articleSection":["Noticias Internacionales"],"inLanguage":"es","potentialAction":[{"@type":"CommentAction","name":"Comment","target":["https:\/\/webdelmaestrocmf.com\/portal\/dina-boluarte-y-su-ultimo-mensaje-a-la-nacion-discurso-en-medio-de-investigaciones-baja-aprobacion-y-tensiones-politicas\/#respond"]}]},{"@type":"WebPage","@id":"https:\/\/webdelmaestrocmf.com\/portal\/dina-boluarte-y-su-ultimo-mensaje-a-la-nacion-discurso-en-medio-de-investigaciones-baja-aprobacion-y-tensiones-politicas\/","url":"https:\/\/webdelmaestrocmf.com\/portal\/dina-boluarte-y-su-ultimo-mensaje-a-la-nacion-discurso-en-medio-de-investigaciones-baja-aprobacion-y-tensiones-politicas\/","name":"Dina Boluarte y su \u00faltimo mensaje a la Naci\u00f3n: discurso en medio de investigaciones, baja aprobaci\u00f3n y tensiones pol\u00edticas - 2026","isPartOf":{"@id":"https:\/\/webdelmaestrocmf.com\/portal\/#website"},"primaryImageOfPage":{"@id":"https:\/\/webdelmaestrocmf.com\/portal\/dina-boluarte-y-su-ultimo-mensaje-a-la-nacion-discurso-en-medio-de-investigaciones-baja-aprobacion-y-tensiones-politicas\/#primaryimage"},"image":{"@id":"https:\/\/webdelmaestrocmf.com\/portal\/dina-boluarte-y-su-ultimo-mensaje-a-la-nacion-discurso-en-medio-de-investigaciones-baja-aprobacion-y-tensiones-politicas\/#primaryimage"},"thumbnailUrl":"https:\/\/webdelmaestrocmf.com\/portal\/wp-content\/uploads\/2025\/07\/1A-Banner-1-portada-imagen-10-1-copia-85.webp","datePublished":"2025-07-28T17:37:03+00:00","dateModified":"2025-07-28T17:54:37+00:00","description":"Comunidad de Maestros, Docentes y Profesores, en donde encontrar\u00e1s material, informaci\u00f3n y noticias del \u00e1mbito nacional y mundial.","breadcrumb":{"@id":"https:\/\/webdelmaestrocmf.com\/portal\/dina-boluarte-y-su-ultimo-mensaje-a-la-nacion-discurso-en-medio-de-investigaciones-baja-aprobacion-y-tensiones-politicas\/#breadcrumb"},"inLanguage":"es","potentialAction":[{"@type":"ReadAction","target":["https:\/\/webdelmaestrocmf.com\/portal\/dina-boluarte-y-su-ultimo-mensaje-a-la-nacion-discurso-en-medio-de-investigaciones-baja-aprobacion-y-tensiones-politicas\/"]}]},{"@type":"ImageObject","inLanguage":"es","@id":"https:\/\/webdelmaestrocmf.com\/portal\/dina-boluarte-y-su-ultimo-mensaje-a-la-nacion-discurso-en-medio-de-investigaciones-baja-aprobacion-y-tensiones-politicas\/#primaryimage","url":"https:\/\/webdelmaestrocmf.com\/portal\/wp-content\/uploads\/2025\/07\/1A-Banner-1-portada-imagen-10-1-copia-85.webp","contentUrl":"https:\/\/webdelmaestrocmf.com\/portal\/wp-content\/uploads\/2025\/07\/1A-Banner-1-portada-imagen-10-1-copia-85.webp","width":1003,"height":667},{"@type":"BreadcrumbList","@id":"https:\/\/webdelmaestrocmf.com\/portal\/dina-boluarte-y-su-ultimo-mensaje-a-la-nacion-discurso-en-medio-de-investigaciones-baja-aprobacion-y-tensiones-politicas\/#breadcrumb","itemListElement":[{"@type":"ListItem","position":1,"name":"Portada","item":"https:\/\/webdelmaestrocmf.com\/portal\/"},{"@type":"ListItem","position":2,"name":"Noticias Internacionales","item":"https:\/\/webdelmaestrocmf.com\/portal\/category\/noticias-internacionales\/"},{"@type":"ListItem","position":3,"name":"Dina Boluarte y su \u00faltimo mensaje a la Naci\u00f3n: discurso en medio de investigaciones, baja aprobaci\u00f3n y tensiones pol\u00edticas"}]},{"@type":"WebSite","@id":"https:\/\/webdelmaestrocmf.com\/portal\/#website","url":"https:\/\/webdelmaestrocmf.com\/portal\/","name":"Web del Maestro CMF","description":"Maestros al servicio de la educaci\u00f3n","publisher":{"@id":"https:\/\/webdelmaestrocmf.com\/portal\/#organization"},"alternateName":"WMCMF","potentialAction":[{"@type":"SearchAction","target":{"@type":"EntryPoint","urlTemplate":"https:\/\/webdelmaestrocmf.com\/portal\/?s={search_term_string}"},"query-input":{"@type":"PropertyValueSpecification","valueRequired":true,"valueName":"search_term_string"}}],"inLanguage":"es"},{"@type":"Organization","@id":"https:\/\/webdelmaestrocmf.com\/portal\/#organization","name":"Web del Maestro CMF","alternateName":"WMCMF","url":"https:\/\/webdelmaestrocmf.com\/portal\/","logo":{"@type":"ImageObject","inLanguage":"es","@id":"https:\/\/webdelmaestrocmf.com\/portal\/#\/schema\/logo\/image\/","url":"https:\/\/webdelmaestrocmf.com\/portal\/wp-content\/uploads\/2023\/01\/logo-wmcmf-2.png","contentUrl":"https:\/\/webdelmaestrocmf.com\/portal\/wp-content\/uploads\/2023\/01\/logo-wmcmf-2.png","width":200,"height":60,"caption":"Web del Maestro CMF"},"image":{"@id":"https:\/\/webdelmaestrocmf.com\/portal\/#\/schema\/logo\/image\/"},"sameAs":["https:\/\/www.facebook.com\/WebdelMaestroCMF\/","https:\/\/x.com\/cmf_w","https:\/\/www.pinterest.com\/WMCMF\/","https:\/\/www.linkedin.com\/company\/web-del-maestro-cmf\/","https:\/\/www.instagram.com\/wmcmf\/","https:\/\/www.youtube.com\/channel\/UCDPSvjbdodE5sHnC3OxutHw","https:\/\/mastodon.social\/@wmcmf","https:\/\/www.tiktok.com\/@webdelmaestrocmf"]},{"@type":"Person","@id":"https:\/\/webdelmaestrocmf.com\/portal\/#\/schema\/person\/1072a2ed7bd960df8ef99a551fa35dc5","name":"Web del Maestro CMF","image":{"@type":"ImageObject","inLanguage":"es","@id":"https:\/\/secure.gravatar.com\/avatar\/23291dd5b5ae1077dcff3dbb04c3e02bd28403fa75af6d8787d5e97c5bbbe30b?s=96&d=mm&r=g","url":"https:\/\/secure.gravatar.com\/avatar\/23291dd5b5ae1077dcff3dbb04c3e02bd28403fa75af6d8787d5e97c5bbbe30b?s=96&d=mm&r=g","contentUrl":"https:\/\/secure.gravatar.com\/avatar\/23291dd5b5ae1077dcff3dbb04c3e02bd28403fa75af6d8787d5e97c5bbbe30b?s=96&d=mm&r=g","caption":"Web del Maestro CMF"},"description":"Esta Web se cre\u00f3 sin fines de lucro, con fines educativos, cient\u00edficos y acad\u00e9micos, para personas que tengan dificultades y\/o inconvenientes en visualizar el material original. El objetivo es entregar recursos, compartir experiencias y materiales que ayuden a los padres de familia, maestros y estudiantes en su actualizaci\u00f3n y formaci\u00f3n permanente, en bien de la Educaci\u00f3n.","sameAs":["http:\/\/webdelmaestrocmf.com\/portal","https:\/\/www.facebook.com\/WebdelMaestroCMF\/","https:\/\/www.instagram.com\/wmcmf\/","https:\/\/cl.linkedin.com\/company\/web-del-maestro-cmf","https:\/\/www.pinterest.com\/WMCMF\/publicaciones\/","https:\/\/x.com\/cmf_w","https:\/\/www.youtube.com\/@WMCMF"]}]}},"jetpack_featured_media_url":"https:\/\/webdelmaestrocmf.com\/portal\/wp-content\/uploads\/2025\/07\/1A-Banner-1-portada-imagen-10-1-copia-85.webp","jetpack_sharing_enabled":true,"jetpack-related-posts":[{"id":106619,"url":"https:\/\/webdelmaestrocmf.com\/portal\/sicario-asesina-a-profesor-frente-a-sus-alumnos-en-la-puerta-de-un-colegio\/","url_meta":{"origin":111563,"position":0},"title":"Sicario asesina a profesor frente a sus alumnos en la puerta de un colegio","author":"Web del Maestro CMF","date":"15 octubre, 2024","format":false,"excerpt":"Este lunes, el distrito lime\u00f1o de Ate fue escenario de un tr\u00e1gico hecho que conmocion\u00f3 al pa\u00eds: el profesor Julio Pacheco Pimentel fue asesinado a la salida del colegio Julio C. Tello por un presunto sicario disfrazado de repartidor. El brutal asesinato ocurri\u00f3 frente a sus alumnos, generando indignaci\u00f3n y\u2026","rel":"","context":"En \u00abNoticias Internacionales\u00bb","block_context":{"text":"Noticias Internacionales","link":"https:\/\/webdelmaestrocmf.com\/portal\/category\/noticias-internacionales\/"},"img":{"alt_text":"","src":"https:\/\/i0.wp.com\/webdelmaestrocmf.com\/portal\/wp-content\/uploads\/2024\/10\/luto.jpg?resize=350%2C200&ssl=1","width":350,"height":200,"srcset":"https:\/\/i0.wp.com\/webdelmaestrocmf.com\/portal\/wp-content\/uploads\/2024\/10\/luto.jpg?resize=350%2C200&ssl=1 1x, https:\/\/i0.wp.com\/webdelmaestrocmf.com\/portal\/wp-content\/uploads\/2024\/10\/luto.jpg?resize=525%2C300&ssl=1 1.5x, https:\/\/i0.wp.com\/webdelmaestrocmf.com\/portal\/wp-content\/uploads\/2024\/10\/luto.jpg?resize=700%2C400&ssl=1 2x"},"classes":[]},{"id":109383,"url":"https:\/\/webdelmaestrocmf.com\/portal\/peru-promulga-ley-que-restringe-el-uso-de-celulares-en-colegios-para-proteger-la-salud-mental-de-los-estudiantes\/","url_meta":{"origin":111563,"position":1},"title":"Per\u00fa promulga ley que restringe el uso de celulares en colegios para proteger la salud mental de los estudiantes","author":"Web del Maestro CMF","date":"13 junio, 2025","format":false,"excerpt":"El Gobierno peruano, encabezado por la presidenta Dina Boluarte, ha promulgado la Ley 32385, publicada en el diario oficial El Peruano, que regula el uso de tel\u00e9fonos celulares y dispositivos electr\u00f3nicos similares en todas las instituciones y programas educativos de Educaci\u00f3n B\u00e1sica, tanto p\u00fablicos como privados. Esta normativa tiene como\u2026","rel":"","context":"En \u00abNoticias Internacionales\u00bb","block_context":{"text":"Noticias Internacionales","link":"https:\/\/webdelmaestrocmf.com\/portal\/category\/noticias-internacionales\/"},"img":{"alt_text":"","src":"https:\/\/i0.wp.com\/webdelmaestrocmf.com\/portal\/wp-content\/uploads\/2025\/06\/1A-Banner-1-portada-imagen-10-1-44.jpg?resize=350%2C200&ssl=1","width":350,"height":200,"srcset":"https:\/\/i0.wp.com\/webdelmaestrocmf.com\/portal\/wp-content\/uploads\/2025\/06\/1A-Banner-1-portada-imagen-10-1-44.jpg?resize=350%2C200&ssl=1 1x, https:\/\/i0.wp.com\/webdelmaestrocmf.com\/portal\/wp-content\/uploads\/2025\/06\/1A-Banner-1-portada-imagen-10-1-44.jpg?resize=525%2C300&ssl=1 1.5x, https:\/\/i0.wp.com\/webdelmaestrocmf.com\/portal\/wp-content\/uploads\/2025\/06\/1A-Banner-1-portada-imagen-10-1-44.jpg?resize=700%2C400&ssl=1 2x"},"classes":[]},{"id":115411,"url":"https:\/\/webdelmaestrocmf.com\/portal\/destitucion-presidencial-por-censura-el-caso-jose-jeri-y-sus-implicancias-constitucionales\/","url_meta":{"origin":111563,"position":2},"title":"Destituci\u00f3n presidencial por censura: el caso Jos\u00e9 Jer\u00ed y sus implicancias constitucionales","author":"Web del Maestro CMF","date":"17 febrero, 2026","format":false,"excerpt":"Congreso destituye a Jos\u00e9 Jer\u00ed por reuniones no registradas, reabriendo debate constitucional sobre censura, vacancia y estabilidad institucional.","rel":"","context":"En \u00abNoticias Internacionales\u00bb","block_context":{"text":"Noticias Internacionales","link":"https:\/\/webdelmaestrocmf.com\/portal\/category\/noticias-internacionales\/"},"img":{"alt_text":"","src":"https:\/\/i0.wp.com\/webdelmaestrocmf.com\/portal\/wp-content\/uploads\/2026\/02\/1A-Banner-1-portada-imagen-10-1-copia-18.webp?resize=350%2C200&ssl=1","width":350,"height":200,"srcset":"https:\/\/i0.wp.com\/webdelmaestrocmf.com\/portal\/wp-content\/uploads\/2026\/02\/1A-Banner-1-portada-imagen-10-1-copia-18.webp?resize=350%2C200&ssl=1 1x, https:\/\/i0.wp.com\/webdelmaestrocmf.com\/portal\/wp-content\/uploads\/2026\/02\/1A-Banner-1-portada-imagen-10-1-copia-18.webp?resize=525%2C300&ssl=1 1.5x, https:\/\/i0.wp.com\/webdelmaestrocmf.com\/portal\/wp-content\/uploads\/2026\/02\/1A-Banner-1-portada-imagen-10-1-copia-18.webp?resize=700%2C400&ssl=1 2x"},"classes":[]},{"id":105571,"url":"https:\/\/webdelmaestrocmf.com\/portal\/david-auris-dia-mundial-del-agua-y-educacion\/","url_meta":{"origin":111563,"position":3},"title":"[David Auris] D\u00eda Mundial del Agua y educaci\u00f3n","author":"Web del Maestro CMF","date":"18 mayo, 2024","format":false,"excerpt":"\u00bfSe podr\u00e1 resolver la escasez de agua potable en Per\u00fa, solo con un coraz\u00f3n sensible y manos limpias, tal y como dijo la presidenta Dina Boluarte? Lamentablemente, no se puede solucionar con un discurso tercermundista. Necesitamos ciencia, tecnolog\u00eda, gobernanza, gesti\u00f3n sostenible y educaci\u00f3n h\u00eddrica para potabilizar tanta agua dulce que\u2026","rel":"","context":"En \u00abZ-Colaborador-David-Auris\u00bb","block_context":{"text":"Z-Colaborador-David-Auris","link":"https:\/\/webdelmaestrocmf.com\/portal\/category\/colaborador\/z-colaborador-david-auris\/"},"img":{"alt_text":"","src":"https:\/\/i0.wp.com\/webdelmaestrocmf.com\/portal\/wp-content\/uploads\/2024\/05\/Banner-1-portada-imagen-10-1-2024-05-18T200642.226.jpg?resize=350%2C200&ssl=1","width":350,"height":200,"srcset":"https:\/\/i0.wp.com\/webdelmaestrocmf.com\/portal\/wp-content\/uploads\/2024\/05\/Banner-1-portada-imagen-10-1-2024-05-18T200642.226.jpg?resize=350%2C200&ssl=1 1x, https:\/\/i0.wp.com\/webdelmaestrocmf.com\/portal\/wp-content\/uploads\/2024\/05\/Banner-1-portada-imagen-10-1-2024-05-18T200642.226.jpg?resize=525%2C300&ssl=1 1.5x, https:\/\/i0.wp.com\/webdelmaestrocmf.com\/portal\/wp-content\/uploads\/2024\/05\/Banner-1-portada-imagen-10-1-2024-05-18T200642.226.jpg?resize=700%2C400&ssl=1 2x"},"classes":[]},{"id":115676,"url":"https:\/\/webdelmaestrocmf.com\/portal\/el-tenso-inicio-del-ano-legislativo-en-argentina-el-discurso-de-milei-que-desato-polemica\/","url_meta":{"origin":111563,"position":4},"title":"El tenso inicio del a\u00f1o legislativo en Argentina: el discurso de Milei que desat\u00f3 pol\u00e9mica","author":"Web del Maestro CMF","date":"4 marzo, 2026","format":false,"excerpt":"Les dijo de todo: \u201cBanda de delincuentes, chorros (ladrones), asesinos y brutos\u201d \"And\u00e1 a estudiar\". El pol\u00e9mico discurso cargado de insultos con que Milei inaugur\u00f3 el a\u00f1o legislativo en Argentina.","rel":"","context":"En \u00abNoticias Internacionales\u00bb","block_context":{"text":"Noticias Internacionales","link":"https:\/\/webdelmaestrocmf.com\/portal\/category\/noticias-internacionales\/"},"img":{"alt_text":"","src":"https:\/\/i0.wp.com\/webdelmaestrocmf.com\/portal\/wp-content\/uploads\/2026\/03\/1A-Banner-1-portada-imagen-10-1-copia-1.webp?resize=350%2C200&ssl=1","width":350,"height":200,"srcset":"https:\/\/i0.wp.com\/webdelmaestrocmf.com\/portal\/wp-content\/uploads\/2026\/03\/1A-Banner-1-portada-imagen-10-1-copia-1.webp?resize=350%2C200&ssl=1 1x, https:\/\/i0.wp.com\/webdelmaestrocmf.com\/portal\/wp-content\/uploads\/2026\/03\/1A-Banner-1-portada-imagen-10-1-copia-1.webp?resize=525%2C300&ssl=1 1.5x, https:\/\/i0.wp.com\/webdelmaestrocmf.com\/portal\/wp-content\/uploads\/2026\/03\/1A-Banner-1-portada-imagen-10-1-copia-1.webp?resize=700%2C400&ssl=1 2x"},"classes":[]},{"id":91041,"url":"https:\/\/webdelmaestrocmf.com\/portal\/david-auris-la-toma-de-lima-lecciones-pedagogicas-para-no-repetir-la-historia\/","url_meta":{"origin":111563,"position":5},"title":"[David Auris] La toma de Lima: lecciones pedag\u00f3gicas para no repetir la historia","author":"Web del Maestro CMF","date":"26 julio, 2023","format":false,"excerpt":"El 19 de julio, las manifestaciones han inundado Lima, la capital peruana y en diversas regiones del pa\u00eds. Los ciudadanos han expresado su frustraci\u00f3n y rechazo hacia un gobierno mediocre y un congreso corrupto, que gobiernan con poca transparencia y un espantoso cinismo que solo buscan m\u00e1s poder en lugar\u2026","rel":"","context":"En \u00abZ-Colaborador-David-Auris\u00bb","block_context":{"text":"Z-Colaborador-David-Auris","link":"https:\/\/webdelmaestrocmf.com\/portal\/category\/colaborador\/z-colaborador-david-auris\/"},"img":{"alt_text":"","src":"https:\/\/i0.wp.com\/webdelmaestrocmf.com\/portal\/wp-content\/uploads\/2023\/07\/A12B3C4D-7-1.jpg?resize=350%2C200&ssl=1","width":350,"height":200,"srcset":"https:\/\/i0.wp.com\/webdelmaestrocmf.com\/portal\/wp-content\/uploads\/2023\/07\/A12B3C4D-7-1.jpg?resize=350%2C200&ssl=1 1x, https:\/\/i0.wp.com\/webdelmaestrocmf.com\/portal\/wp-content\/uploads\/2023\/07\/A12B3C4D-7-1.jpg?resize=525%2C300&ssl=1 1.5x, https:\/\/i0.wp.com\/webdelmaestrocmf.com\/portal\/wp-content\/uploads\/2023\/07\/A12B3C4D-7-1.jpg?resize=700%2C400&ssl=1 2x"},"classes":[]}],"_links":{"self":[{"href":"https:\/\/webdelmaestrocmf.com\/portal\/wp-json\/wp\/v2\/posts\/111563","targetHints":{"allow":["GET"]}}],"collection":[{"href":"https:\/\/webdelmaestrocmf.com\/portal\/wp-json\/wp\/v2\/posts"}],"about":[{"href":"https:\/\/webdelmaestrocmf.com\/portal\/wp-json\/wp\/v2\/types\/post"}],"author":[{"embeddable":true,"href":"https:\/\/webdelmaestrocmf.com\/portal\/wp-json\/wp\/v2\/users\/1"}],"replies":[{"embeddable":true,"href":"https:\/\/webdelmaestrocmf.com\/portal\/wp-json\/wp\/v2\/comments?post=111563"}],"version-history":[{"count":2,"href":"https:\/\/webdelmaestrocmf.com\/portal\/wp-json\/wp\/v2\/posts\/111563\/revisions"}],"predecessor-version":[{"id":111567,"href":"https:\/\/webdelmaestrocmf.com\/portal\/wp-json\/wp\/v2\/posts\/111563\/revisions\/111567"}],"wp:featuredmedia":[{"embeddable":true,"href":"https:\/\/webdelmaestrocmf.com\/portal\/wp-json\/wp\/v2\/media\/111564"}],"wp:attachment":[{"href":"https:\/\/webdelmaestrocmf.com\/portal\/wp-json\/wp\/v2\/media?parent=111563"}],"wp:term":[{"taxonomy":"category","embeddable":true,"href":"https:\/\/webdelmaestrocmf.com\/portal\/wp-json\/wp\/v2\/categories?post=111563"},{"taxonomy":"post_tag","embeddable":true,"href":"https:\/\/webdelmaestrocmf.com\/portal\/wp-json\/wp\/v2\/tags?post=111563"}],"curies":[{"name":"wp","href":"https:\/\/api.w.org\/{rel}","templated":true}]}}