{"id":111438,"date":"2026-04-10T08:30:00","date_gmt":"2026-04-10T12:30:00","guid":{"rendered":"https:\/\/webdelmaestrocmf.com\/portal\/?p=111438"},"modified":"2026-04-10T10:17:33","modified_gmt":"2026-04-10T14:17:33","slug":"el-uso-del-telefono-inteligente-antes-de-los-13-anos-compromete-la-salud-mental-a-futuro","status":"publish","type":"post","link":"https:\/\/webdelmaestrocmf.com\/portal\/el-uso-del-telefono-inteligente-antes-de-los-13-anos-compromete-la-salud-mental-a-futuro\/","title":{"rendered":"El uso del tel\u00e9fono inteligente antes de los 13 a\u00f1os compromete la salud mental a futuro"},"content":{"rendered":"\n<p class=\"wp-block-paragraph\">Un nuevo y amplio estudio ha encendido las alarmas sobre un tema que preocupa a padres, educadores y expertos en salud mental: el uso temprano de tel\u00e9fonos m\u00f3viles. <strong>Publicado en la revista cient\u00edfica <em>Journal of Human Development and Capabilities<\/em>, <\/strong>el informe concluye que recibir un tel\u00e9fono inteligente antes de los 13 a\u00f1os puede tener consecuencias significativas y duraderas en la salud mental durante la juventud adulta.<\/p>\n\n\n\n<iframe loading=\"lazy\" width=\"100%\" height=\"315\" src=\"https:\/\/www.youtube.com\/embed\/hFPQmq4hiWk?si=Y6VpIcHUv4SaKfU6\" title=\"YouTube video player\" frameborder=\"0\" allow=\"accelerometer; autoplay; clipboard-write; encrypted-media; gyroscope; picture-in-picture; web-share\" referrerpolicy=\"strict-origin-when-cross-origin\" allowfullscreen><\/iframe>\n\n\n\n<h3 class=\"wp-block-heading\"><strong>IMPACTO EN LA SALUD MENTAL DE J\u00d3VENES Y ADULTOS<\/strong><\/h3>\n\n\n\n<p class=\"wp-block-paragraph\">El estudio, realizado por Sapien Labs y dirigido por la neurocient\u00edfica Tara Thiagarajan (Universidad de Stanford), analiz\u00f3 datos de m\u00e1s de 100.000 j\u00f3venes entre 18 y 24 a\u00f1os. Sus hallazgos son claros: aquellos que recibieron su primer m\u00f3vil a los 12 a\u00f1os o antes mostraron una mayor propensi\u00f3n a padecer pensamientos suicidas, agresividad, desconexi\u00f3n de la realidad, baja autoestima y escasa estabilidad emocional.<\/p>\n\n\n\n<p class=\"wp-block-paragraph\">La investigaci\u00f3n tambi\u00e9n hall\u00f3 diferencias de g\u00e9nero: en mujeres, el uso temprano del m\u00f3vil se asocia con una <em>disminuci\u00f3n de la autoestima y la resiliencia emocional<\/em>, mientras que en hombres se relaciona con <em>una menor estabilidad, tranquilidad, confianza en s\u00ed mismos y empat\u00eda<\/em> en la adultez.<\/p>\n\n\n\n<h3 class=\"wp-block-heading\"><strong>REDES SOCIALES: UN FACTOR CR\u00cdTICO<\/strong><\/h3>\n\n\n\n<p class=\"wp-block-paragraph\">Uno de los hallazgos m\u00e1s relevantes del informe es que <em>el acceso temprano a redes sociales explica cerca del 40 % de la relaci\u00f3n entre la tenencia temprana de m\u00f3viles y la mala salud mental en la juventud<\/em>. Adem\u00e1s, se identific\u00f3 una vinculaci\u00f3n directa con:<\/p>\n\n\n\n<ul class=\"wp-block-list\">\n<li>El <strong>13 % de las malas relaciones familiares<\/strong>,<\/li>\n\n\n\n<li>El <strong>10 % de los casos de ciberacoso<\/strong>, y<\/li>\n\n\n\n<li>El <strong>12 % de los trastornos del sue\u00f1o<\/strong>.<\/li>\n<\/ul>\n\n\n\n<p class=\"wp-block-paragraph\">Los autores se\u00f1alan que las redes sociales promueven comparaciones da\u00f1inas, capturan tiempo de sue\u00f1o valioso y amplifican contenidos nocivos a trav\u00e9s de sus algoritmos. Estos efectos son especialmente graves en ni\u00f1os, quienes por su falta de madurez y experiencia son m\u00e1s vulnerables a sus impactos psicol\u00f3gicos.<\/p>\n\n\n\n<h3 class=\"wp-block-heading\"><strong>M\u00c1S ALL\u00c1 DE LA DEPRESI\u00d3N Y LA ANSIEDAD<\/strong><\/h3>\n\n\n\n<p class=\"wp-block-paragraph\">Seg\u00fan Thiagarajan, los s\u00edntomas detectados no corresponden necesariamente con los cuadros tradicionales de ansiedad o depresi\u00f3n. Se observan se\u00f1ales distintas, como una desconexi\u00f3n de la realidad, pensamientos suicidas persistentes y patrones de agresividad que, en conjunto, configuran una crisis silenciosa que se manifiesta en la adultez temprana.<\/p>\n\n\n\n<p class=\"wp-block-paragraph\">Adem\u00e1s, estos efectos no son aislados ni locales. La tendencia se registra <em>en todas las regiones del mundo<\/em>, aunque con mayor intensidad en pa\u00edses de habla inglesa. Esta universalidad refuerza la validez del fen\u00f3meno y la urgencia de actuar.<\/p>\n\n\n\n<h3 class=\"wp-block-heading\"><strong>\u00bfUN NUEVO ENFOQUE PREVENTIVO?<\/strong><\/h3>\n\n\n\n<p class=\"wp-block-paragraph\">Uno de los planteamientos m\u00e1s contundentes del estudio es la necesidad de adoptar un <em>principio de precauci\u00f3n<\/em>, similar al aplicado en pol\u00edticas p\u00fablicas sobre el alcohol o el tabaco. El equipo de Sapien Labs insta a los responsables pol\u00edticos a considerar:<\/p>\n\n\n\n<ul class=\"wp-block-list\">\n<li><strong>Restringir el acceso a tel\u00e9fonos inteligentes para menores de 13 a\u00f1os<\/strong>,<\/li>\n\n\n\n<li><strong>Aumentar la alfabetizaci\u00f3n digital<\/strong> desde edades tempranas,<\/li>\n\n\n\n<li><strong>Regular efectivamente el ingreso a redes sociales<\/strong>, y<\/li>\n\n\n\n<li><strong>Exigir mayor responsabilidad corporativa a las plataformas tecnol\u00f3gicas<\/strong>.<\/li>\n<\/ul>\n\n\n\n<p class=\"wp-block-paragraph\">Si bien el estudio se basa en datos de autoinforme a trav\u00e9s del <em>Mind Health Quotient<\/em>, una herramienta en l\u00ednea para medir el bienestar mental, su muestra global y su consistencia regional le otorgan un peso considerable. Thiagarajan advierte que <em>la magnitud del da\u00f1o potencial es demasiado alta como para ser ignorada<\/em>, y llama a una acci\u00f3n coordinada que privilegie el desarrollo humano por sobre el consumo digital precoz.<\/p>\n\n\n\n<h3 class=\"wp-block-heading\"><strong>CONCLUSI\u00d3N: UN DESAF\u00cdO GLOBAL Y URGENTE<\/strong><\/h3>\n\n\n\n<p class=\"wp-block-paragraph\">En un mundo donde la edad promedio para obtener un tel\u00e9fono m\u00f3vil contin\u00faa descendiendo, este estudio ofrece una advertencia seria: <em>no se trata solo de tecnolog\u00eda, sino de salud mental, desarrollo emocional y bienestar social a largo plazo<\/em>.<\/p>\n\n\n\n<p class=\"wp-block-paragraph\">La infancia es una etapa cr\u00edtica para la formaci\u00f3n de la identidad y el desarrollo del cerebro. Exponer a los ni\u00f1os a herramientas pensadas para adultos, sin acompa\u00f1amiento, sin l\u00edmites y sin comprensi\u00f3n de sus riesgos, puede dejarlos emocionalmente vulnerables durante toda su vida. Ante esto, el llamado es claro: <em>proteger a la infancia tambi\u00e9n implica saber cu\u00e1ndo decir no<\/em>.<\/p>\n\n\n\n<p class=\"has-text-align-right wp-block-paragraph\"><strong>Redacci\u00f3n | Web del Maestro CMF<\/strong><\/p>\n\n\n\t\t<div class=\"pk-inline-posts\">\n\t\t\t\n\t\t\t<div class=\"pk-inline-posts-container pk-inline-posts-template-list\"\n\t\t\t\tdata-columns=\"1\">\n\t\t\t\t\t\t<article id=\"post-118355\" class=\"post-118355 post type-post status-publish format-standard has-post-thumbnail category-descarga category-ninos category-pedagogia tag-aprendizaje tag-comprension-lectora tag-dia-del-nino tag-docentes tag-educacion tag-infancia tag-lectura-infantil tag-pensamiento-critico tag-recursos-educativos cs-entry cs-video-wrap\">\n\t\t\t<div class=\"pk-post-outer\">\n\n\t\t\t\t\t\t\t\t<div class=\"pk-post-inner\">\n\t\t\t\t\t<div class=\"entry-thumbnail\">\n\t\t\t\t\t\t<div class=\"pk-overlay pk-overlay-ratio pk-ratio-landscape\">\n\t\t\t\t\t\t\t<div class=\"pk-overlay-background\">\n\t\t\t\t\t\t\t\t<a href=\"https:\/\/webdelmaestrocmf.com\/portal\/dia-del-nino-aprende-reflexiona-y-fortalece-la-comprension-lectora-descarga-el-cuadernillo-listo-para-usar\/\" class=\"pk-overlay-link\">\n\t\t\t\t\t\t\t\t\t<img loading=\"lazy\" decoding=\"async\" width=\"300\" height=\"225\" src=\"https:\/\/webdelmaestrocmf.com\/portal\/wp-content\/uploads\/2026\/04\/1AA-Banner-1-portada-imagen-10-1-copia-35-300x225.webp\" class=\"attachment-pk-thumbnail size-pk-thumbnail wp-post-image\" alt=\"\" \/>\t\t\t\t\t\t\t\t<\/a>\n\t\t\t\t\t\t\t<\/div>\n\t\t\t\t\t\t<\/div>\n\t\t\t\t\t<\/div>\n\t\t\t\t<\/div>\n\t\t\t\t\n\t\t\t\t<div class=\"pk-post-inner\">\n\t\t\t\t\t<header>\n\t\t\t\t\t\t<h3 class=\"pk-title\"><a href=\"https:\/\/webdelmaestrocmf.com\/portal\/dia-del-nino-aprende-reflexiona-y-fortalece-la-comprension-lectora-descarga-el-cuadernillo-listo-para-usar\/\" rel=\"bookmark\">D\u00eda del Ni\u00f1o: aprende, reflexiona y fortalece la comprensi\u00f3n lectora | Descarga el cuadernillo sobre el \u00abD\u00eda del ni\u00f1o\u00bb listo para usar<\/a><\/h3>\t\t\t\t\t<\/header><!-- .entry-header -->\n\t\t\t\t<\/div><!-- .post-inner -->\n\n\t\t\t<\/div><!-- .post-outer -->\n\t\t<\/article>\n\t\t\t<article id=\"post-109444\" class=\"post-109444 post type-post status-publish format-standard has-post-thumbnail category-ninos category-pedagogia category-salud tag-hambre tag-malnutricion cs-entry cs-video-wrap\">\n\t\t\t<div class=\"pk-post-outer\">\n\n\t\t\t\t\t\t\t\t<div class=\"pk-post-inner\">\n\t\t\t\t\t<div class=\"entry-thumbnail\">\n\t\t\t\t\t\t<div class=\"pk-overlay pk-overlay-ratio pk-ratio-landscape\">\n\t\t\t\t\t\t\t<div class=\"pk-overlay-background\">\n\t\t\t\t\t\t\t\t<a href=\"https:\/\/webdelmaestrocmf.com\/portal\/cada-minuto-un-nino-sufre-malnutricion-grave-en-15-paises-afectados-por-la-crisis-mundial-del-hambre\/\" class=\"pk-overlay-link\">\n\t\t\t\t\t\t\t\t\t<img loading=\"lazy\" decoding=\"async\" width=\"300\" height=\"225\" src=\"https:\/\/webdelmaestrocmf.com\/portal\/wp-content\/uploads\/2025\/06\/1A-Banner-1-portada-imagen-10-1-11-1-300x225.jpg\" class=\"attachment-pk-thumbnail size-pk-thumbnail wp-post-image\" alt=\"\" \/>\t\t\t\t\t\t\t\t<\/a>\n\t\t\t\t\t\t\t<\/div>\n\t\t\t\t\t\t<\/div>\n\t\t\t\t\t<\/div>\n\t\t\t\t<\/div>\n\t\t\t\t\n\t\t\t\t<div class=\"pk-post-inner\">\n\t\t\t\t\t<header>\n\t\t\t\t\t\t<h3 class=\"pk-title\"><a href=\"https:\/\/webdelmaestrocmf.com\/portal\/cada-minuto-un-nino-sufre-malnutricion-grave-en-15-paises-afectados-por-la-crisis-mundial-del-hambre\/\" rel=\"bookmark\">Cada minuto, un ni\u00f1o sufre malnutrici\u00f3n grave en 15 pa\u00edses afectados por la crisis mundial del hambre<\/a><\/h3>\t\t\t\t\t<\/header><!-- .entry-header -->\n\t\t\t\t<\/div><!-- .post-inner -->\n\n\t\t\t<\/div><!-- .post-outer -->\n\t\t<\/article>\n\t\t\t<article id=\"post-100572\" class=\"post-100572 post type-post status-publish format-standard has-post-thumbnail category-ninos category-padres category-pedagogia tag-deben tag-decir tag-desarrollo-cognitivo tag-frases tag-lenguaje-negativo tag-ninos tag-no-decir tag-no-decir-a-los-ninos tag-palabras-no-se-les-deben-decir tag-rases-no-se-les-deben-decir cs-entry cs-video-wrap\">\n\t\t\t<div class=\"pk-post-outer\">\n\n\t\t\t\t\t\t\t\t<div class=\"pk-post-inner\">\n\t\t\t\t\t<div class=\"entry-thumbnail\">\n\t\t\t\t\t\t<div class=\"pk-overlay pk-overlay-ratio pk-ratio-landscape\">\n\t\t\t\t\t\t\t<div class=\"pk-overlay-background\">\n\t\t\t\t\t\t\t\t<a href=\"https:\/\/webdelmaestrocmf.com\/portal\/que-frases-jamas-hay-que-decirle-a-un-nino\/\" class=\"pk-overlay-link\">\n\t\t\t\t\t\t\t\t\t<img loading=\"lazy\" decoding=\"async\" width=\"300\" height=\"225\" src=\"https:\/\/webdelmaestrocmf.com\/portal\/wp-content\/uploads\/2023\/11\/Banner-1-portada-imagen-10-1-8-2-300x225.jpg\" class=\"attachment-pk-thumbnail size-pk-thumbnail wp-post-image\" alt=\"\" \/>\t\t\t\t\t\t\t\t<\/a>\n\t\t\t\t\t\t\t<\/div>\n\t\t\t\t\t\t<\/div>\n\t\t\t\t\t<\/div>\n\t\t\t\t<\/div>\n\t\t\t\t\n\t\t\t\t<div class=\"pk-post-inner\">\n\t\t\t\t\t<header>\n\t\t\t\t\t\t<h3 class=\"pk-title\"><a href=\"https:\/\/webdelmaestrocmf.com\/portal\/que-frases-jamas-hay-que-decirle-a-un-nino\/\" rel=\"bookmark\">\u00bfQu\u00e9 frases no se les deben decir a los ni\u00f1os?<\/a><\/h3>\t\t\t\t\t<\/header><!-- .entry-header -->\n\t\t\t\t<\/div><!-- .post-inner -->\n\n\t\t\t<\/div><!-- .post-outer -->\n\t\t<\/article>\n\t\t\t\t<\/div>\n\t\t<\/div>\n\t\t\n","protected":false},"excerpt":{"rendered":"El uso temprano del celular puede afectar el desarrollo infantil sin supervisi\u00f3n adecuada. La clave no es prohibir, sino acompa\u00f1ar con criterio, l\u00edmites claros y responsabilidad parental en la era digital.","protected":false},"author":1,"featured_media":111439,"comment_status":"open","ping_status":"closed","sticky":false,"template":"","format":"standard","meta":{"_jetpack_newsletter_access":"","_jetpack_dont_email_post_to_subs":false,"_jetpack_newsletter_tier_id":0,"_jetpack_memberships_contains_paywalled_content":false,"csco_display_header_overlay":false,"csco_singular_sidebar":"","csco_page_header_type":"","csco_page_load_nextpost":"","csco_post_video_location":[],"csco_post_video_location_hash":"","csco_post_video_url":"","csco_post_video_bg_start_time":0,"csco_post_video_bg_end_time":0,"csco_post_video_bg_volume":false,"_jetpack_feature_clip_id":0,"_jetpack_memberships_contains_paid_content":false,"footnotes":"","jetpack_post_was_ever_published":false},"categories":[21419,735],"tags":[24004,3347,24005,1668,1205,24003],"class_list":["post-111438","post","type-post","status-publish","format-standard","has-post-thumbnail","category-ninos","category-pedagogia","tag-13-anos","tag-antes","tag-compromete","tag-inteligente","tag-salud","tag-telefono-2","cs-entry","cs-video-wrap"],"yoast_head":"<!-- This site is optimized with the Yoast SEO plugin v28.4 - https:\/\/yoast.com\/product\/yoast-seo-wordpress\/ -->\n<title>El uso del tel\u00e9fono inteligente antes de los 13 a\u00f1os compromete la salud mental a futuro - 2026<\/title>\n<meta name=\"description\" content=\"Comunidad de Maestros, Docentes y Profesores, en donde encontrar\u00e1s material, informaci\u00f3n y noticias del \u00e1mbito nacional y mundial.\" \/>\n<meta name=\"robots\" content=\"index, follow, max-snippet:-1, max-image-preview:large, max-video-preview:-1\" \/>\n<link rel=\"canonical\" href=\"https:\/\/webdelmaestrocmf.com\/portal\/el-uso-del-telefono-inteligente-antes-de-los-13-anos-compromete-la-salud-mental-a-futuro\/\" \/>\n<meta property=\"og:locale\" content=\"es_ES\" \/>\n<meta property=\"og:type\" content=\"article\" \/>\n<meta property=\"og:title\" content=\"El uso del tel\u00e9fono inteligente antes de los 13 a\u00f1os compromete la salud mental a futuro - 2026\" \/>\n<meta property=\"og:description\" content=\"Comunidad de Maestros, Docentes y Profesores, en donde encontrar\u00e1s material, informaci\u00f3n y noticias del \u00e1mbito nacional y mundial.\" \/>\n<meta property=\"og:url\" content=\"https:\/\/webdelmaestrocmf.com\/portal\/el-uso-del-telefono-inteligente-antes-de-los-13-anos-compromete-la-salud-mental-a-futuro\/\" \/>\n<meta property=\"og:site_name\" content=\"Web del Maestro CMF\" \/>\n<meta property=\"article:publisher\" content=\"https:\/\/www.facebook.com\/WebdelMaestroCMF\/\" \/>\n<meta property=\"article:author\" content=\"https:\/\/www.facebook.com\/WebdelMaestroCMF\/\" \/>\n<meta property=\"article:published_time\" content=\"2026-04-10T12:30:00+00:00\" \/>\n<meta property=\"article:modified_time\" content=\"2026-04-10T14:17:33+00:00\" \/>\n<meta property=\"og:image\" content=\"https:\/\/webdelmaestrocmf.com\/portal\/wp-content\/uploads\/2025\/07\/1A-Banner-1-portada-imagen-10-1-copia-74.webp\" \/>\n\t<meta property=\"og:image:width\" content=\"1003\" \/>\n\t<meta property=\"og:image:height\" content=\"667\" \/>\n\t<meta property=\"og:image:type\" content=\"image\/webp\" \/>\n<meta name=\"author\" content=\"Web del Maestro CMF\" \/>\n<meta name=\"twitter:card\" content=\"summary_large_image\" \/>\n<meta name=\"twitter:creator\" content=\"@cmf_w\" \/>\n<meta name=\"twitter:site\" content=\"@cmf_w\" \/>\n<script type=\"application\/ld+json\" class=\"yoast-schema-graph\">{\"@context\":\"https:\\\/\\\/schema.org\",\"@graph\":[{\"@type\":\"ScholarlyArticle\",\"@id\":\"https:\\\/\\\/webdelmaestrocmf.com\\\/portal\\\/el-uso-del-telefono-inteligente-antes-de-los-13-anos-compromete-la-salud-mental-a-futuro\\\/#article\",\"isPartOf\":{\"@id\":\"https:\\\/\\\/webdelmaestrocmf.com\\\/portal\\\/el-uso-del-telefono-inteligente-antes-de-los-13-anos-compromete-la-salud-mental-a-futuro\\\/\"},\"author\":{\"name\":\"Web del Maestro CMF\",\"@id\":\"https:\\\/\\\/webdelmaestrocmf.com\\\/portal\\\/#\\\/schema\\\/person\\\/1072a2ed7bd960df8ef99a551fa35dc5\"},\"headline\":\"El uso del tel\u00e9fono inteligente antes de los 13 a\u00f1os compromete la salud mental a futuro\",\"datePublished\":\"2026-04-10T12:30:00+00:00\",\"dateModified\":\"2026-04-10T14:17:33+00:00\",\"mainEntityOfPage\":{\"@id\":\"https:\\\/\\\/webdelmaestrocmf.com\\\/portal\\\/el-uso-del-telefono-inteligente-antes-de-los-13-anos-compromete-la-salud-mental-a-futuro\\\/\"},\"wordCount\":734,\"commentCount\":0,\"publisher\":{\"@id\":\"https:\\\/\\\/webdelmaestrocmf.com\\\/portal\\\/#organization\"},\"image\":{\"@id\":\"https:\\\/\\\/webdelmaestrocmf.com\\\/portal\\\/el-uso-del-telefono-inteligente-antes-de-los-13-anos-compromete-la-salud-mental-a-futuro\\\/#primaryimage\"},\"thumbnailUrl\":\"https:\\\/\\\/webdelmaestrocmf.com\\\/portal\\\/wp-content\\\/uploads\\\/2025\\\/07\\\/1A-Banner-1-portada-imagen-10-1-copia-74.webp\",\"keywords\":[\"13 a\u00f1os\",\"ANTES\",\"compromete\",\"INTELIGENTE\",\"salud\",\"tel\u00e9fono\"],\"articleSection\":[\"Ni\u00f1os\",\"Recursos\"],\"inLanguage\":\"es\",\"potentialAction\":[{\"@type\":\"CommentAction\",\"name\":\"Comment\",\"target\":[\"https:\\\/\\\/webdelmaestrocmf.com\\\/portal\\\/el-uso-del-telefono-inteligente-antes-de-los-13-anos-compromete-la-salud-mental-a-futuro\\\/#respond\"]}]},{\"@type\":\"WebPage\",\"@id\":\"https:\\\/\\\/webdelmaestrocmf.com\\\/portal\\\/el-uso-del-telefono-inteligente-antes-de-los-13-anos-compromete-la-salud-mental-a-futuro\\\/\",\"url\":\"https:\\\/\\\/webdelmaestrocmf.com\\\/portal\\\/el-uso-del-telefono-inteligente-antes-de-los-13-anos-compromete-la-salud-mental-a-futuro\\\/\",\"name\":\"El uso del tel\u00e9fono inteligente antes de los 13 a\u00f1os compromete la salud mental a futuro - 2026\",\"isPartOf\":{\"@id\":\"https:\\\/\\\/webdelmaestrocmf.com\\\/portal\\\/#website\"},\"primaryImageOfPage\":{\"@id\":\"https:\\\/\\\/webdelmaestrocmf.com\\\/portal\\\/el-uso-del-telefono-inteligente-antes-de-los-13-anos-compromete-la-salud-mental-a-futuro\\\/#primaryimage\"},\"image\":{\"@id\":\"https:\\\/\\\/webdelmaestrocmf.com\\\/portal\\\/el-uso-del-telefono-inteligente-antes-de-los-13-anos-compromete-la-salud-mental-a-futuro\\\/#primaryimage\"},\"thumbnailUrl\":\"https:\\\/\\\/webdelmaestrocmf.com\\\/portal\\\/wp-content\\\/uploads\\\/2025\\\/07\\\/1A-Banner-1-portada-imagen-10-1-copia-74.webp\",\"datePublished\":\"2026-04-10T12:30:00+00:00\",\"dateModified\":\"2026-04-10T14:17:33+00:00\",\"description\":\"Comunidad de Maestros, Docentes y Profesores, en donde encontrar\u00e1s material, informaci\u00f3n y noticias del \u00e1mbito nacional y mundial.\",\"breadcrumb\":{\"@id\":\"https:\\\/\\\/webdelmaestrocmf.com\\\/portal\\\/el-uso-del-telefono-inteligente-antes-de-los-13-anos-compromete-la-salud-mental-a-futuro\\\/#breadcrumb\"},\"inLanguage\":\"es\",\"potentialAction\":[{\"@type\":\"ReadAction\",\"target\":[\"https:\\\/\\\/webdelmaestrocmf.com\\\/portal\\\/el-uso-del-telefono-inteligente-antes-de-los-13-anos-compromete-la-salud-mental-a-futuro\\\/\"]}]},{\"@type\":\"ImageObject\",\"inLanguage\":\"es\",\"@id\":\"https:\\\/\\\/webdelmaestrocmf.com\\\/portal\\\/el-uso-del-telefono-inteligente-antes-de-los-13-anos-compromete-la-salud-mental-a-futuro\\\/#primaryimage\",\"url\":\"https:\\\/\\\/webdelmaestrocmf.com\\\/portal\\\/wp-content\\\/uploads\\\/2025\\\/07\\\/1A-Banner-1-portada-imagen-10-1-copia-74.webp\",\"contentUrl\":\"https:\\\/\\\/webdelmaestrocmf.com\\\/portal\\\/wp-content\\\/uploads\\\/2025\\\/07\\\/1A-Banner-1-portada-imagen-10-1-copia-74.webp\",\"width\":1003,\"height\":667},{\"@type\":\"BreadcrumbList\",\"@id\":\"https:\\\/\\\/webdelmaestrocmf.com\\\/portal\\\/el-uso-del-telefono-inteligente-antes-de-los-13-anos-compromete-la-salud-mental-a-futuro\\\/#breadcrumb\",\"itemListElement\":[{\"@type\":\"ListItem\",\"position\":1,\"name\":\"Portada\",\"item\":\"https:\\\/\\\/webdelmaestrocmf.com\\\/portal\\\/\"},{\"@type\":\"ListItem\",\"position\":2,\"name\":\"Recursos\",\"item\":\"https:\\\/\\\/webdelmaestrocmf.com\\\/portal\\\/category\\\/pedagogia\\\/\"},{\"@type\":\"ListItem\",\"position\":3,\"name\":\"El uso del tel\u00e9fono inteligente antes de los 13 a\u00f1os compromete la salud mental a futuro\"}]},{\"@type\":\"WebSite\",\"@id\":\"https:\\\/\\\/webdelmaestrocmf.com\\\/portal\\\/#website\",\"url\":\"https:\\\/\\\/webdelmaestrocmf.com\\\/portal\\\/\",\"name\":\"Web del Maestro CMF\",\"description\":\"Maestros al servicio de la educaci\u00f3n\",\"publisher\":{\"@id\":\"https:\\\/\\\/webdelmaestrocmf.com\\\/portal\\\/#organization\"},\"alternateName\":\"WMCMF\",\"potentialAction\":[{\"@type\":\"SearchAction\",\"target\":{\"@type\":\"EntryPoint\",\"urlTemplate\":\"https:\\\/\\\/webdelmaestrocmf.com\\\/portal\\\/?s={search_term_string}\"},\"query-input\":{\"@type\":\"PropertyValueSpecification\",\"valueRequired\":true,\"valueName\":\"search_term_string\"}}],\"inLanguage\":\"es\"},{\"@type\":\"Organization\",\"@id\":\"https:\\\/\\\/webdelmaestrocmf.com\\\/portal\\\/#organization\",\"name\":\"Web del Maestro CMF\",\"alternateName\":\"WMCMF\",\"url\":\"https:\\\/\\\/webdelmaestrocmf.com\\\/portal\\\/\",\"logo\":{\"@type\":\"ImageObject\",\"inLanguage\":\"es\",\"@id\":\"https:\\\/\\\/webdelmaestrocmf.com\\\/portal\\\/#\\\/schema\\\/logo\\\/image\\\/\",\"url\":\"https:\\\/\\\/webdelmaestrocmf.com\\\/portal\\\/wp-content\\\/uploads\\\/2023\\\/01\\\/logo-wmcmf-2.png\",\"contentUrl\":\"https:\\\/\\\/webdelmaestrocmf.com\\\/portal\\\/wp-content\\\/uploads\\\/2023\\\/01\\\/logo-wmcmf-2.png\",\"width\":200,\"height\":60,\"caption\":\"Web del Maestro CMF\"},\"image\":{\"@id\":\"https:\\\/\\\/webdelmaestrocmf.com\\\/portal\\\/#\\\/schema\\\/logo\\\/image\\\/\"},\"sameAs\":[\"https:\\\/\\\/www.facebook.com\\\/WebdelMaestroCMF\\\/\",\"https:\\\/\\\/x.com\\\/cmf_w\",\"https:\\\/\\\/www.pinterest.com\\\/WMCMF\\\/\",\"https:\\\/\\\/www.linkedin.com\\\/company\\\/web-del-maestro-cmf\\\/\",\"https:\\\/\\\/www.instagram.com\\\/wmcmf\\\/\",\"https:\\\/\\\/www.youtube.com\\\/channel\\\/UCDPSvjbdodE5sHnC3OxutHw\",\"https:\\\/\\\/mastodon.social\\\/@wmcmf\",\"https:\\\/\\\/www.tiktok.com\\\/@webdelmaestrocmf\"]},{\"@type\":\"Person\",\"@id\":\"https:\\\/\\\/webdelmaestrocmf.com\\\/portal\\\/#\\\/schema\\\/person\\\/1072a2ed7bd960df8ef99a551fa35dc5\",\"name\":\"Web del Maestro CMF\",\"image\":{\"@type\":\"ImageObject\",\"inLanguage\":\"es\",\"@id\":\"https:\\\/\\\/secure.gravatar.com\\\/avatar\\\/23291dd5b5ae1077dcff3dbb04c3e02bd28403fa75af6d8787d5e97c5bbbe30b?s=96&d=mm&r=g\",\"url\":\"https:\\\/\\\/secure.gravatar.com\\\/avatar\\\/23291dd5b5ae1077dcff3dbb04c3e02bd28403fa75af6d8787d5e97c5bbbe30b?s=96&d=mm&r=g\",\"contentUrl\":\"https:\\\/\\\/secure.gravatar.com\\\/avatar\\\/23291dd5b5ae1077dcff3dbb04c3e02bd28403fa75af6d8787d5e97c5bbbe30b?s=96&d=mm&r=g\",\"caption\":\"Web del Maestro CMF\"},\"description\":\"Esta Web se cre\u00f3 sin fines de lucro, con fines educativos, cient\u00edficos y acad\u00e9micos, para personas que tengan dificultades y\\\/o inconvenientes en visualizar el material original. El objetivo es entregar recursos, compartir experiencias y materiales que ayuden a los padres de familia, maestros y estudiantes en su actualizaci\u00f3n y formaci\u00f3n permanente, en bien de la Educaci\u00f3n.\",\"sameAs\":[\"http:\\\/\\\/webdelmaestrocmf.com\\\/portal\",\"https:\\\/\\\/www.facebook.com\\\/WebdelMaestroCMF\\\/\",\"https:\\\/\\\/www.instagram.com\\\/wmcmf\\\/\",\"https:\\\/\\\/cl.linkedin.com\\\/company\\\/web-del-maestro-cmf\",\"https:\\\/\\\/www.pinterest.com\\\/WMCMF\\\/publicaciones\\\/\",\"https:\\\/\\\/x.com\\\/cmf_w\",\"https:\\\/\\\/www.youtube.com\\\/@WMCMF\"]}]}<\/script>\n<!-- \/ Yoast SEO plugin. -->","yoast_head_json":{"title":"El uso del tel\u00e9fono inteligente antes de los 13 a\u00f1os compromete la salud mental a futuro - 2026","description":"Comunidad de Maestros, Docentes y Profesores, en donde encontrar\u00e1s material, informaci\u00f3n y noticias del \u00e1mbito nacional y mundial.","robots":{"index":"index","follow":"follow","max-snippet":"max-snippet:-1","max-image-preview":"max-image-preview:large","max-video-preview":"max-video-preview:-1"},"canonical":"https:\/\/webdelmaestrocmf.com\/portal\/el-uso-del-telefono-inteligente-antes-de-los-13-anos-compromete-la-salud-mental-a-futuro\/","og_locale":"es_ES","og_type":"article","og_title":"El uso del tel\u00e9fono inteligente antes de los 13 a\u00f1os compromete la salud mental a futuro - 2026","og_description":"Comunidad de Maestros, Docentes y Profesores, en donde encontrar\u00e1s material, informaci\u00f3n y noticias del \u00e1mbito nacional y mundial.","og_url":"https:\/\/webdelmaestrocmf.com\/portal\/el-uso-del-telefono-inteligente-antes-de-los-13-anos-compromete-la-salud-mental-a-futuro\/","og_site_name":"Web del Maestro CMF","article_publisher":"https:\/\/www.facebook.com\/WebdelMaestroCMF\/","article_author":"https:\/\/www.facebook.com\/WebdelMaestroCMF\/","article_published_time":"2026-04-10T12:30:00+00:00","article_modified_time":"2026-04-10T14:17:33+00:00","og_image":[{"width":1003,"height":667,"url":"https:\/\/webdelmaestrocmf.com\/portal\/wp-content\/uploads\/2025\/07\/1A-Banner-1-portada-imagen-10-1-copia-74.webp","type":"image\/webp"}],"author":"Web del Maestro CMF","twitter_card":"summary_large_image","twitter_creator":"@cmf_w","twitter_site":"@cmf_w","schema":{"@context":"https:\/\/schema.org","@graph":[{"@type":"ScholarlyArticle","@id":"https:\/\/webdelmaestrocmf.com\/portal\/el-uso-del-telefono-inteligente-antes-de-los-13-anos-compromete-la-salud-mental-a-futuro\/#article","isPartOf":{"@id":"https:\/\/webdelmaestrocmf.com\/portal\/el-uso-del-telefono-inteligente-antes-de-los-13-anos-compromete-la-salud-mental-a-futuro\/"},"author":{"name":"Web del Maestro CMF","@id":"https:\/\/webdelmaestrocmf.com\/portal\/#\/schema\/person\/1072a2ed7bd960df8ef99a551fa35dc5"},"headline":"El uso del tel\u00e9fono inteligente antes de los 13 a\u00f1os compromete la salud mental a futuro","datePublished":"2026-04-10T12:30:00+00:00","dateModified":"2026-04-10T14:17:33+00:00","mainEntityOfPage":{"@id":"https:\/\/webdelmaestrocmf.com\/portal\/el-uso-del-telefono-inteligente-antes-de-los-13-anos-compromete-la-salud-mental-a-futuro\/"},"wordCount":734,"commentCount":0,"publisher":{"@id":"https:\/\/webdelmaestrocmf.com\/portal\/#organization"},"image":{"@id":"https:\/\/webdelmaestrocmf.com\/portal\/el-uso-del-telefono-inteligente-antes-de-los-13-anos-compromete-la-salud-mental-a-futuro\/#primaryimage"},"thumbnailUrl":"https:\/\/webdelmaestrocmf.com\/portal\/wp-content\/uploads\/2025\/07\/1A-Banner-1-portada-imagen-10-1-copia-74.webp","keywords":["13 a\u00f1os","ANTES","compromete","INTELIGENTE","salud","tel\u00e9fono"],"articleSection":["Ni\u00f1os","Recursos"],"inLanguage":"es","potentialAction":[{"@type":"CommentAction","name":"Comment","target":["https:\/\/webdelmaestrocmf.com\/portal\/el-uso-del-telefono-inteligente-antes-de-los-13-anos-compromete-la-salud-mental-a-futuro\/#respond"]}]},{"@type":"WebPage","@id":"https:\/\/webdelmaestrocmf.com\/portal\/el-uso-del-telefono-inteligente-antes-de-los-13-anos-compromete-la-salud-mental-a-futuro\/","url":"https:\/\/webdelmaestrocmf.com\/portal\/el-uso-del-telefono-inteligente-antes-de-los-13-anos-compromete-la-salud-mental-a-futuro\/","name":"El uso del tel\u00e9fono inteligente antes de los 13 a\u00f1os compromete la salud mental a futuro - 2026","isPartOf":{"@id":"https:\/\/webdelmaestrocmf.com\/portal\/#website"},"primaryImageOfPage":{"@id":"https:\/\/webdelmaestrocmf.com\/portal\/el-uso-del-telefono-inteligente-antes-de-los-13-anos-compromete-la-salud-mental-a-futuro\/#primaryimage"},"image":{"@id":"https:\/\/webdelmaestrocmf.com\/portal\/el-uso-del-telefono-inteligente-antes-de-los-13-anos-compromete-la-salud-mental-a-futuro\/#primaryimage"},"thumbnailUrl":"https:\/\/webdelmaestrocmf.com\/portal\/wp-content\/uploads\/2025\/07\/1A-Banner-1-portada-imagen-10-1-copia-74.webp","datePublished":"2026-04-10T12:30:00+00:00","dateModified":"2026-04-10T14:17:33+00:00","description":"Comunidad de Maestros, Docentes y Profesores, en donde encontrar\u00e1s material, informaci\u00f3n y noticias del \u00e1mbito nacional y mundial.","breadcrumb":{"@id":"https:\/\/webdelmaestrocmf.com\/portal\/el-uso-del-telefono-inteligente-antes-de-los-13-anos-compromete-la-salud-mental-a-futuro\/#breadcrumb"},"inLanguage":"es","potentialAction":[{"@type":"ReadAction","target":["https:\/\/webdelmaestrocmf.com\/portal\/el-uso-del-telefono-inteligente-antes-de-los-13-anos-compromete-la-salud-mental-a-futuro\/"]}]},{"@type":"ImageObject","inLanguage":"es","@id":"https:\/\/webdelmaestrocmf.com\/portal\/el-uso-del-telefono-inteligente-antes-de-los-13-anos-compromete-la-salud-mental-a-futuro\/#primaryimage","url":"https:\/\/webdelmaestrocmf.com\/portal\/wp-content\/uploads\/2025\/07\/1A-Banner-1-portada-imagen-10-1-copia-74.webp","contentUrl":"https:\/\/webdelmaestrocmf.com\/portal\/wp-content\/uploads\/2025\/07\/1A-Banner-1-portada-imagen-10-1-copia-74.webp","width":1003,"height":667},{"@type":"BreadcrumbList","@id":"https:\/\/webdelmaestrocmf.com\/portal\/el-uso-del-telefono-inteligente-antes-de-los-13-anos-compromete-la-salud-mental-a-futuro\/#breadcrumb","itemListElement":[{"@type":"ListItem","position":1,"name":"Portada","item":"https:\/\/webdelmaestrocmf.com\/portal\/"},{"@type":"ListItem","position":2,"name":"Recursos","item":"https:\/\/webdelmaestrocmf.com\/portal\/category\/pedagogia\/"},{"@type":"ListItem","position":3,"name":"El uso del tel\u00e9fono inteligente antes de los 13 a\u00f1os compromete la salud mental a futuro"}]},{"@type":"WebSite","@id":"https:\/\/webdelmaestrocmf.com\/portal\/#website","url":"https:\/\/webdelmaestrocmf.com\/portal\/","name":"Web del Maestro CMF","description":"Maestros al servicio de la educaci\u00f3n","publisher":{"@id":"https:\/\/webdelmaestrocmf.com\/portal\/#organization"},"alternateName":"WMCMF","potentialAction":[{"@type":"SearchAction","target":{"@type":"EntryPoint","urlTemplate":"https:\/\/webdelmaestrocmf.com\/portal\/?s={search_term_string}"},"query-input":{"@type":"PropertyValueSpecification","valueRequired":true,"valueName":"search_term_string"}}],"inLanguage":"es"},{"@type":"Organization","@id":"https:\/\/webdelmaestrocmf.com\/portal\/#organization","name":"Web del Maestro CMF","alternateName":"WMCMF","url":"https:\/\/webdelmaestrocmf.com\/portal\/","logo":{"@type":"ImageObject","inLanguage":"es","@id":"https:\/\/webdelmaestrocmf.com\/portal\/#\/schema\/logo\/image\/","url":"https:\/\/webdelmaestrocmf.com\/portal\/wp-content\/uploads\/2023\/01\/logo-wmcmf-2.png","contentUrl":"https:\/\/webdelmaestrocmf.com\/portal\/wp-content\/uploads\/2023\/01\/logo-wmcmf-2.png","width":200,"height":60,"caption":"Web del Maestro CMF"},"image":{"@id":"https:\/\/webdelmaestrocmf.com\/portal\/#\/schema\/logo\/image\/"},"sameAs":["https:\/\/www.facebook.com\/WebdelMaestroCMF\/","https:\/\/x.com\/cmf_w","https:\/\/www.pinterest.com\/WMCMF\/","https:\/\/www.linkedin.com\/company\/web-del-maestro-cmf\/","https:\/\/www.instagram.com\/wmcmf\/","https:\/\/www.youtube.com\/channel\/UCDPSvjbdodE5sHnC3OxutHw","https:\/\/mastodon.social\/@wmcmf","https:\/\/www.tiktok.com\/@webdelmaestrocmf"]},{"@type":"Person","@id":"https:\/\/webdelmaestrocmf.com\/portal\/#\/schema\/person\/1072a2ed7bd960df8ef99a551fa35dc5","name":"Web del Maestro CMF","image":{"@type":"ImageObject","inLanguage":"es","@id":"https:\/\/secure.gravatar.com\/avatar\/23291dd5b5ae1077dcff3dbb04c3e02bd28403fa75af6d8787d5e97c5bbbe30b?s=96&d=mm&r=g","url":"https:\/\/secure.gravatar.com\/avatar\/23291dd5b5ae1077dcff3dbb04c3e02bd28403fa75af6d8787d5e97c5bbbe30b?s=96&d=mm&r=g","contentUrl":"https:\/\/secure.gravatar.com\/avatar\/23291dd5b5ae1077dcff3dbb04c3e02bd28403fa75af6d8787d5e97c5bbbe30b?s=96&d=mm&r=g","caption":"Web del Maestro CMF"},"description":"Esta Web se cre\u00f3 sin fines de lucro, con fines educativos, cient\u00edficos y acad\u00e9micos, para personas que tengan dificultades y\/o inconvenientes en visualizar el material original. El objetivo es entregar recursos, compartir experiencias y materiales que ayuden a los padres de familia, maestros y estudiantes en su actualizaci\u00f3n y formaci\u00f3n permanente, en bien de la Educaci\u00f3n.","sameAs":["http:\/\/webdelmaestrocmf.com\/portal","https:\/\/www.facebook.com\/WebdelMaestroCMF\/","https:\/\/www.instagram.com\/wmcmf\/","https:\/\/cl.linkedin.com\/company\/web-del-maestro-cmf","https:\/\/www.pinterest.com\/WMCMF\/publicaciones\/","https:\/\/x.com\/cmf_w","https:\/\/www.youtube.com\/@WMCMF"]}]}},"jetpack_sharing_enabled":true,"jetpack-related-posts":[{"id":112455,"url":"https:\/\/webdelmaestrocmf.com\/portal\/un-estudio-revela-que-les-pasa-a-los-menores-de-13-anos-cuando-se-sobreexponen-a-los-celulares\/","url_meta":{"origin":111438,"position":0},"title":"Un estudio revela qu\u00e9 les pasa a los menores de 13 a\u00f1os cuando se sobreexponen a los celulares","author":"Web del Maestro CMF","date":"4 octubre, 2025","format":false,"excerpt":"El informe publicado en la revista acad\u00e9mica Journal of Human Development and Capabilities sugiere que los chicos no deber\u00edan tener smartphones","rel":"","context":"En \u00abRecursos\u00bb","block_context":{"text":"Recursos","link":"https:\/\/webdelmaestrocmf.com\/portal\/category\/pedagogia\/"},"img":{"alt_text":"","src":"https:\/\/i0.wp.com\/webdelmaestrocmf.com\/portal\/wp-content\/uploads\/2025\/10\/1A-Banner-1-portada-imagen-10-1-copia-5.webp?resize=350%2C200&ssl=1","width":350,"height":200,"srcset":"https:\/\/i0.wp.com\/webdelmaestrocmf.com\/portal\/wp-content\/uploads\/2025\/10\/1A-Banner-1-portada-imagen-10-1-copia-5.webp?resize=350%2C200&ssl=1 1x, https:\/\/i0.wp.com\/webdelmaestrocmf.com\/portal\/wp-content\/uploads\/2025\/10\/1A-Banner-1-portada-imagen-10-1-copia-5.webp?resize=525%2C300&ssl=1 1.5x, https:\/\/i0.wp.com\/webdelmaestrocmf.com\/portal\/wp-content\/uploads\/2025\/10\/1A-Banner-1-portada-imagen-10-1-copia-5.webp?resize=700%2C400&ssl=1 2x"},"classes":[]},{"id":114350,"url":"https:\/\/webdelmaestrocmf.com\/portal\/casi-la-mitad-de-los-adolescentes-duermen-mal-y-menos-tiempo-de-lo-que-necesitan\/","url_meta":{"origin":111438,"position":1},"title":"Casi la mitad de los adolescentes duermen mal y menos tiempo de lo que necesitan","author":"Web del Maestro CMF","date":"28 diciembre, 2025","format":false,"excerpt":"Una bomba silenciosa que avanza cada noche, erosiona la salud f\u00edsica y mental, debilita la memoria, reduce el rendimiento escolar, altera el estado de \u00e1nimo y compromete seriamente el desarrollo emocional en una etapa clave de la vida.","rel":"","context":"En \u00abRecursos\u00bb","block_context":{"text":"Recursos","link":"https:\/\/webdelmaestrocmf.com\/portal\/category\/pedagogia\/"},"img":{"alt_text":"","src":"https:\/\/i0.wp.com\/webdelmaestrocmf.com\/portal\/wp-content\/uploads\/2025\/12\/1A-Banner-1-portada-imagen-10-1-copia-24.webp?resize=350%2C200&ssl=1","width":350,"height":200,"srcset":"https:\/\/i0.wp.com\/webdelmaestrocmf.com\/portal\/wp-content\/uploads\/2025\/12\/1A-Banner-1-portada-imagen-10-1-copia-24.webp?resize=350%2C200&ssl=1 1x, https:\/\/i0.wp.com\/webdelmaestrocmf.com\/portal\/wp-content\/uploads\/2025\/12\/1A-Banner-1-portada-imagen-10-1-copia-24.webp?resize=525%2C300&ssl=1 1.5x, https:\/\/i0.wp.com\/webdelmaestrocmf.com\/portal\/wp-content\/uploads\/2025\/12\/1A-Banner-1-portada-imagen-10-1-copia-24.webp?resize=700%2C400&ssl=1 2x"},"classes":[]},{"id":111873,"url":"https:\/\/webdelmaestrocmf.com\/portal\/chile-avanza-en-proyecto-para-prohibir-celulares-en-colegios-un-debate-urgente-sobre-la-salud-y-el-aprendizaje-infantil\/","url_meta":{"origin":111438,"position":2},"title":"Chile avanza en proyecto para prohibir celulares en colegios: un debate urgente sobre la salud y el aprendizaje infantil","author":"Web del Maestro CMF","date":"13 agosto, 2025","format":false,"excerpt":"Chile discute ley para prohibir celulares en colegios, buscando proteger salud mental infantil y priorizar el aprendizaje y la socializaci\u00f3n escolar.","rel":"","context":"En \u00abNoticias Internacionales\u00bb","block_context":{"text":"Noticias Internacionales","link":"https:\/\/webdelmaestrocmf.com\/portal\/category\/noticias-internacionales\/"},"img":{"alt_text":"","src":"https:\/\/i0.wp.com\/webdelmaestrocmf.com\/portal\/wp-content\/uploads\/2025\/08\/1A-Banner-1-portada-imagen-10-1-copia-3-2.webp?resize=350%2C200&ssl=1","width":350,"height":200,"srcset":"https:\/\/i0.wp.com\/webdelmaestrocmf.com\/portal\/wp-content\/uploads\/2025\/08\/1A-Banner-1-portada-imagen-10-1-copia-3-2.webp?resize=350%2C200&ssl=1 1x, https:\/\/i0.wp.com\/webdelmaestrocmf.com\/portal\/wp-content\/uploads\/2025\/08\/1A-Banner-1-portada-imagen-10-1-copia-3-2.webp?resize=525%2C300&ssl=1 1.5x, https:\/\/i0.wp.com\/webdelmaestrocmf.com\/portal\/wp-content\/uploads\/2025\/08\/1A-Banner-1-portada-imagen-10-1-copia-3-2.webp?resize=700%2C400&ssl=1 2x"},"classes":[]},{"id":109383,"url":"https:\/\/webdelmaestrocmf.com\/portal\/peru-promulga-ley-que-restringe-el-uso-de-celulares-en-colegios-para-proteger-la-salud-mental-de-los-estudiantes\/","url_meta":{"origin":111438,"position":3},"title":"Per\u00fa promulga ley que restringe el uso de celulares en colegios para proteger la salud mental de los estudiantes","author":"Web del Maestro CMF","date":"13 junio, 2025","format":false,"excerpt":"El Gobierno peruano, encabezado por la presidenta Dina Boluarte, ha promulgado la Ley 32385, publicada en el diario oficial El Peruano, que regula el uso de tel\u00e9fonos celulares y dispositivos electr\u00f3nicos similares en todas las instituciones y programas educativos de Educaci\u00f3n B\u00e1sica, tanto p\u00fablicos como privados. Esta normativa tiene como\u2026","rel":"","context":"En \u00abNoticias Internacionales\u00bb","block_context":{"text":"Noticias Internacionales","link":"https:\/\/webdelmaestrocmf.com\/portal\/category\/noticias-internacionales\/"},"img":{"alt_text":"","src":"https:\/\/i0.wp.com\/webdelmaestrocmf.com\/portal\/wp-content\/uploads\/2025\/06\/1A-Banner-1-portada-imagen-10-1-44.jpg?resize=350%2C200&ssl=1","width":350,"height":200,"srcset":"https:\/\/i0.wp.com\/webdelmaestrocmf.com\/portal\/wp-content\/uploads\/2025\/06\/1A-Banner-1-portada-imagen-10-1-44.jpg?resize=350%2C200&ssl=1 1x, https:\/\/i0.wp.com\/webdelmaestrocmf.com\/portal\/wp-content\/uploads\/2025\/06\/1A-Banner-1-portada-imagen-10-1-44.jpg?resize=525%2C300&ssl=1 1.5x, https:\/\/i0.wp.com\/webdelmaestrocmf.com\/portal\/wp-content\/uploads\/2025\/06\/1A-Banner-1-portada-imagen-10-1-44.jpg?resize=700%2C400&ssl=1 2x"},"classes":[]},{"id":113715,"url":"https:\/\/webdelmaestrocmf.com\/portal\/los-docentes-no-son-psicologos-pero-son-clave-para-detectar-y-prevenir-problemas-de-salud-mental-en-el-aula\/","url_meta":{"origin":111438,"position":4},"title":"Los docentes no son psic\u00f3logos, pero son clave para detectar y prevenir problemas de salud mental en el aula","author":"Web del Maestro CMF","date":"28 noviembre, 2025","format":false,"excerpt":"La creciente preocupaci\u00f3n por la salud mental infantil y adolescente ha colocado a los docentes en un lugar central dentro del entramado de apoyo, prevenci\u00f3n y detecci\u00f3n temprana. Aunque los profesores no son profesionales cl\u00ednicos, su rol cotidiano con el alumnado les permite identificar se\u00f1ales de alerta que a menudo\u2026","rel":"","context":"En \u00abPsicolog\u00eda\u00bb","block_context":{"text":"Psicolog\u00eda","link":"https:\/\/webdelmaestrocmf.com\/portal\/category\/pedagogia\/picologia\/"},"img":{"alt_text":"","src":"https:\/\/i0.wp.com\/webdelmaestrocmf.com\/portal\/wp-content\/uploads\/2025\/11\/1A-Banner-1-portada-imagen-10-1-copia-8-2.webp?resize=350%2C200&ssl=1","width":350,"height":200,"srcset":"https:\/\/i0.wp.com\/webdelmaestrocmf.com\/portal\/wp-content\/uploads\/2025\/11\/1A-Banner-1-portada-imagen-10-1-copia-8-2.webp?resize=350%2C200&ssl=1 1x, https:\/\/i0.wp.com\/webdelmaestrocmf.com\/portal\/wp-content\/uploads\/2025\/11\/1A-Banner-1-portada-imagen-10-1-copia-8-2.webp?resize=525%2C300&ssl=1 1.5x, https:\/\/i0.wp.com\/webdelmaestrocmf.com\/portal\/wp-content\/uploads\/2025\/11\/1A-Banner-1-portada-imagen-10-1-copia-8-2.webp?resize=700%2C400&ssl=1 2x"},"classes":[]},{"id":115021,"url":"https:\/\/webdelmaestrocmf.com\/portal\/francia-prohibe-las-redes-sociales-a-menores-de-15-anos-y-refuerza-la-restriccion-del-uso-de-celulares-en-colegios\/","url_meta":{"origin":111438,"position":5},"title":"Francia proh\u00edbe las redes sociales a menores de 15 a\u00f1os y refuerza la restricci\u00f3n del uso de celulares en colegios","author":"Web del Maestro CMF","date":"28 enero, 2026","format":false,"excerpt":"Francia proh\u00edbe redes sociales a menores de 15 a\u00f1os y limita celulares escolares para proteger salud mental y aprendizaje infantil.","rel":"","context":"En \u00abNoticias Internacionales\u00bb","block_context":{"text":"Noticias Internacionales","link":"https:\/\/webdelmaestrocmf.com\/portal\/category\/noticias-internacionales\/"},"img":{"alt_text":"","src":"https:\/\/i0.wp.com\/webdelmaestrocmf.com\/portal\/wp-content\/uploads\/2026\/01\/1A-Banner-1-portada-imagen-10-1-copia-5-4.webp?resize=350%2C200&ssl=1","width":350,"height":200,"srcset":"https:\/\/i0.wp.com\/webdelmaestrocmf.com\/portal\/wp-content\/uploads\/2026\/01\/1A-Banner-1-portada-imagen-10-1-copia-5-4.webp?resize=350%2C200&ssl=1 1x, https:\/\/i0.wp.com\/webdelmaestrocmf.com\/portal\/wp-content\/uploads\/2026\/01\/1A-Banner-1-portada-imagen-10-1-copia-5-4.webp?resize=525%2C300&ssl=1 1.5x, https:\/\/i0.wp.com\/webdelmaestrocmf.com\/portal\/wp-content\/uploads\/2026\/01\/1A-Banner-1-portada-imagen-10-1-copia-5-4.webp?resize=700%2C400&ssl=1 2x"},"classes":[]}],"jetpack_featured_media_url":"https:\/\/webdelmaestrocmf.com\/portal\/wp-content\/uploads\/2025\/07\/1A-Banner-1-portada-imagen-10-1-copia-74.webp","_links":{"self":[{"href":"https:\/\/webdelmaestrocmf.com\/portal\/wp-json\/wp\/v2\/posts\/111438","targetHints":{"allow":["GET"]}}],"collection":[{"href":"https:\/\/webdelmaestrocmf.com\/portal\/wp-json\/wp\/v2\/posts"}],"about":[{"href":"https:\/\/webdelmaestrocmf.com\/portal\/wp-json\/wp\/v2\/types\/post"}],"author":[{"embeddable":true,"href":"https:\/\/webdelmaestrocmf.com\/portal\/wp-json\/wp\/v2\/users\/1"}],"replies":[{"embeddable":true,"href":"https:\/\/webdelmaestrocmf.com\/portal\/wp-json\/wp\/v2\/comments?post=111438"}],"version-history":[{"count":6,"href":"https:\/\/webdelmaestrocmf.com\/portal\/wp-json\/wp\/v2\/posts\/111438\/revisions"}],"predecessor-version":[{"id":117585,"href":"https:\/\/webdelmaestrocmf.com\/portal\/wp-json\/wp\/v2\/posts\/111438\/revisions\/117585"}],"wp:featuredmedia":[{"embeddable":true,"href":"https:\/\/webdelmaestrocmf.com\/portal\/wp-json\/wp\/v2\/media\/111439"}],"wp:attachment":[{"href":"https:\/\/webdelmaestrocmf.com\/portal\/wp-json\/wp\/v2\/media?parent=111438"}],"wp:term":[{"taxonomy":"category","embeddable":true,"href":"https:\/\/webdelmaestrocmf.com\/portal\/wp-json\/wp\/v2\/categories?post=111438"},{"taxonomy":"post_tag","embeddable":true,"href":"https:\/\/webdelmaestrocmf.com\/portal\/wp-json\/wp\/v2\/tags?post=111438"}],"curies":[{"name":"wp","href":"https:\/\/api.w.org\/{rel}","templated":true}]}}