{"id":111288,"date":"2025-07-17T11:50:10","date_gmt":"2025-07-17T15:50:10","guid":{"rendered":"https:\/\/webdelmaestrocmf.com\/portal\/?p=111288"},"modified":"2025-07-17T12:12:30","modified_gmt":"2025-07-17T16:12:30","slug":"grave-agresion-en-escuela-de-la-boca-madre-y-abuela-atacan-al-director-con-una-birome","status":"publish","type":"post","link":"https:\/\/webdelmaestrocmf.com\/portal\/grave-agresion-en-escuela-de-la-boca-madre-y-abuela-atacan-al-director-con-una-birome\/","title":{"rendered":"Grave agresi\u00f3n en escuela de La Boca: madre y abuela atacan al director con una birome"},"content":{"rendered":"\n<p>Una alarmante situaci\u00f3n de violencia escolar se registr\u00f3 este martes en el barrio porte\u00f1o de La Boca, donde el director de la Escuela N.\u00ba 8 D.E. 4 \u201cCarlos Della Penna\u201d fue agredido f\u00edsicamente por la madre y la abuela de un alumno. El hecho ocurri\u00f3 durante una reuni\u00f3n entre autoridades del establecimiento y familiares del estudiante. Como resultado, tres miembros del personal educativo resultaron heridos y las agresoras fueron detenidas por la Polic\u00eda.<\/p>\n\n\n\n<iframe loading=\"lazy\" width=\"100%\" height=\"315\" src=\"https:\/\/www.youtube.com\/embed\/-eTFZl5W6_U?si=PrCfKG_aaV8BdRP3\" title=\"YouTube video player\" frameborder=\"0\" allow=\"accelerometer; autoplay; clipboard-write; encrypted-media; gyroscope; picture-in-picture; web-share\" referrerpolicy=\"strict-origin-when-cross-origin\" allowfullscreen><\/iframe>\n\n\n\n<h3 class=\"wp-block-heading\"><strong>El ataque y las consecuencias<\/strong><\/h3>\n\n\n\n<p>El incidente tuvo lugar en las instalaciones de la escuela, ubicada en la calle Braun Men\u00e9ndez al 260, zona de Catalinas. De acuerdo con fuentes policiales y educativas, la madre del menor, de 36 a\u00f1os, extrajo una birome y se la clav\u00f3 al director en uno de sus brazos. Simult\u00e1neamente, la abuela del alumno, de 52 a\u00f1os, agredi\u00f3 a una secretaria y a una auxiliar del establecimiento.<\/p>\n\n\n\n<p>Una ambulancia del SAME se hizo presente en el lugar para atender a los heridos. El parte m\u00e9dico confirm\u00f3 que el director sufri\u00f3 una herida cortante en el hombro, mientras que la secretaria present\u00f3 traumatismo de cr\u00e1neo y la auxiliar una fractura en el pulgar izquierdo. Las tres v\u00edctimas fueron trasladadas al Hospital Argerich. Afortunadamente, las lesiones fueron consideradas leves y no requirieron internaci\u00f3n.<\/p>\n\n\n\n<h3 class=\"wp-block-heading\"><strong>Intervenci\u00f3n policial y detenci\u00f3n<\/strong><\/h3>\n\n\n\n<p>Agentes de la Comisar\u00eda Vecinal 4C acudieron a la escuela tras una llamada al 911. Ambas mujeres fueron detenidas en el lugar. Durante el procedimiento, a una de ellas se le cay\u00f3 un envoltorio de nylon que conten\u00eda picadura de marihuana.<\/p>\n\n\n\n<p>La investigaci\u00f3n qued\u00f3 a cargo de la Fiscal\u00eda Penal, Contravencional y de Faltas N.\u00ba 39, dirigida por el Dr. Biglino. Adem\u00e1s, el Consejo de Ni\u00f1os, Ni\u00f1as y Adolescentes dispuso que los menores vinculados a las agresoras fueran entregados a una t\u00eda autorizada.<\/p>\n\n\n\n<iframe loading=\"lazy\" width=\"100%\" height=\"315\" src=\"https:\/\/www.youtube.com\/embed\/xiEafGz61zs?si=9vCKM2Zka-g3fpkN\" title=\"YouTube video player\" frameborder=\"0\" allow=\"accelerometer; autoplay; clipboard-write; encrypted-media; gyroscope; picture-in-picture; web-share\" referrerpolicy=\"strict-origin-when-cross-origin\" allowfullscreen><\/iframe>\n\n\n\n<h3 class=\"wp-block-heading\"><strong>Escuela sin clases y medidas institucionales<\/strong><\/h3>\n\n\n\n<p>Como consecuencia del violento episodio, el Ministerio de Educaci\u00f3n de la Ciudad de Buenos Aires suspendi\u00f3 las clases este mi\u00e9rcoles en la instituci\u00f3n, estableciendo una jornada de Espacio de Mejora Institucional (EMI). \u201cLa medida se tom\u00f3 porque est\u00e1 toda la escuela movilizada por la pelea de las familias, la detenci\u00f3n de dos mujeres y la agresi\u00f3n al personal docente\u201d, indicaron fuentes ministeriales.<\/p>\n\n\n\n<h3 class=\"wp-block-heading\"><strong>Un nuevo caso de violencia contra directivos escolares<\/strong><\/h3>\n\n\n\n<p>Este hecho se suma a otros similares ocurridos en el pa\u00eds. Dos meses atr\u00e1s, en la ciudad de La Plata, el director de una escuela secundaria fue brutalmente golpeado por el padre de una alumna, tras una pelea entre estudiantes. En esa ocasi\u00f3n, la v\u00edctima debi\u00f3 ser hospitalizada por problemas auditivos y visuales.<\/p>\n\n\n\n<p>Los reiterados episodios de agresi\u00f3n contra autoridades escolares generan preocupaci\u00f3n en las comunidades educativas y en las autoridades gubernamentales, quienes se\u00f1alan la necesidad urgente de fortalecer los protocolos de convivencia y protecci\u00f3n dentro de las instituciones.<\/p>\n\n\n\n<iframe loading=\"lazy\" width=\"100%\" height=\"315\" src=\"https:\/\/www.youtube.com\/embed\/jS9yE-63w9g?si=IQGZ4Se0-VXGZoHJ\" title=\"YouTube video player\" frameborder=\"0\" allow=\"accelerometer; autoplay; clipboard-write; encrypted-media; gyroscope; picture-in-picture; web-share\" referrerpolicy=\"strict-origin-when-cross-origin\" allowfullscreen><\/iframe>\n\n\n\n<h3 class=\"wp-block-heading\"><strong>Otra vez<\/strong><\/h3>\n\n\n\n<p>Lo ocurrido en la Escuela \u201cCarlos Della Penna\u201d pone de relieve una vez m\u00e1s la creciente tensi\u00f3n y violencia que enfrentan los equipos directivos y docentes en el \u00e1mbito escolar. M\u00e1s all\u00e1 de las sanciones penales que correspondan, este tipo de agresiones plantea interrogantes sobre la relaci\u00f3n entre las familias y las escuelas, y la necesidad de pol\u00edticas p\u00fablicas que garanticen la seguridad del personal educativo.<\/p>\n\n\n\n<p class=\"has-text-align-right\"><strong>Redacci\u00f3n | Web del Maestro CMF<\/strong><\/p>\n\n\n\t\t<div class=\"pk-inline-posts\">\n\t\t\t\n\t\t\t<div class=\"pk-inline-posts-container pk-inline-posts-template-list\"\n\t\t\t\tdata-columns=\"1\">\n\t\t\t\t\t\t<article id=\"post-118553\" class=\"post-118553 post type-post status-publish format-standard has-post-thumbnail category-noticias-internacionales tag-agresion-estudiantil tag-autoridad-docente tag-convivencia-escolar tag-disciplina-escolar tag-justicia-educativa tag-respeto-en-el-aula tag-rol-del-docente tag-seguridad-docente tag-sistema-educativo tag-violencia-escolar cs-entry cs-video-wrap\">\n\t\t\t<div class=\"pk-post-outer\">\n\n\t\t\t\t\t\t\t\t<div class=\"pk-post-inner\">\n\t\t\t\t\t<div class=\"entry-thumbnail\">\n\t\t\t\t\t\t<div class=\"pk-overlay pk-overlay-ratio pk-ratio-landscape\">\n\t\t\t\t\t\t\t<div class=\"pk-overlay-background\">\n\t\t\t\t\t\t\t\t<a href=\"https:\/\/webdelmaestrocmf.com\/portal\/existen-casos-en-paises-como-ee-uu-y-chile-donde-estudiantes-han-recibido-penas-privativas-de-libertad-por-agredir-a-docentes-esta-de-acuerdo-con-esta-medida-la-implementaria-en-su-pais\/\" class=\"pk-overlay-link\">\n\t\t\t\t\t\t\t\t\t<img loading=\"lazy\" decoding=\"async\" width=\"300\" height=\"225\" src=\"https:\/\/webdelmaestrocmf.com\/portal\/wp-content\/uploads\/2026\/05\/1AA-Banner-1-portada-imagen-10-1-copia-2-300x225.webp\" class=\"attachment-pk-thumbnail size-pk-thumbnail wp-post-image\" alt=\"\" \/>\t\t\t\t\t\t\t\t<\/a>\n\t\t\t\t\t\t\t<\/div>\n\t\t\t\t\t\t<\/div>\n\t\t\t\t\t<\/div>\n\t\t\t\t<\/div>\n\t\t\t\t\n\t\t\t\t<div class=\"pk-post-inner\">\n\t\t\t\t\t<header>\n\t\t\t\t\t\t<h3 class=\"pk-title\"><a href=\"https:\/\/webdelmaestrocmf.com\/portal\/existen-casos-en-paises-como-ee-uu-y-chile-donde-estudiantes-han-recibido-penas-privativas-de-libertad-por-agredir-a-docentes-esta-de-acuerdo-con-esta-medida-la-implementaria-en-su-pais\/\" rel=\"bookmark\">Existen casos en pa\u00edses como EE.UU. y Chile donde estudiantes han recibido penas privativas de libertad por agredir a docentes. \u00bfEst\u00e1 de acuerdo con esta medida? \u00bfLa implementar\u00eda en su pa\u00eds?<\/a><\/h3>\t\t\t\t\t<\/header><!-- .entry-header -->\n\t\t\t\t<\/div><!-- .post-inner -->\n\n\t\t\t<\/div><!-- .post-outer -->\n\t\t<\/article>\n\t\t\t<article id=\"post-118546\" class=\"post-118546 post type-post status-publish format-standard has-post-thumbnail category-noticias-internacionales tag-aprendizaje tag-conflicto tag-crisis tag-docentes tag-educacion-3 tag-escuela tag-guerra tag-infancia tag-resiliencia tag-sociedad cs-entry cs-video-wrap\">\n\t\t\t<div class=\"pk-post-outer\">\n\n\t\t\t\t\t\t\t\t<div class=\"pk-post-inner\">\n\t\t\t\t\t<div class=\"entry-thumbnail\">\n\t\t\t\t\t\t<div class=\"pk-overlay pk-overlay-ratio pk-ratio-landscape\">\n\t\t\t\t\t\t\t<div class=\"pk-overlay-background\">\n\t\t\t\t\t\t\t\t<a href=\"https:\/\/webdelmaestrocmf.com\/portal\/rusia-bombardea-orfanato-y-escuela-judia-en-odesa-en-el-sur-de-ucrania\/\" class=\"pk-overlay-link\">\n\t\t\t\t\t\t\t\t\t<img loading=\"lazy\" decoding=\"async\" width=\"300\" height=\"225\" src=\"https:\/\/webdelmaestrocmf.com\/portal\/wp-content\/uploads\/2026\/05\/1AA-Banner-1-portada-imagen-10-1-copia-1-1-300x225.webp\" class=\"attachment-pk-thumbnail size-pk-thumbnail wp-post-image\" alt=\"\" \/>\t\t\t\t\t\t\t\t<\/a>\n\t\t\t\t\t\t\t<\/div>\n\t\t\t\t\t\t<\/div>\n\t\t\t\t\t<\/div>\n\t\t\t\t<\/div>\n\t\t\t\t\n\t\t\t\t<div class=\"pk-post-inner\">\n\t\t\t\t\t<header>\n\t\t\t\t\t\t<h3 class=\"pk-title\"><a href=\"https:\/\/webdelmaestrocmf.com\/portal\/rusia-bombardea-orfanato-y-escuela-judia-en-odesa-en-el-sur-de-ucrania\/\" rel=\"bookmark\">Rusia bombardea orfanato y escuela jud\u00eda en Odesa, en el sur de Ucrania<\/a><\/h3>\t\t\t\t\t<\/header><!-- .entry-header -->\n\t\t\t\t<\/div><!-- .post-inner -->\n\n\t\t\t<\/div><!-- .post-outer -->\n\t\t<\/article>\n\t\t\t<article id=\"post-118533\" class=\"post-118533 post type-post status-publish format-standard has-post-thumbnail category-noticias-internacionales tag-convivencia-escolar tag-docentes tag-educacion-2 tag-etica-educativa tag-normativa-escolar tag-preescolar tag-primaria tag-protocolos tag-rol-docente tag-seguridad-docente cs-entry cs-video-wrap\">\n\t\t\t<div class=\"pk-post-outer\">\n\n\t\t\t\t\t\t\t\t<div class=\"pk-post-inner\">\n\t\t\t\t\t<div class=\"entry-thumbnail\">\n\t\t\t\t\t\t<div class=\"pk-overlay pk-overlay-ratio pk-ratio-landscape\">\n\t\t\t\t\t\t\t<div class=\"pk-overlay-background\">\n\t\t\t\t\t\t\t\t<a href=\"https:\/\/webdelmaestrocmf.com\/portal\/profesor-advierte-a-docentes-no-pueden-asistir-a-un-nino-en-el-bano-por-riesgo-de-cargos-legales\/\" class=\"pk-overlay-link\">\n\t\t\t\t\t\t\t\t\t<img loading=\"lazy\" decoding=\"async\" width=\"300\" height=\"225\" src=\"https:\/\/webdelmaestrocmf.com\/portal\/wp-content\/uploads\/2026\/05\/1AA-Banner-1-portada-imagen-10-1-copia-300x225.webp\" class=\"attachment-pk-thumbnail size-pk-thumbnail wp-post-image\" alt=\"\" \/>\t\t\t\t\t\t\t\t<\/a>\n\t\t\t\t\t\t\t<\/div>\n\t\t\t\t\t\t<\/div>\n\t\t\t\t\t<\/div>\n\t\t\t\t<\/div>\n\t\t\t\t\n\t\t\t\t<div class=\"pk-post-inner\">\n\t\t\t\t\t<header>\n\t\t\t\t\t\t<h3 class=\"pk-title\"><a href=\"https:\/\/webdelmaestrocmf.com\/portal\/profesor-advierte-a-docentes-no-pueden-asistir-a-un-nino-en-el-bano-por-riesgo-de-cargos-legales\/\" rel=\"bookmark\">Profesor advierte a docentes: \u201cNo pueden asistir a un ni\u00f1o en el ba\u00f1o\u201d por riesgo de cargos legales<\/a><\/h3>\t\t\t\t\t<\/header><!-- .entry-header -->\n\t\t\t\t<\/div><!-- .post-inner -->\n\n\t\t\t<\/div><!-- .post-outer -->\n\t\t<\/article>\n\t\t\t\t<\/div>\n\t\t<\/div>\n\t\t\n","protected":false},"excerpt":{"rendered":"Durante una reuni\u00f3n escolar, la madre clav\u00f3 una birome al director y la abuela agredi\u00f3 a otras dos trabajadoras.","protected":false},"author":1,"featured_media":111290,"comment_status":"open","ping_status":"closed","sticky":false,"template":"","format":"standard","meta":{"csco_display_header_overlay":false,"csco_singular_sidebar":"","csco_page_header_type":"","csco_page_load_nextpost":"","csco_post_video_location":[],"csco_post_video_location_hash":"","csco_post_video_url":"","csco_post_video_bg_start_time":0,"csco_post_video_bg_end_time":0,"csco_post_video_bg_volume":false,"_jetpack_memberships_contains_paid_content":false,"footnotes":""},"categories":[23790],"tags":[23981,23980,23982,2330,6617,536],"class_list":{"0":"post-111288","1":"post","2":"type-post","3":"status-publish","4":"format-standard","5":"has-post-thumbnail","7":"category-noticias-internacionales","8":"tag-abuela","9":"tag-agresion-2","10":"tag-atacan","11":"tag-director","12":"tag-grave","13":"tag-madre","14":"cs-entry","15":"cs-video-wrap"},"yoast_head":"<!-- This site is optimized with the Yoast SEO plugin v27.5 - https:\/\/yoast.com\/product\/yoast-seo-wordpress\/ -->\n<title>Grave agresi\u00f3n en escuela de La Boca: madre y abuela atacan al director con una birome - 2026<\/title>\n<meta name=\"description\" content=\"Una alarmante situaci\u00f3n de violencia escolar se registr\u00f3 este martes en el barrio porte\u00f1o de La Boca, donde el director de la escuela...\" \/>\n<meta name=\"robots\" content=\"index, follow, max-snippet:-1, max-image-preview:large, max-video-preview:-1\" \/>\n<link rel=\"canonical\" href=\"https:\/\/webdelmaestrocmf.com\/portal\/grave-agresion-en-escuela-de-la-boca-madre-y-abuela-atacan-al-director-con-una-birome\/\" \/>\n<meta property=\"og:locale\" content=\"es_ES\" \/>\n<meta property=\"og:type\" content=\"article\" \/>\n<meta property=\"og:title\" content=\"Grave agresi\u00f3n en escuela de La Boca: madre y abuela atacan al director con una birome - 2026\" \/>\n<meta property=\"og:description\" content=\"Una alarmante situaci\u00f3n de violencia escolar se registr\u00f3 este martes en el barrio porte\u00f1o de La Boca, donde el director de la escuela...\" \/>\n<meta property=\"og:url\" content=\"https:\/\/webdelmaestrocmf.com\/portal\/grave-agresion-en-escuela-de-la-boca-madre-y-abuela-atacan-al-director-con-una-birome\/\" \/>\n<meta property=\"og:site_name\" content=\"Web del Maestro CMF\" \/>\n<meta property=\"article:publisher\" content=\"https:\/\/www.facebook.com\/WebdelMaestroCMF\/\" \/>\n<meta property=\"article:author\" content=\"https:\/\/www.facebook.com\/WebdelMaestroCMF\/\" \/>\n<meta property=\"article:published_time\" content=\"2025-07-17T15:50:10+00:00\" \/>\n<meta property=\"article:modified_time\" content=\"2025-07-17T16:12:30+00:00\" \/>\n<meta property=\"og:image\" content=\"https:\/\/webdelmaestrocmf.com\/portal\/wp-content\/uploads\/2025\/07\/1A-Banner-1-portada-imagen-10-1-copia-4.webp\" \/>\n\t<meta property=\"og:image:width\" content=\"1003\" \/>\n\t<meta property=\"og:image:height\" content=\"667\" \/>\n\t<meta property=\"og:image:type\" content=\"image\/webp\" \/>\n<meta name=\"author\" content=\"Web del Maestro CMF\" \/>\n<meta name=\"twitter:card\" content=\"summary_large_image\" \/>\n<meta name=\"twitter:creator\" content=\"@cmf_w\" \/>\n<meta name=\"twitter:site\" content=\"@cmf_w\" \/>\n<script type=\"application\/ld+json\" class=\"yoast-schema-graph\">{\"@context\":\"https:\\\/\\\/schema.org\",\"@graph\":[{\"@type\":\"ScholarlyArticle\",\"@id\":\"https:\\\/\\\/webdelmaestrocmf.com\\\/portal\\\/grave-agresion-en-escuela-de-la-boca-madre-y-abuela-atacan-al-director-con-una-birome\\\/#article\",\"isPartOf\":{\"@id\":\"https:\\\/\\\/webdelmaestrocmf.com\\\/portal\\\/grave-agresion-en-escuela-de-la-boca-madre-y-abuela-atacan-al-director-con-una-birome\\\/\"},\"author\":{\"name\":\"Web del Maestro CMF\",\"@id\":\"https:\\\/\\\/webdelmaestrocmf.com\\\/portal\\\/#\\\/schema\\\/person\\\/1072a2ed7bd960df8ef99a551fa35dc5\"},\"headline\":\"Grave agresi\u00f3n en escuela de La Boca: madre y abuela atacan al director con una birome\",\"datePublished\":\"2025-07-17T15:50:10+00:00\",\"dateModified\":\"2025-07-17T16:12:30+00:00\",\"mainEntityOfPage\":{\"@id\":\"https:\\\/\\\/webdelmaestrocmf.com\\\/portal\\\/grave-agresion-en-escuela-de-la-boca-madre-y-abuela-atacan-al-director-con-una-birome\\\/\"},\"wordCount\":591,\"commentCount\":0,\"publisher\":{\"@id\":\"https:\\\/\\\/webdelmaestrocmf.com\\\/portal\\\/#organization\"},\"image\":{\"@id\":\"https:\\\/\\\/webdelmaestrocmf.com\\\/portal\\\/grave-agresion-en-escuela-de-la-boca-madre-y-abuela-atacan-al-director-con-una-birome\\\/#primaryimage\"},\"thumbnailUrl\":\"https:\\\/\\\/webdelmaestrocmf.com\\\/portal\\\/wp-content\\\/uploads\\\/2025\\\/07\\\/1A-Banner-1-portada-imagen-10-1-copia-4.webp\",\"keywords\":[\"abuela\",\"agresi\u00f3n\",\"atacan\",\"DIRECTOR\",\"grave\",\"madre\"],\"articleSection\":[\"Noticias Internacionales\"],\"inLanguage\":\"es\",\"potentialAction\":[{\"@type\":\"CommentAction\",\"name\":\"Comment\",\"target\":[\"https:\\\/\\\/webdelmaestrocmf.com\\\/portal\\\/grave-agresion-en-escuela-de-la-boca-madre-y-abuela-atacan-al-director-con-una-birome\\\/#respond\"]}]},{\"@type\":\"WebPage\",\"@id\":\"https:\\\/\\\/webdelmaestrocmf.com\\\/portal\\\/grave-agresion-en-escuela-de-la-boca-madre-y-abuela-atacan-al-director-con-una-birome\\\/\",\"url\":\"https:\\\/\\\/webdelmaestrocmf.com\\\/portal\\\/grave-agresion-en-escuela-de-la-boca-madre-y-abuela-atacan-al-director-con-una-birome\\\/\",\"name\":\"Grave agresi\u00f3n en escuela de La Boca: madre y abuela atacan al director con una birome - 2026\",\"isPartOf\":{\"@id\":\"https:\\\/\\\/webdelmaestrocmf.com\\\/portal\\\/#website\"},\"primaryImageOfPage\":{\"@id\":\"https:\\\/\\\/webdelmaestrocmf.com\\\/portal\\\/grave-agresion-en-escuela-de-la-boca-madre-y-abuela-atacan-al-director-con-una-birome\\\/#primaryimage\"},\"image\":{\"@id\":\"https:\\\/\\\/webdelmaestrocmf.com\\\/portal\\\/grave-agresion-en-escuela-de-la-boca-madre-y-abuela-atacan-al-director-con-una-birome\\\/#primaryimage\"},\"thumbnailUrl\":\"https:\\\/\\\/webdelmaestrocmf.com\\\/portal\\\/wp-content\\\/uploads\\\/2025\\\/07\\\/1A-Banner-1-portada-imagen-10-1-copia-4.webp\",\"datePublished\":\"2025-07-17T15:50:10+00:00\",\"dateModified\":\"2025-07-17T16:12:30+00:00\",\"description\":\"Una alarmante situaci\u00f3n de violencia escolar se registr\u00f3 este martes en el barrio porte\u00f1o de La Boca, donde el director de la escuela...\",\"breadcrumb\":{\"@id\":\"https:\\\/\\\/webdelmaestrocmf.com\\\/portal\\\/grave-agresion-en-escuela-de-la-boca-madre-y-abuela-atacan-al-director-con-una-birome\\\/#breadcrumb\"},\"inLanguage\":\"es\",\"potentialAction\":[{\"@type\":\"ReadAction\",\"target\":[\"https:\\\/\\\/webdelmaestrocmf.com\\\/portal\\\/grave-agresion-en-escuela-de-la-boca-madre-y-abuela-atacan-al-director-con-una-birome\\\/\"]}]},{\"@type\":\"ImageObject\",\"inLanguage\":\"es\",\"@id\":\"https:\\\/\\\/webdelmaestrocmf.com\\\/portal\\\/grave-agresion-en-escuela-de-la-boca-madre-y-abuela-atacan-al-director-con-una-birome\\\/#primaryimage\",\"url\":\"https:\\\/\\\/webdelmaestrocmf.com\\\/portal\\\/wp-content\\\/uploads\\\/2025\\\/07\\\/1A-Banner-1-portada-imagen-10-1-copia-4.webp\",\"contentUrl\":\"https:\\\/\\\/webdelmaestrocmf.com\\\/portal\\\/wp-content\\\/uploads\\\/2025\\\/07\\\/1A-Banner-1-portada-imagen-10-1-copia-4.webp\",\"width\":1003,\"height\":667},{\"@type\":\"BreadcrumbList\",\"@id\":\"https:\\\/\\\/webdelmaestrocmf.com\\\/portal\\\/grave-agresion-en-escuela-de-la-boca-madre-y-abuela-atacan-al-director-con-una-birome\\\/#breadcrumb\",\"itemListElement\":[{\"@type\":\"ListItem\",\"position\":1,\"name\":\"Portada\",\"item\":\"https:\\\/\\\/webdelmaestrocmf.com\\\/portal\\\/\"},{\"@type\":\"ListItem\",\"position\":2,\"name\":\"Noticias Internacionales\",\"item\":\"https:\\\/\\\/webdelmaestrocmf.com\\\/portal\\\/category\\\/noticias-internacionales\\\/\"},{\"@type\":\"ListItem\",\"position\":3,\"name\":\"Grave agresi\u00f3n en escuela de La Boca: madre y abuela atacan al director con una birome\"}]},{\"@type\":\"WebSite\",\"@id\":\"https:\\\/\\\/webdelmaestrocmf.com\\\/portal\\\/#website\",\"url\":\"https:\\\/\\\/webdelmaestrocmf.com\\\/portal\\\/\",\"name\":\"Web del Maestro CMF\",\"description\":\"Maestros al servicio de la educaci\u00f3n\",\"publisher\":{\"@id\":\"https:\\\/\\\/webdelmaestrocmf.com\\\/portal\\\/#organization\"},\"alternateName\":\"WMCMF\",\"potentialAction\":[{\"@type\":\"SearchAction\",\"target\":{\"@type\":\"EntryPoint\",\"urlTemplate\":\"https:\\\/\\\/webdelmaestrocmf.com\\\/portal\\\/?s={search_term_string}\"},\"query-input\":{\"@type\":\"PropertyValueSpecification\",\"valueRequired\":true,\"valueName\":\"search_term_string\"}}],\"inLanguage\":\"es\"},{\"@type\":\"Organization\",\"@id\":\"https:\\\/\\\/webdelmaestrocmf.com\\\/portal\\\/#organization\",\"name\":\"Web del Maestro CMF\",\"alternateName\":\"WMCMF\",\"url\":\"https:\\\/\\\/webdelmaestrocmf.com\\\/portal\\\/\",\"logo\":{\"@type\":\"ImageObject\",\"inLanguage\":\"es\",\"@id\":\"https:\\\/\\\/webdelmaestrocmf.com\\\/portal\\\/#\\\/schema\\\/logo\\\/image\\\/\",\"url\":\"https:\\\/\\\/webdelmaestrocmf.com\\\/portal\\\/wp-content\\\/uploads\\\/2023\\\/01\\\/logo-wmcmf-2.png\",\"contentUrl\":\"https:\\\/\\\/webdelmaestrocmf.com\\\/portal\\\/wp-content\\\/uploads\\\/2023\\\/01\\\/logo-wmcmf-2.png\",\"width\":200,\"height\":60,\"caption\":\"Web del Maestro CMF\"},\"image\":{\"@id\":\"https:\\\/\\\/webdelmaestrocmf.com\\\/portal\\\/#\\\/schema\\\/logo\\\/image\\\/\"},\"sameAs\":[\"https:\\\/\\\/www.facebook.com\\\/WebdelMaestroCMF\\\/\",\"https:\\\/\\\/x.com\\\/cmf_w\",\"https:\\\/\\\/www.pinterest.com\\\/WMCMF\\\/\",\"https:\\\/\\\/www.linkedin.com\\\/company\\\/web-del-maestro-cmf\\\/\",\"https:\\\/\\\/www.instagram.com\\\/wmcmf\\\/\",\"https:\\\/\\\/www.youtube.com\\\/channel\\\/UCDPSvjbdodE5sHnC3OxutHw\",\"https:\\\/\\\/mastodon.social\\\/@wmcmf\",\"https:\\\/\\\/www.tiktok.com\\\/@webdelmaestrocmf\"]},{\"@type\":\"Person\",\"@id\":\"https:\\\/\\\/webdelmaestrocmf.com\\\/portal\\\/#\\\/schema\\\/person\\\/1072a2ed7bd960df8ef99a551fa35dc5\",\"name\":\"Web del Maestro CMF\",\"image\":{\"@type\":\"ImageObject\",\"inLanguage\":\"es\",\"@id\":\"https:\\\/\\\/secure.gravatar.com\\\/avatar\\\/23291dd5b5ae1077dcff3dbb04c3e02bd28403fa75af6d8787d5e97c5bbbe30b?s=96&d=mm&r=g\",\"url\":\"https:\\\/\\\/secure.gravatar.com\\\/avatar\\\/23291dd5b5ae1077dcff3dbb04c3e02bd28403fa75af6d8787d5e97c5bbbe30b?s=96&d=mm&r=g\",\"contentUrl\":\"https:\\\/\\\/secure.gravatar.com\\\/avatar\\\/23291dd5b5ae1077dcff3dbb04c3e02bd28403fa75af6d8787d5e97c5bbbe30b?s=96&d=mm&r=g\",\"caption\":\"Web del Maestro CMF\"},\"description\":\"Esta Web se cre\u00f3 sin fines de lucro, con fines educativos, cient\u00edficos y acad\u00e9micos, para personas que tengan dificultades y\\\/o inconvenientes en visualizar el material original. El objetivo es entregar recursos, compartir experiencias y materiales que ayuden a los padres de familia, maestros y estudiantes en su actualizaci\u00f3n y formaci\u00f3n permanente, en bien de la Educaci\u00f3n.\",\"sameAs\":[\"http:\\\/\\\/webdelmaestrocmf.com\\\/portal\",\"https:\\\/\\\/www.facebook.com\\\/WebdelMaestroCMF\\\/\",\"https:\\\/\\\/www.instagram.com\\\/wmcmf\\\/\",\"https:\\\/\\\/cl.linkedin.com\\\/company\\\/web-del-maestro-cmf\",\"https:\\\/\\\/www.pinterest.com\\\/WMCMF\\\/publicaciones\\\/\",\"https:\\\/\\\/x.com\\\/cmf_w\",\"https:\\\/\\\/www.youtube.com\\\/@WMCMF\"]}]}<\/script>\n<!-- \/ Yoast SEO plugin. -->","yoast_head_json":{"title":"Grave agresi\u00f3n en escuela de La Boca: madre y abuela atacan al director con una birome - 2026","description":"Una alarmante situaci\u00f3n de violencia escolar se registr\u00f3 este martes en el barrio porte\u00f1o de La Boca, donde el director de la escuela...","robots":{"index":"index","follow":"follow","max-snippet":"max-snippet:-1","max-image-preview":"max-image-preview:large","max-video-preview":"max-video-preview:-1"},"canonical":"https:\/\/webdelmaestrocmf.com\/portal\/grave-agresion-en-escuela-de-la-boca-madre-y-abuela-atacan-al-director-con-una-birome\/","og_locale":"es_ES","og_type":"article","og_title":"Grave agresi\u00f3n en escuela de La Boca: madre y abuela atacan al director con una birome - 2026","og_description":"Una alarmante situaci\u00f3n de violencia escolar se registr\u00f3 este martes en el barrio porte\u00f1o de La Boca, donde el director de la escuela...","og_url":"https:\/\/webdelmaestrocmf.com\/portal\/grave-agresion-en-escuela-de-la-boca-madre-y-abuela-atacan-al-director-con-una-birome\/","og_site_name":"Web del Maestro CMF","article_publisher":"https:\/\/www.facebook.com\/WebdelMaestroCMF\/","article_author":"https:\/\/www.facebook.com\/WebdelMaestroCMF\/","article_published_time":"2025-07-17T15:50:10+00:00","article_modified_time":"2025-07-17T16:12:30+00:00","og_image":[{"width":1003,"height":667,"url":"https:\/\/webdelmaestrocmf.com\/portal\/wp-content\/uploads\/2025\/07\/1A-Banner-1-portada-imagen-10-1-copia-4.webp","type":"image\/webp"}],"author":"Web del Maestro CMF","twitter_card":"summary_large_image","twitter_creator":"@cmf_w","twitter_site":"@cmf_w","schema":{"@context":"https:\/\/schema.org","@graph":[{"@type":"ScholarlyArticle","@id":"https:\/\/webdelmaestrocmf.com\/portal\/grave-agresion-en-escuela-de-la-boca-madre-y-abuela-atacan-al-director-con-una-birome\/#article","isPartOf":{"@id":"https:\/\/webdelmaestrocmf.com\/portal\/grave-agresion-en-escuela-de-la-boca-madre-y-abuela-atacan-al-director-con-una-birome\/"},"author":{"name":"Web del Maestro CMF","@id":"https:\/\/webdelmaestrocmf.com\/portal\/#\/schema\/person\/1072a2ed7bd960df8ef99a551fa35dc5"},"headline":"Grave agresi\u00f3n en escuela de La Boca: madre y abuela atacan al director con una birome","datePublished":"2025-07-17T15:50:10+00:00","dateModified":"2025-07-17T16:12:30+00:00","mainEntityOfPage":{"@id":"https:\/\/webdelmaestrocmf.com\/portal\/grave-agresion-en-escuela-de-la-boca-madre-y-abuela-atacan-al-director-con-una-birome\/"},"wordCount":591,"commentCount":0,"publisher":{"@id":"https:\/\/webdelmaestrocmf.com\/portal\/#organization"},"image":{"@id":"https:\/\/webdelmaestrocmf.com\/portal\/grave-agresion-en-escuela-de-la-boca-madre-y-abuela-atacan-al-director-con-una-birome\/#primaryimage"},"thumbnailUrl":"https:\/\/webdelmaestrocmf.com\/portal\/wp-content\/uploads\/2025\/07\/1A-Banner-1-portada-imagen-10-1-copia-4.webp","keywords":["abuela","agresi\u00f3n","atacan","DIRECTOR","grave","madre"],"articleSection":["Noticias Internacionales"],"inLanguage":"es","potentialAction":[{"@type":"CommentAction","name":"Comment","target":["https:\/\/webdelmaestrocmf.com\/portal\/grave-agresion-en-escuela-de-la-boca-madre-y-abuela-atacan-al-director-con-una-birome\/#respond"]}]},{"@type":"WebPage","@id":"https:\/\/webdelmaestrocmf.com\/portal\/grave-agresion-en-escuela-de-la-boca-madre-y-abuela-atacan-al-director-con-una-birome\/","url":"https:\/\/webdelmaestrocmf.com\/portal\/grave-agresion-en-escuela-de-la-boca-madre-y-abuela-atacan-al-director-con-una-birome\/","name":"Grave agresi\u00f3n en escuela de La Boca: madre y abuela atacan al director con una birome - 2026","isPartOf":{"@id":"https:\/\/webdelmaestrocmf.com\/portal\/#website"},"primaryImageOfPage":{"@id":"https:\/\/webdelmaestrocmf.com\/portal\/grave-agresion-en-escuela-de-la-boca-madre-y-abuela-atacan-al-director-con-una-birome\/#primaryimage"},"image":{"@id":"https:\/\/webdelmaestrocmf.com\/portal\/grave-agresion-en-escuela-de-la-boca-madre-y-abuela-atacan-al-director-con-una-birome\/#primaryimage"},"thumbnailUrl":"https:\/\/webdelmaestrocmf.com\/portal\/wp-content\/uploads\/2025\/07\/1A-Banner-1-portada-imagen-10-1-copia-4.webp","datePublished":"2025-07-17T15:50:10+00:00","dateModified":"2025-07-17T16:12:30+00:00","description":"Una alarmante situaci\u00f3n de violencia escolar se registr\u00f3 este martes en el barrio porte\u00f1o de La Boca, donde el director de la escuela...","breadcrumb":{"@id":"https:\/\/webdelmaestrocmf.com\/portal\/grave-agresion-en-escuela-de-la-boca-madre-y-abuela-atacan-al-director-con-una-birome\/#breadcrumb"},"inLanguage":"es","potentialAction":[{"@type":"ReadAction","target":["https:\/\/webdelmaestrocmf.com\/portal\/grave-agresion-en-escuela-de-la-boca-madre-y-abuela-atacan-al-director-con-una-birome\/"]}]},{"@type":"ImageObject","inLanguage":"es","@id":"https:\/\/webdelmaestrocmf.com\/portal\/grave-agresion-en-escuela-de-la-boca-madre-y-abuela-atacan-al-director-con-una-birome\/#primaryimage","url":"https:\/\/webdelmaestrocmf.com\/portal\/wp-content\/uploads\/2025\/07\/1A-Banner-1-portada-imagen-10-1-copia-4.webp","contentUrl":"https:\/\/webdelmaestrocmf.com\/portal\/wp-content\/uploads\/2025\/07\/1A-Banner-1-portada-imagen-10-1-copia-4.webp","width":1003,"height":667},{"@type":"BreadcrumbList","@id":"https:\/\/webdelmaestrocmf.com\/portal\/grave-agresion-en-escuela-de-la-boca-madre-y-abuela-atacan-al-director-con-una-birome\/#breadcrumb","itemListElement":[{"@type":"ListItem","position":1,"name":"Portada","item":"https:\/\/webdelmaestrocmf.com\/portal\/"},{"@type":"ListItem","position":2,"name":"Noticias Internacionales","item":"https:\/\/webdelmaestrocmf.com\/portal\/category\/noticias-internacionales\/"},{"@type":"ListItem","position":3,"name":"Grave agresi\u00f3n en escuela de La Boca: madre y abuela atacan al director con una birome"}]},{"@type":"WebSite","@id":"https:\/\/webdelmaestrocmf.com\/portal\/#website","url":"https:\/\/webdelmaestrocmf.com\/portal\/","name":"Web del Maestro CMF","description":"Maestros al servicio de la educaci\u00f3n","publisher":{"@id":"https:\/\/webdelmaestrocmf.com\/portal\/#organization"},"alternateName":"WMCMF","potentialAction":[{"@type":"SearchAction","target":{"@type":"EntryPoint","urlTemplate":"https:\/\/webdelmaestrocmf.com\/portal\/?s={search_term_string}"},"query-input":{"@type":"PropertyValueSpecification","valueRequired":true,"valueName":"search_term_string"}}],"inLanguage":"es"},{"@type":"Organization","@id":"https:\/\/webdelmaestrocmf.com\/portal\/#organization","name":"Web del Maestro CMF","alternateName":"WMCMF","url":"https:\/\/webdelmaestrocmf.com\/portal\/","logo":{"@type":"ImageObject","inLanguage":"es","@id":"https:\/\/webdelmaestrocmf.com\/portal\/#\/schema\/logo\/image\/","url":"https:\/\/webdelmaestrocmf.com\/portal\/wp-content\/uploads\/2023\/01\/logo-wmcmf-2.png","contentUrl":"https:\/\/webdelmaestrocmf.com\/portal\/wp-content\/uploads\/2023\/01\/logo-wmcmf-2.png","width":200,"height":60,"caption":"Web del Maestro CMF"},"image":{"@id":"https:\/\/webdelmaestrocmf.com\/portal\/#\/schema\/logo\/image\/"},"sameAs":["https:\/\/www.facebook.com\/WebdelMaestroCMF\/","https:\/\/x.com\/cmf_w","https:\/\/www.pinterest.com\/WMCMF\/","https:\/\/www.linkedin.com\/company\/web-del-maestro-cmf\/","https:\/\/www.instagram.com\/wmcmf\/","https:\/\/www.youtube.com\/channel\/UCDPSvjbdodE5sHnC3OxutHw","https:\/\/mastodon.social\/@wmcmf","https:\/\/www.tiktok.com\/@webdelmaestrocmf"]},{"@type":"Person","@id":"https:\/\/webdelmaestrocmf.com\/portal\/#\/schema\/person\/1072a2ed7bd960df8ef99a551fa35dc5","name":"Web del Maestro CMF","image":{"@type":"ImageObject","inLanguage":"es","@id":"https:\/\/secure.gravatar.com\/avatar\/23291dd5b5ae1077dcff3dbb04c3e02bd28403fa75af6d8787d5e97c5bbbe30b?s=96&d=mm&r=g","url":"https:\/\/secure.gravatar.com\/avatar\/23291dd5b5ae1077dcff3dbb04c3e02bd28403fa75af6d8787d5e97c5bbbe30b?s=96&d=mm&r=g","contentUrl":"https:\/\/secure.gravatar.com\/avatar\/23291dd5b5ae1077dcff3dbb04c3e02bd28403fa75af6d8787d5e97c5bbbe30b?s=96&d=mm&r=g","caption":"Web del Maestro CMF"},"description":"Esta Web se cre\u00f3 sin fines de lucro, con fines educativos, cient\u00edficos y acad\u00e9micos, para personas que tengan dificultades y\/o inconvenientes en visualizar el material original. El objetivo es entregar recursos, compartir experiencias y materiales que ayuden a los padres de familia, maestros y estudiantes en su actualizaci\u00f3n y formaci\u00f3n permanente, en bien de la Educaci\u00f3n.","sameAs":["http:\/\/webdelmaestrocmf.com\/portal","https:\/\/www.facebook.com\/WebdelMaestroCMF\/","https:\/\/www.instagram.com\/wmcmf\/","https:\/\/cl.linkedin.com\/company\/web-del-maestro-cmf","https:\/\/www.pinterest.com\/WMCMF\/publicaciones\/","https:\/\/x.com\/cmf_w","https:\/\/www.youtube.com\/@WMCMF"]}]}},"jetpack_featured_media_url":"https:\/\/webdelmaestrocmf.com\/portal\/wp-content\/uploads\/2025\/07\/1A-Banner-1-portada-imagen-10-1-copia-4.webp","jetpack_sharing_enabled":true,"jetpack-related-posts":[{"id":111367,"url":"https:\/\/webdelmaestrocmf.com\/portal\/padres-agresores-cuando-se-rompe-la-alianza-entre-la-escuela-y-la-familia\/","url_meta":{"origin":111288,"position":0},"title":"Padres agresores: cuando se rompe la alianza entre la escuela y la familia","author":"Web del Maestro CMF","date":"20 julio, 2025","format":false,"excerpt":"La ruptura entre escuela y familia deja a docentes expuestos, erosiona la autoridad educativa y agrava la violencia institucional cotidiana.","rel":"","context":"En \u00abNoticias Internacionales\u00bb","block_context":{"text":"Noticias Internacionales","link":"https:\/\/webdelmaestrocmf.com\/portal\/category\/noticias-internacionales\/"},"img":{"alt_text":"","src":"https:\/\/i0.wp.com\/webdelmaestrocmf.com\/portal\/wp-content\/uploads\/2025\/07\/1A-Banner-1-portada-imagen-10-1-copia-67.webp?resize=350%2C200&ssl=1","width":350,"height":200,"srcset":"https:\/\/i0.wp.com\/webdelmaestrocmf.com\/portal\/wp-content\/uploads\/2025\/07\/1A-Banner-1-portada-imagen-10-1-copia-67.webp?resize=350%2C200&ssl=1 1x, https:\/\/i0.wp.com\/webdelmaestrocmf.com\/portal\/wp-content\/uploads\/2025\/07\/1A-Banner-1-portada-imagen-10-1-copia-67.webp?resize=525%2C300&ssl=1 1.5x, https:\/\/i0.wp.com\/webdelmaestrocmf.com\/portal\/wp-content\/uploads\/2025\/07\/1A-Banner-1-portada-imagen-10-1-copia-67.webp?resize=700%2C400&ssl=1 2x"},"classes":[]},{"id":108793,"url":"https:\/\/webdelmaestrocmf.com\/portal\/violenta-agresion-en-una-escuela-de-neuquen-una-madre-y-su-hija-desfiguraron-a-golpes-a-la-directora\/","url_meta":{"origin":111288,"position":1},"title":"Violenta agresi\u00f3n en una escuela de Neuqu\u00e9n: una madre y su hija desfiguraron a golpes a la directora","author":"Web del Maestro CMF","date":"25 abril, 2025","format":false,"excerpt":"Directora brutalmente golpeada por madre y hermana de alumna tras un simple llamado de atenci\u00f3n. Violencia premeditada, descontrolada e injustificable. La escuela deja de ser segura: ense\u00f1ar hoy implica exponerse al miedo.","rel":"","context":"En \u00abNoticias Internacionales\u00bb","block_context":{"text":"Noticias Internacionales","link":"https:\/\/webdelmaestrocmf.com\/portal\/category\/noticias-internacionales\/"},"img":{"alt_text":"","src":"https:\/\/i0.wp.com\/webdelmaestrocmf.com\/portal\/wp-content\/uploads\/2025\/04\/1A-Banner-1-portada-imagen-10-1-copia-13.webp?resize=350%2C200&ssl=1","width":350,"height":200,"srcset":"https:\/\/i0.wp.com\/webdelmaestrocmf.com\/portal\/wp-content\/uploads\/2025\/04\/1A-Banner-1-portada-imagen-10-1-copia-13.webp?resize=350%2C200&ssl=1 1x, https:\/\/i0.wp.com\/webdelmaestrocmf.com\/portal\/wp-content\/uploads\/2025\/04\/1A-Banner-1-portada-imagen-10-1-copia-13.webp?resize=525%2C300&ssl=1 1.5x, https:\/\/i0.wp.com\/webdelmaestrocmf.com\/portal\/wp-content\/uploads\/2025\/04\/1A-Banner-1-portada-imagen-10-1-copia-13.webp?resize=700%2C400&ssl=1 2x"},"classes":[]},{"id":89730,"url":"https:\/\/webdelmaestrocmf.com\/portal\/madre-de-familia-ataca-a-golpes-a-director-de-colegio\/","url_meta":{"origin":111288,"position":2},"title":"Director de colegio agredido por madre violenta","author":"Web del Maestro CMF","date":"1 junio, 2023","format":false,"excerpt":"El 26 de mayo, Erick Chevez, director del Colegio Diurno de Lim\u00f3n, fue brutalmente agredido por una madre de familia, seg\u00fan informes. El incidente fue captado por una c\u00e1mara de seguridad ubicada en la oficina del educador, mostrando el comportamiento violento de la mujer hacia Chevez. Seg\u00fan el director, este\u2026","rel":"","context":"En \u00abNoticias\u00bb","block_context":{"text":"Noticias","link":"https:\/\/webdelmaestrocmf.com\/portal\/category\/pedagogia\/noticias-pedagogia\/"},"img":{"alt_text":"","src":"https:\/\/i0.wp.com\/webdelmaestrocmf.com\/portal\/wp-content\/uploads\/2023\/06\/A12B3C4D-2023-06-01T184236.936.jpg?resize=350%2C200&ssl=1","width":350,"height":200,"srcset":"https:\/\/i0.wp.com\/webdelmaestrocmf.com\/portal\/wp-content\/uploads\/2023\/06\/A12B3C4D-2023-06-01T184236.936.jpg?resize=350%2C200&ssl=1 1x, https:\/\/i0.wp.com\/webdelmaestrocmf.com\/portal\/wp-content\/uploads\/2023\/06\/A12B3C4D-2023-06-01T184236.936.jpg?resize=525%2C300&ssl=1 1.5x, https:\/\/i0.wp.com\/webdelmaestrocmf.com\/portal\/wp-content\/uploads\/2023\/06\/A12B3C4D-2023-06-01T184236.936.jpg?resize=700%2C400&ssl=1 2x"},"classes":[]},{"id":108797,"url":"https:\/\/webdelmaestrocmf.com\/portal\/caos-en-escuela-en-gales-director-golpeo-con-una-llave-inglesa-a-su-rival-por-amorio-con-profesora\/","url_meta":{"origin":111288,"position":3},"title":"Caos en escuela en Gales: director golpe\u00f3 con una llave inglesa a su \u00abrival\u00bb por amor\u00edo con profesora","author":"Web del Maestro CMF","date":"25 abril, 2025","format":false,"excerpt":"Anthony John Felton, quien hasta marzo de 2025 ocupaba el cargo de director en la escuela cat\u00f3lica St. Joseph\u2019s Roman Catholic Primary School en Port Talbot, Gales, se encuentra actualmente en prisi\u00f3n tras ser acusado de agredir gravemente a un profesor del mismo establecimiento. De acuerdo con los antecedentes del\u2026","rel":"","context":"En \u00abNoticias Internacionales\u00bb","block_context":{"text":"Noticias Internacionales","link":"https:\/\/webdelmaestrocmf.com\/portal\/category\/noticias-internacionales\/"},"img":{"alt_text":"","src":"https:\/\/i0.wp.com\/webdelmaestrocmf.com\/portal\/wp-content\/uploads\/2025\/04\/1A-Banner-1-portada-imagen-10-1-16.jpg?resize=350%2C200&ssl=1","width":350,"height":200,"srcset":"https:\/\/i0.wp.com\/webdelmaestrocmf.com\/portal\/wp-content\/uploads\/2025\/04\/1A-Banner-1-portada-imagen-10-1-16.jpg?resize=350%2C200&ssl=1 1x, https:\/\/i0.wp.com\/webdelmaestrocmf.com\/portal\/wp-content\/uploads\/2025\/04\/1A-Banner-1-portada-imagen-10-1-16.jpg?resize=525%2C300&ssl=1 1.5x, https:\/\/i0.wp.com\/webdelmaestrocmf.com\/portal\/wp-content\/uploads\/2025\/04\/1A-Banner-1-portada-imagen-10-1-16.jpg?resize=700%2C400&ssl=1 2x"},"classes":[]},{"id":110988,"url":"https:\/\/webdelmaestrocmf.com\/portal\/docente-hospitalizada-tras-brutal-agresion-en-aula-crece-la-preocupacion-por-la-seguridad-del-profesorado-en-mexico\/","url_meta":{"origin":111288,"position":4},"title":"Docente hospitalizada tras brutal agresi\u00f3n de madre de familia en el aula: crece la preocupaci\u00f3n por la seguridad del profesorado en M\u00e9xico","author":"Web del Maestro CMF","date":"1 octubre, 2025","format":false,"excerpt":"El ataque ocurri\u00f3 frente a alumnos de tercer grado en Las Choapas, Veracruz. No es un hecho aislado: se suman nuevos casos de violencia escolar sin respuesta clara de las autoridades.","rel":"","context":"En \u00abNoticias Internacionales\u00bb","block_context":{"text":"Noticias Internacionales","link":"https:\/\/webdelmaestrocmf.com\/portal\/category\/noticias-internacionales\/"},"img":{"alt_text":"","src":"https:\/\/i0.wp.com\/webdelmaestrocmf.com\/portal\/wp-content\/uploads\/2025\/10\/1A-Banner-1-portada-imagen-10-1-copia-7-1.webp?resize=350%2C200&ssl=1","width":350,"height":200,"srcset":"https:\/\/i0.wp.com\/webdelmaestrocmf.com\/portal\/wp-content\/uploads\/2025\/10\/1A-Banner-1-portada-imagen-10-1-copia-7-1.webp?resize=350%2C200&ssl=1 1x, https:\/\/i0.wp.com\/webdelmaestrocmf.com\/portal\/wp-content\/uploads\/2025\/10\/1A-Banner-1-portada-imagen-10-1-copia-7-1.webp?resize=525%2C300&ssl=1 1.5x, https:\/\/i0.wp.com\/webdelmaestrocmf.com\/portal\/wp-content\/uploads\/2025\/10\/1A-Banner-1-portada-imagen-10-1-copia-7-1.webp?resize=700%2C400&ssl=1 2x"},"classes":[]},{"id":113799,"url":"https:\/\/webdelmaestrocmf.com\/portal\/mujer-irrumpe-en-un-colegio-y-ataca-a-varias-docentes-arrojandoles-agua-hirviendo\/","url_meta":{"origin":111288,"position":5},"title":"Mujer irrumpe en un colegio y ataca a varias docentes arroj\u00e1ndoles agua hirviendo: La agresora ingres\u00f3 para exigir respuestas al director","author":"Web del Maestro CMF","date":"4 diciembre, 2025","format":false,"excerpt":"La agresora ingres\u00f3 para exigir respuestas al director, fue detenida y enfrenta cargos tras causar quemaduras y un fuerte impacto emocional en el personal escolar.","rel":"","context":"En \u00abNoticias Internacionales\u00bb","block_context":{"text":"Noticias Internacionales","link":"https:\/\/webdelmaestrocmf.com\/portal\/category\/noticias-internacionales\/"},"img":{"alt_text":"","src":"https:\/\/i0.wp.com\/webdelmaestrocmf.com\/portal\/wp-content\/uploads\/2025\/12\/1A-Banner-1-portada-imagen-10-1-copia-3.webp?resize=350%2C200&ssl=1","width":350,"height":200,"srcset":"https:\/\/i0.wp.com\/webdelmaestrocmf.com\/portal\/wp-content\/uploads\/2025\/12\/1A-Banner-1-portada-imagen-10-1-copia-3.webp?resize=350%2C200&ssl=1 1x, https:\/\/i0.wp.com\/webdelmaestrocmf.com\/portal\/wp-content\/uploads\/2025\/12\/1A-Banner-1-portada-imagen-10-1-copia-3.webp?resize=525%2C300&ssl=1 1.5x, https:\/\/i0.wp.com\/webdelmaestrocmf.com\/portal\/wp-content\/uploads\/2025\/12\/1A-Banner-1-portada-imagen-10-1-copia-3.webp?resize=700%2C400&ssl=1 2x"},"classes":[]}],"_links":{"self":[{"href":"https:\/\/webdelmaestrocmf.com\/portal\/wp-json\/wp\/v2\/posts\/111288","targetHints":{"allow":["GET"]}}],"collection":[{"href":"https:\/\/webdelmaestrocmf.com\/portal\/wp-json\/wp\/v2\/posts"}],"about":[{"href":"https:\/\/webdelmaestrocmf.com\/portal\/wp-json\/wp\/v2\/types\/post"}],"author":[{"embeddable":true,"href":"https:\/\/webdelmaestrocmf.com\/portal\/wp-json\/wp\/v2\/users\/1"}],"replies":[{"embeddable":true,"href":"https:\/\/webdelmaestrocmf.com\/portal\/wp-json\/wp\/v2\/comments?post=111288"}],"version-history":[{"count":3,"href":"https:\/\/webdelmaestrocmf.com\/portal\/wp-json\/wp\/v2\/posts\/111288\/revisions"}],"predecessor-version":[{"id":111293,"href":"https:\/\/webdelmaestrocmf.com\/portal\/wp-json\/wp\/v2\/posts\/111288\/revisions\/111293"}],"wp:featuredmedia":[{"embeddable":true,"href":"https:\/\/webdelmaestrocmf.com\/portal\/wp-json\/wp\/v2\/media\/111290"}],"wp:attachment":[{"href":"https:\/\/webdelmaestrocmf.com\/portal\/wp-json\/wp\/v2\/media?parent=111288"}],"wp:term":[{"taxonomy":"category","embeddable":true,"href":"https:\/\/webdelmaestrocmf.com\/portal\/wp-json\/wp\/v2\/categories?post=111288"},{"taxonomy":"post_tag","embeddable":true,"href":"https:\/\/webdelmaestrocmf.com\/portal\/wp-json\/wp\/v2\/tags?post=111288"}],"curies":[{"name":"wp","href":"https:\/\/api.w.org\/{rel}","templated":true}]}}