{"id":111232,"date":"2025-07-15T12:57:13","date_gmt":"2025-07-15T16:57:13","guid":{"rendered":"https:\/\/webdelmaestrocmf.com\/portal\/?p=111232"},"modified":"2025-07-15T13:21:25","modified_gmt":"2025-07-15T17:21:25","slug":"edubook-inteligencia-artificial-generativa-enfoques-practicos-para-docentes","status":"publish","type":"post","link":"https:\/\/webdelmaestrocmf.com\/portal\/edubook-inteligencia-artificial-generativa-enfoques-practicos-para-docentes\/","title":{"rendered":"EduBooK: Inteligencia Artificial Generativa \u2013 Enfoques pr\u00e1cticos para docentes"},"content":{"rendered":"\n<p>El documento titulado <em>\u201cEDU BOOK: Inteligencia Artificial Generativa \u2013 Enfoques pr\u00e1cticos para docentes\u201d<\/em> ha sido desarrollado por el <strong>Observatorio del Instituto para el Futuro de la Educaci\u00f3n<\/strong> del <strong>Tecnol\u00f3gico de Monterrey<\/strong>. Se publica bajo la <strong>licencia Creative Commons CC BY-NC-SA 4.0<\/strong>, lo que permite su descarga, distribuci\u00f3n y adaptaci\u00f3n para fines educativos, siempre que se d\u00e9 cr\u00e9dito, no se utilice con fines comerciales y se comparta bajo la misma licencia.<\/p>\n\n\n\n<p>Este recurso representa una herramienta pedag\u00f3gica de gran valor, especialmente en un contexto en el que la inteligencia artificial (IA) est\u00e1 transformando los procesos de ense\u00f1anza y aprendizaje a nivel mundial. A diferencia de muchos documentos te\u00f3ricos o especulativos, este Edu Book se enfoca en ofrecer <strong>aplicaciones pr\u00e1cticas, experiencias reales y herramientas concretas<\/strong> para la docencia en diferentes niveles educativos. Por esta raz\u00f3n, es altamente recomendable que los docentes lo lean y lo conserven como material de consulta permanente.<\/p>\n\n\n\n<h3 class=\"wp-block-heading\"><strong>Un enfoque pr\u00e1ctico y realista para el uso de la IA en educaci\u00f3n<\/strong><\/h3>\n\n\n\n<p>A partir del lanzamiento p\u00fablico de ChatGPT en noviembre de 2022, el uso de herramientas de inteligencia artificial generativa se ha expandido r\u00e1pidamente en entornos escolares y universitarios. En respuesta a este fen\u00f3meno, el Observatorio IFE reuni\u00f3 a expertos y docentes en activo para documentar c\u00f3mo la IA puede ser integrada de forma responsable y \u00fatil en el aula. El resultado es un documento que busca <strong>apoyar el trabajo docente<\/strong> con estrategias claras, ejemplos concretos y una visi\u00f3n cr\u00edtica del impacto de estas tecnolog\u00edas.<\/p>\n\n\n\n<p>A continuaci\u00f3n, se destacan algunos de los principales aportes del documento:<\/p>\n\n\n\n<h3 class=\"wp-block-heading\"><strong>Cinco claves para integrar la IA en el aula<\/strong><\/h3>\n\n\n\n<p>El texto de Aurora Mar\u00eda Tovar Mart\u00ednez ofrece un marco pedag\u00f3gico s\u00f3lido para quienes desean comenzar a incorporar IA en sus clases. Se destaca la importancia de mantener siempre el rol activo del docente, fomentar el pensamiento cr\u00edtico, equilibrar la creatividad humana con las posibilidades t\u00e9cnicas y establecer l\u00edmites claros en el uso de estas herramientas. Tovar tambi\u00e9n aborda el impacto emocional de la IA en el aula y propone actividades que conectan la tecnolog\u00eda con el bienestar estudiantil.<\/p>\n\n\n\n<h3 class=\"wp-block-heading\"><strong>Herramientas multifuncionales para aumentar la productividad docente<\/strong><\/h3>\n\n\n\n<p>Uno de los apartados m\u00e1s \u00fatiles del documento es el que desarrolla Melissa Guerra J\u00e1uregui, quien presenta una selecci\u00f3n de plataformas de IA dise\u00f1adas espec\u00edficamente para apoyar la labor del profesorado. Algunas de estas herramientas, como Eduaide, Learnt.ai, To Teach y Twee, permiten generar planeaciones, actividades, r\u00fabricas, ejercicios y materiales de clase en pocos minutos. Se analizan sus ventajas, limitaciones, niveles de acceso gratuito y opciones de personalizaci\u00f3n. Este segmento es especialmente valioso para docentes que buscan <strong>optimizar su tiempo sin sacrificar la calidad de su ense\u00f1anza<\/strong>.<\/p>\n\n\n\n<h3 class=\"wp-block-heading\"><strong>ChatGPT como apoyo en proyectos de investigaci\u00f3n escolar<\/strong><\/h3>\n\n\n\n<p>La profesora Mar\u00eda Eugenia Walss Aurioles documenta una experiencia pedag\u00f3gica concreta en la que emple\u00f3 ChatGPT como fuente preliminar de consulta en actividades de investigaci\u00f3n dirigidas. Su texto aclara c\u00f3mo usar esta herramienta sin perder el rigor acad\u00e9mico, y c\u00f3mo formar a los estudiantes en el uso \u00e9tico y cr\u00edtico de la IA. Esta secci\u00f3n resulta de especial inter\u00e9s para quienes trabajan con metodolog\u00edas activas, aprendizaje basado en proyectos o competencias cient\u00edficas.<\/p>\n\n\n\n<h3 class=\"wp-block-heading\"><strong>Inteligencia artificial y ense\u00f1anza de las matem\u00e1ticas<\/strong><\/h3>\n\n\n\n<p>Jos\u00e9 Javier Salas relata su experiencia al utilizar la herramienta BearlyAI en clases de matem\u00e1ticas. Lo interesante de este cap\u00edtulo es que no solo se reconocen los aciertos de la herramienta, sino tambi\u00e9n sus errores. A partir de esas fallas, el autor construye reflexiones sobre <strong>el nuevo rol del docente<\/strong>, no como transmisor de respuestas, sino como gu\u00eda que ense\u00f1a a cuestionar, validar y mejorar las propuestas generadas por la IA. Es una lectura \u00fatil para quienes deseen explorar c\u00f3mo la IA puede ser una aliada en materias t\u00e9cnicas o exactas.<\/p>\n\n\n\n<h3 class=\"wp-block-heading\"><strong>Una invitaci\u00f3n a la reflexi\u00f3n \u00e9tica y ambiental<\/strong><\/h3>\n\n\n\n<p>El Edu Book no solo promueve el uso de herramientas digitales, sino que tambi\u00e9n dedica espacios a discutir sus <strong>implicancias \u00e9ticas, sociales y ambientales<\/strong>. Se hace un llamado a promover una ciudadan\u00eda digital cr\u00edtica y responsable, y se proponen actividades interdisciplinarias para abordar, desde la escuela, temas como el consumo energ\u00e9tico de los modelos de IA, la equidad tecnol\u00f3gica y el uso de datos sensibles.<\/p>\n\n\n\n<h3 class=\"wp-block-heading\"><strong>Una gu\u00eda que el docente puede adaptar, usar y compartir<\/strong><\/h3>\n\n\n\n<p>Uno de los grandes m\u00e9ritos del documento es su <strong>licencia abierta (CC BY-NC-SA 4.0)<\/strong>, que permite su utilizaci\u00f3n libre en contextos educativos. Esto significa que puede ser distribuido, adaptado y reutilizado siempre que se mantenga el mismo esp\u00edritu de colaboraci\u00f3n y acceso equitativo. En tiempos donde muchos materiales son inaccesibles o cerrados, este enfoque abierto resulta coherente con una visi\u00f3n inclusiva de la educaci\u00f3n y del desarrollo docente.<\/p>\n\n\n\n<h3 class=\"wp-block-heading\"><strong>Conclusi\u00f3n<\/strong><\/h3>\n\n\n\n<p><em>EDU BOOK: Inteligencia Artificial Generativa \u2013 Enfoques pr\u00e1cticos para docentes<\/em> no es un manual t\u00e9cnico ni un curso cerrado. Es un recurso pedag\u00f3gico flexible, escrito por docentes para docentes, que reconoce la complejidad del trabajo en el aula y ofrece respuestas realistas, sin promesas exageradas ni soluciones m\u00e1gicas.<\/p>\n\n\n\n<p>Su lectura no solo enriquece la pr\u00e1ctica profesional, sino que tambi\u00e9n ayuda a tomar decisiones m\u00e1s informadas frente al creciente uso de herramientas de IA en la educaci\u00f3n. Conservar este documento y volver a \u00e9l cuando se necesiten ideas, inspiraci\u00f3n o apoyo t\u00e9cnico puede marcar una diferencia importante en la calidad del trabajo educativo.<\/p>\n\n\n\n<iframe loading=\"lazy\" src=\"https:\/\/drive.google.com\/file\/d\/1MT9Nnkc3ORneP9bEIENpPxu8zBeCXIoT\/preview\" width=\"100%\" height=\"480\" allow=\"autoplay\"><\/iframe>\n\n\n\n<p class=\"has-text-align-right\"><strong>Redacci\u00f3n | Web del Maestro CMF<\/strong><\/p>\n\n\n\n<p class=\"has-text-align-center\">DESCARGA EL PDF: EDUBOOK: <a href=\"https:\/\/drive.google.com\/file\/d\/1MT9Nnkc3ORneP9bEIENpPxu8zBeCXIoT\/view?usp=sharing\" target=\"_blank\" rel=\"noreferrer noopener\">INTELIGENCIA ARTIFICIAL GENERATIVA \u2013 ENFOQUES PR\u00c1CTICOS PARA DOCENTES<\/a> <\/p>\n\n\n\t\t<div class=\"pk-inline-posts\">\n\t\t\t\n\t\t\t<div class=\"pk-inline-posts-container pk-inline-posts-template-list\"\n\t\t\t\tdata-columns=\"1\">\n\t\t\t\t\t\t<article id=\"post-118365\" class=\"post-118365 post type-post status-publish format-standard has-post-thumbnail category-descarga category-pedagogia category-secuencia-didactica tag-aprendizaje tag-aula tag-creatividad tag-dia-del-nino tag-docentes tag-educacion tag-educacion-emocional tag-planificacion tag-secuencia-didactica cs-entry cs-video-wrap\">\n\t\t\t<div class=\"pk-post-outer\">\n\n\t\t\t\t\t\t\t\t<div class=\"pk-post-inner\">\n\t\t\t\t\t<div class=\"entry-thumbnail\">\n\t\t\t\t\t\t<div class=\"pk-overlay pk-overlay-ratio pk-ratio-landscape\">\n\t\t\t\t\t\t\t<div class=\"pk-overlay-background\">\n\t\t\t\t\t\t\t\t<a href=\"https:\/\/webdelmaestrocmf.com\/portal\/descarga-la-secuencia-de-aprendizaje-semana-loca-del-dia-del-nino-para-desarrollar-creatividad-emociones-e-identidad-en-el-aula\/\" class=\"pk-overlay-link\">\n\t\t\t\t\t\t\t\t\t<img loading=\"lazy\" decoding=\"async\" width=\"300\" height=\"225\" src=\"https:\/\/webdelmaestrocmf.com\/portal\/wp-content\/uploads\/2026\/04\/1AA-Banner-1-portada-imagen-10-1-copia-37-300x225.webp\" class=\"attachment-pk-thumbnail size-pk-thumbnail wp-post-image\" alt=\"\" \/>\t\t\t\t\t\t\t\t<\/a>\n\t\t\t\t\t\t\t<\/div>\n\t\t\t\t\t\t<\/div>\n\t\t\t\t\t<\/div>\n\t\t\t\t<\/div>\n\t\t\t\t\n\t\t\t\t<div class=\"pk-post-inner\">\n\t\t\t\t\t<header>\n\t\t\t\t\t\t<h3 class=\"pk-title\"><a href=\"https:\/\/webdelmaestrocmf.com\/portal\/descarga-la-secuencia-de-aprendizaje-semana-loca-del-dia-del-nino-para-desarrollar-creatividad-emociones-e-identidad-en-el-aula\/\" rel=\"bookmark\">Descarga la Secuencia de aprendizaje: \u00abSemana loca del D\u00eda del Ni\u00f1o\u00bb para desarrollar creatividad, emociones e identidad en el aula<\/a><\/h3>\t\t\t\t\t<\/header><!-- .entry-header -->\n\t\t\t\t<\/div><!-- .post-inner -->\n\n\t\t\t<\/div><!-- .post-outer -->\n\t\t<\/article>\n\t\t\t<article id=\"post-118355\" class=\"post-118355 post type-post status-publish format-standard has-post-thumbnail category-descarga category-ninos category-pedagogia tag-aprendizaje tag-comprension-lectora tag-dia-del-nino tag-docentes tag-educacion tag-infancia tag-lectura-infantil tag-pensamiento-critico tag-recursos-educativos cs-entry cs-video-wrap\">\n\t\t\t<div class=\"pk-post-outer\">\n\n\t\t\t\t\t\t\t\t<div class=\"pk-post-inner\">\n\t\t\t\t\t<div class=\"entry-thumbnail\">\n\t\t\t\t\t\t<div class=\"pk-overlay pk-overlay-ratio pk-ratio-landscape\">\n\t\t\t\t\t\t\t<div class=\"pk-overlay-background\">\n\t\t\t\t\t\t\t\t<a href=\"https:\/\/webdelmaestrocmf.com\/portal\/dia-del-nino-aprende-reflexiona-y-fortalece-la-comprension-lectora-descarga-el-cuadernillo-listo-para-usar\/\" class=\"pk-overlay-link\">\n\t\t\t\t\t\t\t\t\t<img loading=\"lazy\" decoding=\"async\" width=\"300\" height=\"225\" src=\"https:\/\/webdelmaestrocmf.com\/portal\/wp-content\/uploads\/2026\/04\/1AA-Banner-1-portada-imagen-10-1-copia-35-300x225.webp\" class=\"attachment-pk-thumbnail size-pk-thumbnail wp-post-image\" alt=\"\" \/>\t\t\t\t\t\t\t\t<\/a>\n\t\t\t\t\t\t\t<\/div>\n\t\t\t\t\t\t<\/div>\n\t\t\t\t\t<\/div>\n\t\t\t\t<\/div>\n\t\t\t\t\n\t\t\t\t<div class=\"pk-post-inner\">\n\t\t\t\t\t<header>\n\t\t\t\t\t\t<h3 class=\"pk-title\"><a href=\"https:\/\/webdelmaestrocmf.com\/portal\/dia-del-nino-aprende-reflexiona-y-fortalece-la-comprension-lectora-descarga-el-cuadernillo-listo-para-usar\/\" rel=\"bookmark\">D\u00eda del Ni\u00f1o: aprende, reflexiona y fortalece la comprensi\u00f3n lectora | Descarga el cuadernillo sobre el \u00abD\u00eda del ni\u00f1o\u00bb listo para usar<\/a><\/h3>\t\t\t\t\t<\/header><!-- .entry-header -->\n\t\t\t\t<\/div><!-- .post-inner -->\n\n\t\t\t<\/div><!-- .post-outer -->\n\t\t<\/article>\n\t\t\t<article id=\"post-20592\" class=\"post-20592 post type-post status-publish format-standard has-post-thumbnail category-descarga category-descargas-manuales-pdf category-estres category-pedagogia tag-docentes tag-educadores tag-guia tag-mindfulness tag-practica cs-entry cs-video-wrap\">\n\t\t\t<div class=\"pk-post-outer\">\n\n\t\t\t\t\t\t\t\t<div class=\"pk-post-inner\">\n\t\t\t\t\t<div class=\"entry-thumbnail\">\n\t\t\t\t\t\t<div class=\"pk-overlay pk-overlay-ratio pk-ratio-landscape\">\n\t\t\t\t\t\t\t<div class=\"pk-overlay-background\">\n\t\t\t\t\t\t\t\t<a href=\"https:\/\/webdelmaestrocmf.com\/portal\/mindfulness-guia-practica-docentes-educadores\/\" class=\"pk-overlay-link\">\n\t\t\t\t\t\t\t\t\t<img loading=\"lazy\" decoding=\"async\" width=\"300\" height=\"225\" src=\"https:\/\/webdelmaestrocmf.com\/portal\/wp-content\/uploads\/2020\/03\/1AA-Banner-1-portada-imagen-10-1-copia-4-300x225.webp\" class=\"attachment-pk-thumbnail size-pk-thumbnail wp-post-image\" alt=\"\" \/>\t\t\t\t\t\t\t\t<\/a>\n\t\t\t\t\t\t\t<\/div>\n\t\t\t\t\t\t<\/div>\n\t\t\t\t\t<\/div>\n\t\t\t\t<\/div>\n\t\t\t\t\n\t\t\t\t<div class=\"pk-post-inner\">\n\t\t\t\t\t<header>\n\t\t\t\t\t\t<h3 class=\"pk-title\"><a href=\"https:\/\/webdelmaestrocmf.com\/portal\/mindfulness-guia-practica-docentes-educadores\/\" rel=\"bookmark\">Mindfulness: Gu\u00eda pr\u00e1ctica para docentes y educadores<\/a><\/h3>\t\t\t\t\t<\/header><!-- .entry-header -->\n\t\t\t\t<\/div><!-- .post-inner -->\n\n\t\t\t<\/div><!-- .post-outer -->\n\t\t<\/article>\n\t\t\t\t<\/div>\n\t\t<\/div>\n\t\t\n","protected":false},"excerpt":{"rendered":"El EDUBOOK ofrece herramientas concretas, ejemplos reales y reflexiones","protected":false},"author":1,"featured_media":111233,"comment_status":"open","ping_status":"closed","sticky":false,"template":"","format":"standard","meta":{"csco_display_header_overlay":false,"csco_singular_sidebar":"","csco_page_header_type":"","csco_page_load_nextpost":"","csco_post_video_location":[],"csco_post_video_location_hash":"","csco_post_video_url":"","csco_post_video_bg_start_time":0,"csco_post_video_bg_end_time":0,"csco_post_video_bg_volume":false,"_jetpack_memberships_contains_paid_content":false,"footnotes":""},"categories":[23408],"tags":[58,23967],"class_list":{"0":"post-111232","1":"post","2":"type-post","3":"status-publish","4":"format-standard","5":"has-post-thumbnail","7":"category-descarga","8":"tag-docentes","9":"tag-edubook","10":"cs-entry","11":"cs-video-wrap"},"yoast_head":"<!-- This site is optimized with the Yoast SEO plugin v27.5 - https:\/\/yoast.com\/product\/yoast-seo-wordpress\/ -->\n<title>EduBooK: Inteligencia Artificial Generativa \u2013 Enfoques pr\u00e1cticos para docentes - 2026<\/title>\n<meta name=\"description\" content=\"Comunidad de Maestros, Docentes y Profesores, en donde encontrar\u00e1s material, informaci\u00f3n y noticias del \u00e1mbito nacional y mundial.\" \/>\n<meta name=\"robots\" content=\"index, follow, max-snippet:-1, max-image-preview:large, max-video-preview:-1\" \/>\n<link rel=\"canonical\" href=\"https:\/\/webdelmaestrocmf.com\/portal\/edubook-inteligencia-artificial-generativa-enfoques-practicos-para-docentes\/\" \/>\n<meta property=\"og:locale\" content=\"es_ES\" \/>\n<meta property=\"og:type\" content=\"article\" \/>\n<meta property=\"og:title\" content=\"EduBooK: Inteligencia Artificial Generativa \u2013 Enfoques pr\u00e1cticos para docentes - 2026\" \/>\n<meta property=\"og:description\" content=\"Comunidad de Maestros, Docentes y Profesores, en donde encontrar\u00e1s material, informaci\u00f3n y noticias del \u00e1mbito nacional y mundial.\" \/>\n<meta property=\"og:url\" content=\"https:\/\/webdelmaestrocmf.com\/portal\/edubook-inteligencia-artificial-generativa-enfoques-practicos-para-docentes\/\" \/>\n<meta property=\"og:site_name\" content=\"Web del Maestro CMF\" \/>\n<meta property=\"article:publisher\" content=\"https:\/\/www.facebook.com\/WebdelMaestroCMF\/\" \/>\n<meta property=\"article:author\" content=\"https:\/\/www.facebook.com\/WebdelMaestroCMF\/\" \/>\n<meta property=\"article:published_time\" content=\"2025-07-15T16:57:13+00:00\" \/>\n<meta property=\"article:modified_time\" content=\"2025-07-15T17:21:25+00:00\" \/>\n<meta property=\"og:image\" content=\"https:\/\/webdelmaestrocmf.com\/portal\/wp-content\/uploads\/2025\/07\/1A-Banner-1-portada-imagen-10-1-copia-52.webp\" \/>\n\t<meta property=\"og:image:width\" content=\"1003\" \/>\n\t<meta property=\"og:image:height\" content=\"667\" \/>\n\t<meta property=\"og:image:type\" content=\"image\/webp\" \/>\n<meta name=\"author\" content=\"Web del Maestro CMF\" \/>\n<meta name=\"twitter:card\" content=\"summary_large_image\" \/>\n<meta name=\"twitter:creator\" content=\"@cmf_w\" \/>\n<meta name=\"twitter:site\" content=\"@cmf_w\" \/>\n<script type=\"application\/ld+json\" class=\"yoast-schema-graph\">{\"@context\":\"https:\\\/\\\/schema.org\",\"@graph\":[{\"@type\":\"ScholarlyArticle\",\"@id\":\"https:\\\/\\\/webdelmaestrocmf.com\\\/portal\\\/edubook-inteligencia-artificial-generativa-enfoques-practicos-para-docentes\\\/#article\",\"isPartOf\":{\"@id\":\"https:\\\/\\\/webdelmaestrocmf.com\\\/portal\\\/edubook-inteligencia-artificial-generativa-enfoques-practicos-para-docentes\\\/\"},\"author\":{\"name\":\"Web del Maestro CMF\",\"@id\":\"https:\\\/\\\/webdelmaestrocmf.com\\\/portal\\\/#\\\/schema\\\/person\\\/1072a2ed7bd960df8ef99a551fa35dc5\"},\"headline\":\"EduBooK: Inteligencia Artificial Generativa \u2013 Enfoques pr\u00e1cticos para docentes\",\"datePublished\":\"2025-07-15T16:57:13+00:00\",\"dateModified\":\"2025-07-15T17:21:25+00:00\",\"mainEntityOfPage\":{\"@id\":\"https:\\\/\\\/webdelmaestrocmf.com\\\/portal\\\/edubook-inteligencia-artificial-generativa-enfoques-practicos-para-docentes\\\/\"},\"wordCount\":981,\"commentCount\":0,\"publisher\":{\"@id\":\"https:\\\/\\\/webdelmaestrocmf.com\\\/portal\\\/#organization\"},\"image\":{\"@id\":\"https:\\\/\\\/webdelmaestrocmf.com\\\/portal\\\/edubook-inteligencia-artificial-generativa-enfoques-practicos-para-docentes\\\/#primaryimage\"},\"thumbnailUrl\":\"https:\\\/\\\/webdelmaestrocmf.com\\\/portal\\\/wp-content\\\/uploads\\\/2025\\\/07\\\/1A-Banner-1-portada-imagen-10-1-copia-52.webp\",\"keywords\":[\"DOCENTES\",\"EduBooK\"],\"articleSection\":[\"Descarga\"],\"inLanguage\":\"es\",\"potentialAction\":[{\"@type\":\"CommentAction\",\"name\":\"Comment\",\"target\":[\"https:\\\/\\\/webdelmaestrocmf.com\\\/portal\\\/edubook-inteligencia-artificial-generativa-enfoques-practicos-para-docentes\\\/#respond\"]}]},{\"@type\":\"WebPage\",\"@id\":\"https:\\\/\\\/webdelmaestrocmf.com\\\/portal\\\/edubook-inteligencia-artificial-generativa-enfoques-practicos-para-docentes\\\/\",\"url\":\"https:\\\/\\\/webdelmaestrocmf.com\\\/portal\\\/edubook-inteligencia-artificial-generativa-enfoques-practicos-para-docentes\\\/\",\"name\":\"EduBooK: Inteligencia Artificial Generativa \u2013 Enfoques pr\u00e1cticos para docentes - 2026\",\"isPartOf\":{\"@id\":\"https:\\\/\\\/webdelmaestrocmf.com\\\/portal\\\/#website\"},\"primaryImageOfPage\":{\"@id\":\"https:\\\/\\\/webdelmaestrocmf.com\\\/portal\\\/edubook-inteligencia-artificial-generativa-enfoques-practicos-para-docentes\\\/#primaryimage\"},\"image\":{\"@id\":\"https:\\\/\\\/webdelmaestrocmf.com\\\/portal\\\/edubook-inteligencia-artificial-generativa-enfoques-practicos-para-docentes\\\/#primaryimage\"},\"thumbnailUrl\":\"https:\\\/\\\/webdelmaestrocmf.com\\\/portal\\\/wp-content\\\/uploads\\\/2025\\\/07\\\/1A-Banner-1-portada-imagen-10-1-copia-52.webp\",\"datePublished\":\"2025-07-15T16:57:13+00:00\",\"dateModified\":\"2025-07-15T17:21:25+00:00\",\"description\":\"Comunidad de Maestros, Docentes y Profesores, en donde encontrar\u00e1s material, informaci\u00f3n y noticias del \u00e1mbito nacional y mundial.\",\"breadcrumb\":{\"@id\":\"https:\\\/\\\/webdelmaestrocmf.com\\\/portal\\\/edubook-inteligencia-artificial-generativa-enfoques-practicos-para-docentes\\\/#breadcrumb\"},\"inLanguage\":\"es\",\"potentialAction\":[{\"@type\":\"ReadAction\",\"target\":[\"https:\\\/\\\/webdelmaestrocmf.com\\\/portal\\\/edubook-inteligencia-artificial-generativa-enfoques-practicos-para-docentes\\\/\"]}]},{\"@type\":\"ImageObject\",\"inLanguage\":\"es\",\"@id\":\"https:\\\/\\\/webdelmaestrocmf.com\\\/portal\\\/edubook-inteligencia-artificial-generativa-enfoques-practicos-para-docentes\\\/#primaryimage\",\"url\":\"https:\\\/\\\/webdelmaestrocmf.com\\\/portal\\\/wp-content\\\/uploads\\\/2025\\\/07\\\/1A-Banner-1-portada-imagen-10-1-copia-52.webp\",\"contentUrl\":\"https:\\\/\\\/webdelmaestrocmf.com\\\/portal\\\/wp-content\\\/uploads\\\/2025\\\/07\\\/1A-Banner-1-portada-imagen-10-1-copia-52.webp\",\"width\":1003,\"height\":667},{\"@type\":\"BreadcrumbList\",\"@id\":\"https:\\\/\\\/webdelmaestrocmf.com\\\/portal\\\/edubook-inteligencia-artificial-generativa-enfoques-practicos-para-docentes\\\/#breadcrumb\",\"itemListElement\":[{\"@type\":\"ListItem\",\"position\":1,\"name\":\"Portada\",\"item\":\"https:\\\/\\\/webdelmaestrocmf.com\\\/portal\\\/\"},{\"@type\":\"ListItem\",\"position\":2,\"name\":\"Descarga\",\"item\":\"https:\\\/\\\/webdelmaestrocmf.com\\\/portal\\\/category\\\/descarga\\\/\"},{\"@type\":\"ListItem\",\"position\":3,\"name\":\"EduBooK: Inteligencia Artificial Generativa \u2013 Enfoques pr\u00e1cticos para docentes\"}]},{\"@type\":\"WebSite\",\"@id\":\"https:\\\/\\\/webdelmaestrocmf.com\\\/portal\\\/#website\",\"url\":\"https:\\\/\\\/webdelmaestrocmf.com\\\/portal\\\/\",\"name\":\"Web del Maestro CMF\",\"description\":\"Maestros al servicio de la educaci\u00f3n\",\"publisher\":{\"@id\":\"https:\\\/\\\/webdelmaestrocmf.com\\\/portal\\\/#organization\"},\"alternateName\":\"WMCMF\",\"potentialAction\":[{\"@type\":\"SearchAction\",\"target\":{\"@type\":\"EntryPoint\",\"urlTemplate\":\"https:\\\/\\\/webdelmaestrocmf.com\\\/portal\\\/?s={search_term_string}\"},\"query-input\":{\"@type\":\"PropertyValueSpecification\",\"valueRequired\":true,\"valueName\":\"search_term_string\"}}],\"inLanguage\":\"es\"},{\"@type\":\"Organization\",\"@id\":\"https:\\\/\\\/webdelmaestrocmf.com\\\/portal\\\/#organization\",\"name\":\"Web del Maestro CMF\",\"alternateName\":\"WMCMF\",\"url\":\"https:\\\/\\\/webdelmaestrocmf.com\\\/portal\\\/\",\"logo\":{\"@type\":\"ImageObject\",\"inLanguage\":\"es\",\"@id\":\"https:\\\/\\\/webdelmaestrocmf.com\\\/portal\\\/#\\\/schema\\\/logo\\\/image\\\/\",\"url\":\"https:\\\/\\\/webdelmaestrocmf.com\\\/portal\\\/wp-content\\\/uploads\\\/2023\\\/01\\\/logo-wmcmf-2.png\",\"contentUrl\":\"https:\\\/\\\/webdelmaestrocmf.com\\\/portal\\\/wp-content\\\/uploads\\\/2023\\\/01\\\/logo-wmcmf-2.png\",\"width\":200,\"height\":60,\"caption\":\"Web del Maestro CMF\"},\"image\":{\"@id\":\"https:\\\/\\\/webdelmaestrocmf.com\\\/portal\\\/#\\\/schema\\\/logo\\\/image\\\/\"},\"sameAs\":[\"https:\\\/\\\/www.facebook.com\\\/WebdelMaestroCMF\\\/\",\"https:\\\/\\\/x.com\\\/cmf_w\",\"https:\\\/\\\/www.pinterest.com\\\/WMCMF\\\/\",\"https:\\\/\\\/www.linkedin.com\\\/company\\\/web-del-maestro-cmf\\\/\",\"https:\\\/\\\/www.instagram.com\\\/wmcmf\\\/\",\"https:\\\/\\\/www.youtube.com\\\/channel\\\/UCDPSvjbdodE5sHnC3OxutHw\",\"https:\\\/\\\/mastodon.social\\\/@wmcmf\",\"https:\\\/\\\/www.tiktok.com\\\/@webdelmaestrocmf\"]},{\"@type\":\"Person\",\"@id\":\"https:\\\/\\\/webdelmaestrocmf.com\\\/portal\\\/#\\\/schema\\\/person\\\/1072a2ed7bd960df8ef99a551fa35dc5\",\"name\":\"Web del Maestro CMF\",\"image\":{\"@type\":\"ImageObject\",\"inLanguage\":\"es\",\"@id\":\"https:\\\/\\\/secure.gravatar.com\\\/avatar\\\/23291dd5b5ae1077dcff3dbb04c3e02bd28403fa75af6d8787d5e97c5bbbe30b?s=96&d=mm&r=g\",\"url\":\"https:\\\/\\\/secure.gravatar.com\\\/avatar\\\/23291dd5b5ae1077dcff3dbb04c3e02bd28403fa75af6d8787d5e97c5bbbe30b?s=96&d=mm&r=g\",\"contentUrl\":\"https:\\\/\\\/secure.gravatar.com\\\/avatar\\\/23291dd5b5ae1077dcff3dbb04c3e02bd28403fa75af6d8787d5e97c5bbbe30b?s=96&d=mm&r=g\",\"caption\":\"Web del Maestro CMF\"},\"description\":\"Esta Web se cre\u00f3 sin fines de lucro, con fines educativos, cient\u00edficos y acad\u00e9micos, para personas que tengan dificultades y\\\/o inconvenientes en visualizar el material original. El objetivo es entregar recursos, compartir experiencias y materiales que ayuden a los padres de familia, maestros y estudiantes en su actualizaci\u00f3n y formaci\u00f3n permanente, en bien de la Educaci\u00f3n.\",\"sameAs\":[\"http:\\\/\\\/webdelmaestrocmf.com\\\/portal\",\"https:\\\/\\\/www.facebook.com\\\/WebdelMaestroCMF\\\/\",\"https:\\\/\\\/www.instagram.com\\\/wmcmf\\\/\",\"https:\\\/\\\/cl.linkedin.com\\\/company\\\/web-del-maestro-cmf\",\"https:\\\/\\\/www.pinterest.com\\\/WMCMF\\\/publicaciones\\\/\",\"https:\\\/\\\/x.com\\\/cmf_w\",\"https:\\\/\\\/www.youtube.com\\\/@WMCMF\"]}]}<\/script>\n<!-- \/ Yoast SEO plugin. -->","yoast_head_json":{"title":"EduBooK: Inteligencia Artificial Generativa \u2013 Enfoques pr\u00e1cticos para docentes - 2026","description":"Comunidad de Maestros, Docentes y Profesores, en donde encontrar\u00e1s material, informaci\u00f3n y noticias del \u00e1mbito nacional y mundial.","robots":{"index":"index","follow":"follow","max-snippet":"max-snippet:-1","max-image-preview":"max-image-preview:large","max-video-preview":"max-video-preview:-1"},"canonical":"https:\/\/webdelmaestrocmf.com\/portal\/edubook-inteligencia-artificial-generativa-enfoques-practicos-para-docentes\/","og_locale":"es_ES","og_type":"article","og_title":"EduBooK: Inteligencia Artificial Generativa \u2013 Enfoques pr\u00e1cticos para docentes - 2026","og_description":"Comunidad de Maestros, Docentes y Profesores, en donde encontrar\u00e1s material, informaci\u00f3n y noticias del \u00e1mbito nacional y mundial.","og_url":"https:\/\/webdelmaestrocmf.com\/portal\/edubook-inteligencia-artificial-generativa-enfoques-practicos-para-docentes\/","og_site_name":"Web del Maestro CMF","article_publisher":"https:\/\/www.facebook.com\/WebdelMaestroCMF\/","article_author":"https:\/\/www.facebook.com\/WebdelMaestroCMF\/","article_published_time":"2025-07-15T16:57:13+00:00","article_modified_time":"2025-07-15T17:21:25+00:00","og_image":[{"width":1003,"height":667,"url":"https:\/\/webdelmaestrocmf.com\/portal\/wp-content\/uploads\/2025\/07\/1A-Banner-1-portada-imagen-10-1-copia-52.webp","type":"image\/webp"}],"author":"Web del Maestro CMF","twitter_card":"summary_large_image","twitter_creator":"@cmf_w","twitter_site":"@cmf_w","schema":{"@context":"https:\/\/schema.org","@graph":[{"@type":"ScholarlyArticle","@id":"https:\/\/webdelmaestrocmf.com\/portal\/edubook-inteligencia-artificial-generativa-enfoques-practicos-para-docentes\/#article","isPartOf":{"@id":"https:\/\/webdelmaestrocmf.com\/portal\/edubook-inteligencia-artificial-generativa-enfoques-practicos-para-docentes\/"},"author":{"name":"Web del Maestro CMF","@id":"https:\/\/webdelmaestrocmf.com\/portal\/#\/schema\/person\/1072a2ed7bd960df8ef99a551fa35dc5"},"headline":"EduBooK: Inteligencia Artificial Generativa \u2013 Enfoques pr\u00e1cticos para docentes","datePublished":"2025-07-15T16:57:13+00:00","dateModified":"2025-07-15T17:21:25+00:00","mainEntityOfPage":{"@id":"https:\/\/webdelmaestrocmf.com\/portal\/edubook-inteligencia-artificial-generativa-enfoques-practicos-para-docentes\/"},"wordCount":981,"commentCount":0,"publisher":{"@id":"https:\/\/webdelmaestrocmf.com\/portal\/#organization"},"image":{"@id":"https:\/\/webdelmaestrocmf.com\/portal\/edubook-inteligencia-artificial-generativa-enfoques-practicos-para-docentes\/#primaryimage"},"thumbnailUrl":"https:\/\/webdelmaestrocmf.com\/portal\/wp-content\/uploads\/2025\/07\/1A-Banner-1-portada-imagen-10-1-copia-52.webp","keywords":["DOCENTES","EduBooK"],"articleSection":["Descarga"],"inLanguage":"es","potentialAction":[{"@type":"CommentAction","name":"Comment","target":["https:\/\/webdelmaestrocmf.com\/portal\/edubook-inteligencia-artificial-generativa-enfoques-practicos-para-docentes\/#respond"]}]},{"@type":"WebPage","@id":"https:\/\/webdelmaestrocmf.com\/portal\/edubook-inteligencia-artificial-generativa-enfoques-practicos-para-docentes\/","url":"https:\/\/webdelmaestrocmf.com\/portal\/edubook-inteligencia-artificial-generativa-enfoques-practicos-para-docentes\/","name":"EduBooK: Inteligencia Artificial Generativa \u2013 Enfoques pr\u00e1cticos para docentes - 2026","isPartOf":{"@id":"https:\/\/webdelmaestrocmf.com\/portal\/#website"},"primaryImageOfPage":{"@id":"https:\/\/webdelmaestrocmf.com\/portal\/edubook-inteligencia-artificial-generativa-enfoques-practicos-para-docentes\/#primaryimage"},"image":{"@id":"https:\/\/webdelmaestrocmf.com\/portal\/edubook-inteligencia-artificial-generativa-enfoques-practicos-para-docentes\/#primaryimage"},"thumbnailUrl":"https:\/\/webdelmaestrocmf.com\/portal\/wp-content\/uploads\/2025\/07\/1A-Banner-1-portada-imagen-10-1-copia-52.webp","datePublished":"2025-07-15T16:57:13+00:00","dateModified":"2025-07-15T17:21:25+00:00","description":"Comunidad de Maestros, Docentes y Profesores, en donde encontrar\u00e1s material, informaci\u00f3n y noticias del \u00e1mbito nacional y mundial.","breadcrumb":{"@id":"https:\/\/webdelmaestrocmf.com\/portal\/edubook-inteligencia-artificial-generativa-enfoques-practicos-para-docentes\/#breadcrumb"},"inLanguage":"es","potentialAction":[{"@type":"ReadAction","target":["https:\/\/webdelmaestrocmf.com\/portal\/edubook-inteligencia-artificial-generativa-enfoques-practicos-para-docentes\/"]}]},{"@type":"ImageObject","inLanguage":"es","@id":"https:\/\/webdelmaestrocmf.com\/portal\/edubook-inteligencia-artificial-generativa-enfoques-practicos-para-docentes\/#primaryimage","url":"https:\/\/webdelmaestrocmf.com\/portal\/wp-content\/uploads\/2025\/07\/1A-Banner-1-portada-imagen-10-1-copia-52.webp","contentUrl":"https:\/\/webdelmaestrocmf.com\/portal\/wp-content\/uploads\/2025\/07\/1A-Banner-1-portada-imagen-10-1-copia-52.webp","width":1003,"height":667},{"@type":"BreadcrumbList","@id":"https:\/\/webdelmaestrocmf.com\/portal\/edubook-inteligencia-artificial-generativa-enfoques-practicos-para-docentes\/#breadcrumb","itemListElement":[{"@type":"ListItem","position":1,"name":"Portada","item":"https:\/\/webdelmaestrocmf.com\/portal\/"},{"@type":"ListItem","position":2,"name":"Descarga","item":"https:\/\/webdelmaestrocmf.com\/portal\/category\/descarga\/"},{"@type":"ListItem","position":3,"name":"EduBooK: Inteligencia Artificial Generativa \u2013 Enfoques pr\u00e1cticos para docentes"}]},{"@type":"WebSite","@id":"https:\/\/webdelmaestrocmf.com\/portal\/#website","url":"https:\/\/webdelmaestrocmf.com\/portal\/","name":"Web del Maestro CMF","description":"Maestros al servicio de la educaci\u00f3n","publisher":{"@id":"https:\/\/webdelmaestrocmf.com\/portal\/#organization"},"alternateName":"WMCMF","potentialAction":[{"@type":"SearchAction","target":{"@type":"EntryPoint","urlTemplate":"https:\/\/webdelmaestrocmf.com\/portal\/?s={search_term_string}"},"query-input":{"@type":"PropertyValueSpecification","valueRequired":true,"valueName":"search_term_string"}}],"inLanguage":"es"},{"@type":"Organization","@id":"https:\/\/webdelmaestrocmf.com\/portal\/#organization","name":"Web del Maestro CMF","alternateName":"WMCMF","url":"https:\/\/webdelmaestrocmf.com\/portal\/","logo":{"@type":"ImageObject","inLanguage":"es","@id":"https:\/\/webdelmaestrocmf.com\/portal\/#\/schema\/logo\/image\/","url":"https:\/\/webdelmaestrocmf.com\/portal\/wp-content\/uploads\/2023\/01\/logo-wmcmf-2.png","contentUrl":"https:\/\/webdelmaestrocmf.com\/portal\/wp-content\/uploads\/2023\/01\/logo-wmcmf-2.png","width":200,"height":60,"caption":"Web del Maestro CMF"},"image":{"@id":"https:\/\/webdelmaestrocmf.com\/portal\/#\/schema\/logo\/image\/"},"sameAs":["https:\/\/www.facebook.com\/WebdelMaestroCMF\/","https:\/\/x.com\/cmf_w","https:\/\/www.pinterest.com\/WMCMF\/","https:\/\/www.linkedin.com\/company\/web-del-maestro-cmf\/","https:\/\/www.instagram.com\/wmcmf\/","https:\/\/www.youtube.com\/channel\/UCDPSvjbdodE5sHnC3OxutHw","https:\/\/mastodon.social\/@wmcmf","https:\/\/www.tiktok.com\/@webdelmaestrocmf"]},{"@type":"Person","@id":"https:\/\/webdelmaestrocmf.com\/portal\/#\/schema\/person\/1072a2ed7bd960df8ef99a551fa35dc5","name":"Web del Maestro CMF","image":{"@type":"ImageObject","inLanguage":"es","@id":"https:\/\/secure.gravatar.com\/avatar\/23291dd5b5ae1077dcff3dbb04c3e02bd28403fa75af6d8787d5e97c5bbbe30b?s=96&d=mm&r=g","url":"https:\/\/secure.gravatar.com\/avatar\/23291dd5b5ae1077dcff3dbb04c3e02bd28403fa75af6d8787d5e97c5bbbe30b?s=96&d=mm&r=g","contentUrl":"https:\/\/secure.gravatar.com\/avatar\/23291dd5b5ae1077dcff3dbb04c3e02bd28403fa75af6d8787d5e97c5bbbe30b?s=96&d=mm&r=g","caption":"Web del Maestro CMF"},"description":"Esta Web se cre\u00f3 sin fines de lucro, con fines educativos, cient\u00edficos y acad\u00e9micos, para personas que tengan dificultades y\/o inconvenientes en visualizar el material original. El objetivo es entregar recursos, compartir experiencias y materiales que ayuden a los padres de familia, maestros y estudiantes en su actualizaci\u00f3n y formaci\u00f3n permanente, en bien de la Educaci\u00f3n.","sameAs":["http:\/\/webdelmaestrocmf.com\/portal","https:\/\/www.facebook.com\/WebdelMaestroCMF\/","https:\/\/www.instagram.com\/wmcmf\/","https:\/\/cl.linkedin.com\/company\/web-del-maestro-cmf","https:\/\/www.pinterest.com\/WMCMF\/publicaciones\/","https:\/\/x.com\/cmf_w","https:\/\/www.youtube.com\/@WMCMF"]}]}},"jetpack_featured_media_url":"https:\/\/webdelmaestrocmf.com\/portal\/wp-content\/uploads\/2025\/07\/1A-Banner-1-portada-imagen-10-1-copia-52.webp","jetpack_sharing_enabled":true,"jetpack-related-posts":[{"id":107726,"url":"https:\/\/webdelmaestrocmf.com\/portal\/docencia-en-la-era-de-la-inteligencia-artificial-descarga-el-manual-para-docentes\/","url_meta":{"origin":111232,"position":0},"title":"Docencia en la era de la inteligencia artificial: descarga los tres manuales de inteligencia artificial para docentes con herramientas educativas","author":"Web del Maestro CMF","date":"16 abril, 2026","format":false,"excerpt":"Explora c\u00f3mo la inteligencia artificial (IA) est\u00e1 transformando la educaci\u00f3n, ofreciendo herramientas para mejorar la ense\u00f1anza, evaluaci\u00f3n y aprendizaje.","rel":"","context":"En \u00abDescarga\u00bb","block_context":{"text":"Descarga","link":"https:\/\/webdelmaestrocmf.com\/portal\/category\/descarga\/"},"img":{"alt_text":"","src":"https:\/\/i0.wp.com\/webdelmaestrocmf.com\/portal\/wp-content\/uploads\/2026\/03\/1AA-Banner-1-portada-imagen-10-1-copia-22-2.webp?resize=350%2C200&ssl=1","width":350,"height":200,"srcset":"https:\/\/i0.wp.com\/webdelmaestrocmf.com\/portal\/wp-content\/uploads\/2026\/03\/1AA-Banner-1-portada-imagen-10-1-copia-22-2.webp?resize=350%2C200&ssl=1 1x, https:\/\/i0.wp.com\/webdelmaestrocmf.com\/portal\/wp-content\/uploads\/2026\/03\/1AA-Banner-1-portada-imagen-10-1-copia-22-2.webp?resize=525%2C300&ssl=1 1.5x, https:\/\/i0.wp.com\/webdelmaestrocmf.com\/portal\/wp-content\/uploads\/2026\/03\/1AA-Banner-1-portada-imagen-10-1-copia-22-2.webp?resize=700%2C400&ssl=1 2x, https:\/\/i0.wp.com\/webdelmaestrocmf.com\/portal\/wp-content\/uploads\/2026\/03\/1AA-Banner-1-portada-imagen-10-1-copia-22-2.webp?resize=1050%2C600&ssl=1 3x"},"classes":[]},{"id":109002,"url":"https:\/\/webdelmaestrocmf.com\/portal\/descarga-el-libro-gratuito-en-pdf-neuroeducacion-e-inteligencia-artificial-una-guia-imprescindible-para-docentes\/","url_meta":{"origin":111232,"position":1},"title":"Descarga el libro gratuito en PDF \u00abNeuroeducaci\u00f3n e Inteligencia Artificial: una gu\u00eda imprescindible para docentes\u00bb","author":"Web del Maestro CMF","date":"26 mayo, 2025","format":false,"excerpt":"En un mundo donde las tecnolog\u00edas evolucionan m\u00e1s r\u00e1pido que los planes de estudio, el libro \u201cNeuroeducaci\u00f3n e Inteligencia Artificial: Educar con inteligencia humana en la era de las m\u00e1quinas que aprenden\u201d se presenta como una respuesta urgente y necesaria para los docentes que buscan adaptarse, innovar y mantener el\u2026","rel":"","context":"En \u00abNeurociencia\u00bb","block_context":{"text":"Neurociencia","link":"https:\/\/webdelmaestrocmf.com\/portal\/category\/pedagogia\/neurociencia\/"},"img":{"alt_text":"","src":"https:\/\/i0.wp.com\/webdelmaestrocmf.com\/portal\/wp-content\/uploads\/2025\/05\/1A-Banner-1-portada-imagen-10-1-76.jpg?resize=350%2C200&ssl=1","width":350,"height":200,"srcset":"https:\/\/i0.wp.com\/webdelmaestrocmf.com\/portal\/wp-content\/uploads\/2025\/05\/1A-Banner-1-portada-imagen-10-1-76.jpg?resize=350%2C200&ssl=1 1x, https:\/\/i0.wp.com\/webdelmaestrocmf.com\/portal\/wp-content\/uploads\/2025\/05\/1A-Banner-1-portada-imagen-10-1-76.jpg?resize=525%2C300&ssl=1 1.5x, https:\/\/i0.wp.com\/webdelmaestrocmf.com\/portal\/wp-content\/uploads\/2025\/05\/1A-Banner-1-portada-imagen-10-1-76.jpg?resize=700%2C400&ssl=1 2x"},"classes":[]},{"id":110331,"url":"https:\/\/webdelmaestrocmf.com\/portal\/bitacora-de-herramientas-digitales-una-guia-esencial-para-docentes\/","url_meta":{"origin":111232,"position":2},"title":"Descarga la \u00abBit\u00e1cora de herramientas digitales: una gu\u00eda esencial para docentes\u00bb","author":"Web del Maestro CMF","date":"22 junio, 2025","format":false,"excerpt":"Una gu\u00eda gratuita, cr\u00edtica y pr\u00e1ctica sobre c\u00f3mo aplicar la inteligencia artificial en la docencia y la investigaci\u00f3n acad\u00e9mica.","rel":"","context":"En \u00abDescarga\u00bb","block_context":{"text":"Descarga","link":"https:\/\/webdelmaestrocmf.com\/portal\/category\/descarga\/"},"img":{"alt_text":"","src":"https:\/\/i0.wp.com\/webdelmaestrocmf.com\/portal\/wp-content\/uploads\/2025\/06\/1A-Banner-1-portada-imagen-10-1-copia-25.jpg?resize=350%2C200&ssl=1","width":350,"height":200,"srcset":"https:\/\/i0.wp.com\/webdelmaestrocmf.com\/portal\/wp-content\/uploads\/2025\/06\/1A-Banner-1-portada-imagen-10-1-copia-25.jpg?resize=350%2C200&ssl=1 1x, https:\/\/i0.wp.com\/webdelmaestrocmf.com\/portal\/wp-content\/uploads\/2025\/06\/1A-Banner-1-portada-imagen-10-1-copia-25.jpg?resize=525%2C300&ssl=1 1.5x, https:\/\/i0.wp.com\/webdelmaestrocmf.com\/portal\/wp-content\/uploads\/2025\/06\/1A-Banner-1-portada-imagen-10-1-copia-25.jpg?resize=700%2C400&ssl=1 2x"},"classes":[]},{"id":107950,"url":"https:\/\/webdelmaestrocmf.com\/portal\/seis-libros-gratuitos-para-docentes-como-integrar-la-ia-en-la-educacion\/","url_meta":{"origin":111232,"position":3},"title":"Seis libros gratuitos para docentes: C\u00f3mo integrar la IA en la educaci\u00f3n","author":"Web del Maestro CMF","date":"11 febrero, 2025","format":false,"excerpt":"La educaci\u00f3n est\u00e1 atravesando un punto de inflexi\u00f3n. La inteligencia artificial no reemplazar\u00e1 a los docentes, pero s\u00ed transformar\u00e1 la forma en que se ense\u00f1a y aprende. En este escenario, quienes logren integrar la IA de manera estrat\u00e9gica marcar\u00e1n la diferencia en la educaci\u00f3n del futuro. Conscientes de esta realidad,\u2026","rel":"","context":"En \u00abLibros\u00bb","block_context":{"text":"Libros","link":"https:\/\/webdelmaestrocmf.com\/portal\/category\/pedagogia\/libros\/"},"img":{"alt_text":"","src":"https:\/\/i0.wp.com\/webdelmaestrocmf.com\/portal\/wp-content\/uploads\/2025\/02\/1A-Banner-1-portada-imagen-10-1-66.jpg?resize=350%2C200&ssl=1","width":350,"height":200,"srcset":"https:\/\/i0.wp.com\/webdelmaestrocmf.com\/portal\/wp-content\/uploads\/2025\/02\/1A-Banner-1-portada-imagen-10-1-66.jpg?resize=350%2C200&ssl=1 1x, https:\/\/i0.wp.com\/webdelmaestrocmf.com\/portal\/wp-content\/uploads\/2025\/02\/1A-Banner-1-portada-imagen-10-1-66.jpg?resize=525%2C300&ssl=1 1.5x, https:\/\/i0.wp.com\/webdelmaestrocmf.com\/portal\/wp-content\/uploads\/2025\/02\/1A-Banner-1-portada-imagen-10-1-66.jpg?resize=700%2C400&ssl=1 2x"},"classes":[]},{"id":118127,"url":"https:\/\/webdelmaestrocmf.com\/portal\/guia-completa-de-claude-que-es-esta-guia-y-por-que-es-relevante-para-los-docentes\/","url_meta":{"origin":111232,"position":4},"title":"Descarga la gu\u00eda completa de Claude en PDF: \u00bfQu\u00e9 es esta gu\u00eda y por qu\u00e9 es relevante para los docentes?","author":"Web del Maestro CMF","date":"21 abril, 2026","format":false,"excerpt":"Gu\u00eda pr\u00e1ctica de inteligencia artificial para docentes que permite optimizar el tiempo, mejorar la planificaci\u00f3n y potenciar el aprendizaje mediante herramientas digitales accesibles, aplicables y adaptadas al trabajo educativo diario.","rel":"","context":"En \u00abDescarga\u00bb","block_context":{"text":"Descarga","link":"https:\/\/webdelmaestrocmf.com\/portal\/category\/descarga\/"},"img":{"alt_text":"","src":"https:\/\/i0.wp.com\/webdelmaestrocmf.com\/portal\/wp-content\/uploads\/2026\/04\/1AA-Banner-1-portada-imagen-10-1-copia-32.webp?resize=350%2C200&ssl=1","width":350,"height":200,"srcset":"https:\/\/i0.wp.com\/webdelmaestrocmf.com\/portal\/wp-content\/uploads\/2026\/04\/1AA-Banner-1-portada-imagen-10-1-copia-32.webp?resize=350%2C200&ssl=1 1x, https:\/\/i0.wp.com\/webdelmaestrocmf.com\/portal\/wp-content\/uploads\/2026\/04\/1AA-Banner-1-portada-imagen-10-1-copia-32.webp?resize=525%2C300&ssl=1 1.5x, https:\/\/i0.wp.com\/webdelmaestrocmf.com\/portal\/wp-content\/uploads\/2026\/04\/1AA-Banner-1-portada-imagen-10-1-copia-32.webp?resize=700%2C400&ssl=1 2x, https:\/\/i0.wp.com\/webdelmaestrocmf.com\/portal\/wp-content\/uploads\/2026\/04\/1AA-Banner-1-portada-imagen-10-1-copia-32.webp?resize=1050%2C600&ssl=1 3x"},"classes":[]},{"id":115431,"url":"https:\/\/webdelmaestrocmf.com\/portal\/descraga-el-libro-pedagogia-posplagiarismo-cuando-copiar-ya-no-es-el-problema\/","url_meta":{"origin":111232,"position":5},"title":"Descarga el libro | Pedagog\u00eda posplagiarismo: cuando copiar ya no es el problema","author":"Web del Maestro CMF","date":"18 febrero, 2026","format":false,"excerpt":"En un contexto educativo profundamente transformado por la inteligencia artificial, surge una pregunta inc\u00f3moda pero necesaria: \u00bfqu\u00e9 significa ense\u00f1ar y evaluar cuando producir respuestas ya no requiere esfuerzo cognitivo? El libro Pedagog\u00eda posplagiarismo. C\u00f3mo educar y evaluar cuando copiar ya no es el problema, de Jorge Rey Valzacchi, ofrece una\u2026","rel":"","context":"En \u00abLibros\u00bb","block_context":{"text":"Libros","link":"https:\/\/webdelmaestrocmf.com\/portal\/category\/pedagogia\/libros\/"},"img":{"alt_text":"","src":"https:\/\/i0.wp.com\/webdelmaestrocmf.com\/portal\/wp-content\/uploads\/2026\/02\/1A-Banner-1-portada-imagen-10-1-copia-5.jpg?resize=350%2C200&ssl=1","width":350,"height":200,"srcset":"https:\/\/i0.wp.com\/webdelmaestrocmf.com\/portal\/wp-content\/uploads\/2026\/02\/1A-Banner-1-portada-imagen-10-1-copia-5.jpg?resize=350%2C200&ssl=1 1x, https:\/\/i0.wp.com\/webdelmaestrocmf.com\/portal\/wp-content\/uploads\/2026\/02\/1A-Banner-1-portada-imagen-10-1-copia-5.jpg?resize=525%2C300&ssl=1 1.5x, https:\/\/i0.wp.com\/webdelmaestrocmf.com\/portal\/wp-content\/uploads\/2026\/02\/1A-Banner-1-portada-imagen-10-1-copia-5.jpg?resize=700%2C400&ssl=1 2x"},"classes":[]}],"_links":{"self":[{"href":"https:\/\/webdelmaestrocmf.com\/portal\/wp-json\/wp\/v2\/posts\/111232","targetHints":{"allow":["GET"]}}],"collection":[{"href":"https:\/\/webdelmaestrocmf.com\/portal\/wp-json\/wp\/v2\/posts"}],"about":[{"href":"https:\/\/webdelmaestrocmf.com\/portal\/wp-json\/wp\/v2\/types\/post"}],"author":[{"embeddable":true,"href":"https:\/\/webdelmaestrocmf.com\/portal\/wp-json\/wp\/v2\/users\/1"}],"replies":[{"embeddable":true,"href":"https:\/\/webdelmaestrocmf.com\/portal\/wp-json\/wp\/v2\/comments?post=111232"}],"version-history":[{"count":2,"href":"https:\/\/webdelmaestrocmf.com\/portal\/wp-json\/wp\/v2\/posts\/111232\/revisions"}],"predecessor-version":[{"id":111235,"href":"https:\/\/webdelmaestrocmf.com\/portal\/wp-json\/wp\/v2\/posts\/111232\/revisions\/111235"}],"wp:featuredmedia":[{"embeddable":true,"href":"https:\/\/webdelmaestrocmf.com\/portal\/wp-json\/wp\/v2\/media\/111233"}],"wp:attachment":[{"href":"https:\/\/webdelmaestrocmf.com\/portal\/wp-json\/wp\/v2\/media?parent=111232"}],"wp:term":[{"taxonomy":"category","embeddable":true,"href":"https:\/\/webdelmaestrocmf.com\/portal\/wp-json\/wp\/v2\/categories?post=111232"},{"taxonomy":"post_tag","embeddable":true,"href":"https:\/\/webdelmaestrocmf.com\/portal\/wp-json\/wp\/v2\/tags?post=111232"}],"curies":[{"name":"wp","href":"https:\/\/api.w.org\/{rel}","templated":true}]}}