{"id":111218,"date":"2025-07-14T20:28:35","date_gmt":"2025-07-15T00:28:35","guid":{"rendered":"https:\/\/webdelmaestrocmf.com\/portal\/?p=111218"},"modified":"2025-07-14T20:28:38","modified_gmt":"2025-07-15T00:28:38","slug":"denuncian-que-profesor-tomo-del-cuello-a-nino-y-lo-aislo-por-llegar-cinco-minutos-tarde-a-clase","status":"publish","type":"post","link":"https:\/\/webdelmaestrocmf.com\/portal\/denuncian-que-profesor-tomo-del-cuello-a-nino-y-lo-aislo-por-llegar-cinco-minutos-tarde-a-clase\/","title":{"rendered":"Denuncian que profesor tom\u00f3 del cuello a ni\u00f1o y lo aisl\u00f3 por llegar cinco minutos tarde a clase"},"content":{"rendered":"\n<p class=\"wp-block-paragraph\">Una madre denunci\u00f3 p\u00fablicamente un presunto caso de maltrato infantil ocurrido en el Colegio Puente Maipo, en la comuna de Puente Alto, regi\u00f3n Metropolitana, Santiago, Chile. El hecho involucra a un profesor del \u00e1rea de Convivencia Escolar, quien habr\u00eda tomado del cuello del poler\u00f3n a un estudiante de 11 a\u00f1os para luego aislarlo en una sala, todo por llegar cinco minutos tarde a una clase.<\/p>\n\n\n\n<h2 class=\"wp-block-heading\"><strong>El relato de la madre<\/strong><\/h2>\n\n\n\n<p class=\"wp-block-paragraph\">Seg\u00fan Ivonne, madre del menor afectado, los hechos ocurrieron el 28 de mayo. Su hijo, alumno de sexto b\u00e1sico, ingres\u00f3 con cinco minutos de retraso a la clase de Lenguaje. Fue entonces cuando uno de los encargados de Convivencia Escolar lo abord\u00f3 de forma brusca: \u201cLo toma por el cuello, lo empuja hacia dentro de la sala, cierra la puerta y estuvo aproximadamente media hora encerrado\u201d, relat\u00f3 la madre al medio <em>BioBioChile<\/em>.<\/p>\n\n\n\n<p class=\"wp-block-paragraph\">La sala en cuesti\u00f3n, explic\u00f3 Ivonne, es utilizada por el establecimiento para aislar a los estudiantes que supuestamente \u201cse portan mal\u201d. Sin embargo, ella cuestion\u00f3 con fuerza el procedimiento: \u201c\u00bfSe considera que el menor, al llegar cinco minutos tarde, estaba haciendo algo mal? Claramente no es lo ideal, pero \u00bfera necesario hacer lo que hizo el profesor?\u201d.<\/p>\n\n\n\n<h2 class=\"wp-block-heading\"><strong>\u00bfAutorregulaci\u00f3n o castigo?<\/strong><\/h2>\n\n\n\n<p class=\"wp-block-paragraph\">Seg\u00fan el relato de la apoderada, el colegio le indic\u00f3 que este tipo de encierro es parte de una estrategia para que los alumnos \u201ctomen conciencia\u201d y se autorregulen. No obstante, Ivonne se mostr\u00f3 cr\u00edtica: \u201cUn ni\u00f1o menor de 11 a\u00f1os, encerrado media hora en una sala sin comunicaci\u00f3n&#8230; dif\u00edcilmente se puede autorregular\u201d.<\/p>\n\n\n\n<p class=\"wp-block-paragraph\">Adem\u00e1s, reflexion\u00f3 sobre el posible doble est\u00e1ndar: \u201c\u00bfQu\u00e9 pasa si es el menor el que hace presi\u00f3n contra el adulto? Mi hijo ya hubiera sido expulsado del colegio\u201d.<\/p>\n\n\n\n<h2 class=\"wp-block-heading\"><strong>Consecuencias emocionales en el menor<\/strong><\/h2>\n\n\n\n<p class=\"wp-block-paragraph\">El impacto del episodio no fue menor. El ni\u00f1o mostr\u00f3 temor al regresar al colegio y evitaba permanecer en la jornada completa. \u201cLos primeros d\u00edas no quer\u00eda ir, nos cost\u00f3. Varias veces lo retiramos a medio d\u00eda, lo quitamos antes, iba a dar solo las pruebas\u201d, explic\u00f3 su madre.<\/p>\n\n\n\n<p class=\"wp-block-paragraph\">Incluso despu\u00e9s, cuando ya no hab\u00eda contacto con el profesor, el menor segu\u00eda inquieto: \u201cEn estos d\u00edas me ha dicho que no lo ha visto, pero s\u00ed anda preocupado de que est\u00e1 all\u00ed\u201d, cont\u00f3 Ivonne. En una ocasi\u00f3n, el ni\u00f1o pregunt\u00f3: \u201c\u00bfMam\u00e1, no me va a pasar nada en el colegio?\u201d.<\/p>\n\n\n\n<h2 class=\"wp-block-heading\"><strong>Respuesta del colegio y acciones tomadas<\/strong><\/h2>\n\n\n\n<p class=\"wp-block-paragraph\">Consultado por <em>BioBioChile<\/em>, el director del establecimiento, \u00d3scar Garrido, reconoci\u00f3 que el caso \u201cno es normal\u201d y que se activaron los protocolos de Convivencia Escolar tras la denuncia.<\/p>\n\n\n\n<p class=\"wp-block-paragraph\">El director confirm\u00f3 que el profesor tom\u00f3 al alumno del cuello del poler\u00f3n y lo llev\u00f3 a la sala conocida como \u201cDe vuelta a la calma\u201d. Seg\u00fan relat\u00f3, el ni\u00f1o expres\u00f3 que esa acci\u00f3n \u201ccomo que lo ahorc\u00f3\u201d. Ante esto, el colegio ofreci\u00f3 apoyo psicol\u00f3gico al menor y prohibi\u00f3 que el profesor se acercara nuevamente al estudiante o a su curso.<\/p>\n\n\n\n<p class=\"wp-block-paragraph\">El docente no fue desvinculado, pero fue reasignado a otras funciones sin contacto con estudiantes de sexto b\u00e1sico.<\/p>\n\n\n\n<h2 class=\"wp-block-heading\"><strong>Cierre del caso por parte de la Superintendencia<\/strong><\/h2>\n\n\n\n<p class=\"wp-block-paragraph\">La familia tambi\u00e9n recurri\u00f3 a la Superintendencia de Educaci\u00f3n. Sin embargo, el organismo decidi\u00f3 cerrar el caso al considerar que \u201cla situaci\u00f3n planteada no re\u00fane las condiciones para ser abordada a trav\u00e9s de la mediaci\u00f3n ni de la conciliaci\u00f3n\u201d. Esta decisi\u00f3n fue criticada por la madre, quien esperaba una evaluaci\u00f3n m\u00e1s rigurosa de los hechos.<\/p>\n\n\n\n<h2 class=\"wp-block-heading\"><strong>\u00bfConcordancia con los valores institucionales?<\/strong><\/h2>\n\n\n\n<p class=\"wp-block-paragraph\">Tanto la familia como algunos observadores han cuestionado que la actuaci\u00f3n del docente sea coherente con los valores cristianos que el colegio declara promover. El establecimiento pertenece a la Fundaci\u00f3n de Educaci\u00f3n Nocedal, que recibe apoyo espiritual de la Prelatura del Opus Dei, seg\u00fan su propio sitio web.<\/p>\n\n\n\n<p class=\"wp-block-paragraph\">\u201cNo solo consideramos que el actuar del profesor no fue el correcto, sino que tampoco va en la l\u00ednea con los valores cristianos que promueve el colegio\u201d, expres\u00f3 la madre. Lo que esperan, asegura, es que esta situaci\u00f3n no se repita con su hijo ni con ning\u00fan otro estudiante.<\/p>\n\n\n\n<p class=\"has-text-align-right wp-block-paragraph\"><strong>Redacci\u00f3n | Web del Maestro CMF<\/strong><\/p>\n\n\n\t\t<div class=\"pk-inline-posts\">\n\t\t\t\n\t\t\t<div class=\"pk-inline-posts-container pk-inline-posts-template-list\"\n\t\t\t\tdata-columns=\"1\">\n\t\t\t\t\t\t<article id=\"post-121155\" class=\"post-121155 post type-post status-publish format-standard has-post-thumbnail category-noticias-internacionales tag-comunidad-educativa tag-docentes tag-educacion-2 tag-educacion-civica-2 tag-educacion-patriotica tag-educacion-preescolar tag-estudiantes tag-formacion-integral tag-politica-educativa tag-valores cs-entry cs-video-wrap\">\n\t\t\t<div class=\"pk-post-outer\">\n\n\t\t\t\t\t\t\t\t<div class=\"pk-post-inner\">\n\t\t\t\t\t<div class=\"entry-thumbnail\">\n\t\t\t\t\t\t<div class=\"pk-overlay pk-overlay-ratio pk-ratio-landscape\">\n\t\t\t\t\t\t\t<div class=\"pk-overlay-background\">\n\t\t\t\t\t\t\t\t<a href=\"https:\/\/webdelmaestrocmf.com\/portal\/el-ministerio-de-educacion-de-rusia-aprueba-el-plan-educativo-para-el-curso-2026-27\/\" class=\"pk-overlay-link\">\n\t\t\t\t\t\t\t\t\t<img loading=\"lazy\" decoding=\"async\" width=\"300\" height=\"225\" src=\"https:\/\/webdelmaestrocmf.com\/portal\/wp-content\/uploads\/2026\/09\/1AA-Banner-1-portada-imagen-10-1-copia-20-300x225.webp\" class=\"attachment-pk-thumbnail size-pk-thumbnail wp-post-image\" alt=\"\" \/>\t\t\t\t\t\t\t\t<\/a>\n\t\t\t\t\t\t\t<\/div>\n\t\t\t\t\t\t<\/div>\n\t\t\t\t\t<\/div>\n\t\t\t\t<\/div>\n\t\t\t\t\n\t\t\t\t<div class=\"pk-post-inner\">\n\t\t\t\t\t<header>\n\t\t\t\t\t\t<h3 class=\"pk-title\"><a href=\"https:\/\/webdelmaestrocmf.com\/portal\/el-ministerio-de-educacion-de-rusia-aprueba-el-plan-educativo-para-el-curso-2026-27\/\" rel=\"bookmark\">El Ministerio de Educaci\u00f3n de Rusia aprueba el plan educativo para el curso 2026\/27<\/a><\/h3>\t\t\t\t\t<\/header><!-- .entry-header -->\n\t\t\t\t<\/div><!-- .post-inner -->\n\n\t\t\t<\/div><!-- .post-outer -->\n\t\t<\/article>\n\t\t\t<article id=\"post-121053\" class=\"post-121053 post type-post status-publish format-standard has-post-thumbnail category-noticias-internacionales tag-deporte tag-educacion-2 tag-fair-play tag-formacion-deportiva tag-futbol-2 tag-infancia tag-juego-limpio tag-mundial tag-trabajo-en-equipo tag-valores cs-entry cs-video-wrap\">\n\t\t\t<div class=\"pk-post-outer\">\n\n\t\t\t\t\t\t\t\t<div class=\"pk-post-inner\">\n\t\t\t\t\t<div class=\"entry-thumbnail\">\n\t\t\t\t\t\t<div class=\"pk-overlay pk-overlay-ratio pk-ratio-landscape\">\n\t\t\t\t\t\t\t<div class=\"pk-overlay-background\">\n\t\t\t\t\t\t\t\t<a href=\"https:\/\/webdelmaestrocmf.com\/portal\/javier-bardem-elogia-a-la-seleccion-campeona-y-destaca-el-juego-limpio-como-ejemplo-para-millones-de-ninos\/\" class=\"pk-overlay-link\">\n\t\t\t\t\t\t\t\t\t<img loading=\"lazy\" decoding=\"async\" width=\"300\" height=\"225\" src=\"https:\/\/webdelmaestrocmf.com\/portal\/wp-content\/uploads\/2026\/07\/1AA-Banner-1-portada-imagen-10-1-copia-16-1-300x225.webp\" class=\"attachment-pk-thumbnail size-pk-thumbnail wp-post-image\" alt=\"\" \/>\t\t\t\t\t\t\t\t<\/a>\n\t\t\t\t\t\t\t<\/div>\n\t\t\t\t\t\t<\/div>\n\t\t\t\t\t<\/div>\n\t\t\t\t<\/div>\n\t\t\t\t\n\t\t\t\t<div class=\"pk-post-inner\">\n\t\t\t\t\t<header>\n\t\t\t\t\t\t<h3 class=\"pk-title\"><a href=\"https:\/\/webdelmaestrocmf.com\/portal\/javier-bardem-elogia-a-la-seleccion-campeona-y-destaca-el-juego-limpio-como-ejemplo-para-millones-de-ninos\/\" rel=\"bookmark\">Javier Bardem elogia a la selecci\u00f3n campeona y destaca el juego limpio como ejemplo para millones de ni\u00f1os<\/a><\/h3>\t\t\t\t\t<\/header><!-- .entry-header -->\n\t\t\t\t<\/div><!-- .post-inner -->\n\n\t\t\t<\/div><!-- .post-outer -->\n\t\t<\/article>\n\t\t\t<article id=\"post-121041\" class=\"post-121041 post type-post status-publish format-standard has-post-thumbnail category-noticias-internacionales tag-agresion-a-docente tag-apoderados tag-comunidad-educativa tag-convivencia-escolar tag-ley-karin tag-proteccion-docente tag-salud-mental tag-seguridad-escolar tag-violencia-escolar cs-entry cs-video-wrap\">\n\t\t\t<div class=\"pk-post-outer\">\n\n\t\t\t\t\t\t\t\t<div class=\"pk-post-inner\">\n\t\t\t\t\t<div class=\"entry-thumbnail\">\n\t\t\t\t\t\t<div class=\"pk-overlay pk-overlay-ratio pk-ratio-landscape\">\n\t\t\t\t\t\t\t<div class=\"pk-overlay-background\">\n\t\t\t\t\t\t\t\t<a href=\"https:\/\/webdelmaestrocmf.com\/portal\/municipalidad-de-temuco-anuncia-acciones-legales-tras-agresion-de-un-apoderado-a-un-profesor-dentro-de-un-establecimiento-educacional\/\" class=\"pk-overlay-link\">\n\t\t\t\t\t\t\t\t\t<img loading=\"lazy\" decoding=\"async\" width=\"300\" height=\"225\" src=\"https:\/\/webdelmaestrocmf.com\/portal\/wp-content\/uploads\/2026\/07\/1AA-Banner-1-portada-imagen-10-1-copia-14-1-300x225.webp\" class=\"attachment-pk-thumbnail size-pk-thumbnail wp-post-image\" alt=\"\" \/>\t\t\t\t\t\t\t\t<\/a>\n\t\t\t\t\t\t\t<\/div>\n\t\t\t\t\t\t<\/div>\n\t\t\t\t\t<\/div>\n\t\t\t\t<\/div>\n\t\t\t\t\n\t\t\t\t<div class=\"pk-post-inner\">\n\t\t\t\t\t<header>\n\t\t\t\t\t\t<h3 class=\"pk-title\"><a href=\"https:\/\/webdelmaestrocmf.com\/portal\/municipalidad-de-temuco-anuncia-acciones-legales-tras-agresion-de-un-apoderado-a-un-profesor-dentro-de-un-establecimiento-educacional\/\" rel=\"bookmark\">Municipalidad de Temuco anuncia acciones legales tras agresi\u00f3n de un apoderado a un profesor dentro de un establecimiento educacional<\/a><\/h3>\t\t\t\t\t<\/header><!-- .entry-header -->\n\t\t\t\t<\/div><!-- .post-inner -->\n\n\t\t\t<\/div><!-- .post-outer -->\n\t\t<\/article>\n\t\t\t\t<\/div>\n\t\t<\/div>\n\t\t\n\n\n\n<p class=\"wp-block-paragraph\"><\/p>\n","protected":false},"excerpt":{"rendered":"La madre del menor calific\u00f3 el hecho como maltrato, mientras que el colegio activ\u00f3 protocolos internos, aunque la Superintendencia de Educaci\u00f3n cerr\u00f3 el caso sin sanci\u00f3n.","protected":false},"author":1,"featured_media":111219,"comment_status":"open","ping_status":"closed","sticky":false,"template":"","format":"standard","meta":{"_jetpack_newsletter_access":"","_jetpack_dont_email_post_to_subs":false,"_jetpack_newsletter_tier_id":0,"_jetpack_memberships_contains_paywalled_content":false,"csco_display_header_overlay":false,"csco_singular_sidebar":"","csco_page_header_type":"","csco_page_load_nextpost":"","csco_post_video_location":[],"csco_post_video_location_hash":"","csco_post_video_url":"","csco_post_video_bg_start_time":0,"csco_post_video_bg_end_time":0,"csco_post_video_bg_volume":false,"_jetpack_feature_clip_id":0,"_jetpack_memberships_contains_paid_content":false,"footnotes":"","jetpack_post_was_ever_published":false},"categories":[23790],"tags":[23965,2565,692,23964,23963,4962,195,342,2847],"class_list":["post-111218","post","type-post","status-publish","format-standard","has-post-thumbnail","category-noticias-internacionales","tag-aislo","tag-cinco","tag-clase","tag-cuello","tag-denuncian","tag-minutos","tag-nino","tag-profesor","tag-tarde","cs-entry","cs-video-wrap"],"yoast_head":"<!-- This site is optimized with the Yoast SEO plugin v28.4 - https:\/\/yoast.com\/product\/yoast-seo-wordpress\/ -->\n<title>Denuncian que profesor tom\u00f3 del cuello a ni\u00f1o y lo aisl\u00f3 por llegar cinco minutos tarde a clase - 2026<\/title>\n<meta name=\"description\" content=\"El hecho involucra a un profesor del \u00e1rea de Convivencia Escolar, quien habr\u00eda tomado del cuello del poler\u00f3n a un estudiante de 11 a\u00f1os...\" \/>\n<meta name=\"robots\" content=\"index, follow, max-snippet:-1, max-image-preview:large, max-video-preview:-1\" \/>\n<link rel=\"canonical\" href=\"https:\/\/webdelmaestrocmf.com\/portal\/denuncian-que-profesor-tomo-del-cuello-a-nino-y-lo-aislo-por-llegar-cinco-minutos-tarde-a-clase\/\" \/>\n<meta property=\"og:locale\" content=\"es_ES\" \/>\n<meta property=\"og:type\" content=\"article\" \/>\n<meta property=\"og:title\" content=\"Denuncian que profesor tom\u00f3 del cuello a ni\u00f1o y lo aisl\u00f3 por llegar cinco minutos tarde a clase - 2026\" \/>\n<meta property=\"og:description\" content=\"El hecho involucra a un profesor del \u00e1rea de Convivencia Escolar, quien habr\u00eda tomado del cuello del poler\u00f3n a un estudiante de 11 a\u00f1os...\" \/>\n<meta property=\"og:url\" content=\"https:\/\/webdelmaestrocmf.com\/portal\/denuncian-que-profesor-tomo-del-cuello-a-nino-y-lo-aislo-por-llegar-cinco-minutos-tarde-a-clase\/\" \/>\n<meta property=\"og:site_name\" content=\"Web del Maestro CMF\" \/>\n<meta property=\"article:publisher\" content=\"https:\/\/www.facebook.com\/WebdelMaestroCMF\/\" \/>\n<meta property=\"article:author\" content=\"https:\/\/www.facebook.com\/WebdelMaestroCMF\/\" \/>\n<meta property=\"article:published_time\" content=\"2025-07-15T00:28:35+00:00\" \/>\n<meta property=\"article:modified_time\" content=\"2025-07-15T00:28:38+00:00\" \/>\n<meta property=\"og:image\" content=\"https:\/\/webdelmaestrocmf.com\/portal\/wp-content\/uploads\/2025\/07\/1A-Banner-1-portada-imagen-10-1-copia-67.jpg\" \/>\n\t<meta property=\"og:image:width\" content=\"1003\" \/>\n\t<meta property=\"og:image:height\" content=\"667\" \/>\n\t<meta property=\"og:image:type\" content=\"image\/jpeg\" \/>\n<meta name=\"author\" content=\"Web del Maestro CMF\" \/>\n<meta name=\"twitter:card\" content=\"summary_large_image\" \/>\n<meta name=\"twitter:creator\" content=\"@cmf_w\" \/>\n<meta name=\"twitter:site\" content=\"@cmf_w\" \/>\n<script type=\"application\/ld+json\" class=\"yoast-schema-graph\">{\"@context\":\"https:\\\/\\\/schema.org\",\"@graph\":[{\"@type\":\"ScholarlyArticle\",\"@id\":\"https:\\\/\\\/webdelmaestrocmf.com\\\/portal\\\/denuncian-que-profesor-tomo-del-cuello-a-nino-y-lo-aislo-por-llegar-cinco-minutos-tarde-a-clase\\\/#article\",\"isPartOf\":{\"@id\":\"https:\\\/\\\/webdelmaestrocmf.com\\\/portal\\\/denuncian-que-profesor-tomo-del-cuello-a-nino-y-lo-aislo-por-llegar-cinco-minutos-tarde-a-clase\\\/\"},\"author\":{\"name\":\"Web del Maestro CMF\",\"@id\":\"https:\\\/\\\/webdelmaestrocmf.com\\\/portal\\\/#\\\/schema\\\/person\\\/1072a2ed7bd960df8ef99a551fa35dc5\"},\"headline\":\"Denuncian que profesor tom\u00f3 del cuello a ni\u00f1o y lo aisl\u00f3 por llegar cinco minutos tarde a clase\",\"datePublished\":\"2025-07-15T00:28:35+00:00\",\"dateModified\":\"2025-07-15T00:28:38+00:00\",\"mainEntityOfPage\":{\"@id\":\"https:\\\/\\\/webdelmaestrocmf.com\\\/portal\\\/denuncian-que-profesor-tomo-del-cuello-a-nino-y-lo-aislo-por-llegar-cinco-minutos-tarde-a-clase\\\/\"},\"wordCount\":742,\"commentCount\":10,\"publisher\":{\"@id\":\"https:\\\/\\\/webdelmaestrocmf.com\\\/portal\\\/#organization\"},\"image\":{\"@id\":\"https:\\\/\\\/webdelmaestrocmf.com\\\/portal\\\/denuncian-que-profesor-tomo-del-cuello-a-nino-y-lo-aislo-por-llegar-cinco-minutos-tarde-a-clase\\\/#primaryimage\"},\"thumbnailUrl\":\"https:\\\/\\\/webdelmaestrocmf.com\\\/portal\\\/wp-content\\\/uploads\\\/2025\\\/07\\\/1A-Banner-1-portada-imagen-10-1-copia-67.jpg\",\"keywords\":[\"aisl\u00f3\",\"CINCO\",\"CLASE\",\"cuello\",\"Denuncian\",\"minutos\",\"ni\u00f1o\",\"profesor\",\"tarde\"],\"articleSection\":[\"Noticias Internacionales\"],\"inLanguage\":\"es\",\"potentialAction\":[{\"@type\":\"CommentAction\",\"name\":\"Comment\",\"target\":[\"https:\\\/\\\/webdelmaestrocmf.com\\\/portal\\\/denuncian-que-profesor-tomo-del-cuello-a-nino-y-lo-aislo-por-llegar-cinco-minutos-tarde-a-clase\\\/#respond\"]}]},{\"@type\":\"WebPage\",\"@id\":\"https:\\\/\\\/webdelmaestrocmf.com\\\/portal\\\/denuncian-que-profesor-tomo-del-cuello-a-nino-y-lo-aislo-por-llegar-cinco-minutos-tarde-a-clase\\\/\",\"url\":\"https:\\\/\\\/webdelmaestrocmf.com\\\/portal\\\/denuncian-que-profesor-tomo-del-cuello-a-nino-y-lo-aislo-por-llegar-cinco-minutos-tarde-a-clase\\\/\",\"name\":\"Denuncian que profesor tom\u00f3 del cuello a ni\u00f1o y lo aisl\u00f3 por llegar cinco minutos tarde a clase - 2026\",\"isPartOf\":{\"@id\":\"https:\\\/\\\/webdelmaestrocmf.com\\\/portal\\\/#website\"},\"primaryImageOfPage\":{\"@id\":\"https:\\\/\\\/webdelmaestrocmf.com\\\/portal\\\/denuncian-que-profesor-tomo-del-cuello-a-nino-y-lo-aislo-por-llegar-cinco-minutos-tarde-a-clase\\\/#primaryimage\"},\"image\":{\"@id\":\"https:\\\/\\\/webdelmaestrocmf.com\\\/portal\\\/denuncian-que-profesor-tomo-del-cuello-a-nino-y-lo-aislo-por-llegar-cinco-minutos-tarde-a-clase\\\/#primaryimage\"},\"thumbnailUrl\":\"https:\\\/\\\/webdelmaestrocmf.com\\\/portal\\\/wp-content\\\/uploads\\\/2025\\\/07\\\/1A-Banner-1-portada-imagen-10-1-copia-67.jpg\",\"datePublished\":\"2025-07-15T00:28:35+00:00\",\"dateModified\":\"2025-07-15T00:28:38+00:00\",\"description\":\"El hecho involucra a un profesor del \u00e1rea de Convivencia Escolar, quien habr\u00eda tomado del cuello del poler\u00f3n a un estudiante de 11 a\u00f1os...\",\"breadcrumb\":{\"@id\":\"https:\\\/\\\/webdelmaestrocmf.com\\\/portal\\\/denuncian-que-profesor-tomo-del-cuello-a-nino-y-lo-aislo-por-llegar-cinco-minutos-tarde-a-clase\\\/#breadcrumb\"},\"inLanguage\":\"es\",\"potentialAction\":[{\"@type\":\"ReadAction\",\"target\":[\"https:\\\/\\\/webdelmaestrocmf.com\\\/portal\\\/denuncian-que-profesor-tomo-del-cuello-a-nino-y-lo-aislo-por-llegar-cinco-minutos-tarde-a-clase\\\/\"]}]},{\"@type\":\"ImageObject\",\"inLanguage\":\"es\",\"@id\":\"https:\\\/\\\/webdelmaestrocmf.com\\\/portal\\\/denuncian-que-profesor-tomo-del-cuello-a-nino-y-lo-aislo-por-llegar-cinco-minutos-tarde-a-clase\\\/#primaryimage\",\"url\":\"https:\\\/\\\/webdelmaestrocmf.com\\\/portal\\\/wp-content\\\/uploads\\\/2025\\\/07\\\/1A-Banner-1-portada-imagen-10-1-copia-67.jpg\",\"contentUrl\":\"https:\\\/\\\/webdelmaestrocmf.com\\\/portal\\\/wp-content\\\/uploads\\\/2025\\\/07\\\/1A-Banner-1-portada-imagen-10-1-copia-67.jpg\",\"width\":1003,\"height\":667},{\"@type\":\"BreadcrumbList\",\"@id\":\"https:\\\/\\\/webdelmaestrocmf.com\\\/portal\\\/denuncian-que-profesor-tomo-del-cuello-a-nino-y-lo-aislo-por-llegar-cinco-minutos-tarde-a-clase\\\/#breadcrumb\",\"itemListElement\":[{\"@type\":\"ListItem\",\"position\":1,\"name\":\"Portada\",\"item\":\"https:\\\/\\\/webdelmaestrocmf.com\\\/portal\\\/\"},{\"@type\":\"ListItem\",\"position\":2,\"name\":\"Noticias Internacionales\",\"item\":\"https:\\\/\\\/webdelmaestrocmf.com\\\/portal\\\/category\\\/noticias-internacionales\\\/\"},{\"@type\":\"ListItem\",\"position\":3,\"name\":\"Denuncian que profesor tom\u00f3 del cuello a ni\u00f1o y lo aisl\u00f3 por llegar cinco minutos tarde a clase\"}]},{\"@type\":\"WebSite\",\"@id\":\"https:\\\/\\\/webdelmaestrocmf.com\\\/portal\\\/#website\",\"url\":\"https:\\\/\\\/webdelmaestrocmf.com\\\/portal\\\/\",\"name\":\"Web del Maestro CMF\",\"description\":\"Maestros al servicio de la educaci\u00f3n\",\"publisher\":{\"@id\":\"https:\\\/\\\/webdelmaestrocmf.com\\\/portal\\\/#organization\"},\"alternateName\":\"WMCMF\",\"potentialAction\":[{\"@type\":\"SearchAction\",\"target\":{\"@type\":\"EntryPoint\",\"urlTemplate\":\"https:\\\/\\\/webdelmaestrocmf.com\\\/portal\\\/?s={search_term_string}\"},\"query-input\":{\"@type\":\"PropertyValueSpecification\",\"valueRequired\":true,\"valueName\":\"search_term_string\"}}],\"inLanguage\":\"es\"},{\"@type\":\"Organization\",\"@id\":\"https:\\\/\\\/webdelmaestrocmf.com\\\/portal\\\/#organization\",\"name\":\"Web del Maestro CMF\",\"alternateName\":\"WMCMF\",\"url\":\"https:\\\/\\\/webdelmaestrocmf.com\\\/portal\\\/\",\"logo\":{\"@type\":\"ImageObject\",\"inLanguage\":\"es\",\"@id\":\"https:\\\/\\\/webdelmaestrocmf.com\\\/portal\\\/#\\\/schema\\\/logo\\\/image\\\/\",\"url\":\"https:\\\/\\\/webdelmaestrocmf.com\\\/portal\\\/wp-content\\\/uploads\\\/2023\\\/01\\\/logo-wmcmf-2.png\",\"contentUrl\":\"https:\\\/\\\/webdelmaestrocmf.com\\\/portal\\\/wp-content\\\/uploads\\\/2023\\\/01\\\/logo-wmcmf-2.png\",\"width\":200,\"height\":60,\"caption\":\"Web del Maestro CMF\"},\"image\":{\"@id\":\"https:\\\/\\\/webdelmaestrocmf.com\\\/portal\\\/#\\\/schema\\\/logo\\\/image\\\/\"},\"sameAs\":[\"https:\\\/\\\/www.facebook.com\\\/WebdelMaestroCMF\\\/\",\"https:\\\/\\\/x.com\\\/cmf_w\",\"https:\\\/\\\/www.pinterest.com\\\/WMCMF\\\/\",\"https:\\\/\\\/www.linkedin.com\\\/company\\\/web-del-maestro-cmf\\\/\",\"https:\\\/\\\/www.instagram.com\\\/wmcmf\\\/\",\"https:\\\/\\\/www.youtube.com\\\/channel\\\/UCDPSvjbdodE5sHnC3OxutHw\",\"https:\\\/\\\/mastodon.social\\\/@wmcmf\",\"https:\\\/\\\/www.tiktok.com\\\/@webdelmaestrocmf\"]},{\"@type\":\"Person\",\"@id\":\"https:\\\/\\\/webdelmaestrocmf.com\\\/portal\\\/#\\\/schema\\\/person\\\/1072a2ed7bd960df8ef99a551fa35dc5\",\"name\":\"Web del Maestro CMF\",\"image\":{\"@type\":\"ImageObject\",\"inLanguage\":\"es\",\"@id\":\"https:\\\/\\\/secure.gravatar.com\\\/avatar\\\/23291dd5b5ae1077dcff3dbb04c3e02bd28403fa75af6d8787d5e97c5bbbe30b?s=96&d=mm&r=g\",\"url\":\"https:\\\/\\\/secure.gravatar.com\\\/avatar\\\/23291dd5b5ae1077dcff3dbb04c3e02bd28403fa75af6d8787d5e97c5bbbe30b?s=96&d=mm&r=g\",\"contentUrl\":\"https:\\\/\\\/secure.gravatar.com\\\/avatar\\\/23291dd5b5ae1077dcff3dbb04c3e02bd28403fa75af6d8787d5e97c5bbbe30b?s=96&d=mm&r=g\",\"caption\":\"Web del Maestro CMF\"},\"description\":\"Esta Web se cre\u00f3 sin fines de lucro, con fines educativos, cient\u00edficos y acad\u00e9micos, para personas que tengan dificultades y\\\/o inconvenientes en visualizar el material original. El objetivo es entregar recursos, compartir experiencias y materiales que ayuden a los padres de familia, maestros y estudiantes en su actualizaci\u00f3n y formaci\u00f3n permanente, en bien de la Educaci\u00f3n.\",\"sameAs\":[\"http:\\\/\\\/webdelmaestrocmf.com\\\/portal\",\"https:\\\/\\\/www.facebook.com\\\/WebdelMaestroCMF\\\/\",\"https:\\\/\\\/www.instagram.com\\\/wmcmf\\\/\",\"https:\\\/\\\/cl.linkedin.com\\\/company\\\/web-del-maestro-cmf\",\"https:\\\/\\\/www.pinterest.com\\\/WMCMF\\\/publicaciones\\\/\",\"https:\\\/\\\/x.com\\\/cmf_w\",\"https:\\\/\\\/www.youtube.com\\\/@WMCMF\"]}]}<\/script>\n<!-- \/ Yoast SEO plugin. -->","yoast_head_json":{"title":"Denuncian que profesor tom\u00f3 del cuello a ni\u00f1o y lo aisl\u00f3 por llegar cinco minutos tarde a clase - 2026","description":"El hecho involucra a un profesor del \u00e1rea de Convivencia Escolar, quien habr\u00eda tomado del cuello del poler\u00f3n a un estudiante de 11 a\u00f1os...","robots":{"index":"index","follow":"follow","max-snippet":"max-snippet:-1","max-image-preview":"max-image-preview:large","max-video-preview":"max-video-preview:-1"},"canonical":"https:\/\/webdelmaestrocmf.com\/portal\/denuncian-que-profesor-tomo-del-cuello-a-nino-y-lo-aislo-por-llegar-cinco-minutos-tarde-a-clase\/","og_locale":"es_ES","og_type":"article","og_title":"Denuncian que profesor tom\u00f3 del cuello a ni\u00f1o y lo aisl\u00f3 por llegar cinco minutos tarde a clase - 2026","og_description":"El hecho involucra a un profesor del \u00e1rea de Convivencia Escolar, quien habr\u00eda tomado del cuello del poler\u00f3n a un estudiante de 11 a\u00f1os...","og_url":"https:\/\/webdelmaestrocmf.com\/portal\/denuncian-que-profesor-tomo-del-cuello-a-nino-y-lo-aislo-por-llegar-cinco-minutos-tarde-a-clase\/","og_site_name":"Web del Maestro CMF","article_publisher":"https:\/\/www.facebook.com\/WebdelMaestroCMF\/","article_author":"https:\/\/www.facebook.com\/WebdelMaestroCMF\/","article_published_time":"2025-07-15T00:28:35+00:00","article_modified_time":"2025-07-15T00:28:38+00:00","og_image":[{"width":1003,"height":667,"url":"https:\/\/webdelmaestrocmf.com\/portal\/wp-content\/uploads\/2025\/07\/1A-Banner-1-portada-imagen-10-1-copia-67.jpg","type":"image\/jpeg"}],"author":"Web del Maestro CMF","twitter_card":"summary_large_image","twitter_creator":"@cmf_w","twitter_site":"@cmf_w","schema":{"@context":"https:\/\/schema.org","@graph":[{"@type":"ScholarlyArticle","@id":"https:\/\/webdelmaestrocmf.com\/portal\/denuncian-que-profesor-tomo-del-cuello-a-nino-y-lo-aislo-por-llegar-cinco-minutos-tarde-a-clase\/#article","isPartOf":{"@id":"https:\/\/webdelmaestrocmf.com\/portal\/denuncian-que-profesor-tomo-del-cuello-a-nino-y-lo-aislo-por-llegar-cinco-minutos-tarde-a-clase\/"},"author":{"name":"Web del Maestro CMF","@id":"https:\/\/webdelmaestrocmf.com\/portal\/#\/schema\/person\/1072a2ed7bd960df8ef99a551fa35dc5"},"headline":"Denuncian que profesor tom\u00f3 del cuello a ni\u00f1o y lo aisl\u00f3 por llegar cinco minutos tarde a clase","datePublished":"2025-07-15T00:28:35+00:00","dateModified":"2025-07-15T00:28:38+00:00","mainEntityOfPage":{"@id":"https:\/\/webdelmaestrocmf.com\/portal\/denuncian-que-profesor-tomo-del-cuello-a-nino-y-lo-aislo-por-llegar-cinco-minutos-tarde-a-clase\/"},"wordCount":742,"commentCount":10,"publisher":{"@id":"https:\/\/webdelmaestrocmf.com\/portal\/#organization"},"image":{"@id":"https:\/\/webdelmaestrocmf.com\/portal\/denuncian-que-profesor-tomo-del-cuello-a-nino-y-lo-aislo-por-llegar-cinco-minutos-tarde-a-clase\/#primaryimage"},"thumbnailUrl":"https:\/\/webdelmaestrocmf.com\/portal\/wp-content\/uploads\/2025\/07\/1A-Banner-1-portada-imagen-10-1-copia-67.jpg","keywords":["aisl\u00f3","CINCO","CLASE","cuello","Denuncian","minutos","ni\u00f1o","profesor","tarde"],"articleSection":["Noticias Internacionales"],"inLanguage":"es","potentialAction":[{"@type":"CommentAction","name":"Comment","target":["https:\/\/webdelmaestrocmf.com\/portal\/denuncian-que-profesor-tomo-del-cuello-a-nino-y-lo-aislo-por-llegar-cinco-minutos-tarde-a-clase\/#respond"]}]},{"@type":"WebPage","@id":"https:\/\/webdelmaestrocmf.com\/portal\/denuncian-que-profesor-tomo-del-cuello-a-nino-y-lo-aislo-por-llegar-cinco-minutos-tarde-a-clase\/","url":"https:\/\/webdelmaestrocmf.com\/portal\/denuncian-que-profesor-tomo-del-cuello-a-nino-y-lo-aislo-por-llegar-cinco-minutos-tarde-a-clase\/","name":"Denuncian que profesor tom\u00f3 del cuello a ni\u00f1o y lo aisl\u00f3 por llegar cinco minutos tarde a clase - 2026","isPartOf":{"@id":"https:\/\/webdelmaestrocmf.com\/portal\/#website"},"primaryImageOfPage":{"@id":"https:\/\/webdelmaestrocmf.com\/portal\/denuncian-que-profesor-tomo-del-cuello-a-nino-y-lo-aislo-por-llegar-cinco-minutos-tarde-a-clase\/#primaryimage"},"image":{"@id":"https:\/\/webdelmaestrocmf.com\/portal\/denuncian-que-profesor-tomo-del-cuello-a-nino-y-lo-aislo-por-llegar-cinco-minutos-tarde-a-clase\/#primaryimage"},"thumbnailUrl":"https:\/\/webdelmaestrocmf.com\/portal\/wp-content\/uploads\/2025\/07\/1A-Banner-1-portada-imagen-10-1-copia-67.jpg","datePublished":"2025-07-15T00:28:35+00:00","dateModified":"2025-07-15T00:28:38+00:00","description":"El hecho involucra a un profesor del \u00e1rea de Convivencia Escolar, quien habr\u00eda tomado del cuello del poler\u00f3n a un estudiante de 11 a\u00f1os...","breadcrumb":{"@id":"https:\/\/webdelmaestrocmf.com\/portal\/denuncian-que-profesor-tomo-del-cuello-a-nino-y-lo-aislo-por-llegar-cinco-minutos-tarde-a-clase\/#breadcrumb"},"inLanguage":"es","potentialAction":[{"@type":"ReadAction","target":["https:\/\/webdelmaestrocmf.com\/portal\/denuncian-que-profesor-tomo-del-cuello-a-nino-y-lo-aislo-por-llegar-cinco-minutos-tarde-a-clase\/"]}]},{"@type":"ImageObject","inLanguage":"es","@id":"https:\/\/webdelmaestrocmf.com\/portal\/denuncian-que-profesor-tomo-del-cuello-a-nino-y-lo-aislo-por-llegar-cinco-minutos-tarde-a-clase\/#primaryimage","url":"https:\/\/webdelmaestrocmf.com\/portal\/wp-content\/uploads\/2025\/07\/1A-Banner-1-portada-imagen-10-1-copia-67.jpg","contentUrl":"https:\/\/webdelmaestrocmf.com\/portal\/wp-content\/uploads\/2025\/07\/1A-Banner-1-portada-imagen-10-1-copia-67.jpg","width":1003,"height":667},{"@type":"BreadcrumbList","@id":"https:\/\/webdelmaestrocmf.com\/portal\/denuncian-que-profesor-tomo-del-cuello-a-nino-y-lo-aislo-por-llegar-cinco-minutos-tarde-a-clase\/#breadcrumb","itemListElement":[{"@type":"ListItem","position":1,"name":"Portada","item":"https:\/\/webdelmaestrocmf.com\/portal\/"},{"@type":"ListItem","position":2,"name":"Noticias Internacionales","item":"https:\/\/webdelmaestrocmf.com\/portal\/category\/noticias-internacionales\/"},{"@type":"ListItem","position":3,"name":"Denuncian que profesor tom\u00f3 del cuello a ni\u00f1o y lo aisl\u00f3 por llegar cinco minutos tarde a clase"}]},{"@type":"WebSite","@id":"https:\/\/webdelmaestrocmf.com\/portal\/#website","url":"https:\/\/webdelmaestrocmf.com\/portal\/","name":"Web del Maestro CMF","description":"Maestros al servicio de la educaci\u00f3n","publisher":{"@id":"https:\/\/webdelmaestrocmf.com\/portal\/#organization"},"alternateName":"WMCMF","potentialAction":[{"@type":"SearchAction","target":{"@type":"EntryPoint","urlTemplate":"https:\/\/webdelmaestrocmf.com\/portal\/?s={search_term_string}"},"query-input":{"@type":"PropertyValueSpecification","valueRequired":true,"valueName":"search_term_string"}}],"inLanguage":"es"},{"@type":"Organization","@id":"https:\/\/webdelmaestrocmf.com\/portal\/#organization","name":"Web del Maestro CMF","alternateName":"WMCMF","url":"https:\/\/webdelmaestrocmf.com\/portal\/","logo":{"@type":"ImageObject","inLanguage":"es","@id":"https:\/\/webdelmaestrocmf.com\/portal\/#\/schema\/logo\/image\/","url":"https:\/\/webdelmaestrocmf.com\/portal\/wp-content\/uploads\/2023\/01\/logo-wmcmf-2.png","contentUrl":"https:\/\/webdelmaestrocmf.com\/portal\/wp-content\/uploads\/2023\/01\/logo-wmcmf-2.png","width":200,"height":60,"caption":"Web del Maestro CMF"},"image":{"@id":"https:\/\/webdelmaestrocmf.com\/portal\/#\/schema\/logo\/image\/"},"sameAs":["https:\/\/www.facebook.com\/WebdelMaestroCMF\/","https:\/\/x.com\/cmf_w","https:\/\/www.pinterest.com\/WMCMF\/","https:\/\/www.linkedin.com\/company\/web-del-maestro-cmf\/","https:\/\/www.instagram.com\/wmcmf\/","https:\/\/www.youtube.com\/channel\/UCDPSvjbdodE5sHnC3OxutHw","https:\/\/mastodon.social\/@wmcmf","https:\/\/www.tiktok.com\/@webdelmaestrocmf"]},{"@type":"Person","@id":"https:\/\/webdelmaestrocmf.com\/portal\/#\/schema\/person\/1072a2ed7bd960df8ef99a551fa35dc5","name":"Web del Maestro CMF","image":{"@type":"ImageObject","inLanguage":"es","@id":"https:\/\/secure.gravatar.com\/avatar\/23291dd5b5ae1077dcff3dbb04c3e02bd28403fa75af6d8787d5e97c5bbbe30b?s=96&d=mm&r=g","url":"https:\/\/secure.gravatar.com\/avatar\/23291dd5b5ae1077dcff3dbb04c3e02bd28403fa75af6d8787d5e97c5bbbe30b?s=96&d=mm&r=g","contentUrl":"https:\/\/secure.gravatar.com\/avatar\/23291dd5b5ae1077dcff3dbb04c3e02bd28403fa75af6d8787d5e97c5bbbe30b?s=96&d=mm&r=g","caption":"Web del Maestro CMF"},"description":"Esta Web se cre\u00f3 sin fines de lucro, con fines educativos, cient\u00edficos y acad\u00e9micos, para personas que tengan dificultades y\/o inconvenientes en visualizar el material original. El objetivo es entregar recursos, compartir experiencias y materiales que ayuden a los padres de familia, maestros y estudiantes en su actualizaci\u00f3n y formaci\u00f3n permanente, en bien de la Educaci\u00f3n.","sameAs":["http:\/\/webdelmaestrocmf.com\/portal","https:\/\/www.facebook.com\/WebdelMaestroCMF\/","https:\/\/www.instagram.com\/wmcmf\/","https:\/\/cl.linkedin.com\/company\/web-del-maestro-cmf","https:\/\/www.pinterest.com\/WMCMF\/publicaciones\/","https:\/\/x.com\/cmf_w","https:\/\/www.youtube.com\/@WMCMF"]}]}},"jetpack_sharing_enabled":true,"jetpack-related-posts":[{"id":113885,"url":"https:\/\/webdelmaestrocmf.com\/portal\/la-denuncia-de-una-profesora-en-tiktok-reabre-un-debate-urgente-el-respeto-perdido-en-las-aulas\/","url_meta":{"origin":111218,"position":0},"title":"Profesora denuncia la falta de respeto en las aulas: \u201cNo hay manera de hablar, no escuchan\u201d","author":"Web del Maestro CMF","date":"8 diciembre, 2025","format":false,"excerpt":"Una profesora expone en TikTok el desgaste docente y la falta de respeto en las aulas, desatando un debate urgente sobre la convivencia escolar.","rel":"","context":"En \u00abNoticias Internacionales\u00bb","block_context":{"text":"Noticias Internacionales","link":"https:\/\/webdelmaestrocmf.com\/portal\/category\/noticias-internacionales\/"},"img":{"alt_text":"","src":"https:\/\/i0.wp.com\/webdelmaestrocmf.com\/portal\/wp-content\/uploads\/2025\/12\/1A-Banner-1-portada-imagen-10-1-copia-9.webp?resize=350%2C200&ssl=1","width":350,"height":200,"srcset":"https:\/\/i0.wp.com\/webdelmaestrocmf.com\/portal\/wp-content\/uploads\/2025\/12\/1A-Banner-1-portada-imagen-10-1-copia-9.webp?resize=350%2C200&ssl=1 1x, https:\/\/i0.wp.com\/webdelmaestrocmf.com\/portal\/wp-content\/uploads\/2025\/12\/1A-Banner-1-portada-imagen-10-1-copia-9.webp?resize=525%2C300&ssl=1 1.5x, https:\/\/i0.wp.com\/webdelmaestrocmf.com\/portal\/wp-content\/uploads\/2025\/12\/1A-Banner-1-portada-imagen-10-1-copia-9.webp?resize=700%2C400&ssl=1 2x"},"classes":[]},{"id":119920,"url":"https:\/\/webdelmaestrocmf.com\/portal\/profesora-denuncia-amenazas-y-acoso-por-parte-de-alumno-y-madre-de-familia-mientras-autoridades-guardan-silencio\/","url_meta":{"origin":111218,"position":1},"title":"Profesora denuncia amenazas y acoso por parte de alumno y madre de familia mientras autoridades guardan silencio","author":"Web del Maestro CMF","date":"4 junio, 2026","format":false,"excerpt":"Profesora de secundaria denunci\u00f3 amenazas y hostigamiento de un alumno y su madre. Aunque pidi\u00f3 protecci\u00f3n y present\u00f3 una denuncia penal, las autoridades escolares le habr\u00edan solicitado guardar silencio ante el conflicto","rel":"","context":"En \u00abNoticias Internacionales\u00bb","block_context":{"text":"Noticias Internacionales","link":"https:\/\/webdelmaestrocmf.com\/portal\/category\/noticias-internacionales\/"},"img":{"alt_text":"","src":"https:\/\/i0.wp.com\/webdelmaestrocmf.com\/portal\/wp-content\/uploads\/2026\/06\/1-1.webp?resize=350%2C200&ssl=1","width":350,"height":200,"srcset":"https:\/\/i0.wp.com\/webdelmaestrocmf.com\/portal\/wp-content\/uploads\/2026\/06\/1-1.webp?resize=350%2C200&ssl=1 1x, https:\/\/i0.wp.com\/webdelmaestrocmf.com\/portal\/wp-content\/uploads\/2026\/06\/1-1.webp?resize=525%2C300&ssl=1 1.5x, https:\/\/i0.wp.com\/webdelmaestrocmf.com\/portal\/wp-content\/uploads\/2026\/06\/1-1.webp?resize=700%2C400&ssl=1 2x, https:\/\/i0.wp.com\/webdelmaestrocmf.com\/portal\/wp-content\/uploads\/2026\/06\/1-1.webp?resize=1050%2C600&ssl=1 3x"},"classes":[]},{"id":115126,"url":"https:\/\/webdelmaestrocmf.com\/portal\/madre-corrige-a-su-hijo-por-insultar-a-su-profesor-y-molestar-a-sus-companeras\/","url_meta":{"origin":111218,"position":2},"title":"Madre corrige a su hijo por insultar a su profesor y molestar a sus compa\u00f1eras","author":"Web del Maestro CMF","date":"4 febrero, 2026","format":false,"excerpt":"Madre admite haber corregido f\u00edsicamente a su hijo de 12 a\u00f1os tras denuncias de insultos a un profesor: \u201c...prefiere corregirlo ahora antes de que se convierta en un delincuente en el futuro\u201d.","rel":"","context":"En \u00abNoticias Internacionales\u00bb","block_context":{"text":"Noticias Internacionales","link":"https:\/\/webdelmaestrocmf.com\/portal\/category\/noticias-internacionales\/"},"img":{"alt_text":"","src":"https:\/\/i0.wp.com\/webdelmaestrocmf.com\/portal\/wp-content\/uploads\/2026\/02\/1A-Banner-1-portada-imagen-10-1-copia-6.webp?resize=350%2C200&ssl=1","width":350,"height":200,"srcset":"https:\/\/i0.wp.com\/webdelmaestrocmf.com\/portal\/wp-content\/uploads\/2026\/02\/1A-Banner-1-portada-imagen-10-1-copia-6.webp?resize=350%2C200&ssl=1 1x, https:\/\/i0.wp.com\/webdelmaestrocmf.com\/portal\/wp-content\/uploads\/2026\/02\/1A-Banner-1-portada-imagen-10-1-copia-6.webp?resize=525%2C300&ssl=1 1.5x, https:\/\/i0.wp.com\/webdelmaestrocmf.com\/portal\/wp-content\/uploads\/2026\/02\/1A-Banner-1-portada-imagen-10-1-copia-6.webp?resize=700%2C400&ssl=1 2x"},"classes":[]},{"id":120135,"url":"https:\/\/webdelmaestrocmf.com\/portal\/profesor-habria-castigado-a-nino-con-autismo-obligandolo-a-limpiar-banos-y-desata-indignacion\/","url_meta":{"origin":111218,"position":3},"title":"Profesor habr\u00eda castigado a ni\u00f1o con autismo oblig\u00e1ndolo a limpiar ba\u00f1os y desata indignaci\u00f3n","author":"Web del Maestro CMF","date":"16 junio, 2026","format":false,"excerpt":"Un ni\u00f1o con autismo habr\u00eda sido castigado por su profesor oblig\u00e1ndolo a limpiar ba\u00f1os en su escuela. El caso provoc\u00f3 indignaci\u00f3n, investigaci\u00f3n oficial y reabri\u00f3 el debate sobre inclusi\u00f3n y trato docente","rel":"","context":"En \u00abNoticias Internacionales\u00bb","block_context":{"text":"Noticias Internacionales","link":"https:\/\/webdelmaestrocmf.com\/portal\/category\/noticias-internacionales\/"},"img":{"alt_text":"","src":"https:\/\/i0.wp.com\/webdelmaestrocmf.com\/portal\/wp-content\/uploads\/2026\/06\/1AA-Banner-1-portada-imagen-10-1-copia-24.webp?resize=350%2C200&ssl=1","width":350,"height":200,"srcset":"https:\/\/i0.wp.com\/webdelmaestrocmf.com\/portal\/wp-content\/uploads\/2026\/06\/1AA-Banner-1-portada-imagen-10-1-copia-24.webp?resize=350%2C200&ssl=1 1x, https:\/\/i0.wp.com\/webdelmaestrocmf.com\/portal\/wp-content\/uploads\/2026\/06\/1AA-Banner-1-portada-imagen-10-1-copia-24.webp?resize=525%2C300&ssl=1 1.5x, https:\/\/i0.wp.com\/webdelmaestrocmf.com\/portal\/wp-content\/uploads\/2026\/06\/1AA-Banner-1-portada-imagen-10-1-copia-24.webp?resize=700%2C400&ssl=1 2x, https:\/\/i0.wp.com\/webdelmaestrocmf.com\/portal\/wp-content\/uploads\/2026\/06\/1AA-Banner-1-portada-imagen-10-1-copia-24.webp?resize=1050%2C600&ssl=1 3x"},"classes":[]},{"id":113598,"url":"https:\/\/webdelmaestrocmf.com\/portal\/un-profesor-agredido-a-patadas-por-un-alumno-aun-tengo-miedo-de-que-me-vuelvan-a-pegar\/","url_meta":{"origin":111218,"position":4},"title":"Un profesor agredido a patadas por un alumno: \u201cA\u00fan tengo miedo de que me vuelvan a pegar\u201d","author":"Web del Maestro CMF","date":"23 noviembre, 2025","format":false,"excerpt":"Tribunal condenan a 2 a\u00f1os de c\u00e1rcel a estudiante que pate\u00f3 en el rostro a su profesor tras informarle que repetir\u00eda el curso.","rel":"","context":"En \u00abNoticias Internacionales\u00bb","block_context":{"text":"Noticias Internacionales","link":"https:\/\/webdelmaestrocmf.com\/portal\/category\/noticias-internacionales\/"},"img":{"alt_text":"","src":"https:\/\/i0.wp.com\/webdelmaestrocmf.com\/portal\/wp-content\/uploads\/2025\/11\/1A-Banner-1-portada-imagen-10-1-copia-2-3.webp?resize=350%2C200&ssl=1","width":350,"height":200,"srcset":"https:\/\/i0.wp.com\/webdelmaestrocmf.com\/portal\/wp-content\/uploads\/2025\/11\/1A-Banner-1-portada-imagen-10-1-copia-2-3.webp?resize=350%2C200&ssl=1 1x, https:\/\/i0.wp.com\/webdelmaestrocmf.com\/portal\/wp-content\/uploads\/2025\/11\/1A-Banner-1-portada-imagen-10-1-copia-2-3.webp?resize=525%2C300&ssl=1 1.5x, https:\/\/i0.wp.com\/webdelmaestrocmf.com\/portal\/wp-content\/uploads\/2025\/11\/1A-Banner-1-portada-imagen-10-1-copia-2-3.webp?resize=700%2C400&ssl=1 2x"},"classes":[]},{"id":119795,"url":"https:\/\/webdelmaestrocmf.com\/portal\/madre-critica-a-profesora-por-quitarle-un-peluche-a-su-hija-en-clase-y-desata-debate-sobre-los-limites-de-la-disciplina-escolar\/","url_meta":{"origin":111218,"position":5},"title":"Madre critica a profesora por quitarle un peluche a su hija en clase y desata debate sobre los l\u00edmites de la disciplina escolar","author":"Web del Maestro CMF","date":"1 junio, 2026","format":false,"excerpt":"Una madre cuestion\u00f3 a una profesora por retirar un peluche a su hija durante clase. Tras la pol\u00e9mica, reconoci\u00f3 que exager\u00f3. El caso reabri\u00f3 el debate sobre disciplina, autoridad docente y convivencia escolar.","rel":"","context":"En \u00abNoticias Internacionales\u00bb","block_context":{"text":"Noticias Internacionales","link":"https:\/\/webdelmaestrocmf.com\/portal\/category\/noticias-internacionales\/"},"img":{"alt_text":"","src":"https:\/\/i0.wp.com\/webdelmaestrocmf.com\/portal\/wp-content\/uploads\/2026\/06\/1AA-Banner-1-portada-imagen-10-1-copia-2.webp?resize=350%2C200&ssl=1","width":350,"height":200,"srcset":"https:\/\/i0.wp.com\/webdelmaestrocmf.com\/portal\/wp-content\/uploads\/2026\/06\/1AA-Banner-1-portada-imagen-10-1-copia-2.webp?resize=350%2C200&ssl=1 1x, https:\/\/i0.wp.com\/webdelmaestrocmf.com\/portal\/wp-content\/uploads\/2026\/06\/1AA-Banner-1-portada-imagen-10-1-copia-2.webp?resize=525%2C300&ssl=1 1.5x, https:\/\/i0.wp.com\/webdelmaestrocmf.com\/portal\/wp-content\/uploads\/2026\/06\/1AA-Banner-1-portada-imagen-10-1-copia-2.webp?resize=700%2C400&ssl=1 2x, https:\/\/i0.wp.com\/webdelmaestrocmf.com\/portal\/wp-content\/uploads\/2026\/06\/1AA-Banner-1-portada-imagen-10-1-copia-2.webp?resize=1050%2C600&ssl=1 3x"},"classes":[]}],"jetpack_featured_media_url":"https:\/\/webdelmaestrocmf.com\/portal\/wp-content\/uploads\/2025\/07\/1A-Banner-1-portada-imagen-10-1-copia-67.jpg","_links":{"self":[{"href":"https:\/\/webdelmaestrocmf.com\/portal\/wp-json\/wp\/v2\/posts\/111218","targetHints":{"allow":["GET"]}}],"collection":[{"href":"https:\/\/webdelmaestrocmf.com\/portal\/wp-json\/wp\/v2\/posts"}],"about":[{"href":"https:\/\/webdelmaestrocmf.com\/portal\/wp-json\/wp\/v2\/types\/post"}],"author":[{"embeddable":true,"href":"https:\/\/webdelmaestrocmf.com\/portal\/wp-json\/wp\/v2\/users\/1"}],"replies":[{"embeddable":true,"href":"https:\/\/webdelmaestrocmf.com\/portal\/wp-json\/wp\/v2\/comments?post=111218"}],"version-history":[{"count":1,"href":"https:\/\/webdelmaestrocmf.com\/portal\/wp-json\/wp\/v2\/posts\/111218\/revisions"}],"predecessor-version":[{"id":111220,"href":"https:\/\/webdelmaestrocmf.com\/portal\/wp-json\/wp\/v2\/posts\/111218\/revisions\/111220"}],"wp:featuredmedia":[{"embeddable":true,"href":"https:\/\/webdelmaestrocmf.com\/portal\/wp-json\/wp\/v2\/media\/111219"}],"wp:attachment":[{"href":"https:\/\/webdelmaestrocmf.com\/portal\/wp-json\/wp\/v2\/media?parent=111218"}],"wp:term":[{"taxonomy":"category","embeddable":true,"href":"https:\/\/webdelmaestrocmf.com\/portal\/wp-json\/wp\/v2\/categories?post=111218"},{"taxonomy":"post_tag","embeddable":true,"href":"https:\/\/webdelmaestrocmf.com\/portal\/wp-json\/wp\/v2\/tags?post=111218"}],"curies":[{"name":"wp","href":"https:\/\/api.w.org\/{rel}","templated":true}]}}