{"id":111111,"date":"2025-07-11T12:10:58","date_gmt":"2025-07-11T16:10:58","guid":{"rendered":"https:\/\/webdelmaestrocmf.com\/portal\/?p=111111"},"modified":"2026-02-21T19:17:27","modified_gmt":"2026-02-21T22:17:27","slug":"las-habilidades-esenciales-del-docente-de-hoy","status":"publish","type":"post","link":"https:\/\/webdelmaestrocmf.com\/portal\/las-habilidades-esenciales-del-docente-de-hoy\/","title":{"rendered":"Las habilidades esenciales del docente de hoy"},"content":{"rendered":"\n<p>En tiempos donde la educaci\u00f3n ya no se define solo por el traspaso de conocimientos, el rol del docente ha cambiado radicalmente. Ense\u00f1ar hoy va mucho m\u00e1s all\u00e1 de saberse el temario o dominar una especialidad. Implica acompa\u00f1ar, inspirar y transformar desde el aula, en una realidad cada vez m\u00e1s compleja y diversa.<\/p>\n\n\n\n<p>\u00bfEst\u00e1s preparado para ese desaf\u00edo?<\/p>\n\n\n\n<p>Este art\u00edculo re\u00fane ocho habilidades esenciales que todo docente, especialmente quienes trabajan en Formaci\u00f3n Profesional, deber\u00eda desarrollar si quiere impactar verdaderamente en sus estudiantes. Cada una de estas habilidades se puede entrenar y llevar a la pr\u00e1ctica con estrategias concretas que combinan pedagog\u00eda, inteligencia emocional y adaptaci\u00f3n al mundo real.<\/p>\n\n\n\n<h2 class=\"wp-block-heading\">1. <strong>Empat\u00eda avanzada: leer lo que no se dice<\/strong><\/h2>\n\n\n\n<p>Ense\u00f1ar sin entender al otro es como hablar sin escuchar. La empat\u00eda avanzada no es solo \u201cser buena onda\u201d, sino ser capaz de detectar lo que el estudiante no verbaliza: frustraciones, miedos, desmotivaci\u00f3n.<\/p>\n\n\n\n<p><strong>\u00bfC\u00f3mo se entrena?<\/strong><\/p>\n\n\n\n<ul class=\"wp-block-list\">\n<li>Con un diario emocional guiado, donde el alumnado refleje semanalmente sus estados de \u00e1nimo.<\/li>\n\n\n\n<li>Observando sin intervenir durante ciertas actividades para identificar actitudes clave.<\/li>\n\n\n\n<li>Aplicando escucha activa en tutor\u00edas, con silencios y preguntas que validen lo que sienten.<\/li>\n<\/ul>\n\n\n\n<p>Empatizar no es cargar con los problemas de los dem\u00e1s, es conectar para poder ense\u00f1ar de verdad.<\/p>\n\n\n\n<h2 class=\"wp-block-heading\">2. <strong>Comunicaci\u00f3n estrat\u00e9gica: no solo lo que dices, sino c\u00f3mo lo dices<\/strong><\/h2>\n\n\n\n<p>Dominar la comunicaci\u00f3n verbal, no verbal y digital es una herramienta poderosa. No se trata de hablar m\u00e1s fuerte, sino de hacerlo con intenci\u00f3n y claridad.<\/p>\n\n\n\n<p><strong>\u00bfC\u00f3mo se entrena?<\/strong><\/p>\n\n\n\n<ul class=\"wp-block-list\">\n<li>Estructura tus clases con el \u201cs\u00e1ndwich did\u00e1ctico\u201d: contexto, contenido y conexi\u00f3n con el mundo real.<\/li>\n\n\n\n<li>Usa la reformulaci\u00f3n en espejo: deja que el alumnado explique con sus palabras.<\/li>\n\n\n\n<li>Eval\u00faa tambi\u00e9n c\u00f3mo comunican, no solo qu\u00e9 comunican.<\/li>\n<\/ul>\n\n\n\n<p>Porque la comprensi\u00f3n no se mide en silencios, sino en conexiones.<\/p>\n\n\n\n<h2 class=\"wp-block-heading\">3. <strong>Flexibilidad pedag\u00f3gica: adaptarse sin perder el rumbo<\/strong><\/h2>\n\n\n\n<p>Los imprevistos existen, los ritmos cambian, y lo que funcion\u00f3 ayer, hoy puede fallar. La flexibilidad pedag\u00f3gica es responder a esa variabilidad sin colapsar.<\/p>\n\n\n\n<p><strong>\u00bfC\u00f3mo se entrena?<\/strong><\/p>\n\n\n\n<ul class=\"wp-block-list\">\n<li>Planifica en capas: contenidos esenciales, ampliados y opcionales.<\/li>\n\n\n\n<li>Programa sesiones \u201cbuffer\u201d para ajustar sobre la marcha.<\/li>\n\n\n\n<li>Verbaliza los cambios. Mostrar que adaptarse tambi\u00e9n es ense\u00f1ar.<\/li>\n<\/ul>\n\n\n\n<p>El aula no es un guion fijo, es una conversaci\u00f3n en construcci\u00f3n.<\/p>\n\n\n\n<h2 class=\"wp-block-heading\">4. <strong>Formaci\u00f3n permanente y reflexiva: el que ense\u00f1a, tambi\u00e9n aprende<\/strong><\/h2>\n\n\n\n<p>Un docente que no se forma, se desconecta. Y en FP, donde la realidad cambia con la tecnolog\u00eda y el mercado, esto es a\u00fan m\u00e1s cr\u00edtico.<\/p>\n\n\n\n<p><strong>\u00bfC\u00f3mo se entrena?<\/strong><\/p>\n\n\n\n<ul class=\"wp-block-list\">\n<li>Lleva una bit\u00e1cora docente para reflexionar cada semana.<\/li>\n\n\n\n<li>Hazte autoevaluaciones trimestrales para medir tu evoluci\u00f3n.<\/li>\n\n\n\n<li>Mantente en contacto con el mundo laboral: entrevistas, visitas, redes.<\/li>\n<\/ul>\n\n\n\n<p>No hay innovaci\u00f3n sin aprendizaje. No hay credibilidad sin actualizaci\u00f3n.<\/p>\n\n\n\n<h2 class=\"wp-block-heading\">5. <strong>Colaboraci\u00f3n interdisciplinar: nadie ense\u00f1a solo<\/strong><\/h2>\n\n\n\n<p>Romper las paredes del aula no solo implica usar internet, tambi\u00e9n implica trabajar con otros. Combinar saberes y experiencias genera proyectos m\u00e1s reales, integradores y efectivos.<\/p>\n\n\n\n<p><strong>\u00bfC\u00f3mo se entrena?<\/strong><\/p>\n\n\n\n<ul class=\"wp-block-list\">\n<li>Dise\u00f1a proyectos ABP con docentes de otros m\u00f3dulos o \u00e1reas.<\/li>\n\n\n\n<li>Invita expertos o colegas a tus clases.<\/li>\n\n\n\n<li>Crea repositorios de buenas pr\u00e1cticas entre docentes.<\/li>\n<\/ul>\n\n\n\n<p>Compartir no te resta autoridad, te multiplica como profesional.<\/p>\n\n\n\n<h2 class=\"wp-block-heading\">6. <strong>Creatividad e innovaci\u00f3n: sal del molde sin perder el foco<\/strong><\/h2>\n\n\n\n<p>Innovar no es hacer \u201ccosas locas\u201d. Es romper la rutina de manera significativa, es darle una vuelta a lo que ya hac\u00edas para conectar mejor con los estudiantes.<\/p>\n\n\n\n<p><strong>\u00bfC\u00f3mo se entrena?<\/strong><\/p>\n\n\n\n<ul class=\"wp-block-list\">\n<li>Cambia solo un elemento de una actividad que ya conoces.<\/li>\n\n\n\n<li>Actualiza tus materiales antiguos con formatos nuevos (podcast, cartel, concurso\u2026).<\/li>\n\n\n\n<li>Invierte los enfoques: que partan del error, que se corrijan entre ellos, que dise\u00f1en clases.<\/li>\n<\/ul>\n\n\n\n<p>La innovaci\u00f3n empieza cuando te preguntas: \u201c\u00bfY si lo hici\u00e9ramos al rev\u00e9s?\u201d.<\/p>\n\n\n\n<h2 class=\"wp-block-heading\">7. <strong>Liderazgo transformacional: guiar sin imponer<\/strong><\/h2>\n\n\n\n<p>Ser l\u00edder no es mandar. Es inspirar, modelar y empoderar. Es construir un v\u00ednculo donde el estudiante quiera seguirte, no porque \u201ctoca\u201d, sino porque cree en lo que haces.<\/p>\n\n\n\n<p><strong>\u00bfC\u00f3mo se entrena?<\/strong><\/p>\n\n\n\n<ul class=\"wp-block-list\">\n<li>Predica con el ejemplo: llega a tiempo, mantente curioso, respeta al corregir.<\/li>\n\n\n\n<li>Crea espacios para reconocer fortalezas del grupo.<\/li>\n\n\n\n<li>Habla de tus errores con naturalidad y aprende de ellos junto con tus estudiantes.<\/li>\n<\/ul>\n\n\n\n<p>El respeto no se exige. Se cultiva.<\/p>\n\n\n\n<h2 class=\"wp-block-heading\">8. <strong>Gesti\u00f3n avanzada del aula: equilibrio entre estructura y humanidad<\/strong><\/h2>\n\n\n\n<p>Un aula no es solo un espacio f\u00edsico, es un ecosistema emocional y pedag\u00f3gico. Saber gestionarlo implica anticiparse, regular y delegar.<\/p>\n\n\n\n<p><strong>\u00bfC\u00f3mo se entrena?<\/strong><\/p>\n\n\n\n<ul class=\"wp-block-list\">\n<li>Establece rutinas visuales y normas co-creadas desde el primer d\u00eda.<\/li>\n\n\n\n<li>Aplica el \u201ccheck-in emocional\u201d semanal con recursos visuales.<\/li>\n\n\n\n<li>Usa la t\u00e9cnica del sem\u00e1foro para intervenir solo cuando hace falta.<\/li>\n<\/ul>\n\n\n\n<p>Un aula bien gestionada no es la que est\u00e1 en silencio\u2026 es la que est\u00e1 en armon\u00eda.<\/p>\n\n\n\n<iframe loading=\"lazy\" src=\"https:\/\/drive.google.com\/file\/d\/1JqjaFzFNNPf05wm4NnO12uGCC0wR8T7u\/preview\" width=\"100%\" height=\"700\" allow=\"autoplay\"><\/iframe>\n\n\n\n<h2 class=\"wp-block-heading\"><strong>Conclusi\u00f3n<\/strong><\/h2>\n\n\n\n<p>El docente del siglo XXI no es un repetidor de contenidos, es un constructor de experiencias, un facilitador del cambio, un referente emocional y profesional.<\/p>\n\n\n\n<p>Todo esto se entrena. Todo esto se mejora. Porque ense\u00f1ar hoy es mucho m\u00e1s que saber explicar: es emocionar, es conectar, es liderar\u2026 sin olvidar nunca que, al final del d\u00eda, lo que m\u00e1s ense\u00f1a no es el contenido, sino c\u00f3mo lo transmites.<\/p>\n\n\n\n<p>Queremos expresar nuestro sincero agradecimiento a quienes dise\u00f1aron esta valiosa gu\u00eda. No conocemos todos los nombres detr\u00e1s de su creaci\u00f3n, pero reconocemos el enorme aporte que representa para los docentes de Formaci\u00f3n Profesional. En especial, agradecemos a Ra\u00fal Cadenas, conocido como El Profe de los Lego, por compartir este material en sus redes sociales y hacerlo llegar a m\u00e1s educadores. Su compromiso con la ense\u00f1anza, la innovaci\u00f3n y la formaci\u00f3n docente se refleja en cada estrategia presentada. Gracias por inspirar y facilitar caminos concretos para que ense\u00f1ar hoy tambi\u00e9n signifique transformar.<\/p>\n\n\n\n<p class=\"has-text-align-center\">MATERIAL DE LECTURA: <a href=\"https:\/\/drive.google.com\/drive\/folders\/1D8ousLuNsPCyVaWvLprsLy2BTCz3NRs6?usp=sharing\" target=\"_blank\" rel=\"noreferrer noopener\">LAS HABILIDADES ESENCIALES DE UN DOCENTE<\/a><\/p>\n\n\n\n<p class=\"has-text-align-right\"><strong>Redacci\u00f3n | Web del Maestro CMF<\/strong><\/p>\n\n\n\t\t<div class=\"pk-inline-posts\">\n\t\t\t\n\t\t\t<div class=\"pk-inline-posts-container pk-inline-posts-template-list\"\n\t\t\t\tdata-columns=\"1\">\n\t\t\t\t\t\t<article id=\"post-95551\" class=\"post-95551 post type-post status-publish format-standard has-post-thumbnail category-deficit-de-atencion category-descargas-manuales-pdf category-pedagogia tag-actividades-al-aire-libre tag-actividades-en-casa tag-actividades-escolares tag-ambiente-de-aprendizaje tag-atencion tag-atencion-plena tag-comprension-lectora tag-concentracion tag-desarrollo-cognitivo tag-educacion tag-ejercicios-de-atencion tag-ejercicios-de-respiracion tag-estrategias-educativas tag-habilidades-de-atencio tag-herramientas-visuales tag-juegos-de-atencion tag-juegos-de-mesa tag-lectura-conjunta tag-limitar-tiempo-de-pantalla tag-mindfulness tag-ninos-distraidos tag-organizacion tag-pausas-activas tag-rompecabezas tag-rutinas tag-tareas-domesticas tag-tdah tag-tecnicas-de-concentracion tag-tiempo-de-silencio cs-entry cs-video-wrap\">\n\t\t\t<div class=\"pk-post-outer\">\n\n\t\t\t\t\t\t\t\t<div class=\"pk-post-inner\">\n\t\t\t\t\t<div class=\"entry-thumbnail\">\n\t\t\t\t\t\t<div class=\"pk-overlay pk-overlay-ratio pk-ratio-landscape\">\n\t\t\t\t\t\t\t<div class=\"pk-overlay-background\">\n\t\t\t\t\t\t\t\t<a href=\"https:\/\/webdelmaestrocmf.com\/portal\/como-educar-a-ninos-distraidos-o-despistados-que-se-puede-hacer-en-clase\/\" class=\"pk-overlay-link\">\n\t\t\t\t\t\t\t\t\t<img loading=\"lazy\" decoding=\"async\" width=\"300\" height=\"225\" src=\"https:\/\/webdelmaestrocmf.com\/portal\/wp-content\/uploads\/2023\/09\/1A-Banner-1-portada-imagen-10-1-copia-1-300x225.jpg\" class=\"attachment-pk-thumbnail size-pk-thumbnail wp-post-image\" alt=\"\" \/>\t\t\t\t\t\t\t\t<\/a>\n\t\t\t\t\t\t\t<\/div>\n\t\t\t\t\t\t<\/div>\n\t\t\t\t\t<\/div>\n\t\t\t\t<\/div>\n\t\t\t\t\n\t\t\t\t<div class=\"pk-post-inner\">\n\t\t\t\t\t<header>\n\t\t\t\t\t\t<h3 class=\"pk-title\"><a href=\"https:\/\/webdelmaestrocmf.com\/portal\/como-educar-a-ninos-distraidos-o-despistados-que-se-puede-hacer-en-clase\/\" rel=\"bookmark\">C\u00f3mo educar a ni\u00f1os distra\u00eddos o despistados. \u00bfQu\u00e9 se puede hacer en clase? Descarga las 80 actividades para trabajar la atenci\u00f3n en clases<\/a><\/h3>\t\t\t\t\t<\/header><!-- .entry-header -->\n\t\t\t\t<\/div><!-- .post-inner -->\n\n\t\t\t<\/div><!-- .post-outer -->\n\t\t<\/article>\n\t\t\t<article id=\"post-20592\" class=\"post-20592 post type-post status-publish format-standard has-post-thumbnail category-descarga category-descargas-manuales-pdf category-estres category-pedagogia tag-docentes tag-educadores tag-guia tag-mindfulness tag-practica cs-entry cs-video-wrap\">\n\t\t\t<div class=\"pk-post-outer\">\n\n\t\t\t\t\t\t\t\t<div class=\"pk-post-inner\">\n\t\t\t\t\t<div class=\"entry-thumbnail\">\n\t\t\t\t\t\t<div class=\"pk-overlay pk-overlay-ratio pk-ratio-landscape\">\n\t\t\t\t\t\t\t<div class=\"pk-overlay-background\">\n\t\t\t\t\t\t\t\t<a href=\"https:\/\/webdelmaestrocmf.com\/portal\/mindfulness-guia-practica-docentes-educadores\/\" class=\"pk-overlay-link\">\n\t\t\t\t\t\t\t\t\t<img loading=\"lazy\" decoding=\"async\" width=\"300\" height=\"225\" src=\"https:\/\/webdelmaestrocmf.com\/portal\/wp-content\/uploads\/2020\/03\/1AA-Banner-1-portada-imagen-10-1-copia-4-300x225.webp\" class=\"attachment-pk-thumbnail size-pk-thumbnail wp-post-image\" alt=\"\" \/>\t\t\t\t\t\t\t\t<\/a>\n\t\t\t\t\t\t\t<\/div>\n\t\t\t\t\t\t<\/div>\n\t\t\t\t\t<\/div>\n\t\t\t\t<\/div>\n\t\t\t\t\n\t\t\t\t<div class=\"pk-post-inner\">\n\t\t\t\t\t<header>\n\t\t\t\t\t\t<h3 class=\"pk-title\"><a href=\"https:\/\/webdelmaestrocmf.com\/portal\/mindfulness-guia-practica-docentes-educadores\/\" rel=\"bookmark\">Mindfulness: Gu\u00eda pr\u00e1ctica para docentes y educadores<\/a><\/h3>\t\t\t\t\t<\/header><!-- .entry-header -->\n\t\t\t\t<\/div><!-- .post-inner -->\n\n\t\t\t<\/div><!-- .post-outer -->\n\t\t<\/article>\n\t\t\t<article id=\"post-93337\" class=\"post-93337 post type-post status-publish format-standard has-post-thumbnail category-descargas-manuales-pdf category-pedagogia tag-adaptabilidad-educativa tag-alumnos tag-ambiente-familiar tag-analisis-de-datos tag-apoyo-emocional tag-apoyo-integral tag-aprendizaje-centrado-en-el-estudiante tag-circulo-familiar tag-colaboracion-escolar tag-comunicacion-abierta tag-comunicacion-con-padres tag-comunicacion-educativa tag-comunicacion-sensible tag-conectividad-estudiantil tag-datos-de-estudiantes tag-datos-educativos tag-desarrollo-estudiantil tag-desarrollo-psicologico tag-entorno-de-aprendizaje tag-entrevista tag-entrevista-a-padres-de-familia tag-estrategias-de-mejora tag-estrategias-pedagogicas tag-evaluacion-formativa tag-expectativas-educativas tag-familia tag-ficha-de-entrevista tag-padres tag-personalizacion-curricular tag-personalizacion-del-aprendizaje tag-planificacion-educativa tag-recursos-educativos tag-relacion-escuela-hogar tag-rendimiento-academico cs-entry cs-video-wrap\">\n\t\t\t<div class=\"pk-post-outer\">\n\n\t\t\t\t\t\t\t\t<div class=\"pk-post-inner\">\n\t\t\t\t\t<div class=\"entry-thumbnail\">\n\t\t\t\t\t\t<div class=\"pk-overlay pk-overlay-ratio pk-ratio-landscape\">\n\t\t\t\t\t\t\t<div class=\"pk-overlay-background\">\n\t\t\t\t\t\t\t\t<a href=\"https:\/\/webdelmaestrocmf.com\/portal\/entrevista-a-padres-de-familia-y-alumnos\/\" class=\"pk-overlay-link\">\n\t\t\t\t\t\t\t\t\t<img loading=\"lazy\" decoding=\"async\" width=\"300\" height=\"225\" src=\"https:\/\/webdelmaestrocmf.com\/portal\/wp-content\/uploads\/2023\/08\/1AA-Banner-1-portada-imagen-10-1-copia-1-300x225.webp\" class=\"attachment-pk-thumbnail size-pk-thumbnail wp-post-image\" alt=\"\" \/>\t\t\t\t\t\t\t\t<\/a>\n\t\t\t\t\t\t\t<\/div>\n\t\t\t\t\t\t<\/div>\n\t\t\t\t\t<\/div>\n\t\t\t\t<\/div>\n\t\t\t\t\n\t\t\t\t<div class=\"pk-post-inner\">\n\t\t\t\t\t<header>\n\t\t\t\t\t\t<h3 class=\"pk-title\"><a href=\"https:\/\/webdelmaestrocmf.com\/portal\/entrevista-a-padres-de-familia-y-alumnos\/\" rel=\"bookmark\">Entrevista a padres de familia y alumnos<\/a><\/h3>\t\t\t\t\t<\/header><!-- .entry-header -->\n\t\t\t\t<\/div><!-- .post-inner -->\n\n\t\t\t<\/div><!-- .post-outer -->\n\t\t<\/article>\n\t\t\t\t<\/div>\n\t\t<\/div>\n\t\t\n","protected":false},"excerpt":{"rendered":"Este art\u00edculo re\u00fane ocho habilidades esenciales que marcan la diferencia en el aula moderna y ofrece herramientas pr\u00e1cticas para aplicarlas desde ya. Porque formar personas va m\u00e1s all\u00e1 del temario","protected":false},"author":1,"featured_media":111112,"comment_status":"open","ping_status":"closed","sticky":false,"template":"","format":"standard","meta":{"csco_display_header_overlay":false,"csco_singular_sidebar":"","csco_page_header_type":"","csco_page_load_nextpost":"","csco_post_video_location":[],"csco_post_video_location_hash":"","csco_post_video_url":"","csco_post_video_bg_start_time":0,"csco_post_video_bg_end_time":0,"csco_post_video_bg_volume":false,"_jetpack_memberships_contains_paid_content":false,"footnotes":""},"categories":[19085,2004,570,735],"tags":[52,1200,83],"class_list":{"0":"post-111111","1":"post","2":"type-post","3":"status-publish","4":"format-standard","5":"has-post-thumbnail","7":"category-bienestar-docente","8":"category-descargas-manuales-pdf","9":"category-docentes","10":"category-pedagogia","11":"tag-docente","12":"tag-esenciales","13":"tag-habilidades","14":"cs-entry","15":"cs-video-wrap"},"yoast_head":"<!-- This site is optimized with the Yoast SEO plugin v27.4 - https:\/\/yoast.com\/product\/yoast-seo-wordpress\/ -->\n<title>Las habilidades esenciales del docente de hoy - 2026<\/title>\n<meta name=\"description\" content=\"Comunidad de Maestros, Docentes y Profesores, en donde encontrar\u00e1s material, informaci\u00f3n y noticias del \u00e1mbito nacional y mundial.\" \/>\n<meta name=\"robots\" content=\"index, follow, max-snippet:-1, max-image-preview:large, max-video-preview:-1\" \/>\n<link rel=\"canonical\" href=\"https:\/\/webdelmaestrocmf.com\/portal\/las-habilidades-esenciales-del-docente-de-hoy\/\" \/>\n<meta property=\"og:locale\" content=\"es_ES\" \/>\n<meta property=\"og:type\" content=\"article\" \/>\n<meta property=\"og:title\" content=\"Las habilidades esenciales del docente de hoy - 2026\" \/>\n<meta property=\"og:description\" content=\"Comunidad de Maestros, Docentes y Profesores, en donde encontrar\u00e1s material, informaci\u00f3n y noticias del \u00e1mbito nacional y mundial.\" \/>\n<meta property=\"og:url\" content=\"https:\/\/webdelmaestrocmf.com\/portal\/las-habilidades-esenciales-del-docente-de-hoy\/\" \/>\n<meta property=\"og:site_name\" content=\"Web del Maestro CMF\" \/>\n<meta property=\"article:publisher\" content=\"https:\/\/www.facebook.com\/WebdelMaestroCMF\/\" \/>\n<meta property=\"article:author\" content=\"https:\/\/www.facebook.com\/WebdelMaestroCMF\/\" \/>\n<meta property=\"article:published_time\" content=\"2025-07-11T16:10:58+00:00\" \/>\n<meta property=\"article:modified_time\" content=\"2026-02-21T22:17:27+00:00\" \/>\n<meta property=\"og:image\" content=\"https:\/\/webdelmaestrocmf.com\/portal\/wp-content\/uploads\/2025\/07\/1A-Banner-1-portada-imagen-10-1-copia-39.webp\" \/>\n\t<meta property=\"og:image:width\" content=\"1003\" \/>\n\t<meta property=\"og:image:height\" content=\"667\" \/>\n\t<meta property=\"og:image:type\" content=\"image\/webp\" \/>\n<meta name=\"author\" content=\"Web del Maestro CMF\" \/>\n<meta name=\"twitter:card\" content=\"summary_large_image\" \/>\n<meta name=\"twitter:creator\" content=\"@cmf_w\" \/>\n<meta name=\"twitter:site\" content=\"@cmf_w\" \/>\n<meta name=\"twitter:label1\" content=\"Escrito por\" \/>\n\t<meta name=\"twitter:data1\" content=\"Web del Maestro CMF\" \/>\n\t<meta name=\"twitter:label2\" content=\"Tiempo de lectura\" \/>\n\t<meta name=\"twitter:data2\" content=\"5 minutos\" \/>\n<script type=\"application\/ld+json\" class=\"yoast-schema-graph\">{\"@context\":\"https:\\\/\\\/schema.org\",\"@graph\":[{\"@type\":\"ScholarlyArticle\",\"@id\":\"https:\\\/\\\/webdelmaestrocmf.com\\\/portal\\\/las-habilidades-esenciales-del-docente-de-hoy\\\/#article\",\"isPartOf\":{\"@id\":\"https:\\\/\\\/webdelmaestrocmf.com\\\/portal\\\/las-habilidades-esenciales-del-docente-de-hoy\\\/\"},\"author\":{\"name\":\"Web del Maestro CMF\",\"@id\":\"https:\\\/\\\/webdelmaestrocmf.com\\\/portal\\\/#\\\/schema\\\/person\\\/1072a2ed7bd960df8ef99a551fa35dc5\"},\"headline\":\"Las habilidades esenciales del docente de hoy\",\"datePublished\":\"2025-07-11T16:10:58+00:00\",\"dateModified\":\"2026-02-21T22:17:27+00:00\",\"mainEntityOfPage\":{\"@id\":\"https:\\\/\\\/webdelmaestrocmf.com\\\/portal\\\/las-habilidades-esenciales-del-docente-de-hoy\\\/\"},\"wordCount\":1035,\"commentCount\":0,\"publisher\":{\"@id\":\"https:\\\/\\\/webdelmaestrocmf.com\\\/portal\\\/#organization\"},\"image\":{\"@id\":\"https:\\\/\\\/webdelmaestrocmf.com\\\/portal\\\/las-habilidades-esenciales-del-docente-de-hoy\\\/#primaryimage\"},\"thumbnailUrl\":\"https:\\\/\\\/webdelmaestrocmf.com\\\/portal\\\/wp-content\\\/uploads\\\/2025\\\/07\\\/1A-Banner-1-portada-imagen-10-1-copia-39.webp\",\"keywords\":[\"DOCENTE\",\"ESENCIALES\",\"habilidades\"],\"articleSection\":[\"Bienestar docente\",\"Descargas Manuales PDF\",\"Docentes\",\"Recursos\"],\"inLanguage\":\"es\",\"potentialAction\":[{\"@type\":\"CommentAction\",\"name\":\"Comment\",\"target\":[\"https:\\\/\\\/webdelmaestrocmf.com\\\/portal\\\/las-habilidades-esenciales-del-docente-de-hoy\\\/#respond\"]}]},{\"@type\":\"WebPage\",\"@id\":\"https:\\\/\\\/webdelmaestrocmf.com\\\/portal\\\/las-habilidades-esenciales-del-docente-de-hoy\\\/\",\"url\":\"https:\\\/\\\/webdelmaestrocmf.com\\\/portal\\\/las-habilidades-esenciales-del-docente-de-hoy\\\/\",\"name\":\"Las habilidades esenciales del docente de hoy - 2026\",\"isPartOf\":{\"@id\":\"https:\\\/\\\/webdelmaestrocmf.com\\\/portal\\\/#website\"},\"primaryImageOfPage\":{\"@id\":\"https:\\\/\\\/webdelmaestrocmf.com\\\/portal\\\/las-habilidades-esenciales-del-docente-de-hoy\\\/#primaryimage\"},\"image\":{\"@id\":\"https:\\\/\\\/webdelmaestrocmf.com\\\/portal\\\/las-habilidades-esenciales-del-docente-de-hoy\\\/#primaryimage\"},\"thumbnailUrl\":\"https:\\\/\\\/webdelmaestrocmf.com\\\/portal\\\/wp-content\\\/uploads\\\/2025\\\/07\\\/1A-Banner-1-portada-imagen-10-1-copia-39.webp\",\"datePublished\":\"2025-07-11T16:10:58+00:00\",\"dateModified\":\"2026-02-21T22:17:27+00:00\",\"description\":\"Comunidad de Maestros, Docentes y Profesores, en donde encontrar\u00e1s material, informaci\u00f3n y noticias del \u00e1mbito nacional y mundial.\",\"breadcrumb\":{\"@id\":\"https:\\\/\\\/webdelmaestrocmf.com\\\/portal\\\/las-habilidades-esenciales-del-docente-de-hoy\\\/#breadcrumb\"},\"inLanguage\":\"es\",\"potentialAction\":[{\"@type\":\"ReadAction\",\"target\":[\"https:\\\/\\\/webdelmaestrocmf.com\\\/portal\\\/las-habilidades-esenciales-del-docente-de-hoy\\\/\"]}]},{\"@type\":\"ImageObject\",\"inLanguage\":\"es\",\"@id\":\"https:\\\/\\\/webdelmaestrocmf.com\\\/portal\\\/las-habilidades-esenciales-del-docente-de-hoy\\\/#primaryimage\",\"url\":\"https:\\\/\\\/webdelmaestrocmf.com\\\/portal\\\/wp-content\\\/uploads\\\/2025\\\/07\\\/1A-Banner-1-portada-imagen-10-1-copia-39.webp\",\"contentUrl\":\"https:\\\/\\\/webdelmaestrocmf.com\\\/portal\\\/wp-content\\\/uploads\\\/2025\\\/07\\\/1A-Banner-1-portada-imagen-10-1-copia-39.webp\",\"width\":1003,\"height\":667},{\"@type\":\"BreadcrumbList\",\"@id\":\"https:\\\/\\\/webdelmaestrocmf.com\\\/portal\\\/las-habilidades-esenciales-del-docente-de-hoy\\\/#breadcrumb\",\"itemListElement\":[{\"@type\":\"ListItem\",\"position\":1,\"name\":\"Portada\",\"item\":\"https:\\\/\\\/webdelmaestrocmf.com\\\/portal\\\/\"},{\"@type\":\"ListItem\",\"position\":2,\"name\":\"Recursos\",\"item\":\"https:\\\/\\\/webdelmaestrocmf.com\\\/portal\\\/category\\\/pedagogia\\\/\"},{\"@type\":\"ListItem\",\"position\":3,\"name\":\"Las habilidades esenciales del docente de hoy\"}]},{\"@type\":\"WebSite\",\"@id\":\"https:\\\/\\\/webdelmaestrocmf.com\\\/portal\\\/#website\",\"url\":\"https:\\\/\\\/webdelmaestrocmf.com\\\/portal\\\/\",\"name\":\"Web del Maestro CMF\",\"description\":\"Maestros al servicio de la educaci\u00f3n\",\"publisher\":{\"@id\":\"https:\\\/\\\/webdelmaestrocmf.com\\\/portal\\\/#organization\"},\"alternateName\":\"WMCMF\",\"potentialAction\":[{\"@type\":\"SearchAction\",\"target\":{\"@type\":\"EntryPoint\",\"urlTemplate\":\"https:\\\/\\\/webdelmaestrocmf.com\\\/portal\\\/?s={search_term_string}\"},\"query-input\":{\"@type\":\"PropertyValueSpecification\",\"valueRequired\":true,\"valueName\":\"search_term_string\"}}],\"inLanguage\":\"es\"},{\"@type\":\"Organization\",\"@id\":\"https:\\\/\\\/webdelmaestrocmf.com\\\/portal\\\/#organization\",\"name\":\"Web del Maestro CMF\",\"alternateName\":\"WMCMF\",\"url\":\"https:\\\/\\\/webdelmaestrocmf.com\\\/portal\\\/\",\"logo\":{\"@type\":\"ImageObject\",\"inLanguage\":\"es\",\"@id\":\"https:\\\/\\\/webdelmaestrocmf.com\\\/portal\\\/#\\\/schema\\\/logo\\\/image\\\/\",\"url\":\"https:\\\/\\\/webdelmaestrocmf.com\\\/portal\\\/wp-content\\\/uploads\\\/2023\\\/01\\\/logo-wmcmf-2.png\",\"contentUrl\":\"https:\\\/\\\/webdelmaestrocmf.com\\\/portal\\\/wp-content\\\/uploads\\\/2023\\\/01\\\/logo-wmcmf-2.png\",\"width\":200,\"height\":60,\"caption\":\"Web del Maestro CMF\"},\"image\":{\"@id\":\"https:\\\/\\\/webdelmaestrocmf.com\\\/portal\\\/#\\\/schema\\\/logo\\\/image\\\/\"},\"sameAs\":[\"https:\\\/\\\/www.facebook.com\\\/WebdelMaestroCMF\\\/\",\"https:\\\/\\\/x.com\\\/cmf_w\",\"https:\\\/\\\/www.pinterest.com\\\/WMCMF\\\/\",\"https:\\\/\\\/www.linkedin.com\\\/company\\\/web-del-maestro-cmf\\\/\",\"https:\\\/\\\/www.instagram.com\\\/wmcmf\\\/\",\"https:\\\/\\\/www.youtube.com\\\/channel\\\/UCDPSvjbdodE5sHnC3OxutHw\",\"https:\\\/\\\/mastodon.social\\\/@wmcmf\",\"https:\\\/\\\/www.tiktok.com\\\/@webdelmaestrocmf\"]},{\"@type\":\"Person\",\"@id\":\"https:\\\/\\\/webdelmaestrocmf.com\\\/portal\\\/#\\\/schema\\\/person\\\/1072a2ed7bd960df8ef99a551fa35dc5\",\"name\":\"Web del Maestro CMF\",\"image\":{\"@type\":\"ImageObject\",\"inLanguage\":\"es\",\"@id\":\"https:\\\/\\\/secure.gravatar.com\\\/avatar\\\/23291dd5b5ae1077dcff3dbb04c3e02bd28403fa75af6d8787d5e97c5bbbe30b?s=96&d=mm&r=g\",\"url\":\"https:\\\/\\\/secure.gravatar.com\\\/avatar\\\/23291dd5b5ae1077dcff3dbb04c3e02bd28403fa75af6d8787d5e97c5bbbe30b?s=96&d=mm&r=g\",\"contentUrl\":\"https:\\\/\\\/secure.gravatar.com\\\/avatar\\\/23291dd5b5ae1077dcff3dbb04c3e02bd28403fa75af6d8787d5e97c5bbbe30b?s=96&d=mm&r=g\",\"caption\":\"Web del Maestro CMF\"},\"description\":\"Esta Web se cre\u00f3 sin fines de lucro, con fines educativos, cient\u00edficos y acad\u00e9micos, para personas que tengan dificultades y\\\/o inconvenientes en visualizar el material original. El objetivo es entregar recursos, compartir experiencias y materiales que ayuden a los padres de familia, maestros y estudiantes en su actualizaci\u00f3n y formaci\u00f3n permanente, en bien de la Educaci\u00f3n.\",\"sameAs\":[\"http:\\\/\\\/webdelmaestrocmf.com\\\/portal\",\"https:\\\/\\\/www.facebook.com\\\/WebdelMaestroCMF\\\/\",\"https:\\\/\\\/www.instagram.com\\\/wmcmf\\\/\",\"https:\\\/\\\/cl.linkedin.com\\\/company\\\/web-del-maestro-cmf\",\"https:\\\/\\\/www.pinterest.com\\\/WMCMF\\\/publicaciones\\\/\",\"https:\\\/\\\/x.com\\\/cmf_w\",\"https:\\\/\\\/www.youtube.com\\\/@WMCMF\"]}]}<\/script>\n<!-- \/ Yoast SEO plugin. -->","yoast_head_json":{"title":"Las habilidades esenciales del docente de hoy - 2026","description":"Comunidad de Maestros, Docentes y Profesores, en donde encontrar\u00e1s material, informaci\u00f3n y noticias del \u00e1mbito nacional y mundial.","robots":{"index":"index","follow":"follow","max-snippet":"max-snippet:-1","max-image-preview":"max-image-preview:large","max-video-preview":"max-video-preview:-1"},"canonical":"https:\/\/webdelmaestrocmf.com\/portal\/las-habilidades-esenciales-del-docente-de-hoy\/","og_locale":"es_ES","og_type":"article","og_title":"Las habilidades esenciales del docente de hoy - 2026","og_description":"Comunidad de Maestros, Docentes y Profesores, en donde encontrar\u00e1s material, informaci\u00f3n y noticias del \u00e1mbito nacional y mundial.","og_url":"https:\/\/webdelmaestrocmf.com\/portal\/las-habilidades-esenciales-del-docente-de-hoy\/","og_site_name":"Web del Maestro CMF","article_publisher":"https:\/\/www.facebook.com\/WebdelMaestroCMF\/","article_author":"https:\/\/www.facebook.com\/WebdelMaestroCMF\/","article_published_time":"2025-07-11T16:10:58+00:00","article_modified_time":"2026-02-21T22:17:27+00:00","og_image":[{"width":1003,"height":667,"url":"https:\/\/webdelmaestrocmf.com\/portal\/wp-content\/uploads\/2025\/07\/1A-Banner-1-portada-imagen-10-1-copia-39.webp","type":"image\/webp"}],"author":"Web del Maestro CMF","twitter_card":"summary_large_image","twitter_creator":"@cmf_w","twitter_site":"@cmf_w","twitter_misc":{"Escrito por":"Web del Maestro CMF","Tiempo de lectura":"5 minutos"},"schema":{"@context":"https:\/\/schema.org","@graph":[{"@type":"ScholarlyArticle","@id":"https:\/\/webdelmaestrocmf.com\/portal\/las-habilidades-esenciales-del-docente-de-hoy\/#article","isPartOf":{"@id":"https:\/\/webdelmaestrocmf.com\/portal\/las-habilidades-esenciales-del-docente-de-hoy\/"},"author":{"name":"Web del Maestro CMF","@id":"https:\/\/webdelmaestrocmf.com\/portal\/#\/schema\/person\/1072a2ed7bd960df8ef99a551fa35dc5"},"headline":"Las habilidades esenciales del docente de hoy","datePublished":"2025-07-11T16:10:58+00:00","dateModified":"2026-02-21T22:17:27+00:00","mainEntityOfPage":{"@id":"https:\/\/webdelmaestrocmf.com\/portal\/las-habilidades-esenciales-del-docente-de-hoy\/"},"wordCount":1035,"commentCount":0,"publisher":{"@id":"https:\/\/webdelmaestrocmf.com\/portal\/#organization"},"image":{"@id":"https:\/\/webdelmaestrocmf.com\/portal\/las-habilidades-esenciales-del-docente-de-hoy\/#primaryimage"},"thumbnailUrl":"https:\/\/webdelmaestrocmf.com\/portal\/wp-content\/uploads\/2025\/07\/1A-Banner-1-portada-imagen-10-1-copia-39.webp","keywords":["DOCENTE","ESENCIALES","habilidades"],"articleSection":["Bienestar docente","Descargas Manuales PDF","Docentes","Recursos"],"inLanguage":"es","potentialAction":[{"@type":"CommentAction","name":"Comment","target":["https:\/\/webdelmaestrocmf.com\/portal\/las-habilidades-esenciales-del-docente-de-hoy\/#respond"]}]},{"@type":"WebPage","@id":"https:\/\/webdelmaestrocmf.com\/portal\/las-habilidades-esenciales-del-docente-de-hoy\/","url":"https:\/\/webdelmaestrocmf.com\/portal\/las-habilidades-esenciales-del-docente-de-hoy\/","name":"Las habilidades esenciales del docente de hoy - 2026","isPartOf":{"@id":"https:\/\/webdelmaestrocmf.com\/portal\/#website"},"primaryImageOfPage":{"@id":"https:\/\/webdelmaestrocmf.com\/portal\/las-habilidades-esenciales-del-docente-de-hoy\/#primaryimage"},"image":{"@id":"https:\/\/webdelmaestrocmf.com\/portal\/las-habilidades-esenciales-del-docente-de-hoy\/#primaryimage"},"thumbnailUrl":"https:\/\/webdelmaestrocmf.com\/portal\/wp-content\/uploads\/2025\/07\/1A-Banner-1-portada-imagen-10-1-copia-39.webp","datePublished":"2025-07-11T16:10:58+00:00","dateModified":"2026-02-21T22:17:27+00:00","description":"Comunidad de Maestros, Docentes y Profesores, en donde encontrar\u00e1s material, informaci\u00f3n y noticias del \u00e1mbito nacional y mundial.","breadcrumb":{"@id":"https:\/\/webdelmaestrocmf.com\/portal\/las-habilidades-esenciales-del-docente-de-hoy\/#breadcrumb"},"inLanguage":"es","potentialAction":[{"@type":"ReadAction","target":["https:\/\/webdelmaestrocmf.com\/portal\/las-habilidades-esenciales-del-docente-de-hoy\/"]}]},{"@type":"ImageObject","inLanguage":"es","@id":"https:\/\/webdelmaestrocmf.com\/portal\/las-habilidades-esenciales-del-docente-de-hoy\/#primaryimage","url":"https:\/\/webdelmaestrocmf.com\/portal\/wp-content\/uploads\/2025\/07\/1A-Banner-1-portada-imagen-10-1-copia-39.webp","contentUrl":"https:\/\/webdelmaestrocmf.com\/portal\/wp-content\/uploads\/2025\/07\/1A-Banner-1-portada-imagen-10-1-copia-39.webp","width":1003,"height":667},{"@type":"BreadcrumbList","@id":"https:\/\/webdelmaestrocmf.com\/portal\/las-habilidades-esenciales-del-docente-de-hoy\/#breadcrumb","itemListElement":[{"@type":"ListItem","position":1,"name":"Portada","item":"https:\/\/webdelmaestrocmf.com\/portal\/"},{"@type":"ListItem","position":2,"name":"Recursos","item":"https:\/\/webdelmaestrocmf.com\/portal\/category\/pedagogia\/"},{"@type":"ListItem","position":3,"name":"Las habilidades esenciales del docente de hoy"}]},{"@type":"WebSite","@id":"https:\/\/webdelmaestrocmf.com\/portal\/#website","url":"https:\/\/webdelmaestrocmf.com\/portal\/","name":"Web del Maestro CMF","description":"Maestros al servicio de la educaci\u00f3n","publisher":{"@id":"https:\/\/webdelmaestrocmf.com\/portal\/#organization"},"alternateName":"WMCMF","potentialAction":[{"@type":"SearchAction","target":{"@type":"EntryPoint","urlTemplate":"https:\/\/webdelmaestrocmf.com\/portal\/?s={search_term_string}"},"query-input":{"@type":"PropertyValueSpecification","valueRequired":true,"valueName":"search_term_string"}}],"inLanguage":"es"},{"@type":"Organization","@id":"https:\/\/webdelmaestrocmf.com\/portal\/#organization","name":"Web del Maestro CMF","alternateName":"WMCMF","url":"https:\/\/webdelmaestrocmf.com\/portal\/","logo":{"@type":"ImageObject","inLanguage":"es","@id":"https:\/\/webdelmaestrocmf.com\/portal\/#\/schema\/logo\/image\/","url":"https:\/\/webdelmaestrocmf.com\/portal\/wp-content\/uploads\/2023\/01\/logo-wmcmf-2.png","contentUrl":"https:\/\/webdelmaestrocmf.com\/portal\/wp-content\/uploads\/2023\/01\/logo-wmcmf-2.png","width":200,"height":60,"caption":"Web del Maestro CMF"},"image":{"@id":"https:\/\/webdelmaestrocmf.com\/portal\/#\/schema\/logo\/image\/"},"sameAs":["https:\/\/www.facebook.com\/WebdelMaestroCMF\/","https:\/\/x.com\/cmf_w","https:\/\/www.pinterest.com\/WMCMF\/","https:\/\/www.linkedin.com\/company\/web-del-maestro-cmf\/","https:\/\/www.instagram.com\/wmcmf\/","https:\/\/www.youtube.com\/channel\/UCDPSvjbdodE5sHnC3OxutHw","https:\/\/mastodon.social\/@wmcmf","https:\/\/www.tiktok.com\/@webdelmaestrocmf"]},{"@type":"Person","@id":"https:\/\/webdelmaestrocmf.com\/portal\/#\/schema\/person\/1072a2ed7bd960df8ef99a551fa35dc5","name":"Web del Maestro CMF","image":{"@type":"ImageObject","inLanguage":"es","@id":"https:\/\/secure.gravatar.com\/avatar\/23291dd5b5ae1077dcff3dbb04c3e02bd28403fa75af6d8787d5e97c5bbbe30b?s=96&d=mm&r=g","url":"https:\/\/secure.gravatar.com\/avatar\/23291dd5b5ae1077dcff3dbb04c3e02bd28403fa75af6d8787d5e97c5bbbe30b?s=96&d=mm&r=g","contentUrl":"https:\/\/secure.gravatar.com\/avatar\/23291dd5b5ae1077dcff3dbb04c3e02bd28403fa75af6d8787d5e97c5bbbe30b?s=96&d=mm&r=g","caption":"Web del Maestro CMF"},"description":"Esta Web se cre\u00f3 sin fines de lucro, con fines educativos, cient\u00edficos y acad\u00e9micos, para personas que tengan dificultades y\/o inconvenientes en visualizar el material original. El objetivo es entregar recursos, compartir experiencias y materiales que ayuden a los padres de familia, maestros y estudiantes en su actualizaci\u00f3n y formaci\u00f3n permanente, en bien de la Educaci\u00f3n.","sameAs":["http:\/\/webdelmaestrocmf.com\/portal","https:\/\/www.facebook.com\/WebdelMaestroCMF\/","https:\/\/www.instagram.com\/wmcmf\/","https:\/\/cl.linkedin.com\/company\/web-del-maestro-cmf","https:\/\/www.pinterest.com\/WMCMF\/publicaciones\/","https:\/\/x.com\/cmf_w","https:\/\/www.youtube.com\/@WMCMF"]}]}},"jetpack_featured_media_url":"https:\/\/webdelmaestrocmf.com\/portal\/wp-content\/uploads\/2025\/07\/1A-Banner-1-portada-imagen-10-1-copia-39.webp","jetpack_sharing_enabled":true,"jetpack-related-posts":[{"id":107904,"url":"https:\/\/webdelmaestrocmf.com\/portal\/descarga-la-guia-con-ejemplos-de-secuencias-didacticas\/","url_meta":{"origin":111111,"position":0},"title":"Descarga la gu\u00eda con ejemplos de secuencias did\u00e1cticas","author":"Web del Maestro CMF","date":"9 febrero, 2025","format":false,"excerpt":"La ense\u00f1anza efectiva no ocurre por casualidad, sino que es el resultado de la aplicaci\u00f3n de metodolog\u00edas probadas y bien estructuradas. La gu\u00eda \"\u00bfC\u00f3mo usar las pr\u00e1cticas esenciales en el aula? Ejemplos de secuencias did\u00e1cticas\" es una herramienta dise\u00f1ada para ayudar a los docentes a implementar estrategias pedag\u00f3gicas fundamentales en\u2026","rel":"","context":"En \u00abDescargas Manuales PDF\u00bb","block_context":{"text":"Descargas Manuales PDF","link":"https:\/\/webdelmaestrocmf.com\/portal\/category\/pedagogia\/descargas-manuales-pdf\/"},"img":{"alt_text":"","src":"https:\/\/i0.wp.com\/webdelmaestrocmf.com\/portal\/wp-content\/uploads\/2025\/02\/1A-Banner-1-portada-imagen-10-1-60.jpg?resize=350%2C200&ssl=1","width":350,"height":200,"srcset":"https:\/\/i0.wp.com\/webdelmaestrocmf.com\/portal\/wp-content\/uploads\/2025\/02\/1A-Banner-1-portada-imagen-10-1-60.jpg?resize=350%2C200&ssl=1 1x, https:\/\/i0.wp.com\/webdelmaestrocmf.com\/portal\/wp-content\/uploads\/2025\/02\/1A-Banner-1-portada-imagen-10-1-60.jpg?resize=525%2C300&ssl=1 1.5x, https:\/\/i0.wp.com\/webdelmaestrocmf.com\/portal\/wp-content\/uploads\/2025\/02\/1A-Banner-1-portada-imagen-10-1-60.jpg?resize=700%2C400&ssl=1 2x"},"classes":[]},{"id":101602,"url":"https:\/\/webdelmaestrocmf.com\/portal\/competencias-del-docente-en-tiempos-de-la-ia\/","url_meta":{"origin":111111,"position":1},"title":"Competencias del docente en tiempos de la IA","author":"Web del Maestro CMF","date":"10 diciembre, 2023","format":false,"excerpt":"La revoluci\u00f3n de la inteligencia artificial ha dejado una marca significativa en la educaci\u00f3n, transformando la forma en que los docentes abordan su labor. En este contexto cambiante, surge la importancia de las competencias del docente, ya que es imperativo que el educador adquiera habilidades espec\u00edficas para mantenerse efectivo. La\u2026","rel":"","context":"En \u00abCompetencias\u00bb","block_context":{"text":"Competencias","link":"https:\/\/webdelmaestrocmf.com\/portal\/category\/pedagogia\/competencias\/"},"img":{"alt_text":"Competencias del docente","src":"https:\/\/i0.wp.com\/webdelmaestrocmf.com\/portal\/wp-content\/uploads\/2023\/12\/A12B3C4D-1-2.jpg?resize=350%2C200&ssl=1","width":350,"height":200,"srcset":"https:\/\/i0.wp.com\/webdelmaestrocmf.com\/portal\/wp-content\/uploads\/2023\/12\/A12B3C4D-1-2.jpg?resize=350%2C200&ssl=1 1x, https:\/\/i0.wp.com\/webdelmaestrocmf.com\/portal\/wp-content\/uploads\/2023\/12\/A12B3C4D-1-2.jpg?resize=525%2C300&ssl=1 1.5x, https:\/\/i0.wp.com\/webdelmaestrocmf.com\/portal\/wp-content\/uploads\/2023\/12\/A12B3C4D-1-2.jpg?resize=700%2C400&ssl=1 2x"},"classes":[]},{"id":107146,"url":"https:\/\/webdelmaestrocmf.com\/portal\/diferencias-entre-habilidades-blandas-y-power-skills\/","url_meta":{"origin":111111,"position":2},"title":"Diferencias entre \u00abHabilidades Blandas\u00bb y \u00abPower Skills\u00bb","author":"Web del Maestro CMF","date":"12 diciembre, 2024","format":false,"excerpt":"En el mundo de la educaci\u00f3n actual, las competencias que tradicionalmente se han considerado esenciales, como las habilidades blandas, est\u00e1n evolucionando hacia un nuevo concepto conocido como \"power skills\". Estas habilidades van m\u00e1s all\u00e1 de ser simplemente cualidades deseables; se convierten en herramientas de empoderamiento personal y profesional que potencian\u2026","rel":"","context":"En \u00abBienestar docente\u00bb","block_context":{"text":"Bienestar docente","link":"https:\/\/webdelmaestrocmf.com\/portal\/category\/pedagogia\/bienestar-docente\/"},"img":{"alt_text":"","src":"https:\/\/i0.wp.com\/webdelmaestrocmf.com\/portal\/wp-content\/uploads\/2024\/12\/Banner-1-portada-imagen-10-1-18.jpg?resize=350%2C200&ssl=1","width":350,"height":200,"srcset":"https:\/\/i0.wp.com\/webdelmaestrocmf.com\/portal\/wp-content\/uploads\/2024\/12\/Banner-1-portada-imagen-10-1-18.jpg?resize=350%2C200&ssl=1 1x, https:\/\/i0.wp.com\/webdelmaestrocmf.com\/portal\/wp-content\/uploads\/2024\/12\/Banner-1-portada-imagen-10-1-18.jpg?resize=525%2C300&ssl=1 1.5x, https:\/\/i0.wp.com\/webdelmaestrocmf.com\/portal\/wp-content\/uploads\/2024\/12\/Banner-1-portada-imagen-10-1-18.jpg?resize=700%2C400&ssl=1 2x"},"classes":[]},{"id":102060,"url":"https:\/\/webdelmaestrocmf.com\/portal\/las-6-claves-para-que-el-docente-sea-feliz-en-el-aula\/","url_meta":{"origin":111111,"position":3},"title":"Claves para que el docente sea feliz en el aula","author":"Web del Maestro CMF","date":"3 enero, 2024","format":false,"excerpt":"La importancia de la felicidad del docente no puede subestimarse cuando se trata del rendimiento y bienestar de los estudiantes. Un educador feliz no solo es m\u00e1s motivado y entusiasta, sino que tambi\u00e9n contribuye a un ambiente de aprendizaje m\u00e1s positivo. Aqu\u00ed, exploraremos seis claves esenciales para asegurar la felicidad\u2026","rel":"","context":"En \u00abDocentes\u00bb","block_context":{"text":"Docentes","link":"https:\/\/webdelmaestrocmf.com\/portal\/category\/pedagogia\/docentes\/"},"img":{"alt_text":"docente sea feliz en el aula","src":"https:\/\/i0.wp.com\/webdelmaestrocmf.com\/portal\/wp-content\/uploads\/2024\/01\/B-dibujos-1-5-1.webp?resize=350%2C200&ssl=1","width":350,"height":200,"srcset":"https:\/\/i0.wp.com\/webdelmaestrocmf.com\/portal\/wp-content\/uploads\/2024\/01\/B-dibujos-1-5-1.webp?resize=350%2C200&ssl=1 1x, https:\/\/i0.wp.com\/webdelmaestrocmf.com\/portal\/wp-content\/uploads\/2024\/01\/B-dibujos-1-5-1.webp?resize=525%2C300&ssl=1 1.5x, https:\/\/i0.wp.com\/webdelmaestrocmf.com\/portal\/wp-content\/uploads\/2024\/01\/B-dibujos-1-5-1.webp?resize=700%2C400&ssl=1 2x"},"classes":[]},{"id":112826,"url":"https:\/\/webdelmaestrocmf.com\/portal\/manual-pdf-de-habilidades-blandas-y-tecnicas\/","url_meta":{"origin":111111,"position":4},"title":"Manual PDF de Habilidades Blandas y T\u00e9cnicas","author":"Web del Maestro CMF","date":"20 diciembre, 2025","format":false,"excerpt":"Un valioso manual de World Vision que, adaptado, ayuda a los docentes a fortalecer inteligencia emocional, comunicaci\u00f3n y resoluci\u00f3n de conflictos.","rel":"","context":"En \u00abDescargas Manuales PDF\u00bb","block_context":{"text":"Descargas Manuales PDF","link":"https:\/\/webdelmaestrocmf.com\/portal\/category\/pedagogia\/descargas-manuales-pdf\/"},"img":{"alt_text":"","src":"https:\/\/i0.wp.com\/webdelmaestrocmf.com\/portal\/wp-content\/uploads\/2025\/10\/1A-Banner-1-portada-imagen-10-1-copia-17.jpg?resize=350%2C200&ssl=1","width":350,"height":200,"srcset":"https:\/\/i0.wp.com\/webdelmaestrocmf.com\/portal\/wp-content\/uploads\/2025\/10\/1A-Banner-1-portada-imagen-10-1-copia-17.jpg?resize=350%2C200&ssl=1 1x, https:\/\/i0.wp.com\/webdelmaestrocmf.com\/portal\/wp-content\/uploads\/2025\/10\/1A-Banner-1-portada-imagen-10-1-copia-17.jpg?resize=525%2C300&ssl=1 1.5x, https:\/\/i0.wp.com\/webdelmaestrocmf.com\/portal\/wp-content\/uploads\/2025\/10\/1A-Banner-1-portada-imagen-10-1-copia-17.jpg?resize=700%2C400&ssl=1 2x"},"classes":[]},{"id":101857,"url":"https:\/\/webdelmaestrocmf.com\/portal\/recomendacion-de-cursos-de-capacitacitacion-para-docentes\/","url_meta":{"origin":111111,"position":5},"title":"Recomendaci\u00f3n de cursos de capacitaci\u00f3n para docentes","author":"Web del Maestro CMF","date":"25 diciembre, 2023","format":false,"excerpt":"Los cursos de capacitaci\u00f3n que debe hacer un docente ahora est\u00e1n determinados por las necesidades espec\u00edficas del docente y del contexto educativo en el que trabaja. Sin embargo, hay algunas \u00e1reas generales que son importantes para todos los docentes, independientemente de su experiencia o nivel de educaci\u00f3n. En este sentido,\u2026","rel":"","context":"En \u00abCursos\u00bb","block_context":{"text":"Cursos","link":"https:\/\/webdelmaestrocmf.com\/portal\/category\/cursos\/"},"img":{"alt_text":"cursos de capacitacitaci\u00f3n","src":"https:\/\/i0.wp.com\/webdelmaestrocmf.com\/portal\/wp-content\/uploads\/2023\/12\/A12B3C4D-14.jpg?resize=350%2C200&ssl=1","width":350,"height":200,"srcset":"https:\/\/i0.wp.com\/webdelmaestrocmf.com\/portal\/wp-content\/uploads\/2023\/12\/A12B3C4D-14.jpg?resize=350%2C200&ssl=1 1x, https:\/\/i0.wp.com\/webdelmaestrocmf.com\/portal\/wp-content\/uploads\/2023\/12\/A12B3C4D-14.jpg?resize=525%2C300&ssl=1 1.5x, https:\/\/i0.wp.com\/webdelmaestrocmf.com\/portal\/wp-content\/uploads\/2023\/12\/A12B3C4D-14.jpg?resize=700%2C400&ssl=1 2x"},"classes":[]}],"_links":{"self":[{"href":"https:\/\/webdelmaestrocmf.com\/portal\/wp-json\/wp\/v2\/posts\/111111","targetHints":{"allow":["GET"]}}],"collection":[{"href":"https:\/\/webdelmaestrocmf.com\/portal\/wp-json\/wp\/v2\/posts"}],"about":[{"href":"https:\/\/webdelmaestrocmf.com\/portal\/wp-json\/wp\/v2\/types\/post"}],"author":[{"embeddable":true,"href":"https:\/\/webdelmaestrocmf.com\/portal\/wp-json\/wp\/v2\/users\/1"}],"replies":[{"embeddable":true,"href":"https:\/\/webdelmaestrocmf.com\/portal\/wp-json\/wp\/v2\/comments?post=111111"}],"version-history":[{"count":1,"href":"https:\/\/webdelmaestrocmf.com\/portal\/wp-json\/wp\/v2\/posts\/111111\/revisions"}],"predecessor-version":[{"id":111113,"href":"https:\/\/webdelmaestrocmf.com\/portal\/wp-json\/wp\/v2\/posts\/111111\/revisions\/111113"}],"wp:featuredmedia":[{"embeddable":true,"href":"https:\/\/webdelmaestrocmf.com\/portal\/wp-json\/wp\/v2\/media\/111112"}],"wp:attachment":[{"href":"https:\/\/webdelmaestrocmf.com\/portal\/wp-json\/wp\/v2\/media?parent=111111"}],"wp:term":[{"taxonomy":"category","embeddable":true,"href":"https:\/\/webdelmaestrocmf.com\/portal\/wp-json\/wp\/v2\/categories?post=111111"},{"taxonomy":"post_tag","embeddable":true,"href":"https:\/\/webdelmaestrocmf.com\/portal\/wp-json\/wp\/v2\/tags?post=111111"}],"curies":[{"name":"wp","href":"https:\/\/api.w.org\/{rel}","templated":true}]}}