{"id":111099,"date":"2025-07-10T20:18:48","date_gmt":"2025-07-11T00:18:48","guid":{"rendered":"https:\/\/webdelmaestrocmf.com\/portal\/?p=111099"},"modified":"2025-07-10T20:20:47","modified_gmt":"2025-07-11T00:20:47","slug":"suspenden-a-profesora-de-aula-en-vicuna-por-difusion-de-contenido-sexual-apoderados-piden-su-destitucion","status":"publish","type":"post","link":"https:\/\/webdelmaestrocmf.com\/portal\/suspenden-a-profesora-de-aula-en-vicuna-por-difusion-de-contenido-sexual-apoderados-piden-su-destitucion\/","title":{"rendered":"Suspenden a profesora de aula en Vicu\u00f1a por difusi\u00f3n de contenido sexual: apoderados piden su destituci\u00f3n"},"content":{"rendered":"\n<p>VICU\u00d1A, Regi\u00f3n de Coquimbo, Chile \u2014 Una asistente de aula del Liceo Carlos Roberto Mondaca fue suspendida de sus funciones luego de que se filtraran im\u00e1genes y videos de contenido sexual que ella habr\u00eda publicado en una plataforma para adultos. El material termin\u00f3 circulando entre estudiantes y apoderados, lo que desat\u00f3 preocupaci\u00f3n y molestia en la comunidad educativa.<\/p>\n\n\n\n<p>La funcionaria trabajaba en el curso de Modalidad 4, que atiende a ni\u00f1os y j\u00f3venes con diversas condiciones como s\u00edndrome de Down y trastornos de atenci\u00f3n. La filtraci\u00f3n de este contenido, ajeno al \u00e1mbito escolar, gener\u00f3 inquietud especialmente por la vulnerabilidad del grupo al que se dirig\u00eda su labor pedag\u00f3gica.<\/p>\n\n\n\n<p>Seg\u00fan relataron apoderadas del curso al medio local <em>El D\u00eda<\/em>, la situaci\u00f3n fue informada en reiteradas ocasiones a la direcci\u00f3n del liceo, sin que se adoptaran medidas inmediatas. Ante la falta de respuesta institucional, la profesora titular del curso opt\u00f3 por presentar su renuncia, argumentando que sus denuncias no fueron acogidas por el establecimiento.<\/p>\n\n\n\n<p>\u201cEs grave que este tipo de contenidos haya llegado a los alumnos. Independiente de que se trate de la vida privada de la persona, estamos hablando de menores de edad con condiciones especiales\u201d, declar\u00f3 una apoderada, quien adem\u00e1s confirm\u00f3 que la situaci\u00f3n fue expuesta en reuniones con el equipo directivo.<\/p>\n\n\n\n<p>Por su parte, el Servicio Local de Educaci\u00f3n P\u00fablica (SLEP) Elqui inform\u00f3 mediante un comunicado que ya se inici\u00f3 un procedimiento administrativo para investigar los hechos y determinar si se han infringido normas de conducta funcionaria. Mientras dure esta indagatoria, se orden\u00f3 la suspensi\u00f3n temporal de la asistente de aula.<\/p>\n\n\n\n<p>\u201cEl procedimiento busca esclarecer los hechos denunciados, evaluar la participaci\u00f3n de la funcionaria y determinar la eventual existencia de faltas a la normativa que rige al personal educativo\u201d, se\u00f1al\u00f3 el organismo.<\/p>\n\n\n\n<p>A la fecha, la situaci\u00f3n no ha sido denunciada formalmente ante la Superintendencia de Educaci\u00f3n. Sin embargo, los apoderados contin\u00faan exigiendo la desvinculaci\u00f3n definitiva de la funcionaria y advierten que la renuncia de la docente titular es un indicio de que el problema no fue abordado con la celeridad ni la seriedad necesarias.<\/p>\n\n\n\n<p>El caso vuelve a poner sobre la mesa el debate sobre los l\u00edmites entre la vida privada y el ejercicio de funciones en contextos educativos, especialmente cuando se trata de entornos sensibles como la atenci\u00f3n a estudiantes con necesidades especiales. Mientras tanto, la comunidad escolar espera una pronta resoluci\u00f3n que garantice el bienestar y la protecci\u00f3n de los menores involucrados.<\/p>\n\n\n\n<p class=\"has-text-align-right\"><strong>Redacci\u00f3n | Web del Maestro CMF<\/strong><\/p>\n\n\n\t\t<div class=\"pk-inline-posts\">\n\t\t\t\n\t\t\t<div class=\"pk-inline-posts-container pk-inline-posts-template-list\"\n\t\t\t\tdata-columns=\"1\">\n\t\t\t\t\t\t<article id=\"post-118385\" class=\"post-118385 post type-post status-publish format-standard has-post-thumbnail category-noticias-internacionales tag-accidente-escolar tag-comunidad-escolar tag-cuidado-infantil tag-derechos-del-nino tag-educacion-segura tag-gestion-educativa-3 tag-prevencion-riesgos tag-responsabilidad-educativa tag-seguridad-escolar tag-supervision-docente cs-entry cs-video-wrap\">\n\t\t\t<div class=\"pk-post-outer\">\n\n\t\t\t\t\t\t\t\t<div class=\"pk-post-inner\">\n\t\t\t\t\t<div class=\"entry-thumbnail\">\n\t\t\t\t\t\t<div class=\"pk-overlay pk-overlay-ratio pk-ratio-landscape\">\n\t\t\t\t\t\t\t<div class=\"pk-overlay-background\">\n\t\t\t\t\t\t\t\t<a href=\"https:\/\/webdelmaestrocmf.com\/portal\/nina-fallece-tras-presunto-tropiezo-en-escuela-pero-su-padre-desmiente-la-version-me-encontre-a-mi-hija-toda-ensangrentada\/\" class=\"pk-overlay-link\">\n\t\t\t\t\t\t\t\t\t<img loading=\"lazy\" decoding=\"async\" width=\"300\" height=\"225\" src=\"https:\/\/webdelmaestrocmf.com\/portal\/wp-content\/uploads\/2026\/04\/1AA-Banner-1-portada-imagen-10-1-copia-4-3-300x225.webp\" class=\"attachment-pk-thumbnail size-pk-thumbnail wp-post-image\" alt=\"\" \/>\t\t\t\t\t\t\t\t<\/a>\n\t\t\t\t\t\t\t<\/div>\n\t\t\t\t\t\t<\/div>\n\t\t\t\t\t<\/div>\n\t\t\t\t<\/div>\n\t\t\t\t\n\t\t\t\t<div class=\"pk-post-inner\">\n\t\t\t\t\t<header>\n\t\t\t\t\t\t<h3 class=\"pk-title\"><a href=\"https:\/\/webdelmaestrocmf.com\/portal\/nina-fallece-tras-presunto-tropiezo-en-escuela-pero-su-padre-desmiente-la-version-me-encontre-a-mi-hija-toda-ensangrentada\/\" rel=\"bookmark\">Ni\u00f1a fallece tras presunto tropiezo en escuela, pero su padre desmiente la versi\u00f3n: \u201cMe encontr\u00e9 a mi hija toda ensangrentada\u201d<\/a><\/h3>\t\t\t\t\t<\/header><!-- .entry-header -->\n\t\t\t\t<\/div><!-- .post-inner -->\n\n\t\t\t<\/div><!-- .post-outer -->\n\t\t<\/article>\n\t\t\t<article id=\"post-118342\" class=\"post-118342 post type-post status-publish format-standard has-post-thumbnail category-noticias-internacionales tag-alfabetizacion tag-aprendizaje tag-comprension-lectora tag-docentes tag-educacion tag-escuela tag-innovacion-educativa tag-lectura tag-pedagogia tag-tecnologia-educativa cs-entry cs-video-wrap\">\n\t\t\t<div class=\"pk-post-outer\">\n\n\t\t\t\t\t\t\t\t<div class=\"pk-post-inner\">\n\t\t\t\t\t<div class=\"entry-thumbnail\">\n\t\t\t\t\t\t<div class=\"pk-overlay pk-overlay-ratio pk-ratio-landscape\">\n\t\t\t\t\t\t\t<div class=\"pk-overlay-background\">\n\t\t\t\t\t\t\t\t<a href=\"https:\/\/webdelmaestrocmf.com\/portal\/apagon-digital-en-la-escuela-suecia-frena-la-inversion-en-pantallas-y-vuelve-a-los-libros\/\" class=\"pk-overlay-link\">\n\t\t\t\t\t\t\t\t\t<img loading=\"lazy\" decoding=\"async\" width=\"300\" height=\"225\" src=\"https:\/\/webdelmaestrocmf.com\/portal\/wp-content\/uploads\/2026\/04\/1AA-Banner-1-portada-imagen-10-1-copia-8-2-300x225.webp\" class=\"attachment-pk-thumbnail size-pk-thumbnail wp-post-image\" alt=\"\" \/>\t\t\t\t\t\t\t\t<\/a>\n\t\t\t\t\t\t\t<\/div>\n\t\t\t\t\t\t<\/div>\n\t\t\t\t\t<\/div>\n\t\t\t\t<\/div>\n\t\t\t\t\n\t\t\t\t<div class=\"pk-post-inner\">\n\t\t\t\t\t<header>\n\t\t\t\t\t\t<h3 class=\"pk-title\"><a href=\"https:\/\/webdelmaestrocmf.com\/portal\/apagon-digital-en-la-escuela-suecia-frena-la-inversion-en-pantallas-y-vuelve-a-los-libros\/\" rel=\"bookmark\">\u00bfApag\u00f3n digital en la escuela? Suecia frena la inversi\u00f3n en pantallas y vuelve a los libros<\/a><\/h3>\t\t\t\t\t<\/header><!-- .entry-header -->\n\t\t\t\t<\/div><!-- .post-inner -->\n\n\t\t\t<\/div><!-- .post-outer -->\n\t\t<\/article>\n\t\t\t<article id=\"post-118337\" class=\"post-118337 post type-post status-publish format-standard has-post-thumbnail category-noticias-internacionales tag-aprendizaje tag-crianza-responsable tag-desarrollo-infantil tag-docentes tag-educacion-digital tag-inteligencia-artificial tag-neuroeducacion tag-pantallas-en-ninos tag-salud-mental-infantil tag-tecnologia-en-educacion cs-entry cs-video-wrap\">\n\t\t\t<div class=\"pk-post-outer\">\n\n\t\t\t\t\t\t\t\t<div class=\"pk-post-inner\">\n\t\t\t\t\t<div class=\"entry-thumbnail\">\n\t\t\t\t\t\t<div class=\"pk-overlay pk-overlay-ratio pk-ratio-landscape\">\n\t\t\t\t\t\t\t<div class=\"pk-overlay-background\">\n\t\t\t\t\t\t\t\t<a href=\"https:\/\/webdelmaestrocmf.com\/portal\/sociedades-medicas-advierten-con-contundencia-es-el-mayor-hackeo-cerebral-de-la-historia-hay-una-epidemia-de-entontecimiento-masivo-por-las-pantallas\/\" class=\"pk-overlay-link\">\n\t\t\t\t\t\t\t\t\t<img loading=\"lazy\" decoding=\"async\" width=\"300\" height=\"225\" src=\"https:\/\/webdelmaestrocmf.com\/portal\/wp-content\/uploads\/2026\/04\/1AA-Banner-1-portada-imagen-10-1-copia-7-4-300x225.webp\" class=\"attachment-pk-thumbnail size-pk-thumbnail wp-post-image\" alt=\"\" \/>\t\t\t\t\t\t\t\t<\/a>\n\t\t\t\t\t\t\t<\/div>\n\t\t\t\t\t\t<\/div>\n\t\t\t\t\t<\/div>\n\t\t\t\t<\/div>\n\t\t\t\t\n\t\t\t\t<div class=\"pk-post-inner\">\n\t\t\t\t\t<header>\n\t\t\t\t\t\t<h3 class=\"pk-title\"><a href=\"https:\/\/webdelmaestrocmf.com\/portal\/sociedades-medicas-advierten-con-contundencia-es-el-mayor-hackeo-cerebral-de-la-historia-hay-una-epidemia-de-entontecimiento-masivo-por-las-pantallas\/\" rel=\"bookmark\">Sociedades m\u00e9dicas advierten con contundencia: \u00abEs el mayor hackeo cerebral de la historia\u00bb. \u00abHay una epidemia de entontecimiento masivo por las pantallas\u00bb<\/a><\/h3>\t\t\t\t\t<\/header><!-- .entry-header -->\n\t\t\t\t<\/div><!-- .post-inner -->\n\n\t\t\t<\/div><!-- .post-outer -->\n\t\t<\/article>\n\t\t\t\t<\/div>\n\t\t<\/div>\n\t\t\n","protected":false},"excerpt":{"rendered":"La comunidad escolar se encuentra en alerta tras la filtraci\u00f3n de im\u00e1genes de car\u00e1cter sexual de una funcionaria que trabajaba con estudiantes con necesidades educativas especiales","protected":false},"author":1,"featured_media":111100,"comment_status":"open","ping_status":"closed","sticky":false,"template":"","format":"standard","meta":{"csco_display_header_overlay":false,"csco_singular_sidebar":"","csco_page_header_type":"","csco_page_load_nextpost":"","csco_post_video_location":[],"csco_post_video_location_hash":"","csco_post_video_url":"","csco_post_video_bg_start_time":0,"csco_post_video_bg_end_time":0,"csco_post_video_bg_volume":false,"_jetpack_memberships_contains_paid_content":false,"footnotes":""},"categories":[23790],"tags":[14674,596,6308,23953,616,23952,13989],"class_list":{"0":"post-111099","1":"post","2":"type-post","3":"status-publish","4":"format-standard","5":"has-post-thumbnail","7":"category-noticias-internacionales","8":"tag-apoderados","9":"tag-aula","10":"tag-contenido","11":"tag-necesidades-especiales","12":"tag-profesora","13":"tag-sexual","14":"tag-suspenden","15":"cs-entry","16":"cs-video-wrap"},"yoast_head":"<!-- This site is optimized with the Yoast SEO plugin v27.4 - https:\/\/yoast.com\/product\/yoast-seo-wordpress\/ -->\n<title>Suspenden a profesora de aula en Vicu\u00f1a por difusi\u00f3n de contenido sexual: apoderados piden su destituci\u00f3n - 2026<\/title>\n<meta name=\"description\" content=\"Una asistente de aula fue suspendida de sus funciones luego de que se filtraran im\u00e1genes y videos de contenido sexual que ella...\" \/>\n<meta name=\"robots\" content=\"index, follow, max-snippet:-1, max-image-preview:large, max-video-preview:-1\" \/>\n<link rel=\"canonical\" href=\"https:\/\/webdelmaestrocmf.com\/portal\/suspenden-a-profesora-de-aula-en-vicuna-por-difusion-de-contenido-sexual-apoderados-piden-su-destitucion\/\" \/>\n<meta property=\"og:locale\" content=\"es_ES\" \/>\n<meta property=\"og:type\" content=\"article\" \/>\n<meta property=\"og:title\" content=\"Suspenden a profesora de aula en Vicu\u00f1a por difusi\u00f3n de contenido sexual: apoderados piden su destituci\u00f3n - 2026\" \/>\n<meta property=\"og:description\" content=\"Una asistente de aula fue suspendida de sus funciones luego de que se filtraran im\u00e1genes y videos de contenido sexual que ella...\" \/>\n<meta property=\"og:url\" content=\"https:\/\/webdelmaestrocmf.com\/portal\/suspenden-a-profesora-de-aula-en-vicuna-por-difusion-de-contenido-sexual-apoderados-piden-su-destitucion\/\" \/>\n<meta property=\"og:site_name\" content=\"Web del Maestro CMF\" \/>\n<meta property=\"article:publisher\" content=\"https:\/\/www.facebook.com\/WebdelMaestroCMF\/\" \/>\n<meta property=\"article:author\" content=\"https:\/\/www.facebook.com\/WebdelMaestroCMF\/\" \/>\n<meta property=\"article:published_time\" content=\"2025-07-11T00:18:48+00:00\" \/>\n<meta property=\"article:modified_time\" content=\"2025-07-11T00:20:47+00:00\" \/>\n<meta property=\"og:image\" content=\"https:\/\/webdelmaestrocmf.com\/portal\/wp-content\/uploads\/2025\/07\/1A-Banner-1-portada-imagen-10-1-copia-38.webp\" \/>\n\t<meta property=\"og:image:width\" content=\"1003\" \/>\n\t<meta property=\"og:image:height\" content=\"667\" \/>\n\t<meta property=\"og:image:type\" content=\"image\/webp\" \/>\n<meta name=\"author\" content=\"Web del Maestro CMF\" \/>\n<meta name=\"twitter:card\" content=\"summary_large_image\" \/>\n<meta name=\"twitter:creator\" content=\"@cmf_w\" \/>\n<meta name=\"twitter:site\" content=\"@cmf_w\" \/>\n<meta name=\"twitter:label1\" content=\"Escrito por\" \/>\n\t<meta name=\"twitter:data1\" content=\"Web del Maestro CMF\" \/>\n\t<meta name=\"twitter:label2\" content=\"Tiempo de lectura\" \/>\n\t<meta name=\"twitter:data2\" content=\"3 minutos\" \/>\n<script type=\"application\/ld+json\" class=\"yoast-schema-graph\">{\"@context\":\"https:\\\/\\\/schema.org\",\"@graph\":[{\"@type\":\"ScholarlyArticle\",\"@id\":\"https:\\\/\\\/webdelmaestrocmf.com\\\/portal\\\/suspenden-a-profesora-de-aula-en-vicuna-por-difusion-de-contenido-sexual-apoderados-piden-su-destitucion\\\/#article\",\"isPartOf\":{\"@id\":\"https:\\\/\\\/webdelmaestrocmf.com\\\/portal\\\/suspenden-a-profesora-de-aula-en-vicuna-por-difusion-de-contenido-sexual-apoderados-piden-su-destitucion\\\/\"},\"author\":{\"name\":\"Web del Maestro CMF\",\"@id\":\"https:\\\/\\\/webdelmaestrocmf.com\\\/portal\\\/#\\\/schema\\\/person\\\/1072a2ed7bd960df8ef99a551fa35dc5\"},\"headline\":\"Suspenden a profesora de aula en Vicu\u00f1a por difusi\u00f3n de contenido sexual: apoderados piden su destituci\u00f3n\",\"datePublished\":\"2025-07-11T00:18:48+00:00\",\"dateModified\":\"2025-07-11T00:20:47+00:00\",\"mainEntityOfPage\":{\"@id\":\"https:\\\/\\\/webdelmaestrocmf.com\\\/portal\\\/suspenden-a-profesora-de-aula-en-vicuna-por-difusion-de-contenido-sexual-apoderados-piden-su-destitucion\\\/\"},\"wordCount\":463,\"commentCount\":0,\"publisher\":{\"@id\":\"https:\\\/\\\/webdelmaestrocmf.com\\\/portal\\\/#organization\"},\"image\":{\"@id\":\"https:\\\/\\\/webdelmaestrocmf.com\\\/portal\\\/suspenden-a-profesora-de-aula-en-vicuna-por-difusion-de-contenido-sexual-apoderados-piden-su-destitucion\\\/#primaryimage\"},\"thumbnailUrl\":\"https:\\\/\\\/webdelmaestrocmf.com\\\/portal\\\/wp-content\\\/uploads\\\/2025\\\/07\\\/1A-Banner-1-portada-imagen-10-1-copia-38.webp\",\"keywords\":[\"apoderados\",\"aula\",\"Contenido\",\"necesidades especiales\",\"PROFESORA\",\"sexual\",\"Suspenden\"],\"articleSection\":[\"Noticias Internacionales\"],\"inLanguage\":\"es\",\"potentialAction\":[{\"@type\":\"CommentAction\",\"name\":\"Comment\",\"target\":[\"https:\\\/\\\/webdelmaestrocmf.com\\\/portal\\\/suspenden-a-profesora-de-aula-en-vicuna-por-difusion-de-contenido-sexual-apoderados-piden-su-destitucion\\\/#respond\"]}]},{\"@type\":\"WebPage\",\"@id\":\"https:\\\/\\\/webdelmaestrocmf.com\\\/portal\\\/suspenden-a-profesora-de-aula-en-vicuna-por-difusion-de-contenido-sexual-apoderados-piden-su-destitucion\\\/\",\"url\":\"https:\\\/\\\/webdelmaestrocmf.com\\\/portal\\\/suspenden-a-profesora-de-aula-en-vicuna-por-difusion-de-contenido-sexual-apoderados-piden-su-destitucion\\\/\",\"name\":\"Suspenden a profesora de aula en Vicu\u00f1a por difusi\u00f3n de contenido sexual: apoderados piden su destituci\u00f3n - 2026\",\"isPartOf\":{\"@id\":\"https:\\\/\\\/webdelmaestrocmf.com\\\/portal\\\/#website\"},\"primaryImageOfPage\":{\"@id\":\"https:\\\/\\\/webdelmaestrocmf.com\\\/portal\\\/suspenden-a-profesora-de-aula-en-vicuna-por-difusion-de-contenido-sexual-apoderados-piden-su-destitucion\\\/#primaryimage\"},\"image\":{\"@id\":\"https:\\\/\\\/webdelmaestrocmf.com\\\/portal\\\/suspenden-a-profesora-de-aula-en-vicuna-por-difusion-de-contenido-sexual-apoderados-piden-su-destitucion\\\/#primaryimage\"},\"thumbnailUrl\":\"https:\\\/\\\/webdelmaestrocmf.com\\\/portal\\\/wp-content\\\/uploads\\\/2025\\\/07\\\/1A-Banner-1-portada-imagen-10-1-copia-38.webp\",\"datePublished\":\"2025-07-11T00:18:48+00:00\",\"dateModified\":\"2025-07-11T00:20:47+00:00\",\"description\":\"Una asistente de aula fue suspendida de sus funciones luego de que se filtraran im\u00e1genes y videos de contenido sexual que ella...\",\"breadcrumb\":{\"@id\":\"https:\\\/\\\/webdelmaestrocmf.com\\\/portal\\\/suspenden-a-profesora-de-aula-en-vicuna-por-difusion-de-contenido-sexual-apoderados-piden-su-destitucion\\\/#breadcrumb\"},\"inLanguage\":\"es\",\"potentialAction\":[{\"@type\":\"ReadAction\",\"target\":[\"https:\\\/\\\/webdelmaestrocmf.com\\\/portal\\\/suspenden-a-profesora-de-aula-en-vicuna-por-difusion-de-contenido-sexual-apoderados-piden-su-destitucion\\\/\"]}]},{\"@type\":\"ImageObject\",\"inLanguage\":\"es\",\"@id\":\"https:\\\/\\\/webdelmaestrocmf.com\\\/portal\\\/suspenden-a-profesora-de-aula-en-vicuna-por-difusion-de-contenido-sexual-apoderados-piden-su-destitucion\\\/#primaryimage\",\"url\":\"https:\\\/\\\/webdelmaestrocmf.com\\\/portal\\\/wp-content\\\/uploads\\\/2025\\\/07\\\/1A-Banner-1-portada-imagen-10-1-copia-38.webp\",\"contentUrl\":\"https:\\\/\\\/webdelmaestrocmf.com\\\/portal\\\/wp-content\\\/uploads\\\/2025\\\/07\\\/1A-Banner-1-portada-imagen-10-1-copia-38.webp\",\"width\":1003,\"height\":667},{\"@type\":\"BreadcrumbList\",\"@id\":\"https:\\\/\\\/webdelmaestrocmf.com\\\/portal\\\/suspenden-a-profesora-de-aula-en-vicuna-por-difusion-de-contenido-sexual-apoderados-piden-su-destitucion\\\/#breadcrumb\",\"itemListElement\":[{\"@type\":\"ListItem\",\"position\":1,\"name\":\"Portada\",\"item\":\"https:\\\/\\\/webdelmaestrocmf.com\\\/portal\\\/\"},{\"@type\":\"ListItem\",\"position\":2,\"name\":\"Noticias Internacionales\",\"item\":\"https:\\\/\\\/webdelmaestrocmf.com\\\/portal\\\/category\\\/noticias-internacionales\\\/\"},{\"@type\":\"ListItem\",\"position\":3,\"name\":\"Suspenden a profesora de aula en Vicu\u00f1a por difusi\u00f3n de contenido sexual: apoderados piden su destituci\u00f3n\"}]},{\"@type\":\"WebSite\",\"@id\":\"https:\\\/\\\/webdelmaestrocmf.com\\\/portal\\\/#website\",\"url\":\"https:\\\/\\\/webdelmaestrocmf.com\\\/portal\\\/\",\"name\":\"Web del Maestro CMF\",\"description\":\"Maestros al servicio de la educaci\u00f3n\",\"publisher\":{\"@id\":\"https:\\\/\\\/webdelmaestrocmf.com\\\/portal\\\/#organization\"},\"alternateName\":\"WMCMF\",\"potentialAction\":[{\"@type\":\"SearchAction\",\"target\":{\"@type\":\"EntryPoint\",\"urlTemplate\":\"https:\\\/\\\/webdelmaestrocmf.com\\\/portal\\\/?s={search_term_string}\"},\"query-input\":{\"@type\":\"PropertyValueSpecification\",\"valueRequired\":true,\"valueName\":\"search_term_string\"}}],\"inLanguage\":\"es\"},{\"@type\":\"Organization\",\"@id\":\"https:\\\/\\\/webdelmaestrocmf.com\\\/portal\\\/#organization\",\"name\":\"Web del Maestro CMF\",\"alternateName\":\"WMCMF\",\"url\":\"https:\\\/\\\/webdelmaestrocmf.com\\\/portal\\\/\",\"logo\":{\"@type\":\"ImageObject\",\"inLanguage\":\"es\",\"@id\":\"https:\\\/\\\/webdelmaestrocmf.com\\\/portal\\\/#\\\/schema\\\/logo\\\/image\\\/\",\"url\":\"https:\\\/\\\/webdelmaestrocmf.com\\\/portal\\\/wp-content\\\/uploads\\\/2023\\\/01\\\/logo-wmcmf-2.png\",\"contentUrl\":\"https:\\\/\\\/webdelmaestrocmf.com\\\/portal\\\/wp-content\\\/uploads\\\/2023\\\/01\\\/logo-wmcmf-2.png\",\"width\":200,\"height\":60,\"caption\":\"Web del Maestro CMF\"},\"image\":{\"@id\":\"https:\\\/\\\/webdelmaestrocmf.com\\\/portal\\\/#\\\/schema\\\/logo\\\/image\\\/\"},\"sameAs\":[\"https:\\\/\\\/www.facebook.com\\\/WebdelMaestroCMF\\\/\",\"https:\\\/\\\/x.com\\\/cmf_w\",\"https:\\\/\\\/www.pinterest.com\\\/WMCMF\\\/\",\"https:\\\/\\\/www.linkedin.com\\\/company\\\/web-del-maestro-cmf\\\/\",\"https:\\\/\\\/www.instagram.com\\\/wmcmf\\\/\",\"https:\\\/\\\/www.youtube.com\\\/channel\\\/UCDPSvjbdodE5sHnC3OxutHw\",\"https:\\\/\\\/mastodon.social\\\/@wmcmf\",\"https:\\\/\\\/www.tiktok.com\\\/@webdelmaestrocmf\"]},{\"@type\":\"Person\",\"@id\":\"https:\\\/\\\/webdelmaestrocmf.com\\\/portal\\\/#\\\/schema\\\/person\\\/1072a2ed7bd960df8ef99a551fa35dc5\",\"name\":\"Web del Maestro CMF\",\"image\":{\"@type\":\"ImageObject\",\"inLanguage\":\"es\",\"@id\":\"https:\\\/\\\/secure.gravatar.com\\\/avatar\\\/23291dd5b5ae1077dcff3dbb04c3e02bd28403fa75af6d8787d5e97c5bbbe30b?s=96&d=mm&r=g\",\"url\":\"https:\\\/\\\/secure.gravatar.com\\\/avatar\\\/23291dd5b5ae1077dcff3dbb04c3e02bd28403fa75af6d8787d5e97c5bbbe30b?s=96&d=mm&r=g\",\"contentUrl\":\"https:\\\/\\\/secure.gravatar.com\\\/avatar\\\/23291dd5b5ae1077dcff3dbb04c3e02bd28403fa75af6d8787d5e97c5bbbe30b?s=96&d=mm&r=g\",\"caption\":\"Web del Maestro CMF\"},\"description\":\"Esta Web se cre\u00f3 sin fines de lucro, con fines educativos, cient\u00edficos y acad\u00e9micos, para personas que tengan dificultades y\\\/o inconvenientes en visualizar el material original. El objetivo es entregar recursos, compartir experiencias y materiales que ayuden a los padres de familia, maestros y estudiantes en su actualizaci\u00f3n y formaci\u00f3n permanente, en bien de la Educaci\u00f3n.\",\"sameAs\":[\"http:\\\/\\\/webdelmaestrocmf.com\\\/portal\",\"https:\\\/\\\/www.facebook.com\\\/WebdelMaestroCMF\\\/\",\"https:\\\/\\\/www.instagram.com\\\/wmcmf\\\/\",\"https:\\\/\\\/cl.linkedin.com\\\/company\\\/web-del-maestro-cmf\",\"https:\\\/\\\/www.pinterest.com\\\/WMCMF\\\/publicaciones\\\/\",\"https:\\\/\\\/x.com\\\/cmf_w\",\"https:\\\/\\\/www.youtube.com\\\/@WMCMF\"]}]}<\/script>\n<!-- \/ Yoast SEO plugin. -->","yoast_head_json":{"title":"Suspenden a profesora de aula en Vicu\u00f1a por difusi\u00f3n de contenido sexual: apoderados piden su destituci\u00f3n - 2026","description":"Una asistente de aula fue suspendida de sus funciones luego de que se filtraran im\u00e1genes y videos de contenido sexual que ella...","robots":{"index":"index","follow":"follow","max-snippet":"max-snippet:-1","max-image-preview":"max-image-preview:large","max-video-preview":"max-video-preview:-1"},"canonical":"https:\/\/webdelmaestrocmf.com\/portal\/suspenden-a-profesora-de-aula-en-vicuna-por-difusion-de-contenido-sexual-apoderados-piden-su-destitucion\/","og_locale":"es_ES","og_type":"article","og_title":"Suspenden a profesora de aula en Vicu\u00f1a por difusi\u00f3n de contenido sexual: apoderados piden su destituci\u00f3n - 2026","og_description":"Una asistente de aula fue suspendida de sus funciones luego de que se filtraran im\u00e1genes y videos de contenido sexual que ella...","og_url":"https:\/\/webdelmaestrocmf.com\/portal\/suspenden-a-profesora-de-aula-en-vicuna-por-difusion-de-contenido-sexual-apoderados-piden-su-destitucion\/","og_site_name":"Web del Maestro CMF","article_publisher":"https:\/\/www.facebook.com\/WebdelMaestroCMF\/","article_author":"https:\/\/www.facebook.com\/WebdelMaestroCMF\/","article_published_time":"2025-07-11T00:18:48+00:00","article_modified_time":"2025-07-11T00:20:47+00:00","og_image":[{"width":1003,"height":667,"url":"https:\/\/webdelmaestrocmf.com\/portal\/wp-content\/uploads\/2025\/07\/1A-Banner-1-portada-imagen-10-1-copia-38.webp","type":"image\/webp"}],"author":"Web del Maestro CMF","twitter_card":"summary_large_image","twitter_creator":"@cmf_w","twitter_site":"@cmf_w","twitter_misc":{"Escrito por":"Web del Maestro CMF","Tiempo de lectura":"3 minutos"},"schema":{"@context":"https:\/\/schema.org","@graph":[{"@type":"ScholarlyArticle","@id":"https:\/\/webdelmaestrocmf.com\/portal\/suspenden-a-profesora-de-aula-en-vicuna-por-difusion-de-contenido-sexual-apoderados-piden-su-destitucion\/#article","isPartOf":{"@id":"https:\/\/webdelmaestrocmf.com\/portal\/suspenden-a-profesora-de-aula-en-vicuna-por-difusion-de-contenido-sexual-apoderados-piden-su-destitucion\/"},"author":{"name":"Web del Maestro CMF","@id":"https:\/\/webdelmaestrocmf.com\/portal\/#\/schema\/person\/1072a2ed7bd960df8ef99a551fa35dc5"},"headline":"Suspenden a profesora de aula en Vicu\u00f1a por difusi\u00f3n de contenido sexual: apoderados piden su destituci\u00f3n","datePublished":"2025-07-11T00:18:48+00:00","dateModified":"2025-07-11T00:20:47+00:00","mainEntityOfPage":{"@id":"https:\/\/webdelmaestrocmf.com\/portal\/suspenden-a-profesora-de-aula-en-vicuna-por-difusion-de-contenido-sexual-apoderados-piden-su-destitucion\/"},"wordCount":463,"commentCount":0,"publisher":{"@id":"https:\/\/webdelmaestrocmf.com\/portal\/#organization"},"image":{"@id":"https:\/\/webdelmaestrocmf.com\/portal\/suspenden-a-profesora-de-aula-en-vicuna-por-difusion-de-contenido-sexual-apoderados-piden-su-destitucion\/#primaryimage"},"thumbnailUrl":"https:\/\/webdelmaestrocmf.com\/portal\/wp-content\/uploads\/2025\/07\/1A-Banner-1-portada-imagen-10-1-copia-38.webp","keywords":["apoderados","aula","Contenido","necesidades especiales","PROFESORA","sexual","Suspenden"],"articleSection":["Noticias Internacionales"],"inLanguage":"es","potentialAction":[{"@type":"CommentAction","name":"Comment","target":["https:\/\/webdelmaestrocmf.com\/portal\/suspenden-a-profesora-de-aula-en-vicuna-por-difusion-de-contenido-sexual-apoderados-piden-su-destitucion\/#respond"]}]},{"@type":"WebPage","@id":"https:\/\/webdelmaestrocmf.com\/portal\/suspenden-a-profesora-de-aula-en-vicuna-por-difusion-de-contenido-sexual-apoderados-piden-su-destitucion\/","url":"https:\/\/webdelmaestrocmf.com\/portal\/suspenden-a-profesora-de-aula-en-vicuna-por-difusion-de-contenido-sexual-apoderados-piden-su-destitucion\/","name":"Suspenden a profesora de aula en Vicu\u00f1a por difusi\u00f3n de contenido sexual: apoderados piden su destituci\u00f3n - 2026","isPartOf":{"@id":"https:\/\/webdelmaestrocmf.com\/portal\/#website"},"primaryImageOfPage":{"@id":"https:\/\/webdelmaestrocmf.com\/portal\/suspenden-a-profesora-de-aula-en-vicuna-por-difusion-de-contenido-sexual-apoderados-piden-su-destitucion\/#primaryimage"},"image":{"@id":"https:\/\/webdelmaestrocmf.com\/portal\/suspenden-a-profesora-de-aula-en-vicuna-por-difusion-de-contenido-sexual-apoderados-piden-su-destitucion\/#primaryimage"},"thumbnailUrl":"https:\/\/webdelmaestrocmf.com\/portal\/wp-content\/uploads\/2025\/07\/1A-Banner-1-portada-imagen-10-1-copia-38.webp","datePublished":"2025-07-11T00:18:48+00:00","dateModified":"2025-07-11T00:20:47+00:00","description":"Una asistente de aula fue suspendida de sus funciones luego de que se filtraran im\u00e1genes y videos de contenido sexual que ella...","breadcrumb":{"@id":"https:\/\/webdelmaestrocmf.com\/portal\/suspenden-a-profesora-de-aula-en-vicuna-por-difusion-de-contenido-sexual-apoderados-piden-su-destitucion\/#breadcrumb"},"inLanguage":"es","potentialAction":[{"@type":"ReadAction","target":["https:\/\/webdelmaestrocmf.com\/portal\/suspenden-a-profesora-de-aula-en-vicuna-por-difusion-de-contenido-sexual-apoderados-piden-su-destitucion\/"]}]},{"@type":"ImageObject","inLanguage":"es","@id":"https:\/\/webdelmaestrocmf.com\/portal\/suspenden-a-profesora-de-aula-en-vicuna-por-difusion-de-contenido-sexual-apoderados-piden-su-destitucion\/#primaryimage","url":"https:\/\/webdelmaestrocmf.com\/portal\/wp-content\/uploads\/2025\/07\/1A-Banner-1-portada-imagen-10-1-copia-38.webp","contentUrl":"https:\/\/webdelmaestrocmf.com\/portal\/wp-content\/uploads\/2025\/07\/1A-Banner-1-portada-imagen-10-1-copia-38.webp","width":1003,"height":667},{"@type":"BreadcrumbList","@id":"https:\/\/webdelmaestrocmf.com\/portal\/suspenden-a-profesora-de-aula-en-vicuna-por-difusion-de-contenido-sexual-apoderados-piden-su-destitucion\/#breadcrumb","itemListElement":[{"@type":"ListItem","position":1,"name":"Portada","item":"https:\/\/webdelmaestrocmf.com\/portal\/"},{"@type":"ListItem","position":2,"name":"Noticias Internacionales","item":"https:\/\/webdelmaestrocmf.com\/portal\/category\/noticias-internacionales\/"},{"@type":"ListItem","position":3,"name":"Suspenden a profesora de aula en Vicu\u00f1a por difusi\u00f3n de contenido sexual: apoderados piden su destituci\u00f3n"}]},{"@type":"WebSite","@id":"https:\/\/webdelmaestrocmf.com\/portal\/#website","url":"https:\/\/webdelmaestrocmf.com\/portal\/","name":"Web del Maestro CMF","description":"Maestros al servicio de la educaci\u00f3n","publisher":{"@id":"https:\/\/webdelmaestrocmf.com\/portal\/#organization"},"alternateName":"WMCMF","potentialAction":[{"@type":"SearchAction","target":{"@type":"EntryPoint","urlTemplate":"https:\/\/webdelmaestrocmf.com\/portal\/?s={search_term_string}"},"query-input":{"@type":"PropertyValueSpecification","valueRequired":true,"valueName":"search_term_string"}}],"inLanguage":"es"},{"@type":"Organization","@id":"https:\/\/webdelmaestrocmf.com\/portal\/#organization","name":"Web del Maestro CMF","alternateName":"WMCMF","url":"https:\/\/webdelmaestrocmf.com\/portal\/","logo":{"@type":"ImageObject","inLanguage":"es","@id":"https:\/\/webdelmaestrocmf.com\/portal\/#\/schema\/logo\/image\/","url":"https:\/\/webdelmaestrocmf.com\/portal\/wp-content\/uploads\/2023\/01\/logo-wmcmf-2.png","contentUrl":"https:\/\/webdelmaestrocmf.com\/portal\/wp-content\/uploads\/2023\/01\/logo-wmcmf-2.png","width":200,"height":60,"caption":"Web del Maestro CMF"},"image":{"@id":"https:\/\/webdelmaestrocmf.com\/portal\/#\/schema\/logo\/image\/"},"sameAs":["https:\/\/www.facebook.com\/WebdelMaestroCMF\/","https:\/\/x.com\/cmf_w","https:\/\/www.pinterest.com\/WMCMF\/","https:\/\/www.linkedin.com\/company\/web-del-maestro-cmf\/","https:\/\/www.instagram.com\/wmcmf\/","https:\/\/www.youtube.com\/channel\/UCDPSvjbdodE5sHnC3OxutHw","https:\/\/mastodon.social\/@wmcmf","https:\/\/www.tiktok.com\/@webdelmaestrocmf"]},{"@type":"Person","@id":"https:\/\/webdelmaestrocmf.com\/portal\/#\/schema\/person\/1072a2ed7bd960df8ef99a551fa35dc5","name":"Web del Maestro CMF","image":{"@type":"ImageObject","inLanguage":"es","@id":"https:\/\/secure.gravatar.com\/avatar\/23291dd5b5ae1077dcff3dbb04c3e02bd28403fa75af6d8787d5e97c5bbbe30b?s=96&d=mm&r=g","url":"https:\/\/secure.gravatar.com\/avatar\/23291dd5b5ae1077dcff3dbb04c3e02bd28403fa75af6d8787d5e97c5bbbe30b?s=96&d=mm&r=g","contentUrl":"https:\/\/secure.gravatar.com\/avatar\/23291dd5b5ae1077dcff3dbb04c3e02bd28403fa75af6d8787d5e97c5bbbe30b?s=96&d=mm&r=g","caption":"Web del Maestro CMF"},"description":"Esta Web se cre\u00f3 sin fines de lucro, con fines educativos, cient\u00edficos y acad\u00e9micos, para personas que tengan dificultades y\/o inconvenientes en visualizar el material original. El objetivo es entregar recursos, compartir experiencias y materiales que ayuden a los padres de familia, maestros y estudiantes en su actualizaci\u00f3n y formaci\u00f3n permanente, en bien de la Educaci\u00f3n.","sameAs":["http:\/\/webdelmaestrocmf.com\/portal","https:\/\/www.facebook.com\/WebdelMaestroCMF\/","https:\/\/www.instagram.com\/wmcmf\/","https:\/\/cl.linkedin.com\/company\/web-del-maestro-cmf","https:\/\/www.pinterest.com\/WMCMF\/publicaciones\/","https:\/\/x.com\/cmf_w","https:\/\/www.youtube.com\/@WMCMF"]}]}},"jetpack_featured_media_url":"https:\/\/webdelmaestrocmf.com\/portal\/wp-content\/uploads\/2025\/07\/1A-Banner-1-portada-imagen-10-1-copia-38.webp","jetpack_sharing_enabled":true,"jetpack-related-posts":[{"id":108786,"url":"https:\/\/webdelmaestrocmf.com\/portal\/profesor-es-baleado-frente-a-alumnos-y-apoderados-en-calera-de-tango-desconocido-irrumpio-en-plena-clase\/","url_meta":{"origin":111099,"position":0},"title":"Profesor es baleado frente a alumnos y apoderados en Calera de Tango: Desconocido irrumpi\u00f3 en plena clase","author":"Web del Maestro CMF","date":"25 abril, 2025","format":false,"excerpt":"La violencia irrumpi\u00f3 sin previo aviso en un espacio de aprendizaje, disciplina y respeto. Un profesor de karate fue atacado a balazos en plena clase frente a ni\u00f1os y apoderados, en un hecho que ha conmocionado profundamente a la comunidad de Calera de Tango, Chile. El ataque, ocurrido el jueves\u2026","rel":"","context":"En \u00abNoticias Internacionales\u00bb","block_context":{"text":"Noticias Internacionales","link":"https:\/\/webdelmaestrocmf.com\/portal\/category\/noticias-internacionales\/"},"img":{"alt_text":"","src":"https:\/\/i0.wp.com\/webdelmaestrocmf.com\/portal\/wp-content\/uploads\/2025\/04\/1A-Banner-1-portada-imagen-10-1-13.jpg?resize=350%2C200&ssl=1","width":350,"height":200,"srcset":"https:\/\/i0.wp.com\/webdelmaestrocmf.com\/portal\/wp-content\/uploads\/2025\/04\/1A-Banner-1-portada-imagen-10-1-13.jpg?resize=350%2C200&ssl=1 1x, https:\/\/i0.wp.com\/webdelmaestrocmf.com\/portal\/wp-content\/uploads\/2025\/04\/1A-Banner-1-portada-imagen-10-1-13.jpg?resize=525%2C300&ssl=1 1.5x, https:\/\/i0.wp.com\/webdelmaestrocmf.com\/portal\/wp-content\/uploads\/2025\/04\/1A-Banner-1-portada-imagen-10-1-13.jpg?resize=700%2C400&ssl=1 2x"},"classes":[]},{"id":112288,"url":"https:\/\/webdelmaestrocmf.com\/portal\/como-crear-tu-asistente-personal-de-ia-en-chatgpt-una-herramienta-practica-para-docentes-pdf\/","url_meta":{"origin":111099,"position":1},"title":"C\u00f3mo crear tu Asistente personal de IA en ChatGPT: una herramienta pr\u00e1ctica para docentes | PDF","author":"Web del Maestro CMF","date":"24 septiembre, 2025","format":false,"excerpt":"Un asistente de IA en ChatGPT permite a los docentes planificar, organizar y comunicar mejor, optimizando tiempo y aprendizaje en el aula.","rel":"","context":"En \u00abChatGPT\u00bb","block_context":{"text":"ChatGPT","link":"https:\/\/webdelmaestrocmf.com\/portal\/category\/tecnologia\/chatgpt\/"},"img":{"alt_text":"","src":"https:\/\/i0.wp.com\/webdelmaestrocmf.com\/portal\/wp-content\/uploads\/2025\/09\/1A-Banner-1-portada-imagen-10-1-copia-1-3.webp?resize=350%2C200&ssl=1","width":350,"height":200,"srcset":"https:\/\/i0.wp.com\/webdelmaestrocmf.com\/portal\/wp-content\/uploads\/2025\/09\/1A-Banner-1-portada-imagen-10-1-copia-1-3.webp?resize=350%2C200&ssl=1 1x, https:\/\/i0.wp.com\/webdelmaestrocmf.com\/portal\/wp-content\/uploads\/2025\/09\/1A-Banner-1-portada-imagen-10-1-copia-1-3.webp?resize=525%2C300&ssl=1 1.5x, https:\/\/i0.wp.com\/webdelmaestrocmf.com\/portal\/wp-content\/uploads\/2025\/09\/1A-Banner-1-portada-imagen-10-1-copia-1-3.webp?resize=700%2C400&ssl=1 2x"},"classes":[]},{"id":44753,"url":"https:\/\/webdelmaestrocmf.com\/portal\/protejamos-al-docente-docente\/","url_meta":{"origin":111099,"position":2},"title":"Profesores al borde del colapso por violencia escolar","author":"Web del Maestro CMF","date":"11 enero, 2023","format":false,"excerpt":"En un video viralizado en redes sociales se observa c\u00f3mo dos alumnos amenazan y comienzan a golpear a un docente, quien se defiende esquivando los manotazos. Seg\u00fan un comunicado enviado a los apoderados del establecimiento, donde se muestra la versi\u00f3n de los dos estudiantes, la agresi\u00f3n de produjo debido a\u2026","rel":"","context":"En \u00abRecursos\u00bb","block_context":{"text":"Recursos","link":"https:\/\/webdelmaestrocmf.com\/portal\/category\/pedagogia\/"},"img":{"alt_text":"","src":"https:\/\/i0.wp.com\/webdelmaestrocmf.com\/portal\/wp-content\/uploads\/2023\/01\/1a-1.jpg?resize=350%2C200&ssl=1","width":350,"height":200,"srcset":"https:\/\/i0.wp.com\/webdelmaestrocmf.com\/portal\/wp-content\/uploads\/2023\/01\/1a-1.jpg?resize=350%2C200&ssl=1 1x, https:\/\/i0.wp.com\/webdelmaestrocmf.com\/portal\/wp-content\/uploads\/2023\/01\/1a-1.jpg?resize=525%2C300&ssl=1 1.5x, https:\/\/i0.wp.com\/webdelmaestrocmf.com\/portal\/wp-content\/uploads\/2023\/01\/1a-1.jpg?resize=700%2C400&ssl=1 2x"},"classes":[]},{"id":114355,"url":"https:\/\/webdelmaestrocmf.com\/portal\/atencion-profesores-tiktokers-por-que-no-pueden-usar-imagenes-fotos-de-sus-estudiantes-en-redes-sociales-personales\/","url_meta":{"origin":111099,"position":3},"title":"Atenci\u00f3n, profesores tiktokers: por qu\u00e9 no pueden usar im\u00e1genes (fotos) de sus estudiantes en redes sociales personales","author":"Web del Maestro CMF","date":"28 diciembre, 2025","format":false,"excerpt":"Publicar estudiantes en redes personales no es un gesto inocente, es una vulneraci\u00f3n legal que puede traer consecuencias serias para los docentes","rel":"","context":"En \u00abDocentes\u00bb","block_context":{"text":"Docentes","link":"https:\/\/webdelmaestrocmf.com\/portal\/category\/pedagogia\/docentes\/"},"img":{"alt_text":"","src":"https:\/\/i0.wp.com\/webdelmaestrocmf.com\/portal\/wp-content\/uploads\/2025\/12\/1A-Banner-1-portada-imagen-10-1-copia-1-18.webp?resize=350%2C200&ssl=1","width":350,"height":200,"srcset":"https:\/\/i0.wp.com\/webdelmaestrocmf.com\/portal\/wp-content\/uploads\/2025\/12\/1A-Banner-1-portada-imagen-10-1-copia-1-18.webp?resize=350%2C200&ssl=1 1x, https:\/\/i0.wp.com\/webdelmaestrocmf.com\/portal\/wp-content\/uploads\/2025\/12\/1A-Banner-1-portada-imagen-10-1-copia-1-18.webp?resize=525%2C300&ssl=1 1.5x, https:\/\/i0.wp.com\/webdelmaestrocmf.com\/portal\/wp-content\/uploads\/2025\/12\/1A-Banner-1-portada-imagen-10-1-copia-1-18.webp?resize=700%2C400&ssl=1 2x"},"classes":[]},{"id":38696,"url":"https:\/\/webdelmaestrocmf.com\/portal\/los-profesores-deberian-volverse-grandes-lectores-de-emociones\/","url_meta":{"origin":111099,"position":4},"title":"Los profesores deber\u00edan volverse grandes lectores de emociones","author":"Web del Maestro CMF","date":"30 julio, 2025","format":false,"excerpt":"Hay que preparar a nuestros docentes para que aprendan a lidiar con ellos mismos y con los dem\u00e1s.","rel":"","context":"En \u00abInteligencia Emocional\u00bb","block_context":{"text":"Inteligencia Emocional","link":"https:\/\/webdelmaestrocmf.com\/portal\/category\/pedagogia\/inteligencia-emocional-educacion-y-familia\/"},"img":{"alt_text":"preciso","src":"https:\/\/i0.wp.com\/webdelmaestrocmf.com\/portal\/wp-content\/uploads\/2023\/05\/B-dibujos-1-8.webp?resize=350%2C200&ssl=1","width":350,"height":200,"srcset":"https:\/\/i0.wp.com\/webdelmaestrocmf.com\/portal\/wp-content\/uploads\/2023\/05\/B-dibujos-1-8.webp?resize=350%2C200&ssl=1 1x, https:\/\/i0.wp.com\/webdelmaestrocmf.com\/portal\/wp-content\/uploads\/2023\/05\/B-dibujos-1-8.webp?resize=525%2C300&ssl=1 1.5x, https:\/\/i0.wp.com\/webdelmaestrocmf.com\/portal\/wp-content\/uploads\/2023\/05\/B-dibujos-1-8.webp?resize=700%2C400&ssl=1 2x"},"classes":[]},{"id":78406,"url":"https:\/\/webdelmaestrocmf.com\/portal\/liderazgo-escolar-y-confianza-tan-importante-como-las-competencias-tecnicas-de-las-personas-es-la-calidad-de-las-relaciones-que-se-construyen-al-interior-de-las-escuelas\/","url_meta":{"origin":111099,"position":5},"title":"Liderazgo escolar y confianza. Tan importante como las competencias t\u00e9cnicas de las personas es la calidad de las relaciones que se construyen al interior de las escuelas","author":"Web del Maestro CMF","date":"5 noviembre, 2022","format":false,"excerpt":"\u201cEnse\u00f1ar siempre: en el patio y en la calle como en la sala de clase. Ense\u00f1ar con la actitud, el gesto y la palabra\u201d (Gabriela Mistral, 1923). Nuestra gran poetisa y profesora, hace un siglo atr\u00e1s,\u00a0 planteaba que la formaci\u00f3n escolar de los estudiantes no ocurr\u00eda s\u00f3lo en el aula\u2026","rel":"","context":"En \u00abDirector\u00bb","block_context":{"text":"Director","link":"https:\/\/webdelmaestrocmf.com\/portal\/category\/pedagogia\/director\/"},"img":{"alt_text":"","src":"https:\/\/i0.wp.com\/webdelmaestrocmf.com\/portal\/wp-content\/uploads\/2022\/07\/1a-14.jpg?resize=350%2C200&ssl=1","width":350,"height":200,"srcset":"https:\/\/i0.wp.com\/webdelmaestrocmf.com\/portal\/wp-content\/uploads\/2022\/07\/1a-14.jpg?resize=350%2C200&ssl=1 1x, https:\/\/i0.wp.com\/webdelmaestrocmf.com\/portal\/wp-content\/uploads\/2022\/07\/1a-14.jpg?resize=525%2C300&ssl=1 1.5x, https:\/\/i0.wp.com\/webdelmaestrocmf.com\/portal\/wp-content\/uploads\/2022\/07\/1a-14.jpg?resize=700%2C400&ssl=1 2x"},"classes":[]}],"_links":{"self":[{"href":"https:\/\/webdelmaestrocmf.com\/portal\/wp-json\/wp\/v2\/posts\/111099","targetHints":{"allow":["GET"]}}],"collection":[{"href":"https:\/\/webdelmaestrocmf.com\/portal\/wp-json\/wp\/v2\/posts"}],"about":[{"href":"https:\/\/webdelmaestrocmf.com\/portal\/wp-json\/wp\/v2\/types\/post"}],"author":[{"embeddable":true,"href":"https:\/\/webdelmaestrocmf.com\/portal\/wp-json\/wp\/v2\/users\/1"}],"replies":[{"embeddable":true,"href":"https:\/\/webdelmaestrocmf.com\/portal\/wp-json\/wp\/v2\/comments?post=111099"}],"version-history":[{"count":2,"href":"https:\/\/webdelmaestrocmf.com\/portal\/wp-json\/wp\/v2\/posts\/111099\/revisions"}],"predecessor-version":[{"id":111102,"href":"https:\/\/webdelmaestrocmf.com\/portal\/wp-json\/wp\/v2\/posts\/111099\/revisions\/111102"}],"wp:featuredmedia":[{"embeddable":true,"href":"https:\/\/webdelmaestrocmf.com\/portal\/wp-json\/wp\/v2\/media\/111100"}],"wp:attachment":[{"href":"https:\/\/webdelmaestrocmf.com\/portal\/wp-json\/wp\/v2\/media?parent=111099"}],"wp:term":[{"taxonomy":"category","embeddable":true,"href":"https:\/\/webdelmaestrocmf.com\/portal\/wp-json\/wp\/v2\/categories?post=111099"},{"taxonomy":"post_tag","embeddable":true,"href":"https:\/\/webdelmaestrocmf.com\/portal\/wp-json\/wp\/v2\/tags?post=111099"}],"curies":[{"name":"wp","href":"https:\/\/api.w.org\/{rel}","templated":true}]}}