{"id":111077,"date":"2025-07-09T20:02:33","date_gmt":"2025-07-10T00:02:33","guid":{"rendered":"https:\/\/webdelmaestrocmf.com\/portal\/?p=111077"},"modified":"2025-07-09T20:22:46","modified_gmt":"2025-07-10T00:22:46","slug":"trump-habria-amenazado-con-bombardear-moscu-y-pekin-segun-audio-filtrado-en-ee-uu","status":"publish","type":"post","link":"https:\/\/webdelmaestrocmf.com\/portal\/trump-habria-amenazado-con-bombardear-moscu-y-pekin-segun-audio-filtrado-en-ee-uu\/","title":{"rendered":"Trump habr\u00eda amenazado con bombardear Mosc\u00fa y Pek\u00edn seg\u00fan audio filtrado en EE. UU."},"content":{"rendered":"\n<p>Un audio filtrado revelado este mi\u00e9rcoles por medios estadounidenses ha desatado controversia internacional: el presidente Donald Trump habr\u00eda amenazado al presidente de Rusia, Vladimir Putin, con bombardear Mosc\u00fa si invad\u00eda Ucrania. El registro tambi\u00e9n incluye una amenaza similar contra China, en caso de una intervenci\u00f3n en Taiw\u00e1n.<\/p>\n\n\n\n<h3 class=\"wp-block-heading\">Un audio revelador en plena campa\u00f1a<\/h3>\n\n\n\n<iframe loading=\"lazy\" width=\"100%\" height=\"315\" src=\"https:\/\/www.youtube.com\/embed\/iahdq3NyzIg?si=c8hIE5ql_3Wz3ttO\" title=\"YouTube video player\" frameborder=\"0\" allow=\"accelerometer; autoplay; clipboard-write; encrypted-media; gyroscope; picture-in-picture; web-share\" referrerpolicy=\"strict-origin-when-cross-origin\" allowfullscreen><\/iframe>\n\n\n\n<p>Seg\u00fan la cadena CNN, el audio fue grabado en 2024 durante una reuni\u00f3n privada de recaudaci\u00f3n de fondos con donantes de la campa\u00f1a de Trump, en el marco de su intento por regresar a la Casa Blanca. En dicho evento, el exmandatario relat\u00f3 una conversaci\u00f3n con Putin, en la que habr\u00eda dicho:<\/p>\n\n\n\n<blockquote class=\"wp-block-quote is-layout-flow wp-block-quote-is-layout-flow\">\n<p class=\"has-text-align-center\">\u00abSi entras a Ucrania, voy a bombardear Mosc\u00fa, te lo digo, no tengo opci\u00f3n\u00bb.<\/p>\n<\/blockquote>\n\n\n\n<p>Trump continu\u00f3 el relato se\u00f1alando que Putin le respondi\u00f3 con incredulidad:<\/p>\n\n\n\n<blockquote class=\"wp-block-quote is-layout-flow wp-block-quote-is-layout-flow\">\n<p class=\"has-text-align-center\">\u00abNo te creo, de ninguna manera\u00bb.<br>Pero luego a\u00f1adi\u00f3:<br>\u00abLa verdad es que me crey\u00f3 al 10%\u00bb.<\/p>\n<\/blockquote>\n\n\n\n<p>La grabaci\u00f3n forma parte del contenido recogido en el libro <strong>\u00ab2024: C\u00f3mo Trump recuper\u00f3 la Casa Blanca y los dem\u00f3cratas perdieron a Estados Unidos\u00bb<\/strong>, escrito por los periodistas Josh Dawsey, Tyler Pager e Isaac Arnsdorf.<\/p>\n\n\n\n<h3 class=\"wp-block-heading\">Tambi\u00e9n lanz\u00f3 una advertencia a Xi Jinping<\/h3>\n\n\n\n<p>En el mismo audio, Trump relat\u00f3 haber advertido tambi\u00e9n al presidente chino Xi Jinping en t\u00e9rminos similares.<\/p>\n\n\n\n<blockquote class=\"wp-block-quote is-layout-flow wp-block-quote-is-layout-flow\">\n<p class=\"has-text-align-center\">\u00abLe dije lo mismo. Le dije: \u2018Si entras a Taiw\u00e1n, voy a bombardear Pek\u00edn\u2019. Pens\u00f3 que estaba loco\u00bb.<br>Y agreg\u00f3:<br>\u00abLe dije &#8216;no tengo opci\u00f3n, tengo que bombardearte&#8217;. \u00c9l tampoco me crey\u00f3, me dijo &#8216;10%&#8217;, (pero) 10% es lo \u00fanico que necesitas. De hecho, un 5% tambi\u00e9n habr\u00eda estado bien. Y nunca tuvimos un problema\u00bb.<\/p>\n<\/blockquote>\n\n\n\n<h3 class=\"wp-block-heading\">Contexto geopol\u00edtico<\/h3>\n\n\n\n<p>Estas declaraciones, aunque realizadas en un evento privado, vuelven a posicionar a Trump en el centro del debate sobre la diplomacia y el uso de amenazas militares como estrategia de disuasi\u00f3n. Si bien no se trata de declaraciones oficiales en su momento como presidente, s\u00ed reflejan la postura que habr\u00eda adoptado ante posibles conflictos internacionales clave, como la invasi\u00f3n rusa a Ucrania o un eventual avance de China sobre Taiw\u00e1n.<\/p>\n\n\n\n<p>La grabaci\u00f3n, que a\u00fan no ha sido desmentida por el entorno de Trump, refuerza la imagen que el expresidente suele proyectar de s\u00ed mismo: un l\u00edder impredecible, dispuesto a utilizar la fuerza para proteger los intereses de EE.UU., y que, seg\u00fan su propio relato, logr\u00f3 evitar conflictos precisamente por generar miedo o incertidumbre en sus adversarios.<\/p>\n\n\n\n<h3 class=\"wp-block-heading\">Reacciones<\/h3>\n\n\n\n<p>Hasta el momento, ni el Kremlin ni el gobierno chino han emitido declaraciones p\u00fablicas sobre esta filtraci\u00f3n. Sin embargo, analistas internacionales han se\u00f1alado que estas afirmaciones podr\u00edan escalar tensiones diplom\u00e1ticas, especialmente en un momento de creciente fricci\u00f3n entre las potencias.<\/p>\n\n\n\n<p>Por su parte, la comunidad pol\u00edtica en Estados Unidos se encuentra dividida. Mientras seguidores de Trump aplauden lo que consideran una postura firme y disuasiva, sus detractores lo acusan de irresponsabilidad y de trivializar asuntos de seguridad global.<\/p>\n\n\n\n<h3 class=\"wp-block-heading\">Un nuevo cap\u00edtulo en la narrativa trumpista<\/h3>\n\n\n\n<p>El libro que contiene estos pasajes, publicado recientemente, intenta reconstruir c\u00f3mo Donald Trump, tras perder las elecciones de 2020, retom\u00f3 el poder pol\u00edtico y reconquist\u00f3 el liderazgo del Partido Republicano, perfil\u00e1ndose nuevamente como candidato fuerte para las elecciones presidenciales. Este tipo de revelaciones refuerza su imagen de l\u00edder duro, pero tambi\u00e9n despierta preocupaciones en el \u00e1mbito internacional.<\/p>\n\n\n\n<p>El audio, aunque a\u00fan no ha sido difundido \u00edntegramente por CNN u otros medios, ha sido verificado por los autores del libro y citado por m\u00faltiples fuentes confiables.<\/p>\n\n\n\n<p><strong>Fuentes<\/strong>:<\/p>\n\n\n\n<ul class=\"wp-block-list\">\n<li>CNN<\/li>\n\n\n\n<li>\u00ab2024: How Trump Retook the White House and the Democrats Lost America\u00bb, Josh Dawsey, Tyler Pager, Isaac Arnsdorf<\/li>\n\n\n\n<li>Declaraciones recogidas en medios estadounidenses<\/li>\n<\/ul>\n\n\n\n<p class=\"has-text-align-right\"><strong>Redacci\u00f3n | Web del Maestro CMF<\/strong><\/p>\n\n\n\t\t<div class=\"pk-inline-posts\">\n\t\t\t\n\t\t\t<div class=\"pk-inline-posts-container pk-inline-posts-template-list\"\n\t\t\t\tdata-columns=\"1\">\n\t\t\t\t\t\t<article id=\"post-118385\" class=\"post-118385 post type-post status-publish format-standard has-post-thumbnail category-noticias-internacionales tag-accidente-escolar tag-comunidad-escolar tag-cuidado-infantil tag-derechos-del-nino tag-educacion-segura tag-gestion-educativa-3 tag-prevencion-riesgos tag-responsabilidad-educativa tag-seguridad-escolar tag-supervision-docente cs-entry cs-video-wrap\">\n\t\t\t<div class=\"pk-post-outer\">\n\n\t\t\t\t\t\t\t\t<div class=\"pk-post-inner\">\n\t\t\t\t\t<div class=\"entry-thumbnail\">\n\t\t\t\t\t\t<div class=\"pk-overlay pk-overlay-ratio pk-ratio-landscape\">\n\t\t\t\t\t\t\t<div class=\"pk-overlay-background\">\n\t\t\t\t\t\t\t\t<a href=\"https:\/\/webdelmaestrocmf.com\/portal\/nina-fallece-tras-presunto-tropiezo-en-escuela-pero-su-padre-desmiente-la-version-me-encontre-a-mi-hija-toda-ensangrentada\/\" class=\"pk-overlay-link\">\n\t\t\t\t\t\t\t\t\t<img loading=\"lazy\" decoding=\"async\" width=\"300\" height=\"225\" src=\"https:\/\/webdelmaestrocmf.com\/portal\/wp-content\/uploads\/2026\/04\/1AA-Banner-1-portada-imagen-10-1-copia-4-3-300x225.webp\" class=\"attachment-pk-thumbnail size-pk-thumbnail wp-post-image\" alt=\"\" \/>\t\t\t\t\t\t\t\t<\/a>\n\t\t\t\t\t\t\t<\/div>\n\t\t\t\t\t\t<\/div>\n\t\t\t\t\t<\/div>\n\t\t\t\t<\/div>\n\t\t\t\t\n\t\t\t\t<div class=\"pk-post-inner\">\n\t\t\t\t\t<header>\n\t\t\t\t\t\t<h3 class=\"pk-title\"><a href=\"https:\/\/webdelmaestrocmf.com\/portal\/nina-fallece-tras-presunto-tropiezo-en-escuela-pero-su-padre-desmiente-la-version-me-encontre-a-mi-hija-toda-ensangrentada\/\" rel=\"bookmark\">Ni\u00f1a fallece tras presunto tropiezo en escuela, pero su padre desmiente la versi\u00f3n: \u201cMe encontr\u00e9 a mi hija toda ensangrentada\u201d<\/a><\/h3>\t\t\t\t\t<\/header><!-- .entry-header -->\n\t\t\t\t<\/div><!-- .post-inner -->\n\n\t\t\t<\/div><!-- .post-outer -->\n\t\t<\/article>\n\t\t\t<article id=\"post-118342\" class=\"post-118342 post type-post status-publish format-standard has-post-thumbnail category-noticias-internacionales tag-alfabetizacion tag-aprendizaje tag-comprension-lectora tag-docentes tag-educacion tag-escuela tag-innovacion-educativa tag-lectura tag-pedagogia tag-tecnologia-educativa cs-entry cs-video-wrap\">\n\t\t\t<div class=\"pk-post-outer\">\n\n\t\t\t\t\t\t\t\t<div class=\"pk-post-inner\">\n\t\t\t\t\t<div class=\"entry-thumbnail\">\n\t\t\t\t\t\t<div class=\"pk-overlay pk-overlay-ratio pk-ratio-landscape\">\n\t\t\t\t\t\t\t<div class=\"pk-overlay-background\">\n\t\t\t\t\t\t\t\t<a href=\"https:\/\/webdelmaestrocmf.com\/portal\/apagon-digital-en-la-escuela-suecia-frena-la-inversion-en-pantallas-y-vuelve-a-los-libros\/\" class=\"pk-overlay-link\">\n\t\t\t\t\t\t\t\t\t<img loading=\"lazy\" decoding=\"async\" width=\"300\" height=\"225\" src=\"https:\/\/webdelmaestrocmf.com\/portal\/wp-content\/uploads\/2026\/04\/1AA-Banner-1-portada-imagen-10-1-copia-8-2-300x225.webp\" class=\"attachment-pk-thumbnail size-pk-thumbnail wp-post-image\" alt=\"\" \/>\t\t\t\t\t\t\t\t<\/a>\n\t\t\t\t\t\t\t<\/div>\n\t\t\t\t\t\t<\/div>\n\t\t\t\t\t<\/div>\n\t\t\t\t<\/div>\n\t\t\t\t\n\t\t\t\t<div class=\"pk-post-inner\">\n\t\t\t\t\t<header>\n\t\t\t\t\t\t<h3 class=\"pk-title\"><a href=\"https:\/\/webdelmaestrocmf.com\/portal\/apagon-digital-en-la-escuela-suecia-frena-la-inversion-en-pantallas-y-vuelve-a-los-libros\/\" rel=\"bookmark\">\u00bfApag\u00f3n digital en la escuela? Suecia frena la inversi\u00f3n en pantallas y vuelve a los libros<\/a><\/h3>\t\t\t\t\t<\/header><!-- .entry-header -->\n\t\t\t\t<\/div><!-- .post-inner -->\n\n\t\t\t<\/div><!-- .post-outer -->\n\t\t<\/article>\n\t\t\t<article id=\"post-118337\" class=\"post-118337 post type-post status-publish format-standard has-post-thumbnail category-noticias-internacionales tag-aprendizaje tag-crianza-responsable tag-desarrollo-infantil tag-docentes tag-educacion-digital tag-inteligencia-artificial tag-neuroeducacion tag-pantallas-en-ninos tag-salud-mental-infantil tag-tecnologia-en-educacion cs-entry cs-video-wrap\">\n\t\t\t<div class=\"pk-post-outer\">\n\n\t\t\t\t\t\t\t\t<div class=\"pk-post-inner\">\n\t\t\t\t\t<div class=\"entry-thumbnail\">\n\t\t\t\t\t\t<div class=\"pk-overlay pk-overlay-ratio pk-ratio-landscape\">\n\t\t\t\t\t\t\t<div class=\"pk-overlay-background\">\n\t\t\t\t\t\t\t\t<a href=\"https:\/\/webdelmaestrocmf.com\/portal\/sociedades-medicas-advierten-con-contundencia-es-el-mayor-hackeo-cerebral-de-la-historia-hay-una-epidemia-de-entontecimiento-masivo-por-las-pantallas\/\" class=\"pk-overlay-link\">\n\t\t\t\t\t\t\t\t\t<img loading=\"lazy\" decoding=\"async\" width=\"300\" height=\"225\" src=\"https:\/\/webdelmaestrocmf.com\/portal\/wp-content\/uploads\/2026\/04\/1AA-Banner-1-portada-imagen-10-1-copia-7-4-300x225.webp\" class=\"attachment-pk-thumbnail size-pk-thumbnail wp-post-image\" alt=\"\" \/>\t\t\t\t\t\t\t\t<\/a>\n\t\t\t\t\t\t\t<\/div>\n\t\t\t\t\t\t<\/div>\n\t\t\t\t\t<\/div>\n\t\t\t\t<\/div>\n\t\t\t\t\n\t\t\t\t<div class=\"pk-post-inner\">\n\t\t\t\t\t<header>\n\t\t\t\t\t\t<h3 class=\"pk-title\"><a href=\"https:\/\/webdelmaestrocmf.com\/portal\/sociedades-medicas-advierten-con-contundencia-es-el-mayor-hackeo-cerebral-de-la-historia-hay-una-epidemia-de-entontecimiento-masivo-por-las-pantallas\/\" rel=\"bookmark\">Sociedades m\u00e9dicas advierten con contundencia: \u00abEs el mayor hackeo cerebral de la historia\u00bb. \u00abHay una epidemia de entontecimiento masivo por las pantallas\u00bb<\/a><\/h3>\t\t\t\t\t<\/header><!-- .entry-header -->\n\t\t\t\t<\/div><!-- .post-inner -->\n\n\t\t\t<\/div><!-- .post-outer -->\n\t\t<\/article>\n\t\t\t\t<\/div>\n\t\t<\/div>\n\t\t\n","protected":false},"excerpt":{"rendered":"Un audio filtrado revela que Donald Trump habr\u00eda amenazado a Vladimir Putin y Xi Jinping con bombardear Mosc\u00fa y Pek\u00edn si atacaban Ucrania o Taiw\u00e1n","protected":false},"author":1,"featured_media":111078,"comment_status":"open","ping_status":"closed","sticky":false,"template":"","format":"standard","meta":{"csco_display_header_overlay":false,"csco_singular_sidebar":"","csco_page_header_type":"","csco_page_load_nextpost":"","csco_post_video_location":[],"csco_post_video_location_hash":"","csco_post_video_url":"","csco_post_video_bg_start_time":0,"csco_post_video_bg_end_time":0,"csco_post_video_bg_volume":false,"_jetpack_memberships_contains_paid_content":false,"footnotes":""},"categories":[23790],"tags":[3438,23947,23950,23948,23949,2232],"class_list":{"0":"post-111077","1":"post","2":"type-post","3":"status-publish","4":"format-standard","5":"has-post-thumbnail","7":"category-noticias-internacionales","8":"tag-audio","9":"tag-bombardear","10":"tag-filtrado","11":"tag-moscu","12":"tag-pekin","13":"tag-trump","14":"cs-entry","15":"cs-video-wrap"},"yoast_head":"<!-- This site is optimized with the Yoast SEO plugin v27.4 - https:\/\/yoast.com\/product\/yoast-seo-wordpress\/ -->\n<title>Trump habr\u00eda amenazado con bombardear Mosc\u00fa y Pek\u00edn seg\u00fan audio filtrado en EE. UU. - 2026<\/title>\n<meta name=\"description\" content=\"Donald Trump habr\u00eda amenazado al presidente de Rusia, Vladimir Putin, con bombardear Mosc\u00fa si invad\u00eda Ucrania.\" \/>\n<meta name=\"robots\" content=\"index, follow, max-snippet:-1, max-image-preview:large, max-video-preview:-1\" \/>\n<link rel=\"canonical\" href=\"https:\/\/webdelmaestrocmf.com\/portal\/trump-habria-amenazado-con-bombardear-moscu-y-pekin-segun-audio-filtrado-en-ee-uu\/\" \/>\n<meta property=\"og:locale\" content=\"es_ES\" \/>\n<meta property=\"og:type\" content=\"article\" \/>\n<meta property=\"og:title\" content=\"Trump habr\u00eda amenazado con bombardear Mosc\u00fa y Pek\u00edn seg\u00fan audio filtrado en EE. UU. - 2026\" \/>\n<meta property=\"og:description\" content=\"Donald Trump habr\u00eda amenazado al presidente de Rusia, Vladimir Putin, con bombardear Mosc\u00fa si invad\u00eda Ucrania.\" \/>\n<meta property=\"og:url\" content=\"https:\/\/webdelmaestrocmf.com\/portal\/trump-habria-amenazado-con-bombardear-moscu-y-pekin-segun-audio-filtrado-en-ee-uu\/\" \/>\n<meta property=\"og:site_name\" content=\"Web del Maestro CMF\" \/>\n<meta property=\"article:publisher\" content=\"https:\/\/www.facebook.com\/WebdelMaestroCMF\/\" \/>\n<meta property=\"article:author\" content=\"https:\/\/www.facebook.com\/WebdelMaestroCMF\/\" \/>\n<meta property=\"article:published_time\" content=\"2025-07-10T00:02:33+00:00\" \/>\n<meta property=\"article:modified_time\" content=\"2025-07-10T00:22:46+00:00\" \/>\n<meta property=\"og:image\" content=\"https:\/\/webdelmaestrocmf.com\/portal\/wp-content\/uploads\/2025\/07\/1A-Banner-1-portada-imagen-10-1-copia-35.webp\" \/>\n\t<meta property=\"og:image:width\" content=\"1003\" \/>\n\t<meta property=\"og:image:height\" content=\"667\" \/>\n\t<meta property=\"og:image:type\" content=\"image\/webp\" \/>\n<meta name=\"author\" content=\"Web del Maestro CMF\" \/>\n<meta name=\"twitter:card\" content=\"summary_large_image\" \/>\n<meta name=\"twitter:creator\" content=\"@cmf_w\" \/>\n<meta name=\"twitter:site\" content=\"@cmf_w\" \/>\n<meta name=\"twitter:label1\" content=\"Escrito por\" \/>\n\t<meta name=\"twitter:data1\" content=\"Web del Maestro CMF\" \/>\n\t<meta name=\"twitter:label2\" content=\"Tiempo de lectura\" \/>\n\t<meta name=\"twitter:data2\" content=\"3 minutos\" \/>\n<script type=\"application\/ld+json\" class=\"yoast-schema-graph\">{\"@context\":\"https:\\\/\\\/schema.org\",\"@graph\":[{\"@type\":\"ScholarlyArticle\",\"@id\":\"https:\\\/\\\/webdelmaestrocmf.com\\\/portal\\\/trump-habria-amenazado-con-bombardear-moscu-y-pekin-segun-audio-filtrado-en-ee-uu\\\/#article\",\"isPartOf\":{\"@id\":\"https:\\\/\\\/webdelmaestrocmf.com\\\/portal\\\/trump-habria-amenazado-con-bombardear-moscu-y-pekin-segun-audio-filtrado-en-ee-uu\\\/\"},\"author\":{\"name\":\"Web del Maestro CMF\",\"@id\":\"https:\\\/\\\/webdelmaestrocmf.com\\\/portal\\\/#\\\/schema\\\/person\\\/1072a2ed7bd960df8ef99a551fa35dc5\"},\"headline\":\"Trump habr\u00eda amenazado con bombardear Mosc\u00fa y Pek\u00edn seg\u00fan audio filtrado en EE. UU.\",\"datePublished\":\"2025-07-10T00:02:33+00:00\",\"dateModified\":\"2025-07-10T00:22:46+00:00\",\"mainEntityOfPage\":{\"@id\":\"https:\\\/\\\/webdelmaestrocmf.com\\\/portal\\\/trump-habria-amenazado-con-bombardear-moscu-y-pekin-segun-audio-filtrado-en-ee-uu\\\/\"},\"wordCount\":655,\"commentCount\":28,\"publisher\":{\"@id\":\"https:\\\/\\\/webdelmaestrocmf.com\\\/portal\\\/#organization\"},\"image\":{\"@id\":\"https:\\\/\\\/webdelmaestrocmf.com\\\/portal\\\/trump-habria-amenazado-con-bombardear-moscu-y-pekin-segun-audio-filtrado-en-ee-uu\\\/#primaryimage\"},\"thumbnailUrl\":\"https:\\\/\\\/webdelmaestrocmf.com\\\/portal\\\/wp-content\\\/uploads\\\/2025\\\/07\\\/1A-Banner-1-portada-imagen-10-1-copia-35.webp\",\"keywords\":[\"AUDIO\",\"bombardear\",\"filtrado\",\"Mosc\u00fa\",\"Pek\u00edn\",\"trump\"],\"articleSection\":[\"Noticias Internacionales\"],\"inLanguage\":\"es\",\"potentialAction\":[{\"@type\":\"CommentAction\",\"name\":\"Comment\",\"target\":[\"https:\\\/\\\/webdelmaestrocmf.com\\\/portal\\\/trump-habria-amenazado-con-bombardear-moscu-y-pekin-segun-audio-filtrado-en-ee-uu\\\/#respond\"]}]},{\"@type\":\"WebPage\",\"@id\":\"https:\\\/\\\/webdelmaestrocmf.com\\\/portal\\\/trump-habria-amenazado-con-bombardear-moscu-y-pekin-segun-audio-filtrado-en-ee-uu\\\/\",\"url\":\"https:\\\/\\\/webdelmaestrocmf.com\\\/portal\\\/trump-habria-amenazado-con-bombardear-moscu-y-pekin-segun-audio-filtrado-en-ee-uu\\\/\",\"name\":\"Trump habr\u00eda amenazado con bombardear Mosc\u00fa y Pek\u00edn seg\u00fan audio filtrado en EE. UU. - 2026\",\"isPartOf\":{\"@id\":\"https:\\\/\\\/webdelmaestrocmf.com\\\/portal\\\/#website\"},\"primaryImageOfPage\":{\"@id\":\"https:\\\/\\\/webdelmaestrocmf.com\\\/portal\\\/trump-habria-amenazado-con-bombardear-moscu-y-pekin-segun-audio-filtrado-en-ee-uu\\\/#primaryimage\"},\"image\":{\"@id\":\"https:\\\/\\\/webdelmaestrocmf.com\\\/portal\\\/trump-habria-amenazado-con-bombardear-moscu-y-pekin-segun-audio-filtrado-en-ee-uu\\\/#primaryimage\"},\"thumbnailUrl\":\"https:\\\/\\\/webdelmaestrocmf.com\\\/portal\\\/wp-content\\\/uploads\\\/2025\\\/07\\\/1A-Banner-1-portada-imagen-10-1-copia-35.webp\",\"datePublished\":\"2025-07-10T00:02:33+00:00\",\"dateModified\":\"2025-07-10T00:22:46+00:00\",\"description\":\"Donald Trump habr\u00eda amenazado al presidente de Rusia, Vladimir Putin, con bombardear Mosc\u00fa si invad\u00eda Ucrania.\",\"breadcrumb\":{\"@id\":\"https:\\\/\\\/webdelmaestrocmf.com\\\/portal\\\/trump-habria-amenazado-con-bombardear-moscu-y-pekin-segun-audio-filtrado-en-ee-uu\\\/#breadcrumb\"},\"inLanguage\":\"es\",\"potentialAction\":[{\"@type\":\"ReadAction\",\"target\":[\"https:\\\/\\\/webdelmaestrocmf.com\\\/portal\\\/trump-habria-amenazado-con-bombardear-moscu-y-pekin-segun-audio-filtrado-en-ee-uu\\\/\"]}]},{\"@type\":\"ImageObject\",\"inLanguage\":\"es\",\"@id\":\"https:\\\/\\\/webdelmaestrocmf.com\\\/portal\\\/trump-habria-amenazado-con-bombardear-moscu-y-pekin-segun-audio-filtrado-en-ee-uu\\\/#primaryimage\",\"url\":\"https:\\\/\\\/webdelmaestrocmf.com\\\/portal\\\/wp-content\\\/uploads\\\/2025\\\/07\\\/1A-Banner-1-portada-imagen-10-1-copia-35.webp\",\"contentUrl\":\"https:\\\/\\\/webdelmaestrocmf.com\\\/portal\\\/wp-content\\\/uploads\\\/2025\\\/07\\\/1A-Banner-1-portada-imagen-10-1-copia-35.webp\",\"width\":1003,\"height\":667},{\"@type\":\"BreadcrumbList\",\"@id\":\"https:\\\/\\\/webdelmaestrocmf.com\\\/portal\\\/trump-habria-amenazado-con-bombardear-moscu-y-pekin-segun-audio-filtrado-en-ee-uu\\\/#breadcrumb\",\"itemListElement\":[{\"@type\":\"ListItem\",\"position\":1,\"name\":\"Portada\",\"item\":\"https:\\\/\\\/webdelmaestrocmf.com\\\/portal\\\/\"},{\"@type\":\"ListItem\",\"position\":2,\"name\":\"Noticias Internacionales\",\"item\":\"https:\\\/\\\/webdelmaestrocmf.com\\\/portal\\\/category\\\/noticias-internacionales\\\/\"},{\"@type\":\"ListItem\",\"position\":3,\"name\":\"Trump habr\u00eda amenazado con bombardear Mosc\u00fa y Pek\u00edn seg\u00fan audio filtrado en EE. UU.\"}]},{\"@type\":\"WebSite\",\"@id\":\"https:\\\/\\\/webdelmaestrocmf.com\\\/portal\\\/#website\",\"url\":\"https:\\\/\\\/webdelmaestrocmf.com\\\/portal\\\/\",\"name\":\"Web del Maestro CMF\",\"description\":\"Maestros al servicio de la educaci\u00f3n\",\"publisher\":{\"@id\":\"https:\\\/\\\/webdelmaestrocmf.com\\\/portal\\\/#organization\"},\"alternateName\":\"WMCMF\",\"potentialAction\":[{\"@type\":\"SearchAction\",\"target\":{\"@type\":\"EntryPoint\",\"urlTemplate\":\"https:\\\/\\\/webdelmaestrocmf.com\\\/portal\\\/?s={search_term_string}\"},\"query-input\":{\"@type\":\"PropertyValueSpecification\",\"valueRequired\":true,\"valueName\":\"search_term_string\"}}],\"inLanguage\":\"es\"},{\"@type\":\"Organization\",\"@id\":\"https:\\\/\\\/webdelmaestrocmf.com\\\/portal\\\/#organization\",\"name\":\"Web del Maestro CMF\",\"alternateName\":\"WMCMF\",\"url\":\"https:\\\/\\\/webdelmaestrocmf.com\\\/portal\\\/\",\"logo\":{\"@type\":\"ImageObject\",\"inLanguage\":\"es\",\"@id\":\"https:\\\/\\\/webdelmaestrocmf.com\\\/portal\\\/#\\\/schema\\\/logo\\\/image\\\/\",\"url\":\"https:\\\/\\\/webdelmaestrocmf.com\\\/portal\\\/wp-content\\\/uploads\\\/2023\\\/01\\\/logo-wmcmf-2.png\",\"contentUrl\":\"https:\\\/\\\/webdelmaestrocmf.com\\\/portal\\\/wp-content\\\/uploads\\\/2023\\\/01\\\/logo-wmcmf-2.png\",\"width\":200,\"height\":60,\"caption\":\"Web del Maestro CMF\"},\"image\":{\"@id\":\"https:\\\/\\\/webdelmaestrocmf.com\\\/portal\\\/#\\\/schema\\\/logo\\\/image\\\/\"},\"sameAs\":[\"https:\\\/\\\/www.facebook.com\\\/WebdelMaestroCMF\\\/\",\"https:\\\/\\\/x.com\\\/cmf_w\",\"https:\\\/\\\/www.pinterest.com\\\/WMCMF\\\/\",\"https:\\\/\\\/www.linkedin.com\\\/company\\\/web-del-maestro-cmf\\\/\",\"https:\\\/\\\/www.instagram.com\\\/wmcmf\\\/\",\"https:\\\/\\\/www.youtube.com\\\/channel\\\/UCDPSvjbdodE5sHnC3OxutHw\",\"https:\\\/\\\/mastodon.social\\\/@wmcmf\",\"https:\\\/\\\/www.tiktok.com\\\/@webdelmaestrocmf\"]},{\"@type\":\"Person\",\"@id\":\"https:\\\/\\\/webdelmaestrocmf.com\\\/portal\\\/#\\\/schema\\\/person\\\/1072a2ed7bd960df8ef99a551fa35dc5\",\"name\":\"Web del Maestro CMF\",\"image\":{\"@type\":\"ImageObject\",\"inLanguage\":\"es\",\"@id\":\"https:\\\/\\\/secure.gravatar.com\\\/avatar\\\/23291dd5b5ae1077dcff3dbb04c3e02bd28403fa75af6d8787d5e97c5bbbe30b?s=96&d=mm&r=g\",\"url\":\"https:\\\/\\\/secure.gravatar.com\\\/avatar\\\/23291dd5b5ae1077dcff3dbb04c3e02bd28403fa75af6d8787d5e97c5bbbe30b?s=96&d=mm&r=g\",\"contentUrl\":\"https:\\\/\\\/secure.gravatar.com\\\/avatar\\\/23291dd5b5ae1077dcff3dbb04c3e02bd28403fa75af6d8787d5e97c5bbbe30b?s=96&d=mm&r=g\",\"caption\":\"Web del Maestro CMF\"},\"description\":\"Esta Web se cre\u00f3 sin fines de lucro, con fines educativos, cient\u00edficos y acad\u00e9micos, para personas que tengan dificultades y\\\/o inconvenientes en visualizar el material original. El objetivo es entregar recursos, compartir experiencias y materiales que ayuden a los padres de familia, maestros y estudiantes en su actualizaci\u00f3n y formaci\u00f3n permanente, en bien de la Educaci\u00f3n.\",\"sameAs\":[\"http:\\\/\\\/webdelmaestrocmf.com\\\/portal\",\"https:\\\/\\\/www.facebook.com\\\/WebdelMaestroCMF\\\/\",\"https:\\\/\\\/www.instagram.com\\\/wmcmf\\\/\",\"https:\\\/\\\/cl.linkedin.com\\\/company\\\/web-del-maestro-cmf\",\"https:\\\/\\\/www.pinterest.com\\\/WMCMF\\\/publicaciones\\\/\",\"https:\\\/\\\/x.com\\\/cmf_w\",\"https:\\\/\\\/www.youtube.com\\\/@WMCMF\"]}]}<\/script>\n<!-- \/ Yoast SEO plugin. -->","yoast_head_json":{"title":"Trump habr\u00eda amenazado con bombardear Mosc\u00fa y Pek\u00edn seg\u00fan audio filtrado en EE. UU. - 2026","description":"Donald Trump habr\u00eda amenazado al presidente de Rusia, Vladimir Putin, con bombardear Mosc\u00fa si invad\u00eda Ucrania.","robots":{"index":"index","follow":"follow","max-snippet":"max-snippet:-1","max-image-preview":"max-image-preview:large","max-video-preview":"max-video-preview:-1"},"canonical":"https:\/\/webdelmaestrocmf.com\/portal\/trump-habria-amenazado-con-bombardear-moscu-y-pekin-segun-audio-filtrado-en-ee-uu\/","og_locale":"es_ES","og_type":"article","og_title":"Trump habr\u00eda amenazado con bombardear Mosc\u00fa y Pek\u00edn seg\u00fan audio filtrado en EE. UU. - 2026","og_description":"Donald Trump habr\u00eda amenazado al presidente de Rusia, Vladimir Putin, con bombardear Mosc\u00fa si invad\u00eda Ucrania.","og_url":"https:\/\/webdelmaestrocmf.com\/portal\/trump-habria-amenazado-con-bombardear-moscu-y-pekin-segun-audio-filtrado-en-ee-uu\/","og_site_name":"Web del Maestro CMF","article_publisher":"https:\/\/www.facebook.com\/WebdelMaestroCMF\/","article_author":"https:\/\/www.facebook.com\/WebdelMaestroCMF\/","article_published_time":"2025-07-10T00:02:33+00:00","article_modified_time":"2025-07-10T00:22:46+00:00","og_image":[{"width":1003,"height":667,"url":"https:\/\/webdelmaestrocmf.com\/portal\/wp-content\/uploads\/2025\/07\/1A-Banner-1-portada-imagen-10-1-copia-35.webp","type":"image\/webp"}],"author":"Web del Maestro CMF","twitter_card":"summary_large_image","twitter_creator":"@cmf_w","twitter_site":"@cmf_w","twitter_misc":{"Escrito por":"Web del Maestro CMF","Tiempo de lectura":"3 minutos"},"schema":{"@context":"https:\/\/schema.org","@graph":[{"@type":"ScholarlyArticle","@id":"https:\/\/webdelmaestrocmf.com\/portal\/trump-habria-amenazado-con-bombardear-moscu-y-pekin-segun-audio-filtrado-en-ee-uu\/#article","isPartOf":{"@id":"https:\/\/webdelmaestrocmf.com\/portal\/trump-habria-amenazado-con-bombardear-moscu-y-pekin-segun-audio-filtrado-en-ee-uu\/"},"author":{"name":"Web del Maestro CMF","@id":"https:\/\/webdelmaestrocmf.com\/portal\/#\/schema\/person\/1072a2ed7bd960df8ef99a551fa35dc5"},"headline":"Trump habr\u00eda amenazado con bombardear Mosc\u00fa y Pek\u00edn seg\u00fan audio filtrado en EE. UU.","datePublished":"2025-07-10T00:02:33+00:00","dateModified":"2025-07-10T00:22:46+00:00","mainEntityOfPage":{"@id":"https:\/\/webdelmaestrocmf.com\/portal\/trump-habria-amenazado-con-bombardear-moscu-y-pekin-segun-audio-filtrado-en-ee-uu\/"},"wordCount":655,"commentCount":28,"publisher":{"@id":"https:\/\/webdelmaestrocmf.com\/portal\/#organization"},"image":{"@id":"https:\/\/webdelmaestrocmf.com\/portal\/trump-habria-amenazado-con-bombardear-moscu-y-pekin-segun-audio-filtrado-en-ee-uu\/#primaryimage"},"thumbnailUrl":"https:\/\/webdelmaestrocmf.com\/portal\/wp-content\/uploads\/2025\/07\/1A-Banner-1-portada-imagen-10-1-copia-35.webp","keywords":["AUDIO","bombardear","filtrado","Mosc\u00fa","Pek\u00edn","trump"],"articleSection":["Noticias Internacionales"],"inLanguage":"es","potentialAction":[{"@type":"CommentAction","name":"Comment","target":["https:\/\/webdelmaestrocmf.com\/portal\/trump-habria-amenazado-con-bombardear-moscu-y-pekin-segun-audio-filtrado-en-ee-uu\/#respond"]}]},{"@type":"WebPage","@id":"https:\/\/webdelmaestrocmf.com\/portal\/trump-habria-amenazado-con-bombardear-moscu-y-pekin-segun-audio-filtrado-en-ee-uu\/","url":"https:\/\/webdelmaestrocmf.com\/portal\/trump-habria-amenazado-con-bombardear-moscu-y-pekin-segun-audio-filtrado-en-ee-uu\/","name":"Trump habr\u00eda amenazado con bombardear Mosc\u00fa y Pek\u00edn seg\u00fan audio filtrado en EE. UU. - 2026","isPartOf":{"@id":"https:\/\/webdelmaestrocmf.com\/portal\/#website"},"primaryImageOfPage":{"@id":"https:\/\/webdelmaestrocmf.com\/portal\/trump-habria-amenazado-con-bombardear-moscu-y-pekin-segun-audio-filtrado-en-ee-uu\/#primaryimage"},"image":{"@id":"https:\/\/webdelmaestrocmf.com\/portal\/trump-habria-amenazado-con-bombardear-moscu-y-pekin-segun-audio-filtrado-en-ee-uu\/#primaryimage"},"thumbnailUrl":"https:\/\/webdelmaestrocmf.com\/portal\/wp-content\/uploads\/2025\/07\/1A-Banner-1-portada-imagen-10-1-copia-35.webp","datePublished":"2025-07-10T00:02:33+00:00","dateModified":"2025-07-10T00:22:46+00:00","description":"Donald Trump habr\u00eda amenazado al presidente de Rusia, Vladimir Putin, con bombardear Mosc\u00fa si invad\u00eda Ucrania.","breadcrumb":{"@id":"https:\/\/webdelmaestrocmf.com\/portal\/trump-habria-amenazado-con-bombardear-moscu-y-pekin-segun-audio-filtrado-en-ee-uu\/#breadcrumb"},"inLanguage":"es","potentialAction":[{"@type":"ReadAction","target":["https:\/\/webdelmaestrocmf.com\/portal\/trump-habria-amenazado-con-bombardear-moscu-y-pekin-segun-audio-filtrado-en-ee-uu\/"]}]},{"@type":"ImageObject","inLanguage":"es","@id":"https:\/\/webdelmaestrocmf.com\/portal\/trump-habria-amenazado-con-bombardear-moscu-y-pekin-segun-audio-filtrado-en-ee-uu\/#primaryimage","url":"https:\/\/webdelmaestrocmf.com\/portal\/wp-content\/uploads\/2025\/07\/1A-Banner-1-portada-imagen-10-1-copia-35.webp","contentUrl":"https:\/\/webdelmaestrocmf.com\/portal\/wp-content\/uploads\/2025\/07\/1A-Banner-1-portada-imagen-10-1-copia-35.webp","width":1003,"height":667},{"@type":"BreadcrumbList","@id":"https:\/\/webdelmaestrocmf.com\/portal\/trump-habria-amenazado-con-bombardear-moscu-y-pekin-segun-audio-filtrado-en-ee-uu\/#breadcrumb","itemListElement":[{"@type":"ListItem","position":1,"name":"Portada","item":"https:\/\/webdelmaestrocmf.com\/portal\/"},{"@type":"ListItem","position":2,"name":"Noticias Internacionales","item":"https:\/\/webdelmaestrocmf.com\/portal\/category\/noticias-internacionales\/"},{"@type":"ListItem","position":3,"name":"Trump habr\u00eda amenazado con bombardear Mosc\u00fa y Pek\u00edn seg\u00fan audio filtrado en EE. UU."}]},{"@type":"WebSite","@id":"https:\/\/webdelmaestrocmf.com\/portal\/#website","url":"https:\/\/webdelmaestrocmf.com\/portal\/","name":"Web del Maestro CMF","description":"Maestros al servicio de la educaci\u00f3n","publisher":{"@id":"https:\/\/webdelmaestrocmf.com\/portal\/#organization"},"alternateName":"WMCMF","potentialAction":[{"@type":"SearchAction","target":{"@type":"EntryPoint","urlTemplate":"https:\/\/webdelmaestrocmf.com\/portal\/?s={search_term_string}"},"query-input":{"@type":"PropertyValueSpecification","valueRequired":true,"valueName":"search_term_string"}}],"inLanguage":"es"},{"@type":"Organization","@id":"https:\/\/webdelmaestrocmf.com\/portal\/#organization","name":"Web del Maestro CMF","alternateName":"WMCMF","url":"https:\/\/webdelmaestrocmf.com\/portal\/","logo":{"@type":"ImageObject","inLanguage":"es","@id":"https:\/\/webdelmaestrocmf.com\/portal\/#\/schema\/logo\/image\/","url":"https:\/\/webdelmaestrocmf.com\/portal\/wp-content\/uploads\/2023\/01\/logo-wmcmf-2.png","contentUrl":"https:\/\/webdelmaestrocmf.com\/portal\/wp-content\/uploads\/2023\/01\/logo-wmcmf-2.png","width":200,"height":60,"caption":"Web del Maestro CMF"},"image":{"@id":"https:\/\/webdelmaestrocmf.com\/portal\/#\/schema\/logo\/image\/"},"sameAs":["https:\/\/www.facebook.com\/WebdelMaestroCMF\/","https:\/\/x.com\/cmf_w","https:\/\/www.pinterest.com\/WMCMF\/","https:\/\/www.linkedin.com\/company\/web-del-maestro-cmf\/","https:\/\/www.instagram.com\/wmcmf\/","https:\/\/www.youtube.com\/channel\/UCDPSvjbdodE5sHnC3OxutHw","https:\/\/mastodon.social\/@wmcmf","https:\/\/www.tiktok.com\/@webdelmaestrocmf"]},{"@type":"Person","@id":"https:\/\/webdelmaestrocmf.com\/portal\/#\/schema\/person\/1072a2ed7bd960df8ef99a551fa35dc5","name":"Web del Maestro CMF","image":{"@type":"ImageObject","inLanguage":"es","@id":"https:\/\/secure.gravatar.com\/avatar\/23291dd5b5ae1077dcff3dbb04c3e02bd28403fa75af6d8787d5e97c5bbbe30b?s=96&d=mm&r=g","url":"https:\/\/secure.gravatar.com\/avatar\/23291dd5b5ae1077dcff3dbb04c3e02bd28403fa75af6d8787d5e97c5bbbe30b?s=96&d=mm&r=g","contentUrl":"https:\/\/secure.gravatar.com\/avatar\/23291dd5b5ae1077dcff3dbb04c3e02bd28403fa75af6d8787d5e97c5bbbe30b?s=96&d=mm&r=g","caption":"Web del Maestro CMF"},"description":"Esta Web se cre\u00f3 sin fines de lucro, con fines educativos, cient\u00edficos y acad\u00e9micos, para personas que tengan dificultades y\/o inconvenientes en visualizar el material original. El objetivo es entregar recursos, compartir experiencias y materiales que ayuden a los padres de familia, maestros y estudiantes en su actualizaci\u00f3n y formaci\u00f3n permanente, en bien de la Educaci\u00f3n.","sameAs":["http:\/\/webdelmaestrocmf.com\/portal","https:\/\/www.facebook.com\/WebdelMaestroCMF\/","https:\/\/www.instagram.com\/wmcmf\/","https:\/\/cl.linkedin.com\/company\/web-del-maestro-cmf","https:\/\/www.pinterest.com\/WMCMF\/publicaciones\/","https:\/\/x.com\/cmf_w","https:\/\/www.youtube.com\/@WMCMF"]}]}},"jetpack_featured_media_url":"https:\/\/webdelmaestrocmf.com\/portal\/wp-content\/uploads\/2025\/07\/1A-Banner-1-portada-imagen-10-1-copia-35.webp","jetpack_sharing_enabled":true,"jetpack-related-posts":[{"id":111221,"url":"https:\/\/webdelmaestrocmf.com\/portal\/trump-lanza-ultimatum-a-rusia-aranceles-del-100-si-no-hay-alto-al-fuego-en-ucrania-en-50-dias\/","url_meta":{"origin":111077,"position":0},"title":"Trump lanza ultim\u00e1tum a Rusia: aranceles del 100% si no hay alto al fuego en Ucrania en 50 d\u00edas","author":"Web del Maestro CMF","date":"14 julio, 2025","format":false,"excerpt":"Donald Trump advirti\u00f3 que impondr\u00e1 aranceles del 100% a Rusia si en 50 d\u00edas no se alcanza un acuerdo de alto al fuego con Ucrania. El presidente de EE. UU. se mostr\u00f3 decepcionado con Vladimir Putin y afirm\u00f3 que ya no conf\u00eda en sus promesas","rel":"","context":"En \u00abNoticias Internacionales\u00bb","block_context":{"text":"Noticias Internacionales","link":"https:\/\/webdelmaestrocmf.com\/portal\/category\/noticias-internacionales\/"},"img":{"alt_text":"","src":"https:\/\/i0.wp.com\/webdelmaestrocmf.com\/portal\/wp-content\/uploads\/2025\/07\/1A-Banner-1-portada-imagen-10-1-copia-50.webp?resize=350%2C200&ssl=1","width":350,"height":200,"srcset":"https:\/\/i0.wp.com\/webdelmaestrocmf.com\/portal\/wp-content\/uploads\/2025\/07\/1A-Banner-1-portada-imagen-10-1-copia-50.webp?resize=350%2C200&ssl=1 1x, https:\/\/i0.wp.com\/webdelmaestrocmf.com\/portal\/wp-content\/uploads\/2025\/07\/1A-Banner-1-portada-imagen-10-1-copia-50.webp?resize=525%2C300&ssl=1 1.5x, https:\/\/i0.wp.com\/webdelmaestrocmf.com\/portal\/wp-content\/uploads\/2025\/07\/1A-Banner-1-portada-imagen-10-1-copia-50.webp?resize=700%2C400&ssl=1 2x"},"classes":[]},{"id":111683,"url":"https:\/\/webdelmaestrocmf.com\/portal\/tension-nuclear-entre-estados-unidos-y-rusia-trump-ordena-despliegue-de-submarinos-nucleares-tras-advertencias-de-medvedev\/","url_meta":{"origin":111077,"position":1},"title":"Tensi\u00f3n nuclear entre Estados Unidos y Rusia: Trump ordena despliegue de submarinos nucleares tras advertencias de Medvedev","author":"Web del Maestro CMF","date":"2 agosto, 2025","format":false,"excerpt":"Trump ordena desplegar submarinos nucleares tras amenazas rusas, aumentando la tensi\u00f3n internacional y enviando un mensaje de disuasi\u00f3n contundente.","rel":"","context":"En \u00abNoticias Internacionales\u00bb","block_context":{"text":"Noticias Internacionales","link":"https:\/\/webdelmaestrocmf.com\/portal\/category\/noticias-internacionales\/"},"img":{"alt_text":"","src":"https:\/\/i0.wp.com\/webdelmaestrocmf.com\/portal\/wp-content\/uploads\/2025\/08\/1A-Banner-1-portada-imagen-10-1-copia-3.webp?resize=350%2C200&ssl=1","width":350,"height":200,"srcset":"https:\/\/i0.wp.com\/webdelmaestrocmf.com\/portal\/wp-content\/uploads\/2025\/08\/1A-Banner-1-portada-imagen-10-1-copia-3.webp?resize=350%2C200&ssl=1 1x, https:\/\/i0.wp.com\/webdelmaestrocmf.com\/portal\/wp-content\/uploads\/2025\/08\/1A-Banner-1-portada-imagen-10-1-copia-3.webp?resize=525%2C300&ssl=1 1.5x, https:\/\/i0.wp.com\/webdelmaestrocmf.com\/portal\/wp-content\/uploads\/2025\/08\/1A-Banner-1-portada-imagen-10-1-copia-3.webp?resize=700%2C400&ssl=1 2x"},"classes":[]},{"id":110837,"url":"https:\/\/webdelmaestrocmf.com\/portal\/trump-y-putin-acuerdan-mantener-un-dialogo-telefonico-tras-la-suspension-de-ayuda-militar-a-ucrania\/","url_meta":{"origin":111077,"position":2},"title":"Trump y Putin acuerdan mantener un di\u00e1logo telef\u00f3nico tras la suspensi\u00f3n de ayuda militar a Ucrania","author":"Web del Maestro CMF","date":"3 julio, 2025","format":false,"excerpt":"La llamada entre Trump y Putin se produce en un contexto de alta tensi\u00f3n, tras la sorpresiva suspensi\u00f3n de la ayuda militar estadounidense a Ucrania, y podr\u00eda redefinir el equilibrio diplom\u00e1tico en la guerra","rel":"","context":"En \u00abNoticias Internacionales\u00bb","block_context":{"text":"Noticias Internacionales","link":"https:\/\/webdelmaestrocmf.com\/portal\/category\/noticias-internacionales\/"},"img":{"alt_text":"","src":"https:\/\/i0.wp.com\/webdelmaestrocmf.com\/portal\/wp-content\/uploads\/2025\/07\/1A-Banner-1-portada-imagen-10-1-copia-23.webp?resize=350%2C200&ssl=1","width":350,"height":200,"srcset":"https:\/\/i0.wp.com\/webdelmaestrocmf.com\/portal\/wp-content\/uploads\/2025\/07\/1A-Banner-1-portada-imagen-10-1-copia-23.webp?resize=350%2C200&ssl=1 1x, https:\/\/i0.wp.com\/webdelmaestrocmf.com\/portal\/wp-content\/uploads\/2025\/07\/1A-Banner-1-portada-imagen-10-1-copia-23.webp?resize=525%2C300&ssl=1 1.5x, https:\/\/i0.wp.com\/webdelmaestrocmf.com\/portal\/wp-content\/uploads\/2025\/07\/1A-Banner-1-portada-imagen-10-1-copia-23.webp?resize=700%2C400&ssl=1 2x"},"classes":[]},{"id":114449,"url":"https:\/\/webdelmaestrocmf.com\/portal\/eeuu-anuncia-la-captura-de-nicolas-maduro-tras-una-operacion-militar-aerea-sobre-caracas-y-regiones-cercanas\/","url_meta":{"origin":111077,"position":3},"title":"\u00daltima hora del ataque de Estados Unidos a Venezuela | EE UU ataca Venezuela y Trump afirma que Maduro ha sido \u201ccapturado y trasladado\u201d fuera del pa\u00eds","author":"Web del Maestro CMF","date":"3 enero, 2026","format":false,"excerpt":"Trump confirma la detenci\u00f2n de Maduro.","rel":"","context":"En \u00abNoticias Internacionales\u00bb","block_context":{"text":"Noticias Internacionales","link":"https:\/\/webdelmaestrocmf.com\/portal\/category\/noticias-internacionales\/"},"img":{"alt_text":"","src":"https:\/\/i0.wp.com\/webdelmaestrocmf.com\/portal\/wp-content\/uploads\/2026\/01\/1A-Banner-1-portada-imagen-10-1-copia-5.webp?resize=350%2C200&ssl=1","width":350,"height":200,"srcset":"https:\/\/i0.wp.com\/webdelmaestrocmf.com\/portal\/wp-content\/uploads\/2026\/01\/1A-Banner-1-portada-imagen-10-1-copia-5.webp?resize=350%2C200&ssl=1 1x, https:\/\/i0.wp.com\/webdelmaestrocmf.com\/portal\/wp-content\/uploads\/2026\/01\/1A-Banner-1-portada-imagen-10-1-copia-5.webp?resize=525%2C300&ssl=1 1.5x, https:\/\/i0.wp.com\/webdelmaestrocmf.com\/portal\/wp-content\/uploads\/2026\/01\/1A-Banner-1-portada-imagen-10-1-copia-5.webp?resize=700%2C400&ssl=1 2x"},"classes":[]},{"id":115733,"url":"https:\/\/webdelmaestrocmf.com\/portal\/trump-ante-mandatarios-latinoamericanos-no-voy-a-aprender-su-maldito-idioma\/","url_meta":{"origin":111077,"position":4},"title":"Trump ante mandatarios latinoamericanos: \u201cNo voy a aprender su maldito idioma\u201d","author":"Web del Maestro CMF","date":"7 marzo, 2026","format":false,"excerpt":"Trump afirm\u00f3 ante mandatarios latinoamericanos que no aprender\u00e1 espa\u00f1ol y defendi\u00f3 el uso de int\u00e9rpretes en negociaciones internacionales durante cumbre en Miami.","rel":"","context":"En \u00abNoticias Internacionales\u00bb","block_context":{"text":"Noticias Internacionales","link":"https:\/\/webdelmaestrocmf.com\/portal\/category\/noticias-internacionales\/"},"img":{"alt_text":"","src":"https:\/\/i0.wp.com\/webdelmaestrocmf.com\/portal\/wp-content\/uploads\/2026\/03\/1A-Banner-1-portada-imagen-10-1-copia-1-1.jpg?resize=350%2C200&ssl=1","width":350,"height":200,"srcset":"https:\/\/i0.wp.com\/webdelmaestrocmf.com\/portal\/wp-content\/uploads\/2026\/03\/1A-Banner-1-portada-imagen-10-1-copia-1-1.jpg?resize=350%2C200&ssl=1 1x, https:\/\/i0.wp.com\/webdelmaestrocmf.com\/portal\/wp-content\/uploads\/2026\/03\/1A-Banner-1-portada-imagen-10-1-copia-1-1.jpg?resize=525%2C300&ssl=1 1.5x, https:\/\/i0.wp.com\/webdelmaestrocmf.com\/portal\/wp-content\/uploads\/2026\/03\/1A-Banner-1-portada-imagen-10-1-copia-1-1.jpg?resize=700%2C400&ssl=1 2x"},"classes":[]},{"id":110394,"url":"https:\/\/webdelmaestrocmf.com\/portal\/donald-trump-estalla-contra-israel-e-iran-tras-la-ruptura-del-alto-el-fuego-no-tienen-ni-puta-idea-de-lo-que-estan-haciendo\/","url_meta":{"origin":111077,"position":5},"title":"Donald Trump estalla contra Israel e Ir\u00e1n tras la ruptura del alto el fuego: \u201cNo tienen ni puta idea de lo que est\u00e1n haciendo\u201d","author":"Web del Maestro CMF","date":"24 junio, 2025","format":false,"excerpt":"El presidente de Estados Unidos, Donald Trump, protagoniz\u00f3 este martes una encendida reacci\u00f3n p\u00fablica tras la ruptura del alto el fuego que \u00e9l mismo hab\u00eda anunciado entre Israel e Ir\u00e1n. En una intervenci\u00f3n marcada por un tono inusualmente directo y agresivo, el mandatario republicano arremeti\u00f3 contra ambos pa\u00edses, acus\u00e1ndolos de\u2026","rel":"","context":"En \u00abNoticias Internacionales\u00bb","block_context":{"text":"Noticias Internacionales","link":"https:\/\/webdelmaestrocmf.com\/portal\/category\/noticias-internacionales\/"},"img":{"alt_text":"","src":"https:\/\/i0.wp.com\/webdelmaestrocmf.com\/portal\/wp-content\/uploads\/2025\/06\/1A-Banner-1-portada-imagen-10-1-copia-9-1.jpg?resize=350%2C200&ssl=1","width":350,"height":200,"srcset":"https:\/\/i0.wp.com\/webdelmaestrocmf.com\/portal\/wp-content\/uploads\/2025\/06\/1A-Banner-1-portada-imagen-10-1-copia-9-1.jpg?resize=350%2C200&ssl=1 1x, https:\/\/i0.wp.com\/webdelmaestrocmf.com\/portal\/wp-content\/uploads\/2025\/06\/1A-Banner-1-portada-imagen-10-1-copia-9-1.jpg?resize=525%2C300&ssl=1 1.5x, https:\/\/i0.wp.com\/webdelmaestrocmf.com\/portal\/wp-content\/uploads\/2025\/06\/1A-Banner-1-portada-imagen-10-1-copia-9-1.jpg?resize=700%2C400&ssl=1 2x"},"classes":[]}],"_links":{"self":[{"href":"https:\/\/webdelmaestrocmf.com\/portal\/wp-json\/wp\/v2\/posts\/111077","targetHints":{"allow":["GET"]}}],"collection":[{"href":"https:\/\/webdelmaestrocmf.com\/portal\/wp-json\/wp\/v2\/posts"}],"about":[{"href":"https:\/\/webdelmaestrocmf.com\/portal\/wp-json\/wp\/v2\/types\/post"}],"author":[{"embeddable":true,"href":"https:\/\/webdelmaestrocmf.com\/portal\/wp-json\/wp\/v2\/users\/1"}],"replies":[{"embeddable":true,"href":"https:\/\/webdelmaestrocmf.com\/portal\/wp-json\/wp\/v2\/comments?post=111077"}],"version-history":[{"count":1,"href":"https:\/\/webdelmaestrocmf.com\/portal\/wp-json\/wp\/v2\/posts\/111077\/revisions"}],"predecessor-version":[{"id":111079,"href":"https:\/\/webdelmaestrocmf.com\/portal\/wp-json\/wp\/v2\/posts\/111077\/revisions\/111079"}],"wp:featuredmedia":[{"embeddable":true,"href":"https:\/\/webdelmaestrocmf.com\/portal\/wp-json\/wp\/v2\/media\/111078"}],"wp:attachment":[{"href":"https:\/\/webdelmaestrocmf.com\/portal\/wp-json\/wp\/v2\/media?parent=111077"}],"wp:term":[{"taxonomy":"category","embeddable":true,"href":"https:\/\/webdelmaestrocmf.com\/portal\/wp-json\/wp\/v2\/categories?post=111077"},{"taxonomy":"post_tag","embeddable":true,"href":"https:\/\/webdelmaestrocmf.com\/portal\/wp-json\/wp\/v2\/tags?post=111077"}],"curies":[{"name":"wp","href":"https:\/\/api.w.org\/{rel}","templated":true}]}}