{"id":111054,"date":"2025-07-09T13:57:08","date_gmt":"2025-07-09T17:57:08","guid":{"rendered":"https:\/\/webdelmaestrocmf.com\/portal\/?p=111054"},"modified":"2025-07-16T09:59:38","modified_gmt":"2025-07-16T13:59:38","slug":"profesora-rechaza-suplica-de-estudiante-de-rodillas-viral-escena-genera-debate-sobre-la-responsabilidad-academica","status":"publish","type":"post","link":"https:\/\/webdelmaestrocmf.com\/portal\/profesora-rechaza-suplica-de-estudiante-de-rodillas-viral-escena-genera-debate-sobre-la-responsabilidad-academica\/","title":{"rendered":"Profesora rechaza s\u00faplica de estudiante de rodillas: viral escena genera debate sobre la responsabilidad acad\u00e9mica"},"content":{"rendered":"\n<p>Durante los \u00faltimos d\u00edas del a\u00f1o escolar, cuando los plazos se agotan y las notas ya no se pueden maquillar, algunos estudiantes intentan, con desesperaci\u00f3n, lo que no hicieron durante meses: aprobar a cualquier costo. Un video que se hizo viral en TikTok ha reavivado el debate sobre la responsabilidad acad\u00e9mica, la \u00e9tica docente y los l\u00edmites de la compasi\u00f3n en el aula.<\/p>\n\n\n\n<p>En el registro audiovisual, se ve a una joven estudiante arrodillada frente a su profesora, suplic\u00e1ndole que le otorgue una d\u00e9cima para aprobar el curso. \u201cMe puse de rodillas y le dije: \u2018Por favor, miss, solo una d\u00e9cima\u2019\u201d, dec\u00eda el t\u00edtulo del video. Sin embargo, la profesora no accedi\u00f3 a la petici\u00f3n, manteni\u00e9ndose firme en su decisi\u00f3n. Con gestos serenos y negando con la cabeza, dej\u00f3 claro que no ceder\u00eda ante la presi\u00f3n emocional.<\/p>\n\n\n\n<div style=\"position:relative;padding-bottom:56.25%;height:0;overflow:hidden;\">\n  <iframe src=\"https:\/\/geo.dailymotion.com\/player.html?video=x9mm2b6\"\n    style=\"width:100%; height:100%; position:absolute; left:0px; top:0px; overflow:hidden; border:none;\"\n    allowfullscreen\n    title=\"Dailymotion Video Player\"\n    allow=\"web-share\">\n  <\/iframe>\n<\/div>\n\n\n\n<h3 class=\"wp-block-heading\">Una escena inc\u00f3moda, pero elogiada por muchos<\/h3>\n\n\n\n<p>Lejos de generar rechazo, la actitud de la maestra fue ampliamente respaldada en redes sociales. Los comentarios destacaron su \u00e9tica profesional, la coherencia con los criterios acad\u00e9micos y el valor de no sucumbir ante la manipulaci\u00f3n emocional. Para muchos, fue un ejemplo de integridad frente a una situaci\u00f3n que se repite con frecuencia.<\/p>\n\n\n\n<blockquote class=\"wp-block-quote is-layout-flow wp-block-quote-is-layout-flow\">\n<p class=\"has-text-align-center\">\u201cLa profe hizo lo correcto, una d\u00e9cima hoy puede ser ma\u00f1ana una costumbre\u201d, escribi\u00f3 un usuario.<\/p>\n<\/blockquote>\n\n\n\n<blockquote class=\"wp-block-quote is-layout-flow wp-block-quote-is-layout-flow\">\n<p class=\"has-text-align-center\">\u201c\u00a1Qu\u00e9 nostalgia! Pero hay que ser responsables desde el inicio\u201d, coment\u00f3 otro.<\/p>\n<\/blockquote>\n\n\n\n<blockquote class=\"wp-block-quote is-layout-flow wp-block-quote-is-layout-flow\">\n<p class=\"has-text-align-center\">\u201cMe ha pasado\u2026 uno da todo por esa d\u00e9cima\u201d, confes\u00f3 un tercero, reflejando la tensi\u00f3n habitual de fin de semestre.<\/p>\n<\/blockquote>\n\n\n\n<h3 class=\"wp-block-heading\">Cr\u00edticas a la estudiante y al sistema<\/h3>\n\n\n\n<p>El video tambi\u00e9n desat\u00f3 cuestionamientos hacia la actitud de la alumna. Muchos usuarios se\u00f1alaron que este tipo de escenas se producen cuando los estudiantes no asumen con seriedad su proceso formativo. La s\u00faplica no fue vista como un gesto de humildad, sino como el resultado de una falta de compromiso sostenida en el tiempo.<\/p>\n\n\n\n<p>Este caso tambi\u00e9n abri\u00f3 espacio para reflexionar sobre c\u00f3mo se conciben las evaluaciones, el esfuerzo continuo y el rol del docente como garante de la calidad educativa. La idea de que \u201cuna d\u00e9cima no hace da\u00f1o\u201d fue contrastada con la necesidad de construir h\u00e1bitos de responsabilidad y respeto por las normas acad\u00e9micas.<\/p>\n\n\n\n<figure class=\"wp-block-image size-full is-resized\"><img loading=\"lazy\" decoding=\"async\" width=\"640\" height=\"371\" src=\"https:\/\/webdelmaestrocmf.com\/portal\/wp-content\/uploads\/2025\/07\/6865e7dbc840d8c2fb03454e.webp\" alt=\"\" class=\"wp-image-111057\" style=\"width:688px;height:auto\" srcset=\"https:\/\/webdelmaestrocmf.com\/portal\/wp-content\/uploads\/2025\/07\/6865e7dbc840d8c2fb03454e.webp 640w, https:\/\/webdelmaestrocmf.com\/portal\/wp-content\/uploads\/2025\/07\/6865e7dbc840d8c2fb03454e-300x174.webp 300w, https:\/\/webdelmaestrocmf.com\/portal\/wp-content\/uploads\/2025\/07\/6865e7dbc840d8c2fb03454e-332x192.webp 332w\" sizes=\"auto, (max-width: 640px) 100vw, 640px\" \/><\/figure>\n\n\n\n<h3 class=\"wp-block-heading\">Un acto de firmeza con mensaje educativo<\/h3>\n\n\n\n<p>La decisi\u00f3n de la profesora no solo tuvo una dimensi\u00f3n t\u00e9cnica. Fue una lecci\u00f3n en s\u00ed misma. No ceder ante el chantaje emocional refuerza el valor de la justicia acad\u00e9mica, la equidad para con los dem\u00e1s estudiantes y la importancia del m\u00e9rito real. Su gesto fue interpretado como un acto de valent\u00eda pedag\u00f3gica en tiempos donde muchas veces se cuestiona la autoridad docente.<\/p>\n\n\n\n<p>Este episodio viral, m\u00e1s all\u00e1 del espect\u00e1culo medi\u00e1tico, nos recuerda que la educaci\u00f3n es tambi\u00e9n una cuesti\u00f3n de principios. Y que, a veces, decir \u00abno\u00bb con firmeza puede ser m\u00e1s educativo que cualquier concesi\u00f3n.<\/p>\n\n\n\n<p class=\"has-text-align-right\"><strong>Redacci\u00f3n | Web del Maestro CMF<\/strong><\/p>\n\n\n\t\t<div class=\"pk-inline-posts\">\n\t\t\t\n\t\t\t<div class=\"pk-inline-posts-container pk-inline-posts-template-list\"\n\t\t\t\tdata-columns=\"1\">\n\t\t\t\t\t\t<article id=\"post-118385\" class=\"post-118385 post type-post status-publish format-standard has-post-thumbnail category-noticias-internacionales tag-accidente-escolar tag-comunidad-escolar tag-cuidado-infantil tag-derechos-del-nino tag-educacion-segura tag-gestion-educativa-3 tag-prevencion-riesgos tag-responsabilidad-educativa tag-seguridad-escolar tag-supervision-docente cs-entry cs-video-wrap\">\n\t\t\t<div class=\"pk-post-outer\">\n\n\t\t\t\t\t\t\t\t<div class=\"pk-post-inner\">\n\t\t\t\t\t<div class=\"entry-thumbnail\">\n\t\t\t\t\t\t<div class=\"pk-overlay pk-overlay-ratio pk-ratio-landscape\">\n\t\t\t\t\t\t\t<div class=\"pk-overlay-background\">\n\t\t\t\t\t\t\t\t<a href=\"https:\/\/webdelmaestrocmf.com\/portal\/nina-fallece-tras-presunto-tropiezo-en-escuela-pero-su-padre-desmiente-la-version-me-encontre-a-mi-hija-toda-ensangrentada\/\" class=\"pk-overlay-link\">\n\t\t\t\t\t\t\t\t\t<img loading=\"lazy\" decoding=\"async\" width=\"300\" height=\"225\" src=\"https:\/\/webdelmaestrocmf.com\/portal\/wp-content\/uploads\/2026\/04\/1AA-Banner-1-portada-imagen-10-1-copia-4-3-300x225.webp\" class=\"attachment-pk-thumbnail size-pk-thumbnail wp-post-image\" alt=\"\" \/>\t\t\t\t\t\t\t\t<\/a>\n\t\t\t\t\t\t\t<\/div>\n\t\t\t\t\t\t<\/div>\n\t\t\t\t\t<\/div>\n\t\t\t\t<\/div>\n\t\t\t\t\n\t\t\t\t<div class=\"pk-post-inner\">\n\t\t\t\t\t<header>\n\t\t\t\t\t\t<h3 class=\"pk-title\"><a href=\"https:\/\/webdelmaestrocmf.com\/portal\/nina-fallece-tras-presunto-tropiezo-en-escuela-pero-su-padre-desmiente-la-version-me-encontre-a-mi-hija-toda-ensangrentada\/\" rel=\"bookmark\">Ni\u00f1a fallece tras presunto tropiezo en escuela, pero su padre desmiente la versi\u00f3n: \u201cMe encontr\u00e9 a mi hija toda ensangrentada\u201d<\/a><\/h3>\t\t\t\t\t<\/header><!-- .entry-header -->\n\t\t\t\t<\/div><!-- .post-inner -->\n\n\t\t\t<\/div><!-- .post-outer -->\n\t\t<\/article>\n\t\t\t<article id=\"post-118342\" class=\"post-118342 post type-post status-publish format-standard has-post-thumbnail category-noticias-internacionales tag-alfabetizacion tag-aprendizaje tag-comprension-lectora tag-docentes tag-educacion tag-escuela tag-innovacion-educativa tag-lectura tag-pedagogia tag-tecnologia-educativa cs-entry cs-video-wrap\">\n\t\t\t<div class=\"pk-post-outer\">\n\n\t\t\t\t\t\t\t\t<div class=\"pk-post-inner\">\n\t\t\t\t\t<div class=\"entry-thumbnail\">\n\t\t\t\t\t\t<div class=\"pk-overlay pk-overlay-ratio pk-ratio-landscape\">\n\t\t\t\t\t\t\t<div class=\"pk-overlay-background\">\n\t\t\t\t\t\t\t\t<a href=\"https:\/\/webdelmaestrocmf.com\/portal\/apagon-digital-en-la-escuela-suecia-frena-la-inversion-en-pantallas-y-vuelve-a-los-libros\/\" class=\"pk-overlay-link\">\n\t\t\t\t\t\t\t\t\t<img loading=\"lazy\" decoding=\"async\" width=\"300\" height=\"225\" src=\"https:\/\/webdelmaestrocmf.com\/portal\/wp-content\/uploads\/2026\/04\/1AA-Banner-1-portada-imagen-10-1-copia-8-2-300x225.webp\" class=\"attachment-pk-thumbnail size-pk-thumbnail wp-post-image\" alt=\"\" \/>\t\t\t\t\t\t\t\t<\/a>\n\t\t\t\t\t\t\t<\/div>\n\t\t\t\t\t\t<\/div>\n\t\t\t\t\t<\/div>\n\t\t\t\t<\/div>\n\t\t\t\t\n\t\t\t\t<div class=\"pk-post-inner\">\n\t\t\t\t\t<header>\n\t\t\t\t\t\t<h3 class=\"pk-title\"><a href=\"https:\/\/webdelmaestrocmf.com\/portal\/apagon-digital-en-la-escuela-suecia-frena-la-inversion-en-pantallas-y-vuelve-a-los-libros\/\" rel=\"bookmark\">\u00bfApag\u00f3n digital en la escuela? Suecia frena la inversi\u00f3n en pantallas y vuelve a los libros<\/a><\/h3>\t\t\t\t\t<\/header><!-- .entry-header -->\n\t\t\t\t<\/div><!-- .post-inner -->\n\n\t\t\t<\/div><!-- .post-outer -->\n\t\t<\/article>\n\t\t\t<article id=\"post-118337\" class=\"post-118337 post type-post status-publish format-standard has-post-thumbnail category-noticias-internacionales tag-aprendizaje tag-crianza-responsable tag-desarrollo-infantil tag-docentes tag-educacion-digital tag-inteligencia-artificial tag-neuroeducacion tag-pantallas-en-ninos tag-salud-mental-infantil tag-tecnologia-en-educacion cs-entry cs-video-wrap\">\n\t\t\t<div class=\"pk-post-outer\">\n\n\t\t\t\t\t\t\t\t<div class=\"pk-post-inner\">\n\t\t\t\t\t<div class=\"entry-thumbnail\">\n\t\t\t\t\t\t<div class=\"pk-overlay pk-overlay-ratio pk-ratio-landscape\">\n\t\t\t\t\t\t\t<div class=\"pk-overlay-background\">\n\t\t\t\t\t\t\t\t<a href=\"https:\/\/webdelmaestrocmf.com\/portal\/sociedades-medicas-advierten-con-contundencia-es-el-mayor-hackeo-cerebral-de-la-historia-hay-una-epidemia-de-entontecimiento-masivo-por-las-pantallas\/\" class=\"pk-overlay-link\">\n\t\t\t\t\t\t\t\t\t<img loading=\"lazy\" decoding=\"async\" width=\"300\" height=\"225\" src=\"https:\/\/webdelmaestrocmf.com\/portal\/wp-content\/uploads\/2026\/04\/1AA-Banner-1-portada-imagen-10-1-copia-7-4-300x225.webp\" class=\"attachment-pk-thumbnail size-pk-thumbnail wp-post-image\" alt=\"\" \/>\t\t\t\t\t\t\t\t<\/a>\n\t\t\t\t\t\t\t<\/div>\n\t\t\t\t\t\t<\/div>\n\t\t\t\t\t<\/div>\n\t\t\t\t<\/div>\n\t\t\t\t\n\t\t\t\t<div class=\"pk-post-inner\">\n\t\t\t\t\t<header>\n\t\t\t\t\t\t<h3 class=\"pk-title\"><a href=\"https:\/\/webdelmaestrocmf.com\/portal\/sociedades-medicas-advierten-con-contundencia-es-el-mayor-hackeo-cerebral-de-la-historia-hay-una-epidemia-de-entontecimiento-masivo-por-las-pantallas\/\" rel=\"bookmark\">Sociedades m\u00e9dicas advierten con contundencia: \u00abEs el mayor hackeo cerebral de la historia\u00bb. \u00abHay una epidemia de entontecimiento masivo por las pantallas\u00bb<\/a><\/h3>\t\t\t\t\t<\/header><!-- .entry-header -->\n\t\t\t\t<\/div><!-- .post-inner -->\n\n\t\t\t<\/div><!-- .post-outer -->\n\t\t<\/article>\n\t\t\t\t<\/div>\n\t\t<\/div>\n\t\t\n","protected":false},"excerpt":{"rendered":"Una d\u00e9cima puede parecer poca cosa, pero ceder ante la presi\u00f3n emocional pone en riesgo la credibilidad del sistema educativo. La firmeza de la profesora no fue falta de empat\u00eda, sino un acto de coherencia que defendi\u00f3 el valor del esfuerzo y la justicia para todos los estudiantes","protected":false},"author":1,"featured_media":111055,"comment_status":"open","ping_status":"closed","sticky":false,"template":"","format":"standard","meta":{"csco_display_header_overlay":false,"csco_singular_sidebar":"","csco_page_header_type":"","csco_page_load_nextpost":"","csco_post_video_location":[],"csco_post_video_location_hash":"","csco_post_video_url":"","csco_post_video_bg_start_time":0,"csco_post_video_bg_end_time":0,"csco_post_video_bg_volume":false,"_jetpack_memberships_contains_paid_content":false,"footnotes":""},"categories":[23790],"tags":[1242,616,23941,23943,23942],"class_list":{"0":"post-111054","1":"post","2":"type-post","3":"status-publish","4":"format-standard","5":"has-post-thumbnail","7":"category-noticias-internacionales","8":"tag-estudiante","9":"tag-profesora","10":"tag-rechaza","11":"tag-rodillas","12":"tag-suplica","13":"cs-entry","14":"cs-video-wrap"},"yoast_head":"<!-- This site is optimized with the Yoast SEO plugin v27.4 - https:\/\/yoast.com\/product\/yoast-seo-wordpress\/ -->\n<title>Profesora rechaza s\u00faplica de estudiante de rodillas: viral escena genera debate sobre la responsabilidad acad\u00e9mica - 2026<\/title>\n<meta name=\"description\" content=\"Un video que se hizo viral en TikTok ha reavivado el debate sobre la responsabilidad acad\u00e9mica, la \u00e9tica docente y los l\u00edmites de...\" \/>\n<meta name=\"robots\" content=\"index, follow, max-snippet:-1, max-image-preview:large, max-video-preview:-1\" \/>\n<link rel=\"canonical\" href=\"https:\/\/webdelmaestrocmf.com\/portal\/profesora-rechaza-suplica-de-estudiante-de-rodillas-viral-escena-genera-debate-sobre-la-responsabilidad-academica\/\" \/>\n<meta property=\"og:locale\" content=\"es_ES\" \/>\n<meta property=\"og:type\" content=\"article\" \/>\n<meta property=\"og:title\" content=\"Profesora rechaza s\u00faplica de estudiante de rodillas: viral escena genera debate sobre la responsabilidad acad\u00e9mica - 2026\" \/>\n<meta property=\"og:description\" content=\"Un video que se hizo viral en TikTok ha reavivado el debate sobre la responsabilidad acad\u00e9mica, la \u00e9tica docente y los l\u00edmites de...\" \/>\n<meta property=\"og:url\" content=\"https:\/\/webdelmaestrocmf.com\/portal\/profesora-rechaza-suplica-de-estudiante-de-rodillas-viral-escena-genera-debate-sobre-la-responsabilidad-academica\/\" \/>\n<meta property=\"og:site_name\" content=\"Web del Maestro CMF\" \/>\n<meta property=\"article:publisher\" content=\"https:\/\/www.facebook.com\/WebdelMaestroCMF\/\" \/>\n<meta property=\"article:author\" content=\"https:\/\/www.facebook.com\/WebdelMaestroCMF\/\" \/>\n<meta property=\"article:published_time\" content=\"2025-07-09T17:57:08+00:00\" \/>\n<meta property=\"article:modified_time\" content=\"2025-07-16T13:59:38+00:00\" \/>\n<meta property=\"og:image\" content=\"https:\/\/webdelmaestrocmf.com\/portal\/wp-content\/uploads\/2025\/07\/1A-Banner-1-portada-imagen-10-1-copia-62.jpg\" \/>\n\t<meta property=\"og:image:width\" content=\"1003\" \/>\n\t<meta property=\"og:image:height\" content=\"667\" \/>\n\t<meta property=\"og:image:type\" content=\"image\/jpeg\" \/>\n<meta name=\"author\" content=\"Web del Maestro CMF\" \/>\n<meta name=\"twitter:card\" content=\"summary_large_image\" \/>\n<meta name=\"twitter:creator\" content=\"@cmf_w\" \/>\n<meta name=\"twitter:site\" content=\"@cmf_w\" \/>\n<meta name=\"twitter:label1\" content=\"Escrito por\" \/>\n\t<meta name=\"twitter:data1\" content=\"Web del Maestro CMF\" \/>\n\t<meta name=\"twitter:label2\" content=\"Tiempo de lectura\" \/>\n\t<meta name=\"twitter:data2\" content=\"3 minutos\" \/>\n<script type=\"application\/ld+json\" class=\"yoast-schema-graph\">{\"@context\":\"https:\\\/\\\/schema.org\",\"@graph\":[{\"@type\":\"ScholarlyArticle\",\"@id\":\"https:\\\/\\\/webdelmaestrocmf.com\\\/portal\\\/profesora-rechaza-suplica-de-estudiante-de-rodillas-viral-escena-genera-debate-sobre-la-responsabilidad-academica\\\/#article\",\"isPartOf\":{\"@id\":\"https:\\\/\\\/webdelmaestrocmf.com\\\/portal\\\/profesora-rechaza-suplica-de-estudiante-de-rodillas-viral-escena-genera-debate-sobre-la-responsabilidad-academica\\\/\"},\"author\":{\"name\":\"Web del Maestro CMF\",\"@id\":\"https:\\\/\\\/webdelmaestrocmf.com\\\/portal\\\/#\\\/schema\\\/person\\\/1072a2ed7bd960df8ef99a551fa35dc5\"},\"headline\":\"Profesora rechaza s\u00faplica de estudiante de rodillas: viral escena genera debate sobre la responsabilidad acad\u00e9mica\",\"datePublished\":\"2025-07-09T17:57:08+00:00\",\"dateModified\":\"2025-07-16T13:59:38+00:00\",\"mainEntityOfPage\":{\"@id\":\"https:\\\/\\\/webdelmaestrocmf.com\\\/portal\\\/profesora-rechaza-suplica-de-estudiante-de-rodillas-viral-escena-genera-debate-sobre-la-responsabilidad-academica\\\/\"},\"wordCount\":539,\"commentCount\":29,\"publisher\":{\"@id\":\"https:\\\/\\\/webdelmaestrocmf.com\\\/portal\\\/#organization\"},\"image\":{\"@id\":\"https:\\\/\\\/webdelmaestrocmf.com\\\/portal\\\/profesora-rechaza-suplica-de-estudiante-de-rodillas-viral-escena-genera-debate-sobre-la-responsabilidad-academica\\\/#primaryimage\"},\"thumbnailUrl\":\"https:\\\/\\\/webdelmaestrocmf.com\\\/portal\\\/wp-content\\\/uploads\\\/2025\\\/07\\\/1A-Banner-1-portada-imagen-10-1-copia-62.jpg\",\"keywords\":[\"ESTUDIANTE\",\"PROFESORA\",\"rechaza\",\"rodillas\",\"s\u00faplica\"],\"articleSection\":[\"Noticias Internacionales\"],\"inLanguage\":\"es\",\"potentialAction\":[{\"@type\":\"CommentAction\",\"name\":\"Comment\",\"target\":[\"https:\\\/\\\/webdelmaestrocmf.com\\\/portal\\\/profesora-rechaza-suplica-de-estudiante-de-rodillas-viral-escena-genera-debate-sobre-la-responsabilidad-academica\\\/#respond\"]}]},{\"@type\":\"WebPage\",\"@id\":\"https:\\\/\\\/webdelmaestrocmf.com\\\/portal\\\/profesora-rechaza-suplica-de-estudiante-de-rodillas-viral-escena-genera-debate-sobre-la-responsabilidad-academica\\\/\",\"url\":\"https:\\\/\\\/webdelmaestrocmf.com\\\/portal\\\/profesora-rechaza-suplica-de-estudiante-de-rodillas-viral-escena-genera-debate-sobre-la-responsabilidad-academica\\\/\",\"name\":\"Profesora rechaza s\u00faplica de estudiante de rodillas: viral escena genera debate sobre la responsabilidad acad\u00e9mica - 2026\",\"isPartOf\":{\"@id\":\"https:\\\/\\\/webdelmaestrocmf.com\\\/portal\\\/#website\"},\"primaryImageOfPage\":{\"@id\":\"https:\\\/\\\/webdelmaestrocmf.com\\\/portal\\\/profesora-rechaza-suplica-de-estudiante-de-rodillas-viral-escena-genera-debate-sobre-la-responsabilidad-academica\\\/#primaryimage\"},\"image\":{\"@id\":\"https:\\\/\\\/webdelmaestrocmf.com\\\/portal\\\/profesora-rechaza-suplica-de-estudiante-de-rodillas-viral-escena-genera-debate-sobre-la-responsabilidad-academica\\\/#primaryimage\"},\"thumbnailUrl\":\"https:\\\/\\\/webdelmaestrocmf.com\\\/portal\\\/wp-content\\\/uploads\\\/2025\\\/07\\\/1A-Banner-1-portada-imagen-10-1-copia-62.jpg\",\"datePublished\":\"2025-07-09T17:57:08+00:00\",\"dateModified\":\"2025-07-16T13:59:38+00:00\",\"description\":\"Un video que se hizo viral en TikTok ha reavivado el debate sobre la responsabilidad acad\u00e9mica, la \u00e9tica docente y los l\u00edmites de...\",\"breadcrumb\":{\"@id\":\"https:\\\/\\\/webdelmaestrocmf.com\\\/portal\\\/profesora-rechaza-suplica-de-estudiante-de-rodillas-viral-escena-genera-debate-sobre-la-responsabilidad-academica\\\/#breadcrumb\"},\"inLanguage\":\"es\",\"potentialAction\":[{\"@type\":\"ReadAction\",\"target\":[\"https:\\\/\\\/webdelmaestrocmf.com\\\/portal\\\/profesora-rechaza-suplica-de-estudiante-de-rodillas-viral-escena-genera-debate-sobre-la-responsabilidad-academica\\\/\"]}]},{\"@type\":\"ImageObject\",\"inLanguage\":\"es\",\"@id\":\"https:\\\/\\\/webdelmaestrocmf.com\\\/portal\\\/profesora-rechaza-suplica-de-estudiante-de-rodillas-viral-escena-genera-debate-sobre-la-responsabilidad-academica\\\/#primaryimage\",\"url\":\"https:\\\/\\\/webdelmaestrocmf.com\\\/portal\\\/wp-content\\\/uploads\\\/2025\\\/07\\\/1A-Banner-1-portada-imagen-10-1-copia-62.jpg\",\"contentUrl\":\"https:\\\/\\\/webdelmaestrocmf.com\\\/portal\\\/wp-content\\\/uploads\\\/2025\\\/07\\\/1A-Banner-1-portada-imagen-10-1-copia-62.jpg\",\"width\":1003,\"height\":667},{\"@type\":\"BreadcrumbList\",\"@id\":\"https:\\\/\\\/webdelmaestrocmf.com\\\/portal\\\/profesora-rechaza-suplica-de-estudiante-de-rodillas-viral-escena-genera-debate-sobre-la-responsabilidad-academica\\\/#breadcrumb\",\"itemListElement\":[{\"@type\":\"ListItem\",\"position\":1,\"name\":\"Portada\",\"item\":\"https:\\\/\\\/webdelmaestrocmf.com\\\/portal\\\/\"},{\"@type\":\"ListItem\",\"position\":2,\"name\":\"Noticias Internacionales\",\"item\":\"https:\\\/\\\/webdelmaestrocmf.com\\\/portal\\\/category\\\/noticias-internacionales\\\/\"},{\"@type\":\"ListItem\",\"position\":3,\"name\":\"Profesora rechaza s\u00faplica de estudiante de rodillas: viral escena genera debate sobre la responsabilidad acad\u00e9mica\"}]},{\"@type\":\"WebSite\",\"@id\":\"https:\\\/\\\/webdelmaestrocmf.com\\\/portal\\\/#website\",\"url\":\"https:\\\/\\\/webdelmaestrocmf.com\\\/portal\\\/\",\"name\":\"Web del Maestro CMF\",\"description\":\"Maestros al servicio de la educaci\u00f3n\",\"publisher\":{\"@id\":\"https:\\\/\\\/webdelmaestrocmf.com\\\/portal\\\/#organization\"},\"alternateName\":\"WMCMF\",\"potentialAction\":[{\"@type\":\"SearchAction\",\"target\":{\"@type\":\"EntryPoint\",\"urlTemplate\":\"https:\\\/\\\/webdelmaestrocmf.com\\\/portal\\\/?s={search_term_string}\"},\"query-input\":{\"@type\":\"PropertyValueSpecification\",\"valueRequired\":true,\"valueName\":\"search_term_string\"}}],\"inLanguage\":\"es\"},{\"@type\":\"Organization\",\"@id\":\"https:\\\/\\\/webdelmaestrocmf.com\\\/portal\\\/#organization\",\"name\":\"Web del Maestro CMF\",\"alternateName\":\"WMCMF\",\"url\":\"https:\\\/\\\/webdelmaestrocmf.com\\\/portal\\\/\",\"logo\":{\"@type\":\"ImageObject\",\"inLanguage\":\"es\",\"@id\":\"https:\\\/\\\/webdelmaestrocmf.com\\\/portal\\\/#\\\/schema\\\/logo\\\/image\\\/\",\"url\":\"https:\\\/\\\/webdelmaestrocmf.com\\\/portal\\\/wp-content\\\/uploads\\\/2023\\\/01\\\/logo-wmcmf-2.png\",\"contentUrl\":\"https:\\\/\\\/webdelmaestrocmf.com\\\/portal\\\/wp-content\\\/uploads\\\/2023\\\/01\\\/logo-wmcmf-2.png\",\"width\":200,\"height\":60,\"caption\":\"Web del Maestro CMF\"},\"image\":{\"@id\":\"https:\\\/\\\/webdelmaestrocmf.com\\\/portal\\\/#\\\/schema\\\/logo\\\/image\\\/\"},\"sameAs\":[\"https:\\\/\\\/www.facebook.com\\\/WebdelMaestroCMF\\\/\",\"https:\\\/\\\/x.com\\\/cmf_w\",\"https:\\\/\\\/www.pinterest.com\\\/WMCMF\\\/\",\"https:\\\/\\\/www.linkedin.com\\\/company\\\/web-del-maestro-cmf\\\/\",\"https:\\\/\\\/www.instagram.com\\\/wmcmf\\\/\",\"https:\\\/\\\/www.youtube.com\\\/channel\\\/UCDPSvjbdodE5sHnC3OxutHw\",\"https:\\\/\\\/mastodon.social\\\/@wmcmf\",\"https:\\\/\\\/www.tiktok.com\\\/@webdelmaestrocmf\"]},{\"@type\":\"Person\",\"@id\":\"https:\\\/\\\/webdelmaestrocmf.com\\\/portal\\\/#\\\/schema\\\/person\\\/1072a2ed7bd960df8ef99a551fa35dc5\",\"name\":\"Web del Maestro CMF\",\"image\":{\"@type\":\"ImageObject\",\"inLanguage\":\"es\",\"@id\":\"https:\\\/\\\/secure.gravatar.com\\\/avatar\\\/23291dd5b5ae1077dcff3dbb04c3e02bd28403fa75af6d8787d5e97c5bbbe30b?s=96&d=mm&r=g\",\"url\":\"https:\\\/\\\/secure.gravatar.com\\\/avatar\\\/23291dd5b5ae1077dcff3dbb04c3e02bd28403fa75af6d8787d5e97c5bbbe30b?s=96&d=mm&r=g\",\"contentUrl\":\"https:\\\/\\\/secure.gravatar.com\\\/avatar\\\/23291dd5b5ae1077dcff3dbb04c3e02bd28403fa75af6d8787d5e97c5bbbe30b?s=96&d=mm&r=g\",\"caption\":\"Web del Maestro CMF\"},\"description\":\"Esta Web se cre\u00f3 sin fines de lucro, con fines educativos, cient\u00edficos y acad\u00e9micos, para personas que tengan dificultades y\\\/o inconvenientes en visualizar el material original. El objetivo es entregar recursos, compartir experiencias y materiales que ayuden a los padres de familia, maestros y estudiantes en su actualizaci\u00f3n y formaci\u00f3n permanente, en bien de la Educaci\u00f3n.\",\"sameAs\":[\"http:\\\/\\\/webdelmaestrocmf.com\\\/portal\",\"https:\\\/\\\/www.facebook.com\\\/WebdelMaestroCMF\\\/\",\"https:\\\/\\\/www.instagram.com\\\/wmcmf\\\/\",\"https:\\\/\\\/cl.linkedin.com\\\/company\\\/web-del-maestro-cmf\",\"https:\\\/\\\/www.pinterest.com\\\/WMCMF\\\/publicaciones\\\/\",\"https:\\\/\\\/x.com\\\/cmf_w\",\"https:\\\/\\\/www.youtube.com\\\/@WMCMF\"]}]}<\/script>\n<!-- \/ Yoast SEO plugin. -->","yoast_head_json":{"title":"Profesora rechaza s\u00faplica de estudiante de rodillas: viral escena genera debate sobre la responsabilidad acad\u00e9mica - 2026","description":"Un video que se hizo viral en TikTok ha reavivado el debate sobre la responsabilidad acad\u00e9mica, la \u00e9tica docente y los l\u00edmites de...","robots":{"index":"index","follow":"follow","max-snippet":"max-snippet:-1","max-image-preview":"max-image-preview:large","max-video-preview":"max-video-preview:-1"},"canonical":"https:\/\/webdelmaestrocmf.com\/portal\/profesora-rechaza-suplica-de-estudiante-de-rodillas-viral-escena-genera-debate-sobre-la-responsabilidad-academica\/","og_locale":"es_ES","og_type":"article","og_title":"Profesora rechaza s\u00faplica de estudiante de rodillas: viral escena genera debate sobre la responsabilidad acad\u00e9mica - 2026","og_description":"Un video que se hizo viral en TikTok ha reavivado el debate sobre la responsabilidad acad\u00e9mica, la \u00e9tica docente y los l\u00edmites de...","og_url":"https:\/\/webdelmaestrocmf.com\/portal\/profesora-rechaza-suplica-de-estudiante-de-rodillas-viral-escena-genera-debate-sobre-la-responsabilidad-academica\/","og_site_name":"Web del Maestro CMF","article_publisher":"https:\/\/www.facebook.com\/WebdelMaestroCMF\/","article_author":"https:\/\/www.facebook.com\/WebdelMaestroCMF\/","article_published_time":"2025-07-09T17:57:08+00:00","article_modified_time":"2025-07-16T13:59:38+00:00","og_image":[{"width":1003,"height":667,"url":"https:\/\/webdelmaestrocmf.com\/portal\/wp-content\/uploads\/2025\/07\/1A-Banner-1-portada-imagen-10-1-copia-62.jpg","type":"image\/jpeg"}],"author":"Web del Maestro CMF","twitter_card":"summary_large_image","twitter_creator":"@cmf_w","twitter_site":"@cmf_w","twitter_misc":{"Escrito por":"Web del Maestro CMF","Tiempo de lectura":"3 minutos"},"schema":{"@context":"https:\/\/schema.org","@graph":[{"@type":"ScholarlyArticle","@id":"https:\/\/webdelmaestrocmf.com\/portal\/profesora-rechaza-suplica-de-estudiante-de-rodillas-viral-escena-genera-debate-sobre-la-responsabilidad-academica\/#article","isPartOf":{"@id":"https:\/\/webdelmaestrocmf.com\/portal\/profesora-rechaza-suplica-de-estudiante-de-rodillas-viral-escena-genera-debate-sobre-la-responsabilidad-academica\/"},"author":{"name":"Web del Maestro CMF","@id":"https:\/\/webdelmaestrocmf.com\/portal\/#\/schema\/person\/1072a2ed7bd960df8ef99a551fa35dc5"},"headline":"Profesora rechaza s\u00faplica de estudiante de rodillas: viral escena genera debate sobre la responsabilidad acad\u00e9mica","datePublished":"2025-07-09T17:57:08+00:00","dateModified":"2025-07-16T13:59:38+00:00","mainEntityOfPage":{"@id":"https:\/\/webdelmaestrocmf.com\/portal\/profesora-rechaza-suplica-de-estudiante-de-rodillas-viral-escena-genera-debate-sobre-la-responsabilidad-academica\/"},"wordCount":539,"commentCount":29,"publisher":{"@id":"https:\/\/webdelmaestrocmf.com\/portal\/#organization"},"image":{"@id":"https:\/\/webdelmaestrocmf.com\/portal\/profesora-rechaza-suplica-de-estudiante-de-rodillas-viral-escena-genera-debate-sobre-la-responsabilidad-academica\/#primaryimage"},"thumbnailUrl":"https:\/\/webdelmaestrocmf.com\/portal\/wp-content\/uploads\/2025\/07\/1A-Banner-1-portada-imagen-10-1-copia-62.jpg","keywords":["ESTUDIANTE","PROFESORA","rechaza","rodillas","s\u00faplica"],"articleSection":["Noticias Internacionales"],"inLanguage":"es","potentialAction":[{"@type":"CommentAction","name":"Comment","target":["https:\/\/webdelmaestrocmf.com\/portal\/profesora-rechaza-suplica-de-estudiante-de-rodillas-viral-escena-genera-debate-sobre-la-responsabilidad-academica\/#respond"]}]},{"@type":"WebPage","@id":"https:\/\/webdelmaestrocmf.com\/portal\/profesora-rechaza-suplica-de-estudiante-de-rodillas-viral-escena-genera-debate-sobre-la-responsabilidad-academica\/","url":"https:\/\/webdelmaestrocmf.com\/portal\/profesora-rechaza-suplica-de-estudiante-de-rodillas-viral-escena-genera-debate-sobre-la-responsabilidad-academica\/","name":"Profesora rechaza s\u00faplica de estudiante de rodillas: viral escena genera debate sobre la responsabilidad acad\u00e9mica - 2026","isPartOf":{"@id":"https:\/\/webdelmaestrocmf.com\/portal\/#website"},"primaryImageOfPage":{"@id":"https:\/\/webdelmaestrocmf.com\/portal\/profesora-rechaza-suplica-de-estudiante-de-rodillas-viral-escena-genera-debate-sobre-la-responsabilidad-academica\/#primaryimage"},"image":{"@id":"https:\/\/webdelmaestrocmf.com\/portal\/profesora-rechaza-suplica-de-estudiante-de-rodillas-viral-escena-genera-debate-sobre-la-responsabilidad-academica\/#primaryimage"},"thumbnailUrl":"https:\/\/webdelmaestrocmf.com\/portal\/wp-content\/uploads\/2025\/07\/1A-Banner-1-portada-imagen-10-1-copia-62.jpg","datePublished":"2025-07-09T17:57:08+00:00","dateModified":"2025-07-16T13:59:38+00:00","description":"Un video que se hizo viral en TikTok ha reavivado el debate sobre la responsabilidad acad\u00e9mica, la \u00e9tica docente y los l\u00edmites de...","breadcrumb":{"@id":"https:\/\/webdelmaestrocmf.com\/portal\/profesora-rechaza-suplica-de-estudiante-de-rodillas-viral-escena-genera-debate-sobre-la-responsabilidad-academica\/#breadcrumb"},"inLanguage":"es","potentialAction":[{"@type":"ReadAction","target":["https:\/\/webdelmaestrocmf.com\/portal\/profesora-rechaza-suplica-de-estudiante-de-rodillas-viral-escena-genera-debate-sobre-la-responsabilidad-academica\/"]}]},{"@type":"ImageObject","inLanguage":"es","@id":"https:\/\/webdelmaestrocmf.com\/portal\/profesora-rechaza-suplica-de-estudiante-de-rodillas-viral-escena-genera-debate-sobre-la-responsabilidad-academica\/#primaryimage","url":"https:\/\/webdelmaestrocmf.com\/portal\/wp-content\/uploads\/2025\/07\/1A-Banner-1-portada-imagen-10-1-copia-62.jpg","contentUrl":"https:\/\/webdelmaestrocmf.com\/portal\/wp-content\/uploads\/2025\/07\/1A-Banner-1-portada-imagen-10-1-copia-62.jpg","width":1003,"height":667},{"@type":"BreadcrumbList","@id":"https:\/\/webdelmaestrocmf.com\/portal\/profesora-rechaza-suplica-de-estudiante-de-rodillas-viral-escena-genera-debate-sobre-la-responsabilidad-academica\/#breadcrumb","itemListElement":[{"@type":"ListItem","position":1,"name":"Portada","item":"https:\/\/webdelmaestrocmf.com\/portal\/"},{"@type":"ListItem","position":2,"name":"Noticias Internacionales","item":"https:\/\/webdelmaestrocmf.com\/portal\/category\/noticias-internacionales\/"},{"@type":"ListItem","position":3,"name":"Profesora rechaza s\u00faplica de estudiante de rodillas: viral escena genera debate sobre la responsabilidad acad\u00e9mica"}]},{"@type":"WebSite","@id":"https:\/\/webdelmaestrocmf.com\/portal\/#website","url":"https:\/\/webdelmaestrocmf.com\/portal\/","name":"Web del Maestro CMF","description":"Maestros al servicio de la educaci\u00f3n","publisher":{"@id":"https:\/\/webdelmaestrocmf.com\/portal\/#organization"},"alternateName":"WMCMF","potentialAction":[{"@type":"SearchAction","target":{"@type":"EntryPoint","urlTemplate":"https:\/\/webdelmaestrocmf.com\/portal\/?s={search_term_string}"},"query-input":{"@type":"PropertyValueSpecification","valueRequired":true,"valueName":"search_term_string"}}],"inLanguage":"es"},{"@type":"Organization","@id":"https:\/\/webdelmaestrocmf.com\/portal\/#organization","name":"Web del Maestro CMF","alternateName":"WMCMF","url":"https:\/\/webdelmaestrocmf.com\/portal\/","logo":{"@type":"ImageObject","inLanguage":"es","@id":"https:\/\/webdelmaestrocmf.com\/portal\/#\/schema\/logo\/image\/","url":"https:\/\/webdelmaestrocmf.com\/portal\/wp-content\/uploads\/2023\/01\/logo-wmcmf-2.png","contentUrl":"https:\/\/webdelmaestrocmf.com\/portal\/wp-content\/uploads\/2023\/01\/logo-wmcmf-2.png","width":200,"height":60,"caption":"Web del Maestro CMF"},"image":{"@id":"https:\/\/webdelmaestrocmf.com\/portal\/#\/schema\/logo\/image\/"},"sameAs":["https:\/\/www.facebook.com\/WebdelMaestroCMF\/","https:\/\/x.com\/cmf_w","https:\/\/www.pinterest.com\/WMCMF\/","https:\/\/www.linkedin.com\/company\/web-del-maestro-cmf\/","https:\/\/www.instagram.com\/wmcmf\/","https:\/\/www.youtube.com\/channel\/UCDPSvjbdodE5sHnC3OxutHw","https:\/\/mastodon.social\/@wmcmf","https:\/\/www.tiktok.com\/@webdelmaestrocmf"]},{"@type":"Person","@id":"https:\/\/webdelmaestrocmf.com\/portal\/#\/schema\/person\/1072a2ed7bd960df8ef99a551fa35dc5","name":"Web del Maestro CMF","image":{"@type":"ImageObject","inLanguage":"es","@id":"https:\/\/secure.gravatar.com\/avatar\/23291dd5b5ae1077dcff3dbb04c3e02bd28403fa75af6d8787d5e97c5bbbe30b?s=96&d=mm&r=g","url":"https:\/\/secure.gravatar.com\/avatar\/23291dd5b5ae1077dcff3dbb04c3e02bd28403fa75af6d8787d5e97c5bbbe30b?s=96&d=mm&r=g","contentUrl":"https:\/\/secure.gravatar.com\/avatar\/23291dd5b5ae1077dcff3dbb04c3e02bd28403fa75af6d8787d5e97c5bbbe30b?s=96&d=mm&r=g","caption":"Web del Maestro CMF"},"description":"Esta Web se cre\u00f3 sin fines de lucro, con fines educativos, cient\u00edficos y acad\u00e9micos, para personas que tengan dificultades y\/o inconvenientes en visualizar el material original. El objetivo es entregar recursos, compartir experiencias y materiales que ayuden a los padres de familia, maestros y estudiantes en su actualizaci\u00f3n y formaci\u00f3n permanente, en bien de la Educaci\u00f3n.","sameAs":["http:\/\/webdelmaestrocmf.com\/portal","https:\/\/www.facebook.com\/WebdelMaestroCMF\/","https:\/\/www.instagram.com\/wmcmf\/","https:\/\/cl.linkedin.com\/company\/web-del-maestro-cmf","https:\/\/www.pinterest.com\/WMCMF\/publicaciones\/","https:\/\/x.com\/cmf_w","https:\/\/www.youtube.com\/@WMCMF"]}]}},"jetpack_featured_media_url":"https:\/\/webdelmaestrocmf.com\/portal\/wp-content\/uploads\/2025\/07\/1A-Banner-1-portada-imagen-10-1-copia-62.jpg","jetpack_sharing_enabled":true,"jetpack-related-posts":[{"id":113892,"url":"https:\/\/webdelmaestrocmf.com\/portal\/profesor-es-duramente-criticado-por-decirles-a-sus-alumnos-que-sus-trabajos-son-muy-malos-por-que-nos-cuesta-tanto-admitir-que-un-trabajo-esta-mal-hecho\/","url_meta":{"origin":111054,"position":0},"title":"Profesor es duramente criticado por decirles a sus alumnos que sus trabajos son muy malos: \u00bfpor qu\u00e9 nos cuesta tanto admitir que un trabajo est\u00e1 mal hecho?","author":"Web del Maestro CMF","date":"9 diciembre, 2025","format":false,"excerpt":"La reacci\u00f3n del profesor abri\u00f3 un debate intenso: entre exigencia, respeto y responsabilidad, muchos cuestionan por qu\u00e9 evitamos reconocer trabajos realmente deficientes.","rel":"","context":"En \u00abNoticias Internacionales\u00bb","block_context":{"text":"Noticias Internacionales","link":"https:\/\/webdelmaestrocmf.com\/portal\/category\/noticias-internacionales\/"},"img":{"alt_text":"","src":"https:\/\/i0.wp.com\/webdelmaestrocmf.com\/portal\/wp-content\/uploads\/2025\/12\/1A-Banner-1-portada-imagen-10-1-copia-1-5.webp?resize=350%2C200&ssl=1","width":350,"height":200,"srcset":"https:\/\/i0.wp.com\/webdelmaestrocmf.com\/portal\/wp-content\/uploads\/2025\/12\/1A-Banner-1-portada-imagen-10-1-copia-1-5.webp?resize=350%2C200&ssl=1 1x, https:\/\/i0.wp.com\/webdelmaestrocmf.com\/portal\/wp-content\/uploads\/2025\/12\/1A-Banner-1-portada-imagen-10-1-copia-1-5.webp?resize=525%2C300&ssl=1 1.5x, https:\/\/i0.wp.com\/webdelmaestrocmf.com\/portal\/wp-content\/uploads\/2025\/12\/1A-Banner-1-portada-imagen-10-1-copia-1-5.webp?resize=700%2C400&ssl=1 2x"},"classes":[]},{"id":91339,"url":"https:\/\/webdelmaestrocmf.com\/portal\/profesor-brinda-polemico-y-contundente-mensaje-a-los-padres-de-familia-hacemos-todo-lo-posible-todo-lo-humano-y-que-cosa-nos-dan-a-cambio-una-soga-en-el-cuello-nos-tiene-ahorcados\/","url_meta":{"origin":111054,"position":1},"title":"Profesor brinda Pol\u00e9mico y contundente mensaje a los padres de familia: \u00abEl sistema es permisivo con los padres. [&#8230;] Ese tipo de padres no deber\u00eda existir. Para empezar, ni ellos ni sus hijos\u00bb","author":"Web del Maestro CMF","date":"28 marzo, 2026","format":false,"excerpt":"Un docente ha generado un intenso debate al denunciar que el sistema educativo se ha vuelto permisivo frente a ciertos comportamientos de los padres, quienes justifican conductas inapropiadas de sus hijos y trasladan la responsabilidad a la escuela.","rel":"","context":"En \u00abNoticias Internacionales\u00bb","block_context":{"text":"Noticias Internacionales","link":"https:\/\/webdelmaestrocmf.com\/portal\/category\/noticias-internacionales\/"},"img":{"alt_text":"","src":"https:\/\/i0.wp.com\/webdelmaestrocmf.com\/portal\/wp-content\/uploads\/2023\/08\/1AA-Banner-1-portada-imagen-10-1-copia-11.webp?resize=350%2C200&ssl=1","width":350,"height":200,"srcset":"https:\/\/i0.wp.com\/webdelmaestrocmf.com\/portal\/wp-content\/uploads\/2023\/08\/1AA-Banner-1-portada-imagen-10-1-copia-11.webp?resize=350%2C200&ssl=1 1x, https:\/\/i0.wp.com\/webdelmaestrocmf.com\/portal\/wp-content\/uploads\/2023\/08\/1AA-Banner-1-portada-imagen-10-1-copia-11.webp?resize=525%2C300&ssl=1 1.5x, https:\/\/i0.wp.com\/webdelmaestrocmf.com\/portal\/wp-content\/uploads\/2023\/08\/1AA-Banner-1-portada-imagen-10-1-copia-11.webp?resize=700%2C400&ssl=1 2x, https:\/\/i0.wp.com\/webdelmaestrocmf.com\/portal\/wp-content\/uploads\/2023\/08\/1AA-Banner-1-portada-imagen-10-1-copia-11.webp?resize=1050%2C600&ssl=1 3x"},"classes":[]},{"id":61326,"url":"https:\/\/webdelmaestrocmf.com\/portal\/continua-el-maltrato-verbal-hacia-los-maestros-nino-chileno-se-hizo-viral-por-exabrupto-en-clases-virtuales\/","url_meta":{"origin":111054,"position":2},"title":"Continua el maltrato verbal hacia los maestros. Ni\u00f1o chileno se hizo viral por exabrupto en clases virtuales","author":"Web del Maestro CMF","date":"3 abril, 2021","format":false,"excerpt":"En el mundo de la educaci\u00f3n en l\u00ednea, no hay escasez de an\u00e9cdotas curiosas y divertidas que se han vuelto virales en las redes sociales. Un caso reciente que ha atra\u00eddo la atenci\u00f3n de la comunidad educativa y del p\u00fablico en general es el de un ni\u00f1o chileno que, sin\u2026","rel":"","context":"En \u00abNoticias\u00bb","block_context":{"text":"Noticias","link":"https:\/\/webdelmaestrocmf.com\/portal\/category\/pedagogia\/noticias-pedagogia\/"},"img":{"alt_text":"","src":"https:\/\/i0.wp.com\/webdelmaestrocmf.com\/portal\/wp-content\/uploads\/2021\/04\/1-6.jpg?resize=350%2C200&ssl=1","width":350,"height":200,"srcset":"https:\/\/i0.wp.com\/webdelmaestrocmf.com\/portal\/wp-content\/uploads\/2021\/04\/1-6.jpg?resize=350%2C200&ssl=1 1x, https:\/\/i0.wp.com\/webdelmaestrocmf.com\/portal\/wp-content\/uploads\/2021\/04\/1-6.jpg?resize=525%2C300&ssl=1 1.5x, https:\/\/i0.wp.com\/webdelmaestrocmf.com\/portal\/wp-content\/uploads\/2021\/04\/1-6.jpg?resize=700%2C400&ssl=1 2x, https:\/\/i0.wp.com\/webdelmaestrocmf.com\/portal\/wp-content\/uploads\/2021\/04\/1-6.jpg?resize=1050%2C600&ssl=1 3x"},"classes":[]},{"id":113880,"url":"https:\/\/webdelmaestrocmf.com\/portal\/profesora-es-criticada-por-decir-que-sus-alumnos-no-saben-nada-y-que-el-sistema-los-hace-pasar-de-curso-sin-aprender\/","url_meta":{"origin":111054,"position":3},"title":"Profesora es criticada por decir que \u201csus alumnos no saben nada\u201d y que el sistema los hace pasar de curso sin aprender","author":"Web del Maestro CMF","date":"9 abril, 2026","format":false,"excerpt":"Una profesora denuncia el bajo nivel acad\u00e9mico, cuestiona la promoci\u00f3n autom\u00e1tica y provoca un fuerte debate nacional tras revelar m\u00faltiples ceros en sus ex\u00e1menes.","rel":"","context":"En \u00abNoticias Internacionales\u00bb","block_context":{"text":"Noticias Internacionales","link":"https:\/\/webdelmaestrocmf.com\/portal\/category\/noticias-internacionales\/"},"img":{"alt_text":"","src":"https:\/\/i0.wp.com\/webdelmaestrocmf.com\/portal\/wp-content\/uploads\/2025\/12\/1AA-Banner-1-portada-imagen-10-1-copia-2.webp?resize=350%2C200&ssl=1","width":350,"height":200,"srcset":"https:\/\/i0.wp.com\/webdelmaestrocmf.com\/portal\/wp-content\/uploads\/2025\/12\/1AA-Banner-1-portada-imagen-10-1-copia-2.webp?resize=350%2C200&ssl=1 1x, https:\/\/i0.wp.com\/webdelmaestrocmf.com\/portal\/wp-content\/uploads\/2025\/12\/1AA-Banner-1-portada-imagen-10-1-copia-2.webp?resize=525%2C300&ssl=1 1.5x, https:\/\/i0.wp.com\/webdelmaestrocmf.com\/portal\/wp-content\/uploads\/2025\/12\/1AA-Banner-1-portada-imagen-10-1-copia-2.webp?resize=700%2C400&ssl=1 2x, https:\/\/i0.wp.com\/webdelmaestrocmf.com\/portal\/wp-content\/uploads\/2025\/12\/1AA-Banner-1-portada-imagen-10-1-copia-2.webp?resize=1050%2C600&ssl=1 3x"},"classes":[]},{"id":83845,"url":"https:\/\/webdelmaestrocmf.com\/portal\/profesor-le-da-tremendo-regano-a-su-alumno-por-hablar-groserias-y-usuarios-lo-felicitan\/","url_meta":{"origin":111054,"position":4},"title":"Profesor le da tremendo rega\u00f1o a su alumno por hablar groser\u00edas y usuarios lo felicitan: \u00a1Respeta! \u00a1Aqu\u00ed no se dicen groser\u00edas!","author":"Web del Maestro CMF","date":"29 abril, 2023","format":false,"excerpt":"Docente reprende con firmeza a estudiante por decir groser\u00edas en la escuela; el video se vuelve viral, recibe apoyo en redes y respaldo de padres por defender el respeto.","rel":"","context":"En \u00abNoticias\u00bb","block_context":{"text":"Noticias","link":"https:\/\/webdelmaestrocmf.com\/portal\/category\/pedagogia\/noticias-pedagogia\/"},"img":{"alt_text":"","src":"https:\/\/i0.wp.com\/webdelmaestrocmf.com\/portal\/wp-content\/uploads\/2023\/04\/AdobeStock_66149662-1-1030x687-1.jpeg?resize=350%2C200&ssl=1","width":350,"height":200,"srcset":"https:\/\/i0.wp.com\/webdelmaestrocmf.com\/portal\/wp-content\/uploads\/2023\/04\/AdobeStock_66149662-1-1030x687-1.jpeg?resize=350%2C200&ssl=1 1x, https:\/\/i0.wp.com\/webdelmaestrocmf.com\/portal\/wp-content\/uploads\/2023\/04\/AdobeStock_66149662-1-1030x687-1.jpeg?resize=525%2C300&ssl=1 1.5x, https:\/\/i0.wp.com\/webdelmaestrocmf.com\/portal\/wp-content\/uploads\/2023\/04\/AdobeStock_66149662-1-1030x687-1.jpeg?resize=700%2C400&ssl=1 2x"},"classes":[]},{"id":108848,"url":"https:\/\/webdelmaestrocmf.com\/portal\/un-maestro-puede-ser-un-profesor-pero-no-al-reves\/","url_meta":{"origin":111054,"position":5},"title":"Mario Alonso Puig:\u00a0Un maestro puede ser un profesor, pero no al rev\u00e9s","author":"Web del Maestro CMF","date":"15 mayo, 2025","format":false,"excerpt":"En la terminolog\u00eda educativa, la diferencia entre \"profesor\" y \"maestro\" puede ser sutil, pero refleja una visi\u00f3n m\u00e1s amplia de la ense\u00f1anza. En t\u00e9rminos generales, un profesor se enfoca en impartir conocimientos espec\u00edficos sobre una materia, mientras que un maestro tambi\u00e9n se preocupa por el desarrollo integral del estudiante, incluyendo\u2026","rel":"","context":"En \u00abEntrevistas\u00bb","block_context":{"text":"Entrevistas","link":"https:\/\/webdelmaestrocmf.com\/portal\/category\/noticias\/entrevistas\/"},"img":{"alt_text":"","src":"https:\/\/i0.wp.com\/webdelmaestrocmf.com\/portal\/wp-content\/uploads\/2025\/05\/1A-Banner-1-portada-imagen-10-1-8.jpg?resize=350%2C200&ssl=1","width":350,"height":200,"srcset":"https:\/\/i0.wp.com\/webdelmaestrocmf.com\/portal\/wp-content\/uploads\/2025\/05\/1A-Banner-1-portada-imagen-10-1-8.jpg?resize=350%2C200&ssl=1 1x, https:\/\/i0.wp.com\/webdelmaestrocmf.com\/portal\/wp-content\/uploads\/2025\/05\/1A-Banner-1-portada-imagen-10-1-8.jpg?resize=525%2C300&ssl=1 1.5x, https:\/\/i0.wp.com\/webdelmaestrocmf.com\/portal\/wp-content\/uploads\/2025\/05\/1A-Banner-1-portada-imagen-10-1-8.jpg?resize=700%2C400&ssl=1 2x"},"classes":[]}],"_links":{"self":[{"href":"https:\/\/webdelmaestrocmf.com\/portal\/wp-json\/wp\/v2\/posts\/111054","targetHints":{"allow":["GET"]}}],"collection":[{"href":"https:\/\/webdelmaestrocmf.com\/portal\/wp-json\/wp\/v2\/posts"}],"about":[{"href":"https:\/\/webdelmaestrocmf.com\/portal\/wp-json\/wp\/v2\/types\/post"}],"author":[{"embeddable":true,"href":"https:\/\/webdelmaestrocmf.com\/portal\/wp-json\/wp\/v2\/users\/1"}],"replies":[{"embeddable":true,"href":"https:\/\/webdelmaestrocmf.com\/portal\/wp-json\/wp\/v2\/comments?post=111054"}],"version-history":[{"count":2,"href":"https:\/\/webdelmaestrocmf.com\/portal\/wp-json\/wp\/v2\/posts\/111054\/revisions"}],"predecessor-version":[{"id":111058,"href":"https:\/\/webdelmaestrocmf.com\/portal\/wp-json\/wp\/v2\/posts\/111054\/revisions\/111058"}],"wp:featuredmedia":[{"embeddable":true,"href":"https:\/\/webdelmaestrocmf.com\/portal\/wp-json\/wp\/v2\/media\/111055"}],"wp:attachment":[{"href":"https:\/\/webdelmaestrocmf.com\/portal\/wp-json\/wp\/v2\/media?parent=111054"}],"wp:term":[{"taxonomy":"category","embeddable":true,"href":"https:\/\/webdelmaestrocmf.com\/portal\/wp-json\/wp\/v2\/categories?post=111054"},{"taxonomy":"post_tag","embeddable":true,"href":"https:\/\/webdelmaestrocmf.com\/portal\/wp-json\/wp\/v2\/tags?post=111054"}],"curies":[{"name":"wp","href":"https:\/\/api.w.org\/{rel}","templated":true}]}}