{"id":111043,"date":"2025-07-09T12:46:28","date_gmt":"2025-07-09T16:46:28","guid":{"rendered":"https:\/\/webdelmaestrocmf.com\/portal\/?p=111043"},"modified":"2025-07-09T12:46:30","modified_gmt":"2025-07-09T16:46:30","slug":"netanyahu-nomina-a-trump-al-nobel-de-la-paz-en-medio-de-una-ofensiva-diplomatica-y-militar-en-gaza","status":"publish","type":"post","link":"https:\/\/webdelmaestrocmf.com\/portal\/netanyahu-nomina-a-trump-al-nobel-de-la-paz-en-medio-de-una-ofensiva-diplomatica-y-militar-en-gaza\/","title":{"rendered":"Netanyahu nomina a Trump al Nobel de la Paz en medio de una ofensiva diplom\u00e1tica y militar en Gaza"},"content":{"rendered":"\n<p><strong>Washington, D.C.<\/strong> \u2014 En un gesto cargado de simbolismo y estrategia pol\u00edtica, el primer ministro israel\u00ed, Benjam\u00edn Netanyahu, nomin\u00f3 oficialmente al presidente de Estados Unidos, Donald Trump, al Premio Nobel de la Paz durante un encuentro celebrado en la Casa Blanca. La carta de nominaci\u00f3n fue entregada en mano durante una cena privada, donde ambos l\u00edderes reafirmaron su alianza y discutieron los principales conflictos que afectan a Oriente Pr\u00f3ximo.<\/p>\n\n\n\n<iframe loading=\"lazy\" width=\"100%\" height=\"315\" src=\"https:\/\/www.youtube.com\/embed\/18-AncjK0WU?si=aKWwk1PjLFr3T27M\" title=\"YouTube video player\" frameborder=\"0\" allow=\"accelerometer; autoplay; clipboard-write; encrypted-media; gyroscope; picture-in-picture; web-share\" referrerpolicy=\"strict-origin-when-cross-origin\" allowfullscreen><\/iframe>\n\n\n\n<p>La propuesta de Netanyahu no solo responde al historial diplom\u00e1tico de Trump, especialmente su rol en los Acuerdos de Abraham, sino tambi\u00e9n a su activa participaci\u00f3n en iniciativas recientes como la propuesta de un alto el fuego de 60 d\u00edas en la Franja de Gaza, una medida que el gobierno estadounidense busca posicionar como un paso hacia la estabilidad regional.<\/p>\n\n\n\n<blockquote class=\"wp-block-quote is-layout-flow wp-block-quote-is-layout-flow\">\n<p class=\"has-text-align-center\">\u201cEst\u00e1 forjando la paz mientras hablamos, en un pa\u00eds, en una regi\u00f3n tras otra\u201d, declar\u00f3 Netanyahu ante la prensa, quien adem\u00e1s elogi\u00f3 la \u00abvisi\u00f3n brillante\u00bb del republicano sobre el futuro de Gaza.<\/p>\n<\/blockquote>\n\n\n\n<h3 class=\"wp-block-heading\"><strong>Una nominaci\u00f3n con respaldo pol\u00edtico<\/strong><\/h3>\n\n\n\n<p>Esta no es la primera vez que Trump es postulado al Nobel de la Paz, pero la nominaci\u00f3n de Netanyahu representa hasta ahora el mayor respaldo pol\u00edtico a su aspiraci\u00f3n. A la carta del primer ministro israel\u00ed se suman otras presentaciones oficiales: una por parte del Gobierno de Pakist\u00e1n \u2014que lo acredita por su papel en la distensi\u00f3n con India\u2014 y otra del congresista estadounidense Buddy Carter.<\/p>\n\n\n\n<p>Netanyahu justific\u00f3 su apoyo se\u00f1alando que Trump ha demostrado \u201cuna dedicaci\u00f3n firme y excepcional para promover la paz, la seguridad y la estabilidad en el mundo\u201d, subrayando la normalizaci\u00f3n de relaciones diplom\u00e1ticas entre Israel y pa\u00edses \u00e1rabes como uno de los principales logros.<\/p>\n\n\n\n<figure class=\"wp-block-image size-large\"><img loading=\"lazy\" decoding=\"async\" width=\"709\" height=\"1024\" src=\"https:\/\/webdelmaestrocmf.com\/portal\/wp-content\/uploads\/2025\/07\/7Y5THLUDHBHM3EIMIQNLA57A3E-709x1024.webp\" alt=\"\" class=\"wp-image-111044\" srcset=\"https:\/\/webdelmaestrocmf.com\/portal\/wp-content\/uploads\/2025\/07\/7Y5THLUDHBHM3EIMIQNLA57A3E-709x1024.webp 709w, https:\/\/webdelmaestrocmf.com\/portal\/wp-content\/uploads\/2025\/07\/7Y5THLUDHBHM3EIMIQNLA57A3E-208x300.webp 208w, https:\/\/webdelmaestrocmf.com\/portal\/wp-content\/uploads\/2025\/07\/7Y5THLUDHBHM3EIMIQNLA57A3E-768x1109.webp 768w, https:\/\/webdelmaestrocmf.com\/portal\/wp-content\/uploads\/2025\/07\/7Y5THLUDHBHM3EIMIQNLA57A3E-332x479.webp 332w, https:\/\/webdelmaestrocmf.com\/portal\/wp-content\/uploads\/2025\/07\/7Y5THLUDHBHM3EIMIQNLA57A3E-664x959.webp 664w, https:\/\/webdelmaestrocmf.com\/portal\/wp-content\/uploads\/2025\/07\/7Y5THLUDHBHM3EIMIQNLA57A3E-688x993.webp 688w, https:\/\/webdelmaestrocmf.com\/portal\/wp-content\/uploads\/2025\/07\/7Y5THLUDHBHM3EIMIQNLA57A3E.webp 931w\" sizes=\"auto, (max-width: 709px) 100vw, 709px\" \/><figcaption class=\"wp-element-caption\">El primer ministro israel\u00ed entreg\u00f3 formalmente la carta de nominaci\u00f3n durante una cena en la Casa Blanca, donde elogi\u00f3 los esfuerzos diplom\u00e1ticos del presidente estadounidense en Oriente Medio (Cr\u00e9dito: The Times of Israel)<\/figcaption><\/figure>\n\n\n\n<h3 class=\"wp-block-heading\"><strong>La cena en la Casa Blanca: Gaza, Ir\u00e1n y rehenes<\/strong><\/h3>\n\n\n\n<p>La reuni\u00f3n entre ambos mandatarios ocurre en un contexto especialmente delicado. Solo unas horas antes del encuentro, al menos cuatro soldados israel\u00edes murieron en una emboscada en Gaza, mientras contin\u00faa la ofensiva militar que ya ha dejado m\u00e1s de 57.000 palestinos muertos, seg\u00fan fuentes locales. Pese a ello, Trump insiste en que \u201cla situaci\u00f3n en Oriente Pr\u00f3ximo se va a calmar bastante\u201d.<\/p>\n\n\n\n<p>Durante la cena, tambi\u00e9n se abordaron temas como el futuro del programa nuclear iran\u00ed \u2014despu\u00e9s de que Trump ordenara bombardeos a tres instalaciones nucleares de ese pa\u00eds\u2014, la situaci\u00f3n en Siria y el papel de Hezbol\u00e1. Netanyahu calific\u00f3 la operaci\u00f3n contra Ir\u00e1n como una \u201cvictoria hist\u00f3rica\u201d que abre paso a una expansi\u00f3n de los Acuerdos de Abraham.<\/p>\n\n\n\n<p>Ambos l\u00edderes destacaron su disposici\u00f3n a alcanzar una tregua en Gaza. El plan estadounidense, elaborado por Steve Witkoff \u2014enviado de Trump a Oriente Pr\u00f3ximo\u2014 contempla la liberaci\u00f3n paulatina de rehenes israel\u00edes a cambio de prisioneros palestinos, as\u00ed como restricciones a Ham\u00e1s para televisar entregas, y reserva para Trump del anuncio del alto el fuego definitivo.<\/p>\n\n\n\n<figure class=\"wp-block-image size-large\"><img loading=\"lazy\" decoding=\"async\" width=\"1024\" height=\"576\" src=\"https:\/\/webdelmaestrocmf.com\/portal\/wp-content\/uploads\/2025\/07\/1440x810_cmsv2_5684eac7-bbd5-51c7-b33f-fc56d78f0bfc-8837330-1024x576.webp\" alt=\"\" class=\"wp-image-111046\" srcset=\"https:\/\/webdelmaestrocmf.com\/portal\/wp-content\/uploads\/2025\/07\/1440x810_cmsv2_5684eac7-bbd5-51c7-b33f-fc56d78f0bfc-8837330-1024x576.webp 1024w, https:\/\/webdelmaestrocmf.com\/portal\/wp-content\/uploads\/2025\/07\/1440x810_cmsv2_5684eac7-bbd5-51c7-b33f-fc56d78f0bfc-8837330-300x169.webp 300w, https:\/\/webdelmaestrocmf.com\/portal\/wp-content\/uploads\/2025\/07\/1440x810_cmsv2_5684eac7-bbd5-51c7-b33f-fc56d78f0bfc-8837330-768x432.webp 768w, https:\/\/webdelmaestrocmf.com\/portal\/wp-content\/uploads\/2025\/07\/1440x810_cmsv2_5684eac7-bbd5-51c7-b33f-fc56d78f0bfc-8837330-332x187.webp 332w, https:\/\/webdelmaestrocmf.com\/portal\/wp-content\/uploads\/2025\/07\/1440x810_cmsv2_5684eac7-bbd5-51c7-b33f-fc56d78f0bfc-8837330-664x374.webp 664w, https:\/\/webdelmaestrocmf.com\/portal\/wp-content\/uploads\/2025\/07\/1440x810_cmsv2_5684eac7-bbd5-51c7-b33f-fc56d78f0bfc-8837330-688x387.webp 688w, https:\/\/webdelmaestrocmf.com\/portal\/wp-content\/uploads\/2025\/07\/1440x810_cmsv2_5684eac7-bbd5-51c7-b33f-fc56d78f0bfc-8837330-1376x774.webp 1376w, https:\/\/webdelmaestrocmf.com\/portal\/wp-content\/uploads\/2025\/07\/1440x810_cmsv2_5684eac7-bbd5-51c7-b33f-fc56d78f0bfc-8837330-1044x587.webp 1044w, https:\/\/webdelmaestrocmf.com\/portal\/wp-content\/uploads\/2025\/07\/1440x810_cmsv2_5684eac7-bbd5-51c7-b33f-fc56d78f0bfc-8837330-1400x788.webp 1400w, https:\/\/webdelmaestrocmf.com\/portal\/wp-content\/uploads\/2025\/07\/1440x810_cmsv2_5684eac7-bbd5-51c7-b33f-fc56d78f0bfc-8837330.webp 1440w\" sizes=\"auto, (max-width: 1024px) 100vw, 1024px\" \/><\/figure>\n\n\n\n<h3 class=\"wp-block-heading\"><strong>Gaza como \u00abla Trump Riviera\u00bb<\/strong><\/h3>\n\n\n\n<p>Uno de los aspectos m\u00e1s pol\u00e9micos del encuentro fue la revelaci\u00f3n de los planes israel\u00edes para transformar partes de Gaza en un enclave tur\u00edstico y econ\u00f3mico, con una \u201cTrump Riviera\u201d y un parque industrial que llevar\u00eda el nombre de Elon Musk. Netanyahu y Trump defendieron esta propuesta como una oportunidad para dar a los palestinos \u201cun futuro mejor\u201d, mientras se discuten opciones para reasentar a la poblaci\u00f3n desplazada fuera del territorio.<\/p>\n\n\n\n<blockquote class=\"wp-block-quote is-layout-flow wp-block-quote-is-layout-flow\">\n<p class=\"has-text-align-center\">\u201cSe llama libre elecci\u00f3n\u201d, dijo Netanyahu. \u201cSi quieren quedarse, pueden quedarse. Si quieren irse, estamos trabajando con varios pa\u00edses para acogerlos\u201d.<\/p>\n<\/blockquote>\n\n\n\n<p>Aunque ambos mandatarios describieron estos planes como \u201cvisionarios\u201d, organizaciones de derechos humanos y diversos analistas los han calificado como una estrategia de desplazamiento forzoso y reconfiguraci\u00f3n geopol\u00edtica sin precedentes en la regi\u00f3n.<\/p>\n\n\n\n<h3 class=\"wp-block-heading\"><strong>Un Nobel en campa\u00f1a<\/strong><\/h3>\n\n\n\n<p>La nominaci\u00f3n llega en un momento clave para Trump, quien busca consolidar logros diplom\u00e1ticos de cara a su campa\u00f1a electoral. Ha prometido resolver el conflicto en Ucrania \u201cen semanas\u201d y posicionarse como el \u00fanico l\u00edder capaz de restaurar el equilibrio global. Sin embargo, sus intentos anteriores no se han traducido en premios ni resultados duraderos, lo que ha generado frustraci\u00f3n en sus discursos p\u00fablicos, especialmente al comparar su gesti\u00f3n con la de Barack Obama, galardonado con el Nobel en 2009.<\/p>\n\n\n\n<p>El Comit\u00e9 Noruego del Nobel, por su parte, no comenta sobre candidaturas antes de que pasen 50 a\u00f1os desde su presentaci\u00f3n. El plazo para proponer nombres al Nobel de la Paz 2025 cierra en enero pr\u00f3ximo, y la inclusi\u00f3n de Trump depender\u00e1 del an\u00e1lisis de impacto verificable por parte del comit\u00e9 evaluador.<\/p>\n\n\n\n<h3 class=\"wp-block-heading\"><strong>Reacciones divididas<\/strong><\/h3>\n\n\n\n<p>La nominaci\u00f3n fue recibida con protestas frente a la Casa Blanca, donde manifestantes expresaron su rechazo a las pol\u00edticas de Netanyahu y al respaldo estadounidense a la ofensiva israel\u00ed. En Gaza y otras partes del mundo \u00e1rabe, la reuni\u00f3n fue observada con inquietud, en medio de la creciente devastaci\u00f3n y de los planes de reconfiguraci\u00f3n territorial que avanzan sin consenso internacional.<\/p>\n\n\n\n<p>Pese a ello, la alianza entre Trump y Netanyahu se mantiene firme, y ambos l\u00edderes insisten en que est\u00e1n \u201ctransformando la faz de Oriente Pr\u00f3ximo\u201d.<\/p>\n\n\n\n<p class=\"has-text-align-right\"><strong>Redacci\u00f3n | Web del Maestro CMF<\/strong><\/p>\n\n\n\t\t<div class=\"pk-inline-posts\">\n\t\t\t\n\t\t\t<div class=\"pk-inline-posts-container pk-inline-posts-template-list\"\n\t\t\t\tdata-columns=\"1\">\n\t\t\t\t\t\t<article id=\"post-118385\" class=\"post-118385 post type-post status-publish format-standard has-post-thumbnail category-noticias-internacionales tag-accidente-escolar tag-comunidad-escolar tag-cuidado-infantil tag-derechos-del-nino tag-educacion-segura tag-gestion-educativa-3 tag-prevencion-riesgos tag-responsabilidad-educativa tag-seguridad-escolar tag-supervision-docente cs-entry cs-video-wrap\">\n\t\t\t<div class=\"pk-post-outer\">\n\n\t\t\t\t\t\t\t\t<div class=\"pk-post-inner\">\n\t\t\t\t\t<div class=\"entry-thumbnail\">\n\t\t\t\t\t\t<div class=\"pk-overlay pk-overlay-ratio pk-ratio-landscape\">\n\t\t\t\t\t\t\t<div class=\"pk-overlay-background\">\n\t\t\t\t\t\t\t\t<a href=\"https:\/\/webdelmaestrocmf.com\/portal\/nina-fallece-tras-presunto-tropiezo-en-escuela-pero-su-padre-desmiente-la-version-me-encontre-a-mi-hija-toda-ensangrentada\/\" class=\"pk-overlay-link\">\n\t\t\t\t\t\t\t\t\t<img loading=\"lazy\" decoding=\"async\" width=\"300\" height=\"225\" src=\"https:\/\/webdelmaestrocmf.com\/portal\/wp-content\/uploads\/2026\/04\/1AA-Banner-1-portada-imagen-10-1-copia-4-3-300x225.webp\" class=\"attachment-pk-thumbnail size-pk-thumbnail wp-post-image\" alt=\"\" \/>\t\t\t\t\t\t\t\t<\/a>\n\t\t\t\t\t\t\t<\/div>\n\t\t\t\t\t\t<\/div>\n\t\t\t\t\t<\/div>\n\t\t\t\t<\/div>\n\t\t\t\t\n\t\t\t\t<div class=\"pk-post-inner\">\n\t\t\t\t\t<header>\n\t\t\t\t\t\t<h3 class=\"pk-title\"><a href=\"https:\/\/webdelmaestrocmf.com\/portal\/nina-fallece-tras-presunto-tropiezo-en-escuela-pero-su-padre-desmiente-la-version-me-encontre-a-mi-hija-toda-ensangrentada\/\" rel=\"bookmark\">Ni\u00f1a fallece tras presunto tropiezo en escuela, pero su padre desmiente la versi\u00f3n: \u201cMe encontr\u00e9 a mi hija toda ensangrentada\u201d<\/a><\/h3>\t\t\t\t\t<\/header><!-- .entry-header -->\n\t\t\t\t<\/div><!-- .post-inner -->\n\n\t\t\t<\/div><!-- .post-outer -->\n\t\t<\/article>\n\t\t\t<article id=\"post-118342\" class=\"post-118342 post type-post status-publish format-standard has-post-thumbnail category-noticias-internacionales tag-alfabetizacion tag-aprendizaje tag-comprension-lectora tag-docentes tag-educacion tag-escuela tag-innovacion-educativa tag-lectura tag-pedagogia tag-tecnologia-educativa cs-entry cs-video-wrap\">\n\t\t\t<div class=\"pk-post-outer\">\n\n\t\t\t\t\t\t\t\t<div class=\"pk-post-inner\">\n\t\t\t\t\t<div class=\"entry-thumbnail\">\n\t\t\t\t\t\t<div class=\"pk-overlay pk-overlay-ratio pk-ratio-landscape\">\n\t\t\t\t\t\t\t<div class=\"pk-overlay-background\">\n\t\t\t\t\t\t\t\t<a href=\"https:\/\/webdelmaestrocmf.com\/portal\/apagon-digital-en-la-escuela-suecia-frena-la-inversion-en-pantallas-y-vuelve-a-los-libros\/\" class=\"pk-overlay-link\">\n\t\t\t\t\t\t\t\t\t<img loading=\"lazy\" decoding=\"async\" width=\"300\" height=\"225\" src=\"https:\/\/webdelmaestrocmf.com\/portal\/wp-content\/uploads\/2026\/04\/1AA-Banner-1-portada-imagen-10-1-copia-8-2-300x225.webp\" class=\"attachment-pk-thumbnail size-pk-thumbnail wp-post-image\" alt=\"\" \/>\t\t\t\t\t\t\t\t<\/a>\n\t\t\t\t\t\t\t<\/div>\n\t\t\t\t\t\t<\/div>\n\t\t\t\t\t<\/div>\n\t\t\t\t<\/div>\n\t\t\t\t\n\t\t\t\t<div class=\"pk-post-inner\">\n\t\t\t\t\t<header>\n\t\t\t\t\t\t<h3 class=\"pk-title\"><a href=\"https:\/\/webdelmaestrocmf.com\/portal\/apagon-digital-en-la-escuela-suecia-frena-la-inversion-en-pantallas-y-vuelve-a-los-libros\/\" rel=\"bookmark\">\u00bfApag\u00f3n digital en la escuela? Suecia frena la inversi\u00f3n en pantallas y vuelve a los libros<\/a><\/h3>\t\t\t\t\t<\/header><!-- .entry-header -->\n\t\t\t\t<\/div><!-- .post-inner -->\n\n\t\t\t<\/div><!-- .post-outer -->\n\t\t<\/article>\n\t\t\t<article id=\"post-118337\" class=\"post-118337 post type-post status-publish format-standard has-post-thumbnail category-noticias-internacionales tag-aprendizaje tag-crianza-responsable tag-desarrollo-infantil tag-docentes tag-educacion-digital tag-inteligencia-artificial tag-neuroeducacion tag-pantallas-en-ninos tag-salud-mental-infantil tag-tecnologia-en-educacion cs-entry cs-video-wrap\">\n\t\t\t<div class=\"pk-post-outer\">\n\n\t\t\t\t\t\t\t\t<div class=\"pk-post-inner\">\n\t\t\t\t\t<div class=\"entry-thumbnail\">\n\t\t\t\t\t\t<div class=\"pk-overlay pk-overlay-ratio pk-ratio-landscape\">\n\t\t\t\t\t\t\t<div class=\"pk-overlay-background\">\n\t\t\t\t\t\t\t\t<a href=\"https:\/\/webdelmaestrocmf.com\/portal\/sociedades-medicas-advierten-con-contundencia-es-el-mayor-hackeo-cerebral-de-la-historia-hay-una-epidemia-de-entontecimiento-masivo-por-las-pantallas\/\" class=\"pk-overlay-link\">\n\t\t\t\t\t\t\t\t\t<img loading=\"lazy\" decoding=\"async\" width=\"300\" height=\"225\" src=\"https:\/\/webdelmaestrocmf.com\/portal\/wp-content\/uploads\/2026\/04\/1AA-Banner-1-portada-imagen-10-1-copia-7-4-300x225.webp\" class=\"attachment-pk-thumbnail size-pk-thumbnail wp-post-image\" alt=\"\" \/>\t\t\t\t\t\t\t\t<\/a>\n\t\t\t\t\t\t\t<\/div>\n\t\t\t\t\t\t<\/div>\n\t\t\t\t\t<\/div>\n\t\t\t\t<\/div>\n\t\t\t\t\n\t\t\t\t<div class=\"pk-post-inner\">\n\t\t\t\t\t<header>\n\t\t\t\t\t\t<h3 class=\"pk-title\"><a href=\"https:\/\/webdelmaestrocmf.com\/portal\/sociedades-medicas-advierten-con-contundencia-es-el-mayor-hackeo-cerebral-de-la-historia-hay-una-epidemia-de-entontecimiento-masivo-por-las-pantallas\/\" rel=\"bookmark\">Sociedades m\u00e9dicas advierten con contundencia: \u00abEs el mayor hackeo cerebral de la historia\u00bb. \u00abHay una epidemia de entontecimiento masivo por las pantallas\u00bb<\/a><\/h3>\t\t\t\t\t<\/header><!-- .entry-header -->\n\t\t\t\t<\/div><!-- .post-inner -->\n\n\t\t\t<\/div><!-- .post-outer -->\n\t\t<\/article>\n\t\t\t\t<\/div>\n\t\t<\/div>\n\t\t\n","protected":false},"excerpt":{"rendered":"El primer ministro israel\u00ed entreg\u00f3 personalmente la nominaci\u00f3n durante una cena en la Casa Blanca, elogiando los esfuerzos del presidente estadounidense en Medio Oriente y respaldando su pol\u00e9mico plan para el futuro de Gaza","protected":false},"author":1,"featured_media":111045,"comment_status":"open","ping_status":"closed","sticky":false,"template":"","format":"standard","meta":{"csco_display_header_overlay":false,"csco_singular_sidebar":"","csco_page_header_type":"","csco_page_load_nextpost":"","csco_post_video_location":[],"csco_post_video_location_hash":"","csco_post_video_url":"","csco_post_video_bg_start_time":0,"csco_post_video_bg_end_time":0,"csco_post_video_bg_volume":false,"_jetpack_memberships_contains_paid_content":false,"footnotes":""},"categories":[23790],"tags":[23937,23938],"class_list":{"0":"post-111043","1":"post","2":"type-post","3":"status-publish","4":"format-standard","5":"has-post-thumbnail","7":"category-noticias-internacionales","8":"tag-netanyahu","9":"tag-nobel-de-la-paz","10":"cs-entry","11":"cs-video-wrap"},"yoast_head":"<!-- This site is optimized with the Yoast SEO plugin v27.4 - https:\/\/yoast.com\/product\/yoast-seo-wordpress\/ -->\n<title>Netanyahu nomina a Trump al Nobel de la Paz en medio de una ofensiva diplom\u00e1tica y militar en Gaza - 2026<\/title>\n<meta name=\"description\" content=\"En un gesto cargado de simbolismo y estrategia pol\u00edtica, el primer ministro israel\u00ed, Benjam\u00edn Netanyahu, nomin\u00f3 oficialmente al...\" \/>\n<meta name=\"robots\" content=\"index, follow, max-snippet:-1, max-image-preview:large, max-video-preview:-1\" \/>\n<link rel=\"canonical\" href=\"https:\/\/webdelmaestrocmf.com\/portal\/netanyahu-nomina-a-trump-al-nobel-de-la-paz-en-medio-de-una-ofensiva-diplomatica-y-militar-en-gaza\/\" \/>\n<meta property=\"og:locale\" content=\"es_ES\" \/>\n<meta property=\"og:type\" content=\"article\" \/>\n<meta property=\"og:title\" content=\"Netanyahu nomina a Trump al Nobel de la Paz en medio de una ofensiva diplom\u00e1tica y militar en Gaza - 2026\" \/>\n<meta property=\"og:description\" content=\"En un gesto cargado de simbolismo y estrategia pol\u00edtica, el primer ministro israel\u00ed, Benjam\u00edn Netanyahu, nomin\u00f3 oficialmente al...\" \/>\n<meta property=\"og:url\" content=\"https:\/\/webdelmaestrocmf.com\/portal\/netanyahu-nomina-a-trump-al-nobel-de-la-paz-en-medio-de-una-ofensiva-diplomatica-y-militar-en-gaza\/\" \/>\n<meta property=\"og:site_name\" content=\"Web del Maestro CMF\" \/>\n<meta property=\"article:publisher\" content=\"https:\/\/www.facebook.com\/WebdelMaestroCMF\/\" \/>\n<meta property=\"article:author\" content=\"https:\/\/www.facebook.com\/WebdelMaestroCMF\/\" \/>\n<meta property=\"article:published_time\" content=\"2025-07-09T16:46:28+00:00\" \/>\n<meta property=\"article:modified_time\" content=\"2025-07-09T16:46:30+00:00\" \/>\n<meta property=\"og:image\" content=\"https:\/\/webdelmaestrocmf.com\/portal\/wp-content\/uploads\/2025\/07\/1A-Banner-1-portada-imagen-10-1-copia-59.jpg\" \/>\n\t<meta property=\"og:image:width\" content=\"1003\" \/>\n\t<meta property=\"og:image:height\" content=\"667\" \/>\n\t<meta property=\"og:image:type\" content=\"image\/jpeg\" \/>\n<meta name=\"author\" content=\"Web del Maestro CMF\" \/>\n<meta name=\"twitter:card\" content=\"summary_large_image\" \/>\n<meta name=\"twitter:creator\" content=\"@cmf_w\" \/>\n<meta name=\"twitter:site\" content=\"@cmf_w\" \/>\n<meta name=\"twitter:label1\" content=\"Escrito por\" \/>\n\t<meta name=\"twitter:data1\" content=\"Web del Maestro CMF\" \/>\n\t<meta name=\"twitter:label2\" content=\"Tiempo de lectura\" \/>\n\t<meta name=\"twitter:data2\" content=\"5 minutos\" \/>\n<script type=\"application\/ld+json\" class=\"yoast-schema-graph\">{\"@context\":\"https:\\\/\\\/schema.org\",\"@graph\":[{\"@type\":\"ScholarlyArticle\",\"@id\":\"https:\\\/\\\/webdelmaestrocmf.com\\\/portal\\\/netanyahu-nomina-a-trump-al-nobel-de-la-paz-en-medio-de-una-ofensiva-diplomatica-y-militar-en-gaza\\\/#article\",\"isPartOf\":{\"@id\":\"https:\\\/\\\/webdelmaestrocmf.com\\\/portal\\\/netanyahu-nomina-a-trump-al-nobel-de-la-paz-en-medio-de-una-ofensiva-diplomatica-y-militar-en-gaza\\\/\"},\"author\":{\"name\":\"Web del Maestro CMF\",\"@id\":\"https:\\\/\\\/webdelmaestrocmf.com\\\/portal\\\/#\\\/schema\\\/person\\\/1072a2ed7bd960df8ef99a551fa35dc5\"},\"headline\":\"Netanyahu nomina a Trump al Nobel de la Paz en medio de una ofensiva diplom\u00e1tica y militar en Gaza\",\"datePublished\":\"2025-07-09T16:46:28+00:00\",\"dateModified\":\"2025-07-09T16:46:30+00:00\",\"mainEntityOfPage\":{\"@id\":\"https:\\\/\\\/webdelmaestrocmf.com\\\/portal\\\/netanyahu-nomina-a-trump-al-nobel-de-la-paz-en-medio-de-una-ofensiva-diplomatica-y-militar-en-gaza\\\/\"},\"wordCount\":954,\"commentCount\":74,\"publisher\":{\"@id\":\"https:\\\/\\\/webdelmaestrocmf.com\\\/portal\\\/#organization\"},\"image\":{\"@id\":\"https:\\\/\\\/webdelmaestrocmf.com\\\/portal\\\/netanyahu-nomina-a-trump-al-nobel-de-la-paz-en-medio-de-una-ofensiva-diplomatica-y-militar-en-gaza\\\/#primaryimage\"},\"thumbnailUrl\":\"https:\\\/\\\/webdelmaestrocmf.com\\\/portal\\\/wp-content\\\/uploads\\\/2025\\\/07\\\/1A-Banner-1-portada-imagen-10-1-copia-59.jpg\",\"keywords\":[\"Netanyahu\",\"Nobel de la Paz\"],\"articleSection\":[\"Noticias Internacionales\"],\"inLanguage\":\"es\",\"potentialAction\":[{\"@type\":\"CommentAction\",\"name\":\"Comment\",\"target\":[\"https:\\\/\\\/webdelmaestrocmf.com\\\/portal\\\/netanyahu-nomina-a-trump-al-nobel-de-la-paz-en-medio-de-una-ofensiva-diplomatica-y-militar-en-gaza\\\/#respond\"]}]},{\"@type\":\"WebPage\",\"@id\":\"https:\\\/\\\/webdelmaestrocmf.com\\\/portal\\\/netanyahu-nomina-a-trump-al-nobel-de-la-paz-en-medio-de-una-ofensiva-diplomatica-y-militar-en-gaza\\\/\",\"url\":\"https:\\\/\\\/webdelmaestrocmf.com\\\/portal\\\/netanyahu-nomina-a-trump-al-nobel-de-la-paz-en-medio-de-una-ofensiva-diplomatica-y-militar-en-gaza\\\/\",\"name\":\"Netanyahu nomina a Trump al Nobel de la Paz en medio de una ofensiva diplom\u00e1tica y militar en Gaza - 2026\",\"isPartOf\":{\"@id\":\"https:\\\/\\\/webdelmaestrocmf.com\\\/portal\\\/#website\"},\"primaryImageOfPage\":{\"@id\":\"https:\\\/\\\/webdelmaestrocmf.com\\\/portal\\\/netanyahu-nomina-a-trump-al-nobel-de-la-paz-en-medio-de-una-ofensiva-diplomatica-y-militar-en-gaza\\\/#primaryimage\"},\"image\":{\"@id\":\"https:\\\/\\\/webdelmaestrocmf.com\\\/portal\\\/netanyahu-nomina-a-trump-al-nobel-de-la-paz-en-medio-de-una-ofensiva-diplomatica-y-militar-en-gaza\\\/#primaryimage\"},\"thumbnailUrl\":\"https:\\\/\\\/webdelmaestrocmf.com\\\/portal\\\/wp-content\\\/uploads\\\/2025\\\/07\\\/1A-Banner-1-portada-imagen-10-1-copia-59.jpg\",\"datePublished\":\"2025-07-09T16:46:28+00:00\",\"dateModified\":\"2025-07-09T16:46:30+00:00\",\"description\":\"En un gesto cargado de simbolismo y estrategia pol\u00edtica, el primer ministro israel\u00ed, Benjam\u00edn Netanyahu, nomin\u00f3 oficialmente al...\",\"breadcrumb\":{\"@id\":\"https:\\\/\\\/webdelmaestrocmf.com\\\/portal\\\/netanyahu-nomina-a-trump-al-nobel-de-la-paz-en-medio-de-una-ofensiva-diplomatica-y-militar-en-gaza\\\/#breadcrumb\"},\"inLanguage\":\"es\",\"potentialAction\":[{\"@type\":\"ReadAction\",\"target\":[\"https:\\\/\\\/webdelmaestrocmf.com\\\/portal\\\/netanyahu-nomina-a-trump-al-nobel-de-la-paz-en-medio-de-una-ofensiva-diplomatica-y-militar-en-gaza\\\/\"]}]},{\"@type\":\"ImageObject\",\"inLanguage\":\"es\",\"@id\":\"https:\\\/\\\/webdelmaestrocmf.com\\\/portal\\\/netanyahu-nomina-a-trump-al-nobel-de-la-paz-en-medio-de-una-ofensiva-diplomatica-y-militar-en-gaza\\\/#primaryimage\",\"url\":\"https:\\\/\\\/webdelmaestrocmf.com\\\/portal\\\/wp-content\\\/uploads\\\/2025\\\/07\\\/1A-Banner-1-portada-imagen-10-1-copia-59.jpg\",\"contentUrl\":\"https:\\\/\\\/webdelmaestrocmf.com\\\/portal\\\/wp-content\\\/uploads\\\/2025\\\/07\\\/1A-Banner-1-portada-imagen-10-1-copia-59.jpg\",\"width\":1003,\"height\":667},{\"@type\":\"BreadcrumbList\",\"@id\":\"https:\\\/\\\/webdelmaestrocmf.com\\\/portal\\\/netanyahu-nomina-a-trump-al-nobel-de-la-paz-en-medio-de-una-ofensiva-diplomatica-y-militar-en-gaza\\\/#breadcrumb\",\"itemListElement\":[{\"@type\":\"ListItem\",\"position\":1,\"name\":\"Portada\",\"item\":\"https:\\\/\\\/webdelmaestrocmf.com\\\/portal\\\/\"},{\"@type\":\"ListItem\",\"position\":2,\"name\":\"Noticias Internacionales\",\"item\":\"https:\\\/\\\/webdelmaestrocmf.com\\\/portal\\\/category\\\/noticias-internacionales\\\/\"},{\"@type\":\"ListItem\",\"position\":3,\"name\":\"Netanyahu nomina a Trump al Nobel de la Paz en medio de una ofensiva diplom\u00e1tica y militar en Gaza\"}]},{\"@type\":\"WebSite\",\"@id\":\"https:\\\/\\\/webdelmaestrocmf.com\\\/portal\\\/#website\",\"url\":\"https:\\\/\\\/webdelmaestrocmf.com\\\/portal\\\/\",\"name\":\"Web del Maestro CMF\",\"description\":\"Maestros al servicio de la educaci\u00f3n\",\"publisher\":{\"@id\":\"https:\\\/\\\/webdelmaestrocmf.com\\\/portal\\\/#organization\"},\"alternateName\":\"WMCMF\",\"potentialAction\":[{\"@type\":\"SearchAction\",\"target\":{\"@type\":\"EntryPoint\",\"urlTemplate\":\"https:\\\/\\\/webdelmaestrocmf.com\\\/portal\\\/?s={search_term_string}\"},\"query-input\":{\"@type\":\"PropertyValueSpecification\",\"valueRequired\":true,\"valueName\":\"search_term_string\"}}],\"inLanguage\":\"es\"},{\"@type\":\"Organization\",\"@id\":\"https:\\\/\\\/webdelmaestrocmf.com\\\/portal\\\/#organization\",\"name\":\"Web del Maestro CMF\",\"alternateName\":\"WMCMF\",\"url\":\"https:\\\/\\\/webdelmaestrocmf.com\\\/portal\\\/\",\"logo\":{\"@type\":\"ImageObject\",\"inLanguage\":\"es\",\"@id\":\"https:\\\/\\\/webdelmaestrocmf.com\\\/portal\\\/#\\\/schema\\\/logo\\\/image\\\/\",\"url\":\"https:\\\/\\\/webdelmaestrocmf.com\\\/portal\\\/wp-content\\\/uploads\\\/2023\\\/01\\\/logo-wmcmf-2.png\",\"contentUrl\":\"https:\\\/\\\/webdelmaestrocmf.com\\\/portal\\\/wp-content\\\/uploads\\\/2023\\\/01\\\/logo-wmcmf-2.png\",\"width\":200,\"height\":60,\"caption\":\"Web del Maestro CMF\"},\"image\":{\"@id\":\"https:\\\/\\\/webdelmaestrocmf.com\\\/portal\\\/#\\\/schema\\\/logo\\\/image\\\/\"},\"sameAs\":[\"https:\\\/\\\/www.facebook.com\\\/WebdelMaestroCMF\\\/\",\"https:\\\/\\\/x.com\\\/cmf_w\",\"https:\\\/\\\/www.pinterest.com\\\/WMCMF\\\/\",\"https:\\\/\\\/www.linkedin.com\\\/company\\\/web-del-maestro-cmf\\\/\",\"https:\\\/\\\/www.instagram.com\\\/wmcmf\\\/\",\"https:\\\/\\\/www.youtube.com\\\/channel\\\/UCDPSvjbdodE5sHnC3OxutHw\",\"https:\\\/\\\/mastodon.social\\\/@wmcmf\",\"https:\\\/\\\/www.tiktok.com\\\/@webdelmaestrocmf\"]},{\"@type\":\"Person\",\"@id\":\"https:\\\/\\\/webdelmaestrocmf.com\\\/portal\\\/#\\\/schema\\\/person\\\/1072a2ed7bd960df8ef99a551fa35dc5\",\"name\":\"Web del Maestro CMF\",\"image\":{\"@type\":\"ImageObject\",\"inLanguage\":\"es\",\"@id\":\"https:\\\/\\\/secure.gravatar.com\\\/avatar\\\/23291dd5b5ae1077dcff3dbb04c3e02bd28403fa75af6d8787d5e97c5bbbe30b?s=96&d=mm&r=g\",\"url\":\"https:\\\/\\\/secure.gravatar.com\\\/avatar\\\/23291dd5b5ae1077dcff3dbb04c3e02bd28403fa75af6d8787d5e97c5bbbe30b?s=96&d=mm&r=g\",\"contentUrl\":\"https:\\\/\\\/secure.gravatar.com\\\/avatar\\\/23291dd5b5ae1077dcff3dbb04c3e02bd28403fa75af6d8787d5e97c5bbbe30b?s=96&d=mm&r=g\",\"caption\":\"Web del Maestro CMF\"},\"description\":\"Esta Web se cre\u00f3 sin fines de lucro, con fines educativos, cient\u00edficos y acad\u00e9micos, para personas que tengan dificultades y\\\/o inconvenientes en visualizar el material original. El objetivo es entregar recursos, compartir experiencias y materiales que ayuden a los padres de familia, maestros y estudiantes en su actualizaci\u00f3n y formaci\u00f3n permanente, en bien de la Educaci\u00f3n.\",\"sameAs\":[\"http:\\\/\\\/webdelmaestrocmf.com\\\/portal\",\"https:\\\/\\\/www.facebook.com\\\/WebdelMaestroCMF\\\/\",\"https:\\\/\\\/www.instagram.com\\\/wmcmf\\\/\",\"https:\\\/\\\/cl.linkedin.com\\\/company\\\/web-del-maestro-cmf\",\"https:\\\/\\\/www.pinterest.com\\\/WMCMF\\\/publicaciones\\\/\",\"https:\\\/\\\/x.com\\\/cmf_w\",\"https:\\\/\\\/www.youtube.com\\\/@WMCMF\"]}]}<\/script>\n<!-- \/ Yoast SEO plugin. -->","yoast_head_json":{"title":"Netanyahu nomina a Trump al Nobel de la Paz en medio de una ofensiva diplom\u00e1tica y militar en Gaza - 2026","description":"En un gesto cargado de simbolismo y estrategia pol\u00edtica, el primer ministro israel\u00ed, Benjam\u00edn Netanyahu, nomin\u00f3 oficialmente al...","robots":{"index":"index","follow":"follow","max-snippet":"max-snippet:-1","max-image-preview":"max-image-preview:large","max-video-preview":"max-video-preview:-1"},"canonical":"https:\/\/webdelmaestrocmf.com\/portal\/netanyahu-nomina-a-trump-al-nobel-de-la-paz-en-medio-de-una-ofensiva-diplomatica-y-militar-en-gaza\/","og_locale":"es_ES","og_type":"article","og_title":"Netanyahu nomina a Trump al Nobel de la Paz en medio de una ofensiva diplom\u00e1tica y militar en Gaza - 2026","og_description":"En un gesto cargado de simbolismo y estrategia pol\u00edtica, el primer ministro israel\u00ed, Benjam\u00edn Netanyahu, nomin\u00f3 oficialmente al...","og_url":"https:\/\/webdelmaestrocmf.com\/portal\/netanyahu-nomina-a-trump-al-nobel-de-la-paz-en-medio-de-una-ofensiva-diplomatica-y-militar-en-gaza\/","og_site_name":"Web del Maestro CMF","article_publisher":"https:\/\/www.facebook.com\/WebdelMaestroCMF\/","article_author":"https:\/\/www.facebook.com\/WebdelMaestroCMF\/","article_published_time":"2025-07-09T16:46:28+00:00","article_modified_time":"2025-07-09T16:46:30+00:00","og_image":[{"width":1003,"height":667,"url":"https:\/\/webdelmaestrocmf.com\/portal\/wp-content\/uploads\/2025\/07\/1A-Banner-1-portada-imagen-10-1-copia-59.jpg","type":"image\/jpeg"}],"author":"Web del Maestro CMF","twitter_card":"summary_large_image","twitter_creator":"@cmf_w","twitter_site":"@cmf_w","twitter_misc":{"Escrito por":"Web del Maestro CMF","Tiempo de lectura":"5 minutos"},"schema":{"@context":"https:\/\/schema.org","@graph":[{"@type":"ScholarlyArticle","@id":"https:\/\/webdelmaestrocmf.com\/portal\/netanyahu-nomina-a-trump-al-nobel-de-la-paz-en-medio-de-una-ofensiva-diplomatica-y-militar-en-gaza\/#article","isPartOf":{"@id":"https:\/\/webdelmaestrocmf.com\/portal\/netanyahu-nomina-a-trump-al-nobel-de-la-paz-en-medio-de-una-ofensiva-diplomatica-y-militar-en-gaza\/"},"author":{"name":"Web del Maestro CMF","@id":"https:\/\/webdelmaestrocmf.com\/portal\/#\/schema\/person\/1072a2ed7bd960df8ef99a551fa35dc5"},"headline":"Netanyahu nomina a Trump al Nobel de la Paz en medio de una ofensiva diplom\u00e1tica y militar en Gaza","datePublished":"2025-07-09T16:46:28+00:00","dateModified":"2025-07-09T16:46:30+00:00","mainEntityOfPage":{"@id":"https:\/\/webdelmaestrocmf.com\/portal\/netanyahu-nomina-a-trump-al-nobel-de-la-paz-en-medio-de-una-ofensiva-diplomatica-y-militar-en-gaza\/"},"wordCount":954,"commentCount":74,"publisher":{"@id":"https:\/\/webdelmaestrocmf.com\/portal\/#organization"},"image":{"@id":"https:\/\/webdelmaestrocmf.com\/portal\/netanyahu-nomina-a-trump-al-nobel-de-la-paz-en-medio-de-una-ofensiva-diplomatica-y-militar-en-gaza\/#primaryimage"},"thumbnailUrl":"https:\/\/webdelmaestrocmf.com\/portal\/wp-content\/uploads\/2025\/07\/1A-Banner-1-portada-imagen-10-1-copia-59.jpg","keywords":["Netanyahu","Nobel de la Paz"],"articleSection":["Noticias Internacionales"],"inLanguage":"es","potentialAction":[{"@type":"CommentAction","name":"Comment","target":["https:\/\/webdelmaestrocmf.com\/portal\/netanyahu-nomina-a-trump-al-nobel-de-la-paz-en-medio-de-una-ofensiva-diplomatica-y-militar-en-gaza\/#respond"]}]},{"@type":"WebPage","@id":"https:\/\/webdelmaestrocmf.com\/portal\/netanyahu-nomina-a-trump-al-nobel-de-la-paz-en-medio-de-una-ofensiva-diplomatica-y-militar-en-gaza\/","url":"https:\/\/webdelmaestrocmf.com\/portal\/netanyahu-nomina-a-trump-al-nobel-de-la-paz-en-medio-de-una-ofensiva-diplomatica-y-militar-en-gaza\/","name":"Netanyahu nomina a Trump al Nobel de la Paz en medio de una ofensiva diplom\u00e1tica y militar en Gaza - 2026","isPartOf":{"@id":"https:\/\/webdelmaestrocmf.com\/portal\/#website"},"primaryImageOfPage":{"@id":"https:\/\/webdelmaestrocmf.com\/portal\/netanyahu-nomina-a-trump-al-nobel-de-la-paz-en-medio-de-una-ofensiva-diplomatica-y-militar-en-gaza\/#primaryimage"},"image":{"@id":"https:\/\/webdelmaestrocmf.com\/portal\/netanyahu-nomina-a-trump-al-nobel-de-la-paz-en-medio-de-una-ofensiva-diplomatica-y-militar-en-gaza\/#primaryimage"},"thumbnailUrl":"https:\/\/webdelmaestrocmf.com\/portal\/wp-content\/uploads\/2025\/07\/1A-Banner-1-portada-imagen-10-1-copia-59.jpg","datePublished":"2025-07-09T16:46:28+00:00","dateModified":"2025-07-09T16:46:30+00:00","description":"En un gesto cargado de simbolismo y estrategia pol\u00edtica, el primer ministro israel\u00ed, Benjam\u00edn Netanyahu, nomin\u00f3 oficialmente al...","breadcrumb":{"@id":"https:\/\/webdelmaestrocmf.com\/portal\/netanyahu-nomina-a-trump-al-nobel-de-la-paz-en-medio-de-una-ofensiva-diplomatica-y-militar-en-gaza\/#breadcrumb"},"inLanguage":"es","potentialAction":[{"@type":"ReadAction","target":["https:\/\/webdelmaestrocmf.com\/portal\/netanyahu-nomina-a-trump-al-nobel-de-la-paz-en-medio-de-una-ofensiva-diplomatica-y-militar-en-gaza\/"]}]},{"@type":"ImageObject","inLanguage":"es","@id":"https:\/\/webdelmaestrocmf.com\/portal\/netanyahu-nomina-a-trump-al-nobel-de-la-paz-en-medio-de-una-ofensiva-diplomatica-y-militar-en-gaza\/#primaryimage","url":"https:\/\/webdelmaestrocmf.com\/portal\/wp-content\/uploads\/2025\/07\/1A-Banner-1-portada-imagen-10-1-copia-59.jpg","contentUrl":"https:\/\/webdelmaestrocmf.com\/portal\/wp-content\/uploads\/2025\/07\/1A-Banner-1-portada-imagen-10-1-copia-59.jpg","width":1003,"height":667},{"@type":"BreadcrumbList","@id":"https:\/\/webdelmaestrocmf.com\/portal\/netanyahu-nomina-a-trump-al-nobel-de-la-paz-en-medio-de-una-ofensiva-diplomatica-y-militar-en-gaza\/#breadcrumb","itemListElement":[{"@type":"ListItem","position":1,"name":"Portada","item":"https:\/\/webdelmaestrocmf.com\/portal\/"},{"@type":"ListItem","position":2,"name":"Noticias Internacionales","item":"https:\/\/webdelmaestrocmf.com\/portal\/category\/noticias-internacionales\/"},{"@type":"ListItem","position":3,"name":"Netanyahu nomina a Trump al Nobel de la Paz en medio de una ofensiva diplom\u00e1tica y militar en Gaza"}]},{"@type":"WebSite","@id":"https:\/\/webdelmaestrocmf.com\/portal\/#website","url":"https:\/\/webdelmaestrocmf.com\/portal\/","name":"Web del Maestro CMF","description":"Maestros al servicio de la educaci\u00f3n","publisher":{"@id":"https:\/\/webdelmaestrocmf.com\/portal\/#organization"},"alternateName":"WMCMF","potentialAction":[{"@type":"SearchAction","target":{"@type":"EntryPoint","urlTemplate":"https:\/\/webdelmaestrocmf.com\/portal\/?s={search_term_string}"},"query-input":{"@type":"PropertyValueSpecification","valueRequired":true,"valueName":"search_term_string"}}],"inLanguage":"es"},{"@type":"Organization","@id":"https:\/\/webdelmaestrocmf.com\/portal\/#organization","name":"Web del Maestro CMF","alternateName":"WMCMF","url":"https:\/\/webdelmaestrocmf.com\/portal\/","logo":{"@type":"ImageObject","inLanguage":"es","@id":"https:\/\/webdelmaestrocmf.com\/portal\/#\/schema\/logo\/image\/","url":"https:\/\/webdelmaestrocmf.com\/portal\/wp-content\/uploads\/2023\/01\/logo-wmcmf-2.png","contentUrl":"https:\/\/webdelmaestrocmf.com\/portal\/wp-content\/uploads\/2023\/01\/logo-wmcmf-2.png","width":200,"height":60,"caption":"Web del Maestro CMF"},"image":{"@id":"https:\/\/webdelmaestrocmf.com\/portal\/#\/schema\/logo\/image\/"},"sameAs":["https:\/\/www.facebook.com\/WebdelMaestroCMF\/","https:\/\/x.com\/cmf_w","https:\/\/www.pinterest.com\/WMCMF\/","https:\/\/www.linkedin.com\/company\/web-del-maestro-cmf\/","https:\/\/www.instagram.com\/wmcmf\/","https:\/\/www.youtube.com\/channel\/UCDPSvjbdodE5sHnC3OxutHw","https:\/\/mastodon.social\/@wmcmf","https:\/\/www.tiktok.com\/@webdelmaestrocmf"]},{"@type":"Person","@id":"https:\/\/webdelmaestrocmf.com\/portal\/#\/schema\/person\/1072a2ed7bd960df8ef99a551fa35dc5","name":"Web del Maestro CMF","image":{"@type":"ImageObject","inLanguage":"es","@id":"https:\/\/secure.gravatar.com\/avatar\/23291dd5b5ae1077dcff3dbb04c3e02bd28403fa75af6d8787d5e97c5bbbe30b?s=96&d=mm&r=g","url":"https:\/\/secure.gravatar.com\/avatar\/23291dd5b5ae1077dcff3dbb04c3e02bd28403fa75af6d8787d5e97c5bbbe30b?s=96&d=mm&r=g","contentUrl":"https:\/\/secure.gravatar.com\/avatar\/23291dd5b5ae1077dcff3dbb04c3e02bd28403fa75af6d8787d5e97c5bbbe30b?s=96&d=mm&r=g","caption":"Web del Maestro CMF"},"description":"Esta Web se cre\u00f3 sin fines de lucro, con fines educativos, cient\u00edficos y acad\u00e9micos, para personas que tengan dificultades y\/o inconvenientes en visualizar el material original. El objetivo es entregar recursos, compartir experiencias y materiales que ayuden a los padres de familia, maestros y estudiantes en su actualizaci\u00f3n y formaci\u00f3n permanente, en bien de la Educaci\u00f3n.","sameAs":["http:\/\/webdelmaestrocmf.com\/portal","https:\/\/www.facebook.com\/WebdelMaestroCMF\/","https:\/\/www.instagram.com\/wmcmf\/","https:\/\/cl.linkedin.com\/company\/web-del-maestro-cmf","https:\/\/www.pinterest.com\/WMCMF\/publicaciones\/","https:\/\/x.com\/cmf_w","https:\/\/www.youtube.com\/@WMCMF"]}]}},"jetpack_featured_media_url":"https:\/\/webdelmaestrocmf.com\/portal\/wp-content\/uploads\/2025\/07\/1A-Banner-1-portada-imagen-10-1-copia-59.jpg","jetpack_sharing_enabled":true,"jetpack-related-posts":[{"id":112529,"url":"https:\/\/webdelmaestrocmf.com\/portal\/donald-trump-y-el-premio-nobel-de-la-paz-entre-la-ambicion-y-la-controversia\/","url_meta":{"origin":111043,"position":0},"title":"Donald Trump y el Premio Nobel de la Paz: entre la ambici\u00f3n y la controversia","author":"Web del Maestro CMF","date":"9 octubre, 2025","format":false,"excerpt":"Donald Trump aspira al Nobel de la Paz alegando haber terminado siete guerras, pero los expertos dudan de su verdadero aporte a la paz mundial.","rel":"","context":"En \u00abNoticias Internacionales\u00bb","block_context":{"text":"Noticias Internacionales","link":"https:\/\/webdelmaestrocmf.com\/portal\/category\/noticias-internacionales\/"},"img":{"alt_text":"","src":"https:\/\/i0.wp.com\/webdelmaestrocmf.com\/portal\/wp-content\/uploads\/2025\/10\/1A-Banner-1-portada-imagen-10-1-copia-1-2.jpg?resize=350%2C200&ssl=1","width":350,"height":200,"srcset":"https:\/\/i0.wp.com\/webdelmaestrocmf.com\/portal\/wp-content\/uploads\/2025\/10\/1A-Banner-1-portada-imagen-10-1-copia-1-2.jpg?resize=350%2C200&ssl=1 1x, https:\/\/i0.wp.com\/webdelmaestrocmf.com\/portal\/wp-content\/uploads\/2025\/10\/1A-Banner-1-portada-imagen-10-1-copia-1-2.jpg?resize=525%2C300&ssl=1 1.5x, https:\/\/i0.wp.com\/webdelmaestrocmf.com\/portal\/wp-content\/uploads\/2025\/10\/1A-Banner-1-portada-imagen-10-1-copia-1-2.jpg?resize=700%2C400&ssl=1 2x"},"classes":[]},{"id":110394,"url":"https:\/\/webdelmaestrocmf.com\/portal\/donald-trump-estalla-contra-israel-e-iran-tras-la-ruptura-del-alto-el-fuego-no-tienen-ni-puta-idea-de-lo-que-estan-haciendo\/","url_meta":{"origin":111043,"position":1},"title":"Donald Trump estalla contra Israel e Ir\u00e1n tras la ruptura del alto el fuego: \u201cNo tienen ni puta idea de lo que est\u00e1n haciendo\u201d","author":"Web del Maestro CMF","date":"24 junio, 2025","format":false,"excerpt":"El presidente de Estados Unidos, Donald Trump, protagoniz\u00f3 este martes una encendida reacci\u00f3n p\u00fablica tras la ruptura del alto el fuego que \u00e9l mismo hab\u00eda anunciado entre Israel e Ir\u00e1n. En una intervenci\u00f3n marcada por un tono inusualmente directo y agresivo, el mandatario republicano arremeti\u00f3 contra ambos pa\u00edses, acus\u00e1ndolos de\u2026","rel":"","context":"En \u00abNoticias Internacionales\u00bb","block_context":{"text":"Noticias Internacionales","link":"https:\/\/webdelmaestrocmf.com\/portal\/category\/noticias-internacionales\/"},"img":{"alt_text":"","src":"https:\/\/i0.wp.com\/webdelmaestrocmf.com\/portal\/wp-content\/uploads\/2025\/06\/1A-Banner-1-portada-imagen-10-1-copia-9-1.jpg?resize=350%2C200&ssl=1","width":350,"height":200,"srcset":"https:\/\/i0.wp.com\/webdelmaestrocmf.com\/portal\/wp-content\/uploads\/2025\/06\/1A-Banner-1-portada-imagen-10-1-copia-9-1.jpg?resize=350%2C200&ssl=1 1x, https:\/\/i0.wp.com\/webdelmaestrocmf.com\/portal\/wp-content\/uploads\/2025\/06\/1A-Banner-1-portada-imagen-10-1-copia-9-1.jpg?resize=525%2C300&ssl=1 1.5x, https:\/\/i0.wp.com\/webdelmaestrocmf.com\/portal\/wp-content\/uploads\/2025\/06\/1A-Banner-1-portada-imagen-10-1-copia-9-1.jpg?resize=700%2C400&ssl=1 2x"},"classes":[]},{"id":110431,"url":"https:\/\/webdelmaestrocmf.com\/portal\/postulan-a-donald-trump-al-premio-nobel-de-la-paz-tras-su-rol-en-el-alto-al-fuego-entre-israel-e-iran\/","url_meta":{"origin":111043,"position":2},"title":"Postulan a Donald Trump al Premio Nobel de la Paz tras su rol en el alto al fuego entre Israel e Ir\u00e1n","author":"Web del Maestro CMF","date":"25 junio, 2025","format":false,"excerpt":"Postulan a presidente de EEUU tras cese al fuego entre Ir\u00e1n e Israel","rel":"","context":"En \u00abNoticias Internacionales\u00bb","block_context":{"text":"Noticias Internacionales","link":"https:\/\/webdelmaestrocmf.com\/portal\/category\/noticias-internacionales\/"},"img":{"alt_text":"","src":"https:\/\/i0.wp.com\/webdelmaestrocmf.com\/portal\/wp-content\/uploads\/2025\/06\/1A-Banner-1-portada-imagen-10-1-copia-10-1.jpg?resize=350%2C200&ssl=1","width":350,"height":200,"srcset":"https:\/\/i0.wp.com\/webdelmaestrocmf.com\/portal\/wp-content\/uploads\/2025\/06\/1A-Banner-1-portada-imagen-10-1-copia-10-1.jpg?resize=350%2C200&ssl=1 1x, https:\/\/i0.wp.com\/webdelmaestrocmf.com\/portal\/wp-content\/uploads\/2025\/06\/1A-Banner-1-portada-imagen-10-1-copia-10-1.jpg?resize=525%2C300&ssl=1 1.5x, https:\/\/i0.wp.com\/webdelmaestrocmf.com\/portal\/wp-content\/uploads\/2025\/06\/1A-Banner-1-portada-imagen-10-1-copia-10-1.jpg?resize=700%2C400&ssl=1 2x"},"classes":[]},{"id":110049,"url":"https:\/\/webdelmaestrocmf.com\/portal\/trump-rechaza-aclarar-sus-intenciones-sobre-iran-podria-atacar-o-podria-no-hacerlo\/","url_meta":{"origin":111043,"position":3},"title":"Trump rechaza aclarar sus intenciones sobre Ir\u00e1n: \u201cPodr\u00eda atacar o podr\u00eda no hacerlo\u201d","author":"Web del Maestro CMF","date":"18 junio, 2025","format":false,"excerpt":"El presidente de Estados Unidos dice que es \u201cmuy tarde\u201d, pero que nunca es \u201cdemasiado tarde\u201d para negociar","rel":"","context":"En \u00abNoticias Internacionales\u00bb","block_context":{"text":"Noticias Internacionales","link":"https:\/\/webdelmaestrocmf.com\/portal\/category\/noticias-internacionales\/"},"img":{"alt_text":"","src":"https:\/\/i0.wp.com\/webdelmaestrocmf.com\/portal\/wp-content\/uploads\/2025\/06\/1A-Banner-1-portada-imagen-10-1-copia-4.jpg?resize=350%2C200&ssl=1","width":350,"height":200,"srcset":"https:\/\/i0.wp.com\/webdelmaestrocmf.com\/portal\/wp-content\/uploads\/2025\/06\/1A-Banner-1-portada-imagen-10-1-copia-4.jpg?resize=350%2C200&ssl=1 1x, https:\/\/i0.wp.com\/webdelmaestrocmf.com\/portal\/wp-content\/uploads\/2025\/06\/1A-Banner-1-portada-imagen-10-1-copia-4.jpg?resize=525%2C300&ssl=1 1.5x, https:\/\/i0.wp.com\/webdelmaestrocmf.com\/portal\/wp-content\/uploads\/2025\/06\/1A-Banner-1-portada-imagen-10-1-copia-4.jpg?resize=700%2C400&ssl=1 2x"},"classes":[]},{"id":111783,"url":"https:\/\/webdelmaestrocmf.com\/portal\/netanyahu-confirma-plan-para-ocupar-toda-gaza-pese-a-criticas-internas-y-humanitarias\/","url_meta":{"origin":111043,"position":4},"title":"Netanyahu confirma plan para ocupar toda Gaza pese a cr\u00edticas internas y humanitarias","author":"Web del Maestro CMF","date":"7 agosto, 2025","format":false,"excerpt":"Netanyahu confirma que Israel ocupar\u00e1 toda Gaza, pese a cr\u00edticas internas y alertas humanitarias por el grave riesgo civil.","rel":"","context":"En \u00abNoticias Internacionales\u00bb","block_context":{"text":"Noticias Internacionales","link":"https:\/\/webdelmaestrocmf.com\/portal\/category\/noticias-internacionales\/"},"img":{"alt_text":"","src":"https:\/\/i0.wp.com\/webdelmaestrocmf.com\/portal\/wp-content\/uploads\/2025\/08\/1A-Banner-1-portada-imagen-10-1-copia-4-1.webp?resize=350%2C200&ssl=1","width":350,"height":200,"srcset":"https:\/\/i0.wp.com\/webdelmaestrocmf.com\/portal\/wp-content\/uploads\/2025\/08\/1A-Banner-1-portada-imagen-10-1-copia-4-1.webp?resize=350%2C200&ssl=1 1x, https:\/\/i0.wp.com\/webdelmaestrocmf.com\/portal\/wp-content\/uploads\/2025\/08\/1A-Banner-1-portada-imagen-10-1-copia-4-1.webp?resize=525%2C300&ssl=1 1.5x, https:\/\/i0.wp.com\/webdelmaestrocmf.com\/portal\/wp-content\/uploads\/2025\/08\/1A-Banner-1-portada-imagen-10-1-copia-4-1.webp?resize=700%2C400&ssl=1 2x"},"classes":[]},{"id":112162,"url":"https:\/\/webdelmaestrocmf.com\/portal\/una-ofensiva-que-profundiza-la-devastacion-en-gaza-israel-inicia-la-ofensiva-terrestre-para-tomar-ciudad-de-gaza\/","url_meta":{"origin":111043,"position":5},"title":"Una ofensiva que profundiza la devastaci\u00f3n en Gaza: Israel inicia la ofensiva terrestre para tomar Ciudad de Gaza","author":"Web del Maestro CMF","date":"16 septiembre, 2025","format":false,"excerpt":"Las tropas avanzan hacia el centro de la capital, como prometi\u00f3 Netanyahu, mientras el ministro de Defensa celebra: \u201cGaza arde\u201d","rel":"","context":"En \u00abNoticias Internacionales\u00bb","block_context":{"text":"Noticias Internacionales","link":"https:\/\/webdelmaestrocmf.com\/portal\/category\/noticias-internacionales\/"},"img":{"alt_text":"","src":"https:\/\/i0.wp.com\/webdelmaestrocmf.com\/portal\/wp-content\/uploads\/2025\/09\/1A-Banner-1-portada-imagen-10-1-copia-2025-09-16T111257.224.webp?resize=350%2C200&ssl=1","width":350,"height":200,"srcset":"https:\/\/i0.wp.com\/webdelmaestrocmf.com\/portal\/wp-content\/uploads\/2025\/09\/1A-Banner-1-portada-imagen-10-1-copia-2025-09-16T111257.224.webp?resize=350%2C200&ssl=1 1x, https:\/\/i0.wp.com\/webdelmaestrocmf.com\/portal\/wp-content\/uploads\/2025\/09\/1A-Banner-1-portada-imagen-10-1-copia-2025-09-16T111257.224.webp?resize=525%2C300&ssl=1 1.5x, https:\/\/i0.wp.com\/webdelmaestrocmf.com\/portal\/wp-content\/uploads\/2025\/09\/1A-Banner-1-portada-imagen-10-1-copia-2025-09-16T111257.224.webp?resize=700%2C400&ssl=1 2x"},"classes":[]}],"_links":{"self":[{"href":"https:\/\/webdelmaestrocmf.com\/portal\/wp-json\/wp\/v2\/posts\/111043","targetHints":{"allow":["GET"]}}],"collection":[{"href":"https:\/\/webdelmaestrocmf.com\/portal\/wp-json\/wp\/v2\/posts"}],"about":[{"href":"https:\/\/webdelmaestrocmf.com\/portal\/wp-json\/wp\/v2\/types\/post"}],"author":[{"embeddable":true,"href":"https:\/\/webdelmaestrocmf.com\/portal\/wp-json\/wp\/v2\/users\/1"}],"replies":[{"embeddable":true,"href":"https:\/\/webdelmaestrocmf.com\/portal\/wp-json\/wp\/v2\/comments?post=111043"}],"version-history":[{"count":1,"href":"https:\/\/webdelmaestrocmf.com\/portal\/wp-json\/wp\/v2\/posts\/111043\/revisions"}],"predecessor-version":[{"id":111047,"href":"https:\/\/webdelmaestrocmf.com\/portal\/wp-json\/wp\/v2\/posts\/111043\/revisions\/111047"}],"wp:featuredmedia":[{"embeddable":true,"href":"https:\/\/webdelmaestrocmf.com\/portal\/wp-json\/wp\/v2\/media\/111045"}],"wp:attachment":[{"href":"https:\/\/webdelmaestrocmf.com\/portal\/wp-json\/wp\/v2\/media?parent=111043"}],"wp:term":[{"taxonomy":"category","embeddable":true,"href":"https:\/\/webdelmaestrocmf.com\/portal\/wp-json\/wp\/v2\/categories?post=111043"},{"taxonomy":"post_tag","embeddable":true,"href":"https:\/\/webdelmaestrocmf.com\/portal\/wp-json\/wp\/v2\/tags?post=111043"}],"curies":[{"name":"wp","href":"https:\/\/api.w.org\/{rel}","templated":true}]}}