{"id":111037,"date":"2025-07-09T09:48:27","date_gmt":"2025-07-09T13:48:27","guid":{"rendered":"https:\/\/webdelmaestrocmf.com\/portal\/?p=111037"},"modified":"2025-07-09T09:48:30","modified_gmt":"2025-07-09T13:48:30","slug":"docente-universitario-es-hallado-sin-vida-fiscalia-confirma-que-fue-asesinado-y-un-alumno-esta-detenido","status":"publish","type":"post","link":"https:\/\/webdelmaestrocmf.com\/portal\/docente-universitario-es-hallado-sin-vida-fiscalia-confirma-que-fue-asesinado-y-un-alumno-esta-detenido\/","title":{"rendered":"Docente universitario es hallado sin vida: Fiscal\u00eda confirma que fue asesinado y un alumno est\u00e1 detenido"},"content":{"rendered":"\n<p><strong>Tlaxcala, 9 de julio de 2025<\/strong> \u2014 El gremio educativo en M\u00e9xico est\u00e1 de luto. La Fiscal\u00eda General de Justicia del Estado de Tlaxcala confirm\u00f3 este martes el hallazgo del cuerpo sin vida del profesor universitario <strong>Jos\u00e9 Manuel L\u00f3pez Ju\u00e1rez<\/strong>, desaparecido desde el pasado viernes 4 de julio. El cad\u00e1ver fue localizado en una barranca de la comunidad de San Isidro Buensuceso, en el municipio de San Pablo del Monte.<\/p>\n\n\n\n<iframe loading=\"lazy\" width=\"100%\" height=\"315\" src=\"https:\/\/www.youtube.com\/embed\/86SsZ5bHSF4?si=JeN5fIS2pe46bGnC\" title=\"YouTube video player\" frameborder=\"0\" allow=\"accelerometer; autoplay; clipboard-write; encrypted-media; gyroscope; picture-in-picture; web-share\" referrerpolicy=\"strict-origin-when-cross-origin\" allowfullscreen><\/iframe>\n\n\n\n<p>Seg\u00fan los primeros informes, el cuerpo presentaba m\u00faltiples golpes contusos en la cabeza y el rostro, lo que indica que fue v\u00edctima de un <strong>homicidio doloso<\/strong>. Las autoridades informaron que un <strong>alumno del profesor ha sido detenido<\/strong> como presunto responsable, aunque la identidad del implicado no ha sido revelada oficialmente.<\/p>\n\n\n\n<h2 class=\"wp-block-heading\"><strong>Un crimen que sacude al magisterio<\/strong><\/h2>\n\n\n\n<p>Jos\u00e9 Manuel L\u00f3pez Ju\u00e1rez ten\u00eda <strong>37 a\u00f1os<\/strong> y trabajaba como docente en la <strong>Universidad Tecnol\u00f3gica de Tlaxcala (UTT)<\/strong> y en el subsistema de educaci\u00f3n media superior <strong>CESIT-EMSaD<\/strong>. Fue visto por \u00faltima vez a bordo de un veh\u00edculo Kia en la capital tlaxcalteca; posteriormente, el autom\u00f3vil fue localizado en Atlixco, Puebla. Su desaparici\u00f3n gener\u00f3 una intensa b\u00fasqueda durante cuatro d\u00edas hasta que el lunes 7 de julio fue hallado sin vida.<\/p>\n\n\n\n<p>El sitio del hallazgo fue resguardado por elementos de la Guardia Nacional, mientras peritos de la Fiscal\u00eda realizaron las diligencias correspondientes. Se abri\u00f3 la carpeta de investigaci\u00f3n <strong>FEDNL\/100\/2025<\/strong> a trav\u00e9s de la Fiscal\u00eda Especializada en Personas Desaparecidas y No Localizadas.<\/p>\n\n\n\n<h2 class=\"wp-block-heading\"><strong>Reacciones: dolor, indignaci\u00f3n y exigencia de justicia<\/strong><\/h2>\n\n\n\n<p>La confirmaci\u00f3n del fallecimiento ha generado una ola de <strong>consternaci\u00f3n<\/strong> entre colegas, estudiantes y familiares, quienes han exigido justicia desde redes sociales y espacios institucionales. Bajo el hashtag <strong>#ExigimosJusticiaParaJosma<\/strong>, nombre con el que era conocido entre su comunidad educativa, se han difundido mensajes que responsabilizan al gobierno estatal por la falta de seguridad.<\/p>\n\n\n\n<blockquote class=\"wp-block-quote is-layout-flow wp-block-quote-is-layout-flow\">\n<p class=\"has-text-align-center\">\u201cGobernadora Lorena Cu\u00e9llar, su administraci\u00f3n estar\u00e1 marcada por el aumento de la violencia. No m\u00e1s maquillaje, aqu\u00ed no aplican los \u2018otros datos\u2019\u201d, se lee en una de las publicaciones compartidas en la red social X (antes Twitter).<\/p>\n<\/blockquote>\n\n\n\n<p>Otras publicaciones denuncian que ser maestro en Tlaxcala se ha vuelto un riesgo. \u201c<strong>Su crimen fue ser maestro. Su castigo, la muerte. Nuestro grito: justicia<\/strong>\u201d, escribieron junto a im\u00e1genes del profesor en actividades acad\u00e9micas.<\/p>\n\n\n\n<h2 class=\"wp-block-heading\"><strong>Solidaridad institucional y reclamos al sindicato<\/strong><\/h2>\n\n\n\n<p>El Sindicato Nacional de Trabajadores de la Educaci\u00f3n (SNTE), a trav\u00e9s de su Secci\u00f3n 31 en Tlaxcala, public\u00f3 un mensaje lamentando la p\u00e9rdida:<\/p>\n\n\n\n<blockquote class=\"wp-block-quote is-layout-flow wp-block-quote-is-layout-flow\">\n<p class=\"has-text-align-center\">\u201cDesde la Secci\u00f3n 31 lamentamos profundamente la partida del maestro Jos\u00e9 Manuel L\u00f3pez Ju\u00e1rez. Nos sumimos al dolor de su familia, de la comunidad educativa y de todo el magisterio. Pedimos verdad, justicia y paz.\u201d<\/p>\n<\/blockquote>\n\n\n\n<p>Sin embargo, tambi\u00e9n hubo cr\u00edticas hacia la falta de acciones m\u00e1s firmes por parte del gremio. Diversos docentes se\u00f1alaron que el sindicato debe <strong>ir m\u00e1s all\u00e1 de las condolencias<\/strong> y exigir reformas que fortalezcan la seguridad del personal educativo.<\/p>\n\n\n\n<h2 class=\"wp-block-heading\"><strong>El docente como blanco de violencia y abandono institucional<\/strong><\/h2>\n\n\n\n<p>El asesinato de Jos\u00e9 Manuel ha reactivado un debate que viene creciendo en el pa\u00eds: la <strong>normalizaci\u00f3n de la violencia contra el magisterio<\/strong>. El respeto que en d\u00e9cadas pasadas caracterizaba la figura del maestro se ha debilitado dr\u00e1sticamente, en un contexto donde muchos docentes son se\u00f1alados, agredidos o criminalizados por padres o alumnos por desacuerdos acad\u00e9micos.<\/p>\n\n\n\n<blockquote class=\"wp-block-quote is-layout-flow wp-block-quote-is-layout-flow\">\n<p class=\"has-text-align-center\">\u201cYa no tenemos respaldo de las autoridades ni del sindicato. El docente ha pasado de ser una figura de respeto a ser visto como enemigo\u201d, denunci\u00f3 un maestro en un video difundido tras la noticia.<\/p>\n<\/blockquote>\n\n\n\n<p>En su mensaje, el docente se\u00f1al\u00f3 que los conflictos dentro del aula \u2014como una simple calificaci\u00f3n\u2014 pueden desencadenar agresiones. \u201cPor un ocho en lugar de un nueve, los alumnos se molestan, y los padres ya no nos respaldan. \u00bfQu\u00e9 apoyo tenemos cuando ni siquiera las autoridades de la Secretar\u00eda de Educaci\u00f3n ni los diputados legislan para protegernos?\u201d, cuestion\u00f3.<\/p>\n\n\n\n<h2 class=\"wp-block-heading\"><strong>Una comunidad herida, una exigencia pendiente<\/strong><\/h2>\n\n\n\n<p>Las instituciones educativas donde laboraba el profesor han quedado marcadas por la p\u00e9rdida. Sus colegas le rindieron homenaje con mensajes que subrayan su legado:<\/p>\n\n\n\n<blockquote class=\"wp-block-quote is-layout-flow wp-block-quote-is-layout-flow\">\n<p class=\"has-text-align-center\">\u201cJosma solo sembraba educaci\u00f3n. Su recuerdo vivir\u00e1 en la memoria de todos sus compa\u00f1eros, amigos y familiares\u201d, expres\u00f3 uno de los comunicados difundidos por cuentas oficiales.<\/p>\n<\/blockquote>\n\n\n\n<p>En tanto, la Fiscal\u00eda anunci\u00f3 que contin\u00faa con la recolecci\u00f3n de pruebas y que se prev\u00e9 que el caso sea judicializado en las pr\u00f3ximas horas para determinar la situaci\u00f3n legal del detenido.<\/p>\n\n\n\n<h2 class=\"wp-block-heading\"><strong>\u201cHoy fue Josma, ma\u00f1ana podr\u00edamos ser nosotros\u201d<\/strong><\/h2>\n\n\n\n<p>La tragedia ha dejado al descubierto una <strong>fractura profunda en el sistema educativo<\/strong>: no s\u00f3lo la inseguridad externa, sino la ausencia de mecanismos reales de protecci\u00f3n para los docentes. En las redes, compa\u00f1eros de Jos\u00e9 Manuel advierten:<\/p>\n\n\n\n<blockquote class=\"wp-block-quote is-layout-flow wp-block-quote-is-layout-flow\">\n<p class=\"has-text-align-center\">\u201cHoy fue Josma, ma\u00f1ana podr\u00edamos ser nosotros. El duelo debe convertirse en acci\u00f3n. Tlaxcala necesita garant\u00edas reales para sus maestros.\u201d<\/p>\n<\/blockquote>\n\n\n\n<p>M\u00e1s all\u00e1 del duelo, el magisterio tlaxcalteca \u2014y nacional\u2014 enfrenta un desaf\u00edo urgente: <strong>replantear el rol del docente en la sociedad<\/strong>, recuperar el respeto perdido, y exigir un entorno donde educar no sea una sentencia de riesgo.<\/p>\n\n\n\n<p class=\"has-text-align-right\"><strong>Redacci\u00f3n | Web del Maestro CMF<\/strong><\/p>\n\n\n\t\t<div class=\"pk-inline-posts\">\n\t\t\t\n\t\t\t<div class=\"pk-inline-posts-container pk-inline-posts-template-list\"\n\t\t\t\tdata-columns=\"1\">\n\t\t\t\t\t\t<article id=\"post-118385\" class=\"post-118385 post type-post status-publish format-standard has-post-thumbnail category-noticias-internacionales tag-accidente-escolar tag-comunidad-escolar tag-cuidado-infantil tag-derechos-del-nino tag-educacion-segura tag-gestion-educativa-3 tag-prevencion-riesgos tag-responsabilidad-educativa tag-seguridad-escolar tag-supervision-docente cs-entry cs-video-wrap\">\n\t\t\t<div class=\"pk-post-outer\">\n\n\t\t\t\t\t\t\t\t<div class=\"pk-post-inner\">\n\t\t\t\t\t<div class=\"entry-thumbnail\">\n\t\t\t\t\t\t<div class=\"pk-overlay pk-overlay-ratio pk-ratio-landscape\">\n\t\t\t\t\t\t\t<div class=\"pk-overlay-background\">\n\t\t\t\t\t\t\t\t<a href=\"https:\/\/webdelmaestrocmf.com\/portal\/nina-fallece-tras-presunto-tropiezo-en-escuela-pero-su-padre-desmiente-la-version-me-encontre-a-mi-hija-toda-ensangrentada\/\" class=\"pk-overlay-link\">\n\t\t\t\t\t\t\t\t\t<img loading=\"lazy\" decoding=\"async\" width=\"300\" height=\"225\" src=\"https:\/\/webdelmaestrocmf.com\/portal\/wp-content\/uploads\/2026\/04\/1AA-Banner-1-portada-imagen-10-1-copia-4-3-300x225.webp\" class=\"attachment-pk-thumbnail size-pk-thumbnail wp-post-image\" alt=\"\" \/>\t\t\t\t\t\t\t\t<\/a>\n\t\t\t\t\t\t\t<\/div>\n\t\t\t\t\t\t<\/div>\n\t\t\t\t\t<\/div>\n\t\t\t\t<\/div>\n\t\t\t\t\n\t\t\t\t<div class=\"pk-post-inner\">\n\t\t\t\t\t<header>\n\t\t\t\t\t\t<h3 class=\"pk-title\"><a href=\"https:\/\/webdelmaestrocmf.com\/portal\/nina-fallece-tras-presunto-tropiezo-en-escuela-pero-su-padre-desmiente-la-version-me-encontre-a-mi-hija-toda-ensangrentada\/\" rel=\"bookmark\">Ni\u00f1a fallece tras presunto tropiezo en escuela, pero su padre desmiente la versi\u00f3n: \u201cMe encontr\u00e9 a mi hija toda ensangrentada\u201d<\/a><\/h3>\t\t\t\t\t<\/header><!-- .entry-header -->\n\t\t\t\t<\/div><!-- .post-inner -->\n\n\t\t\t<\/div><!-- .post-outer -->\n\t\t<\/article>\n\t\t\t<article id=\"post-118342\" class=\"post-118342 post type-post status-publish format-standard has-post-thumbnail category-noticias-internacionales tag-alfabetizacion tag-aprendizaje tag-comprension-lectora tag-docentes tag-educacion tag-escuela tag-innovacion-educativa tag-lectura tag-pedagogia tag-tecnologia-educativa cs-entry cs-video-wrap\">\n\t\t\t<div class=\"pk-post-outer\">\n\n\t\t\t\t\t\t\t\t<div class=\"pk-post-inner\">\n\t\t\t\t\t<div class=\"entry-thumbnail\">\n\t\t\t\t\t\t<div class=\"pk-overlay pk-overlay-ratio pk-ratio-landscape\">\n\t\t\t\t\t\t\t<div class=\"pk-overlay-background\">\n\t\t\t\t\t\t\t\t<a href=\"https:\/\/webdelmaestrocmf.com\/portal\/apagon-digital-en-la-escuela-suecia-frena-la-inversion-en-pantallas-y-vuelve-a-los-libros\/\" class=\"pk-overlay-link\">\n\t\t\t\t\t\t\t\t\t<img loading=\"lazy\" decoding=\"async\" width=\"300\" height=\"225\" src=\"https:\/\/webdelmaestrocmf.com\/portal\/wp-content\/uploads\/2026\/04\/1AA-Banner-1-portada-imagen-10-1-copia-8-2-300x225.webp\" class=\"attachment-pk-thumbnail size-pk-thumbnail wp-post-image\" alt=\"\" \/>\t\t\t\t\t\t\t\t<\/a>\n\t\t\t\t\t\t\t<\/div>\n\t\t\t\t\t\t<\/div>\n\t\t\t\t\t<\/div>\n\t\t\t\t<\/div>\n\t\t\t\t\n\t\t\t\t<div class=\"pk-post-inner\">\n\t\t\t\t\t<header>\n\t\t\t\t\t\t<h3 class=\"pk-title\"><a href=\"https:\/\/webdelmaestrocmf.com\/portal\/apagon-digital-en-la-escuela-suecia-frena-la-inversion-en-pantallas-y-vuelve-a-los-libros\/\" rel=\"bookmark\">\u00bfApag\u00f3n digital en la escuela? Suecia frena la inversi\u00f3n en pantallas y vuelve a los libros<\/a><\/h3>\t\t\t\t\t<\/header><!-- .entry-header -->\n\t\t\t\t<\/div><!-- .post-inner -->\n\n\t\t\t<\/div><!-- .post-outer -->\n\t\t<\/article>\n\t\t\t<article id=\"post-118337\" class=\"post-118337 post type-post status-publish format-standard has-post-thumbnail category-noticias-internacionales tag-aprendizaje tag-crianza-responsable tag-desarrollo-infantil tag-docentes tag-educacion-digital tag-inteligencia-artificial tag-neuroeducacion tag-pantallas-en-ninos tag-salud-mental-infantil tag-tecnologia-en-educacion cs-entry cs-video-wrap\">\n\t\t\t<div class=\"pk-post-outer\">\n\n\t\t\t\t\t\t\t\t<div class=\"pk-post-inner\">\n\t\t\t\t\t<div class=\"entry-thumbnail\">\n\t\t\t\t\t\t<div class=\"pk-overlay pk-overlay-ratio pk-ratio-landscape\">\n\t\t\t\t\t\t\t<div class=\"pk-overlay-background\">\n\t\t\t\t\t\t\t\t<a href=\"https:\/\/webdelmaestrocmf.com\/portal\/sociedades-medicas-advierten-con-contundencia-es-el-mayor-hackeo-cerebral-de-la-historia-hay-una-epidemia-de-entontecimiento-masivo-por-las-pantallas\/\" class=\"pk-overlay-link\">\n\t\t\t\t\t\t\t\t\t<img loading=\"lazy\" decoding=\"async\" width=\"300\" height=\"225\" src=\"https:\/\/webdelmaestrocmf.com\/portal\/wp-content\/uploads\/2026\/04\/1AA-Banner-1-portada-imagen-10-1-copia-7-4-300x225.webp\" class=\"attachment-pk-thumbnail size-pk-thumbnail wp-post-image\" alt=\"\" \/>\t\t\t\t\t\t\t\t<\/a>\n\t\t\t\t\t\t\t<\/div>\n\t\t\t\t\t\t<\/div>\n\t\t\t\t\t<\/div>\n\t\t\t\t<\/div>\n\t\t\t\t\n\t\t\t\t<div class=\"pk-post-inner\">\n\t\t\t\t\t<header>\n\t\t\t\t\t\t<h3 class=\"pk-title\"><a href=\"https:\/\/webdelmaestrocmf.com\/portal\/sociedades-medicas-advierten-con-contundencia-es-el-mayor-hackeo-cerebral-de-la-historia-hay-una-epidemia-de-entontecimiento-masivo-por-las-pantallas\/\" rel=\"bookmark\">Sociedades m\u00e9dicas advierten con contundencia: \u00abEs el mayor hackeo cerebral de la historia\u00bb. \u00abHay una epidemia de entontecimiento masivo por las pantallas\u00bb<\/a><\/h3>\t\t\t\t\t<\/header><!-- .entry-header -->\n\t\t\t\t<\/div><!-- .post-inner -->\n\n\t\t\t<\/div><!-- .post-outer -->\n\t\t<\/article>\n\t\t\t\t<\/div>\n\t\t<\/div>\n\t\t\n","protected":false},"excerpt":{"rendered":"El hallazgo del cuerpo del profesor Jos\u00e9 Manuel L\u00f3pez Ju\u00e1rez, con signos evidentes de violencia, ha conmocionado a la comunidad educativa y reabierto el debate sobre la falta de seguridad y respeto hacia el magisterio en M\u00e9xico","protected":false},"author":1,"featured_media":111038,"comment_status":"open","ping_status":"closed","sticky":false,"template":"","format":"standard","meta":{"csco_display_header_overlay":false,"csco_singular_sidebar":"","csco_page_header_type":"","csco_page_load_nextpost":"","csco_post_video_location":[],"csco_post_video_location_hash":"","csco_post_video_url":"","csco_post_video_bg_start_time":0,"csco_post_video_bg_end_time":0,"csco_post_video_bg_volume":false,"_jetpack_memberships_contains_paid_content":false,"footnotes":""},"categories":[23790],"tags":[288,52,23936,402],"class_list":{"0":"post-111037","1":"post","2":"type-post","3":"status-publish","4":"format-standard","5":"has-post-thumbnail","7":"category-noticias-internacionales","8":"tag-alumno","9":"tag-docente","10":"tag-hallado","11":"tag-universitario","12":"cs-entry","13":"cs-video-wrap"},"yoast_head":"<!-- This site is optimized with the Yoast SEO plugin v27.4 - https:\/\/yoast.com\/product\/yoast-seo-wordpress\/ -->\n<title>Docente universitario es hallado sin vida: Fiscal\u00eda confirma que fue asesinado y un alumno est\u00e1 detenido - 2026<\/title>\n<meta name=\"description\" content=\"La Fiscal\u00eda General de Justicia del Estado de Tlaxcala confirm\u00f3 este martes el hallazgo del cuerpo sin vida del profesor...\" \/>\n<meta name=\"robots\" content=\"index, follow, max-snippet:-1, max-image-preview:large, max-video-preview:-1\" \/>\n<link rel=\"canonical\" href=\"https:\/\/webdelmaestrocmf.com\/portal\/docente-universitario-es-hallado-sin-vida-fiscalia-confirma-que-fue-asesinado-y-un-alumno-esta-detenido\/\" \/>\n<meta property=\"og:locale\" content=\"es_ES\" \/>\n<meta property=\"og:type\" content=\"article\" \/>\n<meta property=\"og:title\" content=\"Docente universitario es hallado sin vida: Fiscal\u00eda confirma que fue asesinado y un alumno est\u00e1 detenido - 2026\" \/>\n<meta property=\"og:description\" content=\"La Fiscal\u00eda General de Justicia del Estado de Tlaxcala confirm\u00f3 este martes el hallazgo del cuerpo sin vida del profesor...\" \/>\n<meta property=\"og:url\" content=\"https:\/\/webdelmaestrocmf.com\/portal\/docente-universitario-es-hallado-sin-vida-fiscalia-confirma-que-fue-asesinado-y-un-alumno-esta-detenido\/\" \/>\n<meta property=\"og:site_name\" content=\"Web del Maestro CMF\" \/>\n<meta property=\"article:publisher\" content=\"https:\/\/www.facebook.com\/WebdelMaestroCMF\/\" \/>\n<meta property=\"article:author\" content=\"https:\/\/www.facebook.com\/WebdelMaestroCMF\/\" \/>\n<meta property=\"article:published_time\" content=\"2025-07-09T13:48:27+00:00\" \/>\n<meta property=\"article:modified_time\" content=\"2025-07-09T13:48:30+00:00\" \/>\n<meta property=\"og:image\" content=\"https:\/\/webdelmaestrocmf.com\/portal\/wp-content\/uploads\/2025\/07\/1A-Banner-1-portada-imagen-10-1-copia-1.jpg\" \/>\n\t<meta property=\"og:image:width\" content=\"1003\" \/>\n\t<meta property=\"og:image:height\" content=\"667\" \/>\n\t<meta property=\"og:image:type\" content=\"image\/jpeg\" \/>\n<meta name=\"author\" content=\"Web del Maestro CMF\" \/>\n<meta name=\"twitter:card\" content=\"summary_large_image\" \/>\n<meta name=\"twitter:creator\" content=\"@cmf_w\" \/>\n<meta name=\"twitter:site\" content=\"@cmf_w\" \/>\n<meta name=\"twitter:label1\" content=\"Escrito por\" \/>\n\t<meta name=\"twitter:data1\" content=\"Web del Maestro CMF\" \/>\n\t<meta name=\"twitter:label2\" content=\"Tiempo de lectura\" \/>\n\t<meta name=\"twitter:data2\" content=\"4 minutos\" \/>\n<script type=\"application\/ld+json\" class=\"yoast-schema-graph\">{\"@context\":\"https:\\\/\\\/schema.org\",\"@graph\":[{\"@type\":\"ScholarlyArticle\",\"@id\":\"https:\\\/\\\/webdelmaestrocmf.com\\\/portal\\\/docente-universitario-es-hallado-sin-vida-fiscalia-confirma-que-fue-asesinado-y-un-alumno-esta-detenido\\\/#article\",\"isPartOf\":{\"@id\":\"https:\\\/\\\/webdelmaestrocmf.com\\\/portal\\\/docente-universitario-es-hallado-sin-vida-fiscalia-confirma-que-fue-asesinado-y-un-alumno-esta-detenido\\\/\"},\"author\":{\"name\":\"Web del Maestro CMF\",\"@id\":\"https:\\\/\\\/webdelmaestrocmf.com\\\/portal\\\/#\\\/schema\\\/person\\\/1072a2ed7bd960df8ef99a551fa35dc5\"},\"headline\":\"Docente universitario es hallado sin vida: Fiscal\u00eda confirma que fue asesinado y un alumno est\u00e1 detenido\",\"datePublished\":\"2025-07-09T13:48:27+00:00\",\"dateModified\":\"2025-07-09T13:48:30+00:00\",\"mainEntityOfPage\":{\"@id\":\"https:\\\/\\\/webdelmaestrocmf.com\\\/portal\\\/docente-universitario-es-hallado-sin-vida-fiscalia-confirma-que-fue-asesinado-y-un-alumno-esta-detenido\\\/\"},\"wordCount\":907,\"commentCount\":4,\"publisher\":{\"@id\":\"https:\\\/\\\/webdelmaestrocmf.com\\\/portal\\\/#organization\"},\"image\":{\"@id\":\"https:\\\/\\\/webdelmaestrocmf.com\\\/portal\\\/docente-universitario-es-hallado-sin-vida-fiscalia-confirma-que-fue-asesinado-y-un-alumno-esta-detenido\\\/#primaryimage\"},\"thumbnailUrl\":\"https:\\\/\\\/webdelmaestrocmf.com\\\/portal\\\/wp-content\\\/uploads\\\/2025\\\/07\\\/1A-Banner-1-portada-imagen-10-1-copia-1.jpg\",\"keywords\":[\"alumno\",\"DOCENTE\",\"hallado\",\"universitario\"],\"articleSection\":[\"Noticias Internacionales\"],\"inLanguage\":\"es\",\"potentialAction\":[{\"@type\":\"CommentAction\",\"name\":\"Comment\",\"target\":[\"https:\\\/\\\/webdelmaestrocmf.com\\\/portal\\\/docente-universitario-es-hallado-sin-vida-fiscalia-confirma-que-fue-asesinado-y-un-alumno-esta-detenido\\\/#respond\"]}]},{\"@type\":\"WebPage\",\"@id\":\"https:\\\/\\\/webdelmaestrocmf.com\\\/portal\\\/docente-universitario-es-hallado-sin-vida-fiscalia-confirma-que-fue-asesinado-y-un-alumno-esta-detenido\\\/\",\"url\":\"https:\\\/\\\/webdelmaestrocmf.com\\\/portal\\\/docente-universitario-es-hallado-sin-vida-fiscalia-confirma-que-fue-asesinado-y-un-alumno-esta-detenido\\\/\",\"name\":\"Docente universitario es hallado sin vida: Fiscal\u00eda confirma que fue asesinado y un alumno est\u00e1 detenido - 2026\",\"isPartOf\":{\"@id\":\"https:\\\/\\\/webdelmaestrocmf.com\\\/portal\\\/#website\"},\"primaryImageOfPage\":{\"@id\":\"https:\\\/\\\/webdelmaestrocmf.com\\\/portal\\\/docente-universitario-es-hallado-sin-vida-fiscalia-confirma-que-fue-asesinado-y-un-alumno-esta-detenido\\\/#primaryimage\"},\"image\":{\"@id\":\"https:\\\/\\\/webdelmaestrocmf.com\\\/portal\\\/docente-universitario-es-hallado-sin-vida-fiscalia-confirma-que-fue-asesinado-y-un-alumno-esta-detenido\\\/#primaryimage\"},\"thumbnailUrl\":\"https:\\\/\\\/webdelmaestrocmf.com\\\/portal\\\/wp-content\\\/uploads\\\/2025\\\/07\\\/1A-Banner-1-portada-imagen-10-1-copia-1.jpg\",\"datePublished\":\"2025-07-09T13:48:27+00:00\",\"dateModified\":\"2025-07-09T13:48:30+00:00\",\"description\":\"La Fiscal\u00eda General de Justicia del Estado de Tlaxcala confirm\u00f3 este martes el hallazgo del cuerpo sin vida del profesor...\",\"breadcrumb\":{\"@id\":\"https:\\\/\\\/webdelmaestrocmf.com\\\/portal\\\/docente-universitario-es-hallado-sin-vida-fiscalia-confirma-que-fue-asesinado-y-un-alumno-esta-detenido\\\/#breadcrumb\"},\"inLanguage\":\"es\",\"potentialAction\":[{\"@type\":\"ReadAction\",\"target\":[\"https:\\\/\\\/webdelmaestrocmf.com\\\/portal\\\/docente-universitario-es-hallado-sin-vida-fiscalia-confirma-que-fue-asesinado-y-un-alumno-esta-detenido\\\/\"]}]},{\"@type\":\"ImageObject\",\"inLanguage\":\"es\",\"@id\":\"https:\\\/\\\/webdelmaestrocmf.com\\\/portal\\\/docente-universitario-es-hallado-sin-vida-fiscalia-confirma-que-fue-asesinado-y-un-alumno-esta-detenido\\\/#primaryimage\",\"url\":\"https:\\\/\\\/webdelmaestrocmf.com\\\/portal\\\/wp-content\\\/uploads\\\/2025\\\/07\\\/1A-Banner-1-portada-imagen-10-1-copia-1.jpg\",\"contentUrl\":\"https:\\\/\\\/webdelmaestrocmf.com\\\/portal\\\/wp-content\\\/uploads\\\/2025\\\/07\\\/1A-Banner-1-portada-imagen-10-1-copia-1.jpg\",\"width\":1003,\"height\":667},{\"@type\":\"BreadcrumbList\",\"@id\":\"https:\\\/\\\/webdelmaestrocmf.com\\\/portal\\\/docente-universitario-es-hallado-sin-vida-fiscalia-confirma-que-fue-asesinado-y-un-alumno-esta-detenido\\\/#breadcrumb\",\"itemListElement\":[{\"@type\":\"ListItem\",\"position\":1,\"name\":\"Portada\",\"item\":\"https:\\\/\\\/webdelmaestrocmf.com\\\/portal\\\/\"},{\"@type\":\"ListItem\",\"position\":2,\"name\":\"Noticias Internacionales\",\"item\":\"https:\\\/\\\/webdelmaestrocmf.com\\\/portal\\\/category\\\/noticias-internacionales\\\/\"},{\"@type\":\"ListItem\",\"position\":3,\"name\":\"Docente universitario es hallado sin vida: Fiscal\u00eda confirma que fue asesinado y un alumno est\u00e1 detenido\"}]},{\"@type\":\"WebSite\",\"@id\":\"https:\\\/\\\/webdelmaestrocmf.com\\\/portal\\\/#website\",\"url\":\"https:\\\/\\\/webdelmaestrocmf.com\\\/portal\\\/\",\"name\":\"Web del Maestro CMF\",\"description\":\"Maestros al servicio de la educaci\u00f3n\",\"publisher\":{\"@id\":\"https:\\\/\\\/webdelmaestrocmf.com\\\/portal\\\/#organization\"},\"alternateName\":\"WMCMF\",\"potentialAction\":[{\"@type\":\"SearchAction\",\"target\":{\"@type\":\"EntryPoint\",\"urlTemplate\":\"https:\\\/\\\/webdelmaestrocmf.com\\\/portal\\\/?s={search_term_string}\"},\"query-input\":{\"@type\":\"PropertyValueSpecification\",\"valueRequired\":true,\"valueName\":\"search_term_string\"}}],\"inLanguage\":\"es\"},{\"@type\":\"Organization\",\"@id\":\"https:\\\/\\\/webdelmaestrocmf.com\\\/portal\\\/#organization\",\"name\":\"Web del Maestro CMF\",\"alternateName\":\"WMCMF\",\"url\":\"https:\\\/\\\/webdelmaestrocmf.com\\\/portal\\\/\",\"logo\":{\"@type\":\"ImageObject\",\"inLanguage\":\"es\",\"@id\":\"https:\\\/\\\/webdelmaestrocmf.com\\\/portal\\\/#\\\/schema\\\/logo\\\/image\\\/\",\"url\":\"https:\\\/\\\/webdelmaestrocmf.com\\\/portal\\\/wp-content\\\/uploads\\\/2023\\\/01\\\/logo-wmcmf-2.png\",\"contentUrl\":\"https:\\\/\\\/webdelmaestrocmf.com\\\/portal\\\/wp-content\\\/uploads\\\/2023\\\/01\\\/logo-wmcmf-2.png\",\"width\":200,\"height\":60,\"caption\":\"Web del Maestro CMF\"},\"image\":{\"@id\":\"https:\\\/\\\/webdelmaestrocmf.com\\\/portal\\\/#\\\/schema\\\/logo\\\/image\\\/\"},\"sameAs\":[\"https:\\\/\\\/www.facebook.com\\\/WebdelMaestroCMF\\\/\",\"https:\\\/\\\/x.com\\\/cmf_w\",\"https:\\\/\\\/www.pinterest.com\\\/WMCMF\\\/\",\"https:\\\/\\\/www.linkedin.com\\\/company\\\/web-del-maestro-cmf\\\/\",\"https:\\\/\\\/www.instagram.com\\\/wmcmf\\\/\",\"https:\\\/\\\/www.youtube.com\\\/channel\\\/UCDPSvjbdodE5sHnC3OxutHw\",\"https:\\\/\\\/mastodon.social\\\/@wmcmf\",\"https:\\\/\\\/www.tiktok.com\\\/@webdelmaestrocmf\"]},{\"@type\":\"Person\",\"@id\":\"https:\\\/\\\/webdelmaestrocmf.com\\\/portal\\\/#\\\/schema\\\/person\\\/1072a2ed7bd960df8ef99a551fa35dc5\",\"name\":\"Web del Maestro CMF\",\"image\":{\"@type\":\"ImageObject\",\"inLanguage\":\"es\",\"@id\":\"https:\\\/\\\/secure.gravatar.com\\\/avatar\\\/23291dd5b5ae1077dcff3dbb04c3e02bd28403fa75af6d8787d5e97c5bbbe30b?s=96&d=mm&r=g\",\"url\":\"https:\\\/\\\/secure.gravatar.com\\\/avatar\\\/23291dd5b5ae1077dcff3dbb04c3e02bd28403fa75af6d8787d5e97c5bbbe30b?s=96&d=mm&r=g\",\"contentUrl\":\"https:\\\/\\\/secure.gravatar.com\\\/avatar\\\/23291dd5b5ae1077dcff3dbb04c3e02bd28403fa75af6d8787d5e97c5bbbe30b?s=96&d=mm&r=g\",\"caption\":\"Web del Maestro CMF\"},\"description\":\"Esta Web se cre\u00f3 sin fines de lucro, con fines educativos, cient\u00edficos y acad\u00e9micos, para personas que tengan dificultades y\\\/o inconvenientes en visualizar el material original. El objetivo es entregar recursos, compartir experiencias y materiales que ayuden a los padres de familia, maestros y estudiantes en su actualizaci\u00f3n y formaci\u00f3n permanente, en bien de la Educaci\u00f3n.\",\"sameAs\":[\"http:\\\/\\\/webdelmaestrocmf.com\\\/portal\",\"https:\\\/\\\/www.facebook.com\\\/WebdelMaestroCMF\\\/\",\"https:\\\/\\\/www.instagram.com\\\/wmcmf\\\/\",\"https:\\\/\\\/cl.linkedin.com\\\/company\\\/web-del-maestro-cmf\",\"https:\\\/\\\/www.pinterest.com\\\/WMCMF\\\/publicaciones\\\/\",\"https:\\\/\\\/x.com\\\/cmf_w\",\"https:\\\/\\\/www.youtube.com\\\/@WMCMF\"]}]}<\/script>\n<!-- \/ Yoast SEO plugin. -->","yoast_head_json":{"title":"Docente universitario es hallado sin vida: Fiscal\u00eda confirma que fue asesinado y un alumno est\u00e1 detenido - 2026","description":"La Fiscal\u00eda General de Justicia del Estado de Tlaxcala confirm\u00f3 este martes el hallazgo del cuerpo sin vida del profesor...","robots":{"index":"index","follow":"follow","max-snippet":"max-snippet:-1","max-image-preview":"max-image-preview:large","max-video-preview":"max-video-preview:-1"},"canonical":"https:\/\/webdelmaestrocmf.com\/portal\/docente-universitario-es-hallado-sin-vida-fiscalia-confirma-que-fue-asesinado-y-un-alumno-esta-detenido\/","og_locale":"es_ES","og_type":"article","og_title":"Docente universitario es hallado sin vida: Fiscal\u00eda confirma que fue asesinado y un alumno est\u00e1 detenido - 2026","og_description":"La Fiscal\u00eda General de Justicia del Estado de Tlaxcala confirm\u00f3 este martes el hallazgo del cuerpo sin vida del profesor...","og_url":"https:\/\/webdelmaestrocmf.com\/portal\/docente-universitario-es-hallado-sin-vida-fiscalia-confirma-que-fue-asesinado-y-un-alumno-esta-detenido\/","og_site_name":"Web del Maestro CMF","article_publisher":"https:\/\/www.facebook.com\/WebdelMaestroCMF\/","article_author":"https:\/\/www.facebook.com\/WebdelMaestroCMF\/","article_published_time":"2025-07-09T13:48:27+00:00","article_modified_time":"2025-07-09T13:48:30+00:00","og_image":[{"width":1003,"height":667,"url":"https:\/\/webdelmaestrocmf.com\/portal\/wp-content\/uploads\/2025\/07\/1A-Banner-1-portada-imagen-10-1-copia-1.jpg","type":"image\/jpeg"}],"author":"Web del Maestro CMF","twitter_card":"summary_large_image","twitter_creator":"@cmf_w","twitter_site":"@cmf_w","twitter_misc":{"Escrito por":"Web del Maestro CMF","Tiempo de lectura":"4 minutos"},"schema":{"@context":"https:\/\/schema.org","@graph":[{"@type":"ScholarlyArticle","@id":"https:\/\/webdelmaestrocmf.com\/portal\/docente-universitario-es-hallado-sin-vida-fiscalia-confirma-que-fue-asesinado-y-un-alumno-esta-detenido\/#article","isPartOf":{"@id":"https:\/\/webdelmaestrocmf.com\/portal\/docente-universitario-es-hallado-sin-vida-fiscalia-confirma-que-fue-asesinado-y-un-alumno-esta-detenido\/"},"author":{"name":"Web del Maestro CMF","@id":"https:\/\/webdelmaestrocmf.com\/portal\/#\/schema\/person\/1072a2ed7bd960df8ef99a551fa35dc5"},"headline":"Docente universitario es hallado sin vida: Fiscal\u00eda confirma que fue asesinado y un alumno est\u00e1 detenido","datePublished":"2025-07-09T13:48:27+00:00","dateModified":"2025-07-09T13:48:30+00:00","mainEntityOfPage":{"@id":"https:\/\/webdelmaestrocmf.com\/portal\/docente-universitario-es-hallado-sin-vida-fiscalia-confirma-que-fue-asesinado-y-un-alumno-esta-detenido\/"},"wordCount":907,"commentCount":4,"publisher":{"@id":"https:\/\/webdelmaestrocmf.com\/portal\/#organization"},"image":{"@id":"https:\/\/webdelmaestrocmf.com\/portal\/docente-universitario-es-hallado-sin-vida-fiscalia-confirma-que-fue-asesinado-y-un-alumno-esta-detenido\/#primaryimage"},"thumbnailUrl":"https:\/\/webdelmaestrocmf.com\/portal\/wp-content\/uploads\/2025\/07\/1A-Banner-1-portada-imagen-10-1-copia-1.jpg","keywords":["alumno","DOCENTE","hallado","universitario"],"articleSection":["Noticias Internacionales"],"inLanguage":"es","potentialAction":[{"@type":"CommentAction","name":"Comment","target":["https:\/\/webdelmaestrocmf.com\/portal\/docente-universitario-es-hallado-sin-vida-fiscalia-confirma-que-fue-asesinado-y-un-alumno-esta-detenido\/#respond"]}]},{"@type":"WebPage","@id":"https:\/\/webdelmaestrocmf.com\/portal\/docente-universitario-es-hallado-sin-vida-fiscalia-confirma-que-fue-asesinado-y-un-alumno-esta-detenido\/","url":"https:\/\/webdelmaestrocmf.com\/portal\/docente-universitario-es-hallado-sin-vida-fiscalia-confirma-que-fue-asesinado-y-un-alumno-esta-detenido\/","name":"Docente universitario es hallado sin vida: Fiscal\u00eda confirma que fue asesinado y un alumno est\u00e1 detenido - 2026","isPartOf":{"@id":"https:\/\/webdelmaestrocmf.com\/portal\/#website"},"primaryImageOfPage":{"@id":"https:\/\/webdelmaestrocmf.com\/portal\/docente-universitario-es-hallado-sin-vida-fiscalia-confirma-que-fue-asesinado-y-un-alumno-esta-detenido\/#primaryimage"},"image":{"@id":"https:\/\/webdelmaestrocmf.com\/portal\/docente-universitario-es-hallado-sin-vida-fiscalia-confirma-que-fue-asesinado-y-un-alumno-esta-detenido\/#primaryimage"},"thumbnailUrl":"https:\/\/webdelmaestrocmf.com\/portal\/wp-content\/uploads\/2025\/07\/1A-Banner-1-portada-imagen-10-1-copia-1.jpg","datePublished":"2025-07-09T13:48:27+00:00","dateModified":"2025-07-09T13:48:30+00:00","description":"La Fiscal\u00eda General de Justicia del Estado de Tlaxcala confirm\u00f3 este martes el hallazgo del cuerpo sin vida del profesor...","breadcrumb":{"@id":"https:\/\/webdelmaestrocmf.com\/portal\/docente-universitario-es-hallado-sin-vida-fiscalia-confirma-que-fue-asesinado-y-un-alumno-esta-detenido\/#breadcrumb"},"inLanguage":"es","potentialAction":[{"@type":"ReadAction","target":["https:\/\/webdelmaestrocmf.com\/portal\/docente-universitario-es-hallado-sin-vida-fiscalia-confirma-que-fue-asesinado-y-un-alumno-esta-detenido\/"]}]},{"@type":"ImageObject","inLanguage":"es","@id":"https:\/\/webdelmaestrocmf.com\/portal\/docente-universitario-es-hallado-sin-vida-fiscalia-confirma-que-fue-asesinado-y-un-alumno-esta-detenido\/#primaryimage","url":"https:\/\/webdelmaestrocmf.com\/portal\/wp-content\/uploads\/2025\/07\/1A-Banner-1-portada-imagen-10-1-copia-1.jpg","contentUrl":"https:\/\/webdelmaestrocmf.com\/portal\/wp-content\/uploads\/2025\/07\/1A-Banner-1-portada-imagen-10-1-copia-1.jpg","width":1003,"height":667},{"@type":"BreadcrumbList","@id":"https:\/\/webdelmaestrocmf.com\/portal\/docente-universitario-es-hallado-sin-vida-fiscalia-confirma-que-fue-asesinado-y-un-alumno-esta-detenido\/#breadcrumb","itemListElement":[{"@type":"ListItem","position":1,"name":"Portada","item":"https:\/\/webdelmaestrocmf.com\/portal\/"},{"@type":"ListItem","position":2,"name":"Noticias Internacionales","item":"https:\/\/webdelmaestrocmf.com\/portal\/category\/noticias-internacionales\/"},{"@type":"ListItem","position":3,"name":"Docente universitario es hallado sin vida: Fiscal\u00eda confirma que fue asesinado y un alumno est\u00e1 detenido"}]},{"@type":"WebSite","@id":"https:\/\/webdelmaestrocmf.com\/portal\/#website","url":"https:\/\/webdelmaestrocmf.com\/portal\/","name":"Web del Maestro CMF","description":"Maestros al servicio de la educaci\u00f3n","publisher":{"@id":"https:\/\/webdelmaestrocmf.com\/portal\/#organization"},"alternateName":"WMCMF","potentialAction":[{"@type":"SearchAction","target":{"@type":"EntryPoint","urlTemplate":"https:\/\/webdelmaestrocmf.com\/portal\/?s={search_term_string}"},"query-input":{"@type":"PropertyValueSpecification","valueRequired":true,"valueName":"search_term_string"}}],"inLanguage":"es"},{"@type":"Organization","@id":"https:\/\/webdelmaestrocmf.com\/portal\/#organization","name":"Web del Maestro CMF","alternateName":"WMCMF","url":"https:\/\/webdelmaestrocmf.com\/portal\/","logo":{"@type":"ImageObject","inLanguage":"es","@id":"https:\/\/webdelmaestrocmf.com\/portal\/#\/schema\/logo\/image\/","url":"https:\/\/webdelmaestrocmf.com\/portal\/wp-content\/uploads\/2023\/01\/logo-wmcmf-2.png","contentUrl":"https:\/\/webdelmaestrocmf.com\/portal\/wp-content\/uploads\/2023\/01\/logo-wmcmf-2.png","width":200,"height":60,"caption":"Web del Maestro CMF"},"image":{"@id":"https:\/\/webdelmaestrocmf.com\/portal\/#\/schema\/logo\/image\/"},"sameAs":["https:\/\/www.facebook.com\/WebdelMaestroCMF\/","https:\/\/x.com\/cmf_w","https:\/\/www.pinterest.com\/WMCMF\/","https:\/\/www.linkedin.com\/company\/web-del-maestro-cmf\/","https:\/\/www.instagram.com\/wmcmf\/","https:\/\/www.youtube.com\/channel\/UCDPSvjbdodE5sHnC3OxutHw","https:\/\/mastodon.social\/@wmcmf","https:\/\/www.tiktok.com\/@webdelmaestrocmf"]},{"@type":"Person","@id":"https:\/\/webdelmaestrocmf.com\/portal\/#\/schema\/person\/1072a2ed7bd960df8ef99a551fa35dc5","name":"Web del Maestro CMF","image":{"@type":"ImageObject","inLanguage":"es","@id":"https:\/\/secure.gravatar.com\/avatar\/23291dd5b5ae1077dcff3dbb04c3e02bd28403fa75af6d8787d5e97c5bbbe30b?s=96&d=mm&r=g","url":"https:\/\/secure.gravatar.com\/avatar\/23291dd5b5ae1077dcff3dbb04c3e02bd28403fa75af6d8787d5e97c5bbbe30b?s=96&d=mm&r=g","contentUrl":"https:\/\/secure.gravatar.com\/avatar\/23291dd5b5ae1077dcff3dbb04c3e02bd28403fa75af6d8787d5e97c5bbbe30b?s=96&d=mm&r=g","caption":"Web del Maestro CMF"},"description":"Esta Web se cre\u00f3 sin fines de lucro, con fines educativos, cient\u00edficos y acad\u00e9micos, para personas que tengan dificultades y\/o inconvenientes en visualizar el material original. El objetivo es entregar recursos, compartir experiencias y materiales que ayuden a los padres de familia, maestros y estudiantes en su actualizaci\u00f3n y formaci\u00f3n permanente, en bien de la Educaci\u00f3n.","sameAs":["http:\/\/webdelmaestrocmf.com\/portal","https:\/\/www.facebook.com\/WebdelMaestroCMF\/","https:\/\/www.instagram.com\/wmcmf\/","https:\/\/cl.linkedin.com\/company\/web-del-maestro-cmf","https:\/\/www.pinterest.com\/WMCMF\/publicaciones\/","https:\/\/x.com\/cmf_w","https:\/\/www.youtube.com\/@WMCMF"]}]}},"jetpack_featured_media_url":"https:\/\/webdelmaestrocmf.com\/portal\/wp-content\/uploads\/2025\/07\/1A-Banner-1-portada-imagen-10-1-copia-1.jpg","jetpack_sharing_enabled":true,"jetpack-related-posts":[{"id":111150,"url":"https:\/\/webdelmaestrocmf.com\/portal\/proponen-aumentar-penas-por-violencia-y-amenazas-hacia-docentes-a-raiz-del-asesinado-de-profesor-universitario\/","url_meta":{"origin":111037,"position":0},"title":"Proponen aumentar penas por violencia y amenazas hacia docentes a ra\u00edz del asesinado de profesor universitario","author":"Web del Maestro CMF","date":"12 julio, 2025","format":false,"excerpt":"Tras el asesinato de un maestro y m\u00e1s de 90 agresiones registradas, autoridades de Tlaxcala proponen reformas al c\u00f3digo penal para castigar con mayor severidad las amenazas y agresiones contra docentes","rel":"","context":"En \u00abNoticias Internacionales\u00bb","block_context":{"text":"Noticias Internacionales","link":"https:\/\/webdelmaestrocmf.com\/portal\/category\/noticias-internacionales\/"},"img":{"alt_text":"","src":"https:\/\/i0.wp.com\/webdelmaestrocmf.com\/portal\/wp-content\/uploads\/2025\/07\/1A-Banner-1-portada-imagen-10-1-copia-2.jpg?resize=350%2C200&ssl=1","width":350,"height":200,"srcset":"https:\/\/i0.wp.com\/webdelmaestrocmf.com\/portal\/wp-content\/uploads\/2025\/07\/1A-Banner-1-portada-imagen-10-1-copia-2.jpg?resize=350%2C200&ssl=1 1x, https:\/\/i0.wp.com\/webdelmaestrocmf.com\/portal\/wp-content\/uploads\/2025\/07\/1A-Banner-1-portada-imagen-10-1-copia-2.jpg?resize=525%2C300&ssl=1 1.5x, https:\/\/i0.wp.com\/webdelmaestrocmf.com\/portal\/wp-content\/uploads\/2025\/07\/1A-Banner-1-portada-imagen-10-1-copia-2.jpg?resize=700%2C400&ssl=1 2x"},"classes":[]},{"id":111443,"url":"https:\/\/webdelmaestrocmf.com\/portal\/encuentran-sin-vida-a-profesor-que-estaba-desaparecido-desde-el-lunes\/","url_meta":{"origin":111037,"position":1},"title":"Encuentran sin vida a profesor que estaba desaparecido desde el lunes","author":"Web del Maestro CMF","date":"23 julio, 2025","format":false,"excerpt":"La comunidad educativa de Chill\u00e1n y la regi\u00f3n de \u00d1uble en Chie, est\u00e1 de luto tras confirmarse el hallazgo del cuerpo sin vida de Crist\u00f3bal Castillo, un profesor de 36 a\u00f1os que hab\u00eda sido reportado como desaparecido el lunes pasado. La Fiscal\u00eda de Chile valid\u00f3 su identidad y, de acuerdo\u2026","rel":"","context":"En \u00abNoticias Internacionales\u00bb","block_context":{"text":"Noticias Internacionales","link":"https:\/\/webdelmaestrocmf.com\/portal\/category\/noticias-internacionales\/"},"img":{"alt_text":"","src":"https:\/\/i0.wp.com\/webdelmaestrocmf.com\/portal\/wp-content\/uploads\/2025\/07\/1A-Banner-1-portada-imagen-10-1-copia-2.webp?resize=350%2C200&ssl=1","width":350,"height":200,"srcset":"https:\/\/i0.wp.com\/webdelmaestrocmf.com\/portal\/wp-content\/uploads\/2025\/07\/1A-Banner-1-portada-imagen-10-1-copia-2.webp?resize=350%2C200&ssl=1 1x, https:\/\/i0.wp.com\/webdelmaestrocmf.com\/portal\/wp-content\/uploads\/2025\/07\/1A-Banner-1-portada-imagen-10-1-copia-2.webp?resize=525%2C300&ssl=1 1.5x, https:\/\/i0.wp.com\/webdelmaestrocmf.com\/portal\/wp-content\/uploads\/2025\/07\/1A-Banner-1-portada-imagen-10-1-copia-2.webp?resize=700%2C400&ssl=1 2x"},"classes":[]},{"id":110157,"url":"https:\/\/webdelmaestrocmf.com\/portal\/sorprenden-a-profesor-usando-chatgpt-y-alumna-pidio-que-le-devolvieran-el-dinero-de-su-matricula\/","url_meta":{"origin":111037,"position":2},"title":"Sorprenden a profesor usando ChatGPT y alumna pidi\u00f3 que le devolvieran el dinero de su matricula","author":"Web del Maestro CMF","date":"19 junio, 2025","format":false,"excerpt":"Ella exigi\u00f3 el reembolso de su matr\u00edcula al considerar que pag\u00f3 por ense\u00f1anza humana, no generada por IA.","rel":"","context":"En \u00abNoticias Internacionales\u00bb","block_context":{"text":"Noticias Internacionales","link":"https:\/\/webdelmaestrocmf.com\/portal\/category\/noticias-internacionales\/"},"img":{"alt_text":"","src":"https:\/\/i0.wp.com\/webdelmaestrocmf.com\/portal\/wp-content\/uploads\/2025\/06\/1A-Banner-1-portada-imagen-10-1-copia-4-1.jpg?resize=350%2C200&ssl=1","width":350,"height":200,"srcset":"https:\/\/i0.wp.com\/webdelmaestrocmf.com\/portal\/wp-content\/uploads\/2025\/06\/1A-Banner-1-portada-imagen-10-1-copia-4-1.jpg?resize=350%2C200&ssl=1 1x, https:\/\/i0.wp.com\/webdelmaestrocmf.com\/portal\/wp-content\/uploads\/2025\/06\/1A-Banner-1-portada-imagen-10-1-copia-4-1.jpg?resize=525%2C300&ssl=1 1.5x, https:\/\/i0.wp.com\/webdelmaestrocmf.com\/portal\/wp-content\/uploads\/2025\/06\/1A-Banner-1-portada-imagen-10-1-copia-4-1.jpg?resize=700%2C400&ssl=1 2x"},"classes":[]},{"id":110988,"url":"https:\/\/webdelmaestrocmf.com\/portal\/docente-hospitalizada-tras-brutal-agresion-en-aula-crece-la-preocupacion-por-la-seguridad-del-profesorado-en-mexico\/","url_meta":{"origin":111037,"position":3},"title":"Docente hospitalizada tras brutal agresi\u00f3n de madre de familia en el aula: crece la preocupaci\u00f3n por la seguridad del profesorado en M\u00e9xico","author":"Web del Maestro CMF","date":"1 octubre, 2025","format":false,"excerpt":"El ataque ocurri\u00f3 frente a alumnos de tercer grado en Las Choapas, Veracruz. No es un hecho aislado: se suman nuevos casos de violencia escolar sin respuesta clara de las autoridades.","rel":"","context":"En \u00abNoticias Internacionales\u00bb","block_context":{"text":"Noticias Internacionales","link":"https:\/\/webdelmaestrocmf.com\/portal\/category\/noticias-internacionales\/"},"img":{"alt_text":"","src":"https:\/\/i0.wp.com\/webdelmaestrocmf.com\/portal\/wp-content\/uploads\/2025\/10\/1A-Banner-1-portada-imagen-10-1-copia-7-1.webp?resize=350%2C200&ssl=1","width":350,"height":200,"srcset":"https:\/\/i0.wp.com\/webdelmaestrocmf.com\/portal\/wp-content\/uploads\/2025\/10\/1A-Banner-1-portada-imagen-10-1-copia-7-1.webp?resize=350%2C200&ssl=1 1x, https:\/\/i0.wp.com\/webdelmaestrocmf.com\/portal\/wp-content\/uploads\/2025\/10\/1A-Banner-1-portada-imagen-10-1-copia-7-1.webp?resize=525%2C300&ssl=1 1.5x, https:\/\/i0.wp.com\/webdelmaestrocmf.com\/portal\/wp-content\/uploads\/2025\/10\/1A-Banner-1-portada-imagen-10-1-copia-7-1.webp?resize=700%2C400&ssl=1 2x"},"classes":[]},{"id":114439,"url":"https:\/\/webdelmaestrocmf.com\/portal\/andalucia-cambio-historico-en-las-aulas-los-docentes-seran-autoridad-publica-y-tendran-mayor-proteccion\/","url_meta":{"origin":111037,"position":4},"title":"Andaluc\u00eda: Cambio hist\u00f3rico en las aulas. Los docentes ser\u00e1n \u201cautoridad p\u00fablica\u201d y tendr\u00e1n mayor protecci\u00f3n.","author":"Web del Maestro CMF","date":"3 enero, 2026","format":false,"excerpt":"Entre los derechos que se reconocen al profesorado figura el respeto y apoyo a su autoridad por parte del alumnado, de sus representantes legales y del resto de la comunidad educativa.","rel":"","context":"En \u00abNoticias Internacionales\u00bb","block_context":{"text":"Noticias Internacionales","link":"https:\/\/webdelmaestrocmf.com\/portal\/category\/noticias-internacionales\/"},"img":{"alt_text":"","src":"https:\/\/i0.wp.com\/webdelmaestrocmf.com\/portal\/wp-content\/uploads\/2026\/01\/1A-Banner-1-portada-imagen-10-1-copia-3.webp?resize=350%2C200&ssl=1","width":350,"height":200,"srcset":"https:\/\/i0.wp.com\/webdelmaestrocmf.com\/portal\/wp-content\/uploads\/2026\/01\/1A-Banner-1-portada-imagen-10-1-copia-3.webp?resize=350%2C200&ssl=1 1x, https:\/\/i0.wp.com\/webdelmaestrocmf.com\/portal\/wp-content\/uploads\/2026\/01\/1A-Banner-1-portada-imagen-10-1-copia-3.webp?resize=525%2C300&ssl=1 1.5x, https:\/\/i0.wp.com\/webdelmaestrocmf.com\/portal\/wp-content\/uploads\/2026\/01\/1A-Banner-1-portada-imagen-10-1-copia-3.webp?resize=700%2C400&ssl=1 2x"},"classes":[]},{"id":115110,"url":"https:\/\/webdelmaestrocmf.com\/portal\/profesores-universitarios-denuncian-falta-de-informacion-sobre-estudiantes-con-discapacidad-en-la-republica-dominicana\/","url_meta":{"origin":111037,"position":5},"title":"Profesores universitarios denuncian falta de informaci\u00f3n sobre estudiantes con discapacidad en la Rep\u00fablica Dominicana","author":"Web del Maestro CMF","date":"3 febrero, 2026","format":false,"excerpt":"Docentes universitarios dominicanos denuncian falta de informaci\u00f3n sobre estudiantes con discapacidad, dificultando la inclusi\u00f3n, la adaptaci\u00f3n pedag\u00f3gica y la atenci\u00f3n educativa adecuada.","rel":"","context":"En \u00abNoticias Internacionales\u00bb","block_context":{"text":"Noticias Internacionales","link":"https:\/\/webdelmaestrocmf.com\/portal\/category\/noticias-internacionales\/"},"img":{"alt_text":"","src":"https:\/\/i0.wp.com\/webdelmaestrocmf.com\/portal\/wp-content\/uploads\/2026\/02\/1A-Banner-1-portada-imagen-10-1-copia-4.webp?resize=350%2C200&ssl=1","width":350,"height":200,"srcset":"https:\/\/i0.wp.com\/webdelmaestrocmf.com\/portal\/wp-content\/uploads\/2026\/02\/1A-Banner-1-portada-imagen-10-1-copia-4.webp?resize=350%2C200&ssl=1 1x, https:\/\/i0.wp.com\/webdelmaestrocmf.com\/portal\/wp-content\/uploads\/2026\/02\/1A-Banner-1-portada-imagen-10-1-copia-4.webp?resize=525%2C300&ssl=1 1.5x, https:\/\/i0.wp.com\/webdelmaestrocmf.com\/portal\/wp-content\/uploads\/2026\/02\/1A-Banner-1-portada-imagen-10-1-copia-4.webp?resize=700%2C400&ssl=1 2x"},"classes":[]}],"_links":{"self":[{"href":"https:\/\/webdelmaestrocmf.com\/portal\/wp-json\/wp\/v2\/posts\/111037","targetHints":{"allow":["GET"]}}],"collection":[{"href":"https:\/\/webdelmaestrocmf.com\/portal\/wp-json\/wp\/v2\/posts"}],"about":[{"href":"https:\/\/webdelmaestrocmf.com\/portal\/wp-json\/wp\/v2\/types\/post"}],"author":[{"embeddable":true,"href":"https:\/\/webdelmaestrocmf.com\/portal\/wp-json\/wp\/v2\/users\/1"}],"replies":[{"embeddable":true,"href":"https:\/\/webdelmaestrocmf.com\/portal\/wp-json\/wp\/v2\/comments?post=111037"}],"version-history":[{"count":1,"href":"https:\/\/webdelmaestrocmf.com\/portal\/wp-json\/wp\/v2\/posts\/111037\/revisions"}],"predecessor-version":[{"id":111039,"href":"https:\/\/webdelmaestrocmf.com\/portal\/wp-json\/wp\/v2\/posts\/111037\/revisions\/111039"}],"wp:featuredmedia":[{"embeddable":true,"href":"https:\/\/webdelmaestrocmf.com\/portal\/wp-json\/wp\/v2\/media\/111038"}],"wp:attachment":[{"href":"https:\/\/webdelmaestrocmf.com\/portal\/wp-json\/wp\/v2\/media?parent=111037"}],"wp:term":[{"taxonomy":"category","embeddable":true,"href":"https:\/\/webdelmaestrocmf.com\/portal\/wp-json\/wp\/v2\/categories?post=111037"},{"taxonomy":"post_tag","embeddable":true,"href":"https:\/\/webdelmaestrocmf.com\/portal\/wp-json\/wp\/v2\/tags?post=111037"}],"curies":[{"name":"wp","href":"https:\/\/api.w.org\/{rel}","templated":true}]}}