{"id":110988,"date":"2025-10-01T11:22:00","date_gmt":"2025-10-01T14:22:00","guid":{"rendered":"https:\/\/webdelmaestrocmf.com\/portal\/?p=110988"},"modified":"2026-07-05T18:48:18","modified_gmt":"2026-07-05T22:48:18","slug":"docente-hospitalizada-tras-brutal-agresion-en-aula-crece-la-preocupacion-por-la-seguridad-del-profesorado-en-mexico","status":"publish","type":"post","link":"https:\/\/webdelmaestrocmf.com\/portal\/docente-hospitalizada-tras-brutal-agresion-en-aula-crece-la-preocupacion-por-la-seguridad-del-profesorado-en-mexico\/","title":{"rendered":"Docente hospitalizada tras brutal agresi\u00f3n de madre de familia en el aula: crece la preocupaci\u00f3n por la seguridad del profesorado en M\u00e9xico"},"content":{"rendered":"\n<p class=\"wp-block-paragraph\">Una maestra de tercer grado, identificada como Rosa Isela \u201cN\u201d, conocida entre padres y alumnos como \u201cmaestra Rosy\u201d, fue agredida f\u00edsicamente por una madre de familia dentro del sal\u00f3n de clases, en la escuela primaria Benito Ju\u00e1rez de la colonia M\u00e9xico, municipio de Las Choapas. La agresi\u00f3n ocurri\u00f3 la ma\u00f1ana del viernes 4 de julio, frente a varios estudiantes y apoderados presentes en el plantel.<\/p>\n\n\n\n<iframe loading=\"lazy\" width=\"100%\" height=\"315\" src=\"https:\/\/www.youtube.com\/embed\/xlNLv_qrJ-8?si=6zqMM57g96Wevs_1\" title=\"YouTube video player\" frameborder=\"0\" allow=\"accelerometer; autoplay; clipboard-write; encrypted-media; gyroscope; picture-in-picture; web-share\" referrerpolicy=\"strict-origin-when-cross-origin\" allowfullscreen><\/iframe>\n\n\n\n<p class=\"wp-block-paragraph\">Seg\u00fan testigos, la agresora ingres\u00f3 sin autorizaci\u00f3n al aula y confront\u00f3 a la docente por un conflicto relacionado con su hija. La discusi\u00f3n se intensific\u00f3 r\u00e1pidamente y culmin\u00f3 en agresiones f\u00edsicas que obligaron a trasladar a la profesora al hospital general Dr. Pedro Coronel P\u00e9rez, donde recibi\u00f3 atenci\u00f3n m\u00e9dica.<\/p>\n\n\n\n<p class=\"wp-block-paragraph\">Hasta ahora, ni la Secretar\u00eda de Educaci\u00f3n de Veracruz (SEV) ni la direcci\u00f3n de la escuela han emitido un pronunciamiento oficial sobre el caso. Tampoco se ha confirmado si la maestra ha presentado una denuncia formal ante la Fiscal\u00eda General del Estado.<\/p>\n\n\n\n<figure class=\"wp-block-image size-full\"><img loading=\"lazy\" decoding=\"async\" width=\"783\" height=\"441\" src=\"https:\/\/webdelmaestrocmf.com\/portal\/wp-content\/uploads\/2025\/07\/248dff1e-4947-44f1-acf7-b4c3d6e546f1-2.jpg\" alt=\"\" class=\"wp-image-110999\" srcset=\"https:\/\/webdelmaestrocmf.com\/portal\/wp-content\/uploads\/2025\/07\/248dff1e-4947-44f1-acf7-b4c3d6e546f1-2.jpg 783w, https:\/\/webdelmaestrocmf.com\/portal\/wp-content\/uploads\/2025\/07\/248dff1e-4947-44f1-acf7-b4c3d6e546f1-2-300x169.jpg 300w, https:\/\/webdelmaestrocmf.com\/portal\/wp-content\/uploads\/2025\/07\/248dff1e-4947-44f1-acf7-b4c3d6e546f1-2-768x433.jpg 768w, https:\/\/webdelmaestrocmf.com\/portal\/wp-content\/uploads\/2025\/07\/248dff1e-4947-44f1-acf7-b4c3d6e546f1-2-332x187.jpg 332w, https:\/\/webdelmaestrocmf.com\/portal\/wp-content\/uploads\/2025\/07\/248dff1e-4947-44f1-acf7-b4c3d6e546f1-2-664x374.jpg 664w, https:\/\/webdelmaestrocmf.com\/portal\/wp-content\/uploads\/2025\/07\/248dff1e-4947-44f1-acf7-b4c3d6e546f1-2-688x387.jpg 688w\" sizes=\"auto, (max-width: 783px) 100vw, 783px\" \/><\/figure>\n\n\n\n<p class=\"wp-block-paragraph\">El hecho ha generado una profunda preocupaci\u00f3n entre la comunidad educativa. No solo por la gravedad del ataque, sino porque se produce en un contexto de creciente tensi\u00f3n: semanas atr\u00e1s, el mismo establecimiento fue escenario de otra controversia, cuando una madre acus\u00f3 p\u00fablicamente al director del plantel por presuntos actos de discriminaci\u00f3n.<\/p>\n\n\n\n<p class=\"wp-block-paragraph\">Para docentes y apoderados, la situaci\u00f3n exige una respuesta urgente. La reiteraci\u00f3n de hechos violentos pone en entredicho la seguridad en las escuelas p\u00fablicas y expone a los profesores a riesgos crecientes en el cumplimiento de su labor.<\/p>\n\n\n\n<figure class=\"wp-block-image size-full\"><img loading=\"lazy\" decoding=\"async\" width=\"900\" height=\"600\" src=\"https:\/\/webdelmaestrocmf.com\/portal\/wp-content\/uploads\/2025\/07\/FREXTBVUBBHLVNZ4JLWUEZCB5I.jpg\" alt=\"\" class=\"wp-image-110991\" srcset=\"https:\/\/webdelmaestrocmf.com\/portal\/wp-content\/uploads\/2025\/07\/FREXTBVUBBHLVNZ4JLWUEZCB5I.jpg 900w, https:\/\/webdelmaestrocmf.com\/portal\/wp-content\/uploads\/2025\/07\/FREXTBVUBBHLVNZ4JLWUEZCB5I-300x200.jpg 300w, https:\/\/webdelmaestrocmf.com\/portal\/wp-content\/uploads\/2025\/07\/FREXTBVUBBHLVNZ4JLWUEZCB5I-768x512.jpg 768w, https:\/\/webdelmaestrocmf.com\/portal\/wp-content\/uploads\/2025\/07\/FREXTBVUBBHLVNZ4JLWUEZCB5I-332x221.jpg 332w, https:\/\/webdelmaestrocmf.com\/portal\/wp-content\/uploads\/2025\/07\/FREXTBVUBBHLVNZ4JLWUEZCB5I-664x443.jpg 664w, https:\/\/webdelmaestrocmf.com\/portal\/wp-content\/uploads\/2025\/07\/FREXTBVUBBHLVNZ4JLWUEZCB5I-688x459.jpg 688w\" sizes=\"auto, (max-width: 900px) 100vw, 900px\" \/><\/figure>\n\n\n\n<h3 class=\"wp-block-heading\"><strong>Una tendencia alarmante<\/strong><\/h3>\n\n\n\n<p class=\"wp-block-paragraph\">Este caso en Veracruz no es aislado. El 13 de junio, en Pachuca, Hidalgo, una madre de familia irrumpi\u00f3 en el jard\u00edn de ni\u00f1os Enrique Laer y agredi\u00f3 f\u00edsicamente a una docente en presencia de varios menores. El hecho fue registrado en video por otros padres y se viraliz\u00f3 r\u00e1pidamente en redes sociales, provocando una ola de indignaci\u00f3n.<\/p>\n\n\n\n<p class=\"wp-block-paragraph\">Seg\u00fan versiones no oficiales, el motivo de la agresi\u00f3n fue un rumor relacionado con la hija de la atacante. En las im\u00e1genes, se observa c\u00f3mo la mujer lanza pu\u00f1etazos a la maestra mientras los ni\u00f1os, visiblemente asustados, permanecen cerca de sus salones. En respuesta, la direcci\u00f3n separ\u00f3 temporalmente a la docente agredida \u2014medida que ha generado controversia\u2014 y hasta la fecha no se ha emitido un comunicado oficial por parte de la Secretar\u00eda de Educaci\u00f3n P\u00fablica de Hidalgo.<\/p>\n\n\n\n<p class=\"wp-block-paragraph\">Padres de familia en la capital hidalguense han exigido mayores controles de acceso, personal de seguridad y protocolos claros para enfrentar casos de violencia dentro de los planteles.<\/p>\n\n\n\n<iframe loading=\"lazy\" width=\"100%\" height=\"315\" src=\"https:\/\/www.youtube.com\/embed\/MpTF3Uw1oQU?si=BlILRThDqHvaLLBj\" title=\"YouTube video player\" frameborder=\"0\" allow=\"accelerometer; autoplay; clipboard-write; encrypted-media; gyroscope; picture-in-picture; web-share\" referrerpolicy=\"strict-origin-when-cross-origin\" allowfullscreen><\/iframe>\n\n\n\n<h3 class=\"wp-block-heading\"><strong>\u00bfDocentes desprotegidos?<\/strong><\/h3>\n\n\n\n<p class=\"wp-block-paragraph\">Frente a estos episodios, voces del gremio docente y comunidades escolares han comenzado a alzar la voz, exigiendo que se respalde institucionalmente a los maestros. La recomendaci\u00f3n entre profesores es clara: evitar atender a padres dentro del aula, buscar espacios seguros para reuniones y, en caso de agresiones o amenazas, levantar inmediatamente la denuncia.<\/p>\n\n\n\n<p class=\"wp-block-paragraph\">Adem\u00e1s, algunos docentes han sugerido que las denuncias pueden respaldar solicitudes de cambio de centro de trabajo, como medida de protecci\u00f3n.<\/p>\n\n\n\n<p class=\"wp-block-paragraph\">El silencio institucional ante estos hechos \u2014la falta de posicionamientos claros de autoridades educativas o sindicatos\u2014 ha sido tambi\u00e9n criticado. Muchos profesores sienten que est\u00e1n expuestos y desamparados ante situaciones que escapan completamente de su control.<\/p>\n\n\n\n<figure class=\"wp-block-image size-full\"><img loading=\"lazy\" decoding=\"async\" width=\"1003\" height=\"667\" src=\"https:\/\/webdelmaestrocmf.com\/portal\/wp-content\/uploads\/2025\/07\/fddf.jpg\" alt=\"\" class=\"wp-image-113044\" srcset=\"https:\/\/webdelmaestrocmf.com\/portal\/wp-content\/uploads\/2025\/07\/fddf.jpg 1003w, https:\/\/webdelmaestrocmf.com\/portal\/wp-content\/uploads\/2025\/07\/fddf-300x200.jpg 300w, https:\/\/webdelmaestrocmf.com\/portal\/wp-content\/uploads\/2025\/07\/fddf-768x511.jpg 768w, https:\/\/webdelmaestrocmf.com\/portal\/wp-content\/uploads\/2025\/07\/fddf-332x221.jpg 332w, https:\/\/webdelmaestrocmf.com\/portal\/wp-content\/uploads\/2025\/07\/fddf-664x442.jpg 664w, https:\/\/webdelmaestrocmf.com\/portal\/wp-content\/uploads\/2025\/07\/fddf-688x458.jpg 688w\" sizes=\"auto, (max-width: 1003px) 100vw, 1003px\" \/><\/figure>\n\n\n\n<h3 class=\"wp-block-heading\"><strong>Llamado urgente a las autoridades<\/strong><\/h3>\n\n\n\n<p class=\"wp-block-paragraph\">La reiteraci\u00f3n de casos de violencia contra docentes en M\u00e9xico exige una respuesta contundente del Estado y de las autoridades educativas. La labor docente se desarrolla cada vez m\u00e1s en contextos hostiles y con escasos mecanismos de protecci\u00f3n.<\/p>\n\n\n\n<p class=\"wp-block-paragraph\">La comunidad escolar en Las Choapas ha insistido en que se tomen medidas concretas, no solo sanciones posteriores, sino pol\u00edticas preventivas efectivas: controles de ingreso a los planteles, presencia de personal especializado en resoluci\u00f3n de conflictos, protocolos claros de atenci\u00f3n a padres y fortalecimiento del acompa\u00f1amiento institucional al profesorado.<\/p>\n\n\n\n<p class=\"wp-block-paragraph\">Mientras tanto, la maestra agredida en Veracruz sigue en recuperaci\u00f3n y el caso contin\u00faa sin resoluci\u00f3n. Lo que queda claro es que la violencia ya no est\u00e1 fuera de la escuela: ha entrado al aula y frente a los alumnos, y la reacci\u00f3n de las autoridades no puede seguir siendo el silencio.<\/p>\n\n\n\n<p class=\"has-text-align-right wp-block-paragraph\"><strong>Redacci\u00f3n | Web del Maestro CMF<\/strong><\/p>\n\n\n\t\t<div class=\"pk-inline-posts\">\n\t\t\t\t\t\t\t<h5 class=\"pk-inline-posts-title pk-title pk-font-block\">\n\t\t\t\t\t\u00daltimas entradas\t\t\t\t<\/h5>\n\t\t\t\n\t\t\t<div class=\"pk-inline-posts-container pk-inline-posts-template-list\"\n\t\t\t\tdata-columns=\"1\">\n\t\t\t\t\t\t<article id=\"post-121155\" class=\"post-121155 post type-post status-publish format-standard has-post-thumbnail category-noticias-internacionales tag-comunidad-educativa tag-docentes tag-educacion-2 tag-educacion-civica-2 tag-educacion-patriotica tag-educacion-preescolar tag-estudiantes tag-formacion-integral tag-politica-educativa tag-valores cs-entry cs-video-wrap\">\n\t\t\t<div class=\"pk-post-outer\">\n\n\t\t\t\t\t\t\t\t<div class=\"pk-post-inner\">\n\t\t\t\t\t<div class=\"entry-thumbnail\">\n\t\t\t\t\t\t<div class=\"pk-overlay pk-overlay-ratio pk-ratio-landscape\">\n\t\t\t\t\t\t\t<div class=\"pk-overlay-background\">\n\t\t\t\t\t\t\t\t<a href=\"https:\/\/webdelmaestrocmf.com\/portal\/el-ministerio-de-educacion-de-rusia-aprueba-el-plan-educativo-para-el-curso-2026-27\/\" class=\"pk-overlay-link\">\n\t\t\t\t\t\t\t\t\t<img loading=\"lazy\" decoding=\"async\" width=\"300\" height=\"225\" src=\"https:\/\/webdelmaestrocmf.com\/portal\/wp-content\/uploads\/2026\/09\/1AA-Banner-1-portada-imagen-10-1-copia-20-300x225.webp\" class=\"attachment-pk-thumbnail size-pk-thumbnail wp-post-image\" alt=\"\" \/>\t\t\t\t\t\t\t\t<\/a>\n\t\t\t\t\t\t\t<\/div>\n\t\t\t\t\t\t<\/div>\n\t\t\t\t\t<\/div>\n\t\t\t\t<\/div>\n\t\t\t\t\n\t\t\t\t<div class=\"pk-post-inner\">\n\t\t\t\t\t<header>\n\t\t\t\t\t\t<h3 class=\"pk-title\"><a href=\"https:\/\/webdelmaestrocmf.com\/portal\/el-ministerio-de-educacion-de-rusia-aprueba-el-plan-educativo-para-el-curso-2026-27\/\" rel=\"bookmark\">El Ministerio de Educaci\u00f3n de Rusia aprueba el plan educativo para el curso 2026\/27<\/a><\/h3>\t\t\t\t\t<\/header><!-- .entry-header -->\n\t\t\t\t<\/div><!-- .post-inner -->\n\n\t\t\t<\/div><!-- .post-outer -->\n\t\t<\/article>\n\t\t\t<article id=\"post-121053\" class=\"post-121053 post type-post status-publish format-standard has-post-thumbnail category-noticias-internacionales tag-deporte tag-educacion-2 tag-fair-play tag-formacion-deportiva tag-futbol-2 tag-infancia tag-juego-limpio tag-mundial tag-trabajo-en-equipo tag-valores cs-entry cs-video-wrap\">\n\t\t\t<div class=\"pk-post-outer\">\n\n\t\t\t\t\t\t\t\t<div class=\"pk-post-inner\">\n\t\t\t\t\t<div class=\"entry-thumbnail\">\n\t\t\t\t\t\t<div class=\"pk-overlay pk-overlay-ratio pk-ratio-landscape\">\n\t\t\t\t\t\t\t<div class=\"pk-overlay-background\">\n\t\t\t\t\t\t\t\t<a href=\"https:\/\/webdelmaestrocmf.com\/portal\/javier-bardem-elogia-a-la-seleccion-campeona-y-destaca-el-juego-limpio-como-ejemplo-para-millones-de-ninos\/\" class=\"pk-overlay-link\">\n\t\t\t\t\t\t\t\t\t<img loading=\"lazy\" decoding=\"async\" width=\"300\" height=\"225\" src=\"https:\/\/webdelmaestrocmf.com\/portal\/wp-content\/uploads\/2026\/07\/1AA-Banner-1-portada-imagen-10-1-copia-16-1-300x225.webp\" class=\"attachment-pk-thumbnail size-pk-thumbnail wp-post-image\" alt=\"\" \/>\t\t\t\t\t\t\t\t<\/a>\n\t\t\t\t\t\t\t<\/div>\n\t\t\t\t\t\t<\/div>\n\t\t\t\t\t<\/div>\n\t\t\t\t<\/div>\n\t\t\t\t\n\t\t\t\t<div class=\"pk-post-inner\">\n\t\t\t\t\t<header>\n\t\t\t\t\t\t<h3 class=\"pk-title\"><a href=\"https:\/\/webdelmaestrocmf.com\/portal\/javier-bardem-elogia-a-la-seleccion-campeona-y-destaca-el-juego-limpio-como-ejemplo-para-millones-de-ninos\/\" rel=\"bookmark\">Javier Bardem elogia a la selecci\u00f3n campeona y destaca el juego limpio como ejemplo para millones de ni\u00f1os<\/a><\/h3>\t\t\t\t\t<\/header><!-- .entry-header -->\n\t\t\t\t<\/div><!-- .post-inner -->\n\n\t\t\t<\/div><!-- .post-outer -->\n\t\t<\/article>\n\t\t\t<article id=\"post-121041\" class=\"post-121041 post type-post status-publish format-standard has-post-thumbnail category-noticias-internacionales tag-agresion-a-docente tag-apoderados tag-comunidad-educativa tag-convivencia-escolar tag-ley-karin tag-proteccion-docente tag-salud-mental tag-seguridad-escolar tag-violencia-escolar cs-entry cs-video-wrap\">\n\t\t\t<div class=\"pk-post-outer\">\n\n\t\t\t\t\t\t\t\t<div class=\"pk-post-inner\">\n\t\t\t\t\t<div class=\"entry-thumbnail\">\n\t\t\t\t\t\t<div class=\"pk-overlay pk-overlay-ratio pk-ratio-landscape\">\n\t\t\t\t\t\t\t<div class=\"pk-overlay-background\">\n\t\t\t\t\t\t\t\t<a href=\"https:\/\/webdelmaestrocmf.com\/portal\/municipalidad-de-temuco-anuncia-acciones-legales-tras-agresion-de-un-apoderado-a-un-profesor-dentro-de-un-establecimiento-educacional\/\" class=\"pk-overlay-link\">\n\t\t\t\t\t\t\t\t\t<img loading=\"lazy\" decoding=\"async\" width=\"300\" height=\"225\" src=\"https:\/\/webdelmaestrocmf.com\/portal\/wp-content\/uploads\/2026\/07\/1AA-Banner-1-portada-imagen-10-1-copia-14-1-300x225.webp\" class=\"attachment-pk-thumbnail size-pk-thumbnail wp-post-image\" alt=\"\" \/>\t\t\t\t\t\t\t\t<\/a>\n\t\t\t\t\t\t\t<\/div>\n\t\t\t\t\t\t<\/div>\n\t\t\t\t\t<\/div>\n\t\t\t\t<\/div>\n\t\t\t\t\n\t\t\t\t<div class=\"pk-post-inner\">\n\t\t\t\t\t<header>\n\t\t\t\t\t\t<h3 class=\"pk-title\"><a href=\"https:\/\/webdelmaestrocmf.com\/portal\/municipalidad-de-temuco-anuncia-acciones-legales-tras-agresion-de-un-apoderado-a-un-profesor-dentro-de-un-establecimiento-educacional\/\" rel=\"bookmark\">Municipalidad de Temuco anuncia acciones legales tras agresi\u00f3n de un apoderado a un profesor dentro de un establecimiento educacional<\/a><\/h3>\t\t\t\t\t<\/header><!-- .entry-header -->\n\t\t\t\t<\/div><!-- .post-inner -->\n\n\t\t\t<\/div><!-- .post-outer -->\n\t\t<\/article>\n\t\t\t\t<\/div>\n\t\t<\/div>\n\t\t\n","protected":false},"excerpt":{"rendered":"El ataque ocurri\u00f3 frente a alumnos de tercer grado en Las Choapas, Veracruz. No es un hecho aislado: se suman nuevos casos de violencia escolar sin respuesta clara de las autoridades.","protected":false},"author":1,"featured_media":120709,"comment_status":"open","ping_status":"closed","sticky":false,"template":"","format":"standard","meta":{"_jetpack_newsletter_access":"","_jetpack_dont_email_post_to_subs":false,"_jetpack_newsletter_tier_id":0,"_jetpack_memberships_contains_paywalled_content":false,"csco_display_header_overlay":false,"csco_singular_sidebar":"","csco_page_header_type":"","csco_page_load_nextpost":"","csco_post_video_location":[],"csco_post_video_location_hash":"","csco_post_video_url":"","csco_post_video_bg_start_time":0,"csco_post_video_bg_end_time":0,"csco_post_video_bg_volume":false,"_jetpack_feature_clip_id":0,"_jetpack_memberships_contains_paid_content":false,"footnotes":"","jetpack_post_was_ever_published":false},"categories":[23790],"tags":[2315,596,52,23928],"class_list":["post-110988","post","type-post","status-publish","format-standard","has-post-thumbnail","category-noticias-internacionales","tag-agresion","tag-aula","tag-docente","tag-hospitalizada","cs-entry","cs-video-wrap"],"yoast_head":"<!-- This site is optimized with the Yoast SEO plugin v28.4 - https:\/\/yoast.com\/product\/yoast-seo-wordpress\/ -->\n<title>Docente hospitalizada tras brutal agresi\u00f3n de madre de familia en el aula: crece la preocupaci\u00f3n por la seguridad del profesorado en M\u00e9xico - 2026<\/title>\n<meta name=\"description\" content=\"La agresi\u00f3n ocurri\u00f3 la ma\u00f1ana del viernes 4 de julio, frente a varios estudiantes y apoderados presentes en el plantel.\" \/>\n<meta name=\"robots\" content=\"index, follow, max-snippet:-1, max-image-preview:large, max-video-preview:-1\" \/>\n<link rel=\"canonical\" href=\"https:\/\/webdelmaestrocmf.com\/portal\/docente-hospitalizada-tras-brutal-agresion-en-aula-crece-la-preocupacion-por-la-seguridad-del-profesorado-en-mexico\/\" \/>\n<meta property=\"og:locale\" content=\"es_ES\" \/>\n<meta property=\"og:type\" content=\"article\" \/>\n<meta property=\"og:title\" content=\"Docente hospitalizada tras brutal agresi\u00f3n de madre de familia en el aula: crece la preocupaci\u00f3n por la seguridad del profesorado en M\u00e9xico - 2026\" \/>\n<meta property=\"og:description\" content=\"La agresi\u00f3n ocurri\u00f3 la ma\u00f1ana del viernes 4 de julio, frente a varios estudiantes y apoderados presentes en el plantel.\" \/>\n<meta property=\"og:url\" content=\"https:\/\/webdelmaestrocmf.com\/portal\/docente-hospitalizada-tras-brutal-agresion-en-aula-crece-la-preocupacion-por-la-seguridad-del-profesorado-en-mexico\/\" \/>\n<meta property=\"og:site_name\" content=\"Web del Maestro CMF\" \/>\n<meta property=\"article:publisher\" content=\"https:\/\/www.facebook.com\/WebdelMaestroCMF\/\" \/>\n<meta property=\"article:author\" content=\"https:\/\/www.facebook.com\/WebdelMaestroCMF\/\" \/>\n<meta property=\"article:published_time\" content=\"2025-10-01T14:22:00+00:00\" \/>\n<meta property=\"article:modified_time\" content=\"2026-07-05T22:48:18+00:00\" \/>\n<meta property=\"og:image\" content=\"https:\/\/webdelmaestrocmf.com\/portal\/wp-content\/uploads\/2025\/10\/1AA-Banner-1-portada-imagen-10-1-copia-12.webp\" \/>\n\t<meta property=\"og:image:width\" content=\"1200\" \/>\n\t<meta property=\"og:image:height\" content=\"675\" \/>\n\t<meta property=\"og:image:type\" content=\"image\/webp\" \/>\n<meta name=\"author\" content=\"Web del Maestro CMF\" \/>\n<meta name=\"twitter:card\" content=\"summary_large_image\" \/>\n<meta name=\"twitter:creator\" content=\"@cmf_w\" \/>\n<meta name=\"twitter:site\" content=\"@cmf_w\" \/>\n<script type=\"application\/ld+json\" class=\"yoast-schema-graph\">{\"@context\":\"https:\\\/\\\/schema.org\",\"@graph\":[{\"@type\":\"ScholarlyArticle\",\"@id\":\"https:\\\/\\\/webdelmaestrocmf.com\\\/portal\\\/docente-hospitalizada-tras-brutal-agresion-en-aula-crece-la-preocupacion-por-la-seguridad-del-profesorado-en-mexico\\\/#article\",\"isPartOf\":{\"@id\":\"https:\\\/\\\/webdelmaestrocmf.com\\\/portal\\\/docente-hospitalizada-tras-brutal-agresion-en-aula-crece-la-preocupacion-por-la-seguridad-del-profesorado-en-mexico\\\/\"},\"author\":{\"name\":\"Web del Maestro CMF\",\"@id\":\"https:\\\/\\\/webdelmaestrocmf.com\\\/portal\\\/#\\\/schema\\\/person\\\/1072a2ed7bd960df8ef99a551fa35dc5\"},\"headline\":\"Docente hospitalizada tras brutal agresi\u00f3n de madre de familia en el aula: crece la preocupaci\u00f3n por la seguridad del profesorado en M\u00e9xico\",\"datePublished\":\"2025-10-01T14:22:00+00:00\",\"dateModified\":\"2026-07-05T22:48:18+00:00\",\"mainEntityOfPage\":{\"@id\":\"https:\\\/\\\/webdelmaestrocmf.com\\\/portal\\\/docente-hospitalizada-tras-brutal-agresion-en-aula-crece-la-preocupacion-por-la-seguridad-del-profesorado-en-mexico\\\/\"},\"wordCount\":775,\"commentCount\":6,\"publisher\":{\"@id\":\"https:\\\/\\\/webdelmaestrocmf.com\\\/portal\\\/#organization\"},\"image\":{\"@id\":\"https:\\\/\\\/webdelmaestrocmf.com\\\/portal\\\/docente-hospitalizada-tras-brutal-agresion-en-aula-crece-la-preocupacion-por-la-seguridad-del-profesorado-en-mexico\\\/#primaryimage\"},\"thumbnailUrl\":\"https:\\\/\\\/webdelmaestrocmf.com\\\/portal\\\/wp-content\\\/uploads\\\/2025\\\/10\\\/1AA-Banner-1-portada-imagen-10-1-copia-12.webp\",\"keywords\":[\"AGRESI\u00d3N\",\"aula\",\"DOCENTE\",\"hospitalizada\"],\"articleSection\":[\"Noticias Internacionales\"],\"inLanguage\":\"es\",\"potentialAction\":[{\"@type\":\"CommentAction\",\"name\":\"Comment\",\"target\":[\"https:\\\/\\\/webdelmaestrocmf.com\\\/portal\\\/docente-hospitalizada-tras-brutal-agresion-en-aula-crece-la-preocupacion-por-la-seguridad-del-profesorado-en-mexico\\\/#respond\"]}]},{\"@type\":\"WebPage\",\"@id\":\"https:\\\/\\\/webdelmaestrocmf.com\\\/portal\\\/docente-hospitalizada-tras-brutal-agresion-en-aula-crece-la-preocupacion-por-la-seguridad-del-profesorado-en-mexico\\\/\",\"url\":\"https:\\\/\\\/webdelmaestrocmf.com\\\/portal\\\/docente-hospitalizada-tras-brutal-agresion-en-aula-crece-la-preocupacion-por-la-seguridad-del-profesorado-en-mexico\\\/\",\"name\":\"Docente hospitalizada tras brutal agresi\u00f3n de madre de familia en el aula: crece la preocupaci\u00f3n por la seguridad del profesorado en M\u00e9xico - 2026\",\"isPartOf\":{\"@id\":\"https:\\\/\\\/webdelmaestrocmf.com\\\/portal\\\/#website\"},\"primaryImageOfPage\":{\"@id\":\"https:\\\/\\\/webdelmaestrocmf.com\\\/portal\\\/docente-hospitalizada-tras-brutal-agresion-en-aula-crece-la-preocupacion-por-la-seguridad-del-profesorado-en-mexico\\\/#primaryimage\"},\"image\":{\"@id\":\"https:\\\/\\\/webdelmaestrocmf.com\\\/portal\\\/docente-hospitalizada-tras-brutal-agresion-en-aula-crece-la-preocupacion-por-la-seguridad-del-profesorado-en-mexico\\\/#primaryimage\"},\"thumbnailUrl\":\"https:\\\/\\\/webdelmaestrocmf.com\\\/portal\\\/wp-content\\\/uploads\\\/2025\\\/10\\\/1AA-Banner-1-portada-imagen-10-1-copia-12.webp\",\"datePublished\":\"2025-10-01T14:22:00+00:00\",\"dateModified\":\"2026-07-05T22:48:18+00:00\",\"description\":\"La agresi\u00f3n ocurri\u00f3 la ma\u00f1ana del viernes 4 de julio, frente a varios estudiantes y apoderados presentes en el plantel.\",\"breadcrumb\":{\"@id\":\"https:\\\/\\\/webdelmaestrocmf.com\\\/portal\\\/docente-hospitalizada-tras-brutal-agresion-en-aula-crece-la-preocupacion-por-la-seguridad-del-profesorado-en-mexico\\\/#breadcrumb\"},\"inLanguage\":\"es\",\"potentialAction\":[{\"@type\":\"ReadAction\",\"target\":[\"https:\\\/\\\/webdelmaestrocmf.com\\\/portal\\\/docente-hospitalizada-tras-brutal-agresion-en-aula-crece-la-preocupacion-por-la-seguridad-del-profesorado-en-mexico\\\/\"]}]},{\"@type\":\"ImageObject\",\"inLanguage\":\"es\",\"@id\":\"https:\\\/\\\/webdelmaestrocmf.com\\\/portal\\\/docente-hospitalizada-tras-brutal-agresion-en-aula-crece-la-preocupacion-por-la-seguridad-del-profesorado-en-mexico\\\/#primaryimage\",\"url\":\"https:\\\/\\\/webdelmaestrocmf.com\\\/portal\\\/wp-content\\\/uploads\\\/2025\\\/10\\\/1AA-Banner-1-portada-imagen-10-1-copia-12.webp\",\"contentUrl\":\"https:\\\/\\\/webdelmaestrocmf.com\\\/portal\\\/wp-content\\\/uploads\\\/2025\\\/10\\\/1AA-Banner-1-portada-imagen-10-1-copia-12.webp\",\"width\":1200,\"height\":675},{\"@type\":\"BreadcrumbList\",\"@id\":\"https:\\\/\\\/webdelmaestrocmf.com\\\/portal\\\/docente-hospitalizada-tras-brutal-agresion-en-aula-crece-la-preocupacion-por-la-seguridad-del-profesorado-en-mexico\\\/#breadcrumb\",\"itemListElement\":[{\"@type\":\"ListItem\",\"position\":1,\"name\":\"Portada\",\"item\":\"https:\\\/\\\/webdelmaestrocmf.com\\\/portal\\\/\"},{\"@type\":\"ListItem\",\"position\":2,\"name\":\"Noticias Internacionales\",\"item\":\"https:\\\/\\\/webdelmaestrocmf.com\\\/portal\\\/category\\\/noticias-internacionales\\\/\"},{\"@type\":\"ListItem\",\"position\":3,\"name\":\"Docente hospitalizada tras brutal agresi\u00f3n de madre de familia en el aula: crece la preocupaci\u00f3n por la seguridad del profesorado en M\u00e9xico\"}]},{\"@type\":\"WebSite\",\"@id\":\"https:\\\/\\\/webdelmaestrocmf.com\\\/portal\\\/#website\",\"url\":\"https:\\\/\\\/webdelmaestrocmf.com\\\/portal\\\/\",\"name\":\"Web del Maestro CMF\",\"description\":\"Maestros al servicio de la educaci\u00f3n\",\"publisher\":{\"@id\":\"https:\\\/\\\/webdelmaestrocmf.com\\\/portal\\\/#organization\"},\"alternateName\":\"WMCMF\",\"potentialAction\":[{\"@type\":\"SearchAction\",\"target\":{\"@type\":\"EntryPoint\",\"urlTemplate\":\"https:\\\/\\\/webdelmaestrocmf.com\\\/portal\\\/?s={search_term_string}\"},\"query-input\":{\"@type\":\"PropertyValueSpecification\",\"valueRequired\":true,\"valueName\":\"search_term_string\"}}],\"inLanguage\":\"es\"},{\"@type\":\"Organization\",\"@id\":\"https:\\\/\\\/webdelmaestrocmf.com\\\/portal\\\/#organization\",\"name\":\"Web del Maestro CMF\",\"alternateName\":\"WMCMF\",\"url\":\"https:\\\/\\\/webdelmaestrocmf.com\\\/portal\\\/\",\"logo\":{\"@type\":\"ImageObject\",\"inLanguage\":\"es\",\"@id\":\"https:\\\/\\\/webdelmaestrocmf.com\\\/portal\\\/#\\\/schema\\\/logo\\\/image\\\/\",\"url\":\"https:\\\/\\\/webdelmaestrocmf.com\\\/portal\\\/wp-content\\\/uploads\\\/2023\\\/01\\\/logo-wmcmf-2.png\",\"contentUrl\":\"https:\\\/\\\/webdelmaestrocmf.com\\\/portal\\\/wp-content\\\/uploads\\\/2023\\\/01\\\/logo-wmcmf-2.png\",\"width\":200,\"height\":60,\"caption\":\"Web del Maestro CMF\"},\"image\":{\"@id\":\"https:\\\/\\\/webdelmaestrocmf.com\\\/portal\\\/#\\\/schema\\\/logo\\\/image\\\/\"},\"sameAs\":[\"https:\\\/\\\/www.facebook.com\\\/WebdelMaestroCMF\\\/\",\"https:\\\/\\\/x.com\\\/cmf_w\",\"https:\\\/\\\/www.pinterest.com\\\/WMCMF\\\/\",\"https:\\\/\\\/www.linkedin.com\\\/company\\\/web-del-maestro-cmf\\\/\",\"https:\\\/\\\/www.instagram.com\\\/wmcmf\\\/\",\"https:\\\/\\\/www.youtube.com\\\/channel\\\/UCDPSvjbdodE5sHnC3OxutHw\",\"https:\\\/\\\/mastodon.social\\\/@wmcmf\",\"https:\\\/\\\/www.tiktok.com\\\/@webdelmaestrocmf\"]},{\"@type\":\"Person\",\"@id\":\"https:\\\/\\\/webdelmaestrocmf.com\\\/portal\\\/#\\\/schema\\\/person\\\/1072a2ed7bd960df8ef99a551fa35dc5\",\"name\":\"Web del Maestro CMF\",\"image\":{\"@type\":\"ImageObject\",\"inLanguage\":\"es\",\"@id\":\"https:\\\/\\\/secure.gravatar.com\\\/avatar\\\/23291dd5b5ae1077dcff3dbb04c3e02bd28403fa75af6d8787d5e97c5bbbe30b?s=96&d=mm&r=g\",\"url\":\"https:\\\/\\\/secure.gravatar.com\\\/avatar\\\/23291dd5b5ae1077dcff3dbb04c3e02bd28403fa75af6d8787d5e97c5bbbe30b?s=96&d=mm&r=g\",\"contentUrl\":\"https:\\\/\\\/secure.gravatar.com\\\/avatar\\\/23291dd5b5ae1077dcff3dbb04c3e02bd28403fa75af6d8787d5e97c5bbbe30b?s=96&d=mm&r=g\",\"caption\":\"Web del Maestro CMF\"},\"description\":\"Esta Web se cre\u00f3 sin fines de lucro, con fines educativos, cient\u00edficos y acad\u00e9micos, para personas que tengan dificultades y\\\/o inconvenientes en visualizar el material original. El objetivo es entregar recursos, compartir experiencias y materiales que ayuden a los padres de familia, maestros y estudiantes en su actualizaci\u00f3n y formaci\u00f3n permanente, en bien de la Educaci\u00f3n.\",\"sameAs\":[\"http:\\\/\\\/webdelmaestrocmf.com\\\/portal\",\"https:\\\/\\\/www.facebook.com\\\/WebdelMaestroCMF\\\/\",\"https:\\\/\\\/www.instagram.com\\\/wmcmf\\\/\",\"https:\\\/\\\/cl.linkedin.com\\\/company\\\/web-del-maestro-cmf\",\"https:\\\/\\\/www.pinterest.com\\\/WMCMF\\\/publicaciones\\\/\",\"https:\\\/\\\/x.com\\\/cmf_w\",\"https:\\\/\\\/www.youtube.com\\\/@WMCMF\"]}]}<\/script>\n<!-- \/ Yoast SEO plugin. -->","yoast_head_json":{"title":"Docente hospitalizada tras brutal agresi\u00f3n de madre de familia en el aula: crece la preocupaci\u00f3n por la seguridad del profesorado en M\u00e9xico - 2026","description":"La agresi\u00f3n ocurri\u00f3 la ma\u00f1ana del viernes 4 de julio, frente a varios estudiantes y apoderados presentes en el plantel.","robots":{"index":"index","follow":"follow","max-snippet":"max-snippet:-1","max-image-preview":"max-image-preview:large","max-video-preview":"max-video-preview:-1"},"canonical":"https:\/\/webdelmaestrocmf.com\/portal\/docente-hospitalizada-tras-brutal-agresion-en-aula-crece-la-preocupacion-por-la-seguridad-del-profesorado-en-mexico\/","og_locale":"es_ES","og_type":"article","og_title":"Docente hospitalizada tras brutal agresi\u00f3n de madre de familia en el aula: crece la preocupaci\u00f3n por la seguridad del profesorado en M\u00e9xico - 2026","og_description":"La agresi\u00f3n ocurri\u00f3 la ma\u00f1ana del viernes 4 de julio, frente a varios estudiantes y apoderados presentes en el plantel.","og_url":"https:\/\/webdelmaestrocmf.com\/portal\/docente-hospitalizada-tras-brutal-agresion-en-aula-crece-la-preocupacion-por-la-seguridad-del-profesorado-en-mexico\/","og_site_name":"Web del Maestro CMF","article_publisher":"https:\/\/www.facebook.com\/WebdelMaestroCMF\/","article_author":"https:\/\/www.facebook.com\/WebdelMaestroCMF\/","article_published_time":"2025-10-01T14:22:00+00:00","article_modified_time":"2026-07-05T22:48:18+00:00","og_image":[{"width":1200,"height":675,"url":"https:\/\/webdelmaestrocmf.com\/portal\/wp-content\/uploads\/2025\/10\/1AA-Banner-1-portada-imagen-10-1-copia-12.webp","type":"image\/webp"}],"author":"Web del Maestro CMF","twitter_card":"summary_large_image","twitter_creator":"@cmf_w","twitter_site":"@cmf_w","schema":{"@context":"https:\/\/schema.org","@graph":[{"@type":"ScholarlyArticle","@id":"https:\/\/webdelmaestrocmf.com\/portal\/docente-hospitalizada-tras-brutal-agresion-en-aula-crece-la-preocupacion-por-la-seguridad-del-profesorado-en-mexico\/#article","isPartOf":{"@id":"https:\/\/webdelmaestrocmf.com\/portal\/docente-hospitalizada-tras-brutal-agresion-en-aula-crece-la-preocupacion-por-la-seguridad-del-profesorado-en-mexico\/"},"author":{"name":"Web del Maestro CMF","@id":"https:\/\/webdelmaestrocmf.com\/portal\/#\/schema\/person\/1072a2ed7bd960df8ef99a551fa35dc5"},"headline":"Docente hospitalizada tras brutal agresi\u00f3n de madre de familia en el aula: crece la preocupaci\u00f3n por la seguridad del profesorado en M\u00e9xico","datePublished":"2025-10-01T14:22:00+00:00","dateModified":"2026-07-05T22:48:18+00:00","mainEntityOfPage":{"@id":"https:\/\/webdelmaestrocmf.com\/portal\/docente-hospitalizada-tras-brutal-agresion-en-aula-crece-la-preocupacion-por-la-seguridad-del-profesorado-en-mexico\/"},"wordCount":775,"commentCount":6,"publisher":{"@id":"https:\/\/webdelmaestrocmf.com\/portal\/#organization"},"image":{"@id":"https:\/\/webdelmaestrocmf.com\/portal\/docente-hospitalizada-tras-brutal-agresion-en-aula-crece-la-preocupacion-por-la-seguridad-del-profesorado-en-mexico\/#primaryimage"},"thumbnailUrl":"https:\/\/webdelmaestrocmf.com\/portal\/wp-content\/uploads\/2025\/10\/1AA-Banner-1-portada-imagen-10-1-copia-12.webp","keywords":["AGRESI\u00d3N","aula","DOCENTE","hospitalizada"],"articleSection":["Noticias Internacionales"],"inLanguage":"es","potentialAction":[{"@type":"CommentAction","name":"Comment","target":["https:\/\/webdelmaestrocmf.com\/portal\/docente-hospitalizada-tras-brutal-agresion-en-aula-crece-la-preocupacion-por-la-seguridad-del-profesorado-en-mexico\/#respond"]}]},{"@type":"WebPage","@id":"https:\/\/webdelmaestrocmf.com\/portal\/docente-hospitalizada-tras-brutal-agresion-en-aula-crece-la-preocupacion-por-la-seguridad-del-profesorado-en-mexico\/","url":"https:\/\/webdelmaestrocmf.com\/portal\/docente-hospitalizada-tras-brutal-agresion-en-aula-crece-la-preocupacion-por-la-seguridad-del-profesorado-en-mexico\/","name":"Docente hospitalizada tras brutal agresi\u00f3n de madre de familia en el aula: crece la preocupaci\u00f3n por la seguridad del profesorado en M\u00e9xico - 2026","isPartOf":{"@id":"https:\/\/webdelmaestrocmf.com\/portal\/#website"},"primaryImageOfPage":{"@id":"https:\/\/webdelmaestrocmf.com\/portal\/docente-hospitalizada-tras-brutal-agresion-en-aula-crece-la-preocupacion-por-la-seguridad-del-profesorado-en-mexico\/#primaryimage"},"image":{"@id":"https:\/\/webdelmaestrocmf.com\/portal\/docente-hospitalizada-tras-brutal-agresion-en-aula-crece-la-preocupacion-por-la-seguridad-del-profesorado-en-mexico\/#primaryimage"},"thumbnailUrl":"https:\/\/webdelmaestrocmf.com\/portal\/wp-content\/uploads\/2025\/10\/1AA-Banner-1-portada-imagen-10-1-copia-12.webp","datePublished":"2025-10-01T14:22:00+00:00","dateModified":"2026-07-05T22:48:18+00:00","description":"La agresi\u00f3n ocurri\u00f3 la ma\u00f1ana del viernes 4 de julio, frente a varios estudiantes y apoderados presentes en el plantel.","breadcrumb":{"@id":"https:\/\/webdelmaestrocmf.com\/portal\/docente-hospitalizada-tras-brutal-agresion-en-aula-crece-la-preocupacion-por-la-seguridad-del-profesorado-en-mexico\/#breadcrumb"},"inLanguage":"es","potentialAction":[{"@type":"ReadAction","target":["https:\/\/webdelmaestrocmf.com\/portal\/docente-hospitalizada-tras-brutal-agresion-en-aula-crece-la-preocupacion-por-la-seguridad-del-profesorado-en-mexico\/"]}]},{"@type":"ImageObject","inLanguage":"es","@id":"https:\/\/webdelmaestrocmf.com\/portal\/docente-hospitalizada-tras-brutal-agresion-en-aula-crece-la-preocupacion-por-la-seguridad-del-profesorado-en-mexico\/#primaryimage","url":"https:\/\/webdelmaestrocmf.com\/portal\/wp-content\/uploads\/2025\/10\/1AA-Banner-1-portada-imagen-10-1-copia-12.webp","contentUrl":"https:\/\/webdelmaestrocmf.com\/portal\/wp-content\/uploads\/2025\/10\/1AA-Banner-1-portada-imagen-10-1-copia-12.webp","width":1200,"height":675},{"@type":"BreadcrumbList","@id":"https:\/\/webdelmaestrocmf.com\/portal\/docente-hospitalizada-tras-brutal-agresion-en-aula-crece-la-preocupacion-por-la-seguridad-del-profesorado-en-mexico\/#breadcrumb","itemListElement":[{"@type":"ListItem","position":1,"name":"Portada","item":"https:\/\/webdelmaestrocmf.com\/portal\/"},{"@type":"ListItem","position":2,"name":"Noticias Internacionales","item":"https:\/\/webdelmaestrocmf.com\/portal\/category\/noticias-internacionales\/"},{"@type":"ListItem","position":3,"name":"Docente hospitalizada tras brutal agresi\u00f3n de madre de familia en el aula: crece la preocupaci\u00f3n por la seguridad del profesorado en M\u00e9xico"}]},{"@type":"WebSite","@id":"https:\/\/webdelmaestrocmf.com\/portal\/#website","url":"https:\/\/webdelmaestrocmf.com\/portal\/","name":"Web del Maestro CMF","description":"Maestros al servicio de la educaci\u00f3n","publisher":{"@id":"https:\/\/webdelmaestrocmf.com\/portal\/#organization"},"alternateName":"WMCMF","potentialAction":[{"@type":"SearchAction","target":{"@type":"EntryPoint","urlTemplate":"https:\/\/webdelmaestrocmf.com\/portal\/?s={search_term_string}"},"query-input":{"@type":"PropertyValueSpecification","valueRequired":true,"valueName":"search_term_string"}}],"inLanguage":"es"},{"@type":"Organization","@id":"https:\/\/webdelmaestrocmf.com\/portal\/#organization","name":"Web del Maestro CMF","alternateName":"WMCMF","url":"https:\/\/webdelmaestrocmf.com\/portal\/","logo":{"@type":"ImageObject","inLanguage":"es","@id":"https:\/\/webdelmaestrocmf.com\/portal\/#\/schema\/logo\/image\/","url":"https:\/\/webdelmaestrocmf.com\/portal\/wp-content\/uploads\/2023\/01\/logo-wmcmf-2.png","contentUrl":"https:\/\/webdelmaestrocmf.com\/portal\/wp-content\/uploads\/2023\/01\/logo-wmcmf-2.png","width":200,"height":60,"caption":"Web del Maestro CMF"},"image":{"@id":"https:\/\/webdelmaestrocmf.com\/portal\/#\/schema\/logo\/image\/"},"sameAs":["https:\/\/www.facebook.com\/WebdelMaestroCMF\/","https:\/\/x.com\/cmf_w","https:\/\/www.pinterest.com\/WMCMF\/","https:\/\/www.linkedin.com\/company\/web-del-maestro-cmf\/","https:\/\/www.instagram.com\/wmcmf\/","https:\/\/www.youtube.com\/channel\/UCDPSvjbdodE5sHnC3OxutHw","https:\/\/mastodon.social\/@wmcmf","https:\/\/www.tiktok.com\/@webdelmaestrocmf"]},{"@type":"Person","@id":"https:\/\/webdelmaestrocmf.com\/portal\/#\/schema\/person\/1072a2ed7bd960df8ef99a551fa35dc5","name":"Web del Maestro CMF","image":{"@type":"ImageObject","inLanguage":"es","@id":"https:\/\/secure.gravatar.com\/avatar\/23291dd5b5ae1077dcff3dbb04c3e02bd28403fa75af6d8787d5e97c5bbbe30b?s=96&d=mm&r=g","url":"https:\/\/secure.gravatar.com\/avatar\/23291dd5b5ae1077dcff3dbb04c3e02bd28403fa75af6d8787d5e97c5bbbe30b?s=96&d=mm&r=g","contentUrl":"https:\/\/secure.gravatar.com\/avatar\/23291dd5b5ae1077dcff3dbb04c3e02bd28403fa75af6d8787d5e97c5bbbe30b?s=96&d=mm&r=g","caption":"Web del Maestro CMF"},"description":"Esta Web se cre\u00f3 sin fines de lucro, con fines educativos, cient\u00edficos y acad\u00e9micos, para personas que tengan dificultades y\/o inconvenientes en visualizar el material original. El objetivo es entregar recursos, compartir experiencias y materiales que ayuden a los padres de familia, maestros y estudiantes en su actualizaci\u00f3n y formaci\u00f3n permanente, en bien de la Educaci\u00f3n.","sameAs":["http:\/\/webdelmaestrocmf.com\/portal","https:\/\/www.facebook.com\/WebdelMaestroCMF\/","https:\/\/www.instagram.com\/wmcmf\/","https:\/\/cl.linkedin.com\/company\/web-del-maestro-cmf","https:\/\/www.pinterest.com\/WMCMF\/publicaciones\/","https:\/\/x.com\/cmf_w","https:\/\/www.youtube.com\/@WMCMF"]}]}},"jetpack_sharing_enabled":true,"jetpack-related-posts":[{"id":119924,"url":"https:\/\/webdelmaestrocmf.com\/portal\/alumno-de-17-anos-ataca-a-su-profesor-y-le-fractura-la-mandibula\/","url_meta":{"origin":110988,"position":0},"title":"Alumno de 17 a\u00f1os ataca a su profesor y le fractura la mand\u00edbula","author":"Web del Maestro CMF","date":"5 junio, 2026","format":false,"excerpt":"Profesor termina con fracturas faciales tras intentar detener una pelea entre estudiantes dentro del aula. El caso reabre el debate sobre violencia escolar, autoridad docente, seguridad educativa y responsabilidad penal juvenil.","rel":"","context":"En \u00abNoticias Internacionales\u00bb","block_context":{"text":"Noticias Internacionales","link":"https:\/\/webdelmaestrocmf.com\/portal\/category\/noticias-internacionales\/"},"img":{"alt_text":"","src":"https:\/\/i0.wp.com\/webdelmaestrocmf.com\/portal\/wp-content\/uploads\/2026\/06\/1AA-Banner-1-portada-imagen-10-1-copia-1-1.webp?resize=350%2C200&ssl=1","width":350,"height":200,"srcset":"https:\/\/i0.wp.com\/webdelmaestrocmf.com\/portal\/wp-content\/uploads\/2026\/06\/1AA-Banner-1-portada-imagen-10-1-copia-1-1.webp?resize=350%2C200&ssl=1 1x, https:\/\/i0.wp.com\/webdelmaestrocmf.com\/portal\/wp-content\/uploads\/2026\/06\/1AA-Banner-1-portada-imagen-10-1-copia-1-1.webp?resize=525%2C300&ssl=1 1.5x, https:\/\/i0.wp.com\/webdelmaestrocmf.com\/portal\/wp-content\/uploads\/2026\/06\/1AA-Banner-1-portada-imagen-10-1-copia-1-1.webp?resize=700%2C400&ssl=1 2x, https:\/\/i0.wp.com\/webdelmaestrocmf.com\/portal\/wp-content\/uploads\/2026\/06\/1AA-Banner-1-portada-imagen-10-1-copia-1-1.webp?resize=1050%2C600&ssl=1 3x"},"classes":[]},{"id":108793,"url":"https:\/\/webdelmaestrocmf.com\/portal\/violenta-agresion-en-una-escuela-de-neuquen-una-madre-y-su-hija-desfiguraron-a-golpes-a-la-directora\/","url_meta":{"origin":110988,"position":1},"title":"Violenta agresi\u00f3n en una escuela: una madre y su hija desfiguraron a golpes a la directora","author":"Web del Maestro CMF","date":"25 abril, 2025","format":false,"excerpt":"Directora brutalmente golpeada por madre y hermana de alumna tras un simple llamado de atenci\u00f3n. Violencia premeditada, descontrolada e injustificable. La escuela deja de ser segura: ense\u00f1ar hoy implica exponerse al miedo.","rel":"","context":"En \u00abNoticias Internacionales\u00bb","block_context":{"text":"Noticias Internacionales","link":"https:\/\/webdelmaestrocmf.com\/portal\/category\/noticias-internacionales\/"},"img":{"alt_text":"","src":"https:\/\/i0.wp.com\/webdelmaestrocmf.com\/portal\/wp-content\/uploads\/2025\/04\/1A-Banner-1-portada-imagen-10-1-copia-13.webp?resize=350%2C200&ssl=1","width":350,"height":200,"srcset":"https:\/\/i0.wp.com\/webdelmaestrocmf.com\/portal\/wp-content\/uploads\/2025\/04\/1A-Banner-1-portada-imagen-10-1-copia-13.webp?resize=350%2C200&ssl=1 1x, https:\/\/i0.wp.com\/webdelmaestrocmf.com\/portal\/wp-content\/uploads\/2025\/04\/1A-Banner-1-portada-imagen-10-1-copia-13.webp?resize=525%2C300&ssl=1 1.5x, https:\/\/i0.wp.com\/webdelmaestrocmf.com\/portal\/wp-content\/uploads\/2025\/04\/1A-Banner-1-portada-imagen-10-1-copia-13.webp?resize=700%2C400&ssl=1 2x"},"classes":[]},{"id":114788,"url":"https:\/\/webdelmaestrocmf.com\/portal\/queremos-ensenar-no-sobrevivir-en-el-aula-docentes-denuncian-un-aumento-sostenido-de-agresiones-verbales-y-fisicas-por-parte-del-alumnado\/","url_meta":{"origin":110988,"position":2},"title":"\u201cQueremos ense\u00f1ar, no sobrevivir en el aula\u201d: docentes denuncian un aumento sostenido de agresiones verbales y f\u00edsicas por parte del alumnado","author":"Web del Maestro CMF","date":"16 enero, 2026","format":false,"excerpt":"Ense\u00f1ar se ha vuelto una tarea de resistencia cotidiana, marcada por violencia, desprotecci\u00f3n institucional, sobrecarga burocr\u00e1tica y un profundo desgaste profesional.","rel":"","context":"En \u00abNoticias Internacionales\u00bb","block_context":{"text":"Noticias Internacionales","link":"https:\/\/webdelmaestrocmf.com\/portal\/category\/noticias-internacionales\/"},"img":{"alt_text":"","src":"https:\/\/i0.wp.com\/webdelmaestrocmf.com\/portal\/wp-content\/uploads\/2026\/01\/1AA-Banner-1-portada-imagen-10-1-copia-2-1.webp?resize=350%2C200&ssl=1","width":350,"height":200,"srcset":"https:\/\/i0.wp.com\/webdelmaestrocmf.com\/portal\/wp-content\/uploads\/2026\/01\/1AA-Banner-1-portada-imagen-10-1-copia-2-1.webp?resize=350%2C200&ssl=1 1x, https:\/\/i0.wp.com\/webdelmaestrocmf.com\/portal\/wp-content\/uploads\/2026\/01\/1AA-Banner-1-portada-imagen-10-1-copia-2-1.webp?resize=525%2C300&ssl=1 1.5x, https:\/\/i0.wp.com\/webdelmaestrocmf.com\/portal\/wp-content\/uploads\/2026\/01\/1AA-Banner-1-portada-imagen-10-1-copia-2-1.webp?resize=700%2C400&ssl=1 2x, https:\/\/i0.wp.com\/webdelmaestrocmf.com\/portal\/wp-content\/uploads\/2026\/01\/1AA-Banner-1-portada-imagen-10-1-copia-2-1.webp?resize=1050%2C600&ssl=1 3x"},"classes":[]},{"id":119978,"url":"https:\/\/webdelmaestrocmf.com\/portal\/maestra-termina-hospitalizada-tras-recibir-una-pedrada-durante-el-recreo-escolar\/","url_meta":{"origin":110988,"position":3},"title":"Maestra termina hospitalizada tras recibir una pedrada durante el recreo escolar","author":"Web del Maestro CMF","date":"8 junio, 2026","format":false,"excerpt":"Una maestra de preescolar termin\u00f3 herida tras recibir una pedrada lanzada desde una primaria cercana. El caso reabre el debate sobre violencia escolar, l\u00edmites, respeto docente y responsabilidad familiar en las escuelas.","rel":"","context":"En \u00abNoticias Internacionales\u00bb","block_context":{"text":"Noticias Internacionales","link":"https:\/\/webdelmaestrocmf.com\/portal\/category\/noticias-internacionales\/"},"img":{"alt_text":"","src":"https:\/\/i0.wp.com\/webdelmaestrocmf.com\/portal\/wp-content\/uploads\/2026\/06\/1AA-Banner-1-portada-imagen-10-1-copia-12-1.webp?resize=350%2C200&ssl=1","width":350,"height":200,"srcset":"https:\/\/i0.wp.com\/webdelmaestrocmf.com\/portal\/wp-content\/uploads\/2026\/06\/1AA-Banner-1-portada-imagen-10-1-copia-12-1.webp?resize=350%2C200&ssl=1 1x, https:\/\/i0.wp.com\/webdelmaestrocmf.com\/portal\/wp-content\/uploads\/2026\/06\/1AA-Banner-1-portada-imagen-10-1-copia-12-1.webp?resize=525%2C300&ssl=1 1.5x, https:\/\/i0.wp.com\/webdelmaestrocmf.com\/portal\/wp-content\/uploads\/2026\/06\/1AA-Banner-1-portada-imagen-10-1-copia-12-1.webp?resize=700%2C400&ssl=1 2x, https:\/\/i0.wp.com\/webdelmaestrocmf.com\/portal\/wp-content\/uploads\/2026\/06\/1AA-Banner-1-portada-imagen-10-1-copia-12-1.webp?resize=1050%2C600&ssl=1 3x"},"classes":[]},{"id":115670,"url":"https:\/\/webdelmaestrocmf.com\/portal\/noqueo-a-su-profesora-por-un-videojuego-alumno-da-una-paliza-a-su-profesora-por-quitarle-la-nintendo-switch-en-clase\/","url_meta":{"origin":110988,"position":4},"title":"Noque\u00f3 a su profesora por un videojuego: alumno da una paliza a su profesora por quitarle la Nintendo Switch en clase","author":"Web del Maestro CMF","date":"4 marzo, 2026","format":false,"excerpt":"El estudiante declar\u00f3 que estaba molesto con la v\u00edctima porque le quit\u00f3 su Nintendo Switch durante la clase, ha explicado la polic\u00eda en una comunicado.","rel":"","context":"En \u00abNoticias Internacionales\u00bb","block_context":{"text":"Noticias Internacionales","link":"https:\/\/webdelmaestrocmf.com\/portal\/category\/noticias-internacionales\/"},"img":{"alt_text":"","src":"https:\/\/i0.wp.com\/webdelmaestrocmf.com\/portal\/wp-content\/uploads\/2026\/03\/1A-Banner-1-portada-imagen-10-1-copia.webp?resize=350%2C200&ssl=1","width":350,"height":200,"srcset":"https:\/\/i0.wp.com\/webdelmaestrocmf.com\/portal\/wp-content\/uploads\/2026\/03\/1A-Banner-1-portada-imagen-10-1-copia.webp?resize=350%2C200&ssl=1 1x, https:\/\/i0.wp.com\/webdelmaestrocmf.com\/portal\/wp-content\/uploads\/2026\/03\/1A-Banner-1-portada-imagen-10-1-copia.webp?resize=525%2C300&ssl=1 1.5x, https:\/\/i0.wp.com\/webdelmaestrocmf.com\/portal\/wp-content\/uploads\/2026\/03\/1A-Banner-1-portada-imagen-10-1-copia.webp?resize=700%2C400&ssl=1 2x"},"classes":[]},{"id":111367,"url":"https:\/\/webdelmaestrocmf.com\/portal\/padres-agresores-cuando-se-rompe-la-alianza-entre-la-escuela-y-la-familia\/","url_meta":{"origin":110988,"position":5},"title":"Padres agresores: cuando se rompe la alianza entre la escuela y la familia","author":"Web del Maestro CMF","date":"20 julio, 2025","format":false,"excerpt":"La ruptura entre escuela y familia deja a docentes expuestos, erosiona la autoridad educativa y agrava la violencia institucional cotidiana.","rel":"","context":"En \u00abNoticias Internacionales\u00bb","block_context":{"text":"Noticias Internacionales","link":"https:\/\/webdelmaestrocmf.com\/portal\/category\/noticias-internacionales\/"},"img":{"alt_text":"","src":"https:\/\/i0.wp.com\/webdelmaestrocmf.com\/portal\/wp-content\/uploads\/2025\/07\/1A-Banner-1-portada-imagen-10-1-copia-67.webp?resize=350%2C200&ssl=1","width":350,"height":200,"srcset":"https:\/\/i0.wp.com\/webdelmaestrocmf.com\/portal\/wp-content\/uploads\/2025\/07\/1A-Banner-1-portada-imagen-10-1-copia-67.webp?resize=350%2C200&ssl=1 1x, https:\/\/i0.wp.com\/webdelmaestrocmf.com\/portal\/wp-content\/uploads\/2025\/07\/1A-Banner-1-portada-imagen-10-1-copia-67.webp?resize=525%2C300&ssl=1 1.5x, https:\/\/i0.wp.com\/webdelmaestrocmf.com\/portal\/wp-content\/uploads\/2025\/07\/1A-Banner-1-portada-imagen-10-1-copia-67.webp?resize=700%2C400&ssl=1 2x"},"classes":[]}],"jetpack_featured_media_url":"https:\/\/webdelmaestrocmf.com\/portal\/wp-content\/uploads\/2025\/10\/1AA-Banner-1-portada-imagen-10-1-copia-12.webp","_links":{"self":[{"href":"https:\/\/webdelmaestrocmf.com\/portal\/wp-json\/wp\/v2\/posts\/110988","targetHints":{"allow":["GET"]}}],"collection":[{"href":"https:\/\/webdelmaestrocmf.com\/portal\/wp-json\/wp\/v2\/posts"}],"about":[{"href":"https:\/\/webdelmaestrocmf.com\/portal\/wp-json\/wp\/v2\/types\/post"}],"author":[{"embeddable":true,"href":"https:\/\/webdelmaestrocmf.com\/portal\/wp-json\/wp\/v2\/users\/1"}],"replies":[{"embeddable":true,"href":"https:\/\/webdelmaestrocmf.com\/portal\/wp-json\/wp\/v2\/comments?post=110988"}],"version-history":[{"count":9,"href":"https:\/\/webdelmaestrocmf.com\/portal\/wp-json\/wp\/v2\/posts\/110988\/revisions"}],"predecessor-version":[{"id":120708,"href":"https:\/\/webdelmaestrocmf.com\/portal\/wp-json\/wp\/v2\/posts\/110988\/revisions\/120708"}],"wp:featuredmedia":[{"embeddable":true,"href":"https:\/\/webdelmaestrocmf.com\/portal\/wp-json\/wp\/v2\/media\/120709"}],"wp:attachment":[{"href":"https:\/\/webdelmaestrocmf.com\/portal\/wp-json\/wp\/v2\/media?parent=110988"}],"wp:term":[{"taxonomy":"category","embeddable":true,"href":"https:\/\/webdelmaestrocmf.com\/portal\/wp-json\/wp\/v2\/categories?post=110988"},{"taxonomy":"post_tag","embeddable":true,"href":"https:\/\/webdelmaestrocmf.com\/portal\/wp-json\/wp\/v2\/tags?post=110988"}],"curies":[{"name":"wp","href":"https:\/\/api.w.org\/{rel}","templated":true}]}}