{"id":110825,"date":"2025-07-02T20:08:23","date_gmt":"2025-07-03T00:08:23","guid":{"rendered":"https:\/\/webdelmaestrocmf.com\/portal\/?p=110825"},"modified":"2025-10-20T13:20:51","modified_gmt":"2025-10-20T16:20:51","slug":"medicos-no-bajan-los-brazos-actualizan-estado-de-salud-de-nino-de-2-anos-en-coma-tras-brutal-ataque-en-aeropuerto","status":"publish","type":"post","link":"https:\/\/webdelmaestrocmf.com\/portal\/medicos-no-bajan-los-brazos-actualizan-estado-de-salud-de-nino-de-2-anos-en-coma-tras-brutal-ataque-en-aeropuerto\/","title":{"rendered":"\u201cM\u00e9dicos no bajan los brazos\u201d: Actualizan estado de salud de ni\u00f1o de 2 a\u00f1os en coma tras brutal ataque en aeropuerto"},"content":{"rendered":"\n<p>Un ni\u00f1o de apenas dos a\u00f1os permanece en estado grave y en coma inducido, luego de ser v\u00edctima de un brutal ataque en el aeropuerto internacional Sheremetyevo, en Mosc\u00fa. El menor, hijo de una familia afgana, sufri\u00f3 fracturas de cr\u00e1neo y v\u00e9rtebras tras ser levantado repentinamente y estrellado contra el suelo por un hombre que, seg\u00fan testigos, no ten\u00eda ninguna relaci\u00f3n con la familia.<\/p>\n\n\n\n<p>Art\u00edculo relacionado: <a href=\"https:\/\/webdelmaestrocmf.com\/portal\/precaucion-imagenes-sensibles-hombre-arrojo-a-un-nino-de-casi-2-anos-al-suelo-en-un-aeropuerto-de-rusia-y-lo-dejo-en-coma\/\">Un bielorruso deja en coma a un ni\u00f1o de un a\u00f1o tras golpearlo brutalmente contra el suelo en un aeropuerto de Mosc\u00fa<\/a><\/p>\n\n\n\n<p>El hecho ocurri\u00f3 en la zona de recogida de equipaje del aeropuerto, donde testigos relataron que el atacante, identificado como Vladimir Vitkov, ciudadano bielorruso de 31 a\u00f1os, se aproxim\u00f3 sin motivo aparente a la familia. En un acto repentino, alz\u00f3 al ni\u00f1o en brazos y lo azot\u00f3 con violencia contra el suelo.<\/p>\n\n\n\n<figure class=\"wp-block-image size-full\"><a href=\"https:\/\/www.youtube.com\/watch?v=4rQDEJDYF3Y&amp;embeds_referring_euri=https%3A%2F%2Fwebdelmaestrocmf.com%2F&amp;source_ve_path=MjM4NTE\" target=\"_blank\" rel=\" noreferrer noopener\"><img loading=\"lazy\" decoding=\"async\" width=\"680\" height=\"308\" src=\"https:\/\/webdelmaestrocmf.com\/portal\/wp-content\/uploads\/2025\/07\/image.png\" alt=\"\" class=\"wp-image-112756\" srcset=\"https:\/\/webdelmaestrocmf.com\/portal\/wp-content\/uploads\/2025\/07\/image.png 680w, https:\/\/webdelmaestrocmf.com\/portal\/wp-content\/uploads\/2025\/07\/image-300x136.png 300w, https:\/\/webdelmaestrocmf.com\/portal\/wp-content\/uploads\/2025\/07\/image-332x150.png 332w, https:\/\/webdelmaestrocmf.com\/portal\/wp-content\/uploads\/2025\/07\/image-664x301.png 664w\" sizes=\"auto, (max-width: 680px) 100vw, 680px\" \/><\/a><\/figure>\n\n\n\n<p>De acuerdo con los primeros antecedentes, Vitkov hab\u00eda llegado a Rusia en un vuelo desde El Cairo, luego de viajar presuntamente desde Chipre o Egipto, mientras que la madre del menor hab\u00eda arribado desde Afganist\u00e1n tras huir del conflicto b\u00e9lico en Ir\u00e1n.<\/p>\n\n\n\n<p>Tras la detenci\u00f3n, las autoridades realizaron un examen toxicol\u00f3gico al agresor, que evidenci\u00f3 rastros de cannabis en su organismo. Adem\u00e1s, portaba drogas en el momento de su arresto. En un primer momento, Vitkov no pudo explicar el motivo de su violento acto, pero posteriormente declar\u00f3: <em>\u201cIntent\u00e9 asesinar a un ni\u00f1o\u201d<\/em>, agregando: <em>\u201c\u00bfMi motivo? No lo s\u00e9. Estaba bajo los efectos de las drogas\u201d<\/em>, seg\u00fan recogieron medios brit\u00e1nicos como el Daily Mail y el Mirror.<\/p>\n\n\n\n<p>El menor se encuentra internado en el Centro Cl\u00ednico Infantil L. M. Roshal, en estado grave pero con signos de evoluci\u00f3n positiva. As\u00ed lo confirm\u00f3 el Ministerio de Salud de la Regi\u00f3n de Mosc\u00fa a trav\u00e9s de la agencia estatal RIA Novosti, se\u00f1alando que los equipos m\u00e9dicos <em>\u201ccontin\u00faan haciendo todo lo posible por su recuperaci\u00f3n\u201d<\/em>.<\/p>\n\n\n\n<p>El Ministerio del Interior ruso inform\u00f3 que se ha abierto una causa penal en contra de Vladimir Vitkov por intento de asesinato, mientras la investigaci\u00f3n contin\u00faa para esclarecer todas las circunstancias de este estremecedor caso.<\/p>\n\n\n\n<p class=\"has-text-align-right\"><strong>Redacci\u00f3n | Web del Maestro CMF<\/strong><\/p>\n\n\n\t\t<div class=\"pk-inline-posts\">\n\t\t\t\n\t\t\t<div class=\"pk-inline-posts-container pk-inline-posts-template-list\"\n\t\t\t\tdata-columns=\"1\">\n\t\t\t\t\t\t<article id=\"post-118553\" class=\"post-118553 post type-post status-publish format-standard has-post-thumbnail category-noticias-internacionales tag-agresion-estudiantil tag-autoridad-docente tag-convivencia-escolar tag-disciplina-escolar tag-justicia-educativa tag-respeto-en-el-aula tag-rol-del-docente tag-seguridad-docente tag-sistema-educativo tag-violencia-escolar cs-entry cs-video-wrap\">\n\t\t\t<div class=\"pk-post-outer\">\n\n\t\t\t\t\t\t\t\t<div class=\"pk-post-inner\">\n\t\t\t\t\t<div class=\"entry-thumbnail\">\n\t\t\t\t\t\t<div class=\"pk-overlay pk-overlay-ratio pk-ratio-landscape\">\n\t\t\t\t\t\t\t<div class=\"pk-overlay-background\">\n\t\t\t\t\t\t\t\t<a href=\"https:\/\/webdelmaestrocmf.com\/portal\/existen-casos-en-paises-como-ee-uu-y-chile-donde-estudiantes-han-recibido-penas-privativas-de-libertad-por-agredir-a-docentes-esta-de-acuerdo-con-esta-medida-la-implementaria-en-su-pais\/\" class=\"pk-overlay-link\">\n\t\t\t\t\t\t\t\t\t<img loading=\"lazy\" decoding=\"async\" width=\"300\" height=\"225\" src=\"https:\/\/webdelmaestrocmf.com\/portal\/wp-content\/uploads\/2026\/05\/1AA-Banner-1-portada-imagen-10-1-copia-2-300x225.webp\" class=\"attachment-pk-thumbnail size-pk-thumbnail wp-post-image\" alt=\"\" \/>\t\t\t\t\t\t\t\t<\/a>\n\t\t\t\t\t\t\t<\/div>\n\t\t\t\t\t\t<\/div>\n\t\t\t\t\t<\/div>\n\t\t\t\t<\/div>\n\t\t\t\t\n\t\t\t\t<div class=\"pk-post-inner\">\n\t\t\t\t\t<header>\n\t\t\t\t\t\t<h3 class=\"pk-title\"><a href=\"https:\/\/webdelmaestrocmf.com\/portal\/existen-casos-en-paises-como-ee-uu-y-chile-donde-estudiantes-han-recibido-penas-privativas-de-libertad-por-agredir-a-docentes-esta-de-acuerdo-con-esta-medida-la-implementaria-en-su-pais\/\" rel=\"bookmark\">Existen casos en pa\u00edses como EE.UU. y Chile donde estudiantes han recibido penas privativas de libertad por agredir a docentes. \u00bfEst\u00e1 de acuerdo con esta medida? \u00bfLa implementar\u00eda en su pa\u00eds?<\/a><\/h3>\t\t\t\t\t<\/header><!-- .entry-header -->\n\t\t\t\t<\/div><!-- .post-inner -->\n\n\t\t\t<\/div><!-- .post-outer -->\n\t\t<\/article>\n\t\t\t<article id=\"post-118546\" class=\"post-118546 post type-post status-publish format-standard has-post-thumbnail category-noticias-internacionales tag-aprendizaje tag-conflicto tag-crisis tag-docentes tag-educacion-3 tag-escuela tag-guerra tag-infancia tag-resiliencia tag-sociedad cs-entry cs-video-wrap\">\n\t\t\t<div class=\"pk-post-outer\">\n\n\t\t\t\t\t\t\t\t<div class=\"pk-post-inner\">\n\t\t\t\t\t<div class=\"entry-thumbnail\">\n\t\t\t\t\t\t<div class=\"pk-overlay pk-overlay-ratio pk-ratio-landscape\">\n\t\t\t\t\t\t\t<div class=\"pk-overlay-background\">\n\t\t\t\t\t\t\t\t<a href=\"https:\/\/webdelmaestrocmf.com\/portal\/rusia-bombardea-orfanato-y-escuela-judia-en-odesa-en-el-sur-de-ucrania\/\" class=\"pk-overlay-link\">\n\t\t\t\t\t\t\t\t\t<img loading=\"lazy\" decoding=\"async\" width=\"300\" height=\"225\" src=\"https:\/\/webdelmaestrocmf.com\/portal\/wp-content\/uploads\/2026\/05\/1AA-Banner-1-portada-imagen-10-1-copia-1-1-300x225.webp\" class=\"attachment-pk-thumbnail size-pk-thumbnail wp-post-image\" alt=\"\" \/>\t\t\t\t\t\t\t\t<\/a>\n\t\t\t\t\t\t\t<\/div>\n\t\t\t\t\t\t<\/div>\n\t\t\t\t\t<\/div>\n\t\t\t\t<\/div>\n\t\t\t\t\n\t\t\t\t<div class=\"pk-post-inner\">\n\t\t\t\t\t<header>\n\t\t\t\t\t\t<h3 class=\"pk-title\"><a href=\"https:\/\/webdelmaestrocmf.com\/portal\/rusia-bombardea-orfanato-y-escuela-judia-en-odesa-en-el-sur-de-ucrania\/\" rel=\"bookmark\">Rusia bombardea orfanato y escuela jud\u00eda en Odesa, en el sur de Ucrania<\/a><\/h3>\t\t\t\t\t<\/header><!-- .entry-header -->\n\t\t\t\t<\/div><!-- .post-inner -->\n\n\t\t\t<\/div><!-- .post-outer -->\n\t\t<\/article>\n\t\t\t<article id=\"post-118533\" class=\"post-118533 post type-post status-publish format-standard has-post-thumbnail category-noticias-internacionales tag-convivencia-escolar tag-docentes tag-educacion-2 tag-etica-educativa tag-normativa-escolar tag-preescolar tag-primaria tag-protocolos tag-rol-docente tag-seguridad-docente cs-entry cs-video-wrap\">\n\t\t\t<div class=\"pk-post-outer\">\n\n\t\t\t\t\t\t\t\t<div class=\"pk-post-inner\">\n\t\t\t\t\t<div class=\"entry-thumbnail\">\n\t\t\t\t\t\t<div class=\"pk-overlay pk-overlay-ratio pk-ratio-landscape\">\n\t\t\t\t\t\t\t<div class=\"pk-overlay-background\">\n\t\t\t\t\t\t\t\t<a href=\"https:\/\/webdelmaestrocmf.com\/portal\/profesor-advierte-a-docentes-no-pueden-asistir-a-un-nino-en-el-bano-por-riesgo-de-cargos-legales\/\" class=\"pk-overlay-link\">\n\t\t\t\t\t\t\t\t\t<img loading=\"lazy\" decoding=\"async\" width=\"300\" height=\"225\" src=\"https:\/\/webdelmaestrocmf.com\/portal\/wp-content\/uploads\/2026\/05\/1AA-Banner-1-portada-imagen-10-1-copia-300x225.webp\" class=\"attachment-pk-thumbnail size-pk-thumbnail wp-post-image\" alt=\"\" \/>\t\t\t\t\t\t\t\t<\/a>\n\t\t\t\t\t\t\t<\/div>\n\t\t\t\t\t\t<\/div>\n\t\t\t\t\t<\/div>\n\t\t\t\t<\/div>\n\t\t\t\t\n\t\t\t\t<div class=\"pk-post-inner\">\n\t\t\t\t\t<header>\n\t\t\t\t\t\t<h3 class=\"pk-title\"><a href=\"https:\/\/webdelmaestrocmf.com\/portal\/profesor-advierte-a-docentes-no-pueden-asistir-a-un-nino-en-el-bano-por-riesgo-de-cargos-legales\/\" rel=\"bookmark\">Profesor advierte a docentes: \u201cNo pueden asistir a un ni\u00f1o en el ba\u00f1o\u201d por riesgo de cargos legales<\/a><\/h3>\t\t\t\t\t<\/header><!-- .entry-header -->\n\t\t\t\t<\/div><!-- .post-inner -->\n\n\t\t\t<\/div><!-- .post-outer -->\n\t\t<\/article>\n\t\t\t\t<\/div>\n\t\t<\/div>\n\t\t\n","protected":false},"excerpt":{"rendered":"El menor, hijo de una familia afgana, permanece en coma inducido tras sufrir graves fracturas. El agresor fue detenido y enfrenta cargos por intento de asesinato","protected":false},"author":1,"featured_media":111682,"comment_status":"open","ping_status":"closed","sticky":false,"template":"","format":"standard","meta":{"csco_display_header_overlay":false,"csco_singular_sidebar":"","csco_page_header_type":"","csco_page_load_nextpost":"","csco_post_video_location":[],"csco_post_video_location_hash":"","csco_post_video_url":"","csco_post_video_bg_start_time":0,"csco_post_video_bg_end_time":0,"csco_post_video_bg_volume":false,"_jetpack_memberships_contains_paid_content":false,"footnotes":""},"categories":[23790],"tags":[23894,195,1205],"class_list":{"0":"post-110825","1":"post","2":"type-post","3":"status-publish","4":"format-standard","5":"has-post-thumbnail","7":"category-noticias-internacionales","8":"tag-actualizan","9":"tag-nino","10":"tag-salud","11":"cs-entry","12":"cs-video-wrap"},"yoast_head":"<!-- This site is optimized with the Yoast SEO plugin v27.5 - https:\/\/yoast.com\/product\/yoast-seo-wordpress\/ -->\n<title>\u201cM\u00e9dicos no bajan los brazos\u201d: Actualizan estado de salud de ni\u00f1o de 2 a\u00f1os en coma tras brutal ataque en aeropuerto - 2026<\/title>\n<meta name=\"description\" content=\"Un ni\u00f1o de apenas dos a\u00f1os permanece en estado grave y en coma inducido, luego de ser v\u00edctima de un brutal ataque en el aeropuerto...\" \/>\n<meta name=\"robots\" content=\"index, follow, max-snippet:-1, max-image-preview:large, max-video-preview:-1\" \/>\n<link rel=\"canonical\" href=\"https:\/\/webdelmaestrocmf.com\/portal\/medicos-no-bajan-los-brazos-actualizan-estado-de-salud-de-nino-de-2-anos-en-coma-tras-brutal-ataque-en-aeropuerto\/\" \/>\n<meta property=\"og:locale\" content=\"es_ES\" \/>\n<meta property=\"og:type\" content=\"article\" \/>\n<meta property=\"og:title\" content=\"\u201cM\u00e9dicos no bajan los brazos\u201d: Actualizan estado de salud de ni\u00f1o de 2 a\u00f1os en coma tras brutal ataque en aeropuerto - 2026\" \/>\n<meta property=\"og:description\" content=\"Un ni\u00f1o de apenas dos a\u00f1os permanece en estado grave y en coma inducido, luego de ser v\u00edctima de un brutal ataque en el aeropuerto...\" \/>\n<meta property=\"og:url\" content=\"https:\/\/webdelmaestrocmf.com\/portal\/medicos-no-bajan-los-brazos-actualizan-estado-de-salud-de-nino-de-2-anos-en-coma-tras-brutal-ataque-en-aeropuerto\/\" \/>\n<meta property=\"og:site_name\" content=\"Web del Maestro CMF\" \/>\n<meta property=\"article:publisher\" content=\"https:\/\/www.facebook.com\/WebdelMaestroCMF\/\" \/>\n<meta property=\"article:author\" content=\"https:\/\/www.facebook.com\/WebdelMaestroCMF\/\" \/>\n<meta property=\"article:published_time\" content=\"2025-07-03T00:08:23+00:00\" \/>\n<meta property=\"article:modified_time\" content=\"2025-10-20T16:20:51+00:00\" \/>\n<meta property=\"og:image\" content=\"https:\/\/webdelmaestrocmf.com\/portal\/wp-content\/uploads\/2025\/07\/1A-Banner-1-portada-imagen-10-1-copia-2.png\" \/>\n\t<meta property=\"og:image:width\" content=\"1003\" \/>\n\t<meta property=\"og:image:height\" content=\"667\" \/>\n\t<meta property=\"og:image:type\" content=\"image\/png\" \/>\n<meta name=\"author\" content=\"Web del Maestro CMF\" \/>\n<meta name=\"twitter:card\" content=\"summary_large_image\" \/>\n<meta name=\"twitter:creator\" content=\"@cmf_w\" \/>\n<meta name=\"twitter:site\" content=\"@cmf_w\" \/>\n<script type=\"application\/ld+json\" class=\"yoast-schema-graph\">{\"@context\":\"https:\\\/\\\/schema.org\",\"@graph\":[{\"@type\":\"ScholarlyArticle\",\"@id\":\"https:\\\/\\\/webdelmaestrocmf.com\\\/portal\\\/medicos-no-bajan-los-brazos-actualizan-estado-de-salud-de-nino-de-2-anos-en-coma-tras-brutal-ataque-en-aeropuerto\\\/#article\",\"isPartOf\":{\"@id\":\"https:\\\/\\\/webdelmaestrocmf.com\\\/portal\\\/medicos-no-bajan-los-brazos-actualizan-estado-de-salud-de-nino-de-2-anos-en-coma-tras-brutal-ataque-en-aeropuerto\\\/\"},\"author\":{\"name\":\"Web del Maestro CMF\",\"@id\":\"https:\\\/\\\/webdelmaestrocmf.com\\\/portal\\\/#\\\/schema\\\/person\\\/1072a2ed7bd960df8ef99a551fa35dc5\"},\"headline\":\"\u201cM\u00e9dicos no bajan los brazos\u201d: Actualizan estado de salud de ni\u00f1o de 2 a\u00f1os en coma tras brutal ataque en aeropuerto\",\"datePublished\":\"2025-07-03T00:08:23+00:00\",\"dateModified\":\"2025-10-20T16:20:51+00:00\",\"mainEntityOfPage\":{\"@id\":\"https:\\\/\\\/webdelmaestrocmf.com\\\/portal\\\/medicos-no-bajan-los-brazos-actualizan-estado-de-salud-de-nino-de-2-anos-en-coma-tras-brutal-ataque-en-aeropuerto\\\/\"},\"wordCount\":411,\"commentCount\":1,\"publisher\":{\"@id\":\"https:\\\/\\\/webdelmaestrocmf.com\\\/portal\\\/#organization\"},\"image\":{\"@id\":\"https:\\\/\\\/webdelmaestrocmf.com\\\/portal\\\/medicos-no-bajan-los-brazos-actualizan-estado-de-salud-de-nino-de-2-anos-en-coma-tras-brutal-ataque-en-aeropuerto\\\/#primaryimage\"},\"thumbnailUrl\":\"https:\\\/\\\/webdelmaestrocmf.com\\\/portal\\\/wp-content\\\/uploads\\\/2025\\\/07\\\/1A-Banner-1-portada-imagen-10-1-copia-2.png\",\"keywords\":[\"Actualizan\",\"ni\u00f1o\",\"salud\"],\"articleSection\":[\"Noticias Internacionales\"],\"inLanguage\":\"es\",\"potentialAction\":[{\"@type\":\"CommentAction\",\"name\":\"Comment\",\"target\":[\"https:\\\/\\\/webdelmaestrocmf.com\\\/portal\\\/medicos-no-bajan-los-brazos-actualizan-estado-de-salud-de-nino-de-2-anos-en-coma-tras-brutal-ataque-en-aeropuerto\\\/#respond\"]}]},{\"@type\":\"WebPage\",\"@id\":\"https:\\\/\\\/webdelmaestrocmf.com\\\/portal\\\/medicos-no-bajan-los-brazos-actualizan-estado-de-salud-de-nino-de-2-anos-en-coma-tras-brutal-ataque-en-aeropuerto\\\/\",\"url\":\"https:\\\/\\\/webdelmaestrocmf.com\\\/portal\\\/medicos-no-bajan-los-brazos-actualizan-estado-de-salud-de-nino-de-2-anos-en-coma-tras-brutal-ataque-en-aeropuerto\\\/\",\"name\":\"\u201cM\u00e9dicos no bajan los brazos\u201d: Actualizan estado de salud de ni\u00f1o de 2 a\u00f1os en coma tras brutal ataque en aeropuerto - 2026\",\"isPartOf\":{\"@id\":\"https:\\\/\\\/webdelmaestrocmf.com\\\/portal\\\/#website\"},\"primaryImageOfPage\":{\"@id\":\"https:\\\/\\\/webdelmaestrocmf.com\\\/portal\\\/medicos-no-bajan-los-brazos-actualizan-estado-de-salud-de-nino-de-2-anos-en-coma-tras-brutal-ataque-en-aeropuerto\\\/#primaryimage\"},\"image\":{\"@id\":\"https:\\\/\\\/webdelmaestrocmf.com\\\/portal\\\/medicos-no-bajan-los-brazos-actualizan-estado-de-salud-de-nino-de-2-anos-en-coma-tras-brutal-ataque-en-aeropuerto\\\/#primaryimage\"},\"thumbnailUrl\":\"https:\\\/\\\/webdelmaestrocmf.com\\\/portal\\\/wp-content\\\/uploads\\\/2025\\\/07\\\/1A-Banner-1-portada-imagen-10-1-copia-2.png\",\"datePublished\":\"2025-07-03T00:08:23+00:00\",\"dateModified\":\"2025-10-20T16:20:51+00:00\",\"description\":\"Un ni\u00f1o de apenas dos a\u00f1os permanece en estado grave y en coma inducido, luego de ser v\u00edctima de un brutal ataque en el aeropuerto...\",\"breadcrumb\":{\"@id\":\"https:\\\/\\\/webdelmaestrocmf.com\\\/portal\\\/medicos-no-bajan-los-brazos-actualizan-estado-de-salud-de-nino-de-2-anos-en-coma-tras-brutal-ataque-en-aeropuerto\\\/#breadcrumb\"},\"inLanguage\":\"es\",\"potentialAction\":[{\"@type\":\"ReadAction\",\"target\":[\"https:\\\/\\\/webdelmaestrocmf.com\\\/portal\\\/medicos-no-bajan-los-brazos-actualizan-estado-de-salud-de-nino-de-2-anos-en-coma-tras-brutal-ataque-en-aeropuerto\\\/\"]}]},{\"@type\":\"ImageObject\",\"inLanguage\":\"es\",\"@id\":\"https:\\\/\\\/webdelmaestrocmf.com\\\/portal\\\/medicos-no-bajan-los-brazos-actualizan-estado-de-salud-de-nino-de-2-anos-en-coma-tras-brutal-ataque-en-aeropuerto\\\/#primaryimage\",\"url\":\"https:\\\/\\\/webdelmaestrocmf.com\\\/portal\\\/wp-content\\\/uploads\\\/2025\\\/07\\\/1A-Banner-1-portada-imagen-10-1-copia-2.png\",\"contentUrl\":\"https:\\\/\\\/webdelmaestrocmf.com\\\/portal\\\/wp-content\\\/uploads\\\/2025\\\/07\\\/1A-Banner-1-portada-imagen-10-1-copia-2.png\",\"width\":1003,\"height\":667},{\"@type\":\"BreadcrumbList\",\"@id\":\"https:\\\/\\\/webdelmaestrocmf.com\\\/portal\\\/medicos-no-bajan-los-brazos-actualizan-estado-de-salud-de-nino-de-2-anos-en-coma-tras-brutal-ataque-en-aeropuerto\\\/#breadcrumb\",\"itemListElement\":[{\"@type\":\"ListItem\",\"position\":1,\"name\":\"Portada\",\"item\":\"https:\\\/\\\/webdelmaestrocmf.com\\\/portal\\\/\"},{\"@type\":\"ListItem\",\"position\":2,\"name\":\"Noticias Internacionales\",\"item\":\"https:\\\/\\\/webdelmaestrocmf.com\\\/portal\\\/category\\\/noticias-internacionales\\\/\"},{\"@type\":\"ListItem\",\"position\":3,\"name\":\"\u201cM\u00e9dicos no bajan los brazos\u201d: Actualizan estado de salud de ni\u00f1o de 2 a\u00f1os en coma tras brutal ataque en aeropuerto\"}]},{\"@type\":\"WebSite\",\"@id\":\"https:\\\/\\\/webdelmaestrocmf.com\\\/portal\\\/#website\",\"url\":\"https:\\\/\\\/webdelmaestrocmf.com\\\/portal\\\/\",\"name\":\"Web del Maestro CMF\",\"description\":\"Maestros al servicio de la educaci\u00f3n\",\"publisher\":{\"@id\":\"https:\\\/\\\/webdelmaestrocmf.com\\\/portal\\\/#organization\"},\"alternateName\":\"WMCMF\",\"potentialAction\":[{\"@type\":\"SearchAction\",\"target\":{\"@type\":\"EntryPoint\",\"urlTemplate\":\"https:\\\/\\\/webdelmaestrocmf.com\\\/portal\\\/?s={search_term_string}\"},\"query-input\":{\"@type\":\"PropertyValueSpecification\",\"valueRequired\":true,\"valueName\":\"search_term_string\"}}],\"inLanguage\":\"es\"},{\"@type\":\"Organization\",\"@id\":\"https:\\\/\\\/webdelmaestrocmf.com\\\/portal\\\/#organization\",\"name\":\"Web del Maestro CMF\",\"alternateName\":\"WMCMF\",\"url\":\"https:\\\/\\\/webdelmaestrocmf.com\\\/portal\\\/\",\"logo\":{\"@type\":\"ImageObject\",\"inLanguage\":\"es\",\"@id\":\"https:\\\/\\\/webdelmaestrocmf.com\\\/portal\\\/#\\\/schema\\\/logo\\\/image\\\/\",\"url\":\"https:\\\/\\\/webdelmaestrocmf.com\\\/portal\\\/wp-content\\\/uploads\\\/2023\\\/01\\\/logo-wmcmf-2.png\",\"contentUrl\":\"https:\\\/\\\/webdelmaestrocmf.com\\\/portal\\\/wp-content\\\/uploads\\\/2023\\\/01\\\/logo-wmcmf-2.png\",\"width\":200,\"height\":60,\"caption\":\"Web del Maestro CMF\"},\"image\":{\"@id\":\"https:\\\/\\\/webdelmaestrocmf.com\\\/portal\\\/#\\\/schema\\\/logo\\\/image\\\/\"},\"sameAs\":[\"https:\\\/\\\/www.facebook.com\\\/WebdelMaestroCMF\\\/\",\"https:\\\/\\\/x.com\\\/cmf_w\",\"https:\\\/\\\/www.pinterest.com\\\/WMCMF\\\/\",\"https:\\\/\\\/www.linkedin.com\\\/company\\\/web-del-maestro-cmf\\\/\",\"https:\\\/\\\/www.instagram.com\\\/wmcmf\\\/\",\"https:\\\/\\\/www.youtube.com\\\/channel\\\/UCDPSvjbdodE5sHnC3OxutHw\",\"https:\\\/\\\/mastodon.social\\\/@wmcmf\",\"https:\\\/\\\/www.tiktok.com\\\/@webdelmaestrocmf\"]},{\"@type\":\"Person\",\"@id\":\"https:\\\/\\\/webdelmaestrocmf.com\\\/portal\\\/#\\\/schema\\\/person\\\/1072a2ed7bd960df8ef99a551fa35dc5\",\"name\":\"Web del Maestro CMF\",\"image\":{\"@type\":\"ImageObject\",\"inLanguage\":\"es\",\"@id\":\"https:\\\/\\\/secure.gravatar.com\\\/avatar\\\/23291dd5b5ae1077dcff3dbb04c3e02bd28403fa75af6d8787d5e97c5bbbe30b?s=96&d=mm&r=g\",\"url\":\"https:\\\/\\\/secure.gravatar.com\\\/avatar\\\/23291dd5b5ae1077dcff3dbb04c3e02bd28403fa75af6d8787d5e97c5bbbe30b?s=96&d=mm&r=g\",\"contentUrl\":\"https:\\\/\\\/secure.gravatar.com\\\/avatar\\\/23291dd5b5ae1077dcff3dbb04c3e02bd28403fa75af6d8787d5e97c5bbbe30b?s=96&d=mm&r=g\",\"caption\":\"Web del Maestro CMF\"},\"description\":\"Esta Web se cre\u00f3 sin fines de lucro, con fines educativos, cient\u00edficos y acad\u00e9micos, para personas que tengan dificultades y\\\/o inconvenientes en visualizar el material original. El objetivo es entregar recursos, compartir experiencias y materiales que ayuden a los padres de familia, maestros y estudiantes en su actualizaci\u00f3n y formaci\u00f3n permanente, en bien de la Educaci\u00f3n.\",\"sameAs\":[\"http:\\\/\\\/webdelmaestrocmf.com\\\/portal\",\"https:\\\/\\\/www.facebook.com\\\/WebdelMaestroCMF\\\/\",\"https:\\\/\\\/www.instagram.com\\\/wmcmf\\\/\",\"https:\\\/\\\/cl.linkedin.com\\\/company\\\/web-del-maestro-cmf\",\"https:\\\/\\\/www.pinterest.com\\\/WMCMF\\\/publicaciones\\\/\",\"https:\\\/\\\/x.com\\\/cmf_w\",\"https:\\\/\\\/www.youtube.com\\\/@WMCMF\"]}]}<\/script>\n<!-- \/ Yoast SEO plugin. -->","yoast_head_json":{"title":"\u201cM\u00e9dicos no bajan los brazos\u201d: Actualizan estado de salud de ni\u00f1o de 2 a\u00f1os en coma tras brutal ataque en aeropuerto - 2026","description":"Un ni\u00f1o de apenas dos a\u00f1os permanece en estado grave y en coma inducido, luego de ser v\u00edctima de un brutal ataque en el aeropuerto...","robots":{"index":"index","follow":"follow","max-snippet":"max-snippet:-1","max-image-preview":"max-image-preview:large","max-video-preview":"max-video-preview:-1"},"canonical":"https:\/\/webdelmaestrocmf.com\/portal\/medicos-no-bajan-los-brazos-actualizan-estado-de-salud-de-nino-de-2-anos-en-coma-tras-brutal-ataque-en-aeropuerto\/","og_locale":"es_ES","og_type":"article","og_title":"\u201cM\u00e9dicos no bajan los brazos\u201d: Actualizan estado de salud de ni\u00f1o de 2 a\u00f1os en coma tras brutal ataque en aeropuerto - 2026","og_description":"Un ni\u00f1o de apenas dos a\u00f1os permanece en estado grave y en coma inducido, luego de ser v\u00edctima de un brutal ataque en el aeropuerto...","og_url":"https:\/\/webdelmaestrocmf.com\/portal\/medicos-no-bajan-los-brazos-actualizan-estado-de-salud-de-nino-de-2-anos-en-coma-tras-brutal-ataque-en-aeropuerto\/","og_site_name":"Web del Maestro CMF","article_publisher":"https:\/\/www.facebook.com\/WebdelMaestroCMF\/","article_author":"https:\/\/www.facebook.com\/WebdelMaestroCMF\/","article_published_time":"2025-07-03T00:08:23+00:00","article_modified_time":"2025-10-20T16:20:51+00:00","og_image":[{"width":1003,"height":667,"url":"https:\/\/webdelmaestrocmf.com\/portal\/wp-content\/uploads\/2025\/07\/1A-Banner-1-portada-imagen-10-1-copia-2.png","type":"image\/png"}],"author":"Web del Maestro CMF","twitter_card":"summary_large_image","twitter_creator":"@cmf_w","twitter_site":"@cmf_w","schema":{"@context":"https:\/\/schema.org","@graph":[{"@type":"ScholarlyArticle","@id":"https:\/\/webdelmaestrocmf.com\/portal\/medicos-no-bajan-los-brazos-actualizan-estado-de-salud-de-nino-de-2-anos-en-coma-tras-brutal-ataque-en-aeropuerto\/#article","isPartOf":{"@id":"https:\/\/webdelmaestrocmf.com\/portal\/medicos-no-bajan-los-brazos-actualizan-estado-de-salud-de-nino-de-2-anos-en-coma-tras-brutal-ataque-en-aeropuerto\/"},"author":{"name":"Web del Maestro CMF","@id":"https:\/\/webdelmaestrocmf.com\/portal\/#\/schema\/person\/1072a2ed7bd960df8ef99a551fa35dc5"},"headline":"\u201cM\u00e9dicos no bajan los brazos\u201d: Actualizan estado de salud de ni\u00f1o de 2 a\u00f1os en coma tras brutal ataque en aeropuerto","datePublished":"2025-07-03T00:08:23+00:00","dateModified":"2025-10-20T16:20:51+00:00","mainEntityOfPage":{"@id":"https:\/\/webdelmaestrocmf.com\/portal\/medicos-no-bajan-los-brazos-actualizan-estado-de-salud-de-nino-de-2-anos-en-coma-tras-brutal-ataque-en-aeropuerto\/"},"wordCount":411,"commentCount":1,"publisher":{"@id":"https:\/\/webdelmaestrocmf.com\/portal\/#organization"},"image":{"@id":"https:\/\/webdelmaestrocmf.com\/portal\/medicos-no-bajan-los-brazos-actualizan-estado-de-salud-de-nino-de-2-anos-en-coma-tras-brutal-ataque-en-aeropuerto\/#primaryimage"},"thumbnailUrl":"https:\/\/webdelmaestrocmf.com\/portal\/wp-content\/uploads\/2025\/07\/1A-Banner-1-portada-imagen-10-1-copia-2.png","keywords":["Actualizan","ni\u00f1o","salud"],"articleSection":["Noticias Internacionales"],"inLanguage":"es","potentialAction":[{"@type":"CommentAction","name":"Comment","target":["https:\/\/webdelmaestrocmf.com\/portal\/medicos-no-bajan-los-brazos-actualizan-estado-de-salud-de-nino-de-2-anos-en-coma-tras-brutal-ataque-en-aeropuerto\/#respond"]}]},{"@type":"WebPage","@id":"https:\/\/webdelmaestrocmf.com\/portal\/medicos-no-bajan-los-brazos-actualizan-estado-de-salud-de-nino-de-2-anos-en-coma-tras-brutal-ataque-en-aeropuerto\/","url":"https:\/\/webdelmaestrocmf.com\/portal\/medicos-no-bajan-los-brazos-actualizan-estado-de-salud-de-nino-de-2-anos-en-coma-tras-brutal-ataque-en-aeropuerto\/","name":"\u201cM\u00e9dicos no bajan los brazos\u201d: Actualizan estado de salud de ni\u00f1o de 2 a\u00f1os en coma tras brutal ataque en aeropuerto - 2026","isPartOf":{"@id":"https:\/\/webdelmaestrocmf.com\/portal\/#website"},"primaryImageOfPage":{"@id":"https:\/\/webdelmaestrocmf.com\/portal\/medicos-no-bajan-los-brazos-actualizan-estado-de-salud-de-nino-de-2-anos-en-coma-tras-brutal-ataque-en-aeropuerto\/#primaryimage"},"image":{"@id":"https:\/\/webdelmaestrocmf.com\/portal\/medicos-no-bajan-los-brazos-actualizan-estado-de-salud-de-nino-de-2-anos-en-coma-tras-brutal-ataque-en-aeropuerto\/#primaryimage"},"thumbnailUrl":"https:\/\/webdelmaestrocmf.com\/portal\/wp-content\/uploads\/2025\/07\/1A-Banner-1-portada-imagen-10-1-copia-2.png","datePublished":"2025-07-03T00:08:23+00:00","dateModified":"2025-10-20T16:20:51+00:00","description":"Un ni\u00f1o de apenas dos a\u00f1os permanece en estado grave y en coma inducido, luego de ser v\u00edctima de un brutal ataque en el aeropuerto...","breadcrumb":{"@id":"https:\/\/webdelmaestrocmf.com\/portal\/medicos-no-bajan-los-brazos-actualizan-estado-de-salud-de-nino-de-2-anos-en-coma-tras-brutal-ataque-en-aeropuerto\/#breadcrumb"},"inLanguage":"es","potentialAction":[{"@type":"ReadAction","target":["https:\/\/webdelmaestrocmf.com\/portal\/medicos-no-bajan-los-brazos-actualizan-estado-de-salud-de-nino-de-2-anos-en-coma-tras-brutal-ataque-en-aeropuerto\/"]}]},{"@type":"ImageObject","inLanguage":"es","@id":"https:\/\/webdelmaestrocmf.com\/portal\/medicos-no-bajan-los-brazos-actualizan-estado-de-salud-de-nino-de-2-anos-en-coma-tras-brutal-ataque-en-aeropuerto\/#primaryimage","url":"https:\/\/webdelmaestrocmf.com\/portal\/wp-content\/uploads\/2025\/07\/1A-Banner-1-portada-imagen-10-1-copia-2.png","contentUrl":"https:\/\/webdelmaestrocmf.com\/portal\/wp-content\/uploads\/2025\/07\/1A-Banner-1-portada-imagen-10-1-copia-2.png","width":1003,"height":667},{"@type":"BreadcrumbList","@id":"https:\/\/webdelmaestrocmf.com\/portal\/medicos-no-bajan-los-brazos-actualizan-estado-de-salud-de-nino-de-2-anos-en-coma-tras-brutal-ataque-en-aeropuerto\/#breadcrumb","itemListElement":[{"@type":"ListItem","position":1,"name":"Portada","item":"https:\/\/webdelmaestrocmf.com\/portal\/"},{"@type":"ListItem","position":2,"name":"Noticias Internacionales","item":"https:\/\/webdelmaestrocmf.com\/portal\/category\/noticias-internacionales\/"},{"@type":"ListItem","position":3,"name":"\u201cM\u00e9dicos no bajan los brazos\u201d: Actualizan estado de salud de ni\u00f1o de 2 a\u00f1os en coma tras brutal ataque en aeropuerto"}]},{"@type":"WebSite","@id":"https:\/\/webdelmaestrocmf.com\/portal\/#website","url":"https:\/\/webdelmaestrocmf.com\/portal\/","name":"Web del Maestro CMF","description":"Maestros al servicio de la educaci\u00f3n","publisher":{"@id":"https:\/\/webdelmaestrocmf.com\/portal\/#organization"},"alternateName":"WMCMF","potentialAction":[{"@type":"SearchAction","target":{"@type":"EntryPoint","urlTemplate":"https:\/\/webdelmaestrocmf.com\/portal\/?s={search_term_string}"},"query-input":{"@type":"PropertyValueSpecification","valueRequired":true,"valueName":"search_term_string"}}],"inLanguage":"es"},{"@type":"Organization","@id":"https:\/\/webdelmaestrocmf.com\/portal\/#organization","name":"Web del Maestro CMF","alternateName":"WMCMF","url":"https:\/\/webdelmaestrocmf.com\/portal\/","logo":{"@type":"ImageObject","inLanguage":"es","@id":"https:\/\/webdelmaestrocmf.com\/portal\/#\/schema\/logo\/image\/","url":"https:\/\/webdelmaestrocmf.com\/portal\/wp-content\/uploads\/2023\/01\/logo-wmcmf-2.png","contentUrl":"https:\/\/webdelmaestrocmf.com\/portal\/wp-content\/uploads\/2023\/01\/logo-wmcmf-2.png","width":200,"height":60,"caption":"Web del Maestro CMF"},"image":{"@id":"https:\/\/webdelmaestrocmf.com\/portal\/#\/schema\/logo\/image\/"},"sameAs":["https:\/\/www.facebook.com\/WebdelMaestroCMF\/","https:\/\/x.com\/cmf_w","https:\/\/www.pinterest.com\/WMCMF\/","https:\/\/www.linkedin.com\/company\/web-del-maestro-cmf\/","https:\/\/www.instagram.com\/wmcmf\/","https:\/\/www.youtube.com\/channel\/UCDPSvjbdodE5sHnC3OxutHw","https:\/\/mastodon.social\/@wmcmf","https:\/\/www.tiktok.com\/@webdelmaestrocmf"]},{"@type":"Person","@id":"https:\/\/webdelmaestrocmf.com\/portal\/#\/schema\/person\/1072a2ed7bd960df8ef99a551fa35dc5","name":"Web del Maestro CMF","image":{"@type":"ImageObject","inLanguage":"es","@id":"https:\/\/secure.gravatar.com\/avatar\/23291dd5b5ae1077dcff3dbb04c3e02bd28403fa75af6d8787d5e97c5bbbe30b?s=96&d=mm&r=g","url":"https:\/\/secure.gravatar.com\/avatar\/23291dd5b5ae1077dcff3dbb04c3e02bd28403fa75af6d8787d5e97c5bbbe30b?s=96&d=mm&r=g","contentUrl":"https:\/\/secure.gravatar.com\/avatar\/23291dd5b5ae1077dcff3dbb04c3e02bd28403fa75af6d8787d5e97c5bbbe30b?s=96&d=mm&r=g","caption":"Web del Maestro CMF"},"description":"Esta Web se cre\u00f3 sin fines de lucro, con fines educativos, cient\u00edficos y acad\u00e9micos, para personas que tengan dificultades y\/o inconvenientes en visualizar el material original. El objetivo es entregar recursos, compartir experiencias y materiales que ayuden a los padres de familia, maestros y estudiantes en su actualizaci\u00f3n y formaci\u00f3n permanente, en bien de la Educaci\u00f3n.","sameAs":["http:\/\/webdelmaestrocmf.com\/portal","https:\/\/www.facebook.com\/WebdelMaestroCMF\/","https:\/\/www.instagram.com\/wmcmf\/","https:\/\/cl.linkedin.com\/company\/web-del-maestro-cmf","https:\/\/www.pinterest.com\/WMCMF\/publicaciones\/","https:\/\/x.com\/cmf_w","https:\/\/www.youtube.com\/@WMCMF"]}]}},"jetpack_featured_media_url":"https:\/\/webdelmaestrocmf.com\/portal\/wp-content\/uploads\/2025\/07\/1A-Banner-1-portada-imagen-10-1-copia-2.png","jetpack_sharing_enabled":true,"jetpack-related-posts":[{"id":113318,"url":"https:\/\/webdelmaestrocmf.com\/portal\/salio-del-coma-yazdan-el-nino-lanzado-violentamente-al-piso-comienza-su-recuperacion\/","url_meta":{"origin":110825,"position":0},"title":"\u00a1Sali\u00f3 del coma! Yazdan, el ni\u00f1o lanzado violentamente al piso, comienza su recuperaci\u00f3n","author":"Web del Maestro CMF","date":"8 noviembre, 2025","format":false,"excerpt":"Yazdan, ni\u00f1o afgano de 2 a\u00f1os, sali\u00f3 del coma tras ser brutalmente arrojado al suelo en un aeropuerto ruso.","rel":"","context":"En \u00abNoticias Internacionales\u00bb","block_context":{"text":"Noticias Internacionales","link":"https:\/\/webdelmaestrocmf.com\/portal\/category\/noticias-internacionales\/"},"img":{"alt_text":"","src":"https:\/\/i0.wp.com\/webdelmaestrocmf.com\/portal\/wp-content\/uploads\/2025\/11\/fvf1A-Banner-1-portada-imagen-10-1-copia-1.jpg?resize=350%2C200&ssl=1","width":350,"height":200,"srcset":"https:\/\/i0.wp.com\/webdelmaestrocmf.com\/portal\/wp-content\/uploads\/2025\/11\/fvf1A-Banner-1-portada-imagen-10-1-copia-1.jpg?resize=350%2C200&ssl=1 1x, https:\/\/i0.wp.com\/webdelmaestrocmf.com\/portal\/wp-content\/uploads\/2025\/11\/fvf1A-Banner-1-portada-imagen-10-1-copia-1.jpg?resize=525%2C300&ssl=1 1.5x, https:\/\/i0.wp.com\/webdelmaestrocmf.com\/portal\/wp-content\/uploads\/2025\/11\/fvf1A-Banner-1-portada-imagen-10-1-copia-1.jpg?resize=700%2C400&ssl=1 2x"},"classes":[]},{"id":110489,"url":"https:\/\/webdelmaestrocmf.com\/portal\/precaucion-imagenes-sensibles-hombre-arrojo-a-un-nino-de-casi-2-anos-al-suelo-en-un-aeropuerto-de-rusia-y-lo-dejo-en-coma\/","url_meta":{"origin":110825,"position":1},"title":"Un bielorruso deja en coma a un ni\u00f1o de un a\u00f1o tras golpearlo brutalmente contra el suelo en un aeropuerto de Mosc\u00fa","author":"Web del Maestro CMF","date":"25 junio, 2025","format":false,"excerpt":"Estos casos ponen en relieve la urgencia de reforzar la seguridad en lugares de alta concurrencia y de cuestionar las respuestas institucionales ante actos de violencia extrema.","rel":"","context":"En \u00abNoticias Internacionales\u00bb","block_context":{"text":"Noticias Internacionales","link":"https:\/\/webdelmaestrocmf.com\/portal\/category\/noticias-internacionales\/"},"img":{"alt_text":"","src":"https:\/\/i0.wp.com\/webdelmaestrocmf.com\/portal\/wp-content\/uploads\/2025\/06\/1A-Banner-1-portada-imagen-10-1-copia-9.webp?resize=350%2C200&ssl=1","width":350,"height":200,"srcset":"https:\/\/i0.wp.com\/webdelmaestrocmf.com\/portal\/wp-content\/uploads\/2025\/06\/1A-Banner-1-portada-imagen-10-1-copia-9.webp?resize=350%2C200&ssl=1 1x, https:\/\/i0.wp.com\/webdelmaestrocmf.com\/portal\/wp-content\/uploads\/2025\/06\/1A-Banner-1-portada-imagen-10-1-copia-9.webp?resize=525%2C300&ssl=1 1.5x, https:\/\/i0.wp.com\/webdelmaestrocmf.com\/portal\/wp-content\/uploads\/2025\/06\/1A-Banner-1-portada-imagen-10-1-copia-9.webp?resize=700%2C400&ssl=1 2x"},"classes":[]},{"id":110970,"url":"https:\/\/webdelmaestrocmf.com\/portal\/profesora-fue-brutalmente-asaltada-a-metros-de-su-colegio-me-apuntaron-directo-a-la-cabeza\/","url_meta":{"origin":110825,"position":2},"title":"Profesora fue brutalmente asaltada a metros de su colegio: \u00abMe apuntaron directo a la cabeza\u00bb","author":"Web del Maestro CMF","date":"7 julio, 2025","format":false,"excerpt":"Una profesora fue violentamente asaltada a metros de su colegio por cuatro delincuentes armados. La golpearon, le robaron su camioneta y realizaron disparos frente a estudiantes y colegas","rel":"","context":"En \u00abNoticias Internacionales\u00bb","block_context":{"text":"Noticias Internacionales","link":"https:\/\/webdelmaestrocmf.com\/portal\/category\/noticias-internacionales\/"},"img":{"alt_text":"","src":"https:\/\/i0.wp.com\/webdelmaestrocmf.com\/portal\/wp-content\/uploads\/2025\/07\/1A-Banner-1-portada-imagen-10-1-copia-53.jpg?resize=350%2C200&ssl=1","width":350,"height":200,"srcset":"https:\/\/i0.wp.com\/webdelmaestrocmf.com\/portal\/wp-content\/uploads\/2025\/07\/1A-Banner-1-portada-imagen-10-1-copia-53.jpg?resize=350%2C200&ssl=1 1x, https:\/\/i0.wp.com\/webdelmaestrocmf.com\/portal\/wp-content\/uploads\/2025\/07\/1A-Banner-1-portada-imagen-10-1-copia-53.jpg?resize=525%2C300&ssl=1 1.5x, https:\/\/i0.wp.com\/webdelmaestrocmf.com\/portal\/wp-content\/uploads\/2025\/07\/1A-Banner-1-portada-imagen-10-1-copia-53.jpg?resize=700%2C400&ssl=1 2x"},"classes":[]},{"id":110988,"url":"https:\/\/webdelmaestrocmf.com\/portal\/docente-hospitalizada-tras-brutal-agresion-en-aula-crece-la-preocupacion-por-la-seguridad-del-profesorado-en-mexico\/","url_meta":{"origin":110825,"position":3},"title":"Docente hospitalizada tras brutal agresi\u00f3n de madre de familia en el aula: crece la preocupaci\u00f3n por la seguridad del profesorado en M\u00e9xico","author":"Web del Maestro CMF","date":"1 octubre, 2025","format":false,"excerpt":"El ataque ocurri\u00f3 frente a alumnos de tercer grado en Las Choapas, Veracruz. No es un hecho aislado: se suman nuevos casos de violencia escolar sin respuesta clara de las autoridades.","rel":"","context":"En \u00abNoticias Internacionales\u00bb","block_context":{"text":"Noticias Internacionales","link":"https:\/\/webdelmaestrocmf.com\/portal\/category\/noticias-internacionales\/"},"img":{"alt_text":"","src":"https:\/\/i0.wp.com\/webdelmaestrocmf.com\/portal\/wp-content\/uploads\/2025\/10\/1A-Banner-1-portada-imagen-10-1-copia-7-1.webp?resize=350%2C200&ssl=1","width":350,"height":200,"srcset":"https:\/\/i0.wp.com\/webdelmaestrocmf.com\/portal\/wp-content\/uploads\/2025\/10\/1A-Banner-1-portada-imagen-10-1-copia-7-1.webp?resize=350%2C200&ssl=1 1x, https:\/\/i0.wp.com\/webdelmaestrocmf.com\/portal\/wp-content\/uploads\/2025\/10\/1A-Banner-1-portada-imagen-10-1-copia-7-1.webp?resize=525%2C300&ssl=1 1.5x, https:\/\/i0.wp.com\/webdelmaestrocmf.com\/portal\/wp-content\/uploads\/2025\/10\/1A-Banner-1-portada-imagen-10-1-copia-7-1.webp?resize=700%2C400&ssl=1 2x"},"classes":[]},{"id":20375,"url":"https:\/\/webdelmaestrocmf.com\/portal\/lev-vygotski-desarrollo-los-procesos-psicologicos-superiores\/","url_meta":{"origin":110825,"position":4},"title":"Lev Vygotski: El desarrollo de los procesos psicol\u00f3gicos superiores","author":"Web del Maestro CMF","date":"6 enero, 2020","format":false,"excerpt":"Lev Semi\u00f3novich Vygotski\u00a0(17 de noviembre\u00a0de\u00a01896,\u00a0Orsha,\u00a0Imperio Ruso, actual\u00a0Bielorrusia-11 de junio\u00a0de\u00a01934,\u00a0Mosc\u00fa,\u00a0Uni\u00f3n Sovi\u00e9tica) o\u00a0Lev Vygotsky\u00a0fue un\u00a0psic\u00f3logo\u00a0ruso de origen\u00a0jud\u00edo, uno de los m\u00e1s destacados te\u00f3ricos de la\u00a0psicolog\u00eda del desarrollo, fundador de la\u00a0psicolog\u00eda hist\u00f3rico-culturaly claro precursor de la\u00a0neuropsicolog\u00eda\u00a0sovi\u00e9tica, de la que ser\u00eda m\u00e1ximo exponente el m\u00e9dico ruso\u00a0Alexander Luria. Su obra fue descubierta y divulgada por\u2026","rel":"","context":"En \u00abLas m\u00e1s vistas\u00bb","block_context":{"text":"Las m\u00e1s vistas","link":"https:\/\/webdelmaestrocmf.com\/portal\/category\/pedagogia\/visitadas\/"},"img":{"alt_text":"","src":"https:\/\/i0.wp.com\/webdelmaestrocmf.com\/portal\/wp-content\/uploads\/2020\/01\/1-92.jpg?resize=350%2C200&ssl=1","width":350,"height":200,"srcset":"https:\/\/i0.wp.com\/webdelmaestrocmf.com\/portal\/wp-content\/uploads\/2020\/01\/1-92.jpg?resize=350%2C200&ssl=1 1x, https:\/\/i0.wp.com\/webdelmaestrocmf.com\/portal\/wp-content\/uploads\/2020\/01\/1-92.jpg?resize=525%2C300&ssl=1 1.5x, https:\/\/i0.wp.com\/webdelmaestrocmf.com\/portal\/wp-content\/uploads\/2020\/01\/1-92.jpg?resize=700%2C400&ssl=1 2x, https:\/\/i0.wp.com\/webdelmaestrocmf.com\/portal\/wp-content\/uploads\/2020\/01\/1-92.jpg?resize=1050%2C600&ssl=1 3x"},"classes":[]},{"id":53594,"url":"https:\/\/webdelmaestrocmf.com\/portal\/camerun-guerrilleros-asesinan-a-estudiantes-dentro-de-su-escuela\/","url_meta":{"origin":110825,"position":5},"title":"Camer\u00fan: guerrilleros asesinan a estudiantes dentro de su escuela","author":"Web del Maestro CMF","date":"28 octubre, 2020","format":false,"excerpt":"Hace poco tiempo las noticias nos hac\u00edan conocer el asesinato del profesor Samuel Paty en Francia, por un adolescente checheno que lo decapit\u00f3 por mostrar caricaturas del profeta Mahoma en el aula de su clase.\u00a0 \u00c9ste \u201cse hab\u00eda puesto en contacto con un padre de familia de la escuela que,\u2026","rel":"","context":"En \u00abRecursos\u00bb","block_context":{"text":"Recursos","link":"https:\/\/webdelmaestrocmf.com\/portal\/category\/pedagogia\/"},"img":{"alt_text":"","src":"https:\/\/i0.wp.com\/webdelmaestrocmf.com\/portal\/wp-content\/uploads\/2020\/10\/1jpg-14.jpg?resize=350%2C200&ssl=1","width":350,"height":200,"srcset":"https:\/\/i0.wp.com\/webdelmaestrocmf.com\/portal\/wp-content\/uploads\/2020\/10\/1jpg-14.jpg?resize=350%2C200&ssl=1 1x, https:\/\/i0.wp.com\/webdelmaestrocmf.com\/portal\/wp-content\/uploads\/2020\/10\/1jpg-14.jpg?resize=525%2C300&ssl=1 1.5x, https:\/\/i0.wp.com\/webdelmaestrocmf.com\/portal\/wp-content\/uploads\/2020\/10\/1jpg-14.jpg?resize=700%2C400&ssl=1 2x, https:\/\/i0.wp.com\/webdelmaestrocmf.com\/portal\/wp-content\/uploads\/2020\/10\/1jpg-14.jpg?resize=1050%2C600&ssl=1 3x"},"classes":[]}],"_links":{"self":[{"href":"https:\/\/webdelmaestrocmf.com\/portal\/wp-json\/wp\/v2\/posts\/110825","targetHints":{"allow":["GET"]}}],"collection":[{"href":"https:\/\/webdelmaestrocmf.com\/portal\/wp-json\/wp\/v2\/posts"}],"about":[{"href":"https:\/\/webdelmaestrocmf.com\/portal\/wp-json\/wp\/v2\/types\/post"}],"author":[{"embeddable":true,"href":"https:\/\/webdelmaestrocmf.com\/portal\/wp-json\/wp\/v2\/users\/1"}],"replies":[{"embeddable":true,"href":"https:\/\/webdelmaestrocmf.com\/portal\/wp-json\/wp\/v2\/comments?post=110825"}],"version-history":[{"count":2,"href":"https:\/\/webdelmaestrocmf.com\/portal\/wp-json\/wp\/v2\/posts\/110825\/revisions"}],"predecessor-version":[{"id":112758,"href":"https:\/\/webdelmaestrocmf.com\/portal\/wp-json\/wp\/v2\/posts\/110825\/revisions\/112758"}],"wp:featuredmedia":[{"embeddable":true,"href":"https:\/\/webdelmaestrocmf.com\/portal\/wp-json\/wp\/v2\/media\/111682"}],"wp:attachment":[{"href":"https:\/\/webdelmaestrocmf.com\/portal\/wp-json\/wp\/v2\/media?parent=110825"}],"wp:term":[{"taxonomy":"category","embeddable":true,"href":"https:\/\/webdelmaestrocmf.com\/portal\/wp-json\/wp\/v2\/categories?post=110825"},{"taxonomy":"post_tag","embeddable":true,"href":"https:\/\/webdelmaestrocmf.com\/portal\/wp-json\/wp\/v2\/tags?post=110825"}],"curies":[{"name":"wp","href":"https:\/\/api.w.org\/{rel}","templated":true}]}}