{"id":110701,"date":"2025-06-28T23:44:06","date_gmt":"2025-06-29T03:44:06","guid":{"rendered":"https:\/\/webdelmaestrocmf.com\/portal\/?p=110701"},"modified":"2025-06-28T23:44:08","modified_gmt":"2025-06-29T03:44:08","slug":"revelan-que-el-cartel-de-sinaloa-hackeo-al-fbi-para-asesinar-a-informantes-en-mexico","status":"publish","type":"post","link":"https:\/\/webdelmaestrocmf.com\/portal\/revelan-que-el-cartel-de-sinaloa-hackeo-al-fbi-para-asesinar-a-informantes-en-mexico\/","title":{"rendered":"Revelan que el C\u00e1rtel de Sinaloa hacke\u00f3 al FBI para asesinar a informantes en M\u00e9xico"},"content":{"rendered":"\n<p><strong>Washington \/ Ciudad de M\u00e9xico<\/strong> \u2014 El Departamento de Justicia de Estados Unidos revel\u00f3 este viernes un hecho alarmante: un hacker al servicio del C\u00e1rtel de Sinaloa logr\u00f3 vulnerar un dispositivo de un agente del Bur\u00f3 Federal de Investigaci\u00f3n (FBI) y acceder al sistema de videovigilancia de la Ciudad de M\u00e9xico para localizar y asesinar a informantes de la agencia en 2018.<\/p>\n\n\n\n<p>De acuerdo con el informe oficial, el pirata inform\u00e1tico trabajaba para el c\u00e1rtel dirigido por Joaqu\u00edn Guzm\u00e1n Loera, alias <em>El Chapo<\/em>, quien fue extraditado a Estados Unidos en 2017. El hacker logr\u00f3 extraer del tel\u00e9fono del agregado adjunto del FBI en la Embajada estadounidense de Ciudad de M\u00e9xico registros de llamadas, datos de localizaci\u00f3n y otra informaci\u00f3n sensible. Con esos datos, utiliz\u00f3 el sistema de c\u00e1maras de vigilancia de la capital mexicana para rastrear los movimientos del funcionario e identificar a las personas con las que se reun\u00eda.<\/p>\n\n\n\n<p>El reporte, dado a conocer en una auditor\u00eda del inspector general del Departamento de Justicia, detalla que el grupo criminal emple\u00f3 esta informaci\u00f3n para intimidar e incluso asesinar a testigos y colaboradores potenciales del FBI. Hasta ahora, el documento no hace p\u00fablicos los nombres del presunto hacker, del agregado involucrado ni de las v\u00edctimas.<\/p>\n\n\n\n<iframe loading=\"lazy\" width=\"100%\" height=\"315\" src=\"https:\/\/www.youtube.com\/embed\/NQl05LBnPWo?si=ll12iXwXjUPYYj-L\" title=\"YouTube video player\" frameborder=\"0\" allow=\"accelerometer; autoplay; clipboard-write; encrypted-media; gyroscope; picture-in-picture; web-share\" referrerpolicy=\"strict-origin-when-cross-origin\" allowfullscreen><\/iframe>\n\n\n\n<p>La revelaci\u00f3n se enmarca dentro de una revisi\u00f3n sobre los esfuerzos del FBI para enfrentar lo que se denomina \u201cvigilancia t\u00e9cnica ubicua\u201d, es decir, la masiva proliferaci\u00f3n de c\u00e1maras de seguridad y la compraventa de grandes vol\u00famenes de datos de comunicaci\u00f3n y geolocalizaci\u00f3n. El informe advierte que los avances tecnol\u00f3gicos han permitido que incluso organizaciones criminales con recursos limitados exploten vulnerabilidades en el ecosistema global de vigilancia.<\/p>\n\n\n\n<p>Como parte de sus recomendaciones, el inspector general solicit\u00f3 reforzar la capacitaci\u00f3n de los agentes para reducir estos riesgos y continuar el desarrollo de un plan estrat\u00e9gico que limite la exposici\u00f3n de la agencia ante este tipo de amenazas. Hasta el momento, ni el FBI, ni el Departamento de Estado, ni el de Justicia han ofrecido comentarios, y tampoco se ha pronunciado el equipo legal de Joaqu\u00edn Guzm\u00e1n Loera.<\/p>\n\n\n\n<p>Este episodio coincide con otras revelaciones sobre espionaje de c\u00e1rteles mexicanos contra autoridades estadounidenses. Apenas este martes, Matthew W. Allen, agente especial de la Administraci\u00f3n de Control de Drogas (DEA), declar\u00f3 que miembros del C\u00e1rtel Jalisco Nueva Generaci\u00f3n (CJNG) vigilaron a oficiales de la agencia en Washington durante el juicio de Rub\u00e9n Oseguera Gonz\u00e1lez, alias <em>El Menchito<\/em>, hijo de Nemesio Oseguera Cervantes, l\u00edder de la organizaci\u00f3n criminal.<\/p>\n\n\n\n<p>Allen denunci\u00f3 adem\u00e1s que el CJNG habr\u00eda tomado represalias contra familiares de informantes vinculados a procesos judiciales, y asegur\u00f3 que existen pruebas de que la organizaci\u00f3n realiza operaciones de espionaje dentro del propio territorio estadounidense, en paralelo a casos abiertos contra sus l\u00edderes.<\/p>\n\n\n\n<p>Estos hechos exponen la creciente capacidad de los c\u00e1rteles para vulnerar los sistemas de seguridad estadounidenses y cuestionan la protecci\u00f3n de los informantes que colaboran con las autoridades.<\/p>\n\n\n\n<p class=\"has-text-align-right\"><strong>Redacci\u00f3n | Web del Maestro CMF<\/strong><\/p>\n\n\n\t\t<div class=\"pk-inline-posts\">\n\t\t\t\n\t\t\t<div class=\"pk-inline-posts-container pk-inline-posts-template-list\"\n\t\t\t\tdata-columns=\"1\">\n\t\t\t\t\t\t<article id=\"post-118433\" class=\"post-118433 post type-post status-publish format-standard has-post-thumbnail category-noticias-internacionales tag-aprendizaje tag-atencion-en-el-aula-2 tag-docentes tag-educacion-3 tag-estrategias-didacticas-2 tag-innovacion-educativa-3 tag-motivacion-escolar-2 tag-neuroeducacion-2 tag-pedagogia-3 tag-tecnologia-educativa-3 cs-entry cs-video-wrap\">\n\t\t\t<div class=\"pk-post-outer\">\n\n\t\t\t\t\t\t\t\t<div class=\"pk-post-inner\">\n\t\t\t\t\t<div class=\"entry-thumbnail\">\n\t\t\t\t\t\t<div class=\"pk-overlay pk-overlay-ratio pk-ratio-landscape\">\n\t\t\t\t\t\t\t<div class=\"pk-overlay-background\">\n\t\t\t\t\t\t\t\t<a href=\"https:\/\/webdelmaestrocmf.com\/portal\/9-de-cada-10-maestros-confirman-que-los-alumnos-ya-no-prestan-atencion-en-clase\/\" class=\"pk-overlay-link\">\n\t\t\t\t\t\t\t\t\t<img loading=\"lazy\" decoding=\"async\" width=\"300\" height=\"225\" src=\"https:\/\/webdelmaestrocmf.com\/portal\/wp-content\/uploads\/2026\/04\/1AA-Banner-1-portada-imagen-10-1-copia-1-10-300x225.webp\" class=\"attachment-pk-thumbnail size-pk-thumbnail wp-post-image\" alt=\"\" \/>\t\t\t\t\t\t\t\t<\/a>\n\t\t\t\t\t\t\t<\/div>\n\t\t\t\t\t\t<\/div>\n\t\t\t\t\t<\/div>\n\t\t\t\t<\/div>\n\t\t\t\t\n\t\t\t\t<div class=\"pk-post-inner\">\n\t\t\t\t\t<header>\n\t\t\t\t\t\t<h3 class=\"pk-title\"><a href=\"https:\/\/webdelmaestrocmf.com\/portal\/9-de-cada-10-maestros-confirman-que-los-alumnos-ya-no-prestan-atencion-en-clase\/\" rel=\"bookmark\">9 de cada 10 maestros confirman que los alumnos ya no prestan atenci\u00f3n en clase<\/a><\/h3>\t\t\t\t\t<\/header><!-- .entry-header -->\n\t\t\t\t<\/div><!-- .post-inner -->\n\n\t\t\t<\/div><!-- .post-outer -->\n\t\t<\/article>\n\t\t\t<article id=\"post-118385\" class=\"post-118385 post type-post status-publish format-standard has-post-thumbnail category-noticias-internacionales tag-accidente-escolar tag-comunidad-escolar tag-cuidado-infantil tag-derechos-del-nino tag-educacion-segura tag-gestion-educativa-3 tag-prevencion-riesgos tag-responsabilidad-educativa tag-seguridad-escolar tag-supervision-docente cs-entry cs-video-wrap\">\n\t\t\t<div class=\"pk-post-outer\">\n\n\t\t\t\t\t\t\t\t<div class=\"pk-post-inner\">\n\t\t\t\t\t<div class=\"entry-thumbnail\">\n\t\t\t\t\t\t<div class=\"pk-overlay pk-overlay-ratio pk-ratio-landscape\">\n\t\t\t\t\t\t\t<div class=\"pk-overlay-background\">\n\t\t\t\t\t\t\t\t<a href=\"https:\/\/webdelmaestrocmf.com\/portal\/nina-fallece-tras-presunto-tropiezo-en-escuela-pero-su-padre-desmiente-la-version-me-encontre-a-mi-hija-toda-ensangrentada\/\" class=\"pk-overlay-link\">\n\t\t\t\t\t\t\t\t\t<img loading=\"lazy\" decoding=\"async\" width=\"300\" height=\"225\" src=\"https:\/\/webdelmaestrocmf.com\/portal\/wp-content\/uploads\/2026\/04\/1AA-Banner-1-portada-imagen-10-1-copia-4-3-300x225.webp\" class=\"attachment-pk-thumbnail size-pk-thumbnail wp-post-image\" alt=\"\" \/>\t\t\t\t\t\t\t\t<\/a>\n\t\t\t\t\t\t\t<\/div>\n\t\t\t\t\t\t<\/div>\n\t\t\t\t\t<\/div>\n\t\t\t\t<\/div>\n\t\t\t\t\n\t\t\t\t<div class=\"pk-post-inner\">\n\t\t\t\t\t<header>\n\t\t\t\t\t\t<h3 class=\"pk-title\"><a href=\"https:\/\/webdelmaestrocmf.com\/portal\/nina-fallece-tras-presunto-tropiezo-en-escuela-pero-su-padre-desmiente-la-version-me-encontre-a-mi-hija-toda-ensangrentada\/\" rel=\"bookmark\">Ni\u00f1a fallece tras presunto tropiezo en escuela, pero su padre desmiente la versi\u00f3n: \u201cMe encontr\u00e9 a mi hija toda ensangrentada\u201d<\/a><\/h3>\t\t\t\t\t<\/header><!-- .entry-header -->\n\t\t\t\t<\/div><!-- .post-inner -->\n\n\t\t\t<\/div><!-- .post-outer -->\n\t\t<\/article>\n\t\t\t<article id=\"post-118342\" class=\"post-118342 post type-post status-publish format-standard has-post-thumbnail category-noticias-internacionales tag-alfabetizacion tag-aprendizaje tag-comprension-lectora tag-docentes tag-educacion tag-escuela tag-innovacion-educativa tag-lectura tag-pedagogia tag-tecnologia-educativa cs-entry cs-video-wrap\">\n\t\t\t<div class=\"pk-post-outer\">\n\n\t\t\t\t\t\t\t\t<div class=\"pk-post-inner\">\n\t\t\t\t\t<div class=\"entry-thumbnail\">\n\t\t\t\t\t\t<div class=\"pk-overlay pk-overlay-ratio pk-ratio-landscape\">\n\t\t\t\t\t\t\t<div class=\"pk-overlay-background\">\n\t\t\t\t\t\t\t\t<a href=\"https:\/\/webdelmaestrocmf.com\/portal\/apagon-digital-en-la-escuela-suecia-frena-la-inversion-en-pantallas-y-vuelve-a-los-libros\/\" class=\"pk-overlay-link\">\n\t\t\t\t\t\t\t\t\t<img loading=\"lazy\" decoding=\"async\" width=\"300\" height=\"225\" src=\"https:\/\/webdelmaestrocmf.com\/portal\/wp-content\/uploads\/2026\/04\/1AA-Banner-1-portada-imagen-10-1-copia-8-2-300x225.webp\" class=\"attachment-pk-thumbnail size-pk-thumbnail wp-post-image\" alt=\"\" \/>\t\t\t\t\t\t\t\t<\/a>\n\t\t\t\t\t\t\t<\/div>\n\t\t\t\t\t\t<\/div>\n\t\t\t\t\t<\/div>\n\t\t\t\t<\/div>\n\t\t\t\t\n\t\t\t\t<div class=\"pk-post-inner\">\n\t\t\t\t\t<header>\n\t\t\t\t\t\t<h3 class=\"pk-title\"><a href=\"https:\/\/webdelmaestrocmf.com\/portal\/apagon-digital-en-la-escuela-suecia-frena-la-inversion-en-pantallas-y-vuelve-a-los-libros\/\" rel=\"bookmark\">\u00bfApag\u00f3n digital en la escuela? Suecia frena la inversi\u00f3n en pantallas y vuelve a los libros<\/a><\/h3>\t\t\t\t\t<\/header><!-- .entry-header -->\n\t\t\t\t<\/div><!-- .post-inner -->\n\n\t\t\t<\/div><!-- .post-outer -->\n\t\t<\/article>\n\t\t\t\t<\/div>\n\t\t<\/div>\n\t\t\n","protected":false},"excerpt":{"rendered":"Un pirata inform\u00e1tico ligado al Chapo vulner\u00f3 dispositivos del FBI y c\u00e1maras de la Ciudad de M\u00e9xico para ubicar y silenciar a testigos clave, revelando graves fallas en la seguridad estadounidense","protected":false},"author":1,"featured_media":110702,"comment_status":"open","ping_status":"closed","sticky":false,"template":"","format":"standard","meta":{"csco_display_header_overlay":false,"csco_singular_sidebar":"","csco_page_header_type":"","csco_page_load_nextpost":"","csco_post_video_location":[],"csco_post_video_location_hash":"","csco_post_video_url":"","csco_post_video_bg_start_time":0,"csco_post_video_bg_end_time":0,"csco_post_video_bg_volume":false,"_jetpack_memberships_contains_paid_content":false,"footnotes":""},"categories":[23790],"tags":[23875,23872,23874,23873,23876],"class_list":{"0":"post-110701","1":"post","2":"type-post","3":"status-publish","4":"format-standard","5":"has-post-thumbnail","7":"category-noticias-internacionales","8":"tag-asesinar","9":"tag-cartel-de-sinaloa","10":"tag-fbi","11":"tag-hackeo","12":"tag-informantes","13":"cs-entry","14":"cs-video-wrap"},"yoast_head":"<!-- This site is optimized with the Yoast SEO plugin v27.5 - https:\/\/yoast.com\/product\/yoast-seo-wordpress\/ -->\n<title>Revelan que el C\u00e1rtel de Sinaloa hacke\u00f3 al FBI para asesinar a informantes en M\u00e9xico - 2026<\/title>\n<meta name=\"description\" content=\"C\u00e1rtel de Sinaloa logr\u00f3 vulnerar un dispositivo de un agente del Bur\u00f3 Federal de Investigaci\u00f3n (FBI) y acceder al sistema...\" \/>\n<meta name=\"robots\" content=\"index, follow, max-snippet:-1, max-image-preview:large, max-video-preview:-1\" \/>\n<link rel=\"canonical\" href=\"https:\/\/webdelmaestrocmf.com\/portal\/revelan-que-el-cartel-de-sinaloa-hackeo-al-fbi-para-asesinar-a-informantes-en-mexico\/\" \/>\n<meta property=\"og:locale\" content=\"es_ES\" \/>\n<meta property=\"og:type\" content=\"article\" \/>\n<meta property=\"og:title\" content=\"Revelan que el C\u00e1rtel de Sinaloa hacke\u00f3 al FBI para asesinar a informantes en M\u00e9xico - 2026\" \/>\n<meta property=\"og:description\" content=\"C\u00e1rtel de Sinaloa logr\u00f3 vulnerar un dispositivo de un agente del Bur\u00f3 Federal de Investigaci\u00f3n (FBI) y acceder al sistema...\" \/>\n<meta property=\"og:url\" content=\"https:\/\/webdelmaestrocmf.com\/portal\/revelan-que-el-cartel-de-sinaloa-hackeo-al-fbi-para-asesinar-a-informantes-en-mexico\/\" \/>\n<meta property=\"og:site_name\" content=\"Web del Maestro CMF\" \/>\n<meta property=\"article:publisher\" content=\"https:\/\/www.facebook.com\/WebdelMaestroCMF\/\" \/>\n<meta property=\"article:author\" content=\"https:\/\/www.facebook.com\/WebdelMaestroCMF\/\" \/>\n<meta property=\"article:published_time\" content=\"2025-06-29T03:44:06+00:00\" \/>\n<meta property=\"article:modified_time\" content=\"2025-06-29T03:44:08+00:00\" \/>\n<meta property=\"og:image\" content=\"https:\/\/webdelmaestrocmf.com\/portal\/wp-content\/uploads\/2025\/06\/1A-Banner-1-portada-imagen-10-1-copia-1-2.jpg\" \/>\n\t<meta property=\"og:image:width\" content=\"1003\" \/>\n\t<meta property=\"og:image:height\" content=\"667\" \/>\n\t<meta property=\"og:image:type\" content=\"image\/jpeg\" \/>\n<meta name=\"author\" content=\"Web del Maestro CMF\" \/>\n<meta name=\"twitter:card\" content=\"summary_large_image\" \/>\n<meta name=\"twitter:creator\" content=\"@cmf_w\" \/>\n<meta name=\"twitter:site\" content=\"@cmf_w\" \/>\n<script type=\"application\/ld+json\" class=\"yoast-schema-graph\">{\"@context\":\"https:\\\/\\\/schema.org\",\"@graph\":[{\"@type\":\"ScholarlyArticle\",\"@id\":\"https:\\\/\\\/webdelmaestrocmf.com\\\/portal\\\/revelan-que-el-cartel-de-sinaloa-hackeo-al-fbi-para-asesinar-a-informantes-en-mexico\\\/#article\",\"isPartOf\":{\"@id\":\"https:\\\/\\\/webdelmaestrocmf.com\\\/portal\\\/revelan-que-el-cartel-de-sinaloa-hackeo-al-fbi-para-asesinar-a-informantes-en-mexico\\\/\"},\"author\":{\"name\":\"Web del Maestro CMF\",\"@id\":\"https:\\\/\\\/webdelmaestrocmf.com\\\/portal\\\/#\\\/schema\\\/person\\\/1072a2ed7bd960df8ef99a551fa35dc5\"},\"headline\":\"Revelan que el C\u00e1rtel de Sinaloa hacke\u00f3 al FBI para asesinar a informantes en M\u00e9xico\",\"datePublished\":\"2025-06-29T03:44:06+00:00\",\"dateModified\":\"2025-06-29T03:44:08+00:00\",\"mainEntityOfPage\":{\"@id\":\"https:\\\/\\\/webdelmaestrocmf.com\\\/portal\\\/revelan-que-el-cartel-de-sinaloa-hackeo-al-fbi-para-asesinar-a-informantes-en-mexico\\\/\"},\"wordCount\":546,\"commentCount\":0,\"publisher\":{\"@id\":\"https:\\\/\\\/webdelmaestrocmf.com\\\/portal\\\/#organization\"},\"image\":{\"@id\":\"https:\\\/\\\/webdelmaestrocmf.com\\\/portal\\\/revelan-que-el-cartel-de-sinaloa-hackeo-al-fbi-para-asesinar-a-informantes-en-mexico\\\/#primaryimage\"},\"thumbnailUrl\":\"https:\\\/\\\/webdelmaestrocmf.com\\\/portal\\\/wp-content\\\/uploads\\\/2025\\\/06\\\/1A-Banner-1-portada-imagen-10-1-copia-1-2.jpg\",\"keywords\":[\"asesinar\",\"C\u00e1rtel de Sinaloa\",\"FBI\",\"hacke\u00f3\",\"informantes\"],\"articleSection\":[\"Noticias Internacionales\"],\"inLanguage\":\"es\",\"potentialAction\":[{\"@type\":\"CommentAction\",\"name\":\"Comment\",\"target\":[\"https:\\\/\\\/webdelmaestrocmf.com\\\/portal\\\/revelan-que-el-cartel-de-sinaloa-hackeo-al-fbi-para-asesinar-a-informantes-en-mexico\\\/#respond\"]}]},{\"@type\":\"WebPage\",\"@id\":\"https:\\\/\\\/webdelmaestrocmf.com\\\/portal\\\/revelan-que-el-cartel-de-sinaloa-hackeo-al-fbi-para-asesinar-a-informantes-en-mexico\\\/\",\"url\":\"https:\\\/\\\/webdelmaestrocmf.com\\\/portal\\\/revelan-que-el-cartel-de-sinaloa-hackeo-al-fbi-para-asesinar-a-informantes-en-mexico\\\/\",\"name\":\"Revelan que el C\u00e1rtel de Sinaloa hacke\u00f3 al FBI para asesinar a informantes en M\u00e9xico - 2026\",\"isPartOf\":{\"@id\":\"https:\\\/\\\/webdelmaestrocmf.com\\\/portal\\\/#website\"},\"primaryImageOfPage\":{\"@id\":\"https:\\\/\\\/webdelmaestrocmf.com\\\/portal\\\/revelan-que-el-cartel-de-sinaloa-hackeo-al-fbi-para-asesinar-a-informantes-en-mexico\\\/#primaryimage\"},\"image\":{\"@id\":\"https:\\\/\\\/webdelmaestrocmf.com\\\/portal\\\/revelan-que-el-cartel-de-sinaloa-hackeo-al-fbi-para-asesinar-a-informantes-en-mexico\\\/#primaryimage\"},\"thumbnailUrl\":\"https:\\\/\\\/webdelmaestrocmf.com\\\/portal\\\/wp-content\\\/uploads\\\/2025\\\/06\\\/1A-Banner-1-portada-imagen-10-1-copia-1-2.jpg\",\"datePublished\":\"2025-06-29T03:44:06+00:00\",\"dateModified\":\"2025-06-29T03:44:08+00:00\",\"description\":\"C\u00e1rtel de Sinaloa logr\u00f3 vulnerar un dispositivo de un agente del Bur\u00f3 Federal de Investigaci\u00f3n (FBI) y acceder al sistema...\",\"breadcrumb\":{\"@id\":\"https:\\\/\\\/webdelmaestrocmf.com\\\/portal\\\/revelan-que-el-cartel-de-sinaloa-hackeo-al-fbi-para-asesinar-a-informantes-en-mexico\\\/#breadcrumb\"},\"inLanguage\":\"es\",\"potentialAction\":[{\"@type\":\"ReadAction\",\"target\":[\"https:\\\/\\\/webdelmaestrocmf.com\\\/portal\\\/revelan-que-el-cartel-de-sinaloa-hackeo-al-fbi-para-asesinar-a-informantes-en-mexico\\\/\"]}]},{\"@type\":\"ImageObject\",\"inLanguage\":\"es\",\"@id\":\"https:\\\/\\\/webdelmaestrocmf.com\\\/portal\\\/revelan-que-el-cartel-de-sinaloa-hackeo-al-fbi-para-asesinar-a-informantes-en-mexico\\\/#primaryimage\",\"url\":\"https:\\\/\\\/webdelmaestrocmf.com\\\/portal\\\/wp-content\\\/uploads\\\/2025\\\/06\\\/1A-Banner-1-portada-imagen-10-1-copia-1-2.jpg\",\"contentUrl\":\"https:\\\/\\\/webdelmaestrocmf.com\\\/portal\\\/wp-content\\\/uploads\\\/2025\\\/06\\\/1A-Banner-1-portada-imagen-10-1-copia-1-2.jpg\",\"width\":1003,\"height\":667},{\"@type\":\"BreadcrumbList\",\"@id\":\"https:\\\/\\\/webdelmaestrocmf.com\\\/portal\\\/revelan-que-el-cartel-de-sinaloa-hackeo-al-fbi-para-asesinar-a-informantes-en-mexico\\\/#breadcrumb\",\"itemListElement\":[{\"@type\":\"ListItem\",\"position\":1,\"name\":\"Portada\",\"item\":\"https:\\\/\\\/webdelmaestrocmf.com\\\/portal\\\/\"},{\"@type\":\"ListItem\",\"position\":2,\"name\":\"Noticias Internacionales\",\"item\":\"https:\\\/\\\/webdelmaestrocmf.com\\\/portal\\\/category\\\/noticias-internacionales\\\/\"},{\"@type\":\"ListItem\",\"position\":3,\"name\":\"Revelan que el C\u00e1rtel de Sinaloa hacke\u00f3 al FBI para asesinar a informantes en M\u00e9xico\"}]},{\"@type\":\"WebSite\",\"@id\":\"https:\\\/\\\/webdelmaestrocmf.com\\\/portal\\\/#website\",\"url\":\"https:\\\/\\\/webdelmaestrocmf.com\\\/portal\\\/\",\"name\":\"Web del Maestro CMF\",\"description\":\"Maestros al servicio de la educaci\u00f3n\",\"publisher\":{\"@id\":\"https:\\\/\\\/webdelmaestrocmf.com\\\/portal\\\/#organization\"},\"alternateName\":\"WMCMF\",\"potentialAction\":[{\"@type\":\"SearchAction\",\"target\":{\"@type\":\"EntryPoint\",\"urlTemplate\":\"https:\\\/\\\/webdelmaestrocmf.com\\\/portal\\\/?s={search_term_string}\"},\"query-input\":{\"@type\":\"PropertyValueSpecification\",\"valueRequired\":true,\"valueName\":\"search_term_string\"}}],\"inLanguage\":\"es\"},{\"@type\":\"Organization\",\"@id\":\"https:\\\/\\\/webdelmaestrocmf.com\\\/portal\\\/#organization\",\"name\":\"Web del Maestro CMF\",\"alternateName\":\"WMCMF\",\"url\":\"https:\\\/\\\/webdelmaestrocmf.com\\\/portal\\\/\",\"logo\":{\"@type\":\"ImageObject\",\"inLanguage\":\"es\",\"@id\":\"https:\\\/\\\/webdelmaestrocmf.com\\\/portal\\\/#\\\/schema\\\/logo\\\/image\\\/\",\"url\":\"https:\\\/\\\/webdelmaestrocmf.com\\\/portal\\\/wp-content\\\/uploads\\\/2023\\\/01\\\/logo-wmcmf-2.png\",\"contentUrl\":\"https:\\\/\\\/webdelmaestrocmf.com\\\/portal\\\/wp-content\\\/uploads\\\/2023\\\/01\\\/logo-wmcmf-2.png\",\"width\":200,\"height\":60,\"caption\":\"Web del Maestro CMF\"},\"image\":{\"@id\":\"https:\\\/\\\/webdelmaestrocmf.com\\\/portal\\\/#\\\/schema\\\/logo\\\/image\\\/\"},\"sameAs\":[\"https:\\\/\\\/www.facebook.com\\\/WebdelMaestroCMF\\\/\",\"https:\\\/\\\/x.com\\\/cmf_w\",\"https:\\\/\\\/www.pinterest.com\\\/WMCMF\\\/\",\"https:\\\/\\\/www.linkedin.com\\\/company\\\/web-del-maestro-cmf\\\/\",\"https:\\\/\\\/www.instagram.com\\\/wmcmf\\\/\",\"https:\\\/\\\/www.youtube.com\\\/channel\\\/UCDPSvjbdodE5sHnC3OxutHw\",\"https:\\\/\\\/mastodon.social\\\/@wmcmf\",\"https:\\\/\\\/www.tiktok.com\\\/@webdelmaestrocmf\"]},{\"@type\":\"Person\",\"@id\":\"https:\\\/\\\/webdelmaestrocmf.com\\\/portal\\\/#\\\/schema\\\/person\\\/1072a2ed7bd960df8ef99a551fa35dc5\",\"name\":\"Web del Maestro CMF\",\"image\":{\"@type\":\"ImageObject\",\"inLanguage\":\"es\",\"@id\":\"https:\\\/\\\/secure.gravatar.com\\\/avatar\\\/23291dd5b5ae1077dcff3dbb04c3e02bd28403fa75af6d8787d5e97c5bbbe30b?s=96&d=mm&r=g\",\"url\":\"https:\\\/\\\/secure.gravatar.com\\\/avatar\\\/23291dd5b5ae1077dcff3dbb04c3e02bd28403fa75af6d8787d5e97c5bbbe30b?s=96&d=mm&r=g\",\"contentUrl\":\"https:\\\/\\\/secure.gravatar.com\\\/avatar\\\/23291dd5b5ae1077dcff3dbb04c3e02bd28403fa75af6d8787d5e97c5bbbe30b?s=96&d=mm&r=g\",\"caption\":\"Web del Maestro CMF\"},\"description\":\"Esta Web se cre\u00f3 sin fines de lucro, con fines educativos, cient\u00edficos y acad\u00e9micos, para personas que tengan dificultades y\\\/o inconvenientes en visualizar el material original. El objetivo es entregar recursos, compartir experiencias y materiales que ayuden a los padres de familia, maestros y estudiantes en su actualizaci\u00f3n y formaci\u00f3n permanente, en bien de la Educaci\u00f3n.\",\"sameAs\":[\"http:\\\/\\\/webdelmaestrocmf.com\\\/portal\",\"https:\\\/\\\/www.facebook.com\\\/WebdelMaestroCMF\\\/\",\"https:\\\/\\\/www.instagram.com\\\/wmcmf\\\/\",\"https:\\\/\\\/cl.linkedin.com\\\/company\\\/web-del-maestro-cmf\",\"https:\\\/\\\/www.pinterest.com\\\/WMCMF\\\/publicaciones\\\/\",\"https:\\\/\\\/x.com\\\/cmf_w\",\"https:\\\/\\\/www.youtube.com\\\/@WMCMF\"]}]}<\/script>\n<!-- \/ Yoast SEO plugin. -->","yoast_head_json":{"title":"Revelan que el C\u00e1rtel de Sinaloa hacke\u00f3 al FBI para asesinar a informantes en M\u00e9xico - 2026","description":"C\u00e1rtel de Sinaloa logr\u00f3 vulnerar un dispositivo de un agente del Bur\u00f3 Federal de Investigaci\u00f3n (FBI) y acceder al sistema...","robots":{"index":"index","follow":"follow","max-snippet":"max-snippet:-1","max-image-preview":"max-image-preview:large","max-video-preview":"max-video-preview:-1"},"canonical":"https:\/\/webdelmaestrocmf.com\/portal\/revelan-que-el-cartel-de-sinaloa-hackeo-al-fbi-para-asesinar-a-informantes-en-mexico\/","og_locale":"es_ES","og_type":"article","og_title":"Revelan que el C\u00e1rtel de Sinaloa hacke\u00f3 al FBI para asesinar a informantes en M\u00e9xico - 2026","og_description":"C\u00e1rtel de Sinaloa logr\u00f3 vulnerar un dispositivo de un agente del Bur\u00f3 Federal de Investigaci\u00f3n (FBI) y acceder al sistema...","og_url":"https:\/\/webdelmaestrocmf.com\/portal\/revelan-que-el-cartel-de-sinaloa-hackeo-al-fbi-para-asesinar-a-informantes-en-mexico\/","og_site_name":"Web del Maestro CMF","article_publisher":"https:\/\/www.facebook.com\/WebdelMaestroCMF\/","article_author":"https:\/\/www.facebook.com\/WebdelMaestroCMF\/","article_published_time":"2025-06-29T03:44:06+00:00","article_modified_time":"2025-06-29T03:44:08+00:00","og_image":[{"width":1003,"height":667,"url":"https:\/\/webdelmaestrocmf.com\/portal\/wp-content\/uploads\/2025\/06\/1A-Banner-1-portada-imagen-10-1-copia-1-2.jpg","type":"image\/jpeg"}],"author":"Web del Maestro CMF","twitter_card":"summary_large_image","twitter_creator":"@cmf_w","twitter_site":"@cmf_w","schema":{"@context":"https:\/\/schema.org","@graph":[{"@type":"ScholarlyArticle","@id":"https:\/\/webdelmaestrocmf.com\/portal\/revelan-que-el-cartel-de-sinaloa-hackeo-al-fbi-para-asesinar-a-informantes-en-mexico\/#article","isPartOf":{"@id":"https:\/\/webdelmaestrocmf.com\/portal\/revelan-que-el-cartel-de-sinaloa-hackeo-al-fbi-para-asesinar-a-informantes-en-mexico\/"},"author":{"name":"Web del Maestro CMF","@id":"https:\/\/webdelmaestrocmf.com\/portal\/#\/schema\/person\/1072a2ed7bd960df8ef99a551fa35dc5"},"headline":"Revelan que el C\u00e1rtel de Sinaloa hacke\u00f3 al FBI para asesinar a informantes en M\u00e9xico","datePublished":"2025-06-29T03:44:06+00:00","dateModified":"2025-06-29T03:44:08+00:00","mainEntityOfPage":{"@id":"https:\/\/webdelmaestrocmf.com\/portal\/revelan-que-el-cartel-de-sinaloa-hackeo-al-fbi-para-asesinar-a-informantes-en-mexico\/"},"wordCount":546,"commentCount":0,"publisher":{"@id":"https:\/\/webdelmaestrocmf.com\/portal\/#organization"},"image":{"@id":"https:\/\/webdelmaestrocmf.com\/portal\/revelan-que-el-cartel-de-sinaloa-hackeo-al-fbi-para-asesinar-a-informantes-en-mexico\/#primaryimage"},"thumbnailUrl":"https:\/\/webdelmaestrocmf.com\/portal\/wp-content\/uploads\/2025\/06\/1A-Banner-1-portada-imagen-10-1-copia-1-2.jpg","keywords":["asesinar","C\u00e1rtel de Sinaloa","FBI","hacke\u00f3","informantes"],"articleSection":["Noticias Internacionales"],"inLanguage":"es","potentialAction":[{"@type":"CommentAction","name":"Comment","target":["https:\/\/webdelmaestrocmf.com\/portal\/revelan-que-el-cartel-de-sinaloa-hackeo-al-fbi-para-asesinar-a-informantes-en-mexico\/#respond"]}]},{"@type":"WebPage","@id":"https:\/\/webdelmaestrocmf.com\/portal\/revelan-que-el-cartel-de-sinaloa-hackeo-al-fbi-para-asesinar-a-informantes-en-mexico\/","url":"https:\/\/webdelmaestrocmf.com\/portal\/revelan-que-el-cartel-de-sinaloa-hackeo-al-fbi-para-asesinar-a-informantes-en-mexico\/","name":"Revelan que el C\u00e1rtel de Sinaloa hacke\u00f3 al FBI para asesinar a informantes en M\u00e9xico - 2026","isPartOf":{"@id":"https:\/\/webdelmaestrocmf.com\/portal\/#website"},"primaryImageOfPage":{"@id":"https:\/\/webdelmaestrocmf.com\/portal\/revelan-que-el-cartel-de-sinaloa-hackeo-al-fbi-para-asesinar-a-informantes-en-mexico\/#primaryimage"},"image":{"@id":"https:\/\/webdelmaestrocmf.com\/portal\/revelan-que-el-cartel-de-sinaloa-hackeo-al-fbi-para-asesinar-a-informantes-en-mexico\/#primaryimage"},"thumbnailUrl":"https:\/\/webdelmaestrocmf.com\/portal\/wp-content\/uploads\/2025\/06\/1A-Banner-1-portada-imagen-10-1-copia-1-2.jpg","datePublished":"2025-06-29T03:44:06+00:00","dateModified":"2025-06-29T03:44:08+00:00","description":"C\u00e1rtel de Sinaloa logr\u00f3 vulnerar un dispositivo de un agente del Bur\u00f3 Federal de Investigaci\u00f3n (FBI) y acceder al sistema...","breadcrumb":{"@id":"https:\/\/webdelmaestrocmf.com\/portal\/revelan-que-el-cartel-de-sinaloa-hackeo-al-fbi-para-asesinar-a-informantes-en-mexico\/#breadcrumb"},"inLanguage":"es","potentialAction":[{"@type":"ReadAction","target":["https:\/\/webdelmaestrocmf.com\/portal\/revelan-que-el-cartel-de-sinaloa-hackeo-al-fbi-para-asesinar-a-informantes-en-mexico\/"]}]},{"@type":"ImageObject","inLanguage":"es","@id":"https:\/\/webdelmaestrocmf.com\/portal\/revelan-que-el-cartel-de-sinaloa-hackeo-al-fbi-para-asesinar-a-informantes-en-mexico\/#primaryimage","url":"https:\/\/webdelmaestrocmf.com\/portal\/wp-content\/uploads\/2025\/06\/1A-Banner-1-portada-imagen-10-1-copia-1-2.jpg","contentUrl":"https:\/\/webdelmaestrocmf.com\/portal\/wp-content\/uploads\/2025\/06\/1A-Banner-1-portada-imagen-10-1-copia-1-2.jpg","width":1003,"height":667},{"@type":"BreadcrumbList","@id":"https:\/\/webdelmaestrocmf.com\/portal\/revelan-que-el-cartel-de-sinaloa-hackeo-al-fbi-para-asesinar-a-informantes-en-mexico\/#breadcrumb","itemListElement":[{"@type":"ListItem","position":1,"name":"Portada","item":"https:\/\/webdelmaestrocmf.com\/portal\/"},{"@type":"ListItem","position":2,"name":"Noticias Internacionales","item":"https:\/\/webdelmaestrocmf.com\/portal\/category\/noticias-internacionales\/"},{"@type":"ListItem","position":3,"name":"Revelan que el C\u00e1rtel de Sinaloa hacke\u00f3 al FBI para asesinar a informantes en M\u00e9xico"}]},{"@type":"WebSite","@id":"https:\/\/webdelmaestrocmf.com\/portal\/#website","url":"https:\/\/webdelmaestrocmf.com\/portal\/","name":"Web del Maestro CMF","description":"Maestros al servicio de la educaci\u00f3n","publisher":{"@id":"https:\/\/webdelmaestrocmf.com\/portal\/#organization"},"alternateName":"WMCMF","potentialAction":[{"@type":"SearchAction","target":{"@type":"EntryPoint","urlTemplate":"https:\/\/webdelmaestrocmf.com\/portal\/?s={search_term_string}"},"query-input":{"@type":"PropertyValueSpecification","valueRequired":true,"valueName":"search_term_string"}}],"inLanguage":"es"},{"@type":"Organization","@id":"https:\/\/webdelmaestrocmf.com\/portal\/#organization","name":"Web del Maestro CMF","alternateName":"WMCMF","url":"https:\/\/webdelmaestrocmf.com\/portal\/","logo":{"@type":"ImageObject","inLanguage":"es","@id":"https:\/\/webdelmaestrocmf.com\/portal\/#\/schema\/logo\/image\/","url":"https:\/\/webdelmaestrocmf.com\/portal\/wp-content\/uploads\/2023\/01\/logo-wmcmf-2.png","contentUrl":"https:\/\/webdelmaestrocmf.com\/portal\/wp-content\/uploads\/2023\/01\/logo-wmcmf-2.png","width":200,"height":60,"caption":"Web del Maestro CMF"},"image":{"@id":"https:\/\/webdelmaestrocmf.com\/portal\/#\/schema\/logo\/image\/"},"sameAs":["https:\/\/www.facebook.com\/WebdelMaestroCMF\/","https:\/\/x.com\/cmf_w","https:\/\/www.pinterest.com\/WMCMF\/","https:\/\/www.linkedin.com\/company\/web-del-maestro-cmf\/","https:\/\/www.instagram.com\/wmcmf\/","https:\/\/www.youtube.com\/channel\/UCDPSvjbdodE5sHnC3OxutHw","https:\/\/mastodon.social\/@wmcmf","https:\/\/www.tiktok.com\/@webdelmaestrocmf"]},{"@type":"Person","@id":"https:\/\/webdelmaestrocmf.com\/portal\/#\/schema\/person\/1072a2ed7bd960df8ef99a551fa35dc5","name":"Web del Maestro CMF","image":{"@type":"ImageObject","inLanguage":"es","@id":"https:\/\/secure.gravatar.com\/avatar\/23291dd5b5ae1077dcff3dbb04c3e02bd28403fa75af6d8787d5e97c5bbbe30b?s=96&d=mm&r=g","url":"https:\/\/secure.gravatar.com\/avatar\/23291dd5b5ae1077dcff3dbb04c3e02bd28403fa75af6d8787d5e97c5bbbe30b?s=96&d=mm&r=g","contentUrl":"https:\/\/secure.gravatar.com\/avatar\/23291dd5b5ae1077dcff3dbb04c3e02bd28403fa75af6d8787d5e97c5bbbe30b?s=96&d=mm&r=g","caption":"Web del Maestro CMF"},"description":"Esta Web se cre\u00f3 sin fines de lucro, con fines educativos, cient\u00edficos y acad\u00e9micos, para personas que tengan dificultades y\/o inconvenientes en visualizar el material original. El objetivo es entregar recursos, compartir experiencias y materiales que ayuden a los padres de familia, maestros y estudiantes en su actualizaci\u00f3n y formaci\u00f3n permanente, en bien de la Educaci\u00f3n.","sameAs":["http:\/\/webdelmaestrocmf.com\/portal","https:\/\/www.facebook.com\/WebdelMaestroCMF\/","https:\/\/www.instagram.com\/wmcmf\/","https:\/\/cl.linkedin.com\/company\/web-del-maestro-cmf","https:\/\/www.pinterest.com\/WMCMF\/publicaciones\/","https:\/\/x.com\/cmf_w","https:\/\/www.youtube.com\/@WMCMF"]}]}},"jetpack_featured_media_url":"https:\/\/webdelmaestrocmf.com\/portal\/wp-content\/uploads\/2025\/06\/1A-Banner-1-portada-imagen-10-1-copia-1-2.jpg","jetpack_sharing_enabled":true,"jetpack-related-posts":[{"id":112091,"url":"https:\/\/webdelmaestrocmf.com\/portal\/trump-asegura-que-el-asesino-de-charlie-kirk-ha-sido-detenido\/","url_meta":{"origin":110701,"position":0},"title":"Trump asegura que el asesino de Charlie Kirk ha sido detenido y pide pena de muerte","author":"Web del Maestro CMF","date":"12 septiembre, 2025","format":false,"excerpt":"El presidente de EE.UU., Donald Trump, anunci\u00f3 en 'Fox News' la detenci\u00f3n de un sospechoso por el asesinato del activista Charlie Kirk, ocurrido el mi\u00e9rcoles. Asegura que es el autor con \"un alto grado de certeza\".","rel":"","context":"En \u00abNoticias Internacionales\u00bb","block_context":{"text":"Noticias Internacionales","link":"https:\/\/webdelmaestrocmf.com\/portal\/category\/noticias-internacionales\/"},"img":{"alt_text":"","src":"https:\/\/i0.wp.com\/webdelmaestrocmf.com\/portal\/wp-content\/uploads\/2025\/09\/1A-Banner-1-portada-imagen-10-1-copia-73.jpg?resize=350%2C200&ssl=1","width":350,"height":200,"srcset":"https:\/\/i0.wp.com\/webdelmaestrocmf.com\/portal\/wp-content\/uploads\/2025\/09\/1A-Banner-1-portada-imagen-10-1-copia-73.jpg?resize=350%2C200&ssl=1 1x, https:\/\/i0.wp.com\/webdelmaestrocmf.com\/portal\/wp-content\/uploads\/2025\/09\/1A-Banner-1-portada-imagen-10-1-copia-73.jpg?resize=525%2C300&ssl=1 1.5x, https:\/\/i0.wp.com\/webdelmaestrocmf.com\/portal\/wp-content\/uploads\/2025\/09\/1A-Banner-1-portada-imagen-10-1-copia-73.jpg?resize=700%2C400&ssl=1 2x"},"classes":[]},{"id":111458,"url":"https:\/\/webdelmaestrocmf.com\/portal\/el-caso-epstein-un-escandalo-que-sacude-al-gobierno-de-trump-y-fractura-al-partido-republicano\/","url_meta":{"origin":110701,"position":1},"title":"El caso Epstein: un esc\u00e1ndalo que sacude al Gobierno de Trump y fractura al Partido Republicano","author":"Web del Maestro CMF","date":"24 julio, 2025","format":false,"excerpt":"El caso Epstein sacude al gobierno de Trump, reabre v\u00ednculos pol\u00e9micos y divide al Partido Republicano por falta de transparencia.","rel":"","context":"En \u00abNoticias Internacionales\u00bb","block_context":{"text":"Noticias Internacionales","link":"https:\/\/webdelmaestrocmf.com\/portal\/category\/noticias-internacionales\/"},"img":{"alt_text":"","src":"https:\/\/i0.wp.com\/webdelmaestrocmf.com\/portal\/wp-content\/uploads\/2025\/07\/1A-Banner-1-portada-imagen-10-1-copia-76.webp?resize=350%2C200&ssl=1","width":350,"height":200,"srcset":"https:\/\/i0.wp.com\/webdelmaestrocmf.com\/portal\/wp-content\/uploads\/2025\/07\/1A-Banner-1-portada-imagen-10-1-copia-76.webp?resize=350%2C200&ssl=1 1x, https:\/\/i0.wp.com\/webdelmaestrocmf.com\/portal\/wp-content\/uploads\/2025\/07\/1A-Banner-1-portada-imagen-10-1-copia-76.webp?resize=525%2C300&ssl=1 1.5x, https:\/\/i0.wp.com\/webdelmaestrocmf.com\/portal\/wp-content\/uploads\/2025\/07\/1A-Banner-1-portada-imagen-10-1-copia-76.webp?resize=700%2C400&ssl=1 2x"},"classes":[]},{"id":111166,"url":"https:\/\/webdelmaestrocmf.com\/portal\/trump-anuncia-aranceles-del-30-contra-mexico-y-la-union-europea-sheinbaum-apuesta-por-el-dialogo\/","url_meta":{"origin":110701,"position":2},"title":"Trump anuncia aranceles del 30% contra M\u00e9xico y la Uni\u00f3n Europea: Sheinbaum apuesta por el di\u00e1logo","author":"Web del Maestro CMF","date":"12 julio, 2025","format":false,"excerpt":"La imposici\u00f3n de aranceles del 30% por parte de Donald Trump reaviva las tensiones comerciales con dos de los principales socios econ\u00f3micos de Estados Unidos. Mientras Sheinbaum apuesta por el di\u00e1logo y la diplomacia, el anuncio amenaza con sacudir cadenas de suministro clave y encarecer productos b\u00e1sicos para millones de\u2026","rel":"","context":"En \u00abNoticias Internacionales\u00bb","block_context":{"text":"Noticias Internacionales","link":"https:\/\/webdelmaestrocmf.com\/portal\/category\/noticias-internacionales\/"},"img":{"alt_text":"","src":"https:\/\/i0.wp.com\/webdelmaestrocmf.com\/portal\/wp-content\/uploads\/2025\/07\/1A-Banner-1-portada-imagen-10-1-copia-44.webp?resize=350%2C200&ssl=1","width":350,"height":200,"srcset":"https:\/\/i0.wp.com\/webdelmaestrocmf.com\/portal\/wp-content\/uploads\/2025\/07\/1A-Banner-1-portada-imagen-10-1-copia-44.webp?resize=350%2C200&ssl=1 1x, https:\/\/i0.wp.com\/webdelmaestrocmf.com\/portal\/wp-content\/uploads\/2025\/07\/1A-Banner-1-portada-imagen-10-1-copia-44.webp?resize=525%2C300&ssl=1 1.5x, https:\/\/i0.wp.com\/webdelmaestrocmf.com\/portal\/wp-content\/uploads\/2025\/07\/1A-Banner-1-portada-imagen-10-1-copia-44.webp?resize=700%2C400&ssl=1 2x"},"classes":[]},{"id":112651,"url":"https:\/\/webdelmaestrocmf.com\/portal\/crisis-educativa-en-mexico-nueve-de-cada-diez-estudiantes-presentan-deficiencias-en-aprendizaje\/","url_meta":{"origin":110701,"position":3},"title":"Crisis educativa en M\u00e9xico: nueve de cada diez estudiantes presentan deficiencias en aprendizaje","author":"Web del Maestro CMF","date":"17 octubre, 2025","format":false,"excerpt":"Entre 80% y 90% de estudiantes de tercero de secundaria presentan deficiencias de aprendizaje, mientras que 8 de cada 10 de tercero de primaria son los peor evaluados","rel":"","context":"En \u00abNoticias Internacionales\u00bb","block_context":{"text":"Noticias Internacionales","link":"https:\/\/webdelmaestrocmf.com\/portal\/category\/noticias-internacionales\/"},"img":{"alt_text":"","src":"https:\/\/i0.wp.com\/webdelmaestrocmf.com\/portal\/wp-content\/uploads\/2025\/10\/1A-Banner-1-portada-imagen-10-1-copia-8-1.webp?resize=350%2C200&ssl=1","width":350,"height":200,"srcset":"https:\/\/i0.wp.com\/webdelmaestrocmf.com\/portal\/wp-content\/uploads\/2025\/10\/1A-Banner-1-portada-imagen-10-1-copia-8-1.webp?resize=350%2C200&ssl=1 1x, https:\/\/i0.wp.com\/webdelmaestrocmf.com\/portal\/wp-content\/uploads\/2025\/10\/1A-Banner-1-portada-imagen-10-1-copia-8-1.webp?resize=525%2C300&ssl=1 1.5x, https:\/\/i0.wp.com\/webdelmaestrocmf.com\/portal\/wp-content\/uploads\/2025\/10\/1A-Banner-1-portada-imagen-10-1-copia-8-1.webp?resize=700%2C400&ssl=1 2x"},"classes":[]},{"id":91915,"url":"https:\/\/webdelmaestrocmf.com\/portal\/carteles-de-bienvenida-por-grados-y-otras-decoraciones\/","url_meta":{"origin":110701,"position":4},"title":"Carteles de bienvenida por grados y otras decoraciones","author":"Web del Maestro CMF","date":"5 febrero, 2024","format":false,"excerpt":"Los primeros d\u00edas de clases son momentos emocionantes y llenos de expectativas tanto para los estudiantes como para los educadores. Cada a\u00f1o escolar, un nuevo grupo de estudiantes llega a nuestras aulas, ansiosos por descubrir lo que les depara el aprendizaje y la diversi\u00f3n. Es importante que este proceso de\u2026","rel":"","context":"En \u00abBienvenida\u00bb","block_context":{"text":"Bienvenida","link":"https:\/\/webdelmaestrocmf.com\/portal\/category\/pedagogia\/bienvenida\/"},"img":{"alt_text":"Carteles","src":"https:\/\/i0.wp.com\/webdelmaestrocmf.com\/portal\/wp-content\/uploads\/2023\/08\/Banner-1-portada-imagen-10-46.jpg?resize=350%2C200&ssl=1","width":350,"height":200,"srcset":"https:\/\/i0.wp.com\/webdelmaestrocmf.com\/portal\/wp-content\/uploads\/2023\/08\/Banner-1-portada-imagen-10-46.jpg?resize=350%2C200&ssl=1 1x, https:\/\/i0.wp.com\/webdelmaestrocmf.com\/portal\/wp-content\/uploads\/2023\/08\/Banner-1-portada-imagen-10-46.jpg?resize=525%2C300&ssl=1 1.5x, https:\/\/i0.wp.com\/webdelmaestrocmf.com\/portal\/wp-content\/uploads\/2023\/08\/Banner-1-portada-imagen-10-46.jpg?resize=700%2C400&ssl=1 2x"},"classes":[]},{"id":111262,"url":"https:\/\/webdelmaestrocmf.com\/portal\/trump-la-lista-epstein-y-una-crisis-desde-dentro-como-el-expresidente-enfrenta-su-propia-conspiranoia\/","url_meta":{"origin":110701,"position":5},"title":"Trump, la \u2018lista Epstein\u2019 y una crisis desde dentro: c\u00f3mo el expresidente enfrenta su propia conspiranoia","author":"Web del Maestro CMF","date":"16 julio, 2025","format":false,"excerpt":"Una conspiraci\u00f3n que vuelve desde dentro, con Trump enfrentando a sus propios seguidores y el misterio de Epstein sin resolverse.","rel":"","context":"En \u00abNoticias Internacionales\u00bb","block_context":{"text":"Noticias Internacionales","link":"https:\/\/webdelmaestrocmf.com\/portal\/category\/noticias-internacionales\/"},"img":{"alt_text":"","src":"https:\/\/i0.wp.com\/webdelmaestrocmf.com\/portal\/wp-content\/uploads\/2025\/07\/1A-Banner-1-portada-imagen-10-1-copia-59.webp?resize=350%2C200&ssl=1","width":350,"height":200,"srcset":"https:\/\/i0.wp.com\/webdelmaestrocmf.com\/portal\/wp-content\/uploads\/2025\/07\/1A-Banner-1-portada-imagen-10-1-copia-59.webp?resize=350%2C200&ssl=1 1x, https:\/\/i0.wp.com\/webdelmaestrocmf.com\/portal\/wp-content\/uploads\/2025\/07\/1A-Banner-1-portada-imagen-10-1-copia-59.webp?resize=525%2C300&ssl=1 1.5x, https:\/\/i0.wp.com\/webdelmaestrocmf.com\/portal\/wp-content\/uploads\/2025\/07\/1A-Banner-1-portada-imagen-10-1-copia-59.webp?resize=700%2C400&ssl=1 2x"},"classes":[]}],"_links":{"self":[{"href":"https:\/\/webdelmaestrocmf.com\/portal\/wp-json\/wp\/v2\/posts\/110701","targetHints":{"allow":["GET"]}}],"collection":[{"href":"https:\/\/webdelmaestrocmf.com\/portal\/wp-json\/wp\/v2\/posts"}],"about":[{"href":"https:\/\/webdelmaestrocmf.com\/portal\/wp-json\/wp\/v2\/types\/post"}],"author":[{"embeddable":true,"href":"https:\/\/webdelmaestrocmf.com\/portal\/wp-json\/wp\/v2\/users\/1"}],"replies":[{"embeddable":true,"href":"https:\/\/webdelmaestrocmf.com\/portal\/wp-json\/wp\/v2\/comments?post=110701"}],"version-history":[{"count":1,"href":"https:\/\/webdelmaestrocmf.com\/portal\/wp-json\/wp\/v2\/posts\/110701\/revisions"}],"predecessor-version":[{"id":110703,"href":"https:\/\/webdelmaestrocmf.com\/portal\/wp-json\/wp\/v2\/posts\/110701\/revisions\/110703"}],"wp:featuredmedia":[{"embeddable":true,"href":"https:\/\/webdelmaestrocmf.com\/portal\/wp-json\/wp\/v2\/media\/110702"}],"wp:attachment":[{"href":"https:\/\/webdelmaestrocmf.com\/portal\/wp-json\/wp\/v2\/media?parent=110701"}],"wp:term":[{"taxonomy":"category","embeddable":true,"href":"https:\/\/webdelmaestrocmf.com\/portal\/wp-json\/wp\/v2\/categories?post=110701"},{"taxonomy":"post_tag","embeddable":true,"href":"https:\/\/webdelmaestrocmf.com\/portal\/wp-json\/wp\/v2\/tags?post=110701"}],"curies":[{"name":"wp","href":"https:\/\/api.w.org\/{rel}","templated":true}]}}