{"id":110662,"date":"2025-06-28T14:47:18","date_gmt":"2025-06-28T18:47:18","guid":{"rendered":"https:\/\/webdelmaestrocmf.com\/portal\/?p=110662"},"modified":"2025-06-28T14:57:10","modified_gmt":"2025-06-28T18:57:10","slug":"familia-hondurena-demanda-a-trump-por-arrestos-de-menores-en-tribunales-de-inmigracion","status":"publish","type":"post","link":"https:\/\/webdelmaestrocmf.com\/portal\/familia-hondurena-demanda-a-trump-por-arrestos-de-menores-en-tribunales-de-inmigracion\/","title":{"rendered":"Familia hondure\u00f1a demanda a Trump por arrestos de menores en tribunales de inmigraci\u00f3n"},"content":{"rendered":"\n<p><strong>California.<\/strong> Una familia hondure\u00f1a present\u00f3 una demanda contra la Administraci\u00f3n de Donald Trump tras ser arrestada en los tribunales de inmigraci\u00f3n de Los \u00c1ngeles, en un caso que podr\u00eda sentar un precedente sobre la detenci\u00f3n de menores migrantes en sedes judiciales. El recurso legal, al que tuvo acceso <em>EL PA\u00cdS<\/em>, cuestiona directamente una nueva pol\u00edtica impulsada por el actual Gobierno federal que promueve los arrestos en cortes migratorias, incluso de ni\u00f1os.<\/p>\n\n\n\n<p>La familia est\u00e1 compuesta por N.M.Z., un ni\u00f1o de 6 a\u00f1os diagnosticado con leucemia; su hermana D.M.Z., de 9 a\u00f1os; y su madre, identificada como la se\u00f1ora Z. Los tres llegaron a Estados Unidos en octubre de 2024, huyendo de amenazas de muerte en Honduras. Su ingreso fue autorizado a trav\u00e9s de una cita gestionada por la aplicaci\u00f3n CBP One, creada en la administraci\u00f3n Biden y eliminada por Trump en enero, junto con los permisos temporales de residencia y trabajo que hab\u00eda otorgado dicho programa.<\/p>\n\n\n\n<p>Tras establecerse en Los \u00c1ngeles, la familia comenz\u00f3 a integrarse en la comunidad. Los ni\u00f1os se matricularon en una escuela p\u00fablica, hicieron amistades y participaron en actividades recreativas y religiosas. Sin embargo, el 29 de mayo, durante la audiencia programada para evaluar su solicitud de asilo, el juez desestim\u00f3 el caso a petici\u00f3n del Departamento de Seguridad Nacional. Al salir de la sala, agentes de ICE vestidos de civil los arrestaron y trasladaron a un centro de detenci\u00f3n en Texas, donde permanecen hasta hoy.<\/p>\n\n\n\n<iframe loading=\"lazy\" width=\"100%\" height=\"315\" src=\"https:\/\/www.youtube.com\/embed\/H0gLAvxXVkQ?si=4I7WWx6tWhQrkhYb\" title=\"YouTube video player\" frameborder=\"0\" allow=\"accelerometer; autoplay; clipboard-write; encrypted-media; gyroscope; picture-in-picture; web-share\" referrerpolicy=\"strict-origin-when-cross-origin\" allowfullscreen><\/iframe>\n\n\n\n<p>Los abogados del Texas Civil Right Project (TCRP), quienes representan a la familia, interpusieron una petici\u00f3n de habeas corpus y una medida cautelar de urgencia, argumentando que la detenci\u00f3n fue arbitraria, ilegal y moralmente inaceptable. En la demanda se enumeran nueve presuntas violaciones constitucionales, entre ellas la vulneraci\u00f3n del debido proceso, por arrestarlos sin riesgo de fuga ni audiencia previa, y la violaci\u00f3n de la Cuarta Enmienda por carecer de causa probable.<\/p>\n\n\n\n<p>\u201cN.M.Z. perdi\u00f3 una cita m\u00e9dica el 5 de junio por estar detenido, lo que pone en riesgo su tratamiento contra la leucemia. Ahora presenta hematomas, dolores \u00f3seos y palidez, signos de una posible reca\u00edda\u201d, denuncian los abogados. El texto tambi\u00e9n alerta sobre el historial de deficiencias en la atenci\u00f3n sanitaria infantil del centro de detenci\u00f3n de Dilley, donde se encuentran recluidos.<\/p>\n\n\n\n<p>Daniel Hatoum, abogado supervisor del TCRP, explic\u00f3 que este caso constituye el primero en su tipo contra arrestos de menores en tribunales de inmigraci\u00f3n, y conf\u00eda en que marque un cambio en las pol\u00edticas de detenci\u00f3n. \u201cEsta familia es especialmente vulnerable. Esperamos que el proceso sirva para frenar estos arrestos judiciales, que consideramos inhumanos y contrarios a la ley\u201d, asegur\u00f3. Hatoum a\u00f1adi\u00f3 que el juez federal ha solicitado al Gobierno responder a la demanda la pr\u00f3xima semana.<\/p>\n\n\n\n<p>El letrado enfatiz\u00f3 que la detenci\u00f3n de inmigrantes civiles es cara e ineficaz, pues implica un gasto p\u00fablico elevado para mantener a familias enteras tras las rejas en lugar de permitirles seguir su proceso en libertad. \u201cEstamos financiando con impuestos una crueldad innecesaria que arranca a personas honestas de sus comunidades\u201d, critic\u00f3.<\/p>\n\n\n\n<p>Por su parte, la abogada Elora Mukherjee, profesora de la Facultad de Derecho de Columbia y tambi\u00e9n representante de la familia, calific\u00f3 de \u201cinadmisible\u201d la pol\u00edtica de arrestar ni\u00f1os en cortes migratorias. \u201cEstos menores cumplen con las normas migratorias vigentes y hoy sufren innecesariamente en detenci\u00f3n\u201d, se\u00f1al\u00f3. Mukherjee record\u00f3 que, pese a un dictamen judicial que declar\u00f3 ilegal esta pr\u00e1ctica, el ICE ha continuado con los arrestos en juzgados, afectando a cientos de personas en las \u00faltimas semanas.<\/p>\n\n\n\n<p>Mientras la familia hondure\u00f1a permanece en el centro de detenci\u00f3n de Texas, la comunidad jur\u00eddica y organizaciones de derechos civiles siguen de cerca este caso, con la esperanza de sentar un precedente que impida futuros arrestos de menores y familias en situaciones similares dentro de los tribunales de inmigraci\u00f3n.<\/p>\n\n\n\n<p class=\"has-text-align-right\"><strong>Redacci\u00f3n | Web del Maestro CMF<\/strong><\/p>\n\n\n\n\t\t<div class=\"pk-inline-posts\">\n\t\t\t\n\t\t\t<div class=\"pk-inline-posts-container pk-inline-posts-template-list\"\n\t\t\t\tdata-columns=\"1\">\n\t\t\t\t\t\t<article id=\"post-118433\" class=\"post-118433 post type-post status-publish format-standard has-post-thumbnail category-noticias-internacionales tag-aprendizaje tag-atencion-en-el-aula-2 tag-docentes tag-educacion-3 tag-estrategias-didacticas-2 tag-innovacion-educativa-3 tag-motivacion-escolar-2 tag-neuroeducacion-2 tag-pedagogia-3 tag-tecnologia-educativa-3 cs-entry cs-video-wrap\">\n\t\t\t<div class=\"pk-post-outer\">\n\n\t\t\t\t\t\t\t\t<div class=\"pk-post-inner\">\n\t\t\t\t\t<div class=\"entry-thumbnail\">\n\t\t\t\t\t\t<div class=\"pk-overlay pk-overlay-ratio pk-ratio-landscape\">\n\t\t\t\t\t\t\t<div class=\"pk-overlay-background\">\n\t\t\t\t\t\t\t\t<a href=\"https:\/\/webdelmaestrocmf.com\/portal\/9-de-cada-10-maestros-confirman-que-los-alumnos-ya-no-prestan-atencion-en-clase\/\" class=\"pk-overlay-link\">\n\t\t\t\t\t\t\t\t\t<img loading=\"lazy\" decoding=\"async\" width=\"300\" height=\"225\" src=\"https:\/\/webdelmaestrocmf.com\/portal\/wp-content\/uploads\/2026\/04\/1AA-Banner-1-portada-imagen-10-1-copia-1-10-300x225.webp\" class=\"attachment-pk-thumbnail size-pk-thumbnail wp-post-image\" alt=\"\" \/>\t\t\t\t\t\t\t\t<\/a>\n\t\t\t\t\t\t\t<\/div>\n\t\t\t\t\t\t<\/div>\n\t\t\t\t\t<\/div>\n\t\t\t\t<\/div>\n\t\t\t\t\n\t\t\t\t<div class=\"pk-post-inner\">\n\t\t\t\t\t<header>\n\t\t\t\t\t\t<h3 class=\"pk-title\"><a href=\"https:\/\/webdelmaestrocmf.com\/portal\/9-de-cada-10-maestros-confirman-que-los-alumnos-ya-no-prestan-atencion-en-clase\/\" rel=\"bookmark\">9 de cada 10 maestros confirman que los alumnos ya no prestan atenci\u00f3n en clase<\/a><\/h3>\t\t\t\t\t<\/header><!-- .entry-header -->\n\t\t\t\t<\/div><!-- .post-inner -->\n\n\t\t\t<\/div><!-- .post-outer -->\n\t\t<\/article>\n\t\t\t<article id=\"post-118385\" class=\"post-118385 post type-post status-publish format-standard has-post-thumbnail category-noticias-internacionales tag-accidente-escolar tag-comunidad-escolar tag-cuidado-infantil tag-derechos-del-nino tag-educacion-segura tag-gestion-educativa-3 tag-prevencion-riesgos tag-responsabilidad-educativa tag-seguridad-escolar tag-supervision-docente cs-entry cs-video-wrap\">\n\t\t\t<div class=\"pk-post-outer\">\n\n\t\t\t\t\t\t\t\t<div class=\"pk-post-inner\">\n\t\t\t\t\t<div class=\"entry-thumbnail\">\n\t\t\t\t\t\t<div class=\"pk-overlay pk-overlay-ratio pk-ratio-landscape\">\n\t\t\t\t\t\t\t<div class=\"pk-overlay-background\">\n\t\t\t\t\t\t\t\t<a href=\"https:\/\/webdelmaestrocmf.com\/portal\/nina-fallece-tras-presunto-tropiezo-en-escuela-pero-su-padre-desmiente-la-version-me-encontre-a-mi-hija-toda-ensangrentada\/\" class=\"pk-overlay-link\">\n\t\t\t\t\t\t\t\t\t<img loading=\"lazy\" decoding=\"async\" width=\"300\" height=\"225\" src=\"https:\/\/webdelmaestrocmf.com\/portal\/wp-content\/uploads\/2026\/04\/1AA-Banner-1-portada-imagen-10-1-copia-4-3-300x225.webp\" class=\"attachment-pk-thumbnail size-pk-thumbnail wp-post-image\" alt=\"\" \/>\t\t\t\t\t\t\t\t<\/a>\n\t\t\t\t\t\t\t<\/div>\n\t\t\t\t\t\t<\/div>\n\t\t\t\t\t<\/div>\n\t\t\t\t<\/div>\n\t\t\t\t\n\t\t\t\t<div class=\"pk-post-inner\">\n\t\t\t\t\t<header>\n\t\t\t\t\t\t<h3 class=\"pk-title\"><a href=\"https:\/\/webdelmaestrocmf.com\/portal\/nina-fallece-tras-presunto-tropiezo-en-escuela-pero-su-padre-desmiente-la-version-me-encontre-a-mi-hija-toda-ensangrentada\/\" rel=\"bookmark\">Ni\u00f1a fallece tras presunto tropiezo en escuela, pero su padre desmiente la versi\u00f3n: \u201cMe encontr\u00e9 a mi hija toda ensangrentada\u201d<\/a><\/h3>\t\t\t\t\t<\/header><!-- .entry-header -->\n\t\t\t\t<\/div><!-- .post-inner -->\n\n\t\t\t<\/div><!-- .post-outer -->\n\t\t<\/article>\n\t\t\t<article id=\"post-118342\" class=\"post-118342 post type-post status-publish format-standard has-post-thumbnail category-noticias-internacionales tag-alfabetizacion tag-aprendizaje tag-comprension-lectora tag-docentes tag-educacion tag-escuela tag-innovacion-educativa tag-lectura tag-pedagogia tag-tecnologia-educativa cs-entry cs-video-wrap\">\n\t\t\t<div class=\"pk-post-outer\">\n\n\t\t\t\t\t\t\t\t<div class=\"pk-post-inner\">\n\t\t\t\t\t<div class=\"entry-thumbnail\">\n\t\t\t\t\t\t<div class=\"pk-overlay pk-overlay-ratio pk-ratio-landscape\">\n\t\t\t\t\t\t\t<div class=\"pk-overlay-background\">\n\t\t\t\t\t\t\t\t<a href=\"https:\/\/webdelmaestrocmf.com\/portal\/apagon-digital-en-la-escuela-suecia-frena-la-inversion-en-pantallas-y-vuelve-a-los-libros\/\" class=\"pk-overlay-link\">\n\t\t\t\t\t\t\t\t\t<img loading=\"lazy\" decoding=\"async\" width=\"300\" height=\"225\" src=\"https:\/\/webdelmaestrocmf.com\/portal\/wp-content\/uploads\/2026\/04\/1AA-Banner-1-portada-imagen-10-1-copia-8-2-300x225.webp\" class=\"attachment-pk-thumbnail size-pk-thumbnail wp-post-image\" alt=\"\" \/>\t\t\t\t\t\t\t\t<\/a>\n\t\t\t\t\t\t\t<\/div>\n\t\t\t\t\t\t<\/div>\n\t\t\t\t\t<\/div>\n\t\t\t\t<\/div>\n\t\t\t\t\n\t\t\t\t<div class=\"pk-post-inner\">\n\t\t\t\t\t<header>\n\t\t\t\t\t\t<h3 class=\"pk-title\"><a href=\"https:\/\/webdelmaestrocmf.com\/portal\/apagon-digital-en-la-escuela-suecia-frena-la-inversion-en-pantallas-y-vuelve-a-los-libros\/\" rel=\"bookmark\">\u00bfApag\u00f3n digital en la escuela? Suecia frena la inversi\u00f3n en pantallas y vuelve a los libros<\/a><\/h3>\t\t\t\t\t<\/header><!-- .entry-header -->\n\t\t\t\t<\/div><!-- .post-inner -->\n\n\t\t\t<\/div><!-- .post-outer -->\n\t\t<\/article>\n\t\t\t\t<\/div>\n\t\t<\/div>\n\t\t\n","protected":false},"excerpt":{"rendered":"Una familia hondure\u00f1a denuncia ante la justicia las detenciones de menores en tribunales migratorios, abriendo un debate sobre el respeto al debido proceso. El caso podr\u00eda sentar un precedente contra esta controvertida pr\u00e1ctica impulsada por la actual administraci\u00f3n","protected":false},"author":1,"featured_media":110663,"comment_status":"open","ping_status":"closed","sticky":false,"template":"","format":"standard","meta":{"csco_display_header_overlay":false,"csco_singular_sidebar":"","csco_page_header_type":"","csco_page_load_nextpost":"","csco_post_video_location":[],"csco_post_video_location_hash":"","csco_post_video_url":"","csco_post_video_bg_start_time":0,"csco_post_video_bg_end_time":0,"csco_post_video_bg_volume":false,"_jetpack_memberships_contains_paid_content":false,"footnotes":""},"categories":[23790],"tags":[23871,97,23870,6003,2232],"class_list":{"0":"post-110662","1":"post","2":"type-post","3":"status-publish","4":"format-standard","5":"has-post-thumbnail","7":"category-noticias-internacionales","8":"tag-arrestos","9":"tag-familia","10":"tag-hondurena","11":"tag-menores","12":"tag-trump","13":"cs-entry","14":"cs-video-wrap"},"yoast_head":"<!-- This site is optimized with the Yoast SEO plugin v27.5 - https:\/\/yoast.com\/product\/yoast-seo-wordpress\/ -->\n<title>Familia hondure\u00f1a demanda a Trump por arrestos de menores en tribunales de inmigraci\u00f3n - 2026<\/title>\n<meta name=\"description\" content=\"Una familia hondure\u00f1a present\u00f3 una demanda contra la Administraci\u00f3n de Donald Trump tras ser arrestada en los tribunales...\" \/>\n<meta name=\"robots\" content=\"index, follow, max-snippet:-1, max-image-preview:large, max-video-preview:-1\" \/>\n<link rel=\"canonical\" href=\"https:\/\/webdelmaestrocmf.com\/portal\/familia-hondurena-demanda-a-trump-por-arrestos-de-menores-en-tribunales-de-inmigracion\/\" \/>\n<meta property=\"og:locale\" content=\"es_ES\" \/>\n<meta property=\"og:type\" content=\"article\" \/>\n<meta property=\"og:title\" content=\"Familia hondure\u00f1a demanda a Trump por arrestos de menores en tribunales de inmigraci\u00f3n - 2026\" \/>\n<meta property=\"og:description\" content=\"Una familia hondure\u00f1a present\u00f3 una demanda contra la Administraci\u00f3n de Donald Trump tras ser arrestada en los tribunales...\" \/>\n<meta property=\"og:url\" content=\"https:\/\/webdelmaestrocmf.com\/portal\/familia-hondurena-demanda-a-trump-por-arrestos-de-menores-en-tribunales-de-inmigracion\/\" \/>\n<meta property=\"og:site_name\" content=\"Web del Maestro CMF\" \/>\n<meta property=\"article:publisher\" content=\"https:\/\/www.facebook.com\/WebdelMaestroCMF\/\" \/>\n<meta property=\"article:author\" content=\"https:\/\/www.facebook.com\/WebdelMaestroCMF\/\" \/>\n<meta property=\"article:published_time\" content=\"2025-06-28T18:47:18+00:00\" \/>\n<meta property=\"article:modified_time\" content=\"2025-06-28T18:57:10+00:00\" \/>\n<meta property=\"og:image\" content=\"https:\/\/webdelmaestrocmf.com\/portal\/wp-content\/uploads\/2025\/06\/1A-Banner-1-portada-imagen-10-1-copia-13.jpg\" \/>\n\t<meta property=\"og:image:width\" content=\"1003\" \/>\n\t<meta property=\"og:image:height\" content=\"667\" \/>\n\t<meta property=\"og:image:type\" content=\"image\/jpeg\" \/>\n<meta name=\"author\" content=\"Web del Maestro CMF\" \/>\n<meta name=\"twitter:card\" content=\"summary_large_image\" \/>\n<meta name=\"twitter:creator\" content=\"@cmf_w\" \/>\n<meta name=\"twitter:site\" content=\"@cmf_w\" \/>\n<script type=\"application\/ld+json\" class=\"yoast-schema-graph\">{\"@context\":\"https:\\\/\\\/schema.org\",\"@graph\":[{\"@type\":\"ScholarlyArticle\",\"@id\":\"https:\\\/\\\/webdelmaestrocmf.com\\\/portal\\\/familia-hondurena-demanda-a-trump-por-arrestos-de-menores-en-tribunales-de-inmigracion\\\/#article\",\"isPartOf\":{\"@id\":\"https:\\\/\\\/webdelmaestrocmf.com\\\/portal\\\/familia-hondurena-demanda-a-trump-por-arrestos-de-menores-en-tribunales-de-inmigracion\\\/\"},\"author\":{\"name\":\"Web del Maestro CMF\",\"@id\":\"https:\\\/\\\/webdelmaestrocmf.com\\\/portal\\\/#\\\/schema\\\/person\\\/1072a2ed7bd960df8ef99a551fa35dc5\"},\"headline\":\"Familia hondure\u00f1a demanda a Trump por arrestos de menores en tribunales de inmigraci\u00f3n\",\"datePublished\":\"2025-06-28T18:47:18+00:00\",\"dateModified\":\"2025-06-28T18:57:10+00:00\",\"mainEntityOfPage\":{\"@id\":\"https:\\\/\\\/webdelmaestrocmf.com\\\/portal\\\/familia-hondurena-demanda-a-trump-por-arrestos-de-menores-en-tribunales-de-inmigracion\\\/\"},\"wordCount\":701,\"commentCount\":1,\"publisher\":{\"@id\":\"https:\\\/\\\/webdelmaestrocmf.com\\\/portal\\\/#organization\"},\"image\":{\"@id\":\"https:\\\/\\\/webdelmaestrocmf.com\\\/portal\\\/familia-hondurena-demanda-a-trump-por-arrestos-de-menores-en-tribunales-de-inmigracion\\\/#primaryimage\"},\"thumbnailUrl\":\"https:\\\/\\\/webdelmaestrocmf.com\\\/portal\\\/wp-content\\\/uploads\\\/2025\\\/06\\\/1A-Banner-1-portada-imagen-10-1-copia-13.jpg\",\"keywords\":[\"arrestos\",\"familia\",\"hondure\u00f1a\",\"menores\",\"trump\"],\"articleSection\":[\"Noticias Internacionales\"],\"inLanguage\":\"es\",\"potentialAction\":[{\"@type\":\"CommentAction\",\"name\":\"Comment\",\"target\":[\"https:\\\/\\\/webdelmaestrocmf.com\\\/portal\\\/familia-hondurena-demanda-a-trump-por-arrestos-de-menores-en-tribunales-de-inmigracion\\\/#respond\"]}]},{\"@type\":\"WebPage\",\"@id\":\"https:\\\/\\\/webdelmaestrocmf.com\\\/portal\\\/familia-hondurena-demanda-a-trump-por-arrestos-de-menores-en-tribunales-de-inmigracion\\\/\",\"url\":\"https:\\\/\\\/webdelmaestrocmf.com\\\/portal\\\/familia-hondurena-demanda-a-trump-por-arrestos-de-menores-en-tribunales-de-inmigracion\\\/\",\"name\":\"Familia hondure\u00f1a demanda a Trump por arrestos de menores en tribunales de inmigraci\u00f3n - 2026\",\"isPartOf\":{\"@id\":\"https:\\\/\\\/webdelmaestrocmf.com\\\/portal\\\/#website\"},\"primaryImageOfPage\":{\"@id\":\"https:\\\/\\\/webdelmaestrocmf.com\\\/portal\\\/familia-hondurena-demanda-a-trump-por-arrestos-de-menores-en-tribunales-de-inmigracion\\\/#primaryimage\"},\"image\":{\"@id\":\"https:\\\/\\\/webdelmaestrocmf.com\\\/portal\\\/familia-hondurena-demanda-a-trump-por-arrestos-de-menores-en-tribunales-de-inmigracion\\\/#primaryimage\"},\"thumbnailUrl\":\"https:\\\/\\\/webdelmaestrocmf.com\\\/portal\\\/wp-content\\\/uploads\\\/2025\\\/06\\\/1A-Banner-1-portada-imagen-10-1-copia-13.jpg\",\"datePublished\":\"2025-06-28T18:47:18+00:00\",\"dateModified\":\"2025-06-28T18:57:10+00:00\",\"description\":\"Una familia hondure\u00f1a present\u00f3 una demanda contra la Administraci\u00f3n de Donald Trump tras ser arrestada en los tribunales...\",\"breadcrumb\":{\"@id\":\"https:\\\/\\\/webdelmaestrocmf.com\\\/portal\\\/familia-hondurena-demanda-a-trump-por-arrestos-de-menores-en-tribunales-de-inmigracion\\\/#breadcrumb\"},\"inLanguage\":\"es\",\"potentialAction\":[{\"@type\":\"ReadAction\",\"target\":[\"https:\\\/\\\/webdelmaestrocmf.com\\\/portal\\\/familia-hondurena-demanda-a-trump-por-arrestos-de-menores-en-tribunales-de-inmigracion\\\/\"]}]},{\"@type\":\"ImageObject\",\"inLanguage\":\"es\",\"@id\":\"https:\\\/\\\/webdelmaestrocmf.com\\\/portal\\\/familia-hondurena-demanda-a-trump-por-arrestos-de-menores-en-tribunales-de-inmigracion\\\/#primaryimage\",\"url\":\"https:\\\/\\\/webdelmaestrocmf.com\\\/portal\\\/wp-content\\\/uploads\\\/2025\\\/06\\\/1A-Banner-1-portada-imagen-10-1-copia-13.jpg\",\"contentUrl\":\"https:\\\/\\\/webdelmaestrocmf.com\\\/portal\\\/wp-content\\\/uploads\\\/2025\\\/06\\\/1A-Banner-1-portada-imagen-10-1-copia-13.jpg\",\"width\":1003,\"height\":667},{\"@type\":\"BreadcrumbList\",\"@id\":\"https:\\\/\\\/webdelmaestrocmf.com\\\/portal\\\/familia-hondurena-demanda-a-trump-por-arrestos-de-menores-en-tribunales-de-inmigracion\\\/#breadcrumb\",\"itemListElement\":[{\"@type\":\"ListItem\",\"position\":1,\"name\":\"Portada\",\"item\":\"https:\\\/\\\/webdelmaestrocmf.com\\\/portal\\\/\"},{\"@type\":\"ListItem\",\"position\":2,\"name\":\"Noticias Internacionales\",\"item\":\"https:\\\/\\\/webdelmaestrocmf.com\\\/portal\\\/category\\\/noticias-internacionales\\\/\"},{\"@type\":\"ListItem\",\"position\":3,\"name\":\"Familia hondure\u00f1a demanda a Trump por arrestos de menores en tribunales de inmigraci\u00f3n\"}]},{\"@type\":\"WebSite\",\"@id\":\"https:\\\/\\\/webdelmaestrocmf.com\\\/portal\\\/#website\",\"url\":\"https:\\\/\\\/webdelmaestrocmf.com\\\/portal\\\/\",\"name\":\"Web del Maestro CMF\",\"description\":\"Maestros al servicio de la educaci\u00f3n\",\"publisher\":{\"@id\":\"https:\\\/\\\/webdelmaestrocmf.com\\\/portal\\\/#organization\"},\"alternateName\":\"WMCMF\",\"potentialAction\":[{\"@type\":\"SearchAction\",\"target\":{\"@type\":\"EntryPoint\",\"urlTemplate\":\"https:\\\/\\\/webdelmaestrocmf.com\\\/portal\\\/?s={search_term_string}\"},\"query-input\":{\"@type\":\"PropertyValueSpecification\",\"valueRequired\":true,\"valueName\":\"search_term_string\"}}],\"inLanguage\":\"es\"},{\"@type\":\"Organization\",\"@id\":\"https:\\\/\\\/webdelmaestrocmf.com\\\/portal\\\/#organization\",\"name\":\"Web del Maestro CMF\",\"alternateName\":\"WMCMF\",\"url\":\"https:\\\/\\\/webdelmaestrocmf.com\\\/portal\\\/\",\"logo\":{\"@type\":\"ImageObject\",\"inLanguage\":\"es\",\"@id\":\"https:\\\/\\\/webdelmaestrocmf.com\\\/portal\\\/#\\\/schema\\\/logo\\\/image\\\/\",\"url\":\"https:\\\/\\\/webdelmaestrocmf.com\\\/portal\\\/wp-content\\\/uploads\\\/2023\\\/01\\\/logo-wmcmf-2.png\",\"contentUrl\":\"https:\\\/\\\/webdelmaestrocmf.com\\\/portal\\\/wp-content\\\/uploads\\\/2023\\\/01\\\/logo-wmcmf-2.png\",\"width\":200,\"height\":60,\"caption\":\"Web del Maestro CMF\"},\"image\":{\"@id\":\"https:\\\/\\\/webdelmaestrocmf.com\\\/portal\\\/#\\\/schema\\\/logo\\\/image\\\/\"},\"sameAs\":[\"https:\\\/\\\/www.facebook.com\\\/WebdelMaestroCMF\\\/\",\"https:\\\/\\\/x.com\\\/cmf_w\",\"https:\\\/\\\/www.pinterest.com\\\/WMCMF\\\/\",\"https:\\\/\\\/www.linkedin.com\\\/company\\\/web-del-maestro-cmf\\\/\",\"https:\\\/\\\/www.instagram.com\\\/wmcmf\\\/\",\"https:\\\/\\\/www.youtube.com\\\/channel\\\/UCDPSvjbdodE5sHnC3OxutHw\",\"https:\\\/\\\/mastodon.social\\\/@wmcmf\",\"https:\\\/\\\/www.tiktok.com\\\/@webdelmaestrocmf\"]},{\"@type\":\"Person\",\"@id\":\"https:\\\/\\\/webdelmaestrocmf.com\\\/portal\\\/#\\\/schema\\\/person\\\/1072a2ed7bd960df8ef99a551fa35dc5\",\"name\":\"Web del Maestro CMF\",\"image\":{\"@type\":\"ImageObject\",\"inLanguage\":\"es\",\"@id\":\"https:\\\/\\\/secure.gravatar.com\\\/avatar\\\/23291dd5b5ae1077dcff3dbb04c3e02bd28403fa75af6d8787d5e97c5bbbe30b?s=96&d=mm&r=g\",\"url\":\"https:\\\/\\\/secure.gravatar.com\\\/avatar\\\/23291dd5b5ae1077dcff3dbb04c3e02bd28403fa75af6d8787d5e97c5bbbe30b?s=96&d=mm&r=g\",\"contentUrl\":\"https:\\\/\\\/secure.gravatar.com\\\/avatar\\\/23291dd5b5ae1077dcff3dbb04c3e02bd28403fa75af6d8787d5e97c5bbbe30b?s=96&d=mm&r=g\",\"caption\":\"Web del Maestro CMF\"},\"description\":\"Esta Web se cre\u00f3 sin fines de lucro, con fines educativos, cient\u00edficos y acad\u00e9micos, para personas que tengan dificultades y\\\/o inconvenientes en visualizar el material original. El objetivo es entregar recursos, compartir experiencias y materiales que ayuden a los padres de familia, maestros y estudiantes en su actualizaci\u00f3n y formaci\u00f3n permanente, en bien de la Educaci\u00f3n.\",\"sameAs\":[\"http:\\\/\\\/webdelmaestrocmf.com\\\/portal\",\"https:\\\/\\\/www.facebook.com\\\/WebdelMaestroCMF\\\/\",\"https:\\\/\\\/www.instagram.com\\\/wmcmf\\\/\",\"https:\\\/\\\/cl.linkedin.com\\\/company\\\/web-del-maestro-cmf\",\"https:\\\/\\\/www.pinterest.com\\\/WMCMF\\\/publicaciones\\\/\",\"https:\\\/\\\/x.com\\\/cmf_w\",\"https:\\\/\\\/www.youtube.com\\\/@WMCMF\"]}]}<\/script>\n<!-- \/ Yoast SEO plugin. -->","yoast_head_json":{"title":"Familia hondure\u00f1a demanda a Trump por arrestos de menores en tribunales de inmigraci\u00f3n - 2026","description":"Una familia hondure\u00f1a present\u00f3 una demanda contra la Administraci\u00f3n de Donald Trump tras ser arrestada en los tribunales...","robots":{"index":"index","follow":"follow","max-snippet":"max-snippet:-1","max-image-preview":"max-image-preview:large","max-video-preview":"max-video-preview:-1"},"canonical":"https:\/\/webdelmaestrocmf.com\/portal\/familia-hondurena-demanda-a-trump-por-arrestos-de-menores-en-tribunales-de-inmigracion\/","og_locale":"es_ES","og_type":"article","og_title":"Familia hondure\u00f1a demanda a Trump por arrestos de menores en tribunales de inmigraci\u00f3n - 2026","og_description":"Una familia hondure\u00f1a present\u00f3 una demanda contra la Administraci\u00f3n de Donald Trump tras ser arrestada en los tribunales...","og_url":"https:\/\/webdelmaestrocmf.com\/portal\/familia-hondurena-demanda-a-trump-por-arrestos-de-menores-en-tribunales-de-inmigracion\/","og_site_name":"Web del Maestro CMF","article_publisher":"https:\/\/www.facebook.com\/WebdelMaestroCMF\/","article_author":"https:\/\/www.facebook.com\/WebdelMaestroCMF\/","article_published_time":"2025-06-28T18:47:18+00:00","article_modified_time":"2025-06-28T18:57:10+00:00","og_image":[{"width":1003,"height":667,"url":"https:\/\/webdelmaestrocmf.com\/portal\/wp-content\/uploads\/2025\/06\/1A-Banner-1-portada-imagen-10-1-copia-13.jpg","type":"image\/jpeg"}],"author":"Web del Maestro CMF","twitter_card":"summary_large_image","twitter_creator":"@cmf_w","twitter_site":"@cmf_w","schema":{"@context":"https:\/\/schema.org","@graph":[{"@type":"ScholarlyArticle","@id":"https:\/\/webdelmaestrocmf.com\/portal\/familia-hondurena-demanda-a-trump-por-arrestos-de-menores-en-tribunales-de-inmigracion\/#article","isPartOf":{"@id":"https:\/\/webdelmaestrocmf.com\/portal\/familia-hondurena-demanda-a-trump-por-arrestos-de-menores-en-tribunales-de-inmigracion\/"},"author":{"name":"Web del Maestro CMF","@id":"https:\/\/webdelmaestrocmf.com\/portal\/#\/schema\/person\/1072a2ed7bd960df8ef99a551fa35dc5"},"headline":"Familia hondure\u00f1a demanda a Trump por arrestos de menores en tribunales de inmigraci\u00f3n","datePublished":"2025-06-28T18:47:18+00:00","dateModified":"2025-06-28T18:57:10+00:00","mainEntityOfPage":{"@id":"https:\/\/webdelmaestrocmf.com\/portal\/familia-hondurena-demanda-a-trump-por-arrestos-de-menores-en-tribunales-de-inmigracion\/"},"wordCount":701,"commentCount":1,"publisher":{"@id":"https:\/\/webdelmaestrocmf.com\/portal\/#organization"},"image":{"@id":"https:\/\/webdelmaestrocmf.com\/portal\/familia-hondurena-demanda-a-trump-por-arrestos-de-menores-en-tribunales-de-inmigracion\/#primaryimage"},"thumbnailUrl":"https:\/\/webdelmaestrocmf.com\/portal\/wp-content\/uploads\/2025\/06\/1A-Banner-1-portada-imagen-10-1-copia-13.jpg","keywords":["arrestos","familia","hondure\u00f1a","menores","trump"],"articleSection":["Noticias Internacionales"],"inLanguage":"es","potentialAction":[{"@type":"CommentAction","name":"Comment","target":["https:\/\/webdelmaestrocmf.com\/portal\/familia-hondurena-demanda-a-trump-por-arrestos-de-menores-en-tribunales-de-inmigracion\/#respond"]}]},{"@type":"WebPage","@id":"https:\/\/webdelmaestrocmf.com\/portal\/familia-hondurena-demanda-a-trump-por-arrestos-de-menores-en-tribunales-de-inmigracion\/","url":"https:\/\/webdelmaestrocmf.com\/portal\/familia-hondurena-demanda-a-trump-por-arrestos-de-menores-en-tribunales-de-inmigracion\/","name":"Familia hondure\u00f1a demanda a Trump por arrestos de menores en tribunales de inmigraci\u00f3n - 2026","isPartOf":{"@id":"https:\/\/webdelmaestrocmf.com\/portal\/#website"},"primaryImageOfPage":{"@id":"https:\/\/webdelmaestrocmf.com\/portal\/familia-hondurena-demanda-a-trump-por-arrestos-de-menores-en-tribunales-de-inmigracion\/#primaryimage"},"image":{"@id":"https:\/\/webdelmaestrocmf.com\/portal\/familia-hondurena-demanda-a-trump-por-arrestos-de-menores-en-tribunales-de-inmigracion\/#primaryimage"},"thumbnailUrl":"https:\/\/webdelmaestrocmf.com\/portal\/wp-content\/uploads\/2025\/06\/1A-Banner-1-portada-imagen-10-1-copia-13.jpg","datePublished":"2025-06-28T18:47:18+00:00","dateModified":"2025-06-28T18:57:10+00:00","description":"Una familia hondure\u00f1a present\u00f3 una demanda contra la Administraci\u00f3n de Donald Trump tras ser arrestada en los tribunales...","breadcrumb":{"@id":"https:\/\/webdelmaestrocmf.com\/portal\/familia-hondurena-demanda-a-trump-por-arrestos-de-menores-en-tribunales-de-inmigracion\/#breadcrumb"},"inLanguage":"es","potentialAction":[{"@type":"ReadAction","target":["https:\/\/webdelmaestrocmf.com\/portal\/familia-hondurena-demanda-a-trump-por-arrestos-de-menores-en-tribunales-de-inmigracion\/"]}]},{"@type":"ImageObject","inLanguage":"es","@id":"https:\/\/webdelmaestrocmf.com\/portal\/familia-hondurena-demanda-a-trump-por-arrestos-de-menores-en-tribunales-de-inmigracion\/#primaryimage","url":"https:\/\/webdelmaestrocmf.com\/portal\/wp-content\/uploads\/2025\/06\/1A-Banner-1-portada-imagen-10-1-copia-13.jpg","contentUrl":"https:\/\/webdelmaestrocmf.com\/portal\/wp-content\/uploads\/2025\/06\/1A-Banner-1-portada-imagen-10-1-copia-13.jpg","width":1003,"height":667},{"@type":"BreadcrumbList","@id":"https:\/\/webdelmaestrocmf.com\/portal\/familia-hondurena-demanda-a-trump-por-arrestos-de-menores-en-tribunales-de-inmigracion\/#breadcrumb","itemListElement":[{"@type":"ListItem","position":1,"name":"Portada","item":"https:\/\/webdelmaestrocmf.com\/portal\/"},{"@type":"ListItem","position":2,"name":"Noticias Internacionales","item":"https:\/\/webdelmaestrocmf.com\/portal\/category\/noticias-internacionales\/"},{"@type":"ListItem","position":3,"name":"Familia hondure\u00f1a demanda a Trump por arrestos de menores en tribunales de inmigraci\u00f3n"}]},{"@type":"WebSite","@id":"https:\/\/webdelmaestrocmf.com\/portal\/#website","url":"https:\/\/webdelmaestrocmf.com\/portal\/","name":"Web del Maestro CMF","description":"Maestros al servicio de la educaci\u00f3n","publisher":{"@id":"https:\/\/webdelmaestrocmf.com\/portal\/#organization"},"alternateName":"WMCMF","potentialAction":[{"@type":"SearchAction","target":{"@type":"EntryPoint","urlTemplate":"https:\/\/webdelmaestrocmf.com\/portal\/?s={search_term_string}"},"query-input":{"@type":"PropertyValueSpecification","valueRequired":true,"valueName":"search_term_string"}}],"inLanguage":"es"},{"@type":"Organization","@id":"https:\/\/webdelmaestrocmf.com\/portal\/#organization","name":"Web del Maestro CMF","alternateName":"WMCMF","url":"https:\/\/webdelmaestrocmf.com\/portal\/","logo":{"@type":"ImageObject","inLanguage":"es","@id":"https:\/\/webdelmaestrocmf.com\/portal\/#\/schema\/logo\/image\/","url":"https:\/\/webdelmaestrocmf.com\/portal\/wp-content\/uploads\/2023\/01\/logo-wmcmf-2.png","contentUrl":"https:\/\/webdelmaestrocmf.com\/portal\/wp-content\/uploads\/2023\/01\/logo-wmcmf-2.png","width":200,"height":60,"caption":"Web del Maestro CMF"},"image":{"@id":"https:\/\/webdelmaestrocmf.com\/portal\/#\/schema\/logo\/image\/"},"sameAs":["https:\/\/www.facebook.com\/WebdelMaestroCMF\/","https:\/\/x.com\/cmf_w","https:\/\/www.pinterest.com\/WMCMF\/","https:\/\/www.linkedin.com\/company\/web-del-maestro-cmf\/","https:\/\/www.instagram.com\/wmcmf\/","https:\/\/www.youtube.com\/channel\/UCDPSvjbdodE5sHnC3OxutHw","https:\/\/mastodon.social\/@wmcmf","https:\/\/www.tiktok.com\/@webdelmaestrocmf"]},{"@type":"Person","@id":"https:\/\/webdelmaestrocmf.com\/portal\/#\/schema\/person\/1072a2ed7bd960df8ef99a551fa35dc5","name":"Web del Maestro CMF","image":{"@type":"ImageObject","inLanguage":"es","@id":"https:\/\/secure.gravatar.com\/avatar\/23291dd5b5ae1077dcff3dbb04c3e02bd28403fa75af6d8787d5e97c5bbbe30b?s=96&d=mm&r=g","url":"https:\/\/secure.gravatar.com\/avatar\/23291dd5b5ae1077dcff3dbb04c3e02bd28403fa75af6d8787d5e97c5bbbe30b?s=96&d=mm&r=g","contentUrl":"https:\/\/secure.gravatar.com\/avatar\/23291dd5b5ae1077dcff3dbb04c3e02bd28403fa75af6d8787d5e97c5bbbe30b?s=96&d=mm&r=g","caption":"Web del Maestro CMF"},"description":"Esta Web se cre\u00f3 sin fines de lucro, con fines educativos, cient\u00edficos y acad\u00e9micos, para personas que tengan dificultades y\/o inconvenientes en visualizar el material original. El objetivo es entregar recursos, compartir experiencias y materiales que ayuden a los padres de familia, maestros y estudiantes en su actualizaci\u00f3n y formaci\u00f3n permanente, en bien de la Educaci\u00f3n.","sameAs":["http:\/\/webdelmaestrocmf.com\/portal","https:\/\/www.facebook.com\/WebdelMaestroCMF\/","https:\/\/www.instagram.com\/wmcmf\/","https:\/\/cl.linkedin.com\/company\/web-del-maestro-cmf","https:\/\/www.pinterest.com\/WMCMF\/publicaciones\/","https:\/\/x.com\/cmf_w","https:\/\/www.youtube.com\/@WMCMF"]}]}},"jetpack_featured_media_url":"https:\/\/webdelmaestrocmf.com\/portal\/wp-content\/uploads\/2025\/06\/1A-Banner-1-portada-imagen-10-1-copia-13.jpg","jetpack_sharing_enabled":true,"jetpack-related-posts":[{"id":113483,"url":"https:\/\/webdelmaestrocmf.com\/portal\/redadas-del-gobierno-de-trump-miles-de-padres-y-tutores-de-ninos-migrantes-han-sido-arrestados-en-nuevos-operativos-federales\/","url_meta":{"origin":110662,"position":0},"title":"Redadas del Gobierno de Trump: miles de padres y tutores de ni\u00f1os migrantes han sido arrestados en nuevos operativos federales","author":"Web del Maestro CMF","date":"14 noviembre, 2025","format":false,"excerpt":"Arrestos masivos de padres y tutores dejan a miles de ni\u00f1os migrantes en limbo, retrasando reunificaciones y aumentando la presi\u00f3n emocional.","rel":"","context":"En \u00abNoticias Internacionales\u00bb","block_context":{"text":"Noticias Internacionales","link":"https:\/\/webdelmaestrocmf.com\/portal\/category\/noticias-internacionales\/"},"img":{"alt_text":"","src":"https:\/\/i0.wp.com\/webdelmaestrocmf.com\/portal\/wp-content\/uploads\/2025\/11\/1A-Banner-1-portada-imagen-10-1-copia-4-1.jpg?resize=350%2C200&ssl=1","width":350,"height":200,"srcset":"https:\/\/i0.wp.com\/webdelmaestrocmf.com\/portal\/wp-content\/uploads\/2025\/11\/1A-Banner-1-portada-imagen-10-1-copia-4-1.jpg?resize=350%2C200&ssl=1 1x, https:\/\/i0.wp.com\/webdelmaestrocmf.com\/portal\/wp-content\/uploads\/2025\/11\/1A-Banner-1-portada-imagen-10-1-copia-4-1.jpg?resize=525%2C300&ssl=1 1.5x, https:\/\/i0.wp.com\/webdelmaestrocmf.com\/portal\/wp-content\/uploads\/2025\/11\/1A-Banner-1-portada-imagen-10-1-copia-4-1.jpg?resize=700%2C400&ssl=1 2x"},"classes":[]},{"id":117712,"url":"https:\/\/webdelmaestrocmf.com\/portal\/salta-aplicara-multas-o-hasta-30-dias-de-arresto-a-los-padres-de-ninos-que-cometan-bullying\/","url_meta":{"origin":110662,"position":1},"title":"Salta aplicar\u00e1 multas o hasta 30 d\u00edas de arresto a los padres de ni\u00f1os que cometan bullying","author":"Web del Maestro CMF","date":"13 abril, 2026","format":false,"excerpt":"Salta sancionar\u00e1 a padres de estudiantes que cometan bullying con multas, tareas comunitarias o arresto. La medida busca fortalecer la responsabilidad familiar y prevenir la violencia en las escuelas.","rel":"","context":"En \u00abNoticias Internacionales\u00bb","block_context":{"text":"Noticias Internacionales","link":"https:\/\/webdelmaestrocmf.com\/portal\/category\/noticias-internacionales\/"},"img":{"alt_text":"","src":"https:\/\/i0.wp.com\/webdelmaestrocmf.com\/portal\/wp-content\/uploads\/2026\/04\/1AA-Banner-1-portada-imagen-10-1-copia-11-1.webp?resize=350%2C200&ssl=1","width":350,"height":200,"srcset":"https:\/\/i0.wp.com\/webdelmaestrocmf.com\/portal\/wp-content\/uploads\/2026\/04\/1AA-Banner-1-portada-imagen-10-1-copia-11-1.webp?resize=350%2C200&ssl=1 1x, https:\/\/i0.wp.com\/webdelmaestrocmf.com\/portal\/wp-content\/uploads\/2026\/04\/1AA-Banner-1-portada-imagen-10-1-copia-11-1.webp?resize=525%2C300&ssl=1 1.5x, https:\/\/i0.wp.com\/webdelmaestrocmf.com\/portal\/wp-content\/uploads\/2026\/04\/1AA-Banner-1-portada-imagen-10-1-copia-11-1.webp?resize=700%2C400&ssl=1 2x, https:\/\/i0.wp.com\/webdelmaestrocmf.com\/portal\/wp-content\/uploads\/2026\/04\/1AA-Banner-1-portada-imagen-10-1-copia-11-1.webp?resize=1050%2C600&ssl=1 3x"},"classes":[]},{"id":110489,"url":"https:\/\/webdelmaestrocmf.com\/portal\/precaucion-imagenes-sensibles-hombre-arrojo-a-un-nino-de-casi-2-anos-al-suelo-en-un-aeropuerto-de-rusia-y-lo-dejo-en-coma\/","url_meta":{"origin":110662,"position":2},"title":"Un bielorruso deja en coma a un ni\u00f1o de un a\u00f1o tras golpearlo brutalmente contra el suelo en un aeropuerto de Mosc\u00fa","author":"Web del Maestro CMF","date":"25 junio, 2025","format":false,"excerpt":"Estos casos ponen en relieve la urgencia de reforzar la seguridad en lugares de alta concurrencia y de cuestionar las respuestas institucionales ante actos de violencia extrema.","rel":"","context":"En \u00abNoticias Internacionales\u00bb","block_context":{"text":"Noticias Internacionales","link":"https:\/\/webdelmaestrocmf.com\/portal\/category\/noticias-internacionales\/"},"img":{"alt_text":"","src":"https:\/\/i0.wp.com\/webdelmaestrocmf.com\/portal\/wp-content\/uploads\/2025\/06\/1A-Banner-1-portada-imagen-10-1-copia-9.webp?resize=350%2C200&ssl=1","width":350,"height":200,"srcset":"https:\/\/i0.wp.com\/webdelmaestrocmf.com\/portal\/wp-content\/uploads\/2025\/06\/1A-Banner-1-portada-imagen-10-1-copia-9.webp?resize=350%2C200&ssl=1 1x, https:\/\/i0.wp.com\/webdelmaestrocmf.com\/portal\/wp-content\/uploads\/2025\/06\/1A-Banner-1-portada-imagen-10-1-copia-9.webp?resize=525%2C300&ssl=1 1.5x, https:\/\/i0.wp.com\/webdelmaestrocmf.com\/portal\/wp-content\/uploads\/2025\/06\/1A-Banner-1-portada-imagen-10-1-copia-9.webp?resize=700%2C400&ssl=1 2x"},"classes":[]},{"id":110825,"url":"https:\/\/webdelmaestrocmf.com\/portal\/medicos-no-bajan-los-brazos-actualizan-estado-de-salud-de-nino-de-2-anos-en-coma-tras-brutal-ataque-en-aeropuerto\/","url_meta":{"origin":110662,"position":3},"title":"\u201cM\u00e9dicos no bajan los brazos\u201d: Actualizan estado de salud de ni\u00f1o de 2 a\u00f1os en coma tras brutal ataque en aeropuerto","author":"Web del Maestro CMF","date":"2 julio, 2025","format":false,"excerpt":"El menor, hijo de una familia afgana, permanece en coma inducido tras sufrir graves fracturas. El agresor fue detenido y enfrenta cargos por intento de asesinato","rel":"","context":"En \u00abNoticias Internacionales\u00bb","block_context":{"text":"Noticias Internacionales","link":"https:\/\/webdelmaestrocmf.com\/portal\/category\/noticias-internacionales\/"},"img":{"alt_text":"","src":"https:\/\/i0.wp.com\/webdelmaestrocmf.com\/portal\/wp-content\/uploads\/2025\/07\/1A-Banner-1-portada-imagen-10-1-copia-2.png?resize=350%2C200&ssl=1","width":350,"height":200,"srcset":"https:\/\/i0.wp.com\/webdelmaestrocmf.com\/portal\/wp-content\/uploads\/2025\/07\/1A-Banner-1-portada-imagen-10-1-copia-2.png?resize=350%2C200&ssl=1 1x, https:\/\/i0.wp.com\/webdelmaestrocmf.com\/portal\/wp-content\/uploads\/2025\/07\/1A-Banner-1-portada-imagen-10-1-copia-2.png?resize=525%2C300&ssl=1 1.5x, https:\/\/i0.wp.com\/webdelmaestrocmf.com\/portal\/wp-content\/uploads\/2025\/07\/1A-Banner-1-portada-imagen-10-1-copia-2.png?resize=700%2C400&ssl=1 2x"},"classes":[]},{"id":109048,"url":"https:\/\/webdelmaestrocmf.com\/portal\/francia-condenan-a-20-anos-de-carcel-a-joel-le-scouarnec-por-abuso-sexual-de-decenas-de-pacientes-la-mayoria-menores\/","url_meta":{"origin":110662,"position":4},"title":"Francia: condenan a 20 a\u00f1os de c\u00e1rcel a Jo\u00ebl Le Scouarnec por abuso sexual de decenas de pacientes, la mayor\u00eda menores","author":"Web del Maestro CMF","date":"28 mayo, 2025","format":false,"excerpt":"El 28 de mayo de 2025, la justicia francesa dict\u00f3 sentencia contra uno de los criminales sexuales m\u00e1s infames en la historia m\u00e9dica del pa\u00eds: Jo\u00ebl Le Scouarnec, cirujano retirado, fue condenado a 20 a\u00f1os de prisi\u00f3n tras confesar haber abusado sexualmente de 299 pacientes, en su mayor\u00eda ni\u00f1as y\u2026","rel":"","context":"En \u00abNoticias Internacionales\u00bb","block_context":{"text":"Noticias Internacionales","link":"https:\/\/webdelmaestrocmf.com\/portal\/category\/noticias-internacionales\/"},"img":{"alt_text":"","src":"https:\/\/i0.wp.com\/webdelmaestrocmf.com\/portal\/wp-content\/uploads\/2025\/05\/1A-Banner-1-portada-imagen-10-1-11-1.jpg?resize=350%2C200&ssl=1","width":350,"height":200,"srcset":"https:\/\/i0.wp.com\/webdelmaestrocmf.com\/portal\/wp-content\/uploads\/2025\/05\/1A-Banner-1-portada-imagen-10-1-11-1.jpg?resize=350%2C200&ssl=1 1x, https:\/\/i0.wp.com\/webdelmaestrocmf.com\/portal\/wp-content\/uploads\/2025\/05\/1A-Banner-1-portada-imagen-10-1-11-1.jpg?resize=525%2C300&ssl=1 1.5x, https:\/\/i0.wp.com\/webdelmaestrocmf.com\/portal\/wp-content\/uploads\/2025\/05\/1A-Banner-1-portada-imagen-10-1-11-1.jpg?resize=700%2C400&ssl=1 2x"},"classes":[]},{"id":115173,"url":"https:\/\/webdelmaestrocmf.com\/portal\/china-aplica-la-pena-de-muerte-en-casos-de-abuso-sexual-infantil\/","url_meta":{"origin":110662,"position":5},"title":"China aplica la pena de muerte en casos de abuso sexual infantil","author":"Web del Maestro CMF","date":"6 febrero, 2026","format":false,"excerpt":"En China las personas que cometan delitos sexuales contra menores que sean de naturaleza \u201cextremadamente malvada\u201d y que causen \u201cconsecuencias extremadamente graves\u201d son castigados con la pena de muerte.","rel":"","context":"En \u00abNoticias Internacionales\u00bb","block_context":{"text":"Noticias Internacionales","link":"https:\/\/webdelmaestrocmf.com\/portal\/category\/noticias-internacionales\/"},"img":{"alt_text":"","src":"https:\/\/i0.wp.com\/webdelmaestrocmf.com\/portal\/wp-content\/uploads\/2026\/02\/1A-Banner-1-portada-imagen-10-1-copia-4-1.webp?resize=350%2C200&ssl=1","width":350,"height":200,"srcset":"https:\/\/i0.wp.com\/webdelmaestrocmf.com\/portal\/wp-content\/uploads\/2026\/02\/1A-Banner-1-portada-imagen-10-1-copia-4-1.webp?resize=350%2C200&ssl=1 1x, https:\/\/i0.wp.com\/webdelmaestrocmf.com\/portal\/wp-content\/uploads\/2026\/02\/1A-Banner-1-portada-imagen-10-1-copia-4-1.webp?resize=525%2C300&ssl=1 1.5x, https:\/\/i0.wp.com\/webdelmaestrocmf.com\/portal\/wp-content\/uploads\/2026\/02\/1A-Banner-1-portada-imagen-10-1-copia-4-1.webp?resize=700%2C400&ssl=1 2x"},"classes":[]}],"_links":{"self":[{"href":"https:\/\/webdelmaestrocmf.com\/portal\/wp-json\/wp\/v2\/posts\/110662","targetHints":{"allow":["GET"]}}],"collection":[{"href":"https:\/\/webdelmaestrocmf.com\/portal\/wp-json\/wp\/v2\/posts"}],"about":[{"href":"https:\/\/webdelmaestrocmf.com\/portal\/wp-json\/wp\/v2\/types\/post"}],"author":[{"embeddable":true,"href":"https:\/\/webdelmaestrocmf.com\/portal\/wp-json\/wp\/v2\/users\/1"}],"replies":[{"embeddable":true,"href":"https:\/\/webdelmaestrocmf.com\/portal\/wp-json\/wp\/v2\/comments?post=110662"}],"version-history":[{"count":2,"href":"https:\/\/webdelmaestrocmf.com\/portal\/wp-json\/wp\/v2\/posts\/110662\/revisions"}],"predecessor-version":[{"id":110666,"href":"https:\/\/webdelmaestrocmf.com\/portal\/wp-json\/wp\/v2\/posts\/110662\/revisions\/110666"}],"wp:featuredmedia":[{"embeddable":true,"href":"https:\/\/webdelmaestrocmf.com\/portal\/wp-json\/wp\/v2\/media\/110663"}],"wp:attachment":[{"href":"https:\/\/webdelmaestrocmf.com\/portal\/wp-json\/wp\/v2\/media?parent=110662"}],"wp:term":[{"taxonomy":"category","embeddable":true,"href":"https:\/\/webdelmaestrocmf.com\/portal\/wp-json\/wp\/v2\/categories?post=110662"},{"taxonomy":"post_tag","embeddable":true,"href":"https:\/\/webdelmaestrocmf.com\/portal\/wp-json\/wp\/v2\/tags?post=110662"}],"curies":[{"name":"wp","href":"https:\/\/api.w.org\/{rel}","templated":true}]}}