{"id":110631,"date":"2025-06-27T17:56:03","date_gmt":"2025-06-27T21:56:03","guid":{"rendered":"https:\/\/webdelmaestrocmf.com\/portal\/?p=110631"},"modified":"2025-06-27T21:07:36","modified_gmt":"2025-06-28T01:07:36","slug":"ninas-de-10-anos-son-acusadas-de-planear-el-asesinato-de-un-companero-en-arizona","status":"publish","type":"post","link":"https:\/\/webdelmaestrocmf.com\/portal\/ninas-de-10-anos-son-acusadas-de-planear-el-asesinato-de-un-companero-en-arizona\/","title":{"rendered":"Ni\u00f1as de 10 a\u00f1os son acusadas de planear el asesinato de un compa\u00f1ero en Arizona"},"content":{"rendered":"\n<p>Un preocupante caso de violencia escolar qued\u00f3 al descubierto en Arizona, Estados Unidos, luego de que la polic\u00eda informara la detenci\u00f3n de cuatro ni\u00f1as de entre 10 y 11 a\u00f1os, estudiantes de quinto grado, acusadas de planear el asesinato de un compa\u00f1ero de curso para hacerlo pasar por un suicidio.<\/p>\n\n\n\n<p>Seg\u00fan detall\u00f3 el Departamento de Polic\u00eda de Surprise, el hecho se habr\u00eda gestado en octubre de 2024, pero solo ahora se dio a conocer p\u00fablicamente. Las ni\u00f1as, de acuerdo a la informaci\u00f3n publicada por el NY Post, habr\u00edan organizado el crimen motivadas por acusaciones de infidelidad contra el menor, lo que da cuenta de un conflicto interpersonal ins\u00f3lito y alarmante para su edad.<\/p>\n\n\n\n<p>Dentro del plan, las cuatro implicadas ten\u00edan roles definidos: una deb\u00eda ingresar un cuchillo al colegio, otra se encargar\u00eda de redactar una nota suicida que aparentara haber sido escrita por la v\u00edctima, la tercera vigilar\u00eda el ba\u00f1o donde pensaban ejecutar el ataque, y la cuarta ser\u00eda quien concretar\u00eda la agresi\u00f3n. Para evitar ser descubiertas, las ni\u00f1as hab\u00edan acordado usar guantes y no dejar huellas.<\/p>\n\n\n\n<p>El complot, sin embargo, fue frustrado a tiempo gracias a la alerta de otros estudiantes, que escucharon la conversaci\u00f3n de las ni\u00f1as y avisaron a los funcionarios escolares. La r\u00e1pida intervenci\u00f3n del personal educativo permiti\u00f3 dar aviso a la polic\u00eda, evitando que el ataque se llevara a cabo.<\/p>\n\n\n\n<p>Las cuatro menores fueron arrestadas por cargos de conducta amenazante y alteraci\u00f3n del orden p\u00fablico, considerados delitos menores en la legislaci\u00f3n local. Posteriormente quedaron en libertad bajo la custodia de sus padres y fueron suspendidas del colegio, seg\u00fan informaron las autoridades.<\/p>\n\n\n\n<p>Un elemento que llam\u00f3 especialmente la atenci\u00f3n de los investigadores fue la reacci\u00f3n emocional de las implicadas: mientras tres de las ni\u00f1as demostraron remordimiento y se mostraron afectadas al relatar los hechos, una cuarta mantuvo una actitud fr\u00eda, sonriente, e incluso ri\u00f3 al entregar su versi\u00f3n ante los polic\u00edas, lo que gener\u00f3 preocupaci\u00f3n en el personal policial y educativo.<\/p>\n\n\n\n<p>Este incidente ha reabierto la discusi\u00f3n sobre la violencia escolar, el uso de armas blancas y el impacto de los conflictos emocionales en edades tan tempranas.<\/p>\n\n\n\n<p class=\"has-text-align-right\"><strong>Redacci\u00f3n | Web del Maestro CMF<\/strong><\/p>\n\n\n\t\t<div class=\"pk-inline-posts\">\n\t\t\t\n\t\t\t<div class=\"pk-inline-posts-container pk-inline-posts-template-list\"\n\t\t\t\tdata-columns=\"1\">\n\t\t\t\t\t\t<article id=\"post-118433\" class=\"post-118433 post type-post status-publish format-standard has-post-thumbnail category-noticias-internacionales tag-aprendizaje tag-atencion-en-el-aula-2 tag-docentes tag-educacion-3 tag-estrategias-didacticas-2 tag-innovacion-educativa-3 tag-motivacion-escolar-2 tag-neuroeducacion-2 tag-pedagogia-3 tag-tecnologia-educativa-3 cs-entry cs-video-wrap\">\n\t\t\t<div class=\"pk-post-outer\">\n\n\t\t\t\t\t\t\t\t<div class=\"pk-post-inner\">\n\t\t\t\t\t<div class=\"entry-thumbnail\">\n\t\t\t\t\t\t<div class=\"pk-overlay pk-overlay-ratio pk-ratio-landscape\">\n\t\t\t\t\t\t\t<div class=\"pk-overlay-background\">\n\t\t\t\t\t\t\t\t<a href=\"https:\/\/webdelmaestrocmf.com\/portal\/9-de-cada-10-maestros-confirman-que-los-alumnos-ya-no-prestan-atencion-en-clase\/\" class=\"pk-overlay-link\">\n\t\t\t\t\t\t\t\t\t<img loading=\"lazy\" decoding=\"async\" width=\"300\" height=\"225\" src=\"https:\/\/webdelmaestrocmf.com\/portal\/wp-content\/uploads\/2026\/04\/1AA-Banner-1-portada-imagen-10-1-copia-1-10-300x225.webp\" class=\"attachment-pk-thumbnail size-pk-thumbnail wp-post-image\" alt=\"\" \/>\t\t\t\t\t\t\t\t<\/a>\n\t\t\t\t\t\t\t<\/div>\n\t\t\t\t\t\t<\/div>\n\t\t\t\t\t<\/div>\n\t\t\t\t<\/div>\n\t\t\t\t\n\t\t\t\t<div class=\"pk-post-inner\">\n\t\t\t\t\t<header>\n\t\t\t\t\t\t<h3 class=\"pk-title\"><a href=\"https:\/\/webdelmaestrocmf.com\/portal\/9-de-cada-10-maestros-confirman-que-los-alumnos-ya-no-prestan-atencion-en-clase\/\" rel=\"bookmark\">9 de cada 10 maestros confirman que los alumnos ya no prestan atenci\u00f3n en clase<\/a><\/h3>\t\t\t\t\t<\/header><!-- .entry-header -->\n\t\t\t\t<\/div><!-- .post-inner -->\n\n\t\t\t<\/div><!-- .post-outer -->\n\t\t<\/article>\n\t\t\t<article id=\"post-118385\" class=\"post-118385 post type-post status-publish format-standard has-post-thumbnail category-noticias-internacionales tag-accidente-escolar tag-comunidad-escolar tag-cuidado-infantil tag-derechos-del-nino tag-educacion-segura tag-gestion-educativa-3 tag-prevencion-riesgos tag-responsabilidad-educativa tag-seguridad-escolar tag-supervision-docente cs-entry cs-video-wrap\">\n\t\t\t<div class=\"pk-post-outer\">\n\n\t\t\t\t\t\t\t\t<div class=\"pk-post-inner\">\n\t\t\t\t\t<div class=\"entry-thumbnail\">\n\t\t\t\t\t\t<div class=\"pk-overlay pk-overlay-ratio pk-ratio-landscape\">\n\t\t\t\t\t\t\t<div class=\"pk-overlay-background\">\n\t\t\t\t\t\t\t\t<a href=\"https:\/\/webdelmaestrocmf.com\/portal\/nina-fallece-tras-presunto-tropiezo-en-escuela-pero-su-padre-desmiente-la-version-me-encontre-a-mi-hija-toda-ensangrentada\/\" class=\"pk-overlay-link\">\n\t\t\t\t\t\t\t\t\t<img loading=\"lazy\" decoding=\"async\" width=\"300\" height=\"225\" src=\"https:\/\/webdelmaestrocmf.com\/portal\/wp-content\/uploads\/2026\/04\/1AA-Banner-1-portada-imagen-10-1-copia-4-3-300x225.webp\" class=\"attachment-pk-thumbnail size-pk-thumbnail wp-post-image\" alt=\"\" \/>\t\t\t\t\t\t\t\t<\/a>\n\t\t\t\t\t\t\t<\/div>\n\t\t\t\t\t\t<\/div>\n\t\t\t\t\t<\/div>\n\t\t\t\t<\/div>\n\t\t\t\t\n\t\t\t\t<div class=\"pk-post-inner\">\n\t\t\t\t\t<header>\n\t\t\t\t\t\t<h3 class=\"pk-title\"><a href=\"https:\/\/webdelmaestrocmf.com\/portal\/nina-fallece-tras-presunto-tropiezo-en-escuela-pero-su-padre-desmiente-la-version-me-encontre-a-mi-hija-toda-ensangrentada\/\" rel=\"bookmark\">Ni\u00f1a fallece tras presunto tropiezo en escuela, pero su padre desmiente la versi\u00f3n: \u201cMe encontr\u00e9 a mi hija toda ensangrentada\u201d<\/a><\/h3>\t\t\t\t\t<\/header><!-- .entry-header -->\n\t\t\t\t<\/div><!-- .post-inner -->\n\n\t\t\t<\/div><!-- .post-outer -->\n\t\t<\/article>\n\t\t\t<article id=\"post-118342\" class=\"post-118342 post type-post status-publish format-standard has-post-thumbnail category-noticias-internacionales tag-alfabetizacion tag-aprendizaje tag-comprension-lectora tag-docentes tag-educacion tag-escuela tag-innovacion-educativa tag-lectura tag-pedagogia tag-tecnologia-educativa cs-entry cs-video-wrap\">\n\t\t\t<div class=\"pk-post-outer\">\n\n\t\t\t\t\t\t\t\t<div class=\"pk-post-inner\">\n\t\t\t\t\t<div class=\"entry-thumbnail\">\n\t\t\t\t\t\t<div class=\"pk-overlay pk-overlay-ratio pk-ratio-landscape\">\n\t\t\t\t\t\t\t<div class=\"pk-overlay-background\">\n\t\t\t\t\t\t\t\t<a href=\"https:\/\/webdelmaestrocmf.com\/portal\/apagon-digital-en-la-escuela-suecia-frena-la-inversion-en-pantallas-y-vuelve-a-los-libros\/\" class=\"pk-overlay-link\">\n\t\t\t\t\t\t\t\t\t<img loading=\"lazy\" decoding=\"async\" width=\"300\" height=\"225\" src=\"https:\/\/webdelmaestrocmf.com\/portal\/wp-content\/uploads\/2026\/04\/1AA-Banner-1-portada-imagen-10-1-copia-8-2-300x225.webp\" class=\"attachment-pk-thumbnail size-pk-thumbnail wp-post-image\" alt=\"\" \/>\t\t\t\t\t\t\t\t<\/a>\n\t\t\t\t\t\t\t<\/div>\n\t\t\t\t\t\t<\/div>\n\t\t\t\t\t<\/div>\n\t\t\t\t<\/div>\n\t\t\t\t\n\t\t\t\t<div class=\"pk-post-inner\">\n\t\t\t\t\t<header>\n\t\t\t\t\t\t<h3 class=\"pk-title\"><a href=\"https:\/\/webdelmaestrocmf.com\/portal\/apagon-digital-en-la-escuela-suecia-frena-la-inversion-en-pantallas-y-vuelve-a-los-libros\/\" rel=\"bookmark\">\u00bfApag\u00f3n digital en la escuela? Suecia frena la inversi\u00f3n en pantallas y vuelve a los libros<\/a><\/h3>\t\t\t\t\t<\/header><!-- .entry-header -->\n\t\t\t\t<\/div><!-- .post-inner -->\n\n\t\t\t<\/div><!-- .post-outer -->\n\t\t<\/article>\n\t\t\t\t<\/div>\n\t\t<\/div>\n\t\t\n","protected":false},"excerpt":{"rendered":"De acuerdo a lo indicado por la polic\u00eda de Arizona, Estados Unidos, dentro del plan ten\u00edan contemplado hacer pasar la muerte del menor como un suicidio","protected":false},"author":1,"featured_media":110632,"comment_status":"open","ping_status":"closed","sticky":false,"template":"","format":"standard","meta":{"csco_display_header_overlay":false,"csco_singular_sidebar":"","csco_page_header_type":"","csco_page_load_nextpost":"","csco_post_video_location":[],"csco_post_video_location_hash":"","csco_post_video_url":"","csco_post_video_bg_start_time":0,"csco_post_video_bg_end_time":0,"csco_post_video_bg_volume":false,"_jetpack_memberships_contains_paid_content":false,"footnotes":""},"categories":[23790],"tags":[23866,23867,23865,1074],"class_list":{"0":"post-110631","1":"post","2":"type-post","3":"status-publish","4":"format-standard","5":"has-post-thumbnail","7":"category-noticias-internacionales","8":"tag-arizona","9":"tag-asesinato-frustrado","10":"tag-ninas-de-10-anos","11":"tag-violencia-escolar","12":"cs-entry","13":"cs-video-wrap"},"yoast_head":"<!-- This site is optimized with the Yoast SEO plugin v27.5 - https:\/\/yoast.com\/product\/yoast-seo-wordpress\/ -->\n<title>Ni\u00f1as de 10 a\u00f1os son acusadas de planear el asesinato de un compa\u00f1ero en Arizona - 2026<\/title>\n<meta name=\"description\" content=\"Luego de que la polic\u00eda informara la detenci\u00f3n de cuatro ni\u00f1as de entre 10 y 11 a\u00f1os, estudiantes de quinto grado, acusadas de planear...\" \/>\n<meta name=\"robots\" content=\"index, follow, max-snippet:-1, max-image-preview:large, max-video-preview:-1\" \/>\n<link rel=\"canonical\" href=\"https:\/\/webdelmaestrocmf.com\/portal\/ninas-de-10-anos-son-acusadas-de-planear-el-asesinato-de-un-companero-en-arizona\/\" \/>\n<meta property=\"og:locale\" content=\"es_ES\" \/>\n<meta property=\"og:type\" content=\"article\" \/>\n<meta property=\"og:title\" content=\"Ni\u00f1as de 10 a\u00f1os son acusadas de planear el asesinato de un compa\u00f1ero en Arizona - 2026\" \/>\n<meta property=\"og:description\" content=\"Luego de que la polic\u00eda informara la detenci\u00f3n de cuatro ni\u00f1as de entre 10 y 11 a\u00f1os, estudiantes de quinto grado, acusadas de planear...\" \/>\n<meta property=\"og:url\" content=\"https:\/\/webdelmaestrocmf.com\/portal\/ninas-de-10-anos-son-acusadas-de-planear-el-asesinato-de-un-companero-en-arizona\/\" \/>\n<meta property=\"og:site_name\" content=\"Web del Maestro CMF\" \/>\n<meta property=\"article:publisher\" content=\"https:\/\/www.facebook.com\/WebdelMaestroCMF\/\" \/>\n<meta property=\"article:author\" content=\"https:\/\/www.facebook.com\/WebdelMaestroCMF\/\" \/>\n<meta property=\"article:published_time\" content=\"2025-06-27T21:56:03+00:00\" \/>\n<meta property=\"article:modified_time\" content=\"2025-06-28T01:07:36+00:00\" \/>\n<meta property=\"og:image\" content=\"https:\/\/webdelmaestrocmf.com\/portal\/wp-content\/uploads\/2025\/06\/1A-Banner-1-portada-imagen-10-1-copia-32.jpg\" \/>\n\t<meta property=\"og:image:width\" content=\"1003\" \/>\n\t<meta property=\"og:image:height\" content=\"667\" \/>\n\t<meta property=\"og:image:type\" content=\"image\/jpeg\" \/>\n<meta name=\"author\" content=\"Web del Maestro CMF\" \/>\n<meta name=\"twitter:card\" content=\"summary_large_image\" \/>\n<meta name=\"twitter:creator\" content=\"@cmf_w\" \/>\n<meta name=\"twitter:site\" content=\"@cmf_w\" \/>\n<script type=\"application\/ld+json\" class=\"yoast-schema-graph\">{\"@context\":\"https:\\\/\\\/schema.org\",\"@graph\":[{\"@type\":\"ScholarlyArticle\",\"@id\":\"https:\\\/\\\/webdelmaestrocmf.com\\\/portal\\\/ninas-de-10-anos-son-acusadas-de-planear-el-asesinato-de-un-companero-en-arizona\\\/#article\",\"isPartOf\":{\"@id\":\"https:\\\/\\\/webdelmaestrocmf.com\\\/portal\\\/ninas-de-10-anos-son-acusadas-de-planear-el-asesinato-de-un-companero-en-arizona\\\/\"},\"author\":{\"name\":\"Web del Maestro CMF\",\"@id\":\"https:\\\/\\\/webdelmaestrocmf.com\\\/portal\\\/#\\\/schema\\\/person\\\/1072a2ed7bd960df8ef99a551fa35dc5\"},\"headline\":\"Ni\u00f1as de 10 a\u00f1os son acusadas de planear el asesinato de un compa\u00f1ero en Arizona\",\"datePublished\":\"2025-06-27T21:56:03+00:00\",\"dateModified\":\"2025-06-28T01:07:36+00:00\",\"mainEntityOfPage\":{\"@id\":\"https:\\\/\\\/webdelmaestrocmf.com\\\/portal\\\/ninas-de-10-anos-son-acusadas-de-planear-el-asesinato-de-un-companero-en-arizona\\\/\"},\"wordCount\":415,\"commentCount\":0,\"publisher\":{\"@id\":\"https:\\\/\\\/webdelmaestrocmf.com\\\/portal\\\/#organization\"},\"image\":{\"@id\":\"https:\\\/\\\/webdelmaestrocmf.com\\\/portal\\\/ninas-de-10-anos-son-acusadas-de-planear-el-asesinato-de-un-companero-en-arizona\\\/#primaryimage\"},\"thumbnailUrl\":\"https:\\\/\\\/webdelmaestrocmf.com\\\/portal\\\/wp-content\\\/uploads\\\/2025\\\/06\\\/1A-Banner-1-portada-imagen-10-1-copia-32.jpg\",\"keywords\":[\"Arizona\",\"asesinato frustrado\",\"ni\u00f1as de 10 a\u00f1os\",\"Violencia escolar\"],\"articleSection\":[\"Noticias Internacionales\"],\"inLanguage\":\"es\",\"potentialAction\":[{\"@type\":\"CommentAction\",\"name\":\"Comment\",\"target\":[\"https:\\\/\\\/webdelmaestrocmf.com\\\/portal\\\/ninas-de-10-anos-son-acusadas-de-planear-el-asesinato-de-un-companero-en-arizona\\\/#respond\"]}]},{\"@type\":\"WebPage\",\"@id\":\"https:\\\/\\\/webdelmaestrocmf.com\\\/portal\\\/ninas-de-10-anos-son-acusadas-de-planear-el-asesinato-de-un-companero-en-arizona\\\/\",\"url\":\"https:\\\/\\\/webdelmaestrocmf.com\\\/portal\\\/ninas-de-10-anos-son-acusadas-de-planear-el-asesinato-de-un-companero-en-arizona\\\/\",\"name\":\"Ni\u00f1as de 10 a\u00f1os son acusadas de planear el asesinato de un compa\u00f1ero en Arizona - 2026\",\"isPartOf\":{\"@id\":\"https:\\\/\\\/webdelmaestrocmf.com\\\/portal\\\/#website\"},\"primaryImageOfPage\":{\"@id\":\"https:\\\/\\\/webdelmaestrocmf.com\\\/portal\\\/ninas-de-10-anos-son-acusadas-de-planear-el-asesinato-de-un-companero-en-arizona\\\/#primaryimage\"},\"image\":{\"@id\":\"https:\\\/\\\/webdelmaestrocmf.com\\\/portal\\\/ninas-de-10-anos-son-acusadas-de-planear-el-asesinato-de-un-companero-en-arizona\\\/#primaryimage\"},\"thumbnailUrl\":\"https:\\\/\\\/webdelmaestrocmf.com\\\/portal\\\/wp-content\\\/uploads\\\/2025\\\/06\\\/1A-Banner-1-portada-imagen-10-1-copia-32.jpg\",\"datePublished\":\"2025-06-27T21:56:03+00:00\",\"dateModified\":\"2025-06-28T01:07:36+00:00\",\"description\":\"Luego de que la polic\u00eda informara la detenci\u00f3n de cuatro ni\u00f1as de entre 10 y 11 a\u00f1os, estudiantes de quinto grado, acusadas de planear...\",\"breadcrumb\":{\"@id\":\"https:\\\/\\\/webdelmaestrocmf.com\\\/portal\\\/ninas-de-10-anos-son-acusadas-de-planear-el-asesinato-de-un-companero-en-arizona\\\/#breadcrumb\"},\"inLanguage\":\"es\",\"potentialAction\":[{\"@type\":\"ReadAction\",\"target\":[\"https:\\\/\\\/webdelmaestrocmf.com\\\/portal\\\/ninas-de-10-anos-son-acusadas-de-planear-el-asesinato-de-un-companero-en-arizona\\\/\"]}]},{\"@type\":\"ImageObject\",\"inLanguage\":\"es\",\"@id\":\"https:\\\/\\\/webdelmaestrocmf.com\\\/portal\\\/ninas-de-10-anos-son-acusadas-de-planear-el-asesinato-de-un-companero-en-arizona\\\/#primaryimage\",\"url\":\"https:\\\/\\\/webdelmaestrocmf.com\\\/portal\\\/wp-content\\\/uploads\\\/2025\\\/06\\\/1A-Banner-1-portada-imagen-10-1-copia-32.jpg\",\"contentUrl\":\"https:\\\/\\\/webdelmaestrocmf.com\\\/portal\\\/wp-content\\\/uploads\\\/2025\\\/06\\\/1A-Banner-1-portada-imagen-10-1-copia-32.jpg\",\"width\":1003,\"height\":667},{\"@type\":\"BreadcrumbList\",\"@id\":\"https:\\\/\\\/webdelmaestrocmf.com\\\/portal\\\/ninas-de-10-anos-son-acusadas-de-planear-el-asesinato-de-un-companero-en-arizona\\\/#breadcrumb\",\"itemListElement\":[{\"@type\":\"ListItem\",\"position\":1,\"name\":\"Portada\",\"item\":\"https:\\\/\\\/webdelmaestrocmf.com\\\/portal\\\/\"},{\"@type\":\"ListItem\",\"position\":2,\"name\":\"Noticias Internacionales\",\"item\":\"https:\\\/\\\/webdelmaestrocmf.com\\\/portal\\\/category\\\/noticias-internacionales\\\/\"},{\"@type\":\"ListItem\",\"position\":3,\"name\":\"Ni\u00f1as de 10 a\u00f1os son acusadas de planear el asesinato de un compa\u00f1ero en Arizona\"}]},{\"@type\":\"WebSite\",\"@id\":\"https:\\\/\\\/webdelmaestrocmf.com\\\/portal\\\/#website\",\"url\":\"https:\\\/\\\/webdelmaestrocmf.com\\\/portal\\\/\",\"name\":\"Web del Maestro CMF\",\"description\":\"Maestros al servicio de la educaci\u00f3n\",\"publisher\":{\"@id\":\"https:\\\/\\\/webdelmaestrocmf.com\\\/portal\\\/#organization\"},\"alternateName\":\"WMCMF\",\"potentialAction\":[{\"@type\":\"SearchAction\",\"target\":{\"@type\":\"EntryPoint\",\"urlTemplate\":\"https:\\\/\\\/webdelmaestrocmf.com\\\/portal\\\/?s={search_term_string}\"},\"query-input\":{\"@type\":\"PropertyValueSpecification\",\"valueRequired\":true,\"valueName\":\"search_term_string\"}}],\"inLanguage\":\"es\"},{\"@type\":\"Organization\",\"@id\":\"https:\\\/\\\/webdelmaestrocmf.com\\\/portal\\\/#organization\",\"name\":\"Web del Maestro CMF\",\"alternateName\":\"WMCMF\",\"url\":\"https:\\\/\\\/webdelmaestrocmf.com\\\/portal\\\/\",\"logo\":{\"@type\":\"ImageObject\",\"inLanguage\":\"es\",\"@id\":\"https:\\\/\\\/webdelmaestrocmf.com\\\/portal\\\/#\\\/schema\\\/logo\\\/image\\\/\",\"url\":\"https:\\\/\\\/webdelmaestrocmf.com\\\/portal\\\/wp-content\\\/uploads\\\/2023\\\/01\\\/logo-wmcmf-2.png\",\"contentUrl\":\"https:\\\/\\\/webdelmaestrocmf.com\\\/portal\\\/wp-content\\\/uploads\\\/2023\\\/01\\\/logo-wmcmf-2.png\",\"width\":200,\"height\":60,\"caption\":\"Web del Maestro CMF\"},\"image\":{\"@id\":\"https:\\\/\\\/webdelmaestrocmf.com\\\/portal\\\/#\\\/schema\\\/logo\\\/image\\\/\"},\"sameAs\":[\"https:\\\/\\\/www.facebook.com\\\/WebdelMaestroCMF\\\/\",\"https:\\\/\\\/x.com\\\/cmf_w\",\"https:\\\/\\\/www.pinterest.com\\\/WMCMF\\\/\",\"https:\\\/\\\/www.linkedin.com\\\/company\\\/web-del-maestro-cmf\\\/\",\"https:\\\/\\\/www.instagram.com\\\/wmcmf\\\/\",\"https:\\\/\\\/www.youtube.com\\\/channel\\\/UCDPSvjbdodE5sHnC3OxutHw\",\"https:\\\/\\\/mastodon.social\\\/@wmcmf\",\"https:\\\/\\\/www.tiktok.com\\\/@webdelmaestrocmf\"]},{\"@type\":\"Person\",\"@id\":\"https:\\\/\\\/webdelmaestrocmf.com\\\/portal\\\/#\\\/schema\\\/person\\\/1072a2ed7bd960df8ef99a551fa35dc5\",\"name\":\"Web del Maestro CMF\",\"image\":{\"@type\":\"ImageObject\",\"inLanguage\":\"es\",\"@id\":\"https:\\\/\\\/secure.gravatar.com\\\/avatar\\\/23291dd5b5ae1077dcff3dbb04c3e02bd28403fa75af6d8787d5e97c5bbbe30b?s=96&d=mm&r=g\",\"url\":\"https:\\\/\\\/secure.gravatar.com\\\/avatar\\\/23291dd5b5ae1077dcff3dbb04c3e02bd28403fa75af6d8787d5e97c5bbbe30b?s=96&d=mm&r=g\",\"contentUrl\":\"https:\\\/\\\/secure.gravatar.com\\\/avatar\\\/23291dd5b5ae1077dcff3dbb04c3e02bd28403fa75af6d8787d5e97c5bbbe30b?s=96&d=mm&r=g\",\"caption\":\"Web del Maestro CMF\"},\"description\":\"Esta Web se cre\u00f3 sin fines de lucro, con fines educativos, cient\u00edficos y acad\u00e9micos, para personas que tengan dificultades y\\\/o inconvenientes en visualizar el material original. El objetivo es entregar recursos, compartir experiencias y materiales que ayuden a los padres de familia, maestros y estudiantes en su actualizaci\u00f3n y formaci\u00f3n permanente, en bien de la Educaci\u00f3n.\",\"sameAs\":[\"http:\\\/\\\/webdelmaestrocmf.com\\\/portal\",\"https:\\\/\\\/www.facebook.com\\\/WebdelMaestroCMF\\\/\",\"https:\\\/\\\/www.instagram.com\\\/wmcmf\\\/\",\"https:\\\/\\\/cl.linkedin.com\\\/company\\\/web-del-maestro-cmf\",\"https:\\\/\\\/www.pinterest.com\\\/WMCMF\\\/publicaciones\\\/\",\"https:\\\/\\\/x.com\\\/cmf_w\",\"https:\\\/\\\/www.youtube.com\\\/@WMCMF\"]}]}<\/script>\n<!-- \/ Yoast SEO plugin. -->","yoast_head_json":{"title":"Ni\u00f1as de 10 a\u00f1os son acusadas de planear el asesinato de un compa\u00f1ero en Arizona - 2026","description":"Luego de que la polic\u00eda informara la detenci\u00f3n de cuatro ni\u00f1as de entre 10 y 11 a\u00f1os, estudiantes de quinto grado, acusadas de planear...","robots":{"index":"index","follow":"follow","max-snippet":"max-snippet:-1","max-image-preview":"max-image-preview:large","max-video-preview":"max-video-preview:-1"},"canonical":"https:\/\/webdelmaestrocmf.com\/portal\/ninas-de-10-anos-son-acusadas-de-planear-el-asesinato-de-un-companero-en-arizona\/","og_locale":"es_ES","og_type":"article","og_title":"Ni\u00f1as de 10 a\u00f1os son acusadas de planear el asesinato de un compa\u00f1ero en Arizona - 2026","og_description":"Luego de que la polic\u00eda informara la detenci\u00f3n de cuatro ni\u00f1as de entre 10 y 11 a\u00f1os, estudiantes de quinto grado, acusadas de planear...","og_url":"https:\/\/webdelmaestrocmf.com\/portal\/ninas-de-10-anos-son-acusadas-de-planear-el-asesinato-de-un-companero-en-arizona\/","og_site_name":"Web del Maestro CMF","article_publisher":"https:\/\/www.facebook.com\/WebdelMaestroCMF\/","article_author":"https:\/\/www.facebook.com\/WebdelMaestroCMF\/","article_published_time":"2025-06-27T21:56:03+00:00","article_modified_time":"2025-06-28T01:07:36+00:00","og_image":[{"width":1003,"height":667,"url":"https:\/\/webdelmaestrocmf.com\/portal\/wp-content\/uploads\/2025\/06\/1A-Banner-1-portada-imagen-10-1-copia-32.jpg","type":"image\/jpeg"}],"author":"Web del Maestro CMF","twitter_card":"summary_large_image","twitter_creator":"@cmf_w","twitter_site":"@cmf_w","schema":{"@context":"https:\/\/schema.org","@graph":[{"@type":"ScholarlyArticle","@id":"https:\/\/webdelmaestrocmf.com\/portal\/ninas-de-10-anos-son-acusadas-de-planear-el-asesinato-de-un-companero-en-arizona\/#article","isPartOf":{"@id":"https:\/\/webdelmaestrocmf.com\/portal\/ninas-de-10-anos-son-acusadas-de-planear-el-asesinato-de-un-companero-en-arizona\/"},"author":{"name":"Web del Maestro CMF","@id":"https:\/\/webdelmaestrocmf.com\/portal\/#\/schema\/person\/1072a2ed7bd960df8ef99a551fa35dc5"},"headline":"Ni\u00f1as de 10 a\u00f1os son acusadas de planear el asesinato de un compa\u00f1ero en Arizona","datePublished":"2025-06-27T21:56:03+00:00","dateModified":"2025-06-28T01:07:36+00:00","mainEntityOfPage":{"@id":"https:\/\/webdelmaestrocmf.com\/portal\/ninas-de-10-anos-son-acusadas-de-planear-el-asesinato-de-un-companero-en-arizona\/"},"wordCount":415,"commentCount":0,"publisher":{"@id":"https:\/\/webdelmaestrocmf.com\/portal\/#organization"},"image":{"@id":"https:\/\/webdelmaestrocmf.com\/portal\/ninas-de-10-anos-son-acusadas-de-planear-el-asesinato-de-un-companero-en-arizona\/#primaryimage"},"thumbnailUrl":"https:\/\/webdelmaestrocmf.com\/portal\/wp-content\/uploads\/2025\/06\/1A-Banner-1-portada-imagen-10-1-copia-32.jpg","keywords":["Arizona","asesinato frustrado","ni\u00f1as de 10 a\u00f1os","Violencia escolar"],"articleSection":["Noticias Internacionales"],"inLanguage":"es","potentialAction":[{"@type":"CommentAction","name":"Comment","target":["https:\/\/webdelmaestrocmf.com\/portal\/ninas-de-10-anos-son-acusadas-de-planear-el-asesinato-de-un-companero-en-arizona\/#respond"]}]},{"@type":"WebPage","@id":"https:\/\/webdelmaestrocmf.com\/portal\/ninas-de-10-anos-son-acusadas-de-planear-el-asesinato-de-un-companero-en-arizona\/","url":"https:\/\/webdelmaestrocmf.com\/portal\/ninas-de-10-anos-son-acusadas-de-planear-el-asesinato-de-un-companero-en-arizona\/","name":"Ni\u00f1as de 10 a\u00f1os son acusadas de planear el asesinato de un compa\u00f1ero en Arizona - 2026","isPartOf":{"@id":"https:\/\/webdelmaestrocmf.com\/portal\/#website"},"primaryImageOfPage":{"@id":"https:\/\/webdelmaestrocmf.com\/portal\/ninas-de-10-anos-son-acusadas-de-planear-el-asesinato-de-un-companero-en-arizona\/#primaryimage"},"image":{"@id":"https:\/\/webdelmaestrocmf.com\/portal\/ninas-de-10-anos-son-acusadas-de-planear-el-asesinato-de-un-companero-en-arizona\/#primaryimage"},"thumbnailUrl":"https:\/\/webdelmaestrocmf.com\/portal\/wp-content\/uploads\/2025\/06\/1A-Banner-1-portada-imagen-10-1-copia-32.jpg","datePublished":"2025-06-27T21:56:03+00:00","dateModified":"2025-06-28T01:07:36+00:00","description":"Luego de que la polic\u00eda informara la detenci\u00f3n de cuatro ni\u00f1as de entre 10 y 11 a\u00f1os, estudiantes de quinto grado, acusadas de planear...","breadcrumb":{"@id":"https:\/\/webdelmaestrocmf.com\/portal\/ninas-de-10-anos-son-acusadas-de-planear-el-asesinato-de-un-companero-en-arizona\/#breadcrumb"},"inLanguage":"es","potentialAction":[{"@type":"ReadAction","target":["https:\/\/webdelmaestrocmf.com\/portal\/ninas-de-10-anos-son-acusadas-de-planear-el-asesinato-de-un-companero-en-arizona\/"]}]},{"@type":"ImageObject","inLanguage":"es","@id":"https:\/\/webdelmaestrocmf.com\/portal\/ninas-de-10-anos-son-acusadas-de-planear-el-asesinato-de-un-companero-en-arizona\/#primaryimage","url":"https:\/\/webdelmaestrocmf.com\/portal\/wp-content\/uploads\/2025\/06\/1A-Banner-1-portada-imagen-10-1-copia-32.jpg","contentUrl":"https:\/\/webdelmaestrocmf.com\/portal\/wp-content\/uploads\/2025\/06\/1A-Banner-1-portada-imagen-10-1-copia-32.jpg","width":1003,"height":667},{"@type":"BreadcrumbList","@id":"https:\/\/webdelmaestrocmf.com\/portal\/ninas-de-10-anos-son-acusadas-de-planear-el-asesinato-de-un-companero-en-arizona\/#breadcrumb","itemListElement":[{"@type":"ListItem","position":1,"name":"Portada","item":"https:\/\/webdelmaestrocmf.com\/portal\/"},{"@type":"ListItem","position":2,"name":"Noticias Internacionales","item":"https:\/\/webdelmaestrocmf.com\/portal\/category\/noticias-internacionales\/"},{"@type":"ListItem","position":3,"name":"Ni\u00f1as de 10 a\u00f1os son acusadas de planear el asesinato de un compa\u00f1ero en Arizona"}]},{"@type":"WebSite","@id":"https:\/\/webdelmaestrocmf.com\/portal\/#website","url":"https:\/\/webdelmaestrocmf.com\/portal\/","name":"Web del Maestro CMF","description":"Maestros al servicio de la educaci\u00f3n","publisher":{"@id":"https:\/\/webdelmaestrocmf.com\/portal\/#organization"},"alternateName":"WMCMF","potentialAction":[{"@type":"SearchAction","target":{"@type":"EntryPoint","urlTemplate":"https:\/\/webdelmaestrocmf.com\/portal\/?s={search_term_string}"},"query-input":{"@type":"PropertyValueSpecification","valueRequired":true,"valueName":"search_term_string"}}],"inLanguage":"es"},{"@type":"Organization","@id":"https:\/\/webdelmaestrocmf.com\/portal\/#organization","name":"Web del Maestro CMF","alternateName":"WMCMF","url":"https:\/\/webdelmaestrocmf.com\/portal\/","logo":{"@type":"ImageObject","inLanguage":"es","@id":"https:\/\/webdelmaestrocmf.com\/portal\/#\/schema\/logo\/image\/","url":"https:\/\/webdelmaestrocmf.com\/portal\/wp-content\/uploads\/2023\/01\/logo-wmcmf-2.png","contentUrl":"https:\/\/webdelmaestrocmf.com\/portal\/wp-content\/uploads\/2023\/01\/logo-wmcmf-2.png","width":200,"height":60,"caption":"Web del Maestro CMF"},"image":{"@id":"https:\/\/webdelmaestrocmf.com\/portal\/#\/schema\/logo\/image\/"},"sameAs":["https:\/\/www.facebook.com\/WebdelMaestroCMF\/","https:\/\/x.com\/cmf_w","https:\/\/www.pinterest.com\/WMCMF\/","https:\/\/www.linkedin.com\/company\/web-del-maestro-cmf\/","https:\/\/www.instagram.com\/wmcmf\/","https:\/\/www.youtube.com\/channel\/UCDPSvjbdodE5sHnC3OxutHw","https:\/\/mastodon.social\/@wmcmf","https:\/\/www.tiktok.com\/@webdelmaestrocmf"]},{"@type":"Person","@id":"https:\/\/webdelmaestrocmf.com\/portal\/#\/schema\/person\/1072a2ed7bd960df8ef99a551fa35dc5","name":"Web del Maestro CMF","image":{"@type":"ImageObject","inLanguage":"es","@id":"https:\/\/secure.gravatar.com\/avatar\/23291dd5b5ae1077dcff3dbb04c3e02bd28403fa75af6d8787d5e97c5bbbe30b?s=96&d=mm&r=g","url":"https:\/\/secure.gravatar.com\/avatar\/23291dd5b5ae1077dcff3dbb04c3e02bd28403fa75af6d8787d5e97c5bbbe30b?s=96&d=mm&r=g","contentUrl":"https:\/\/secure.gravatar.com\/avatar\/23291dd5b5ae1077dcff3dbb04c3e02bd28403fa75af6d8787d5e97c5bbbe30b?s=96&d=mm&r=g","caption":"Web del Maestro CMF"},"description":"Esta Web se cre\u00f3 sin fines de lucro, con fines educativos, cient\u00edficos y acad\u00e9micos, para personas que tengan dificultades y\/o inconvenientes en visualizar el material original. El objetivo es entregar recursos, compartir experiencias y materiales que ayuden a los padres de familia, maestros y estudiantes en su actualizaci\u00f3n y formaci\u00f3n permanente, en bien de la Educaci\u00f3n.","sameAs":["http:\/\/webdelmaestrocmf.com\/portal","https:\/\/www.facebook.com\/WebdelMaestroCMF\/","https:\/\/www.instagram.com\/wmcmf\/","https:\/\/cl.linkedin.com\/company\/web-del-maestro-cmf","https:\/\/www.pinterest.com\/WMCMF\/publicaciones\/","https:\/\/x.com\/cmf_w","https:\/\/www.youtube.com\/@WMCMF"]}]}},"jetpack_featured_media_url":"https:\/\/webdelmaestrocmf.com\/portal\/wp-content\/uploads\/2025\/06\/1A-Banner-1-portada-imagen-10-1-copia-32.jpg","jetpack_sharing_enabled":true,"jetpack-related-posts":[{"id":88485,"url":"https:\/\/webdelmaestrocmf.com\/portal\/un-estudiante-de-13-anos-mata-a-tiros-a-ocho-alumnos-y-un-vigilante-en-un-colegio-de-serbia\/","url_meta":{"origin":110631,"position":0},"title":"Un estudiante de 13 a\u00f1os mata a tiros a ocho alumnos y un vigilante en un colegio de Serbia","author":"Web del Maestro CMF","date":"4 mayo, 2023","format":false,"excerpt":"Primero dispar\u00f3 contra el vigilante del colegio, que intent\u00f3 interponerse en su camino. Una vez muerto, dispar\u00f3 a tres ni\u00f1as en un pasillo del centro escolar. Luego abri\u00f3 fuego contra su profesora y contra los compa\u00f1eros de su clase. En total, en esta jornada tr\u00e1gica en Belgrado, capital de Serbia,\u2026","rel":"","context":"En \u00abNoticias\u00bb","block_context":{"text":"Noticias","link":"https:\/\/webdelmaestrocmf.com\/portal\/category\/pedagogia\/noticias-pedagogia\/"},"img":{"alt_text":"","src":"https:\/\/i0.wp.com\/webdelmaestrocmf.com\/portal\/wp-content\/uploads\/2021\/02\/luto.jpg?resize=350%2C200&ssl=1","width":350,"height":200,"srcset":"https:\/\/i0.wp.com\/webdelmaestrocmf.com\/portal\/wp-content\/uploads\/2021\/02\/luto.jpg?resize=350%2C200&ssl=1 1x, https:\/\/i0.wp.com\/webdelmaestrocmf.com\/portal\/wp-content\/uploads\/2021\/02\/luto.jpg?resize=525%2C300&ssl=1 1.5x, https:\/\/i0.wp.com\/webdelmaestrocmf.com\/portal\/wp-content\/uploads\/2021\/02\/luto.jpg?resize=700%2C400&ssl=1 2x, https:\/\/i0.wp.com\/webdelmaestrocmf.com\/portal\/wp-content\/uploads\/2021\/02\/luto.jpg?resize=1050%2C600&ssl=1 3x"},"classes":[]},{"id":111591,"url":"https:\/\/webdelmaestrocmf.com\/portal\/grave-denuncia-en-escuela-de-los-lagos-educadora-es-acusada-de-encerrar-a-nino-de-5-anos-en-una-caja-y-sentarse-encima\/","url_meta":{"origin":110631,"position":1},"title":"Grave denuncia en escuela de Los Lagos: educadora es acusada de encerrar a ni\u00f1o de 5 a\u00f1os en una caja y sentarse encima","author":"Web del Maestro CMF","date":"29 julio, 2025","format":false,"excerpt":"Educadora es acusada de encerrar a un ni\u00f1o en una caja y sentarse encima, frente a toda la clase.","rel":"","context":"En \u00abNoticias Internacionales\u00bb","block_context":{"text":"Noticias Internacionales","link":"https:\/\/webdelmaestrocmf.com\/portal\/category\/noticias-internacionales\/"},"img":{"alt_text":"","src":"https:\/\/i0.wp.com\/webdelmaestrocmf.com\/portal\/wp-content\/uploads\/2025\/07\/1A-Banner-1-portada-imagen-10-1-copia-87.webp?resize=350%2C200&ssl=1","width":350,"height":200,"srcset":"https:\/\/i0.wp.com\/webdelmaestrocmf.com\/portal\/wp-content\/uploads\/2025\/07\/1A-Banner-1-portada-imagen-10-1-copia-87.webp?resize=350%2C200&ssl=1 1x, https:\/\/i0.wp.com\/webdelmaestrocmf.com\/portal\/wp-content\/uploads\/2025\/07\/1A-Banner-1-portada-imagen-10-1-copia-87.webp?resize=525%2C300&ssl=1 1.5x, https:\/\/i0.wp.com\/webdelmaestrocmf.com\/portal\/wp-content\/uploads\/2025\/07\/1A-Banner-1-portada-imagen-10-1-copia-87.webp?resize=700%2C400&ssl=1 2x"},"classes":[]},{"id":112027,"url":"https:\/\/webdelmaestrocmf.com\/portal\/nino-jugaba-a-tocar-el-timbre-y-correr-un-hombre-salio-de-su-casa-enojado-le-disparo-y-lo-mato\/","url_meta":{"origin":110631,"position":2},"title":"Ni\u00f1o jugaba a tocar el timbre y correr: Un hombre sali\u00f3 de su casa enojado, le dispar\u00f3 y lo mat\u00f3","author":"Web del Maestro CMF","date":"10 septiembre, 2025","format":false,"excerpt":"Juli\u00e1n Guzm\u00e1n\u00a0jugaba a \"tocar el timbre y correr\" con unos amigos por el barrio, cuando de pronto\u00a0un hombre sali\u00f3 de una casa y en cosa de segundos abri\u00f3 fuego en contra del menor de edad.","rel":"","context":"En \u00abNoticias Internacionales\u00bb","block_context":{"text":"Noticias Internacionales","link":"https:\/\/webdelmaestrocmf.com\/portal\/category\/noticias-internacionales\/"},"img":{"alt_text":"","src":"https:\/\/i0.wp.com\/webdelmaestrocmf.com\/portal\/wp-content\/uploads\/2025\/09\/1A-Banner-1-portada-imagen-10-1-copia-2025-09-10T134511.372.webp?resize=350%2C200&ssl=1","width":350,"height":200,"srcset":"https:\/\/i0.wp.com\/webdelmaestrocmf.com\/portal\/wp-content\/uploads\/2025\/09\/1A-Banner-1-portada-imagen-10-1-copia-2025-09-10T134511.372.webp?resize=350%2C200&ssl=1 1x, https:\/\/i0.wp.com\/webdelmaestrocmf.com\/portal\/wp-content\/uploads\/2025\/09\/1A-Banner-1-portada-imagen-10-1-copia-2025-09-10T134511.372.webp?resize=525%2C300&ssl=1 1.5x, https:\/\/i0.wp.com\/webdelmaestrocmf.com\/portal\/wp-content\/uploads\/2025\/09\/1A-Banner-1-portada-imagen-10-1-copia-2025-09-10T134511.372.webp?resize=700%2C400&ssl=1 2x"},"classes":[]},{"id":115126,"url":"https:\/\/webdelmaestrocmf.com\/portal\/madre-corrige-a-su-hijo-por-insultar-a-su-profesor-y-molestar-a-sus-companeras\/","url_meta":{"origin":110631,"position":3},"title":"Madre corrige a su hijo por insultar a su profesor y molestar a sus compa\u00f1eras","author":"Web del Maestro CMF","date":"4 febrero, 2026","format":false,"excerpt":"Madre admite haber corregido f\u00edsicamente a su hijo de 12 a\u00f1os tras denuncias de insultos a un profesor: \u201c...prefiere corregirlo ahora antes de que se convierta en un delincuente en el futuro\u201d.","rel":"","context":"En \u00abNoticias Internacionales\u00bb","block_context":{"text":"Noticias Internacionales","link":"https:\/\/webdelmaestrocmf.com\/portal\/category\/noticias-internacionales\/"},"img":{"alt_text":"","src":"https:\/\/i0.wp.com\/webdelmaestrocmf.com\/portal\/wp-content\/uploads\/2026\/02\/1A-Banner-1-portada-imagen-10-1-copia-6.webp?resize=350%2C200&ssl=1","width":350,"height":200,"srcset":"https:\/\/i0.wp.com\/webdelmaestrocmf.com\/portal\/wp-content\/uploads\/2026\/02\/1A-Banner-1-portada-imagen-10-1-copia-6.webp?resize=350%2C200&ssl=1 1x, https:\/\/i0.wp.com\/webdelmaestrocmf.com\/portal\/wp-content\/uploads\/2026\/02\/1A-Banner-1-portada-imagen-10-1-copia-6.webp?resize=525%2C300&ssl=1 1.5x, https:\/\/i0.wp.com\/webdelmaestrocmf.com\/portal\/wp-content\/uploads\/2026\/02\/1A-Banner-1-portada-imagen-10-1-copia-6.webp?resize=700%2C400&ssl=1 2x"},"classes":[]},{"id":116566,"url":"https:\/\/webdelmaestrocmf.com\/portal\/violencia-en-la-escuela-el-asesinato-de-la-profesora-elisabeth-tenreiro-y-la-urgencia-de-reforzar-la-seguridad-educativa\/","url_meta":{"origin":110631,"position":4},"title":"Violencia en la escuela: el asesinato de la profesora Elisabeth Tenreiro y la urgencia de reforzar la seguridad educativa","author":"Web del Maestro CMF","date":"18 marzo, 2026","format":false,"excerpt":"La maestra fue atacada con extrema violencia (pu\u00f1aladas en la espalda y la cabeza). Alcanz\u00f3 a ser trasladada al hospital, pero muri\u00f3 por la gravedad de las heridas.","rel":"","context":"En \u00abNoticias Internacionales\u00bb","block_context":{"text":"Noticias Internacionales","link":"https:\/\/webdelmaestrocmf.com\/portal\/category\/noticias-internacionales\/"},"img":{"alt_text":"","src":"https:\/\/i0.wp.com\/webdelmaestrocmf.com\/portal\/wp-content\/uploads\/2026\/03\/1AA-Banner-1-portada-imagen-10-1-copia-8-1.webp?resize=350%2C200&ssl=1","width":350,"height":200,"srcset":"https:\/\/i0.wp.com\/webdelmaestrocmf.com\/portal\/wp-content\/uploads\/2026\/03\/1AA-Banner-1-portada-imagen-10-1-copia-8-1.webp?resize=350%2C200&ssl=1 1x, https:\/\/i0.wp.com\/webdelmaestrocmf.com\/portal\/wp-content\/uploads\/2026\/03\/1AA-Banner-1-portada-imagen-10-1-copia-8-1.webp?resize=525%2C300&ssl=1 1.5x, https:\/\/i0.wp.com\/webdelmaestrocmf.com\/portal\/wp-content\/uploads\/2026\/03\/1AA-Banner-1-portada-imagen-10-1-copia-8-1.webp?resize=700%2C400&ssl=1 2x, https:\/\/i0.wp.com\/webdelmaestrocmf.com\/portal\/wp-content\/uploads\/2026\/03\/1AA-Banner-1-portada-imagen-10-1-copia-8-1.webp?resize=1050%2C600&ssl=1 3x"},"classes":[]},{"id":116883,"url":"https:\/\/webdelmaestrocmf.com\/portal\/en-dos-episodios-diferentes-maestras-fueron-agredidas-por-grupos-de-padres-que-las-acusaban-de-haber-maltratado-a-sus-hijos\/","url_meta":{"origin":110631,"position":5},"title":"En dos episodios diferentes, maestras fueron agredidas por grupos de padres que las acusaban de haber maltratado a sus hijos","author":"Web del Maestro CMF","date":"24 marzo, 2026","format":false,"excerpt":"La violencia contra docentes revela una crisis en la relaci\u00f3n escuela-familia, donde la desinformaci\u00f3n, la deslegitimaci\u00f3n y la reacci\u00f3n impulsiva reemplazan el di\u00e1logo, debilitando el respeto y la convivencia educativa.","rel":"","context":"En \u00abNoticias Internacionales\u00bb","block_context":{"text":"Noticias Internacionales","link":"https:\/\/webdelmaestrocmf.com\/portal\/category\/noticias-internacionales\/"},"img":{"alt_text":"","src":"https:\/\/i0.wp.com\/webdelmaestrocmf.com\/portal\/wp-content\/uploads\/2026\/03\/1AA-Banner-1-portada-imagen-10-1-copia-25.webp?resize=350%2C200&ssl=1","width":350,"height":200,"srcset":"https:\/\/i0.wp.com\/webdelmaestrocmf.com\/portal\/wp-content\/uploads\/2026\/03\/1AA-Banner-1-portada-imagen-10-1-copia-25.webp?resize=350%2C200&ssl=1 1x, https:\/\/i0.wp.com\/webdelmaestrocmf.com\/portal\/wp-content\/uploads\/2026\/03\/1AA-Banner-1-portada-imagen-10-1-copia-25.webp?resize=525%2C300&ssl=1 1.5x, https:\/\/i0.wp.com\/webdelmaestrocmf.com\/portal\/wp-content\/uploads\/2026\/03\/1AA-Banner-1-portada-imagen-10-1-copia-25.webp?resize=700%2C400&ssl=1 2x, https:\/\/i0.wp.com\/webdelmaestrocmf.com\/portal\/wp-content\/uploads\/2026\/03\/1AA-Banner-1-portada-imagen-10-1-copia-25.webp?resize=1050%2C600&ssl=1 3x"},"classes":[]}],"_links":{"self":[{"href":"https:\/\/webdelmaestrocmf.com\/portal\/wp-json\/wp\/v2\/posts\/110631","targetHints":{"allow":["GET"]}}],"collection":[{"href":"https:\/\/webdelmaestrocmf.com\/portal\/wp-json\/wp\/v2\/posts"}],"about":[{"href":"https:\/\/webdelmaestrocmf.com\/portal\/wp-json\/wp\/v2\/types\/post"}],"author":[{"embeddable":true,"href":"https:\/\/webdelmaestrocmf.com\/portal\/wp-json\/wp\/v2\/users\/1"}],"replies":[{"embeddable":true,"href":"https:\/\/webdelmaestrocmf.com\/portal\/wp-json\/wp\/v2\/comments?post=110631"}],"version-history":[{"count":3,"href":"https:\/\/webdelmaestrocmf.com\/portal\/wp-json\/wp\/v2\/posts\/110631\/revisions"}],"predecessor-version":[{"id":110648,"href":"https:\/\/webdelmaestrocmf.com\/portal\/wp-json\/wp\/v2\/posts\/110631\/revisions\/110648"}],"wp:featuredmedia":[{"embeddable":true,"href":"https:\/\/webdelmaestrocmf.com\/portal\/wp-json\/wp\/v2\/media\/110632"}],"wp:attachment":[{"href":"https:\/\/webdelmaestrocmf.com\/portal\/wp-json\/wp\/v2\/media?parent=110631"}],"wp:term":[{"taxonomy":"category","embeddable":true,"href":"https:\/\/webdelmaestrocmf.com\/portal\/wp-json\/wp\/v2\/categories?post=110631"},{"taxonomy":"post_tag","embeddable":true,"href":"https:\/\/webdelmaestrocmf.com\/portal\/wp-json\/wp\/v2\/tags?post=110631"}],"curies":[{"name":"wp","href":"https:\/\/api.w.org\/{rel}","templated":true}]}}